{"id":64165,"date":"2023-01-27T10:39:56","date_gmt":"2023-01-27T09:39:56","guid":{"rendered":"https:\/\/conversesacatalunya.cat\/?p=64165"},"modified":"2023-01-31T11:12:52","modified_gmt":"2023-01-31T10:12:52","slug":"defensa-del-pla-cerda","status":"publish","type":"post","link":"https:\/\/conversesacatalunya.cat\/es\/defensa-del-pla-cerda\/","title":{"rendered":"\u00bfTiene sentido deconstruir Barcelona? En defensa del Plan Cerd\u00e0"},"content":{"rendered":"<p>Con la participaci\u00f3n de <strong>expertos en urbanismo, movimiento ciudadano y movilidad<\/strong> se pretende valorar el conjunto de las pol\u00edticas urban\u00edsticas impulsadas por el ayuntamiento de Barcelona y su impacto en el tejido urbano, en la ruptura de la homogeneidad vial, en los cambios sufridos en la movilidad.<\/p>\n<p>Las supermanzanas, los ejes verdes, la conexi\u00f3n del tranv\u00eda y en general la lucha contra el autom\u00f3vil afectan a la vida pr\u00e1ctica de los vecinos y amenaza el car\u00e1cter metropolitano de Barcelona.<\/p>\n<p>En este contexto,<a href=\"https:\/\/barcelonadf.com\/\" target=\"_blank\" rel=\"noopener\"><strong> Barcelona Distrito Federal<\/strong> <\/a>(BDF) busca debatir alternativas para la construcci\u00f3n de una ciudad amable que se reconozca en el actual tejido metropolitano y acepte su historia como elemento de identidad necesario para construir su futuro.<\/p>\n<h4><strong>Se ha organizado un debate en Barcelona:<\/strong><\/h4>\n<p><strong><span style=\"color: #0000ff;\">Lugar:<\/span> <\/strong>Centro C\u00edvico Pati Llimona (calle del Regomir, 3, 08002 &#8211; Barcelona)<\/p>\n<p><strong><span style=\"color: #0000ff;\">Hora:<\/span><\/strong> 18,30 h.<\/p>\n<p><strong><span style=\"color: #0000ff;\">D\u00eda:<\/span><\/strong> mi\u00e9rcoles, 15 de febrero.<\/p>\n<p><strong>INTERVENDR\u00c1N:\u00a0<\/strong><\/p>\n<ul>\n<li><strong>Josep Mir\u00f3 i Ard\u00e8vol<\/strong>, exconseller de la Generalitat y exregidor de l&#8217;Ajuntament de Barcelona.<\/li>\n<li><strong>Ramon Garcia Bragado<\/strong>, abogado, exregidor y tinent d&#8217;alcalde de l&#8217;Ajuntament de Barcelona.<\/li>\n<li><strong>Cristian Bardaj\u00ed<\/strong>, director del \u00e1rea de movilidad del RACC<\/li>\n<\/ul>\n<p>Animamos a todo el mundo a participar en este acto que va en l\u00ednea con la <a href=\"https:\/\/conversesacatalunya.cat\/es\/salvem-el-pla-cerda-i-leixample\/\" target=\"_blank\" rel=\"noopener\"><strong><em>Declaraci\u00f3n sobre Barcelona: Salvemos el Pla Cerd\u00e0. Salvemos el Eixample<\/em><\/strong><\/a> que ha presentado <strong><em>Converses a Catalunya.<\/em><\/strong><\/p>\n<p>Confirmaci\u00f3n de asistencia en:\u00a0 barcelonadistrictefederal@gmail.com<\/p>\n<div id=\"polls-183\" class=\"wp-polls\">\n\t<form id=\"polls_form_183\" class=\"wp-polls-form\" action=\"\/index.php\" method=\"post\">\n\t\t<p style=\"display: none;\"><input type=\"hidden\" id=\"poll_183_nonce\" name=\"wp-polls-nonce\" value=\"ea76afb001\" \/><\/p>\n\t\t<p style=\"display: none;\"><input type=\"hidden\" name=\"poll_id\" value=\"183\" \/><\/p>\n\t\t<p style=\"text-align: center\"><strong>\u00c9s cre\u00efble que Collboni sigui l'alternativa a Colau despr\u00e9s de tants anys governant amb ella?<\/strong><\/p><div id=\"polls-183-ans\" class=\"wp-polls-ans\"><ul class=\"wp-polls-ul\">\n\t\t<li><input type=\"radio\" id=\"poll-answer-494\" name=\"poll_183\" value=\"494\" \/> <label for=\"poll-answer-494\">S\u00ed<\/label><\/li>\n\t\t<li><input type=\"radio\" id=\"poll-answer-495\" name=\"poll_183\" value=\"495\" \/> <label for=\"poll-answer-495\">No<\/label><\/li>\n\t\t<li><input type=\"radio\" id=\"poll-answer-496\" name=\"poll_183\" value=\"496\" \/> <label for=\"poll-answer-496\">Possiblement<\/label><\/li>\n\t\t<li><input type=\"radio\" id=\"poll-answer-497\" name=\"poll_183\" value=\"497\" \/> <label for=\"poll-answer-497\">No ho s\u00e9<\/label><\/li>\n\t\t<\/ul><p style=\"text-align: center\"><input type=\"button\" name=\"vote\" value=\"   Vota   \" class=\"Buttons\" onclick=\"poll_vote(183);\" \/><\/p><p style=\"text-align: center\"><a href=\"#ViewPollResults\" onclick=\"poll_result(183); return false;\" title=\"View Results Of This Poll\">Mira els resultats<\/a><\/p><\/div>\n\t<\/form>\n<\/div>\n<div id=\"polls-183-loading\" class=\"wp-polls-loading\"><img decoding=\"async\" data-src=\"https:\/\/conversesacatalunya.cat\/wp-content\/plugins\/wp-polls\/images\/loading.gif\" width=\"16\" height=\"16\" alt=\"Cargando ...\" title=\"Cargando ...\" class=\"wp-polls-image lazyload\" src=\"data:image\/svg+xml;base64,PHN2ZyB3aWR0aD0iMSIgaGVpZ2h0PSIxIiB4bWxucz0iaHR0cDovL3d3dy53My5vcmcvMjAwMC9zdmciPjwvc3ZnPg==\" style=\"--smush-placeholder-width: 16px; --smush-placeholder-aspect-ratio: 16\/16;\" \/>&nbsp;Cargando ...<\/div>\n\n","protected":false},"excerpt":{"rendered":"<p>Con la participaci\u00f3n de expertos en urbanismo, movimiento ciudadano y movilidad se pretende valorar el conjunto de las pol\u00edticas urban\u00edsticas impulsadas por el ayuntamiento de Barcelona y su impacto en el tejido urbano, en la ruptura de la homogeneidad vial, en los cambios sufridos en la movilidad. Las supermanzanas, los ejes verdes, la conexi\u00f3n del tranv\u00eda y en general la lucha contra el autom\u00f3vil afectan a la vida pr\u00e1ctica de los vecinos y amenaza el car\u00e1cter metropolitano de Barcelona. En este contexto, Barcelona Distrito Federal (BDF) busca debatir alternativas para la construcci\u00f3n de una ciudad amable que se reconozca en el actual tejido metropolitano y acepte su historia como elemento de identidad necesario para construir su futuro. Se ha organizado un debate en Barcelona: Lugar: Centro C\u00edvico Pati Llimona (calle del Regomir, 3, 08002 &#8211; Barcelona) Hora: 18,30 h. D\u00eda: mi\u00e9rcoles, 15 de febrero. INTERVENDR\u00c1N:\u00a0 Josep Mir\u00f3 i Ard\u00e8vol, exconseller de la Generalitat y exregidor de l&#8217;Ajuntament de Barcelona. Ramon Garcia Bragado, abogado, exregidor y tinent d&#8217;alcalde de l&#8217;Ajuntament de Barcelona. Cristian Bardaj\u00ed, director del \u00e1rea de movilidad del RACC Animamos a todo el mundo a participar en este acto que va en l\u00ednea con la Declaraci\u00f3n sobre Barcelona: Salvemos el Pla Cerd\u00e0. Salvemos el Eixample que ha presentado Converses a Catalunya. Confirmaci\u00f3n de asistencia en:\u00a0 barcelonadistrictefederal@gmail.com<\/p>\n","protected":false},"author":3,"featured_media":64272,"comment_status":"open","ping_status":"open","sticky":false,"template":"","format":"standard","meta":{"_FSMCFIC_featured_image_caption":"","_FSMCFIC_featured_image_nocaption":"","_FSMCFIC_featured_image_hide":"","footnotes":""},"categories":[786,806,3918],"tags":[4874,4925,4928,4927],"class_list":["post-64165","post","type-post","status-publish","format-standard","has-post-thumbnail","hentry","category-agenda-es","category-punts-claus-del-dia-es","category-sin-publicidad","tag-pla-cerda-es","tag-pla-cerda-es-3","tag-salvar-el-eixample","tag-salvar-leixample-es-2"],"yoast_head":"<!-- This site is optimized with the Yoast SEO plugin v26.8 - https:\/\/yoast.com\/product\/yoast-seo-wordpress\/ -->\n<title>\u00bfC\u00f3mo defender el Pla Cerd\u00e0?<\/title>\n<meta name=\"description\" content=\"acto que va en l\u00ednea con la Declaraci\u00f3n sobre Barcelona: Salvemos el Pla Cerd\u00e0. Salvemos el Eixample que ha presentado Converses a Catalunya\" \/>\n<meta name=\"robots\" content=\"index, follow, max-snippet:-1, max-image-preview:large, max-video-preview:-1\" \/>\n<link rel=\"canonical\" href=\"https:\/\/conversesacatalunya.cat\/es\/defensa-del-pla-cerda\/\" \/>\n<meta property=\"og:locale\" content=\"es_ES\" \/>\n<meta property=\"og:type\" content=\"article\" \/>\n<meta property=\"og:title\" content=\"\u00bfC\u00f3mo defender el Pla Cerd\u00e0?\" \/>\n<meta property=\"og:description\" content=\"acto que va en l\u00ednea con la Declaraci\u00f3n sobre Barcelona: Salvemos el Pla Cerd\u00e0. Salvemos el Eixample que ha presentado Converses a Catalunya\" \/>\n<meta property=\"og:url\" content=\"https:\/\/conversesacatalunya.cat\/es\/defensa-del-pla-cerda\/\" \/>\n<meta property=\"og:site_name\" content=\"Converses a Catalunya\" \/>\n<meta property=\"article:published_time\" content=\"2023-01-27T09:39:56+00:00\" \/>\n<meta property=\"article:modified_time\" content=\"2023-01-31T10:12:52+00:00\" \/>\n<meta property=\"og:image\" content=\"https:\/\/conversesacatalunya.cat\/wp-content\/uploads\/2023\/01\/Captura.png\" \/>\n\t<meta property=\"og:image:width\" content=\"932\" \/>\n\t<meta property=\"og:image:height\" content=\"840\" \/>\n\t<meta property=\"og:image:type\" content=\"image\/png\" \/>\n<meta name=\"author\" content=\"conversesacatalunya\" \/>\n<meta name=\"twitter:card\" content=\"summary_large_image\" \/>\n<meta name=\"twitter:label1\" content=\"Escrito por\" \/>\n\t<meta name=\"twitter:data1\" content=\"conversesacatalunya\" \/>\n\t<meta name=\"twitter:label2\" content=\"Tiempo de lectura\" \/>\n\t<meta name=\"twitter:data2\" content=\"1 minuto\" \/>\n<script type=\"application\/ld+json\" class=\"yoast-schema-graph\">{\"@context\":\"https:\/\/schema.org\",\"@graph\":[{\"@type\":\"Article\",\"@id\":\"https:\/\/conversesacatalunya.cat\/es\/defensa-del-pla-cerda\/#article\",\"isPartOf\":{\"@id\":\"https:\/\/conversesacatalunya.cat\/es\/defensa-del-pla-cerda\/\"},\"author\":{\"name\":\"conversesacatalunya\",\"@id\":\"https:\/\/conversesacatalunya.cat\/#\/schema\/person\/982274792508d804a0821b413c9ac076\"},\"headline\":\"\u00bfTiene sentido deconstruir Barcelona? En defensa del Plan Cerd\u00e0\",\"datePublished\":\"2023-01-27T09:39:56+00:00\",\"dateModified\":\"2023-01-31T10:12:52+00:00\",\"mainEntityOfPage\":{\"@id\":\"https:\/\/conversesacatalunya.cat\/es\/defensa-del-pla-cerda\/\"},\"wordCount\":246,\"commentCount\":2,\"image\":{\"@id\":\"https:\/\/conversesacatalunya.cat\/es\/defensa-del-pla-cerda\/#primaryimage\"},\"thumbnailUrl\":\"https:\/\/conversesacatalunya.cat\/wp-content\/uploads\/2023\/01\/Captura.png\",\"keywords\":[\"Pla Cerd\u00e0\",\"Pla Cerd\u00e0\",\"Salvar el Eixample\",\"Salvar l'Eixample\"],\"articleSection\":[\"Agenda (ES)\",\"Punts clau del dia (ES)\",\"SIN PUBLICIDAD\"],\"inLanguage\":\"es\",\"potentialAction\":[{\"@type\":\"CommentAction\",\"name\":\"Comment\",\"target\":[\"https:\/\/conversesacatalunya.cat\/es\/defensa-del-pla-cerda\/#respond\"]}]},{\"@type\":\"WebPage\",\"@id\":\"https:\/\/conversesacatalunya.cat\/es\/defensa-del-pla-cerda\/\",\"url\":\"https:\/\/conversesacatalunya.cat\/es\/defensa-del-pla-cerda\/\",\"name\":\"\u00bfC\u00f3mo defender el Pla Cerd\u00e0?\",\"isPartOf\":{\"@id\":\"https:\/\/conversesacatalunya.cat\/#website\"},\"primaryImageOfPage\":{\"@id\":\"https:\/\/conversesacatalunya.cat\/es\/defensa-del-pla-cerda\/#primaryimage\"},\"image\":{\"@id\":\"https:\/\/conversesacatalunya.cat\/es\/defensa-del-pla-cerda\/#primaryimage\"},\"thumbnailUrl\":\"https:\/\/conversesacatalunya.cat\/wp-content\/uploads\/2023\/01\/Captura.png\",\"datePublished\":\"2023-01-27T09:39:56+00:00\",\"dateModified\":\"2023-01-31T10:12:52+00:00\",\"author\":{\"@id\":\"https:\/\/conversesacatalunya.cat\/#\/schema\/person\/982274792508d804a0821b413c9ac076\"},\"description\":\"acto que va en l\u00ednea con la Declaraci\u00f3n sobre Barcelona: Salvemos el Pla Cerd\u00e0. Salvemos el Eixample que ha presentado Converses a Catalunya\",\"breadcrumb\":{\"@id\":\"https:\/\/conversesacatalunya.cat\/es\/defensa-del-pla-cerda\/#breadcrumb\"},\"inLanguage\":\"es\",\"potentialAction\":[{\"@type\":\"ReadAction\",\"target\":[\"https:\/\/conversesacatalunya.cat\/es\/defensa-del-pla-cerda\/\"]}]},{\"@type\":\"ImageObject\",\"inLanguage\":\"es\",\"@id\":\"https:\/\/conversesacatalunya.cat\/es\/defensa-del-pla-cerda\/#primaryimage\",\"url\":\"https:\/\/conversesacatalunya.cat\/wp-content\/uploads\/2023\/01\/Captura.png\",\"contentUrl\":\"https:\/\/conversesacatalunya.cat\/wp-content\/uploads\/2023\/01\/Captura.png\",\"width\":932,\"height\":840,\"caption\":\"Pla Cerd\u00e0\"},{\"@type\":\"BreadcrumbList\",\"@id\":\"https:\/\/conversesacatalunya.cat\/es\/defensa-del-pla-cerda\/#breadcrumb\",\"itemListElement\":[{\"@type\":\"ListItem\",\"position\":1,\"name\":\"Inici\",\"item\":\"https:\/\/conversesacatalunya.cat\/es\/\"},{\"@type\":\"ListItem\",\"position\":2,\"name\":\"\u00bfTiene sentido deconstruir Barcelona? En defensa del Plan Cerd\u00e0\"}]},{\"@type\":\"WebSite\",\"@id\":\"https:\/\/conversesacatalunya.cat\/#website\",\"url\":\"https:\/\/conversesacatalunya.cat\/\",\"name\":\"Converses a Catalunya\",\"description\":\"\",\"potentialAction\":[{\"@type\":\"SearchAction\",\"target\":{\"@type\":\"EntryPoint\",\"urlTemplate\":\"https:\/\/conversesacatalunya.cat\/?s={search_term_string}\"},\"query-input\":{\"@type\":\"PropertyValueSpecification\",\"valueRequired\":true,\"valueName\":\"search_term_string\"}}],\"inLanguage\":\"es\"},{\"@type\":\"Person\",\"@id\":\"https:\/\/conversesacatalunya.cat\/#\/schema\/person\/982274792508d804a0821b413c9ac076\",\"name\":\"conversesacatalunya\",\"image\":{\"@type\":\"ImageObject\",\"inLanguage\":\"es\",\"@id\":\"https:\/\/conversesacatalunya.cat\/#\/schema\/person\/image\/\",\"url\":\"https:\/\/conversesacatalunya.cat\/wp-content\/litespeed\/avatar\/f04b47eeffd9637c7cf7869e217fb9ec.jpg?ver=1777370077\",\"contentUrl\":\"https:\/\/conversesacatalunya.cat\/wp-content\/litespeed\/avatar\/f04b47eeffd9637c7cf7869e217fb9ec.jpg?ver=1777370077\",\"caption\":\"conversesacatalunya\"},\"url\":\"https:\/\/conversesacatalunya.cat\/es\/author\/muntsa_escola\/\"}]}<\/script>\n<!-- \/ Yoast SEO plugin. -->","yoast_head_json":{"title":"\u00bfC\u00f3mo defender el Pla Cerd\u00e0?","description":"acto que va en l\u00ednea con la Declaraci\u00f3n sobre Barcelona: Salvemos el Pla Cerd\u00e0. Salvemos el Eixample que ha presentado Converses a Catalunya","robots":{"index":"index","follow":"follow","max-snippet":"max-snippet:-1","max-image-preview":"max-image-preview:large","max-video-preview":"max-video-preview:-1"},"canonical":"https:\/\/conversesacatalunya.cat\/es\/defensa-del-pla-cerda\/","og_locale":"es_ES","og_type":"article","og_title":"\u00bfC\u00f3mo defender el Pla Cerd\u00e0?","og_description":"acto que va en l\u00ednea con la Declaraci\u00f3n sobre Barcelona: Salvemos el Pla Cerd\u00e0. Salvemos el Eixample que ha presentado Converses a Catalunya","og_url":"https:\/\/conversesacatalunya.cat\/es\/defensa-del-pla-cerda\/","og_site_name":"Converses a Catalunya","article_published_time":"2023-01-27T09:39:56+00:00","article_modified_time":"2023-01-31T10:12:52+00:00","og_image":[{"width":932,"height":840,"url":"https:\/\/conversesacatalunya.cat\/wp-content\/uploads\/2023\/01\/Captura.png","type":"image\/png"}],"author":"conversesacatalunya","twitter_card":"summary_large_image","twitter_misc":{"Escrito por":"conversesacatalunya","Tiempo de lectura":"1 minuto"},"schema":{"@context":"https:\/\/schema.org","@graph":[{"@type":"Article","@id":"https:\/\/conversesacatalunya.cat\/es\/defensa-del-pla-cerda\/#article","isPartOf":{"@id":"https:\/\/conversesacatalunya.cat\/es\/defensa-del-pla-cerda\/"},"author":{"name":"conversesacatalunya","@id":"https:\/\/conversesacatalunya.cat\/#\/schema\/person\/982274792508d804a0821b413c9ac076"},"headline":"\u00bfTiene sentido deconstruir Barcelona? En defensa del Plan Cerd\u00e0","datePublished":"2023-01-27T09:39:56+00:00","dateModified":"2023-01-31T10:12:52+00:00","mainEntityOfPage":{"@id":"https:\/\/conversesacatalunya.cat\/es\/defensa-del-pla-cerda\/"},"wordCount":246,"commentCount":2,"image":{"@id":"https:\/\/conversesacatalunya.cat\/es\/defensa-del-pla-cerda\/#primaryimage"},"thumbnailUrl":"https:\/\/conversesacatalunya.cat\/wp-content\/uploads\/2023\/01\/Captura.png","keywords":["Pla Cerd\u00e0","Pla Cerd\u00e0","Salvar el Eixample","Salvar l'Eixample"],"articleSection":["Agenda (ES)","Punts clau del dia (ES)","SIN PUBLICIDAD"],"inLanguage":"es","potentialAction":[{"@type":"CommentAction","name":"Comment","target":["https:\/\/conversesacatalunya.cat\/es\/defensa-del-pla-cerda\/#respond"]}]},{"@type":"WebPage","@id":"https:\/\/conversesacatalunya.cat\/es\/defensa-del-pla-cerda\/","url":"https:\/\/conversesacatalunya.cat\/es\/defensa-del-pla-cerda\/","name":"\u00bfC\u00f3mo defender el Pla Cerd\u00e0?","isPartOf":{"@id":"https:\/\/conversesacatalunya.cat\/#website"},"primaryImageOfPage":{"@id":"https:\/\/conversesacatalunya.cat\/es\/defensa-del-pla-cerda\/#primaryimage"},"image":{"@id":"https:\/\/conversesacatalunya.cat\/es\/defensa-del-pla-cerda\/#primaryimage"},"thumbnailUrl":"https:\/\/conversesacatalunya.cat\/wp-content\/uploads\/2023\/01\/Captura.png","datePublished":"2023-01-27T09:39:56+00:00","dateModified":"2023-01-31T10:12:52+00:00","author":{"@id":"https:\/\/conversesacatalunya.cat\/#\/schema\/person\/982274792508d804a0821b413c9ac076"},"description":"acto que va en l\u00ednea con la Declaraci\u00f3n sobre Barcelona: Salvemos el Pla Cerd\u00e0. Salvemos el Eixample que ha presentado Converses a Catalunya","breadcrumb":{"@id":"https:\/\/conversesacatalunya.cat\/es\/defensa-del-pla-cerda\/#breadcrumb"},"inLanguage":"es","potentialAction":[{"@type":"ReadAction","target":["https:\/\/conversesacatalunya.cat\/es\/defensa-del-pla-cerda\/"]}]},{"@type":"ImageObject","inLanguage":"es","@id":"https:\/\/conversesacatalunya.cat\/es\/defensa-del-pla-cerda\/#primaryimage","url":"https:\/\/conversesacatalunya.cat\/wp-content\/uploads\/2023\/01\/Captura.png","contentUrl":"https:\/\/conversesacatalunya.cat\/wp-content\/uploads\/2023\/01\/Captura.png","width":932,"height":840,"caption":"Pla Cerd\u00e0"},{"@type":"BreadcrumbList","@id":"https:\/\/conversesacatalunya.cat\/es\/defensa-del-pla-cerda\/#breadcrumb","itemListElement":[{"@type":"ListItem","position":1,"name":"Inici","item":"https:\/\/conversesacatalunya.cat\/es\/"},{"@type":"ListItem","position":2,"name":"\u00bfTiene sentido deconstruir Barcelona? En defensa del Plan Cerd\u00e0"}]},{"@type":"WebSite","@id":"https:\/\/conversesacatalunya.cat\/#website","url":"https:\/\/conversesacatalunya.cat\/","name":"Converses a Catalunya","description":"","potentialAction":[{"@type":"SearchAction","target":{"@type":"EntryPoint","urlTemplate":"https:\/\/conversesacatalunya.cat\/?s={search_term_string}"},"query-input":{"@type":"PropertyValueSpecification","valueRequired":true,"valueName":"search_term_string"}}],"inLanguage":"es"},{"@type":"Person","@id":"https:\/\/conversesacatalunya.cat\/#\/schema\/person\/982274792508d804a0821b413c9ac076","name":"conversesacatalunya","image":{"@type":"ImageObject","inLanguage":"es","@id":"https:\/\/conversesacatalunya.cat\/#\/schema\/person\/image\/","url":"https:\/\/conversesacatalunya.cat\/wp-content\/litespeed\/avatar\/f04b47eeffd9637c7cf7869e217fb9ec.jpg?ver=1777370077","contentUrl":"https:\/\/conversesacatalunya.cat\/wp-content\/litespeed\/avatar\/f04b47eeffd9637c7cf7869e217fb9ec.jpg?ver=1777370077","caption":"conversesacatalunya"},"url":"https:\/\/conversesacatalunya.cat\/es\/author\/muntsa_escola\/"}]}},"wps_subtitle":"Las supermanzanas, los ejes verdes, la conexi\u00f3n del tranv\u00eda y en general la lucha contra el autom\u00f3vil afectan a la vida pr\u00e1ctica de los vecinos","_links":{"self":[{"href":"https:\/\/conversesacatalunya.cat\/es\/wp-json\/wp\/v2\/posts\/64165","targetHints":{"allow":["GET"]}}],"collection":[{"href":"https:\/\/conversesacatalunya.cat\/es\/wp-json\/wp\/v2\/posts"}],"about":[{"href":"https:\/\/conversesacatalunya.cat\/es\/wp-json\/wp\/v2\/types\/post"}],"author":[{"embeddable":true,"href":"https:\/\/conversesacatalunya.cat\/es\/wp-json\/wp\/v2\/users\/3"}],"replies":[{"embeddable":true,"href":"https:\/\/conversesacatalunya.cat\/es\/wp-json\/wp\/v2\/comments?post=64165"}],"version-history":[{"count":6,"href":"https:\/\/conversesacatalunya.cat\/es\/wp-json\/wp\/v2\/posts\/64165\/revisions"}],"predecessor-version":[{"id":64275,"href":"https:\/\/conversesacatalunya.cat\/es\/wp-json\/wp\/v2\/posts\/64165\/revisions\/64275"}],"wp:featuredmedia":[{"embeddable":true,"href":"https:\/\/conversesacatalunya.cat\/es\/wp-json\/wp\/v2\/media\/64272"}],"wp:attachment":[{"href":"https:\/\/conversesacatalunya.cat\/es\/wp-json\/wp\/v2\/media?parent=64165"}],"wp:term":[{"taxonomy":"category","embeddable":true,"href":"https:\/\/conversesacatalunya.cat\/es\/wp-json\/wp\/v2\/categories?post=64165"},{"taxonomy":"post_tag","embeddable":true,"href":"https:\/\/conversesacatalunya.cat\/es\/wp-json\/wp\/v2\/tags?post=64165"}],"curies":[{"name":"wp","href":"https:\/\/api.w.org\/{rel}","templated":true}]}}