{"id":64068,"date":"2023-01-25T11:11:40","date_gmt":"2023-01-25T10:11:40","guid":{"rendered":"https:\/\/conversesacatalunya.cat\/?p=64068"},"modified":"2025-02-03T12:47:51","modified_gmt":"2025-02-03T11:47:51","slug":"10-conflictos-internacionales-2023","status":"publish","type":"post","link":"https:\/\/conversesacatalunya.cat\/es\/10-conflictos-internacionales-2023\/","title":{"rendered":"10 conflictos internacionales a seguir de cerca este 2023"},"content":{"rendered":"<p><span>Aunque el epicentro de la tensi\u00f3n mundial sigue siendo Ucrania, este no es el \u00fanico foco de inestabilidad en el escenario global.<\/span><\/p>\n<p><span>Cada a\u00f1o, el instituto de investigaci\u00f3n <em>International Crisis Group<\/em> (ICG) publica una lista de los diez conflictos internacionales que marcar\u00e1n la agenda diplom\u00e1tica. A continuaci\u00f3n, presentamos un resumen de sus previsiones para 2023, priorizando aquellas crisis menos visibles en los medios, pero igualmente relevantes.<\/span><\/p>\n<h4><strong>1. Armenia y Azerbaiy\u00e1n: un conflicto recrudecido por la guerra en Ucrania<\/strong><\/h4>\n<p><span>La guerra en Ucrania ha exacerbado la crisis entre Armenia y Azerbaiy\u00e1n. Como se ha analizado recientemente, Azerbaiy\u00e1n ha aprovechado la debilidad de Rusia \u2014tradicional protector de Armenia\u2014 para avanzar en la regi\u00f3n en disputa de Nagorno-Karabaj.<\/span><\/p>\n<p><span>En 2020, Azerbaiy\u00e1n ya lanz\u00f3 una ofensiva militar que redujo significativamente el territorio bajo control armenio. En 2022, incluso ocup\u00f3 zonas reconocidas internacionalmente como armenias e impuso un bloqueo sobre enclaves poblados por armenios.<\/span><\/p>\n<p><span>Actualmente, existen dos procesos de paz en curso: uno liderado por Mosc\u00fa y otro por la Uni\u00f3n Europea. Sin embargo, ninguna de las partes parece dispuesta a hacer concesiones. Si la v\u00eda diplom\u00e1tica fracasa, Azerbaiy\u00e1n \u2014respaldado militar y econ\u00f3micamente por Turqu\u00eda\u2014 podr\u00eda recurrir de nuevo a la fuerza para consolidar sus avances.<\/span><\/p>\n<h4><span>2. <\/span><strong>Ir\u00e1n: protestas, aislamiento y el riesgo nuclear<\/strong><\/h4>\n<p><span>Las protestas en Ir\u00e1n han puesto en jaque al r\u00e9gimen de los ayatol\u00e1s. La brutal represi\u00f3n contra los manifestantes que exigen la eliminaci\u00f3n del velo obligatorio ha dejado cientos de muertos y ha aislado a\u00fan m\u00e1s a Teher\u00e1n en el \u00e1mbito internacional.<\/span><\/p>\n<p><span>Pese a la magnitud de las protestas, el <em>International Crisis Group<\/em> considera que, por ahora, no representan una amenaza existencial para el r\u00e9gimen. Su destino depender\u00e1 de si las clases medias pierden el miedo tanto a la represi\u00f3n como a un posible colapso del sistema.<\/span><\/p>\n<p><span>Mientras tanto, las negociaciones para reactivar el acuerdo nuclear de 2015 est\u00e1n estancadas, y el r\u00e9gimen se encuentra m\u00e1s cerca que nunca de desarrollar un arma nuclear, lo que supone una l\u00ednea roja para Israel y Estados Unidos.<\/span><\/p>\n<h4><span>3. <\/span><strong>Yemen: la guerra olvidada que no termina<\/strong><\/h4>\n<p><span>El conflicto en Yemen, que ya suma ocho a\u00f1os, sigue sumiendo al pa\u00eds en la miseria. A pesar de un alto el fuego mediado por Naciones Unidas en abril de 2022, las hostilidades entre el gobierno \u2014apoyado por Arabia Saudita\u2014 y los rebeldes hut\u00edes \u2014respaldados por Ir\u00e1n\u2014 no han cesado completamente.<\/span><\/p>\n<p><span>Ambos bandos est\u00e1n agotados, pero la falta de avances diplom\u00e1ticos hace temer una reanudaci\u00f3n de los combates. Yemen sigue siendo, probablemente, el pa\u00eds m\u00e1s pobre del mundo y uno de los escenarios de crisis humanitaria m\u00e1s graves del planeta.<\/span><\/p>\n<h4><strong>4. Etiop\u00eda: una paz fr\u00e1gil tras una guerra devastadora<\/strong><\/h4>\n<p><span>El conflicto entre el gobierno et\u00edope y el Frente de Liberaci\u00f3n Popular del Tigray ha dejado un saldo devastador: cerca de medio mill\u00f3n de muertes civiles y cientos de miles de bajas militares desde su inicio en 2020.<\/span><\/p>\n<p><span>Aunque en noviembre de 2022 se firm\u00f3 un acuerdo de paz, los rebeldes siguen armados y las tropas de Eritrea \u2014aliada del gobierno\u2014 contin\u00faan ocupando territorio et\u00edope. La estabilidad es extremadamente fr\u00e1gil, y cualquier rev\u00e9s podr\u00eda reavivar la violencia.<\/span><\/p>\n<h4><span>5. <\/span><strong>Rep\u00fablica Democr\u00e1tica del Congo: el caos en los Grandes Lagos<\/strong><\/h4>\n<p><span>La inestabilidad persiste en el este de la Rep\u00fablica Democr\u00e1tica del Congo, donde el grupo rebelde M23 \u2014presuntamente apoyado por Ruanda\u2014 sigue operando impunemente.<\/span><\/p>\n<p><span>El Congo, incapaz de ejercer soberan\u00eda plena sobre su territorio, enfrenta la intervenci\u00f3n de sus vecinos Ruanda, Uganda y Burundi, interesados en los recursos de la regi\u00f3n. Mientras tanto, la misi\u00f3n de la ONU (<em>MONUSCO<\/em>) es objeto de cr\u00edticas por su ineficacia, y la poblaci\u00f3n exige su retirada tras m\u00e1s de una d\u00e9cada de fracasos.<\/span><\/p>\n<h4><strong>6. El Sahel: terrorismo y la retirada occidental<\/strong><\/h4>\n<p><span>Los gobiernos de Burkina Faso, N\u00edger y Mal\u00ed no logran frenar las insurgencias islamistas que asolan la regi\u00f3n. Mal\u00ed y Burkina Faso han sufrido golpes de Estado recientes, y sus nuevas autoridades han pedido la retirada de las fuerzas occidentales, especialmente las francesas.<\/span><\/p>\n<p><span>Mal\u00ed, que anteriormente colaboraba con Francia, ha solicitado apoyo militar a Rusia, y se teme que Burkina Faso siga el mismo camino. Esto complicar\u00eda a\u00fan m\u00e1s la lucha contra el terrorismo en una de las zonas m\u00e1s inestables del mundo.<\/span><\/p>\n<h4><strong>7. Hait\u00ed: un pa\u00eds al borde del colapso<\/strong><\/h4>\n<p><span>Desde el asesinato de su presidente en 2021, Hait\u00ed se encuentra en una crisis sin precedentes. Las bandas criminales han tomado el control del pa\u00eds, la violencia es extrema y m\u00e1s de la mitad de la poblaci\u00f3n sufre hambre.<\/span><\/p>\n<p><span>Ante el caos, incluso se baraja la posibilidad de una intervenci\u00f3n militar internacional, aunque los intentos previos han fracasado en estabilizar la naci\u00f3n caribe\u00f1a.<\/span><\/p>\n<h4><strong>8. Pakist\u00e1n: crisis pol\u00edtica, econ\u00f3mica y clim\u00e1tica<\/strong><\/h4>\n<p><span>Pakist\u00e1n inicia 2023 sumido en la incertidumbre pol\u00edtica. El pa\u00eds est\u00e1 profundamente dividido entre los partidarios del ex primer ministro Imran Khan y el actual gobierno, respaldado por las poderosas fuerzas armadas.<\/span><\/p>\n<p><span>A esta crisis pol\u00edtica se suman las devastadoras inundaciones que en 2022 cubrieron un tercio del pa\u00eds, afectando a m\u00e1s de 20 millones de personas. Adem\u00e1s, Pakist\u00e1n enfrenta un grave riesgo de impago de su deuda, lo que agrava a\u00fan m\u00e1s la situaci\u00f3n.<\/span><\/p>\n<h4><strong>9. Taiw\u00e1n: el punto de fricci\u00f3n entre China y EE. UU.<\/strong><\/h4>\n<p><span>Taiw\u00e1n es el epicentro de la rivalidad entre China y Estados Unidos. Pek\u00edn mantiene como objetivo la reunificaci\u00f3n de la isla, sin descartar el uso de la fuerza.<\/span><\/p>\n<p><span>Las crecientes tensiones han llevado a Washington a adoptar una postura m\u00e1s firme, insinuando que defender\u00eda militarmente a Taiw\u00e1n en caso de una invasi\u00f3n. Para la administraci\u00f3n Biden, aunque la guerra en Ucrania es la prioridad inmediata, la contenci\u00f3n de China es el desaf\u00edo estrat\u00e9gico m\u00e1s importante.<\/span><\/p>\n<h4><strong>10. Ucrania y Rusia: una guerra sin final a la vista<\/strong><\/h4>\n<p><span>La invasi\u00f3n rusa de Ucrania, que comenz\u00f3 como una <em>\u00aboperaci\u00f3n militar especial\u00bb<\/em>, ha derivado en un conflicto de desgaste que ha devastado Ucrania y ha provocado sanciones sin precedentes contra Rusia.<\/span><\/p>\n<p><span>Por ahora, ninguna de las partes parece dispuesta a negociar una paz duradera. Occidente evita medidas m\u00e1s contundentes por el riesgo de escalada nuclear, mientras que Rusia sigue sufriendo las consecuencias del \u00e9xodo de su poblaci\u00f3n joven y cualificada.<\/span><\/p>\n<p><span>\u00a0<\/span><span>El a\u00f1o 2023 se presenta cargado de desaf\u00edos geopol\u00edticos. M\u00e1s all\u00e1 de la guerra en Ucrania, m\u00faltiples conflictos seguir\u00e1n influyendo en la estabilidad global. La capacidad de la diplomacia internacional para gestionar estas crisis determinar\u00e1 en gran medida el rumbo del orden mundial en los pr\u00f3ximos a\u00f1os.<\/span><\/p>\n<p><span>\u00a0<\/span><span class='bctt-click-to-tweet'><span class='bctt-ctt-text'><a href='https:\/\/twitter.com\/intent\/tweet?url=https%3A%2F%2Fconversesacatalunya.cat%2Fes%2F10-conflictos-internacionales-2023%2F&#038;text=Sin%20duda%2C%20el%20principal%20foco%20de%20tensi%C3%B3n%20mundial%20se%20sit%C3%BAa%20sobre%20Ucrania%2C%20pero%20%C3%A9ste%20no%20es%20ni%20mucho%20menos%20el%20%C3%BAnico%20lugar%20caliente%20del%20escenario%20global&#038;via=conversesacat&#038;related=conversesacat' target='_blank'rel=\"noopener noreferrer\">Sin duda, el principal foco de tensi\u00f3n mundial se sit\u00faa sobre Ucrania, pero \u00e9ste no es ni mucho menos el \u00fanico lugar caliente del escenario global <\/a><\/span><a href='https:\/\/twitter.com\/intent\/tweet?url=https%3A%2F%2Fconversesacatalunya.cat%2Fes%2F10-conflictos-internacionales-2023%2F&#038;text=Sin%20duda%2C%20el%20principal%20foco%20de%20tensi%C3%B3n%20mundial%20se%20sit%C3%BAa%20sobre%20Ucrania%2C%20pero%20%C3%A9ste%20no%20es%20ni%20mucho%20menos%20el%20%C3%BAnico%20lugar%20caliente%20del%20escenario%20global&#038;via=conversesacat&#038;related=conversesacat' target='_blank' class='bctt-ctt-btn'rel=\"noopener noreferrer\">Compartir en X<\/a><\/span>\n<div id=\"polls-183\" class=\"wp-polls\">\n\t<form id=\"polls_form_183\" class=\"wp-polls-form\" action=\"\/index.php\" method=\"post\">\n\t\t<p style=\"display: none;\"><input type=\"hidden\" id=\"poll_183_nonce\" name=\"wp-polls-nonce\" value=\"e8ad5f8e97\" \/><\/p>\n\t\t<p style=\"display: none;\"><input type=\"hidden\" name=\"poll_id\" value=\"183\" \/><\/p>\n\t\t<p style=\"text-align: center\"><strong>\u00c9s cre\u00efble que Collboni sigui l'alternativa a Colau despr\u00e9s de tants anys governant amb ella?<\/strong><\/p><div id=\"polls-183-ans\" class=\"wp-polls-ans\"><ul class=\"wp-polls-ul\">\n\t\t<li><input type=\"radio\" id=\"poll-answer-494\" name=\"poll_183\" value=\"494\" \/> <label for=\"poll-answer-494\">S\u00ed<\/label><\/li>\n\t\t<li><input type=\"radio\" id=\"poll-answer-495\" name=\"poll_183\" value=\"495\" \/> <label for=\"poll-answer-495\">No<\/label><\/li>\n\t\t<li><input type=\"radio\" id=\"poll-answer-496\" name=\"poll_183\" value=\"496\" \/> <label for=\"poll-answer-496\">Possiblement<\/label><\/li>\n\t\t<li><input type=\"radio\" id=\"poll-answer-497\" name=\"poll_183\" value=\"497\" \/> <label for=\"poll-answer-497\">No ho s\u00e9<\/label><\/li>\n\t\t<\/ul><p style=\"text-align: center\"><input type=\"button\" name=\"vote\" value=\"   Vota   \" class=\"Buttons\" onclick=\"poll_vote(183);\" \/><\/p><p style=\"text-align: center\"><a href=\"#ViewPollResults\" onclick=\"poll_result(183); return false;\" title=\"View Results Of This Poll\">Mira els resultats<\/a><\/p><\/div>\n\t<\/form>\n<\/div>\n<div id=\"polls-183-loading\" class=\"wp-polls-loading\"><img decoding=\"async\" data-src=\"https:\/\/conversesacatalunya.cat\/wp-content\/plugins\/wp-polls\/images\/loading.gif\" width=\"16\" height=\"16\" alt=\"Cargando ...\" title=\"Cargando ...\" class=\"wp-polls-image lazyload\" src=\"data:image\/svg+xml;base64,PHN2ZyB3aWR0aD0iMSIgaGVpZ2h0PSIxIiB4bWxucz0iaHR0cDovL3d3dy53My5vcmcvMjAwMC9zdmciPjwvc3ZnPg==\" style=\"--smush-placeholder-width: 16px; --smush-placeholder-aspect-ratio: 16\/16;\" \/>&nbsp;Cargando ...<\/div>\n\n","protected":false},"excerpt":{"rendered":"<p>Aunque el epicentro de la tensi\u00f3n mundial sigue siendo Ucrania, este no es el \u00fanico foco de inestabilidad en el escenario global. Cada a\u00f1o, el instituto de investigaci\u00f3n International Crisis Group (ICG) publica una lista de los diez conflictos internacionales que marcar\u00e1n la agenda diplom\u00e1tica. A continuaci\u00f3n, presentamos un resumen de sus previsiones para 2023, priorizando aquellas crisis menos visibles en los medios, pero igualmente relevantes. 1. Armenia y Azerbaiy\u00e1n: un conflicto recrudecido por la guerra en Ucrania La guerra en Ucrania ha exacerbado la crisis entre Armenia y Azerbaiy\u00e1n. Como se ha analizado recientemente, Azerbaiy\u00e1n ha aprovechado la debilidad de Rusia \u2014tradicional protector de Armenia\u2014 para avanzar en la regi\u00f3n en disputa de Nagorno-Karabaj. En 2020, Azerbaiy\u00e1n ya lanz\u00f3 una ofensiva militar que redujo significativamente el territorio bajo control armenio. En 2022, incluso ocup\u00f3 zonas reconocidas internacionalmente como armenias e impuso un bloqueo sobre enclaves poblados por armenios. Actualmente, existen dos procesos de paz en curso: uno liderado por Mosc\u00fa y otro por la Uni\u00f3n Europea. Sin embargo, ninguna de las partes parece dispuesta a hacer concesiones. Si la v\u00eda diplom\u00e1tica fracasa, Azerbaiy\u00e1n \u2014respaldado militar y econ\u00f3micamente por Turqu\u00eda\u2014 podr\u00eda recurrir de nuevo a la fuerza para consolidar sus avances. 2. Ir\u00e1n: protestas, aislamiento y el riesgo nuclear Las protestas en Ir\u00e1n han puesto en jaque al r\u00e9gimen de los ayatol\u00e1s. La brutal represi\u00f3n contra los manifestantes que exigen la eliminaci\u00f3n del velo obligatorio ha dejado cientos de muertos y ha aislado a\u00fan m\u00e1s a Teher\u00e1n en el \u00e1mbito internacional. Pese a la magnitud de las protestas, el International Crisis Group considera que, por ahora, no representan una amenaza existencial para el r\u00e9gimen. Su destino depender\u00e1 de si las clases medias pierden el miedo tanto a la represi\u00f3n como a un posible colapso del sistema. Mientras tanto, las negociaciones para reactivar el acuerdo nuclear de 2015 est\u00e1n estancadas, y el r\u00e9gimen se encuentra m\u00e1s cerca que nunca de desarrollar un arma nuclear, lo que supone una l\u00ednea roja para Israel y Estados Unidos. 3. Yemen: la guerra olvidada que no termina El conflicto en Yemen, que ya suma ocho a\u00f1os, sigue sumiendo al pa\u00eds en la miseria. A pesar de un alto el fuego mediado por Naciones Unidas en abril de 2022, las hostilidades entre el gobierno \u2014apoyado por Arabia Saudita\u2014 y los rebeldes hut\u00edes \u2014respaldados por Ir\u00e1n\u2014 no han cesado completamente. Ambos bandos est\u00e1n agotados, pero la falta de avances diplom\u00e1ticos hace temer una reanudaci\u00f3n de los combates. Yemen sigue siendo, probablemente, el pa\u00eds m\u00e1s pobre del mundo y uno de los escenarios de crisis humanitaria m\u00e1s graves del planeta. 4. Etiop\u00eda: una paz fr\u00e1gil tras una guerra devastadora El conflicto entre el gobierno et\u00edope y el Frente de Liberaci\u00f3n Popular del Tigray ha dejado un saldo devastador: cerca de medio mill\u00f3n de muertes civiles y cientos de miles de bajas militares desde su inicio en 2020. Aunque en noviembre de 2022 se firm\u00f3 un acuerdo de paz, los rebeldes siguen armados y las tropas de Eritrea \u2014aliada del gobierno\u2014 contin\u00faan ocupando territorio et\u00edope. La estabilidad es extremadamente fr\u00e1gil, y cualquier rev\u00e9s podr\u00eda reavivar la violencia. 5. Rep\u00fablica Democr\u00e1tica del Congo: el caos en los Grandes Lagos La inestabilidad persiste en el este de la Rep\u00fablica Democr\u00e1tica del Congo, donde el grupo rebelde M23 \u2014presuntamente apoyado por Ruanda\u2014 sigue operando impunemente. El Congo, incapaz de ejercer soberan\u00eda plena sobre su territorio, enfrenta la intervenci\u00f3n de sus vecinos Ruanda, Uganda y Burundi, interesados en los recursos de la regi\u00f3n. Mientras tanto, la misi\u00f3n de la ONU (MONUSCO) es objeto de cr\u00edticas por su ineficacia, y la poblaci\u00f3n exige su retirada tras m\u00e1s de una d\u00e9cada de fracasos. 6. El Sahel: terrorismo y la retirada occidental Los gobiernos de Burkina Faso, N\u00edger y Mal\u00ed no logran frenar las insurgencias islamistas que asolan la regi\u00f3n. Mal\u00ed y Burkina Faso han sufrido golpes de Estado recientes, y sus nuevas autoridades han pedido la retirada de las fuerzas occidentales, especialmente las francesas. Mal\u00ed, que anteriormente colaboraba con Francia, ha solicitado apoyo militar a Rusia, y se teme que Burkina Faso siga el mismo camino. Esto complicar\u00eda a\u00fan m\u00e1s la lucha contra el terrorismo en una de las zonas m\u00e1s inestables del mundo. 7. Hait\u00ed: un pa\u00eds al borde del colapso Desde el asesinato de su presidente en 2021, Hait\u00ed se encuentra en una crisis sin precedentes. Las bandas criminales han tomado el control del pa\u00eds, la violencia es extrema y m\u00e1s de la mitad de la poblaci\u00f3n sufre hambre. Ante el caos, incluso se baraja la posibilidad de una intervenci\u00f3n militar internacional, aunque los intentos previos han fracasado en estabilizar la naci\u00f3n caribe\u00f1a. 8. Pakist\u00e1n: crisis pol\u00edtica, econ\u00f3mica y clim\u00e1tica Pakist\u00e1n inicia 2023 sumido en la incertidumbre pol\u00edtica. El pa\u00eds est\u00e1 profundamente dividido entre los partidarios del ex primer ministro Imran Khan y el actual gobierno, respaldado por las poderosas fuerzas armadas. A esta crisis pol\u00edtica se suman las devastadoras inundaciones que en 2022 cubrieron un tercio del pa\u00eds, afectando a m\u00e1s de 20 millones de personas. Adem\u00e1s, Pakist\u00e1n enfrenta un grave riesgo de impago de su deuda, lo que agrava a\u00fan m\u00e1s la situaci\u00f3n. 9. Taiw\u00e1n: el punto de fricci\u00f3n entre China y EE. UU. Taiw\u00e1n es el epicentro de la rivalidad entre China y Estados Unidos. Pek\u00edn mantiene como objetivo la reunificaci\u00f3n de la isla, sin descartar el uso de la fuerza. Las crecientes tensiones han llevado a Washington a adoptar una postura m\u00e1s firme, insinuando que defender\u00eda militarmente a Taiw\u00e1n en caso de una invasi\u00f3n. Para la administraci\u00f3n Biden, aunque la guerra en Ucrania es la prioridad inmediata, la contenci\u00f3n de China es el desaf\u00edo estrat\u00e9gico m\u00e1s importante. 10. Ucrania y Rusia: una guerra sin final a la vista La invasi\u00f3n rusa de Ucrania, que comenz\u00f3 como una \u00aboperaci\u00f3n militar especial\u00bb, ha derivado en un conflicto de desgaste que ha devastado Ucrania y ha provocado sanciones sin precedentes contra Rusia. Por ahora, ninguna de las partes parece dispuesta a negociar una paz duradera. Occidente evita medidas m\u00e1s contundentes por&#8230;<\/p>\n","protected":false},"author":56,"featured_media":64059,"comment_status":"open","ping_status":"open","sticky":false,"template":"","format":"standard","meta":{"_FSMCFIC_featured_image_caption":"","_FSMCFIC_featured_image_nocaption":"","_FSMCFIC_featured_image_hide":"","footnotes":""},"categories":[806],"tags":[1302],"class_list":["post-64068","post","type-post","status-publish","format-standard","has-post-thumbnail","hentry","category-punts-claus-del-dia-es","tag-conflictes-internacionals-es"],"yoast_head":"<!-- This site is optimized with the Yoast SEO plugin v26.8 - https:\/\/yoast.com\/product\/yoast-seo-wordpress\/ -->\n<title>10 conflictos internacionales a seguir de cerca este 2023 - Converses a Catalunya<\/title>\n<meta name=\"description\" content=\"(ICG), publica su selecci\u00f3n de los 10 conflictos internacionales que espera que marquen la agenda diplom\u00e1tica de 2023\" \/>\n<meta name=\"robots\" content=\"index, follow, max-snippet:-1, max-image-preview:large, max-video-preview:-1\" \/>\n<link rel=\"canonical\" href=\"https:\/\/conversesacatalunya.cat\/es\/10-conflictos-internacionales-2023\/\" \/>\n<meta property=\"og:locale\" content=\"es_ES\" \/>\n<meta property=\"og:type\" content=\"article\" \/>\n<meta property=\"og:title\" content=\"10 conflictos internacionales a seguir de cerca este 2023 - Converses a Catalunya\" \/>\n<meta property=\"og:description\" content=\"(ICG), publica su selecci\u00f3n de los 10 conflictos internacionales que espera que marquen la agenda diplom\u00e1tica de 2023\" \/>\n<meta property=\"og:url\" content=\"https:\/\/conversesacatalunya.cat\/es\/10-conflictos-internacionales-2023\/\" \/>\n<meta property=\"og:site_name\" content=\"Converses a Catalunya\" \/>\n<meta property=\"article:published_time\" content=\"2023-01-25T10:11:40+00:00\" \/>\n<meta property=\"article:modified_time\" content=\"2025-02-03T11:47:51+00:00\" \/>\n<meta property=\"og:image\" content=\"https:\/\/conversesacatalunya.cat\/wp-content\/uploads\/2023\/01\/107081582-1656406448742-gettyimages-1235801808-ceng-taiwanpr211010_npYGJ-scaled.jpeg\" \/>\n\t<meta property=\"og:image:width\" content=\"2560\" \/>\n\t<meta property=\"og:image:height\" content=\"1705\" \/>\n\t<meta property=\"og:image:type\" content=\"image\/jpeg\" \/>\n<meta name=\"author\" content=\"M\u00edriam G\u00f3mez\" \/>\n<meta name=\"twitter:card\" content=\"summary_large_image\" \/>\n<meta name=\"twitter:label1\" content=\"Escrito por\" \/>\n\t<meta name=\"twitter:data1\" content=\"M\u00edriam G\u00f3mez\" \/>\n\t<meta name=\"twitter:label2\" content=\"Tiempo de lectura\" \/>\n\t<meta name=\"twitter:data2\" content=\"6 minutos\" \/>\n<script type=\"application\/ld+json\" class=\"yoast-schema-graph\">{\"@context\":\"https:\/\/schema.org\",\"@graph\":[{\"@type\":\"Article\",\"@id\":\"https:\/\/conversesacatalunya.cat\/es\/10-conflictos-internacionales-2023\/#article\",\"isPartOf\":{\"@id\":\"https:\/\/conversesacatalunya.cat\/es\/10-conflictos-internacionales-2023\/\"},\"author\":{\"name\":\"M\u00edriam G\u00f3mez\",\"@id\":\"https:\/\/conversesacatalunya.cat\/#\/schema\/person\/a389be879add3c93f20de2ba5c6cd64f\"},\"headline\":\"10 conflictos internacionales a seguir de cerca este 2023\",\"datePublished\":\"2023-01-25T10:11:40+00:00\",\"dateModified\":\"2025-02-03T11:47:51+00:00\",\"mainEntityOfPage\":{\"@id\":\"https:\/\/conversesacatalunya.cat\/es\/10-conflictos-internacionales-2023\/\"},\"wordCount\":1204,\"commentCount\":0,\"image\":{\"@id\":\"https:\/\/conversesacatalunya.cat\/es\/10-conflictos-internacionales-2023\/#primaryimage\"},\"thumbnailUrl\":\"https:\/\/conversesacatalunya.cat\/wp-content\/uploads\/2023\/01\/107081582-1656406448742-gettyimages-1235801808-ceng-taiwanpr211010_npYGJ-scaled.jpeg\",\"keywords\":[\"conflictes internacionals\"],\"articleSection\":[\"Punts clau del dia (ES)\"],\"inLanguage\":\"es\",\"potentialAction\":[{\"@type\":\"CommentAction\",\"name\":\"Comment\",\"target\":[\"https:\/\/conversesacatalunya.cat\/es\/10-conflictos-internacionales-2023\/#respond\"]}]},{\"@type\":\"WebPage\",\"@id\":\"https:\/\/conversesacatalunya.cat\/es\/10-conflictos-internacionales-2023\/\",\"url\":\"https:\/\/conversesacatalunya.cat\/es\/10-conflictos-internacionales-2023\/\",\"name\":\"10 conflictos internacionales a seguir de cerca este 2023 - Converses a Catalunya\",\"isPartOf\":{\"@id\":\"https:\/\/conversesacatalunya.cat\/#website\"},\"primaryImageOfPage\":{\"@id\":\"https:\/\/conversesacatalunya.cat\/es\/10-conflictos-internacionales-2023\/#primaryimage\"},\"image\":{\"@id\":\"https:\/\/conversesacatalunya.cat\/es\/10-conflictos-internacionales-2023\/#primaryimage\"},\"thumbnailUrl\":\"https:\/\/conversesacatalunya.cat\/wp-content\/uploads\/2023\/01\/107081582-1656406448742-gettyimages-1235801808-ceng-taiwanpr211010_npYGJ-scaled.jpeg\",\"datePublished\":\"2023-01-25T10:11:40+00:00\",\"dateModified\":\"2025-02-03T11:47:51+00:00\",\"author\":{\"@id\":\"https:\/\/conversesacatalunya.cat\/#\/schema\/person\/a389be879add3c93f20de2ba5c6cd64f\"},\"description\":\"(ICG), publica su selecci\u00f3n de los 10 conflictos internacionales que espera que marquen la agenda diplom\u00e1tica de 2023\",\"breadcrumb\":{\"@id\":\"https:\/\/conversesacatalunya.cat\/es\/10-conflictos-internacionales-2023\/#breadcrumb\"},\"inLanguage\":\"es\",\"potentialAction\":[{\"@type\":\"ReadAction\",\"target\":[\"https:\/\/conversesacatalunya.cat\/es\/10-conflictos-internacionales-2023\/\"]}]},{\"@type\":\"ImageObject\",\"inLanguage\":\"es\",\"@id\":\"https:\/\/conversesacatalunya.cat\/es\/10-conflictos-internacionales-2023\/#primaryimage\",\"url\":\"https:\/\/conversesacatalunya.cat\/wp-content\/uploads\/2023\/01\/107081582-1656406448742-gettyimages-1235801808-ceng-taiwanpr211010_npYGJ-scaled.jpeg\",\"contentUrl\":\"https:\/\/conversesacatalunya.cat\/wp-content\/uploads\/2023\/01\/107081582-1656406448742-gettyimages-1235801808-ceng-taiwanpr211010_npYGJ-scaled.jpeg\",\"width\":2560,\"height\":1705},{\"@type\":\"BreadcrumbList\",\"@id\":\"https:\/\/conversesacatalunya.cat\/es\/10-conflictos-internacionales-2023\/#breadcrumb\",\"itemListElement\":[{\"@type\":\"ListItem\",\"position\":1,\"name\":\"Inici\",\"item\":\"https:\/\/conversesacatalunya.cat\/es\/\"},{\"@type\":\"ListItem\",\"position\":2,\"name\":\"10 conflictos internacionales a seguir de cerca este 2023\"}]},{\"@type\":\"WebSite\",\"@id\":\"https:\/\/conversesacatalunya.cat\/#website\",\"url\":\"https:\/\/conversesacatalunya.cat\/\",\"name\":\"Converses a Catalunya\",\"description\":\"\",\"potentialAction\":[{\"@type\":\"SearchAction\",\"target\":{\"@type\":\"EntryPoint\",\"urlTemplate\":\"https:\/\/conversesacatalunya.cat\/?s={search_term_string}\"},\"query-input\":{\"@type\":\"PropertyValueSpecification\",\"valueRequired\":true,\"valueName\":\"search_term_string\"}}],\"inLanguage\":\"es\"},{\"@type\":\"Person\",\"@id\":\"https:\/\/conversesacatalunya.cat\/#\/schema\/person\/a389be879add3c93f20de2ba5c6cd64f\",\"name\":\"M\u00edriam G\u00f3mez\",\"image\":{\"@type\":\"ImageObject\",\"inLanguage\":\"es\",\"@id\":\"https:\/\/conversesacatalunya.cat\/#\/schema\/person\/image\/\",\"url\":\"https:\/\/conversesacatalunya.cat\/wp-content\/litespeed\/avatar\/b2786fd40dddedcb7a6ff6142becbc33.jpg?ver=1777296537\",\"contentUrl\":\"https:\/\/conversesacatalunya.cat\/wp-content\/litespeed\/avatar\/b2786fd40dddedcb7a6ff6142becbc33.jpg?ver=1777296537\",\"caption\":\"M\u00edriam G\u00f3mez\"},\"url\":\"https:\/\/conversesacatalunya.cat\/es\/author\/miriam-gomez\/\"}]}<\/script>\n<!-- \/ Yoast SEO plugin. -->","yoast_head_json":{"title":"10 conflictos internacionales a seguir de cerca este 2023 - Converses a Catalunya","description":"(ICG), publica su selecci\u00f3n de los 10 conflictos internacionales que espera que marquen la agenda diplom\u00e1tica de 2023","robots":{"index":"index","follow":"follow","max-snippet":"max-snippet:-1","max-image-preview":"max-image-preview:large","max-video-preview":"max-video-preview:-1"},"canonical":"https:\/\/conversesacatalunya.cat\/es\/10-conflictos-internacionales-2023\/","og_locale":"es_ES","og_type":"article","og_title":"10 conflictos internacionales a seguir de cerca este 2023 - Converses a Catalunya","og_description":"(ICG), publica su selecci\u00f3n de los 10 conflictos internacionales que espera que marquen la agenda diplom\u00e1tica de 2023","og_url":"https:\/\/conversesacatalunya.cat\/es\/10-conflictos-internacionales-2023\/","og_site_name":"Converses a Catalunya","article_published_time":"2023-01-25T10:11:40+00:00","article_modified_time":"2025-02-03T11:47:51+00:00","og_image":[{"width":2560,"height":1705,"url":"https:\/\/conversesacatalunya.cat\/wp-content\/uploads\/2023\/01\/107081582-1656406448742-gettyimages-1235801808-ceng-taiwanpr211010_npYGJ-scaled.jpeg","type":"image\/jpeg"}],"author":"M\u00edriam G\u00f3mez","twitter_card":"summary_large_image","twitter_misc":{"Escrito por":"M\u00edriam G\u00f3mez","Tiempo de lectura":"6 minutos"},"schema":{"@context":"https:\/\/schema.org","@graph":[{"@type":"Article","@id":"https:\/\/conversesacatalunya.cat\/es\/10-conflictos-internacionales-2023\/#article","isPartOf":{"@id":"https:\/\/conversesacatalunya.cat\/es\/10-conflictos-internacionales-2023\/"},"author":{"name":"M\u00edriam G\u00f3mez","@id":"https:\/\/conversesacatalunya.cat\/#\/schema\/person\/a389be879add3c93f20de2ba5c6cd64f"},"headline":"10 conflictos internacionales a seguir de cerca este 2023","datePublished":"2023-01-25T10:11:40+00:00","dateModified":"2025-02-03T11:47:51+00:00","mainEntityOfPage":{"@id":"https:\/\/conversesacatalunya.cat\/es\/10-conflictos-internacionales-2023\/"},"wordCount":1204,"commentCount":0,"image":{"@id":"https:\/\/conversesacatalunya.cat\/es\/10-conflictos-internacionales-2023\/#primaryimage"},"thumbnailUrl":"https:\/\/conversesacatalunya.cat\/wp-content\/uploads\/2023\/01\/107081582-1656406448742-gettyimages-1235801808-ceng-taiwanpr211010_npYGJ-scaled.jpeg","keywords":["conflictes internacionals"],"articleSection":["Punts clau del dia (ES)"],"inLanguage":"es","potentialAction":[{"@type":"CommentAction","name":"Comment","target":["https:\/\/conversesacatalunya.cat\/es\/10-conflictos-internacionales-2023\/#respond"]}]},{"@type":"WebPage","@id":"https:\/\/conversesacatalunya.cat\/es\/10-conflictos-internacionales-2023\/","url":"https:\/\/conversesacatalunya.cat\/es\/10-conflictos-internacionales-2023\/","name":"10 conflictos internacionales a seguir de cerca este 2023 - Converses a Catalunya","isPartOf":{"@id":"https:\/\/conversesacatalunya.cat\/#website"},"primaryImageOfPage":{"@id":"https:\/\/conversesacatalunya.cat\/es\/10-conflictos-internacionales-2023\/#primaryimage"},"image":{"@id":"https:\/\/conversesacatalunya.cat\/es\/10-conflictos-internacionales-2023\/#primaryimage"},"thumbnailUrl":"https:\/\/conversesacatalunya.cat\/wp-content\/uploads\/2023\/01\/107081582-1656406448742-gettyimages-1235801808-ceng-taiwanpr211010_npYGJ-scaled.jpeg","datePublished":"2023-01-25T10:11:40+00:00","dateModified":"2025-02-03T11:47:51+00:00","author":{"@id":"https:\/\/conversesacatalunya.cat\/#\/schema\/person\/a389be879add3c93f20de2ba5c6cd64f"},"description":"(ICG), publica su selecci\u00f3n de los 10 conflictos internacionales que espera que marquen la agenda diplom\u00e1tica de 2023","breadcrumb":{"@id":"https:\/\/conversesacatalunya.cat\/es\/10-conflictos-internacionales-2023\/#breadcrumb"},"inLanguage":"es","potentialAction":[{"@type":"ReadAction","target":["https:\/\/conversesacatalunya.cat\/es\/10-conflictos-internacionales-2023\/"]}]},{"@type":"ImageObject","inLanguage":"es","@id":"https:\/\/conversesacatalunya.cat\/es\/10-conflictos-internacionales-2023\/#primaryimage","url":"https:\/\/conversesacatalunya.cat\/wp-content\/uploads\/2023\/01\/107081582-1656406448742-gettyimages-1235801808-ceng-taiwanpr211010_npYGJ-scaled.jpeg","contentUrl":"https:\/\/conversesacatalunya.cat\/wp-content\/uploads\/2023\/01\/107081582-1656406448742-gettyimages-1235801808-ceng-taiwanpr211010_npYGJ-scaled.jpeg","width":2560,"height":1705},{"@type":"BreadcrumbList","@id":"https:\/\/conversesacatalunya.cat\/es\/10-conflictos-internacionales-2023\/#breadcrumb","itemListElement":[{"@type":"ListItem","position":1,"name":"Inici","item":"https:\/\/conversesacatalunya.cat\/es\/"},{"@type":"ListItem","position":2,"name":"10 conflictos internacionales a seguir de cerca este 2023"}]},{"@type":"WebSite","@id":"https:\/\/conversesacatalunya.cat\/#website","url":"https:\/\/conversesacatalunya.cat\/","name":"Converses a Catalunya","description":"","potentialAction":[{"@type":"SearchAction","target":{"@type":"EntryPoint","urlTemplate":"https:\/\/conversesacatalunya.cat\/?s={search_term_string}"},"query-input":{"@type":"PropertyValueSpecification","valueRequired":true,"valueName":"search_term_string"}}],"inLanguage":"es"},{"@type":"Person","@id":"https:\/\/conversesacatalunya.cat\/#\/schema\/person\/a389be879add3c93f20de2ba5c6cd64f","name":"M\u00edriam G\u00f3mez","image":{"@type":"ImageObject","inLanguage":"es","@id":"https:\/\/conversesacatalunya.cat\/#\/schema\/person\/image\/","url":"https:\/\/conversesacatalunya.cat\/wp-content\/litespeed\/avatar\/b2786fd40dddedcb7a6ff6142becbc33.jpg?ver=1777296537","contentUrl":"https:\/\/conversesacatalunya.cat\/wp-content\/litespeed\/avatar\/b2786fd40dddedcb7a6ff6142becbc33.jpg?ver=1777296537","caption":"M\u00edriam G\u00f3mez"},"url":"https:\/\/conversesacatalunya.cat\/es\/author\/miriam-gomez\/"}]}},"wps_subtitle":"Sin duda, el principal foco de tensi\u00f3n mundial se sit\u00faa sobre Ucrania, pero \u00e9ste no es ni mucho menos el \u00fanico lugar caliente del escenario global","_links":{"self":[{"href":"https:\/\/conversesacatalunya.cat\/es\/wp-json\/wp\/v2\/posts\/64068","targetHints":{"allow":["GET"]}}],"collection":[{"href":"https:\/\/conversesacatalunya.cat\/es\/wp-json\/wp\/v2\/posts"}],"about":[{"href":"https:\/\/conversesacatalunya.cat\/es\/wp-json\/wp\/v2\/types\/post"}],"author":[{"embeddable":true,"href":"https:\/\/conversesacatalunya.cat\/es\/wp-json\/wp\/v2\/users\/56"}],"replies":[{"embeddable":true,"href":"https:\/\/conversesacatalunya.cat\/es\/wp-json\/wp\/v2\/comments?post=64068"}],"version-history":[{"count":10,"href":"https:\/\/conversesacatalunya.cat\/es\/wp-json\/wp\/v2\/posts\/64068\/revisions"}],"predecessor-version":[{"id":85326,"href":"https:\/\/conversesacatalunya.cat\/es\/wp-json\/wp\/v2\/posts\/64068\/revisions\/85326"}],"wp:featuredmedia":[{"embeddable":true,"href":"https:\/\/conversesacatalunya.cat\/es\/wp-json\/wp\/v2\/media\/64059"}],"wp:attachment":[{"href":"https:\/\/conversesacatalunya.cat\/es\/wp-json\/wp\/v2\/media?parent=64068"}],"wp:term":[{"taxonomy":"category","embeddable":true,"href":"https:\/\/conversesacatalunya.cat\/es\/wp-json\/wp\/v2\/categories?post=64068"},{"taxonomy":"post_tag","embeddable":true,"href":"https:\/\/conversesacatalunya.cat\/es\/wp-json\/wp\/v2\/tags?post=64068"}],"curies":[{"name":"wp","href":"https:\/\/api.w.org\/{rel}","templated":true}]}}