{"id":63993,"date":"2023-01-23T13:30:43","date_gmt":"2023-01-23T12:30:43","guid":{"rendered":"https:\/\/conversesacatalunya.cat\/?p=63993"},"modified":"2023-01-23T13:30:43","modified_gmt":"2023-01-23T12:30:43","slug":"la-partitocracia-del-pp-de-feijoo","status":"publish","type":"post","link":"https:\/\/conversesacatalunya.cat\/es\/la-partitocracia-del-pp-de-feijoo\/","title":{"rendered":"La partitocracia del PP de Feij\u00f3o"},"content":{"rendered":"<p>El problema pol\u00edtico clave en Espa\u00f1a es la<strong> partitocracia<\/strong>; es decir, la transformaci\u00f3n de la democracia en un r\u00e9gimen de partidos convertidos en fines en s\u00ed mismo, en lugar de configurar los canales privilegiados a trav\u00e9s de los cuales llega la opini\u00f3n de los ciudadanos y configura el poder y sus decisiones.<\/p>\n<p>Los partidos convertidos en fines en s\u00ed mismos significa que <strong>todo se reduce a una lucha por el poder de la c\u00fapula dirigente<\/strong> en un momento determinado, que tiene como misi\u00f3n alimentar a los suyos cuando ha ganado o bien darles perspectivas de victoria cuando no ocupa el gobierno.<\/p>\n<p>En este juego, donde adem\u00e1s los partidos tienen un n\u00famero muy limitado de afiliados, la ciudadan\u00eda queda al margen y es percibida en muchos casos como <strong>un estorbo o una masa a manipula<\/strong>r. La causa fundamental, aunque no \u00fanica, de esta situaci\u00f3n, es <strong>la ley electoral con listas <a href=\"https:\/\/conversesacatalunya.cat\/es\/candidatos-mal-conocidos-por-sus-propios-partidos\/\" target=\"_blank\" rel=\"noopener\">cerradas<\/a> y bloqueadas.<\/strong><\/p>\n<blockquote><p><strong>Cabe se\u00f1alar que los partidos est\u00e1n encantados con esta f\u00f3rmula tan imperfecta de representaci\u00f3n<\/strong><\/p><\/blockquote>\n<p>Cabe se\u00f1alar que los partidos est\u00e1n encantados con esta f\u00f3rmula tan imperfecta de representaci\u00f3n que pr\u00e1cticamente ha sido liquidada de todo el mundo occidental. Y <strong>el hechizo es compartido por los nuevos partidos<\/strong>, aquellos que ven\u00edan a reformarlo todo, o conquistar el cielo. Es l\u00f3gico, es el mejor negocio para sus c\u00fapulas.<\/p>\n<p>Ahora <strong>Feij\u00f3o,<\/strong> que presenta al PP como un partido reformista que quiere mejorar la calidad institucional del pa\u00eds, presentar\u00e1, como elemento estrella de este proyecto el <strong>\u00abplan de calidad institucional\u00bb<\/strong> en la reuni\u00f3n que se lleva a cabo en C\u00e1diz, la iniciativa que <strong>gobierne la lista m\u00e1s votada.<\/strong><\/p>\n<h3>Este planteamiento de calidad institucional no tiene nada.<\/h3>\n<p>La combinaci\u00f3n de las listas cerradas y bloqueadas con este a\u00f1adido acentuar\u00eda a la partitocracia hasta l\u00edmites extraordinarios y tendr\u00edamos gobiernos con una m\u00ednima representaci\u00f3n legalmente democr\u00e1ticos, pero<strong> leg\u00edtimamente impresentables.<\/strong><\/p>\n<p>Feij\u00f3o no apuesta por la calidad institucional, sino por intentar asegurarse un argumento para gobernar, dado que <strong>S\u00e1nchez tiene un espacio de pacto mucho mayor que \u00e9l<\/strong>. \u00c9sta es la verdad cruda y dura.<\/p>\n<p>Si el PP quiere ganarse la imagen de un renovador de la vida pol\u00edtica espa\u00f1ola, de la mejora de la calidad institucional absolutamente necesaria, debe empezar por<strong> liquidar las malditas listas cerradas y bloqueadas.<\/strong><\/p>\n<p>Debe hacerlo eficientemente contemplando que la Constituci\u00f3n exige la proporcionalidad en el sistema electoral, pero en este mundo todo est\u00e1 inventado.<\/p>\n<p>Es posible dotar de poder real al voto ciudadano, es decir que la elecci\u00f3n del diputado dependa de una circunscripci\u00f3n en la que el elector elige directamente a quien quiere,<strong> en lugar de votar a una lista de la que desconoce la mayor parte de miembros<\/strong>. De esta forma el diputado debe responder ante su electorado porque es \u00e9l quien le dar\u00e1 o no la continuidad en el esca\u00f1o.<\/p>\n<blockquote><p><strong>Alemania tiene un modelo que combina la proporcionalidad con la elecci\u00f3n directa de diputados<\/strong><\/p><\/blockquote>\n<p>Alemania posee un modelo que combina la proporcionalidad con la elecci\u00f3n directa de diputados. Lo hace por medio de un <strong>doble voto<\/strong>, uno que es puramente proporcional y sirve para elegir a diputados de acuerdo con las listas de cada partido. Y el otro es por circunscripciones personales, como si fuera un sistema mayoritario en el que el elector opta por la persona que m\u00e1s le interesa.<\/p>\n<p>Si por lo menos la mitad del Congreso es elegido por esta segunda f\u00f3rmula, la representatividad queda totalmente mejorada y la partitocracia puesta en evidencia. Y<strong> si el sistema alem\u00e1n no gusta, que lo adapten o que utilicen cualquiera de los otros que existen<\/strong> que hacen posible que el poder lo tenga el ciudadano y su voto, y no el partido pol\u00edtico.<\/p>\n<span class='bctt-click-to-tweet'><span class='bctt-ctt-text'><a href='https:\/\/twitter.com\/intent\/tweet?url=https%3A%2F%2Fconversesacatalunya.cat%2Fes%2Fla-partitocracia-del-pp-de-feijoo%2F&#038;text=Cabe%20se%C3%B1alar%20que%20los%20partidos%20est%C3%A1n%20encantados%20con%20esta%20f%C3%B3rmula%20tan%20imperfecta%20de%20representaci%C3%B3n&#038;via=conversesacat&#038;related=conversesacat' target='_blank'rel=\"noopener noreferrer\">Cabe se\u00f1alar que los partidos est\u00e1n encantados con esta f\u00f3rmula tan imperfecta de representaci\u00f3n <\/a><\/span><a href='https:\/\/twitter.com\/intent\/tweet?url=https%3A%2F%2Fconversesacatalunya.cat%2Fes%2Fla-partitocracia-del-pp-de-feijoo%2F&#038;text=Cabe%20se%C3%B1alar%20que%20los%20partidos%20est%C3%A1n%20encantados%20con%20esta%20f%C3%B3rmula%20tan%20imperfecta%20de%20representaci%C3%B3n&#038;via=conversesacat&#038;related=conversesacat' target='_blank' class='bctt-ctt-btn'rel=\"noopener noreferrer\">Compartir en X<\/a><\/span>\n<div id=\"polls-182\" class=\"wp-polls\">\n\t<form id=\"polls_form_182\" class=\"wp-polls-form\" action=\"\/index.php\" method=\"post\">\n\t\t<p style=\"display: none;\"><input type=\"hidden\" id=\"poll_182_nonce\" name=\"wp-polls-nonce\" value=\"d34a0f5aa4\" \/><\/p>\n\t\t<p style=\"display: none;\"><input type=\"hidden\" name=\"poll_id\" value=\"182\" \/><\/p>\n\t\t<p style=\"text-align: center\"><strong>Despr\u00e9s de la manifestaci\u00f3 independentista d'ahir dijous 19 de gener, creieu que el proc\u00e9s est\u00e0 acabat tal com afirma S\u00e1nchez?<\/strong><\/p><div id=\"polls-182-ans\" class=\"wp-polls-ans\"><ul class=\"wp-polls-ul\">\n\t\t<li><input type=\"radio\" id=\"poll-answer-490\" name=\"poll_182\" value=\"490\" \/> <label for=\"poll-answer-490\">S\u00ed<\/label><\/li>\n\t\t<li><input type=\"radio\" id=\"poll-answer-491\" name=\"poll_182\" value=\"491\" \/> <label for=\"poll-answer-491\">No<\/label><\/li>\n\t\t<li><input type=\"radio\" id=\"poll-answer-492\" name=\"poll_182\" value=\"492\" \/> <label for=\"poll-answer-492\">Possiblement<\/label><\/li>\n\t\t<li><input type=\"radio\" id=\"poll-answer-493\" name=\"poll_182\" value=\"493\" \/> <label for=\"poll-answer-493\">No ho s\u00e9<\/label><\/li>\n\t\t<\/ul><p style=\"text-align: center\"><input type=\"button\" name=\"vote\" value=\"   Vota   \" class=\"Buttons\" onclick=\"poll_vote(182);\" \/><\/p><p style=\"text-align: center\"><a href=\"#ViewPollResults\" onclick=\"poll_result(182); return false;\" title=\"View Results Of This Poll\">Mira els resultats<\/a><\/p><\/div>\n\t<\/form>\n<\/div>\n<div id=\"polls-182-loading\" class=\"wp-polls-loading\"><img decoding=\"async\" data-src=\"https:\/\/conversesacatalunya.cat\/wp-content\/plugins\/wp-polls\/images\/loading.gif\" width=\"16\" height=\"16\" alt=\"Cargando ...\" title=\"Cargando ...\" class=\"wp-polls-image lazyload\" src=\"data:image\/svg+xml;base64,PHN2ZyB3aWR0aD0iMSIgaGVpZ2h0PSIxIiB4bWxucz0iaHR0cDovL3d3dy53My5vcmcvMjAwMC9zdmciPjwvc3ZnPg==\" style=\"--smush-placeholder-width: 16px; --smush-placeholder-aspect-ratio: 16\/16;\" \/>&nbsp;Cargando ...<\/div>\n\n","protected":false},"excerpt":{"rendered":"<p>El problema pol\u00edtico clave en Espa\u00f1a es la partitocracia; es decir, la transformaci\u00f3n de la democracia en un r\u00e9gimen de partidos convertidos en fines en s\u00ed mismo, en lugar de configurar los canales privilegiados a trav\u00e9s de los cuales llega la opini\u00f3n de los ciudadanos y configura el poder y sus decisiones. Los partidos convertidos en fines en s\u00ed mismos significa que todo se reduce a una lucha por el poder de la c\u00fapula dirigente en un momento determinado, que tiene como misi\u00f3n alimentar a los suyos cuando ha ganado o bien darles perspectivas de victoria cuando no ocupa el gobierno. En este juego, donde adem\u00e1s los partidos tienen un n\u00famero muy limitado de afiliados, la ciudadan\u00eda queda al margen y es percibida en muchos casos como un estorbo o una masa a manipular. La causa fundamental, aunque no \u00fanica, de esta situaci\u00f3n, es la ley electoral con listas cerradas y bloqueadas. Cabe se\u00f1alar que los partidos est\u00e1n encantados con esta f\u00f3rmula tan imperfecta de representaci\u00f3n Cabe se\u00f1alar que los partidos est\u00e1n encantados con esta f\u00f3rmula tan imperfecta de representaci\u00f3n que pr\u00e1cticamente ha sido liquidada de todo el mundo occidental. Y el hechizo es compartido por los nuevos partidos, aquellos que ven\u00edan a reformarlo todo, o conquistar el cielo. Es l\u00f3gico, es el mejor negocio para sus c\u00fapulas. Ahora Feij\u00f3o, que presenta al PP como un partido reformista que quiere mejorar la calidad institucional del pa\u00eds, presentar\u00e1, como elemento estrella de este proyecto el \u00abplan de calidad institucional\u00bb en la reuni\u00f3n que se lleva a cabo en C\u00e1diz, la iniciativa que gobierne la lista m\u00e1s votada. Este planteamiento de calidad institucional no tiene nada. La combinaci\u00f3n de las listas cerradas y bloqueadas con este a\u00f1adido acentuar\u00eda a la partitocracia hasta l\u00edmites extraordinarios y tendr\u00edamos gobiernos con una m\u00ednima representaci\u00f3n legalmente democr\u00e1ticos, pero leg\u00edtimamente impresentables. Feij\u00f3o no apuesta por la calidad institucional, sino por intentar asegurarse un argumento para gobernar, dado que S\u00e1nchez tiene un espacio de pacto mucho mayor que \u00e9l. \u00c9sta es la verdad cruda y dura. Si el PP quiere ganarse la imagen de un renovador de la vida pol\u00edtica espa\u00f1ola, de la mejora de la calidad institucional absolutamente necesaria, debe empezar por liquidar las malditas listas cerradas y bloqueadas. Debe hacerlo eficientemente contemplando que la Constituci\u00f3n exige la proporcionalidad en el sistema electoral, pero en este mundo todo est\u00e1 inventado. Es posible dotar de poder real al voto ciudadano, es decir que la elecci\u00f3n del diputado dependa de una circunscripci\u00f3n en la que el elector elige directamente a quien quiere, en lugar de votar a una lista de la que desconoce la mayor parte de miembros. De esta forma el diputado debe responder ante su electorado porque es \u00e9l quien le dar\u00e1 o no la continuidad en el esca\u00f1o. Alemania tiene un modelo que combina la proporcionalidad con la elecci\u00f3n directa de diputados Alemania posee un modelo que combina la proporcionalidad con la elecci\u00f3n directa de diputados. Lo hace por medio de un doble voto, uno que es puramente proporcional y sirve para elegir a diputados de acuerdo con las listas de cada partido. Y el otro es por circunscripciones personales, como si fuera un sistema mayoritario en el que el elector opta por la persona que m\u00e1s le interesa. Si por lo menos la mitad del Congreso es elegido por esta segunda f\u00f3rmula, la representatividad queda totalmente mejorada y la partitocracia puesta en evidencia. Y si el sistema alem\u00e1n no gusta, que lo adapten o que utilicen cualquiera de los otros que existen que hacen posible que el poder lo tenga el ciudadano y su voto, y no el partido pol\u00edtico.<\/p>\n","protected":false},"author":27,"featured_media":63991,"comment_status":"open","ping_status":"open","sticky":false,"template":"","format":"standard","meta":{"_FSMCFIC_featured_image_caption":"","_FSMCFIC_featured_image_nocaption":"","_FSMCFIC_featured_image_hide":"","footnotes":""},"categories":[806],"tags":[4920,1359],"class_list":["post-63993","post","type-post","status-publish","format-standard","has-post-thumbnail","hentry","category-punts-claus-del-dia-es","tag-llei-electoral-es","tag-pp-es"],"yoast_head":"<!-- This site is optimized with the Yoast SEO plugin v26.8 - https:\/\/yoast.com\/product\/yoast-seo-wordpress\/ -->\n<title>\u00bfQu\u00e9 son las listas cerradas y bloqueadas?<\/title>\n<meta name=\"description\" content=\"Si el PP quiere ganarse la imagen de un renovador de la pol\u00edtica espa\u00f1ola, debe empezar por liquidar las listas cerradas y bloqueadas.\" \/>\n<meta name=\"robots\" content=\"index, follow, max-snippet:-1, max-image-preview:large, max-video-preview:-1\" \/>\n<link rel=\"canonical\" href=\"https:\/\/conversesacatalunya.cat\/es\/la-partitocracia-del-pp-de-feijoo\/\" \/>\n<meta property=\"og:locale\" content=\"es_ES\" \/>\n<meta property=\"og:type\" content=\"article\" \/>\n<meta property=\"og:title\" content=\"\u00bfQu\u00e9 son las listas cerradas y bloqueadas?\" \/>\n<meta property=\"og:description\" content=\"Si el PP quiere ganarse la imagen de un renovador de la pol\u00edtica espa\u00f1ola, debe empezar por liquidar las listas cerradas y bloqueadas.\" \/>\n<meta property=\"og:url\" content=\"https:\/\/conversesacatalunya.cat\/es\/la-partitocracia-del-pp-de-feijoo\/\" \/>\n<meta property=\"og:site_name\" content=\"Converses a Catalunya\" \/>\n<meta property=\"article:published_time\" content=\"2023-01-23T12:30:43+00:00\" \/>\n<meta property=\"og:image\" content=\"https:\/\/conversesacatalunya.cat\/wp-content\/uploads\/2023\/01\/vote-ged919c3d3_640.jpg\" \/>\n\t<meta property=\"og:image:width\" content=\"640\" \/>\n\t<meta property=\"og:image:height\" content=\"427\" \/>\n\t<meta property=\"og:image:type\" content=\"image\/jpeg\" \/>\n<meta name=\"author\" content=\"Ricard Mestres\" \/>\n<meta name=\"twitter:card\" content=\"summary_large_image\" \/>\n<meta name=\"twitter:label1\" content=\"Escrito por\" \/>\n\t<meta name=\"twitter:data1\" content=\"Ricard Mestres\" \/>\n\t<meta name=\"twitter:label2\" content=\"Tiempo de lectura\" \/>\n\t<meta name=\"twitter:data2\" content=\"3 minutos\" \/>\n<script type=\"application\/ld+json\" class=\"yoast-schema-graph\">{\"@context\":\"https:\/\/schema.org\",\"@graph\":[{\"@type\":\"Article\",\"@id\":\"https:\/\/conversesacatalunya.cat\/es\/la-partitocracia-del-pp-de-feijoo\/#article\",\"isPartOf\":{\"@id\":\"https:\/\/conversesacatalunya.cat\/es\/la-partitocracia-del-pp-de-feijoo\/\"},\"author\":{\"name\":\"Ricard Mestres\",\"@id\":\"https:\/\/conversesacatalunya.cat\/#\/schema\/person\/0a88695f42cfb1eca908cc451762146b\"},\"headline\":\"La partitocracia del PP de Feij\u00f3o\",\"datePublished\":\"2023-01-23T12:30:43+00:00\",\"mainEntityOfPage\":{\"@id\":\"https:\/\/conversesacatalunya.cat\/es\/la-partitocracia-del-pp-de-feijoo\/\"},\"wordCount\":688,\"commentCount\":0,\"image\":{\"@id\":\"https:\/\/conversesacatalunya.cat\/es\/la-partitocracia-del-pp-de-feijoo\/#primaryimage\"},\"thumbnailUrl\":\"https:\/\/conversesacatalunya.cat\/wp-content\/uploads\/2023\/01\/vote-ged919c3d3_640.jpg\",\"keywords\":[\"Llei electoral\",\"PP\"],\"articleSection\":[\"Punts clau del dia (ES)\"],\"inLanguage\":\"es\",\"potentialAction\":[{\"@type\":\"CommentAction\",\"name\":\"Comment\",\"target\":[\"https:\/\/conversesacatalunya.cat\/es\/la-partitocracia-del-pp-de-feijoo\/#respond\"]}]},{\"@type\":\"WebPage\",\"@id\":\"https:\/\/conversesacatalunya.cat\/es\/la-partitocracia-del-pp-de-feijoo\/\",\"url\":\"https:\/\/conversesacatalunya.cat\/es\/la-partitocracia-del-pp-de-feijoo\/\",\"name\":\"\u00bfQu\u00e9 son las listas cerradas y bloqueadas?\",\"isPartOf\":{\"@id\":\"https:\/\/conversesacatalunya.cat\/#website\"},\"primaryImageOfPage\":{\"@id\":\"https:\/\/conversesacatalunya.cat\/es\/la-partitocracia-del-pp-de-feijoo\/#primaryimage\"},\"image\":{\"@id\":\"https:\/\/conversesacatalunya.cat\/es\/la-partitocracia-del-pp-de-feijoo\/#primaryimage\"},\"thumbnailUrl\":\"https:\/\/conversesacatalunya.cat\/wp-content\/uploads\/2023\/01\/vote-ged919c3d3_640.jpg\",\"datePublished\":\"2023-01-23T12:30:43+00:00\",\"author\":{\"@id\":\"https:\/\/conversesacatalunya.cat\/#\/schema\/person\/0a88695f42cfb1eca908cc451762146b\"},\"description\":\"Si el PP quiere ganarse la imagen de un renovador de la pol\u00edtica espa\u00f1ola, debe empezar por liquidar las listas cerradas y bloqueadas.\",\"breadcrumb\":{\"@id\":\"https:\/\/conversesacatalunya.cat\/es\/la-partitocracia-del-pp-de-feijoo\/#breadcrumb\"},\"inLanguage\":\"es\",\"potentialAction\":[{\"@type\":\"ReadAction\",\"target\":[\"https:\/\/conversesacatalunya.cat\/es\/la-partitocracia-del-pp-de-feijoo\/\"]}]},{\"@type\":\"ImageObject\",\"inLanguage\":\"es\",\"@id\":\"https:\/\/conversesacatalunya.cat\/es\/la-partitocracia-del-pp-de-feijoo\/#primaryimage\",\"url\":\"https:\/\/conversesacatalunya.cat\/wp-content\/uploads\/2023\/01\/vote-ged919c3d3_640.jpg\",\"contentUrl\":\"https:\/\/conversesacatalunya.cat\/wp-content\/uploads\/2023\/01\/vote-ged919c3d3_640.jpg\",\"width\":640,\"height\":427,\"caption\":\"llistes tancades i bloquejades\"},{\"@type\":\"BreadcrumbList\",\"@id\":\"https:\/\/conversesacatalunya.cat\/es\/la-partitocracia-del-pp-de-feijoo\/#breadcrumb\",\"itemListElement\":[{\"@type\":\"ListItem\",\"position\":1,\"name\":\"Inici\",\"item\":\"https:\/\/conversesacatalunya.cat\/es\/\"},{\"@type\":\"ListItem\",\"position\":2,\"name\":\"La partitocracia del PP de Feij\u00f3o\"}]},{\"@type\":\"WebSite\",\"@id\":\"https:\/\/conversesacatalunya.cat\/#website\",\"url\":\"https:\/\/conversesacatalunya.cat\/\",\"name\":\"Converses a Catalunya\",\"description\":\"\",\"potentialAction\":[{\"@type\":\"SearchAction\",\"target\":{\"@type\":\"EntryPoint\",\"urlTemplate\":\"https:\/\/conversesacatalunya.cat\/?s={search_term_string}\"},\"query-input\":{\"@type\":\"PropertyValueSpecification\",\"valueRequired\":true,\"valueName\":\"search_term_string\"}}],\"inLanguage\":\"es\"},{\"@type\":\"Person\",\"@id\":\"https:\/\/conversesacatalunya.cat\/#\/schema\/person\/0a88695f42cfb1eca908cc451762146b\",\"name\":\"Ricard Mestres\",\"image\":{\"@type\":\"ImageObject\",\"inLanguage\":\"es\",\"@id\":\"https:\/\/conversesacatalunya.cat\/#\/schema\/person\/image\/\",\"url\":\"https:\/\/conversesacatalunya.cat\/wp-content\/litespeed\/avatar\/c4aa477c37df297548ad16b396f161bd.jpg?ver=1777373933\",\"contentUrl\":\"https:\/\/conversesacatalunya.cat\/wp-content\/litespeed\/avatar\/c4aa477c37df297548ad16b396f161bd.jpg?ver=1777373933\",\"caption\":\"Ricard Mestres\"},\"url\":\"https:\/\/conversesacatalunya.cat\/es\/author\/ricard-mestres\/\"}]}<\/script>\n<!-- \/ Yoast SEO plugin. -->","yoast_head_json":{"title":"\u00bfQu\u00e9 son las listas cerradas y bloqueadas?","description":"Si el PP quiere ganarse la imagen de un renovador de la pol\u00edtica espa\u00f1ola, debe empezar por liquidar las listas cerradas y bloqueadas.","robots":{"index":"index","follow":"follow","max-snippet":"max-snippet:-1","max-image-preview":"max-image-preview:large","max-video-preview":"max-video-preview:-1"},"canonical":"https:\/\/conversesacatalunya.cat\/es\/la-partitocracia-del-pp-de-feijoo\/","og_locale":"es_ES","og_type":"article","og_title":"\u00bfQu\u00e9 son las listas cerradas y bloqueadas?","og_description":"Si el PP quiere ganarse la imagen de un renovador de la pol\u00edtica espa\u00f1ola, debe empezar por liquidar las listas cerradas y bloqueadas.","og_url":"https:\/\/conversesacatalunya.cat\/es\/la-partitocracia-del-pp-de-feijoo\/","og_site_name":"Converses a Catalunya","article_published_time":"2023-01-23T12:30:43+00:00","og_image":[{"width":640,"height":427,"url":"https:\/\/conversesacatalunya.cat\/wp-content\/uploads\/2023\/01\/vote-ged919c3d3_640.jpg","type":"image\/jpeg"}],"author":"Ricard Mestres","twitter_card":"summary_large_image","twitter_misc":{"Escrito por":"Ricard Mestres","Tiempo de lectura":"3 minutos"},"schema":{"@context":"https:\/\/schema.org","@graph":[{"@type":"Article","@id":"https:\/\/conversesacatalunya.cat\/es\/la-partitocracia-del-pp-de-feijoo\/#article","isPartOf":{"@id":"https:\/\/conversesacatalunya.cat\/es\/la-partitocracia-del-pp-de-feijoo\/"},"author":{"name":"Ricard Mestres","@id":"https:\/\/conversesacatalunya.cat\/#\/schema\/person\/0a88695f42cfb1eca908cc451762146b"},"headline":"La partitocracia del PP de Feij\u00f3o","datePublished":"2023-01-23T12:30:43+00:00","mainEntityOfPage":{"@id":"https:\/\/conversesacatalunya.cat\/es\/la-partitocracia-del-pp-de-feijoo\/"},"wordCount":688,"commentCount":0,"image":{"@id":"https:\/\/conversesacatalunya.cat\/es\/la-partitocracia-del-pp-de-feijoo\/#primaryimage"},"thumbnailUrl":"https:\/\/conversesacatalunya.cat\/wp-content\/uploads\/2023\/01\/vote-ged919c3d3_640.jpg","keywords":["Llei electoral","PP"],"articleSection":["Punts clau del dia (ES)"],"inLanguage":"es","potentialAction":[{"@type":"CommentAction","name":"Comment","target":["https:\/\/conversesacatalunya.cat\/es\/la-partitocracia-del-pp-de-feijoo\/#respond"]}]},{"@type":"WebPage","@id":"https:\/\/conversesacatalunya.cat\/es\/la-partitocracia-del-pp-de-feijoo\/","url":"https:\/\/conversesacatalunya.cat\/es\/la-partitocracia-del-pp-de-feijoo\/","name":"\u00bfQu\u00e9 son las listas cerradas y bloqueadas?","isPartOf":{"@id":"https:\/\/conversesacatalunya.cat\/#website"},"primaryImageOfPage":{"@id":"https:\/\/conversesacatalunya.cat\/es\/la-partitocracia-del-pp-de-feijoo\/#primaryimage"},"image":{"@id":"https:\/\/conversesacatalunya.cat\/es\/la-partitocracia-del-pp-de-feijoo\/#primaryimage"},"thumbnailUrl":"https:\/\/conversesacatalunya.cat\/wp-content\/uploads\/2023\/01\/vote-ged919c3d3_640.jpg","datePublished":"2023-01-23T12:30:43+00:00","author":{"@id":"https:\/\/conversesacatalunya.cat\/#\/schema\/person\/0a88695f42cfb1eca908cc451762146b"},"description":"Si el PP quiere ganarse la imagen de un renovador de la pol\u00edtica espa\u00f1ola, debe empezar por liquidar las listas cerradas y bloqueadas.","breadcrumb":{"@id":"https:\/\/conversesacatalunya.cat\/es\/la-partitocracia-del-pp-de-feijoo\/#breadcrumb"},"inLanguage":"es","potentialAction":[{"@type":"ReadAction","target":["https:\/\/conversesacatalunya.cat\/es\/la-partitocracia-del-pp-de-feijoo\/"]}]},{"@type":"ImageObject","inLanguage":"es","@id":"https:\/\/conversesacatalunya.cat\/es\/la-partitocracia-del-pp-de-feijoo\/#primaryimage","url":"https:\/\/conversesacatalunya.cat\/wp-content\/uploads\/2023\/01\/vote-ged919c3d3_640.jpg","contentUrl":"https:\/\/conversesacatalunya.cat\/wp-content\/uploads\/2023\/01\/vote-ged919c3d3_640.jpg","width":640,"height":427,"caption":"llistes tancades i bloquejades"},{"@type":"BreadcrumbList","@id":"https:\/\/conversesacatalunya.cat\/es\/la-partitocracia-del-pp-de-feijoo\/#breadcrumb","itemListElement":[{"@type":"ListItem","position":1,"name":"Inici","item":"https:\/\/conversesacatalunya.cat\/es\/"},{"@type":"ListItem","position":2,"name":"La partitocracia del PP de Feij\u00f3o"}]},{"@type":"WebSite","@id":"https:\/\/conversesacatalunya.cat\/#website","url":"https:\/\/conversesacatalunya.cat\/","name":"Converses a Catalunya","description":"","potentialAction":[{"@type":"SearchAction","target":{"@type":"EntryPoint","urlTemplate":"https:\/\/conversesacatalunya.cat\/?s={search_term_string}"},"query-input":{"@type":"PropertyValueSpecification","valueRequired":true,"valueName":"search_term_string"}}],"inLanguage":"es"},{"@type":"Person","@id":"https:\/\/conversesacatalunya.cat\/#\/schema\/person\/0a88695f42cfb1eca908cc451762146b","name":"Ricard Mestres","image":{"@type":"ImageObject","inLanguage":"es","@id":"https:\/\/conversesacatalunya.cat\/#\/schema\/person\/image\/","url":"https:\/\/conversesacatalunya.cat\/wp-content\/litespeed\/avatar\/c4aa477c37df297548ad16b396f161bd.jpg?ver=1777373933","contentUrl":"https:\/\/conversesacatalunya.cat\/wp-content\/litespeed\/avatar\/c4aa477c37df297548ad16b396f161bd.jpg?ver=1777373933","caption":"Ricard Mestres"},"url":"https:\/\/conversesacatalunya.cat\/es\/author\/ricard-mestres\/"}]}},"wps_subtitle":"Si el sistema alem\u00e1n no gusta, que lo adapten o que utilicen cualquier otro que ya existe y que hace posible que el poder lo tenga el ciudadano y su voto, y no el partido pol\u00edtico","_links":{"self":[{"href":"https:\/\/conversesacatalunya.cat\/es\/wp-json\/wp\/v2\/posts\/63993","targetHints":{"allow":["GET"]}}],"collection":[{"href":"https:\/\/conversesacatalunya.cat\/es\/wp-json\/wp\/v2\/posts"}],"about":[{"href":"https:\/\/conversesacatalunya.cat\/es\/wp-json\/wp\/v2\/types\/post"}],"author":[{"embeddable":true,"href":"https:\/\/conversesacatalunya.cat\/es\/wp-json\/wp\/v2\/users\/27"}],"replies":[{"embeddable":true,"href":"https:\/\/conversesacatalunya.cat\/es\/wp-json\/wp\/v2\/comments?post=63993"}],"version-history":[{"count":5,"href":"https:\/\/conversesacatalunya.cat\/es\/wp-json\/wp\/v2\/posts\/63993\/revisions"}],"predecessor-version":[{"id":63994,"href":"https:\/\/conversesacatalunya.cat\/es\/wp-json\/wp\/v2\/posts\/63993\/revisions\/63994"}],"wp:featuredmedia":[{"embeddable":true,"href":"https:\/\/conversesacatalunya.cat\/es\/wp-json\/wp\/v2\/media\/63991"}],"wp:attachment":[{"href":"https:\/\/conversesacatalunya.cat\/es\/wp-json\/wp\/v2\/media?parent=63993"}],"wp:term":[{"taxonomy":"category","embeddable":true,"href":"https:\/\/conversesacatalunya.cat\/es\/wp-json\/wp\/v2\/categories?post=63993"},{"taxonomy":"post_tag","embeddable":true,"href":"https:\/\/conversesacatalunya.cat\/es\/wp-json\/wp\/v2\/tags?post=63993"}],"curies":[{"name":"wp","href":"https:\/\/api.w.org\/{rel}","templated":true}]}}