{"id":63925,"date":"2023-01-20T10:43:13","date_gmt":"2023-01-20T09:43:13","guid":{"rendered":"https:\/\/conversesacatalunya.cat\/forum-davos\/"},"modified":"2023-01-20T12:50:20","modified_gmt":"2023-01-20T11:50:20","slug":"foro-davos-2023","status":"publish","type":"post","link":"https:\/\/conversesacatalunya.cat\/es\/foro-davos-2023\/","title":{"rendered":"\u00bfQui\u00e9n ha ido (y quien no) al Foro de Davos?"},"content":{"rendered":"<p><span>La edici\u00f3n de este a\u00f1o del c\u00e9lebre encuentro en la estaci\u00f3n de esqu\u00ed de los Alpes no ha tenido tanto impacto medi\u00e1tico como la del a\u00f1o anterior, pero la reuni\u00f3n anual del\u00a0<\/span><strong><span>Foro Econ\u00f3mico Mundial<\/span><\/strong><span> no deja de ser un excelente escaparate para <\/span><strong><span>conocer mejor el pensamiento de las \u00e9lites pol\u00edticas y econ\u00f3micas, y analizar c\u00f3mo perciben las grandes tendencias del mundo<\/span><\/strong><span>\u00a0.<\/span><\/p>\n<h4><span>Y de hecho, una tendencia que se dibuja de la actual edici\u00f3n (del 16 al 20 de enero), es precisamente los <\/span><strong><span>importantes cambios en la lista de participantes<\/span><\/strong><span>.<\/span><\/h4>\n<p><span>Si bien Davos 2023\u00a0<\/span><a href=\"https:\/\/www.politico.eu\/article\/davos-world-economic-forum-guest-list-politics-business\/\" target=\"_blank\" rel=\"noopener\"><span>cuenta<\/span><\/a><span>\u00a0entre sus invitados con 52 jefes de estado y de gobierno, los principales l\u00edderes pol\u00edticos mundiales est\u00e1n ausentes:\u00a0<\/span><strong><span>ni el estadounidense Joe Biden, ni sus hom\u00f3logos chino Xi Jinping y ruso Vladimir Putin, participan en \u00e9l<\/span><\/strong><span>.<\/span><\/p>\n<p><strong><span>Emmanuel Macron<\/span><\/strong><span>, pese a ser un ac\u00e9rrimo defensor de este tipo de iniciativas globales, tampoco est\u00e1 presente (se puede entender si se tiene en cuenta lo que se juega con su nuevo\u00a0<\/span><a href=\"https:\/\/conversesacatalunya.cat\/es\/macron-francia-reformar-pensiones\/\" target=\"_blank\" rel=\"noopener\"><span>intento<\/span><\/a><span>\u00a0de reformar las pensiones francesas).\u00a0Lo mismo sucede con el nuevo primer ministro brit\u00e1nico <\/span><strong><span>Rishi Sunak<\/span><\/strong><span>, a pesar de tener, como Macron, fuertes afinidades naturales con el evento.<\/span><\/p>\n<p><span>Los mandatarios que en cambio s\u00ed han hecho acto de presencia son el canciller alem\u00e1n\u00a0<\/span><strong><span>Olaf Scholz<\/span><\/strong><span>\u00a0(el \u00fanico jefe de gobierno de un pa\u00eds del G7) y el presidente del gobierno espa\u00f1ol\u00a0<\/span><strong><span>Pedro S\u00e1nchez<\/span><\/strong><span>, omnipresente en la escena internacional.\u00a0Tambi\u00e9n ha acudido la presidenta de la Comisi\u00f3n Europea,\u00a0<\/span><strong><span>Ursula von der Leyen<\/span><\/strong><span>.<\/span><\/p>\n<p><span>Menci\u00f3n particular merece S\u00e1nchez, quien el a\u00f1o pasado hizo una intervenci\u00f3n ante un auditorio pr\u00e1cticamente vac\u00edo (aunque seg\u00fan dicen los entendidos, no es de extra\u00f1ar que los participantes en el Foro de Davos no hagan acto de presencia en pr\u00e1cticamente ninguna intervenci\u00f3n, ni tan siquiera los perfiles de primer nivel).<\/span><\/p>\n<p><span>En su intervenci\u00f3n en el plenario del martes,\u00a0<\/span><strong><span>el mandatario espa\u00f1ol recibi\u00f3 los\u00a0<\/span><a href=\"https:\/\/cadenaser.com\/nacional\/2023\/01\/17\/la-gestion-del-gobierno-de-sanchez-elogiada-en-el-foro-economico-de-davos-enhorabuena-por-los-buenos-resultados-economicos-no-pasa-lo-mismo-en-el-resto-del-mundo-cadena-ser\/\" target=\"_blank\" rel=\"noopener\"><span>elogios<\/span><\/a><span>\u00a0del director del Foro, B\u00f8rge Brende<\/span><\/strong><span> , quien le dio la enhorabuena \u00abpor los buenos resultados econ\u00f3micos\u00bb, ya que \u00abno sucede lo mismo en el resto del mundo\u00bb.<\/span><\/p>\n<p><span>Puede costar creer, sobre todo por los que se miran con detalle los\u00a0<\/span><a href=\"https:\/\/conversesacatalunya.cat\/es\/pese-a-la-vicepresidenta-calvino-no-se-ve-luz-al-final-del-tunel\/\" target=\"_blank\" rel=\"noopener\"><span>datos macroecon\u00f3micos espa\u00f1oles<\/span><\/a><span>, pero da una idea de la\u00a0<\/span><strong><span>desconexi\u00f3n que puede haber entre la informaci\u00f3n que llega y se discute en Davos y la realidad<\/span><\/strong><span>.<\/span><\/p>\n<p><span>Los otros grandes ausentes del evento de este a\u00f1o son los empresarios (ahora \u201coligarcas\u201d) rusos.\u00a0Seg\u00fan las fuentes informadas,\u00a0<\/span><strong><span>desde el fin de la Guerra Fr\u00eda el contingente de Rusia era particularmente numeroso y adem\u00e1s muy activo en Davos<\/span><\/strong><span>: seg\u00fan se dice, eran el alma de las fiestas (por decirlo delicadamente) celebradas en la estaci\u00f3n alpina. Evidentemente, su participaci\u00f3n resulta imposible por las sanciones impuestas a ra\u00edz de la invasi\u00f3n rusa de Ucrania.<\/span><\/p>\n<p><span>Dejando a un lado el caso ruso y el descenso del n\u00famero de cargos pol\u00edticos presentes,\u00a0<\/span><strong><span>cabe destacar que la cantidad de ejecutivos empresariales se encuentra, en cambio, en pleno boom<\/span><\/strong><span>.\u00a0De hecho, este a\u00f1o participan en Davos m\u00e1s de 600 directores generales o equivalentes de grandes empresas y un total de 1.500 ejecutivos de alto nivel.\u00a0La gran mayor\u00eda provenientes de Estados Unidos, seguidos por los europeos.<\/span><\/p>\n<p><strong><span>La presencia asi\u00e1tica, en cambio, ha sido comparativamente marginal<\/span><\/strong><span>. Dato seguramente revelador de que el modelo actual de globalizaci\u00f3n occidental est\u00e1 llegando a su fin. Desde esa perspectiva, Davos se ir\u00eda convertido poco a poco en un evento desfasado y alejado del nuevo foco econ\u00f3mico mundial.\u00a0Quiz\u00e1s las ausencias pol\u00edticas de este a\u00f1o se explican por este mismo fen\u00f3meno.<\/span><\/p>\n<span class='bctt-click-to-tweet'><span class='bctt-ctt-text'><a href='https:\/\/twitter.com\/intent\/tweet?url=https%3A%2F%2Fconversesacatalunya.cat%2Fes%2Fforo-davos-2023%2F&#038;text=Puede%20costar%20creer%2C%20sobre%20todo%20para%20los%20que%20se%20miran%20con%20detalle%20los%20datos%20macroecon%C3%B3micos%20espa%C3%B1oles%2C%20pero%20da%20una%20idea%20de%20la%20desconexi%C3%B3n%20que%20puede%20haber%20entre%20la%20informaci%C3%B3n%20que%20llega%20y%20se%20discute%20en%20Davos%20y%20la%20realidad&#038;via=conversesacat&#038;related=conversesacat' target='_blank'rel=\"noopener noreferrer\">Puede costar creer, sobre todo para los que se miran con detalle los datos macroecon\u00f3micos espa\u00f1oles, pero da una idea de la desconexi\u00f3n que puede haber entre la informaci\u00f3n que llega y se discute en Davos y la realidad <\/a><\/span><a href='https:\/\/twitter.com\/intent\/tweet?url=https%3A%2F%2Fconversesacatalunya.cat%2Fes%2Fforo-davos-2023%2F&#038;text=Puede%20costar%20creer%2C%20sobre%20todo%20para%20los%20que%20se%20miran%20con%20detalle%20los%20datos%20macroecon%C3%B3micos%20espa%C3%B1oles%2C%20pero%20da%20una%20idea%20de%20la%20desconexi%C3%B3n%20que%20puede%20haber%20entre%20la%20informaci%C3%B3n%20que%20llega%20y%20se%20discute%20en%20Davos%20y%20la%20realidad&#038;via=conversesacat&#038;related=conversesacat' target='_blank' class='bctt-ctt-btn'rel=\"noopener noreferrer\">Compartir en X<\/a><\/span>\n<div id=\"polls-182\" class=\"wp-polls\">\n\t<form id=\"polls_form_182\" class=\"wp-polls-form\" action=\"\/index.php\" method=\"post\">\n\t\t<p style=\"display: none;\"><input type=\"hidden\" id=\"poll_182_nonce\" name=\"wp-polls-nonce\" value=\"770ef1070e\" \/><\/p>\n\t\t<p style=\"display: none;\"><input type=\"hidden\" name=\"poll_id\" value=\"182\" \/><\/p>\n\t\t<p style=\"text-align: center\"><strong>Despr\u00e9s de la manifestaci\u00f3 independentista d'ahir dijous 19 de gener, creieu que el proc\u00e9s est\u00e0 acabat tal com afirma S\u00e1nchez?<\/strong><\/p><div id=\"polls-182-ans\" class=\"wp-polls-ans\"><ul class=\"wp-polls-ul\">\n\t\t<li><input type=\"radio\" id=\"poll-answer-490\" name=\"poll_182\" value=\"490\" \/> <label for=\"poll-answer-490\">S\u00ed<\/label><\/li>\n\t\t<li><input type=\"radio\" id=\"poll-answer-491\" name=\"poll_182\" value=\"491\" \/> <label for=\"poll-answer-491\">No<\/label><\/li>\n\t\t<li><input type=\"radio\" id=\"poll-answer-492\" name=\"poll_182\" value=\"492\" \/> <label for=\"poll-answer-492\">Possiblement<\/label><\/li>\n\t\t<li><input type=\"radio\" id=\"poll-answer-493\" name=\"poll_182\" value=\"493\" \/> <label for=\"poll-answer-493\">No ho s\u00e9<\/label><\/li>\n\t\t<\/ul><p style=\"text-align: center\"><input type=\"button\" name=\"vote\" value=\"   Vota   \" class=\"Buttons\" onclick=\"poll_vote(182);\" \/><\/p><p style=\"text-align: center\"><a href=\"#ViewPollResults\" onclick=\"poll_result(182); return false;\" title=\"View Results Of This Poll\">Mira els resultats<\/a><\/p><\/div>\n\t<\/form>\n<\/div>\n<div id=\"polls-182-loading\" class=\"wp-polls-loading\"><img decoding=\"async\" data-src=\"https:\/\/conversesacatalunya.cat\/wp-content\/plugins\/wp-polls\/images\/loading.gif\" width=\"16\" height=\"16\" alt=\"Cargando ...\" title=\"Cargando ...\" class=\"wp-polls-image lazyload\" src=\"data:image\/svg+xml;base64,PHN2ZyB3aWR0aD0iMSIgaGVpZ2h0PSIxIiB4bWxucz0iaHR0cDovL3d3dy53My5vcmcvMjAwMC9zdmciPjwvc3ZnPg==\" style=\"--smush-placeholder-width: 16px; --smush-placeholder-aspect-ratio: 16\/16;\" \/>&nbsp;Cargando ...<\/div>\n\n","protected":false},"excerpt":{"rendered":"<p>La edici\u00f3n de este a\u00f1o del c\u00e9lebre encuentro en la estaci\u00f3n de esqu\u00ed de los Alpes no ha tenido tanto impacto medi\u00e1tico como la del a\u00f1o anterior, pero la reuni\u00f3n anual del\u00a0Foro Econ\u00f3mico Mundial no deja de ser un excelente escaparate para conocer mejor el pensamiento de las \u00e9lites pol\u00edticas y econ\u00f3micas, y analizar c\u00f3mo perciben las grandes tendencias del mundo\u00a0. Y de hecho, una tendencia que se dibuja de la actual edici\u00f3n (del 16 al 20 de enero), es precisamente los importantes cambios en la lista de participantes. Si bien Davos 2023\u00a0cuenta\u00a0entre sus invitados con 52 jefes de estado y de gobierno, los principales l\u00edderes pol\u00edticos mundiales est\u00e1n ausentes:\u00a0ni el estadounidense Joe Biden, ni sus hom\u00f3logos chino Xi Jinping y ruso Vladimir Putin, participan en \u00e9l. Emmanuel Macron, pese a ser un ac\u00e9rrimo defensor de este tipo de iniciativas globales, tampoco est\u00e1 presente (se puede entender si se tiene en cuenta lo que se juega con su nuevo\u00a0intento\u00a0de reformar las pensiones francesas).\u00a0Lo mismo sucede con el nuevo primer ministro brit\u00e1nico Rishi Sunak, a pesar de tener, como Macron, fuertes afinidades naturales con el evento. Los mandatarios que en cambio s\u00ed han hecho acto de presencia son el canciller alem\u00e1n\u00a0Olaf Scholz\u00a0(el \u00fanico jefe de gobierno de un pa\u00eds del G7) y el presidente del gobierno espa\u00f1ol\u00a0Pedro S\u00e1nchez, omnipresente en la escena internacional.\u00a0Tambi\u00e9n ha acudido la presidenta de la Comisi\u00f3n Europea,\u00a0Ursula von der Leyen. Menci\u00f3n particular merece S\u00e1nchez, quien el a\u00f1o pasado hizo una intervenci\u00f3n ante un auditorio pr\u00e1cticamente vac\u00edo (aunque seg\u00fan dicen los entendidos, no es de extra\u00f1ar que los participantes en el Foro de Davos no hagan acto de presencia en pr\u00e1cticamente ninguna intervenci\u00f3n, ni tan siquiera los perfiles de primer nivel). En su intervenci\u00f3n en el plenario del martes,\u00a0el mandatario espa\u00f1ol recibi\u00f3 los\u00a0elogios\u00a0del director del Foro, B\u00f8rge Brende , quien le dio la enhorabuena \u00abpor los buenos resultados econ\u00f3micos\u00bb, ya que \u00abno sucede lo mismo en el resto del mundo\u00bb. Puede costar creer, sobre todo por los que se miran con detalle los\u00a0datos macroecon\u00f3micos espa\u00f1oles, pero da una idea de la\u00a0desconexi\u00f3n que puede haber entre la informaci\u00f3n que llega y se discute en Davos y la realidad. Los otros grandes ausentes del evento de este a\u00f1o son los empresarios (ahora \u201coligarcas\u201d) rusos.\u00a0Seg\u00fan las fuentes informadas,\u00a0desde el fin de la Guerra Fr\u00eda el contingente de Rusia era particularmente numeroso y adem\u00e1s muy activo en Davos: seg\u00fan se dice, eran el alma de las fiestas (por decirlo delicadamente) celebradas en la estaci\u00f3n alpina. Evidentemente, su participaci\u00f3n resulta imposible por las sanciones impuestas a ra\u00edz de la invasi\u00f3n rusa de Ucrania. Dejando a un lado el caso ruso y el descenso del n\u00famero de cargos pol\u00edticos presentes,\u00a0cabe destacar que la cantidad de ejecutivos empresariales se encuentra, en cambio, en pleno boom.\u00a0De hecho, este a\u00f1o participan en Davos m\u00e1s de 600 directores generales o equivalentes de grandes empresas y un total de 1.500 ejecutivos de alto nivel.\u00a0La gran mayor\u00eda provenientes de Estados Unidos, seguidos por los europeos. La presencia asi\u00e1tica, en cambio, ha sido comparativamente marginal. Dato seguramente revelador de que el modelo actual de globalizaci\u00f3n occidental est\u00e1 llegando a su fin. Desde esa perspectiva, Davos se ir\u00eda convertido poco a poco en un evento desfasado y alejado del nuevo foco econ\u00f3mico mundial.\u00a0Quiz\u00e1s las ausencias pol\u00edticas de este a\u00f1o se explican por este mismo fen\u00f3meno.<\/p>\n","protected":false},"author":75,"featured_media":63880,"comment_status":"open","ping_status":"open","sticky":false,"template":"","format":"standard","meta":{"_FSMCFIC_featured_image_caption":"","_FSMCFIC_featured_image_nocaption":"","_FSMCFIC_featured_image_hide":"","footnotes":""},"categories":[806],"tags":[1835,2892,1157],"class_list":["post-63925","post","type-post","status-publish","format-standard","has-post-thumbnail","hentry","category-punts-claus-del-dia-es","tag-davos-es","tag-globalizacion","tag-pedro-sanchez-es"],"yoast_head":"<!-- This site is optimized with the Yoast SEO plugin v26.8 - https:\/\/yoast.com\/product\/yoast-seo-wordpress\/ -->\n<title>\u00bfQui\u00e9n ha ido (y quien no) al Foro de Davos? - Converses a Catalunya<\/title>\n<meta name=\"description\" content=\"Si bien Davos 2023 cuenta entre sus invitados con 52 presidentes de estado y de gobierno, los principales l\u00edderes mundiales no han asistido\" \/>\n<meta name=\"robots\" content=\"index, follow, max-snippet:-1, max-image-preview:large, max-video-preview:-1\" \/>\n<link rel=\"canonical\" href=\"https:\/\/conversesacatalunya.cat\/es\/foro-davos-2023\/\" \/>\n<meta property=\"og:locale\" content=\"es_ES\" \/>\n<meta property=\"og:type\" content=\"article\" \/>\n<meta property=\"og:title\" content=\"\u00bfQui\u00e9n ha ido (y quien no) al Foro de Davos? - Converses a Catalunya\" \/>\n<meta property=\"og:description\" content=\"Si bien Davos 2023 cuenta entre sus invitados con 52 presidentes de estado y de gobierno, los principales l\u00edderes mundiales no han asistido\" \/>\n<meta property=\"og:url\" content=\"https:\/\/conversesacatalunya.cat\/es\/foro-davos-2023\/\" \/>\n<meta property=\"og:site_name\" content=\"Converses a Catalunya\" \/>\n<meta property=\"article:published_time\" content=\"2023-01-20T09:43:13+00:00\" \/>\n<meta property=\"article:modified_time\" content=\"2023-01-20T11:50:20+00:00\" \/>\n<meta property=\"og:image\" content=\"https:\/\/conversesacatalunya.cat\/wp-content\/uploads\/2023\/01\/Captura-de-pantalla-2023-01-18-a-les-21.13.20.png\" \/>\n\t<meta property=\"og:image:width\" content=\"556\" \/>\n\t<meta property=\"og:image:height\" content=\"337\" \/>\n\t<meta property=\"og:image:type\" content=\"image\/png\" \/>\n<meta name=\"author\" content=\"Carles L\u00f3pez\" \/>\n<meta name=\"twitter:card\" content=\"summary_large_image\" \/>\n<meta name=\"twitter:label1\" content=\"Escrito por\" \/>\n\t<meta name=\"twitter:data1\" content=\"Carles L\u00f3pez\" \/>\n\t<meta name=\"twitter:label2\" content=\"Tiempo de lectura\" \/>\n\t<meta name=\"twitter:data2\" content=\"3 minutos\" \/>\n<script type=\"application\/ld+json\" class=\"yoast-schema-graph\">{\"@context\":\"https:\/\/schema.org\",\"@graph\":[{\"@type\":\"Article\",\"@id\":\"https:\/\/conversesacatalunya.cat\/es\/foro-davos-2023\/#article\",\"isPartOf\":{\"@id\":\"https:\/\/conversesacatalunya.cat\/es\/foro-davos-2023\/\"},\"author\":{\"name\":\"Carles L\u00f3pez\",\"@id\":\"https:\/\/conversesacatalunya.cat\/#\/schema\/person\/3ce2ab16c0a3803086d80722c7cad56a\"},\"headline\":\"\u00bfQui\u00e9n ha ido (y quien no) al Foro de Davos?\",\"datePublished\":\"2023-01-20T09:43:13+00:00\",\"dateModified\":\"2023-01-20T11:50:20+00:00\",\"mainEntityOfPage\":{\"@id\":\"https:\/\/conversesacatalunya.cat\/es\/foro-davos-2023\/\"},\"wordCount\":693,\"commentCount\":0,\"image\":{\"@id\":\"https:\/\/conversesacatalunya.cat\/es\/foro-davos-2023\/#primaryimage\"},\"thumbnailUrl\":\"https:\/\/conversesacatalunya.cat\/wp-content\/uploads\/2023\/01\/Captura-de-pantalla-2023-01-18-a-les-21.13.20.png\",\"keywords\":[\"Davos\",\"globalizaci\u00f3n\",\"Pedro S\u00e1nchez\"],\"articleSection\":[\"Punts clau del dia (ES)\"],\"inLanguage\":\"es\",\"potentialAction\":[{\"@type\":\"CommentAction\",\"name\":\"Comment\",\"target\":[\"https:\/\/conversesacatalunya.cat\/es\/foro-davos-2023\/#respond\"]}]},{\"@type\":\"WebPage\",\"@id\":\"https:\/\/conversesacatalunya.cat\/es\/foro-davos-2023\/\",\"url\":\"https:\/\/conversesacatalunya.cat\/es\/foro-davos-2023\/\",\"name\":\"\u00bfQui\u00e9n ha ido (y quien no) al Foro de Davos? - Converses a Catalunya\",\"isPartOf\":{\"@id\":\"https:\/\/conversesacatalunya.cat\/#website\"},\"primaryImageOfPage\":{\"@id\":\"https:\/\/conversesacatalunya.cat\/es\/foro-davos-2023\/#primaryimage\"},\"image\":{\"@id\":\"https:\/\/conversesacatalunya.cat\/es\/foro-davos-2023\/#primaryimage\"},\"thumbnailUrl\":\"https:\/\/conversesacatalunya.cat\/wp-content\/uploads\/2023\/01\/Captura-de-pantalla-2023-01-18-a-les-21.13.20.png\",\"datePublished\":\"2023-01-20T09:43:13+00:00\",\"dateModified\":\"2023-01-20T11:50:20+00:00\",\"author\":{\"@id\":\"https:\/\/conversesacatalunya.cat\/#\/schema\/person\/3ce2ab16c0a3803086d80722c7cad56a\"},\"description\":\"Si bien Davos 2023 cuenta entre sus invitados con 52 presidentes de estado y de gobierno, los principales l\u00edderes mundiales no han asistido\",\"breadcrumb\":{\"@id\":\"https:\/\/conversesacatalunya.cat\/es\/foro-davos-2023\/#breadcrumb\"},\"inLanguage\":\"es\",\"potentialAction\":[{\"@type\":\"ReadAction\",\"target\":[\"https:\/\/conversesacatalunya.cat\/es\/foro-davos-2023\/\"]}]},{\"@type\":\"ImageObject\",\"inLanguage\":\"es\",\"@id\":\"https:\/\/conversesacatalunya.cat\/es\/foro-davos-2023\/#primaryimage\",\"url\":\"https:\/\/conversesacatalunya.cat\/wp-content\/uploads\/2023\/01\/Captura-de-pantalla-2023-01-18-a-les-21.13.20.png\",\"contentUrl\":\"https:\/\/conversesacatalunya.cat\/wp-content\/uploads\/2023\/01\/Captura-de-pantalla-2023-01-18-a-les-21.13.20.png\",\"width\":556,\"height\":337,\"caption\":\"Davos\"},{\"@type\":\"BreadcrumbList\",\"@id\":\"https:\/\/conversesacatalunya.cat\/es\/foro-davos-2023\/#breadcrumb\",\"itemListElement\":[{\"@type\":\"ListItem\",\"position\":1,\"name\":\"Inici\",\"item\":\"https:\/\/conversesacatalunya.cat\/es\/\"},{\"@type\":\"ListItem\",\"position\":2,\"name\":\"\u00bfQui\u00e9n ha ido (y quien no) al Foro de Davos?\"}]},{\"@type\":\"WebSite\",\"@id\":\"https:\/\/conversesacatalunya.cat\/#website\",\"url\":\"https:\/\/conversesacatalunya.cat\/\",\"name\":\"Converses a Catalunya\",\"description\":\"\",\"potentialAction\":[{\"@type\":\"SearchAction\",\"target\":{\"@type\":\"EntryPoint\",\"urlTemplate\":\"https:\/\/conversesacatalunya.cat\/?s={search_term_string}\"},\"query-input\":{\"@type\":\"PropertyValueSpecification\",\"valueRequired\":true,\"valueName\":\"search_term_string\"}}],\"inLanguage\":\"es\"},{\"@type\":\"Person\",\"@id\":\"https:\/\/conversesacatalunya.cat\/#\/schema\/person\/3ce2ab16c0a3803086d80722c7cad56a\",\"name\":\"Carles L\u00f3pez\",\"image\":{\"@type\":\"ImageObject\",\"inLanguage\":\"es\",\"@id\":\"https:\/\/conversesacatalunya.cat\/#\/schema\/person\/image\/\",\"url\":\"https:\/\/conversesacatalunya.cat\/wp-content\/litespeed\/avatar\/4891585caf2896e97846ab77f06edcf2.jpg?ver=1777091173\",\"contentUrl\":\"https:\/\/conversesacatalunya.cat\/wp-content\/litespeed\/avatar\/4891585caf2896e97846ab77f06edcf2.jpg?ver=1777091173\",\"caption\":\"Carles L\u00f3pez\"},\"url\":\"https:\/\/conversesacatalunya.cat\/es\/author\/carles-lopez\/\"}]}<\/script>\n<!-- \/ Yoast SEO plugin. -->","yoast_head_json":{"title":"\u00bfQui\u00e9n ha ido (y quien no) al Foro de Davos? - Converses a Catalunya","description":"Si bien Davos 2023 cuenta entre sus invitados con 52 presidentes de estado y de gobierno, los principales l\u00edderes mundiales no han asistido","robots":{"index":"index","follow":"follow","max-snippet":"max-snippet:-1","max-image-preview":"max-image-preview:large","max-video-preview":"max-video-preview:-1"},"canonical":"https:\/\/conversesacatalunya.cat\/es\/foro-davos-2023\/","og_locale":"es_ES","og_type":"article","og_title":"\u00bfQui\u00e9n ha ido (y quien no) al Foro de Davos? - Converses a Catalunya","og_description":"Si bien Davos 2023 cuenta entre sus invitados con 52 presidentes de estado y de gobierno, los principales l\u00edderes mundiales no han asistido","og_url":"https:\/\/conversesacatalunya.cat\/es\/foro-davos-2023\/","og_site_name":"Converses a Catalunya","article_published_time":"2023-01-20T09:43:13+00:00","article_modified_time":"2023-01-20T11:50:20+00:00","og_image":[{"width":556,"height":337,"url":"https:\/\/conversesacatalunya.cat\/wp-content\/uploads\/2023\/01\/Captura-de-pantalla-2023-01-18-a-les-21.13.20.png","type":"image\/png"}],"author":"Carles L\u00f3pez","twitter_card":"summary_large_image","twitter_misc":{"Escrito por":"Carles L\u00f3pez","Tiempo de lectura":"3 minutos"},"schema":{"@context":"https:\/\/schema.org","@graph":[{"@type":"Article","@id":"https:\/\/conversesacatalunya.cat\/es\/foro-davos-2023\/#article","isPartOf":{"@id":"https:\/\/conversesacatalunya.cat\/es\/foro-davos-2023\/"},"author":{"name":"Carles L\u00f3pez","@id":"https:\/\/conversesacatalunya.cat\/#\/schema\/person\/3ce2ab16c0a3803086d80722c7cad56a"},"headline":"\u00bfQui\u00e9n ha ido (y quien no) al Foro de Davos?","datePublished":"2023-01-20T09:43:13+00:00","dateModified":"2023-01-20T11:50:20+00:00","mainEntityOfPage":{"@id":"https:\/\/conversesacatalunya.cat\/es\/foro-davos-2023\/"},"wordCount":693,"commentCount":0,"image":{"@id":"https:\/\/conversesacatalunya.cat\/es\/foro-davos-2023\/#primaryimage"},"thumbnailUrl":"https:\/\/conversesacatalunya.cat\/wp-content\/uploads\/2023\/01\/Captura-de-pantalla-2023-01-18-a-les-21.13.20.png","keywords":["Davos","globalizaci\u00f3n","Pedro S\u00e1nchez"],"articleSection":["Punts clau del dia (ES)"],"inLanguage":"es","potentialAction":[{"@type":"CommentAction","name":"Comment","target":["https:\/\/conversesacatalunya.cat\/es\/foro-davos-2023\/#respond"]}]},{"@type":"WebPage","@id":"https:\/\/conversesacatalunya.cat\/es\/foro-davos-2023\/","url":"https:\/\/conversesacatalunya.cat\/es\/foro-davos-2023\/","name":"\u00bfQui\u00e9n ha ido (y quien no) al Foro de Davos? - Converses a Catalunya","isPartOf":{"@id":"https:\/\/conversesacatalunya.cat\/#website"},"primaryImageOfPage":{"@id":"https:\/\/conversesacatalunya.cat\/es\/foro-davos-2023\/#primaryimage"},"image":{"@id":"https:\/\/conversesacatalunya.cat\/es\/foro-davos-2023\/#primaryimage"},"thumbnailUrl":"https:\/\/conversesacatalunya.cat\/wp-content\/uploads\/2023\/01\/Captura-de-pantalla-2023-01-18-a-les-21.13.20.png","datePublished":"2023-01-20T09:43:13+00:00","dateModified":"2023-01-20T11:50:20+00:00","author":{"@id":"https:\/\/conversesacatalunya.cat\/#\/schema\/person\/3ce2ab16c0a3803086d80722c7cad56a"},"description":"Si bien Davos 2023 cuenta entre sus invitados con 52 presidentes de estado y de gobierno, los principales l\u00edderes mundiales no han asistido","breadcrumb":{"@id":"https:\/\/conversesacatalunya.cat\/es\/foro-davos-2023\/#breadcrumb"},"inLanguage":"es","potentialAction":[{"@type":"ReadAction","target":["https:\/\/conversesacatalunya.cat\/es\/foro-davos-2023\/"]}]},{"@type":"ImageObject","inLanguage":"es","@id":"https:\/\/conversesacatalunya.cat\/es\/foro-davos-2023\/#primaryimage","url":"https:\/\/conversesacatalunya.cat\/wp-content\/uploads\/2023\/01\/Captura-de-pantalla-2023-01-18-a-les-21.13.20.png","contentUrl":"https:\/\/conversesacatalunya.cat\/wp-content\/uploads\/2023\/01\/Captura-de-pantalla-2023-01-18-a-les-21.13.20.png","width":556,"height":337,"caption":"Davos"},{"@type":"BreadcrumbList","@id":"https:\/\/conversesacatalunya.cat\/es\/foro-davos-2023\/#breadcrumb","itemListElement":[{"@type":"ListItem","position":1,"name":"Inici","item":"https:\/\/conversesacatalunya.cat\/es\/"},{"@type":"ListItem","position":2,"name":"\u00bfQui\u00e9n ha ido (y quien no) al Foro de Davos?"}]},{"@type":"WebSite","@id":"https:\/\/conversesacatalunya.cat\/#website","url":"https:\/\/conversesacatalunya.cat\/","name":"Converses a Catalunya","description":"","potentialAction":[{"@type":"SearchAction","target":{"@type":"EntryPoint","urlTemplate":"https:\/\/conversesacatalunya.cat\/?s={search_term_string}"},"query-input":{"@type":"PropertyValueSpecification","valueRequired":true,"valueName":"search_term_string"}}],"inLanguage":"es"},{"@type":"Person","@id":"https:\/\/conversesacatalunya.cat\/#\/schema\/person\/3ce2ab16c0a3803086d80722c7cad56a","name":"Carles L\u00f3pez","image":{"@type":"ImageObject","inLanguage":"es","@id":"https:\/\/conversesacatalunya.cat\/#\/schema\/person\/image\/","url":"https:\/\/conversesacatalunya.cat\/wp-content\/litespeed\/avatar\/4891585caf2896e97846ab77f06edcf2.jpg?ver=1777091173","contentUrl":"https:\/\/conversesacatalunya.cat\/wp-content\/litespeed\/avatar\/4891585caf2896e97846ab77f06edcf2.jpg?ver=1777091173","caption":"Carles L\u00f3pez"},"url":"https:\/\/conversesacatalunya.cat\/es\/author\/carles-lopez\/"}]}},"wps_subtitle":"La reuni\u00f3n anual del Foro Econ\u00f3mico Mundial es un excelente escaparate para conocer mejor el pensamiento de las \u00e9lites pol\u00edticas y econ\u00f3micas, y analizar c\u00f3mo perciben las grandes tendencias del mundo","_links":{"self":[{"href":"https:\/\/conversesacatalunya.cat\/es\/wp-json\/wp\/v2\/posts\/63925","targetHints":{"allow":["GET"]}}],"collection":[{"href":"https:\/\/conversesacatalunya.cat\/es\/wp-json\/wp\/v2\/posts"}],"about":[{"href":"https:\/\/conversesacatalunya.cat\/es\/wp-json\/wp\/v2\/types\/post"}],"author":[{"embeddable":true,"href":"https:\/\/conversesacatalunya.cat\/es\/wp-json\/wp\/v2\/users\/75"}],"replies":[{"embeddable":true,"href":"https:\/\/conversesacatalunya.cat\/es\/wp-json\/wp\/v2\/comments?post=63925"}],"version-history":[{"count":2,"href":"https:\/\/conversesacatalunya.cat\/es\/wp-json\/wp\/v2\/posts\/63925\/revisions"}],"predecessor-version":[{"id":63930,"href":"https:\/\/conversesacatalunya.cat\/es\/wp-json\/wp\/v2\/posts\/63925\/revisions\/63930"}],"wp:featuredmedia":[{"embeddable":true,"href":"https:\/\/conversesacatalunya.cat\/es\/wp-json\/wp\/v2\/media\/63880"}],"wp:attachment":[{"href":"https:\/\/conversesacatalunya.cat\/es\/wp-json\/wp\/v2\/media?parent=63925"}],"wp:term":[{"taxonomy":"category","embeddable":true,"href":"https:\/\/conversesacatalunya.cat\/es\/wp-json\/wp\/v2\/categories?post=63925"},{"taxonomy":"post_tag","embeddable":true,"href":"https:\/\/conversesacatalunya.cat\/es\/wp-json\/wp\/v2\/tags?post=63925"}],"curies":[{"name":"wp","href":"https:\/\/api.w.org\/{rel}","templated":true}]}}