{"id":63840,"date":"2023-01-17T13:18:03","date_gmt":"2023-01-17T12:18:03","guid":{"rendered":"https:\/\/conversesacatalunya.cat\/colau-continua-avancant-superilla\/"},"modified":"2023-01-18T15:36:53","modified_gmt":"2023-01-18T14:36:53","slug":"colau-continua-avanzando-supermanzana","status":"publish","type":"post","link":"https:\/\/conversesacatalunya.cat\/es\/colau-continua-avanzando-supermanzana\/","title":{"rendered":"Colau sigue avanzando a toda m\u00e1quina con su modelo de ciudad. \u00bfQu\u00e9 hace Collboni?"},"content":{"rendered":"<p><span class=\"\">Cuando ya son pocos los meses que faltan para llegar a las\u00a0<\/span><strong><span class=\"\">elecciones<\/span><\/strong><span class=\"\">, Colau pisa el acelerador de su modelo de ciudad con un intento de\u00a0<\/span><strong><span class=\"\">hacer irreversibles<\/span><\/strong><span class=\"\">\u00a0cuestiones tan controvertidas como la\u00a0<\/span><strong><span class=\"\">supermanzana de Barcelona<\/span><\/strong><span class=\"\"> y la abundancia de carriles bici, aunque la afluencia en muchos de ellos no lo justifica.<\/span><\/p>\n<p>En esta din\u00e1mica sorprende que\u00a0\u00a0<strong>Collboni<\/strong>, que quiere presentarse como sustituto alternativo de Colau, siga manteniendo el perfil bajo que caracteriza toda su vida municipal por lo que deja hacer a Colau sin decir esa boca es m\u00eda. Naturalmente, este hecho le resta toda credibilidad y lo presenta como un aliado necesario de la alcaldesa y en todo caso como un <strong>continuador de sus obras.\u00a0<\/strong>Porque es evidente que las declaraciones que puede hacer en un momento determinado no significan nada junto a sus obras en el gobierno municipal y su continuada luz verde a todas las iniciativas del proyecto Colau para Barcelona.<\/p>\n<p>Ahora mismo, a pesar de que el pleno decidi\u00f3\u00a0<strong><a href=\"https:\/\/conversesacatalunya.cat\/es\/supermanzana-suspendida\/\" target=\"_blank\" rel=\"noopener\">suspender temporalmente<\/a><\/strong>\u00a0futuras actuaciones sobre la supermanzana, una decisi\u00f3n que poco significa porque no paraliz\u00f3 las obras de la calle Consell de Cent, que son las que est\u00e1n en marcha, se ve a la vez fuertemente contradicho por la intenci\u00f3n del gobierno municipal de regular ya desde ahora un\u00a0<strong>plan de usos<\/strong> para la calle Consell de Cent y para los restantes ejes verdes, a fin de limitar la apertura de bares en estos espacios.<\/p>\n<p>Con esta medida, argumentaba Janet Sanz, teniente de alcalde de Urbanismo, quieren evitar que los ejes llamados verdes sean devorados por el monocultivo comercial, la masificaci\u00f3n tur\u00edstica y la expulsi\u00f3n del comercio tradicional y de proximidad.\u00a0De hecho, es un reconocimiento de la otra amenaza que la supermanzana del Eixample generar\u00e1.\u00a0Una es evidente, y la calle Valencia es un claro s\u00edmbolo: el aumento de la congesti\u00f3n automovil\u00edstica y el aumento extraordinario de la contaminaci\u00f3n y los ruidos, al recibir gran parte de los veh\u00edculos que no pueden circular por Consell de Cent.\u00a0Pero la otra amenaza en una ciudad de las caracter\u00edsticas de Barcelona es precisamente la que, mal que bien, intenta evitar el plan de usos: su gentrificaci\u00f3n y colonizaci\u00f3n por parte del turismo con todo lo que comporta de transforaci\u00f3n de residentes y actividades comerciales.<\/p>\n<p>Por tanto, la conclusi\u00f3n es clara:\u00a0<strong>el gobierno Colau-Collboni no piensa detener las supermanzanas<\/strong>, y tambi\u00e9n acotaci\u00f3n colateral, pero no menos importante, incluso los ejes verdes son en s\u00ed mismos una amenaza para lo que significan de desequilibrio en el espacio urbano del Eixample.<\/p>\n<p>Tambi\u00e9n se\u00a0<strong>aceleran los carriles bici<\/strong>\u00a0con nueve tramos adicionales que se inician ahora o que ya han comenzado.\u00a0Buena parte de ellos son muy conflictivos porque estrangular\u00e1n a\u00fan m\u00e1s la circulaci\u00f3n.\u00a0Son los casos de la avenida Diagonal entre el parque Cervantes y la Facultad de Empresariales, que afectan a una de las principales salidas de Barcelona.\u00a0El otro tambi\u00e9n en un eje estrat\u00e9gico, como es la V\u00eda Augusta entre Laforja y Dolors Puigcerd\u00e0.\u00a0Estas dos ya est\u00e1n comenzadas y se a\u00f1adir\u00e1n otras, s\u00ed, entre las que destacan por su conflictividad y extensi\u00f3n la que va de la Gran V\u00eda entre la plaza Espa\u00f1a y la plaza Cerd\u00e0, otra salida b\u00e1sica de la ciudad, y el primer tramo del Paseo Maragall.<\/p>\n<p>Es incuestionable que\u00a0<strong>Colau piensa seguir con su proyecto<\/strong>, aunque el deterioro que causa sobre la ciudad es evidente.\u00a0La cuesti\u00f3n es si la reacci\u00f3n contraria, ampliamente mayoritaria porque se sit\u00faa entre el 60% y el 70% de la opini\u00f3n de los ciudadanos, es capaz de converger en una alternativa lo suficientemente fuerte y no fraccionada para impedir que, a pesar de ser minor\u00eda, Colau\u00a0<a href=\"https:\/\/conversesacatalunya.cat\/es\/trias-gana-pero-colau-puede-volver-a-gobernar\/\" target=\"_blank\" rel=\"noopener\">pueda continuar en el futuro gobernando la ciudad<\/a>\u00a0.<\/p>\n<h5><strong>Rellena el formulario adjunto si quieres adherirte a\u00a0<\/strong><strong><em>la\u00a0<a href=\"https:\/\/conversesacatalunya.cat\/es\/salvem-el-pla-cerda-i-leixample\/\" target=\"_blank\" rel=\"noopener\">Declaraci\u00f3n de Converses a Catalunya<\/a>\u00a0\u201cSalvemos el Plan Cerd\u00e0.\u00a0Salvamos el Eixample\u201d.<\/em><\/strong><\/h5>\n\n<div class=\"wpcf7 no-js\" id=\"wpcf7-f49444-o1\" lang=\"es-ES\" dir=\"ltr\" data-wpcf7-id=\"49444\">\n<div class=\"screen-reader-response\"><p role=\"status\" aria-live=\"polite\" aria-atomic=\"true\"><\/p> <ul><\/ul><\/div>\n<form action=\"\/es\/wp-json\/wp\/v2\/posts\/63840#wpcf7-f49444-o1\" method=\"post\" class=\"wpcf7-form init c4250577650b cmatic-conn cmatic-aud-8 cmatic-mapd0-0 cmatic-v0978 cmatic-sent-0 cmatic-total-0 wpcf7-acceptance-as-validation\" aria-label=\"Formulario de contacto\" novalidate=\"novalidate\" data-status=\"init\">\n<fieldset class=\"hidden-fields-container\"><input type=\"hidden\" name=\"_wpcf7\" value=\"49444\" \/><input type=\"hidden\" name=\"_wpcf7_version\" value=\"6.1.5\" \/><input type=\"hidden\" name=\"_wpcf7_locale\" value=\"es_ES\" \/><input type=\"hidden\" name=\"_wpcf7_unit_tag\" value=\"wpcf7-f49444-o1\" \/><input type=\"hidden\" name=\"_wpcf7_container_post\" value=\"0\" \/><input type=\"hidden\" name=\"_wpcf7_posted_data_hash\" value=\"\" \/><input type=\"hidden\" name=\"_wpcf7_recaptcha_response\" value=\"\" \/>\n<\/fieldset>\n<p><span class=\"wpcf7-form-control-wrap\" data-name=\"nom\"><input size=\"40\" maxlength=\"400\" class=\"wpcf7-form-control wpcf7-text wpcf7-validates-as-required\" aria-required=\"true\" aria-invalid=\"false\" placeholder=\"Nom\" value=\"\" type=\"text\" name=\"nom\" \/><\/span>\n<\/p>\n<p><span class=\"wpcf7-form-control-wrap\" data-name=\"cognom\"><input size=\"40\" maxlength=\"400\" class=\"wpcf7-form-control wpcf7-text wpcf7-validates-as-required\" aria-required=\"true\" aria-invalid=\"false\" placeholder=\"Cognoms\" value=\"\" type=\"text\" name=\"cognom\" \/><\/span>\n<\/p>\n<p><span class=\"wpcf7-form-control-wrap\" data-name=\"email\"><input size=\"40\" maxlength=\"400\" class=\"wpcf7-form-control wpcf7-email wpcf7-validates-as-required wpcf7-text wpcf7-validates-as-email\" aria-required=\"true\" aria-invalid=\"false\" placeholder=\"Correu electr\u00f2nic\" value=\"\" type=\"email\" name=\"email\" \/><\/span>\n<\/p>\n<p><span class=\"wpcf7-form-control-wrap\" data-name=\"rgpd-acepto\"><span class=\"wpcf7-form-control wpcf7-acceptance\"><span class=\"wpcf7-list-item\"><label><input type=\"checkbox\" name=\"rgpd-acepto\" value=\"1\" aria-invalid=\"false\" \/><span class=\"wpcf7-list-item-label\">Accepto la <a href=\"\/politica-de-privacitat\" target=\"_blank\" rel=\"nofollow\">pol\u00edtica de privacitat<\/a><\/span><\/label><\/span><\/span><\/span>\n<\/p>\n<p><input class=\"wpcf7-form-control wpcf7-submit has-spinner\" type=\"submit\" value=\"Enviar\" \/>\n<\/p><p style=\"display: none !important;\" class=\"akismet-fields-container\" data-prefix=\"_wpcf7_ak_\"><label>&#916;<textarea name=\"_wpcf7_ak_hp_textarea\" cols=\"45\" rows=\"8\" maxlength=\"100\"><\/textarea><\/label><input type=\"hidden\" id=\"ak_js_1\" name=\"_wpcf7_ak_js\" value=\"219\"\/><script>document.getElementById( \"ak_js_1\" ).setAttribute( \"value\", ( new Date() ).getTime() );<\/script><\/p><input type='hidden' class='wpcf7-pum' value='{\"closepopup\":false,\"closedelay\":0,\"openpopup\":false,\"openpopup_id\":0}' \/><div class=\"wpcf7-response-output\" aria-hidden=\"true\"><\/div>\n<\/form>\n<\/div>\n\n<div id=\"polls-181\" class=\"wp-polls\">\n\t<form id=\"polls_form_181\" class=\"wp-polls-form\" action=\"\/index.php\" method=\"post\">\n\t\t<p style=\"display: none;\"><input type=\"hidden\" id=\"poll_181_nonce\" name=\"wp-polls-nonce\" value=\"1613fa865c\" \/><\/p>\n\t\t<p style=\"display: none;\"><input type=\"hidden\" name=\"poll_id\" value=\"181\" \/><\/p>\n\t\t<p style=\"text-align: center\"><strong>A la reuni\u00f3 del 19 de gener a Barcelona, entre Macron i S\u00e1nchez, tamb\u00e9 hi participar\u00e0 Pere Aragon\u00e8s. Mentrestant, Junqueras es manifestar\u00e0 a fora. Et sembla coherent aquesta posici\u00f3?<\/strong><\/p><div id=\"polls-181-ans\" class=\"wp-polls-ans\"><ul class=\"wp-polls-ul\">\n\t\t<li><input type=\"radio\" id=\"poll-answer-487\" name=\"poll_181\" value=\"487\" \/> <label for=\"poll-answer-487\">S\u00ed<\/label><\/li>\n\t\t<li><input type=\"radio\" id=\"poll-answer-488\" name=\"poll_181\" value=\"488\" \/> <label for=\"poll-answer-488\">No<\/label><\/li>\n\t\t<li><input type=\"radio\" id=\"poll-answer-489\" name=\"poll_181\" value=\"489\" \/> <label for=\"poll-answer-489\">No ho s\u00e9<\/label><\/li>\n\t\t<\/ul><p style=\"text-align: center\"><input type=\"button\" name=\"vote\" value=\"   Vota   \" class=\"Buttons\" onclick=\"poll_vote(181);\" \/><\/p><p style=\"text-align: center\"><a href=\"#ViewPollResults\" onclick=\"poll_result(181); return false;\" title=\"View Results Of This Poll\">Mira els resultats<\/a><\/p><\/div>\n\t<\/form>\n<\/div>\n<div id=\"polls-181-loading\" class=\"wp-polls-loading\"><img decoding=\"async\" data-src=\"https:\/\/conversesacatalunya.cat\/wp-content\/plugins\/wp-polls\/images\/loading.gif\" width=\"16\" height=\"16\" alt=\"Cargando ...\" title=\"Cargando ...\" class=\"wp-polls-image lazyload\" src=\"data:image\/svg+xml;base64,PHN2ZyB3aWR0aD0iMSIgaGVpZ2h0PSIxIiB4bWxucz0iaHR0cDovL3d3dy53My5vcmcvMjAwMC9zdmciPjwvc3ZnPg==\" style=\"--smush-placeholder-width: 16px; --smush-placeholder-aspect-ratio: 16\/16;\" \/>&nbsp;Cargando ...<\/div>\n\n","protected":false},"excerpt":{"rendered":"<p>Cuando ya son pocos los meses que faltan para llegar a las\u00a0elecciones, Colau pisa el acelerador de su modelo de ciudad con un intento de\u00a0hacer irreversibles\u00a0cuestiones tan controvertidas como la\u00a0supermanzana de Barcelona y la abundancia de carriles bici, aunque la afluencia en muchos de ellos no lo justifica. En esta din\u00e1mica sorprende que\u00a0\u00a0Collboni, que quiere presentarse como sustituto alternativo de Colau, siga manteniendo el perfil bajo que caracteriza toda su vida municipal por lo que deja hacer a Colau sin decir esa boca es m\u00eda. Naturalmente, este hecho le resta toda credibilidad y lo presenta como un aliado necesario de la alcaldesa y en todo caso como un continuador de sus obras.\u00a0Porque es evidente que las declaraciones que puede hacer en un momento determinado no significan nada junto a sus obras en el gobierno municipal y su continuada luz verde a todas las iniciativas del proyecto Colau para Barcelona. Ahora mismo, a pesar de que el pleno decidi\u00f3\u00a0suspender temporalmente\u00a0futuras actuaciones sobre la supermanzana, una decisi\u00f3n que poco significa porque no paraliz\u00f3 las obras de la calle Consell de Cent, que son las que est\u00e1n en marcha, se ve a la vez fuertemente contradicho por la intenci\u00f3n del gobierno municipal de regular ya desde ahora un\u00a0plan de usos para la calle Consell de Cent y para los restantes ejes verdes, a fin de limitar la apertura de bares en estos espacios. Con esta medida, argumentaba Janet Sanz, teniente de alcalde de Urbanismo, quieren evitar que los ejes llamados verdes sean devorados por el monocultivo comercial, la masificaci\u00f3n tur\u00edstica y la expulsi\u00f3n del comercio tradicional y de proximidad.\u00a0De hecho, es un reconocimiento de la otra amenaza que la supermanzana del Eixample generar\u00e1.\u00a0Una es evidente, y la calle Valencia es un claro s\u00edmbolo: el aumento de la congesti\u00f3n automovil\u00edstica y el aumento extraordinario de la contaminaci\u00f3n y los ruidos, al recibir gran parte de los veh\u00edculos que no pueden circular por Consell de Cent.\u00a0Pero la otra amenaza en una ciudad de las caracter\u00edsticas de Barcelona es precisamente la que, mal que bien, intenta evitar el plan de usos: su gentrificaci\u00f3n y colonizaci\u00f3n por parte del turismo con todo lo que comporta de transforaci\u00f3n de residentes y actividades comerciales. Por tanto, la conclusi\u00f3n es clara:\u00a0el gobierno Colau-Collboni no piensa detener las supermanzanas, y tambi\u00e9n acotaci\u00f3n colateral, pero no menos importante, incluso los ejes verdes son en s\u00ed mismos una amenaza para lo que significan de desequilibrio en el espacio urbano del Eixample. Tambi\u00e9n se\u00a0aceleran los carriles bici\u00a0con nueve tramos adicionales que se inician ahora o que ya han comenzado.\u00a0Buena parte de ellos son muy conflictivos porque estrangular\u00e1n a\u00fan m\u00e1s la circulaci\u00f3n.\u00a0Son los casos de la avenida Diagonal entre el parque Cervantes y la Facultad de Empresariales, que afectan a una de las principales salidas de Barcelona.\u00a0El otro tambi\u00e9n en un eje estrat\u00e9gico, como es la V\u00eda Augusta entre Laforja y Dolors Puigcerd\u00e0.\u00a0Estas dos ya est\u00e1n comenzadas y se a\u00f1adir\u00e1n otras, s\u00ed, entre las que destacan por su conflictividad y extensi\u00f3n la que va de la Gran V\u00eda entre la plaza Espa\u00f1a y la plaza Cerd\u00e0, otra salida b\u00e1sica de la ciudad, y el primer tramo del Paseo Maragall. Es incuestionable que\u00a0Colau piensa seguir con su proyecto, aunque el deterioro que causa sobre la ciudad es evidente.\u00a0La cuesti\u00f3n es si la reacci\u00f3n contraria, ampliamente mayoritaria porque se sit\u00faa entre el 60% y el 70% de la opini\u00f3n de los ciudadanos, es capaz de converger en una alternativa lo suficientemente fuerte y no fraccionada para impedir que, a pesar de ser minor\u00eda, Colau\u00a0pueda continuar en el futuro gobernando la ciudad\u00a0. Rellena el formulario adjunto si quieres adherirte a\u00a0la\u00a0Declaraci\u00f3n de Converses a Catalunya\u00a0\u201cSalvemos el Plan Cerd\u00e0.\u00a0Salvamos el Eixample\u201d.<\/p>\n","protected":false},"author":2,"featured_media":63834,"comment_status":"open","ping_status":"open","sticky":false,"template":"","format":"standard","meta":{"_FSMCFIC_featured_image_caption":"","_FSMCFIC_featured_image_nocaption":"","_FSMCFIC_featured_image_hide":"","footnotes":""},"categories":[3787,806],"tags":[4217],"class_list":["post-63840","post","type-post","status-publish","format-standard","has-post-thumbnail","hentry","category-expedient-barcelona-es","category-punts-claus-del-dia-es","tag-supermanzanas"],"yoast_head":"<!-- This site is optimized with the Yoast SEO plugin v26.8 - https:\/\/yoast.com\/product\/yoast-seo-wordpress\/ -->\n<title>Colau continua avanzando con su modelo de ciudad. Qu\u00e9 hace Collboni?<\/title>\n<meta name=\"description\" content=\"Colau pisa el acelerador de su modelo de ciudad en un intento de hacer irreversibles cuestiones como la supermanzana de Barcelona\" \/>\n<meta name=\"robots\" content=\"index, follow, max-snippet:-1, max-image-preview:large, max-video-preview:-1\" \/>\n<link rel=\"canonical\" href=\"https:\/\/conversesacatalunya.cat\/es\/colau-continua-avanzando-supermanzana\/\" \/>\n<meta property=\"og:locale\" content=\"es_ES\" \/>\n<meta property=\"og:type\" content=\"article\" \/>\n<meta property=\"og:title\" content=\"Colau continua avanzando con su modelo de ciudad. Qu\u00e9 hace Collboni?\" \/>\n<meta property=\"og:description\" content=\"Colau pisa el acelerador de su modelo de ciudad en un intento de hacer irreversibles cuestiones como la supermanzana de Barcelona\" \/>\n<meta property=\"og:url\" content=\"https:\/\/conversesacatalunya.cat\/es\/colau-continua-avanzando-supermanzana\/\" \/>\n<meta property=\"og:site_name\" content=\"Converses a Catalunya\" \/>\n<meta property=\"article:published_time\" content=\"2023-01-17T12:18:03+00:00\" \/>\n<meta property=\"article:modified_time\" content=\"2023-01-18T14:36:53+00:00\" \/>\n<meta property=\"og:image\" content=\"https:\/\/conversesacatalunya.cat\/wp-content\/uploads\/2023\/01\/superilla-eixample.jpeg\" \/>\n\t<meta property=\"og:image:width\" content=\"2075\" \/>\n\t<meta property=\"og:image:height\" content=\"1000\" \/>\n\t<meta property=\"og:image:type\" content=\"image\/jpeg\" \/>\n<meta name=\"author\" content=\"conversesacatalunya\" \/>\n<meta name=\"twitter:card\" content=\"summary_large_image\" \/>\n<meta name=\"twitter:label1\" content=\"Escrito por\" \/>\n\t<meta name=\"twitter:data1\" content=\"conversesacatalunya\" \/>\n\t<meta name=\"twitter:label2\" content=\"Tiempo de lectura\" \/>\n\t<meta name=\"twitter:data2\" content=\"3 minutos\" \/>\n<script type=\"application\/ld+json\" class=\"yoast-schema-graph\">{\"@context\":\"https:\/\/schema.org\",\"@graph\":[{\"@type\":\"Article\",\"@id\":\"https:\/\/conversesacatalunya.cat\/es\/colau-continua-avanzando-supermanzana\/#article\",\"isPartOf\":{\"@id\":\"https:\/\/conversesacatalunya.cat\/es\/colau-continua-avanzando-supermanzana\/\"},\"author\":{\"name\":\"conversesacatalunya\",\"@id\":\"https:\/\/conversesacatalunya.cat\/#\/schema\/person\/7e24d1e54a2785373ddcb275eae5ed99\"},\"headline\":\"Colau sigue avanzando a toda m\u00e1quina con su modelo de ciudad. \u00bfQu\u00e9 hace Collboni?\",\"datePublished\":\"2023-01-17T12:18:03+00:00\",\"dateModified\":\"2023-01-18T14:36:53+00:00\",\"mainEntityOfPage\":{\"@id\":\"https:\/\/conversesacatalunya.cat\/es\/colau-continua-avanzando-supermanzana\/\"},\"wordCount\":706,\"commentCount\":0,\"image\":{\"@id\":\"https:\/\/conversesacatalunya.cat\/es\/colau-continua-avanzando-supermanzana\/#primaryimage\"},\"thumbnailUrl\":\"https:\/\/conversesacatalunya.cat\/wp-content\/uploads\/2023\/01\/superilla-eixample.jpeg\",\"keywords\":[\"supermanzanas\"],\"articleSection\":[\"Expedient Barcelona (ES)\",\"Punts clau del dia (ES)\"],\"inLanguage\":\"es\",\"potentialAction\":[{\"@type\":\"CommentAction\",\"name\":\"Comment\",\"target\":[\"https:\/\/conversesacatalunya.cat\/es\/colau-continua-avanzando-supermanzana\/#respond\"]}]},{\"@type\":\"WebPage\",\"@id\":\"https:\/\/conversesacatalunya.cat\/es\/colau-continua-avanzando-supermanzana\/\",\"url\":\"https:\/\/conversesacatalunya.cat\/es\/colau-continua-avanzando-supermanzana\/\",\"name\":\"Colau continua avanzando con su modelo de ciudad. Qu\u00e9 hace Collboni?\",\"isPartOf\":{\"@id\":\"https:\/\/conversesacatalunya.cat\/#website\"},\"primaryImageOfPage\":{\"@id\":\"https:\/\/conversesacatalunya.cat\/es\/colau-continua-avanzando-supermanzana\/#primaryimage\"},\"image\":{\"@id\":\"https:\/\/conversesacatalunya.cat\/es\/colau-continua-avanzando-supermanzana\/#primaryimage\"},\"thumbnailUrl\":\"https:\/\/conversesacatalunya.cat\/wp-content\/uploads\/2023\/01\/superilla-eixample.jpeg\",\"datePublished\":\"2023-01-17T12:18:03+00:00\",\"dateModified\":\"2023-01-18T14:36:53+00:00\",\"author\":{\"@id\":\"https:\/\/conversesacatalunya.cat\/#\/schema\/person\/7e24d1e54a2785373ddcb275eae5ed99\"},\"description\":\"Colau pisa el acelerador de su modelo de ciudad en un intento de hacer irreversibles cuestiones como la supermanzana de Barcelona\",\"breadcrumb\":{\"@id\":\"https:\/\/conversesacatalunya.cat\/es\/colau-continua-avanzando-supermanzana\/#breadcrumb\"},\"inLanguage\":\"es\",\"potentialAction\":[{\"@type\":\"ReadAction\",\"target\":[\"https:\/\/conversesacatalunya.cat\/es\/colau-continua-avanzando-supermanzana\/\"]}]},{\"@type\":\"ImageObject\",\"inLanguage\":\"es\",\"@id\":\"https:\/\/conversesacatalunya.cat\/es\/colau-continua-avanzando-supermanzana\/#primaryimage\",\"url\":\"https:\/\/conversesacatalunya.cat\/wp-content\/uploads\/2023\/01\/superilla-eixample.jpeg\",\"contentUrl\":\"https:\/\/conversesacatalunya.cat\/wp-content\/uploads\/2023\/01\/superilla-eixample.jpeg\",\"width\":2075,\"height\":1000},{\"@type\":\"BreadcrumbList\",\"@id\":\"https:\/\/conversesacatalunya.cat\/es\/colau-continua-avanzando-supermanzana\/#breadcrumb\",\"itemListElement\":[{\"@type\":\"ListItem\",\"position\":1,\"name\":\"Inici\",\"item\":\"https:\/\/conversesacatalunya.cat\/es\/\"},{\"@type\":\"ListItem\",\"position\":2,\"name\":\"Colau sigue avanzando a toda m\u00e1quina con su modelo de ciudad. \u00bfQu\u00e9 hace Collboni?\"}]},{\"@type\":\"WebSite\",\"@id\":\"https:\/\/conversesacatalunya.cat\/#website\",\"url\":\"https:\/\/conversesacatalunya.cat\/\",\"name\":\"Converses a Catalunya\",\"description\":\"\",\"potentialAction\":[{\"@type\":\"SearchAction\",\"target\":{\"@type\":\"EntryPoint\",\"urlTemplate\":\"https:\/\/conversesacatalunya.cat\/?s={search_term_string}\"},\"query-input\":{\"@type\":\"PropertyValueSpecification\",\"valueRequired\":true,\"valueName\":\"search_term_string\"}}],\"inLanguage\":\"es\"},{\"@type\":\"Person\",\"@id\":\"https:\/\/conversesacatalunya.cat\/#\/schema\/person\/7e24d1e54a2785373ddcb275eae5ed99\",\"name\":\"conversesacatalunya\",\"image\":{\"@type\":\"ImageObject\",\"inLanguage\":\"es\",\"@id\":\"https:\/\/conversesacatalunya.cat\/#\/schema\/person\/image\/\",\"url\":\"https:\/\/conversesacatalunya.cat\/wp-content\/litespeed\/avatar\/febdfeeec89d950f01c748045a981dd2.jpg?ver=1777314535\",\"contentUrl\":\"https:\/\/conversesacatalunya.cat\/wp-content\/litespeed\/avatar\/febdfeeec89d950f01c748045a981dd2.jpg?ver=1777314535\",\"caption\":\"conversesacatalunya\"},\"url\":\"https:\/\/conversesacatalunya.cat\/es\/author\/carme_catala\/\"}]}<\/script>\n<!-- \/ Yoast SEO plugin. -->","yoast_head_json":{"title":"Colau continua avanzando con su modelo de ciudad. Qu\u00e9 hace Collboni?","description":"Colau pisa el acelerador de su modelo de ciudad en un intento de hacer irreversibles cuestiones como la supermanzana de Barcelona","robots":{"index":"index","follow":"follow","max-snippet":"max-snippet:-1","max-image-preview":"max-image-preview:large","max-video-preview":"max-video-preview:-1"},"canonical":"https:\/\/conversesacatalunya.cat\/es\/colau-continua-avanzando-supermanzana\/","og_locale":"es_ES","og_type":"article","og_title":"Colau continua avanzando con su modelo de ciudad. Qu\u00e9 hace Collboni?","og_description":"Colau pisa el acelerador de su modelo de ciudad en un intento de hacer irreversibles cuestiones como la supermanzana de Barcelona","og_url":"https:\/\/conversesacatalunya.cat\/es\/colau-continua-avanzando-supermanzana\/","og_site_name":"Converses a Catalunya","article_published_time":"2023-01-17T12:18:03+00:00","article_modified_time":"2023-01-18T14:36:53+00:00","og_image":[{"width":2075,"height":1000,"url":"https:\/\/conversesacatalunya.cat\/wp-content\/uploads\/2023\/01\/superilla-eixample.jpeg","type":"image\/jpeg"}],"author":"conversesacatalunya","twitter_card":"summary_large_image","twitter_misc":{"Escrito por":"conversesacatalunya","Tiempo de lectura":"3 minutos"},"schema":{"@context":"https:\/\/schema.org","@graph":[{"@type":"Article","@id":"https:\/\/conversesacatalunya.cat\/es\/colau-continua-avanzando-supermanzana\/#article","isPartOf":{"@id":"https:\/\/conversesacatalunya.cat\/es\/colau-continua-avanzando-supermanzana\/"},"author":{"name":"conversesacatalunya","@id":"https:\/\/conversesacatalunya.cat\/#\/schema\/person\/7e24d1e54a2785373ddcb275eae5ed99"},"headline":"Colau sigue avanzando a toda m\u00e1quina con su modelo de ciudad. \u00bfQu\u00e9 hace Collboni?","datePublished":"2023-01-17T12:18:03+00:00","dateModified":"2023-01-18T14:36:53+00:00","mainEntityOfPage":{"@id":"https:\/\/conversesacatalunya.cat\/es\/colau-continua-avanzando-supermanzana\/"},"wordCount":706,"commentCount":0,"image":{"@id":"https:\/\/conversesacatalunya.cat\/es\/colau-continua-avanzando-supermanzana\/#primaryimage"},"thumbnailUrl":"https:\/\/conversesacatalunya.cat\/wp-content\/uploads\/2023\/01\/superilla-eixample.jpeg","keywords":["supermanzanas"],"articleSection":["Expedient Barcelona (ES)","Punts clau del dia (ES)"],"inLanguage":"es","potentialAction":[{"@type":"CommentAction","name":"Comment","target":["https:\/\/conversesacatalunya.cat\/es\/colau-continua-avanzando-supermanzana\/#respond"]}]},{"@type":"WebPage","@id":"https:\/\/conversesacatalunya.cat\/es\/colau-continua-avanzando-supermanzana\/","url":"https:\/\/conversesacatalunya.cat\/es\/colau-continua-avanzando-supermanzana\/","name":"Colau continua avanzando con su modelo de ciudad. Qu\u00e9 hace Collboni?","isPartOf":{"@id":"https:\/\/conversesacatalunya.cat\/#website"},"primaryImageOfPage":{"@id":"https:\/\/conversesacatalunya.cat\/es\/colau-continua-avanzando-supermanzana\/#primaryimage"},"image":{"@id":"https:\/\/conversesacatalunya.cat\/es\/colau-continua-avanzando-supermanzana\/#primaryimage"},"thumbnailUrl":"https:\/\/conversesacatalunya.cat\/wp-content\/uploads\/2023\/01\/superilla-eixample.jpeg","datePublished":"2023-01-17T12:18:03+00:00","dateModified":"2023-01-18T14:36:53+00:00","author":{"@id":"https:\/\/conversesacatalunya.cat\/#\/schema\/person\/7e24d1e54a2785373ddcb275eae5ed99"},"description":"Colau pisa el acelerador de su modelo de ciudad en un intento de hacer irreversibles cuestiones como la supermanzana de Barcelona","breadcrumb":{"@id":"https:\/\/conversesacatalunya.cat\/es\/colau-continua-avanzando-supermanzana\/#breadcrumb"},"inLanguage":"es","potentialAction":[{"@type":"ReadAction","target":["https:\/\/conversesacatalunya.cat\/es\/colau-continua-avanzando-supermanzana\/"]}]},{"@type":"ImageObject","inLanguage":"es","@id":"https:\/\/conversesacatalunya.cat\/es\/colau-continua-avanzando-supermanzana\/#primaryimage","url":"https:\/\/conversesacatalunya.cat\/wp-content\/uploads\/2023\/01\/superilla-eixample.jpeg","contentUrl":"https:\/\/conversesacatalunya.cat\/wp-content\/uploads\/2023\/01\/superilla-eixample.jpeg","width":2075,"height":1000},{"@type":"BreadcrumbList","@id":"https:\/\/conversesacatalunya.cat\/es\/colau-continua-avanzando-supermanzana\/#breadcrumb","itemListElement":[{"@type":"ListItem","position":1,"name":"Inici","item":"https:\/\/conversesacatalunya.cat\/es\/"},{"@type":"ListItem","position":2,"name":"Colau sigue avanzando a toda m\u00e1quina con su modelo de ciudad. \u00bfQu\u00e9 hace Collboni?"}]},{"@type":"WebSite","@id":"https:\/\/conversesacatalunya.cat\/#website","url":"https:\/\/conversesacatalunya.cat\/","name":"Converses a Catalunya","description":"","potentialAction":[{"@type":"SearchAction","target":{"@type":"EntryPoint","urlTemplate":"https:\/\/conversesacatalunya.cat\/?s={search_term_string}"},"query-input":{"@type":"PropertyValueSpecification","valueRequired":true,"valueName":"search_term_string"}}],"inLanguage":"es"},{"@type":"Person","@id":"https:\/\/conversesacatalunya.cat\/#\/schema\/person\/7e24d1e54a2785373ddcb275eae5ed99","name":"conversesacatalunya","image":{"@type":"ImageObject","inLanguage":"es","@id":"https:\/\/conversesacatalunya.cat\/#\/schema\/person\/image\/","url":"https:\/\/conversesacatalunya.cat\/wp-content\/litespeed\/avatar\/febdfeeec89d950f01c748045a981dd2.jpg?ver=1777314535","contentUrl":"https:\/\/conversesacatalunya.cat\/wp-content\/litespeed\/avatar\/febdfeeec89d950f01c748045a981dd2.jpg?ver=1777314535","caption":"conversesacatalunya"},"url":"https:\/\/conversesacatalunya.cat\/es\/author\/carme_catala\/"}]}},"wps_subtitle":"Colau pisa el acelerador de su modelo de ciudad con un intento de hacer irreversibles cuestiones tan controvertidas como la supermanzana de Barcelona","_links":{"self":[{"href":"https:\/\/conversesacatalunya.cat\/es\/wp-json\/wp\/v2\/posts\/63840","targetHints":{"allow":["GET"]}}],"collection":[{"href":"https:\/\/conversesacatalunya.cat\/es\/wp-json\/wp\/v2\/posts"}],"about":[{"href":"https:\/\/conversesacatalunya.cat\/es\/wp-json\/wp\/v2\/types\/post"}],"author":[{"embeddable":true,"href":"https:\/\/conversesacatalunya.cat\/es\/wp-json\/wp\/v2\/users\/2"}],"replies":[{"embeddable":true,"href":"https:\/\/conversesacatalunya.cat\/es\/wp-json\/wp\/v2\/comments?post=63840"}],"version-history":[{"count":3,"href":"https:\/\/conversesacatalunya.cat\/es\/wp-json\/wp\/v2\/posts\/63840\/revisions"}],"predecessor-version":[{"id":63869,"href":"https:\/\/conversesacatalunya.cat\/es\/wp-json\/wp\/v2\/posts\/63840\/revisions\/63869"}],"wp:featuredmedia":[{"embeddable":true,"href":"https:\/\/conversesacatalunya.cat\/es\/wp-json\/wp\/v2\/media\/63834"}],"wp:attachment":[{"href":"https:\/\/conversesacatalunya.cat\/es\/wp-json\/wp\/v2\/media?parent=63840"}],"wp:term":[{"taxonomy":"category","embeddable":true,"href":"https:\/\/conversesacatalunya.cat\/es\/wp-json\/wp\/v2\/categories?post=63840"},{"taxonomy":"post_tag","embeddable":true,"href":"https:\/\/conversesacatalunya.cat\/es\/wp-json\/wp\/v2\/tags?post=63840"}],"curies":[{"name":"wp","href":"https:\/\/api.w.org\/{rel}","templated":true}]}}