{"id":63083,"date":"2022-12-15T12:52:23","date_gmt":"2022-12-15T11:52:23","guid":{"rendered":"https:\/\/conversesacatalunya.cat\/?p=63083"},"modified":"2022-12-15T12:52:23","modified_gmt":"2022-12-15T11:52:23","slug":"espana-estalla-la-crisis","status":"publish","type":"post","link":"https:\/\/conversesacatalunya.cat\/es\/espana-estalla-la-crisis\/","title":{"rendered":"Espa\u00f1a: estalla la crisis"},"content":{"rendered":"<p>Este <span style=\"color: #ff0000;\"><strong>15 de diciembre debe quedar marcado en rojo en el calendario<\/strong><\/span> porque es la fecha en la que ha estallado la crisis en Espa\u00f1a. S\u00e1nchez, a base de meter presi\u00f3n en la m\u00e1quina legislativa sin considerar los criterios necesarios que deben regular la tramitaci\u00f3n de las leyes, ha logrado que la caldera estalle. Los efectos est\u00e1n por ver y se ir\u00e1n desplegando a lo largo del tiempo. En cualquier caso, es evidente que <strong>se trata de una crisis de la democracia espa\u00f1ola de proporciones nunca vistas.<\/strong><\/p>\n<h3><strong>Estos son sus componentes considerados aisladamente, pero sin perder de vista que se alimentan el uno al otro a pesar de su diversa naturaleza:<\/strong><\/h3>\n<p><span style=\"color: #0000ff;\"><strong>1.<\/strong> <\/span>En su momento S\u00e1nchez remiti\u00f3 el problema de la mala t\u00e9cnica jur\u00eddica de la<strong> ley del \u00abs\u00ed es s\u00ed\u00bb<\/strong> que en determinados casos rebajaba la pena de delincuentes sexuales convictos a la jurisprudencia del Supremo. Era la forma de quitarse el problema de encima y le ha estallado en sus manos porque el <strong>Tribunal Supremo<\/strong>, con motivo de la revisi\u00f3n del caso famoso de los futbolistas del club Arandina, ha determinado que la interpretaci\u00f3n es la m\u00e1s temida por el gobierno: se han de rebajar las penas de acuerdo con la nueva ley en los casos que sea de aplicaci\u00f3n, si \u00e9sta es la interpretaci\u00f3n m\u00e1s favorable para el delincuente. Lo grave es que <strong>sienta jurisprudencia<\/strong> y obliga a revisar todos los casos. No s\u00f3lo los que est\u00e1n en proceso, sino tambi\u00e9n a los sentenciados.<\/p>\n<p>Por tanto, ahora ya es evidente que se producir\u00e1 un continuado goteo de reducciones de condena e incluso de liberaci\u00f3n de presos. En estos momentos ya son <strong>62 los casos<\/strong> en los que se han disminuido los a\u00f1os de prisi\u00f3n del condenado y <strong>13 los que han quedado en libertad<\/strong> de forma inmediata. Es el gran fracaso de una ley que pretend\u00eda exactamente lo contrario. Es tambi\u00e9n el fruto del orgullo por parte de Unidas Podemos que en ning\u00fan momento ha querido introducir la m\u00e1s m\u00ednima rectificaci\u00f3n en la ley, y es tambi\u00e9n la manifestaci\u00f3n de que S\u00e1nchez s\u00f3lo manda sobre una parte del gobierno, porque hay ministros que tienen absoluta independencia en su acci\u00f3n pol\u00edtica.<\/p>\n<p><span style=\"color: #0000ff;\"><strong>2.<\/strong><\/span> Sale el <strong>fiscal anticorrupci\u00f3n<\/strong> y anuncia su preocupaci\u00f3n por los cambios legales que hoy se introducir\u00e1n en el Congreso en relaci\u00f3n a<strong> la malversaci\u00f3n<\/strong>. Considera que dar\u00e1 lugar a una catarata de revisiones y reducciones de pena. Uno de los primeros casos que muchos juristas consideran que gozar\u00e1 de esta ventaja es el famoso <strong>Caso Kitchen que afecta a miembros del PP.<\/strong> Si la advertencia se convierte en hechos, nos vamos a encontrar ante una repetici\u00f3n de la ley del \u00abs\u00ed es s\u00ed\u00bb, pero ahora aplicada a otro fen\u00f3meno grave, el de la corrupci\u00f3n pol\u00edtica. De esta forma las dos ense\u00f1as del actual gobierno, la ley contra la violencia sexual que afecta a las mujeres y la corrupci\u00f3n, se ver\u00edan seriamente tocadas y dejar\u00edan un gran agujero en la credibilidad y garant\u00edas pol\u00edticas que ofrece S\u00e1nchez.<\/p>\n<p><span style=\"color: #0000ff;\"><strong>3.<\/strong> <\/span>Pero lo m\u00e1s grave de todo es <strong>el recurso de inconstitucionalidad a petici\u00f3n de medidas cautelar\u00edsimas que el PP ha presentado en el Tribunal Constitucional.<\/strong> Este partido considera, y es bastante una obviedad, que el gobierno hace un \u00abuso fraudulento de los tr\u00e1mites parlamentarios\u00bb, porque utiliza enmiendas que nada tienen que ver con el contenido de la ley que se tramita para evitar el procedimiento parlamentario y resolver la cuesti\u00f3n con una simple votaci\u00f3n en la comisi\u00f3n y en el pleno. Esto adem\u00e1s referido a la forma en que se regula el poder judicial, como<strong><a href=\"https:\/\/conversesacatalunya.cat\/es\/caos-legislativo-crisis-institucional-hacia-donde-nos-llevan\/\" target=\"_blank\" rel=\"noopener\"> ya explicamos ayer<\/a><\/strong>.<\/p>\n<p>El resultado es que a las 10h. se habr\u00e1 reunido el Tribunal Constitucional para decidir si acepta el recurso, primera cuesti\u00f3n, y segundo si tambi\u00e9n asume las medidas cautelar\u00edsimas que comportar\u00edan un hecho in\u00e9dito. Impedir\u00edan que estas enmiendas fueran tratadas por el plenario del Congreso, que empezar\u00e1 esta ma\u00f1ana a las 12h. y que se calcula que se va a producir la votaci\u00f3n a las 17h. Sea cual sea el resultado, <strong>la cuesti\u00f3n es muy grave porque representa una confrontaci\u00f3n directa entre el m\u00e1s alto tribunal y el gobierno<\/strong> y, por tanto, una grave erosi\u00f3n de las dos instituciones con independencia de cu\u00e1l sea el resultado.<\/p>\n<p><strong><span style=\"color: #0000ff;\">4.<\/span> <\/strong>Por si fuera poco, y en todo este escenario cargado de tormenta, apareci\u00f3 <strong>Junqueras<\/strong> con unas declaraciones en las que anunciaba el objetivo del refer\u00e9ndum y que han contribuido a encender a\u00fan m\u00e1s los \u00e1nimos. \u00bfPor qu\u00e9 el l\u00edder de ERC las hizo en ese momento? \u00c9l sabr\u00e1, pero en todo caso contribuye eficazmente a la crisis y desconfianza generalizada.<\/p>\n<p><strong><span style=\"color: #0000ff;\">5.<\/span><\/strong> El problema tambi\u00e9n se extiende al \u00e1mbito laboral porque<strong> la CEOE ha roto formalmente con la ministra de trabajo<\/strong> y se abre as\u00ed un per\u00edodo de crisis en el \u00e1mbito de la interlocuci\u00f3n social.<\/p>\n<p><strong><span style=\"color: #0000ff;\">6.<\/span><\/strong> Y para terminar de redondearlo se ha abierto un conflicto entre los altos funcionarios de hacienda, y en general con todos los cargos de alto nivel, con la funci\u00f3n p\u00fablica gubernamental a la que acusan de querer politizar el cubrir nuevas plazas.<\/p>\n<p><strong>Gobierno, Congreso, Fiscal\u00eda, Consejo General del Poder Judicial, Tribunal Supremo, administraci\u00f3n p\u00fablica, di\u00e1logo social.<\/strong> Todo est\u00e1 boca abajo y al mismo tiempo. El balance de S\u00e1nchez al cierre del a\u00f1o no puede ser m\u00e1s cr\u00edtico.<\/p>\n<span class='bctt-click-to-tweet'><span class='bctt-ctt-text'><a href='https:\/\/twitter.com\/intent\/tweet?url=https%3A%2F%2Fconversesacatalunya.cat%2Fes%2Fespana-estalla-la-crisis%2F&#038;text=Se%20trata%20de%20una%20crisis%20de%20la%20democracia%20espa%C3%B1ola%20de%20proporciones%20nunca%20vistas&#038;via=conversesacat&#038;related=conversesacat' target='_blank'rel=\"noopener noreferrer\">Se trata de una crisis de la democracia espa\u00f1ola de proporciones nunca vistas <\/a><\/span><a href='https:\/\/twitter.com\/intent\/tweet?url=https%3A%2F%2Fconversesacatalunya.cat%2Fes%2Fespana-estalla-la-crisis%2F&#038;text=Se%20trata%20de%20una%20crisis%20de%20la%20democracia%20espa%C3%B1ola%20de%20proporciones%20nunca%20vistas&#038;via=conversesacat&#038;related=conversesacat' target='_blank' class='bctt-ctt-btn'rel=\"noopener noreferrer\">Compartir en X<\/a><\/span>\n<div id=\"polls-177\" class=\"wp-polls\">\n\t<form id=\"polls_form_177\" class=\"wp-polls-form\" action=\"\/index.php\" method=\"post\">\n\t\t<p style=\"display: none;\"><input type=\"hidden\" id=\"poll_177_nonce\" name=\"wp-polls-nonce\" value=\"8f3e186e8b\" \/><\/p>\n\t\t<p style=\"display: none;\"><input type=\"hidden\" name=\"poll_id\" value=\"177\" \/><\/p>\n\t\t<p style=\"text-align: center\"><strong>Est\u00e0s d'acord que S\u00e1nchez vulgui modificar en un debat parlamentari de tan sols 3 dies els delictes de malversaci\u00f3, frau pressupostari i falsos aut\u00f2noms?<\/strong><\/p><div id=\"polls-177-ans\" class=\"wp-polls-ans\"><ul class=\"wp-polls-ul\">\n\t\t<li><input type=\"radio\" id=\"poll-answer-473\" name=\"poll_177\" value=\"473\" \/> <label for=\"poll-answer-473\">S\u00ed<\/label><\/li>\n\t\t<li><input type=\"radio\" id=\"poll-answer-474\" name=\"poll_177\" value=\"474\" \/> <label for=\"poll-answer-474\">No<\/label><\/li>\n\t\t<li><input type=\"radio\" id=\"poll-answer-475\" name=\"poll_177\" value=\"475\" \/> <label for=\"poll-answer-475\">M'\u00e9s indiferent<\/label><\/li>\n\t\t<\/ul><p style=\"text-align: center\"><input type=\"button\" name=\"vote\" value=\"   Vota   \" class=\"Buttons\" onclick=\"poll_vote(177);\" \/><\/p><p style=\"text-align: center\"><a href=\"#ViewPollResults\" onclick=\"poll_result(177); return false;\" title=\"View Results Of This Poll\">Mira els resultats<\/a><\/p><\/div>\n\t<\/form>\n<\/div>\n<div id=\"polls-177-loading\" class=\"wp-polls-loading\"><img decoding=\"async\" data-src=\"https:\/\/conversesacatalunya.cat\/wp-content\/plugins\/wp-polls\/images\/loading.gif\" width=\"16\" height=\"16\" alt=\"Cargando ...\" title=\"Cargando ...\" class=\"wp-polls-image lazyload\" src=\"data:image\/svg+xml;base64,PHN2ZyB3aWR0aD0iMSIgaGVpZ2h0PSIxIiB4bWxucz0iaHR0cDovL3d3dy53My5vcmcvMjAwMC9zdmciPjwvc3ZnPg==\" style=\"--smush-placeholder-width: 16px; --smush-placeholder-aspect-ratio: 16\/16;\" \/>&nbsp;Cargando ...<\/div>\n\n<p>&nbsp;<\/p>\n","protected":false},"excerpt":{"rendered":"<p>Este 15 de diciembre debe quedar marcado en rojo en el calendario porque es la fecha en la que ha estallado la crisis en Espa\u00f1a. S\u00e1nchez, a base de meter presi\u00f3n en la m\u00e1quina legislativa sin considerar los criterios necesarios que deben regular la tramitaci\u00f3n de las leyes, ha logrado que la caldera estalle. Los efectos est\u00e1n por ver y se ir\u00e1n desplegando a lo largo del tiempo. En cualquier caso, es evidente que se trata de una crisis de la democracia espa\u00f1ola de proporciones nunca vistas. Estos son sus componentes considerados aisladamente, pero sin perder de vista que se alimentan el uno al otro a pesar de su diversa naturaleza: 1. En su momento S\u00e1nchez remiti\u00f3 el problema de la mala t\u00e9cnica jur\u00eddica de la ley del \u00abs\u00ed es s\u00ed\u00bb que en determinados casos rebajaba la pena de delincuentes sexuales convictos a la jurisprudencia del Supremo. Era la forma de quitarse el problema de encima y le ha estallado en sus manos porque el Tribunal Supremo, con motivo de la revisi\u00f3n del caso famoso de los futbolistas del club Arandina, ha determinado que la interpretaci\u00f3n es la m\u00e1s temida por el gobierno: se han de rebajar las penas de acuerdo con la nueva ley en los casos que sea de aplicaci\u00f3n, si \u00e9sta es la interpretaci\u00f3n m\u00e1s favorable para el delincuente. Lo grave es que sienta jurisprudencia y obliga a revisar todos los casos. No s\u00f3lo los que est\u00e1n en proceso, sino tambi\u00e9n a los sentenciados. Por tanto, ahora ya es evidente que se producir\u00e1 un continuado goteo de reducciones de condena e incluso de liberaci\u00f3n de presos. En estos momentos ya son 62 los casos en los que se han disminuido los a\u00f1os de prisi\u00f3n del condenado y 13 los que han quedado en libertad de forma inmediata. Es el gran fracaso de una ley que pretend\u00eda exactamente lo contrario. Es tambi\u00e9n el fruto del orgullo por parte de Unidas Podemos que en ning\u00fan momento ha querido introducir la m\u00e1s m\u00ednima rectificaci\u00f3n en la ley, y es tambi\u00e9n la manifestaci\u00f3n de que S\u00e1nchez s\u00f3lo manda sobre una parte del gobierno, porque hay ministros que tienen absoluta independencia en su acci\u00f3n pol\u00edtica. 2. Sale el fiscal anticorrupci\u00f3n y anuncia su preocupaci\u00f3n por los cambios legales que hoy se introducir\u00e1n en el Congreso en relaci\u00f3n a la malversaci\u00f3n. Considera que dar\u00e1 lugar a una catarata de revisiones y reducciones de pena. Uno de los primeros casos que muchos juristas consideran que gozar\u00e1 de esta ventaja es el famoso Caso Kitchen que afecta a miembros del PP. Si la advertencia se convierte en hechos, nos vamos a encontrar ante una repetici\u00f3n de la ley del \u00abs\u00ed es s\u00ed\u00bb, pero ahora aplicada a otro fen\u00f3meno grave, el de la corrupci\u00f3n pol\u00edtica. De esta forma las dos ense\u00f1as del actual gobierno, la ley contra la violencia sexual que afecta a las mujeres y la corrupci\u00f3n, se ver\u00edan seriamente tocadas y dejar\u00edan un gran agujero en la credibilidad y garant\u00edas pol\u00edticas que ofrece S\u00e1nchez. 3. Pero lo m\u00e1s grave de todo es el recurso de inconstitucionalidad a petici\u00f3n de medidas cautelar\u00edsimas que el PP ha presentado en el Tribunal Constitucional. Este partido considera, y es bastante una obviedad, que el gobierno hace un \u00abuso fraudulento de los tr\u00e1mites parlamentarios\u00bb, porque utiliza enmiendas que nada tienen que ver con el contenido de la ley que se tramita para evitar el procedimiento parlamentario y resolver la cuesti\u00f3n con una simple votaci\u00f3n en la comisi\u00f3n y en el pleno. Esto adem\u00e1s referido a la forma en que se regula el poder judicial, como ya explicamos ayer. El resultado es que a las 10h. se habr\u00e1 reunido el Tribunal Constitucional para decidir si acepta el recurso, primera cuesti\u00f3n, y segundo si tambi\u00e9n asume las medidas cautelar\u00edsimas que comportar\u00edan un hecho in\u00e9dito. Impedir\u00edan que estas enmiendas fueran tratadas por el plenario del Congreso, que empezar\u00e1 esta ma\u00f1ana a las 12h. y que se calcula que se va a producir la votaci\u00f3n a las 17h. Sea cual sea el resultado, la cuesti\u00f3n es muy grave porque representa una confrontaci\u00f3n directa entre el m\u00e1s alto tribunal y el gobierno y, por tanto, una grave erosi\u00f3n de las dos instituciones con independencia de cu\u00e1l sea el resultado. 4. Por si fuera poco, y en todo este escenario cargado de tormenta, apareci\u00f3 Junqueras con unas declaraciones en las que anunciaba el objetivo del refer\u00e9ndum y que han contribuido a encender a\u00fan m\u00e1s los \u00e1nimos. \u00bfPor qu\u00e9 el l\u00edder de ERC las hizo en ese momento? \u00c9l sabr\u00e1, pero en todo caso contribuye eficazmente a la crisis y desconfianza generalizada. 5. El problema tambi\u00e9n se extiende al \u00e1mbito laboral porque la CEOE ha roto formalmente con la ministra de trabajo y se abre as\u00ed un per\u00edodo de crisis en el \u00e1mbito de la interlocuci\u00f3n social. 6. Y para terminar de redondearlo se ha abierto un conflicto entre los altos funcionarios de hacienda, y en general con todos los cargos de alto nivel, con la funci\u00f3n p\u00fablica gubernamental a la que acusan de querer politizar el cubrir nuevas plazas. Gobierno, Congreso, Fiscal\u00eda, Consejo General del Poder Judicial, Tribunal Supremo, administraci\u00f3n p\u00fablica, di\u00e1logo social. Todo est\u00e1 boca abajo y al mismo tiempo. El balance de S\u00e1nchez al cierre del a\u00f1o no puede ser m\u00e1s cr\u00edtico. &nbsp;<\/p>\n","protected":false},"author":27,"featured_media":63080,"comment_status":"open","ping_status":"open","sticky":false,"template":"","format":"standard","meta":{"_FSMCFIC_featured_image_caption":"","_FSMCFIC_featured_image_nocaption":"","_FSMCFIC_featured_image_hide":"","footnotes":""},"categories":[806],"tags":[3861,1117],"class_list":["post-63083","post","type-post","status-publish","format-standard","has-post-thumbnail","hentry","category-punts-claus-del-dia-es","tag-crisi-institucional-es","tag-sanchez-es"],"yoast_head":"<!-- This site is optimized with the Yoast SEO plugin v26.8 - https:\/\/yoast.com\/product\/yoast-seo-wordpress\/ -->\n<title>Motivos de la crisis en Espa\u00f1a<\/title>\n<meta name=\"description\" content=\"Este 15 de diciembre debe quedar marcado en rojo en el calendario porque es la fecha en la que ha estallado la crisis en Espa\u00f1a\" \/>\n<meta name=\"robots\" content=\"index, follow, max-snippet:-1, max-image-preview:large, max-video-preview:-1\" \/>\n<link rel=\"canonical\" href=\"https:\/\/conversesacatalunya.cat\/es\/espana-estalla-la-crisis\/\" \/>\n<meta property=\"og:locale\" content=\"es_ES\" \/>\n<meta property=\"og:type\" content=\"article\" \/>\n<meta property=\"og:title\" content=\"Motivos de la crisis en Espa\u00f1a\" \/>\n<meta property=\"og:description\" content=\"Este 15 de diciembre debe quedar marcado en rojo en el calendario porque es la fecha en la que ha estallado la crisis en Espa\u00f1a\" \/>\n<meta property=\"og:url\" content=\"https:\/\/conversesacatalunya.cat\/es\/espana-estalla-la-crisis\/\" \/>\n<meta property=\"og:site_name\" content=\"Converses a Catalunya\" \/>\n<meta property=\"article:published_time\" content=\"2022-12-15T11:52:23+00:00\" \/>\n<meta property=\"og:image\" content=\"https:\/\/conversesacatalunya.cat\/wp-content\/uploads\/2022\/12\/Espana.jpg\" \/>\n\t<meta property=\"og:image:width\" content=\"640\" \/>\n\t<meta property=\"og:image:height\" content=\"480\" \/>\n\t<meta property=\"og:image:type\" content=\"image\/jpeg\" \/>\n<meta name=\"author\" content=\"Ricard Mestres\" \/>\n<meta name=\"twitter:card\" content=\"summary_large_image\" \/>\n<meta name=\"twitter:label1\" content=\"Escrito por\" \/>\n\t<meta name=\"twitter:data1\" content=\"Ricard Mestres\" \/>\n\t<meta name=\"twitter:label2\" content=\"Tiempo de lectura\" \/>\n\t<meta name=\"twitter:data2\" content=\"5 minutos\" \/>\n<script type=\"application\/ld+json\" class=\"yoast-schema-graph\">{\"@context\":\"https:\/\/schema.org\",\"@graph\":[{\"@type\":\"Article\",\"@id\":\"https:\/\/conversesacatalunya.cat\/es\/espana-estalla-la-crisis\/#article\",\"isPartOf\":{\"@id\":\"https:\/\/conversesacatalunya.cat\/es\/espana-estalla-la-crisis\/\"},\"author\":{\"name\":\"Ricard Mestres\",\"@id\":\"https:\/\/conversesacatalunya.cat\/#\/schema\/person\/0a88695f42cfb1eca908cc451762146b\"},\"headline\":\"Espa\u00f1a: estalla la crisis\",\"datePublished\":\"2022-12-15T11:52:23+00:00\",\"mainEntityOfPage\":{\"@id\":\"https:\/\/conversesacatalunya.cat\/es\/espana-estalla-la-crisis\/\"},\"wordCount\":985,\"commentCount\":0,\"image\":{\"@id\":\"https:\/\/conversesacatalunya.cat\/es\/espana-estalla-la-crisis\/#primaryimage\"},\"thumbnailUrl\":\"https:\/\/conversesacatalunya.cat\/wp-content\/uploads\/2022\/12\/Espana.jpg\",\"keywords\":[\"crisi institucional\",\"S\u00e1nchez\"],\"articleSection\":[\"Punts clau del dia (ES)\"],\"inLanguage\":\"es\",\"potentialAction\":[{\"@type\":\"CommentAction\",\"name\":\"Comment\",\"target\":[\"https:\/\/conversesacatalunya.cat\/es\/espana-estalla-la-crisis\/#respond\"]}]},{\"@type\":\"WebPage\",\"@id\":\"https:\/\/conversesacatalunya.cat\/es\/espana-estalla-la-crisis\/\",\"url\":\"https:\/\/conversesacatalunya.cat\/es\/espana-estalla-la-crisis\/\",\"name\":\"Motivos de la crisis en Espa\u00f1a\",\"isPartOf\":{\"@id\":\"https:\/\/conversesacatalunya.cat\/#website\"},\"primaryImageOfPage\":{\"@id\":\"https:\/\/conversesacatalunya.cat\/es\/espana-estalla-la-crisis\/#primaryimage\"},\"image\":{\"@id\":\"https:\/\/conversesacatalunya.cat\/es\/espana-estalla-la-crisis\/#primaryimage\"},\"thumbnailUrl\":\"https:\/\/conversesacatalunya.cat\/wp-content\/uploads\/2022\/12\/Espana.jpg\",\"datePublished\":\"2022-12-15T11:52:23+00:00\",\"author\":{\"@id\":\"https:\/\/conversesacatalunya.cat\/#\/schema\/person\/0a88695f42cfb1eca908cc451762146b\"},\"description\":\"Este 15 de diciembre debe quedar marcado en rojo en el calendario porque es la fecha en la que ha estallado la crisis en Espa\u00f1a\",\"breadcrumb\":{\"@id\":\"https:\/\/conversesacatalunya.cat\/es\/espana-estalla-la-crisis\/#breadcrumb\"},\"inLanguage\":\"es\",\"potentialAction\":[{\"@type\":\"ReadAction\",\"target\":[\"https:\/\/conversesacatalunya.cat\/es\/espana-estalla-la-crisis\/\"]}]},{\"@type\":\"ImageObject\",\"inLanguage\":\"es\",\"@id\":\"https:\/\/conversesacatalunya.cat\/es\/espana-estalla-la-crisis\/#primaryimage\",\"url\":\"https:\/\/conversesacatalunya.cat\/wp-content\/uploads\/2022\/12\/Espana.jpg\",\"contentUrl\":\"https:\/\/conversesacatalunya.cat\/wp-content\/uploads\/2022\/12\/Espana.jpg\",\"width\":640,\"height\":480,\"caption\":\"crisi a Espanya\"},{\"@type\":\"BreadcrumbList\",\"@id\":\"https:\/\/conversesacatalunya.cat\/es\/espana-estalla-la-crisis\/#breadcrumb\",\"itemListElement\":[{\"@type\":\"ListItem\",\"position\":1,\"name\":\"Inici\",\"item\":\"https:\/\/conversesacatalunya.cat\/es\/\"},{\"@type\":\"ListItem\",\"position\":2,\"name\":\"Espa\u00f1a: estalla la crisis\"}]},{\"@type\":\"WebSite\",\"@id\":\"https:\/\/conversesacatalunya.cat\/#website\",\"url\":\"https:\/\/conversesacatalunya.cat\/\",\"name\":\"Converses a Catalunya\",\"description\":\"\",\"potentialAction\":[{\"@type\":\"SearchAction\",\"target\":{\"@type\":\"EntryPoint\",\"urlTemplate\":\"https:\/\/conversesacatalunya.cat\/?s={search_term_string}\"},\"query-input\":{\"@type\":\"PropertyValueSpecification\",\"valueRequired\":true,\"valueName\":\"search_term_string\"}}],\"inLanguage\":\"es\"},{\"@type\":\"Person\",\"@id\":\"https:\/\/conversesacatalunya.cat\/#\/schema\/person\/0a88695f42cfb1eca908cc451762146b\",\"name\":\"Ricard Mestres\",\"image\":{\"@type\":\"ImageObject\",\"inLanguage\":\"es\",\"@id\":\"https:\/\/conversesacatalunya.cat\/#\/schema\/person\/image\/\",\"url\":\"https:\/\/conversesacatalunya.cat\/wp-content\/litespeed\/avatar\/c4aa477c37df297548ad16b396f161bd.jpg?ver=1777373933\",\"contentUrl\":\"https:\/\/conversesacatalunya.cat\/wp-content\/litespeed\/avatar\/c4aa477c37df297548ad16b396f161bd.jpg?ver=1777373933\",\"caption\":\"Ricard Mestres\"},\"url\":\"https:\/\/conversesacatalunya.cat\/es\/author\/ricard-mestres\/\"}]}<\/script>\n<!-- \/ Yoast SEO plugin. -->","yoast_head_json":{"title":"Motivos de la crisis en Espa\u00f1a","description":"Este 15 de diciembre debe quedar marcado en rojo en el calendario porque es la fecha en la que ha estallado la crisis en Espa\u00f1a","robots":{"index":"index","follow":"follow","max-snippet":"max-snippet:-1","max-image-preview":"max-image-preview:large","max-video-preview":"max-video-preview:-1"},"canonical":"https:\/\/conversesacatalunya.cat\/es\/espana-estalla-la-crisis\/","og_locale":"es_ES","og_type":"article","og_title":"Motivos de la crisis en Espa\u00f1a","og_description":"Este 15 de diciembre debe quedar marcado en rojo en el calendario porque es la fecha en la que ha estallado la crisis en Espa\u00f1a","og_url":"https:\/\/conversesacatalunya.cat\/es\/espana-estalla-la-crisis\/","og_site_name":"Converses a Catalunya","article_published_time":"2022-12-15T11:52:23+00:00","og_image":[{"width":640,"height":480,"url":"https:\/\/conversesacatalunya.cat\/wp-content\/uploads\/2022\/12\/Espana.jpg","type":"image\/jpeg"}],"author":"Ricard Mestres","twitter_card":"summary_large_image","twitter_misc":{"Escrito por":"Ricard Mestres","Tiempo de lectura":"5 minutos"},"schema":{"@context":"https:\/\/schema.org","@graph":[{"@type":"Article","@id":"https:\/\/conversesacatalunya.cat\/es\/espana-estalla-la-crisis\/#article","isPartOf":{"@id":"https:\/\/conversesacatalunya.cat\/es\/espana-estalla-la-crisis\/"},"author":{"name":"Ricard Mestres","@id":"https:\/\/conversesacatalunya.cat\/#\/schema\/person\/0a88695f42cfb1eca908cc451762146b"},"headline":"Espa\u00f1a: estalla la crisis","datePublished":"2022-12-15T11:52:23+00:00","mainEntityOfPage":{"@id":"https:\/\/conversesacatalunya.cat\/es\/espana-estalla-la-crisis\/"},"wordCount":985,"commentCount":0,"image":{"@id":"https:\/\/conversesacatalunya.cat\/es\/espana-estalla-la-crisis\/#primaryimage"},"thumbnailUrl":"https:\/\/conversesacatalunya.cat\/wp-content\/uploads\/2022\/12\/Espana.jpg","keywords":["crisi institucional","S\u00e1nchez"],"articleSection":["Punts clau del dia (ES)"],"inLanguage":"es","potentialAction":[{"@type":"CommentAction","name":"Comment","target":["https:\/\/conversesacatalunya.cat\/es\/espana-estalla-la-crisis\/#respond"]}]},{"@type":"WebPage","@id":"https:\/\/conversesacatalunya.cat\/es\/espana-estalla-la-crisis\/","url":"https:\/\/conversesacatalunya.cat\/es\/espana-estalla-la-crisis\/","name":"Motivos de la crisis en Espa\u00f1a","isPartOf":{"@id":"https:\/\/conversesacatalunya.cat\/#website"},"primaryImageOfPage":{"@id":"https:\/\/conversesacatalunya.cat\/es\/espana-estalla-la-crisis\/#primaryimage"},"image":{"@id":"https:\/\/conversesacatalunya.cat\/es\/espana-estalla-la-crisis\/#primaryimage"},"thumbnailUrl":"https:\/\/conversesacatalunya.cat\/wp-content\/uploads\/2022\/12\/Espana.jpg","datePublished":"2022-12-15T11:52:23+00:00","author":{"@id":"https:\/\/conversesacatalunya.cat\/#\/schema\/person\/0a88695f42cfb1eca908cc451762146b"},"description":"Este 15 de diciembre debe quedar marcado en rojo en el calendario porque es la fecha en la que ha estallado la crisis en Espa\u00f1a","breadcrumb":{"@id":"https:\/\/conversesacatalunya.cat\/es\/espana-estalla-la-crisis\/#breadcrumb"},"inLanguage":"es","potentialAction":[{"@type":"ReadAction","target":["https:\/\/conversesacatalunya.cat\/es\/espana-estalla-la-crisis\/"]}]},{"@type":"ImageObject","inLanguage":"es","@id":"https:\/\/conversesacatalunya.cat\/es\/espana-estalla-la-crisis\/#primaryimage","url":"https:\/\/conversesacatalunya.cat\/wp-content\/uploads\/2022\/12\/Espana.jpg","contentUrl":"https:\/\/conversesacatalunya.cat\/wp-content\/uploads\/2022\/12\/Espana.jpg","width":640,"height":480,"caption":"crisi a Espanya"},{"@type":"BreadcrumbList","@id":"https:\/\/conversesacatalunya.cat\/es\/espana-estalla-la-crisis\/#breadcrumb","itemListElement":[{"@type":"ListItem","position":1,"name":"Inici","item":"https:\/\/conversesacatalunya.cat\/es\/"},{"@type":"ListItem","position":2,"name":"Espa\u00f1a: estalla la crisis"}]},{"@type":"WebSite","@id":"https:\/\/conversesacatalunya.cat\/#website","url":"https:\/\/conversesacatalunya.cat\/","name":"Converses a Catalunya","description":"","potentialAction":[{"@type":"SearchAction","target":{"@type":"EntryPoint","urlTemplate":"https:\/\/conversesacatalunya.cat\/?s={search_term_string}"},"query-input":{"@type":"PropertyValueSpecification","valueRequired":true,"valueName":"search_term_string"}}],"inLanguage":"es"},{"@type":"Person","@id":"https:\/\/conversesacatalunya.cat\/#\/schema\/person\/0a88695f42cfb1eca908cc451762146b","name":"Ricard Mestres","image":{"@type":"ImageObject","inLanguage":"es","@id":"https:\/\/conversesacatalunya.cat\/#\/schema\/person\/image\/","url":"https:\/\/conversesacatalunya.cat\/wp-content\/litespeed\/avatar\/c4aa477c37df297548ad16b396f161bd.jpg?ver=1777373933","contentUrl":"https:\/\/conversesacatalunya.cat\/wp-content\/litespeed\/avatar\/c4aa477c37df297548ad16b396f161bd.jpg?ver=1777373933","caption":"Ricard Mestres"},"url":"https:\/\/conversesacatalunya.cat\/es\/author\/ricard-mestres\/"}]}},"wps_subtitle":"Gobierno, Congreso, Fiscal\u00eda, Consejo General del Poder Judicial, Tribunal Supremo, administraci\u00f3n p\u00fablica, di\u00e1logo social. Todo est\u00e1 boca abajo y al mismo tiempo","_links":{"self":[{"href":"https:\/\/conversesacatalunya.cat\/es\/wp-json\/wp\/v2\/posts\/63083","targetHints":{"allow":["GET"]}}],"collection":[{"href":"https:\/\/conversesacatalunya.cat\/es\/wp-json\/wp\/v2\/posts"}],"about":[{"href":"https:\/\/conversesacatalunya.cat\/es\/wp-json\/wp\/v2\/types\/post"}],"author":[{"embeddable":true,"href":"https:\/\/conversesacatalunya.cat\/es\/wp-json\/wp\/v2\/users\/27"}],"replies":[{"embeddable":true,"href":"https:\/\/conversesacatalunya.cat\/es\/wp-json\/wp\/v2\/comments?post=63083"}],"version-history":[{"count":4,"href":"https:\/\/conversesacatalunya.cat\/es\/wp-json\/wp\/v2\/posts\/63083\/revisions"}],"predecessor-version":[{"id":63089,"href":"https:\/\/conversesacatalunya.cat\/es\/wp-json\/wp\/v2\/posts\/63083\/revisions\/63089"}],"wp:featuredmedia":[{"embeddable":true,"href":"https:\/\/conversesacatalunya.cat\/es\/wp-json\/wp\/v2\/media\/63080"}],"wp:attachment":[{"href":"https:\/\/conversesacatalunya.cat\/es\/wp-json\/wp\/v2\/media?parent=63083"}],"wp:term":[{"taxonomy":"category","embeddable":true,"href":"https:\/\/conversesacatalunya.cat\/es\/wp-json\/wp\/v2\/categories?post=63083"},{"taxonomy":"post_tag","embeddable":true,"href":"https:\/\/conversesacatalunya.cat\/es\/wp-json\/wp\/v2\/tags?post=63083"}],"curies":[{"name":"wp","href":"https:\/\/api.w.org\/{rel}","templated":true}]}}