{"id":63069,"date":"2022-12-15T12:06:38","date_gmt":"2022-12-15T11:06:38","guid":{"rendered":"https:\/\/conversesacatalunya.cat\/?p=63069"},"modified":"2022-12-15T12:06:38","modified_gmt":"2022-12-15T11:06:38","slug":"sanchez-su-gestion-economica-no-existe","status":"publish","type":"post","link":"https:\/\/conversesacatalunya.cat\/es\/sanchez-su-gestion-economica-no-existe\/","title":{"rendered":"S\u00e1nchez: la buena nueva de su gesti\u00f3n econ\u00f3mica no existe"},"content":{"rendered":"<p>Es evidente que todo dato es susceptible de manipulaci\u00f3n, pero tambi\u00e9n lo es que esta instrumentalizaci\u00f3n tiene l\u00edmites.<\/p>\n<h4><strong>S\u00e1nchez se presenta como gran gestor de la situaci\u00f3n econ\u00f3mic<\/strong>a.<\/h4>\n<p>Es evidente que sin recurrir a estad\u00edsticas, muchas familias y empresas discrepan porque las cosas no les van bien, pero la realidad global s\u00f3lo puede nacer de las cifras y las que nos aporta Eurostat, el sistema estad\u00edstico de la UE, nos se\u00f1ala claramente el retroceso espa\u00f1ol, como puede observarse en la <a href=\"https:\/\/www.eustat.eus\/elementos\/ele0012300\/pib-per-capita-ppc-de-la-ca-de-euskadi-y-de-los-paises-de-la-union-europea-ue-27100\/tbl0012365_c.html\" target=\"_blank\" rel=\"noopener\"><strong>tabla adjunta<\/strong><\/a> y que comprende desde 2010 hasta 2021.<\/p>\n<p><strong>La tabla expone<\/strong>, considerando el PIB per c\u00e1pita de la UE a 27 igual a 100, la evoluci\u00f3n de los diferentes pa\u00edses, por lo que, en la medida en que la cifra de cada pa\u00eds supera el centenar, se\u00f1ala una posici\u00f3n mejor que la media y a la inversa si no llega a 100. Hay que hacer observar que adem\u00e1s este PIB per c\u00e1pita est\u00e1 relacionado con el poder adquisitivo que determina en cada pa\u00eds y, por tanto, es una buena aproximaci\u00f3n de c\u00f3mo nos han ido las cosas a todos.<\/p>\n<p>Si se analiza la evoluci\u00f3n de esta larga d\u00e9cada, se puede constatar c\u00f3mo en este plazo <strong>Espa\u00f1a ha retrocedido hasta 5 posiciones en relaci\u00f3n al lugar que ten\u00eda en 2010<\/strong>, porque Eslovenia, Estonia, Lituania y Malta que antes presentaban un PIB per c\u00e1pita inferior al espa\u00f1ol, ahora nos han pasado por delante.<\/p>\n<h4><strong>\u00bfPor qu\u00e9 Espa\u00f1a ha retrocedido 12 puntos porcentuales (pp) a lo largo de ese tiempo, que es una magnitud importante?<\/strong><\/h4>\n<p>Evidentemente, ah\u00ed est\u00e1 el hecho de la crisis que pone de manifiesto que en nuestro pa\u00eds no ha tenido una buena gesti\u00f3n, pero sobre todo la grave ca\u00edda se produce con<strong><a href=\"https:\/\/conversesacatalunya.cat\/es\/gestion-covid-espana\/\" target=\"_blank\" rel=\"noopener\"> la crisis de la covid<\/a><\/strong>. De 2010 a 2019, Espa\u00f1a perdi\u00f3 5 pp en relaci\u00f3n con el contexto europeo. Pero es que en 2019 y 2021, es decir 2 a\u00f1os, ha perdido 7. <strong>Este hecho explica el porqu\u00e9 ahora, en un per\u00edodo de crisis, Espa\u00f1a crece m\u00e1s que la media europea<\/strong>, sencillamente porque ha ca\u00eddo mucho m\u00e1s que todos los otros pa\u00edses. Y, por tanto, saliendo de abajo los crecimientos, que siempre se expresan en t\u00e9rminos relativos, suelen ser superiores.<\/p>\n<p>Pero la cuesti\u00f3n clara y concreta es que para recuperar la posici\u00f3n que ten\u00edamos en 2019 nos faltan 7 pp, y de acuerdo con esta forma de medir el crecimiento del PIB per c\u00e1pita que tiene en cuenta el poder adquisitivo, cabe se\u00f1alar que <strong>a finales del pr\u00f3ximo a\u00f1o ni en broma habremos recuperado la situaci\u00f3n del 2019<\/strong> porque la inflaci\u00f3n contribuir\u00e1 a rebajar las mejoras del PIB. De hecho, seg\u00fan c\u00f3mo vayan las cosas, incluso es posible que nos mantengamos sin mejorar nuestra posici\u00f3n.<\/p>\n<blockquote><p><strong>En realidad, si todo va bien, no ser\u00e1 hasta 2025 cuando superar\u00edamos la situaci\u00f3n que ten\u00edamos en 2019 y tardaremos muchos m\u00e1s a\u00f1os en estar tan bien como est\u00e1bamos en 2010<\/strong><\/p><\/blockquote>\n<p>En realidad, si todo va bien, no ser\u00e1 hasta 2025 cuando superar\u00edamos la situaci\u00f3n que ten\u00edamos en 2019 y tardaremos muchos m\u00e1s a\u00f1os en estar tan bien como est\u00e1bamos en 2010. En esa fecha s\u00f3lo nos separaban de la media del PIB per c\u00e1pita en igual condiciones de poder adquisitivo 4 pp. Ahora nos separan 16.<\/p>\n<p>Con esto ya est\u00e1 todo dicho. <strong>Espa\u00f1a ha perdido claramente toda una d\u00e9cada<\/strong>, ha retrocedido en el \u00e1mbito de la UE y le costar\u00e1 muchos a\u00f1os recuperar esa p\u00e9rdida que precisamente se ha acentuado en el per\u00edodo de gobierno de S\u00e1nchez. \u00c9sta es la verdad cruda y dura que se\u00f1alan las estad\u00edsticas.<\/p>\n<span class='bctt-click-to-tweet'><span class='bctt-ctt-text'><a href='https:\/\/twitter.com\/intent\/tweet?url=https%3A%2F%2Fconversesacatalunya.cat%2Fes%2Fsanchez-su-gestion-economica-no-existe%2F&#038;text=Espa%C3%B1a%20ha%20perdido%20claramente%20toda%20una%20d%C3%A9cada%2C%20ha%20retrocedido%20en%20el%20%C3%A1mbito%20de%20la%20UE%20y%20le%20costar%C3%A1%20muchos%20a%C3%B1os%20recuperar%20esa%20p%C3%A9rdida%20que%20precisamente%20se%20ha%20acentuado%20en%20el%20per%C3%ADodo%20de%20gobierno%20de%20S%C3%A1nchez&#038;via=conversesacat&#038;related=conversesacat' target='_blank'rel=\"noopener noreferrer\">Espa\u00f1a ha perdido claramente toda una d\u00e9cada, ha retrocedido en el \u00e1mbito de la UE y le costar\u00e1 muchos a\u00f1os recuperar esa p\u00e9rdida que precisamente se ha acentuado en el per\u00edodo de gobierno de S\u00e1nchez <\/a><\/span><a href='https:\/\/twitter.com\/intent\/tweet?url=https%3A%2F%2Fconversesacatalunya.cat%2Fes%2Fsanchez-su-gestion-economica-no-existe%2F&#038;text=Espa%C3%B1a%20ha%20perdido%20claramente%20toda%20una%20d%C3%A9cada%2C%20ha%20retrocedido%20en%20el%20%C3%A1mbito%20de%20la%20UE%20y%20le%20costar%C3%A1%20muchos%20a%C3%B1os%20recuperar%20esa%20p%C3%A9rdida%20que%20precisamente%20se%20ha%20acentuado%20en%20el%20per%C3%ADodo%20de%20gobierno%20de%20S%C3%A1nchez&#038;via=conversesacat&#038;related=conversesacat' target='_blank' class='bctt-ctt-btn'rel=\"noopener noreferrer\">Compartir en X<\/a><\/span>\n<div id=\"polls-177\" class=\"wp-polls\">\n\t<form id=\"polls_form_177\" class=\"wp-polls-form\" action=\"\/index.php\" method=\"post\">\n\t\t<p style=\"display: none;\"><input type=\"hidden\" id=\"poll_177_nonce\" name=\"wp-polls-nonce\" value=\"8f3e186e8b\" \/><\/p>\n\t\t<p style=\"display: none;\"><input type=\"hidden\" name=\"poll_id\" value=\"177\" \/><\/p>\n\t\t<p style=\"text-align: center\"><strong>Est\u00e0s d'acord que S\u00e1nchez vulgui modificar en un debat parlamentari de tan sols 3 dies els delictes de malversaci\u00f3, frau pressupostari i falsos aut\u00f2noms?<\/strong><\/p><div id=\"polls-177-ans\" class=\"wp-polls-ans\"><ul class=\"wp-polls-ul\">\n\t\t<li><input type=\"radio\" id=\"poll-answer-473\" name=\"poll_177\" value=\"473\" \/> <label for=\"poll-answer-473\">S\u00ed<\/label><\/li>\n\t\t<li><input type=\"radio\" id=\"poll-answer-474\" name=\"poll_177\" value=\"474\" \/> <label for=\"poll-answer-474\">No<\/label><\/li>\n\t\t<li><input type=\"radio\" id=\"poll-answer-475\" name=\"poll_177\" value=\"475\" \/> <label for=\"poll-answer-475\">M'\u00e9s indiferent<\/label><\/li>\n\t\t<\/ul><p style=\"text-align: center\"><input type=\"button\" name=\"vote\" value=\"   Vota   \" class=\"Buttons\" onclick=\"poll_vote(177);\" \/><\/p><p style=\"text-align: center\"><a href=\"#ViewPollResults\" onclick=\"poll_result(177); return false;\" title=\"View Results Of This Poll\">Mira els resultats<\/a><\/p><\/div>\n\t<\/form>\n<\/div>\n<div id=\"polls-177-loading\" class=\"wp-polls-loading\"><img decoding=\"async\" data-src=\"https:\/\/conversesacatalunya.cat\/wp-content\/plugins\/wp-polls\/images\/loading.gif\" width=\"16\" height=\"16\" alt=\"Cargando ...\" title=\"Cargando ...\" class=\"wp-polls-image lazyload\" src=\"data:image\/svg+xml;base64,PHN2ZyB3aWR0aD0iMSIgaGVpZ2h0PSIxIiB4bWxucz0iaHR0cDovL3d3dy53My5vcmcvMjAwMC9zdmciPjwvc3ZnPg==\" style=\"--smush-placeholder-width: 16px; --smush-placeholder-aspect-ratio: 16\/16;\" \/>&nbsp;Cargando ...<\/div>\n\n","protected":false},"excerpt":{"rendered":"<p>Es evidente que todo dato es susceptible de manipulaci\u00f3n, pero tambi\u00e9n lo es que esta instrumentalizaci\u00f3n tiene l\u00edmites. S\u00e1nchez se presenta como gran gestor de la situaci\u00f3n econ\u00f3mica. Es evidente que sin recurrir a estad\u00edsticas, muchas familias y empresas discrepan porque las cosas no les van bien, pero la realidad global s\u00f3lo puede nacer de las cifras y las que nos aporta Eurostat, el sistema estad\u00edstico de la UE, nos se\u00f1ala claramente el retroceso espa\u00f1ol, como puede observarse en la tabla adjunta y que comprende desde 2010 hasta 2021. La tabla expone, considerando el PIB per c\u00e1pita de la UE a 27 igual a 100, la evoluci\u00f3n de los diferentes pa\u00edses, por lo que, en la medida en que la cifra de cada pa\u00eds supera el centenar, se\u00f1ala una posici\u00f3n mejor que la media y a la inversa si no llega a 100. Hay que hacer observar que adem\u00e1s este PIB per c\u00e1pita est\u00e1 relacionado con el poder adquisitivo que determina en cada pa\u00eds y, por tanto, es una buena aproximaci\u00f3n de c\u00f3mo nos han ido las cosas a todos. Si se analiza la evoluci\u00f3n de esta larga d\u00e9cada, se puede constatar c\u00f3mo en este plazo Espa\u00f1a ha retrocedido hasta 5 posiciones en relaci\u00f3n al lugar que ten\u00eda en 2010, porque Eslovenia, Estonia, Lituania y Malta que antes presentaban un PIB per c\u00e1pita inferior al espa\u00f1ol, ahora nos han pasado por delante. \u00bfPor qu\u00e9 Espa\u00f1a ha retrocedido 12 puntos porcentuales (pp) a lo largo de ese tiempo, que es una magnitud importante? Evidentemente, ah\u00ed est\u00e1 el hecho de la crisis que pone de manifiesto que en nuestro pa\u00eds no ha tenido una buena gesti\u00f3n, pero sobre todo la grave ca\u00edda se produce con la crisis de la covid. De 2010 a 2019, Espa\u00f1a perdi\u00f3 5 pp en relaci\u00f3n con el contexto europeo. Pero es que en 2019 y 2021, es decir 2 a\u00f1os, ha perdido 7. Este hecho explica el porqu\u00e9 ahora, en un per\u00edodo de crisis, Espa\u00f1a crece m\u00e1s que la media europea, sencillamente porque ha ca\u00eddo mucho m\u00e1s que todos los otros pa\u00edses. Y, por tanto, saliendo de abajo los crecimientos, que siempre se expresan en t\u00e9rminos relativos, suelen ser superiores. Pero la cuesti\u00f3n clara y concreta es que para recuperar la posici\u00f3n que ten\u00edamos en 2019 nos faltan 7 pp, y de acuerdo con esta forma de medir el crecimiento del PIB per c\u00e1pita que tiene en cuenta el poder adquisitivo, cabe se\u00f1alar que a finales del pr\u00f3ximo a\u00f1o ni en broma habremos recuperado la situaci\u00f3n del 2019 porque la inflaci\u00f3n contribuir\u00e1 a rebajar las mejoras del PIB. De hecho, seg\u00fan c\u00f3mo vayan las cosas, incluso es posible que nos mantengamos sin mejorar nuestra posici\u00f3n. En realidad, si todo va bien, no ser\u00e1 hasta 2025 cuando superar\u00edamos la situaci\u00f3n que ten\u00edamos en 2019 y tardaremos muchos m\u00e1s a\u00f1os en estar tan bien como est\u00e1bamos en 2010 En realidad, si todo va bien, no ser\u00e1 hasta 2025 cuando superar\u00edamos la situaci\u00f3n que ten\u00edamos en 2019 y tardaremos muchos m\u00e1s a\u00f1os en estar tan bien como est\u00e1bamos en 2010. En esa fecha s\u00f3lo nos separaban de la media del PIB per c\u00e1pita en igual condiciones de poder adquisitivo 4 pp. Ahora nos separan 16. Con esto ya est\u00e1 todo dicho. Espa\u00f1a ha perdido claramente toda una d\u00e9cada, ha retrocedido en el \u00e1mbito de la UE y le costar\u00e1 muchos a\u00f1os recuperar esa p\u00e9rdida que precisamente se ha acentuado en el per\u00edodo de gobierno de S\u00e1nchez. \u00c9sta es la verdad cruda y dura que se\u00f1alan las estad\u00edsticas.<\/p>\n","protected":false},"author":3,"featured_media":63066,"comment_status":"open","ping_status":"open","sticky":false,"template":"","format":"standard","meta":{"_FSMCFIC_featured_image_caption":"","_FSMCFIC_featured_image_nocaption":"","_FSMCFIC_featured_image_hide":"","footnotes":""},"categories":[806],"tags":[1373],"class_list":["post-63069","post","type-post","status-publish","format-standard","has-post-thumbnail","hentry","category-punts-claus-del-dia-es","tag-govern-sanchez-es"],"yoast_head":"<!-- This site is optimized with the Yoast SEO plugin v26.8 - https:\/\/yoast.com\/product\/yoast-seo-wordpress\/ -->\n<title>situaci\u00f3n econ\u00f3mica Espa\u00f1a<\/title>\n<meta name=\"description\" content=\"S\u00e1nchez se presenta c\u00f3mo un gran gestor de la situaci\u00f3n econ\u00f3mica en Espa\u00f1a. Sin ir a las estad\u00edsticas, familias y empresas discrepan\" \/>\n<meta name=\"robots\" content=\"index, follow, max-snippet:-1, max-image-preview:large, max-video-preview:-1\" \/>\n<link rel=\"canonical\" href=\"https:\/\/conversesacatalunya.cat\/es\/sanchez-su-gestion-economica-no-existe\/\" \/>\n<meta property=\"og:locale\" content=\"es_ES\" \/>\n<meta property=\"og:type\" content=\"article\" \/>\n<meta property=\"og:title\" content=\"situaci\u00f3n econ\u00f3mica Espa\u00f1a\" \/>\n<meta property=\"og:description\" content=\"S\u00e1nchez se presenta c\u00f3mo un gran gestor de la situaci\u00f3n econ\u00f3mica en Espa\u00f1a. Sin ir a las estad\u00edsticas, familias y empresas discrepan\" \/>\n<meta property=\"og:url\" content=\"https:\/\/conversesacatalunya.cat\/es\/sanchez-su-gestion-economica-no-existe\/\" \/>\n<meta property=\"og:site_name\" content=\"Converses a Catalunya\" \/>\n<meta property=\"article:published_time\" content=\"2022-12-15T11:06:38+00:00\" \/>\n<meta property=\"og:image\" content=\"https:\/\/conversesacatalunya.cat\/wp-content\/uploads\/2022\/12\/situacio-economica-Espanya.jpg\" \/>\n\t<meta property=\"og:image:width\" content=\"640\" \/>\n\t<meta property=\"og:image:height\" content=\"427\" \/>\n\t<meta property=\"og:image:type\" content=\"image\/jpeg\" \/>\n<meta name=\"author\" content=\"conversesacatalunya\" \/>\n<meta name=\"twitter:card\" content=\"summary_large_image\" \/>\n<meta name=\"twitter:label1\" content=\"Escrito por\" \/>\n\t<meta name=\"twitter:data1\" content=\"conversesacatalunya\" \/>\n\t<meta name=\"twitter:label2\" content=\"Tiempo de lectura\" \/>\n\t<meta name=\"twitter:data2\" content=\"3 minutos\" \/>\n<script type=\"application\/ld+json\" class=\"yoast-schema-graph\">{\"@context\":\"https:\/\/schema.org\",\"@graph\":[{\"@type\":\"Article\",\"@id\":\"https:\/\/conversesacatalunya.cat\/es\/sanchez-su-gestion-economica-no-existe\/#article\",\"isPartOf\":{\"@id\":\"https:\/\/conversesacatalunya.cat\/es\/sanchez-su-gestion-economica-no-existe\/\"},\"author\":{\"name\":\"conversesacatalunya\",\"@id\":\"https:\/\/conversesacatalunya.cat\/#\/schema\/person\/982274792508d804a0821b413c9ac076\"},\"headline\":\"S\u00e1nchez: la buena nueva de su gesti\u00f3n econ\u00f3mica no existe\",\"datePublished\":\"2022-12-15T11:06:38+00:00\",\"mainEntityOfPage\":{\"@id\":\"https:\/\/conversesacatalunya.cat\/es\/sanchez-su-gestion-economica-no-existe\/\"},\"wordCount\":700,\"commentCount\":0,\"image\":{\"@id\":\"https:\/\/conversesacatalunya.cat\/es\/sanchez-su-gestion-economica-no-existe\/#primaryimage\"},\"thumbnailUrl\":\"https:\/\/conversesacatalunya.cat\/wp-content\/uploads\/2022\/12\/situacio-economica-Espanya.jpg\",\"keywords\":[\"Govern S\u00e1nchez\"],\"articleSection\":[\"Punts clau del dia (ES)\"],\"inLanguage\":\"es\",\"potentialAction\":[{\"@type\":\"CommentAction\",\"name\":\"Comment\",\"target\":[\"https:\/\/conversesacatalunya.cat\/es\/sanchez-su-gestion-economica-no-existe\/#respond\"]}]},{\"@type\":\"WebPage\",\"@id\":\"https:\/\/conversesacatalunya.cat\/es\/sanchez-su-gestion-economica-no-existe\/\",\"url\":\"https:\/\/conversesacatalunya.cat\/es\/sanchez-su-gestion-economica-no-existe\/\",\"name\":\"situaci\u00f3n econ\u00f3mica Espa\u00f1a\",\"isPartOf\":{\"@id\":\"https:\/\/conversesacatalunya.cat\/#website\"},\"primaryImageOfPage\":{\"@id\":\"https:\/\/conversesacatalunya.cat\/es\/sanchez-su-gestion-economica-no-existe\/#primaryimage\"},\"image\":{\"@id\":\"https:\/\/conversesacatalunya.cat\/es\/sanchez-su-gestion-economica-no-existe\/#primaryimage\"},\"thumbnailUrl\":\"https:\/\/conversesacatalunya.cat\/wp-content\/uploads\/2022\/12\/situacio-economica-Espanya.jpg\",\"datePublished\":\"2022-12-15T11:06:38+00:00\",\"author\":{\"@id\":\"https:\/\/conversesacatalunya.cat\/#\/schema\/person\/982274792508d804a0821b413c9ac076\"},\"description\":\"S\u00e1nchez se presenta c\u00f3mo un gran gestor de la situaci\u00f3n econ\u00f3mica en Espa\u00f1a. Sin ir a las estad\u00edsticas, familias y empresas discrepan\",\"breadcrumb\":{\"@id\":\"https:\/\/conversesacatalunya.cat\/es\/sanchez-su-gestion-economica-no-existe\/#breadcrumb\"},\"inLanguage\":\"es\",\"potentialAction\":[{\"@type\":\"ReadAction\",\"target\":[\"https:\/\/conversesacatalunya.cat\/es\/sanchez-su-gestion-economica-no-existe\/\"]}]},{\"@type\":\"ImageObject\",\"inLanguage\":\"es\",\"@id\":\"https:\/\/conversesacatalunya.cat\/es\/sanchez-su-gestion-economica-no-existe\/#primaryimage\",\"url\":\"https:\/\/conversesacatalunya.cat\/wp-content\/uploads\/2022\/12\/situacio-economica-Espanya.jpg\",\"contentUrl\":\"https:\/\/conversesacatalunya.cat\/wp-content\/uploads\/2022\/12\/situacio-economica-Espanya.jpg\",\"width\":640,\"height\":427,\"caption\":\"situaci\u00f3n econ\u00f3mica Espa\u00f1a\"},{\"@type\":\"BreadcrumbList\",\"@id\":\"https:\/\/conversesacatalunya.cat\/es\/sanchez-su-gestion-economica-no-existe\/#breadcrumb\",\"itemListElement\":[{\"@type\":\"ListItem\",\"position\":1,\"name\":\"Inici\",\"item\":\"https:\/\/conversesacatalunya.cat\/es\/\"},{\"@type\":\"ListItem\",\"position\":2,\"name\":\"S\u00e1nchez: la buena nueva de su gesti\u00f3n econ\u00f3mica no existe\"}]},{\"@type\":\"WebSite\",\"@id\":\"https:\/\/conversesacatalunya.cat\/#website\",\"url\":\"https:\/\/conversesacatalunya.cat\/\",\"name\":\"Converses a Catalunya\",\"description\":\"\",\"potentialAction\":[{\"@type\":\"SearchAction\",\"target\":{\"@type\":\"EntryPoint\",\"urlTemplate\":\"https:\/\/conversesacatalunya.cat\/?s={search_term_string}\"},\"query-input\":{\"@type\":\"PropertyValueSpecification\",\"valueRequired\":true,\"valueName\":\"search_term_string\"}}],\"inLanguage\":\"es\"},{\"@type\":\"Person\",\"@id\":\"https:\/\/conversesacatalunya.cat\/#\/schema\/person\/982274792508d804a0821b413c9ac076\",\"name\":\"conversesacatalunya\",\"image\":{\"@type\":\"ImageObject\",\"inLanguage\":\"es\",\"@id\":\"https:\/\/conversesacatalunya.cat\/#\/schema\/person\/image\/\",\"url\":\"https:\/\/conversesacatalunya.cat\/wp-content\/litespeed\/avatar\/f04b47eeffd9637c7cf7869e217fb9ec.jpg?ver=1777370077\",\"contentUrl\":\"https:\/\/conversesacatalunya.cat\/wp-content\/litespeed\/avatar\/f04b47eeffd9637c7cf7869e217fb9ec.jpg?ver=1777370077\",\"caption\":\"conversesacatalunya\"},\"url\":\"https:\/\/conversesacatalunya.cat\/es\/author\/muntsa_escola\/\"}]}<\/script>\n<!-- \/ Yoast SEO plugin. -->","yoast_head_json":{"title":"situaci\u00f3n econ\u00f3mica Espa\u00f1a","description":"S\u00e1nchez se presenta c\u00f3mo un gran gestor de la situaci\u00f3n econ\u00f3mica en Espa\u00f1a. Sin ir a las estad\u00edsticas, familias y empresas discrepan","robots":{"index":"index","follow":"follow","max-snippet":"max-snippet:-1","max-image-preview":"max-image-preview:large","max-video-preview":"max-video-preview:-1"},"canonical":"https:\/\/conversesacatalunya.cat\/es\/sanchez-su-gestion-economica-no-existe\/","og_locale":"es_ES","og_type":"article","og_title":"situaci\u00f3n econ\u00f3mica Espa\u00f1a","og_description":"S\u00e1nchez se presenta c\u00f3mo un gran gestor de la situaci\u00f3n econ\u00f3mica en Espa\u00f1a. Sin ir a las estad\u00edsticas, familias y empresas discrepan","og_url":"https:\/\/conversesacatalunya.cat\/es\/sanchez-su-gestion-economica-no-existe\/","og_site_name":"Converses a Catalunya","article_published_time":"2022-12-15T11:06:38+00:00","og_image":[{"width":640,"height":427,"url":"https:\/\/conversesacatalunya.cat\/wp-content\/uploads\/2022\/12\/situacio-economica-Espanya.jpg","type":"image\/jpeg"}],"author":"conversesacatalunya","twitter_card":"summary_large_image","twitter_misc":{"Escrito por":"conversesacatalunya","Tiempo de lectura":"3 minutos"},"schema":{"@context":"https:\/\/schema.org","@graph":[{"@type":"Article","@id":"https:\/\/conversesacatalunya.cat\/es\/sanchez-su-gestion-economica-no-existe\/#article","isPartOf":{"@id":"https:\/\/conversesacatalunya.cat\/es\/sanchez-su-gestion-economica-no-existe\/"},"author":{"name":"conversesacatalunya","@id":"https:\/\/conversesacatalunya.cat\/#\/schema\/person\/982274792508d804a0821b413c9ac076"},"headline":"S\u00e1nchez: la buena nueva de su gesti\u00f3n econ\u00f3mica no existe","datePublished":"2022-12-15T11:06:38+00:00","mainEntityOfPage":{"@id":"https:\/\/conversesacatalunya.cat\/es\/sanchez-su-gestion-economica-no-existe\/"},"wordCount":700,"commentCount":0,"image":{"@id":"https:\/\/conversesacatalunya.cat\/es\/sanchez-su-gestion-economica-no-existe\/#primaryimage"},"thumbnailUrl":"https:\/\/conversesacatalunya.cat\/wp-content\/uploads\/2022\/12\/situacio-economica-Espanya.jpg","keywords":["Govern S\u00e1nchez"],"articleSection":["Punts clau del dia (ES)"],"inLanguage":"es","potentialAction":[{"@type":"CommentAction","name":"Comment","target":["https:\/\/conversesacatalunya.cat\/es\/sanchez-su-gestion-economica-no-existe\/#respond"]}]},{"@type":"WebPage","@id":"https:\/\/conversesacatalunya.cat\/es\/sanchez-su-gestion-economica-no-existe\/","url":"https:\/\/conversesacatalunya.cat\/es\/sanchez-su-gestion-economica-no-existe\/","name":"situaci\u00f3n econ\u00f3mica Espa\u00f1a","isPartOf":{"@id":"https:\/\/conversesacatalunya.cat\/#website"},"primaryImageOfPage":{"@id":"https:\/\/conversesacatalunya.cat\/es\/sanchez-su-gestion-economica-no-existe\/#primaryimage"},"image":{"@id":"https:\/\/conversesacatalunya.cat\/es\/sanchez-su-gestion-economica-no-existe\/#primaryimage"},"thumbnailUrl":"https:\/\/conversesacatalunya.cat\/wp-content\/uploads\/2022\/12\/situacio-economica-Espanya.jpg","datePublished":"2022-12-15T11:06:38+00:00","author":{"@id":"https:\/\/conversesacatalunya.cat\/#\/schema\/person\/982274792508d804a0821b413c9ac076"},"description":"S\u00e1nchez se presenta c\u00f3mo un gran gestor de la situaci\u00f3n econ\u00f3mica en Espa\u00f1a. Sin ir a las estad\u00edsticas, familias y empresas discrepan","breadcrumb":{"@id":"https:\/\/conversesacatalunya.cat\/es\/sanchez-su-gestion-economica-no-existe\/#breadcrumb"},"inLanguage":"es","potentialAction":[{"@type":"ReadAction","target":["https:\/\/conversesacatalunya.cat\/es\/sanchez-su-gestion-economica-no-existe\/"]}]},{"@type":"ImageObject","inLanguage":"es","@id":"https:\/\/conversesacatalunya.cat\/es\/sanchez-su-gestion-economica-no-existe\/#primaryimage","url":"https:\/\/conversesacatalunya.cat\/wp-content\/uploads\/2022\/12\/situacio-economica-Espanya.jpg","contentUrl":"https:\/\/conversesacatalunya.cat\/wp-content\/uploads\/2022\/12\/situacio-economica-Espanya.jpg","width":640,"height":427,"caption":"situaci\u00f3n econ\u00f3mica Espa\u00f1a"},{"@type":"BreadcrumbList","@id":"https:\/\/conversesacatalunya.cat\/es\/sanchez-su-gestion-economica-no-existe\/#breadcrumb","itemListElement":[{"@type":"ListItem","position":1,"name":"Inici","item":"https:\/\/conversesacatalunya.cat\/es\/"},{"@type":"ListItem","position":2,"name":"S\u00e1nchez: la buena nueva de su gesti\u00f3n econ\u00f3mica no existe"}]},{"@type":"WebSite","@id":"https:\/\/conversesacatalunya.cat\/#website","url":"https:\/\/conversesacatalunya.cat\/","name":"Converses a Catalunya","description":"","potentialAction":[{"@type":"SearchAction","target":{"@type":"EntryPoint","urlTemplate":"https:\/\/conversesacatalunya.cat\/?s={search_term_string}"},"query-input":{"@type":"PropertyValueSpecification","valueRequired":true,"valueName":"search_term_string"}}],"inLanguage":"es"},{"@type":"Person","@id":"https:\/\/conversesacatalunya.cat\/#\/schema\/person\/982274792508d804a0821b413c9ac076","name":"conversesacatalunya","image":{"@type":"ImageObject","inLanguage":"es","@id":"https:\/\/conversesacatalunya.cat\/#\/schema\/person\/image\/","url":"https:\/\/conversesacatalunya.cat\/wp-content\/litespeed\/avatar\/f04b47eeffd9637c7cf7869e217fb9ec.jpg?ver=1777370077","contentUrl":"https:\/\/conversesacatalunya.cat\/wp-content\/litespeed\/avatar\/f04b47eeffd9637c7cf7869e217fb9ec.jpg?ver=1777370077","caption":"conversesacatalunya"},"url":"https:\/\/conversesacatalunya.cat\/es\/author\/muntsa_escola\/"}]}},"wps_subtitle":"Es evidente que todo dato es susceptible de manipulaci\u00f3n, pero tambi\u00e9n lo es que esta instrumentalizaci\u00f3n tiene l\u00edmites","_links":{"self":[{"href":"https:\/\/conversesacatalunya.cat\/es\/wp-json\/wp\/v2\/posts\/63069","targetHints":{"allow":["GET"]}}],"collection":[{"href":"https:\/\/conversesacatalunya.cat\/es\/wp-json\/wp\/v2\/posts"}],"about":[{"href":"https:\/\/conversesacatalunya.cat\/es\/wp-json\/wp\/v2\/types\/post"}],"author":[{"embeddable":true,"href":"https:\/\/conversesacatalunya.cat\/es\/wp-json\/wp\/v2\/users\/3"}],"replies":[{"embeddable":true,"href":"https:\/\/conversesacatalunya.cat\/es\/wp-json\/wp\/v2\/comments?post=63069"}],"version-history":[{"count":4,"href":"https:\/\/conversesacatalunya.cat\/es\/wp-json\/wp\/v2\/posts\/63069\/revisions"}],"predecessor-version":[{"id":63073,"href":"https:\/\/conversesacatalunya.cat\/es\/wp-json\/wp\/v2\/posts\/63069\/revisions\/63073"}],"wp:featuredmedia":[{"embeddable":true,"href":"https:\/\/conversesacatalunya.cat\/es\/wp-json\/wp\/v2\/media\/63066"}],"wp:attachment":[{"href":"https:\/\/conversesacatalunya.cat\/es\/wp-json\/wp\/v2\/media?parent=63069"}],"wp:term":[{"taxonomy":"category","embeddable":true,"href":"https:\/\/conversesacatalunya.cat\/es\/wp-json\/wp\/v2\/categories?post=63069"},{"taxonomy":"post_tag","embeddable":true,"href":"https:\/\/conversesacatalunya.cat\/es\/wp-json\/wp\/v2\/tags?post=63069"}],"curies":[{"name":"wp","href":"https:\/\/api.w.org\/{rel}","templated":true}]}}