{"id":63047,"date":"2022-12-14T12:12:06","date_gmt":"2022-12-14T11:12:06","guid":{"rendered":"https:\/\/conversesacatalunya.cat\/cinc-mesos-abans-de-les-eleccions-lajuntament-atura-les-superilles-de-moment\/"},"modified":"2022-12-14T14:29:33","modified_gmt":"2022-12-14T13:29:33","slug":"cinco-meses-antes-de-las-elecciones-el-ayuntamiento-detiene-las-supermanzanas-de-momento","status":"publish","type":"post","link":"https:\/\/conversesacatalunya.cat\/es\/cinco-meses-antes-de-las-elecciones-el-ayuntamiento-detiene-las-supermanzanas-de-momento\/","title":{"rendered":"Cinco meses antes de las elecciones el Ayuntamiento detiene las supermanzanas\u2026 de momento"},"content":{"rendered":"<p><span>A nuestros pol\u00edticos deber\u00eda caerles la cara de verg\u00fcenza.\u00a0Ahora PSC y ERC, como empiezan a percibir que hay una\u00a0<\/span><strong><span>oposici\u00f3n muy importante contra las supermanzanas,<\/span><\/strong><span>\u00a0intentan pasar de perfil y decir que ellos no acaban de estar de acuerdo.<\/span><\/p>\n<p><span><span class=\"goog-text-highlight\">\u00c9ste podr\u00eda ser el resumen de lo que ocurri\u00f3 ayer en la Comisi\u00f3n de Ecolog\u00eda, Urbanismo, Infraestructuras y Movilidad del Ayuntamiento de Barcelona, \u200b\u200bdonde con los \u00fanicos votos en contra de la gente de Colau se aprob\u00f3 una proposici\u00f3n de JxCat para\u00a0<\/span><\/span><strong><span><span class=\"goog-text-highlight\">detener la implantaci\u00f3n de las nuevas supermanzanas y paralizar la licitaci\u00f3n de m\u00e1s obras o proyectos hasta evaluar su impacto en la econom\u00eda, la movilidad y la calidad del aire de la ciudad<\/span><\/span><\/strong><span><span class=\"goog-text-highlight\">\u00a0.<\/span><\/span><\/p>\n<p>Este texto pudo salir adelante porque previamente hubo un acuerdo con el PSC y con ERC. Mientras, la calle Consell de Cent ya est\u00e1 totalmente desmantelada y experimenta un cambio radical sin otra envoltura jur\u00eddica que un simple plan de obras, como si se tratara de cambiar el pavimento.<\/p>\n<p><span><span class=\"\">Ahora resulta que los socialistas y los republicanos descubren que no existe un estudio sobre el impacto de esta transformaci\u00f3n radical del Eixample que quiere llevar a cabo Colau.\u00a0<\/span>Llevan a\u00f1os y a\u00f1os asumiendolo y votando a favor.<\/span><\/p>\n<p><span>En el caso de socialistas todav\u00eda es m\u00e1s grave porque\u00a0<\/span><strong><span>participan en el gobierno y en su cocina,<\/span><\/strong><span> y mira por donde s\u00f3lo ahora, cuando entramos en tiempo de descuento electoral, se dan cuenta de que hab\u00eda que conocer previamente a las obras c\u00f3mo afectaba a tr\u00e1fico a la econom\u00eda y a la contaminaci\u00f3n. Es fant\u00e1stico.\u00a0Si se pod\u00eda tener poca confianza en los planteamientos de Collboni y en cierto modo de Maragall hasta ahora, por su acompa\u00f1amiento de todas las pol\u00edticas de Colau, todav\u00eda se puede tener menos cuando se producen juegos de manos tan escandalosos como \u00e9ste.<\/span><\/p>\n<p><span>\u00bfC\u00f3mo es posible que el primer teniente de alcalde de Barcelona y candidato a la alcald\u00eda, no conociera que\u00a0<\/span><strong><span>no hab\u00eda ning\u00fan estudio de c\u00f3mo afectaban las supermanzanas a la movilidad<\/span><\/strong><span>?\u00a0\u00bfAcaso no ten\u00eda ojos en la cara para ver qu\u00e9 est\u00e1 pasado en Barcelona y orejas para escuchar a la gente?\u00a0Y si lo sab\u00eda y lo ve\u00eda, \u00bfpor qu\u00e9 no han detenido las obras antes?\u00a0\u00bfPor qu\u00e9 han permitido que desmantelara toda la calle Consell de Cent con un simple plan de obra? <span class=\"goog-text-highlight\">\u00bfPor qu\u00e9 en la Comisi\u00f3n de gobierno Collboni nunca ha manifestado su opini\u00f3n contraria, y en el plenario Maragall nunca se ha opuesto a esta operaci\u00f3n de Consell de Cent, la primera del gran cambio de la supermanzana en el Eixample? \u00a0De la misma manera que han estado 3 a\u00f1os y medio empujando el bal\u00f3n de la supermanzana y ahora lo detienen porque vienen elecciones, no hay raz\u00f3n para pensar que pasadas estas vuelvan a la canci\u00f3n inicial, la de Colau, Collboni y con el apoyo externo de Maragall para llevar adelante el programa de <a href=\"https:\/\/conversesacatalunya.cat\/es\/salvem-el-pla-cerda-i-leixample\/\"><strong>deshacer el Plan Cerd\u00e0<\/strong><\/a>\u00a0con los \u201cejes verdes\u201d y el tranv\u00eda por la Diagonal.<\/span><\/span><\/p>\n<div id=\"polls-177\" class=\"wp-polls\">\n\t<form id=\"polls_form_177\" class=\"wp-polls-form\" action=\"\/index.php\" method=\"post\">\n\t\t<p style=\"display: none;\"><input type=\"hidden\" id=\"poll_177_nonce\" name=\"wp-polls-nonce\" value=\"8f3e186e8b\" \/><\/p>\n\t\t<p style=\"display: none;\"><input type=\"hidden\" name=\"poll_id\" value=\"177\" \/><\/p>\n\t\t<p style=\"text-align: center\"><strong>Est\u00e0s d'acord que S\u00e1nchez vulgui modificar en un debat parlamentari de tan sols 3 dies els delictes de malversaci\u00f3, frau pressupostari i falsos aut\u00f2noms?<\/strong><\/p><div id=\"polls-177-ans\" class=\"wp-polls-ans\"><ul class=\"wp-polls-ul\">\n\t\t<li><input type=\"radio\" id=\"poll-answer-473\" name=\"poll_177\" value=\"473\" \/> <label for=\"poll-answer-473\">S\u00ed<\/label><\/li>\n\t\t<li><input type=\"radio\" id=\"poll-answer-474\" name=\"poll_177\" value=\"474\" \/> <label for=\"poll-answer-474\">No<\/label><\/li>\n\t\t<li><input type=\"radio\" id=\"poll-answer-475\" name=\"poll_177\" value=\"475\" \/> <label for=\"poll-answer-475\">M'\u00e9s indiferent<\/label><\/li>\n\t\t<\/ul><p style=\"text-align: center\"><input type=\"button\" name=\"vote\" value=\"   Vota   \" class=\"Buttons\" onclick=\"poll_vote(177);\" \/><\/p><p style=\"text-align: center\"><a href=\"#ViewPollResults\" onclick=\"poll_result(177); return false;\" title=\"View Results Of This Poll\">Mira els resultats<\/a><\/p><\/div>\n\t<\/form>\n<\/div>\n<div id=\"polls-177-loading\" class=\"wp-polls-loading\"><img decoding=\"async\" data-src=\"https:\/\/conversesacatalunya.cat\/wp-content\/plugins\/wp-polls\/images\/loading.gif\" width=\"16\" height=\"16\" alt=\"Cargando ...\" title=\"Cargando ...\" class=\"wp-polls-image lazyload\" src=\"data:image\/svg+xml;base64,PHN2ZyB3aWR0aD0iMSIgaGVpZ2h0PSIxIiB4bWxucz0iaHR0cDovL3d3dy53My5vcmcvMjAwMC9zdmciPjwvc3ZnPg==\" style=\"--smush-placeholder-width: 16px; --smush-placeholder-aspect-ratio: 16\/16;\" \/>&nbsp;Cargando ...<\/div>\n\n","protected":false},"excerpt":{"rendered":"<p>A nuestros pol\u00edticos deber\u00eda caerles la cara de verg\u00fcenza.\u00a0Ahora PSC y ERC, como empiezan a percibir que hay una\u00a0oposici\u00f3n muy importante contra las supermanzanas,\u00a0intentan pasar de perfil y decir que ellos no acaban de estar de acuerdo. \u00c9ste podr\u00eda ser el resumen de lo que ocurri\u00f3 ayer en la Comisi\u00f3n de Ecolog\u00eda, Urbanismo, Infraestructuras y Movilidad del Ayuntamiento de Barcelona, \u200b\u200bdonde con los \u00fanicos votos en contra de la gente de Colau se aprob\u00f3 una proposici\u00f3n de JxCat para\u00a0detener la implantaci\u00f3n de las nuevas supermanzanas y paralizar la licitaci\u00f3n de m\u00e1s obras o proyectos hasta evaluar su impacto en la econom\u00eda, la movilidad y la calidad del aire de la ciudad\u00a0. Este texto pudo salir adelante porque previamente hubo un acuerdo con el PSC y con ERC. Mientras, la calle Consell de Cent ya est\u00e1 totalmente desmantelada y experimenta un cambio radical sin otra envoltura jur\u00eddica que un simple plan de obras, como si se tratara de cambiar el pavimento. Ahora resulta que los socialistas y los republicanos descubren que no existe un estudio sobre el impacto de esta transformaci\u00f3n radical del Eixample que quiere llevar a cabo Colau.\u00a0Llevan a\u00f1os y a\u00f1os asumiendolo y votando a favor. En el caso de socialistas todav\u00eda es m\u00e1s grave porque\u00a0participan en el gobierno y en su cocina, y mira por donde s\u00f3lo ahora, cuando entramos en tiempo de descuento electoral, se dan cuenta de que hab\u00eda que conocer previamente a las obras c\u00f3mo afectaba a tr\u00e1fico a la econom\u00eda y a la contaminaci\u00f3n. Es fant\u00e1stico.\u00a0Si se pod\u00eda tener poca confianza en los planteamientos de Collboni y en cierto modo de Maragall hasta ahora, por su acompa\u00f1amiento de todas las pol\u00edticas de Colau, todav\u00eda se puede tener menos cuando se producen juegos de manos tan escandalosos como \u00e9ste. \u00bfC\u00f3mo es posible que el primer teniente de alcalde de Barcelona y candidato a la alcald\u00eda, no conociera que\u00a0no hab\u00eda ning\u00fan estudio de c\u00f3mo afectaban las supermanzanas a la movilidad?\u00a0\u00bfAcaso no ten\u00eda ojos en la cara para ver qu\u00e9 est\u00e1 pasado en Barcelona y orejas para escuchar a la gente?\u00a0Y si lo sab\u00eda y lo ve\u00eda, \u00bfpor qu\u00e9 no han detenido las obras antes?\u00a0\u00bfPor qu\u00e9 han permitido que desmantelara toda la calle Consell de Cent con un simple plan de obra? \u00bfPor qu\u00e9 en la Comisi\u00f3n de gobierno Collboni nunca ha manifestado su opini\u00f3n contraria, y en el plenario Maragall nunca se ha opuesto a esta operaci\u00f3n de Consell de Cent, la primera del gran cambio de la supermanzana en el Eixample? \u00a0De la misma manera que han estado 3 a\u00f1os y medio empujando el bal\u00f3n de la supermanzana y ahora lo detienen porque vienen elecciones, no hay raz\u00f3n para pensar que pasadas estas vuelvan a la canci\u00f3n inicial, la de Colau, Collboni y con el apoyo externo de Maragall para llevar adelante el programa de deshacer el Plan Cerd\u00e0\u00a0con los \u201cejes verdes\u201d y el tranv\u00eda por la Diagonal.<\/p>\n","protected":false},"author":2,"featured_media":63035,"comment_status":"open","ping_status":"open","sticky":false,"template":"","format":"standard","meta":{"_FSMCFIC_featured_image_caption":"","_FSMCFIC_featured_image_nocaption":"","_FSMCFIC_featured_image_hide":"","footnotes":""},"categories":[3787,806],"tags":[4615,4217],"class_list":["post-63047","post","type-post","status-publish","format-standard","has-post-thumbnail","hentry","category-expedient-barcelona-es","category-punts-claus-del-dia-es","tag-municipales-2023","tag-supermanzanas"],"yoast_head":"<!-- This site is optimized with the Yoast SEO plugin v26.8 - https:\/\/yoast.com\/product\/yoast-seo-wordpress\/ -->\n<title>Las elecciones detienen las supermanzanas<\/title>\n<meta name=\"description\" content=\"Ahora resulta que los socialistas y los republicanos descubren que no existe un estudio sobre el impacto de esta transformaci\u00f3n radical del Eixample\" \/>\n<meta name=\"robots\" content=\"index, follow, max-snippet:-1, max-image-preview:large, max-video-preview:-1\" \/>\n<link rel=\"canonical\" href=\"https:\/\/conversesacatalunya.cat\/es\/cinco-meses-antes-de-las-elecciones-el-ayuntamiento-detiene-las-supermanzanas-de-momento\/\" \/>\n<meta property=\"og:locale\" content=\"es_ES\" \/>\n<meta property=\"og:type\" content=\"article\" \/>\n<meta property=\"og:title\" content=\"Las elecciones detienen las supermanzanas\" \/>\n<meta property=\"og:description\" content=\"Ahora resulta que los socialistas y los republicanos descubren que no existe un estudio sobre el impacto de esta transformaci\u00f3n radical del Eixample\" \/>\n<meta property=\"og:url\" content=\"https:\/\/conversesacatalunya.cat\/es\/cinco-meses-antes-de-las-elecciones-el-ayuntamiento-detiene-las-supermanzanas-de-momento\/\" \/>\n<meta property=\"og:site_name\" content=\"Converses a Catalunya\" \/>\n<meta property=\"article:published_time\" content=\"2022-12-14T11:12:06+00:00\" \/>\n<meta property=\"article:modified_time\" content=\"2022-12-14T13:29:33+00:00\" \/>\n<meta property=\"og:image\" content=\"https:\/\/conversesacatalunya.cat\/wp-content\/uploads\/2022\/12\/superilles.jpeg\" \/>\n\t<meta property=\"og:image:width\" content=\"1200\" \/>\n\t<meta property=\"og:image:height\" content=\"675\" \/>\n\t<meta property=\"og:image:type\" content=\"image\/jpeg\" \/>\n<meta name=\"author\" content=\"conversesacatalunya\" \/>\n<meta name=\"twitter:card\" content=\"summary_large_image\" \/>\n<meta name=\"twitter:label1\" content=\"Escrito por\" \/>\n\t<meta name=\"twitter:data1\" content=\"conversesacatalunya\" \/>\n\t<meta name=\"twitter:label2\" content=\"Tiempo de lectura\" \/>\n\t<meta name=\"twitter:data2\" content=\"3 minutos\" \/>\n<script type=\"application\/ld+json\" class=\"yoast-schema-graph\">{\"@context\":\"https:\/\/schema.org\",\"@graph\":[{\"@type\":\"Article\",\"@id\":\"https:\/\/conversesacatalunya.cat\/es\/cinco-meses-antes-de-las-elecciones-el-ayuntamiento-detiene-las-supermanzanas-de-momento\/#article\",\"isPartOf\":{\"@id\":\"https:\/\/conversesacatalunya.cat\/es\/cinco-meses-antes-de-las-elecciones-el-ayuntamiento-detiene-las-supermanzanas-de-momento\/\"},\"author\":{\"name\":\"conversesacatalunya\",\"@id\":\"https:\/\/conversesacatalunya.cat\/#\/schema\/person\/7e24d1e54a2785373ddcb275eae5ed99\"},\"headline\":\"Cinco meses antes de las elecciones el Ayuntamiento detiene las supermanzanas\u2026 de momento\",\"datePublished\":\"2022-12-14T11:12:06+00:00\",\"dateModified\":\"2022-12-14T13:29:33+00:00\",\"mainEntityOfPage\":{\"@id\":\"https:\/\/conversesacatalunya.cat\/es\/cinco-meses-antes-de-las-elecciones-el-ayuntamiento-detiene-las-supermanzanas-de-momento\/\"},\"wordCount\":554,\"commentCount\":0,\"image\":{\"@id\":\"https:\/\/conversesacatalunya.cat\/es\/cinco-meses-antes-de-las-elecciones-el-ayuntamiento-detiene-las-supermanzanas-de-momento\/#primaryimage\"},\"thumbnailUrl\":\"https:\/\/conversesacatalunya.cat\/wp-content\/uploads\/2022\/12\/superilles.jpeg\",\"keywords\":[\"municipales 2023\",\"supermanzanas\"],\"articleSection\":[\"Expedient Barcelona (ES)\",\"Punts clau del dia (ES)\"],\"inLanguage\":\"es\",\"potentialAction\":[{\"@type\":\"CommentAction\",\"name\":\"Comment\",\"target\":[\"https:\/\/conversesacatalunya.cat\/es\/cinco-meses-antes-de-las-elecciones-el-ayuntamiento-detiene-las-supermanzanas-de-momento\/#respond\"]}]},{\"@type\":\"WebPage\",\"@id\":\"https:\/\/conversesacatalunya.cat\/es\/cinco-meses-antes-de-las-elecciones-el-ayuntamiento-detiene-las-supermanzanas-de-momento\/\",\"url\":\"https:\/\/conversesacatalunya.cat\/es\/cinco-meses-antes-de-las-elecciones-el-ayuntamiento-detiene-las-supermanzanas-de-momento\/\",\"name\":\"Las elecciones detienen las supermanzanas\",\"isPartOf\":{\"@id\":\"https:\/\/conversesacatalunya.cat\/#website\"},\"primaryImageOfPage\":{\"@id\":\"https:\/\/conversesacatalunya.cat\/es\/cinco-meses-antes-de-las-elecciones-el-ayuntamiento-detiene-las-supermanzanas-de-momento\/#primaryimage\"},\"image\":{\"@id\":\"https:\/\/conversesacatalunya.cat\/es\/cinco-meses-antes-de-las-elecciones-el-ayuntamiento-detiene-las-supermanzanas-de-momento\/#primaryimage\"},\"thumbnailUrl\":\"https:\/\/conversesacatalunya.cat\/wp-content\/uploads\/2022\/12\/superilles.jpeg\",\"datePublished\":\"2022-12-14T11:12:06+00:00\",\"dateModified\":\"2022-12-14T13:29:33+00:00\",\"author\":{\"@id\":\"https:\/\/conversesacatalunya.cat\/#\/schema\/person\/7e24d1e54a2785373ddcb275eae5ed99\"},\"description\":\"Ahora resulta que los socialistas y los republicanos descubren que no existe un estudio sobre el impacto de esta transformaci\u00f3n radical del Eixample\",\"breadcrumb\":{\"@id\":\"https:\/\/conversesacatalunya.cat\/es\/cinco-meses-antes-de-las-elecciones-el-ayuntamiento-detiene-las-supermanzanas-de-momento\/#breadcrumb\"},\"inLanguage\":\"es\",\"potentialAction\":[{\"@type\":\"ReadAction\",\"target\":[\"https:\/\/conversesacatalunya.cat\/es\/cinco-meses-antes-de-las-elecciones-el-ayuntamiento-detiene-las-supermanzanas-de-momento\/\"]}]},{\"@type\":\"ImageObject\",\"inLanguage\":\"es\",\"@id\":\"https:\/\/conversesacatalunya.cat\/es\/cinco-meses-antes-de-las-elecciones-el-ayuntamiento-detiene-las-supermanzanas-de-momento\/#primaryimage\",\"url\":\"https:\/\/conversesacatalunya.cat\/wp-content\/uploads\/2022\/12\/superilles.jpeg\",\"contentUrl\":\"https:\/\/conversesacatalunya.cat\/wp-content\/uploads\/2022\/12\/superilles.jpeg\",\"width\":1200,\"height\":675},{\"@type\":\"BreadcrumbList\",\"@id\":\"https:\/\/conversesacatalunya.cat\/es\/cinco-meses-antes-de-las-elecciones-el-ayuntamiento-detiene-las-supermanzanas-de-momento\/#breadcrumb\",\"itemListElement\":[{\"@type\":\"ListItem\",\"position\":1,\"name\":\"Inici\",\"item\":\"https:\/\/conversesacatalunya.cat\/es\/\"},{\"@type\":\"ListItem\",\"position\":2,\"name\":\"Cinco meses antes de las elecciones el Ayuntamiento detiene las supermanzanas\u2026 de momento\"}]},{\"@type\":\"WebSite\",\"@id\":\"https:\/\/conversesacatalunya.cat\/#website\",\"url\":\"https:\/\/conversesacatalunya.cat\/\",\"name\":\"Converses a Catalunya\",\"description\":\"\",\"potentialAction\":[{\"@type\":\"SearchAction\",\"target\":{\"@type\":\"EntryPoint\",\"urlTemplate\":\"https:\/\/conversesacatalunya.cat\/?s={search_term_string}\"},\"query-input\":{\"@type\":\"PropertyValueSpecification\",\"valueRequired\":true,\"valueName\":\"search_term_string\"}}],\"inLanguage\":\"es\"},{\"@type\":\"Person\",\"@id\":\"https:\/\/conversesacatalunya.cat\/#\/schema\/person\/7e24d1e54a2785373ddcb275eae5ed99\",\"name\":\"conversesacatalunya\",\"image\":{\"@type\":\"ImageObject\",\"inLanguage\":\"es\",\"@id\":\"https:\/\/conversesacatalunya.cat\/#\/schema\/person\/image\/\",\"url\":\"https:\/\/conversesacatalunya.cat\/wp-content\/litespeed\/avatar\/febdfeeec89d950f01c748045a981dd2.jpg?ver=1777314535\",\"contentUrl\":\"https:\/\/conversesacatalunya.cat\/wp-content\/litespeed\/avatar\/febdfeeec89d950f01c748045a981dd2.jpg?ver=1777314535\",\"caption\":\"conversesacatalunya\"},\"url\":\"https:\/\/conversesacatalunya.cat\/es\/author\/carme_catala\/\"}]}<\/script>\n<!-- \/ Yoast SEO plugin. -->","yoast_head_json":{"title":"Las elecciones detienen las supermanzanas","description":"Ahora resulta que los socialistas y los republicanos descubren que no existe un estudio sobre el impacto de esta transformaci\u00f3n radical del Eixample","robots":{"index":"index","follow":"follow","max-snippet":"max-snippet:-1","max-image-preview":"max-image-preview:large","max-video-preview":"max-video-preview:-1"},"canonical":"https:\/\/conversesacatalunya.cat\/es\/cinco-meses-antes-de-las-elecciones-el-ayuntamiento-detiene-las-supermanzanas-de-momento\/","og_locale":"es_ES","og_type":"article","og_title":"Las elecciones detienen las supermanzanas","og_description":"Ahora resulta que los socialistas y los republicanos descubren que no existe un estudio sobre el impacto de esta transformaci\u00f3n radical del Eixample","og_url":"https:\/\/conversesacatalunya.cat\/es\/cinco-meses-antes-de-las-elecciones-el-ayuntamiento-detiene-las-supermanzanas-de-momento\/","og_site_name":"Converses a Catalunya","article_published_time":"2022-12-14T11:12:06+00:00","article_modified_time":"2022-12-14T13:29:33+00:00","og_image":[{"width":1200,"height":675,"url":"https:\/\/conversesacatalunya.cat\/wp-content\/uploads\/2022\/12\/superilles.jpeg","type":"image\/jpeg"}],"author":"conversesacatalunya","twitter_card":"summary_large_image","twitter_misc":{"Escrito por":"conversesacatalunya","Tiempo de lectura":"3 minutos"},"schema":{"@context":"https:\/\/schema.org","@graph":[{"@type":"Article","@id":"https:\/\/conversesacatalunya.cat\/es\/cinco-meses-antes-de-las-elecciones-el-ayuntamiento-detiene-las-supermanzanas-de-momento\/#article","isPartOf":{"@id":"https:\/\/conversesacatalunya.cat\/es\/cinco-meses-antes-de-las-elecciones-el-ayuntamiento-detiene-las-supermanzanas-de-momento\/"},"author":{"name":"conversesacatalunya","@id":"https:\/\/conversesacatalunya.cat\/#\/schema\/person\/7e24d1e54a2785373ddcb275eae5ed99"},"headline":"Cinco meses antes de las elecciones el Ayuntamiento detiene las supermanzanas\u2026 de momento","datePublished":"2022-12-14T11:12:06+00:00","dateModified":"2022-12-14T13:29:33+00:00","mainEntityOfPage":{"@id":"https:\/\/conversesacatalunya.cat\/es\/cinco-meses-antes-de-las-elecciones-el-ayuntamiento-detiene-las-supermanzanas-de-momento\/"},"wordCount":554,"commentCount":0,"image":{"@id":"https:\/\/conversesacatalunya.cat\/es\/cinco-meses-antes-de-las-elecciones-el-ayuntamiento-detiene-las-supermanzanas-de-momento\/#primaryimage"},"thumbnailUrl":"https:\/\/conversesacatalunya.cat\/wp-content\/uploads\/2022\/12\/superilles.jpeg","keywords":["municipales 2023","supermanzanas"],"articleSection":["Expedient Barcelona (ES)","Punts clau del dia (ES)"],"inLanguage":"es","potentialAction":[{"@type":"CommentAction","name":"Comment","target":["https:\/\/conversesacatalunya.cat\/es\/cinco-meses-antes-de-las-elecciones-el-ayuntamiento-detiene-las-supermanzanas-de-momento\/#respond"]}]},{"@type":"WebPage","@id":"https:\/\/conversesacatalunya.cat\/es\/cinco-meses-antes-de-las-elecciones-el-ayuntamiento-detiene-las-supermanzanas-de-momento\/","url":"https:\/\/conversesacatalunya.cat\/es\/cinco-meses-antes-de-las-elecciones-el-ayuntamiento-detiene-las-supermanzanas-de-momento\/","name":"Las elecciones detienen las supermanzanas","isPartOf":{"@id":"https:\/\/conversesacatalunya.cat\/#website"},"primaryImageOfPage":{"@id":"https:\/\/conversesacatalunya.cat\/es\/cinco-meses-antes-de-las-elecciones-el-ayuntamiento-detiene-las-supermanzanas-de-momento\/#primaryimage"},"image":{"@id":"https:\/\/conversesacatalunya.cat\/es\/cinco-meses-antes-de-las-elecciones-el-ayuntamiento-detiene-las-supermanzanas-de-momento\/#primaryimage"},"thumbnailUrl":"https:\/\/conversesacatalunya.cat\/wp-content\/uploads\/2022\/12\/superilles.jpeg","datePublished":"2022-12-14T11:12:06+00:00","dateModified":"2022-12-14T13:29:33+00:00","author":{"@id":"https:\/\/conversesacatalunya.cat\/#\/schema\/person\/7e24d1e54a2785373ddcb275eae5ed99"},"description":"Ahora resulta que los socialistas y los republicanos descubren que no existe un estudio sobre el impacto de esta transformaci\u00f3n radical del Eixample","breadcrumb":{"@id":"https:\/\/conversesacatalunya.cat\/es\/cinco-meses-antes-de-las-elecciones-el-ayuntamiento-detiene-las-supermanzanas-de-momento\/#breadcrumb"},"inLanguage":"es","potentialAction":[{"@type":"ReadAction","target":["https:\/\/conversesacatalunya.cat\/es\/cinco-meses-antes-de-las-elecciones-el-ayuntamiento-detiene-las-supermanzanas-de-momento\/"]}]},{"@type":"ImageObject","inLanguage":"es","@id":"https:\/\/conversesacatalunya.cat\/es\/cinco-meses-antes-de-las-elecciones-el-ayuntamiento-detiene-las-supermanzanas-de-momento\/#primaryimage","url":"https:\/\/conversesacatalunya.cat\/wp-content\/uploads\/2022\/12\/superilles.jpeg","contentUrl":"https:\/\/conversesacatalunya.cat\/wp-content\/uploads\/2022\/12\/superilles.jpeg","width":1200,"height":675},{"@type":"BreadcrumbList","@id":"https:\/\/conversesacatalunya.cat\/es\/cinco-meses-antes-de-las-elecciones-el-ayuntamiento-detiene-las-supermanzanas-de-momento\/#breadcrumb","itemListElement":[{"@type":"ListItem","position":1,"name":"Inici","item":"https:\/\/conversesacatalunya.cat\/es\/"},{"@type":"ListItem","position":2,"name":"Cinco meses antes de las elecciones el Ayuntamiento detiene las supermanzanas\u2026 de momento"}]},{"@type":"WebSite","@id":"https:\/\/conversesacatalunya.cat\/#website","url":"https:\/\/conversesacatalunya.cat\/","name":"Converses a Catalunya","description":"","potentialAction":[{"@type":"SearchAction","target":{"@type":"EntryPoint","urlTemplate":"https:\/\/conversesacatalunya.cat\/?s={search_term_string}"},"query-input":{"@type":"PropertyValueSpecification","valueRequired":true,"valueName":"search_term_string"}}],"inLanguage":"es"},{"@type":"Person","@id":"https:\/\/conversesacatalunya.cat\/#\/schema\/person\/7e24d1e54a2785373ddcb275eae5ed99","name":"conversesacatalunya","image":{"@type":"ImageObject","inLanguage":"es","@id":"https:\/\/conversesacatalunya.cat\/#\/schema\/person\/image\/","url":"https:\/\/conversesacatalunya.cat\/wp-content\/litespeed\/avatar\/febdfeeec89d950f01c748045a981dd2.jpg?ver=1777314535","contentUrl":"https:\/\/conversesacatalunya.cat\/wp-content\/litespeed\/avatar\/febdfeeec89d950f01c748045a981dd2.jpg?ver=1777314535","caption":"conversesacatalunya"},"url":"https:\/\/conversesacatalunya.cat\/es\/author\/carme_catala\/"}]}},"wps_subtitle":"Ahora resulta que los socialistas y los republicanos descubren que no existe un estudio sobre el impacto de esta transformaci\u00f3n radical del Eixample","_links":{"self":[{"href":"https:\/\/conversesacatalunya.cat\/es\/wp-json\/wp\/v2\/posts\/63047","targetHints":{"allow":["GET"]}}],"collection":[{"href":"https:\/\/conversesacatalunya.cat\/es\/wp-json\/wp\/v2\/posts"}],"about":[{"href":"https:\/\/conversesacatalunya.cat\/es\/wp-json\/wp\/v2\/types\/post"}],"author":[{"embeddable":true,"href":"https:\/\/conversesacatalunya.cat\/es\/wp-json\/wp\/v2\/users\/2"}],"replies":[{"embeddable":true,"href":"https:\/\/conversesacatalunya.cat\/es\/wp-json\/wp\/v2\/comments?post=63047"}],"version-history":[{"count":2,"href":"https:\/\/conversesacatalunya.cat\/es\/wp-json\/wp\/v2\/posts\/63047\/revisions"}],"predecessor-version":[{"id":63049,"href":"https:\/\/conversesacatalunya.cat\/es\/wp-json\/wp\/v2\/posts\/63047\/revisions\/63049"}],"wp:featuredmedia":[{"embeddable":true,"href":"https:\/\/conversesacatalunya.cat\/es\/wp-json\/wp\/v2\/media\/63035"}],"wp:attachment":[{"href":"https:\/\/conversesacatalunya.cat\/es\/wp-json\/wp\/v2\/media?parent=63047"}],"wp:term":[{"taxonomy":"category","embeddable":true,"href":"https:\/\/conversesacatalunya.cat\/es\/wp-json\/wp\/v2\/categories?post=63047"},{"taxonomy":"post_tag","embeddable":true,"href":"https:\/\/conversesacatalunya.cat\/es\/wp-json\/wp\/v2\/tags?post=63047"}],"curies":[{"name":"wp","href":"https:\/\/api.w.org\/{rel}","templated":true}]}}