{"id":62815,"date":"2022-12-05T11:22:39","date_gmt":"2022-12-05T10:22:39","guid":{"rendered":"https:\/\/conversesacatalunya.cat\/la-superilla-de-leixample-ada-colau\/"},"modified":"2022-12-05T13:41:05","modified_gmt":"2022-12-05T12:41:05","slug":"supermanzana-eixample-ada-colau","status":"publish","type":"post","link":"https:\/\/conversesacatalunya.cat\/es\/supermanzana-eixample-ada-colau\/","title":{"rendered":"\u00bfSer\u00e1 la supermanzana del Eixample Vietnam de Ada Colau?"},"content":{"rendered":"<p><span><span class=\"\">Fracasados \u200b\u200btodos sus proyectos estelares, pol\u00edticas de vivienda y turismo en primer t\u00e9rmino, Colau juega con fuerza como si fuera su batalla final la carta de la\u00a0<\/span><\/span><strong><span><span class=\"\">supermanzana del Eixample<\/span><\/span><\/strong><span><span class=\"\">\u00a0con las aceleradas obras de Consell de Cent como una muestra de lo que ser\u00e1 convertir en unos pretendidos ejes verdes una de cada tres calles del emblem\u00e1tico espacio planificado por Cerd\u00e0.<\/span><\/span><\/p>\n<p><span>Sin embargo, si las encuestan no enga\u00f1an, esta carta tambi\u00e9n puede acabar en fracaso.\u00a0Un estudio en el que han participado 19.000 personas, impulsado por Constru\u00efm Barcelona, \u200b\u200brevela datos que, de ser ciertos, sit\u00faan a la\u00a0<\/span><strong><span>supermanzana en un callej\u00f3n sin salida<\/span><\/strong><span>.\u00a0Sin embargo, hay que advertir que no se trata de una encuesta, sino de una consulta y, por tanto, no hay ninguna garant\u00eda sobre su representatividad y margen de error, a pesar de que la amplitud de la misma le confiere un especial inter\u00e9s.<\/span><\/p>\n<p><span><span class=\"goog-text-highlight\">El resultado global es que s\u00f3lo un\u00a0<\/span><\/span><strong><span><span class=\"goog-text-highlight\">24% de las personas que han sido consultadas consideran adecuadas las supermanzanas<\/span><\/span><\/strong><span><span class=\"goog-text-highlight\">, mientras que un 48% las ve como innecesarias y un 28% las consideran demasiado radicales.\u00a0<\/span>En concreto, en el Eixample la oposici\u00f3n es ligeramente mayor, 49%, mientras que la aceptaci\u00f3n es id\u00e9ntica con un 27% que las califica de radicales.\u00a0Tendr\u00edamos as\u00ed que s\u00f3lo 1 de cada 4 residentes en el Eixample estar\u00eda a favor de esta transformaci\u00f3n que pretende Colau.\u00a0De hecho, las cifras no var\u00edan demasiado en el conjunto de la ciudad distrito por distrito, si bien cabe remarcar que la oposici\u00f3n es mayor en Sarri\u00e0-Sant Gervasi, que las considera innecesarias un 56%, pero tambi\u00e9n en Nou Barris con un 53% y Les Corts con un 54%.\u00a0Precisamente en este \u00faltimo distrito es donde el apoyo es menor junto a Sarri\u00e0-Sant Gervasi, un 15%.<\/span><\/p>\n<p><span>El mayor apoyo lo obtiene en Sant Mart\u00ed con un modesto 26% que las consideran adecuadas y Ciutat Vella, con otro 26%.\u00a0Queda claro que con poca diferencia el\u00a0<\/span><a href=\"https:\/\/conversesacatalunya.cat\/es\/la-supermanzana-del-ensanche-violenta-la-legalidad-los-derechos-ciudadanos-y-la-democracia\/\" target=\"_blank\" rel=\"noopener\"><strong><span>rechazo de los ciudadanos<\/span><\/strong><\/a><span>\u00a0de Barcelona es, seg\u00fan esta fuente, muy grande.<\/span><\/p>\n<p><span>La crisis de las supermanzanas no puede separarse de la cr\u00edtica a la situaci\u00f3n en el\u00a0<\/span><strong><span>transporte p\u00fablico<\/span><\/strong><span>\u00a0porque el 75% de las personas consultadas consideran que el Ayuntamiento no facilita, o lo hace de forma insuficiente, el uso del transporte p\u00fablico como alternativa en el veh\u00edculo privado.\u00a0Llueve sobre mojado en el sentido de que una de las principales objeciones a bloquear tantas calles radica en que en todo caso este planteamiento deber\u00eda ser consecuencia de la previa transformaci\u00f3n del sistema de transporte p\u00fablico, no s\u00f3lo de la ciudad, sino del conjunto metropolitano que hiciera posible acceder al centro sin usar el veh\u00edculo privado.\u00a0Mientras esto no se d\u00e9, las supermanzanas s\u00f3lo representan\u00a0<\/span><strong><span>el declive de Barcelona <\/span><\/strong><span>y con \u00e9l del \u00c1rea Metropolitana, porque el peso econ\u00f3mico de la actividad del Eixample sobre el conjunto de la ciudad y, por tanto de Catalu\u00f1a, es tan elevado que, alterar su funcionamiento a la baja tiene unas fuertes repercusiones econ\u00f3micas.<\/span><\/p>\n<p><span>Nadie, y menos el alcalde de una ciudad, puede ignorar que la movilidad interna y su distribuci\u00f3n en varios vectores es causa y consecuencia de la actividad econ\u00f3mica y que no puede modificarse radicalmente la primera sin que tenga consecuencias sobre la segunda .\u00a0<span class=\"goog-text-highlight\">La movilidad es como el riego sangu\u00edneo para el sistema muscular.\u00a0<\/span>Si no llega suficiente sangre, la musculatura colapsa y puede llegar a convertirse en necr\u00f3tica.\u00a0Si no se quiere que esta movilidad se produzca en coche, es necesario darle otras posibilidades.\u00a0Todo esto es una realidad patente que s\u00f3lo la\u00a0<\/span><strong><span>ceguera ideol\u00f3gica<\/span><\/strong><span>\u00a0puede olvidar.<\/span><\/p>\n<div id=\"polls-176\" class=\"wp-polls\">\n\t<form id=\"polls_form_176\" class=\"wp-polls-form\" action=\"\/index.php\" method=\"post\">\n\t\t<p style=\"display: none;\"><input type=\"hidden\" id=\"poll_176_nonce\" name=\"wp-polls-nonce\" value=\"cbd284aaf5\" \/><\/p>\n\t\t<p style=\"display: none;\"><input type=\"hidden\" name=\"poll_id\" value=\"176\" \/><\/p>\n\t\t<p style=\"text-align: center\"><strong>Et sembla b\u00e9 que s'hagi perdut el pessebre tradicional de la Pla\u00e7a Sant Jaume?<\/strong><\/p><div id=\"polls-176-ans\" class=\"wp-polls-ans\"><ul class=\"wp-polls-ul\">\n\t\t<li><input type=\"radio\" id=\"poll-answer-470\" name=\"poll_176\" value=\"470\" \/> <label for=\"poll-answer-470\">S\u00ed<\/label><\/li>\n\t\t<li><input type=\"radio\" id=\"poll-answer-471\" name=\"poll_176\" value=\"471\" \/> <label for=\"poll-answer-471\">No<\/label><\/li>\n\t\t<li><input type=\"radio\" id=\"poll-answer-472\" name=\"poll_176\" value=\"472\" \/> <label for=\"poll-answer-472\">M'\u00e9s indiferent<\/label><\/li>\n\t\t<\/ul><p style=\"text-align: center\"><input type=\"button\" name=\"vote\" value=\"   Vota   \" class=\"Buttons\" onclick=\"poll_vote(176);\" \/><\/p><p style=\"text-align: center\"><a href=\"#ViewPollResults\" onclick=\"poll_result(176); return false;\" title=\"View Results Of This Poll\">Mira els resultats<\/a><\/p><\/div>\n\t<\/form>\n<\/div>\n<div id=\"polls-176-loading\" class=\"wp-polls-loading\"><img decoding=\"async\" data-src=\"https:\/\/conversesacatalunya.cat\/wp-content\/plugins\/wp-polls\/images\/loading.gif\" width=\"16\" height=\"16\" alt=\"Cargando ...\" title=\"Cargando ...\" class=\"wp-polls-image lazyload\" src=\"data:image\/svg+xml;base64,PHN2ZyB3aWR0aD0iMSIgaGVpZ2h0PSIxIiB4bWxucz0iaHR0cDovL3d3dy53My5vcmcvMjAwMC9zdmciPjwvc3ZnPg==\" style=\"--smush-placeholder-width: 16px; --smush-placeholder-aspect-ratio: 16\/16;\" \/>&nbsp;Cargando ...<\/div>\n\n","protected":false},"excerpt":{"rendered":"<p>Fracasados \u200b\u200btodos sus proyectos estelares, pol\u00edticas de vivienda y turismo en primer t\u00e9rmino, Colau juega con fuerza como si fuera su batalla final la carta de la\u00a0supermanzana del Eixample\u00a0con las aceleradas obras de Consell de Cent como una muestra de lo que ser\u00e1 convertir en unos pretendidos ejes verdes una de cada tres calles del emblem\u00e1tico espacio planificado por Cerd\u00e0. Sin embargo, si las encuestan no enga\u00f1an, esta carta tambi\u00e9n puede acabar en fracaso.\u00a0Un estudio en el que han participado 19.000 personas, impulsado por Constru\u00efm Barcelona, \u200b\u200brevela datos que, de ser ciertos, sit\u00faan a la\u00a0supermanzana en un callej\u00f3n sin salida.\u00a0Sin embargo, hay que advertir que no se trata de una encuesta, sino de una consulta y, por tanto, no hay ninguna garant\u00eda sobre su representatividad y margen de error, a pesar de que la amplitud de la misma le confiere un especial inter\u00e9s. El resultado global es que s\u00f3lo un\u00a024% de las personas que han sido consultadas consideran adecuadas las supermanzanas, mientras que un 48% las ve como innecesarias y un 28% las consideran demasiado radicales.\u00a0En concreto, en el Eixample la oposici\u00f3n es ligeramente mayor, 49%, mientras que la aceptaci\u00f3n es id\u00e9ntica con un 27% que las califica de radicales.\u00a0Tendr\u00edamos as\u00ed que s\u00f3lo 1 de cada 4 residentes en el Eixample estar\u00eda a favor de esta transformaci\u00f3n que pretende Colau.\u00a0De hecho, las cifras no var\u00edan demasiado en el conjunto de la ciudad distrito por distrito, si bien cabe remarcar que la oposici\u00f3n es mayor en Sarri\u00e0-Sant Gervasi, que las considera innecesarias un 56%, pero tambi\u00e9n en Nou Barris con un 53% y Les Corts con un 54%.\u00a0Precisamente en este \u00faltimo distrito es donde el apoyo es menor junto a Sarri\u00e0-Sant Gervasi, un 15%. El mayor apoyo lo obtiene en Sant Mart\u00ed con un modesto 26% que las consideran adecuadas y Ciutat Vella, con otro 26%.\u00a0Queda claro que con poca diferencia el\u00a0rechazo de los ciudadanos\u00a0de Barcelona es, seg\u00fan esta fuente, muy grande. La crisis de las supermanzanas no puede separarse de la cr\u00edtica a la situaci\u00f3n en el\u00a0transporte p\u00fablico\u00a0porque el 75% de las personas consultadas consideran que el Ayuntamiento no facilita, o lo hace de forma insuficiente, el uso del transporte p\u00fablico como alternativa en el veh\u00edculo privado.\u00a0Llueve sobre mojado en el sentido de que una de las principales objeciones a bloquear tantas calles radica en que en todo caso este planteamiento deber\u00eda ser consecuencia de la previa transformaci\u00f3n del sistema de transporte p\u00fablico, no s\u00f3lo de la ciudad, sino del conjunto metropolitano que hiciera posible acceder al centro sin usar el veh\u00edculo privado.\u00a0Mientras esto no se d\u00e9, las supermanzanas s\u00f3lo representan\u00a0el declive de Barcelona y con \u00e9l del \u00c1rea Metropolitana, porque el peso econ\u00f3mico de la actividad del Eixample sobre el conjunto de la ciudad y, por tanto de Catalu\u00f1a, es tan elevado que, alterar su funcionamiento a la baja tiene unas fuertes repercusiones econ\u00f3micas. Nadie, y menos el alcalde de una ciudad, puede ignorar que la movilidad interna y su distribuci\u00f3n en varios vectores es causa y consecuencia de la actividad econ\u00f3mica y que no puede modificarse radicalmente la primera sin que tenga consecuencias sobre la segunda .\u00a0La movilidad es como el riego sangu\u00edneo para el sistema muscular.\u00a0Si no llega suficiente sangre, la musculatura colapsa y puede llegar a convertirse en necr\u00f3tica.\u00a0Si no se quiere que esta movilidad se produzca en coche, es necesario darle otras posibilidades.\u00a0Todo esto es una realidad patente que s\u00f3lo la\u00a0ceguera ideol\u00f3gica\u00a0puede olvidar.<\/p>\n","protected":false},"author":27,"featured_media":62807,"comment_status":"open","ping_status":"open","sticky":false,"template":"","format":"standard","meta":{"_FSMCFIC_featured_image_caption":"","_FSMCFIC_featured_image_nocaption":"","_FSMCFIC_featured_image_hide":"","footnotes":""},"categories":[3787,806],"tags":[4217,4806],"class_list":["post-62815","post","type-post","status-publish","format-standard","has-post-thumbnail","hentry","category-expedient-barcelona-es","category-punts-claus-del-dia-es","tag-supermanzanas","tag-urbanismo-tactico"],"yoast_head":"<!-- This site is optimized with the Yoast SEO plugin v26.8 - https:\/\/yoast.com\/product\/yoast-seo-wordpress\/ -->\n<title>\u00bfSer\u00e1 la supermanzana del Eixample Vietnam de Ada Colau?<\/title>\n<meta name=\"description\" content=\"S\u00f3lo un 24% de las personas que han sido consultadas consideran adecuadas las supermanzanas\" \/>\n<meta name=\"robots\" content=\"index, follow, max-snippet:-1, max-image-preview:large, max-video-preview:-1\" \/>\n<link rel=\"canonical\" href=\"https:\/\/conversesacatalunya.cat\/es\/supermanzana-eixample-ada-colau\/\" \/>\n<meta property=\"og:locale\" content=\"es_ES\" \/>\n<meta property=\"og:type\" content=\"article\" \/>\n<meta property=\"og:title\" content=\"\u00bfSer\u00e1 la supermanzana del Eixample Vietnam de Ada Colau?\" \/>\n<meta property=\"og:description\" content=\"S\u00f3lo un 24% de las personas que han sido consultadas consideran adecuadas las supermanzanas\" \/>\n<meta property=\"og:url\" content=\"https:\/\/conversesacatalunya.cat\/es\/supermanzana-eixample-ada-colau\/\" \/>\n<meta property=\"og:site_name\" content=\"Converses a Catalunya\" \/>\n<meta property=\"article:published_time\" content=\"2022-12-05T10:22:39+00:00\" \/>\n<meta property=\"article:modified_time\" content=\"2022-12-05T12:41:05+00:00\" \/>\n<meta property=\"og:image\" content=\"https:\/\/conversesacatalunya.cat\/wp-content\/uploads\/2022\/12\/superilla-de-leixample.jpg\" \/>\n\t<meta property=\"og:image:width\" content=\"1200\" \/>\n\t<meta property=\"og:image:height\" content=\"628\" \/>\n\t<meta property=\"og:image:type\" content=\"image\/jpeg\" \/>\n<meta name=\"author\" content=\"Ricard Mestres\" \/>\n<meta name=\"twitter:card\" content=\"summary_large_image\" \/>\n<meta name=\"twitter:label1\" content=\"Escrito por\" \/>\n\t<meta name=\"twitter:data1\" content=\"Ricard Mestres\" \/>\n\t<meta name=\"twitter:label2\" content=\"Tiempo de lectura\" \/>\n\t<meta name=\"twitter:data2\" content=\"3 minutos\" \/>\n<script type=\"application\/ld+json\" class=\"yoast-schema-graph\">{\"@context\":\"https:\/\/schema.org\",\"@graph\":[{\"@type\":\"Article\",\"@id\":\"https:\/\/conversesacatalunya.cat\/es\/supermanzana-eixample-ada-colau\/#article\",\"isPartOf\":{\"@id\":\"https:\/\/conversesacatalunya.cat\/es\/supermanzana-eixample-ada-colau\/\"},\"author\":{\"name\":\"Ricard Mestres\",\"@id\":\"https:\/\/conversesacatalunya.cat\/#\/schema\/person\/0a88695f42cfb1eca908cc451762146b\"},\"headline\":\"\u00bfSer\u00e1 la supermanzana del Eixample Vietnam de Ada Colau?\",\"datePublished\":\"2022-12-05T10:22:39+00:00\",\"dateModified\":\"2022-12-05T12:41:05+00:00\",\"mainEntityOfPage\":{\"@id\":\"https:\/\/conversesacatalunya.cat\/es\/supermanzana-eixample-ada-colau\/\"},\"wordCount\":631,\"commentCount\":0,\"image\":{\"@id\":\"https:\/\/conversesacatalunya.cat\/es\/supermanzana-eixample-ada-colau\/#primaryimage\"},\"thumbnailUrl\":\"https:\/\/conversesacatalunya.cat\/wp-content\/uploads\/2022\/12\/superilla-de-leixample.jpg\",\"keywords\":[\"supermanzanas\",\"urbanismo t\u00e1ctico\"],\"articleSection\":[\"Expedient Barcelona (ES)\",\"Punts clau del dia (ES)\"],\"inLanguage\":\"es\",\"potentialAction\":[{\"@type\":\"CommentAction\",\"name\":\"Comment\",\"target\":[\"https:\/\/conversesacatalunya.cat\/es\/supermanzana-eixample-ada-colau\/#respond\"]}]},{\"@type\":\"WebPage\",\"@id\":\"https:\/\/conversesacatalunya.cat\/es\/supermanzana-eixample-ada-colau\/\",\"url\":\"https:\/\/conversesacatalunya.cat\/es\/supermanzana-eixample-ada-colau\/\",\"name\":\"\u00bfSer\u00e1 la supermanzana del Eixample Vietnam de Ada Colau?\",\"isPartOf\":{\"@id\":\"https:\/\/conversesacatalunya.cat\/#website\"},\"primaryImageOfPage\":{\"@id\":\"https:\/\/conversesacatalunya.cat\/es\/supermanzana-eixample-ada-colau\/#primaryimage\"},\"image\":{\"@id\":\"https:\/\/conversesacatalunya.cat\/es\/supermanzana-eixample-ada-colau\/#primaryimage\"},\"thumbnailUrl\":\"https:\/\/conversesacatalunya.cat\/wp-content\/uploads\/2022\/12\/superilla-de-leixample.jpg\",\"datePublished\":\"2022-12-05T10:22:39+00:00\",\"dateModified\":\"2022-12-05T12:41:05+00:00\",\"author\":{\"@id\":\"https:\/\/conversesacatalunya.cat\/#\/schema\/person\/0a88695f42cfb1eca908cc451762146b\"},\"description\":\"S\u00f3lo un 24% de las personas que han sido consultadas consideran adecuadas las supermanzanas\",\"breadcrumb\":{\"@id\":\"https:\/\/conversesacatalunya.cat\/es\/supermanzana-eixample-ada-colau\/#breadcrumb\"},\"inLanguage\":\"es\",\"potentialAction\":[{\"@type\":\"ReadAction\",\"target\":[\"https:\/\/conversesacatalunya.cat\/es\/supermanzana-eixample-ada-colau\/\"]}]},{\"@type\":\"ImageObject\",\"inLanguage\":\"es\",\"@id\":\"https:\/\/conversesacatalunya.cat\/es\/supermanzana-eixample-ada-colau\/#primaryimage\",\"url\":\"https:\/\/conversesacatalunya.cat\/wp-content\/uploads\/2022\/12\/superilla-de-leixample.jpg\",\"contentUrl\":\"https:\/\/conversesacatalunya.cat\/wp-content\/uploads\/2022\/12\/superilla-de-leixample.jpg\",\"width\":1200,\"height\":628,\"caption\":\"superilla de l'eixample\"},{\"@type\":\"BreadcrumbList\",\"@id\":\"https:\/\/conversesacatalunya.cat\/es\/supermanzana-eixample-ada-colau\/#breadcrumb\",\"itemListElement\":[{\"@type\":\"ListItem\",\"position\":1,\"name\":\"Inici\",\"item\":\"https:\/\/conversesacatalunya.cat\/es\/\"},{\"@type\":\"ListItem\",\"position\":2,\"name\":\"\u00bfSer\u00e1 la supermanzana del Eixample Vietnam de Ada Colau?\"}]},{\"@type\":\"WebSite\",\"@id\":\"https:\/\/conversesacatalunya.cat\/#website\",\"url\":\"https:\/\/conversesacatalunya.cat\/\",\"name\":\"Converses a Catalunya\",\"description\":\"\",\"potentialAction\":[{\"@type\":\"SearchAction\",\"target\":{\"@type\":\"EntryPoint\",\"urlTemplate\":\"https:\/\/conversesacatalunya.cat\/?s={search_term_string}\"},\"query-input\":{\"@type\":\"PropertyValueSpecification\",\"valueRequired\":true,\"valueName\":\"search_term_string\"}}],\"inLanguage\":\"es\"},{\"@type\":\"Person\",\"@id\":\"https:\/\/conversesacatalunya.cat\/#\/schema\/person\/0a88695f42cfb1eca908cc451762146b\",\"name\":\"Ricard Mestres\",\"image\":{\"@type\":\"ImageObject\",\"inLanguage\":\"es\",\"@id\":\"https:\/\/conversesacatalunya.cat\/#\/schema\/person\/image\/\",\"url\":\"https:\/\/conversesacatalunya.cat\/wp-content\/litespeed\/avatar\/c4aa477c37df297548ad16b396f161bd.jpg?ver=1777373933\",\"contentUrl\":\"https:\/\/conversesacatalunya.cat\/wp-content\/litespeed\/avatar\/c4aa477c37df297548ad16b396f161bd.jpg?ver=1777373933\",\"caption\":\"Ricard Mestres\"},\"url\":\"https:\/\/conversesacatalunya.cat\/es\/author\/ricard-mestres\/\"}]}<\/script>\n<!-- \/ Yoast SEO plugin. -->","yoast_head_json":{"title":"\u00bfSer\u00e1 la supermanzana del Eixample Vietnam de Ada Colau?","description":"S\u00f3lo un 24% de las personas que han sido consultadas consideran adecuadas las supermanzanas","robots":{"index":"index","follow":"follow","max-snippet":"max-snippet:-1","max-image-preview":"max-image-preview:large","max-video-preview":"max-video-preview:-1"},"canonical":"https:\/\/conversesacatalunya.cat\/es\/supermanzana-eixample-ada-colau\/","og_locale":"es_ES","og_type":"article","og_title":"\u00bfSer\u00e1 la supermanzana del Eixample Vietnam de Ada Colau?","og_description":"S\u00f3lo un 24% de las personas que han sido consultadas consideran adecuadas las supermanzanas","og_url":"https:\/\/conversesacatalunya.cat\/es\/supermanzana-eixample-ada-colau\/","og_site_name":"Converses a Catalunya","article_published_time":"2022-12-05T10:22:39+00:00","article_modified_time":"2022-12-05T12:41:05+00:00","og_image":[{"width":1200,"height":628,"url":"https:\/\/conversesacatalunya.cat\/wp-content\/uploads\/2022\/12\/superilla-de-leixample.jpg","type":"image\/jpeg"}],"author":"Ricard Mestres","twitter_card":"summary_large_image","twitter_misc":{"Escrito por":"Ricard Mestres","Tiempo de lectura":"3 minutos"},"schema":{"@context":"https:\/\/schema.org","@graph":[{"@type":"Article","@id":"https:\/\/conversesacatalunya.cat\/es\/supermanzana-eixample-ada-colau\/#article","isPartOf":{"@id":"https:\/\/conversesacatalunya.cat\/es\/supermanzana-eixample-ada-colau\/"},"author":{"name":"Ricard Mestres","@id":"https:\/\/conversesacatalunya.cat\/#\/schema\/person\/0a88695f42cfb1eca908cc451762146b"},"headline":"\u00bfSer\u00e1 la supermanzana del Eixample Vietnam de Ada Colau?","datePublished":"2022-12-05T10:22:39+00:00","dateModified":"2022-12-05T12:41:05+00:00","mainEntityOfPage":{"@id":"https:\/\/conversesacatalunya.cat\/es\/supermanzana-eixample-ada-colau\/"},"wordCount":631,"commentCount":0,"image":{"@id":"https:\/\/conversesacatalunya.cat\/es\/supermanzana-eixample-ada-colau\/#primaryimage"},"thumbnailUrl":"https:\/\/conversesacatalunya.cat\/wp-content\/uploads\/2022\/12\/superilla-de-leixample.jpg","keywords":["supermanzanas","urbanismo t\u00e1ctico"],"articleSection":["Expedient Barcelona (ES)","Punts clau del dia (ES)"],"inLanguage":"es","potentialAction":[{"@type":"CommentAction","name":"Comment","target":["https:\/\/conversesacatalunya.cat\/es\/supermanzana-eixample-ada-colau\/#respond"]}]},{"@type":"WebPage","@id":"https:\/\/conversesacatalunya.cat\/es\/supermanzana-eixample-ada-colau\/","url":"https:\/\/conversesacatalunya.cat\/es\/supermanzana-eixample-ada-colau\/","name":"\u00bfSer\u00e1 la supermanzana del Eixample Vietnam de Ada Colau?","isPartOf":{"@id":"https:\/\/conversesacatalunya.cat\/#website"},"primaryImageOfPage":{"@id":"https:\/\/conversesacatalunya.cat\/es\/supermanzana-eixample-ada-colau\/#primaryimage"},"image":{"@id":"https:\/\/conversesacatalunya.cat\/es\/supermanzana-eixample-ada-colau\/#primaryimage"},"thumbnailUrl":"https:\/\/conversesacatalunya.cat\/wp-content\/uploads\/2022\/12\/superilla-de-leixample.jpg","datePublished":"2022-12-05T10:22:39+00:00","dateModified":"2022-12-05T12:41:05+00:00","author":{"@id":"https:\/\/conversesacatalunya.cat\/#\/schema\/person\/0a88695f42cfb1eca908cc451762146b"},"description":"S\u00f3lo un 24% de las personas que han sido consultadas consideran adecuadas las supermanzanas","breadcrumb":{"@id":"https:\/\/conversesacatalunya.cat\/es\/supermanzana-eixample-ada-colau\/#breadcrumb"},"inLanguage":"es","potentialAction":[{"@type":"ReadAction","target":["https:\/\/conversesacatalunya.cat\/es\/supermanzana-eixample-ada-colau\/"]}]},{"@type":"ImageObject","inLanguage":"es","@id":"https:\/\/conversesacatalunya.cat\/es\/supermanzana-eixample-ada-colau\/#primaryimage","url":"https:\/\/conversesacatalunya.cat\/wp-content\/uploads\/2022\/12\/superilla-de-leixample.jpg","contentUrl":"https:\/\/conversesacatalunya.cat\/wp-content\/uploads\/2022\/12\/superilla-de-leixample.jpg","width":1200,"height":628,"caption":"superilla de l'eixample"},{"@type":"BreadcrumbList","@id":"https:\/\/conversesacatalunya.cat\/es\/supermanzana-eixample-ada-colau\/#breadcrumb","itemListElement":[{"@type":"ListItem","position":1,"name":"Inici","item":"https:\/\/conversesacatalunya.cat\/es\/"},{"@type":"ListItem","position":2,"name":"\u00bfSer\u00e1 la supermanzana del Eixample Vietnam de Ada Colau?"}]},{"@type":"WebSite","@id":"https:\/\/conversesacatalunya.cat\/#website","url":"https:\/\/conversesacatalunya.cat\/","name":"Converses a Catalunya","description":"","potentialAction":[{"@type":"SearchAction","target":{"@type":"EntryPoint","urlTemplate":"https:\/\/conversesacatalunya.cat\/?s={search_term_string}"},"query-input":{"@type":"PropertyValueSpecification","valueRequired":true,"valueName":"search_term_string"}}],"inLanguage":"es"},{"@type":"Person","@id":"https:\/\/conversesacatalunya.cat\/#\/schema\/person\/0a88695f42cfb1eca908cc451762146b","name":"Ricard Mestres","image":{"@type":"ImageObject","inLanguage":"es","@id":"https:\/\/conversesacatalunya.cat\/#\/schema\/person\/image\/","url":"https:\/\/conversesacatalunya.cat\/wp-content\/litespeed\/avatar\/c4aa477c37df297548ad16b396f161bd.jpg?ver=1777373933","contentUrl":"https:\/\/conversesacatalunya.cat\/wp-content\/litespeed\/avatar\/c4aa477c37df297548ad16b396f161bd.jpg?ver=1777373933","caption":"Ricard Mestres"},"url":"https:\/\/conversesacatalunya.cat\/es\/author\/ricard-mestres\/"}]}},"wps_subtitle":"S\u00f3lo un 24% de las personas que han sido consultadas consideran adecuadas las supermanzanas","_links":{"self":[{"href":"https:\/\/conversesacatalunya.cat\/es\/wp-json\/wp\/v2\/posts\/62815","targetHints":{"allow":["GET"]}}],"collection":[{"href":"https:\/\/conversesacatalunya.cat\/es\/wp-json\/wp\/v2\/posts"}],"about":[{"href":"https:\/\/conversesacatalunya.cat\/es\/wp-json\/wp\/v2\/types\/post"}],"author":[{"embeddable":true,"href":"https:\/\/conversesacatalunya.cat\/es\/wp-json\/wp\/v2\/users\/27"}],"replies":[{"embeddable":true,"href":"https:\/\/conversesacatalunya.cat\/es\/wp-json\/wp\/v2\/comments?post=62815"}],"version-history":[{"count":2,"href":"https:\/\/conversesacatalunya.cat\/es\/wp-json\/wp\/v2\/posts\/62815\/revisions"}],"predecessor-version":[{"id":62817,"href":"https:\/\/conversesacatalunya.cat\/es\/wp-json\/wp\/v2\/posts\/62815\/revisions\/62817"}],"wp:featuredmedia":[{"embeddable":true,"href":"https:\/\/conversesacatalunya.cat\/es\/wp-json\/wp\/v2\/media\/62807"}],"wp:attachment":[{"href":"https:\/\/conversesacatalunya.cat\/es\/wp-json\/wp\/v2\/media?parent=62815"}],"wp:term":[{"taxonomy":"category","embeddable":true,"href":"https:\/\/conversesacatalunya.cat\/es\/wp-json\/wp\/v2\/categories?post=62815"},{"taxonomy":"post_tag","embeddable":true,"href":"https:\/\/conversesacatalunya.cat\/es\/wp-json\/wp\/v2\/tags?post=62815"}],"curies":[{"name":"wp","href":"https:\/\/api.w.org\/{rel}","templated":true}]}}