{"id":62736,"date":"2022-12-01T12:45:25","date_gmt":"2022-12-01T11:45:25","guid":{"rendered":"https:\/\/conversesacatalunya.cat\/irene-montero-i-la-cultura-de-la-violacio\/"},"modified":"2022-12-01T15:35:29","modified_gmt":"2022-12-01T14:35:29","slug":"irene-montero-y-la-cultura-de-la-violacion","status":"publish","type":"post","link":"https:\/\/conversesacatalunya.cat\/es\/irene-montero-y-la-cultura-de-la-violacion\/","title":{"rendered":"Irene Montero y la cultura de la violaci\u00f3n"},"content":{"rendered":"<p><span>La idea de que existe una\u00a0<\/span><strong><span>cultura de la violaci\u00f3n<\/span><\/strong><span>\u00a0lleva d\u00e9cadas formando parte del arsenal argumental del feminismo que, al igual que otros muchos conceptos, ha ido ampliando su sentido hasta abarcarlo pr\u00e1cticamente todo.\u00a0Toda posici\u00f3n sobre ese grave problema que no sea estrictamente represivo es para las feministas como Montero cultura de la violaci\u00f3n.\u00a0Y convencida de este hecho acus\u00f3 al PP, en la sesi\u00f3n de control de este mi\u00e9rcoles en el Congreso, de favorecerla.\u00a0La raz\u00f3n, una muy concreta: en Galicia, una campa\u00f1a contra la violencia sexual, que llama a las mujeres a guardar determinadas precauciones, es valorada como ese tipo de cultura.<\/span><\/p>\n<p><span>Lo peligroso de todo es que no utilizan esta palabra solo en el sentido de insultar, sino como composici\u00f3n ideol\u00f3gica m\u00e1s global. <\/span><strong><span>Todo el mundo que no est\u00e1 por la represi\u00f3n fomenta esta cultura<\/span><\/strong><span>.\u00a0Todo el mundo que tiene algo que decir sobre las actitudes m\u00e1s o menos adecuadas en los comportamientos de algunas mujeres fomenta la cultura de la violaci\u00f3n. Como en el caso de homosexuales y transexuales, todo aquello que no sea elogio, haga lo que haga, o que no signifique condena penal es considerado como una agresi\u00f3n.<\/span><\/p>\n<p><span>Y el peligro radica en que esta mentalidad ha impregnado las pol\u00edticas y leyes de los gobiernos y las pr\u00e1cticas sociales.\u00a0Sin ir m\u00e1s lejos, en Catalunya el gobierno de ERC ha multado a una pasteler\u00eda con 7.501 euros, que no es poco, por poner un cartel que dec\u00eda \u00abse necesita maestro pastelero\u00bb.\u00a0<span class=\"goog-text-highlight\">\u00bfY qu\u00e9 falta comete este cartel, se preguntar\u00e1, para castigarlo con tantos miles de euros de sanci\u00f3n?\u00a0<\/span>Pues que no dec\u00eda que se necesitaba un \u201cmaestro o una maestra pastelero\/pastelera\u201d.\u00a0Hasta aqu\u00ed hemos llegado, y esto funciona con toda normalidad y es un ejemplo m\u00e1s de la presi\u00f3n cada vez m\u00e1s opresiva bajo la que vivimos.<\/span><\/p>\n<p><span><span class=\"\">Es la misma que graba el conocido presentador de El Hormiguero, Pablo Motos. <\/span>El inefable ministerio de la Igualdad lanz\u00f3 una campa\u00f1a con motivo del d\u00eda contra la violencia de g\u00e9nero por denunciar la \u201cviolencia machista\u201d se\u00f1alando caras conocidas que la practican y uno de ellos ha sido Pablo Motos, que lleva diecisiete a\u00f1os en el programa El Hormiguero en televisi\u00f3n. Su nombre e imagen no aparece, as\u00ed se evitan problemas legales, pero figura un presentador que recrea su imagen y que le hace una pregunta que \u00e9l hizo hace a\u00f1os a Elsa Pataki, concretamente en el 2016, pregunt\u00e1ndole si para dormir utilizaba ropa interior de puntillas o m\u00e1s est\u00e1ndar. Fue en el marco de una entrevista en la que Elsa Pataki era la imagen de una campa\u00f1a de una empresa de lencer\u00eda.\u00a0Con este motivo Pablo Motos ha sido masacrado en las redes,\u00a0aunque si se ve el programa se constata que Elsa Pataki presentaba \u00abropa interior y pijamas sexis\u00bb.\u00a0La <\/span><strong><span>descontextualizaci\u00f3n<\/span><\/strong><span>\u00a0para poder castigar a diestro y siniestro es una caracter\u00edstica de esta forma de actuar que se extiende tambi\u00e9n, y de manera especial, sobre la gente m\u00e1s joven en la escuela.<\/span><\/p>\n<p><span>Concretamente, en Catalu\u00f1a, un numeroso grupo de padres con el a\u00f1adido de una asociaci\u00f3n,\u00a0<\/span><a href=\"http:\/\/e-cristians.net\" target=\"_blank\" rel=\"noopener\"><span>e-Cristians<\/span><\/a><span>, han impugnado los decretos sobre educaci\u00f3n b\u00e1sica y bachillerato porque en ambos casos imponen la educaci\u00f3n con la\u00a0<\/span><strong><span>perspectiva de g\u00e9nero <\/span><\/strong><span>en todas las materias y en todos los centros, p\u00fablicos, concertados y privados, al tiempo que se procede a liquidar la asignatura de religi\u00f3n que, te\u00f3ricamente, es obligatorio impartir en todos los centros y es de inscripci\u00f3n voluntaria.\u00a0La perspectiva de g\u00e9nero, que algunos ingenuos han confundido con la sencilla igualdad de hombre y mujer, es un ejemplo ideol\u00f3gico que va cargado de medidas como las que estamos constatando que se producen y que se traducen cada vez m\u00e1s en la liquidaci\u00f3n de varios derechos, unos relacionados con los padres, otros fundamentales como la libertad de expresi\u00f3n.<\/span><\/p>\n<p><span>No deja de ser llamativo que las partidarias del feminismo de g\u00e9nero, que son las primeras responsables de haber introducido este concepto en las leyes del estado y con todas sus pol\u00edticas, ahora vean c\u00f3mo la misma idea se les gira en contra con la ley trans, hasta el extremo de que se quejan de que si \u00e9sta prospera significar\u00e1 el borrado de las mujeres. Y es que determinadas ideas las carga el diablo.<\/span><\/p>\n","protected":false},"excerpt":{"rendered":"<p>La idea de que existe una\u00a0cultura de la violaci\u00f3n\u00a0lleva d\u00e9cadas formando parte del arsenal argumental del feminismo que, al igual que otros muchos conceptos, ha ido ampliando su sentido hasta abarcarlo pr\u00e1cticamente todo.\u00a0Toda posici\u00f3n sobre ese grave problema que no sea estrictamente represivo es para las feministas como Montero cultura de la violaci\u00f3n.\u00a0Y convencida de este hecho acus\u00f3 al PP, en la sesi\u00f3n de control de este mi\u00e9rcoles en el Congreso, de favorecerla.\u00a0La raz\u00f3n, una muy concreta: en Galicia, una campa\u00f1a contra la violencia sexual, que llama a las mujeres a guardar determinadas precauciones, es valorada como ese tipo de cultura. Lo peligroso de todo es que no utilizan esta palabra solo en el sentido de insultar, sino como composici\u00f3n ideol\u00f3gica m\u00e1s global. Todo el mundo que no est\u00e1 por la represi\u00f3n fomenta esta cultura.\u00a0Todo el mundo que tiene algo que decir sobre las actitudes m\u00e1s o menos adecuadas en los comportamientos de algunas mujeres fomenta la cultura de la violaci\u00f3n. Como en el caso de homosexuales y transexuales, todo aquello que no sea elogio, haga lo que haga, o que no signifique condena penal es considerado como una agresi\u00f3n. Y el peligro radica en que esta mentalidad ha impregnado las pol\u00edticas y leyes de los gobiernos y las pr\u00e1cticas sociales.\u00a0Sin ir m\u00e1s lejos, en Catalunya el gobierno de ERC ha multado a una pasteler\u00eda con 7.501 euros, que no es poco, por poner un cartel que dec\u00eda \u00abse necesita maestro pastelero\u00bb.\u00a0\u00bfY qu\u00e9 falta comete este cartel, se preguntar\u00e1, para castigarlo con tantos miles de euros de sanci\u00f3n?\u00a0Pues que no dec\u00eda que se necesitaba un \u201cmaestro o una maestra pastelero\/pastelera\u201d.\u00a0Hasta aqu\u00ed hemos llegado, y esto funciona con toda normalidad y es un ejemplo m\u00e1s de la presi\u00f3n cada vez m\u00e1s opresiva bajo la que vivimos. Es la misma que graba el conocido presentador de El Hormiguero, Pablo Motos. El inefable ministerio de la Igualdad lanz\u00f3 una campa\u00f1a con motivo del d\u00eda contra la violencia de g\u00e9nero por denunciar la \u201cviolencia machista\u201d se\u00f1alando caras conocidas que la practican y uno de ellos ha sido Pablo Motos, que lleva diecisiete a\u00f1os en el programa El Hormiguero en televisi\u00f3n. Su nombre e imagen no aparece, as\u00ed se evitan problemas legales, pero figura un presentador que recrea su imagen y que le hace una pregunta que \u00e9l hizo hace a\u00f1os a Elsa Pataki, concretamente en el 2016, pregunt\u00e1ndole si para dormir utilizaba ropa interior de puntillas o m\u00e1s est\u00e1ndar. Fue en el marco de una entrevista en la que Elsa Pataki era la imagen de una campa\u00f1a de una empresa de lencer\u00eda.\u00a0Con este motivo Pablo Motos ha sido masacrado en las redes,\u00a0aunque si se ve el programa se constata que Elsa Pataki presentaba \u00abropa interior y pijamas sexis\u00bb.\u00a0La descontextualizaci\u00f3n\u00a0para poder castigar a diestro y siniestro es una caracter\u00edstica de esta forma de actuar que se extiende tambi\u00e9n, y de manera especial, sobre la gente m\u00e1s joven en la escuela. Concretamente, en Catalu\u00f1a, un numeroso grupo de padres con el a\u00f1adido de una asociaci\u00f3n,\u00a0e-Cristians, han impugnado los decretos sobre educaci\u00f3n b\u00e1sica y bachillerato porque en ambos casos imponen la educaci\u00f3n con la\u00a0perspectiva de g\u00e9nero en todas las materias y en todos los centros, p\u00fablicos, concertados y privados, al tiempo que se procede a liquidar la asignatura de religi\u00f3n que, te\u00f3ricamente, es obligatorio impartir en todos los centros y es de inscripci\u00f3n voluntaria.\u00a0La perspectiva de g\u00e9nero, que algunos ingenuos han confundido con la sencilla igualdad de hombre y mujer, es un ejemplo ideol\u00f3gico que va cargado de medidas como las que estamos constatando que se producen y que se traducen cada vez m\u00e1s en la liquidaci\u00f3n de varios derechos, unos relacionados con los padres, otros fundamentales como la libertad de expresi\u00f3n. No deja de ser llamativo que las partidarias del feminismo de g\u00e9nero, que son las primeras responsables de haber introducido este concepto en las leyes del estado y con todas sus pol\u00edticas, ahora vean c\u00f3mo la misma idea se les gira en contra con la ley trans, hasta el extremo de que se quejan de que si \u00e9sta prospera significar\u00e1 el borrado de las mujeres. Y es que determinadas ideas las carga el diablo.<\/p>\n","protected":false},"author":2,"featured_media":62719,"comment_status":"open","ping_status":"open","sticky":false,"template":"","format":"standard","meta":{"_FSMCFIC_featured_image_caption":"","_FSMCFIC_featured_image_nocaption":"","_FSMCFIC_featured_image_hide":"","footnotes":""},"categories":[806],"tags":[1856,1470],"class_list":["post-62736","post","type-post","status-publish","format-standard","has-post-thumbnail","hentry","category-punts-claus-del-dia-es","tag-ideologia-de-genero","tag-irene-montero"],"yoast_head":"<!-- This site is optimized with the Yoast SEO plugin v26.8 - https:\/\/yoast.com\/product\/yoast-seo-wordpress\/ -->\n<title>Irene Montero y la cultura de la violaci\u00f3n - Converses a Catalunya<\/title>\n<meta name=\"robots\" content=\"index, follow, max-snippet:-1, max-image-preview:large, max-video-preview:-1\" \/>\n<link rel=\"canonical\" href=\"https:\/\/conversesacatalunya.cat\/es\/irene-montero-y-la-cultura-de-la-violacion\/\" \/>\n<meta property=\"og:locale\" content=\"es_ES\" \/>\n<meta property=\"og:type\" content=\"article\" \/>\n<meta property=\"og:title\" content=\"Irene Montero y la cultura de la violaci\u00f3n - Converses a Catalunya\" \/>\n<meta property=\"og:description\" content=\"La idea de que existe una\u00a0cultura de la violaci\u00f3n\u00a0lleva d\u00e9cadas formando parte del arsenal argumental del feminismo que, al igual que otros muchos conceptos, ha ido ampliando su sentido hasta abarcarlo pr\u00e1cticamente todo.\u00a0Toda posici\u00f3n sobre ese grave problema que no sea estrictamente represivo es para las feministas como Montero cultura de la violaci\u00f3n.\u00a0Y convencida de este hecho acus\u00f3 al PP, en la sesi\u00f3n de control de este mi\u00e9rcoles en el Congreso, de favorecerla.\u00a0La raz\u00f3n, una muy concreta: en Galicia, una campa\u00f1a contra la violencia sexual, que llama a las mujeres a guardar determinadas precauciones, es valorada como ese tipo de cultura. Lo peligroso de todo es que no utilizan esta palabra solo en el sentido de insultar, sino como composici\u00f3n ideol\u00f3gica m\u00e1s global. Todo el mundo que no est\u00e1 por la represi\u00f3n fomenta esta cultura.\u00a0Todo el mundo que tiene algo que decir sobre las actitudes m\u00e1s o menos adecuadas en los comportamientos de algunas mujeres fomenta la cultura de la violaci\u00f3n. Como en el caso de homosexuales y transexuales, todo aquello que no sea elogio, haga lo que haga, o que no signifique condena penal es considerado como una agresi\u00f3n. Y el peligro radica en que esta mentalidad ha impregnado las pol\u00edticas y leyes de los gobiernos y las pr\u00e1cticas sociales.\u00a0Sin ir m\u00e1s lejos, en Catalunya el gobierno de ERC ha multado a una pasteler\u00eda con 7.501 euros, que no es poco, por poner un cartel que dec\u00eda \u00abse necesita maestro pastelero\u00bb.\u00a0\u00bfY qu\u00e9 falta comete este cartel, se preguntar\u00e1, para castigarlo con tantos miles de euros de sanci\u00f3n?\u00a0Pues que no dec\u00eda que se necesitaba un \u201cmaestro o una maestra pastelero\/pastelera\u201d.\u00a0Hasta aqu\u00ed hemos llegado, y esto funciona con toda normalidad y es un ejemplo m\u00e1s de la presi\u00f3n cada vez m\u00e1s opresiva bajo la que vivimos. Es la misma que graba el conocido presentador de El Hormiguero, Pablo Motos. El inefable ministerio de la Igualdad lanz\u00f3 una campa\u00f1a con motivo del d\u00eda contra la violencia de g\u00e9nero por denunciar la \u201cviolencia machista\u201d se\u00f1alando caras conocidas que la practican y uno de ellos ha sido Pablo Motos, que lleva diecisiete a\u00f1os en el programa El Hormiguero en televisi\u00f3n. Su nombre e imagen no aparece, as\u00ed se evitan problemas legales, pero figura un presentador que recrea su imagen y que le hace una pregunta que \u00e9l hizo hace a\u00f1os a Elsa Pataki, concretamente en el 2016, pregunt\u00e1ndole si para dormir utilizaba ropa interior de puntillas o m\u00e1s est\u00e1ndar. Fue en el marco de una entrevista en la que Elsa Pataki era la imagen de una campa\u00f1a de una empresa de lencer\u00eda.\u00a0Con este motivo Pablo Motos ha sido masacrado en las redes,\u00a0aunque si se ve el programa se constata que Elsa Pataki presentaba \u00abropa interior y pijamas sexis\u00bb.\u00a0La descontextualizaci\u00f3n\u00a0para poder castigar a diestro y siniestro es una caracter\u00edstica de esta forma de actuar que se extiende tambi\u00e9n, y de manera especial, sobre la gente m\u00e1s joven en la escuela. Concretamente, en Catalu\u00f1a, un numeroso grupo de padres con el a\u00f1adido de una asociaci\u00f3n,\u00a0e-Cristians, han impugnado los decretos sobre educaci\u00f3n b\u00e1sica y bachillerato porque en ambos casos imponen la educaci\u00f3n con la\u00a0perspectiva de g\u00e9nero en todas las materias y en todos los centros, p\u00fablicos, concertados y privados, al tiempo que se procede a liquidar la asignatura de religi\u00f3n que, te\u00f3ricamente, es obligatorio impartir en todos los centros y es de inscripci\u00f3n voluntaria.\u00a0La perspectiva de g\u00e9nero, que algunos ingenuos han confundido con la sencilla igualdad de hombre y mujer, es un ejemplo ideol\u00f3gico que va cargado de medidas como las que estamos constatando que se producen y que se traducen cada vez m\u00e1s en la liquidaci\u00f3n de varios derechos, unos relacionados con los padres, otros fundamentales como la libertad de expresi\u00f3n. No deja de ser llamativo que las partidarias del feminismo de g\u00e9nero, que son las primeras responsables de haber introducido este concepto en las leyes del estado y con todas sus pol\u00edticas, ahora vean c\u00f3mo la misma idea se les gira en contra con la ley trans, hasta el extremo de que se quejan de que si \u00e9sta prospera significar\u00e1 el borrado de las mujeres. Y es que determinadas ideas las carga el diablo.\" \/>\n<meta property=\"og:url\" content=\"https:\/\/conversesacatalunya.cat\/es\/irene-montero-y-la-cultura-de-la-violacion\/\" \/>\n<meta property=\"og:site_name\" content=\"Converses a Catalunya\" \/>\n<meta property=\"article:published_time\" content=\"2022-12-01T11:45:25+00:00\" \/>\n<meta property=\"article:modified_time\" content=\"2022-12-01T14:35:29+00:00\" \/>\n<meta property=\"og:image\" content=\"https:\/\/conversesacatalunya.cat\/wp-content\/uploads\/2022\/12\/cultura-de-la-violacion-scaled.jpg\" \/>\n\t<meta property=\"og:image:width\" content=\"2560\" \/>\n\t<meta property=\"og:image:height\" content=\"1280\" \/>\n\t<meta property=\"og:image:type\" content=\"image\/jpeg\" \/>\n<meta name=\"author\" content=\"conversesacatalunya\" \/>\n<meta name=\"twitter:card\" content=\"summary_large_image\" \/>\n<meta name=\"twitter:label1\" content=\"Escrito por\" \/>\n\t<meta name=\"twitter:data1\" content=\"conversesacatalunya\" \/>\n\t<meta name=\"twitter:label2\" content=\"Tiempo de lectura\" \/>\n\t<meta name=\"twitter:data2\" content=\"4 minutos\" \/>\n<script type=\"application\/ld+json\" class=\"yoast-schema-graph\">{\"@context\":\"https:\/\/schema.org\",\"@graph\":[{\"@type\":\"Article\",\"@id\":\"https:\/\/conversesacatalunya.cat\/es\/irene-montero-y-la-cultura-de-la-violacion\/#article\",\"isPartOf\":{\"@id\":\"https:\/\/conversesacatalunya.cat\/es\/irene-montero-y-la-cultura-de-la-violacion\/\"},\"author\":{\"name\":\"conversesacatalunya\",\"@id\":\"https:\/\/conversesacatalunya.cat\/#\/schema\/person\/7e24d1e54a2785373ddcb275eae5ed99\"},\"headline\":\"Irene Montero y la cultura de la violaci\u00f3n\",\"datePublished\":\"2022-12-01T11:45:25+00:00\",\"dateModified\":\"2022-12-01T14:35:29+00:00\",\"mainEntityOfPage\":{\"@id\":\"https:\/\/conversesacatalunya.cat\/es\/irene-montero-y-la-cultura-de-la-violacion\/\"},\"wordCount\":775,\"commentCount\":0,\"image\":{\"@id\":\"https:\/\/conversesacatalunya.cat\/es\/irene-montero-y-la-cultura-de-la-violacion\/#primaryimage\"},\"thumbnailUrl\":\"https:\/\/conversesacatalunya.cat\/wp-content\/uploads\/2022\/12\/cultura-de-la-violacion-scaled.jpg\",\"keywords\":[\"ideolog\u00eda de g\u00e9nero\",\"Irene Montero\"],\"articleSection\":[\"Punts clau del dia (ES)\"],\"inLanguage\":\"es\",\"potentialAction\":[{\"@type\":\"CommentAction\",\"name\":\"Comment\",\"target\":[\"https:\/\/conversesacatalunya.cat\/es\/irene-montero-y-la-cultura-de-la-violacion\/#respond\"]}]},{\"@type\":\"WebPage\",\"@id\":\"https:\/\/conversesacatalunya.cat\/es\/irene-montero-y-la-cultura-de-la-violacion\/\",\"url\":\"https:\/\/conversesacatalunya.cat\/es\/irene-montero-y-la-cultura-de-la-violacion\/\",\"name\":\"Irene Montero y la cultura de la violaci\u00f3n - Converses a Catalunya\",\"isPartOf\":{\"@id\":\"https:\/\/conversesacatalunya.cat\/#website\"},\"primaryImageOfPage\":{\"@id\":\"https:\/\/conversesacatalunya.cat\/es\/irene-montero-y-la-cultura-de-la-violacion\/#primaryimage\"},\"image\":{\"@id\":\"https:\/\/conversesacatalunya.cat\/es\/irene-montero-y-la-cultura-de-la-violacion\/#primaryimage\"},\"thumbnailUrl\":\"https:\/\/conversesacatalunya.cat\/wp-content\/uploads\/2022\/12\/cultura-de-la-violacion-scaled.jpg\",\"datePublished\":\"2022-12-01T11:45:25+00:00\",\"dateModified\":\"2022-12-01T14:35:29+00:00\",\"author\":{\"@id\":\"https:\/\/conversesacatalunya.cat\/#\/schema\/person\/7e24d1e54a2785373ddcb275eae5ed99\"},\"breadcrumb\":{\"@id\":\"https:\/\/conversesacatalunya.cat\/es\/irene-montero-y-la-cultura-de-la-violacion\/#breadcrumb\"},\"inLanguage\":\"es\",\"potentialAction\":[{\"@type\":\"ReadAction\",\"target\":[\"https:\/\/conversesacatalunya.cat\/es\/irene-montero-y-la-cultura-de-la-violacion\/\"]}]},{\"@type\":\"ImageObject\",\"inLanguage\":\"es\",\"@id\":\"https:\/\/conversesacatalunya.cat\/es\/irene-montero-y-la-cultura-de-la-violacion\/#primaryimage\",\"url\":\"https:\/\/conversesacatalunya.cat\/wp-content\/uploads\/2022\/12\/cultura-de-la-violacion-scaled.jpg\",\"contentUrl\":\"https:\/\/conversesacatalunya.cat\/wp-content\/uploads\/2022\/12\/cultura-de-la-violacion-scaled.jpg\",\"width\":2560,\"height\":1280},{\"@type\":\"BreadcrumbList\",\"@id\":\"https:\/\/conversesacatalunya.cat\/es\/irene-montero-y-la-cultura-de-la-violacion\/#breadcrumb\",\"itemListElement\":[{\"@type\":\"ListItem\",\"position\":1,\"name\":\"Inici\",\"item\":\"https:\/\/conversesacatalunya.cat\/es\/\"},{\"@type\":\"ListItem\",\"position\":2,\"name\":\"Irene Montero y la cultura de la violaci\u00f3n\"}]},{\"@type\":\"WebSite\",\"@id\":\"https:\/\/conversesacatalunya.cat\/#website\",\"url\":\"https:\/\/conversesacatalunya.cat\/\",\"name\":\"Converses a Catalunya\",\"description\":\"\",\"potentialAction\":[{\"@type\":\"SearchAction\",\"target\":{\"@type\":\"EntryPoint\",\"urlTemplate\":\"https:\/\/conversesacatalunya.cat\/?s={search_term_string}\"},\"query-input\":{\"@type\":\"PropertyValueSpecification\",\"valueRequired\":true,\"valueName\":\"search_term_string\"}}],\"inLanguage\":\"es\"},{\"@type\":\"Person\",\"@id\":\"https:\/\/conversesacatalunya.cat\/#\/schema\/person\/7e24d1e54a2785373ddcb275eae5ed99\",\"name\":\"conversesacatalunya\",\"image\":{\"@type\":\"ImageObject\",\"inLanguage\":\"es\",\"@id\":\"https:\/\/conversesacatalunya.cat\/#\/schema\/person\/image\/\",\"url\":\"https:\/\/conversesacatalunya.cat\/wp-content\/litespeed\/avatar\/febdfeeec89d950f01c748045a981dd2.jpg?ver=1777314535\",\"contentUrl\":\"https:\/\/conversesacatalunya.cat\/wp-content\/litespeed\/avatar\/febdfeeec89d950f01c748045a981dd2.jpg?ver=1777314535\",\"caption\":\"conversesacatalunya\"},\"url\":\"https:\/\/conversesacatalunya.cat\/es\/author\/carme_catala\/\"}]}<\/script>\n<!-- \/ Yoast SEO plugin. -->","yoast_head_json":{"title":"Irene Montero y la cultura de la violaci\u00f3n - Converses a Catalunya","robots":{"index":"index","follow":"follow","max-snippet":"max-snippet:-1","max-image-preview":"max-image-preview:large","max-video-preview":"max-video-preview:-1"},"canonical":"https:\/\/conversesacatalunya.cat\/es\/irene-montero-y-la-cultura-de-la-violacion\/","og_locale":"es_ES","og_type":"article","og_title":"Irene Montero y la cultura de la violaci\u00f3n - Converses a Catalunya","og_description":"La idea de que existe una\u00a0cultura de la violaci\u00f3n\u00a0lleva d\u00e9cadas formando parte del arsenal argumental del feminismo que, al igual que otros muchos conceptos, ha ido ampliando su sentido hasta abarcarlo pr\u00e1cticamente todo.\u00a0Toda posici\u00f3n sobre ese grave problema que no sea estrictamente represivo es para las feministas como Montero cultura de la violaci\u00f3n.\u00a0Y convencida de este hecho acus\u00f3 al PP, en la sesi\u00f3n de control de este mi\u00e9rcoles en el Congreso, de favorecerla.\u00a0La raz\u00f3n, una muy concreta: en Galicia, una campa\u00f1a contra la violencia sexual, que llama a las mujeres a guardar determinadas precauciones, es valorada como ese tipo de cultura. Lo peligroso de todo es que no utilizan esta palabra solo en el sentido de insultar, sino como composici\u00f3n ideol\u00f3gica m\u00e1s global. Todo el mundo que no est\u00e1 por la represi\u00f3n fomenta esta cultura.\u00a0Todo el mundo que tiene algo que decir sobre las actitudes m\u00e1s o menos adecuadas en los comportamientos de algunas mujeres fomenta la cultura de la violaci\u00f3n. Como en el caso de homosexuales y transexuales, todo aquello que no sea elogio, haga lo que haga, o que no signifique condena penal es considerado como una agresi\u00f3n. Y el peligro radica en que esta mentalidad ha impregnado las pol\u00edticas y leyes de los gobiernos y las pr\u00e1cticas sociales.\u00a0Sin ir m\u00e1s lejos, en Catalunya el gobierno de ERC ha multado a una pasteler\u00eda con 7.501 euros, que no es poco, por poner un cartel que dec\u00eda \u00abse necesita maestro pastelero\u00bb.\u00a0\u00bfY qu\u00e9 falta comete este cartel, se preguntar\u00e1, para castigarlo con tantos miles de euros de sanci\u00f3n?\u00a0Pues que no dec\u00eda que se necesitaba un \u201cmaestro o una maestra pastelero\/pastelera\u201d.\u00a0Hasta aqu\u00ed hemos llegado, y esto funciona con toda normalidad y es un ejemplo m\u00e1s de la presi\u00f3n cada vez m\u00e1s opresiva bajo la que vivimos. Es la misma que graba el conocido presentador de El Hormiguero, Pablo Motos. El inefable ministerio de la Igualdad lanz\u00f3 una campa\u00f1a con motivo del d\u00eda contra la violencia de g\u00e9nero por denunciar la \u201cviolencia machista\u201d se\u00f1alando caras conocidas que la practican y uno de ellos ha sido Pablo Motos, que lleva diecisiete a\u00f1os en el programa El Hormiguero en televisi\u00f3n. Su nombre e imagen no aparece, as\u00ed se evitan problemas legales, pero figura un presentador que recrea su imagen y que le hace una pregunta que \u00e9l hizo hace a\u00f1os a Elsa Pataki, concretamente en el 2016, pregunt\u00e1ndole si para dormir utilizaba ropa interior de puntillas o m\u00e1s est\u00e1ndar. Fue en el marco de una entrevista en la que Elsa Pataki era la imagen de una campa\u00f1a de una empresa de lencer\u00eda.\u00a0Con este motivo Pablo Motos ha sido masacrado en las redes,\u00a0aunque si se ve el programa se constata que Elsa Pataki presentaba \u00abropa interior y pijamas sexis\u00bb.\u00a0La descontextualizaci\u00f3n\u00a0para poder castigar a diestro y siniestro es una caracter\u00edstica de esta forma de actuar que se extiende tambi\u00e9n, y de manera especial, sobre la gente m\u00e1s joven en la escuela. Concretamente, en Catalu\u00f1a, un numeroso grupo de padres con el a\u00f1adido de una asociaci\u00f3n,\u00a0e-Cristians, han impugnado los decretos sobre educaci\u00f3n b\u00e1sica y bachillerato porque en ambos casos imponen la educaci\u00f3n con la\u00a0perspectiva de g\u00e9nero en todas las materias y en todos los centros, p\u00fablicos, concertados y privados, al tiempo que se procede a liquidar la asignatura de religi\u00f3n que, te\u00f3ricamente, es obligatorio impartir en todos los centros y es de inscripci\u00f3n voluntaria.\u00a0La perspectiva de g\u00e9nero, que algunos ingenuos han confundido con la sencilla igualdad de hombre y mujer, es un ejemplo ideol\u00f3gico que va cargado de medidas como las que estamos constatando que se producen y que se traducen cada vez m\u00e1s en la liquidaci\u00f3n de varios derechos, unos relacionados con los padres, otros fundamentales como la libertad de expresi\u00f3n. No deja de ser llamativo que las partidarias del feminismo de g\u00e9nero, que son las primeras responsables de haber introducido este concepto en las leyes del estado y con todas sus pol\u00edticas, ahora vean c\u00f3mo la misma idea se les gira en contra con la ley trans, hasta el extremo de que se quejan de que si \u00e9sta prospera significar\u00e1 el borrado de las mujeres. Y es que determinadas ideas las carga el diablo.","og_url":"https:\/\/conversesacatalunya.cat\/es\/irene-montero-y-la-cultura-de-la-violacion\/","og_site_name":"Converses a Catalunya","article_published_time":"2022-12-01T11:45:25+00:00","article_modified_time":"2022-12-01T14:35:29+00:00","og_image":[{"width":2560,"height":1280,"url":"https:\/\/conversesacatalunya.cat\/wp-content\/uploads\/2022\/12\/cultura-de-la-violacion-scaled.jpg","type":"image\/jpeg"}],"author":"conversesacatalunya","twitter_card":"summary_large_image","twitter_misc":{"Escrito por":"conversesacatalunya","Tiempo de lectura":"4 minutos"},"schema":{"@context":"https:\/\/schema.org","@graph":[{"@type":"Article","@id":"https:\/\/conversesacatalunya.cat\/es\/irene-montero-y-la-cultura-de-la-violacion\/#article","isPartOf":{"@id":"https:\/\/conversesacatalunya.cat\/es\/irene-montero-y-la-cultura-de-la-violacion\/"},"author":{"name":"conversesacatalunya","@id":"https:\/\/conversesacatalunya.cat\/#\/schema\/person\/7e24d1e54a2785373ddcb275eae5ed99"},"headline":"Irene Montero y la cultura de la violaci\u00f3n","datePublished":"2022-12-01T11:45:25+00:00","dateModified":"2022-12-01T14:35:29+00:00","mainEntityOfPage":{"@id":"https:\/\/conversesacatalunya.cat\/es\/irene-montero-y-la-cultura-de-la-violacion\/"},"wordCount":775,"commentCount":0,"image":{"@id":"https:\/\/conversesacatalunya.cat\/es\/irene-montero-y-la-cultura-de-la-violacion\/#primaryimage"},"thumbnailUrl":"https:\/\/conversesacatalunya.cat\/wp-content\/uploads\/2022\/12\/cultura-de-la-violacion-scaled.jpg","keywords":["ideolog\u00eda de g\u00e9nero","Irene Montero"],"articleSection":["Punts clau del dia (ES)"],"inLanguage":"es","potentialAction":[{"@type":"CommentAction","name":"Comment","target":["https:\/\/conversesacatalunya.cat\/es\/irene-montero-y-la-cultura-de-la-violacion\/#respond"]}]},{"@type":"WebPage","@id":"https:\/\/conversesacatalunya.cat\/es\/irene-montero-y-la-cultura-de-la-violacion\/","url":"https:\/\/conversesacatalunya.cat\/es\/irene-montero-y-la-cultura-de-la-violacion\/","name":"Irene Montero y la cultura de la violaci\u00f3n - Converses a Catalunya","isPartOf":{"@id":"https:\/\/conversesacatalunya.cat\/#website"},"primaryImageOfPage":{"@id":"https:\/\/conversesacatalunya.cat\/es\/irene-montero-y-la-cultura-de-la-violacion\/#primaryimage"},"image":{"@id":"https:\/\/conversesacatalunya.cat\/es\/irene-montero-y-la-cultura-de-la-violacion\/#primaryimage"},"thumbnailUrl":"https:\/\/conversesacatalunya.cat\/wp-content\/uploads\/2022\/12\/cultura-de-la-violacion-scaled.jpg","datePublished":"2022-12-01T11:45:25+00:00","dateModified":"2022-12-01T14:35:29+00:00","author":{"@id":"https:\/\/conversesacatalunya.cat\/#\/schema\/person\/7e24d1e54a2785373ddcb275eae5ed99"},"breadcrumb":{"@id":"https:\/\/conversesacatalunya.cat\/es\/irene-montero-y-la-cultura-de-la-violacion\/#breadcrumb"},"inLanguage":"es","potentialAction":[{"@type":"ReadAction","target":["https:\/\/conversesacatalunya.cat\/es\/irene-montero-y-la-cultura-de-la-violacion\/"]}]},{"@type":"ImageObject","inLanguage":"es","@id":"https:\/\/conversesacatalunya.cat\/es\/irene-montero-y-la-cultura-de-la-violacion\/#primaryimage","url":"https:\/\/conversesacatalunya.cat\/wp-content\/uploads\/2022\/12\/cultura-de-la-violacion-scaled.jpg","contentUrl":"https:\/\/conversesacatalunya.cat\/wp-content\/uploads\/2022\/12\/cultura-de-la-violacion-scaled.jpg","width":2560,"height":1280},{"@type":"BreadcrumbList","@id":"https:\/\/conversesacatalunya.cat\/es\/irene-montero-y-la-cultura-de-la-violacion\/#breadcrumb","itemListElement":[{"@type":"ListItem","position":1,"name":"Inici","item":"https:\/\/conversesacatalunya.cat\/es\/"},{"@type":"ListItem","position":2,"name":"Irene Montero y la cultura de la violaci\u00f3n"}]},{"@type":"WebSite","@id":"https:\/\/conversesacatalunya.cat\/#website","url":"https:\/\/conversesacatalunya.cat\/","name":"Converses a Catalunya","description":"","potentialAction":[{"@type":"SearchAction","target":{"@type":"EntryPoint","urlTemplate":"https:\/\/conversesacatalunya.cat\/?s={search_term_string}"},"query-input":{"@type":"PropertyValueSpecification","valueRequired":true,"valueName":"search_term_string"}}],"inLanguage":"es"},{"@type":"Person","@id":"https:\/\/conversesacatalunya.cat\/#\/schema\/person\/7e24d1e54a2785373ddcb275eae5ed99","name":"conversesacatalunya","image":{"@type":"ImageObject","inLanguage":"es","@id":"https:\/\/conversesacatalunya.cat\/#\/schema\/person\/image\/","url":"https:\/\/conversesacatalunya.cat\/wp-content\/litespeed\/avatar\/febdfeeec89d950f01c748045a981dd2.jpg?ver=1777314535","contentUrl":"https:\/\/conversesacatalunya.cat\/wp-content\/litespeed\/avatar\/febdfeeec89d950f01c748045a981dd2.jpg?ver=1777314535","caption":"conversesacatalunya"},"url":"https:\/\/conversesacatalunya.cat\/es\/author\/carme_catala\/"}]}},"wps_subtitle":"","_links":{"self":[{"href":"https:\/\/conversesacatalunya.cat\/es\/wp-json\/wp\/v2\/posts\/62736","targetHints":{"allow":["GET"]}}],"collection":[{"href":"https:\/\/conversesacatalunya.cat\/es\/wp-json\/wp\/v2\/posts"}],"about":[{"href":"https:\/\/conversesacatalunya.cat\/es\/wp-json\/wp\/v2\/types\/post"}],"author":[{"embeddable":true,"href":"https:\/\/conversesacatalunya.cat\/es\/wp-json\/wp\/v2\/users\/2"}],"replies":[{"embeddable":true,"href":"https:\/\/conversesacatalunya.cat\/es\/wp-json\/wp\/v2\/comments?post=62736"}],"version-history":[{"count":2,"href":"https:\/\/conversesacatalunya.cat\/es\/wp-json\/wp\/v2\/posts\/62736\/revisions"}],"predecessor-version":[{"id":62738,"href":"https:\/\/conversesacatalunya.cat\/es\/wp-json\/wp\/v2\/posts\/62736\/revisions\/62738"}],"wp:featuredmedia":[{"embeddable":true,"href":"https:\/\/conversesacatalunya.cat\/es\/wp-json\/wp\/v2\/media\/62719"}],"wp:attachment":[{"href":"https:\/\/conversesacatalunya.cat\/es\/wp-json\/wp\/v2\/media?parent=62736"}],"wp:term":[{"taxonomy":"category","embeddable":true,"href":"https:\/\/conversesacatalunya.cat\/es\/wp-json\/wp\/v2\/categories?post=62736"},{"taxonomy":"post_tag","embeddable":true,"href":"https:\/\/conversesacatalunya.cat\/es\/wp-json\/wp\/v2\/tags?post=62736"}],"curies":[{"name":"wp","href":"https:\/\/api.w.org\/{rel}","templated":true}]}}