{"id":62528,"date":"2022-11-23T12:08:18","date_gmt":"2022-11-23T11:08:18","guid":{"rendered":"https:\/\/conversesacatalunya.cat\/polonia-alemanya-potencia-militar-europa\/"},"modified":"2022-11-23T13:18:39","modified_gmt":"2022-11-23T12:18:39","slug":"polonia-alemania-potencia-militar-europa","status":"publish","type":"post","link":"https:\/\/conversesacatalunya.cat\/es\/polonia-alemania-potencia-militar-europa\/","title":{"rendered":"\u00bfPodr\u00eda Polonia desafiar a Alemania y convertirse en la primera potencia militar de Europa Central?"},"content":{"rendered":"<p><span>La guerra de Ucrania ha tenido el efecto de acelerar muchos cambios que ya se hab\u00edan iniciado, e introducir algunos (pocos) nuevos.\u00a0<span class=\"\">Uno de los m\u00e1s destacados entre esta segunda categor\u00eda es el\u00a0<\/span><\/span><strong><span><span class=\"\">rearme de Alemania<\/span><\/span><\/strong><span><span class=\"\">, que\u00a0<\/span><\/span><em><span><span class=\"\">Converses<\/span><\/span><\/em><span><span class=\"\">\u00a0ya ha\u00a0<\/span><\/span><a href=\"https:\/\/conversesacatalunya.cat\/es\/alemania-aspira-a-ser-la-principal-potencia-militar-de-la-ue\/\" target=\"_blank\" rel=\"noopener\"><span><span class=\"\">desgranado<\/span><\/span><\/a><span><span class=\"\">\u00a0y que supondr\u00eda que la locomotora econ\u00f3mica de la Uni\u00f3n Europea (UE) se convirtiera tambi\u00e9n en su principal potencia militar, al menos en t\u00e9rminos de gasto.<\/span><\/span><\/p>\n<p><span>Si bien esta mutaci\u00f3n de la militarmente esc\u00e9ptica Rep\u00fablica Federal est\u00e1 a\u00fan por ver, lo cierto es que su vecino oriental, Polonia, va camino de hacerle sombra.<\/span><\/p>\n<p><span>En el caso de Polonia, la invasi\u00f3n de Ucrania por parte de Vladimir Putin ha tenido un\u00a0<\/span><strong><span>efecto catalizador<\/span><\/strong><span>\u00a0sobre su gasto en defensa en un pa\u00eds que desde finales de la Guerra Fr\u00eda vive obsesionado por la amenaza de Rusia.<\/span><\/p>\n<p><span><span class=\"\">El objetivo de Varsovia es claro y simple: \u00abel ej\u00e9rcito polaco debe ser tan poderoso que no le haga falta luchar\u00bb, tal y como afirm\u00f3 el Primer Ministro Mateusz Morawiecki en el velatorio del d\u00eda de la independencia del pa\u00eds.<\/span><\/span><\/p>\n<blockquote><p><span>Seg\u00fan un oficial de alto rango del ej\u00e9rcito estadounidense, Polonia se ha convertido en el \u201csocio m\u00e1s importante de Europa continental\u201d para Estados Unidos<\/span><\/p><\/blockquote>\n<p><span>No es un vuelo de palomas del gobierno nacionalista polaco.\u00a0<\/span><a href=\"https:\/\/www.politico.eu\/article\/europe-military-superpower-poland-army\/\" target=\"_blank\" rel=\"noopener\"><span>Seg\u00fan<\/span><\/a><span>\u00a0un oficial de alto rango del ej\u00e9rcito estadounidense,\u00a0<\/span><strong><span>Polonia se ha convertido en el \u201csocio m\u00e1s importante de Europa continental\u201d para Estados Unidos<\/span><\/strong><span>.<\/span><\/p>\n<p><span>Se trata de una plaza tradicionalmente asignada al vecino alem\u00e1n (Francia, la otra gran potencia militar, ha sido siempre demasiado\u00a0<\/span><a href=\"https:\/\/conversesacatalunya.cat\/es\/programa-defensa-europeo\/\" target=\"_blank\" rel=\"noopener\"><span> independiente<\/span><\/a><span>).\u00a0Pero la falta de cultura estrat\u00e9gica desde 1945 y los debates pol\u00edticos interminables sobre qu\u00e9 papel deben desempe\u00f1ar las fuerzas armadas federales han acabado por cansar a los estadounidenses.<\/span><\/p>\n<p><span><span class=\"\">Polonia, sin embargo, tiene la visi\u00f3n muy clara.<\/span><\/span><\/p>\n<p><span>El pa\u00eds eslavo ya ha aprobado un incremento del gasto militar extraordinario,\u00a0<\/span><strong><span>pasando de un ya muy elevado 2,4% (la OTAN pide el 2%) de su PIB a un 5%<\/span><\/strong><span>.\u00a0Se trata de un porcentaje inaudito en Europa, superando incluso al de Rusia (4,3% en 2020) y al de Estados Unidos (3,7% en el mismo a\u00f1o).<\/span><\/p>\n<blockquote><p><span>Polonia ya dispone de m\u00e1s carros de combate y artiller\u00eda que Alemania<\/span><\/p><\/blockquote>\n<p><span>El ministro de defensa polaco prometi\u00f3 el pasado julio que su pa\u00eds tendr\u00eda \u00abel ej\u00e9rcito de tierra m\u00e1s poderoso de Europa\u00bb.\u00a0En t\u00e9rminos cuantitativos, Polonia cuenta ya con m\u00e1s carros de combate y artiller\u00eda que Alemania, y quiere\u00a0<\/span><strong><span>doblar su personal, pasando de 150.000 a 300.000 soldados a m\u00e1s tardar en 2035<\/span><\/strong><span>.<\/span><\/p>\n<p><span>Esta ambici\u00f3n se apoya en una\u00a0<\/span><strong><span>cultura nacional<\/span><\/strong><span>\u00a0que percibe muy positivamente todo lo relacionado con la defensa de la patria y el papel de las fuerzas armadas.\u00a0Una vez m\u00e1s, es una gran ventaja respecto a Alemania, donde el peso de la historia y los altos sueldos del sector privado han generado una gran crisis de vocaciones en las fuerzas armadas.<\/span><\/p>\n<p><span>En cuanto a las\u00a0<\/span><strong><span>compras de armamento<\/span><\/strong><span>, el papel de Polonia genera debate en el seno de la UE porque el pa\u00eds tiene una clara preferencia por comprar en el exterior.<\/span><\/p>\n<p><span>No s\u00f3lo de Estados Unidos, sino recientemente de\u00a0<\/span><strong><span>Corea del Sur<\/span><\/strong><span>.\u00a0De hecho, Polonia habr\u00eda gastado m\u00e1s en importaciones de ese pa\u00eds asi\u00e1tico que en los dos principales contratos recientes con Washington juntos (250 tanques Abrams por 4.900 millones de d\u00f3lares y 32 aviones de combate F-35 por 4.600 millones m\u00e1s).<\/span><\/p>\n<p><span>Con Se\u00fal, los contratos incluyen 180 tanques K2 Black Panther, 200 obuses autopropulsados \u200b\u200bK9 Thunder, 48 aviones de ataque ligero FA-50 y m\u00e1s de 200 lanzadores de cohetes K239 Chunmoo.\u00a0Pero es que adem\u00e1s se prev\u00e9 que lleguen m\u00e1s de 1.000 tanques K2 y 600 piezas de K9 antes de 2030.<\/span><\/p>\n<blockquote><p><span>En algunos c\u00edrculos militares, incluyendo la propia Polonia, existen dudas sobre si, operacional y estrat\u00e9gicamente hablando, tiene sentido que el ej\u00e9rcito de tierra polaco crezca tanto<\/span><\/p><\/blockquote>\n<p><span>Es evidente que las malas relaciones con el actual presidente de Estados Unidos Joe Biden, quien trat\u00f3 al gobierno nacionalista polaco de \u201ctotalitarista\u201d durante la campa\u00f1a electoral, as\u00ed como los\u00a0<\/span><strong><a href=\"https:\/\/conversesacatalunya.cat\/es\/el-estado-de-derecho-en-la-union-europea-se-degrada-mas-alla-de-polonia-y-hungria\/\" target=\"_blank\" rel=\"noopener\"><span>continuos<\/span><\/a><span>\u00a0tira y aflojas con Bruselas<\/span><\/strong><span>\u00a0han hecho que Varsovia mire hacia Asia, donde adem\u00e1s puede comprar m\u00e1s barato y recibir los productos con mayor rapidez.<\/span><\/p>\n<p><span>En algunos c\u00edrculos militares, incluyendo la misma Polonia, existen dudas sobre\u00a0<\/span><strong><span>si, operacional y estrat\u00e9gicamente hablando, tiene sentido que el ej\u00e9rcito de tierra polaco crezca tanto<\/span><\/strong><span>, tambi\u00e9n teniendo en cuenta que Rusia saldr\u00e1 del actual conflicto terrible y durablemente debilitada.<\/span><\/p>\n<p><span><span class=\"goog-text-highlight\">En cualquier caso, una Polonia militarmente reforzada podr\u00eda jugar un papel pol\u00edtico cada vez m\u00e1s importante en el seno de la UE, y especialmente en lo que se refiere a las relaciones con el Este, convirti\u00e9ndose en una potencia militar.<\/span><\/span><\/p>\n<span class='bctt-click-to-tweet'><span class='bctt-ctt-text'><a href='https:\/\/twitter.com\/intent\/tweet?url=https%3A%2F%2Fconversesacatalunya.cat%2Fes%2Fpolonia-alemania-potencia-militar-europa%2F&#038;text=Una%20Polonia%20militarmente%20reforzada%20podr%C3%ADa%20jugar%20un%20papel%20pol%C3%ADtico%20cada%20vez%20m%C3%A1s%20importante%20en%20el%20seno%20de%20la%20UE%2C%20y%20especialmente%20en%20lo%20que%20se%20refiere%20a%20las%20relaciones%20con%20el%20Este&#038;via=conversesacat&#038;related=conversesacat' target='_blank'rel=\"noopener noreferrer\">Una Polonia militarmente reforzada podr\u00eda jugar un papel pol\u00edtico cada vez m\u00e1s importante en el seno de la UE, y especialmente en lo que se refiere a las relaciones con el Este <\/a><\/span><a href='https:\/\/twitter.com\/intent\/tweet?url=https%3A%2F%2Fconversesacatalunya.cat%2Fes%2Fpolonia-alemania-potencia-militar-europa%2F&#038;text=Una%20Polonia%20militarmente%20reforzada%20podr%C3%ADa%20jugar%20un%20papel%20pol%C3%ADtico%20cada%20vez%20m%C3%A1s%20importante%20en%20el%20seno%20de%20la%20UE%2C%20y%20especialmente%20en%20lo%20que%20se%20refiere%20a%20las%20relaciones%20con%20el%20Este&#038;via=conversesacat&#038;related=conversesacat' target='_blank' class='bctt-ctt-btn'rel=\"noopener noreferrer\">Compartir en X<\/a><\/span>\n<div id=\"polls-174\" class=\"wp-polls\">\n\t<form id=\"polls_form_174\" class=\"wp-polls-form\" action=\"\/index.php\" method=\"post\">\n\t\t<p style=\"display: none;\"><input type=\"hidden\" id=\"poll_174_nonce\" name=\"wp-polls-nonce\" value=\"07828a1cea\" \/><\/p>\n\t\t<p style=\"display: none;\"><input type=\"hidden\" name=\"poll_id\" value=\"174\" \/><\/p>\n\t\t<p style=\"text-align: center\"><strong>Creus que es pot prohibir que circulin cotxes a un de cada tres carrers de l'Eixample com pret\u00e9n Colau amb la Superilla Barcelona?<\/strong><\/p><div id=\"polls-174-ans\" class=\"wp-polls-ans\"><ul class=\"wp-polls-ul\">\n\t\t<li><input type=\"radio\" id=\"poll-answer-464\" name=\"poll_174\" value=\"464\" \/> <label for=\"poll-answer-464\">S\u00ed<\/label><\/li>\n\t\t<li><input type=\"radio\" id=\"poll-answer-465\" name=\"poll_174\" value=\"465\" \/> <label for=\"poll-answer-465\">No<\/label><\/li>\n\t\t<li><input type=\"radio\" id=\"poll-answer-466\" name=\"poll_174\" value=\"466\" \/> <label for=\"poll-answer-466\">No ho s\u00e9<\/label><\/li>\n\t\t<\/ul><p style=\"text-align: center\"><input type=\"button\" name=\"vote\" value=\"   Vota   \" class=\"Buttons\" onclick=\"poll_vote(174);\" \/><\/p><p style=\"text-align: center\"><a href=\"#ViewPollResults\" onclick=\"poll_result(174); return false;\" title=\"View Results Of This Poll\">Mira els resultats<\/a><\/p><\/div>\n\t<\/form>\n<\/div>\n<div id=\"polls-174-loading\" class=\"wp-polls-loading\"><img decoding=\"async\" data-src=\"https:\/\/conversesacatalunya.cat\/wp-content\/plugins\/wp-polls\/images\/loading.gif\" width=\"16\" height=\"16\" alt=\"Cargando ...\" title=\"Cargando ...\" class=\"wp-polls-image lazyload\" src=\"data:image\/svg+xml;base64,PHN2ZyB3aWR0aD0iMSIgaGVpZ2h0PSIxIiB4bWxucz0iaHR0cDovL3d3dy53My5vcmcvMjAwMC9zdmciPjwvc3ZnPg==\" style=\"--smush-placeholder-width: 16px; --smush-placeholder-aspect-ratio: 16\/16;\" \/>&nbsp;Cargando ...<\/div>\n\n","protected":false},"excerpt":{"rendered":"<p>La guerra de Ucrania ha tenido el efecto de acelerar muchos cambios que ya se hab\u00edan iniciado, e introducir algunos (pocos) nuevos.\u00a0Uno de los m\u00e1s destacados entre esta segunda categor\u00eda es el\u00a0rearme de Alemania, que\u00a0Converses\u00a0ya ha\u00a0desgranado\u00a0y que supondr\u00eda que la locomotora econ\u00f3mica de la Uni\u00f3n Europea (UE) se convirtiera tambi\u00e9n en su principal potencia militar, al menos en t\u00e9rminos de gasto. Si bien esta mutaci\u00f3n de la militarmente esc\u00e9ptica Rep\u00fablica Federal est\u00e1 a\u00fan por ver, lo cierto es que su vecino oriental, Polonia, va camino de hacerle sombra. En el caso de Polonia, la invasi\u00f3n de Ucrania por parte de Vladimir Putin ha tenido un\u00a0efecto catalizador\u00a0sobre su gasto en defensa en un pa\u00eds que desde finales de la Guerra Fr\u00eda vive obsesionado por la amenaza de Rusia. El objetivo de Varsovia es claro y simple: \u00abel ej\u00e9rcito polaco debe ser tan poderoso que no le haga falta luchar\u00bb, tal y como afirm\u00f3 el Primer Ministro Mateusz Morawiecki en el velatorio del d\u00eda de la independencia del pa\u00eds. Seg\u00fan un oficial de alto rango del ej\u00e9rcito estadounidense, Polonia se ha convertido en el \u201csocio m\u00e1s importante de Europa continental\u201d para Estados Unidos No es un vuelo de palomas del gobierno nacionalista polaco.\u00a0Seg\u00fan\u00a0un oficial de alto rango del ej\u00e9rcito estadounidense,\u00a0Polonia se ha convertido en el \u201csocio m\u00e1s importante de Europa continental\u201d para Estados Unidos. Se trata de una plaza tradicionalmente asignada al vecino alem\u00e1n (Francia, la otra gran potencia militar, ha sido siempre demasiado\u00a0 independiente).\u00a0Pero la falta de cultura estrat\u00e9gica desde 1945 y los debates pol\u00edticos interminables sobre qu\u00e9 papel deben desempe\u00f1ar las fuerzas armadas federales han acabado por cansar a los estadounidenses. Polonia, sin embargo, tiene la visi\u00f3n muy clara. El pa\u00eds eslavo ya ha aprobado un incremento del gasto militar extraordinario,\u00a0pasando de un ya muy elevado 2,4% (la OTAN pide el 2%) de su PIB a un 5%.\u00a0Se trata de un porcentaje inaudito en Europa, superando incluso al de Rusia (4,3% en 2020) y al de Estados Unidos (3,7% en el mismo a\u00f1o). Polonia ya dispone de m\u00e1s carros de combate y artiller\u00eda que Alemania El ministro de defensa polaco prometi\u00f3 el pasado julio que su pa\u00eds tendr\u00eda \u00abel ej\u00e9rcito de tierra m\u00e1s poderoso de Europa\u00bb.\u00a0En t\u00e9rminos cuantitativos, Polonia cuenta ya con m\u00e1s carros de combate y artiller\u00eda que Alemania, y quiere\u00a0doblar su personal, pasando de 150.000 a 300.000 soldados a m\u00e1s tardar en 2035. Esta ambici\u00f3n se apoya en una\u00a0cultura nacional\u00a0que percibe muy positivamente todo lo relacionado con la defensa de la patria y el papel de las fuerzas armadas.\u00a0Una vez m\u00e1s, es una gran ventaja respecto a Alemania, donde el peso de la historia y los altos sueldos del sector privado han generado una gran crisis de vocaciones en las fuerzas armadas. En cuanto a las\u00a0compras de armamento, el papel de Polonia genera debate en el seno de la UE porque el pa\u00eds tiene una clara preferencia por comprar en el exterior. No s\u00f3lo de Estados Unidos, sino recientemente de\u00a0Corea del Sur.\u00a0De hecho, Polonia habr\u00eda gastado m\u00e1s en importaciones de ese pa\u00eds asi\u00e1tico que en los dos principales contratos recientes con Washington juntos (250 tanques Abrams por 4.900 millones de d\u00f3lares y 32 aviones de combate F-35 por 4.600 millones m\u00e1s). Con Se\u00fal, los contratos incluyen 180 tanques K2 Black Panther, 200 obuses autopropulsados \u200b\u200bK9 Thunder, 48 aviones de ataque ligero FA-50 y m\u00e1s de 200 lanzadores de cohetes K239 Chunmoo.\u00a0Pero es que adem\u00e1s se prev\u00e9 que lleguen m\u00e1s de 1.000 tanques K2 y 600 piezas de K9 antes de 2030. En algunos c\u00edrculos militares, incluyendo la propia Polonia, existen dudas sobre si, operacional y estrat\u00e9gicamente hablando, tiene sentido que el ej\u00e9rcito de tierra polaco crezca tanto Es evidente que las malas relaciones con el actual presidente de Estados Unidos Joe Biden, quien trat\u00f3 al gobierno nacionalista polaco de \u201ctotalitarista\u201d durante la campa\u00f1a electoral, as\u00ed como los\u00a0continuos\u00a0tira y aflojas con Bruselas\u00a0han hecho que Varsovia mire hacia Asia, donde adem\u00e1s puede comprar m\u00e1s barato y recibir los productos con mayor rapidez. En algunos c\u00edrculos militares, incluyendo la misma Polonia, existen dudas sobre\u00a0si, operacional y estrat\u00e9gicamente hablando, tiene sentido que el ej\u00e9rcito de tierra polaco crezca tanto, tambi\u00e9n teniendo en cuenta que Rusia saldr\u00e1 del actual conflicto terrible y durablemente debilitada. En cualquier caso, una Polonia militarmente reforzada podr\u00eda jugar un papel pol\u00edtico cada vez m\u00e1s importante en el seno de la UE, y especialmente en lo que se refiere a las relaciones con el Este, convirti\u00e9ndose en una potencia militar.<\/p>\n","protected":false},"author":75,"featured_media":62467,"comment_status":"open","ping_status":"open","sticky":false,"template":"","format":"standard","meta":{"_FSMCFIC_featured_image_caption":"","_FSMCFIC_featured_image_nocaption":"","_FSMCFIC_featured_image_hide":"","footnotes":""},"categories":[806],"tags":[4397,1409],"class_list":["post-62528","post","type-post","status-publish","format-standard","has-post-thumbnail","hentry","category-punts-claus-del-dia-es","tag-gasto-militar","tag-polonia-es"],"yoast_head":"<!-- This site is optimized with the Yoast SEO plugin v26.8 - https:\/\/yoast.com\/product\/yoast-seo-wordpress\/ -->\n<title>\u00bfPodr\u00eda Polonia desafiar a Alemania y convertirse en la primera potencia militar de Europa Central?<\/title>\n<meta name=\"description\" content=\"Polonia militarmente reforzada podr\u00eda jugar un papel pol\u00edtico cada vez m\u00e1s importante en la UE, convirti\u00e9ndose en una potencia militar\" \/>\n<meta name=\"robots\" content=\"index, follow, max-snippet:-1, max-image-preview:large, max-video-preview:-1\" \/>\n<link rel=\"canonical\" href=\"https:\/\/conversesacatalunya.cat\/es\/polonia-alemania-potencia-militar-europa\/\" \/>\n<meta property=\"og:locale\" content=\"es_ES\" \/>\n<meta property=\"og:type\" content=\"article\" \/>\n<meta property=\"og:title\" content=\"\u00bfPodr\u00eda Polonia desafiar a Alemania y convertirse en la primera potencia militar de Europa Central?\" \/>\n<meta property=\"og:description\" content=\"Polonia militarmente reforzada podr\u00eda jugar un papel pol\u00edtico cada vez m\u00e1s importante en la UE, convirti\u00e9ndose en una potencia militar\" \/>\n<meta property=\"og:url\" content=\"https:\/\/conversesacatalunya.cat\/es\/polonia-alemania-potencia-militar-europa\/\" \/>\n<meta property=\"og:site_name\" content=\"Converses a Catalunya\" \/>\n<meta property=\"article:published_time\" content=\"2022-11-23T11:08:18+00:00\" \/>\n<meta property=\"article:modified_time\" content=\"2022-11-23T12:18:39+00:00\" \/>\n<meta property=\"og:image\" content=\"https:\/\/conversesacatalunya.cat\/wp-content\/uploads\/2022\/11\/51672880300_0f28a49bac_o.jpg\" \/>\n\t<meta property=\"og:image:width\" content=\"2000\" \/>\n\t<meta property=\"og:image:height\" content=\"1331\" \/>\n\t<meta property=\"og:image:type\" content=\"image\/jpeg\" \/>\n<meta name=\"author\" content=\"Carles L\u00f3pez\" \/>\n<meta name=\"twitter:card\" content=\"summary_large_image\" \/>\n<meta name=\"twitter:label1\" content=\"Escrito por\" \/>\n\t<meta name=\"twitter:data1\" content=\"Carles L\u00f3pez\" \/>\n\t<meta name=\"twitter:label2\" content=\"Tiempo de lectura\" \/>\n\t<meta name=\"twitter:data2\" content=\"4 minutos\" \/>\n<script type=\"application\/ld+json\" class=\"yoast-schema-graph\">{\"@context\":\"https:\/\/schema.org\",\"@graph\":[{\"@type\":\"Article\",\"@id\":\"https:\/\/conversesacatalunya.cat\/es\/polonia-alemania-potencia-militar-europa\/#article\",\"isPartOf\":{\"@id\":\"https:\/\/conversesacatalunya.cat\/es\/polonia-alemania-potencia-militar-europa\/\"},\"author\":{\"name\":\"Carles L\u00f3pez\",\"@id\":\"https:\/\/conversesacatalunya.cat\/#\/schema\/person\/3ce2ab16c0a3803086d80722c7cad56a\"},\"headline\":\"\u00bfPodr\u00eda Polonia desafiar a Alemania y convertirse en la primera potencia militar de Europa Central?\",\"datePublished\":\"2022-11-23T11:08:18+00:00\",\"dateModified\":\"2022-11-23T12:18:39+00:00\",\"mainEntityOfPage\":{\"@id\":\"https:\/\/conversesacatalunya.cat\/es\/polonia-alemania-potencia-militar-europa\/\"},\"wordCount\":873,\"commentCount\":0,\"image\":{\"@id\":\"https:\/\/conversesacatalunya.cat\/es\/polonia-alemania-potencia-militar-europa\/#primaryimage\"},\"thumbnailUrl\":\"https:\/\/conversesacatalunya.cat\/wp-content\/uploads\/2022\/11\/51672880300_0f28a49bac_o.jpg\",\"keywords\":[\"gasto militar\",\"Pol\u00f2nia\"],\"articleSection\":[\"Punts clau del dia (ES)\"],\"inLanguage\":\"es\",\"potentialAction\":[{\"@type\":\"CommentAction\",\"name\":\"Comment\",\"target\":[\"https:\/\/conversesacatalunya.cat\/es\/polonia-alemania-potencia-militar-europa\/#respond\"]}]},{\"@type\":\"WebPage\",\"@id\":\"https:\/\/conversesacatalunya.cat\/es\/polonia-alemania-potencia-militar-europa\/\",\"url\":\"https:\/\/conversesacatalunya.cat\/es\/polonia-alemania-potencia-militar-europa\/\",\"name\":\"\u00bfPodr\u00eda Polonia desafiar a Alemania y convertirse en la primera potencia militar de Europa Central?\",\"isPartOf\":{\"@id\":\"https:\/\/conversesacatalunya.cat\/#website\"},\"primaryImageOfPage\":{\"@id\":\"https:\/\/conversesacatalunya.cat\/es\/polonia-alemania-potencia-militar-europa\/#primaryimage\"},\"image\":{\"@id\":\"https:\/\/conversesacatalunya.cat\/es\/polonia-alemania-potencia-militar-europa\/#primaryimage\"},\"thumbnailUrl\":\"https:\/\/conversesacatalunya.cat\/wp-content\/uploads\/2022\/11\/51672880300_0f28a49bac_o.jpg\",\"datePublished\":\"2022-11-23T11:08:18+00:00\",\"dateModified\":\"2022-11-23T12:18:39+00:00\",\"author\":{\"@id\":\"https:\/\/conversesacatalunya.cat\/#\/schema\/person\/3ce2ab16c0a3803086d80722c7cad56a\"},\"description\":\"Polonia militarmente reforzada podr\u00eda jugar un papel pol\u00edtico cada vez m\u00e1s importante en la UE, convirti\u00e9ndose en una potencia militar\",\"breadcrumb\":{\"@id\":\"https:\/\/conversesacatalunya.cat\/es\/polonia-alemania-potencia-militar-europa\/#breadcrumb\"},\"inLanguage\":\"es\",\"potentialAction\":[{\"@type\":\"ReadAction\",\"target\":[\"https:\/\/conversesacatalunya.cat\/es\/polonia-alemania-potencia-militar-europa\/\"]}]},{\"@type\":\"ImageObject\",\"inLanguage\":\"es\",\"@id\":\"https:\/\/conversesacatalunya.cat\/es\/polonia-alemania-potencia-militar-europa\/#primaryimage\",\"url\":\"https:\/\/conversesacatalunya.cat\/wp-content\/uploads\/2022\/11\/51672880300_0f28a49bac_o.jpg\",\"contentUrl\":\"https:\/\/conversesacatalunya.cat\/wp-content\/uploads\/2022\/11\/51672880300_0f28a49bac_o.jpg\",\"width\":2000,\"height\":1331,\"caption\":\"Pol\u00f2nia potencia militar\"},{\"@type\":\"BreadcrumbList\",\"@id\":\"https:\/\/conversesacatalunya.cat\/es\/polonia-alemania-potencia-militar-europa\/#breadcrumb\",\"itemListElement\":[{\"@type\":\"ListItem\",\"position\":1,\"name\":\"Inici\",\"item\":\"https:\/\/conversesacatalunya.cat\/es\/\"},{\"@type\":\"ListItem\",\"position\":2,\"name\":\"\u00bfPodr\u00eda Polonia desafiar a Alemania y convertirse en la primera potencia militar de Europa Central?\"}]},{\"@type\":\"WebSite\",\"@id\":\"https:\/\/conversesacatalunya.cat\/#website\",\"url\":\"https:\/\/conversesacatalunya.cat\/\",\"name\":\"Converses a Catalunya\",\"description\":\"\",\"potentialAction\":[{\"@type\":\"SearchAction\",\"target\":{\"@type\":\"EntryPoint\",\"urlTemplate\":\"https:\/\/conversesacatalunya.cat\/?s={search_term_string}\"},\"query-input\":{\"@type\":\"PropertyValueSpecification\",\"valueRequired\":true,\"valueName\":\"search_term_string\"}}],\"inLanguage\":\"es\"},{\"@type\":\"Person\",\"@id\":\"https:\/\/conversesacatalunya.cat\/#\/schema\/person\/3ce2ab16c0a3803086d80722c7cad56a\",\"name\":\"Carles L\u00f3pez\",\"image\":{\"@type\":\"ImageObject\",\"inLanguage\":\"es\",\"@id\":\"https:\/\/conversesacatalunya.cat\/#\/schema\/person\/image\/\",\"url\":\"https:\/\/conversesacatalunya.cat\/wp-content\/litespeed\/avatar\/4891585caf2896e97846ab77f06edcf2.jpg?ver=1777091173\",\"contentUrl\":\"https:\/\/conversesacatalunya.cat\/wp-content\/litespeed\/avatar\/4891585caf2896e97846ab77f06edcf2.jpg?ver=1777091173\",\"caption\":\"Carles L\u00f3pez\"},\"url\":\"https:\/\/conversesacatalunya.cat\/es\/author\/carles-lopez\/\"}]}<\/script>\n<!-- \/ Yoast SEO plugin. -->","yoast_head_json":{"title":"\u00bfPodr\u00eda Polonia desafiar a Alemania y convertirse en la primera potencia militar de Europa Central?","description":"Polonia militarmente reforzada podr\u00eda jugar un papel pol\u00edtico cada vez m\u00e1s importante en la UE, convirti\u00e9ndose en una potencia militar","robots":{"index":"index","follow":"follow","max-snippet":"max-snippet:-1","max-image-preview":"max-image-preview:large","max-video-preview":"max-video-preview:-1"},"canonical":"https:\/\/conversesacatalunya.cat\/es\/polonia-alemania-potencia-militar-europa\/","og_locale":"es_ES","og_type":"article","og_title":"\u00bfPodr\u00eda Polonia desafiar a Alemania y convertirse en la primera potencia militar de Europa Central?","og_description":"Polonia militarmente reforzada podr\u00eda jugar un papel pol\u00edtico cada vez m\u00e1s importante en la UE, convirti\u00e9ndose en una potencia militar","og_url":"https:\/\/conversesacatalunya.cat\/es\/polonia-alemania-potencia-militar-europa\/","og_site_name":"Converses a Catalunya","article_published_time":"2022-11-23T11:08:18+00:00","article_modified_time":"2022-11-23T12:18:39+00:00","og_image":[{"width":2000,"height":1331,"url":"https:\/\/conversesacatalunya.cat\/wp-content\/uploads\/2022\/11\/51672880300_0f28a49bac_o.jpg","type":"image\/jpeg"}],"author":"Carles L\u00f3pez","twitter_card":"summary_large_image","twitter_misc":{"Escrito por":"Carles L\u00f3pez","Tiempo de lectura":"4 minutos"},"schema":{"@context":"https:\/\/schema.org","@graph":[{"@type":"Article","@id":"https:\/\/conversesacatalunya.cat\/es\/polonia-alemania-potencia-militar-europa\/#article","isPartOf":{"@id":"https:\/\/conversesacatalunya.cat\/es\/polonia-alemania-potencia-militar-europa\/"},"author":{"name":"Carles L\u00f3pez","@id":"https:\/\/conversesacatalunya.cat\/#\/schema\/person\/3ce2ab16c0a3803086d80722c7cad56a"},"headline":"\u00bfPodr\u00eda Polonia desafiar a Alemania y convertirse en la primera potencia militar de Europa Central?","datePublished":"2022-11-23T11:08:18+00:00","dateModified":"2022-11-23T12:18:39+00:00","mainEntityOfPage":{"@id":"https:\/\/conversesacatalunya.cat\/es\/polonia-alemania-potencia-militar-europa\/"},"wordCount":873,"commentCount":0,"image":{"@id":"https:\/\/conversesacatalunya.cat\/es\/polonia-alemania-potencia-militar-europa\/#primaryimage"},"thumbnailUrl":"https:\/\/conversesacatalunya.cat\/wp-content\/uploads\/2022\/11\/51672880300_0f28a49bac_o.jpg","keywords":["gasto militar","Pol\u00f2nia"],"articleSection":["Punts clau del dia (ES)"],"inLanguage":"es","potentialAction":[{"@type":"CommentAction","name":"Comment","target":["https:\/\/conversesacatalunya.cat\/es\/polonia-alemania-potencia-militar-europa\/#respond"]}]},{"@type":"WebPage","@id":"https:\/\/conversesacatalunya.cat\/es\/polonia-alemania-potencia-militar-europa\/","url":"https:\/\/conversesacatalunya.cat\/es\/polonia-alemania-potencia-militar-europa\/","name":"\u00bfPodr\u00eda Polonia desafiar a Alemania y convertirse en la primera potencia militar de Europa Central?","isPartOf":{"@id":"https:\/\/conversesacatalunya.cat\/#website"},"primaryImageOfPage":{"@id":"https:\/\/conversesacatalunya.cat\/es\/polonia-alemania-potencia-militar-europa\/#primaryimage"},"image":{"@id":"https:\/\/conversesacatalunya.cat\/es\/polonia-alemania-potencia-militar-europa\/#primaryimage"},"thumbnailUrl":"https:\/\/conversesacatalunya.cat\/wp-content\/uploads\/2022\/11\/51672880300_0f28a49bac_o.jpg","datePublished":"2022-11-23T11:08:18+00:00","dateModified":"2022-11-23T12:18:39+00:00","author":{"@id":"https:\/\/conversesacatalunya.cat\/#\/schema\/person\/3ce2ab16c0a3803086d80722c7cad56a"},"description":"Polonia militarmente reforzada podr\u00eda jugar un papel pol\u00edtico cada vez m\u00e1s importante en la UE, convirti\u00e9ndose en una potencia militar","breadcrumb":{"@id":"https:\/\/conversesacatalunya.cat\/es\/polonia-alemania-potencia-militar-europa\/#breadcrumb"},"inLanguage":"es","potentialAction":[{"@type":"ReadAction","target":["https:\/\/conversesacatalunya.cat\/es\/polonia-alemania-potencia-militar-europa\/"]}]},{"@type":"ImageObject","inLanguage":"es","@id":"https:\/\/conversesacatalunya.cat\/es\/polonia-alemania-potencia-militar-europa\/#primaryimage","url":"https:\/\/conversesacatalunya.cat\/wp-content\/uploads\/2022\/11\/51672880300_0f28a49bac_o.jpg","contentUrl":"https:\/\/conversesacatalunya.cat\/wp-content\/uploads\/2022\/11\/51672880300_0f28a49bac_o.jpg","width":2000,"height":1331,"caption":"Pol\u00f2nia potencia militar"},{"@type":"BreadcrumbList","@id":"https:\/\/conversesacatalunya.cat\/es\/polonia-alemania-potencia-militar-europa\/#breadcrumb","itemListElement":[{"@type":"ListItem","position":1,"name":"Inici","item":"https:\/\/conversesacatalunya.cat\/es\/"},{"@type":"ListItem","position":2,"name":"\u00bfPodr\u00eda Polonia desafiar a Alemania y convertirse en la primera potencia militar de Europa Central?"}]},{"@type":"WebSite","@id":"https:\/\/conversesacatalunya.cat\/#website","url":"https:\/\/conversesacatalunya.cat\/","name":"Converses a Catalunya","description":"","potentialAction":[{"@type":"SearchAction","target":{"@type":"EntryPoint","urlTemplate":"https:\/\/conversesacatalunya.cat\/?s={search_term_string}"},"query-input":{"@type":"PropertyValueSpecification","valueRequired":true,"valueName":"search_term_string"}}],"inLanguage":"es"},{"@type":"Person","@id":"https:\/\/conversesacatalunya.cat\/#\/schema\/person\/3ce2ab16c0a3803086d80722c7cad56a","name":"Carles L\u00f3pez","image":{"@type":"ImageObject","inLanguage":"es","@id":"https:\/\/conversesacatalunya.cat\/#\/schema\/person\/image\/","url":"https:\/\/conversesacatalunya.cat\/wp-content\/litespeed\/avatar\/4891585caf2896e97846ab77f06edcf2.jpg?ver=1777091173","contentUrl":"https:\/\/conversesacatalunya.cat\/wp-content\/litespeed\/avatar\/4891585caf2896e97846ab77f06edcf2.jpg?ver=1777091173","caption":"Carles L\u00f3pez"},"url":"https:\/\/conversesacatalunya.cat\/es\/author\/carles-lopez\/"}]}},"wps_subtitle":"Seg\u00fan un oficial de alto rango del ej\u00e9rcito estadounidense, Polonia se ha convertido en el \u201csocio m\u00e1s importante de Europa continental\u201d para Estados Unidos","_links":{"self":[{"href":"https:\/\/conversesacatalunya.cat\/es\/wp-json\/wp\/v2\/posts\/62528","targetHints":{"allow":["GET"]}}],"collection":[{"href":"https:\/\/conversesacatalunya.cat\/es\/wp-json\/wp\/v2\/posts"}],"about":[{"href":"https:\/\/conversesacatalunya.cat\/es\/wp-json\/wp\/v2\/types\/post"}],"author":[{"embeddable":true,"href":"https:\/\/conversesacatalunya.cat\/es\/wp-json\/wp\/v2\/users\/75"}],"replies":[{"embeddable":true,"href":"https:\/\/conversesacatalunya.cat\/es\/wp-json\/wp\/v2\/comments?post=62528"}],"version-history":[{"count":2,"href":"https:\/\/conversesacatalunya.cat\/es\/wp-json\/wp\/v2\/posts\/62528\/revisions"}],"predecessor-version":[{"id":62530,"href":"https:\/\/conversesacatalunya.cat\/es\/wp-json\/wp\/v2\/posts\/62528\/revisions\/62530"}],"wp:featuredmedia":[{"embeddable":true,"href":"https:\/\/conversesacatalunya.cat\/es\/wp-json\/wp\/v2\/media\/62467"}],"wp:attachment":[{"href":"https:\/\/conversesacatalunya.cat\/es\/wp-json\/wp\/v2\/media?parent=62528"}],"wp:term":[{"taxonomy":"category","embeddable":true,"href":"https:\/\/conversesacatalunya.cat\/es\/wp-json\/wp\/v2\/categories?post=62528"},{"taxonomy":"post_tag","embeddable":true,"href":"https:\/\/conversesacatalunya.cat\/es\/wp-json\/wp\/v2\/tags?post=62528"}],"curies":[{"name":"wp","href":"https:\/\/api.w.org\/{rel}","templated":true}]}}