{"id":62505,"date":"2022-11-23T10:13:31","date_gmt":"2022-11-23T09:13:31","guid":{"rendered":"https:\/\/conversesacatalunya.cat\/?p=62505"},"modified":"2022-11-23T10:13:31","modified_gmt":"2022-11-23T09:13:31","slug":"entre-etica-y-estetica","status":"publish","type":"post","link":"https:\/\/conversesacatalunya.cat\/es\/entre-etica-y-estetica\/","title":{"rendered":"Entre \u00e9tica y est\u00e9tica"},"content":{"rendered":"<p>Ser\u00eda bonito, que \u00e9tica y est\u00e9tica, fueran siempre de la mano. Pero no suele ser as\u00ed. Esto no significa que haya artistas que tengan una gran \u00e9tica humana. Pero la historia, nos recuerda que <strong>la sensibilidad est\u00e9tica, no necesariamente hace mejor a las personas.<\/strong><\/p>\n<p>Los mismos jerarcas \u00abnazis\u00bb que se extasiaban con la m\u00fasica de Wagner, eran insensibles a los gemidos de los campos de concentraci\u00f3n. Schiller en sus famosas \u00abCartas sobre la educaci\u00f3n est\u00e9tica\u00bb observa que las etapas hist\u00f3ricas de sublimidad art\u00edstica sol\u00edan ser etapas de decadencia \u00e9tica y moral. Por tanto, <strong>aquel optimismo plat\u00f3nico que consideraba inseparable bondad, belleza y verdad, la historia no lo ha confirmado.<\/strong><\/p>\n<h5><strong>\u00bfCu\u00e1l es la raz\u00f3n por la que \u00e9tica y est\u00e9tica no siempre van juntas?<\/strong><\/h5>\n<p>Estudios realizados por psic\u00f3logos sobre el comportamiento humano, reconocen que cuando se cuidan mucho las formas, a menudo se descuida el fondo, y al rev\u00e9s, cuando cuidamos mucho el fondo, descuidamos las formas.<\/p>\n<p>Como todo en la vida, tanto la \u00e9tica como la est\u00e9tica deben educarse y trabajar, porque esto no nace por generaci\u00f3n espont\u00e1nea. No diremos que no haya personas con aptitudes art\u00edsticas innatas, pero la mayor\u00eda de la gente no las tenemos.<\/p>\n<p><strong>La est\u00e9tica y la belleza, son generosas.<\/strong> Para aquellos que no tenemos la traza de ser unos artistas, podemos disfrutar de la contemplaci\u00f3n de la belleza, ver una obra de arte, escuchar m\u00fasica, maravillarnos ante un paisaje, o de las formas incre\u00edbles de nuestra monta\u00f1a de Montserrat, o contemplar una puesta de sol.<\/p>\n<p><strong>Parece que estamos perdiendo la capacidad contemplativa<\/strong>, y la estamos perdiendo por la implacable presi\u00f3n de una sociedad consumista que nos distrae con el af\u00e1n de tener cosas. La sociedad de consumo, de la inmediatez, y de las prisas, no nos deja espacio a la contemplaci\u00f3n, y poco a poco se va comiendo nuestra capacidad \u00e9tica de ser m\u00e1s humanos, m\u00e1s personas y m\u00e1s solidarios.<\/p>\n<p>Estas dos dimensiones, la dimensi\u00f3n humana y \u00e9tica, y la dimensi\u00f3n contemplativa y est\u00e9tica, nos abren la puerta a una nueva forma de entender la vida, m\u00e1s libre y creativa. Quiz\u00e1s no tendremos tantas cosas, pero valoraremos m\u00e1s las que tenemos, y aprenderemos algo fundamental: que el encuentro con el otro y el encuentro con la naturaleza, es el gran momento que no debemos desaprovechar.<\/p>\n<div id=\"polls-174\" class=\"wp-polls\">\n\t<form id=\"polls_form_174\" class=\"wp-polls-form\" action=\"\/index.php\" method=\"post\">\n\t\t<p style=\"display: none;\"><input type=\"hidden\" id=\"poll_174_nonce\" name=\"wp-polls-nonce\" value=\"941aa08e18\" \/><\/p>\n\t\t<p style=\"display: none;\"><input type=\"hidden\" name=\"poll_id\" value=\"174\" \/><\/p>\n\t\t<p style=\"text-align: center\"><strong>Creus que es pot prohibir que circulin cotxes a un de cada tres carrers de l'Eixample com pret\u00e9n Colau amb la Superilla Barcelona?<\/strong><\/p><div id=\"polls-174-ans\" class=\"wp-polls-ans\"><ul class=\"wp-polls-ul\">\n\t\t<li><input type=\"radio\" id=\"poll-answer-464\" name=\"poll_174\" value=\"464\" \/> <label for=\"poll-answer-464\">S\u00ed<\/label><\/li>\n\t\t<li><input type=\"radio\" id=\"poll-answer-465\" name=\"poll_174\" value=\"465\" \/> <label for=\"poll-answer-465\">No<\/label><\/li>\n\t\t<li><input type=\"radio\" id=\"poll-answer-466\" name=\"poll_174\" value=\"466\" \/> <label for=\"poll-answer-466\">No ho s\u00e9<\/label><\/li>\n\t\t<\/ul><p style=\"text-align: center\"><input type=\"button\" name=\"vote\" value=\"   Vota   \" class=\"Buttons\" onclick=\"poll_vote(174);\" \/><\/p><p style=\"text-align: center\"><a href=\"#ViewPollResults\" onclick=\"poll_result(174); return false;\" title=\"View Results Of This Poll\">Mira els resultats<\/a><\/p><\/div>\n\t<\/form>\n<\/div>\n<div id=\"polls-174-loading\" class=\"wp-polls-loading\"><img decoding=\"async\" data-src=\"https:\/\/conversesacatalunya.cat\/wp-content\/plugins\/wp-polls\/images\/loading.gif\" width=\"16\" height=\"16\" alt=\"Cargando ...\" title=\"Cargando ...\" class=\"wp-polls-image lazyload\" src=\"data:image\/svg+xml;base64,PHN2ZyB3aWR0aD0iMSIgaGVpZ2h0PSIxIiB4bWxucz0iaHR0cDovL3d3dy53My5vcmcvMjAwMC9zdmciPjwvc3ZnPg==\" style=\"--smush-placeholder-width: 16px; --smush-placeholder-aspect-ratio: 16\/16;\" \/>&nbsp;Cargando ...<\/div>\n\n<p>&nbsp;<\/p>\n","protected":false},"excerpt":{"rendered":"<p>Ser\u00eda bonito, que \u00e9tica y est\u00e9tica, fueran siempre de la mano. Pero no suele ser as\u00ed. Esto no significa que haya artistas que tengan una gran \u00e9tica humana. Pero la historia, nos recuerda que la sensibilidad est\u00e9tica, no necesariamente hace mejor a las personas. Los mismos jerarcas \u00abnazis\u00bb que se extasiaban con la m\u00fasica de Wagner, eran insensibles a los gemidos de los campos de concentraci\u00f3n. Schiller en sus famosas \u00abCartas sobre la educaci\u00f3n est\u00e9tica\u00bb observa que las etapas hist\u00f3ricas de sublimidad art\u00edstica sol\u00edan ser etapas de decadencia \u00e9tica y moral. Por tanto, aquel optimismo plat\u00f3nico que consideraba inseparable bondad, belleza y verdad, la historia no lo ha confirmado. \u00bfCu\u00e1l es la raz\u00f3n por la que \u00e9tica y est\u00e9tica no siempre van juntas? Estudios realizados por psic\u00f3logos sobre el comportamiento humano, reconocen que cuando se cuidan mucho las formas, a menudo se descuida el fondo, y al rev\u00e9s, cuando cuidamos mucho el fondo, descuidamos las formas. Como todo en la vida, tanto la \u00e9tica como la est\u00e9tica deben educarse y trabajar, porque esto no nace por generaci\u00f3n espont\u00e1nea. No diremos que no haya personas con aptitudes art\u00edsticas innatas, pero la mayor\u00eda de la gente no las tenemos. La est\u00e9tica y la belleza, son generosas. Para aquellos que no tenemos la traza de ser unos artistas, podemos disfrutar de la contemplaci\u00f3n de la belleza, ver una obra de arte, escuchar m\u00fasica, maravillarnos ante un paisaje, o de las formas incre\u00edbles de nuestra monta\u00f1a de Montserrat, o contemplar una puesta de sol. Parece que estamos perdiendo la capacidad contemplativa, y la estamos perdiendo por la implacable presi\u00f3n de una sociedad consumista que nos distrae con el af\u00e1n de tener cosas. La sociedad de consumo, de la inmediatez, y de las prisas, no nos deja espacio a la contemplaci\u00f3n, y poco a poco se va comiendo nuestra capacidad \u00e9tica de ser m\u00e1s humanos, m\u00e1s personas y m\u00e1s solidarios. Estas dos dimensiones, la dimensi\u00f3n humana y \u00e9tica, y la dimensi\u00f3n contemplativa y est\u00e9tica, nos abren la puerta a una nueva forma de entender la vida, m\u00e1s libre y creativa. Quiz\u00e1s no tendremos tantas cosas, pero valoraremos m\u00e1s las que tenemos, y aprenderemos algo fundamental: que el encuentro con el otro y el encuentro con la naturaleza, es el gran momento que no debemos desaprovechar. &nbsp;<\/p>\n","protected":false},"author":16,"featured_media":62501,"comment_status":"open","ping_status":"open","sticky":false,"template":"","format":"standard","meta":{"_FSMCFIC_featured_image_caption":"","_FSMCFIC_featured_image_nocaption":"","_FSMCFIC_featured_image_hide":"","footnotes":""},"categories":[804],"tags":[],"class_list":["post-62505","post","type-post","status-publish","format-standard","has-post-thumbnail","hentry","category-opinem-es"],"yoast_head":"<!-- This site is optimized with the Yoast SEO plugin v26.8 - https:\/\/yoast.com\/product\/yoast-seo-wordpress\/ -->\n<title>Entre \u00e9tica y est\u00e9tica - Converses a Catalunya<\/title>\n<meta name=\"description\" content=\"Ser\u00eda bonito, que \u00e9tica y est\u00e9tica, fueran siempre de la mano. \u00bfCu\u00e1l es la raz\u00f3n por la que \u00e9tica y est\u00e9tica no siempre van juntas?\" \/>\n<meta name=\"robots\" content=\"index, follow, max-snippet:-1, max-image-preview:large, max-video-preview:-1\" \/>\n<link rel=\"canonical\" href=\"https:\/\/conversesacatalunya.cat\/es\/entre-etica-y-estetica\/\" \/>\n<meta property=\"og:locale\" content=\"es_ES\" \/>\n<meta property=\"og:type\" content=\"article\" \/>\n<meta property=\"og:title\" content=\"Entre \u00e9tica y est\u00e9tica - Converses a Catalunya\" \/>\n<meta property=\"og:description\" content=\"Ser\u00eda bonito, que \u00e9tica y est\u00e9tica, fueran siempre de la mano. \u00bfCu\u00e1l es la raz\u00f3n por la que \u00e9tica y est\u00e9tica no siempre van juntas?\" \/>\n<meta property=\"og:url\" content=\"https:\/\/conversesacatalunya.cat\/es\/entre-etica-y-estetica\/\" \/>\n<meta property=\"og:site_name\" content=\"Converses a Catalunya\" \/>\n<meta property=\"article:published_time\" content=\"2022-11-23T09:13:31+00:00\" \/>\n<meta property=\"og:image\" content=\"https:\/\/conversesacatalunya.cat\/wp-content\/uploads\/2022\/11\/etica-i-estetica.jpg\" \/>\n\t<meta property=\"og:image:width\" content=\"640\" \/>\n\t<meta property=\"og:image:height\" content=\"391\" \/>\n\t<meta property=\"og:image:type\" content=\"image\/jpeg\" \/>\n<meta name=\"author\" content=\"Antoni Pedragosa\" \/>\n<meta name=\"twitter:card\" content=\"summary_large_image\" \/>\n<meta name=\"twitter:label1\" content=\"Escrito por\" \/>\n\t<meta name=\"twitter:data1\" content=\"Antoni Pedragosa\" \/>\n\t<meta name=\"twitter:label2\" content=\"Tiempo de lectura\" \/>\n\t<meta name=\"twitter:data2\" content=\"2 minutos\" \/>\n<script type=\"application\/ld+json\" class=\"yoast-schema-graph\">{\"@context\":\"https:\/\/schema.org\",\"@graph\":[{\"@type\":\"Article\",\"@id\":\"https:\/\/conversesacatalunya.cat\/es\/entre-etica-y-estetica\/#article\",\"isPartOf\":{\"@id\":\"https:\/\/conversesacatalunya.cat\/es\/entre-etica-y-estetica\/\"},\"author\":{\"name\":\"Antoni Pedragosa\",\"@id\":\"https:\/\/conversesacatalunya.cat\/#\/schema\/person\/c7d367ce5cf939081390b9cff82b9efa\"},\"headline\":\"Entre \u00e9tica y est\u00e9tica\",\"datePublished\":\"2022-11-23T09:13:31+00:00\",\"mainEntityOfPage\":{\"@id\":\"https:\/\/conversesacatalunya.cat\/es\/entre-etica-y-estetica\/\"},\"wordCount\":426,\"commentCount\":0,\"image\":{\"@id\":\"https:\/\/conversesacatalunya.cat\/es\/entre-etica-y-estetica\/#primaryimage\"},\"thumbnailUrl\":\"https:\/\/conversesacatalunya.cat\/wp-content\/uploads\/2022\/11\/etica-i-estetica.jpg\",\"articleSection\":[\"Opinem (ES)\"],\"inLanguage\":\"es\",\"potentialAction\":[{\"@type\":\"CommentAction\",\"name\":\"Comment\",\"target\":[\"https:\/\/conversesacatalunya.cat\/es\/entre-etica-y-estetica\/#respond\"]}]},{\"@type\":\"WebPage\",\"@id\":\"https:\/\/conversesacatalunya.cat\/es\/entre-etica-y-estetica\/\",\"url\":\"https:\/\/conversesacatalunya.cat\/es\/entre-etica-y-estetica\/\",\"name\":\"Entre \u00e9tica y est\u00e9tica - Converses a Catalunya\",\"isPartOf\":{\"@id\":\"https:\/\/conversesacatalunya.cat\/#website\"},\"primaryImageOfPage\":{\"@id\":\"https:\/\/conversesacatalunya.cat\/es\/entre-etica-y-estetica\/#primaryimage\"},\"image\":{\"@id\":\"https:\/\/conversesacatalunya.cat\/es\/entre-etica-y-estetica\/#primaryimage\"},\"thumbnailUrl\":\"https:\/\/conversesacatalunya.cat\/wp-content\/uploads\/2022\/11\/etica-i-estetica.jpg\",\"datePublished\":\"2022-11-23T09:13:31+00:00\",\"author\":{\"@id\":\"https:\/\/conversesacatalunya.cat\/#\/schema\/person\/c7d367ce5cf939081390b9cff82b9efa\"},\"description\":\"Ser\u00eda bonito, que \u00e9tica y est\u00e9tica, fueran siempre de la mano. \u00bfCu\u00e1l es la raz\u00f3n por la que \u00e9tica y est\u00e9tica no siempre van juntas?\",\"breadcrumb\":{\"@id\":\"https:\/\/conversesacatalunya.cat\/es\/entre-etica-y-estetica\/#breadcrumb\"},\"inLanguage\":\"es\",\"potentialAction\":[{\"@type\":\"ReadAction\",\"target\":[\"https:\/\/conversesacatalunya.cat\/es\/entre-etica-y-estetica\/\"]}]},{\"@type\":\"ImageObject\",\"inLanguage\":\"es\",\"@id\":\"https:\/\/conversesacatalunya.cat\/es\/entre-etica-y-estetica\/#primaryimage\",\"url\":\"https:\/\/conversesacatalunya.cat\/wp-content\/uploads\/2022\/11\/etica-i-estetica.jpg\",\"contentUrl\":\"https:\/\/conversesacatalunya.cat\/wp-content\/uploads\/2022\/11\/etica-i-estetica.jpg\",\"width\":640,\"height\":391,\"caption\":\"\u00e9tica y est\u00e9tica\"},{\"@type\":\"BreadcrumbList\",\"@id\":\"https:\/\/conversesacatalunya.cat\/es\/entre-etica-y-estetica\/#breadcrumb\",\"itemListElement\":[{\"@type\":\"ListItem\",\"position\":1,\"name\":\"Inici\",\"item\":\"https:\/\/conversesacatalunya.cat\/es\/\"},{\"@type\":\"ListItem\",\"position\":2,\"name\":\"Entre \u00e9tica y est\u00e9tica\"}]},{\"@type\":\"WebSite\",\"@id\":\"https:\/\/conversesacatalunya.cat\/#website\",\"url\":\"https:\/\/conversesacatalunya.cat\/\",\"name\":\"Converses a Catalunya\",\"description\":\"\",\"potentialAction\":[{\"@type\":\"SearchAction\",\"target\":{\"@type\":\"EntryPoint\",\"urlTemplate\":\"https:\/\/conversesacatalunya.cat\/?s={search_term_string}\"},\"query-input\":{\"@type\":\"PropertyValueSpecification\",\"valueRequired\":true,\"valueName\":\"search_term_string\"}}],\"inLanguage\":\"es\"},{\"@type\":\"Person\",\"@id\":\"https:\/\/conversesacatalunya.cat\/#\/schema\/person\/c7d367ce5cf939081390b9cff82b9efa\",\"name\":\"Antoni Pedragosa\",\"image\":{\"@type\":\"ImageObject\",\"inLanguage\":\"es\",\"@id\":\"https:\/\/conversesacatalunya.cat\/#\/schema\/person\/image\/\",\"url\":\"https:\/\/conversesacatalunya.cat\/wp-content\/litespeed\/avatar\/a65bdd7b7b57e4f85109aaf65843a0eb.jpg?ver=1777376633\",\"contentUrl\":\"https:\/\/conversesacatalunya.cat\/wp-content\/litespeed\/avatar\/a65bdd7b7b57e4f85109aaf65843a0eb.jpg?ver=1777376633\",\"caption\":\"Antoni Pedragosa\"},\"url\":\"https:\/\/conversesacatalunya.cat\/es\/author\/antoni-pedragosa\/\"}]}<\/script>\n<!-- \/ Yoast SEO plugin. -->","yoast_head_json":{"title":"Entre \u00e9tica y est\u00e9tica - Converses a Catalunya","description":"Ser\u00eda bonito, que \u00e9tica y est\u00e9tica, fueran siempre de la mano. \u00bfCu\u00e1l es la raz\u00f3n por la que \u00e9tica y est\u00e9tica no siempre van juntas?","robots":{"index":"index","follow":"follow","max-snippet":"max-snippet:-1","max-image-preview":"max-image-preview:large","max-video-preview":"max-video-preview:-1"},"canonical":"https:\/\/conversesacatalunya.cat\/es\/entre-etica-y-estetica\/","og_locale":"es_ES","og_type":"article","og_title":"Entre \u00e9tica y est\u00e9tica - Converses a Catalunya","og_description":"Ser\u00eda bonito, que \u00e9tica y est\u00e9tica, fueran siempre de la mano. \u00bfCu\u00e1l es la raz\u00f3n por la que \u00e9tica y est\u00e9tica no siempre van juntas?","og_url":"https:\/\/conversesacatalunya.cat\/es\/entre-etica-y-estetica\/","og_site_name":"Converses a Catalunya","article_published_time":"2022-11-23T09:13:31+00:00","og_image":[{"width":640,"height":391,"url":"https:\/\/conversesacatalunya.cat\/wp-content\/uploads\/2022\/11\/etica-i-estetica.jpg","type":"image\/jpeg"}],"author":"Antoni Pedragosa","twitter_card":"summary_large_image","twitter_misc":{"Escrito por":"Antoni Pedragosa","Tiempo de lectura":"2 minutos"},"schema":{"@context":"https:\/\/schema.org","@graph":[{"@type":"Article","@id":"https:\/\/conversesacatalunya.cat\/es\/entre-etica-y-estetica\/#article","isPartOf":{"@id":"https:\/\/conversesacatalunya.cat\/es\/entre-etica-y-estetica\/"},"author":{"name":"Antoni Pedragosa","@id":"https:\/\/conversesacatalunya.cat\/#\/schema\/person\/c7d367ce5cf939081390b9cff82b9efa"},"headline":"Entre \u00e9tica y est\u00e9tica","datePublished":"2022-11-23T09:13:31+00:00","mainEntityOfPage":{"@id":"https:\/\/conversesacatalunya.cat\/es\/entre-etica-y-estetica\/"},"wordCount":426,"commentCount":0,"image":{"@id":"https:\/\/conversesacatalunya.cat\/es\/entre-etica-y-estetica\/#primaryimage"},"thumbnailUrl":"https:\/\/conversesacatalunya.cat\/wp-content\/uploads\/2022\/11\/etica-i-estetica.jpg","articleSection":["Opinem (ES)"],"inLanguage":"es","potentialAction":[{"@type":"CommentAction","name":"Comment","target":["https:\/\/conversesacatalunya.cat\/es\/entre-etica-y-estetica\/#respond"]}]},{"@type":"WebPage","@id":"https:\/\/conversesacatalunya.cat\/es\/entre-etica-y-estetica\/","url":"https:\/\/conversesacatalunya.cat\/es\/entre-etica-y-estetica\/","name":"Entre \u00e9tica y est\u00e9tica - Converses a Catalunya","isPartOf":{"@id":"https:\/\/conversesacatalunya.cat\/#website"},"primaryImageOfPage":{"@id":"https:\/\/conversesacatalunya.cat\/es\/entre-etica-y-estetica\/#primaryimage"},"image":{"@id":"https:\/\/conversesacatalunya.cat\/es\/entre-etica-y-estetica\/#primaryimage"},"thumbnailUrl":"https:\/\/conversesacatalunya.cat\/wp-content\/uploads\/2022\/11\/etica-i-estetica.jpg","datePublished":"2022-11-23T09:13:31+00:00","author":{"@id":"https:\/\/conversesacatalunya.cat\/#\/schema\/person\/c7d367ce5cf939081390b9cff82b9efa"},"description":"Ser\u00eda bonito, que \u00e9tica y est\u00e9tica, fueran siempre de la mano. \u00bfCu\u00e1l es la raz\u00f3n por la que \u00e9tica y est\u00e9tica no siempre van juntas?","breadcrumb":{"@id":"https:\/\/conversesacatalunya.cat\/es\/entre-etica-y-estetica\/#breadcrumb"},"inLanguage":"es","potentialAction":[{"@type":"ReadAction","target":["https:\/\/conversesacatalunya.cat\/es\/entre-etica-y-estetica\/"]}]},{"@type":"ImageObject","inLanguage":"es","@id":"https:\/\/conversesacatalunya.cat\/es\/entre-etica-y-estetica\/#primaryimage","url":"https:\/\/conversesacatalunya.cat\/wp-content\/uploads\/2022\/11\/etica-i-estetica.jpg","contentUrl":"https:\/\/conversesacatalunya.cat\/wp-content\/uploads\/2022\/11\/etica-i-estetica.jpg","width":640,"height":391,"caption":"\u00e9tica y est\u00e9tica"},{"@type":"BreadcrumbList","@id":"https:\/\/conversesacatalunya.cat\/es\/entre-etica-y-estetica\/#breadcrumb","itemListElement":[{"@type":"ListItem","position":1,"name":"Inici","item":"https:\/\/conversesacatalunya.cat\/es\/"},{"@type":"ListItem","position":2,"name":"Entre \u00e9tica y est\u00e9tica"}]},{"@type":"WebSite","@id":"https:\/\/conversesacatalunya.cat\/#website","url":"https:\/\/conversesacatalunya.cat\/","name":"Converses a Catalunya","description":"","potentialAction":[{"@type":"SearchAction","target":{"@type":"EntryPoint","urlTemplate":"https:\/\/conversesacatalunya.cat\/?s={search_term_string}"},"query-input":{"@type":"PropertyValueSpecification","valueRequired":true,"valueName":"search_term_string"}}],"inLanguage":"es"},{"@type":"Person","@id":"https:\/\/conversesacatalunya.cat\/#\/schema\/person\/c7d367ce5cf939081390b9cff82b9efa","name":"Antoni Pedragosa","image":{"@type":"ImageObject","inLanguage":"es","@id":"https:\/\/conversesacatalunya.cat\/#\/schema\/person\/image\/","url":"https:\/\/conversesacatalunya.cat\/wp-content\/litespeed\/avatar\/a65bdd7b7b57e4f85109aaf65843a0eb.jpg?ver=1777376633","contentUrl":"https:\/\/conversesacatalunya.cat\/wp-content\/litespeed\/avatar\/a65bdd7b7b57e4f85109aaf65843a0eb.jpg?ver=1777376633","caption":"Antoni Pedragosa"},"url":"https:\/\/conversesacatalunya.cat\/es\/author\/antoni-pedragosa\/"}]}},"wps_subtitle":"El encuentro con el otro y el encuentro con la naturaleza, es el gran momento que no debemos desperdiciar","_links":{"self":[{"href":"https:\/\/conversesacatalunya.cat\/es\/wp-json\/wp\/v2\/posts\/62505","targetHints":{"allow":["GET"]}}],"collection":[{"href":"https:\/\/conversesacatalunya.cat\/es\/wp-json\/wp\/v2\/posts"}],"about":[{"href":"https:\/\/conversesacatalunya.cat\/es\/wp-json\/wp\/v2\/types\/post"}],"author":[{"embeddable":true,"href":"https:\/\/conversesacatalunya.cat\/es\/wp-json\/wp\/v2\/users\/16"}],"replies":[{"embeddable":true,"href":"https:\/\/conversesacatalunya.cat\/es\/wp-json\/wp\/v2\/comments?post=62505"}],"version-history":[{"count":4,"href":"https:\/\/conversesacatalunya.cat\/es\/wp-json\/wp\/v2\/posts\/62505\/revisions"}],"predecessor-version":[{"id":62509,"href":"https:\/\/conversesacatalunya.cat\/es\/wp-json\/wp\/v2\/posts\/62505\/revisions\/62509"}],"wp:featuredmedia":[{"embeddable":true,"href":"https:\/\/conversesacatalunya.cat\/es\/wp-json\/wp\/v2\/media\/62501"}],"wp:attachment":[{"href":"https:\/\/conversesacatalunya.cat\/es\/wp-json\/wp\/v2\/media?parent=62505"}],"wp:term":[{"taxonomy":"category","embeddable":true,"href":"https:\/\/conversesacatalunya.cat\/es\/wp-json\/wp\/v2\/categories?post=62505"},{"taxonomy":"post_tag","embeddable":true,"href":"https:\/\/conversesacatalunya.cat\/es\/wp-json\/wp\/v2\/tags?post=62505"}],"curies":[{"name":"wp","href":"https:\/\/api.w.org\/{rel}","templated":true}]}}