{"id":61820,"date":"2022-10-26T11:55:53","date_gmt":"2022-10-26T09:55:53","guid":{"rendered":"https:\/\/conversesacatalunya.cat\/suport-govern-pnb-erc\/"},"modified":"2022-10-26T15:36:55","modified_gmt":"2022-10-26T13:36:55","slug":"apoyo-gobierno-pnv-erc","status":"publish","type":"post","link":"https:\/\/conversesacatalunya.cat\/es\/apoyo-gobierno-pnv-erc\/","title":{"rendered":"Beneficios obtenidos por el apoyo al gobierno: PNV 3 &#8211; ERC 0"},"content":{"rendered":"<p><span>PNV 3 \u2013 ERC 0. \u00c9ste ser\u00eda el marcador de los beneficios obtenidos por la negociaci\u00f3n con el gobierno espa\u00f1ol en estas \u00faltimas semanas, donde est\u00e1n en juego los decisivos presupuestos del pr\u00f3ximo a\u00f1o.\u00a0<span class=\"goog-text-highlight\">Los vascos aprovechan hasta la \u00faltima gota la debilidad parlamentaria de S\u00e1nchez y\u00a0<\/span><\/span><strong><span><span class=\"goog-text-highlight\">est\u00e1n vaciando al estado de competencias importantes<\/span><\/span><\/strong><span><span class=\"goog-text-highlight\">\u00a0que, adem\u00e1s, crean poderosos precedentes.<\/span><\/span><\/p>\n<p><span>Mientras,\u00a0<\/span><strong><span>ERC sigue encerrada en su mismo laberinto de la desjudicializaci\u00f3n<\/span><\/strong><span>\u00a0sin que haya mejoras econ\u00f3micas sustantivas ni en el autogobierno.<\/span><\/p>\n<h3><span>Constat\u00e9moslo<\/span><\/h3>\n<p><span><span class=\"\">Los vascos en la negociaci\u00f3n de los presupuestos han logrado acordar, repitiendo la existente, la cuota (cupo). <\/span><span class=\"goog-text-highlight\">Ya es sabido que el gran beneficio del sistema espec\u00edfico de financiaci\u00f3n del que dispone el Pa\u00eds Vasco no radica fundamentalmente tanto en el hecho del concierto vasco, como en la cuantificaci\u00f3n concreta de la cuota de cada a\u00f1o, que se\u00f1ala la\u00a0<\/span><\/span><strong><span><span class=\"goog-text-highlight\">cuant\u00eda que deben pagar al estado<\/span><\/span><\/strong><span><span class=\"goog-text-highlight\">\u00a0a raz\u00f3n de los bienes y servicios que reciben por \u00e9ste.\u00a0<\/span>Una cuota alta puede convertir al sistema foral en mal negocio.<\/span><\/p>\n<p><span><span class=\"\">La ventaja vasca, incluso por encima de Navarra que tambi\u00e9n es foral, es que su cuota es an\u00f3malamente baja porque la negocian en momentos en los que el gobierno espa\u00f1ol de turno <\/span><\/span><strong><span><span class=\"\">tiene necesidad de sus votos<\/span><\/span><\/strong><span><span class=\"\">, como ha vuelto a pasar, garantizando de esta forma m\u00e1s a\u00f1os de vacas gordas para la financiaci\u00f3n vasca. <\/span>Gran \u201cgol\u201d.<\/span><\/p>\n<p><span>Por si fuera poco y en el marco tambi\u00e9n de la negociaci\u00f3n presupuestaria, el PNV ha exigido que las nuevas figuras fiscales, los\u00a0<\/span><strong><span>nuevos grandes impuestos<\/span><\/strong><span>\u00a0sobre las empresas de energ\u00eda y la banca, los gestionen tambi\u00e9n ellos dentro del sistema foral, hecho que representar\u00eda una inyecci\u00f3n de dinero muy abundante.\u00a0Esta demanda s\u00f3lo tiene un peque\u00f1o problema.\u00a0Son impuestos que quedan fuera del concierto vasco.\u00a0<span class=\"goog-text-highlight\">Sin embargo, no hay problema, porque como S\u00e1nchez necesita los votos y los vascos son de blanco o negro, no como ERC, Hacienda ya est\u00e1 haciendo milagros para ajustar esta realidad a estos dos grandes impuestos. <\/span>2\u20130.<\/span><\/p>\n<p><span>La tercera importante conquista en pocos d\u00edas ha sido en relaci\u00f3n a la <\/span><strong><span>ley del deporte<\/span><\/strong><span> que se est\u00e1 tramitando en Madrid y que ERC ha dejado pasar, como tantas otras cosas, como si nada, olvidando la historia de las federaciones deportivas catalanas y el hecho de que Catalu\u00f1a fue el \u00fanico lugar en el que a lo largo de una serie de a\u00f1os existi\u00f3 un Comit\u00e9 Ol\u00edmpico Catal\u00e1n no oficial, pero con carta de naturaleza internacional.\u00a0Pero, ERC o no se acuerda o no tiene inter\u00e9s en distraer a S\u00e1nchez de sus dolores de cabeza.<\/span><\/p>\n<div class=\"code-block code-block-5\">\n<div class=\"a-single a-17\">\n<p><span>Los vascos han ido a concretar y han logrado un precedente muy importante. En la nueva ley figura una cl\u00e1usula que permite que la pelota vasca y el surf tengan selecciones independientes de la espa\u00f1ola para poder participar en todos los eventos deportivos internacionales, como ocurre con el f\u00fatbol y el rugby en los casos de Escocia y del Pa\u00eds de Gales.\u00a0Es el tercer gran \u00e9xito.\u00a0Y todo esto s\u00f3lo con 6 diputados que son los que tiene el PNV.<\/span><\/p>\n<p><span>ERC, con m\u00e1s del doble, tiene el marcador a 0. \u00bfPor qu\u00e9 no ha negociado nada importante a nivel econ\u00f3mico?\u00a0<span class=\"goog-text-highlight\">\u00bfPor qu\u00e9 deja pasar las leyes del deporte sin presentar la reivindicaci\u00f3n hist\u00f3rica de las selecciones catalanas?\u00a0<\/span>El equivalente a la pelota vasca ser\u00eda el hockey sobre patines, por situar un ejemplo.\u00a0Existen otras selecciones de deportes menos conocidos que tambi\u00e9n podr\u00edan haber establecido un precedente.\u00a0Pero todo esto el gobierno de Catalunya lo ha ignorado.<\/span><\/p>\n<p><span>Est\u00e1n centrados en que le\u00a0<\/span><strong><span>rebajen las penas a Junqueras, Rovira y al resto de consejeros<\/span><\/strong><span>.\u00a0Es muy posible que lo logren.\u00a0Pero al mismo tiempo continuar\u00e1n el alud de casos juzgados y para juzgar relacionados con el independentismo, empezando por la peligrosa situaci\u00f3n de los CDR acusados \u200b\u200bde terrorismo.<\/span><\/p>\n<p><span>Una vez m\u00e1s se demuestran dos cosas.\u00a0Como el\u00a0<\/span><strong><span>complejo independentista<\/span><\/strong><span>\u00a0paraliza mentalmente la consecuci\u00f3n de progresos materiales y en el autogobierno de Catalunya, y tambi\u00e9n de c\u00f3mo ERC y Aragon\u00e8s\u00a0<\/span><strong><span>est\u00e1n doblados a los intereses de S\u00e1nchez<\/span><\/strong><span>\u00a0.<\/span><\/p>\n<\/div>\n<\/div>\n<div id=\"polls-171\" class=\"wp-polls\">\n\t<form id=\"polls_form_171\" class=\"wp-polls-form\" action=\"\/index.php\" method=\"post\">\n\t\t<p style=\"display: none;\"><input type=\"hidden\" id=\"poll_171_nonce\" name=\"wp-polls-nonce\" value=\"bdb8d0a45f\" \/><\/p>\n\t\t<p style=\"display: none;\"><input type=\"hidden\" name=\"poll_id\" value=\"171\" \/><\/p>\n\t\t<p style=\"text-align: center\"><strong>Colau ha afirmat des de l'Argentina que a Barcelona es crearan 45.000 nous llocs de treball gr\u00e0cies a l'acci\u00f3 municipal. Creus que \u00e9s una promesa electoralista?<\/strong><\/p><div id=\"polls-171-ans\" class=\"wp-polls-ans\"><ul class=\"wp-polls-ul\">\n\t\t<li><input type=\"radio\" id=\"poll-answer-453\" name=\"poll_171\" value=\"453\" \/> <label for=\"poll-answer-453\">S\u00ed<\/label><\/li>\n\t\t<li><input type=\"radio\" id=\"poll-answer-454\" name=\"poll_171\" value=\"454\" \/> <label for=\"poll-answer-454\">No<\/label><\/li>\n\t\t<li><input type=\"radio\" id=\"poll-answer-455\" name=\"poll_171\" value=\"455\" \/> <label for=\"poll-answer-455\">No ho s\u00e9<\/label><\/li>\n\t\t<\/ul><p style=\"text-align: center\"><input type=\"button\" name=\"vote\" value=\"   Vota   \" class=\"Buttons\" onclick=\"poll_vote(171);\" \/><\/p><p style=\"text-align: center\"><a href=\"#ViewPollResults\" onclick=\"poll_result(171); return false;\" title=\"View Results Of This Poll\">Mira els resultats<\/a><\/p><\/div>\n\t<\/form>\n<\/div>\n<div id=\"polls-171-loading\" class=\"wp-polls-loading\"><img decoding=\"async\" data-src=\"https:\/\/conversesacatalunya.cat\/wp-content\/plugins\/wp-polls\/images\/loading.gif\" width=\"16\" height=\"16\" alt=\"Cargando ...\" title=\"Cargando ...\" class=\"wp-polls-image lazyload\" src=\"data:image\/svg+xml;base64,PHN2ZyB3aWR0aD0iMSIgaGVpZ2h0PSIxIiB4bWxucz0iaHR0cDovL3d3dy53My5vcmcvMjAwMC9zdmciPjwvc3ZnPg==\" style=\"--smush-placeholder-width: 16px; --smush-placeholder-aspect-ratio: 16\/16;\" \/>&nbsp;Cargando ...<\/div>\n\n","protected":false},"excerpt":{"rendered":"<p>PNV 3 \u2013 ERC 0. \u00c9ste ser\u00eda el marcador de los beneficios obtenidos por la negociaci\u00f3n con el gobierno espa\u00f1ol en estas \u00faltimas semanas, donde est\u00e1n en juego los decisivos presupuestos del pr\u00f3ximo a\u00f1o.\u00a0Los vascos aprovechan hasta la \u00faltima gota la debilidad parlamentaria de S\u00e1nchez y\u00a0est\u00e1n vaciando al estado de competencias importantes\u00a0que, adem\u00e1s, crean poderosos precedentes. Mientras,\u00a0ERC sigue encerrada en su mismo laberinto de la desjudicializaci\u00f3n\u00a0sin que haya mejoras econ\u00f3micas sustantivas ni en el autogobierno. Constat\u00e9moslo Los vascos en la negociaci\u00f3n de los presupuestos han logrado acordar, repitiendo la existente, la cuota (cupo). Ya es sabido que el gran beneficio del sistema espec\u00edfico de financiaci\u00f3n del que dispone el Pa\u00eds Vasco no radica fundamentalmente tanto en el hecho del concierto vasco, como en la cuantificaci\u00f3n concreta de la cuota de cada a\u00f1o, que se\u00f1ala la\u00a0cuant\u00eda que deben pagar al estado\u00a0a raz\u00f3n de los bienes y servicios que reciben por \u00e9ste.\u00a0Una cuota alta puede convertir al sistema foral en mal negocio. La ventaja vasca, incluso por encima de Navarra que tambi\u00e9n es foral, es que su cuota es an\u00f3malamente baja porque la negocian en momentos en los que el gobierno espa\u00f1ol de turno tiene necesidad de sus votos, como ha vuelto a pasar, garantizando de esta forma m\u00e1s a\u00f1os de vacas gordas para la financiaci\u00f3n vasca. Gran \u201cgol\u201d. Por si fuera poco y en el marco tambi\u00e9n de la negociaci\u00f3n presupuestaria, el PNV ha exigido que las nuevas figuras fiscales, los\u00a0nuevos grandes impuestos\u00a0sobre las empresas de energ\u00eda y la banca, los gestionen tambi\u00e9n ellos dentro del sistema foral, hecho que representar\u00eda una inyecci\u00f3n de dinero muy abundante.\u00a0Esta demanda s\u00f3lo tiene un peque\u00f1o problema.\u00a0Son impuestos que quedan fuera del concierto vasco.\u00a0Sin embargo, no hay problema, porque como S\u00e1nchez necesita los votos y los vascos son de blanco o negro, no como ERC, Hacienda ya est\u00e1 haciendo milagros para ajustar esta realidad a estos dos grandes impuestos. 2\u20130. La tercera importante conquista en pocos d\u00edas ha sido en relaci\u00f3n a la ley del deporte que se est\u00e1 tramitando en Madrid y que ERC ha dejado pasar, como tantas otras cosas, como si nada, olvidando la historia de las federaciones deportivas catalanas y el hecho de que Catalu\u00f1a fue el \u00fanico lugar en el que a lo largo de una serie de a\u00f1os existi\u00f3 un Comit\u00e9 Ol\u00edmpico Catal\u00e1n no oficial, pero con carta de naturaleza internacional.\u00a0Pero, ERC o no se acuerda o no tiene inter\u00e9s en distraer a S\u00e1nchez de sus dolores de cabeza. Los vascos han ido a concretar y han logrado un precedente muy importante. En la nueva ley figura una cl\u00e1usula que permite que la pelota vasca y el surf tengan selecciones independientes de la espa\u00f1ola para poder participar en todos los eventos deportivos internacionales, como ocurre con el f\u00fatbol y el rugby en los casos de Escocia y del Pa\u00eds de Gales.\u00a0Es el tercer gran \u00e9xito.\u00a0Y todo esto s\u00f3lo con 6 diputados que son los que tiene el PNV. ERC, con m\u00e1s del doble, tiene el marcador a 0. \u00bfPor qu\u00e9 no ha negociado nada importante a nivel econ\u00f3mico?\u00a0\u00bfPor qu\u00e9 deja pasar las leyes del deporte sin presentar la reivindicaci\u00f3n hist\u00f3rica de las selecciones catalanas?\u00a0El equivalente a la pelota vasca ser\u00eda el hockey sobre patines, por situar un ejemplo.\u00a0Existen otras selecciones de deportes menos conocidos que tambi\u00e9n podr\u00edan haber establecido un precedente.\u00a0Pero todo esto el gobierno de Catalunya lo ha ignorado. Est\u00e1n centrados en que le\u00a0rebajen las penas a Junqueras, Rovira y al resto de consejeros.\u00a0Es muy posible que lo logren.\u00a0Pero al mismo tiempo continuar\u00e1n el alud de casos juzgados y para juzgar relacionados con el independentismo, empezando por la peligrosa situaci\u00f3n de los CDR acusados \u200b\u200bde terrorismo. Una vez m\u00e1s se demuestran dos cosas.\u00a0Como el\u00a0complejo independentista\u00a0paraliza mentalmente la consecuci\u00f3n de progresos materiales y en el autogobierno de Catalunya, y tambi\u00e9n de c\u00f3mo ERC y Aragon\u00e8s\u00a0est\u00e1n doblados a los intereses de S\u00e1nchez\u00a0.<\/p>\n","protected":false},"author":2,"featured_media":61797,"comment_status":"open","ping_status":"open","sticky":false,"template":"","format":"standard","meta":{"_FSMCFIC_featured_image_caption":"","_FSMCFIC_featured_image_nocaption":"","_FSMCFIC_featured_image_hide":"","footnotes":""},"categories":[806],"tags":[1808],"class_list":["post-61820","post","type-post","status-publish","format-standard","has-post-thumbnail","hentry","category-punts-claus-del-dia-es","tag-presupuestos-generales"],"yoast_head":"<!-- This site is optimized with the Yoast SEO plugin v26.8 - https:\/\/yoast.com\/product\/yoast-seo-wordpress\/ -->\n<title>Beneficios obtenidos por el apoyo al gobierno: PNV 3 - ERC 0<\/title>\n<meta name=\"description\" content=\"\u00c9ste ser\u00eda el marcador de los beneficios obtenidos por la negociaci\u00f3n con el gobierno espa\u00f1ol en estas \u00faltimas semanas\" \/>\n<meta name=\"robots\" content=\"index, follow, max-snippet:-1, max-image-preview:large, max-video-preview:-1\" \/>\n<link rel=\"canonical\" href=\"https:\/\/conversesacatalunya.cat\/es\/apoyo-gobierno-pnv-erc\/\" \/>\n<meta property=\"og:locale\" content=\"es_ES\" \/>\n<meta property=\"og:type\" content=\"article\" \/>\n<meta property=\"og:title\" content=\"Beneficios obtenidos por el apoyo al gobierno: PNV 3 - ERC 0\" \/>\n<meta property=\"og:description\" content=\"\u00c9ste ser\u00eda el marcador de los beneficios obtenidos por la negociaci\u00f3n con el gobierno espa\u00f1ol en estas \u00faltimas semanas\" \/>\n<meta property=\"og:url\" content=\"https:\/\/conversesacatalunya.cat\/es\/apoyo-gobierno-pnv-erc\/\" \/>\n<meta property=\"og:site_name\" content=\"Converses a Catalunya\" \/>\n<meta property=\"article:published_time\" content=\"2022-10-26T09:55:53+00:00\" \/>\n<meta property=\"article:modified_time\" content=\"2022-10-26T13:36:55+00:00\" \/>\n<meta property=\"og:image\" content=\"https:\/\/conversesacatalunya.cat\/wp-content\/uploads\/2022\/10\/erc_pnv_decreto_ahorro-energetico_ribera-624x368-1.jpg\" \/>\n\t<meta property=\"og:image:width\" content=\"624\" \/>\n\t<meta property=\"og:image:height\" content=\"368\" \/>\n\t<meta property=\"og:image:type\" content=\"image\/jpeg\" \/>\n<meta name=\"author\" content=\"conversesacatalunya\" \/>\n<meta name=\"twitter:card\" content=\"summary_large_image\" \/>\n<meta name=\"twitter:label1\" content=\"Escrito por\" \/>\n\t<meta name=\"twitter:data1\" content=\"conversesacatalunya\" \/>\n\t<meta name=\"twitter:label2\" content=\"Tiempo de lectura\" \/>\n\t<meta name=\"twitter:data2\" content=\"4 minutos\" \/>\n<script type=\"application\/ld+json\" class=\"yoast-schema-graph\">{\"@context\":\"https:\/\/schema.org\",\"@graph\":[{\"@type\":\"Article\",\"@id\":\"https:\/\/conversesacatalunya.cat\/es\/apoyo-gobierno-pnv-erc\/#article\",\"isPartOf\":{\"@id\":\"https:\/\/conversesacatalunya.cat\/es\/apoyo-gobierno-pnv-erc\/\"},\"author\":{\"name\":\"conversesacatalunya\",\"@id\":\"https:\/\/conversesacatalunya.cat\/#\/schema\/person\/7e24d1e54a2785373ddcb275eae5ed99\"},\"headline\":\"Beneficios obtenidos por el apoyo al gobierno: PNV 3 &#8211; ERC 0\",\"datePublished\":\"2022-10-26T09:55:53+00:00\",\"dateModified\":\"2022-10-26T13:36:55+00:00\",\"mainEntityOfPage\":{\"@id\":\"https:\/\/conversesacatalunya.cat\/es\/apoyo-gobierno-pnv-erc\/\"},\"wordCount\":741,\"commentCount\":0,\"image\":{\"@id\":\"https:\/\/conversesacatalunya.cat\/es\/apoyo-gobierno-pnv-erc\/#primaryimage\"},\"thumbnailUrl\":\"https:\/\/conversesacatalunya.cat\/wp-content\/uploads\/2022\/10\/erc_pnv_decreto_ahorro-energetico_ribera-624x368-1.jpg\",\"keywords\":[\"Presupuestos generales\"],\"articleSection\":[\"Punts clau del dia (ES)\"],\"inLanguage\":\"es\",\"potentialAction\":[{\"@type\":\"CommentAction\",\"name\":\"Comment\",\"target\":[\"https:\/\/conversesacatalunya.cat\/es\/apoyo-gobierno-pnv-erc\/#respond\"]}]},{\"@type\":\"WebPage\",\"@id\":\"https:\/\/conversesacatalunya.cat\/es\/apoyo-gobierno-pnv-erc\/\",\"url\":\"https:\/\/conversesacatalunya.cat\/es\/apoyo-gobierno-pnv-erc\/\",\"name\":\"Beneficios obtenidos por el apoyo al gobierno: PNV 3 - ERC 0\",\"isPartOf\":{\"@id\":\"https:\/\/conversesacatalunya.cat\/#website\"},\"primaryImageOfPage\":{\"@id\":\"https:\/\/conversesacatalunya.cat\/es\/apoyo-gobierno-pnv-erc\/#primaryimage\"},\"image\":{\"@id\":\"https:\/\/conversesacatalunya.cat\/es\/apoyo-gobierno-pnv-erc\/#primaryimage\"},\"thumbnailUrl\":\"https:\/\/conversesacatalunya.cat\/wp-content\/uploads\/2022\/10\/erc_pnv_decreto_ahorro-energetico_ribera-624x368-1.jpg\",\"datePublished\":\"2022-10-26T09:55:53+00:00\",\"dateModified\":\"2022-10-26T13:36:55+00:00\",\"author\":{\"@id\":\"https:\/\/conversesacatalunya.cat\/#\/schema\/person\/7e24d1e54a2785373ddcb275eae5ed99\"},\"description\":\"\u00c9ste ser\u00eda el marcador de los beneficios obtenidos por la negociaci\u00f3n con el gobierno espa\u00f1ol en estas \u00faltimas semanas\",\"breadcrumb\":{\"@id\":\"https:\/\/conversesacatalunya.cat\/es\/apoyo-gobierno-pnv-erc\/#breadcrumb\"},\"inLanguage\":\"es\",\"potentialAction\":[{\"@type\":\"ReadAction\",\"target\":[\"https:\/\/conversesacatalunya.cat\/es\/apoyo-gobierno-pnv-erc\/\"]}]},{\"@type\":\"ImageObject\",\"inLanguage\":\"es\",\"@id\":\"https:\/\/conversesacatalunya.cat\/es\/apoyo-gobierno-pnv-erc\/#primaryimage\",\"url\":\"https:\/\/conversesacatalunya.cat\/wp-content\/uploads\/2022\/10\/erc_pnv_decreto_ahorro-energetico_ribera-624x368-1.jpg\",\"contentUrl\":\"https:\/\/conversesacatalunya.cat\/wp-content\/uploads\/2022\/10\/erc_pnv_decreto_ahorro-energetico_ribera-624x368-1.jpg\",\"width\":624,\"height\":368},{\"@type\":\"BreadcrumbList\",\"@id\":\"https:\/\/conversesacatalunya.cat\/es\/apoyo-gobierno-pnv-erc\/#breadcrumb\",\"itemListElement\":[{\"@type\":\"ListItem\",\"position\":1,\"name\":\"Inici\",\"item\":\"https:\/\/conversesacatalunya.cat\/es\/\"},{\"@type\":\"ListItem\",\"position\":2,\"name\":\"Beneficios obtenidos por el apoyo al gobierno: PNV 3 &#8211; ERC 0\"}]},{\"@type\":\"WebSite\",\"@id\":\"https:\/\/conversesacatalunya.cat\/#website\",\"url\":\"https:\/\/conversesacatalunya.cat\/\",\"name\":\"Converses a Catalunya\",\"description\":\"\",\"potentialAction\":[{\"@type\":\"SearchAction\",\"target\":{\"@type\":\"EntryPoint\",\"urlTemplate\":\"https:\/\/conversesacatalunya.cat\/?s={search_term_string}\"},\"query-input\":{\"@type\":\"PropertyValueSpecification\",\"valueRequired\":true,\"valueName\":\"search_term_string\"}}],\"inLanguage\":\"es\"},{\"@type\":\"Person\",\"@id\":\"https:\/\/conversesacatalunya.cat\/#\/schema\/person\/7e24d1e54a2785373ddcb275eae5ed99\",\"name\":\"conversesacatalunya\",\"image\":{\"@type\":\"ImageObject\",\"inLanguage\":\"es\",\"@id\":\"https:\/\/conversesacatalunya.cat\/#\/schema\/person\/image\/\",\"url\":\"https:\/\/conversesacatalunya.cat\/wp-content\/litespeed\/avatar\/febdfeeec89d950f01c748045a981dd2.jpg?ver=1777314535\",\"contentUrl\":\"https:\/\/conversesacatalunya.cat\/wp-content\/litespeed\/avatar\/febdfeeec89d950f01c748045a981dd2.jpg?ver=1777314535\",\"caption\":\"conversesacatalunya\"},\"url\":\"https:\/\/conversesacatalunya.cat\/es\/author\/carme_catala\/\"}]}<\/script>\n<!-- \/ Yoast SEO plugin. -->","yoast_head_json":{"title":"Beneficios obtenidos por el apoyo al gobierno: PNV 3 - ERC 0","description":"\u00c9ste ser\u00eda el marcador de los beneficios obtenidos por la negociaci\u00f3n con el gobierno espa\u00f1ol en estas \u00faltimas semanas","robots":{"index":"index","follow":"follow","max-snippet":"max-snippet:-1","max-image-preview":"max-image-preview:large","max-video-preview":"max-video-preview:-1"},"canonical":"https:\/\/conversesacatalunya.cat\/es\/apoyo-gobierno-pnv-erc\/","og_locale":"es_ES","og_type":"article","og_title":"Beneficios obtenidos por el apoyo al gobierno: PNV 3 - ERC 0","og_description":"\u00c9ste ser\u00eda el marcador de los beneficios obtenidos por la negociaci\u00f3n con el gobierno espa\u00f1ol en estas \u00faltimas semanas","og_url":"https:\/\/conversesacatalunya.cat\/es\/apoyo-gobierno-pnv-erc\/","og_site_name":"Converses a Catalunya","article_published_time":"2022-10-26T09:55:53+00:00","article_modified_time":"2022-10-26T13:36:55+00:00","og_image":[{"width":624,"height":368,"url":"https:\/\/conversesacatalunya.cat\/wp-content\/uploads\/2022\/10\/erc_pnv_decreto_ahorro-energetico_ribera-624x368-1.jpg","type":"image\/jpeg"}],"author":"conversesacatalunya","twitter_card":"summary_large_image","twitter_misc":{"Escrito por":"conversesacatalunya","Tiempo de lectura":"4 minutos"},"schema":{"@context":"https:\/\/schema.org","@graph":[{"@type":"Article","@id":"https:\/\/conversesacatalunya.cat\/es\/apoyo-gobierno-pnv-erc\/#article","isPartOf":{"@id":"https:\/\/conversesacatalunya.cat\/es\/apoyo-gobierno-pnv-erc\/"},"author":{"name":"conversesacatalunya","@id":"https:\/\/conversesacatalunya.cat\/#\/schema\/person\/7e24d1e54a2785373ddcb275eae5ed99"},"headline":"Beneficios obtenidos por el apoyo al gobierno: PNV 3 &#8211; ERC 0","datePublished":"2022-10-26T09:55:53+00:00","dateModified":"2022-10-26T13:36:55+00:00","mainEntityOfPage":{"@id":"https:\/\/conversesacatalunya.cat\/es\/apoyo-gobierno-pnv-erc\/"},"wordCount":741,"commentCount":0,"image":{"@id":"https:\/\/conversesacatalunya.cat\/es\/apoyo-gobierno-pnv-erc\/#primaryimage"},"thumbnailUrl":"https:\/\/conversesacatalunya.cat\/wp-content\/uploads\/2022\/10\/erc_pnv_decreto_ahorro-energetico_ribera-624x368-1.jpg","keywords":["Presupuestos generales"],"articleSection":["Punts clau del dia (ES)"],"inLanguage":"es","potentialAction":[{"@type":"CommentAction","name":"Comment","target":["https:\/\/conversesacatalunya.cat\/es\/apoyo-gobierno-pnv-erc\/#respond"]}]},{"@type":"WebPage","@id":"https:\/\/conversesacatalunya.cat\/es\/apoyo-gobierno-pnv-erc\/","url":"https:\/\/conversesacatalunya.cat\/es\/apoyo-gobierno-pnv-erc\/","name":"Beneficios obtenidos por el apoyo al gobierno: PNV 3 - ERC 0","isPartOf":{"@id":"https:\/\/conversesacatalunya.cat\/#website"},"primaryImageOfPage":{"@id":"https:\/\/conversesacatalunya.cat\/es\/apoyo-gobierno-pnv-erc\/#primaryimage"},"image":{"@id":"https:\/\/conversesacatalunya.cat\/es\/apoyo-gobierno-pnv-erc\/#primaryimage"},"thumbnailUrl":"https:\/\/conversesacatalunya.cat\/wp-content\/uploads\/2022\/10\/erc_pnv_decreto_ahorro-energetico_ribera-624x368-1.jpg","datePublished":"2022-10-26T09:55:53+00:00","dateModified":"2022-10-26T13:36:55+00:00","author":{"@id":"https:\/\/conversesacatalunya.cat\/#\/schema\/person\/7e24d1e54a2785373ddcb275eae5ed99"},"description":"\u00c9ste ser\u00eda el marcador de los beneficios obtenidos por la negociaci\u00f3n con el gobierno espa\u00f1ol en estas \u00faltimas semanas","breadcrumb":{"@id":"https:\/\/conversesacatalunya.cat\/es\/apoyo-gobierno-pnv-erc\/#breadcrumb"},"inLanguage":"es","potentialAction":[{"@type":"ReadAction","target":["https:\/\/conversesacatalunya.cat\/es\/apoyo-gobierno-pnv-erc\/"]}]},{"@type":"ImageObject","inLanguage":"es","@id":"https:\/\/conversesacatalunya.cat\/es\/apoyo-gobierno-pnv-erc\/#primaryimage","url":"https:\/\/conversesacatalunya.cat\/wp-content\/uploads\/2022\/10\/erc_pnv_decreto_ahorro-energetico_ribera-624x368-1.jpg","contentUrl":"https:\/\/conversesacatalunya.cat\/wp-content\/uploads\/2022\/10\/erc_pnv_decreto_ahorro-energetico_ribera-624x368-1.jpg","width":624,"height":368},{"@type":"BreadcrumbList","@id":"https:\/\/conversesacatalunya.cat\/es\/apoyo-gobierno-pnv-erc\/#breadcrumb","itemListElement":[{"@type":"ListItem","position":1,"name":"Inici","item":"https:\/\/conversesacatalunya.cat\/es\/"},{"@type":"ListItem","position":2,"name":"Beneficios obtenidos por el apoyo al gobierno: PNV 3 &#8211; ERC 0"}]},{"@type":"WebSite","@id":"https:\/\/conversesacatalunya.cat\/#website","url":"https:\/\/conversesacatalunya.cat\/","name":"Converses a Catalunya","description":"","potentialAction":[{"@type":"SearchAction","target":{"@type":"EntryPoint","urlTemplate":"https:\/\/conversesacatalunya.cat\/?s={search_term_string}"},"query-input":{"@type":"PropertyValueSpecification","valueRequired":true,"valueName":"search_term_string"}}],"inLanguage":"es"},{"@type":"Person","@id":"https:\/\/conversesacatalunya.cat\/#\/schema\/person\/7e24d1e54a2785373ddcb275eae5ed99","name":"conversesacatalunya","image":{"@type":"ImageObject","inLanguage":"es","@id":"https:\/\/conversesacatalunya.cat\/#\/schema\/person\/image\/","url":"https:\/\/conversesacatalunya.cat\/wp-content\/litespeed\/avatar\/febdfeeec89d950f01c748045a981dd2.jpg?ver=1777314535","contentUrl":"https:\/\/conversesacatalunya.cat\/wp-content\/litespeed\/avatar\/febdfeeec89d950f01c748045a981dd2.jpg?ver=1777314535","caption":"conversesacatalunya"},"url":"https:\/\/conversesacatalunya.cat\/es\/author\/carme_catala\/"}]}},"wps_subtitle":"\u00c9ste ser\u00eda el marcador de los beneficios obtenidos por la negociaci\u00f3n con el gobierno espa\u00f1ol en estas \u00faltimas semanas","_links":{"self":[{"href":"https:\/\/conversesacatalunya.cat\/es\/wp-json\/wp\/v2\/posts\/61820","targetHints":{"allow":["GET"]}}],"collection":[{"href":"https:\/\/conversesacatalunya.cat\/es\/wp-json\/wp\/v2\/posts"}],"about":[{"href":"https:\/\/conversesacatalunya.cat\/es\/wp-json\/wp\/v2\/types\/post"}],"author":[{"embeddable":true,"href":"https:\/\/conversesacatalunya.cat\/es\/wp-json\/wp\/v2\/users\/2"}],"replies":[{"embeddable":true,"href":"https:\/\/conversesacatalunya.cat\/es\/wp-json\/wp\/v2\/comments?post=61820"}],"version-history":[{"count":2,"href":"https:\/\/conversesacatalunya.cat\/es\/wp-json\/wp\/v2\/posts\/61820\/revisions"}],"predecessor-version":[{"id":61822,"href":"https:\/\/conversesacatalunya.cat\/es\/wp-json\/wp\/v2\/posts\/61820\/revisions\/61822"}],"wp:featuredmedia":[{"embeddable":true,"href":"https:\/\/conversesacatalunya.cat\/es\/wp-json\/wp\/v2\/media\/61797"}],"wp:attachment":[{"href":"https:\/\/conversesacatalunya.cat\/es\/wp-json\/wp\/v2\/media?parent=61820"}],"wp:term":[{"taxonomy":"category","embeddable":true,"href":"https:\/\/conversesacatalunya.cat\/es\/wp-json\/wp\/v2\/categories?post=61820"},{"taxonomy":"post_tag","embeddable":true,"href":"https:\/\/conversesacatalunya.cat\/es\/wp-json\/wp\/v2\/tags?post=61820"}],"curies":[{"name":"wp","href":"https:\/\/api.w.org\/{rel}","templated":true}]}}