{"id":61545,"date":"2022-10-17T13:32:34","date_gmt":"2022-10-17T11:32:34","guid":{"rendered":"https:\/\/conversesacatalunya.cat\/mossos-desquadra-feminitzat\/"},"modified":"2022-10-18T15:17:05","modified_gmt":"2022-10-18T13:17:05","slug":"mossos-desquadra-feminizados","status":"publish","type":"post","link":"https:\/\/conversesacatalunya.cat\/es\/mossos-desquadra-feminizados\/","title":{"rendered":"Mossos de Esquadra: la destrucci\u00f3n de la polic\u00eda"},"content":{"rendered":"<p><span class=\"\">El proceso dio notoriedad a un concepto, el de estructuras de estado.\u00a0<\/span>Era b\u00e1sico disponer de este tipo de estructura.\u00a0Pues bien, tenemos una, seguramente la m\u00e1s importante, la de la\u00a0<strong>polic\u00eda auton\u00f3mica<\/strong>, que la pol\u00edtica est\u00e1 destruyendo y degradando, precisamente cuando sobre Catalu\u00f1a se ciernen m\u00e1s desaf\u00edos de seguridad, desde la extensi\u00f3n del negocio de la marihuana al asentamiento de las mafias de otros pa\u00edses, pasando por los problemas de Barcelona, \u200b\u200bel aumento de la violencia mortal y la violencia sexual.<\/p>\n<p><span class=\"goog-text-highlight\">Los Mossos viven desde hace tiempo una importante\u00a0<\/span><strong><span class=\"goog-text-highlight\">crisis interna<\/span><\/strong><span class=\"goog-text-highlight\">, que ahora ha estallado en un grado preocupante, ocasionada por los intereses e intromisiones pol\u00edticas.\u00a0<\/span>Una buena polic\u00eda es aquella que est\u00e1 blindada de la pol\u00edtica de los partidos y \u00e9ste no es el caso de los Mossos.\u00a0Esta circunstancia, que siempre ha planeado sobre el cuerpo, ahora en manos absolutamente de ERC, act\u00faa de forma desatada.<\/p>\n<p>El problema actual comienza con la liquidaci\u00f3n, incluso con caracter\u00edsticas humillantes, de su primer comisario mayor, Josep Llu\u00eds Trapero.\u00a0Pese a sus cualidades y reconocimiento dentro del mismo cuerpo, el hecho de que hubiera declarado que si los jueces hubiesen ordenado la detenci\u00f3n del consejo ejecutivo, habr\u00eda obedecido la orden, le ocasion\u00f3 el odio profundo de quienes gobiernan.<\/p>\n<p>A partir de ah\u00ed las cosas han ido de mal en peor y ahora culminan en un escenario aberrante. <strong>Sallent, que es el n\u00famero dos de los Mossos, asumir\u00e1 provisionalmente el mando hasta Navidad<\/strong>\u00a0y de esta forma se defenestrar\u00e1 el actual y reciente comisario mayor, Josep Maria Estela.<\/p>\n<p>La\u00a0<strong>intromisi\u00f3n pol\u00edtica<\/strong> ha hecho imposible que Estela ejerciera en plenitud su mando.\u00a0<span class=\"goog-text-highlight\">No ha conseguido designar a su equipo de comisarios en la direcci\u00f3n, no puede dirigir la pol\u00edtica de comunicaci\u00f3n y su incompatibilidad con su segundo, el comisario Sallent, no ha querido estar resuelta por el conseller de Interior, quien ha considerado que este comisario es intocable.<\/span><\/p>\n<p>Las dificultades en el d\u00eda a d\u00eda para desempe\u00f1ar su funci\u00f3n se han multiplicado ya trav\u00e9s del procedimiento burocr\u00e1tico que controla el departamento, se han dificultado todo tipo de nuevas incorporaciones que Estela solicitaba.<\/p>\n<p>Pero, \u00bfpor qu\u00e9 Sallent, que ya ha ejercido de comisario mayor, asumir\u00e1 el cargo s\u00f3lo hasta Navidad? Pues, porque Elena, el conseller que ha hecho bandera de la feminizaci\u00f3n del cuerpo,\u00a0<strong>quiere que el nuevo comisario mayor sea una mujer<\/strong>, por lo que hay que esperar a que haya una comisaria mujer en condiciones de asumir el cargo.\u00a0Ahora se han elegido 6 nuevos comisarios de los que 4 son mujeres y 2 hombres.\u00a0Y en esta selecci\u00f3n ya planea un elemento importante de discriminaci\u00f3n contra los varones.\u00a0Se presentaron 29 hombres y 5 mujeres, y de \u00e9stos se eligieron 10, seg\u00fan el tribunal, por calificaciones y curr\u00edculos y de estos 10 se han elegido 4 mujeres y s\u00f3lo 2 hombres, aunque \u00e9stos eran mucho m\u00e1s numerosos.<\/p>\n<p>Ahora lo que Elena quiere es que una de estas nuevas comisarias ocupe el m\u00e1ximo puesto de mando de los mossos. Pero esto no ser\u00e1 posible hasta diciembre y de ah\u00ed ese puente provisional que ser\u00e1 Sallent para liquidar ahora mismo a Josep Maria Estela. <span class=\"goog-text-highlight\">Con este procedimiento el nuevo jefe de los Mossos no ser\u00e1 una persona de experimentada trayectoria, sino una\u00a0<\/span><strong><span class=\"goog-text-highlight\">promoci\u00f3n acelerada de una mujer<\/span><\/strong><span class=\"goog-text-highlight\"> que en pocos meses habr\u00e1 pasado primero a ser comisaria y a continuaci\u00f3n comisaria mayor.<\/span><\/p>\n<p>Este tipo de procedimientos marcados por la pol\u00edtica contribuyen tambi\u00e9n a deteriorar el cuerpo de la polic\u00eda catalana.\u00a0En todo este procedimiento la duda radica en si Josep Maria Estela presentar\u00e1 la dimisi\u00f3n por voluntad propia, y de esta forma aligerar\u00e1 la tensi\u00f3n, o bien se mantendr\u00e1 en el cargo y esperar\u00e1 a que lo cesen.<\/p>\n<p>En cualquier caso, un ejemplo m\u00e1s de c\u00f3mo la mala pol\u00edtica est\u00e1 destruyendo los aspectos fundamentales de nuestro pa\u00eds.<\/p>\n","protected":false},"excerpt":{"rendered":"<p>El proceso dio notoriedad a un concepto, el de estructuras de estado.\u00a0Era b\u00e1sico disponer de este tipo de estructura.\u00a0Pues bien, tenemos una, seguramente la m\u00e1s importante, la de la\u00a0polic\u00eda auton\u00f3mica, que la pol\u00edtica est\u00e1 destruyendo y degradando, precisamente cuando sobre Catalu\u00f1a se ciernen m\u00e1s desaf\u00edos de seguridad, desde la extensi\u00f3n del negocio de la marihuana al asentamiento de las mafias de otros pa\u00edses, pasando por los problemas de Barcelona, \u200b\u200bel aumento de la violencia mortal y la violencia sexual. Los Mossos viven desde hace tiempo una importante\u00a0crisis interna, que ahora ha estallado en un grado preocupante, ocasionada por los intereses e intromisiones pol\u00edticas.\u00a0Una buena polic\u00eda es aquella que est\u00e1 blindada de la pol\u00edtica de los partidos y \u00e9ste no es el caso de los Mossos.\u00a0Esta circunstancia, que siempre ha planeado sobre el cuerpo, ahora en manos absolutamente de ERC, act\u00faa de forma desatada. El problema actual comienza con la liquidaci\u00f3n, incluso con caracter\u00edsticas humillantes, de su primer comisario mayor, Josep Llu\u00eds Trapero.\u00a0Pese a sus cualidades y reconocimiento dentro del mismo cuerpo, el hecho de que hubiera declarado que si los jueces hubiesen ordenado la detenci\u00f3n del consejo ejecutivo, habr\u00eda obedecido la orden, le ocasion\u00f3 el odio profundo de quienes gobiernan. A partir de ah\u00ed las cosas han ido de mal en peor y ahora culminan en un escenario aberrante. Sallent, que es el n\u00famero dos de los Mossos, asumir\u00e1 provisionalmente el mando hasta Navidad\u00a0y de esta forma se defenestrar\u00e1 el actual y reciente comisario mayor, Josep Maria Estela. La\u00a0intromisi\u00f3n pol\u00edtica ha hecho imposible que Estela ejerciera en plenitud su mando.\u00a0No ha conseguido designar a su equipo de comisarios en la direcci\u00f3n, no puede dirigir la pol\u00edtica de comunicaci\u00f3n y su incompatibilidad con su segundo, el comisario Sallent, no ha querido estar resuelta por el conseller de Interior, quien ha considerado que este comisario es intocable. Las dificultades en el d\u00eda a d\u00eda para desempe\u00f1ar su funci\u00f3n se han multiplicado ya trav\u00e9s del procedimiento burocr\u00e1tico que controla el departamento, se han dificultado todo tipo de nuevas incorporaciones que Estela solicitaba. Pero, \u00bfpor qu\u00e9 Sallent, que ya ha ejercido de comisario mayor, asumir\u00e1 el cargo s\u00f3lo hasta Navidad? Pues, porque Elena, el conseller que ha hecho bandera de la feminizaci\u00f3n del cuerpo,\u00a0quiere que el nuevo comisario mayor sea una mujer, por lo que hay que esperar a que haya una comisaria mujer en condiciones de asumir el cargo.\u00a0Ahora se han elegido 6 nuevos comisarios de los que 4 son mujeres y 2 hombres.\u00a0Y en esta selecci\u00f3n ya planea un elemento importante de discriminaci\u00f3n contra los varones.\u00a0Se presentaron 29 hombres y 5 mujeres, y de \u00e9stos se eligieron 10, seg\u00fan el tribunal, por calificaciones y curr\u00edculos y de estos 10 se han elegido 4 mujeres y s\u00f3lo 2 hombres, aunque \u00e9stos eran mucho m\u00e1s numerosos. Ahora lo que Elena quiere es que una de estas nuevas comisarias ocupe el m\u00e1ximo puesto de mando de los mossos. Pero esto no ser\u00e1 posible hasta diciembre y de ah\u00ed ese puente provisional que ser\u00e1 Sallent para liquidar ahora mismo a Josep Maria Estela. Con este procedimiento el nuevo jefe de los Mossos no ser\u00e1 una persona de experimentada trayectoria, sino una\u00a0promoci\u00f3n acelerada de una mujer que en pocos meses habr\u00e1 pasado primero a ser comisaria y a continuaci\u00f3n comisaria mayor. Este tipo de procedimientos marcados por la pol\u00edtica contribuyen tambi\u00e9n a deteriorar el cuerpo de la polic\u00eda catalana.\u00a0En todo este procedimiento la duda radica en si Josep Maria Estela presentar\u00e1 la dimisi\u00f3n por voluntad propia, y de esta forma aligerar\u00e1 la tensi\u00f3n, o bien se mantendr\u00e1 en el cargo y esperar\u00e1 a que lo cesen. En cualquier caso, un ejemplo m\u00e1s de c\u00f3mo la mala pol\u00edtica est\u00e1 destruyendo los aspectos fundamentales de nuestro pa\u00eds.<\/p>\n","protected":false},"author":2,"featured_media":61538,"comment_status":"open","ping_status":"open","sticky":false,"template":"","format":"standard","meta":{"_FSMCFIC_featured_image_caption":"","_FSMCFIC_featured_image_nocaption":"","_FSMCFIC_featured_image_hide":"","footnotes":""},"categories":[806],"tags":[1883,1882],"class_list":["post-61545","post","type-post","status-publish","format-standard","has-post-thumbnail","hentry","category-punts-claus-del-dia-es","tag-mossos-desquadra-es-2","tag-mossos-desquadra-es"],"yoast_head":"<!-- This site is optimized with the Yoast SEO plugin v26.8 - https:\/\/yoast.com\/product\/yoast-seo-wordpress\/ -->\n<title>El cuerpo de los Mossos de Esquadra feminizado<\/title>\n<meta name=\"description\" content=\"El conseller que ha hecho bandera de la feminizaci\u00f3n del cuerpo, quiere que el nuevo comisario mayor sea una mujer\" \/>\n<meta name=\"robots\" content=\"index, follow, max-snippet:-1, max-image-preview:large, max-video-preview:-1\" \/>\n<link rel=\"canonical\" href=\"https:\/\/conversesacatalunya.cat\/es\/mossos-desquadra-feminizados\/\" \/>\n<meta property=\"og:locale\" content=\"es_ES\" \/>\n<meta property=\"og:type\" content=\"article\" \/>\n<meta property=\"og:title\" content=\"El cuerpo de los Mossos de Esquadra feminizado\" \/>\n<meta property=\"og:description\" content=\"El conseller que ha hecho bandera de la feminizaci\u00f3n del cuerpo, quiere que el nuevo comisario mayor sea una mujer\" \/>\n<meta property=\"og:url\" content=\"https:\/\/conversesacatalunya.cat\/es\/mossos-desquadra-feminizados\/\" \/>\n<meta property=\"og:site_name\" content=\"Converses a Catalunya\" \/>\n<meta property=\"article:published_time\" content=\"2022-10-17T11:32:34+00:00\" \/>\n<meta property=\"article:modified_time\" content=\"2022-10-18T13:17:05+00:00\" \/>\n<meta property=\"og:image\" content=\"https:\/\/conversesacatalunya.cat\/wp-content\/uploads\/2022\/10\/mossos-desquadra.png\" \/>\n\t<meta property=\"og:image:width\" content=\"555\" \/>\n\t<meta property=\"og:image:height\" content=\"431\" \/>\n\t<meta property=\"og:image:type\" content=\"image\/png\" \/>\n<meta name=\"author\" content=\"conversesacatalunya\" \/>\n<meta name=\"twitter:card\" content=\"summary_large_image\" \/>\n<meta name=\"twitter:label1\" content=\"Escrito por\" \/>\n\t<meta name=\"twitter:data1\" content=\"conversesacatalunya\" \/>\n\t<meta name=\"twitter:label2\" content=\"Tiempo de lectura\" \/>\n\t<meta name=\"twitter:data2\" content=\"3 minutos\" \/>\n<script type=\"application\/ld+json\" class=\"yoast-schema-graph\">{\"@context\":\"https:\/\/schema.org\",\"@graph\":[{\"@type\":\"Article\",\"@id\":\"https:\/\/conversesacatalunya.cat\/es\/mossos-desquadra-feminizados\/#article\",\"isPartOf\":{\"@id\":\"https:\/\/conversesacatalunya.cat\/es\/mossos-desquadra-feminizados\/\"},\"author\":{\"name\":\"conversesacatalunya\",\"@id\":\"https:\/\/conversesacatalunya.cat\/#\/schema\/person\/7e24d1e54a2785373ddcb275eae5ed99\"},\"headline\":\"Mossos de Esquadra: la destrucci\u00f3n de la polic\u00eda\",\"datePublished\":\"2022-10-17T11:32:34+00:00\",\"dateModified\":\"2022-10-18T13:17:05+00:00\",\"mainEntityOfPage\":{\"@id\":\"https:\/\/conversesacatalunya.cat\/es\/mossos-desquadra-feminizados\/\"},\"wordCount\":686,\"commentCount\":0,\"image\":{\"@id\":\"https:\/\/conversesacatalunya.cat\/es\/mossos-desquadra-feminizados\/#primaryimage\"},\"thumbnailUrl\":\"https:\/\/conversesacatalunya.cat\/wp-content\/uploads\/2022\/10\/mossos-desquadra.png\",\"keywords\":[\"Mossos d'Esquadra\",\"Mossos d&#8217;Esquadra\"],\"articleSection\":[\"Punts clau del dia (ES)\"],\"inLanguage\":\"es\",\"potentialAction\":[{\"@type\":\"CommentAction\",\"name\":\"Comment\",\"target\":[\"https:\/\/conversesacatalunya.cat\/es\/mossos-desquadra-feminizados\/#respond\"]}]},{\"@type\":\"WebPage\",\"@id\":\"https:\/\/conversesacatalunya.cat\/es\/mossos-desquadra-feminizados\/\",\"url\":\"https:\/\/conversesacatalunya.cat\/es\/mossos-desquadra-feminizados\/\",\"name\":\"El cuerpo de los Mossos de Esquadra feminizado\",\"isPartOf\":{\"@id\":\"https:\/\/conversesacatalunya.cat\/#website\"},\"primaryImageOfPage\":{\"@id\":\"https:\/\/conversesacatalunya.cat\/es\/mossos-desquadra-feminizados\/#primaryimage\"},\"image\":{\"@id\":\"https:\/\/conversesacatalunya.cat\/es\/mossos-desquadra-feminizados\/#primaryimage\"},\"thumbnailUrl\":\"https:\/\/conversesacatalunya.cat\/wp-content\/uploads\/2022\/10\/mossos-desquadra.png\",\"datePublished\":\"2022-10-17T11:32:34+00:00\",\"dateModified\":\"2022-10-18T13:17:05+00:00\",\"author\":{\"@id\":\"https:\/\/conversesacatalunya.cat\/#\/schema\/person\/7e24d1e54a2785373ddcb275eae5ed99\"},\"description\":\"El conseller que ha hecho bandera de la feminizaci\u00f3n del cuerpo, quiere que el nuevo comisario mayor sea una mujer\",\"breadcrumb\":{\"@id\":\"https:\/\/conversesacatalunya.cat\/es\/mossos-desquadra-feminizados\/#breadcrumb\"},\"inLanguage\":\"es\",\"potentialAction\":[{\"@type\":\"ReadAction\",\"target\":[\"https:\/\/conversesacatalunya.cat\/es\/mossos-desquadra-feminizados\/\"]}]},{\"@type\":\"ImageObject\",\"inLanguage\":\"es\",\"@id\":\"https:\/\/conversesacatalunya.cat\/es\/mossos-desquadra-feminizados\/#primaryimage\",\"url\":\"https:\/\/conversesacatalunya.cat\/wp-content\/uploads\/2022\/10\/mossos-desquadra.png\",\"contentUrl\":\"https:\/\/conversesacatalunya.cat\/wp-content\/uploads\/2022\/10\/mossos-desquadra.png\",\"width\":555,\"height\":431},{\"@type\":\"BreadcrumbList\",\"@id\":\"https:\/\/conversesacatalunya.cat\/es\/mossos-desquadra-feminizados\/#breadcrumb\",\"itemListElement\":[{\"@type\":\"ListItem\",\"position\":1,\"name\":\"Inici\",\"item\":\"https:\/\/conversesacatalunya.cat\/es\/\"},{\"@type\":\"ListItem\",\"position\":2,\"name\":\"Mossos de Esquadra: la destrucci\u00f3n de la polic\u00eda\"}]},{\"@type\":\"WebSite\",\"@id\":\"https:\/\/conversesacatalunya.cat\/#website\",\"url\":\"https:\/\/conversesacatalunya.cat\/\",\"name\":\"Converses a Catalunya\",\"description\":\"\",\"potentialAction\":[{\"@type\":\"SearchAction\",\"target\":{\"@type\":\"EntryPoint\",\"urlTemplate\":\"https:\/\/conversesacatalunya.cat\/?s={search_term_string}\"},\"query-input\":{\"@type\":\"PropertyValueSpecification\",\"valueRequired\":true,\"valueName\":\"search_term_string\"}}],\"inLanguage\":\"es\"},{\"@type\":\"Person\",\"@id\":\"https:\/\/conversesacatalunya.cat\/#\/schema\/person\/7e24d1e54a2785373ddcb275eae5ed99\",\"name\":\"conversesacatalunya\",\"image\":{\"@type\":\"ImageObject\",\"inLanguage\":\"es\",\"@id\":\"https:\/\/conversesacatalunya.cat\/#\/schema\/person\/image\/\",\"url\":\"https:\/\/conversesacatalunya.cat\/wp-content\/litespeed\/avatar\/febdfeeec89d950f01c748045a981dd2.jpg?ver=1777314535\",\"contentUrl\":\"https:\/\/conversesacatalunya.cat\/wp-content\/litespeed\/avatar\/febdfeeec89d950f01c748045a981dd2.jpg?ver=1777314535\",\"caption\":\"conversesacatalunya\"},\"url\":\"https:\/\/conversesacatalunya.cat\/es\/author\/carme_catala\/\"}]}<\/script>\n<!-- \/ Yoast SEO plugin. -->","yoast_head_json":{"title":"El cuerpo de los Mossos de Esquadra feminizado","description":"El conseller que ha hecho bandera de la feminizaci\u00f3n del cuerpo, quiere que el nuevo comisario mayor sea una mujer","robots":{"index":"index","follow":"follow","max-snippet":"max-snippet:-1","max-image-preview":"max-image-preview:large","max-video-preview":"max-video-preview:-1"},"canonical":"https:\/\/conversesacatalunya.cat\/es\/mossos-desquadra-feminizados\/","og_locale":"es_ES","og_type":"article","og_title":"El cuerpo de los Mossos de Esquadra feminizado","og_description":"El conseller que ha hecho bandera de la feminizaci\u00f3n del cuerpo, quiere que el nuevo comisario mayor sea una mujer","og_url":"https:\/\/conversesacatalunya.cat\/es\/mossos-desquadra-feminizados\/","og_site_name":"Converses a Catalunya","article_published_time":"2022-10-17T11:32:34+00:00","article_modified_time":"2022-10-18T13:17:05+00:00","og_image":[{"width":555,"height":431,"url":"https:\/\/conversesacatalunya.cat\/wp-content\/uploads\/2022\/10\/mossos-desquadra.png","type":"image\/png"}],"author":"conversesacatalunya","twitter_card":"summary_large_image","twitter_misc":{"Escrito por":"conversesacatalunya","Tiempo de lectura":"3 minutos"},"schema":{"@context":"https:\/\/schema.org","@graph":[{"@type":"Article","@id":"https:\/\/conversesacatalunya.cat\/es\/mossos-desquadra-feminizados\/#article","isPartOf":{"@id":"https:\/\/conversesacatalunya.cat\/es\/mossos-desquadra-feminizados\/"},"author":{"name":"conversesacatalunya","@id":"https:\/\/conversesacatalunya.cat\/#\/schema\/person\/7e24d1e54a2785373ddcb275eae5ed99"},"headline":"Mossos de Esquadra: la destrucci\u00f3n de la polic\u00eda","datePublished":"2022-10-17T11:32:34+00:00","dateModified":"2022-10-18T13:17:05+00:00","mainEntityOfPage":{"@id":"https:\/\/conversesacatalunya.cat\/es\/mossos-desquadra-feminizados\/"},"wordCount":686,"commentCount":0,"image":{"@id":"https:\/\/conversesacatalunya.cat\/es\/mossos-desquadra-feminizados\/#primaryimage"},"thumbnailUrl":"https:\/\/conversesacatalunya.cat\/wp-content\/uploads\/2022\/10\/mossos-desquadra.png","keywords":["Mossos d'Esquadra","Mossos d&#8217;Esquadra"],"articleSection":["Punts clau del dia (ES)"],"inLanguage":"es","potentialAction":[{"@type":"CommentAction","name":"Comment","target":["https:\/\/conversesacatalunya.cat\/es\/mossos-desquadra-feminizados\/#respond"]}]},{"@type":"WebPage","@id":"https:\/\/conversesacatalunya.cat\/es\/mossos-desquadra-feminizados\/","url":"https:\/\/conversesacatalunya.cat\/es\/mossos-desquadra-feminizados\/","name":"El cuerpo de los Mossos de Esquadra feminizado","isPartOf":{"@id":"https:\/\/conversesacatalunya.cat\/#website"},"primaryImageOfPage":{"@id":"https:\/\/conversesacatalunya.cat\/es\/mossos-desquadra-feminizados\/#primaryimage"},"image":{"@id":"https:\/\/conversesacatalunya.cat\/es\/mossos-desquadra-feminizados\/#primaryimage"},"thumbnailUrl":"https:\/\/conversesacatalunya.cat\/wp-content\/uploads\/2022\/10\/mossos-desquadra.png","datePublished":"2022-10-17T11:32:34+00:00","dateModified":"2022-10-18T13:17:05+00:00","author":{"@id":"https:\/\/conversesacatalunya.cat\/#\/schema\/person\/7e24d1e54a2785373ddcb275eae5ed99"},"description":"El conseller que ha hecho bandera de la feminizaci\u00f3n del cuerpo, quiere que el nuevo comisario mayor sea una mujer","breadcrumb":{"@id":"https:\/\/conversesacatalunya.cat\/es\/mossos-desquadra-feminizados\/#breadcrumb"},"inLanguage":"es","potentialAction":[{"@type":"ReadAction","target":["https:\/\/conversesacatalunya.cat\/es\/mossos-desquadra-feminizados\/"]}]},{"@type":"ImageObject","inLanguage":"es","@id":"https:\/\/conversesacatalunya.cat\/es\/mossos-desquadra-feminizados\/#primaryimage","url":"https:\/\/conversesacatalunya.cat\/wp-content\/uploads\/2022\/10\/mossos-desquadra.png","contentUrl":"https:\/\/conversesacatalunya.cat\/wp-content\/uploads\/2022\/10\/mossos-desquadra.png","width":555,"height":431},{"@type":"BreadcrumbList","@id":"https:\/\/conversesacatalunya.cat\/es\/mossos-desquadra-feminizados\/#breadcrumb","itemListElement":[{"@type":"ListItem","position":1,"name":"Inici","item":"https:\/\/conversesacatalunya.cat\/es\/"},{"@type":"ListItem","position":2,"name":"Mossos de Esquadra: la destrucci\u00f3n de la polic\u00eda"}]},{"@type":"WebSite","@id":"https:\/\/conversesacatalunya.cat\/#website","url":"https:\/\/conversesacatalunya.cat\/","name":"Converses a Catalunya","description":"","potentialAction":[{"@type":"SearchAction","target":{"@type":"EntryPoint","urlTemplate":"https:\/\/conversesacatalunya.cat\/?s={search_term_string}"},"query-input":{"@type":"PropertyValueSpecification","valueRequired":true,"valueName":"search_term_string"}}],"inLanguage":"es"},{"@type":"Person","@id":"https:\/\/conversesacatalunya.cat\/#\/schema\/person\/7e24d1e54a2785373ddcb275eae5ed99","name":"conversesacatalunya","image":{"@type":"ImageObject","inLanguage":"es","@id":"https:\/\/conversesacatalunya.cat\/#\/schema\/person\/image\/","url":"https:\/\/conversesacatalunya.cat\/wp-content\/litespeed\/avatar\/febdfeeec89d950f01c748045a981dd2.jpg?ver=1777314535","contentUrl":"https:\/\/conversesacatalunya.cat\/wp-content\/litespeed\/avatar\/febdfeeec89d950f01c748045a981dd2.jpg?ver=1777314535","caption":"conversesacatalunya"},"url":"https:\/\/conversesacatalunya.cat\/es\/author\/carme_catala\/"}]}},"wps_subtitle":"El conseller, que ha hecho bandera de la feminizaci\u00f3n del cuerpo, quiere que el nuevo comisario mayor sea una mujer, por lo que hay que esperar a diciembre","_links":{"self":[{"href":"https:\/\/conversesacatalunya.cat\/es\/wp-json\/wp\/v2\/posts\/61545","targetHints":{"allow":["GET"]}}],"collection":[{"href":"https:\/\/conversesacatalunya.cat\/es\/wp-json\/wp\/v2\/posts"}],"about":[{"href":"https:\/\/conversesacatalunya.cat\/es\/wp-json\/wp\/v2\/types\/post"}],"author":[{"embeddable":true,"href":"https:\/\/conversesacatalunya.cat\/es\/wp-json\/wp\/v2\/users\/2"}],"replies":[{"embeddable":true,"href":"https:\/\/conversesacatalunya.cat\/es\/wp-json\/wp\/v2\/comments?post=61545"}],"version-history":[{"count":3,"href":"https:\/\/conversesacatalunya.cat\/es\/wp-json\/wp\/v2\/posts\/61545\/revisions"}],"predecessor-version":[{"id":61588,"href":"https:\/\/conversesacatalunya.cat\/es\/wp-json\/wp\/v2\/posts\/61545\/revisions\/61588"}],"wp:featuredmedia":[{"embeddable":true,"href":"https:\/\/conversesacatalunya.cat\/es\/wp-json\/wp\/v2\/media\/61538"}],"wp:attachment":[{"href":"https:\/\/conversesacatalunya.cat\/es\/wp-json\/wp\/v2\/media?parent=61545"}],"wp:term":[{"taxonomy":"category","embeddable":true,"href":"https:\/\/conversesacatalunya.cat\/es\/wp-json\/wp\/v2\/categories?post=61545"},{"taxonomy":"post_tag","embeddable":true,"href":"https:\/\/conversesacatalunya.cat\/es\/wp-json\/wp\/v2\/tags?post=61545"}],"curies":[{"name":"wp","href":"https:\/\/api.w.org\/{rel}","templated":true}]}}