{"id":61462,"date":"2022-10-13T11:31:44","date_gmt":"2022-10-13T09:31:44","guid":{"rendered":"https:\/\/conversesacatalunya.cat\/barcelona-lart-municipal-dembussar-tots-els-carrers\/"},"modified":"2022-10-13T12:16:16","modified_gmt":"2022-10-13T10:16:16","slug":"barcelona-el-arte-municipal-de-atascar-todas-las-calles","status":"publish","type":"post","link":"https:\/\/conversesacatalunya.cat\/es\/barcelona-el-arte-municipal-de-atascar-todas-las-calles\/","title":{"rendered":"Barcelona: el arte municipal de atascar todas las calles"},"content":{"rendered":"<p><span>Colau pisa el acelerador para atascar las calles de Barcelona.\u00a0Ahora lo har\u00e1 con las calles\u00a0<\/span><strong><span>Aribau y Muntaner<\/span><\/strong><span>\u00a0que perder\u00e1n un carril de circulaci\u00f3n para aparcar motos y dejar espacio para la carga y descarga.\u00a0Adem\u00e1s, se dar\u00e1 algo m\u00e1s de ancho al carril bus y se har\u00e1n m\u00e1s estrechos los dos carriles para los autom\u00f3viles. O sea, que no solo habr\u00e1 una reducci\u00f3n de su n\u00famero, sino que adem\u00e1s ser\u00e1n m\u00e1s estrechos.<\/span><\/p>\n<p><span>El\u00a0<\/span><strong><span>colapso est\u00e1 asegurado<\/span><\/strong><span>\u00a0y el riesgo de accidentes con la adici\u00f3n de las motos intentando pasar por delante de los coches asegurados.<\/span><\/p>\n<p><span><span class=\"goog-text-highlight\">No existe ninguna justificaci\u00f3n racional para adoptar esta medida, que adem\u00e1s desde el\u00a0<\/span><\/span><strong><span><span class=\"goog-text-highlight\">punto de vista ambiental<\/span><\/span><\/strong><span><span class=\"goog-text-highlight\">\u00a0es nefasta porque se reducir\u00e1 la velocidad, ya de por s\u00ed muy lenta, durante el desplazamiento de los veh\u00edculos en hora punta.\u00a0<\/span>Aumentar\u00e1 la congesti\u00f3n y, por tanto, la emisi\u00f3n de gases a la atm\u00f3sfera.\u00a0Y \u00e9stas son dos calles vitales para el eje vertical de la ciudad.<\/span><\/p>\n<p><span>Recordemos adem\u00e1s que en este sentido se est\u00e1n realizando las obras en Via Laietana, que provocan ahora el colapso circulatorio que se mantendr\u00e1 cuando entren en funcionamiento, y para llegar a la Barceloneta y al Puerto deba hacerse por el Paral\u00b7lel o por el Paseo de San Juan.<\/span><\/p>\n<p><span>A estos estrangulamientos del \u00e1rea central se le a\u00f1aden los que se hizo hace tiempo en la\u00a0<\/span><strong><span>calle Arag\u00f3<\/span><\/strong><span>\u00a0con nefastos resultados.\u00a0Las obras en la calle Consell de Cent, inicio de la supermanzana de Barcelona, \u200b\u200bconstituyen otro problema para los ejes horizontales de la ciudad, y todo ello se l\u00eda a\u00fan m\u00e1s con las obras del colector para hacer posible el tranv\u00eda del extremo Bes\u00f2s de Diagonal que, adem\u00e1s, inciden sobre una parte del Eixample derecho.<\/span><\/p>\n<p><strong><span><span class=\"goog-text-highlight\">Nunca Barcelona hab\u00eda vivido tal desorden en la circulaci\u00f3n<\/span><\/span><\/strong><span><span class=\"goog-text-highlight\">\u00a0y tan importantes embotellamientos, a pesar de que el n\u00famero de desplazamientos en veh\u00edculos privados ni mucho menos ha crecido, sin que ello signifique un trasvase al sistema p\u00fablico, y que lo recoja el escaso n\u00famero de desplazamientos que se realizan en bicicleta y patinete, dado que su procedencia fundamental son las personas que antes circulaban a pie o en transporte p\u00fablico.<\/span><\/span><\/p>\n<p><span><span class=\"\">En todo esto hay un indicio, por tanto, de disuasi\u00f3n de entrar en la ciudad por parte de su\u00a0<\/span><\/span><em><span><span class=\"\">hinterline<\/span><\/span><\/em><span><span class=\"\">, que si se consolida y aumenta significar\u00e1 un factor de declive de Barcelona en cuanto a su actividad como centro empresarial y servicios, porque la gente del \u00c1rea Metropolitana preferir\u00e1 otras alternativas dada la dificultad de acceder y circular por dentro de la ciudad.\u00a0<\/span>Ser\u00e1 un golpe demoledor que quedar\u00e1 completado si se lleva a cabo la supermanzana del Eixample.<\/span><\/p>\n<p><span><span class=\"\">Al mismo tiempo que realizan estas obras otros viales importantes de la ciudad est\u00e1n absolutamente abandonados.\u00a0<\/span>Es el caso del\u00a0<\/span><strong><span>Paral\u00b7lel<\/span><\/strong><span>, que est\u00e1 sometido a un proceso de degradaci\u00f3n en muchos de sus puntos sin que haya ning\u00fan planteamiento por parte del gobierno municipal.\u00a0Es el caso tambi\u00e9n de la emblem\u00e1tica\u00a0<\/span><strong><span>Ronda Sant Antoni<\/span><\/strong><span>\u00a0en el tramo donde estaba la instalaci\u00f3n provisional del mercado del mismo nombre, cuando \u00e9ste estaba en obras, y que comprende el espacio que delimita la calle Urgell hasta el inicio de la calle Casanova.<\/span><\/p>\n<p><span>Por si fuera poco, y porque es escandaloso entrar en las elecciones sin haber movido una sola piedra, se han iniciado t\u00edmidamente las\u00a0<\/span><strong><span>obras en La Rambla<\/span><\/strong><span>, sin que est\u00e9 claro que la soluci\u00f3n que dice que se aplicar\u00e1 sirva para recuperar este paseo emblem\u00e1tico de Barcelona.\u00a0Pero es que adem\u00e1s resulta extra\u00f1o que esta acci\u00f3n se programe con una duraci\u00f3n de 7,5 a\u00f1os como si fuera la obra de la Seu y tuvieran que resolverse graves problemas de ingenier\u00eda.<\/span><\/p>\n<p><span>Todo ello hace creer que lo que ha intentado evitar Colau es que le echaran en cara en el periodo electoral que llevaba 2.500 d\u00edas de retraso sobre el inicio previsto.\u00a0Ahora, al menos, tendr\u00e1 la excusa de que habr\u00e1 empezado, pero la realidad es que\u00a0<\/span><strong><span>La Rambla continuar\u00e1 su proceso de degradaci\u00f3n<\/span><\/strong><span>.<\/span><\/p>\n<p><span><span class=\"goog-text-highlight\">Y todo ello haciendo el recuento s\u00f3lo del espacio central de Barcelona porque problemas en el resto del t\u00e9rmino municipal de car\u00e1cter viario existen y importantes.\u00a0<\/span>Si se\u00f1alamos \u00e9stos es porque su efecto, precisamente por tratarse del \u00e1rea central, es multiplicador en sentido negativo y tiene consecuencias m\u00e1s all\u00e1 de la ciudad.<\/span><\/p>\n<div id=\"polls-169\" class=\"wp-polls\">\n\t<form id=\"polls_form_169\" class=\"wp-polls-form\" action=\"\/index.php\" method=\"post\">\n\t\t<p style=\"display: none;\"><input type=\"hidden\" id=\"poll_169_nonce\" name=\"wp-polls-nonce\" value=\"67168c7ebb\" \/><\/p>\n\t\t<p style=\"display: none;\"><input type=\"hidden\" name=\"poll_id\" value=\"169\" \/><\/p>\n\t\t<p style=\"text-align: center\"><strong>Creus que \u00e9s el moment perqu\u00e8 torni Puigdemont?<\/strong><\/p><div id=\"polls-169-ans\" class=\"wp-polls-ans\"><ul class=\"wp-polls-ul\">\n\t\t<li><input type=\"radio\" id=\"poll-answer-447\" name=\"poll_169\" value=\"447\" \/> <label for=\"poll-answer-447\">S\u00ed<\/label><\/li>\n\t\t<li><input type=\"radio\" id=\"poll-answer-448\" name=\"poll_169\" value=\"448\" \/> <label for=\"poll-answer-448\">No<\/label><\/li>\n\t\t<li><input type=\"radio\" id=\"poll-answer-449\" name=\"poll_169\" value=\"449\" \/> <label for=\"poll-answer-449\">No ho s\u00e9<\/label><\/li>\n\t\t<\/ul><p style=\"text-align: center\"><input type=\"button\" name=\"vote\" value=\"   Vota   \" class=\"Buttons\" onclick=\"poll_vote(169);\" \/><\/p><p style=\"text-align: center\"><a href=\"#ViewPollResults\" onclick=\"poll_result(169); return false;\" title=\"View Results Of This Poll\">Mira els resultats<\/a><\/p><\/div>\n\t<\/form>\n<\/div>\n<div id=\"polls-169-loading\" class=\"wp-polls-loading\"><img decoding=\"async\" data-src=\"https:\/\/conversesacatalunya.cat\/wp-content\/plugins\/wp-polls\/images\/loading.gif\" width=\"16\" height=\"16\" alt=\"Cargando ...\" title=\"Cargando ...\" class=\"wp-polls-image lazyload\" src=\"data:image\/svg+xml;base64,PHN2ZyB3aWR0aD0iMSIgaGVpZ2h0PSIxIiB4bWxucz0iaHR0cDovL3d3dy53My5vcmcvMjAwMC9zdmciPjwvc3ZnPg==\" style=\"--smush-placeholder-width: 16px; --smush-placeholder-aspect-ratio: 16\/16;\" \/>&nbsp;Cargando ...<\/div>\n\n","protected":false},"excerpt":{"rendered":"<p>Colau pisa el acelerador para atascar las calles de Barcelona.\u00a0Ahora lo har\u00e1 con las calles\u00a0Aribau y Muntaner\u00a0que perder\u00e1n un carril de circulaci\u00f3n para aparcar motos y dejar espacio para la carga y descarga.\u00a0Adem\u00e1s, se dar\u00e1 algo m\u00e1s de ancho al carril bus y se har\u00e1n m\u00e1s estrechos los dos carriles para los autom\u00f3viles. O sea, que no solo habr\u00e1 una reducci\u00f3n de su n\u00famero, sino que adem\u00e1s ser\u00e1n m\u00e1s estrechos. El\u00a0colapso est\u00e1 asegurado\u00a0y el riesgo de accidentes con la adici\u00f3n de las motos intentando pasar por delante de los coches asegurados. No existe ninguna justificaci\u00f3n racional para adoptar esta medida, que adem\u00e1s desde el\u00a0punto de vista ambiental\u00a0es nefasta porque se reducir\u00e1 la velocidad, ya de por s\u00ed muy lenta, durante el desplazamiento de los veh\u00edculos en hora punta.\u00a0Aumentar\u00e1 la congesti\u00f3n y, por tanto, la emisi\u00f3n de gases a la atm\u00f3sfera.\u00a0Y \u00e9stas son dos calles vitales para el eje vertical de la ciudad. Recordemos adem\u00e1s que en este sentido se est\u00e1n realizando las obras en Via Laietana, que provocan ahora el colapso circulatorio que se mantendr\u00e1 cuando entren en funcionamiento, y para llegar a la Barceloneta y al Puerto deba hacerse por el Paral\u00b7lel o por el Paseo de San Juan. A estos estrangulamientos del \u00e1rea central se le a\u00f1aden los que se hizo hace tiempo en la\u00a0calle Arag\u00f3\u00a0con nefastos resultados.\u00a0Las obras en la calle Consell de Cent, inicio de la supermanzana de Barcelona, \u200b\u200bconstituyen otro problema para los ejes horizontales de la ciudad, y todo ello se l\u00eda a\u00fan m\u00e1s con las obras del colector para hacer posible el tranv\u00eda del extremo Bes\u00f2s de Diagonal que, adem\u00e1s, inciden sobre una parte del Eixample derecho. Nunca Barcelona hab\u00eda vivido tal desorden en la circulaci\u00f3n\u00a0y tan importantes embotellamientos, a pesar de que el n\u00famero de desplazamientos en veh\u00edculos privados ni mucho menos ha crecido, sin que ello signifique un trasvase al sistema p\u00fablico, y que lo recoja el escaso n\u00famero de desplazamientos que se realizan en bicicleta y patinete, dado que su procedencia fundamental son las personas que antes circulaban a pie o en transporte p\u00fablico. En todo esto hay un indicio, por tanto, de disuasi\u00f3n de entrar en la ciudad por parte de su\u00a0hinterline, que si se consolida y aumenta significar\u00e1 un factor de declive de Barcelona en cuanto a su actividad como centro empresarial y servicios, porque la gente del \u00c1rea Metropolitana preferir\u00e1 otras alternativas dada la dificultad de acceder y circular por dentro de la ciudad.\u00a0Ser\u00e1 un golpe demoledor que quedar\u00e1 completado si se lleva a cabo la supermanzana del Eixample. Al mismo tiempo que realizan estas obras otros viales importantes de la ciudad est\u00e1n absolutamente abandonados.\u00a0Es el caso del\u00a0Paral\u00b7lel, que est\u00e1 sometido a un proceso de degradaci\u00f3n en muchos de sus puntos sin que haya ning\u00fan planteamiento por parte del gobierno municipal.\u00a0Es el caso tambi\u00e9n de la emblem\u00e1tica\u00a0Ronda Sant Antoni\u00a0en el tramo donde estaba la instalaci\u00f3n provisional del mercado del mismo nombre, cuando \u00e9ste estaba en obras, y que comprende el espacio que delimita la calle Urgell hasta el inicio de la calle Casanova. Por si fuera poco, y porque es escandaloso entrar en las elecciones sin haber movido una sola piedra, se han iniciado t\u00edmidamente las\u00a0obras en La Rambla, sin que est\u00e9 claro que la soluci\u00f3n que dice que se aplicar\u00e1 sirva para recuperar este paseo emblem\u00e1tico de Barcelona.\u00a0Pero es que adem\u00e1s resulta extra\u00f1o que esta acci\u00f3n se programe con una duraci\u00f3n de 7,5 a\u00f1os como si fuera la obra de la Seu y tuvieran que resolverse graves problemas de ingenier\u00eda. Todo ello hace creer que lo que ha intentado evitar Colau es que le echaran en cara en el periodo electoral que llevaba 2.500 d\u00edas de retraso sobre el inicio previsto.\u00a0Ahora, al menos, tendr\u00e1 la excusa de que habr\u00e1 empezado, pero la realidad es que\u00a0La Rambla continuar\u00e1 su proceso de degradaci\u00f3n. Y todo ello haciendo el recuento s\u00f3lo del espacio central de Barcelona porque problemas en el resto del t\u00e9rmino municipal de car\u00e1cter viario existen y importantes.\u00a0Si se\u00f1alamos \u00e9stos es porque su efecto, precisamente por tratarse del \u00e1rea central, es multiplicador en sentido negativo y tiene consecuencias m\u00e1s all\u00e1 de la ciudad.<\/p>\n","protected":false},"author":2,"featured_media":61453,"comment_status":"open","ping_status":"open","sticky":false,"template":"","format":"standard","meta":{"_FSMCFIC_featured_image_caption":"","_FSMCFIC_featured_image_nocaption":"","_FSMCFIC_featured_image_hide":"","footnotes":""},"categories":[3787,806],"tags":[3232,4806],"class_list":["post-61462","post","type-post","status-publish","format-standard","has-post-thumbnail","hentry","category-expedient-barcelona-es","category-punts-claus-del-dia-es","tag-circulacion","tag-urbanismo-tactico"],"yoast_head":"<!-- This site is optimized with the Yoast SEO plugin v26.8 - https:\/\/yoast.com\/product\/yoast-seo-wordpress\/ -->\n<title>Barcelona: el arte municipal de atascar todas las calles<\/title>\n<meta name=\"description\" content=\"Nunca Barcelona hab\u00eda vivido tal desorden en la circulaci\u00f3n y tan importantes embotellamientos\" \/>\n<meta name=\"robots\" content=\"index, follow, max-snippet:-1, max-image-preview:large, max-video-preview:-1\" \/>\n<link rel=\"canonical\" href=\"https:\/\/conversesacatalunya.cat\/es\/barcelona-el-arte-municipal-de-atascar-todas-las-calles\/\" \/>\n<meta property=\"og:locale\" content=\"es_ES\" \/>\n<meta property=\"og:type\" content=\"article\" \/>\n<meta property=\"og:title\" content=\"Barcelona: el arte municipal de atascar todas las calles\" \/>\n<meta property=\"og:description\" content=\"Nunca Barcelona hab\u00eda vivido tal desorden en la circulaci\u00f3n y tan importantes embotellamientos\" \/>\n<meta property=\"og:url\" content=\"https:\/\/conversesacatalunya.cat\/es\/barcelona-el-arte-municipal-de-atascar-todas-las-calles\/\" \/>\n<meta property=\"og:site_name\" content=\"Converses a Catalunya\" \/>\n<meta property=\"article:published_time\" content=\"2022-10-13T09:31:44+00:00\" \/>\n<meta property=\"article:modified_time\" content=\"2022-10-13T10:16:16+00:00\" \/>\n<meta property=\"og:image\" content=\"https:\/\/conversesacatalunya.cat\/wp-content\/uploads\/2022\/10\/atascobarcelona.jpg\" \/>\n\t<meta property=\"og:image:width\" content=\"660\" \/>\n\t<meta property=\"og:image:height\" content=\"330\" \/>\n\t<meta property=\"og:image:type\" content=\"image\/jpeg\" \/>\n<meta name=\"author\" content=\"conversesacatalunya\" \/>\n<meta name=\"twitter:card\" content=\"summary_large_image\" \/>\n<meta name=\"twitter:label1\" content=\"Escrito por\" \/>\n\t<meta name=\"twitter:data1\" content=\"conversesacatalunya\" \/>\n\t<meta name=\"twitter:label2\" content=\"Tiempo de lectura\" \/>\n\t<meta name=\"twitter:data2\" content=\"4 minutos\" \/>\n<script type=\"application\/ld+json\" class=\"yoast-schema-graph\">{\"@context\":\"https:\/\/schema.org\",\"@graph\":[{\"@type\":\"Article\",\"@id\":\"https:\/\/conversesacatalunya.cat\/es\/barcelona-el-arte-municipal-de-atascar-todas-las-calles\/#article\",\"isPartOf\":{\"@id\":\"https:\/\/conversesacatalunya.cat\/es\/barcelona-el-arte-municipal-de-atascar-todas-las-calles\/\"},\"author\":{\"name\":\"conversesacatalunya\",\"@id\":\"https:\/\/conversesacatalunya.cat\/#\/schema\/person\/7e24d1e54a2785373ddcb275eae5ed99\"},\"headline\":\"Barcelona: el arte municipal de atascar todas las calles\",\"datePublished\":\"2022-10-13T09:31:44+00:00\",\"dateModified\":\"2022-10-13T10:16:16+00:00\",\"mainEntityOfPage\":{\"@id\":\"https:\/\/conversesacatalunya.cat\/es\/barcelona-el-arte-municipal-de-atascar-todas-las-calles\/\"},\"wordCount\":781,\"commentCount\":0,\"image\":{\"@id\":\"https:\/\/conversesacatalunya.cat\/es\/barcelona-el-arte-municipal-de-atascar-todas-las-calles\/#primaryimage\"},\"thumbnailUrl\":\"https:\/\/conversesacatalunya.cat\/wp-content\/uploads\/2022\/10\/atascobarcelona.jpg\",\"keywords\":[\"circulaci\u00f3n\",\"urbanismo t\u00e1ctico\"],\"articleSection\":[\"Expedient Barcelona (ES)\",\"Punts clau del dia (ES)\"],\"inLanguage\":\"es\",\"potentialAction\":[{\"@type\":\"CommentAction\",\"name\":\"Comment\",\"target\":[\"https:\/\/conversesacatalunya.cat\/es\/barcelona-el-arte-municipal-de-atascar-todas-las-calles\/#respond\"]}]},{\"@type\":\"WebPage\",\"@id\":\"https:\/\/conversesacatalunya.cat\/es\/barcelona-el-arte-municipal-de-atascar-todas-las-calles\/\",\"url\":\"https:\/\/conversesacatalunya.cat\/es\/barcelona-el-arte-municipal-de-atascar-todas-las-calles\/\",\"name\":\"Barcelona: el arte municipal de atascar todas las calles\",\"isPartOf\":{\"@id\":\"https:\/\/conversesacatalunya.cat\/#website\"},\"primaryImageOfPage\":{\"@id\":\"https:\/\/conversesacatalunya.cat\/es\/barcelona-el-arte-municipal-de-atascar-todas-las-calles\/#primaryimage\"},\"image\":{\"@id\":\"https:\/\/conversesacatalunya.cat\/es\/barcelona-el-arte-municipal-de-atascar-todas-las-calles\/#primaryimage\"},\"thumbnailUrl\":\"https:\/\/conversesacatalunya.cat\/wp-content\/uploads\/2022\/10\/atascobarcelona.jpg\",\"datePublished\":\"2022-10-13T09:31:44+00:00\",\"dateModified\":\"2022-10-13T10:16:16+00:00\",\"author\":{\"@id\":\"https:\/\/conversesacatalunya.cat\/#\/schema\/person\/7e24d1e54a2785373ddcb275eae5ed99\"},\"description\":\"Nunca Barcelona hab\u00eda vivido tal desorden en la circulaci\u00f3n y tan importantes embotellamientos\",\"breadcrumb\":{\"@id\":\"https:\/\/conversesacatalunya.cat\/es\/barcelona-el-arte-municipal-de-atascar-todas-las-calles\/#breadcrumb\"},\"inLanguage\":\"es\",\"potentialAction\":[{\"@type\":\"ReadAction\",\"target\":[\"https:\/\/conversesacatalunya.cat\/es\/barcelona-el-arte-municipal-de-atascar-todas-las-calles\/\"]}]},{\"@type\":\"ImageObject\",\"inLanguage\":\"es\",\"@id\":\"https:\/\/conversesacatalunya.cat\/es\/barcelona-el-arte-municipal-de-atascar-todas-las-calles\/#primaryimage\",\"url\":\"https:\/\/conversesacatalunya.cat\/wp-content\/uploads\/2022\/10\/atascobarcelona.jpg\",\"contentUrl\":\"https:\/\/conversesacatalunya.cat\/wp-content\/uploads\/2022\/10\/atascobarcelona.jpg\",\"width\":660,\"height\":330},{\"@type\":\"BreadcrumbList\",\"@id\":\"https:\/\/conversesacatalunya.cat\/es\/barcelona-el-arte-municipal-de-atascar-todas-las-calles\/#breadcrumb\",\"itemListElement\":[{\"@type\":\"ListItem\",\"position\":1,\"name\":\"Inici\",\"item\":\"https:\/\/conversesacatalunya.cat\/es\/\"},{\"@type\":\"ListItem\",\"position\":2,\"name\":\"Barcelona: el arte municipal de atascar todas las calles\"}]},{\"@type\":\"WebSite\",\"@id\":\"https:\/\/conversesacatalunya.cat\/#website\",\"url\":\"https:\/\/conversesacatalunya.cat\/\",\"name\":\"Converses a Catalunya\",\"description\":\"\",\"potentialAction\":[{\"@type\":\"SearchAction\",\"target\":{\"@type\":\"EntryPoint\",\"urlTemplate\":\"https:\/\/conversesacatalunya.cat\/?s={search_term_string}\"},\"query-input\":{\"@type\":\"PropertyValueSpecification\",\"valueRequired\":true,\"valueName\":\"search_term_string\"}}],\"inLanguage\":\"es\"},{\"@type\":\"Person\",\"@id\":\"https:\/\/conversesacatalunya.cat\/#\/schema\/person\/7e24d1e54a2785373ddcb275eae5ed99\",\"name\":\"conversesacatalunya\",\"image\":{\"@type\":\"ImageObject\",\"inLanguage\":\"es\",\"@id\":\"https:\/\/conversesacatalunya.cat\/#\/schema\/person\/image\/\",\"url\":\"https:\/\/conversesacatalunya.cat\/wp-content\/litespeed\/avatar\/febdfeeec89d950f01c748045a981dd2.jpg?ver=1777314535\",\"contentUrl\":\"https:\/\/conversesacatalunya.cat\/wp-content\/litespeed\/avatar\/febdfeeec89d950f01c748045a981dd2.jpg?ver=1777314535\",\"caption\":\"conversesacatalunya\"},\"url\":\"https:\/\/conversesacatalunya.cat\/es\/author\/carme_catala\/\"}]}<\/script>\n<!-- \/ Yoast SEO plugin. -->","yoast_head_json":{"title":"Barcelona: el arte municipal de atascar todas las calles","description":"Nunca Barcelona hab\u00eda vivido tal desorden en la circulaci\u00f3n y tan importantes embotellamientos","robots":{"index":"index","follow":"follow","max-snippet":"max-snippet:-1","max-image-preview":"max-image-preview:large","max-video-preview":"max-video-preview:-1"},"canonical":"https:\/\/conversesacatalunya.cat\/es\/barcelona-el-arte-municipal-de-atascar-todas-las-calles\/","og_locale":"es_ES","og_type":"article","og_title":"Barcelona: el arte municipal de atascar todas las calles","og_description":"Nunca Barcelona hab\u00eda vivido tal desorden en la circulaci\u00f3n y tan importantes embotellamientos","og_url":"https:\/\/conversesacatalunya.cat\/es\/barcelona-el-arte-municipal-de-atascar-todas-las-calles\/","og_site_name":"Converses a Catalunya","article_published_time":"2022-10-13T09:31:44+00:00","article_modified_time":"2022-10-13T10:16:16+00:00","og_image":[{"width":660,"height":330,"url":"https:\/\/conversesacatalunya.cat\/wp-content\/uploads\/2022\/10\/atascobarcelona.jpg","type":"image\/jpeg"}],"author":"conversesacatalunya","twitter_card":"summary_large_image","twitter_misc":{"Escrito por":"conversesacatalunya","Tiempo de lectura":"4 minutos"},"schema":{"@context":"https:\/\/schema.org","@graph":[{"@type":"Article","@id":"https:\/\/conversesacatalunya.cat\/es\/barcelona-el-arte-municipal-de-atascar-todas-las-calles\/#article","isPartOf":{"@id":"https:\/\/conversesacatalunya.cat\/es\/barcelona-el-arte-municipal-de-atascar-todas-las-calles\/"},"author":{"name":"conversesacatalunya","@id":"https:\/\/conversesacatalunya.cat\/#\/schema\/person\/7e24d1e54a2785373ddcb275eae5ed99"},"headline":"Barcelona: el arte municipal de atascar todas las calles","datePublished":"2022-10-13T09:31:44+00:00","dateModified":"2022-10-13T10:16:16+00:00","mainEntityOfPage":{"@id":"https:\/\/conversesacatalunya.cat\/es\/barcelona-el-arte-municipal-de-atascar-todas-las-calles\/"},"wordCount":781,"commentCount":0,"image":{"@id":"https:\/\/conversesacatalunya.cat\/es\/barcelona-el-arte-municipal-de-atascar-todas-las-calles\/#primaryimage"},"thumbnailUrl":"https:\/\/conversesacatalunya.cat\/wp-content\/uploads\/2022\/10\/atascobarcelona.jpg","keywords":["circulaci\u00f3n","urbanismo t\u00e1ctico"],"articleSection":["Expedient Barcelona (ES)","Punts clau del dia (ES)"],"inLanguage":"es","potentialAction":[{"@type":"CommentAction","name":"Comment","target":["https:\/\/conversesacatalunya.cat\/es\/barcelona-el-arte-municipal-de-atascar-todas-las-calles\/#respond"]}]},{"@type":"WebPage","@id":"https:\/\/conversesacatalunya.cat\/es\/barcelona-el-arte-municipal-de-atascar-todas-las-calles\/","url":"https:\/\/conversesacatalunya.cat\/es\/barcelona-el-arte-municipal-de-atascar-todas-las-calles\/","name":"Barcelona: el arte municipal de atascar todas las calles","isPartOf":{"@id":"https:\/\/conversesacatalunya.cat\/#website"},"primaryImageOfPage":{"@id":"https:\/\/conversesacatalunya.cat\/es\/barcelona-el-arte-municipal-de-atascar-todas-las-calles\/#primaryimage"},"image":{"@id":"https:\/\/conversesacatalunya.cat\/es\/barcelona-el-arte-municipal-de-atascar-todas-las-calles\/#primaryimage"},"thumbnailUrl":"https:\/\/conversesacatalunya.cat\/wp-content\/uploads\/2022\/10\/atascobarcelona.jpg","datePublished":"2022-10-13T09:31:44+00:00","dateModified":"2022-10-13T10:16:16+00:00","author":{"@id":"https:\/\/conversesacatalunya.cat\/#\/schema\/person\/7e24d1e54a2785373ddcb275eae5ed99"},"description":"Nunca Barcelona hab\u00eda vivido tal desorden en la circulaci\u00f3n y tan importantes embotellamientos","breadcrumb":{"@id":"https:\/\/conversesacatalunya.cat\/es\/barcelona-el-arte-municipal-de-atascar-todas-las-calles\/#breadcrumb"},"inLanguage":"es","potentialAction":[{"@type":"ReadAction","target":["https:\/\/conversesacatalunya.cat\/es\/barcelona-el-arte-municipal-de-atascar-todas-las-calles\/"]}]},{"@type":"ImageObject","inLanguage":"es","@id":"https:\/\/conversesacatalunya.cat\/es\/barcelona-el-arte-municipal-de-atascar-todas-las-calles\/#primaryimage","url":"https:\/\/conversesacatalunya.cat\/wp-content\/uploads\/2022\/10\/atascobarcelona.jpg","contentUrl":"https:\/\/conversesacatalunya.cat\/wp-content\/uploads\/2022\/10\/atascobarcelona.jpg","width":660,"height":330},{"@type":"BreadcrumbList","@id":"https:\/\/conversesacatalunya.cat\/es\/barcelona-el-arte-municipal-de-atascar-todas-las-calles\/#breadcrumb","itemListElement":[{"@type":"ListItem","position":1,"name":"Inici","item":"https:\/\/conversesacatalunya.cat\/es\/"},{"@type":"ListItem","position":2,"name":"Barcelona: el arte municipal de atascar todas las calles"}]},{"@type":"WebSite","@id":"https:\/\/conversesacatalunya.cat\/#website","url":"https:\/\/conversesacatalunya.cat\/","name":"Converses a Catalunya","description":"","potentialAction":[{"@type":"SearchAction","target":{"@type":"EntryPoint","urlTemplate":"https:\/\/conversesacatalunya.cat\/?s={search_term_string}"},"query-input":{"@type":"PropertyValueSpecification","valueRequired":true,"valueName":"search_term_string"}}],"inLanguage":"es"},{"@type":"Person","@id":"https:\/\/conversesacatalunya.cat\/#\/schema\/person\/7e24d1e54a2785373ddcb275eae5ed99","name":"conversesacatalunya","image":{"@type":"ImageObject","inLanguage":"es","@id":"https:\/\/conversesacatalunya.cat\/#\/schema\/person\/image\/","url":"https:\/\/conversesacatalunya.cat\/wp-content\/litespeed\/avatar\/febdfeeec89d950f01c748045a981dd2.jpg?ver=1777314535","contentUrl":"https:\/\/conversesacatalunya.cat\/wp-content\/litespeed\/avatar\/febdfeeec89d950f01c748045a981dd2.jpg?ver=1777314535","caption":"conversesacatalunya"},"url":"https:\/\/conversesacatalunya.cat\/es\/author\/carme_catala\/"}]}},"wps_subtitle":"Nunca Barcelona hab\u00eda vivido tal desorden en la circulaci\u00f3n y tan importantes embotellamientos","_links":{"self":[{"href":"https:\/\/conversesacatalunya.cat\/es\/wp-json\/wp\/v2\/posts\/61462","targetHints":{"allow":["GET"]}}],"collection":[{"href":"https:\/\/conversesacatalunya.cat\/es\/wp-json\/wp\/v2\/posts"}],"about":[{"href":"https:\/\/conversesacatalunya.cat\/es\/wp-json\/wp\/v2\/types\/post"}],"author":[{"embeddable":true,"href":"https:\/\/conversesacatalunya.cat\/es\/wp-json\/wp\/v2\/users\/2"}],"replies":[{"embeddable":true,"href":"https:\/\/conversesacatalunya.cat\/es\/wp-json\/wp\/v2\/comments?post=61462"}],"version-history":[{"count":2,"href":"https:\/\/conversesacatalunya.cat\/es\/wp-json\/wp\/v2\/posts\/61462\/revisions"}],"predecessor-version":[{"id":61464,"href":"https:\/\/conversesacatalunya.cat\/es\/wp-json\/wp\/v2\/posts\/61462\/revisions\/61464"}],"wp:featuredmedia":[{"embeddable":true,"href":"https:\/\/conversesacatalunya.cat\/es\/wp-json\/wp\/v2\/media\/61453"}],"wp:attachment":[{"href":"https:\/\/conversesacatalunya.cat\/es\/wp-json\/wp\/v2\/media?parent=61462"}],"wp:term":[{"taxonomy":"category","embeddable":true,"href":"https:\/\/conversesacatalunya.cat\/es\/wp-json\/wp\/v2\/categories?post=61462"},{"taxonomy":"post_tag","embeddable":true,"href":"https:\/\/conversesacatalunya.cat\/es\/wp-json\/wp\/v2\/tags?post=61462"}],"curies":[{"name":"wp","href":"https:\/\/api.w.org\/{rel}","templated":true}]}}