{"id":61445,"date":"2022-10-13T10:58:04","date_gmt":"2022-10-13T08:58:04","guid":{"rendered":"https:\/\/conversesacatalunya.cat\/?p=61445"},"modified":"2022-10-14T10:07:18","modified_gmt":"2022-10-14T08:07:18","slug":"crisis-de-gobierno-y-crisis-de-cataluna","status":"publish","type":"post","link":"https:\/\/conversesacatalunya.cat\/es\/crisis-de-gobierno-y-crisis-de-cataluna\/","title":{"rendered":"Crisis de gobierno y crisis de Catalu\u00f1a"},"content":{"rendered":"<p>La salida de JxCat del Gobierno de Pere Aragon\u00e8s, tiene tantas interpretaciones c\u00f3mo alineaciones pol\u00edticas hay. Pero, una realidad se impone sobre todas las glosas: el <strong>gobierno est\u00e1 en crisis<\/strong>.<\/p>\n<p>La raz\u00f3n es muy evidente. Solo dispone de 33 de los 68 diputados que garantizan la mayor\u00eda absoluta, menos de la mitad, y con esto no se puede pretender gobernar en serio. No solo por las dificultades para aprobar los Presupuestos, sino por los bandazos que puede dar el tener de buscar apoyos aqu\u00ed y all\u00e1.<\/p>\n<p>Y el problema todav\u00eda se complica m\u00e1s por el <strong>veto de Junqueras al PSC<\/strong>. No es arbitrario, tiene su l\u00f3gica partidista. Lo que peor que podr\u00eda hacer ERC justo despu\u00e9s de la ruptura con Junts, ser\u00eda pactar inmediatamente con los socialistas, un colaborador necesario, de la intervenci\u00f3n excepcional sobre la Generalitat mediante la aplicaci\u00f3n del art\u00edculo 155 de la Constituci\u00f3n.<\/p>\n<p>Para el mundo independentista el socialismo pertenece al territorio 155 y es todo un s\u00edmbolo.<\/p>\n<p>Por la v\u00eda pr\u00e1ctica pactar significa rebajar la capacidad de ERC de negociaci\u00f3n con el Gobierno espa\u00f1ol, por la dependencia que habr\u00edan establecido. Bastar\u00eda una palabra de S\u00e1nchez para que el gobierno de Aragon\u00e8s se tambaleara.<\/p>\n<p>Pero claro, estas consideraciones de la estrategia de los republicanos no resuelven el problema de gobernar Catalu\u00f1a de una forma, ya no digamos buena, sino medio decente. Porque, y este no es un dato menor, ahora <strong>el Gobierno Aragon\u00e8s, como el de su precedente en manos de Junts, ha sido francamente malo, deficiente e ineficaz<\/strong>. El calificativo a gusto del consumidor, pero el sentido es claro y compartido.<\/p>\n<p>Solo hace falta ver el <em>\u00edndice Europeo de Progreso Social<\/em>, en el apartado de la calidad de los gobiernos regionales, para constatar que la calificaci\u00f3n de Catalu\u00f1a es de las peores de Espa\u00f1a, junto con Andaluc\u00eda, y a a a\u00f1os luz del resto de Europa. Se asemeja a muchas de las regiones italianas y en buena medida a las de los pa\u00edses del Este. Obviamente estamos en general mejor que en Ruman\u00eda, Bulgaria y Grecia, pero no superamos en cuanto a calidad de gobierno otras regiones de Hungr\u00eda y Polonia, y estamos peor que la mayor\u00eda de las de la Rep\u00fablicas Checa. Es un p\u00e9simo resultado.<\/p>\n<p>Se puede aducir que no son datos que puedan aplicarse al momento presente, sino que responden al 2018 y 2019, pero resulta evidente que las cosas desde entonces no han mejorado. Solo hace falta ver el estado de la tramitaci\u00f3n de los fondos europeos <strong>Next Generation<\/strong>, para constatar que de la gesti\u00f3n que se hace, a una situaci\u00f3n m\u00e1s o menos ca\u00f3tica, solo hay una delgada l\u00ednea de separaci\u00f3n.<\/p>\n<p>Catalu\u00f1a presenta un retraso extraordinario en instalaciones productoras de energ\u00edas alternativas, grandes decisiones como las del aeropuerto de Barcelona est\u00e1n bloqueadas, el Corredor Mediterr\u00e1neo avanza a paso cansino, la principal v\u00eda la AP2 est\u00e1 colapsada, Rodalies es un desastre diario<\/p>\n<p>Desde 2017 han marchado <strong>3981 empresas catalanas a Madrid<\/strong>, pero lo que es peor Nissan se fue y su sustituci\u00f3n no cubre el hueco dejado por, y cada vez es m\u00e1s fuerte, el runrun sobre la progresiva desaparici\u00f3n de Seat, y su sustituci\u00f3n por Cupra, una marca acreditada a pesar de su juventud, pero con una producci\u00f3n m\u00e1xima que ni de lejos cubrir\u00e1 la capacidad de Martorell. En otras palabras, nos estamos descapitalizando y desindustrializando a medio y largo plazo.<\/p>\n<p>La <a href=\"https:\/\/conversesacatalunya.cat\/es\/fracaso-educacion-cataluna\/\" target=\"_blank\" rel=\"noopener\"><strong>crisis de la ense\u00f1anza<\/strong><\/a> es equivalente a la espa\u00f1ola, y en relaci\u00f3n con el contexto europeo estamos peor ahora que hace 20 a\u00f1os, el nivel del universitario ha descendido en estas dos d\u00e9cadas, y ahora ya no se trata de su ortograf\u00eda, sino de algo mucho m\u00e1s grave como es la falta de comprensi\u00f3n lectora en una porci\u00f3n importante de todos ellos.<\/p>\n<p>La <a href=\"https:\/\/conversesacatalunya.cat\/es\/la-destructora-crisis-de-natalidad-de-cataluna\/\" target=\"_blank\" rel=\"noopener\"><strong>natalidad est\u00e1 en ca\u00edda libre<\/strong><\/a>, y sustituimos nuestro capital humano por inmigraci\u00f3n dirigida sobre todo a ocupar lugares de trabajo menos productivos, de esta manera es imposible que crezca la productividad, y si ella no lo hace la renta futura tampoco.<\/p>\n<p>Y esto es solo una parte, porque podr\u00eda abrir el frente de la inseguridad, del creciente asentamiento de mafias internacionales relacionadas con la droga y el habernos convertido en los primeros productores y exportadores de marihuana de Europa, con el riesgo que esto comporta.<\/p>\n<p>Todo esto no se arregla con pactos pol\u00edticos circunstanciales y gobiernos inestables, aunque creo que el panorama es mucho peor, porque en mayor o menor medida todos los actores pol\u00edticos han contribuido a este desastre.<\/p>\n<p>\u00bfSoluciones? Quiz\u00e1s no las haya, quiz\u00e1s una regeneraci\u00f3n surgida del propio centro de la sociedad civil, para no quedarnos solo con una nota pesimista. En cualquier caso, seguir con la pol\u00edtica de campanario, el juego de los partidos que viven en un mundo auto referenciado en el que parece que las palabras tienen un valor m\u00e1gico, no va a resolver nada. Hay que observar la realidad y actuar en conciencia, antes de que la realidad nos aplaste.<\/p>\n<div id=\"polls-169\" class=\"wp-polls\">\n\t<form id=\"polls_form_169\" class=\"wp-polls-form\" action=\"\/index.php\" method=\"post\">\n\t\t<p style=\"display: none;\"><input type=\"hidden\" id=\"poll_169_nonce\" name=\"wp-polls-nonce\" value=\"67168c7ebb\" \/><\/p>\n\t\t<p style=\"display: none;\"><input type=\"hidden\" name=\"poll_id\" value=\"169\" \/><\/p>\n\t\t<p style=\"text-align: center\"><strong>Creus que \u00e9s el moment perqu\u00e8 torni Puigdemont?<\/strong><\/p><div id=\"polls-169-ans\" class=\"wp-polls-ans\"><ul class=\"wp-polls-ul\">\n\t\t<li><input type=\"radio\" id=\"poll-answer-447\" name=\"poll_169\" value=\"447\" \/> <label for=\"poll-answer-447\">S\u00ed<\/label><\/li>\n\t\t<li><input type=\"radio\" id=\"poll-answer-448\" name=\"poll_169\" value=\"448\" \/> <label for=\"poll-answer-448\">No<\/label><\/li>\n\t\t<li><input type=\"radio\" id=\"poll-answer-449\" name=\"poll_169\" value=\"449\" \/> <label for=\"poll-answer-449\">No ho s\u00e9<\/label><\/li>\n\t\t<\/ul><p style=\"text-align: center\"><input type=\"button\" name=\"vote\" value=\"   Vota   \" class=\"Buttons\" onclick=\"poll_vote(169);\" \/><\/p><p style=\"text-align: center\"><a href=\"#ViewPollResults\" onclick=\"poll_result(169); return false;\" title=\"View Results Of This Poll\">Mira els resultats<\/a><\/p><\/div>\n\t<\/form>\n<\/div>\n<div id=\"polls-169-loading\" class=\"wp-polls-loading\"><img decoding=\"async\" data-src=\"https:\/\/conversesacatalunya.cat\/wp-content\/plugins\/wp-polls\/images\/loading.gif\" width=\"16\" height=\"16\" alt=\"Cargando ...\" title=\"Cargando ...\" class=\"wp-polls-image lazyload\" src=\"data:image\/svg+xml;base64,PHN2ZyB3aWR0aD0iMSIgaGVpZ2h0PSIxIiB4bWxucz0iaHR0cDovL3d3dy53My5vcmcvMjAwMC9zdmciPjwvc3ZnPg==\" style=\"--smush-placeholder-width: 16px; --smush-placeholder-aspect-ratio: 16\/16;\" \/>&nbsp;Cargando ...<\/div>\n\n","protected":false},"excerpt":{"rendered":"<p>La salida de JxCat del Gobierno de Pere Aragon\u00e8s, tiene tantas interpretaciones c\u00f3mo alineaciones pol\u00edticas hay. Pero, una realidad se impone sobre todas las glosas: el gobierno est\u00e1 en crisis. La raz\u00f3n es muy evidente. Solo dispone de 33 de los 68 diputados que garantizan la mayor\u00eda absoluta, menos de la mitad, y con esto no se puede pretender gobernar en serio. No solo por las dificultades para aprobar los Presupuestos, sino por los bandazos que puede dar el tener de buscar apoyos aqu\u00ed y all\u00e1. Y el problema todav\u00eda se complica m\u00e1s por el veto de Junqueras al PSC. No es arbitrario, tiene su l\u00f3gica partidista. Lo que peor que podr\u00eda hacer ERC justo despu\u00e9s de la ruptura con Junts, ser\u00eda pactar inmediatamente con los socialistas, un colaborador necesario, de la intervenci\u00f3n excepcional sobre la Generalitat mediante la aplicaci\u00f3n del art\u00edculo 155 de la Constituci\u00f3n. Para el mundo independentista el socialismo pertenece al territorio 155 y es todo un s\u00edmbolo. Por la v\u00eda pr\u00e1ctica pactar significa rebajar la capacidad de ERC de negociaci\u00f3n con el Gobierno espa\u00f1ol, por la dependencia que habr\u00edan establecido. Bastar\u00eda una palabra de S\u00e1nchez para que el gobierno de Aragon\u00e8s se tambaleara. Pero claro, estas consideraciones de la estrategia de los republicanos no resuelven el problema de gobernar Catalu\u00f1a de una forma, ya no digamos buena, sino medio decente. Porque, y este no es un dato menor, ahora el Gobierno Aragon\u00e8s, como el de su precedente en manos de Junts, ha sido francamente malo, deficiente e ineficaz. El calificativo a gusto del consumidor, pero el sentido es claro y compartido. Solo hace falta ver el \u00edndice Europeo de Progreso Social, en el apartado de la calidad de los gobiernos regionales, para constatar que la calificaci\u00f3n de Catalu\u00f1a es de las peores de Espa\u00f1a, junto con Andaluc\u00eda, y a a a\u00f1os luz del resto de Europa. Se asemeja a muchas de las regiones italianas y en buena medida a las de los pa\u00edses del Este. Obviamente estamos en general mejor que en Ruman\u00eda, Bulgaria y Grecia, pero no superamos en cuanto a calidad de gobierno otras regiones de Hungr\u00eda y Polonia, y estamos peor que la mayor\u00eda de las de la Rep\u00fablicas Checa. Es un p\u00e9simo resultado. Se puede aducir que no son datos que puedan aplicarse al momento presente, sino que responden al 2018 y 2019, pero resulta evidente que las cosas desde entonces no han mejorado. Solo hace falta ver el estado de la tramitaci\u00f3n de los fondos europeos Next Generation, para constatar que de la gesti\u00f3n que se hace, a una situaci\u00f3n m\u00e1s o menos ca\u00f3tica, solo hay una delgada l\u00ednea de separaci\u00f3n. Catalu\u00f1a presenta un retraso extraordinario en instalaciones productoras de energ\u00edas alternativas, grandes decisiones como las del aeropuerto de Barcelona est\u00e1n bloqueadas, el Corredor Mediterr\u00e1neo avanza a paso cansino, la principal v\u00eda la AP2 est\u00e1 colapsada, Rodalies es un desastre diario Desde 2017 han marchado 3981 empresas catalanas a Madrid, pero lo que es peor Nissan se fue y su sustituci\u00f3n no cubre el hueco dejado por, y cada vez es m\u00e1s fuerte, el runrun sobre la progresiva desaparici\u00f3n de Seat, y su sustituci\u00f3n por Cupra, una marca acreditada a pesar de su juventud, pero con una producci\u00f3n m\u00e1xima que ni de lejos cubrir\u00e1 la capacidad de Martorell. En otras palabras, nos estamos descapitalizando y desindustrializando a medio y largo plazo. La crisis de la ense\u00f1anza es equivalente a la espa\u00f1ola, y en relaci\u00f3n con el contexto europeo estamos peor ahora que hace 20 a\u00f1os, el nivel del universitario ha descendido en estas dos d\u00e9cadas, y ahora ya no se trata de su ortograf\u00eda, sino de algo mucho m\u00e1s grave como es la falta de comprensi\u00f3n lectora en una porci\u00f3n importante de todos ellos. La natalidad est\u00e1 en ca\u00edda libre, y sustituimos nuestro capital humano por inmigraci\u00f3n dirigida sobre todo a ocupar lugares de trabajo menos productivos, de esta manera es imposible que crezca la productividad, y si ella no lo hace la renta futura tampoco. Y esto es solo una parte, porque podr\u00eda abrir el frente de la inseguridad, del creciente asentamiento de mafias internacionales relacionadas con la droga y el habernos convertido en los primeros productores y exportadores de marihuana de Europa, con el riesgo que esto comporta. Todo esto no se arregla con pactos pol\u00edticos circunstanciales y gobiernos inestables, aunque creo que el panorama es mucho peor, porque en mayor o menor medida todos los actores pol\u00edticos han contribuido a este desastre. \u00bfSoluciones? Quiz\u00e1s no las haya, quiz\u00e1s una regeneraci\u00f3n surgida del propio centro de la sociedad civil, para no quedarnos solo con una nota pesimista. En cualquier caso, seguir con la pol\u00edtica de campanario, el juego de los partidos que viven en un mundo auto referenciado en el que parece que las palabras tienen un valor m\u00e1gico, no va a resolver nada. Hay que observar la realidad y actuar en conciencia, antes de que la realidad nos aplaste.<\/p>\n","protected":false},"author":19,"featured_media":61446,"comment_status":"open","ping_status":"open","sticky":false,"template":"","format":"standard","meta":{"_FSMCFIC_featured_image_caption":"","_FSMCFIC_featured_image_nocaption":"","_FSMCFIC_featured_image_hide":"","footnotes":""},"categories":[796],"tags":[1653,2232],"class_list":["post-61445","post","type-post","status-publish","format-standard","has-post-thumbnail","hentry","category-el-blog-de-josep-miro-i-ardevol-es","tag-crisis-catalana","tag-gobierno-de-la-generalitat"],"yoast_head":"<!-- This site is optimized with the Yoast SEO plugin v26.8 - https:\/\/yoast.com\/product\/yoast-seo-wordpress\/ -->\n<title>Crisis de gobierno y crisis de Catalu\u00f1a - Converses a Catalunya<\/title>\n<meta name=\"robots\" content=\"index, follow, max-snippet:-1, max-image-preview:large, max-video-preview:-1\" \/>\n<link rel=\"canonical\" href=\"https:\/\/conversesacatalunya.cat\/es\/crisis-de-gobierno-y-crisis-de-cataluna\/\" \/>\n<meta property=\"og:locale\" content=\"es_ES\" \/>\n<meta property=\"og:type\" content=\"article\" \/>\n<meta property=\"og:title\" content=\"Crisis de gobierno y crisis de Catalu\u00f1a - Converses a Catalunya\" \/>\n<meta property=\"og:description\" content=\"La salida de JxCat del Gobierno de Pere Aragon\u00e8s, tiene tantas interpretaciones c\u00f3mo alineaciones pol\u00edticas hay. Pero, una realidad se impone sobre todas las glosas: el gobierno est\u00e1 en crisis. La raz\u00f3n es muy evidente. Solo dispone de 33 de los 68 diputados que garantizan la mayor\u00eda absoluta, menos de la mitad, y con esto no se puede pretender gobernar en serio. No solo por las dificultades para aprobar los Presupuestos, sino por los bandazos que puede dar el tener de buscar apoyos aqu\u00ed y all\u00e1. Y el problema todav\u00eda se complica m\u00e1s por el veto de Junqueras al PSC. No es arbitrario, tiene su l\u00f3gica partidista. Lo que peor que podr\u00eda hacer ERC justo despu\u00e9s de la ruptura con Junts, ser\u00eda pactar inmediatamente con los socialistas, un colaborador necesario, de la intervenci\u00f3n excepcional sobre la Generalitat mediante la aplicaci\u00f3n del art\u00edculo 155 de la Constituci\u00f3n. Para el mundo independentista el socialismo pertenece al territorio 155 y es todo un s\u00edmbolo. Por la v\u00eda pr\u00e1ctica pactar significa rebajar la capacidad de ERC de negociaci\u00f3n con el Gobierno espa\u00f1ol, por la dependencia que habr\u00edan establecido. Bastar\u00eda una palabra de S\u00e1nchez para que el gobierno de Aragon\u00e8s se tambaleara. Pero claro, estas consideraciones de la estrategia de los republicanos no resuelven el problema de gobernar Catalu\u00f1a de una forma, ya no digamos buena, sino medio decente. Porque, y este no es un dato menor, ahora el Gobierno Aragon\u00e8s, como el de su precedente en manos de Junts, ha sido francamente malo, deficiente e ineficaz. El calificativo a gusto del consumidor, pero el sentido es claro y compartido. Solo hace falta ver el \u00edndice Europeo de Progreso Social, en el apartado de la calidad de los gobiernos regionales, para constatar que la calificaci\u00f3n de Catalu\u00f1a es de las peores de Espa\u00f1a, junto con Andaluc\u00eda, y a a a\u00f1os luz del resto de Europa. Se asemeja a muchas de las regiones italianas y en buena medida a las de los pa\u00edses del Este. Obviamente estamos en general mejor que en Ruman\u00eda, Bulgaria y Grecia, pero no superamos en cuanto a calidad de gobierno otras regiones de Hungr\u00eda y Polonia, y estamos peor que la mayor\u00eda de las de la Rep\u00fablicas Checa. Es un p\u00e9simo resultado. Se puede aducir que no son datos que puedan aplicarse al momento presente, sino que responden al 2018 y 2019, pero resulta evidente que las cosas desde entonces no han mejorado. Solo hace falta ver el estado de la tramitaci\u00f3n de los fondos europeos Next Generation, para constatar que de la gesti\u00f3n que se hace, a una situaci\u00f3n m\u00e1s o menos ca\u00f3tica, solo hay una delgada l\u00ednea de separaci\u00f3n. Catalu\u00f1a presenta un retraso extraordinario en instalaciones productoras de energ\u00edas alternativas, grandes decisiones como las del aeropuerto de Barcelona est\u00e1n bloqueadas, el Corredor Mediterr\u00e1neo avanza a paso cansino, la principal v\u00eda la AP2 est\u00e1 colapsada, Rodalies es un desastre diario Desde 2017 han marchado 3981 empresas catalanas a Madrid, pero lo que es peor Nissan se fue y su sustituci\u00f3n no cubre el hueco dejado por, y cada vez es m\u00e1s fuerte, el runrun sobre la progresiva desaparici\u00f3n de Seat, y su sustituci\u00f3n por Cupra, una marca acreditada a pesar de su juventud, pero con una producci\u00f3n m\u00e1xima que ni de lejos cubrir\u00e1 la capacidad de Martorell. En otras palabras, nos estamos descapitalizando y desindustrializando a medio y largo plazo. La crisis de la ense\u00f1anza es equivalente a la espa\u00f1ola, y en relaci\u00f3n con el contexto europeo estamos peor ahora que hace 20 a\u00f1os, el nivel del universitario ha descendido en estas dos d\u00e9cadas, y ahora ya no se trata de su ortograf\u00eda, sino de algo mucho m\u00e1s grave como es la falta de comprensi\u00f3n lectora en una porci\u00f3n importante de todos ellos. La natalidad est\u00e1 en ca\u00edda libre, y sustituimos nuestro capital humano por inmigraci\u00f3n dirigida sobre todo a ocupar lugares de trabajo menos productivos, de esta manera es imposible que crezca la productividad, y si ella no lo hace la renta futura tampoco. Y esto es solo una parte, porque podr\u00eda abrir el frente de la inseguridad, del creciente asentamiento de mafias internacionales relacionadas con la droga y el habernos convertido en los primeros productores y exportadores de marihuana de Europa, con el riesgo que esto comporta. Todo esto no se arregla con pactos pol\u00edticos circunstanciales y gobiernos inestables, aunque creo que el panorama es mucho peor, porque en mayor o menor medida todos los actores pol\u00edticos han contribuido a este desastre. \u00bfSoluciones? Quiz\u00e1s no las haya, quiz\u00e1s una regeneraci\u00f3n surgida del propio centro de la sociedad civil, para no quedarnos solo con una nota pesimista. En cualquier caso, seguir con la pol\u00edtica de campanario, el juego de los partidos que viven en un mundo auto referenciado en el que parece que las palabras tienen un valor m\u00e1gico, no va a resolver nada. Hay que observar la realidad y actuar en conciencia, antes de que la realidad nos aplaste.\" \/>\n<meta property=\"og:url\" content=\"https:\/\/conversesacatalunya.cat\/es\/crisis-de-gobierno-y-crisis-de-cataluna\/\" \/>\n<meta property=\"og:site_name\" content=\"Converses a Catalunya\" \/>\n<meta property=\"article:published_time\" content=\"2022-10-13T08:58:04+00:00\" \/>\n<meta property=\"article:modified_time\" content=\"2022-10-14T08:07:18+00:00\" \/>\n<meta property=\"og:image\" content=\"https:\/\/conversesacatalunya.cat\/wp-content\/uploads\/2022\/10\/crisis-cataluna.jpg\" \/>\n\t<meta property=\"og:image:width\" content=\"768\" \/>\n\t<meta property=\"og:image:height\" content=\"432\" \/>\n\t<meta property=\"og:image:type\" content=\"image\/jpeg\" \/>\n<meta name=\"author\" content=\"Josep Mir\u00f3 i Ard\u00e8vol\" \/>\n<meta name=\"twitter:card\" content=\"summary_large_image\" \/>\n<meta name=\"twitter:label1\" content=\"Escrito por\" \/>\n\t<meta name=\"twitter:data1\" content=\"Josep Mir\u00f3 i Ard\u00e8vol\" \/>\n\t<meta name=\"twitter:label2\" content=\"Tiempo de lectura\" \/>\n\t<meta name=\"twitter:data2\" content=\"4 minutos\" \/>\n<script type=\"application\/ld+json\" class=\"yoast-schema-graph\">{\"@context\":\"https:\/\/schema.org\",\"@graph\":[{\"@type\":\"Article\",\"@id\":\"https:\/\/conversesacatalunya.cat\/es\/crisis-de-gobierno-y-crisis-de-cataluna\/#article\",\"isPartOf\":{\"@id\":\"https:\/\/conversesacatalunya.cat\/es\/crisis-de-gobierno-y-crisis-de-cataluna\/\"},\"author\":{\"name\":\"Josep Mir\u00f3 i Ard\u00e8vol\",\"@id\":\"https:\/\/conversesacatalunya.cat\/#\/schema\/person\/a9598a6786ba7d3d1c5e0de477b79370\"},\"headline\":\"Crisis de gobierno y crisis de Catalu\u00f1a\",\"datePublished\":\"2022-10-13T08:58:04+00:00\",\"dateModified\":\"2022-10-14T08:07:18+00:00\",\"mainEntityOfPage\":{\"@id\":\"https:\/\/conversesacatalunya.cat\/es\/crisis-de-gobierno-y-crisis-de-cataluna\/\"},\"wordCount\":896,\"commentCount\":0,\"image\":{\"@id\":\"https:\/\/conversesacatalunya.cat\/es\/crisis-de-gobierno-y-crisis-de-cataluna\/#primaryimage\"},\"thumbnailUrl\":\"https:\/\/conversesacatalunya.cat\/wp-content\/uploads\/2022\/10\/crisis-cataluna.jpg\",\"keywords\":[\"crisis catalana\",\"gobierno de la Generalitat\"],\"articleSection\":[\"El Blog de Josep Mir\u00f3 i Ard\u00e8vol (ES)\"],\"inLanguage\":\"es\",\"potentialAction\":[{\"@type\":\"CommentAction\",\"name\":\"Comment\",\"target\":[\"https:\/\/conversesacatalunya.cat\/es\/crisis-de-gobierno-y-crisis-de-cataluna\/#respond\"]}]},{\"@type\":\"WebPage\",\"@id\":\"https:\/\/conversesacatalunya.cat\/es\/crisis-de-gobierno-y-crisis-de-cataluna\/\",\"url\":\"https:\/\/conversesacatalunya.cat\/es\/crisis-de-gobierno-y-crisis-de-cataluna\/\",\"name\":\"Crisis de gobierno y crisis de Catalu\u00f1a - Converses a Catalunya\",\"isPartOf\":{\"@id\":\"https:\/\/conversesacatalunya.cat\/#website\"},\"primaryImageOfPage\":{\"@id\":\"https:\/\/conversesacatalunya.cat\/es\/crisis-de-gobierno-y-crisis-de-cataluna\/#primaryimage\"},\"image\":{\"@id\":\"https:\/\/conversesacatalunya.cat\/es\/crisis-de-gobierno-y-crisis-de-cataluna\/#primaryimage\"},\"thumbnailUrl\":\"https:\/\/conversesacatalunya.cat\/wp-content\/uploads\/2022\/10\/crisis-cataluna.jpg\",\"datePublished\":\"2022-10-13T08:58:04+00:00\",\"dateModified\":\"2022-10-14T08:07:18+00:00\",\"author\":{\"@id\":\"https:\/\/conversesacatalunya.cat\/#\/schema\/person\/a9598a6786ba7d3d1c5e0de477b79370\"},\"breadcrumb\":{\"@id\":\"https:\/\/conversesacatalunya.cat\/es\/crisis-de-gobierno-y-crisis-de-cataluna\/#breadcrumb\"},\"inLanguage\":\"es\",\"potentialAction\":[{\"@type\":\"ReadAction\",\"target\":[\"https:\/\/conversesacatalunya.cat\/es\/crisis-de-gobierno-y-crisis-de-cataluna\/\"]}]},{\"@type\":\"ImageObject\",\"inLanguage\":\"es\",\"@id\":\"https:\/\/conversesacatalunya.cat\/es\/crisis-de-gobierno-y-crisis-de-cataluna\/#primaryimage\",\"url\":\"https:\/\/conversesacatalunya.cat\/wp-content\/uploads\/2022\/10\/crisis-cataluna.jpg\",\"contentUrl\":\"https:\/\/conversesacatalunya.cat\/wp-content\/uploads\/2022\/10\/crisis-cataluna.jpg\",\"width\":768,\"height\":432,\"caption\":\"crisis Catalu\u00f1a\"},{\"@type\":\"BreadcrumbList\",\"@id\":\"https:\/\/conversesacatalunya.cat\/es\/crisis-de-gobierno-y-crisis-de-cataluna\/#breadcrumb\",\"itemListElement\":[{\"@type\":\"ListItem\",\"position\":1,\"name\":\"Inici\",\"item\":\"https:\/\/conversesacatalunya.cat\/es\/\"},{\"@type\":\"ListItem\",\"position\":2,\"name\":\"Crisis de gobierno y crisis de Catalu\u00f1a\"}]},{\"@type\":\"WebSite\",\"@id\":\"https:\/\/conversesacatalunya.cat\/#website\",\"url\":\"https:\/\/conversesacatalunya.cat\/\",\"name\":\"Converses a Catalunya\",\"description\":\"\",\"potentialAction\":[{\"@type\":\"SearchAction\",\"target\":{\"@type\":\"EntryPoint\",\"urlTemplate\":\"https:\/\/conversesacatalunya.cat\/?s={search_term_string}\"},\"query-input\":{\"@type\":\"PropertyValueSpecification\",\"valueRequired\":true,\"valueName\":\"search_term_string\"}}],\"inLanguage\":\"es\"},{\"@type\":\"Person\",\"@id\":\"https:\/\/conversesacatalunya.cat\/#\/schema\/person\/a9598a6786ba7d3d1c5e0de477b79370\",\"name\":\"Josep Mir\u00f3 i Ard\u00e8vol\",\"image\":{\"@type\":\"ImageObject\",\"inLanguage\":\"es\",\"@id\":\"https:\/\/conversesacatalunya.cat\/#\/schema\/person\/image\/\",\"url\":\"https:\/\/conversesacatalunya.cat\/wp-content\/litespeed\/avatar\/c37e3dc881857483d6694cdf98fdedea.jpg?ver=1777270381\",\"contentUrl\":\"https:\/\/conversesacatalunya.cat\/wp-content\/litespeed\/avatar\/c37e3dc881857483d6694cdf98fdedea.jpg?ver=1777270381\",\"caption\":\"Josep Mir\u00f3 i Ard\u00e8vol\"},\"url\":\"https:\/\/conversesacatalunya.cat\/es\/author\/josep-miro-i-ardevol\/\"}]}<\/script>\n<!-- \/ Yoast SEO plugin. -->","yoast_head_json":{"title":"Crisis de gobierno y crisis de Catalu\u00f1a - Converses a Catalunya","robots":{"index":"index","follow":"follow","max-snippet":"max-snippet:-1","max-image-preview":"max-image-preview:large","max-video-preview":"max-video-preview:-1"},"canonical":"https:\/\/conversesacatalunya.cat\/es\/crisis-de-gobierno-y-crisis-de-cataluna\/","og_locale":"es_ES","og_type":"article","og_title":"Crisis de gobierno y crisis de Catalu\u00f1a - Converses a Catalunya","og_description":"La salida de JxCat del Gobierno de Pere Aragon\u00e8s, tiene tantas interpretaciones c\u00f3mo alineaciones pol\u00edticas hay. Pero, una realidad se impone sobre todas las glosas: el gobierno est\u00e1 en crisis. La raz\u00f3n es muy evidente. Solo dispone de 33 de los 68 diputados que garantizan la mayor\u00eda absoluta, menos de la mitad, y con esto no se puede pretender gobernar en serio. No solo por las dificultades para aprobar los Presupuestos, sino por los bandazos que puede dar el tener de buscar apoyos aqu\u00ed y all\u00e1. Y el problema todav\u00eda se complica m\u00e1s por el veto de Junqueras al PSC. No es arbitrario, tiene su l\u00f3gica partidista. Lo que peor que podr\u00eda hacer ERC justo despu\u00e9s de la ruptura con Junts, ser\u00eda pactar inmediatamente con los socialistas, un colaborador necesario, de la intervenci\u00f3n excepcional sobre la Generalitat mediante la aplicaci\u00f3n del art\u00edculo 155 de la Constituci\u00f3n. Para el mundo independentista el socialismo pertenece al territorio 155 y es todo un s\u00edmbolo. Por la v\u00eda pr\u00e1ctica pactar significa rebajar la capacidad de ERC de negociaci\u00f3n con el Gobierno espa\u00f1ol, por la dependencia que habr\u00edan establecido. Bastar\u00eda una palabra de S\u00e1nchez para que el gobierno de Aragon\u00e8s se tambaleara. Pero claro, estas consideraciones de la estrategia de los republicanos no resuelven el problema de gobernar Catalu\u00f1a de una forma, ya no digamos buena, sino medio decente. Porque, y este no es un dato menor, ahora el Gobierno Aragon\u00e8s, como el de su precedente en manos de Junts, ha sido francamente malo, deficiente e ineficaz. El calificativo a gusto del consumidor, pero el sentido es claro y compartido. Solo hace falta ver el \u00edndice Europeo de Progreso Social, en el apartado de la calidad de los gobiernos regionales, para constatar que la calificaci\u00f3n de Catalu\u00f1a es de las peores de Espa\u00f1a, junto con Andaluc\u00eda, y a a a\u00f1os luz del resto de Europa. Se asemeja a muchas de las regiones italianas y en buena medida a las de los pa\u00edses del Este. Obviamente estamos en general mejor que en Ruman\u00eda, Bulgaria y Grecia, pero no superamos en cuanto a calidad de gobierno otras regiones de Hungr\u00eda y Polonia, y estamos peor que la mayor\u00eda de las de la Rep\u00fablicas Checa. Es un p\u00e9simo resultado. Se puede aducir que no son datos que puedan aplicarse al momento presente, sino que responden al 2018 y 2019, pero resulta evidente que las cosas desde entonces no han mejorado. Solo hace falta ver el estado de la tramitaci\u00f3n de los fondos europeos Next Generation, para constatar que de la gesti\u00f3n que se hace, a una situaci\u00f3n m\u00e1s o menos ca\u00f3tica, solo hay una delgada l\u00ednea de separaci\u00f3n. Catalu\u00f1a presenta un retraso extraordinario en instalaciones productoras de energ\u00edas alternativas, grandes decisiones como las del aeropuerto de Barcelona est\u00e1n bloqueadas, el Corredor Mediterr\u00e1neo avanza a paso cansino, la principal v\u00eda la AP2 est\u00e1 colapsada, Rodalies es un desastre diario Desde 2017 han marchado 3981 empresas catalanas a Madrid, pero lo que es peor Nissan se fue y su sustituci\u00f3n no cubre el hueco dejado por, y cada vez es m\u00e1s fuerte, el runrun sobre la progresiva desaparici\u00f3n de Seat, y su sustituci\u00f3n por Cupra, una marca acreditada a pesar de su juventud, pero con una producci\u00f3n m\u00e1xima que ni de lejos cubrir\u00e1 la capacidad de Martorell. En otras palabras, nos estamos descapitalizando y desindustrializando a medio y largo plazo. La crisis de la ense\u00f1anza es equivalente a la espa\u00f1ola, y en relaci\u00f3n con el contexto europeo estamos peor ahora que hace 20 a\u00f1os, el nivel del universitario ha descendido en estas dos d\u00e9cadas, y ahora ya no se trata de su ortograf\u00eda, sino de algo mucho m\u00e1s grave como es la falta de comprensi\u00f3n lectora en una porci\u00f3n importante de todos ellos. La natalidad est\u00e1 en ca\u00edda libre, y sustituimos nuestro capital humano por inmigraci\u00f3n dirigida sobre todo a ocupar lugares de trabajo menos productivos, de esta manera es imposible que crezca la productividad, y si ella no lo hace la renta futura tampoco. Y esto es solo una parte, porque podr\u00eda abrir el frente de la inseguridad, del creciente asentamiento de mafias internacionales relacionadas con la droga y el habernos convertido en los primeros productores y exportadores de marihuana de Europa, con el riesgo que esto comporta. Todo esto no se arregla con pactos pol\u00edticos circunstanciales y gobiernos inestables, aunque creo que el panorama es mucho peor, porque en mayor o menor medida todos los actores pol\u00edticos han contribuido a este desastre. \u00bfSoluciones? Quiz\u00e1s no las haya, quiz\u00e1s una regeneraci\u00f3n surgida del propio centro de la sociedad civil, para no quedarnos solo con una nota pesimista. En cualquier caso, seguir con la pol\u00edtica de campanario, el juego de los partidos que viven en un mundo auto referenciado en el que parece que las palabras tienen un valor m\u00e1gico, no va a resolver nada. Hay que observar la realidad y actuar en conciencia, antes de que la realidad nos aplaste.","og_url":"https:\/\/conversesacatalunya.cat\/es\/crisis-de-gobierno-y-crisis-de-cataluna\/","og_site_name":"Converses a Catalunya","article_published_time":"2022-10-13T08:58:04+00:00","article_modified_time":"2022-10-14T08:07:18+00:00","og_image":[{"width":768,"height":432,"url":"https:\/\/conversesacatalunya.cat\/wp-content\/uploads\/2022\/10\/crisis-cataluna.jpg","type":"image\/jpeg"}],"author":"Josep Mir\u00f3 i Ard\u00e8vol","twitter_card":"summary_large_image","twitter_misc":{"Escrito por":"Josep Mir\u00f3 i Ard\u00e8vol","Tiempo de lectura":"4 minutos"},"schema":{"@context":"https:\/\/schema.org","@graph":[{"@type":"Article","@id":"https:\/\/conversesacatalunya.cat\/es\/crisis-de-gobierno-y-crisis-de-cataluna\/#article","isPartOf":{"@id":"https:\/\/conversesacatalunya.cat\/es\/crisis-de-gobierno-y-crisis-de-cataluna\/"},"author":{"name":"Josep Mir\u00f3 i Ard\u00e8vol","@id":"https:\/\/conversesacatalunya.cat\/#\/schema\/person\/a9598a6786ba7d3d1c5e0de477b79370"},"headline":"Crisis de gobierno y crisis de Catalu\u00f1a","datePublished":"2022-10-13T08:58:04+00:00","dateModified":"2022-10-14T08:07:18+00:00","mainEntityOfPage":{"@id":"https:\/\/conversesacatalunya.cat\/es\/crisis-de-gobierno-y-crisis-de-cataluna\/"},"wordCount":896,"commentCount":0,"image":{"@id":"https:\/\/conversesacatalunya.cat\/es\/crisis-de-gobierno-y-crisis-de-cataluna\/#primaryimage"},"thumbnailUrl":"https:\/\/conversesacatalunya.cat\/wp-content\/uploads\/2022\/10\/crisis-cataluna.jpg","keywords":["crisis catalana","gobierno de la Generalitat"],"articleSection":["El Blog de Josep Mir\u00f3 i Ard\u00e8vol (ES)"],"inLanguage":"es","potentialAction":[{"@type":"CommentAction","name":"Comment","target":["https:\/\/conversesacatalunya.cat\/es\/crisis-de-gobierno-y-crisis-de-cataluna\/#respond"]}]},{"@type":"WebPage","@id":"https:\/\/conversesacatalunya.cat\/es\/crisis-de-gobierno-y-crisis-de-cataluna\/","url":"https:\/\/conversesacatalunya.cat\/es\/crisis-de-gobierno-y-crisis-de-cataluna\/","name":"Crisis de gobierno y crisis de Catalu\u00f1a - Converses a Catalunya","isPartOf":{"@id":"https:\/\/conversesacatalunya.cat\/#website"},"primaryImageOfPage":{"@id":"https:\/\/conversesacatalunya.cat\/es\/crisis-de-gobierno-y-crisis-de-cataluna\/#primaryimage"},"image":{"@id":"https:\/\/conversesacatalunya.cat\/es\/crisis-de-gobierno-y-crisis-de-cataluna\/#primaryimage"},"thumbnailUrl":"https:\/\/conversesacatalunya.cat\/wp-content\/uploads\/2022\/10\/crisis-cataluna.jpg","datePublished":"2022-10-13T08:58:04+00:00","dateModified":"2022-10-14T08:07:18+00:00","author":{"@id":"https:\/\/conversesacatalunya.cat\/#\/schema\/person\/a9598a6786ba7d3d1c5e0de477b79370"},"breadcrumb":{"@id":"https:\/\/conversesacatalunya.cat\/es\/crisis-de-gobierno-y-crisis-de-cataluna\/#breadcrumb"},"inLanguage":"es","potentialAction":[{"@type":"ReadAction","target":["https:\/\/conversesacatalunya.cat\/es\/crisis-de-gobierno-y-crisis-de-cataluna\/"]}]},{"@type":"ImageObject","inLanguage":"es","@id":"https:\/\/conversesacatalunya.cat\/es\/crisis-de-gobierno-y-crisis-de-cataluna\/#primaryimage","url":"https:\/\/conversesacatalunya.cat\/wp-content\/uploads\/2022\/10\/crisis-cataluna.jpg","contentUrl":"https:\/\/conversesacatalunya.cat\/wp-content\/uploads\/2022\/10\/crisis-cataluna.jpg","width":768,"height":432,"caption":"crisis Catalu\u00f1a"},{"@type":"BreadcrumbList","@id":"https:\/\/conversesacatalunya.cat\/es\/crisis-de-gobierno-y-crisis-de-cataluna\/#breadcrumb","itemListElement":[{"@type":"ListItem","position":1,"name":"Inici","item":"https:\/\/conversesacatalunya.cat\/es\/"},{"@type":"ListItem","position":2,"name":"Crisis de gobierno y crisis de Catalu\u00f1a"}]},{"@type":"WebSite","@id":"https:\/\/conversesacatalunya.cat\/#website","url":"https:\/\/conversesacatalunya.cat\/","name":"Converses a Catalunya","description":"","potentialAction":[{"@type":"SearchAction","target":{"@type":"EntryPoint","urlTemplate":"https:\/\/conversesacatalunya.cat\/?s={search_term_string}"},"query-input":{"@type":"PropertyValueSpecification","valueRequired":true,"valueName":"search_term_string"}}],"inLanguage":"es"},{"@type":"Person","@id":"https:\/\/conversesacatalunya.cat\/#\/schema\/person\/a9598a6786ba7d3d1c5e0de477b79370","name":"Josep Mir\u00f3 i Ard\u00e8vol","image":{"@type":"ImageObject","inLanguage":"es","@id":"https:\/\/conversesacatalunya.cat\/#\/schema\/person\/image\/","url":"https:\/\/conversesacatalunya.cat\/wp-content\/litespeed\/avatar\/c37e3dc881857483d6694cdf98fdedea.jpg?ver=1777270381","contentUrl":"https:\/\/conversesacatalunya.cat\/wp-content\/litespeed\/avatar\/c37e3dc881857483d6694cdf98fdedea.jpg?ver=1777270381","caption":"Josep Mir\u00f3 i Ard\u00e8vol"},"url":"https:\/\/conversesacatalunya.cat\/es\/author\/josep-miro-i-ardevol\/"}]}},"wps_subtitle":"El Gobierno Aragon\u00e8s, como el de su precedente en manos de Junts, ha sido francamente malo, deficiente e ineficaz","_links":{"self":[{"href":"https:\/\/conversesacatalunya.cat\/es\/wp-json\/wp\/v2\/posts\/61445","targetHints":{"allow":["GET"]}}],"collection":[{"href":"https:\/\/conversesacatalunya.cat\/es\/wp-json\/wp\/v2\/posts"}],"about":[{"href":"https:\/\/conversesacatalunya.cat\/es\/wp-json\/wp\/v2\/types\/post"}],"author":[{"embeddable":true,"href":"https:\/\/conversesacatalunya.cat\/es\/wp-json\/wp\/v2\/users\/19"}],"replies":[{"embeddable":true,"href":"https:\/\/conversesacatalunya.cat\/es\/wp-json\/wp\/v2\/comments?post=61445"}],"version-history":[{"count":1,"href":"https:\/\/conversesacatalunya.cat\/es\/wp-json\/wp\/v2\/posts\/61445\/revisions"}],"predecessor-version":[{"id":61448,"href":"https:\/\/conversesacatalunya.cat\/es\/wp-json\/wp\/v2\/posts\/61445\/revisions\/61448"}],"wp:featuredmedia":[{"embeddable":true,"href":"https:\/\/conversesacatalunya.cat\/es\/wp-json\/wp\/v2\/media\/61446"}],"wp:attachment":[{"href":"https:\/\/conversesacatalunya.cat\/es\/wp-json\/wp\/v2\/media?parent=61445"}],"wp:term":[{"taxonomy":"category","embeddable":true,"href":"https:\/\/conversesacatalunya.cat\/es\/wp-json\/wp\/v2\/categories?post=61445"},{"taxonomy":"post_tag","embeddable":true,"href":"https:\/\/conversesacatalunya.cat\/es\/wp-json\/wp\/v2\/tags?post=61445"}],"curies":[{"name":"wp","href":"https:\/\/api.w.org\/{rel}","templated":true}]}}