{"id":61385,"date":"2022-10-10T11:31:48","date_gmt":"2022-10-10T09:31:48","guid":{"rendered":"https:\/\/conversesacatalunya.cat\/junts-guanya-si-puigdemont-torna\/"},"modified":"2022-10-10T19:00:12","modified_gmt":"2022-10-10T17:00:12","slug":"junts-gana-si-puigdemont-vuelve","status":"publish","type":"post","link":"https:\/\/conversesacatalunya.cat\/es\/junts-gana-si-puigdemont-vuelve\/","title":{"rendered":"Junts gana si Puigdemont vuelve"},"content":{"rendered":"<p><span class=\"\">A estas alturas JxCat tiene todos los n\u00fameros de ser el gran derrotado del independentismo y ver reducido su peso electoral hasta el declive m\u00e1s absoluto. <\/span>Los factores que operan en ese sentido son poderosos.<\/p>\n<p>La tendencia incansable al fraccionamiento de la antigua CiU, que se convirti\u00f3 en CDC para pasar a ser el PDeCAT,\u00a0 demostr\u00f3 ser muy inestable acabando en convertirse en un peque\u00f1o partido, mientras que de \u00e9l surg\u00eda la componente principal de JxCat. Ahora esta formaci\u00f3n est\u00e1 dividida por la participaci\u00f3n o no en el gobierno, sino por la mitad, casi, y eso afecta a su futuro a corto plazo. Mientras el PDeCAT a su vez ha dado lugar parcialmente a una nueva formaci\u00f3n, Centrem, que no acaba de estabilizarse.\u00a0Por tanto, todo este estado pol\u00edtico sufre una\u00a0<strong>fragmentaci\u00f3n y falta de estabilidad desde que CiU desapareci\u00f3<\/strong>.<\/p>\n<p>Un segundo factor es la\u00a0<strong>p\u00e9rdida muy importante de cargos<\/strong>, muchos de ellos relevantes, y de los recursos que llevan emparejados y de la influencia que \u00e9stos generan.\u00a0Tambi\u00e9n significa una reducci\u00f3n en los ingresos del partido que, en buena medida, se alimentan de una parte de los salarios de los altos cargos.\u00a0<strong>P\u00e9rdida de influencia y dificultades econ\u00f3micas<\/strong>\u00a0son dos lastres a a\u00f1adir al listado de dificultades.<\/p>\n<p>JxCat no tiene unos objetivos (otra cosa es la finalidad; la independencia), ni un proyecto suficientemente definido, y eso en pol\u00edtica castiga y mucho porque el discurso que solo contiene afirmaciones finalistas tiene un escaso recorrido, sobre todo cuando las emociones, el entusiasmo y la fe, han desaparecido en buena parte de las bases y de la calle, y tambi\u00e9n es escasa la confianza en los dirigentes.<\/p>\n<p>Todas estas dificultades vienen a confrontarse con el reto de las municipales.\u00a0Una cita a corto plazo que coger\u00e1 al partido empezando un nuevo estadio, el de <strong>fuerza opositora<\/strong>, para el que tiene una experiencia escasa. Una variable en este \u00e1mbito es el caso particular de Trias, primero si se acaba presentando y segundo si obtiene o no un buen resultado. Si todos los astros se alinean bien en ese caso podr\u00eda ser una buena inyecci\u00f3n para el partido.\u00a0Pero no est\u00e1 garantizada.<\/p>\n<p><span class=\"goog-text-highlight\">Sin que tenga un camino f\u00e1cil\u00a0<\/span><strong><span class=\"goog-text-highlight\">todo juega a favor de ERC<\/span><\/strong><span class=\"goog-text-highlight\"> que, adem\u00e1s, cuenta con su pacto con S\u00e1nchez, que le da ventajas en relaci\u00f3n al poder del estado, aunque de ellos no se saque ning\u00fan rendimiento por la cuesti\u00f3n te\u00f3ricamente central de la amnist\u00eda y la consulta pactada. <\/span>ERC juega con la ventaja de que todo el mundo la da por ganadora en su pulso con JxCat y, porque sabe y saben que puede seguir gobernando incluso en caso de que gane el PSC.<\/p>\n<p>Las cartas est\u00e1n repartidas y las de Junts son francamente malas.\u00a0<span class=\"\">S\u00f3lo un factor disruptivo fuerte podr\u00eda alterar ese escenario.\u00a0<\/span>Y\u00a0<strong>este factor se llama Puigdemont<\/strong>.\u00a0Concretamente\u00a0<strong>su vuelta a Catalu\u00f1a<\/strong>.\u00a0Imagin\u00e9monos el escenario: viaje en coche acompa\u00f1ado de un peque\u00f1o equipo, seguido por un grupo de periodistas seleccionados, que despu\u00e9s narrar\u00e1 en t\u00e9rminos \u00e9picos todo el viaje.<\/p>\n<p>Se hace presente en Barcelona de inc\u00f3gnito.\u00a0Hay convocada una rueda de prensa sin anunciar que estar\u00e1, pero que s\u00ed se dar\u00e1 una gran noticia.\u00a0Puigdemont hace su aparici\u00f3n.\u00a0Cientos de personas se concentran en la calle, dan espect\u00e1culo y hacen imposible un hipot\u00e9tico acceso de la polic\u00eda.\u00a0<span class=\"\">Puigdemont declarar\u00e1 que\u00a0<\/span><strong><span class=\"\">ha vuelto para impulsar desde el pa\u00eds la independencia<\/span><\/strong><span class=\"\">, que es diputado europeo y que si le detienen se vulnerar\u00e1 el derecho de todos los diputados de este parlamento.\u00a0<\/span>Se termina la rueda de prensa y desaparece.<\/p>\n<p>Pero sigue.\u00a0Va haciendo actos por todas partes hasta que en un momento determinado, de eso se trata, le detienen, lo llevan a Madrid e ingresa en prisi\u00f3n: ya tenemos al Mandela catal\u00e1n.<\/p>\n<p>Inmediatamente, sale la reivindicaci\u00f3n de que se lo come todo: Puigdemont libertad!!!\u00a0Tambi\u00e9n hay revuelo m\u00e1s o menos modesto a nivel europeo.\u00a0<strong><span class=\"\">Su nombre vuelve a estar presente en los medios de comunicaci\u00f3n de todas partes<\/span><\/strong><span class=\"\">.\u00a0<\/span>Est\u00e1 encarcelado el presidente elegido y diputado europeo.\u00a0La campa\u00f1a de Junts ya est\u00e1 hecha.\u00a0Volvemos a tener el entusiasmo creado y un objetivo muy concreto para empezar: \u00a1Libertad Puigdemont!\u00a0JxCat renace y se convierte en hegem\u00f3nica en el espacio independentista.\u00a0ERC solo puede ir a remolque con un gobierno que solo dispone de 33 diputados de los 68 necesarios para la mayor\u00eda absoluta.<\/p>\n<span class='bctt-click-to-tweet'><span class='bctt-ctt-text'><a href='https:\/\/twitter.com\/intent\/tweet?url=https%3A%2F%2Fconversesacatalunya.cat%2Fes%2Fjunts-gana-si-puigdemont-vuelve%2F&#038;text=Este%20factor%20se%20llama%20Puigdemont.%20Concretamente%20su%20vuelta%20a%20Catalu%C3%B1a&#038;via=conversesacat&#038;related=conversesacat' target='_blank'rel=\"noopener noreferrer\">Este factor se llama Puigdemont. Concretamente su vuelta a Catalu\u00f1a <\/a><\/span><a href='https:\/\/twitter.com\/intent\/tweet?url=https%3A%2F%2Fconversesacatalunya.cat%2Fes%2Fjunts-gana-si-puigdemont-vuelve%2F&#038;text=Este%20factor%20se%20llama%20Puigdemont.%20Concretamente%20su%20vuelta%20a%20Catalu%C3%B1a&#038;via=conversesacat&#038;related=conversesacat' target='_blank' class='bctt-ctt-btn'rel=\"noopener noreferrer\">Compartir en X<\/a><\/span>\n<div id=\"polls-169\" class=\"wp-polls\">\n\t<form id=\"polls_form_169\" class=\"wp-polls-form\" action=\"\/index.php\" method=\"post\">\n\t\t<p style=\"display: none;\"><input type=\"hidden\" id=\"poll_169_nonce\" name=\"wp-polls-nonce\" value=\"67168c7ebb\" \/><\/p>\n\t\t<p style=\"display: none;\"><input type=\"hidden\" name=\"poll_id\" value=\"169\" \/><\/p>\n\t\t<p style=\"text-align: center\"><strong>Creus que \u00e9s el moment perqu\u00e8 torni Puigdemont?<\/strong><\/p><div id=\"polls-169-ans\" class=\"wp-polls-ans\"><ul class=\"wp-polls-ul\">\n\t\t<li><input type=\"radio\" id=\"poll-answer-447\" name=\"poll_169\" value=\"447\" \/> <label for=\"poll-answer-447\">S\u00ed<\/label><\/li>\n\t\t<li><input type=\"radio\" id=\"poll-answer-448\" name=\"poll_169\" value=\"448\" \/> <label for=\"poll-answer-448\">No<\/label><\/li>\n\t\t<li><input type=\"radio\" id=\"poll-answer-449\" name=\"poll_169\" value=\"449\" \/> <label for=\"poll-answer-449\">No ho s\u00e9<\/label><\/li>\n\t\t<\/ul><p style=\"text-align: center\"><input type=\"button\" name=\"vote\" value=\"   Vota   \" class=\"Buttons\" onclick=\"poll_vote(169);\" \/><\/p><p style=\"text-align: center\"><a href=\"#ViewPollResults\" onclick=\"poll_result(169); return false;\" title=\"View Results Of This Poll\">Mira els resultats<\/a><\/p><\/div>\n\t<\/form>\n<\/div>\n<div id=\"polls-169-loading\" class=\"wp-polls-loading\"><img decoding=\"async\" data-src=\"https:\/\/conversesacatalunya.cat\/wp-content\/plugins\/wp-polls\/images\/loading.gif\" width=\"16\" height=\"16\" alt=\"Cargando ...\" title=\"Cargando ...\" class=\"wp-polls-image lazyload\" src=\"data:image\/svg+xml;base64,PHN2ZyB3aWR0aD0iMSIgaGVpZ2h0PSIxIiB4bWxucz0iaHR0cDovL3d3dy53My5vcmcvMjAwMC9zdmciPjwvc3ZnPg==\" style=\"--smush-placeholder-width: 16px; --smush-placeholder-aspect-ratio: 16\/16;\" \/>&nbsp;Cargando ...<\/div>\n\n","protected":false},"excerpt":{"rendered":"<p>A estas alturas JxCat tiene todos los n\u00fameros de ser el gran derrotado del independentismo y ver reducido su peso electoral hasta el declive m\u00e1s absoluto. Los factores que operan en ese sentido son poderosos. La tendencia incansable al fraccionamiento de la antigua CiU, que se convirti\u00f3 en CDC para pasar a ser el PDeCAT,\u00a0 demostr\u00f3 ser muy inestable acabando en convertirse en un peque\u00f1o partido, mientras que de \u00e9l surg\u00eda la componente principal de JxCat. Ahora esta formaci\u00f3n est\u00e1 dividida por la participaci\u00f3n o no en el gobierno, sino por la mitad, casi, y eso afecta a su futuro a corto plazo. Mientras el PDeCAT a su vez ha dado lugar parcialmente a una nueva formaci\u00f3n, Centrem, que no acaba de estabilizarse.\u00a0Por tanto, todo este estado pol\u00edtico sufre una\u00a0fragmentaci\u00f3n y falta de estabilidad desde que CiU desapareci\u00f3. Un segundo factor es la\u00a0p\u00e9rdida muy importante de cargos, muchos de ellos relevantes, y de los recursos que llevan emparejados y de la influencia que \u00e9stos generan.\u00a0Tambi\u00e9n significa una reducci\u00f3n en los ingresos del partido que, en buena medida, se alimentan de una parte de los salarios de los altos cargos.\u00a0P\u00e9rdida de influencia y dificultades econ\u00f3micas\u00a0son dos lastres a a\u00f1adir al listado de dificultades. JxCat no tiene unos objetivos (otra cosa es la finalidad; la independencia), ni un proyecto suficientemente definido, y eso en pol\u00edtica castiga y mucho porque el discurso que solo contiene afirmaciones finalistas tiene un escaso recorrido, sobre todo cuando las emociones, el entusiasmo y la fe, han desaparecido en buena parte de las bases y de la calle, y tambi\u00e9n es escasa la confianza en los dirigentes. Todas estas dificultades vienen a confrontarse con el reto de las municipales.\u00a0Una cita a corto plazo que coger\u00e1 al partido empezando un nuevo estadio, el de fuerza opositora, para el que tiene una experiencia escasa. Una variable en este \u00e1mbito es el caso particular de Trias, primero si se acaba presentando y segundo si obtiene o no un buen resultado. Si todos los astros se alinean bien en ese caso podr\u00eda ser una buena inyecci\u00f3n para el partido.\u00a0Pero no est\u00e1 garantizada. Sin que tenga un camino f\u00e1cil\u00a0todo juega a favor de ERC que, adem\u00e1s, cuenta con su pacto con S\u00e1nchez, que le da ventajas en relaci\u00f3n al poder del estado, aunque de ellos no se saque ning\u00fan rendimiento por la cuesti\u00f3n te\u00f3ricamente central de la amnist\u00eda y la consulta pactada. ERC juega con la ventaja de que todo el mundo la da por ganadora en su pulso con JxCat y, porque sabe y saben que puede seguir gobernando incluso en caso de que gane el PSC. Las cartas est\u00e1n repartidas y las de Junts son francamente malas.\u00a0S\u00f3lo un factor disruptivo fuerte podr\u00eda alterar ese escenario.\u00a0Y\u00a0este factor se llama Puigdemont.\u00a0Concretamente\u00a0su vuelta a Catalu\u00f1a.\u00a0Imagin\u00e9monos el escenario: viaje en coche acompa\u00f1ado de un peque\u00f1o equipo, seguido por un grupo de periodistas seleccionados, que despu\u00e9s narrar\u00e1 en t\u00e9rminos \u00e9picos todo el viaje. Se hace presente en Barcelona de inc\u00f3gnito.\u00a0Hay convocada una rueda de prensa sin anunciar que estar\u00e1, pero que s\u00ed se dar\u00e1 una gran noticia.\u00a0Puigdemont hace su aparici\u00f3n.\u00a0Cientos de personas se concentran en la calle, dan espect\u00e1culo y hacen imposible un hipot\u00e9tico acceso de la polic\u00eda.\u00a0Puigdemont declarar\u00e1 que\u00a0ha vuelto para impulsar desde el pa\u00eds la independencia, que es diputado europeo y que si le detienen se vulnerar\u00e1 el derecho de todos los diputados de este parlamento.\u00a0Se termina la rueda de prensa y desaparece. Pero sigue.\u00a0Va haciendo actos por todas partes hasta que en un momento determinado, de eso se trata, le detienen, lo llevan a Madrid e ingresa en prisi\u00f3n: ya tenemos al Mandela catal\u00e1n. Inmediatamente, sale la reivindicaci\u00f3n de que se lo come todo: Puigdemont libertad!!!\u00a0Tambi\u00e9n hay revuelo m\u00e1s o menos modesto a nivel europeo.\u00a0Su nombre vuelve a estar presente en los medios de comunicaci\u00f3n de todas partes.\u00a0Est\u00e1 encarcelado el presidente elegido y diputado europeo.\u00a0La campa\u00f1a de Junts ya est\u00e1 hecha.\u00a0Volvemos a tener el entusiasmo creado y un objetivo muy concreto para empezar: \u00a1Libertad Puigdemont!\u00a0JxCat renace y se convierte en hegem\u00f3nica en el espacio independentista.\u00a0ERC solo puede ir a remolque con un gobierno que solo dispone de 33 diputados de los 68 necesarios para la mayor\u00eda absoluta.<\/p>\n","protected":false},"author":2,"featured_media":61370,"comment_status":"open","ping_status":"open","sticky":false,"template":"","format":"standard","meta":{"_FSMCFIC_featured_image_caption":"","_FSMCFIC_featured_image_nocaption":"","_FSMCFIC_featured_image_hide":"","footnotes":""},"categories":[806],"tags":[1129,1154],"class_list":["post-61385","post","type-post","status-publish","format-standard","has-post-thumbnail","hentry","category-punts-claus-del-dia-es","tag-carles-puigdemont-es","tag-jxcat-es"],"yoast_head":"<!-- This site is optimized with the Yoast SEO plugin v26.8 - https:\/\/yoast.com\/product\/yoast-seo-wordpress\/ -->\n<title>Junts gana si Puigdemont vuelve<\/title>\n<meta name=\"description\" content=\"Las cartas est\u00e1n repartidas y las de Junts son francamente malas. Solo un factor podr\u00eda alterar ese escenario, Puigdemont vuelve\" \/>\n<meta name=\"robots\" content=\"index, follow, max-snippet:-1, max-image-preview:large, max-video-preview:-1\" \/>\n<link rel=\"canonical\" href=\"https:\/\/conversesacatalunya.cat\/es\/junts-gana-si-puigdemont-vuelve\/\" \/>\n<meta property=\"og:locale\" content=\"es_ES\" \/>\n<meta property=\"og:type\" content=\"article\" \/>\n<meta property=\"og:title\" content=\"Junts gana si Puigdemont vuelve\" \/>\n<meta property=\"og:description\" content=\"Las cartas est\u00e1n repartidas y las de Junts son francamente malas. Solo un factor podr\u00eda alterar ese escenario, Puigdemont vuelve\" \/>\n<meta property=\"og:url\" content=\"https:\/\/conversesacatalunya.cat\/es\/junts-gana-si-puigdemont-vuelve\/\" \/>\n<meta property=\"og:site_name\" content=\"Converses a Catalunya\" \/>\n<meta property=\"article:published_time\" content=\"2022-10-10T09:31:48+00:00\" \/>\n<meta property=\"article:modified_time\" content=\"2022-10-10T17:00:12+00:00\" \/>\n<meta property=\"og:image\" content=\"https:\/\/conversesacatalunya.cat\/wp-content\/uploads\/2022\/10\/Puigdemont.jpg\" \/>\n\t<meta property=\"og:image:width\" content=\"1280\" \/>\n\t<meta property=\"og:image:height\" content=\"853\" \/>\n\t<meta property=\"og:image:type\" content=\"image\/jpeg\" \/>\n<meta name=\"author\" content=\"conversesacatalunya\" \/>\n<meta name=\"twitter:card\" content=\"summary_large_image\" \/>\n<meta name=\"twitter:label1\" content=\"Escrito por\" \/>\n\t<meta name=\"twitter:data1\" content=\"conversesacatalunya\" \/>\n\t<meta name=\"twitter:label2\" content=\"Tiempo de lectura\" \/>\n\t<meta name=\"twitter:data2\" content=\"4 minutos\" \/>\n<script type=\"application\/ld+json\" class=\"yoast-schema-graph\">{\"@context\":\"https:\/\/schema.org\",\"@graph\":[{\"@type\":\"Article\",\"@id\":\"https:\/\/conversesacatalunya.cat\/es\/junts-gana-si-puigdemont-vuelve\/#article\",\"isPartOf\":{\"@id\":\"https:\/\/conversesacatalunya.cat\/es\/junts-gana-si-puigdemont-vuelve\/\"},\"author\":{\"name\":\"conversesacatalunya\",\"@id\":\"https:\/\/conversesacatalunya.cat\/#\/schema\/person\/7e24d1e54a2785373ddcb275eae5ed99\"},\"headline\":\"Junts gana si Puigdemont vuelve\",\"datePublished\":\"2022-10-10T09:31:48+00:00\",\"dateModified\":\"2022-10-10T17:00:12+00:00\",\"mainEntityOfPage\":{\"@id\":\"https:\/\/conversesacatalunya.cat\/es\/junts-gana-si-puigdemont-vuelve\/\"},\"wordCount\":794,\"commentCount\":0,\"image\":{\"@id\":\"https:\/\/conversesacatalunya.cat\/es\/junts-gana-si-puigdemont-vuelve\/#primaryimage\"},\"thumbnailUrl\":\"https:\/\/conversesacatalunya.cat\/wp-content\/uploads\/2022\/10\/Puigdemont.jpg\",\"keywords\":[\"Carles Puigdemont\",\"JxCat\"],\"articleSection\":[\"Punts clau del dia (ES)\"],\"inLanguage\":\"es\",\"potentialAction\":[{\"@type\":\"CommentAction\",\"name\":\"Comment\",\"target\":[\"https:\/\/conversesacatalunya.cat\/es\/junts-gana-si-puigdemont-vuelve\/#respond\"]}]},{\"@type\":\"WebPage\",\"@id\":\"https:\/\/conversesacatalunya.cat\/es\/junts-gana-si-puigdemont-vuelve\/\",\"url\":\"https:\/\/conversesacatalunya.cat\/es\/junts-gana-si-puigdemont-vuelve\/\",\"name\":\"Junts gana si Puigdemont vuelve\",\"isPartOf\":{\"@id\":\"https:\/\/conversesacatalunya.cat\/#website\"},\"primaryImageOfPage\":{\"@id\":\"https:\/\/conversesacatalunya.cat\/es\/junts-gana-si-puigdemont-vuelve\/#primaryimage\"},\"image\":{\"@id\":\"https:\/\/conversesacatalunya.cat\/es\/junts-gana-si-puigdemont-vuelve\/#primaryimage\"},\"thumbnailUrl\":\"https:\/\/conversesacatalunya.cat\/wp-content\/uploads\/2022\/10\/Puigdemont.jpg\",\"datePublished\":\"2022-10-10T09:31:48+00:00\",\"dateModified\":\"2022-10-10T17:00:12+00:00\",\"author\":{\"@id\":\"https:\/\/conversesacatalunya.cat\/#\/schema\/person\/7e24d1e54a2785373ddcb275eae5ed99\"},\"description\":\"Las cartas est\u00e1n repartidas y las de Junts son francamente malas. Solo un factor podr\u00eda alterar ese escenario, Puigdemont vuelve\",\"breadcrumb\":{\"@id\":\"https:\/\/conversesacatalunya.cat\/es\/junts-gana-si-puigdemont-vuelve\/#breadcrumb\"},\"inLanguage\":\"es\",\"potentialAction\":[{\"@type\":\"ReadAction\",\"target\":[\"https:\/\/conversesacatalunya.cat\/es\/junts-gana-si-puigdemont-vuelve\/\"]}]},{\"@type\":\"ImageObject\",\"inLanguage\":\"es\",\"@id\":\"https:\/\/conversesacatalunya.cat\/es\/junts-gana-si-puigdemont-vuelve\/#primaryimage\",\"url\":\"https:\/\/conversesacatalunya.cat\/wp-content\/uploads\/2022\/10\/Puigdemont.jpg\",\"contentUrl\":\"https:\/\/conversesacatalunya.cat\/wp-content\/uploads\/2022\/10\/Puigdemont.jpg\",\"width\":1280,\"height\":853,\"caption\":\"Puigdemont vuelve\"},{\"@type\":\"BreadcrumbList\",\"@id\":\"https:\/\/conversesacatalunya.cat\/es\/junts-gana-si-puigdemont-vuelve\/#breadcrumb\",\"itemListElement\":[{\"@type\":\"ListItem\",\"position\":1,\"name\":\"Inici\",\"item\":\"https:\/\/conversesacatalunya.cat\/es\/\"},{\"@type\":\"ListItem\",\"position\":2,\"name\":\"Junts gana si Puigdemont vuelve\"}]},{\"@type\":\"WebSite\",\"@id\":\"https:\/\/conversesacatalunya.cat\/#website\",\"url\":\"https:\/\/conversesacatalunya.cat\/\",\"name\":\"Converses a Catalunya\",\"description\":\"\",\"potentialAction\":[{\"@type\":\"SearchAction\",\"target\":{\"@type\":\"EntryPoint\",\"urlTemplate\":\"https:\/\/conversesacatalunya.cat\/?s={search_term_string}\"},\"query-input\":{\"@type\":\"PropertyValueSpecification\",\"valueRequired\":true,\"valueName\":\"search_term_string\"}}],\"inLanguage\":\"es\"},{\"@type\":\"Person\",\"@id\":\"https:\/\/conversesacatalunya.cat\/#\/schema\/person\/7e24d1e54a2785373ddcb275eae5ed99\",\"name\":\"conversesacatalunya\",\"image\":{\"@type\":\"ImageObject\",\"inLanguage\":\"es\",\"@id\":\"https:\/\/conversesacatalunya.cat\/#\/schema\/person\/image\/\",\"url\":\"https:\/\/conversesacatalunya.cat\/wp-content\/litespeed\/avatar\/febdfeeec89d950f01c748045a981dd2.jpg?ver=1777314535\",\"contentUrl\":\"https:\/\/conversesacatalunya.cat\/wp-content\/litespeed\/avatar\/febdfeeec89d950f01c748045a981dd2.jpg?ver=1777314535\",\"caption\":\"conversesacatalunya\"},\"url\":\"https:\/\/conversesacatalunya.cat\/es\/author\/carme_catala\/\"}]}<\/script>\n<!-- \/ Yoast SEO plugin. -->","yoast_head_json":{"title":"Junts gana si Puigdemont vuelve","description":"Las cartas est\u00e1n repartidas y las de Junts son francamente malas. Solo un factor podr\u00eda alterar ese escenario, Puigdemont vuelve","robots":{"index":"index","follow":"follow","max-snippet":"max-snippet:-1","max-image-preview":"max-image-preview:large","max-video-preview":"max-video-preview:-1"},"canonical":"https:\/\/conversesacatalunya.cat\/es\/junts-gana-si-puigdemont-vuelve\/","og_locale":"es_ES","og_type":"article","og_title":"Junts gana si Puigdemont vuelve","og_description":"Las cartas est\u00e1n repartidas y las de Junts son francamente malas. Solo un factor podr\u00eda alterar ese escenario, Puigdemont vuelve","og_url":"https:\/\/conversesacatalunya.cat\/es\/junts-gana-si-puigdemont-vuelve\/","og_site_name":"Converses a Catalunya","article_published_time":"2022-10-10T09:31:48+00:00","article_modified_time":"2022-10-10T17:00:12+00:00","og_image":[{"width":1280,"height":853,"url":"https:\/\/conversesacatalunya.cat\/wp-content\/uploads\/2022\/10\/Puigdemont.jpg","type":"image\/jpeg"}],"author":"conversesacatalunya","twitter_card":"summary_large_image","twitter_misc":{"Escrito por":"conversesacatalunya","Tiempo de lectura":"4 minutos"},"schema":{"@context":"https:\/\/schema.org","@graph":[{"@type":"Article","@id":"https:\/\/conversesacatalunya.cat\/es\/junts-gana-si-puigdemont-vuelve\/#article","isPartOf":{"@id":"https:\/\/conversesacatalunya.cat\/es\/junts-gana-si-puigdemont-vuelve\/"},"author":{"name":"conversesacatalunya","@id":"https:\/\/conversesacatalunya.cat\/#\/schema\/person\/7e24d1e54a2785373ddcb275eae5ed99"},"headline":"Junts gana si Puigdemont vuelve","datePublished":"2022-10-10T09:31:48+00:00","dateModified":"2022-10-10T17:00:12+00:00","mainEntityOfPage":{"@id":"https:\/\/conversesacatalunya.cat\/es\/junts-gana-si-puigdemont-vuelve\/"},"wordCount":794,"commentCount":0,"image":{"@id":"https:\/\/conversesacatalunya.cat\/es\/junts-gana-si-puigdemont-vuelve\/#primaryimage"},"thumbnailUrl":"https:\/\/conversesacatalunya.cat\/wp-content\/uploads\/2022\/10\/Puigdemont.jpg","keywords":["Carles Puigdemont","JxCat"],"articleSection":["Punts clau del dia (ES)"],"inLanguage":"es","potentialAction":[{"@type":"CommentAction","name":"Comment","target":["https:\/\/conversesacatalunya.cat\/es\/junts-gana-si-puigdemont-vuelve\/#respond"]}]},{"@type":"WebPage","@id":"https:\/\/conversesacatalunya.cat\/es\/junts-gana-si-puigdemont-vuelve\/","url":"https:\/\/conversesacatalunya.cat\/es\/junts-gana-si-puigdemont-vuelve\/","name":"Junts gana si Puigdemont vuelve","isPartOf":{"@id":"https:\/\/conversesacatalunya.cat\/#website"},"primaryImageOfPage":{"@id":"https:\/\/conversesacatalunya.cat\/es\/junts-gana-si-puigdemont-vuelve\/#primaryimage"},"image":{"@id":"https:\/\/conversesacatalunya.cat\/es\/junts-gana-si-puigdemont-vuelve\/#primaryimage"},"thumbnailUrl":"https:\/\/conversesacatalunya.cat\/wp-content\/uploads\/2022\/10\/Puigdemont.jpg","datePublished":"2022-10-10T09:31:48+00:00","dateModified":"2022-10-10T17:00:12+00:00","author":{"@id":"https:\/\/conversesacatalunya.cat\/#\/schema\/person\/7e24d1e54a2785373ddcb275eae5ed99"},"description":"Las cartas est\u00e1n repartidas y las de Junts son francamente malas. Solo un factor podr\u00eda alterar ese escenario, Puigdemont vuelve","breadcrumb":{"@id":"https:\/\/conversesacatalunya.cat\/es\/junts-gana-si-puigdemont-vuelve\/#breadcrumb"},"inLanguage":"es","potentialAction":[{"@type":"ReadAction","target":["https:\/\/conversesacatalunya.cat\/es\/junts-gana-si-puigdemont-vuelve\/"]}]},{"@type":"ImageObject","inLanguage":"es","@id":"https:\/\/conversesacatalunya.cat\/es\/junts-gana-si-puigdemont-vuelve\/#primaryimage","url":"https:\/\/conversesacatalunya.cat\/wp-content\/uploads\/2022\/10\/Puigdemont.jpg","contentUrl":"https:\/\/conversesacatalunya.cat\/wp-content\/uploads\/2022\/10\/Puigdemont.jpg","width":1280,"height":853,"caption":"Puigdemont vuelve"},{"@type":"BreadcrumbList","@id":"https:\/\/conversesacatalunya.cat\/es\/junts-gana-si-puigdemont-vuelve\/#breadcrumb","itemListElement":[{"@type":"ListItem","position":1,"name":"Inici","item":"https:\/\/conversesacatalunya.cat\/es\/"},{"@type":"ListItem","position":2,"name":"Junts gana si Puigdemont vuelve"}]},{"@type":"WebSite","@id":"https:\/\/conversesacatalunya.cat\/#website","url":"https:\/\/conversesacatalunya.cat\/","name":"Converses a Catalunya","description":"","potentialAction":[{"@type":"SearchAction","target":{"@type":"EntryPoint","urlTemplate":"https:\/\/conversesacatalunya.cat\/?s={search_term_string}"},"query-input":{"@type":"PropertyValueSpecification","valueRequired":true,"valueName":"search_term_string"}}],"inLanguage":"es"},{"@type":"Person","@id":"https:\/\/conversesacatalunya.cat\/#\/schema\/person\/7e24d1e54a2785373ddcb275eae5ed99","name":"conversesacatalunya","image":{"@type":"ImageObject","inLanguage":"es","@id":"https:\/\/conversesacatalunya.cat\/#\/schema\/person\/image\/","url":"https:\/\/conversesacatalunya.cat\/wp-content\/litespeed\/avatar\/febdfeeec89d950f01c748045a981dd2.jpg?ver=1777314535","contentUrl":"https:\/\/conversesacatalunya.cat\/wp-content\/litespeed\/avatar\/febdfeeec89d950f01c748045a981dd2.jpg?ver=1777314535","caption":"conversesacatalunya"},"url":"https:\/\/conversesacatalunya.cat\/es\/author\/carme_catala\/"}]}},"wps_subtitle":"Las cartas est\u00e1n repartidas y las de Junts son francamente malas. Solo un factor disruptivo fuerte podr\u00eda alterar ese escenario. Y este factor se llama Puigdemont","_links":{"self":[{"href":"https:\/\/conversesacatalunya.cat\/es\/wp-json\/wp\/v2\/posts\/61385","targetHints":{"allow":["GET"]}}],"collection":[{"href":"https:\/\/conversesacatalunya.cat\/es\/wp-json\/wp\/v2\/posts"}],"about":[{"href":"https:\/\/conversesacatalunya.cat\/es\/wp-json\/wp\/v2\/types\/post"}],"author":[{"embeddable":true,"href":"https:\/\/conversesacatalunya.cat\/es\/wp-json\/wp\/v2\/users\/2"}],"replies":[{"embeddable":true,"href":"https:\/\/conversesacatalunya.cat\/es\/wp-json\/wp\/v2\/comments?post=61385"}],"version-history":[{"count":4,"href":"https:\/\/conversesacatalunya.cat\/es\/wp-json\/wp\/v2\/posts\/61385\/revisions"}],"predecessor-version":[{"id":61399,"href":"https:\/\/conversesacatalunya.cat\/es\/wp-json\/wp\/v2\/posts\/61385\/revisions\/61399"}],"wp:featuredmedia":[{"embeddable":true,"href":"https:\/\/conversesacatalunya.cat\/es\/wp-json\/wp\/v2\/media\/61370"}],"wp:attachment":[{"href":"https:\/\/conversesacatalunya.cat\/es\/wp-json\/wp\/v2\/media?parent=61385"}],"wp:term":[{"taxonomy":"category","embeddable":true,"href":"https:\/\/conversesacatalunya.cat\/es\/wp-json\/wp\/v2\/categories?post=61385"},{"taxonomy":"post_tag","embeddable":true,"href":"https:\/\/conversesacatalunya.cat\/es\/wp-json\/wp\/v2\/tags?post=61385"}],"curies":[{"name":"wp","href":"https:\/\/api.w.org\/{rel}","templated":true}]}}