{"id":61230,"date":"2022-10-04T10:37:35","date_gmt":"2022-10-04T08:37:35","guid":{"rendered":"https:\/\/conversesacatalunya.cat\/europa-armenia-gas-azerbaidjan\/"},"modified":"2022-10-04T12:13:10","modified_gmt":"2022-10-04T10:13:10","slug":"europa-ha-abandonado-armenia-a-cambio-del-gas-de-azerbaiyan","status":"publish","type":"post","link":"https:\/\/conversesacatalunya.cat\/es\/europa-ha-abandonado-armenia-a-cambio-del-gas-de-azerbaiyan\/","title":{"rendered":"\u00bfEuropa ha abandonado Armenia a cambio del gas de Azerbaiy\u00e1n?"},"content":{"rendered":"<p><span><span class=\"\">La Comisi\u00f3n Europea, que pretend\u00eda ser la m\u00e1s <\/span><\/span><strong><span><span class=\"\">geopol\u00edtica<\/span><\/span><\/strong><span><span class=\"\">\u00a0de la historia de la instituci\u00f3n, en palabras de su presidenta Ursula von der Leyen, ha vuelto a demostrar su\u00a0<\/span><\/span><strong><span><span class=\"\">escasa habilidad y nula influencia en la vecindad europea<\/span><\/span><\/strong><span><span class=\"\">.<\/span><\/span><\/p>\n<p><em><span><span class=\"goog-text-highlight\">Converses<\/span><\/span><\/em><span><span class=\"goog-text-highlight\">\u00a0ya ha hablado en otras ocasiones de las\u00a0<\/span><\/span><a href=\"https:\/\/conversesacatalunya.cat\/es\/turquia-humilla-a-europa\/\" target=\"_blank\" rel=\"noopener\"><span><span class=\"goog-text-highlight\">humillaciones<\/span><\/span><\/a><span><span class=\"goog-text-highlight\">\u00a0que las autoridades europeas, incapaces de actuar eficazmente en defensa de nuestros intereses, han sufrido en los \u00faltimos a\u00f1os.\u00a0<\/span>A estas se suma ahora la\u00a0<\/span><strong><span>dejadez infligida en Armenia ante su rival hist\u00f3rico y agresor, Azerbaiy\u00e1n<\/span><\/strong><span>.<\/span><\/p>\n<p><span>Armenia no solo tiene profundos v\u00ednculos culturales con Europa (se la considera el primer estado cristiano del mundo) y dispone de un acuerdo de asociaci\u00f3n global firmado en 2017 con Bruselas, sino que desde hace dos a\u00f1os sufre las agresiones de su vecino de mayor\u00eda musulmana, Azerbaiy\u00e1n, mucho m\u00e1s rico y bien equipado gracias a las <\/span><strong><span>rentas que obtiene de las energ\u00edas f\u00f3siles<\/span><\/strong><span>.<\/span><\/p>\n<p><span><span class=\"goog-text-highlight\">En un nuevo episodio de una crisis que dura desde el desmantelamiento del imperio sovi\u00e9tico en los alrededores de 1990,\u00a0<\/span><\/span><strong><span><span class=\"goog-text-highlight\">tropas turcas y azer\u00edes<\/span><\/span><\/strong><span><span class=\"goog-text-highlight\">\u00a0se han vuelto a concentrar en la frontera con Armenia y lo que resta de las regiones de mayor\u00eda armenia que no fueron perdidas durante la ofensiva y posterior ocupaci\u00f3n azer\u00ed de 2020.<\/span><\/span><\/p>\n<p><span>Llegados a este punto, hay que dar marcha atr\u00e1s y recordar que el imperio otomano dominado por los turcos, etnia mayoritaria tanto en Turqu\u00eda como en Azerbaiy\u00e1n, fue responsable del primer\u00a0<\/span><strong><span>genocidio<\/span><\/strong><span>\u00a0reconocido como tal del siglo XX, y que buscaba exterminar la cultura armenia.<\/span><\/p>\n<p><span>Ahora, Azerbaiy\u00e1n no esconde su intenci\u00f3n de ocupar nuevas regiones, haciendo temer un nuevo episodio de\u00a0<\/span><strong><span>limpieza \u00e9tnica<\/span><\/strong><span>.<\/span><\/p>\n<p><span>Los c\u00edrculos de poder de Ankara y Bak\u00fa (capital de Azerbaiy\u00e1n) siguen alimentando un\u00a0<\/span><strong><span>profundo racismo anti-armenio y mostrando su voluntad de destruir la antigua naci\u00f3n armenia<\/span><\/strong><span>.<\/span><\/p>\n<p><span>Para aterrorizar a la poblaci\u00f3n, no dudan en recurrir a t\u00e1cticas brutales como difundir en las redes sociales las\u00a0<\/span><a href=\"https:\/\/www.lefigaro.fr\/international\/crimes-de-guerre-en-ukraine-et-en-armenie-quand-la-propagande-autorise-le-crime-sadique-le-chef-ne-manque-jamais-d-employes-20220918\" target=\"_blank\" rel=\"noopener\"><span>atrocidades<\/span><\/a><span>\u00a0cometidas contra la poblaci\u00f3n civil.\u00a0El propio presidente azer\u00ed, Aliyev, se ha referido a los armenios como \u00abperros que hay que echar fuera de la regi\u00f3n\u00bb.<\/span><\/p>\n<div class=\"gmail_default\"><strong><span>Hist\u00f3ricamente, Rusia hab\u00eda mantenido a raya Azerbaiy\u00e1n<\/span><\/strong><span>.\u00a0<span class=\"\">Pero su influencia ya mostr\u00f3 signos de debilidad en 2020, cuando no pudo impedir el ataque de las fuerzas armadas\u00a0<\/span><\/span><span lang=\"CA\"><span><span class=\"\">azer\u00edes contra los territorios poblados desde hace siglos por la poblaci\u00f3n armenia.\u00a0<\/span>Todo lo que Mosc\u00fa logr\u00f3 entonces fue un alto el fuego y el despliegue de una fuerza de interposici\u00f3n entre los dos bandos.<\/span><\/span><\/div>\n<div class=\"gmail_default\"><span lang=\"CA\">\u00a0<\/span><\/div>\n<div>\n<p><span>Este a\u00f1o, con Rusia volcada en su invasi\u00f3n de Ucrania, su influencia en los pa\u00edses de la \u00f3rbita post-sovi\u00e9tica peligra m\u00e1s que nunca.<\/span><\/p>\n<p><span>Azerbaiy\u00e1n y Turqu\u00eda no han dudado en\u00a0<\/span><a href=\"https:\/\/www.crisisgroup.org\/europe-central-asia\/caucasus\/armenia-azerbaijan-nagorno-karabakh-conflict\/upholding-ceasefire\" target=\"_blank\" rel=\"noopener\"><span>aprovechar<\/span><\/a><span>\u00a0la oportunidad para\u00a0<\/span><strong><span>desmenuzar la fr\u00e1gil paz obtenida hace dos a\u00f1os<\/span><\/strong><span>\u00a0y que ya era ventajosa por los intereses de ambos pa\u00edses de habla turca, entrando en territorio armenio esta vez no reivindicado por Bak\u00fa.<\/span><\/p>\n<p><span>Esta vez, parece que ha sido la\u00a0<\/span><strong><span>intervenci\u00f3n de Estados Unidos<\/span><\/strong><span>\u00a0lo que habr\u00eda impedido nuevas hostilidades por parte de los azer\u00edes.\u00a0Sin embargo, tras la visita a Yerevan, la capital armenia, de la presidenta de la C\u00e1mara de Representantes estadounidense, la dem\u00f3crata Nancy Pelosi, Azerbaiy\u00e1n ha reanudado los ataques.<\/span><\/p>\n<p><strong><span>Mientras, Europa mira el panorama de lejos.\u00a0<\/span><\/strong><span>Su iniciativa de un proceso de paz parece cada vez m\u00e1s imposible culminar con \u00e9xito.\u00a0Sobre el terreno son las armas las que deciden.<\/span><\/p>\n<p><span>Adem\u00e1s, Bruselas\u00a0<\/span><strong><span>es siempre poco proclive a criticar a Turqu\u00eda<\/span><\/strong><span>, ya que Alemania tiene importantes intereses econ\u00f3micos y debe gestionar una numerosa comunidad turca que vive en su territorio.\u00a0Sin hablar del arma de destrucci\u00f3n masiva de Erdogan, la inmigraci\u00f3n proveniente de Siria.<\/span><\/p>\n<p><span>Pero en este caso, la verg\u00fcenza para Europa es a\u00fan m\u00e1s importante porque la propia presidenta de la Comisi\u00f3n, Von der Leyen, visit\u00f3 Bak\u00fa con gran pompa el pasado mes de julio para anunciar\u00a0<\/span><strong><span>nuevos acuerdos de suministro energ\u00e9tico entre Azerbaiy\u00e1n y Europa<\/span><\/strong><span>.<\/span><\/p>\n<p><span>Estos son parte de los esfuerzos de \u201cdiversificaci\u00f3n\u201d energ\u00e9tica de la UE para asegurar su suministro tras las sanciones impuestas por Bruselas contra Mosc\u00fa.<\/span><\/p>\n<p><span>En resumen, Bruselas deja de comprar gas y petr\u00f3leo a un agresor (Rusia), para pasar a adquirirlo a otro (Azerbaiy\u00e1n).\u00a0Y para m\u00e1s inri, es notorio que\u00a0<\/span><strong><span>Azerbaiy\u00e1n revende petr\u00f3leo que compra a Rusia a precios muy ventajosos<\/span><\/strong><span>.<\/span><\/p>\n<p><span>En definitiva, una vez m\u00e1s, la Comisi\u00f3n Europea brilla por su cortedad de miras y contradicciones.\u00a0No solo es incapaz de defender sus propios intereses en los \u00e1mbitos econ\u00f3micos y geopol\u00edticos, sino que <\/span><strong><span>abandona a un aliado natural<\/span><\/strong><span>\u00a0y sufrido en manos de dos reg\u00edmenes autoritarios \u00e1vidos de su destrucci\u00f3n.<\/span><\/p>\n<\/div>\n<div>\n<div id=\"polls-167\" class=\"wp-polls\">\n\t<form id=\"polls_form_167\" class=\"wp-polls-form\" action=\"\/index.php\" method=\"post\">\n\t\t<p style=\"display: none;\"><input type=\"hidden\" id=\"poll_167_nonce\" name=\"wp-polls-nonce\" value=\"f1f57119ed\" \/><\/p>\n\t\t<p style=\"display: none;\"><input type=\"hidden\" name=\"poll_id\" value=\"167\" \/><\/p>\n\t\t<p style=\"text-align: center\"><strong>Consideres que \u00e9s feixisme el que promou la coalici\u00f3 de la Sra. Meloni a It\u00e0lia?<\/strong><\/p><div id=\"polls-167-ans\" class=\"wp-polls-ans\"><ul class=\"wp-polls-ul\">\n\t\t<li><input type=\"radio\" id=\"poll-answer-440\" name=\"poll_167\" value=\"440\" \/> <label for=\"poll-answer-440\">S\u00ed<\/label><\/li>\n\t\t<li><input type=\"radio\" id=\"poll-answer-441\" name=\"poll_167\" value=\"441\" \/> <label for=\"poll-answer-441\">No<\/label><\/li>\n\t\t<li><input type=\"radio\" id=\"poll-answer-442\" name=\"poll_167\" value=\"442\" \/> <label for=\"poll-answer-442\">No ho s\u00e9<\/label><\/li>\n\t\t<\/ul><p style=\"text-align: center\"><input type=\"button\" name=\"vote\" value=\"   Vota   \" class=\"Buttons\" onclick=\"poll_vote(167);\" \/><\/p><p style=\"text-align: center\"><a href=\"#ViewPollResults\" onclick=\"poll_result(167); return false;\" title=\"View Results Of This Poll\">Mira els resultats<\/a><\/p><\/div>\n\t<\/form>\n<\/div>\n<div id=\"polls-167-loading\" class=\"wp-polls-loading\"><img decoding=\"async\" data-src=\"https:\/\/conversesacatalunya.cat\/wp-content\/plugins\/wp-polls\/images\/loading.gif\" width=\"16\" height=\"16\" alt=\"Cargando ...\" title=\"Cargando ...\" class=\"wp-polls-image lazyload\" src=\"data:image\/svg+xml;base64,PHN2ZyB3aWR0aD0iMSIgaGVpZ2h0PSIxIiB4bWxucz0iaHR0cDovL3d3dy53My5vcmcvMjAwMC9zdmciPjwvc3ZnPg==\" style=\"--smush-placeholder-width: 16px; --smush-placeholder-aspect-ratio: 16\/16;\" \/>&nbsp;Cargando ...<\/div>\n\n<\/div>\n","protected":false},"excerpt":{"rendered":"<p>La Comisi\u00f3n Europea, que pretend\u00eda ser la m\u00e1s geopol\u00edtica\u00a0de la historia de la instituci\u00f3n, en palabras de su presidenta Ursula von der Leyen, ha vuelto a demostrar su\u00a0escasa habilidad y nula influencia en la vecindad europea. Converses\u00a0ya ha hablado en otras ocasiones de las\u00a0humillaciones\u00a0que las autoridades europeas, incapaces de actuar eficazmente en defensa de nuestros intereses, han sufrido en los \u00faltimos a\u00f1os.\u00a0A estas se suma ahora la\u00a0dejadez infligida en Armenia ante su rival hist\u00f3rico y agresor, Azerbaiy\u00e1n. Armenia no solo tiene profundos v\u00ednculos culturales con Europa (se la considera el primer estado cristiano del mundo) y dispone de un acuerdo de asociaci\u00f3n global firmado en 2017 con Bruselas, sino que desde hace dos a\u00f1os sufre las agresiones de su vecino de mayor\u00eda musulmana, Azerbaiy\u00e1n, mucho m\u00e1s rico y bien equipado gracias a las rentas que obtiene de las energ\u00edas f\u00f3siles. En un nuevo episodio de una crisis que dura desde el desmantelamiento del imperio sovi\u00e9tico en los alrededores de 1990,\u00a0tropas turcas y azer\u00edes\u00a0se han vuelto a concentrar en la frontera con Armenia y lo que resta de las regiones de mayor\u00eda armenia que no fueron perdidas durante la ofensiva y posterior ocupaci\u00f3n azer\u00ed de 2020. Llegados a este punto, hay que dar marcha atr\u00e1s y recordar que el imperio otomano dominado por los turcos, etnia mayoritaria tanto en Turqu\u00eda como en Azerbaiy\u00e1n, fue responsable del primer\u00a0genocidio\u00a0reconocido como tal del siglo XX, y que buscaba exterminar la cultura armenia. Ahora, Azerbaiy\u00e1n no esconde su intenci\u00f3n de ocupar nuevas regiones, haciendo temer un nuevo episodio de\u00a0limpieza \u00e9tnica. Los c\u00edrculos de poder de Ankara y Bak\u00fa (capital de Azerbaiy\u00e1n) siguen alimentando un\u00a0profundo racismo anti-armenio y mostrando su voluntad de destruir la antigua naci\u00f3n armenia. Para aterrorizar a la poblaci\u00f3n, no dudan en recurrir a t\u00e1cticas brutales como difundir en las redes sociales las\u00a0atrocidades\u00a0cometidas contra la poblaci\u00f3n civil.\u00a0El propio presidente azer\u00ed, Aliyev, se ha referido a los armenios como \u00abperros que hay que echar fuera de la regi\u00f3n\u00bb. Hist\u00f3ricamente, Rusia hab\u00eda mantenido a raya Azerbaiy\u00e1n.\u00a0Pero su influencia ya mostr\u00f3 signos de debilidad en 2020, cuando no pudo impedir el ataque de las fuerzas armadas\u00a0azer\u00edes contra los territorios poblados desde hace siglos por la poblaci\u00f3n armenia.\u00a0Todo lo que Mosc\u00fa logr\u00f3 entonces fue un alto el fuego y el despliegue de una fuerza de interposici\u00f3n entre los dos bandos. \u00a0 Este a\u00f1o, con Rusia volcada en su invasi\u00f3n de Ucrania, su influencia en los pa\u00edses de la \u00f3rbita post-sovi\u00e9tica peligra m\u00e1s que nunca. Azerbaiy\u00e1n y Turqu\u00eda no han dudado en\u00a0aprovechar\u00a0la oportunidad para\u00a0desmenuzar la fr\u00e1gil paz obtenida hace dos a\u00f1os\u00a0y que ya era ventajosa por los intereses de ambos pa\u00edses de habla turca, entrando en territorio armenio esta vez no reivindicado por Bak\u00fa. Esta vez, parece que ha sido la\u00a0intervenci\u00f3n de Estados Unidos\u00a0lo que habr\u00eda impedido nuevas hostilidades por parte de los azer\u00edes.\u00a0Sin embargo, tras la visita a Yerevan, la capital armenia, de la presidenta de la C\u00e1mara de Representantes estadounidense, la dem\u00f3crata Nancy Pelosi, Azerbaiy\u00e1n ha reanudado los ataques. Mientras, Europa mira el panorama de lejos.\u00a0Su iniciativa de un proceso de paz parece cada vez m\u00e1s imposible culminar con \u00e9xito.\u00a0Sobre el terreno son las armas las que deciden. Adem\u00e1s, Bruselas\u00a0es siempre poco proclive a criticar a Turqu\u00eda, ya que Alemania tiene importantes intereses econ\u00f3micos y debe gestionar una numerosa comunidad turca que vive en su territorio.\u00a0Sin hablar del arma de destrucci\u00f3n masiva de Erdogan, la inmigraci\u00f3n proveniente de Siria. Pero en este caso, la verg\u00fcenza para Europa es a\u00fan m\u00e1s importante porque la propia presidenta de la Comisi\u00f3n, Von der Leyen, visit\u00f3 Bak\u00fa con gran pompa el pasado mes de julio para anunciar\u00a0nuevos acuerdos de suministro energ\u00e9tico entre Azerbaiy\u00e1n y Europa. Estos son parte de los esfuerzos de \u201cdiversificaci\u00f3n\u201d energ\u00e9tica de la UE para asegurar su suministro tras las sanciones impuestas por Bruselas contra Mosc\u00fa. En resumen, Bruselas deja de comprar gas y petr\u00f3leo a un agresor (Rusia), para pasar a adquirirlo a otro (Azerbaiy\u00e1n).\u00a0Y para m\u00e1s inri, es notorio que\u00a0Azerbaiy\u00e1n revende petr\u00f3leo que compra a Rusia a precios muy ventajosos. En definitiva, una vez m\u00e1s, la Comisi\u00f3n Europea brilla por su cortedad de miras y contradicciones.\u00a0No solo es incapaz de defender sus propios intereses en los \u00e1mbitos econ\u00f3micos y geopol\u00edticos, sino que abandona a un aliado natural\u00a0y sufrido en manos de dos reg\u00edmenes autoritarios \u00e1vidos de su destrucci\u00f3n.<\/p>\n","protected":false},"author":75,"featured_media":61181,"comment_status":"open","ping_status":"open","sticky":false,"template":"","format":"standard","meta":{"_FSMCFIC_featured_image_caption":"","_FSMCFIC_featured_image_nocaption":"","_FSMCFIC_featured_image_hide":"","footnotes":""},"categories":[806],"tags":[4644],"class_list":["post-61230","post","type-post","status-publish","format-standard","has-post-thumbnail","hentry","category-punts-claus-del-dia-es","tag-gas-ruso"],"yoast_head":"<!-- This site is optimized with the Yoast SEO plugin v26.8 - https:\/\/yoast.com\/product\/yoast-seo-wordpress\/ -->\n<title>\u00bfEuropa ha abandonado Armenia a cambio del gas de Azerbaiy\u00e1n? - Converses a Catalunya<\/title>\n<meta name=\"robots\" content=\"index, follow, max-snippet:-1, max-image-preview:large, max-video-preview:-1\" \/>\n<link rel=\"canonical\" href=\"https:\/\/conversesacatalunya.cat\/es\/europa-ha-abandonado-armenia-a-cambio-del-gas-de-azerbaiyan\/\" \/>\n<meta property=\"og:locale\" content=\"es_ES\" \/>\n<meta property=\"og:type\" content=\"article\" \/>\n<meta property=\"og:title\" content=\"\u00bfEuropa ha abandonado Armenia a cambio del gas de Azerbaiy\u00e1n? - Converses a Catalunya\" \/>\n<meta property=\"og:description\" content=\"La Comisi\u00f3n Europea, que pretend\u00eda ser la m\u00e1s geopol\u00edtica\u00a0de la historia de la instituci\u00f3n, en palabras de su presidenta Ursula von der Leyen, ha vuelto a demostrar su\u00a0escasa habilidad y nula influencia en la vecindad europea. Converses\u00a0ya ha hablado en otras ocasiones de las\u00a0humillaciones\u00a0que las autoridades europeas, incapaces de actuar eficazmente en defensa de nuestros intereses, han sufrido en los \u00faltimos a\u00f1os.\u00a0A estas se suma ahora la\u00a0dejadez infligida en Armenia ante su rival hist\u00f3rico y agresor, Azerbaiy\u00e1n. Armenia no solo tiene profundos v\u00ednculos culturales con Europa (se la considera el primer estado cristiano del mundo) y dispone de un acuerdo de asociaci\u00f3n global firmado en 2017 con Bruselas, sino que desde hace dos a\u00f1os sufre las agresiones de su vecino de mayor\u00eda musulmana, Azerbaiy\u00e1n, mucho m\u00e1s rico y bien equipado gracias a las rentas que obtiene de las energ\u00edas f\u00f3siles. En un nuevo episodio de una crisis que dura desde el desmantelamiento del imperio sovi\u00e9tico en los alrededores de 1990,\u00a0tropas turcas y azer\u00edes\u00a0se han vuelto a concentrar en la frontera con Armenia y lo que resta de las regiones de mayor\u00eda armenia que no fueron perdidas durante la ofensiva y posterior ocupaci\u00f3n azer\u00ed de 2020. Llegados a este punto, hay que dar marcha atr\u00e1s y recordar que el imperio otomano dominado por los turcos, etnia mayoritaria tanto en Turqu\u00eda como en Azerbaiy\u00e1n, fue responsable del primer\u00a0genocidio\u00a0reconocido como tal del siglo XX, y que buscaba exterminar la cultura armenia. Ahora, Azerbaiy\u00e1n no esconde su intenci\u00f3n de ocupar nuevas regiones, haciendo temer un nuevo episodio de\u00a0limpieza \u00e9tnica. Los c\u00edrculos de poder de Ankara y Bak\u00fa (capital de Azerbaiy\u00e1n) siguen alimentando un\u00a0profundo racismo anti-armenio y mostrando su voluntad de destruir la antigua naci\u00f3n armenia. Para aterrorizar a la poblaci\u00f3n, no dudan en recurrir a t\u00e1cticas brutales como difundir en las redes sociales las\u00a0atrocidades\u00a0cometidas contra la poblaci\u00f3n civil.\u00a0El propio presidente azer\u00ed, Aliyev, se ha referido a los armenios como \u00abperros que hay que echar fuera de la regi\u00f3n\u00bb. Hist\u00f3ricamente, Rusia hab\u00eda mantenido a raya Azerbaiy\u00e1n.\u00a0Pero su influencia ya mostr\u00f3 signos de debilidad en 2020, cuando no pudo impedir el ataque de las fuerzas armadas\u00a0azer\u00edes contra los territorios poblados desde hace siglos por la poblaci\u00f3n armenia.\u00a0Todo lo que Mosc\u00fa logr\u00f3 entonces fue un alto el fuego y el despliegue de una fuerza de interposici\u00f3n entre los dos bandos. \u00a0 Este a\u00f1o, con Rusia volcada en su invasi\u00f3n de Ucrania, su influencia en los pa\u00edses de la \u00f3rbita post-sovi\u00e9tica peligra m\u00e1s que nunca. Azerbaiy\u00e1n y Turqu\u00eda no han dudado en\u00a0aprovechar\u00a0la oportunidad para\u00a0desmenuzar la fr\u00e1gil paz obtenida hace dos a\u00f1os\u00a0y que ya era ventajosa por los intereses de ambos pa\u00edses de habla turca, entrando en territorio armenio esta vez no reivindicado por Bak\u00fa. Esta vez, parece que ha sido la\u00a0intervenci\u00f3n de Estados Unidos\u00a0lo que habr\u00eda impedido nuevas hostilidades por parte de los azer\u00edes.\u00a0Sin embargo, tras la visita a Yerevan, la capital armenia, de la presidenta de la C\u00e1mara de Representantes estadounidense, la dem\u00f3crata Nancy Pelosi, Azerbaiy\u00e1n ha reanudado los ataques. Mientras, Europa mira el panorama de lejos.\u00a0Su iniciativa de un proceso de paz parece cada vez m\u00e1s imposible culminar con \u00e9xito.\u00a0Sobre el terreno son las armas las que deciden. Adem\u00e1s, Bruselas\u00a0es siempre poco proclive a criticar a Turqu\u00eda, ya que Alemania tiene importantes intereses econ\u00f3micos y debe gestionar una numerosa comunidad turca que vive en su territorio.\u00a0Sin hablar del arma de destrucci\u00f3n masiva de Erdogan, la inmigraci\u00f3n proveniente de Siria. Pero en este caso, la verg\u00fcenza para Europa es a\u00fan m\u00e1s importante porque la propia presidenta de la Comisi\u00f3n, Von der Leyen, visit\u00f3 Bak\u00fa con gran pompa el pasado mes de julio para anunciar\u00a0nuevos acuerdos de suministro energ\u00e9tico entre Azerbaiy\u00e1n y Europa. Estos son parte de los esfuerzos de \u201cdiversificaci\u00f3n\u201d energ\u00e9tica de la UE para asegurar su suministro tras las sanciones impuestas por Bruselas contra Mosc\u00fa. En resumen, Bruselas deja de comprar gas y petr\u00f3leo a un agresor (Rusia), para pasar a adquirirlo a otro (Azerbaiy\u00e1n).\u00a0Y para m\u00e1s inri, es notorio que\u00a0Azerbaiy\u00e1n revende petr\u00f3leo que compra a Rusia a precios muy ventajosos. En definitiva, una vez m\u00e1s, la Comisi\u00f3n Europea brilla por su cortedad de miras y contradicciones.\u00a0No solo es incapaz de defender sus propios intereses en los \u00e1mbitos econ\u00f3micos y geopol\u00edticos, sino que abandona a un aliado natural\u00a0y sufrido en manos de dos reg\u00edmenes autoritarios \u00e1vidos de su destrucci\u00f3n.\" \/>\n<meta property=\"og:url\" content=\"https:\/\/conversesacatalunya.cat\/es\/europa-ha-abandonado-armenia-a-cambio-del-gas-de-azerbaiyan\/\" \/>\n<meta property=\"og:site_name\" content=\"Converses a Catalunya\" \/>\n<meta property=\"article:published_time\" content=\"2022-10-04T08:37:35+00:00\" \/>\n<meta property=\"article:modified_time\" content=\"2022-10-04T10:13:10+00:00\" \/>\n<meta property=\"og:image\" content=\"https:\/\/conversesacatalunya.cat\/wp-content\/uploads\/2022\/10\/pexels-meline-asryan-5952216.jpg\" \/>\n\t<meta property=\"og:image:width\" content=\"1280\" \/>\n\t<meta property=\"og:image:height\" content=\"853\" \/>\n\t<meta property=\"og:image:type\" content=\"image\/jpeg\" \/>\n<meta name=\"author\" content=\"Carles L\u00f3pez\" \/>\n<meta name=\"twitter:card\" content=\"summary_large_image\" \/>\n<meta name=\"twitter:label1\" content=\"Escrito por\" \/>\n\t<meta name=\"twitter:data1\" content=\"Carles L\u00f3pez\" \/>\n\t<meta name=\"twitter:label2\" content=\"Tiempo de lectura\" \/>\n\t<meta name=\"twitter:data2\" content=\"4 minutos\" \/>\n<script type=\"application\/ld+json\" class=\"yoast-schema-graph\">{\"@context\":\"https:\/\/schema.org\",\"@graph\":[{\"@type\":\"Article\",\"@id\":\"https:\/\/conversesacatalunya.cat\/es\/europa-ha-abandonado-armenia-a-cambio-del-gas-de-azerbaiyan\/#article\",\"isPartOf\":{\"@id\":\"https:\/\/conversesacatalunya.cat\/es\/europa-ha-abandonado-armenia-a-cambio-del-gas-de-azerbaiyan\/\"},\"author\":{\"name\":\"Carles L\u00f3pez\",\"@id\":\"https:\/\/conversesacatalunya.cat\/#\/schema\/person\/3ce2ab16c0a3803086d80722c7cad56a\"},\"headline\":\"\u00bfEuropa ha abandonado Armenia a cambio del gas de Azerbaiy\u00e1n?\",\"datePublished\":\"2022-10-04T08:37:35+00:00\",\"dateModified\":\"2022-10-04T10:13:10+00:00\",\"mainEntityOfPage\":{\"@id\":\"https:\/\/conversesacatalunya.cat\/es\/europa-ha-abandonado-armenia-a-cambio-del-gas-de-azerbaiyan\/\"},\"wordCount\":835,\"commentCount\":0,\"image\":{\"@id\":\"https:\/\/conversesacatalunya.cat\/es\/europa-ha-abandonado-armenia-a-cambio-del-gas-de-azerbaiyan\/#primaryimage\"},\"thumbnailUrl\":\"https:\/\/conversesacatalunya.cat\/wp-content\/uploads\/2022\/10\/pexels-meline-asryan-5952216.jpg\",\"keywords\":[\"gas ruso\"],\"articleSection\":[\"Punts clau del dia (ES)\"],\"inLanguage\":\"es\",\"potentialAction\":[{\"@type\":\"CommentAction\",\"name\":\"Comment\",\"target\":[\"https:\/\/conversesacatalunya.cat\/es\/europa-ha-abandonado-armenia-a-cambio-del-gas-de-azerbaiyan\/#respond\"]}]},{\"@type\":\"WebPage\",\"@id\":\"https:\/\/conversesacatalunya.cat\/es\/europa-ha-abandonado-armenia-a-cambio-del-gas-de-azerbaiyan\/\",\"url\":\"https:\/\/conversesacatalunya.cat\/es\/europa-ha-abandonado-armenia-a-cambio-del-gas-de-azerbaiyan\/\",\"name\":\"\u00bfEuropa ha abandonado Armenia a cambio del gas de Azerbaiy\u00e1n? - Converses a Catalunya\",\"isPartOf\":{\"@id\":\"https:\/\/conversesacatalunya.cat\/#website\"},\"primaryImageOfPage\":{\"@id\":\"https:\/\/conversesacatalunya.cat\/es\/europa-ha-abandonado-armenia-a-cambio-del-gas-de-azerbaiyan\/#primaryimage\"},\"image\":{\"@id\":\"https:\/\/conversesacatalunya.cat\/es\/europa-ha-abandonado-armenia-a-cambio-del-gas-de-azerbaiyan\/#primaryimage\"},\"thumbnailUrl\":\"https:\/\/conversesacatalunya.cat\/wp-content\/uploads\/2022\/10\/pexels-meline-asryan-5952216.jpg\",\"datePublished\":\"2022-10-04T08:37:35+00:00\",\"dateModified\":\"2022-10-04T10:13:10+00:00\",\"author\":{\"@id\":\"https:\/\/conversesacatalunya.cat\/#\/schema\/person\/3ce2ab16c0a3803086d80722c7cad56a\"},\"breadcrumb\":{\"@id\":\"https:\/\/conversesacatalunya.cat\/es\/europa-ha-abandonado-armenia-a-cambio-del-gas-de-azerbaiyan\/#breadcrumb\"},\"inLanguage\":\"es\",\"potentialAction\":[{\"@type\":\"ReadAction\",\"target\":[\"https:\/\/conversesacatalunya.cat\/es\/europa-ha-abandonado-armenia-a-cambio-del-gas-de-azerbaiyan\/\"]}]},{\"@type\":\"ImageObject\",\"inLanguage\":\"es\",\"@id\":\"https:\/\/conversesacatalunya.cat\/es\/europa-ha-abandonado-armenia-a-cambio-del-gas-de-azerbaiyan\/#primaryimage\",\"url\":\"https:\/\/conversesacatalunya.cat\/wp-content\/uploads\/2022\/10\/pexels-meline-asryan-5952216.jpg\",\"contentUrl\":\"https:\/\/conversesacatalunya.cat\/wp-content\/uploads\/2022\/10\/pexels-meline-asryan-5952216.jpg\",\"width\":1280,\"height\":853},{\"@type\":\"BreadcrumbList\",\"@id\":\"https:\/\/conversesacatalunya.cat\/es\/europa-ha-abandonado-armenia-a-cambio-del-gas-de-azerbaiyan\/#breadcrumb\",\"itemListElement\":[{\"@type\":\"ListItem\",\"position\":1,\"name\":\"Inici\",\"item\":\"https:\/\/conversesacatalunya.cat\/es\/\"},{\"@type\":\"ListItem\",\"position\":2,\"name\":\"\u00bfEuropa ha abandonado Armenia a cambio del gas de Azerbaiy\u00e1n?\"}]},{\"@type\":\"WebSite\",\"@id\":\"https:\/\/conversesacatalunya.cat\/#website\",\"url\":\"https:\/\/conversesacatalunya.cat\/\",\"name\":\"Converses a Catalunya\",\"description\":\"\",\"potentialAction\":[{\"@type\":\"SearchAction\",\"target\":{\"@type\":\"EntryPoint\",\"urlTemplate\":\"https:\/\/conversesacatalunya.cat\/?s={search_term_string}\"},\"query-input\":{\"@type\":\"PropertyValueSpecification\",\"valueRequired\":true,\"valueName\":\"search_term_string\"}}],\"inLanguage\":\"es\"},{\"@type\":\"Person\",\"@id\":\"https:\/\/conversesacatalunya.cat\/#\/schema\/person\/3ce2ab16c0a3803086d80722c7cad56a\",\"name\":\"Carles L\u00f3pez\",\"image\":{\"@type\":\"ImageObject\",\"inLanguage\":\"es\",\"@id\":\"https:\/\/conversesacatalunya.cat\/#\/schema\/person\/image\/\",\"url\":\"https:\/\/conversesacatalunya.cat\/wp-content\/litespeed\/avatar\/4891585caf2896e97846ab77f06edcf2.jpg?ver=1777091173\",\"contentUrl\":\"https:\/\/conversesacatalunya.cat\/wp-content\/litespeed\/avatar\/4891585caf2896e97846ab77f06edcf2.jpg?ver=1777091173\",\"caption\":\"Carles L\u00f3pez\"},\"url\":\"https:\/\/conversesacatalunya.cat\/es\/author\/carles-lopez\/\"}]}<\/script>\n<!-- \/ Yoast SEO plugin. -->","yoast_head_json":{"title":"\u00bfEuropa ha abandonado Armenia a cambio del gas de Azerbaiy\u00e1n? - Converses a Catalunya","robots":{"index":"index","follow":"follow","max-snippet":"max-snippet:-1","max-image-preview":"max-image-preview:large","max-video-preview":"max-video-preview:-1"},"canonical":"https:\/\/conversesacatalunya.cat\/es\/europa-ha-abandonado-armenia-a-cambio-del-gas-de-azerbaiyan\/","og_locale":"es_ES","og_type":"article","og_title":"\u00bfEuropa ha abandonado Armenia a cambio del gas de Azerbaiy\u00e1n? - Converses a Catalunya","og_description":"La Comisi\u00f3n Europea, que pretend\u00eda ser la m\u00e1s geopol\u00edtica\u00a0de la historia de la instituci\u00f3n, en palabras de su presidenta Ursula von der Leyen, ha vuelto a demostrar su\u00a0escasa habilidad y nula influencia en la vecindad europea. Converses\u00a0ya ha hablado en otras ocasiones de las\u00a0humillaciones\u00a0que las autoridades europeas, incapaces de actuar eficazmente en defensa de nuestros intereses, han sufrido en los \u00faltimos a\u00f1os.\u00a0A estas se suma ahora la\u00a0dejadez infligida en Armenia ante su rival hist\u00f3rico y agresor, Azerbaiy\u00e1n. Armenia no solo tiene profundos v\u00ednculos culturales con Europa (se la considera el primer estado cristiano del mundo) y dispone de un acuerdo de asociaci\u00f3n global firmado en 2017 con Bruselas, sino que desde hace dos a\u00f1os sufre las agresiones de su vecino de mayor\u00eda musulmana, Azerbaiy\u00e1n, mucho m\u00e1s rico y bien equipado gracias a las rentas que obtiene de las energ\u00edas f\u00f3siles. En un nuevo episodio de una crisis que dura desde el desmantelamiento del imperio sovi\u00e9tico en los alrededores de 1990,\u00a0tropas turcas y azer\u00edes\u00a0se han vuelto a concentrar en la frontera con Armenia y lo que resta de las regiones de mayor\u00eda armenia que no fueron perdidas durante la ofensiva y posterior ocupaci\u00f3n azer\u00ed de 2020. Llegados a este punto, hay que dar marcha atr\u00e1s y recordar que el imperio otomano dominado por los turcos, etnia mayoritaria tanto en Turqu\u00eda como en Azerbaiy\u00e1n, fue responsable del primer\u00a0genocidio\u00a0reconocido como tal del siglo XX, y que buscaba exterminar la cultura armenia. Ahora, Azerbaiy\u00e1n no esconde su intenci\u00f3n de ocupar nuevas regiones, haciendo temer un nuevo episodio de\u00a0limpieza \u00e9tnica. Los c\u00edrculos de poder de Ankara y Bak\u00fa (capital de Azerbaiy\u00e1n) siguen alimentando un\u00a0profundo racismo anti-armenio y mostrando su voluntad de destruir la antigua naci\u00f3n armenia. Para aterrorizar a la poblaci\u00f3n, no dudan en recurrir a t\u00e1cticas brutales como difundir en las redes sociales las\u00a0atrocidades\u00a0cometidas contra la poblaci\u00f3n civil.\u00a0El propio presidente azer\u00ed, Aliyev, se ha referido a los armenios como \u00abperros que hay que echar fuera de la regi\u00f3n\u00bb. Hist\u00f3ricamente, Rusia hab\u00eda mantenido a raya Azerbaiy\u00e1n.\u00a0Pero su influencia ya mostr\u00f3 signos de debilidad en 2020, cuando no pudo impedir el ataque de las fuerzas armadas\u00a0azer\u00edes contra los territorios poblados desde hace siglos por la poblaci\u00f3n armenia.\u00a0Todo lo que Mosc\u00fa logr\u00f3 entonces fue un alto el fuego y el despliegue de una fuerza de interposici\u00f3n entre los dos bandos. \u00a0 Este a\u00f1o, con Rusia volcada en su invasi\u00f3n de Ucrania, su influencia en los pa\u00edses de la \u00f3rbita post-sovi\u00e9tica peligra m\u00e1s que nunca. Azerbaiy\u00e1n y Turqu\u00eda no han dudado en\u00a0aprovechar\u00a0la oportunidad para\u00a0desmenuzar la fr\u00e1gil paz obtenida hace dos a\u00f1os\u00a0y que ya era ventajosa por los intereses de ambos pa\u00edses de habla turca, entrando en territorio armenio esta vez no reivindicado por Bak\u00fa. Esta vez, parece que ha sido la\u00a0intervenci\u00f3n de Estados Unidos\u00a0lo que habr\u00eda impedido nuevas hostilidades por parte de los azer\u00edes.\u00a0Sin embargo, tras la visita a Yerevan, la capital armenia, de la presidenta de la C\u00e1mara de Representantes estadounidense, la dem\u00f3crata Nancy Pelosi, Azerbaiy\u00e1n ha reanudado los ataques. Mientras, Europa mira el panorama de lejos.\u00a0Su iniciativa de un proceso de paz parece cada vez m\u00e1s imposible culminar con \u00e9xito.\u00a0Sobre el terreno son las armas las que deciden. Adem\u00e1s, Bruselas\u00a0es siempre poco proclive a criticar a Turqu\u00eda, ya que Alemania tiene importantes intereses econ\u00f3micos y debe gestionar una numerosa comunidad turca que vive en su territorio.\u00a0Sin hablar del arma de destrucci\u00f3n masiva de Erdogan, la inmigraci\u00f3n proveniente de Siria. Pero en este caso, la verg\u00fcenza para Europa es a\u00fan m\u00e1s importante porque la propia presidenta de la Comisi\u00f3n, Von der Leyen, visit\u00f3 Bak\u00fa con gran pompa el pasado mes de julio para anunciar\u00a0nuevos acuerdos de suministro energ\u00e9tico entre Azerbaiy\u00e1n y Europa. Estos son parte de los esfuerzos de \u201cdiversificaci\u00f3n\u201d energ\u00e9tica de la UE para asegurar su suministro tras las sanciones impuestas por Bruselas contra Mosc\u00fa. En resumen, Bruselas deja de comprar gas y petr\u00f3leo a un agresor (Rusia), para pasar a adquirirlo a otro (Azerbaiy\u00e1n).\u00a0Y para m\u00e1s inri, es notorio que\u00a0Azerbaiy\u00e1n revende petr\u00f3leo que compra a Rusia a precios muy ventajosos. En definitiva, una vez m\u00e1s, la Comisi\u00f3n Europea brilla por su cortedad de miras y contradicciones.\u00a0No solo es incapaz de defender sus propios intereses en los \u00e1mbitos econ\u00f3micos y geopol\u00edticos, sino que abandona a un aliado natural\u00a0y sufrido en manos de dos reg\u00edmenes autoritarios \u00e1vidos de su destrucci\u00f3n.","og_url":"https:\/\/conversesacatalunya.cat\/es\/europa-ha-abandonado-armenia-a-cambio-del-gas-de-azerbaiyan\/","og_site_name":"Converses a Catalunya","article_published_time":"2022-10-04T08:37:35+00:00","article_modified_time":"2022-10-04T10:13:10+00:00","og_image":[{"width":1280,"height":853,"url":"https:\/\/conversesacatalunya.cat\/wp-content\/uploads\/2022\/10\/pexels-meline-asryan-5952216.jpg","type":"image\/jpeg"}],"author":"Carles L\u00f3pez","twitter_card":"summary_large_image","twitter_misc":{"Escrito por":"Carles L\u00f3pez","Tiempo de lectura":"4 minutos"},"schema":{"@context":"https:\/\/schema.org","@graph":[{"@type":"Article","@id":"https:\/\/conversesacatalunya.cat\/es\/europa-ha-abandonado-armenia-a-cambio-del-gas-de-azerbaiyan\/#article","isPartOf":{"@id":"https:\/\/conversesacatalunya.cat\/es\/europa-ha-abandonado-armenia-a-cambio-del-gas-de-azerbaiyan\/"},"author":{"name":"Carles L\u00f3pez","@id":"https:\/\/conversesacatalunya.cat\/#\/schema\/person\/3ce2ab16c0a3803086d80722c7cad56a"},"headline":"\u00bfEuropa ha abandonado Armenia a cambio del gas de Azerbaiy\u00e1n?","datePublished":"2022-10-04T08:37:35+00:00","dateModified":"2022-10-04T10:13:10+00:00","mainEntityOfPage":{"@id":"https:\/\/conversesacatalunya.cat\/es\/europa-ha-abandonado-armenia-a-cambio-del-gas-de-azerbaiyan\/"},"wordCount":835,"commentCount":0,"image":{"@id":"https:\/\/conversesacatalunya.cat\/es\/europa-ha-abandonado-armenia-a-cambio-del-gas-de-azerbaiyan\/#primaryimage"},"thumbnailUrl":"https:\/\/conversesacatalunya.cat\/wp-content\/uploads\/2022\/10\/pexels-meline-asryan-5952216.jpg","keywords":["gas ruso"],"articleSection":["Punts clau del dia (ES)"],"inLanguage":"es","potentialAction":[{"@type":"CommentAction","name":"Comment","target":["https:\/\/conversesacatalunya.cat\/es\/europa-ha-abandonado-armenia-a-cambio-del-gas-de-azerbaiyan\/#respond"]}]},{"@type":"WebPage","@id":"https:\/\/conversesacatalunya.cat\/es\/europa-ha-abandonado-armenia-a-cambio-del-gas-de-azerbaiyan\/","url":"https:\/\/conversesacatalunya.cat\/es\/europa-ha-abandonado-armenia-a-cambio-del-gas-de-azerbaiyan\/","name":"\u00bfEuropa ha abandonado Armenia a cambio del gas de Azerbaiy\u00e1n? - Converses a Catalunya","isPartOf":{"@id":"https:\/\/conversesacatalunya.cat\/#website"},"primaryImageOfPage":{"@id":"https:\/\/conversesacatalunya.cat\/es\/europa-ha-abandonado-armenia-a-cambio-del-gas-de-azerbaiyan\/#primaryimage"},"image":{"@id":"https:\/\/conversesacatalunya.cat\/es\/europa-ha-abandonado-armenia-a-cambio-del-gas-de-azerbaiyan\/#primaryimage"},"thumbnailUrl":"https:\/\/conversesacatalunya.cat\/wp-content\/uploads\/2022\/10\/pexels-meline-asryan-5952216.jpg","datePublished":"2022-10-04T08:37:35+00:00","dateModified":"2022-10-04T10:13:10+00:00","author":{"@id":"https:\/\/conversesacatalunya.cat\/#\/schema\/person\/3ce2ab16c0a3803086d80722c7cad56a"},"breadcrumb":{"@id":"https:\/\/conversesacatalunya.cat\/es\/europa-ha-abandonado-armenia-a-cambio-del-gas-de-azerbaiyan\/#breadcrumb"},"inLanguage":"es","potentialAction":[{"@type":"ReadAction","target":["https:\/\/conversesacatalunya.cat\/es\/europa-ha-abandonado-armenia-a-cambio-del-gas-de-azerbaiyan\/"]}]},{"@type":"ImageObject","inLanguage":"es","@id":"https:\/\/conversesacatalunya.cat\/es\/europa-ha-abandonado-armenia-a-cambio-del-gas-de-azerbaiyan\/#primaryimage","url":"https:\/\/conversesacatalunya.cat\/wp-content\/uploads\/2022\/10\/pexels-meline-asryan-5952216.jpg","contentUrl":"https:\/\/conversesacatalunya.cat\/wp-content\/uploads\/2022\/10\/pexels-meline-asryan-5952216.jpg","width":1280,"height":853},{"@type":"BreadcrumbList","@id":"https:\/\/conversesacatalunya.cat\/es\/europa-ha-abandonado-armenia-a-cambio-del-gas-de-azerbaiyan\/#breadcrumb","itemListElement":[{"@type":"ListItem","position":1,"name":"Inici","item":"https:\/\/conversesacatalunya.cat\/es\/"},{"@type":"ListItem","position":2,"name":"\u00bfEuropa ha abandonado Armenia a cambio del gas de Azerbaiy\u00e1n?"}]},{"@type":"WebSite","@id":"https:\/\/conversesacatalunya.cat\/#website","url":"https:\/\/conversesacatalunya.cat\/","name":"Converses a Catalunya","description":"","potentialAction":[{"@type":"SearchAction","target":{"@type":"EntryPoint","urlTemplate":"https:\/\/conversesacatalunya.cat\/?s={search_term_string}"},"query-input":{"@type":"PropertyValueSpecification","valueRequired":true,"valueName":"search_term_string"}}],"inLanguage":"es"},{"@type":"Person","@id":"https:\/\/conversesacatalunya.cat\/#\/schema\/person\/3ce2ab16c0a3803086d80722c7cad56a","name":"Carles L\u00f3pez","image":{"@type":"ImageObject","inLanguage":"es","@id":"https:\/\/conversesacatalunya.cat\/#\/schema\/person\/image\/","url":"https:\/\/conversesacatalunya.cat\/wp-content\/litespeed\/avatar\/4891585caf2896e97846ab77f06edcf2.jpg?ver=1777091173","contentUrl":"https:\/\/conversesacatalunya.cat\/wp-content\/litespeed\/avatar\/4891585caf2896e97846ab77f06edcf2.jpg?ver=1777091173","caption":"Carles L\u00f3pez"},"url":"https:\/\/conversesacatalunya.cat\/es\/author\/carles-lopez\/"}]}},"wps_subtitle":"Bruselas deja de comprar gas y petr\u00f3leo a un agresor, Rusia, para pasar a adquirirlo a otro, Azerbaiy\u00e1n. Sin hablar de la proximidad cultural de Europa con el pueblo armenio, ni de la tr\u00e1gica historia de su cultura que los turcos han tratado repetidamente de borrar del mapa","_links":{"self":[{"href":"https:\/\/conversesacatalunya.cat\/es\/wp-json\/wp\/v2\/posts\/61230","targetHints":{"allow":["GET"]}}],"collection":[{"href":"https:\/\/conversesacatalunya.cat\/es\/wp-json\/wp\/v2\/posts"}],"about":[{"href":"https:\/\/conversesacatalunya.cat\/es\/wp-json\/wp\/v2\/types\/post"}],"author":[{"embeddable":true,"href":"https:\/\/conversesacatalunya.cat\/es\/wp-json\/wp\/v2\/users\/75"}],"replies":[{"embeddable":true,"href":"https:\/\/conversesacatalunya.cat\/es\/wp-json\/wp\/v2\/comments?post=61230"}],"version-history":[{"count":2,"href":"https:\/\/conversesacatalunya.cat\/es\/wp-json\/wp\/v2\/posts\/61230\/revisions"}],"predecessor-version":[{"id":61232,"href":"https:\/\/conversesacatalunya.cat\/es\/wp-json\/wp\/v2\/posts\/61230\/revisions\/61232"}],"wp:featuredmedia":[{"embeddable":true,"href":"https:\/\/conversesacatalunya.cat\/es\/wp-json\/wp\/v2\/media\/61181"}],"wp:attachment":[{"href":"https:\/\/conversesacatalunya.cat\/es\/wp-json\/wp\/v2\/media?parent=61230"}],"wp:term":[{"taxonomy":"category","embeddable":true,"href":"https:\/\/conversesacatalunya.cat\/es\/wp-json\/wp\/v2\/categories?post=61230"},{"taxonomy":"post_tag","embeddable":true,"href":"https:\/\/conversesacatalunya.cat\/es\/wp-json\/wp\/v2\/tags?post=61230"}],"curies":[{"name":"wp","href":"https:\/\/api.w.org\/{rel}","templated":true}]}}