{"id":61172,"date":"2022-09-30T11:47:30","date_gmt":"2022-09-30T09:47:30","guid":{"rendered":"https:\/\/conversesacatalunya.cat\/sanchez-governar-a-cop-dacudit\/"},"modified":"2022-09-30T12:47:58","modified_gmt":"2022-09-30T10:47:58","slug":"sanchez-gobernar-a-golpe-de-chiste","status":"publish","type":"post","link":"https:\/\/conversesacatalunya.cat\/es\/sanchez-gobernar-a-golpe-de-chiste\/","title":{"rendered":"S\u00e1nchez: gobernar a golpe de chiste"},"content":{"rendered":"<p><span>El presidente S\u00e1nchez, que ahora estrenar\u00e1 en televisi\u00f3n una serie propia dedicada a su autoelogio, vive a remolque de las circunstancias, atemorizado por las encuestas y eso hace que\u00a0<\/span><strong><span>gobierne a golpe de chiste<\/span><\/strong><span>, como la realidad nos demuestra d\u00eda a d\u00eda y de forma creciente.<\/span><\/p>\n<p><span>Tambi\u00e9n exacerba una deriva peligrosa que es el control de todos los mecanismos que desde el gobierno del Estado puede mediatizar.\u00a0Ha pasado en la empresa p\u00fablica, a los organismos te\u00f3ricamente independientes, como el CIS, con la fiscal\u00eda general del estado, y ahora ha estallado en t\u00e9rminos muy espectaculares por el descarnado control que se quiere ejercer sobre TVE, donde por primera vez se hacen p\u00fablicas listas negras de profesionales, con el sello de CCOO que a su vez se transforma p\u00fablicamente en argumentos a manos de Pablo Iglesias para conseguir la decapitaci\u00f3n de lo que era el actual responsable de TVE, Jos\u00e9 Manuel P\u00e9rez Tornero.<\/span><\/p>\n<p><span>Y en cuanto a los chistes, el \u00faltimo es sobre una cuesti\u00f3n tan delicada como <\/span><strong><span>los impuestos<\/span><\/strong><span>.\u00a0Las tres piezas fundamentales de la vida institucional de un pa\u00eds y estado es el buen funcionamiento parlamentario, la aprobaci\u00f3n de unos presupuestos claros y su religiosa aplicaci\u00f3n, y el mejor sistema impositivo posible para los ciudadanos y la comunidad.\u00a0<\/span><strong><span>Ninguna de estas condiciones se dan en Espa\u00f1a<\/span><\/strong><span>\u00a0y \u00e9ste es un problema grave.<\/span><\/p>\n<p><span>Ahora, de forma repentina, el gobierno S\u00e1nchez ha decidido hacer lo que ven\u00eda neg\u00e1ndose reiteradamente:\u00a0<\/span><strong><span>bajar impuestos<\/span><\/strong><span>.\u00a0Lo hace de forma limitada s\u00f3lo para los ingresos de hasta 21.000 euros al a\u00f1o.\u00a0Pero lo hace porque no ha podido soportar el alud de decisiones de las comunidades aut\u00f3nomas.\u00a0Ya no s\u00f3lo las del PP act\u00faan en ese sentido.\u00a0El golpe del presidente valenciano, Ximo Puig, te\u00f3ricamente un sanchista de pro, reduciendo el IRPF hasta el l\u00edmite de ingresos de 60.000 euros ha sido un golpe demoledor.<\/span><\/p>\n<p><span>Al final y de forma improvisada, S\u00e1nchez ha cedido en un doble plano, el de la bajada de impuestos para quien dispone de unos ingresos bajos, pero que num\u00e9ricamente afectan a buena parte de la poblaci\u00f3n, tambi\u00e9n a los aut\u00f3nomos, que pueden ampliar la deducci\u00f3n de sus gastos del 5% al \u200b\u200b7% y la reducci\u00f3n de 2 puntos del 25% al \u200b\u200b27% del tipo general para las microempresas, aqu\u00e9llas que facturan menos de un mill\u00f3n de euros.<\/span><\/p>\n<p><span>Por otra parte, acaban asumiendo plenamente lo que al inicio era la propuesta de Podemos de\u00a0<\/span><strong><span>hacer pagar m\u00e1s a los ricos<\/span><\/strong><span>.\u00a0Y as\u00ed explica que ha puesto un impuesto sobre las grandes fortunas.\u00a0<span class=\"goog-text-highlight\">En realidad no es as\u00ed, en la pr\u00e1ctica es un impuesto sobre las grandes fortunas que viven en Madrid y en Andaluc\u00eda, porque se trata de tributar entre un 2,1% y un 3,5% en funci\u00f3n del patrimonio y a partir de 10 millones de euros, pero que ser\u00e1 deducible en aquellas comunidades que mantienen un impuesto del patrimonio. <\/span>En otras palabras, donde har\u00e1 da\u00f1o de verdad ser\u00e1 all\u00ed donde gobierna el PP. Adem\u00e1s se incrementa del 26% al 27 o 28% la presi\u00f3n fiscal sobre las plusval\u00edas de forma que \u00e9stas pagar\u00e1n m\u00e1s en todas partes.<\/span><\/p>\n<p><span><span class=\"\">Uno de los resultados de estas modificaciones m\u00e1s la inflaci\u00f3n existente significa un\u00a0<\/span><\/span><strong><span><span class=\"\">castigo por los ahorradores<\/span><\/span><\/strong><span><span class=\"\"> que han alcanzado un determinado nivel porque lo que se penaliza son los ahorros, bienes mobiliarios o inmobiliarios, y tambi\u00e9n porque como ya explicamos en Converses, la inflaci\u00f3n se ha comido un 20% de los valores patrimoniales.<\/span><\/span><\/p>\n<p><span>Y todo ello en un contexto en el que requiere una gran figura pol\u00edtica y t\u00e9cnica acertada, porque est\u00e1 sometido a exigencias contradictorias. Por un lado, y como\u00a0<\/span><a href=\"https:\/\/conversesacatalunya.cat\/es\/el-debate-politico-sobre-la-fiscalidad\/\"><span>inform\u00e1bamos en Converses<\/span><\/a><span>, no es verdad que paguemos pocos impuestos, porque los tipos son altos, y no es verdad que los grandes ingresos paguen poco, comparado en el contexto europeo y de la OCDE.\u00a0Lo que ocurre es que las excepciones fiscales y la falta de deficiencia fiscal hace que haya gente que sencillamente no pague o pague menos de lo que le tocar\u00eda.\u00a0<span class=\"goog-text-highlight\">En otras palabras, a los que les toca recibir son los cumplidores de la ley, porque son los que pagan de una manera importante, y ahora, a partir de un determinado nivel, todav\u00eda lo har\u00e1n m\u00e1s.\u00a0<\/span><\/span><strong><span>La clase media y la clase media-alta que en este sentido no practica la evasi\u00f3n fiscal, ser\u00e1 la m\u00e1s perjudicada<\/span><\/strong><span>.<\/span><\/p>\n<p><span>La otra gran exigencia es, como dice el catedr\u00e1tico de Econom\u00eda de la UPF, Guillem L\u00f3pez Casasnovas: \u00abel estado gasta lo que no ingresa con una recaudaci\u00f3n tributaria insuficiente y una financiaci\u00f3n que se conf\u00eda con la deuda\u00bb.<\/span><\/p>\n<p><span>Cuadrar todo esto es complejo, pero se puede hacer porque existen suficientes conocimientos econ\u00f3micos para llevarlo a cabo.\u00a0Lo que resulta imposible es hacerlo bien funcionando a golpe de chiste y seg\u00fan sopla el viento en cada momento.<\/span><\/p>\n<div id=\"polls-167\" class=\"wp-polls\">\n\t<form id=\"polls_form_167\" class=\"wp-polls-form\" action=\"\/index.php\" method=\"post\">\n\t\t<p style=\"display: none;\"><input type=\"hidden\" id=\"poll_167_nonce\" name=\"wp-polls-nonce\" value=\"7b7b471ea6\" \/><\/p>\n\t\t<p style=\"display: none;\"><input type=\"hidden\" name=\"poll_id\" value=\"167\" \/><\/p>\n\t\t<p style=\"text-align: center\"><strong>Consideres que \u00e9s feixisme el que promou la coalici\u00f3 de la Sra. Meloni a It\u00e0lia?<\/strong><\/p><div id=\"polls-167-ans\" class=\"wp-polls-ans\"><ul class=\"wp-polls-ul\">\n\t\t<li><input type=\"radio\" id=\"poll-answer-440\" name=\"poll_167\" value=\"440\" \/> <label for=\"poll-answer-440\">S\u00ed<\/label><\/li>\n\t\t<li><input type=\"radio\" id=\"poll-answer-441\" name=\"poll_167\" value=\"441\" \/> <label for=\"poll-answer-441\">No<\/label><\/li>\n\t\t<li><input type=\"radio\" id=\"poll-answer-442\" name=\"poll_167\" value=\"442\" \/> <label for=\"poll-answer-442\">No ho s\u00e9<\/label><\/li>\n\t\t<\/ul><p style=\"text-align: center\"><input type=\"button\" name=\"vote\" value=\"   Vota   \" class=\"Buttons\" onclick=\"poll_vote(167);\" \/><\/p><p style=\"text-align: center\"><a href=\"#ViewPollResults\" onclick=\"poll_result(167); return false;\" title=\"View Results Of This Poll\">Mira els resultats<\/a><\/p><\/div>\n\t<\/form>\n<\/div>\n<div id=\"polls-167-loading\" class=\"wp-polls-loading\"><img decoding=\"async\" data-src=\"https:\/\/conversesacatalunya.cat\/wp-content\/plugins\/wp-polls\/images\/loading.gif\" width=\"16\" height=\"16\" alt=\"Cargando ...\" title=\"Cargando ...\" class=\"wp-polls-image lazyload\" src=\"data:image\/svg+xml;base64,PHN2ZyB3aWR0aD0iMSIgaGVpZ2h0PSIxIiB4bWxucz0iaHR0cDovL3d3dy53My5vcmcvMjAwMC9zdmciPjwvc3ZnPg==\" style=\"--smush-placeholder-width: 16px; --smush-placeholder-aspect-ratio: 16\/16;\" \/>&nbsp;Cargando ...<\/div>\n\n","protected":false},"excerpt":{"rendered":"<p>El presidente S\u00e1nchez, que ahora estrenar\u00e1 en televisi\u00f3n una serie propia dedicada a su autoelogio, vive a remolque de las circunstancias, atemorizado por las encuestas y eso hace que\u00a0gobierne a golpe de chiste, como la realidad nos demuestra d\u00eda a d\u00eda y de forma creciente. Tambi\u00e9n exacerba una deriva peligrosa que es el control de todos los mecanismos que desde el gobierno del Estado puede mediatizar.\u00a0Ha pasado en la empresa p\u00fablica, a los organismos te\u00f3ricamente independientes, como el CIS, con la fiscal\u00eda general del estado, y ahora ha estallado en t\u00e9rminos muy espectaculares por el descarnado control que se quiere ejercer sobre TVE, donde por primera vez se hacen p\u00fablicas listas negras de profesionales, con el sello de CCOO que a su vez se transforma p\u00fablicamente en argumentos a manos de Pablo Iglesias para conseguir la decapitaci\u00f3n de lo que era el actual responsable de TVE, Jos\u00e9 Manuel P\u00e9rez Tornero. Y en cuanto a los chistes, el \u00faltimo es sobre una cuesti\u00f3n tan delicada como los impuestos.\u00a0Las tres piezas fundamentales de la vida institucional de un pa\u00eds y estado es el buen funcionamiento parlamentario, la aprobaci\u00f3n de unos presupuestos claros y su religiosa aplicaci\u00f3n, y el mejor sistema impositivo posible para los ciudadanos y la comunidad.\u00a0Ninguna de estas condiciones se dan en Espa\u00f1a\u00a0y \u00e9ste es un problema grave. Ahora, de forma repentina, el gobierno S\u00e1nchez ha decidido hacer lo que ven\u00eda neg\u00e1ndose reiteradamente:\u00a0bajar impuestos.\u00a0Lo hace de forma limitada s\u00f3lo para los ingresos de hasta 21.000 euros al a\u00f1o.\u00a0Pero lo hace porque no ha podido soportar el alud de decisiones de las comunidades aut\u00f3nomas.\u00a0Ya no s\u00f3lo las del PP act\u00faan en ese sentido.\u00a0El golpe del presidente valenciano, Ximo Puig, te\u00f3ricamente un sanchista de pro, reduciendo el IRPF hasta el l\u00edmite de ingresos de 60.000 euros ha sido un golpe demoledor. Al final y de forma improvisada, S\u00e1nchez ha cedido en un doble plano, el de la bajada de impuestos para quien dispone de unos ingresos bajos, pero que num\u00e9ricamente afectan a buena parte de la poblaci\u00f3n, tambi\u00e9n a los aut\u00f3nomos, que pueden ampliar la deducci\u00f3n de sus gastos del 5% al \u200b\u200b7% y la reducci\u00f3n de 2 puntos del 25% al \u200b\u200b27% del tipo general para las microempresas, aqu\u00e9llas que facturan menos de un mill\u00f3n de euros. Por otra parte, acaban asumiendo plenamente lo que al inicio era la propuesta de Podemos de\u00a0hacer pagar m\u00e1s a los ricos.\u00a0Y as\u00ed explica que ha puesto un impuesto sobre las grandes fortunas.\u00a0En realidad no es as\u00ed, en la pr\u00e1ctica es un impuesto sobre las grandes fortunas que viven en Madrid y en Andaluc\u00eda, porque se trata de tributar entre un 2,1% y un 3,5% en funci\u00f3n del patrimonio y a partir de 10 millones de euros, pero que ser\u00e1 deducible en aquellas comunidades que mantienen un impuesto del patrimonio. En otras palabras, donde har\u00e1 da\u00f1o de verdad ser\u00e1 all\u00ed donde gobierna el PP. Adem\u00e1s se incrementa del 26% al 27 o 28% la presi\u00f3n fiscal sobre las plusval\u00edas de forma que \u00e9stas pagar\u00e1n m\u00e1s en todas partes. Uno de los resultados de estas modificaciones m\u00e1s la inflaci\u00f3n existente significa un\u00a0castigo por los ahorradores que han alcanzado un determinado nivel porque lo que se penaliza son los ahorros, bienes mobiliarios o inmobiliarios, y tambi\u00e9n porque como ya explicamos en Converses, la inflaci\u00f3n se ha comido un 20% de los valores patrimoniales. Y todo ello en un contexto en el que requiere una gran figura pol\u00edtica y t\u00e9cnica acertada, porque est\u00e1 sometido a exigencias contradictorias. Por un lado, y como\u00a0inform\u00e1bamos en Converses, no es verdad que paguemos pocos impuestos, porque los tipos son altos, y no es verdad que los grandes ingresos paguen poco, comparado en el contexto europeo y de la OCDE.\u00a0Lo que ocurre es que las excepciones fiscales y la falta de deficiencia fiscal hace que haya gente que sencillamente no pague o pague menos de lo que le tocar\u00eda.\u00a0En otras palabras, a los que les toca recibir son los cumplidores de la ley, porque son los que pagan de una manera importante, y ahora, a partir de un determinado nivel, todav\u00eda lo har\u00e1n m\u00e1s.\u00a0La clase media y la clase media-alta que en este sentido no practica la evasi\u00f3n fiscal, ser\u00e1 la m\u00e1s perjudicada. La otra gran exigencia es, como dice el catedr\u00e1tico de Econom\u00eda de la UPF, Guillem L\u00f3pez Casasnovas: \u00abel estado gasta lo que no ingresa con una recaudaci\u00f3n tributaria insuficiente y una financiaci\u00f3n que se conf\u00eda con la deuda\u00bb. Cuadrar todo esto es complejo, pero se puede hacer porque existen suficientes conocimientos econ\u00f3micos para llevarlo a cabo.\u00a0Lo que resulta imposible es hacerlo bien funcionando a golpe de chiste y seg\u00fan sopla el viento en cada momento.<\/p>\n","protected":false},"author":27,"featured_media":61163,"comment_status":"open","ping_status":"open","sticky":false,"template":"","format":"standard","meta":{"_FSMCFIC_featured_image_caption":"","_FSMCFIC_featured_image_nocaption":"","_FSMCFIC_featured_image_hide":"","footnotes":""},"categories":[806],"tags":[1276],"class_list":["post-61172","post","type-post","status-publish","format-standard","has-post-thumbnail","hentry","category-punts-claus-del-dia-es","tag-impuestos"],"yoast_head":"<!-- This site is optimized with the Yoast SEO plugin v26.8 - https:\/\/yoast.com\/product\/yoast-seo-wordpress\/ -->\n<title>S\u00e1nchez: gobernar a golpe de chiste - Converses a Catalunya<\/title>\n<meta name=\"robots\" content=\"noindex, nofollow\" \/>\n<meta property=\"og:locale\" content=\"es_ES\" \/>\n<meta property=\"og:type\" content=\"article\" \/>\n<meta property=\"og:title\" content=\"S\u00e1nchez: gobernar a golpe de chiste - Converses a Catalunya\" \/>\n<meta property=\"og:description\" content=\"El presidente S\u00e1nchez, que ahora estrenar\u00e1 en televisi\u00f3n una serie propia dedicada a su autoelogio, vive a remolque de las circunstancias, atemorizado por las encuestas y eso hace que\u00a0gobierne a golpe de chiste, como la realidad nos demuestra d\u00eda a d\u00eda y de forma creciente. Tambi\u00e9n exacerba una deriva peligrosa que es el control de todos los mecanismos que desde el gobierno del Estado puede mediatizar.\u00a0Ha pasado en la empresa p\u00fablica, a los organismos te\u00f3ricamente independientes, como el CIS, con la fiscal\u00eda general del estado, y ahora ha estallado en t\u00e9rminos muy espectaculares por el descarnado control que se quiere ejercer sobre TVE, donde por primera vez se hacen p\u00fablicas listas negras de profesionales, con el sello de CCOO que a su vez se transforma p\u00fablicamente en argumentos a manos de Pablo Iglesias para conseguir la decapitaci\u00f3n de lo que era el actual responsable de TVE, Jos\u00e9 Manuel P\u00e9rez Tornero. Y en cuanto a los chistes, el \u00faltimo es sobre una cuesti\u00f3n tan delicada como los impuestos.\u00a0Las tres piezas fundamentales de la vida institucional de un pa\u00eds y estado es el buen funcionamiento parlamentario, la aprobaci\u00f3n de unos presupuestos claros y su religiosa aplicaci\u00f3n, y el mejor sistema impositivo posible para los ciudadanos y la comunidad.\u00a0Ninguna de estas condiciones se dan en Espa\u00f1a\u00a0y \u00e9ste es un problema grave. Ahora, de forma repentina, el gobierno S\u00e1nchez ha decidido hacer lo que ven\u00eda neg\u00e1ndose reiteradamente:\u00a0bajar impuestos.\u00a0Lo hace de forma limitada s\u00f3lo para los ingresos de hasta 21.000 euros al a\u00f1o.\u00a0Pero lo hace porque no ha podido soportar el alud de decisiones de las comunidades aut\u00f3nomas.\u00a0Ya no s\u00f3lo las del PP act\u00faan en ese sentido.\u00a0El golpe del presidente valenciano, Ximo Puig, te\u00f3ricamente un sanchista de pro, reduciendo el IRPF hasta el l\u00edmite de ingresos de 60.000 euros ha sido un golpe demoledor. Al final y de forma improvisada, S\u00e1nchez ha cedido en un doble plano, el de la bajada de impuestos para quien dispone de unos ingresos bajos, pero que num\u00e9ricamente afectan a buena parte de la poblaci\u00f3n, tambi\u00e9n a los aut\u00f3nomos, que pueden ampliar la deducci\u00f3n de sus gastos del 5% al \u200b\u200b7% y la reducci\u00f3n de 2 puntos del 25% al \u200b\u200b27% del tipo general para las microempresas, aqu\u00e9llas que facturan menos de un mill\u00f3n de euros. Por otra parte, acaban asumiendo plenamente lo que al inicio era la propuesta de Podemos de\u00a0hacer pagar m\u00e1s a los ricos.\u00a0Y as\u00ed explica que ha puesto un impuesto sobre las grandes fortunas.\u00a0En realidad no es as\u00ed, en la pr\u00e1ctica es un impuesto sobre las grandes fortunas que viven en Madrid y en Andaluc\u00eda, porque se trata de tributar entre un 2,1% y un 3,5% en funci\u00f3n del patrimonio y a partir de 10 millones de euros, pero que ser\u00e1 deducible en aquellas comunidades que mantienen un impuesto del patrimonio. En otras palabras, donde har\u00e1 da\u00f1o de verdad ser\u00e1 all\u00ed donde gobierna el PP. Adem\u00e1s se incrementa del 26% al 27 o 28% la presi\u00f3n fiscal sobre las plusval\u00edas de forma que \u00e9stas pagar\u00e1n m\u00e1s en todas partes. Uno de los resultados de estas modificaciones m\u00e1s la inflaci\u00f3n existente significa un\u00a0castigo por los ahorradores que han alcanzado un determinado nivel porque lo que se penaliza son los ahorros, bienes mobiliarios o inmobiliarios, y tambi\u00e9n porque como ya explicamos en Converses, la inflaci\u00f3n se ha comido un 20% de los valores patrimoniales. Y todo ello en un contexto en el que requiere una gran figura pol\u00edtica y t\u00e9cnica acertada, porque est\u00e1 sometido a exigencias contradictorias. Por un lado, y como\u00a0inform\u00e1bamos en Converses, no es verdad que paguemos pocos impuestos, porque los tipos son altos, y no es verdad que los grandes ingresos paguen poco, comparado en el contexto europeo y de la OCDE.\u00a0Lo que ocurre es que las excepciones fiscales y la falta de deficiencia fiscal hace que haya gente que sencillamente no pague o pague menos de lo que le tocar\u00eda.\u00a0En otras palabras, a los que les toca recibir son los cumplidores de la ley, porque son los que pagan de una manera importante, y ahora, a partir de un determinado nivel, todav\u00eda lo har\u00e1n m\u00e1s.\u00a0La clase media y la clase media-alta que en este sentido no practica la evasi\u00f3n fiscal, ser\u00e1 la m\u00e1s perjudicada. La otra gran exigencia es, como dice el catedr\u00e1tico de Econom\u00eda de la UPF, Guillem L\u00f3pez Casasnovas: \u00abel estado gasta lo que no ingresa con una recaudaci\u00f3n tributaria insuficiente y una financiaci\u00f3n que se conf\u00eda con la deuda\u00bb. Cuadrar todo esto es complejo, pero se puede hacer porque existen suficientes conocimientos econ\u00f3micos para llevarlo a cabo.\u00a0Lo que resulta imposible es hacerlo bien funcionando a golpe de chiste y seg\u00fan sopla el viento en cada momento.\" \/>\n<meta property=\"og:url\" content=\"https:\/\/conversesacatalunya.cat\/es\/sanchez-gobernar-a-golpe-de-chiste\/\" \/>\n<meta property=\"og:site_name\" content=\"Converses a Catalunya\" \/>\n<meta property=\"article:published_time\" content=\"2022-09-30T09:47:30+00:00\" \/>\n<meta property=\"article:modified_time\" content=\"2022-09-30T10:47:58+00:00\" \/>\n<meta property=\"og:image\" content=\"https:\/\/conversesacatalunya.cat\/wp-content\/uploads\/2022\/09\/Pedro-Sanchez-riendo-Getty-Images.jpg\" \/>\n\t<meta property=\"og:image:width\" content=\"1200\" \/>\n\t<meta property=\"og:image:height\" content=\"675\" \/>\n\t<meta property=\"og:image:type\" content=\"image\/jpeg\" \/>\n<meta name=\"author\" content=\"Ricard Mestres\" \/>\n<meta name=\"twitter:card\" content=\"summary_large_image\" \/>\n<meta name=\"twitter:label1\" content=\"Escrito por\" \/>\n\t<meta name=\"twitter:data1\" content=\"Ricard Mestres\" \/>\n\t<meta name=\"twitter:label2\" content=\"Tiempo de lectura\" \/>\n\t<meta name=\"twitter:data2\" content=\"4 minutos\" \/>\n<script type=\"application\/ld+json\" class=\"yoast-schema-graph\">{\"@context\":\"https:\/\/schema.org\",\"@graph\":[{\"@type\":\"Article\",\"@id\":\"https:\/\/conversesacatalunya.cat\/es\/sanchez-gobernar-a-golpe-de-chiste\/#article\",\"isPartOf\":{\"@id\":\"https:\/\/conversesacatalunya.cat\/es\/sanchez-gobernar-a-golpe-de-chiste\/\"},\"author\":{\"name\":\"Ricard Mestres\",\"@id\":\"https:\/\/conversesacatalunya.cat\/#\/schema\/person\/0a88695f42cfb1eca908cc451762146b\"},\"headline\":\"S\u00e1nchez: gobernar a golpe de chiste\",\"datePublished\":\"2022-09-30T09:47:30+00:00\",\"dateModified\":\"2022-09-30T10:47:58+00:00\",\"mainEntityOfPage\":{\"@id\":\"https:\/\/conversesacatalunya.cat\/es\/sanchez-gobernar-a-golpe-de-chiste\/\"},\"wordCount\":857,\"commentCount\":0,\"image\":{\"@id\":\"https:\/\/conversesacatalunya.cat\/es\/sanchez-gobernar-a-golpe-de-chiste\/#primaryimage\"},\"thumbnailUrl\":\"https:\/\/conversesacatalunya.cat\/wp-content\/uploads\/2022\/09\/Pedro-Sanchez-riendo-Getty-Images.jpg\",\"keywords\":[\"Impuestos\"],\"articleSection\":[\"Punts clau del dia (ES)\"],\"inLanguage\":\"es\",\"potentialAction\":[{\"@type\":\"CommentAction\",\"name\":\"Comment\",\"target\":[\"https:\/\/conversesacatalunya.cat\/es\/sanchez-gobernar-a-golpe-de-chiste\/#respond\"]}]},{\"@type\":\"WebPage\",\"@id\":\"https:\/\/conversesacatalunya.cat\/es\/sanchez-gobernar-a-golpe-de-chiste\/\",\"url\":\"https:\/\/conversesacatalunya.cat\/es\/sanchez-gobernar-a-golpe-de-chiste\/\",\"name\":\"S\u00e1nchez: gobernar a golpe de chiste - Converses a Catalunya\",\"isPartOf\":{\"@id\":\"https:\/\/conversesacatalunya.cat\/#website\"},\"primaryImageOfPage\":{\"@id\":\"https:\/\/conversesacatalunya.cat\/es\/sanchez-gobernar-a-golpe-de-chiste\/#primaryimage\"},\"image\":{\"@id\":\"https:\/\/conversesacatalunya.cat\/es\/sanchez-gobernar-a-golpe-de-chiste\/#primaryimage\"},\"thumbnailUrl\":\"https:\/\/conversesacatalunya.cat\/wp-content\/uploads\/2022\/09\/Pedro-Sanchez-riendo-Getty-Images.jpg\",\"datePublished\":\"2022-09-30T09:47:30+00:00\",\"dateModified\":\"2022-09-30T10:47:58+00:00\",\"author\":{\"@id\":\"https:\/\/conversesacatalunya.cat\/#\/schema\/person\/0a88695f42cfb1eca908cc451762146b\"},\"breadcrumb\":{\"@id\":\"https:\/\/conversesacatalunya.cat\/es\/sanchez-gobernar-a-golpe-de-chiste\/#breadcrumb\"},\"inLanguage\":\"es\",\"potentialAction\":[{\"@type\":\"ReadAction\",\"target\":[\"https:\/\/conversesacatalunya.cat\/es\/sanchez-gobernar-a-golpe-de-chiste\/\"]}]},{\"@type\":\"ImageObject\",\"inLanguage\":\"es\",\"@id\":\"https:\/\/conversesacatalunya.cat\/es\/sanchez-gobernar-a-golpe-de-chiste\/#primaryimage\",\"url\":\"https:\/\/conversesacatalunya.cat\/wp-content\/uploads\/2022\/09\/Pedro-Sanchez-riendo-Getty-Images.jpg\",\"contentUrl\":\"https:\/\/conversesacatalunya.cat\/wp-content\/uploads\/2022\/09\/Pedro-Sanchez-riendo-Getty-Images.jpg\",\"width\":1200,\"height\":675},{\"@type\":\"BreadcrumbList\",\"@id\":\"https:\/\/conversesacatalunya.cat\/es\/sanchez-gobernar-a-golpe-de-chiste\/#breadcrumb\",\"itemListElement\":[{\"@type\":\"ListItem\",\"position\":1,\"name\":\"Inici\",\"item\":\"https:\/\/conversesacatalunya.cat\/es\/\"},{\"@type\":\"ListItem\",\"position\":2,\"name\":\"S\u00e1nchez: gobernar a golpe de chiste\"}]},{\"@type\":\"WebSite\",\"@id\":\"https:\/\/conversesacatalunya.cat\/#website\",\"url\":\"https:\/\/conversesacatalunya.cat\/\",\"name\":\"Converses a Catalunya\",\"description\":\"\",\"potentialAction\":[{\"@type\":\"SearchAction\",\"target\":{\"@type\":\"EntryPoint\",\"urlTemplate\":\"https:\/\/conversesacatalunya.cat\/?s={search_term_string}\"},\"query-input\":{\"@type\":\"PropertyValueSpecification\",\"valueRequired\":true,\"valueName\":\"search_term_string\"}}],\"inLanguage\":\"es\"},{\"@type\":\"Person\",\"@id\":\"https:\/\/conversesacatalunya.cat\/#\/schema\/person\/0a88695f42cfb1eca908cc451762146b\",\"name\":\"Ricard Mestres\",\"image\":{\"@type\":\"ImageObject\",\"inLanguage\":\"es\",\"@id\":\"https:\/\/conversesacatalunya.cat\/#\/schema\/person\/image\/\",\"url\":\"https:\/\/conversesacatalunya.cat\/wp-content\/litespeed\/avatar\/c4aa477c37df297548ad16b396f161bd.jpg?ver=1777373933\",\"contentUrl\":\"https:\/\/conversesacatalunya.cat\/wp-content\/litespeed\/avatar\/c4aa477c37df297548ad16b396f161bd.jpg?ver=1777373933\",\"caption\":\"Ricard Mestres\"},\"url\":\"https:\/\/conversesacatalunya.cat\/es\/author\/ricard-mestres\/\"}]}<\/script>\n<!-- \/ Yoast SEO plugin. -->","yoast_head_json":{"title":"S\u00e1nchez: gobernar a golpe de chiste - Converses a Catalunya","robots":{"index":"noindex","follow":"nofollow"},"og_locale":"es_ES","og_type":"article","og_title":"S\u00e1nchez: gobernar a golpe de chiste - Converses a Catalunya","og_description":"El presidente S\u00e1nchez, que ahora estrenar\u00e1 en televisi\u00f3n una serie propia dedicada a su autoelogio, vive a remolque de las circunstancias, atemorizado por las encuestas y eso hace que\u00a0gobierne a golpe de chiste, como la realidad nos demuestra d\u00eda a d\u00eda y de forma creciente. Tambi\u00e9n exacerba una deriva peligrosa que es el control de todos los mecanismos que desde el gobierno del Estado puede mediatizar.\u00a0Ha pasado en la empresa p\u00fablica, a los organismos te\u00f3ricamente independientes, como el CIS, con la fiscal\u00eda general del estado, y ahora ha estallado en t\u00e9rminos muy espectaculares por el descarnado control que se quiere ejercer sobre TVE, donde por primera vez se hacen p\u00fablicas listas negras de profesionales, con el sello de CCOO que a su vez se transforma p\u00fablicamente en argumentos a manos de Pablo Iglesias para conseguir la decapitaci\u00f3n de lo que era el actual responsable de TVE, Jos\u00e9 Manuel P\u00e9rez Tornero. Y en cuanto a los chistes, el \u00faltimo es sobre una cuesti\u00f3n tan delicada como los impuestos.\u00a0Las tres piezas fundamentales de la vida institucional de un pa\u00eds y estado es el buen funcionamiento parlamentario, la aprobaci\u00f3n de unos presupuestos claros y su religiosa aplicaci\u00f3n, y el mejor sistema impositivo posible para los ciudadanos y la comunidad.\u00a0Ninguna de estas condiciones se dan en Espa\u00f1a\u00a0y \u00e9ste es un problema grave. Ahora, de forma repentina, el gobierno S\u00e1nchez ha decidido hacer lo que ven\u00eda neg\u00e1ndose reiteradamente:\u00a0bajar impuestos.\u00a0Lo hace de forma limitada s\u00f3lo para los ingresos de hasta 21.000 euros al a\u00f1o.\u00a0Pero lo hace porque no ha podido soportar el alud de decisiones de las comunidades aut\u00f3nomas.\u00a0Ya no s\u00f3lo las del PP act\u00faan en ese sentido.\u00a0El golpe del presidente valenciano, Ximo Puig, te\u00f3ricamente un sanchista de pro, reduciendo el IRPF hasta el l\u00edmite de ingresos de 60.000 euros ha sido un golpe demoledor. Al final y de forma improvisada, S\u00e1nchez ha cedido en un doble plano, el de la bajada de impuestos para quien dispone de unos ingresos bajos, pero que num\u00e9ricamente afectan a buena parte de la poblaci\u00f3n, tambi\u00e9n a los aut\u00f3nomos, que pueden ampliar la deducci\u00f3n de sus gastos del 5% al \u200b\u200b7% y la reducci\u00f3n de 2 puntos del 25% al \u200b\u200b27% del tipo general para las microempresas, aqu\u00e9llas que facturan menos de un mill\u00f3n de euros. Por otra parte, acaban asumiendo plenamente lo que al inicio era la propuesta de Podemos de\u00a0hacer pagar m\u00e1s a los ricos.\u00a0Y as\u00ed explica que ha puesto un impuesto sobre las grandes fortunas.\u00a0En realidad no es as\u00ed, en la pr\u00e1ctica es un impuesto sobre las grandes fortunas que viven en Madrid y en Andaluc\u00eda, porque se trata de tributar entre un 2,1% y un 3,5% en funci\u00f3n del patrimonio y a partir de 10 millones de euros, pero que ser\u00e1 deducible en aquellas comunidades que mantienen un impuesto del patrimonio. En otras palabras, donde har\u00e1 da\u00f1o de verdad ser\u00e1 all\u00ed donde gobierna el PP. Adem\u00e1s se incrementa del 26% al 27 o 28% la presi\u00f3n fiscal sobre las plusval\u00edas de forma que \u00e9stas pagar\u00e1n m\u00e1s en todas partes. Uno de los resultados de estas modificaciones m\u00e1s la inflaci\u00f3n existente significa un\u00a0castigo por los ahorradores que han alcanzado un determinado nivel porque lo que se penaliza son los ahorros, bienes mobiliarios o inmobiliarios, y tambi\u00e9n porque como ya explicamos en Converses, la inflaci\u00f3n se ha comido un 20% de los valores patrimoniales. Y todo ello en un contexto en el que requiere una gran figura pol\u00edtica y t\u00e9cnica acertada, porque est\u00e1 sometido a exigencias contradictorias. Por un lado, y como\u00a0inform\u00e1bamos en Converses, no es verdad que paguemos pocos impuestos, porque los tipos son altos, y no es verdad que los grandes ingresos paguen poco, comparado en el contexto europeo y de la OCDE.\u00a0Lo que ocurre es que las excepciones fiscales y la falta de deficiencia fiscal hace que haya gente que sencillamente no pague o pague menos de lo que le tocar\u00eda.\u00a0En otras palabras, a los que les toca recibir son los cumplidores de la ley, porque son los que pagan de una manera importante, y ahora, a partir de un determinado nivel, todav\u00eda lo har\u00e1n m\u00e1s.\u00a0La clase media y la clase media-alta que en este sentido no practica la evasi\u00f3n fiscal, ser\u00e1 la m\u00e1s perjudicada. La otra gran exigencia es, como dice el catedr\u00e1tico de Econom\u00eda de la UPF, Guillem L\u00f3pez Casasnovas: \u00abel estado gasta lo que no ingresa con una recaudaci\u00f3n tributaria insuficiente y una financiaci\u00f3n que se conf\u00eda con la deuda\u00bb. Cuadrar todo esto es complejo, pero se puede hacer porque existen suficientes conocimientos econ\u00f3micos para llevarlo a cabo.\u00a0Lo que resulta imposible es hacerlo bien funcionando a golpe de chiste y seg\u00fan sopla el viento en cada momento.","og_url":"https:\/\/conversesacatalunya.cat\/es\/sanchez-gobernar-a-golpe-de-chiste\/","og_site_name":"Converses a Catalunya","article_published_time":"2022-09-30T09:47:30+00:00","article_modified_time":"2022-09-30T10:47:58+00:00","og_image":[{"width":1200,"height":675,"url":"https:\/\/conversesacatalunya.cat\/wp-content\/uploads\/2022\/09\/Pedro-Sanchez-riendo-Getty-Images.jpg","type":"image\/jpeg"}],"author":"Ricard Mestres","twitter_card":"summary_large_image","twitter_misc":{"Escrito por":"Ricard Mestres","Tiempo de lectura":"4 minutos"},"schema":{"@context":"https:\/\/schema.org","@graph":[{"@type":"Article","@id":"https:\/\/conversesacatalunya.cat\/es\/sanchez-gobernar-a-golpe-de-chiste\/#article","isPartOf":{"@id":"https:\/\/conversesacatalunya.cat\/es\/sanchez-gobernar-a-golpe-de-chiste\/"},"author":{"name":"Ricard Mestres","@id":"https:\/\/conversesacatalunya.cat\/#\/schema\/person\/0a88695f42cfb1eca908cc451762146b"},"headline":"S\u00e1nchez: gobernar a golpe de chiste","datePublished":"2022-09-30T09:47:30+00:00","dateModified":"2022-09-30T10:47:58+00:00","mainEntityOfPage":{"@id":"https:\/\/conversesacatalunya.cat\/es\/sanchez-gobernar-a-golpe-de-chiste\/"},"wordCount":857,"commentCount":0,"image":{"@id":"https:\/\/conversesacatalunya.cat\/es\/sanchez-gobernar-a-golpe-de-chiste\/#primaryimage"},"thumbnailUrl":"https:\/\/conversesacatalunya.cat\/wp-content\/uploads\/2022\/09\/Pedro-Sanchez-riendo-Getty-Images.jpg","keywords":["Impuestos"],"articleSection":["Punts clau del dia (ES)"],"inLanguage":"es","potentialAction":[{"@type":"CommentAction","name":"Comment","target":["https:\/\/conversesacatalunya.cat\/es\/sanchez-gobernar-a-golpe-de-chiste\/#respond"]}]},{"@type":"WebPage","@id":"https:\/\/conversesacatalunya.cat\/es\/sanchez-gobernar-a-golpe-de-chiste\/","url":"https:\/\/conversesacatalunya.cat\/es\/sanchez-gobernar-a-golpe-de-chiste\/","name":"S\u00e1nchez: gobernar a golpe de chiste - Converses a Catalunya","isPartOf":{"@id":"https:\/\/conversesacatalunya.cat\/#website"},"primaryImageOfPage":{"@id":"https:\/\/conversesacatalunya.cat\/es\/sanchez-gobernar-a-golpe-de-chiste\/#primaryimage"},"image":{"@id":"https:\/\/conversesacatalunya.cat\/es\/sanchez-gobernar-a-golpe-de-chiste\/#primaryimage"},"thumbnailUrl":"https:\/\/conversesacatalunya.cat\/wp-content\/uploads\/2022\/09\/Pedro-Sanchez-riendo-Getty-Images.jpg","datePublished":"2022-09-30T09:47:30+00:00","dateModified":"2022-09-30T10:47:58+00:00","author":{"@id":"https:\/\/conversesacatalunya.cat\/#\/schema\/person\/0a88695f42cfb1eca908cc451762146b"},"breadcrumb":{"@id":"https:\/\/conversesacatalunya.cat\/es\/sanchez-gobernar-a-golpe-de-chiste\/#breadcrumb"},"inLanguage":"es","potentialAction":[{"@type":"ReadAction","target":["https:\/\/conversesacatalunya.cat\/es\/sanchez-gobernar-a-golpe-de-chiste\/"]}]},{"@type":"ImageObject","inLanguage":"es","@id":"https:\/\/conversesacatalunya.cat\/es\/sanchez-gobernar-a-golpe-de-chiste\/#primaryimage","url":"https:\/\/conversesacatalunya.cat\/wp-content\/uploads\/2022\/09\/Pedro-Sanchez-riendo-Getty-Images.jpg","contentUrl":"https:\/\/conversesacatalunya.cat\/wp-content\/uploads\/2022\/09\/Pedro-Sanchez-riendo-Getty-Images.jpg","width":1200,"height":675},{"@type":"BreadcrumbList","@id":"https:\/\/conversesacatalunya.cat\/es\/sanchez-gobernar-a-golpe-de-chiste\/#breadcrumb","itemListElement":[{"@type":"ListItem","position":1,"name":"Inici","item":"https:\/\/conversesacatalunya.cat\/es\/"},{"@type":"ListItem","position":2,"name":"S\u00e1nchez: gobernar a golpe de chiste"}]},{"@type":"WebSite","@id":"https:\/\/conversesacatalunya.cat\/#website","url":"https:\/\/conversesacatalunya.cat\/","name":"Converses a Catalunya","description":"","potentialAction":[{"@type":"SearchAction","target":{"@type":"EntryPoint","urlTemplate":"https:\/\/conversesacatalunya.cat\/?s={search_term_string}"},"query-input":{"@type":"PropertyValueSpecification","valueRequired":true,"valueName":"search_term_string"}}],"inLanguage":"es"},{"@type":"Person","@id":"https:\/\/conversesacatalunya.cat\/#\/schema\/person\/0a88695f42cfb1eca908cc451762146b","name":"Ricard Mestres","image":{"@type":"ImageObject","inLanguage":"es","@id":"https:\/\/conversesacatalunya.cat\/#\/schema\/person\/image\/","url":"https:\/\/conversesacatalunya.cat\/wp-content\/litespeed\/avatar\/c4aa477c37df297548ad16b396f161bd.jpg?ver=1777373933","contentUrl":"https:\/\/conversesacatalunya.cat\/wp-content\/litespeed\/avatar\/c4aa477c37df297548ad16b396f161bd.jpg?ver=1777373933","caption":"Ricard Mestres"},"url":"https:\/\/conversesacatalunya.cat\/es\/author\/ricard-mestres\/"}]}},"wps_subtitle":"","_links":{"self":[{"href":"https:\/\/conversesacatalunya.cat\/es\/wp-json\/wp\/v2\/posts\/61172","targetHints":{"allow":["GET"]}}],"collection":[{"href":"https:\/\/conversesacatalunya.cat\/es\/wp-json\/wp\/v2\/posts"}],"about":[{"href":"https:\/\/conversesacatalunya.cat\/es\/wp-json\/wp\/v2\/types\/post"}],"author":[{"embeddable":true,"href":"https:\/\/conversesacatalunya.cat\/es\/wp-json\/wp\/v2\/users\/27"}],"replies":[{"embeddable":true,"href":"https:\/\/conversesacatalunya.cat\/es\/wp-json\/wp\/v2\/comments?post=61172"}],"version-history":[{"count":2,"href":"https:\/\/conversesacatalunya.cat\/es\/wp-json\/wp\/v2\/posts\/61172\/revisions"}],"predecessor-version":[{"id":61174,"href":"https:\/\/conversesacatalunya.cat\/es\/wp-json\/wp\/v2\/posts\/61172\/revisions\/61174"}],"wp:featuredmedia":[{"embeddable":true,"href":"https:\/\/conversesacatalunya.cat\/es\/wp-json\/wp\/v2\/media\/61163"}],"wp:attachment":[{"href":"https:\/\/conversesacatalunya.cat\/es\/wp-json\/wp\/v2\/media?parent=61172"}],"wp:term":[{"taxonomy":"category","embeddable":true,"href":"https:\/\/conversesacatalunya.cat\/es\/wp-json\/wp\/v2\/categories?post=61172"},{"taxonomy":"post_tag","embeddable":true,"href":"https:\/\/conversesacatalunya.cat\/es\/wp-json\/wp\/v2\/tags?post=61172"}],"curies":[{"name":"wp","href":"https:\/\/api.w.org\/{rel}","templated":true}]}}