{"id":61139,"date":"2022-09-29T11:34:59","date_gmt":"2022-09-29T09:34:59","guid":{"rendered":"https:\/\/conversesacatalunya.cat\/la-fi-del-govern-la-fi-del-proces-de-l1-o\/"},"modified":"2022-09-29T15:37:21","modified_gmt":"2022-09-29T13:37:21","slug":"el-fin-del-gobierno-el-fin-del-proceso-del-1-o","status":"publish","type":"post","link":"https:\/\/conversesacatalunya.cat\/es\/el-fin-del-gobierno-el-fin-del-proceso-del-1-o\/","title":{"rendered":"El fin del gobierno, el fin del proceso del 1-O"},"content":{"rendered":"<p><span>Sea cual sea el resultado de la crisis abierta sorprendentemente en el debate anual de pol\u00edtica en el Parlament, el gobierno de Aragon\u00e9s del proceso del 1-O ha terminado. Est\u00e1 liquidado, obviamente, si se rompe, y tambi\u00e9n, despu\u00e9s de lo ocurrido, si sigue sustituyendo al cesadoPuigner\u00f3 por otro miembro de JxCat.<\/span><\/p>\n<p><span>Se acab\u00f3 porque la escenificaci\u00f3n en este caso ha mostrado de forma escandalosa que\u00a0<\/span><strong><span>viven en el enga\u00f1o<\/span><\/strong><span>\u00a0y del enga\u00f1o.\u00a0Es evidente que ERC y Aragon\u00e8s en ning\u00fan momento tuvieron intenci\u00f3n de cumplir con lo pactado en el acuerdo de investidura, que concretaba que no deb\u00edan existir l\u00edneas rojas en la mesa de di\u00e1logo, que ten\u00eda como finalidad\u00a0<\/span><strong><span>tratar del refer\u00e9ndum y de la amnist\u00eda<\/span><\/strong><span>\u00a0y no de otras cuestiones.\u00a0Tambi\u00e9n se compromet\u00eda a constituir una\u00a0<\/span><strong><span>direcci\u00f3n estrat\u00e9gica del independentismo<\/span><\/strong><span>, a\u00f1adiendo a la CUP a los partidos del gobierno y las dos principales entidades que le apoyan, el ANC y \u00d2mnium.\u00a0Se concretaba tambi\u00e9n la\u00a0<\/span><strong><span>coordinaci\u00f3n con el Consejo de la Rep\u00fablica,<\/span><\/strong><span>\u00a0de Puigdemont, y otra coordinaci\u00f3n para las actuaciones en Madrid.<\/span><\/p>\n<p><span>Despu\u00e9s de un a\u00f1o nada se ha hecho de eso, ni hay intenci\u00f3n de hacerlo.\u00a0Y esa es la causa fundamental de la explosi\u00f3n ayer en el Parlament por parte de Aragon\u00e8s, que tiene, eso s\u00ed, una mecha con el planteamiento del portavoz de JxCat, Albert Batet, al anunciar que pedir\u00eda una\u00a0<\/span><strong><span>cuesti\u00f3n de confianza<\/span><\/strong><span>\u00a0si no se cumpl\u00eda el acuerdo.\u00a0Hay que prestar atenci\u00f3n a este punto, no fue un ultim\u00e1tum, sino una frase en condicional que Aragon\u00e9s r\u00e1pidamente tradujo en un \u201co conmigo o contra m\u00ed\u201d, y en este sentido convoc\u00f3 de urgencia al consejo ejecutivo.<\/span><\/p>\n<p><span>Y es que la realidad pura y dura por parte de ERC no es otra que la de querer a <\/span><strong><span>JxCat fuera del gobierno<\/span><\/strong><span>.\u00a0Pero, vaya, Lo quiere sin ser responsable del estropicio porque teme las consecuencias electorales.\u00a0Y esta es una componente del gran enga\u00f1o.<\/span><\/p>\n<p><span>El otro es la de JxCat.\u00a0Quieren ir\u00a0<\/span><strong><span>m\u00e1s all\u00e1 con el independentismo<\/span><\/strong><span>.\u00a0Quieren confrontarse, si es necesario, con el Estado.\u00a0Seguramente se sentir\u00edan m\u00e1s satisfechos en la oposici\u00f3n porque podr\u00edan marcar m\u00e1s perfil propio, por ejemplo y sobre todo ahora, con la fiscalidad, pero no quieren asumir el coste de quedarse sin cientos y cientos de apreciados puestos de trabajo de alto nivel ni el acceso a los recursos que la Generalitat tiene. Los alcaldes, capital important\u00edsimo de JxCat, herencia de CiU, tambi\u00e9n quieren tener interlocutores de su mismo color en el gobierno.\u00a0Y todo esto desaparece con la ruptura.\u00a0JxCat vive bajo el enga\u00f1o del abrandamiento independentista, por un lado, y de querer mantener el despacho y la moqueta oficial, por otro.<\/span><\/p>\n<p><span>Si el gobierno contin\u00faa, estas falsedades se mantendr\u00e1n y como ya est\u00e1n al alcance de todos, el\u00a0<\/span><strong><span>independentismo del proceso del 1-O estar\u00e1 terminado.\u00a0<\/span><\/strong><span>Y si se rompe, como quiere ERC, para ir con sus aliados naturales, socialistas y comunes, ser\u00e1 a\u00fan m\u00e1s evidente que el 1-O es agua pasada.<\/span><\/p>\n<div id=\"polls-167\" class=\"wp-polls\">\n\t<form id=\"polls_form_167\" class=\"wp-polls-form\" action=\"\/index.php\" method=\"post\">\n\t\t<p style=\"display: none;\"><input type=\"hidden\" id=\"poll_167_nonce\" name=\"wp-polls-nonce\" value=\"bdbdf1764f\" \/><\/p>\n\t\t<p style=\"display: none;\"><input type=\"hidden\" name=\"poll_id\" value=\"167\" \/><\/p>\n\t\t<p style=\"text-align: center\"><strong>Consideres que \u00e9s feixisme el que promou la coalici\u00f3 de la Sra. Meloni a It\u00e0lia?<\/strong><\/p><div id=\"polls-167-ans\" class=\"wp-polls-ans\"><ul class=\"wp-polls-ul\">\n\t\t<li><input type=\"radio\" id=\"poll-answer-440\" name=\"poll_167\" value=\"440\" \/> <label for=\"poll-answer-440\">S\u00ed<\/label><\/li>\n\t\t<li><input type=\"radio\" id=\"poll-answer-441\" name=\"poll_167\" value=\"441\" \/> <label for=\"poll-answer-441\">No<\/label><\/li>\n\t\t<li><input type=\"radio\" id=\"poll-answer-442\" name=\"poll_167\" value=\"442\" \/> <label for=\"poll-answer-442\">No ho s\u00e9<\/label><\/li>\n\t\t<\/ul><p style=\"text-align: center\"><input type=\"button\" name=\"vote\" value=\"   Vota   \" class=\"Buttons\" onclick=\"poll_vote(167);\" \/><\/p><p style=\"text-align: center\"><a href=\"#ViewPollResults\" onclick=\"poll_result(167); return false;\" title=\"View Results Of This Poll\">Mira els resultats<\/a><\/p><\/div>\n\t<\/form>\n<\/div>\n<div id=\"polls-167-loading\" class=\"wp-polls-loading\"><img decoding=\"async\" data-src=\"https:\/\/conversesacatalunya.cat\/wp-content\/plugins\/wp-polls\/images\/loading.gif\" width=\"16\" height=\"16\" alt=\"Cargando ...\" title=\"Cargando ...\" class=\"wp-polls-image lazyload\" src=\"data:image\/svg+xml;base64,PHN2ZyB3aWR0aD0iMSIgaGVpZ2h0PSIxIiB4bWxucz0iaHR0cDovL3d3dy53My5vcmcvMjAwMC9zdmciPjwvc3ZnPg==\" style=\"--smush-placeholder-width: 16px; --smush-placeholder-aspect-ratio: 16\/16;\" \/>&nbsp;Cargando ...<\/div>\n\n","protected":false},"excerpt":{"rendered":"<p>Sea cual sea el resultado de la crisis abierta sorprendentemente en el debate anual de pol\u00edtica en el Parlament, el gobierno de Aragon\u00e9s del proceso del 1-O ha terminado. Est\u00e1 liquidado, obviamente, si se rompe, y tambi\u00e9n, despu\u00e9s de lo ocurrido, si sigue sustituyendo al cesadoPuigner\u00f3 por otro miembro de JxCat. Se acab\u00f3 porque la escenificaci\u00f3n en este caso ha mostrado de forma escandalosa que\u00a0viven en el enga\u00f1o\u00a0y del enga\u00f1o.\u00a0Es evidente que ERC y Aragon\u00e8s en ning\u00fan momento tuvieron intenci\u00f3n de cumplir con lo pactado en el acuerdo de investidura, que concretaba que no deb\u00edan existir l\u00edneas rojas en la mesa de di\u00e1logo, que ten\u00eda como finalidad\u00a0tratar del refer\u00e9ndum y de la amnist\u00eda\u00a0y no de otras cuestiones.\u00a0Tambi\u00e9n se compromet\u00eda a constituir una\u00a0direcci\u00f3n estrat\u00e9gica del independentismo, a\u00f1adiendo a la CUP a los partidos del gobierno y las dos principales entidades que le apoyan, el ANC y \u00d2mnium.\u00a0Se concretaba tambi\u00e9n la\u00a0coordinaci\u00f3n con el Consejo de la Rep\u00fablica,\u00a0de Puigdemont, y otra coordinaci\u00f3n para las actuaciones en Madrid. Despu\u00e9s de un a\u00f1o nada se ha hecho de eso, ni hay intenci\u00f3n de hacerlo.\u00a0Y esa es la causa fundamental de la explosi\u00f3n ayer en el Parlament por parte de Aragon\u00e8s, que tiene, eso s\u00ed, una mecha con el planteamiento del portavoz de JxCat, Albert Batet, al anunciar que pedir\u00eda una\u00a0cuesti\u00f3n de confianza\u00a0si no se cumpl\u00eda el acuerdo.\u00a0Hay que prestar atenci\u00f3n a este punto, no fue un ultim\u00e1tum, sino una frase en condicional que Aragon\u00e9s r\u00e1pidamente tradujo en un \u201co conmigo o contra m\u00ed\u201d, y en este sentido convoc\u00f3 de urgencia al consejo ejecutivo. Y es que la realidad pura y dura por parte de ERC no es otra que la de querer a JxCat fuera del gobierno.\u00a0Pero, vaya, Lo quiere sin ser responsable del estropicio porque teme las consecuencias electorales.\u00a0Y esta es una componente del gran enga\u00f1o. El otro es la de JxCat.\u00a0Quieren ir\u00a0m\u00e1s all\u00e1 con el independentismo.\u00a0Quieren confrontarse, si es necesario, con el Estado.\u00a0Seguramente se sentir\u00edan m\u00e1s satisfechos en la oposici\u00f3n porque podr\u00edan marcar m\u00e1s perfil propio, por ejemplo y sobre todo ahora, con la fiscalidad, pero no quieren asumir el coste de quedarse sin cientos y cientos de apreciados puestos de trabajo de alto nivel ni el acceso a los recursos que la Generalitat tiene. Los alcaldes, capital important\u00edsimo de JxCat, herencia de CiU, tambi\u00e9n quieren tener interlocutores de su mismo color en el gobierno.\u00a0Y todo esto desaparece con la ruptura.\u00a0JxCat vive bajo el enga\u00f1o del abrandamiento independentista, por un lado, y de querer mantener el despacho y la moqueta oficial, por otro. Si el gobierno contin\u00faa, estas falsedades se mantendr\u00e1n y como ya est\u00e1n al alcance de todos, el\u00a0independentismo del proceso del 1-O estar\u00e1 terminado.\u00a0Y si se rompe, como quiere ERC, para ir con sus aliados naturales, socialistas y comunes, ser\u00e1 a\u00fan m\u00e1s evidente que el 1-O es agua pasada.<\/p>\n","protected":false},"author":2,"featured_media":61121,"comment_status":"open","ping_status":"open","sticky":false,"template":"","format":"standard","meta":{"_FSMCFIC_featured_image_caption":"","_FSMCFIC_featured_image_nocaption":"","_FSMCFIC_featured_image_hide":"","footnotes":""},"categories":[806],"tags":[2232,1154,2535],"class_list":["post-61139","post","type-post","status-publish","format-standard","has-post-thumbnail","hentry","category-punts-claus-del-dia-es","tag-gobierno-de-la-generalitat","tag-jxcat-es","tag-proces-es"],"yoast_head":"<!-- This site is optimized with the Yoast SEO plugin v26.8 - https:\/\/yoast.com\/product\/yoast-seo-wordpress\/ -->\n<title>El fin del gobierno, el fin del proceso del 1-O - Converses a Catalunya<\/title>\n<meta name=\"description\" content=\"La realitat pura i dura por parte d&#039;ERC no es otra que la querer echar a JxCat del gobierno\" \/>\n<meta name=\"robots\" content=\"index, follow, max-snippet:-1, max-image-preview:large, max-video-preview:-1\" \/>\n<link rel=\"canonical\" href=\"https:\/\/conversesacatalunya.cat\/es\/el-fin-del-gobierno-el-fin-del-proceso-del-1-o\/\" \/>\n<meta property=\"og:locale\" content=\"es_ES\" \/>\n<meta property=\"og:type\" content=\"article\" \/>\n<meta property=\"og:title\" content=\"El fin del gobierno, el fin del proceso del 1-O - Converses a Catalunya\" \/>\n<meta property=\"og:description\" content=\"La realitat pura i dura por parte d&#039;ERC no es otra que la querer echar a JxCat del gobierno\" \/>\n<meta property=\"og:url\" content=\"https:\/\/conversesacatalunya.cat\/es\/el-fin-del-gobierno-el-fin-del-proceso-del-1-o\/\" \/>\n<meta property=\"og:site_name\" content=\"Converses a Catalunya\" \/>\n<meta property=\"article:published_time\" content=\"2022-09-29T09:34:59+00:00\" \/>\n<meta property=\"article:modified_time\" content=\"2022-09-29T13:37:21+00:00\" \/>\n<meta property=\"og:image\" content=\"https:\/\/conversesacatalunya.cat\/wp-content\/uploads\/2022\/09\/puignero-i-Aragones.jpeg\" \/>\n\t<meta property=\"og:image:width\" content=\"990\" \/>\n\t<meta property=\"og:image:height\" content=\"556\" \/>\n\t<meta property=\"og:image:type\" content=\"image\/jpeg\" \/>\n<meta name=\"author\" content=\"conversesacatalunya\" \/>\n<meta name=\"twitter:card\" content=\"summary_large_image\" \/>\n<meta name=\"twitter:label1\" content=\"Escrito por\" \/>\n\t<meta name=\"twitter:data1\" content=\"conversesacatalunya\" \/>\n\t<meta name=\"twitter:label2\" content=\"Tiempo de lectura\" \/>\n\t<meta name=\"twitter:data2\" content=\"3 minutos\" \/>\n<script type=\"application\/ld+json\" class=\"yoast-schema-graph\">{\"@context\":\"https:\/\/schema.org\",\"@graph\":[{\"@type\":\"Article\",\"@id\":\"https:\/\/conversesacatalunya.cat\/es\/el-fin-del-gobierno-el-fin-del-proceso-del-1-o\/#article\",\"isPartOf\":{\"@id\":\"https:\/\/conversesacatalunya.cat\/es\/el-fin-del-gobierno-el-fin-del-proceso-del-1-o\/\"},\"author\":{\"name\":\"conversesacatalunya\",\"@id\":\"https:\/\/conversesacatalunya.cat\/#\/schema\/person\/7e24d1e54a2785373ddcb275eae5ed99\"},\"headline\":\"El fin del gobierno, el fin del proceso del 1-O\",\"datePublished\":\"2022-09-29T09:34:59+00:00\",\"dateModified\":\"2022-09-29T13:37:21+00:00\",\"mainEntityOfPage\":{\"@id\":\"https:\/\/conversesacatalunya.cat\/es\/el-fin-del-gobierno-el-fin-del-proceso-del-1-o\/\"},\"wordCount\":556,\"commentCount\":0,\"image\":{\"@id\":\"https:\/\/conversesacatalunya.cat\/es\/el-fin-del-gobierno-el-fin-del-proceso-del-1-o\/#primaryimage\"},\"thumbnailUrl\":\"https:\/\/conversesacatalunya.cat\/wp-content\/uploads\/2022\/09\/puignero-i-Aragones.jpeg\",\"keywords\":[\"gobierno de la Generalitat\",\"JxCat\",\"Proc\u00e9s\"],\"articleSection\":[\"Punts clau del dia (ES)\"],\"inLanguage\":\"es\",\"potentialAction\":[{\"@type\":\"CommentAction\",\"name\":\"Comment\",\"target\":[\"https:\/\/conversesacatalunya.cat\/es\/el-fin-del-gobierno-el-fin-del-proceso-del-1-o\/#respond\"]}]},{\"@type\":\"WebPage\",\"@id\":\"https:\/\/conversesacatalunya.cat\/es\/el-fin-del-gobierno-el-fin-del-proceso-del-1-o\/\",\"url\":\"https:\/\/conversesacatalunya.cat\/es\/el-fin-del-gobierno-el-fin-del-proceso-del-1-o\/\",\"name\":\"El fin del gobierno, el fin del proceso del 1-O - Converses a Catalunya\",\"isPartOf\":{\"@id\":\"https:\/\/conversesacatalunya.cat\/#website\"},\"primaryImageOfPage\":{\"@id\":\"https:\/\/conversesacatalunya.cat\/es\/el-fin-del-gobierno-el-fin-del-proceso-del-1-o\/#primaryimage\"},\"image\":{\"@id\":\"https:\/\/conversesacatalunya.cat\/es\/el-fin-del-gobierno-el-fin-del-proceso-del-1-o\/#primaryimage\"},\"thumbnailUrl\":\"https:\/\/conversesacatalunya.cat\/wp-content\/uploads\/2022\/09\/puignero-i-Aragones.jpeg\",\"datePublished\":\"2022-09-29T09:34:59+00:00\",\"dateModified\":\"2022-09-29T13:37:21+00:00\",\"author\":{\"@id\":\"https:\/\/conversesacatalunya.cat\/#\/schema\/person\/7e24d1e54a2785373ddcb275eae5ed99\"},\"description\":\"La realitat pura i dura por parte d'ERC no es otra que la querer echar a JxCat del gobierno\",\"breadcrumb\":{\"@id\":\"https:\/\/conversesacatalunya.cat\/es\/el-fin-del-gobierno-el-fin-del-proceso-del-1-o\/#breadcrumb\"},\"inLanguage\":\"es\",\"potentialAction\":[{\"@type\":\"ReadAction\",\"target\":[\"https:\/\/conversesacatalunya.cat\/es\/el-fin-del-gobierno-el-fin-del-proceso-del-1-o\/\"]}]},{\"@type\":\"ImageObject\",\"inLanguage\":\"es\",\"@id\":\"https:\/\/conversesacatalunya.cat\/es\/el-fin-del-gobierno-el-fin-del-proceso-del-1-o\/#primaryimage\",\"url\":\"https:\/\/conversesacatalunya.cat\/wp-content\/uploads\/2022\/09\/puignero-i-Aragones.jpeg\",\"contentUrl\":\"https:\/\/conversesacatalunya.cat\/wp-content\/uploads\/2022\/09\/puignero-i-Aragones.jpeg\",\"width\":990,\"height\":556},{\"@type\":\"BreadcrumbList\",\"@id\":\"https:\/\/conversesacatalunya.cat\/es\/el-fin-del-gobierno-el-fin-del-proceso-del-1-o\/#breadcrumb\",\"itemListElement\":[{\"@type\":\"ListItem\",\"position\":1,\"name\":\"Inici\",\"item\":\"https:\/\/conversesacatalunya.cat\/es\/\"},{\"@type\":\"ListItem\",\"position\":2,\"name\":\"El fin del gobierno, el fin del proceso del 1-O\"}]},{\"@type\":\"WebSite\",\"@id\":\"https:\/\/conversesacatalunya.cat\/#website\",\"url\":\"https:\/\/conversesacatalunya.cat\/\",\"name\":\"Converses a Catalunya\",\"description\":\"\",\"potentialAction\":[{\"@type\":\"SearchAction\",\"target\":{\"@type\":\"EntryPoint\",\"urlTemplate\":\"https:\/\/conversesacatalunya.cat\/?s={search_term_string}\"},\"query-input\":{\"@type\":\"PropertyValueSpecification\",\"valueRequired\":true,\"valueName\":\"search_term_string\"}}],\"inLanguage\":\"es\"},{\"@type\":\"Person\",\"@id\":\"https:\/\/conversesacatalunya.cat\/#\/schema\/person\/7e24d1e54a2785373ddcb275eae5ed99\",\"name\":\"conversesacatalunya\",\"image\":{\"@type\":\"ImageObject\",\"inLanguage\":\"es\",\"@id\":\"https:\/\/conversesacatalunya.cat\/#\/schema\/person\/image\/\",\"url\":\"https:\/\/conversesacatalunya.cat\/wp-content\/litespeed\/avatar\/febdfeeec89d950f01c748045a981dd2.jpg?ver=1777314535\",\"contentUrl\":\"https:\/\/conversesacatalunya.cat\/wp-content\/litespeed\/avatar\/febdfeeec89d950f01c748045a981dd2.jpg?ver=1777314535\",\"caption\":\"conversesacatalunya\"},\"url\":\"https:\/\/conversesacatalunya.cat\/es\/author\/carme_catala\/\"}]}<\/script>\n<!-- \/ Yoast SEO plugin. -->","yoast_head_json":{"title":"El fin del gobierno, el fin del proceso del 1-O - Converses a Catalunya","description":"La realitat pura i dura por parte d'ERC no es otra que la querer echar a JxCat del gobierno","robots":{"index":"index","follow":"follow","max-snippet":"max-snippet:-1","max-image-preview":"max-image-preview:large","max-video-preview":"max-video-preview:-1"},"canonical":"https:\/\/conversesacatalunya.cat\/es\/el-fin-del-gobierno-el-fin-del-proceso-del-1-o\/","og_locale":"es_ES","og_type":"article","og_title":"El fin del gobierno, el fin del proceso del 1-O - Converses a Catalunya","og_description":"La realitat pura i dura por parte d'ERC no es otra que la querer echar a JxCat del gobierno","og_url":"https:\/\/conversesacatalunya.cat\/es\/el-fin-del-gobierno-el-fin-del-proceso-del-1-o\/","og_site_name":"Converses a Catalunya","article_published_time":"2022-09-29T09:34:59+00:00","article_modified_time":"2022-09-29T13:37:21+00:00","og_image":[{"width":990,"height":556,"url":"https:\/\/conversesacatalunya.cat\/wp-content\/uploads\/2022\/09\/puignero-i-Aragones.jpeg","type":"image\/jpeg"}],"author":"conversesacatalunya","twitter_card":"summary_large_image","twitter_misc":{"Escrito por":"conversesacatalunya","Tiempo de lectura":"3 minutos"},"schema":{"@context":"https:\/\/schema.org","@graph":[{"@type":"Article","@id":"https:\/\/conversesacatalunya.cat\/es\/el-fin-del-gobierno-el-fin-del-proceso-del-1-o\/#article","isPartOf":{"@id":"https:\/\/conversesacatalunya.cat\/es\/el-fin-del-gobierno-el-fin-del-proceso-del-1-o\/"},"author":{"name":"conversesacatalunya","@id":"https:\/\/conversesacatalunya.cat\/#\/schema\/person\/7e24d1e54a2785373ddcb275eae5ed99"},"headline":"El fin del gobierno, el fin del proceso del 1-O","datePublished":"2022-09-29T09:34:59+00:00","dateModified":"2022-09-29T13:37:21+00:00","mainEntityOfPage":{"@id":"https:\/\/conversesacatalunya.cat\/es\/el-fin-del-gobierno-el-fin-del-proceso-del-1-o\/"},"wordCount":556,"commentCount":0,"image":{"@id":"https:\/\/conversesacatalunya.cat\/es\/el-fin-del-gobierno-el-fin-del-proceso-del-1-o\/#primaryimage"},"thumbnailUrl":"https:\/\/conversesacatalunya.cat\/wp-content\/uploads\/2022\/09\/puignero-i-Aragones.jpeg","keywords":["gobierno de la Generalitat","JxCat","Proc\u00e9s"],"articleSection":["Punts clau del dia (ES)"],"inLanguage":"es","potentialAction":[{"@type":"CommentAction","name":"Comment","target":["https:\/\/conversesacatalunya.cat\/es\/el-fin-del-gobierno-el-fin-del-proceso-del-1-o\/#respond"]}]},{"@type":"WebPage","@id":"https:\/\/conversesacatalunya.cat\/es\/el-fin-del-gobierno-el-fin-del-proceso-del-1-o\/","url":"https:\/\/conversesacatalunya.cat\/es\/el-fin-del-gobierno-el-fin-del-proceso-del-1-o\/","name":"El fin del gobierno, el fin del proceso del 1-O - Converses a Catalunya","isPartOf":{"@id":"https:\/\/conversesacatalunya.cat\/#website"},"primaryImageOfPage":{"@id":"https:\/\/conversesacatalunya.cat\/es\/el-fin-del-gobierno-el-fin-del-proceso-del-1-o\/#primaryimage"},"image":{"@id":"https:\/\/conversesacatalunya.cat\/es\/el-fin-del-gobierno-el-fin-del-proceso-del-1-o\/#primaryimage"},"thumbnailUrl":"https:\/\/conversesacatalunya.cat\/wp-content\/uploads\/2022\/09\/puignero-i-Aragones.jpeg","datePublished":"2022-09-29T09:34:59+00:00","dateModified":"2022-09-29T13:37:21+00:00","author":{"@id":"https:\/\/conversesacatalunya.cat\/#\/schema\/person\/7e24d1e54a2785373ddcb275eae5ed99"},"description":"La realitat pura i dura por parte d'ERC no es otra que la querer echar a JxCat del gobierno","breadcrumb":{"@id":"https:\/\/conversesacatalunya.cat\/es\/el-fin-del-gobierno-el-fin-del-proceso-del-1-o\/#breadcrumb"},"inLanguage":"es","potentialAction":[{"@type":"ReadAction","target":["https:\/\/conversesacatalunya.cat\/es\/el-fin-del-gobierno-el-fin-del-proceso-del-1-o\/"]}]},{"@type":"ImageObject","inLanguage":"es","@id":"https:\/\/conversesacatalunya.cat\/es\/el-fin-del-gobierno-el-fin-del-proceso-del-1-o\/#primaryimage","url":"https:\/\/conversesacatalunya.cat\/wp-content\/uploads\/2022\/09\/puignero-i-Aragones.jpeg","contentUrl":"https:\/\/conversesacatalunya.cat\/wp-content\/uploads\/2022\/09\/puignero-i-Aragones.jpeg","width":990,"height":556},{"@type":"BreadcrumbList","@id":"https:\/\/conversesacatalunya.cat\/es\/el-fin-del-gobierno-el-fin-del-proceso-del-1-o\/#breadcrumb","itemListElement":[{"@type":"ListItem","position":1,"name":"Inici","item":"https:\/\/conversesacatalunya.cat\/es\/"},{"@type":"ListItem","position":2,"name":"El fin del gobierno, el fin del proceso del 1-O"}]},{"@type":"WebSite","@id":"https:\/\/conversesacatalunya.cat\/#website","url":"https:\/\/conversesacatalunya.cat\/","name":"Converses a Catalunya","description":"","potentialAction":[{"@type":"SearchAction","target":{"@type":"EntryPoint","urlTemplate":"https:\/\/conversesacatalunya.cat\/?s={search_term_string}"},"query-input":{"@type":"PropertyValueSpecification","valueRequired":true,"valueName":"search_term_string"}}],"inLanguage":"es"},{"@type":"Person","@id":"https:\/\/conversesacatalunya.cat\/#\/schema\/person\/7e24d1e54a2785373ddcb275eae5ed99","name":"conversesacatalunya","image":{"@type":"ImageObject","inLanguage":"es","@id":"https:\/\/conversesacatalunya.cat\/#\/schema\/person\/image\/","url":"https:\/\/conversesacatalunya.cat\/wp-content\/litespeed\/avatar\/febdfeeec89d950f01c748045a981dd2.jpg?ver=1777314535","contentUrl":"https:\/\/conversesacatalunya.cat\/wp-content\/litespeed\/avatar\/febdfeeec89d950f01c748045a981dd2.jpg?ver=1777314535","caption":"conversesacatalunya"},"url":"https:\/\/conversesacatalunya.cat\/es\/author\/carme_catala\/"}]}},"wps_subtitle":"La realidad pura y dura por parte de ERC no es otra que la de querer a JxCat fuera del gobierno","_links":{"self":[{"href":"https:\/\/conversesacatalunya.cat\/es\/wp-json\/wp\/v2\/posts\/61139","targetHints":{"allow":["GET"]}}],"collection":[{"href":"https:\/\/conversesacatalunya.cat\/es\/wp-json\/wp\/v2\/posts"}],"about":[{"href":"https:\/\/conversesacatalunya.cat\/es\/wp-json\/wp\/v2\/types\/post"}],"author":[{"embeddable":true,"href":"https:\/\/conversesacatalunya.cat\/es\/wp-json\/wp\/v2\/users\/2"}],"replies":[{"embeddable":true,"href":"https:\/\/conversesacatalunya.cat\/es\/wp-json\/wp\/v2\/comments?post=61139"}],"version-history":[{"count":2,"href":"https:\/\/conversesacatalunya.cat\/es\/wp-json\/wp\/v2\/posts\/61139\/revisions"}],"predecessor-version":[{"id":61141,"href":"https:\/\/conversesacatalunya.cat\/es\/wp-json\/wp\/v2\/posts\/61139\/revisions\/61141"}],"wp:featuredmedia":[{"embeddable":true,"href":"https:\/\/conversesacatalunya.cat\/es\/wp-json\/wp\/v2\/media\/61121"}],"wp:attachment":[{"href":"https:\/\/conversesacatalunya.cat\/es\/wp-json\/wp\/v2\/media?parent=61139"}],"wp:term":[{"taxonomy":"category","embeddable":true,"href":"https:\/\/conversesacatalunya.cat\/es\/wp-json\/wp\/v2\/categories?post=61139"},{"taxonomy":"post_tag","embeddable":true,"href":"https:\/\/conversesacatalunya.cat\/es\/wp-json\/wp\/v2\/tags?post=61139"}],"curies":[{"name":"wp","href":"https:\/\/api.w.org\/{rel}","templated":true}]}}