{"id":61104,"date":"2022-09-28T13:03:04","date_gmt":"2022-09-28T11:03:04","guid":{"rendered":"https:\/\/conversesacatalunya.cat\/la-imparable-degradacio-de-barcelona\/"},"modified":"2022-09-28T14:57:56","modified_gmt":"2022-09-28T12:57:56","slug":"la-imparable-degradacion-de-barcelona","status":"publish","type":"post","link":"https:\/\/conversesacatalunya.cat\/es\/la-imparable-degradacion-de-barcelona\/","title":{"rendered":"La imparable degradaci\u00f3n de Barcelona"},"content":{"rendered":"<p><span class=\"\">0Las fiestas de la Merc\u00e8, con dos apu\u00f1alamientos y un muerto, 46 \u200b\u200bheridos, uno grave y uno en estado cr\u00edtico, se\u00f1alan un punto de no retorno en la continuada <\/span><strong><span class=\"\">degradaci\u00f3n de la ciudad<\/span><\/strong><span class=\"\">.\u00a0<\/span>Por segundo a\u00f1o consecutivo, despu\u00e9s de un macrobotell\u00f3n en la plaza Espanya con motivo de las fiestas, se produjeron disturbios, destrozos y robos en tiendas, quema de motos y destrucci\u00f3n del mobiliario p\u00fablico en la zona de Creu Coberta en plaza Espa\u00f1a.<\/p>\n<p><span class=\"goog-text-highlight\">Hubo tambi\u00e9n un alud de robos de m\u00f3viles con y sin violencia, m\u00e1s de un millar.\u00a0<\/span>La comisar\u00eda de la zona qued\u00f3 tan desbordada que la cola de denuncias superaba las dos horas y media de espera.<\/p>\n<p>Estos hechos en Europa s\u00f3lo ocurren de forma reiterada en Barcelona, \u200b\u200bporque \u00e9ste es el segundo a\u00f1o que, con motivo de la Merc\u00e8, hay disturbios de esta magnitud. Tanto es as\u00ed que el\u00a0<strong>argumento de Colau para defenderse ha sido decir que el a\u00f1o pasado fue peor<\/strong>, y quien no se consuela es porque no quiere.\u00a0\u00bfPor qu\u00e9 en la capital de Catalu\u00f1a se concentra este vandalismo de forma regular?<\/p>\n<p><span class=\"\">Sin embargo, el listado de la degradaci\u00f3n es mucho mayor.\u00a0<\/span>Existe el caso del Raval donde el problema de la droga no s\u00f3lo no se ha resuelto ni mejorado, sino que registra un empeoramiento claro.\u00a0No es suficiente, pero el Ayuntamiento de Barcelona tiene un servicio municipal espec\u00edfico dedicado a recoger\u00a0<strong>jeringuillas en la calle<\/strong>\u00a0que se concentran en el Raval.\u00a0No es para menos, porque recogen m\u00e1s de 4.000 al mes, por tanto, una cifra superior a las 130 al d\u00eda.\u00a0Todo esto es a la vez fuente de inseguridad, de conflictos con los vecinos, de mal estar, de degradaci\u00f3n del espacio p\u00fablico.\u00a0El resultado es que los vecinos que pueden marchan y la consecuencia es la aceleraci\u00f3n del proceso de degradaci\u00f3n.\u00a0Barcelona tiene un grave pueblo en esta \u00e1rea, que el paso del tiempo y la gesti\u00f3n del gobierno Colau-Collboni no ha hecho m\u00e1s que acentuar.<\/p>\n<p>La tercera cuesti\u00f3n es p\u00fablica y notoria: a pesar del multimillonario contrato de limpieza,\u00a0<strong>la suciedad de la ciudad sigue siendo un problema grave<\/strong>.\u00a0La sensaci\u00f3n de que Barcelona es una ciudad sucia y cada vez m\u00e1s fea. Se avanza progresivamente hacia el modelo napolitano.\u00a0Y con buena l\u00f3gica en este modelo\u00a0<strong>el ruido es otro factor no abordado<\/strong>\u00a0de degradaci\u00f3n y da\u00f1o sobre los ciudadanos.\u00a0Colau lo ignora y mientras tanto es evidente que muchas zonas de la ciudad superan a lo largo del d\u00eda y en el exterior el m\u00e1ximo de 60 decibelios y los de 50 decibelios por la noche. De hecho, para ir bien deber\u00edamos reducir este nivel de ruido l\u00edmite en 10 decibelios, pero nada est\u00e1 planteado.<\/p>\n<p><span class=\"goog-text-highlight\">La <strong>movilidad<\/strong> es otro hecho evidente.\u00a0<\/span>Cada d\u00eda es m\u00e1s desastrosa y al sufridor ciudadano se le a\u00f1aden los problemas de Cercan\u00edas con los que moverse por dentro de la ciudad.\u00a0S\u00f3lo el patinete triunfa, que lo ha invadido poniendo en riesgo a los peatones, pero tambi\u00e9n a muchos de los que circulan con este ingenio rodante porque ignoran todas las normas de circulaci\u00f3n.<\/p>\n<p>Seg\u00fan el informe del RACC, el 60% de los patinetes superan los l\u00edmites de velocidad.\u00a0Un 30% circula por la acera aunque deber\u00eda hacerlo por la calzada, un 20% van en direcci\u00f3n contraria, un 17% no respeta el paso de los peatones.\u00a0Un 18% de los conductores de patinete han tenido un accidente en lo que va de 2022. Y su ignorancia es extraordinaria: el 68% ignoran las normas de circulaci\u00f3n y no saben que es obligatorio utilizar luces nocturnas.\u00a0En estas condiciones el patinete se ha convertido en otro grave problema que ha surgido de nuevo en la \u00e9poca Colau.<\/p>\n<p>El problema de la\u00a0<strong>movilidad<\/strong>\u00a0se entiende al reparto de mercanc\u00edas que cada vez resulta m\u00e1s dif\u00edcil y lento de realizar, lo que significa multiplicar la contaminaci\u00f3n como externalidad negativa y los costes para cada una de las empresas.<\/p>\n<p>Barcelona se ha convertido en la\u00a0<strong>ciudad m\u00e1s peligrosa de Espa\u00f1a<\/strong>, seg\u00fan los datos y el sindicato de la propia Guardia Urbana.\u00a0\u00c9sta es otra gran novedad de la \u00e9poca Colau, que a\u00fan hay que a\u00f1adir una m\u00e1s. <span class=\"goog-text-highlight\">Tambi\u00e9n es campeona en los delitos de\u00a0<\/span><strong><span class=\"goog-text-highlight\">abusos sexuales<\/span><\/strong><span class=\"goog-text-highlight\">, lo que no deja de ser una desdichada paradoja para un gobierno que tiene en la lucha contra el machismo uno de sus principales discursos.<\/span><\/p>\n<p>Cada d\u00eda que pasa los problemas aumentan de grado, y como hemos visto se acumulan nuevos, como los de los patinetes y la criminalidad. Acent\u00faa a los de siempre y a\u00f1ade otros.\u00a0Paso a paso, la capital de Catalu\u00f1a avanza en el camino de convertirse en una ciudad problema.<\/p>\n<div id=\"polls-167\" class=\"wp-polls\">\n\t<form id=\"polls_form_167\" class=\"wp-polls-form\" action=\"\/index.php\" method=\"post\">\n\t\t<p style=\"display: none;\"><input type=\"hidden\" id=\"poll_167_nonce\" name=\"wp-polls-nonce\" value=\"7b7b471ea6\" \/><\/p>\n\t\t<p style=\"display: none;\"><input type=\"hidden\" name=\"poll_id\" value=\"167\" \/><\/p>\n\t\t<p style=\"text-align: center\"><strong>Consideres que \u00e9s feixisme el que promou la coalici\u00f3 de la Sra. Meloni a It\u00e0lia?<\/strong><\/p><div id=\"polls-167-ans\" class=\"wp-polls-ans\"><ul class=\"wp-polls-ul\">\n\t\t<li><input type=\"radio\" id=\"poll-answer-440\" name=\"poll_167\" value=\"440\" \/> <label for=\"poll-answer-440\">S\u00ed<\/label><\/li>\n\t\t<li><input type=\"radio\" id=\"poll-answer-441\" name=\"poll_167\" value=\"441\" \/> <label for=\"poll-answer-441\">No<\/label><\/li>\n\t\t<li><input type=\"radio\" id=\"poll-answer-442\" name=\"poll_167\" value=\"442\" \/> <label for=\"poll-answer-442\">No ho s\u00e9<\/label><\/li>\n\t\t<\/ul><p style=\"text-align: center\"><input type=\"button\" name=\"vote\" value=\"   Vota   \" class=\"Buttons\" onclick=\"poll_vote(167);\" \/><\/p><p style=\"text-align: center\"><a href=\"#ViewPollResults\" onclick=\"poll_result(167); return false;\" title=\"View Results Of This Poll\">Mira els resultats<\/a><\/p><\/div>\n\t<\/form>\n<\/div>\n<div id=\"polls-167-loading\" class=\"wp-polls-loading\"><img decoding=\"async\" data-src=\"https:\/\/conversesacatalunya.cat\/wp-content\/plugins\/wp-polls\/images\/loading.gif\" width=\"16\" height=\"16\" alt=\"Cargando ...\" title=\"Cargando ...\" class=\"wp-polls-image lazyload\" src=\"data:image\/svg+xml;base64,PHN2ZyB3aWR0aD0iMSIgaGVpZ2h0PSIxIiB4bWxucz0iaHR0cDovL3d3dy53My5vcmcvMjAwMC9zdmciPjwvc3ZnPg==\" style=\"--smush-placeholder-width: 16px; --smush-placeholder-aspect-ratio: 16\/16;\" \/>&nbsp;Cargando ...<\/div>\n\n","protected":false},"excerpt":{"rendered":"<p>0Las fiestas de la Merc\u00e8, con dos apu\u00f1alamientos y un muerto, 46 \u200b\u200bheridos, uno grave y uno en estado cr\u00edtico, se\u00f1alan un punto de no retorno en la continuada degradaci\u00f3n de la ciudad.\u00a0Por segundo a\u00f1o consecutivo, despu\u00e9s de un macrobotell\u00f3n en la plaza Espanya con motivo de las fiestas, se produjeron disturbios, destrozos y robos en tiendas, quema de motos y destrucci\u00f3n del mobiliario p\u00fablico en la zona de Creu Coberta en plaza Espa\u00f1a. Hubo tambi\u00e9n un alud de robos de m\u00f3viles con y sin violencia, m\u00e1s de un millar.\u00a0La comisar\u00eda de la zona qued\u00f3 tan desbordada que la cola de denuncias superaba las dos horas y media de espera. Estos hechos en Europa s\u00f3lo ocurren de forma reiterada en Barcelona, \u200b\u200bporque \u00e9ste es el segundo a\u00f1o que, con motivo de la Merc\u00e8, hay disturbios de esta magnitud. Tanto es as\u00ed que el\u00a0argumento de Colau para defenderse ha sido decir que el a\u00f1o pasado fue peor, y quien no se consuela es porque no quiere.\u00a0\u00bfPor qu\u00e9 en la capital de Catalu\u00f1a se concentra este vandalismo de forma regular? Sin embargo, el listado de la degradaci\u00f3n es mucho mayor.\u00a0Existe el caso del Raval donde el problema de la droga no s\u00f3lo no se ha resuelto ni mejorado, sino que registra un empeoramiento claro.\u00a0No es suficiente, pero el Ayuntamiento de Barcelona tiene un servicio municipal espec\u00edfico dedicado a recoger\u00a0jeringuillas en la calle\u00a0que se concentran en el Raval.\u00a0No es para menos, porque recogen m\u00e1s de 4.000 al mes, por tanto, una cifra superior a las 130 al d\u00eda.\u00a0Todo esto es a la vez fuente de inseguridad, de conflictos con los vecinos, de mal estar, de degradaci\u00f3n del espacio p\u00fablico.\u00a0El resultado es que los vecinos que pueden marchan y la consecuencia es la aceleraci\u00f3n del proceso de degradaci\u00f3n.\u00a0Barcelona tiene un grave pueblo en esta \u00e1rea, que el paso del tiempo y la gesti\u00f3n del gobierno Colau-Collboni no ha hecho m\u00e1s que acentuar. La tercera cuesti\u00f3n es p\u00fablica y notoria: a pesar del multimillonario contrato de limpieza,\u00a0la suciedad de la ciudad sigue siendo un problema grave.\u00a0La sensaci\u00f3n de que Barcelona es una ciudad sucia y cada vez m\u00e1s fea. Se avanza progresivamente hacia el modelo napolitano.\u00a0Y con buena l\u00f3gica en este modelo\u00a0el ruido es otro factor no abordado\u00a0de degradaci\u00f3n y da\u00f1o sobre los ciudadanos.\u00a0Colau lo ignora y mientras tanto es evidente que muchas zonas de la ciudad superan a lo largo del d\u00eda y en el exterior el m\u00e1ximo de 60 decibelios y los de 50 decibelios por la noche. De hecho, para ir bien deber\u00edamos reducir este nivel de ruido l\u00edmite en 10 decibelios, pero nada est\u00e1 planteado. La movilidad es otro hecho evidente.\u00a0Cada d\u00eda es m\u00e1s desastrosa y al sufridor ciudadano se le a\u00f1aden los problemas de Cercan\u00edas con los que moverse por dentro de la ciudad.\u00a0S\u00f3lo el patinete triunfa, que lo ha invadido poniendo en riesgo a los peatones, pero tambi\u00e9n a muchos de los que circulan con este ingenio rodante porque ignoran todas las normas de circulaci\u00f3n. Seg\u00fan el informe del RACC, el 60% de los patinetes superan los l\u00edmites de velocidad.\u00a0Un 30% circula por la acera aunque deber\u00eda hacerlo por la calzada, un 20% van en direcci\u00f3n contraria, un 17% no respeta el paso de los peatones.\u00a0Un 18% de los conductores de patinete han tenido un accidente en lo que va de 2022. Y su ignorancia es extraordinaria: el 68% ignoran las normas de circulaci\u00f3n y no saben que es obligatorio utilizar luces nocturnas.\u00a0En estas condiciones el patinete se ha convertido en otro grave problema que ha surgido de nuevo en la \u00e9poca Colau. El problema de la\u00a0movilidad\u00a0se entiende al reparto de mercanc\u00edas que cada vez resulta m\u00e1s dif\u00edcil y lento de realizar, lo que significa multiplicar la contaminaci\u00f3n como externalidad negativa y los costes para cada una de las empresas. Barcelona se ha convertido en la\u00a0ciudad m\u00e1s peligrosa de Espa\u00f1a, seg\u00fan los datos y el sindicato de la propia Guardia Urbana.\u00a0\u00c9sta es otra gran novedad de la \u00e9poca Colau, que a\u00fan hay que a\u00f1adir una m\u00e1s. Tambi\u00e9n es campeona en los delitos de\u00a0abusos sexuales, lo que no deja de ser una desdichada paradoja para un gobierno que tiene en la lucha contra el machismo uno de sus principales discursos. Cada d\u00eda que pasa los problemas aumentan de grado, y como hemos visto se acumulan nuevos, como los de los patinetes y la criminalidad. Acent\u00faa a los de siempre y a\u00f1ade otros.\u00a0Paso a paso, la capital de Catalu\u00f1a avanza en el camino de convertirse en una ciudad problema.<\/p>\n","protected":false},"author":2,"featured_media":61096,"comment_status":"open","ping_status":"open","sticky":false,"template":"","format":"standard","meta":{"_FSMCFIC_featured_image_caption":"","_FSMCFIC_featured_image_nocaption":"","_FSMCFIC_featured_image_hide":"","footnotes":""},"categories":[806],"tags":[3603],"class_list":["post-61104","post","type-post","status-publish","format-standard","has-post-thumbnail","hentry","category-punts-claus-del-dia-es","tag-degradacion-barcelona"],"yoast_head":"<!-- This site is optimized with the Yoast SEO plugin v26.8 - https:\/\/yoast.com\/product\/yoast-seo-wordpress\/ -->\n<title>La imparable degradaci\u00f3n de Barcelona - Converses a Catalunya<\/title>\n<meta name=\"description\" content=\"Las fiestas de la Merc\u00e8, con dos apu\u00f1alamientos, un muerto y 46 heridos, se\u00f1alan un punto de no retorno en la continua degradaci\u00f3n de la ciudad\" \/>\n<meta name=\"robots\" content=\"index, follow, max-snippet:-1, max-image-preview:large, max-video-preview:-1\" \/>\n<link rel=\"canonical\" href=\"https:\/\/conversesacatalunya.cat\/es\/la-imparable-degradacion-de-barcelona\/\" \/>\n<meta property=\"og:locale\" content=\"es_ES\" \/>\n<meta property=\"og:type\" content=\"article\" \/>\n<meta property=\"og:title\" content=\"La imparable degradaci\u00f3n de Barcelona - Converses a Catalunya\" \/>\n<meta property=\"og:description\" content=\"Las fiestas de la Merc\u00e8, con dos apu\u00f1alamientos, un muerto y 46 heridos, se\u00f1alan un punto de no retorno en la continua degradaci\u00f3n de la ciudad\" \/>\n<meta property=\"og:url\" content=\"https:\/\/conversesacatalunya.cat\/es\/la-imparable-degradacion-de-barcelona\/\" \/>\n<meta property=\"og:site_name\" content=\"Converses a Catalunya\" \/>\n<meta property=\"article:published_time\" content=\"2022-09-28T11:03:04+00:00\" \/>\n<meta property=\"article:modified_time\" content=\"2022-09-28T12:57:56+00:00\" \/>\n<meta property=\"og:image\" content=\"https:\/\/conversesacatalunya.cat\/wp-content\/uploads\/2022\/09\/Albert-Batlle-1024x490-1.jpg\" \/>\n\t<meta property=\"og:image:width\" content=\"1024\" \/>\n\t<meta property=\"og:image:height\" content=\"490\" \/>\n\t<meta property=\"og:image:type\" content=\"image\/jpeg\" \/>\n<meta name=\"author\" content=\"conversesacatalunya\" \/>\n<meta name=\"twitter:card\" content=\"summary_large_image\" \/>\n<meta name=\"twitter:label1\" content=\"Escrito por\" \/>\n\t<meta name=\"twitter:data1\" content=\"conversesacatalunya\" \/>\n\t<meta name=\"twitter:label2\" content=\"Tiempo de lectura\" \/>\n\t<meta name=\"twitter:data2\" content=\"4 minutos\" \/>\n<script type=\"application\/ld+json\" class=\"yoast-schema-graph\">{\"@context\":\"https:\/\/schema.org\",\"@graph\":[{\"@type\":\"Article\",\"@id\":\"https:\/\/conversesacatalunya.cat\/es\/la-imparable-degradacion-de-barcelona\/#article\",\"isPartOf\":{\"@id\":\"https:\/\/conversesacatalunya.cat\/es\/la-imparable-degradacion-de-barcelona\/\"},\"author\":{\"name\":\"conversesacatalunya\",\"@id\":\"https:\/\/conversesacatalunya.cat\/#\/schema\/person\/7e24d1e54a2785373ddcb275eae5ed99\"},\"headline\":\"La imparable degradaci\u00f3n de Barcelona\",\"datePublished\":\"2022-09-28T11:03:04+00:00\",\"dateModified\":\"2022-09-28T12:57:56+00:00\",\"mainEntityOfPage\":{\"@id\":\"https:\/\/conversesacatalunya.cat\/es\/la-imparable-degradacion-de-barcelona\/\"},\"wordCount\":839,\"commentCount\":0,\"image\":{\"@id\":\"https:\/\/conversesacatalunya.cat\/es\/la-imparable-degradacion-de-barcelona\/#primaryimage\"},\"thumbnailUrl\":\"https:\/\/conversesacatalunya.cat\/wp-content\/uploads\/2022\/09\/Albert-Batlle-1024x490-1.jpg\",\"keywords\":[\"Degradaci\u00f3n Barcelona\"],\"articleSection\":[\"Punts clau del dia (ES)\"],\"inLanguage\":\"es\",\"potentialAction\":[{\"@type\":\"CommentAction\",\"name\":\"Comment\",\"target\":[\"https:\/\/conversesacatalunya.cat\/es\/la-imparable-degradacion-de-barcelona\/#respond\"]}]},{\"@type\":\"WebPage\",\"@id\":\"https:\/\/conversesacatalunya.cat\/es\/la-imparable-degradacion-de-barcelona\/\",\"url\":\"https:\/\/conversesacatalunya.cat\/es\/la-imparable-degradacion-de-barcelona\/\",\"name\":\"La imparable degradaci\u00f3n de Barcelona - Converses a Catalunya\",\"isPartOf\":{\"@id\":\"https:\/\/conversesacatalunya.cat\/#website\"},\"primaryImageOfPage\":{\"@id\":\"https:\/\/conversesacatalunya.cat\/es\/la-imparable-degradacion-de-barcelona\/#primaryimage\"},\"image\":{\"@id\":\"https:\/\/conversesacatalunya.cat\/es\/la-imparable-degradacion-de-barcelona\/#primaryimage\"},\"thumbnailUrl\":\"https:\/\/conversesacatalunya.cat\/wp-content\/uploads\/2022\/09\/Albert-Batlle-1024x490-1.jpg\",\"datePublished\":\"2022-09-28T11:03:04+00:00\",\"dateModified\":\"2022-09-28T12:57:56+00:00\",\"author\":{\"@id\":\"https:\/\/conversesacatalunya.cat\/#\/schema\/person\/7e24d1e54a2785373ddcb275eae5ed99\"},\"description\":\"Las fiestas de la Merc\u00e8, con dos apu\u00f1alamientos, un muerto y 46 heridos, se\u00f1alan un punto de no retorno en la continua degradaci\u00f3n de la ciudad\",\"breadcrumb\":{\"@id\":\"https:\/\/conversesacatalunya.cat\/es\/la-imparable-degradacion-de-barcelona\/#breadcrumb\"},\"inLanguage\":\"es\",\"potentialAction\":[{\"@type\":\"ReadAction\",\"target\":[\"https:\/\/conversesacatalunya.cat\/es\/la-imparable-degradacion-de-barcelona\/\"]}]},{\"@type\":\"ImageObject\",\"inLanguage\":\"es\",\"@id\":\"https:\/\/conversesacatalunya.cat\/es\/la-imparable-degradacion-de-barcelona\/#primaryimage\",\"url\":\"https:\/\/conversesacatalunya.cat\/wp-content\/uploads\/2022\/09\/Albert-Batlle-1024x490-1.jpg\",\"contentUrl\":\"https:\/\/conversesacatalunya.cat\/wp-content\/uploads\/2022\/09\/Albert-Batlle-1024x490-1.jpg\",\"width\":1024,\"height\":490},{\"@type\":\"BreadcrumbList\",\"@id\":\"https:\/\/conversesacatalunya.cat\/es\/la-imparable-degradacion-de-barcelona\/#breadcrumb\",\"itemListElement\":[{\"@type\":\"ListItem\",\"position\":1,\"name\":\"Inici\",\"item\":\"https:\/\/conversesacatalunya.cat\/es\/\"},{\"@type\":\"ListItem\",\"position\":2,\"name\":\"La imparable degradaci\u00f3n de Barcelona\"}]},{\"@type\":\"WebSite\",\"@id\":\"https:\/\/conversesacatalunya.cat\/#website\",\"url\":\"https:\/\/conversesacatalunya.cat\/\",\"name\":\"Converses a Catalunya\",\"description\":\"\",\"potentialAction\":[{\"@type\":\"SearchAction\",\"target\":{\"@type\":\"EntryPoint\",\"urlTemplate\":\"https:\/\/conversesacatalunya.cat\/?s={search_term_string}\"},\"query-input\":{\"@type\":\"PropertyValueSpecification\",\"valueRequired\":true,\"valueName\":\"search_term_string\"}}],\"inLanguage\":\"es\"},{\"@type\":\"Person\",\"@id\":\"https:\/\/conversesacatalunya.cat\/#\/schema\/person\/7e24d1e54a2785373ddcb275eae5ed99\",\"name\":\"conversesacatalunya\",\"image\":{\"@type\":\"ImageObject\",\"inLanguage\":\"es\",\"@id\":\"https:\/\/conversesacatalunya.cat\/#\/schema\/person\/image\/\",\"url\":\"https:\/\/conversesacatalunya.cat\/wp-content\/litespeed\/avatar\/febdfeeec89d950f01c748045a981dd2.jpg?ver=1777314535\",\"contentUrl\":\"https:\/\/conversesacatalunya.cat\/wp-content\/litespeed\/avatar\/febdfeeec89d950f01c748045a981dd2.jpg?ver=1777314535\",\"caption\":\"conversesacatalunya\"},\"url\":\"https:\/\/conversesacatalunya.cat\/es\/author\/carme_catala\/\"}]}<\/script>\n<!-- \/ Yoast SEO plugin. -->","yoast_head_json":{"title":"La imparable degradaci\u00f3n de Barcelona - Converses a Catalunya","description":"Las fiestas de la Merc\u00e8, con dos apu\u00f1alamientos, un muerto y 46 heridos, se\u00f1alan un punto de no retorno en la continua degradaci\u00f3n de la ciudad","robots":{"index":"index","follow":"follow","max-snippet":"max-snippet:-1","max-image-preview":"max-image-preview:large","max-video-preview":"max-video-preview:-1"},"canonical":"https:\/\/conversesacatalunya.cat\/es\/la-imparable-degradacion-de-barcelona\/","og_locale":"es_ES","og_type":"article","og_title":"La imparable degradaci\u00f3n de Barcelona - Converses a Catalunya","og_description":"Las fiestas de la Merc\u00e8, con dos apu\u00f1alamientos, un muerto y 46 heridos, se\u00f1alan un punto de no retorno en la continua degradaci\u00f3n de la ciudad","og_url":"https:\/\/conversesacatalunya.cat\/es\/la-imparable-degradacion-de-barcelona\/","og_site_name":"Converses a Catalunya","article_published_time":"2022-09-28T11:03:04+00:00","article_modified_time":"2022-09-28T12:57:56+00:00","og_image":[{"width":1024,"height":490,"url":"https:\/\/conversesacatalunya.cat\/wp-content\/uploads\/2022\/09\/Albert-Batlle-1024x490-1.jpg","type":"image\/jpeg"}],"author":"conversesacatalunya","twitter_card":"summary_large_image","twitter_misc":{"Escrito por":"conversesacatalunya","Tiempo de lectura":"4 minutos"},"schema":{"@context":"https:\/\/schema.org","@graph":[{"@type":"Article","@id":"https:\/\/conversesacatalunya.cat\/es\/la-imparable-degradacion-de-barcelona\/#article","isPartOf":{"@id":"https:\/\/conversesacatalunya.cat\/es\/la-imparable-degradacion-de-barcelona\/"},"author":{"name":"conversesacatalunya","@id":"https:\/\/conversesacatalunya.cat\/#\/schema\/person\/7e24d1e54a2785373ddcb275eae5ed99"},"headline":"La imparable degradaci\u00f3n de Barcelona","datePublished":"2022-09-28T11:03:04+00:00","dateModified":"2022-09-28T12:57:56+00:00","mainEntityOfPage":{"@id":"https:\/\/conversesacatalunya.cat\/es\/la-imparable-degradacion-de-barcelona\/"},"wordCount":839,"commentCount":0,"image":{"@id":"https:\/\/conversesacatalunya.cat\/es\/la-imparable-degradacion-de-barcelona\/#primaryimage"},"thumbnailUrl":"https:\/\/conversesacatalunya.cat\/wp-content\/uploads\/2022\/09\/Albert-Batlle-1024x490-1.jpg","keywords":["Degradaci\u00f3n Barcelona"],"articleSection":["Punts clau del dia (ES)"],"inLanguage":"es","potentialAction":[{"@type":"CommentAction","name":"Comment","target":["https:\/\/conversesacatalunya.cat\/es\/la-imparable-degradacion-de-barcelona\/#respond"]}]},{"@type":"WebPage","@id":"https:\/\/conversesacatalunya.cat\/es\/la-imparable-degradacion-de-barcelona\/","url":"https:\/\/conversesacatalunya.cat\/es\/la-imparable-degradacion-de-barcelona\/","name":"La imparable degradaci\u00f3n de Barcelona - Converses a Catalunya","isPartOf":{"@id":"https:\/\/conversesacatalunya.cat\/#website"},"primaryImageOfPage":{"@id":"https:\/\/conversesacatalunya.cat\/es\/la-imparable-degradacion-de-barcelona\/#primaryimage"},"image":{"@id":"https:\/\/conversesacatalunya.cat\/es\/la-imparable-degradacion-de-barcelona\/#primaryimage"},"thumbnailUrl":"https:\/\/conversesacatalunya.cat\/wp-content\/uploads\/2022\/09\/Albert-Batlle-1024x490-1.jpg","datePublished":"2022-09-28T11:03:04+00:00","dateModified":"2022-09-28T12:57:56+00:00","author":{"@id":"https:\/\/conversesacatalunya.cat\/#\/schema\/person\/7e24d1e54a2785373ddcb275eae5ed99"},"description":"Las fiestas de la Merc\u00e8, con dos apu\u00f1alamientos, un muerto y 46 heridos, se\u00f1alan un punto de no retorno en la continua degradaci\u00f3n de la ciudad","breadcrumb":{"@id":"https:\/\/conversesacatalunya.cat\/es\/la-imparable-degradacion-de-barcelona\/#breadcrumb"},"inLanguage":"es","potentialAction":[{"@type":"ReadAction","target":["https:\/\/conversesacatalunya.cat\/es\/la-imparable-degradacion-de-barcelona\/"]}]},{"@type":"ImageObject","inLanguage":"es","@id":"https:\/\/conversesacatalunya.cat\/es\/la-imparable-degradacion-de-barcelona\/#primaryimage","url":"https:\/\/conversesacatalunya.cat\/wp-content\/uploads\/2022\/09\/Albert-Batlle-1024x490-1.jpg","contentUrl":"https:\/\/conversesacatalunya.cat\/wp-content\/uploads\/2022\/09\/Albert-Batlle-1024x490-1.jpg","width":1024,"height":490},{"@type":"BreadcrumbList","@id":"https:\/\/conversesacatalunya.cat\/es\/la-imparable-degradacion-de-barcelona\/#breadcrumb","itemListElement":[{"@type":"ListItem","position":1,"name":"Inici","item":"https:\/\/conversesacatalunya.cat\/es\/"},{"@type":"ListItem","position":2,"name":"La imparable degradaci\u00f3n de Barcelona"}]},{"@type":"WebSite","@id":"https:\/\/conversesacatalunya.cat\/#website","url":"https:\/\/conversesacatalunya.cat\/","name":"Converses a Catalunya","description":"","potentialAction":[{"@type":"SearchAction","target":{"@type":"EntryPoint","urlTemplate":"https:\/\/conversesacatalunya.cat\/?s={search_term_string}"},"query-input":{"@type":"PropertyValueSpecification","valueRequired":true,"valueName":"search_term_string"}}],"inLanguage":"es"},{"@type":"Person","@id":"https:\/\/conversesacatalunya.cat\/#\/schema\/person\/7e24d1e54a2785373ddcb275eae5ed99","name":"conversesacatalunya","image":{"@type":"ImageObject","inLanguage":"es","@id":"https:\/\/conversesacatalunya.cat\/#\/schema\/person\/image\/","url":"https:\/\/conversesacatalunya.cat\/wp-content\/litespeed\/avatar\/febdfeeec89d950f01c748045a981dd2.jpg?ver=1777314535","contentUrl":"https:\/\/conversesacatalunya.cat\/wp-content\/litespeed\/avatar\/febdfeeec89d950f01c748045a981dd2.jpg?ver=1777314535","caption":"conversesacatalunya"},"url":"https:\/\/conversesacatalunya.cat\/es\/author\/carme_catala\/"}]}},"wps_subtitle":"Las fiestas de la Merc\u00e8, con dos apu\u00f1alamientos, un muerto y 46 heridos, se\u00f1alan un punto de no retorno en la continua degradaci\u00f3n de la ciudad","_links":{"self":[{"href":"https:\/\/conversesacatalunya.cat\/es\/wp-json\/wp\/v2\/posts\/61104","targetHints":{"allow":["GET"]}}],"collection":[{"href":"https:\/\/conversesacatalunya.cat\/es\/wp-json\/wp\/v2\/posts"}],"about":[{"href":"https:\/\/conversesacatalunya.cat\/es\/wp-json\/wp\/v2\/types\/post"}],"author":[{"embeddable":true,"href":"https:\/\/conversesacatalunya.cat\/es\/wp-json\/wp\/v2\/users\/2"}],"replies":[{"embeddable":true,"href":"https:\/\/conversesacatalunya.cat\/es\/wp-json\/wp\/v2\/comments?post=61104"}],"version-history":[{"count":3,"href":"https:\/\/conversesacatalunya.cat\/es\/wp-json\/wp\/v2\/posts\/61104\/revisions"}],"predecessor-version":[{"id":61107,"href":"https:\/\/conversesacatalunya.cat\/es\/wp-json\/wp\/v2\/posts\/61104\/revisions\/61107"}],"wp:featuredmedia":[{"embeddable":true,"href":"https:\/\/conversesacatalunya.cat\/es\/wp-json\/wp\/v2\/media\/61096"}],"wp:attachment":[{"href":"https:\/\/conversesacatalunya.cat\/es\/wp-json\/wp\/v2\/media?parent=61104"}],"wp:term":[{"taxonomy":"category","embeddable":true,"href":"https:\/\/conversesacatalunya.cat\/es\/wp-json\/wp\/v2\/categories?post=61104"},{"taxonomy":"post_tag","embeddable":true,"href":"https:\/\/conversesacatalunya.cat\/es\/wp-json\/wp\/v2\/tags?post=61104"}],"curies":[{"name":"wp","href":"https:\/\/api.w.org\/{rel}","templated":true}]}}