{"id":60917,"date":"2022-09-20T13:12:37","date_gmt":"2022-09-20T11:12:37","guid":{"rendered":"https:\/\/conversesacatalunya.cat\/el-declivi-de-sanchez-es-fa-ja-evident-fins-i-tot-a-la-televisio\/"},"modified":"2022-09-20T15:03:49","modified_gmt":"2022-09-20T13:03:49","slug":"el-declive-de-sanchez-se-hace-ya-evidente-incluso-en-television","status":"publish","type":"post","link":"https:\/\/conversesacatalunya.cat\/es\/el-declive-de-sanchez-se-hace-ya-evidente-incluso-en-television\/","title":{"rendered":"El declive de S\u00e1nchez se hace ya evidente incluso en televisi\u00f3n"},"content":{"rendered":"<p><span><span class=\"\">Todas las encuestas, salvo naturalmente la del CIS de Tezanos, se\u00f1alan el inexorable\u00a0<\/span><\/span><strong><span><span class=\"\">baj\u00f3n del PSOE<\/span><\/span><\/strong><span><span class=\"\"> por muchos intentos que haga de recuperarse.\u00a0<\/span>Con un vistazo r\u00e1pido a las encuestas podemos ver que la \u00faltima de 19 de septiembre de Simple L\u00f3gica le da s\u00f3lo un 25,8% al PSOE por un 29,4% al PP, mientras que UP baja al 8,8 % y Vox se sit\u00faa en el 17,3%.\u00a0En todas las dem\u00e1s encuestas llevadas a cabo estos \u00faltimos d\u00edas de septiembre, prescindiendo de la del CIS, el PSOE se queda claramente en tres de ellas\u00a0<\/span><strong><span>por debajo de los 100 esca\u00f1os, mientras que el PP se sit\u00faa entre los 130 y los 149<\/span><\/strong><span>.\u00a0Son encuestas de IMOP, \u00c1gora Integral, GAD3 y Sigma Dos.\u00a0Por tanto, la unanimidad sobre la derrota de S\u00e1nchez es evidente.<\/span><\/p>\n<p><span>Sin embargo, hay otra referencia muy \u00fatil: el <\/span><strong><span>n\u00famero de espectadores que tienen las entrevistas con S\u00e1nchez<\/span><\/strong><span>.\u00a0Si se comparan los datos desde 2020 se ve que existe una continua ca\u00edda de espectadores.\u00a0<span class=\"goog-text-highlight\">En los primeros a\u00f1os siempre superaba el 10% de la audiencia, pero en su \u00faltima intervenci\u00f3n, este mes de septiembre, alcanz\u00f3 el m\u00ednimo situ\u00e1ndose en el 5% de la audiencia y menos de un mill\u00f3n de espectadores .\u00a0<\/span>En la entrevista en TVE logr\u00f3 un 10% y 1,5 millones.\u00a0Los resultados \u00faltimos son estos 900.000 espectadores en la entrevista en el Canal 24 horas de TVE.\u00a0Una cifra muy similar, los 926.000 que alcanz\u00f3 en La Sexta en hora punta.\u00a0En marzo tambi\u00e9n en La Sexta hab\u00eda obtenido 1,7 millones y en febrero en TVE 1,8 millones.<\/span><\/p>\n<p><span>Los especialistas consideran que existe un claro declive en esta evoluci\u00f3n que va del 10-11% a acercarse a dicho 6% y situarse por debajo del mill\u00f3n de personas.\u00a0Es otro indicador de que en estos momentos en el gobierno S\u00e1nchez pintan bastos.<\/span><\/p>\n<div id=\"polls-166\" class=\"wp-polls\">\n\t<form id=\"polls_form_166\" class=\"wp-polls-form\" action=\"\/index.php\" method=\"post\">\n\t\t<p style=\"display: none;\"><input type=\"hidden\" id=\"poll_166_nonce\" name=\"wp-polls-nonce\" value=\"932016ea95\" \/><\/p>\n\t\t<p style=\"display: none;\"><input type=\"hidden\" name=\"poll_id\" value=\"166\" \/><\/p>\n\t\t<p style=\"text-align: center\"><strong>Creus que s'hauria de reduir l'IRPF d'acord amb el que s'ha incrementat la inflaci\u00f3?<\/strong><\/p><div id=\"polls-166-ans\" class=\"wp-polls-ans\"><ul class=\"wp-polls-ul\">\n\t\t<li><input type=\"radio\" id=\"poll-answer-437\" name=\"poll_166\" value=\"437\" \/> <label for=\"poll-answer-437\">S\u00ed<\/label><\/li>\n\t\t<li><input type=\"radio\" id=\"poll-answer-438\" name=\"poll_166\" value=\"438\" \/> <label for=\"poll-answer-438\">No<\/label><\/li>\n\t\t<li><input type=\"radio\" id=\"poll-answer-439\" name=\"poll_166\" value=\"439\" \/> <label for=\"poll-answer-439\">No ho s\u00e9<\/label><\/li>\n\t\t<\/ul><p style=\"text-align: center\"><input type=\"button\" name=\"vote\" value=\"   Vota   \" class=\"Buttons\" onclick=\"poll_vote(166);\" \/><\/p><p style=\"text-align: center\"><a href=\"#ViewPollResults\" onclick=\"poll_result(166); return false;\" title=\"View Results Of This Poll\">Mira els resultats<\/a><\/p><\/div>\n\t<\/form>\n<\/div>\n<div id=\"polls-166-loading\" class=\"wp-polls-loading\"><img decoding=\"async\" data-src=\"https:\/\/conversesacatalunya.cat\/wp-content\/plugins\/wp-polls\/images\/loading.gif\" width=\"16\" height=\"16\" alt=\"Cargando ...\" title=\"Cargando ...\" class=\"wp-polls-image lazyload\" src=\"data:image\/svg+xml;base64,PHN2ZyB3aWR0aD0iMSIgaGVpZ2h0PSIxIiB4bWxucz0iaHR0cDovL3d3dy53My5vcmcvMjAwMC9zdmciPjwvc3ZnPg==\" style=\"--smush-placeholder-width: 16px; --smush-placeholder-aspect-ratio: 16\/16;\" \/>&nbsp;Cargando ...<\/div>\n\n","protected":false},"excerpt":{"rendered":"<p>Todas las encuestas, salvo naturalmente la del CIS de Tezanos, se\u00f1alan el inexorable\u00a0baj\u00f3n del PSOE por muchos intentos que haga de recuperarse.\u00a0Con un vistazo r\u00e1pido a las encuestas podemos ver que la \u00faltima de 19 de septiembre de Simple L\u00f3gica le da s\u00f3lo un 25,8% al PSOE por un 29,4% al PP, mientras que UP baja al 8,8 % y Vox se sit\u00faa en el 17,3%.\u00a0En todas las dem\u00e1s encuestas llevadas a cabo estos \u00faltimos d\u00edas de septiembre, prescindiendo de la del CIS, el PSOE se queda claramente en tres de ellas\u00a0por debajo de los 100 esca\u00f1os, mientras que el PP se sit\u00faa entre los 130 y los 149.\u00a0Son encuestas de IMOP, \u00c1gora Integral, GAD3 y Sigma Dos.\u00a0Por tanto, la unanimidad sobre la derrota de S\u00e1nchez es evidente. Sin embargo, hay otra referencia muy \u00fatil: el n\u00famero de espectadores que tienen las entrevistas con S\u00e1nchez.\u00a0Si se comparan los datos desde 2020 se ve que existe una continua ca\u00edda de espectadores.\u00a0En los primeros a\u00f1os siempre superaba el 10% de la audiencia, pero en su \u00faltima intervenci\u00f3n, este mes de septiembre, alcanz\u00f3 el m\u00ednimo situ\u00e1ndose en el 5% de la audiencia y menos de un mill\u00f3n de espectadores .\u00a0En la entrevista en TVE logr\u00f3 un 10% y 1,5 millones.\u00a0Los resultados \u00faltimos son estos 900.000 espectadores en la entrevista en el Canal 24 horas de TVE.\u00a0Una cifra muy similar, los 926.000 que alcanz\u00f3 en La Sexta en hora punta.\u00a0En marzo tambi\u00e9n en La Sexta hab\u00eda obtenido 1,7 millones y en febrero en TVE 1,8 millones. Los especialistas consideran que existe un claro declive en esta evoluci\u00f3n que va del 10-11% a acercarse a dicho 6% y situarse por debajo del mill\u00f3n de personas.\u00a0Es otro indicador de que en estos momentos en el gobierno S\u00e1nchez pintan bastos.<\/p>\n","protected":false},"author":2,"featured_media":60900,"comment_status":"open","ping_status":"open","sticky":false,"template":"","format":"standard","meta":{"_FSMCFIC_featured_image_caption":"","_FSMCFIC_featured_image_nocaption":"","_FSMCFIC_featured_image_hide":"","footnotes":""},"categories":[806],"tags":[1065,1157],"class_list":["post-60917","post","type-post","status-publish","format-standard","has-post-thumbnail","hentry","category-punts-claus-del-dia-es","tag-encuestas","tag-pedro-sanchez-es"],"yoast_head":"<!-- This site is optimized with the Yoast SEO plugin v26.8 - https:\/\/yoast.com\/product\/yoast-seo-wordpress\/ -->\n<title>El declive de S\u00e1nchez se hace ya evidente incluso en televisi\u00f3n - Converses a Catalunya<\/title>\n<meta name=\"robots\" content=\"index, follow, max-snippet:-1, max-image-preview:large, max-video-preview:-1\" \/>\n<link rel=\"canonical\" href=\"https:\/\/conversesacatalunya.cat\/es\/el-declive-de-sanchez-se-hace-ya-evidente-incluso-en-television\/\" \/>\n<meta property=\"og:locale\" content=\"es_ES\" \/>\n<meta property=\"og:type\" content=\"article\" \/>\n<meta property=\"og:title\" content=\"El declive de S\u00e1nchez se hace ya evidente incluso en televisi\u00f3n - Converses a Catalunya\" \/>\n<meta property=\"og:description\" content=\"Todas las encuestas, salvo naturalmente la del CIS de Tezanos, se\u00f1alan el inexorable\u00a0baj\u00f3n del PSOE por muchos intentos que haga de recuperarse.\u00a0Con un vistazo r\u00e1pido a las encuestas podemos ver que la \u00faltima de 19 de septiembre de Simple L\u00f3gica le da s\u00f3lo un 25,8% al PSOE por un 29,4% al PP, mientras que UP baja al 8,8 % y Vox se sit\u00faa en el 17,3%.\u00a0En todas las dem\u00e1s encuestas llevadas a cabo estos \u00faltimos d\u00edas de septiembre, prescindiendo de la del CIS, el PSOE se queda claramente en tres de ellas\u00a0por debajo de los 100 esca\u00f1os, mientras que el PP se sit\u00faa entre los 130 y los 149.\u00a0Son encuestas de IMOP, \u00c1gora Integral, GAD3 y Sigma Dos.\u00a0Por tanto, la unanimidad sobre la derrota de S\u00e1nchez es evidente. Sin embargo, hay otra referencia muy \u00fatil: el n\u00famero de espectadores que tienen las entrevistas con S\u00e1nchez.\u00a0Si se comparan los datos desde 2020 se ve que existe una continua ca\u00edda de espectadores.\u00a0En los primeros a\u00f1os siempre superaba el 10% de la audiencia, pero en su \u00faltima intervenci\u00f3n, este mes de septiembre, alcanz\u00f3 el m\u00ednimo situ\u00e1ndose en el 5% de la audiencia y menos de un mill\u00f3n de espectadores .\u00a0En la entrevista en TVE logr\u00f3 un 10% y 1,5 millones.\u00a0Los resultados \u00faltimos son estos 900.000 espectadores en la entrevista en el Canal 24 horas de TVE.\u00a0Una cifra muy similar, los 926.000 que alcanz\u00f3 en La Sexta en hora punta.\u00a0En marzo tambi\u00e9n en La Sexta hab\u00eda obtenido 1,7 millones y en febrero en TVE 1,8 millones. Los especialistas consideran que existe un claro declive en esta evoluci\u00f3n que va del 10-11% a acercarse a dicho 6% y situarse por debajo del mill\u00f3n de personas.\u00a0Es otro indicador de que en estos momentos en el gobierno S\u00e1nchez pintan bastos.\" \/>\n<meta property=\"og:url\" content=\"https:\/\/conversesacatalunya.cat\/es\/el-declive-de-sanchez-se-hace-ya-evidente-incluso-en-television\/\" \/>\n<meta property=\"og:site_name\" content=\"Converses a Catalunya\" \/>\n<meta property=\"article:published_time\" content=\"2022-09-20T11:12:37+00:00\" \/>\n<meta property=\"article:modified_time\" content=\"2022-09-20T13:03:49+00:00\" \/>\n<meta property=\"og:image\" content=\"https:\/\/conversesacatalunya.cat\/wp-content\/uploads\/2022\/09\/sanchez-tele.jpg\" \/>\n\t<meta property=\"og:image:width\" content=\"1024\" \/>\n\t<meta property=\"og:image:height\" content=\"576\" \/>\n\t<meta property=\"og:image:type\" content=\"image\/jpeg\" \/>\n<meta name=\"author\" content=\"conversesacatalunya\" \/>\n<meta name=\"twitter:card\" content=\"summary_large_image\" \/>\n<meta name=\"twitter:label1\" content=\"Escrito por\" \/>\n\t<meta name=\"twitter:data1\" content=\"conversesacatalunya\" \/>\n\t<meta name=\"twitter:label2\" content=\"Tiempo de lectura\" \/>\n\t<meta name=\"twitter:data2\" content=\"2 minutos\" \/>\n<script type=\"application\/ld+json\" class=\"yoast-schema-graph\">{\"@context\":\"https:\/\/schema.org\",\"@graph\":[{\"@type\":\"Article\",\"@id\":\"https:\/\/conversesacatalunya.cat\/es\/el-declive-de-sanchez-se-hace-ya-evidente-incluso-en-television\/#article\",\"isPartOf\":{\"@id\":\"https:\/\/conversesacatalunya.cat\/es\/el-declive-de-sanchez-se-hace-ya-evidente-incluso-en-television\/\"},\"author\":{\"name\":\"conversesacatalunya\",\"@id\":\"https:\/\/conversesacatalunya.cat\/#\/schema\/person\/7e24d1e54a2785373ddcb275eae5ed99\"},\"headline\":\"El declive de S\u00e1nchez se hace ya evidente incluso en televisi\u00f3n\",\"datePublished\":\"2022-09-20T11:12:37+00:00\",\"dateModified\":\"2022-09-20T13:03:49+00:00\",\"mainEntityOfPage\":{\"@id\":\"https:\/\/conversesacatalunya.cat\/es\/el-declive-de-sanchez-se-hace-ya-evidente-incluso-en-television\/\"},\"wordCount\":324,\"commentCount\":0,\"image\":{\"@id\":\"https:\/\/conversesacatalunya.cat\/es\/el-declive-de-sanchez-se-hace-ya-evidente-incluso-en-television\/#primaryimage\"},\"thumbnailUrl\":\"https:\/\/conversesacatalunya.cat\/wp-content\/uploads\/2022\/09\/sanchez-tele.jpg\",\"keywords\":[\"Encuestas\",\"Pedro S\u00e1nchez\"],\"articleSection\":[\"Punts clau del dia (ES)\"],\"inLanguage\":\"es\",\"potentialAction\":[{\"@type\":\"CommentAction\",\"name\":\"Comment\",\"target\":[\"https:\/\/conversesacatalunya.cat\/es\/el-declive-de-sanchez-se-hace-ya-evidente-incluso-en-television\/#respond\"]}]},{\"@type\":\"WebPage\",\"@id\":\"https:\/\/conversesacatalunya.cat\/es\/el-declive-de-sanchez-se-hace-ya-evidente-incluso-en-television\/\",\"url\":\"https:\/\/conversesacatalunya.cat\/es\/el-declive-de-sanchez-se-hace-ya-evidente-incluso-en-television\/\",\"name\":\"El declive de S\u00e1nchez se hace ya evidente incluso en televisi\u00f3n - Converses a Catalunya\",\"isPartOf\":{\"@id\":\"https:\/\/conversesacatalunya.cat\/#website\"},\"primaryImageOfPage\":{\"@id\":\"https:\/\/conversesacatalunya.cat\/es\/el-declive-de-sanchez-se-hace-ya-evidente-incluso-en-television\/#primaryimage\"},\"image\":{\"@id\":\"https:\/\/conversesacatalunya.cat\/es\/el-declive-de-sanchez-se-hace-ya-evidente-incluso-en-television\/#primaryimage\"},\"thumbnailUrl\":\"https:\/\/conversesacatalunya.cat\/wp-content\/uploads\/2022\/09\/sanchez-tele.jpg\",\"datePublished\":\"2022-09-20T11:12:37+00:00\",\"dateModified\":\"2022-09-20T13:03:49+00:00\",\"author\":{\"@id\":\"https:\/\/conversesacatalunya.cat\/#\/schema\/person\/7e24d1e54a2785373ddcb275eae5ed99\"},\"breadcrumb\":{\"@id\":\"https:\/\/conversesacatalunya.cat\/es\/el-declive-de-sanchez-se-hace-ya-evidente-incluso-en-television\/#breadcrumb\"},\"inLanguage\":\"es\",\"potentialAction\":[{\"@type\":\"ReadAction\",\"target\":[\"https:\/\/conversesacatalunya.cat\/es\/el-declive-de-sanchez-se-hace-ya-evidente-incluso-en-television\/\"]}]},{\"@type\":\"ImageObject\",\"inLanguage\":\"es\",\"@id\":\"https:\/\/conversesacatalunya.cat\/es\/el-declive-de-sanchez-se-hace-ya-evidente-incluso-en-television\/#primaryimage\",\"url\":\"https:\/\/conversesacatalunya.cat\/wp-content\/uploads\/2022\/09\/sanchez-tele.jpg\",\"contentUrl\":\"https:\/\/conversesacatalunya.cat\/wp-content\/uploads\/2022\/09\/sanchez-tele.jpg\",\"width\":1024,\"height\":576},{\"@type\":\"BreadcrumbList\",\"@id\":\"https:\/\/conversesacatalunya.cat\/es\/el-declive-de-sanchez-se-hace-ya-evidente-incluso-en-television\/#breadcrumb\",\"itemListElement\":[{\"@type\":\"ListItem\",\"position\":1,\"name\":\"Inici\",\"item\":\"https:\/\/conversesacatalunya.cat\/es\/\"},{\"@type\":\"ListItem\",\"position\":2,\"name\":\"El declive de S\u00e1nchez se hace ya evidente incluso en televisi\u00f3n\"}]},{\"@type\":\"WebSite\",\"@id\":\"https:\/\/conversesacatalunya.cat\/#website\",\"url\":\"https:\/\/conversesacatalunya.cat\/\",\"name\":\"Converses a Catalunya\",\"description\":\"\",\"potentialAction\":[{\"@type\":\"SearchAction\",\"target\":{\"@type\":\"EntryPoint\",\"urlTemplate\":\"https:\/\/conversesacatalunya.cat\/?s={search_term_string}\"},\"query-input\":{\"@type\":\"PropertyValueSpecification\",\"valueRequired\":true,\"valueName\":\"search_term_string\"}}],\"inLanguage\":\"es\"},{\"@type\":\"Person\",\"@id\":\"https:\/\/conversesacatalunya.cat\/#\/schema\/person\/7e24d1e54a2785373ddcb275eae5ed99\",\"name\":\"conversesacatalunya\",\"image\":{\"@type\":\"ImageObject\",\"inLanguage\":\"es\",\"@id\":\"https:\/\/conversesacatalunya.cat\/#\/schema\/person\/image\/\",\"url\":\"https:\/\/conversesacatalunya.cat\/wp-content\/litespeed\/avatar\/febdfeeec89d950f01c748045a981dd2.jpg?ver=1777314535\",\"contentUrl\":\"https:\/\/conversesacatalunya.cat\/wp-content\/litespeed\/avatar\/febdfeeec89d950f01c748045a981dd2.jpg?ver=1777314535\",\"caption\":\"conversesacatalunya\"},\"url\":\"https:\/\/conversesacatalunya.cat\/es\/author\/carme_catala\/\"}]}<\/script>\n<!-- \/ Yoast SEO plugin. -->","yoast_head_json":{"title":"El declive de S\u00e1nchez se hace ya evidente incluso en televisi\u00f3n - Converses a Catalunya","robots":{"index":"index","follow":"follow","max-snippet":"max-snippet:-1","max-image-preview":"max-image-preview:large","max-video-preview":"max-video-preview:-1"},"canonical":"https:\/\/conversesacatalunya.cat\/es\/el-declive-de-sanchez-se-hace-ya-evidente-incluso-en-television\/","og_locale":"es_ES","og_type":"article","og_title":"El declive de S\u00e1nchez se hace ya evidente incluso en televisi\u00f3n - Converses a Catalunya","og_description":"Todas las encuestas, salvo naturalmente la del CIS de Tezanos, se\u00f1alan el inexorable\u00a0baj\u00f3n del PSOE por muchos intentos que haga de recuperarse.\u00a0Con un vistazo r\u00e1pido a las encuestas podemos ver que la \u00faltima de 19 de septiembre de Simple L\u00f3gica le da s\u00f3lo un 25,8% al PSOE por un 29,4% al PP, mientras que UP baja al 8,8 % y Vox se sit\u00faa en el 17,3%.\u00a0En todas las dem\u00e1s encuestas llevadas a cabo estos \u00faltimos d\u00edas de septiembre, prescindiendo de la del CIS, el PSOE se queda claramente en tres de ellas\u00a0por debajo de los 100 esca\u00f1os, mientras que el PP se sit\u00faa entre los 130 y los 149.\u00a0Son encuestas de IMOP, \u00c1gora Integral, GAD3 y Sigma Dos.\u00a0Por tanto, la unanimidad sobre la derrota de S\u00e1nchez es evidente. Sin embargo, hay otra referencia muy \u00fatil: el n\u00famero de espectadores que tienen las entrevistas con S\u00e1nchez.\u00a0Si se comparan los datos desde 2020 se ve que existe una continua ca\u00edda de espectadores.\u00a0En los primeros a\u00f1os siempre superaba el 10% de la audiencia, pero en su \u00faltima intervenci\u00f3n, este mes de septiembre, alcanz\u00f3 el m\u00ednimo situ\u00e1ndose en el 5% de la audiencia y menos de un mill\u00f3n de espectadores .\u00a0En la entrevista en TVE logr\u00f3 un 10% y 1,5 millones.\u00a0Los resultados \u00faltimos son estos 900.000 espectadores en la entrevista en el Canal 24 horas de TVE.\u00a0Una cifra muy similar, los 926.000 que alcanz\u00f3 en La Sexta en hora punta.\u00a0En marzo tambi\u00e9n en La Sexta hab\u00eda obtenido 1,7 millones y en febrero en TVE 1,8 millones. Los especialistas consideran que existe un claro declive en esta evoluci\u00f3n que va del 10-11% a acercarse a dicho 6% y situarse por debajo del mill\u00f3n de personas.\u00a0Es otro indicador de que en estos momentos en el gobierno S\u00e1nchez pintan bastos.","og_url":"https:\/\/conversesacatalunya.cat\/es\/el-declive-de-sanchez-se-hace-ya-evidente-incluso-en-television\/","og_site_name":"Converses a Catalunya","article_published_time":"2022-09-20T11:12:37+00:00","article_modified_time":"2022-09-20T13:03:49+00:00","og_image":[{"width":1024,"height":576,"url":"https:\/\/conversesacatalunya.cat\/wp-content\/uploads\/2022\/09\/sanchez-tele.jpg","type":"image\/jpeg"}],"author":"conversesacatalunya","twitter_card":"summary_large_image","twitter_misc":{"Escrito por":"conversesacatalunya","Tiempo de lectura":"2 minutos"},"schema":{"@context":"https:\/\/schema.org","@graph":[{"@type":"Article","@id":"https:\/\/conversesacatalunya.cat\/es\/el-declive-de-sanchez-se-hace-ya-evidente-incluso-en-television\/#article","isPartOf":{"@id":"https:\/\/conversesacatalunya.cat\/es\/el-declive-de-sanchez-se-hace-ya-evidente-incluso-en-television\/"},"author":{"name":"conversesacatalunya","@id":"https:\/\/conversesacatalunya.cat\/#\/schema\/person\/7e24d1e54a2785373ddcb275eae5ed99"},"headline":"El declive de S\u00e1nchez se hace ya evidente incluso en televisi\u00f3n","datePublished":"2022-09-20T11:12:37+00:00","dateModified":"2022-09-20T13:03:49+00:00","mainEntityOfPage":{"@id":"https:\/\/conversesacatalunya.cat\/es\/el-declive-de-sanchez-se-hace-ya-evidente-incluso-en-television\/"},"wordCount":324,"commentCount":0,"image":{"@id":"https:\/\/conversesacatalunya.cat\/es\/el-declive-de-sanchez-se-hace-ya-evidente-incluso-en-television\/#primaryimage"},"thumbnailUrl":"https:\/\/conversesacatalunya.cat\/wp-content\/uploads\/2022\/09\/sanchez-tele.jpg","keywords":["Encuestas","Pedro S\u00e1nchez"],"articleSection":["Punts clau del dia (ES)"],"inLanguage":"es","potentialAction":[{"@type":"CommentAction","name":"Comment","target":["https:\/\/conversesacatalunya.cat\/es\/el-declive-de-sanchez-se-hace-ya-evidente-incluso-en-television\/#respond"]}]},{"@type":"WebPage","@id":"https:\/\/conversesacatalunya.cat\/es\/el-declive-de-sanchez-se-hace-ya-evidente-incluso-en-television\/","url":"https:\/\/conversesacatalunya.cat\/es\/el-declive-de-sanchez-se-hace-ya-evidente-incluso-en-television\/","name":"El declive de S\u00e1nchez se hace ya evidente incluso en televisi\u00f3n - Converses a Catalunya","isPartOf":{"@id":"https:\/\/conversesacatalunya.cat\/#website"},"primaryImageOfPage":{"@id":"https:\/\/conversesacatalunya.cat\/es\/el-declive-de-sanchez-se-hace-ya-evidente-incluso-en-television\/#primaryimage"},"image":{"@id":"https:\/\/conversesacatalunya.cat\/es\/el-declive-de-sanchez-se-hace-ya-evidente-incluso-en-television\/#primaryimage"},"thumbnailUrl":"https:\/\/conversesacatalunya.cat\/wp-content\/uploads\/2022\/09\/sanchez-tele.jpg","datePublished":"2022-09-20T11:12:37+00:00","dateModified":"2022-09-20T13:03:49+00:00","author":{"@id":"https:\/\/conversesacatalunya.cat\/#\/schema\/person\/7e24d1e54a2785373ddcb275eae5ed99"},"breadcrumb":{"@id":"https:\/\/conversesacatalunya.cat\/es\/el-declive-de-sanchez-se-hace-ya-evidente-incluso-en-television\/#breadcrumb"},"inLanguage":"es","potentialAction":[{"@type":"ReadAction","target":["https:\/\/conversesacatalunya.cat\/es\/el-declive-de-sanchez-se-hace-ya-evidente-incluso-en-television\/"]}]},{"@type":"ImageObject","inLanguage":"es","@id":"https:\/\/conversesacatalunya.cat\/es\/el-declive-de-sanchez-se-hace-ya-evidente-incluso-en-television\/#primaryimage","url":"https:\/\/conversesacatalunya.cat\/wp-content\/uploads\/2022\/09\/sanchez-tele.jpg","contentUrl":"https:\/\/conversesacatalunya.cat\/wp-content\/uploads\/2022\/09\/sanchez-tele.jpg","width":1024,"height":576},{"@type":"BreadcrumbList","@id":"https:\/\/conversesacatalunya.cat\/es\/el-declive-de-sanchez-se-hace-ya-evidente-incluso-en-television\/#breadcrumb","itemListElement":[{"@type":"ListItem","position":1,"name":"Inici","item":"https:\/\/conversesacatalunya.cat\/es\/"},{"@type":"ListItem","position":2,"name":"El declive de S\u00e1nchez se hace ya evidente incluso en televisi\u00f3n"}]},{"@type":"WebSite","@id":"https:\/\/conversesacatalunya.cat\/#website","url":"https:\/\/conversesacatalunya.cat\/","name":"Converses a Catalunya","description":"","potentialAction":[{"@type":"SearchAction","target":{"@type":"EntryPoint","urlTemplate":"https:\/\/conversesacatalunya.cat\/?s={search_term_string}"},"query-input":{"@type":"PropertyValueSpecification","valueRequired":true,"valueName":"search_term_string"}}],"inLanguage":"es"},{"@type":"Person","@id":"https:\/\/conversesacatalunya.cat\/#\/schema\/person\/7e24d1e54a2785373ddcb275eae5ed99","name":"conversesacatalunya","image":{"@type":"ImageObject","inLanguage":"es","@id":"https:\/\/conversesacatalunya.cat\/#\/schema\/person\/image\/","url":"https:\/\/conversesacatalunya.cat\/wp-content\/litespeed\/avatar\/febdfeeec89d950f01c748045a981dd2.jpg?ver=1777314535","contentUrl":"https:\/\/conversesacatalunya.cat\/wp-content\/litespeed\/avatar\/febdfeeec89d950f01c748045a981dd2.jpg?ver=1777314535","caption":"conversesacatalunya"},"url":"https:\/\/conversesacatalunya.cat\/es\/author\/carme_catala\/"}]}},"wps_subtitle":"","_links":{"self":[{"href":"https:\/\/conversesacatalunya.cat\/es\/wp-json\/wp\/v2\/posts\/60917","targetHints":{"allow":["GET"]}}],"collection":[{"href":"https:\/\/conversesacatalunya.cat\/es\/wp-json\/wp\/v2\/posts"}],"about":[{"href":"https:\/\/conversesacatalunya.cat\/es\/wp-json\/wp\/v2\/types\/post"}],"author":[{"embeddable":true,"href":"https:\/\/conversesacatalunya.cat\/es\/wp-json\/wp\/v2\/users\/2"}],"replies":[{"embeddable":true,"href":"https:\/\/conversesacatalunya.cat\/es\/wp-json\/wp\/v2\/comments?post=60917"}],"version-history":[{"count":2,"href":"https:\/\/conversesacatalunya.cat\/es\/wp-json\/wp\/v2\/posts\/60917\/revisions"}],"predecessor-version":[{"id":60919,"href":"https:\/\/conversesacatalunya.cat\/es\/wp-json\/wp\/v2\/posts\/60917\/revisions\/60919"}],"wp:featuredmedia":[{"embeddable":true,"href":"https:\/\/conversesacatalunya.cat\/es\/wp-json\/wp\/v2\/media\/60900"}],"wp:attachment":[{"href":"https:\/\/conversesacatalunya.cat\/es\/wp-json\/wp\/v2\/media?parent=60917"}],"wp:term":[{"taxonomy":"category","embeddable":true,"href":"https:\/\/conversesacatalunya.cat\/es\/wp-json\/wp\/v2\/categories?post=60917"},{"taxonomy":"post_tag","embeddable":true,"href":"https:\/\/conversesacatalunya.cat\/es\/wp-json\/wp\/v2\/tags?post=60917"}],"curies":[{"name":"wp","href":"https:\/\/api.w.org\/{rel}","templated":true}]}}