{"id":60823,"date":"2022-09-16T11:46:18","date_gmt":"2022-09-16T09:46:18","guid":{"rendered":"https:\/\/conversesacatalunya.cat\/morts-per-covid-catalunya\/"},"modified":"2022-09-19T13:40:37","modified_gmt":"2022-09-19T11:40:37","slug":"muertes-por-covid-cataluna","status":"publish","type":"post","link":"https:\/\/conversesacatalunya.cat\/es\/muertes-por-covid-cataluna\/","title":{"rendered":"El gran esc\u00e1ndalo ignorado del n\u00famero de muertes por covid en Catalu\u00f1a: el informe de The Lancet lo revela"},"content":{"rendered":"<p><span>La prestigiosa revista The Lancet ha publicado el estudio \u201cEstimaci\u00f3n del exceso de mortalidad a causa de la pandemia de COVID-19: un an\u00e1lisis sistem\u00e1tico de la mortalidad relacionado con COVID-19, 2020-21\u201d.<\/span><\/p>\n<p><span>Pese a que con mayor o menor atenci\u00f3n todos los medios de comunicaci\u00f3n han publicado referencias sobre este estudio, curiosamente no las han centrado en lo que es su objeto, el\u00a0<\/span><strong><span>exceso de mortalidad<\/span><\/strong><span>, sino por la valoraci\u00f3n cr\u00edtica que hace al final de los\u00a0<\/span><strong><span>errores que los gobiernos y la OMS han cometido al abordar el problema<\/span><\/strong><span>.<\/span><\/p>\n<p><span><span class=\"goog-text-highlight\">Pero, como el mismo informe destaca, \u201clas estad\u00edsticas de mortalidad son fundamentales para la toma de decisiones en la salud p\u00fablica\u201d y, por tanto, no tiene justificaci\u00f3n que se ignore la importante aportaci\u00f3n que hace The Lancet en relaci\u00f3n a 74 pa\u00edses, <\/span><\/span><strong><span><span class=\"goog-text-highlight\">donde figura\u00a0<\/span><\/span><\/strong><strong><span><span class=\"goog-text-highlight\">Catalu\u00f1a,<\/span><\/span><\/strong><span><span class=\"goog-text-highlight\">\u00a0desde el 1 de enero de 2020 hasta el 31 de diciembre de 2021. La cifra total de muertes que ha generado la covid-19 seg\u00fan el informe es muy superior a la oficialmente determinada, que se\u00f1ala 5,94 millones de muertes en todo el mundo, mientras que The Lancet sit\u00faa la cifra en\u00a0<\/span><\/span><strong><span><span class=\"goog-text-highlight\">18,2 millones<\/span><\/span><\/strong><span><span class=\"goog-text-highlight\">\u00a0con un intervalo de incertidumbre del 95%, situado entre 17,7 y 19,6 millones de muertes.\u00a0<\/span>La diferencia, por tanto, es muy notable.<\/span><\/p>\n<p><span><span class=\"\">\u201cUna medici\u00f3n precisa del n\u00famero de muertes a causa de la pandemia es crucial para que cada pa\u00eds y regi\u00f3n comprenda la magnitud del impacto en la salud p\u00fablica\u201d, esta afirmaci\u00f3n de The Lancet se le han pasado por el forro el gobierno espa\u00f1ol y de modo particular el gobierno catal\u00e1n, dada la cifra de muertos, que r\u00e1pidamente han pasado p\u00e1gina ante una escasa exigencia de la oposici\u00f3n y de los medios de comunicaci\u00f3n, pese a que en el caso espa\u00f1ol el impacto ha sido lo suficientemente grande como para reducir por primera vez desde la Guerra Civil la\u00a0<\/span><\/span><strong><span><span class=\"\">esperanza de vida<\/span><\/span><\/strong><span><span class=\"\">.<\/span><\/span><\/p>\n<blockquote><p><span>El estudio demuestra que el impacto de la mortalidad de la Covid-19 ha sido m\u00e1s devastador de lo que se\u00f1alan las estad\u00edsticas oficiales.<\/span><\/p><\/blockquote>\n<p><span>El exceso de mortalidad que determina es definido como la diferencia neta entre el n\u00famero de muertes durante la pandemia, medido por la mortalidad por todas las causas observadas o estimadas, y el n\u00famero de muertes que se esperar\u00eda sobre la base de las tendencias pasadas. Si desea consultar el estudio completo lo puede encontrar\u00a0<\/span><a href=\"https:\/\/www.thelancet.com\/journals\/lancet\/article\/PIIS0140-6736(21)02796-3\/fulltext\" target=\"_blank\" rel=\"noopener\"><span>aqu\u00ed<\/span><\/a><span>.<\/span><\/p>\n<p><span>Merece la pena dedicar atenci\u00f3n a estos resultados, pero en primer t\u00e9rmino hoy queremos centrarnos en el <\/span><strong><span>caso desgraciadamente espectacular de Catalu\u00f1a,<\/span><\/strong><span> que se revela como uno de los territorios del mundo donde se ha producido un mayor exceso de mortalidad a causa de la covid . Subray\u00e9moslo porque es muy fuerte.\u00a0<\/span><strong><span>Catalu\u00f1a es uno de los territorios donde el estrago de la COVID ha sido mayor seg\u00fan las cifras de The Lancet<\/span><\/strong><span>\u00a0.<\/span><\/p>\n<p><span>Const\u00e9moslo: El n\u00famero de fallecidos en Espa\u00f1a ha sido superior a 100.000, concretamente 162.000, lo que representa 186,7 fallecidos por 100.000 habitantes.\u00a0A escala espa\u00f1ola, Catalu\u00f1a ocupa el primer puesto, con\u00a0<\/span><strong><span>252,6 muertes por 100.000 habitantes y un total de 35.600 catalanes <\/span><\/strong><span>que pasaron a mejor vida debido a la covid. Es una tragedia de proporciones extraordinarias.\u00a0La segunda mayor que hemos vivido despu\u00e9s de la Guerra Civil y la repercusi\u00f3n que ha tenido y que tiene es m\u00ednima.\u00a0Y esto es lo que no puede ser.\u00a0M\u00e1s a\u00fan si consideramos que Italia, uno de los pa\u00edses m\u00e1s afectados, presenta una afectaci\u00f3n de 227,4 por 100.000 habitantes, Alemania 120,5, Francia 142,2, B\u00e9lgica, un pa\u00eds que se vio seriamente afectado, 146,6. De Am\u00e9rica latina superan a Catalu\u00f1a Bolivia, Ecuador, Per\u00fa, M\u00e9xico, Venezuela. Brasil, cuyas televisiones nos mostraron, y no terminaron, tumbas y m\u00e1s tumbas de muertos, tiene una afectaci\u00f3n tangiblemente menor que la de Catalunya, 186,9. En EEUU, donde el impacto, seg\u00fan la imagen de los medios de comunicaci\u00f3n, fue muy grande, se situ\u00f3 en 179,3 y es uno de los grandes pa\u00edses del mundo m\u00e1s afectado.<\/span><\/p>\n<p><span>En el conjunto del mundo s\u00f3lo superan a Catalunya Rusia, con 374, y determinados pa\u00edses de Europa central como Bosnia y Herzegovina, Bulgaria, Hungr\u00eda, Montenegro y Macedonia que superan los 300 fallecidos por cada 100.000 habitantes.\u00a0Pero Polonia con 135 y Ruman\u00eda con 161,9, ya se encuentran por debajo de Catalunya.\u00a0<\/span><strong><span>A escala mundial la afectaci\u00f3n ha sido de 120,3 muertes por 100.000 habitantes<\/span><\/strong><span>, lo que se\u00f1ala claramente que el impacto se ha concentrado precisamente en los pa\u00edses m\u00e1s desarrollados y en determinadas regiones de Am\u00e9rica Latina.<\/span><\/p>\n<p><span>Si despu\u00e9s de esta radiograf\u00eda no se produce una reacci\u00f3n en las instituciones catalanas para indagar a fondo la explicaci\u00f3n de esta anomal\u00eda, tanto en el marco espa\u00f1ol, en el europeo y el internacional, es que se habr\u00e1 perdido todo sentido de la responsabilidad.<\/span><\/p>\n<p><span>Exigimos que se rinden cuentas de por qu\u00e9 murieron tantos catalanes.<\/span><\/p>\n<p><span>Una idea sint\u00e9tica del esc\u00e1ndalo de la mortalidad catalana nos lo da el hecho de que, mientras nuestro pa\u00eds representa el 0&#8217;09 de la poblaci\u00f3n mundial, nuestros fallecidos por covid-19 significan el 0&#8217;195. M\u00e1s del doble.<\/span><\/p>\n<div id=\"polls-165\" class=\"wp-polls\">\n\t<form id=\"polls_form_165\" class=\"wp-polls-form\" action=\"\/index.php\" method=\"post\">\n\t\t<p style=\"display: none;\"><input type=\"hidden\" id=\"poll_165_nonce\" name=\"wp-polls-nonce\" value=\"72818dc852\" \/><\/p>\n\t\t<p style=\"display: none;\"><input type=\"hidden\" name=\"poll_id\" value=\"165\" \/><\/p>\n\t\t<p style=\"text-align: center\"><strong>Et sembla b\u00e9 la proposta de la vicepresidenta Yolanda D\u00edaz de fer una cistella de la compra amb un preu limitat?<\/strong><\/p><div id=\"polls-165-ans\" class=\"wp-polls-ans\"><ul class=\"wp-polls-ul\">\n\t\t<li><input type=\"radio\" id=\"poll-answer-434\" name=\"poll_165\" value=\"434\" \/> <label for=\"poll-answer-434\">S\u00ed<\/label><\/li>\n\t\t<li><input type=\"radio\" id=\"poll-answer-435\" name=\"poll_165\" value=\"435\" \/> <label for=\"poll-answer-435\">No<\/label><\/li>\n\t\t<li><input type=\"radio\" id=\"poll-answer-436\" name=\"poll_165\" value=\"436\" \/> <label for=\"poll-answer-436\">No ho s\u00e9<\/label><\/li>\n\t\t<\/ul><p style=\"text-align: center\"><input type=\"button\" name=\"vote\" value=\"   Vota   \" class=\"Buttons\" onclick=\"poll_vote(165);\" \/><\/p><p style=\"text-align: center\"><a href=\"#ViewPollResults\" onclick=\"poll_result(165); return false;\" title=\"View Results Of This Poll\">Mira els resultats<\/a><\/p><\/div>\n\t<\/form>\n<\/div>\n<div id=\"polls-165-loading\" class=\"wp-polls-loading\"><img decoding=\"async\" data-src=\"https:\/\/conversesacatalunya.cat\/wp-content\/plugins\/wp-polls\/images\/loading.gif\" width=\"16\" height=\"16\" alt=\"Cargando ...\" title=\"Cargando ...\" class=\"wp-polls-image lazyload\" src=\"data:image\/svg+xml;base64,PHN2ZyB3aWR0aD0iMSIgaGVpZ2h0PSIxIiB4bWxucz0iaHR0cDovL3d3dy53My5vcmcvMjAwMC9zdmciPjwvc3ZnPg==\" style=\"--smush-placeholder-width: 16px; --smush-placeholder-aspect-ratio: 16\/16;\" \/>&nbsp;Cargando ...<\/div>\n\n","protected":false},"excerpt":{"rendered":"<p>La prestigiosa revista The Lancet ha publicado el estudio \u201cEstimaci\u00f3n del exceso de mortalidad a causa de la pandemia de COVID-19: un an\u00e1lisis sistem\u00e1tico de la mortalidad relacionado con COVID-19, 2020-21\u201d. Pese a que con mayor o menor atenci\u00f3n todos los medios de comunicaci\u00f3n han publicado referencias sobre este estudio, curiosamente no las han centrado en lo que es su objeto, el\u00a0exceso de mortalidad, sino por la valoraci\u00f3n cr\u00edtica que hace al final de los\u00a0errores que los gobiernos y la OMS han cometido al abordar el problema. Pero, como el mismo informe destaca, \u201clas estad\u00edsticas de mortalidad son fundamentales para la toma de decisiones en la salud p\u00fablica\u201d y, por tanto, no tiene justificaci\u00f3n que se ignore la importante aportaci\u00f3n que hace The Lancet en relaci\u00f3n a 74 pa\u00edses, donde figura\u00a0Catalu\u00f1a,\u00a0desde el 1 de enero de 2020 hasta el 31 de diciembre de 2021. La cifra total de muertes que ha generado la covid-19 seg\u00fan el informe es muy superior a la oficialmente determinada, que se\u00f1ala 5,94 millones de muertes en todo el mundo, mientras que The Lancet sit\u00faa la cifra en\u00a018,2 millones\u00a0con un intervalo de incertidumbre del 95%, situado entre 17,7 y 19,6 millones de muertes.\u00a0La diferencia, por tanto, es muy notable. \u201cUna medici\u00f3n precisa del n\u00famero de muertes a causa de la pandemia es crucial para que cada pa\u00eds y regi\u00f3n comprenda la magnitud del impacto en la salud p\u00fablica\u201d, esta afirmaci\u00f3n de The Lancet se le han pasado por el forro el gobierno espa\u00f1ol y de modo particular el gobierno catal\u00e1n, dada la cifra de muertos, que r\u00e1pidamente han pasado p\u00e1gina ante una escasa exigencia de la oposici\u00f3n y de los medios de comunicaci\u00f3n, pese a que en el caso espa\u00f1ol el impacto ha sido lo suficientemente grande como para reducir por primera vez desde la Guerra Civil la\u00a0esperanza de vida. El estudio demuestra que el impacto de la mortalidad de la Covid-19 ha sido m\u00e1s devastador de lo que se\u00f1alan las estad\u00edsticas oficiales. El exceso de mortalidad que determina es definido como la diferencia neta entre el n\u00famero de muertes durante la pandemia, medido por la mortalidad por todas las causas observadas o estimadas, y el n\u00famero de muertes que se esperar\u00eda sobre la base de las tendencias pasadas. Si desea consultar el estudio completo lo puede encontrar\u00a0aqu\u00ed. Merece la pena dedicar atenci\u00f3n a estos resultados, pero en primer t\u00e9rmino hoy queremos centrarnos en el caso desgraciadamente espectacular de Catalu\u00f1a, que se revela como uno de los territorios del mundo donde se ha producido un mayor exceso de mortalidad a causa de la covid . Subray\u00e9moslo porque es muy fuerte.\u00a0Catalu\u00f1a es uno de los territorios donde el estrago de la COVID ha sido mayor seg\u00fan las cifras de The Lancet\u00a0. Const\u00e9moslo: El n\u00famero de fallecidos en Espa\u00f1a ha sido superior a 100.000, concretamente 162.000, lo que representa 186,7 fallecidos por 100.000 habitantes.\u00a0A escala espa\u00f1ola, Catalu\u00f1a ocupa el primer puesto, con\u00a0252,6 muertes por 100.000 habitantes y un total de 35.600 catalanes que pasaron a mejor vida debido a la covid. Es una tragedia de proporciones extraordinarias.\u00a0La segunda mayor que hemos vivido despu\u00e9s de la Guerra Civil y la repercusi\u00f3n que ha tenido y que tiene es m\u00ednima.\u00a0Y esto es lo que no puede ser.\u00a0M\u00e1s a\u00fan si consideramos que Italia, uno de los pa\u00edses m\u00e1s afectados, presenta una afectaci\u00f3n de 227,4 por 100.000 habitantes, Alemania 120,5, Francia 142,2, B\u00e9lgica, un pa\u00eds que se vio seriamente afectado, 146,6. De Am\u00e9rica latina superan a Catalu\u00f1a Bolivia, Ecuador, Per\u00fa, M\u00e9xico, Venezuela. Brasil, cuyas televisiones nos mostraron, y no terminaron, tumbas y m\u00e1s tumbas de muertos, tiene una afectaci\u00f3n tangiblemente menor que la de Catalunya, 186,9. En EEUU, donde el impacto, seg\u00fan la imagen de los medios de comunicaci\u00f3n, fue muy grande, se situ\u00f3 en 179,3 y es uno de los grandes pa\u00edses del mundo m\u00e1s afectado. En el conjunto del mundo s\u00f3lo superan a Catalunya Rusia, con 374, y determinados pa\u00edses de Europa central como Bosnia y Herzegovina, Bulgaria, Hungr\u00eda, Montenegro y Macedonia que superan los 300 fallecidos por cada 100.000 habitantes.\u00a0Pero Polonia con 135 y Ruman\u00eda con 161,9, ya se encuentran por debajo de Catalunya.\u00a0A escala mundial la afectaci\u00f3n ha sido de 120,3 muertes por 100.000 habitantes, lo que se\u00f1ala claramente que el impacto se ha concentrado precisamente en los pa\u00edses m\u00e1s desarrollados y en determinadas regiones de Am\u00e9rica Latina. Si despu\u00e9s de esta radiograf\u00eda no se produce una reacci\u00f3n en las instituciones catalanas para indagar a fondo la explicaci\u00f3n de esta anomal\u00eda, tanto en el marco espa\u00f1ol, en el europeo y el internacional, es que se habr\u00e1 perdido todo sentido de la responsabilidad. Exigimos que se rinden cuentas de por qu\u00e9 murieron tantos catalanes. Una idea sint\u00e9tica del esc\u00e1ndalo de la mortalidad catalana nos lo da el hecho de que, mientras nuestro pa\u00eds representa el 0&#8217;09 de la poblaci\u00f3n mundial, nuestros fallecidos por covid-19 significan el 0&#8217;195. M\u00e1s del doble.<\/p>\n","protected":false},"author":27,"featured_media":60806,"comment_status":"open","ping_status":"open","sticky":false,"template":"","format":"standard","meta":{"_FSMCFIC_featured_image_caption":"","_FSMCFIC_featured_image_nocaption":"","_FSMCFIC_featured_image_hide":"","footnotes":""},"categories":[1772,806],"tags":[1504,1913,2462,3249],"class_list":["post-60823","post","type-post","status-publish","format-standard","has-post-thumbnail","hentry","category-especial-coronavirus-es","category-punts-claus-del-dia-es","tag-coronavirus-es","tag-covid-19-es","tag-morts-per-coronavirus-es","tag-muertos-coronavirus"],"yoast_head":"<!-- This site is optimized with the Yoast SEO plugin v26.8 - https:\/\/yoast.com\/product\/yoast-seo-wordpress\/ -->\n<title>El gran esc\u00e1ndalo ignorado del n\u00famero de muertes por covid en Catalu\u00f1a: el informe de The Lancet lo revela - Converses a Catalunya<\/title>\n<meta name=\"robots\" content=\"index, follow, max-snippet:-1, max-image-preview:large, max-video-preview:-1\" \/>\n<link rel=\"canonical\" href=\"https:\/\/conversesacatalunya.cat\/es\/muertes-por-covid-cataluna\/\" \/>\n<meta property=\"og:locale\" content=\"es_ES\" \/>\n<meta property=\"og:type\" content=\"article\" \/>\n<meta property=\"og:title\" content=\"El gran esc\u00e1ndalo ignorado del n\u00famero de muertes por covid en Catalu\u00f1a: el informe de The Lancet lo revela - Converses a Catalunya\" \/>\n<meta property=\"og:description\" content=\"La prestigiosa revista The Lancet ha publicado el estudio \u201cEstimaci\u00f3n del exceso de mortalidad a causa de la pandemia de COVID-19: un an\u00e1lisis sistem\u00e1tico de la mortalidad relacionado con COVID-19, 2020-21\u201d. Pese a que con mayor o menor atenci\u00f3n todos los medios de comunicaci\u00f3n han publicado referencias sobre este estudio, curiosamente no las han centrado en lo que es su objeto, el\u00a0exceso de mortalidad, sino por la valoraci\u00f3n cr\u00edtica que hace al final de los\u00a0errores que los gobiernos y la OMS han cometido al abordar el problema. Pero, como el mismo informe destaca, \u201clas estad\u00edsticas de mortalidad son fundamentales para la toma de decisiones en la salud p\u00fablica\u201d y, por tanto, no tiene justificaci\u00f3n que se ignore la importante aportaci\u00f3n que hace The Lancet en relaci\u00f3n a 74 pa\u00edses, donde figura\u00a0Catalu\u00f1a,\u00a0desde el 1 de enero de 2020 hasta el 31 de diciembre de 2021. La cifra total de muertes que ha generado la covid-19 seg\u00fan el informe es muy superior a la oficialmente determinada, que se\u00f1ala 5,94 millones de muertes en todo el mundo, mientras que The Lancet sit\u00faa la cifra en\u00a018,2 millones\u00a0con un intervalo de incertidumbre del 95%, situado entre 17,7 y 19,6 millones de muertes.\u00a0La diferencia, por tanto, es muy notable. \u201cUna medici\u00f3n precisa del n\u00famero de muertes a causa de la pandemia es crucial para que cada pa\u00eds y regi\u00f3n comprenda la magnitud del impacto en la salud p\u00fablica\u201d, esta afirmaci\u00f3n de The Lancet se le han pasado por el forro el gobierno espa\u00f1ol y de modo particular el gobierno catal\u00e1n, dada la cifra de muertos, que r\u00e1pidamente han pasado p\u00e1gina ante una escasa exigencia de la oposici\u00f3n y de los medios de comunicaci\u00f3n, pese a que en el caso espa\u00f1ol el impacto ha sido lo suficientemente grande como para reducir por primera vez desde la Guerra Civil la\u00a0esperanza de vida. El estudio demuestra que el impacto de la mortalidad de la Covid-19 ha sido m\u00e1s devastador de lo que se\u00f1alan las estad\u00edsticas oficiales. El exceso de mortalidad que determina es definido como la diferencia neta entre el n\u00famero de muertes durante la pandemia, medido por la mortalidad por todas las causas observadas o estimadas, y el n\u00famero de muertes que se esperar\u00eda sobre la base de las tendencias pasadas. Si desea consultar el estudio completo lo puede encontrar\u00a0aqu\u00ed. Merece la pena dedicar atenci\u00f3n a estos resultados, pero en primer t\u00e9rmino hoy queremos centrarnos en el caso desgraciadamente espectacular de Catalu\u00f1a, que se revela como uno de los territorios del mundo donde se ha producido un mayor exceso de mortalidad a causa de la covid . Subray\u00e9moslo porque es muy fuerte.\u00a0Catalu\u00f1a es uno de los territorios donde el estrago de la COVID ha sido mayor seg\u00fan las cifras de The Lancet\u00a0. Const\u00e9moslo: El n\u00famero de fallecidos en Espa\u00f1a ha sido superior a 100.000, concretamente 162.000, lo que representa 186,7 fallecidos por 100.000 habitantes.\u00a0A escala espa\u00f1ola, Catalu\u00f1a ocupa el primer puesto, con\u00a0252,6 muertes por 100.000 habitantes y un total de 35.600 catalanes que pasaron a mejor vida debido a la covid. Es una tragedia de proporciones extraordinarias.\u00a0La segunda mayor que hemos vivido despu\u00e9s de la Guerra Civil y la repercusi\u00f3n que ha tenido y que tiene es m\u00ednima.\u00a0Y esto es lo que no puede ser.\u00a0M\u00e1s a\u00fan si consideramos que Italia, uno de los pa\u00edses m\u00e1s afectados, presenta una afectaci\u00f3n de 227,4 por 100.000 habitantes, Alemania 120,5, Francia 142,2, B\u00e9lgica, un pa\u00eds que se vio seriamente afectado, 146,6. De Am\u00e9rica latina superan a Catalu\u00f1a Bolivia, Ecuador, Per\u00fa, M\u00e9xico, Venezuela. Brasil, cuyas televisiones nos mostraron, y no terminaron, tumbas y m\u00e1s tumbas de muertos, tiene una afectaci\u00f3n tangiblemente menor que la de Catalunya, 186,9. En EEUU, donde el impacto, seg\u00fan la imagen de los medios de comunicaci\u00f3n, fue muy grande, se situ\u00f3 en 179,3 y es uno de los grandes pa\u00edses del mundo m\u00e1s afectado. En el conjunto del mundo s\u00f3lo superan a Catalunya Rusia, con 374, y determinados pa\u00edses de Europa central como Bosnia y Herzegovina, Bulgaria, Hungr\u00eda, Montenegro y Macedonia que superan los 300 fallecidos por cada 100.000 habitantes.\u00a0Pero Polonia con 135 y Ruman\u00eda con 161,9, ya se encuentran por debajo de Catalunya.\u00a0A escala mundial la afectaci\u00f3n ha sido de 120,3 muertes por 100.000 habitantes, lo que se\u00f1ala claramente que el impacto se ha concentrado precisamente en los pa\u00edses m\u00e1s desarrollados y en determinadas regiones de Am\u00e9rica Latina. Si despu\u00e9s de esta radiograf\u00eda no se produce una reacci\u00f3n en las instituciones catalanas para indagar a fondo la explicaci\u00f3n de esta anomal\u00eda, tanto en el marco espa\u00f1ol, en el europeo y el internacional, es que se habr\u00e1 perdido todo sentido de la responsabilidad. Exigimos que se rinden cuentas de por qu\u00e9 murieron tantos catalanes. Una idea sint\u00e9tica del esc\u00e1ndalo de la mortalidad catalana nos lo da el hecho de que, mientras nuestro pa\u00eds representa el 0&#8217;09 de la poblaci\u00f3n mundial, nuestros fallecidos por covid-19 significan el 0&#8217;195. M\u00e1s del doble.\" \/>\n<meta property=\"og:url\" content=\"https:\/\/conversesacatalunya.cat\/es\/muertes-por-covid-cataluna\/\" \/>\n<meta property=\"og:site_name\" content=\"Converses a Catalunya\" \/>\n<meta property=\"article:published_time\" content=\"2022-09-16T09:46:18+00:00\" \/>\n<meta property=\"article:modified_time\" content=\"2022-09-19T11:40:37+00:00\" \/>\n<meta property=\"og:image\" content=\"https:\/\/conversesacatalunya.cat\/wp-content\/uploads\/2022\/09\/morts-covid.jpg\" \/>\n\t<meta property=\"og:image:width\" content=\"1000\" \/>\n\t<meta property=\"og:image:height\" content=\"565\" \/>\n\t<meta property=\"og:image:type\" content=\"image\/jpeg\" \/>\n<meta name=\"author\" content=\"Ricard Mestres\" \/>\n<meta name=\"twitter:card\" content=\"summary_large_image\" \/>\n<meta name=\"twitter:label1\" content=\"Escrito por\" \/>\n\t<meta name=\"twitter:data1\" content=\"Ricard Mestres\" \/>\n\t<meta name=\"twitter:label2\" content=\"Tiempo de lectura\" \/>\n\t<meta name=\"twitter:data2\" content=\"4 minutos\" \/>\n<script type=\"application\/ld+json\" class=\"yoast-schema-graph\">{\"@context\":\"https:\/\/schema.org\",\"@graph\":[{\"@type\":\"Article\",\"@id\":\"https:\/\/conversesacatalunya.cat\/es\/muertes-por-covid-cataluna\/#article\",\"isPartOf\":{\"@id\":\"https:\/\/conversesacatalunya.cat\/es\/muertes-por-covid-cataluna\/\"},\"author\":{\"name\":\"Ricard Mestres\",\"@id\":\"https:\/\/conversesacatalunya.cat\/#\/schema\/person\/0a88695f42cfb1eca908cc451762146b\"},\"headline\":\"El gran esc\u00e1ndalo ignorado del n\u00famero de muertes por covid en Catalu\u00f1a: el informe de The Lancet lo revela\",\"datePublished\":\"2022-09-16T09:46:18+00:00\",\"dateModified\":\"2022-09-19T11:40:37+00:00\",\"mainEntityOfPage\":{\"@id\":\"https:\/\/conversesacatalunya.cat\/es\/muertes-por-covid-cataluna\/\"},\"wordCount\":904,\"commentCount\":0,\"image\":{\"@id\":\"https:\/\/conversesacatalunya.cat\/es\/muertes-por-covid-cataluna\/#primaryimage\"},\"thumbnailUrl\":\"https:\/\/conversesacatalunya.cat\/wp-content\/uploads\/2022\/09\/morts-covid.jpg\",\"keywords\":[\"coronavirus\",\"Covid-19\",\"morts per coronavirus\",\"muertos coronavirus\"],\"articleSection\":[\"Especial Coronavirus (ES)\",\"Punts clau del dia (ES)\"],\"inLanguage\":\"es\",\"potentialAction\":[{\"@type\":\"CommentAction\",\"name\":\"Comment\",\"target\":[\"https:\/\/conversesacatalunya.cat\/es\/muertes-por-covid-cataluna\/#respond\"]}]},{\"@type\":\"WebPage\",\"@id\":\"https:\/\/conversesacatalunya.cat\/es\/muertes-por-covid-cataluna\/\",\"url\":\"https:\/\/conversesacatalunya.cat\/es\/muertes-por-covid-cataluna\/\",\"name\":\"El gran esc\u00e1ndalo ignorado del n\u00famero de muertes por covid en Catalu\u00f1a: el informe de The Lancet lo revela - Converses a Catalunya\",\"isPartOf\":{\"@id\":\"https:\/\/conversesacatalunya.cat\/#website\"},\"primaryImageOfPage\":{\"@id\":\"https:\/\/conversesacatalunya.cat\/es\/muertes-por-covid-cataluna\/#primaryimage\"},\"image\":{\"@id\":\"https:\/\/conversesacatalunya.cat\/es\/muertes-por-covid-cataluna\/#primaryimage\"},\"thumbnailUrl\":\"https:\/\/conversesacatalunya.cat\/wp-content\/uploads\/2022\/09\/morts-covid.jpg\",\"datePublished\":\"2022-09-16T09:46:18+00:00\",\"dateModified\":\"2022-09-19T11:40:37+00:00\",\"author\":{\"@id\":\"https:\/\/conversesacatalunya.cat\/#\/schema\/person\/0a88695f42cfb1eca908cc451762146b\"},\"breadcrumb\":{\"@id\":\"https:\/\/conversesacatalunya.cat\/es\/muertes-por-covid-cataluna\/#breadcrumb\"},\"inLanguage\":\"es\",\"potentialAction\":[{\"@type\":\"ReadAction\",\"target\":[\"https:\/\/conversesacatalunya.cat\/es\/muertes-por-covid-cataluna\/\"]}]},{\"@type\":\"ImageObject\",\"inLanguage\":\"es\",\"@id\":\"https:\/\/conversesacatalunya.cat\/es\/muertes-por-covid-cataluna\/#primaryimage\",\"url\":\"https:\/\/conversesacatalunya.cat\/wp-content\/uploads\/2022\/09\/morts-covid.jpg\",\"contentUrl\":\"https:\/\/conversesacatalunya.cat\/wp-content\/uploads\/2022\/09\/morts-covid.jpg\",\"width\":1000,\"height\":565,\"caption\":\"morts covid catalunya\"},{\"@type\":\"BreadcrumbList\",\"@id\":\"https:\/\/conversesacatalunya.cat\/es\/muertes-por-covid-cataluna\/#breadcrumb\",\"itemListElement\":[{\"@type\":\"ListItem\",\"position\":1,\"name\":\"Inici\",\"item\":\"https:\/\/conversesacatalunya.cat\/es\/\"},{\"@type\":\"ListItem\",\"position\":2,\"name\":\"El gran esc\u00e1ndalo ignorado del n\u00famero de muertes por covid en Catalu\u00f1a: el informe de The Lancet lo revela\"}]},{\"@type\":\"WebSite\",\"@id\":\"https:\/\/conversesacatalunya.cat\/#website\",\"url\":\"https:\/\/conversesacatalunya.cat\/\",\"name\":\"Converses a Catalunya\",\"description\":\"\",\"potentialAction\":[{\"@type\":\"SearchAction\",\"target\":{\"@type\":\"EntryPoint\",\"urlTemplate\":\"https:\/\/conversesacatalunya.cat\/?s={search_term_string}\"},\"query-input\":{\"@type\":\"PropertyValueSpecification\",\"valueRequired\":true,\"valueName\":\"search_term_string\"}}],\"inLanguage\":\"es\"},{\"@type\":\"Person\",\"@id\":\"https:\/\/conversesacatalunya.cat\/#\/schema\/person\/0a88695f42cfb1eca908cc451762146b\",\"name\":\"Ricard Mestres\",\"image\":{\"@type\":\"ImageObject\",\"inLanguage\":\"es\",\"@id\":\"https:\/\/conversesacatalunya.cat\/#\/schema\/person\/image\/\",\"url\":\"https:\/\/conversesacatalunya.cat\/wp-content\/litespeed\/avatar\/c4aa477c37df297548ad16b396f161bd.jpg?ver=1776769018\",\"contentUrl\":\"https:\/\/conversesacatalunya.cat\/wp-content\/litespeed\/avatar\/c4aa477c37df297548ad16b396f161bd.jpg?ver=1776769018\",\"caption\":\"Ricard Mestres\"},\"url\":\"https:\/\/conversesacatalunya.cat\/es\/author\/ricard-mestres\/\"}]}<\/script>\n<!-- \/ Yoast SEO plugin. -->","yoast_head_json":{"title":"El gran esc\u00e1ndalo ignorado del n\u00famero de muertes por covid en Catalu\u00f1a: el informe de The Lancet lo revela - Converses a Catalunya","robots":{"index":"index","follow":"follow","max-snippet":"max-snippet:-1","max-image-preview":"max-image-preview:large","max-video-preview":"max-video-preview:-1"},"canonical":"https:\/\/conversesacatalunya.cat\/es\/muertes-por-covid-cataluna\/","og_locale":"es_ES","og_type":"article","og_title":"El gran esc\u00e1ndalo ignorado del n\u00famero de muertes por covid en Catalu\u00f1a: el informe de The Lancet lo revela - Converses a Catalunya","og_description":"La prestigiosa revista The Lancet ha publicado el estudio \u201cEstimaci\u00f3n del exceso de mortalidad a causa de la pandemia de COVID-19: un an\u00e1lisis sistem\u00e1tico de la mortalidad relacionado con COVID-19, 2020-21\u201d. Pese a que con mayor o menor atenci\u00f3n todos los medios de comunicaci\u00f3n han publicado referencias sobre este estudio, curiosamente no las han centrado en lo que es su objeto, el\u00a0exceso de mortalidad, sino por la valoraci\u00f3n cr\u00edtica que hace al final de los\u00a0errores que los gobiernos y la OMS han cometido al abordar el problema. Pero, como el mismo informe destaca, \u201clas estad\u00edsticas de mortalidad son fundamentales para la toma de decisiones en la salud p\u00fablica\u201d y, por tanto, no tiene justificaci\u00f3n que se ignore la importante aportaci\u00f3n que hace The Lancet en relaci\u00f3n a 74 pa\u00edses, donde figura\u00a0Catalu\u00f1a,\u00a0desde el 1 de enero de 2020 hasta el 31 de diciembre de 2021. La cifra total de muertes que ha generado la covid-19 seg\u00fan el informe es muy superior a la oficialmente determinada, que se\u00f1ala 5,94 millones de muertes en todo el mundo, mientras que The Lancet sit\u00faa la cifra en\u00a018,2 millones\u00a0con un intervalo de incertidumbre del 95%, situado entre 17,7 y 19,6 millones de muertes.\u00a0La diferencia, por tanto, es muy notable. \u201cUna medici\u00f3n precisa del n\u00famero de muertes a causa de la pandemia es crucial para que cada pa\u00eds y regi\u00f3n comprenda la magnitud del impacto en la salud p\u00fablica\u201d, esta afirmaci\u00f3n de The Lancet se le han pasado por el forro el gobierno espa\u00f1ol y de modo particular el gobierno catal\u00e1n, dada la cifra de muertos, que r\u00e1pidamente han pasado p\u00e1gina ante una escasa exigencia de la oposici\u00f3n y de los medios de comunicaci\u00f3n, pese a que en el caso espa\u00f1ol el impacto ha sido lo suficientemente grande como para reducir por primera vez desde la Guerra Civil la\u00a0esperanza de vida. El estudio demuestra que el impacto de la mortalidad de la Covid-19 ha sido m\u00e1s devastador de lo que se\u00f1alan las estad\u00edsticas oficiales. El exceso de mortalidad que determina es definido como la diferencia neta entre el n\u00famero de muertes durante la pandemia, medido por la mortalidad por todas las causas observadas o estimadas, y el n\u00famero de muertes que se esperar\u00eda sobre la base de las tendencias pasadas. Si desea consultar el estudio completo lo puede encontrar\u00a0aqu\u00ed. Merece la pena dedicar atenci\u00f3n a estos resultados, pero en primer t\u00e9rmino hoy queremos centrarnos en el caso desgraciadamente espectacular de Catalu\u00f1a, que se revela como uno de los territorios del mundo donde se ha producido un mayor exceso de mortalidad a causa de la covid . Subray\u00e9moslo porque es muy fuerte.\u00a0Catalu\u00f1a es uno de los territorios donde el estrago de la COVID ha sido mayor seg\u00fan las cifras de The Lancet\u00a0. Const\u00e9moslo: El n\u00famero de fallecidos en Espa\u00f1a ha sido superior a 100.000, concretamente 162.000, lo que representa 186,7 fallecidos por 100.000 habitantes.\u00a0A escala espa\u00f1ola, Catalu\u00f1a ocupa el primer puesto, con\u00a0252,6 muertes por 100.000 habitantes y un total de 35.600 catalanes que pasaron a mejor vida debido a la covid. Es una tragedia de proporciones extraordinarias.\u00a0La segunda mayor que hemos vivido despu\u00e9s de la Guerra Civil y la repercusi\u00f3n que ha tenido y que tiene es m\u00ednima.\u00a0Y esto es lo que no puede ser.\u00a0M\u00e1s a\u00fan si consideramos que Italia, uno de los pa\u00edses m\u00e1s afectados, presenta una afectaci\u00f3n de 227,4 por 100.000 habitantes, Alemania 120,5, Francia 142,2, B\u00e9lgica, un pa\u00eds que se vio seriamente afectado, 146,6. De Am\u00e9rica latina superan a Catalu\u00f1a Bolivia, Ecuador, Per\u00fa, M\u00e9xico, Venezuela. Brasil, cuyas televisiones nos mostraron, y no terminaron, tumbas y m\u00e1s tumbas de muertos, tiene una afectaci\u00f3n tangiblemente menor que la de Catalunya, 186,9. En EEUU, donde el impacto, seg\u00fan la imagen de los medios de comunicaci\u00f3n, fue muy grande, se situ\u00f3 en 179,3 y es uno de los grandes pa\u00edses del mundo m\u00e1s afectado. En el conjunto del mundo s\u00f3lo superan a Catalunya Rusia, con 374, y determinados pa\u00edses de Europa central como Bosnia y Herzegovina, Bulgaria, Hungr\u00eda, Montenegro y Macedonia que superan los 300 fallecidos por cada 100.000 habitantes.\u00a0Pero Polonia con 135 y Ruman\u00eda con 161,9, ya se encuentran por debajo de Catalunya.\u00a0A escala mundial la afectaci\u00f3n ha sido de 120,3 muertes por 100.000 habitantes, lo que se\u00f1ala claramente que el impacto se ha concentrado precisamente en los pa\u00edses m\u00e1s desarrollados y en determinadas regiones de Am\u00e9rica Latina. Si despu\u00e9s de esta radiograf\u00eda no se produce una reacci\u00f3n en las instituciones catalanas para indagar a fondo la explicaci\u00f3n de esta anomal\u00eda, tanto en el marco espa\u00f1ol, en el europeo y el internacional, es que se habr\u00e1 perdido todo sentido de la responsabilidad. Exigimos que se rinden cuentas de por qu\u00e9 murieron tantos catalanes. Una idea sint\u00e9tica del esc\u00e1ndalo de la mortalidad catalana nos lo da el hecho de que, mientras nuestro pa\u00eds representa el 0&#8217;09 de la poblaci\u00f3n mundial, nuestros fallecidos por covid-19 significan el 0&#8217;195. M\u00e1s del doble.","og_url":"https:\/\/conversesacatalunya.cat\/es\/muertes-por-covid-cataluna\/","og_site_name":"Converses a Catalunya","article_published_time":"2022-09-16T09:46:18+00:00","article_modified_time":"2022-09-19T11:40:37+00:00","og_image":[{"width":1000,"height":565,"url":"https:\/\/conversesacatalunya.cat\/wp-content\/uploads\/2022\/09\/morts-covid.jpg","type":"image\/jpeg"}],"author":"Ricard Mestres","twitter_card":"summary_large_image","twitter_misc":{"Escrito por":"Ricard Mestres","Tiempo de lectura":"4 minutos"},"schema":{"@context":"https:\/\/schema.org","@graph":[{"@type":"Article","@id":"https:\/\/conversesacatalunya.cat\/es\/muertes-por-covid-cataluna\/#article","isPartOf":{"@id":"https:\/\/conversesacatalunya.cat\/es\/muertes-por-covid-cataluna\/"},"author":{"name":"Ricard Mestres","@id":"https:\/\/conversesacatalunya.cat\/#\/schema\/person\/0a88695f42cfb1eca908cc451762146b"},"headline":"El gran esc\u00e1ndalo ignorado del n\u00famero de muertes por covid en Catalu\u00f1a: el informe de The Lancet lo revela","datePublished":"2022-09-16T09:46:18+00:00","dateModified":"2022-09-19T11:40:37+00:00","mainEntityOfPage":{"@id":"https:\/\/conversesacatalunya.cat\/es\/muertes-por-covid-cataluna\/"},"wordCount":904,"commentCount":0,"image":{"@id":"https:\/\/conversesacatalunya.cat\/es\/muertes-por-covid-cataluna\/#primaryimage"},"thumbnailUrl":"https:\/\/conversesacatalunya.cat\/wp-content\/uploads\/2022\/09\/morts-covid.jpg","keywords":["coronavirus","Covid-19","morts per coronavirus","muertos coronavirus"],"articleSection":["Especial Coronavirus (ES)","Punts clau del dia (ES)"],"inLanguage":"es","potentialAction":[{"@type":"CommentAction","name":"Comment","target":["https:\/\/conversesacatalunya.cat\/es\/muertes-por-covid-cataluna\/#respond"]}]},{"@type":"WebPage","@id":"https:\/\/conversesacatalunya.cat\/es\/muertes-por-covid-cataluna\/","url":"https:\/\/conversesacatalunya.cat\/es\/muertes-por-covid-cataluna\/","name":"El gran esc\u00e1ndalo ignorado del n\u00famero de muertes por covid en Catalu\u00f1a: el informe de The Lancet lo revela - Converses a Catalunya","isPartOf":{"@id":"https:\/\/conversesacatalunya.cat\/#website"},"primaryImageOfPage":{"@id":"https:\/\/conversesacatalunya.cat\/es\/muertes-por-covid-cataluna\/#primaryimage"},"image":{"@id":"https:\/\/conversesacatalunya.cat\/es\/muertes-por-covid-cataluna\/#primaryimage"},"thumbnailUrl":"https:\/\/conversesacatalunya.cat\/wp-content\/uploads\/2022\/09\/morts-covid.jpg","datePublished":"2022-09-16T09:46:18+00:00","dateModified":"2022-09-19T11:40:37+00:00","author":{"@id":"https:\/\/conversesacatalunya.cat\/#\/schema\/person\/0a88695f42cfb1eca908cc451762146b"},"breadcrumb":{"@id":"https:\/\/conversesacatalunya.cat\/es\/muertes-por-covid-cataluna\/#breadcrumb"},"inLanguage":"es","potentialAction":[{"@type":"ReadAction","target":["https:\/\/conversesacatalunya.cat\/es\/muertes-por-covid-cataluna\/"]}]},{"@type":"ImageObject","inLanguage":"es","@id":"https:\/\/conversesacatalunya.cat\/es\/muertes-por-covid-cataluna\/#primaryimage","url":"https:\/\/conversesacatalunya.cat\/wp-content\/uploads\/2022\/09\/morts-covid.jpg","contentUrl":"https:\/\/conversesacatalunya.cat\/wp-content\/uploads\/2022\/09\/morts-covid.jpg","width":1000,"height":565,"caption":"morts covid catalunya"},{"@type":"BreadcrumbList","@id":"https:\/\/conversesacatalunya.cat\/es\/muertes-por-covid-cataluna\/#breadcrumb","itemListElement":[{"@type":"ListItem","position":1,"name":"Inici","item":"https:\/\/conversesacatalunya.cat\/es\/"},{"@type":"ListItem","position":2,"name":"El gran esc\u00e1ndalo ignorado del n\u00famero de muertes por covid en Catalu\u00f1a: el informe de The Lancet lo revela"}]},{"@type":"WebSite","@id":"https:\/\/conversesacatalunya.cat\/#website","url":"https:\/\/conversesacatalunya.cat\/","name":"Converses a Catalunya","description":"","potentialAction":[{"@type":"SearchAction","target":{"@type":"EntryPoint","urlTemplate":"https:\/\/conversesacatalunya.cat\/?s={search_term_string}"},"query-input":{"@type":"PropertyValueSpecification","valueRequired":true,"valueName":"search_term_string"}}],"inLanguage":"es"},{"@type":"Person","@id":"https:\/\/conversesacatalunya.cat\/#\/schema\/person\/0a88695f42cfb1eca908cc451762146b","name":"Ricard Mestres","image":{"@type":"ImageObject","inLanguage":"es","@id":"https:\/\/conversesacatalunya.cat\/#\/schema\/person\/image\/","url":"https:\/\/conversesacatalunya.cat\/wp-content\/litespeed\/avatar\/c4aa477c37df297548ad16b396f161bd.jpg?ver=1776769018","contentUrl":"https:\/\/conversesacatalunya.cat\/wp-content\/litespeed\/avatar\/c4aa477c37df297548ad16b396f161bd.jpg?ver=1776769018","caption":"Ricard Mestres"},"url":"https:\/\/conversesacatalunya.cat\/es\/author\/ricard-mestres\/"}]}},"wps_subtitle":"El estudio demuestra que el impacto de la mortalidad de la Covid-19 ha sido m\u00e1s devastador de lo que se\u00f1alan las estad\u00edsticas oficiales.","_links":{"self":[{"href":"https:\/\/conversesacatalunya.cat\/es\/wp-json\/wp\/v2\/posts\/60823","targetHints":{"allow":["GET"]}}],"collection":[{"href":"https:\/\/conversesacatalunya.cat\/es\/wp-json\/wp\/v2\/posts"}],"about":[{"href":"https:\/\/conversesacatalunya.cat\/es\/wp-json\/wp\/v2\/types\/post"}],"author":[{"embeddable":true,"href":"https:\/\/conversesacatalunya.cat\/es\/wp-json\/wp\/v2\/users\/27"}],"replies":[{"embeddable":true,"href":"https:\/\/conversesacatalunya.cat\/es\/wp-json\/wp\/v2\/comments?post=60823"}],"version-history":[{"count":3,"href":"https:\/\/conversesacatalunya.cat\/es\/wp-json\/wp\/v2\/posts\/60823\/revisions"}],"predecessor-version":[{"id":60868,"href":"https:\/\/conversesacatalunya.cat\/es\/wp-json\/wp\/v2\/posts\/60823\/revisions\/60868"}],"wp:featuredmedia":[{"embeddable":true,"href":"https:\/\/conversesacatalunya.cat\/es\/wp-json\/wp\/v2\/media\/60806"}],"wp:attachment":[{"href":"https:\/\/conversesacatalunya.cat\/es\/wp-json\/wp\/v2\/media?parent=60823"}],"wp:term":[{"taxonomy":"category","embeddable":true,"href":"https:\/\/conversesacatalunya.cat\/es\/wp-json\/wp\/v2\/categories?post=60823"},{"taxonomy":"post_tag","embeddable":true,"href":"https:\/\/conversesacatalunya.cat\/es\/wp-json\/wp\/v2\/tags?post=60823"}],"curies":[{"name":"wp","href":"https:\/\/api.w.org\/{rel}","templated":true}]}}