{"id":60815,"date":"2022-09-16T10:36:59","date_gmt":"2022-09-16T08:36:59","guid":{"rendered":"https:\/\/conversesacatalunya.cat\/alemanya-potencia-militar-unio-europea\/"},"modified":"2022-09-20T09:21:24","modified_gmt":"2022-09-20T07:21:24","slug":"alemania-aspira-a-ser-la-principal-potencia-militar-de-la-ue","status":"publish","type":"post","link":"https:\/\/conversesacatalunya.cat\/es\/alemania-aspira-a-ser-la-principal-potencia-militar-de-la-ue\/","title":{"rendered":"Alemania aspira a ser la principal potencia militar de la UE"},"content":{"rendered":"<p><span class=\"\">La ministra de defensa de la Rep\u00fablica Federal de Alemania, la socialdem\u00f3crata Christine Lambrecht, ha\u00a0<\/span><a href=\"https:\/\/www.dw.com\/es\/alemania-busca-un-mayor-liderazgo-militar-en-europa\/a-63098394\" target=\"_blank\" rel=\"noopener\"><span class=\"\">afirmado<\/span><\/a><span class=\"\">\u00a0recientemente que su pa\u00eds deb\u00eda asumir un\u00a0<\/span><strong><span class=\"\">papel militar l\u00edder en Europa<\/span><\/strong><span class=\"\">.<\/span><\/p>\n<p><span class=\"goog-text-highlight\">Lambrecht, que por cierto no dispone de ninguna experiencia en pol\u00edticas de defensa y seguridad (su cargo previo en el gobierno federal fue ministra de familia y presenta curiosamente un recorrido muy similar al de la actual presidenta de la Comisi\u00f3n Ursula von der Leyen), argumentaba esta necesidad por <\/span><strong><span class=\"goog-text-highlight\">el efecto transformador que ha tenido la invasi\u00f3n rusa de Ucrania<\/span><\/strong><span class=\"goog-text-highlight\">.<\/span><\/p>\n<p>En concreto, a ra\u00edz de la ofensiva armada de Vladimir Putin, el canciller de Alemania Olaf Scholz ha confirmado\u00a0<strong>aumentar el presupuesto de defensa hasta el 2% del PIB anual\u00a0<\/strong><strong>de forma permanente<\/strong>, adem\u00e1s de un paquete \u00fanico de 100.000 millones de euros destinado a modernizar y adquirir nuevos equipos.<\/p>\n<p><span class=\"\">El papel de las fuerzas armadas alemanas sigue siendo muy delicado en un pa\u00eds que se debate\u00a0<\/span><strong><span class=\"\">entre el trauma de la Segunda Guerra Mundial y las acusaciones de ser c\u00f3mplice de Rusia<\/span><\/strong><span class=\"\">\u00a0por la dependencia de su industria.<\/span><\/p>\n<h4><strong>Sin embargo, m\u00e1s all\u00e1 del debate interno en Alemania, su resurgimiento militar corre el riesgo de generar un aut\u00e9ntico terremoto a escala europea.<\/strong><\/h4>\n<p>Esto por dos razones.\u00a0La primera es la\u00a0<strong>desconfianza en Alemania que tienen pr\u00e1cticamente todos sus vecinos<\/strong>, pero de un modo especialmente intenso los del este.\u00a0Polonia, pero tambi\u00e9n los Pa\u00edses B\u00e1lticos, desconf\u00edan pr\u00e1cticamente tanto de Berl\u00edn como de Mosc\u00fa a pesar de ser nominalmente aliados en el seno de la UE y de la OTAN.<\/p>\n<blockquote><p>Los pa\u00edses del este de Europa han dejado bien claro que el \u00fanico verdadero garante de su seguridad son los Estados Unidos<\/p><\/blockquote>\n<p><span class=\"goog-text-highlight\">Desde la crisis ucraniana de 2014, y a medida que Alemania iba discretamente avanzando hacia posiciones m\u00e1s pro-activas en el \u00e1mbito de defensa, los pa\u00edses del este de Europa han dejado bien claro que el \u00fanico verdadero garante de la su seguridad son los Estados Unidos.<\/span><\/p>\n<p>Lo han hecho pidiendo a Washington la apertura de nuevas bases en su territorio, comprando material militar estadounidense a gran escala y apoyando enconadamente las iniciativas pol\u00edticas del gigante americano.<\/p>\n<p>En segundo lugar, los recientes anuncios de Alemania inspiran\u00a0<strong>el profundo rechazo de Francia, que hoy en d\u00eda todav\u00eda es el principal actor militar europeo<\/strong>\u00a0(y el \u00fanico en disponer del arma nuclear y de un asiento permanente en el Consejo de Seguridad de las Naciones Unidas).<\/p>\n<p><strong>No se trata tanto de una preocupaci\u00f3n del presidente Emmanuel Macron, pero s\u00ed del cuerpo de altos funcionarios franceses<\/strong>, y en particular del ministerio de defensa, que nunca aceptar\u00e1 que Alemania adopte un papel militar preponderante en Europa.<\/p>\n<div class=\"code-block code-block-6\"><\/div>\n<blockquote><p>La defensa es el \u00faltimo \u00e1mbito en el que Francia mantiene una ventaja sobre Alemania<\/p><\/blockquote>\n<p>Como\u00a0<em>Converses<\/em>\u00a0ya ha\u00a0<a href=\"https:\/\/conversesacatalunya.cat\/es\/programa-defensa-europeo\/\" target=\"_blank\" rel=\"noopener\">expuesto<\/a>,\u00a0<strong>entre Francia y Alemania existe un acuerdo informal seg\u00fan el cual la primera se reserva el liderazgo en materia de defensa y seguridad, mientras que la segunda puede ejercer lo pol\u00edtico y econ\u00f3mico<\/strong>.<\/p>\n<p>No es un asunto menor para los franceses: en pleno declive econ\u00f3mico desde los a\u00f1os 80 del siglo pasado, la defensa (incluyendo el sector aeroespacial) es el \u00faltimo \u00e1mbito en que Francia mantiene una ventaja sobre Alemania, y no est\u00e1 dispuesta a cederla.<\/p>\n<p><strong>Que este a\u00f1o el presupuesto militar alem\u00e1n supere al franc\u00e9s<\/strong>\u00a0por 14.000 millones de euros (55 contra 41 mil millones) es ya todo un trauma para Par\u00eds.<\/p>\n<p><strong>El hecho de que Francia haya abandonado<\/strong>\u00a0recientemente\u00a0<strong><em>de facto<\/em><\/strong><strong>\u00a0el programa FCAS de desarrollo del avi\u00f3n de combate europeo del futuro<\/strong>\u00a0por desacuerdos con Alemania, y que sentencia a muerte el proyecto, demuestra hasta qu\u00e9 punto teme el auge militar de su vecino.<\/p>\n<p>Francia percibe las ambiciones de Alemania como una maniobra de Estados Unidos de ser a\u00fan m\u00e1s hegem\u00f3nicos en Europa en materia de defensa y seguridad.<\/p>\n<p>No en vano, Alemania ha anunciado recientemente la compra de aviones de combate estadounidenses F-35 de \u00faltima generaci\u00f3n.\u00a0Adem\u00e1s, el\u00a0<strong>discurso sobre Ucrania del gobierno tripartito de Scholz<\/strong>\u00a0(volcarse en ayuda militar a Ucrania y castigar lo m\u00e1s severamente posible a Rusia) supone un giro notable respecto a la posici\u00f3n tradicional de Berl\u00edn, y le acerca mucho a Washington.<\/p>\n<p>No es de extra\u00f1ar, ya que\u00a0<strong>demostrar fidelidad a Estados Unidos es la mejor carta de presentaci\u00f3n de Alemania para rebajar las tensiones de cara a sus vecinos y desvanecer los fantasmas de un nuevo auge militar germ\u00e1nico<\/strong>.<\/p>\n<p>En cualquier caso, y tanto si se trata de un acercamiento intencional como si no, el actual incremento de gasto militar de la principal econom\u00eda de la UE rima con el\u00a0<strong>refuerzo de la influencia de Estados Unidos sobre Europa<\/strong>\u00a0.<\/p>\n<div id=\"polls-165\" class=\"wp-polls\">\n\t<form id=\"polls_form_165\" class=\"wp-polls-form\" action=\"\/index.php\" method=\"post\">\n\t\t<p style=\"display: none;\"><input type=\"hidden\" id=\"poll_165_nonce\" name=\"wp-polls-nonce\" value=\"24730e9b35\" \/><\/p>\n\t\t<p style=\"display: none;\"><input type=\"hidden\" name=\"poll_id\" value=\"165\" \/><\/p>\n\t\t<p style=\"text-align: center\"><strong>Et sembla b\u00e9 la proposta de la vicepresidenta Yolanda D\u00edaz de fer una cistella de la compra amb un preu limitat?<\/strong><\/p><div id=\"polls-165-ans\" class=\"wp-polls-ans\"><ul class=\"wp-polls-ul\">\n\t\t<li><input type=\"radio\" id=\"poll-answer-434\" name=\"poll_165\" value=\"434\" \/> <label for=\"poll-answer-434\">S\u00ed<\/label><\/li>\n\t\t<li><input type=\"radio\" id=\"poll-answer-435\" name=\"poll_165\" value=\"435\" \/> <label for=\"poll-answer-435\">No<\/label><\/li>\n\t\t<li><input type=\"radio\" id=\"poll-answer-436\" name=\"poll_165\" value=\"436\" \/> <label for=\"poll-answer-436\">No ho s\u00e9<\/label><\/li>\n\t\t<\/ul><p style=\"text-align: center\"><input type=\"button\" name=\"vote\" value=\"   Vota   \" class=\"Buttons\" onclick=\"poll_vote(165);\" \/><\/p><p style=\"text-align: center\"><a href=\"#ViewPollResults\" onclick=\"poll_result(165); return false;\" title=\"View Results Of This Poll\">Mira els resultats<\/a><\/p><\/div>\n\t<\/form>\n<\/div>\n<div id=\"polls-165-loading\" class=\"wp-polls-loading\"><img decoding=\"async\" data-src=\"https:\/\/conversesacatalunya.cat\/wp-content\/plugins\/wp-polls\/images\/loading.gif\" width=\"16\" height=\"16\" alt=\"Cargando ...\" title=\"Cargando ...\" class=\"wp-polls-image lazyload\" src=\"data:image\/svg+xml;base64,PHN2ZyB3aWR0aD0iMSIgaGVpZ2h0PSIxIiB4bWxucz0iaHR0cDovL3d3dy53My5vcmcvMjAwMC9zdmciPjwvc3ZnPg==\" style=\"--smush-placeholder-width: 16px; --smush-placeholder-aspect-ratio: 16\/16;\" \/>&nbsp;Cargando ...<\/div>\n\n","protected":false},"excerpt":{"rendered":"<p>La ministra de defensa de la Rep\u00fablica Federal de Alemania, la socialdem\u00f3crata Christine Lambrecht, ha\u00a0afirmado\u00a0recientemente que su pa\u00eds deb\u00eda asumir un\u00a0papel militar l\u00edder en Europa. Lambrecht, que por cierto no dispone de ninguna experiencia en pol\u00edticas de defensa y seguridad (su cargo previo en el gobierno federal fue ministra de familia y presenta curiosamente un recorrido muy similar al de la actual presidenta de la Comisi\u00f3n Ursula von der Leyen), argumentaba esta necesidad por el efecto transformador que ha tenido la invasi\u00f3n rusa de Ucrania. En concreto, a ra\u00edz de la ofensiva armada de Vladimir Putin, el canciller de Alemania Olaf Scholz ha confirmado\u00a0aumentar el presupuesto de defensa hasta el 2% del PIB anual\u00a0de forma permanente, adem\u00e1s de un paquete \u00fanico de 100.000 millones de euros destinado a modernizar y adquirir nuevos equipos. El papel de las fuerzas armadas alemanas sigue siendo muy delicado en un pa\u00eds que se debate\u00a0entre el trauma de la Segunda Guerra Mundial y las acusaciones de ser c\u00f3mplice de Rusia\u00a0por la dependencia de su industria. Sin embargo, m\u00e1s all\u00e1 del debate interno en Alemania, su resurgimiento militar corre el riesgo de generar un aut\u00e9ntico terremoto a escala europea. Esto por dos razones.\u00a0La primera es la\u00a0desconfianza en Alemania que tienen pr\u00e1cticamente todos sus vecinos, pero de un modo especialmente intenso los del este.\u00a0Polonia, pero tambi\u00e9n los Pa\u00edses B\u00e1lticos, desconf\u00edan pr\u00e1cticamente tanto de Berl\u00edn como de Mosc\u00fa a pesar de ser nominalmente aliados en el seno de la UE y de la OTAN. Los pa\u00edses del este de Europa han dejado bien claro que el \u00fanico verdadero garante de su seguridad son los Estados Unidos Desde la crisis ucraniana de 2014, y a medida que Alemania iba discretamente avanzando hacia posiciones m\u00e1s pro-activas en el \u00e1mbito de defensa, los pa\u00edses del este de Europa han dejado bien claro que el \u00fanico verdadero garante de la su seguridad son los Estados Unidos. Lo han hecho pidiendo a Washington la apertura de nuevas bases en su territorio, comprando material militar estadounidense a gran escala y apoyando enconadamente las iniciativas pol\u00edticas del gigante americano. En segundo lugar, los recientes anuncios de Alemania inspiran\u00a0el profundo rechazo de Francia, que hoy en d\u00eda todav\u00eda es el principal actor militar europeo\u00a0(y el \u00fanico en disponer del arma nuclear y de un asiento permanente en el Consejo de Seguridad de las Naciones Unidas). No se trata tanto de una preocupaci\u00f3n del presidente Emmanuel Macron, pero s\u00ed del cuerpo de altos funcionarios franceses, y en particular del ministerio de defensa, que nunca aceptar\u00e1 que Alemania adopte un papel militar preponderante en Europa. La defensa es el \u00faltimo \u00e1mbito en el que Francia mantiene una ventaja sobre Alemania Como\u00a0Converses\u00a0ya ha\u00a0expuesto,\u00a0entre Francia y Alemania existe un acuerdo informal seg\u00fan el cual la primera se reserva el liderazgo en materia de defensa y seguridad, mientras que la segunda puede ejercer lo pol\u00edtico y econ\u00f3mico. No es un asunto menor para los franceses: en pleno declive econ\u00f3mico desde los a\u00f1os 80 del siglo pasado, la defensa (incluyendo el sector aeroespacial) es el \u00faltimo \u00e1mbito en que Francia mantiene una ventaja sobre Alemania, y no est\u00e1 dispuesta a cederla. Que este a\u00f1o el presupuesto militar alem\u00e1n supere al franc\u00e9s\u00a0por 14.000 millones de euros (55 contra 41 mil millones) es ya todo un trauma para Par\u00eds. El hecho de que Francia haya abandonado\u00a0recientemente\u00a0de facto\u00a0el programa FCAS de desarrollo del avi\u00f3n de combate europeo del futuro\u00a0por desacuerdos con Alemania, y que sentencia a muerte el proyecto, demuestra hasta qu\u00e9 punto teme el auge militar de su vecino. Francia percibe las ambiciones de Alemania como una maniobra de Estados Unidos de ser a\u00fan m\u00e1s hegem\u00f3nicos en Europa en materia de defensa y seguridad. No en vano, Alemania ha anunciado recientemente la compra de aviones de combate estadounidenses F-35 de \u00faltima generaci\u00f3n.\u00a0Adem\u00e1s, el\u00a0discurso sobre Ucrania del gobierno tripartito de Scholz\u00a0(volcarse en ayuda militar a Ucrania y castigar lo m\u00e1s severamente posible a Rusia) supone un giro notable respecto a la posici\u00f3n tradicional de Berl\u00edn, y le acerca mucho a Washington. No es de extra\u00f1ar, ya que\u00a0demostrar fidelidad a Estados Unidos es la mejor carta de presentaci\u00f3n de Alemania para rebajar las tensiones de cara a sus vecinos y desvanecer los fantasmas de un nuevo auge militar germ\u00e1nico. En cualquier caso, y tanto si se trata de un acercamiento intencional como si no, el actual incremento de gasto militar de la principal econom\u00eda de la UE rima con el\u00a0refuerzo de la influencia de Estados Unidos sobre Europa\u00a0.<\/p>\n","protected":false},"author":75,"featured_media":60751,"comment_status":"open","ping_status":"open","sticky":false,"template":"","format":"standard","meta":{"_FSMCFIC_featured_image_caption":"","_FSMCFIC_featured_image_nocaption":"","_FSMCFIC_featured_image_hide":"","footnotes":""},"categories":[806],"tags":[1587,4397,1310],"class_list":["post-60815","post","type-post","status-publish","format-standard","has-post-thumbnail","hentry","category-punts-claus-del-dia-es","tag-alemania","tag-gasto-militar","tag-ucrania"],"yoast_head":"<!-- This site is optimized with the Yoast SEO plugin v26.8 - https:\/\/yoast.com\/product\/yoast-seo-wordpress\/ -->\n<title>Alemania aspira a ser la principal potencia militar de la UE - Converses a Catalunya<\/title>\n<meta name=\"description\" content=\"La ministra de defensa de la Rep\u00fablica Federal de Alemania, ha afirmado que su pa\u00eds deb\u00eda asumir un papel militar l\u00edder en Europa\" \/>\n<meta name=\"robots\" content=\"noindex, nofollow\" \/>\n<meta property=\"og:locale\" content=\"es_ES\" \/>\n<meta property=\"og:type\" content=\"article\" \/>\n<meta property=\"og:title\" content=\"Alemania aspira a ser la principal potencia militar de la UE - Converses a Catalunya\" \/>\n<meta property=\"og:description\" content=\"La ministra de defensa de la Rep\u00fablica Federal de Alemania, ha afirmado que su pa\u00eds deb\u00eda asumir un papel militar l\u00edder en Europa\" \/>\n<meta property=\"og:url\" content=\"https:\/\/conversesacatalunya.cat\/es\/alemania-aspira-a-ser-la-principal-potencia-militar-de-la-ue\/\" \/>\n<meta property=\"og:site_name\" content=\"Converses a Catalunya\" \/>\n<meta property=\"article:published_time\" content=\"2022-09-16T08:36:59+00:00\" \/>\n<meta property=\"article:modified_time\" content=\"2022-09-20T07:21:24+00:00\" \/>\n<meta property=\"og:image\" content=\"https:\/\/conversesacatalunya.cat\/wp-content\/uploads\/2022\/09\/640px-Leopard_2_A5_der_Bundeswehr_1.jpg\" \/>\n\t<meta property=\"og:image:width\" content=\"1400\" \/>\n\t<meta property=\"og:image:height\" content=\"936\" \/>\n\t<meta property=\"og:image:type\" content=\"image\/jpeg\" \/>\n<meta name=\"author\" content=\"Carles L\u00f3pez\" \/>\n<meta name=\"twitter:card\" content=\"summary_large_image\" \/>\n<meta name=\"twitter:label1\" content=\"Escrito por\" \/>\n\t<meta name=\"twitter:data1\" content=\"Carles L\u00f3pez\" \/>\n\t<meta name=\"twitter:label2\" content=\"Tiempo de lectura\" \/>\n\t<meta name=\"twitter:data2\" content=\"4 minutos\" \/>\n<script type=\"application\/ld+json\" class=\"yoast-schema-graph\">{\"@context\":\"https:\/\/schema.org\",\"@graph\":[{\"@type\":\"Article\",\"@id\":\"https:\/\/conversesacatalunya.cat\/es\/alemania-aspira-a-ser-la-principal-potencia-militar-de-la-ue\/#article\",\"isPartOf\":{\"@id\":\"https:\/\/conversesacatalunya.cat\/es\/alemania-aspira-a-ser-la-principal-potencia-militar-de-la-ue\/\"},\"author\":{\"name\":\"Carles L\u00f3pez\",\"@id\":\"https:\/\/conversesacatalunya.cat\/#\/schema\/person\/3ce2ab16c0a3803086d80722c7cad56a\"},\"headline\":\"Alemania aspira a ser la principal potencia militar de la UE\",\"datePublished\":\"2022-09-16T08:36:59+00:00\",\"dateModified\":\"2022-09-20T07:21:24+00:00\",\"mainEntityOfPage\":{\"@id\":\"https:\/\/conversesacatalunya.cat\/es\/alemania-aspira-a-ser-la-principal-potencia-militar-de-la-ue\/\"},\"wordCount\":824,\"commentCount\":0,\"image\":{\"@id\":\"https:\/\/conversesacatalunya.cat\/es\/alemania-aspira-a-ser-la-principal-potencia-militar-de-la-ue\/#primaryimage\"},\"thumbnailUrl\":\"https:\/\/conversesacatalunya.cat\/wp-content\/uploads\/2022\/09\/640px-Leopard_2_A5_der_Bundeswehr_1.jpg\",\"keywords\":[\"Alemania\",\"gasto militar\",\"Ucrania\"],\"articleSection\":[\"Punts clau del dia (ES)\"],\"inLanguage\":\"es\",\"potentialAction\":[{\"@type\":\"CommentAction\",\"name\":\"Comment\",\"target\":[\"https:\/\/conversesacatalunya.cat\/es\/alemania-aspira-a-ser-la-principal-potencia-militar-de-la-ue\/#respond\"]}]},{\"@type\":\"WebPage\",\"@id\":\"https:\/\/conversesacatalunya.cat\/es\/alemania-aspira-a-ser-la-principal-potencia-militar-de-la-ue\/\",\"url\":\"https:\/\/conversesacatalunya.cat\/es\/alemania-aspira-a-ser-la-principal-potencia-militar-de-la-ue\/\",\"name\":\"Alemania aspira a ser la principal potencia militar de la UE - Converses a Catalunya\",\"isPartOf\":{\"@id\":\"https:\/\/conversesacatalunya.cat\/#website\"},\"primaryImageOfPage\":{\"@id\":\"https:\/\/conversesacatalunya.cat\/es\/alemania-aspira-a-ser-la-principal-potencia-militar-de-la-ue\/#primaryimage\"},\"image\":{\"@id\":\"https:\/\/conversesacatalunya.cat\/es\/alemania-aspira-a-ser-la-principal-potencia-militar-de-la-ue\/#primaryimage\"},\"thumbnailUrl\":\"https:\/\/conversesacatalunya.cat\/wp-content\/uploads\/2022\/09\/640px-Leopard_2_A5_der_Bundeswehr_1.jpg\",\"datePublished\":\"2022-09-16T08:36:59+00:00\",\"dateModified\":\"2022-09-20T07:21:24+00:00\",\"author\":{\"@id\":\"https:\/\/conversesacatalunya.cat\/#\/schema\/person\/3ce2ab16c0a3803086d80722c7cad56a\"},\"description\":\"La ministra de defensa de la Rep\u00fablica Federal de Alemania, ha afirmado que su pa\u00eds deb\u00eda asumir un papel militar l\u00edder en Europa\",\"breadcrumb\":{\"@id\":\"https:\/\/conversesacatalunya.cat\/es\/alemania-aspira-a-ser-la-principal-potencia-militar-de-la-ue\/#breadcrumb\"},\"inLanguage\":\"es\",\"potentialAction\":[{\"@type\":\"ReadAction\",\"target\":[\"https:\/\/conversesacatalunya.cat\/es\/alemania-aspira-a-ser-la-principal-potencia-militar-de-la-ue\/\"]}]},{\"@type\":\"ImageObject\",\"inLanguage\":\"es\",\"@id\":\"https:\/\/conversesacatalunya.cat\/es\/alemania-aspira-a-ser-la-principal-potencia-militar-de-la-ue\/#primaryimage\",\"url\":\"https:\/\/conversesacatalunya.cat\/wp-content\/uploads\/2022\/09\/640px-Leopard_2_A5_der_Bundeswehr_1.jpg\",\"contentUrl\":\"https:\/\/conversesacatalunya.cat\/wp-content\/uploads\/2022\/09\/640px-Leopard_2_A5_der_Bundeswehr_1.jpg\",\"width\":1400,\"height\":936,\"caption\":\"Alemanya militar\"},{\"@type\":\"BreadcrumbList\",\"@id\":\"https:\/\/conversesacatalunya.cat\/es\/alemania-aspira-a-ser-la-principal-potencia-militar-de-la-ue\/#breadcrumb\",\"itemListElement\":[{\"@type\":\"ListItem\",\"position\":1,\"name\":\"Inici\",\"item\":\"https:\/\/conversesacatalunya.cat\/es\/\"},{\"@type\":\"ListItem\",\"position\":2,\"name\":\"Alemania aspira a ser la principal potencia militar de la UE\"}]},{\"@type\":\"WebSite\",\"@id\":\"https:\/\/conversesacatalunya.cat\/#website\",\"url\":\"https:\/\/conversesacatalunya.cat\/\",\"name\":\"Converses a Catalunya\",\"description\":\"\",\"potentialAction\":[{\"@type\":\"SearchAction\",\"target\":{\"@type\":\"EntryPoint\",\"urlTemplate\":\"https:\/\/conversesacatalunya.cat\/?s={search_term_string}\"},\"query-input\":{\"@type\":\"PropertyValueSpecification\",\"valueRequired\":true,\"valueName\":\"search_term_string\"}}],\"inLanguage\":\"es\"},{\"@type\":\"Person\",\"@id\":\"https:\/\/conversesacatalunya.cat\/#\/schema\/person\/3ce2ab16c0a3803086d80722c7cad56a\",\"name\":\"Carles L\u00f3pez\",\"image\":{\"@type\":\"ImageObject\",\"inLanguage\":\"es\",\"@id\":\"https:\/\/conversesacatalunya.cat\/#\/schema\/person\/image\/\",\"url\":\"https:\/\/conversesacatalunya.cat\/wp-content\/litespeed\/avatar\/4891585caf2896e97846ab77f06edcf2.jpg?ver=1777091173\",\"contentUrl\":\"https:\/\/conversesacatalunya.cat\/wp-content\/litespeed\/avatar\/4891585caf2896e97846ab77f06edcf2.jpg?ver=1777091173\",\"caption\":\"Carles L\u00f3pez\"},\"url\":\"https:\/\/conversesacatalunya.cat\/es\/author\/carles-lopez\/\"}]}<\/script>\n<!-- \/ Yoast SEO plugin. -->","yoast_head_json":{"title":"Alemania aspira a ser la principal potencia militar de la UE - Converses a Catalunya","description":"La ministra de defensa de la Rep\u00fablica Federal de Alemania, ha afirmado que su pa\u00eds deb\u00eda asumir un papel militar l\u00edder en Europa","robots":{"index":"noindex","follow":"nofollow"},"og_locale":"es_ES","og_type":"article","og_title":"Alemania aspira a ser la principal potencia militar de la UE - Converses a Catalunya","og_description":"La ministra de defensa de la Rep\u00fablica Federal de Alemania, ha afirmado que su pa\u00eds deb\u00eda asumir un papel militar l\u00edder en Europa","og_url":"https:\/\/conversesacatalunya.cat\/es\/alemania-aspira-a-ser-la-principal-potencia-militar-de-la-ue\/","og_site_name":"Converses a Catalunya","article_published_time":"2022-09-16T08:36:59+00:00","article_modified_time":"2022-09-20T07:21:24+00:00","og_image":[{"width":1400,"height":936,"url":"https:\/\/conversesacatalunya.cat\/wp-content\/uploads\/2022\/09\/640px-Leopard_2_A5_der_Bundeswehr_1.jpg","type":"image\/jpeg"}],"author":"Carles L\u00f3pez","twitter_card":"summary_large_image","twitter_misc":{"Escrito por":"Carles L\u00f3pez","Tiempo de lectura":"4 minutos"},"schema":{"@context":"https:\/\/schema.org","@graph":[{"@type":"Article","@id":"https:\/\/conversesacatalunya.cat\/es\/alemania-aspira-a-ser-la-principal-potencia-militar-de-la-ue\/#article","isPartOf":{"@id":"https:\/\/conversesacatalunya.cat\/es\/alemania-aspira-a-ser-la-principal-potencia-militar-de-la-ue\/"},"author":{"name":"Carles L\u00f3pez","@id":"https:\/\/conversesacatalunya.cat\/#\/schema\/person\/3ce2ab16c0a3803086d80722c7cad56a"},"headline":"Alemania aspira a ser la principal potencia militar de la UE","datePublished":"2022-09-16T08:36:59+00:00","dateModified":"2022-09-20T07:21:24+00:00","mainEntityOfPage":{"@id":"https:\/\/conversesacatalunya.cat\/es\/alemania-aspira-a-ser-la-principal-potencia-militar-de-la-ue\/"},"wordCount":824,"commentCount":0,"image":{"@id":"https:\/\/conversesacatalunya.cat\/es\/alemania-aspira-a-ser-la-principal-potencia-militar-de-la-ue\/#primaryimage"},"thumbnailUrl":"https:\/\/conversesacatalunya.cat\/wp-content\/uploads\/2022\/09\/640px-Leopard_2_A5_der_Bundeswehr_1.jpg","keywords":["Alemania","gasto militar","Ucrania"],"articleSection":["Punts clau del dia (ES)"],"inLanguage":"es","potentialAction":[{"@type":"CommentAction","name":"Comment","target":["https:\/\/conversesacatalunya.cat\/es\/alemania-aspira-a-ser-la-principal-potencia-militar-de-la-ue\/#respond"]}]},{"@type":"WebPage","@id":"https:\/\/conversesacatalunya.cat\/es\/alemania-aspira-a-ser-la-principal-potencia-militar-de-la-ue\/","url":"https:\/\/conversesacatalunya.cat\/es\/alemania-aspira-a-ser-la-principal-potencia-militar-de-la-ue\/","name":"Alemania aspira a ser la principal potencia militar de la UE - Converses a Catalunya","isPartOf":{"@id":"https:\/\/conversesacatalunya.cat\/#website"},"primaryImageOfPage":{"@id":"https:\/\/conversesacatalunya.cat\/es\/alemania-aspira-a-ser-la-principal-potencia-militar-de-la-ue\/#primaryimage"},"image":{"@id":"https:\/\/conversesacatalunya.cat\/es\/alemania-aspira-a-ser-la-principal-potencia-militar-de-la-ue\/#primaryimage"},"thumbnailUrl":"https:\/\/conversesacatalunya.cat\/wp-content\/uploads\/2022\/09\/640px-Leopard_2_A5_der_Bundeswehr_1.jpg","datePublished":"2022-09-16T08:36:59+00:00","dateModified":"2022-09-20T07:21:24+00:00","author":{"@id":"https:\/\/conversesacatalunya.cat\/#\/schema\/person\/3ce2ab16c0a3803086d80722c7cad56a"},"description":"La ministra de defensa de la Rep\u00fablica Federal de Alemania, ha afirmado que su pa\u00eds deb\u00eda asumir un papel militar l\u00edder en Europa","breadcrumb":{"@id":"https:\/\/conversesacatalunya.cat\/es\/alemania-aspira-a-ser-la-principal-potencia-militar-de-la-ue\/#breadcrumb"},"inLanguage":"es","potentialAction":[{"@type":"ReadAction","target":["https:\/\/conversesacatalunya.cat\/es\/alemania-aspira-a-ser-la-principal-potencia-militar-de-la-ue\/"]}]},{"@type":"ImageObject","inLanguage":"es","@id":"https:\/\/conversesacatalunya.cat\/es\/alemania-aspira-a-ser-la-principal-potencia-militar-de-la-ue\/#primaryimage","url":"https:\/\/conversesacatalunya.cat\/wp-content\/uploads\/2022\/09\/640px-Leopard_2_A5_der_Bundeswehr_1.jpg","contentUrl":"https:\/\/conversesacatalunya.cat\/wp-content\/uploads\/2022\/09\/640px-Leopard_2_A5_der_Bundeswehr_1.jpg","width":1400,"height":936,"caption":"Alemanya militar"},{"@type":"BreadcrumbList","@id":"https:\/\/conversesacatalunya.cat\/es\/alemania-aspira-a-ser-la-principal-potencia-militar-de-la-ue\/#breadcrumb","itemListElement":[{"@type":"ListItem","position":1,"name":"Inici","item":"https:\/\/conversesacatalunya.cat\/es\/"},{"@type":"ListItem","position":2,"name":"Alemania aspira a ser la principal potencia militar de la UE"}]},{"@type":"WebSite","@id":"https:\/\/conversesacatalunya.cat\/#website","url":"https:\/\/conversesacatalunya.cat\/","name":"Converses a Catalunya","description":"","potentialAction":[{"@type":"SearchAction","target":{"@type":"EntryPoint","urlTemplate":"https:\/\/conversesacatalunya.cat\/?s={search_term_string}"},"query-input":{"@type":"PropertyValueSpecification","valueRequired":true,"valueName":"search_term_string"}}],"inLanguage":"es"},{"@type":"Person","@id":"https:\/\/conversesacatalunya.cat\/#\/schema\/person\/3ce2ab16c0a3803086d80722c7cad56a","name":"Carles L\u00f3pez","image":{"@type":"ImageObject","inLanguage":"es","@id":"https:\/\/conversesacatalunya.cat\/#\/schema\/person\/image\/","url":"https:\/\/conversesacatalunya.cat\/wp-content\/litespeed\/avatar\/4891585caf2896e97846ab77f06edcf2.jpg?ver=1777091173","contentUrl":"https:\/\/conversesacatalunya.cat\/wp-content\/litespeed\/avatar\/4891585caf2896e97846ab77f06edcf2.jpg?ver=1777091173","caption":"Carles L\u00f3pez"},"url":"https:\/\/conversesacatalunya.cat\/es\/author\/carles-lopez\/"}]}},"wps_subtitle":"El incremento de gasto militar de la principal econom\u00eda de la UE causa nerviosismo en Francia y en los pa\u00edses del este, facilitando el refuerzo de la influencia de Estados Unidos sobre Europa","_links":{"self":[{"href":"https:\/\/conversesacatalunya.cat\/es\/wp-json\/wp\/v2\/posts\/60815","targetHints":{"allow":["GET"]}}],"collection":[{"href":"https:\/\/conversesacatalunya.cat\/es\/wp-json\/wp\/v2\/posts"}],"about":[{"href":"https:\/\/conversesacatalunya.cat\/es\/wp-json\/wp\/v2\/types\/post"}],"author":[{"embeddable":true,"href":"https:\/\/conversesacatalunya.cat\/es\/wp-json\/wp\/v2\/users\/75"}],"replies":[{"embeddable":true,"href":"https:\/\/conversesacatalunya.cat\/es\/wp-json\/wp\/v2\/comments?post=60815"}],"version-history":[{"count":3,"href":"https:\/\/conversesacatalunya.cat\/es\/wp-json\/wp\/v2\/posts\/60815\/revisions"}],"predecessor-version":[{"id":60878,"href":"https:\/\/conversesacatalunya.cat\/es\/wp-json\/wp\/v2\/posts\/60815\/revisions\/60878"}],"wp:featuredmedia":[{"embeddable":true,"href":"https:\/\/conversesacatalunya.cat\/es\/wp-json\/wp\/v2\/media\/60751"}],"wp:attachment":[{"href":"https:\/\/conversesacatalunya.cat\/es\/wp-json\/wp\/v2\/media?parent=60815"}],"wp:term":[{"taxonomy":"category","embeddable":true,"href":"https:\/\/conversesacatalunya.cat\/es\/wp-json\/wp\/v2\/categories?post=60815"},{"taxonomy":"post_tag","embeddable":true,"href":"https:\/\/conversesacatalunya.cat\/es\/wp-json\/wp\/v2\/tags?post=60815"}],"curies":[{"name":"wp","href":"https:\/\/api.w.org\/{rel}","templated":true}]}}