{"id":60777,"date":"2022-09-15T11:21:28","date_gmt":"2022-09-15T09:21:28","guid":{"rendered":"https:\/\/conversesacatalunya.cat\/consell-drets-humans-onu-avortament\/"},"modified":"2022-09-16T10:11:20","modified_gmt":"2022-09-16T08:11:20","slug":"consejo-derechos-humanos-onu-aborto","status":"publish","type":"post","link":"https:\/\/conversesacatalunya.cat\/es\/consejo-derechos-humanos-onu-aborto\/","title":{"rendered":"\u00bfA qu\u00e9 se dedica el Consejo de Derechos Humanos de la ONU? El caso de Uganda y el aborto"},"content":{"rendered":"<p><span class=\"\">En un mundo que, desde hace varios a\u00f1os no se puede decir que camine hacia la <\/span><strong><span class=\"\">paz y la seguridad internacionales<\/span><\/strong><span class=\"\">, resulta muy instructivo ver cu\u00e1les son las actividades que ocupan los organismos de Naciones Unidas.<\/span><\/p>\n<p><span class=\"goog-text-highlight\">En el entramado complejo y variado de agencias y departamentos que conforman la ONU, existe una entidad que es un sujeto particular en materia de contradicciones.\u00a0<\/span>Se trata del\u00a0<strong>Consejo de los Derechos Humanos<\/strong>, con sede en Ginebra y que, como indica su nombre, debe velar por el respeto y la promoci\u00f3n de los derechos humanos.<\/p>\n<p>Cuesta entender por qu\u00e9 este Consejo insiste en\u00a0<strong>manipular el lenguaje de los derechos humanos<\/strong>\u00a0tal y como figura en el texto que \u00e9l mismo toma como\u00a0<a href=\"https:\/\/translate.google.com\/website?sl=ca&amp;tl=es&amp;hl=es&amp;client=webapp&amp;u=https:\/\/ca.wikipedia.org\/wiki\/Declaraci%25C3%25B3_Universal_dels_Drets_Humans\" target=\"_blank\" rel=\"noopener\">referencia<\/a>\u00a0en la materia, y que no es otra que la Declaraci\u00f3n Universal de los Derechos Humanos de 1948.<\/p>\n<h5><strong>Uno de los t\u00e9rminos m\u00e1s equ\u00edvocos que el Consejo de Derechos Humanos emplea es \u201cderechos reproductivos\u201d, que no es otra cosa que un eufemismo para promocionar el aborto en todo el mundo.<\/strong><\/h5>\n<p>El Consejo de Derechos Humanos utiliza regularmente el concepto de \u201cderechos reproductivos\u201d a pesar de que carece de todo fundamento jur\u00eddico en el derecho internacional.<\/p>\n<p><span class=\"goog-text-highlight\">En concreto, lo utiliza para presionar a los estados que disponen de leyes y pol\u00edticas que protegen la vida del que todav\u00eda no ha nacido. <\/span>M\u00e1s particularmente,\u00a0<strong>la presi\u00f3n se concentra sobre los gobiernos de los pa\u00edses con menos recursos<\/strong> y, por tanto, m\u00e1s necesidades de financiaci\u00f3n por parte de la comunidad internacional e instituciones como la ONU.<\/p>\n<p>Asimismo, una muchedumbre de\u00a0<a href=\"https:\/\/conversesacatalunya.cat\/es\/el-aborto-se-esta-convirtiendo-en-un-eje-de-la-actual-epoca-politica\/\" target=\"_blank\" rel=\"noopener\">entidades p\u00fablicas<\/a>\u00a0y organizaciones no-gubernamentales,\u00a0<strong>desde la Uni\u00f3n Europea hasta la Bill &amp; Melinda Gates Foundation o la Planned Parenthood<\/strong>, amplifican el mensaje de la ONU y llevan a cabo numerosos programas en el mismo sentido.<\/p>\n<p>Con el paso de los a\u00f1os, las Naciones Unidas, apoyadas y fuertemente influidas por estos actores, se han\u00a0<strong>apropiado del papel de \u00e1rbitros internacionales en numerosos \u00e1mbitos sociales extremadamente relevantes<\/strong>.<\/p>\n<p>Esto no ser\u00eda tan problem\u00e1tico si no fuera porque lo hacen desde una perspectiva sesgada de los derechos humanos tal y como los concibieron los redactores de la Declaraci\u00f3n de 1948, y que se corresponde con los postulados m\u00e1s\u00a0<strong>individualistas y subjetivistas del actual progresismo pol\u00edtico<\/strong>.<\/p>\n<p>Adem\u00e1s, las decisiones y presiones que ejerce el Consejo de los Derechos Humanos suelen situarse en los l\u00edmites del respeto a la\u00a0<strong>soberan\u00eda<\/strong>\u00a0de los Estados miembros, a pesar de que \u00e9sta es el principio fundador de la propia ONU (tal y como figura en el art\u00edculo 2.1 de la Carta de las Naciones Unidas).<\/p>\n<p>Un ejemplo reciente de esta postura del Consejo, que tan desapercibida pasa en los grandes medios de comunicaci\u00f3n, la encontramos en <strong>el caso de Uganda<\/strong>.<\/p>\n<p>Tal y como relata la ONG norteamericana\u00a0<em>Alliance Defending Freedom<\/em>\u00a0(ADF), este pa\u00eds africano fue objeto en enero de 2022 de una evaluaci\u00f3n del Consejo de Derechos Humanos llamada\u00a0<strong>Examen Peri\u00f3dico Universal<\/strong>, una revisi\u00f3n de los derechos humanos de cada pa\u00eds de la ONU llevada a cabo por otros Estados miembros.<\/p>\n<p>Sin sorpresas, en una mec\u00e1nica que es cada vez m\u00e1s frecuente, el informe apunt\u00f3 que Uganda deb\u00eda liberalizar sus leyes en materia de aborto y\u00a0<strong>establecer lo que llam\u00f3 \u00abservicios de salud y derechos de salud sexual y reproductiva\u00bb<\/strong> , incluyendo a los ni\u00f1os.<\/p>\n<p><span class=\"goog-text-highlight\">ADF trabaj\u00f3 con el gobierno ugand\u00e9s para excluir todas las recomendaciones y medidas contrarias a la legislaci\u00f3n nacional ugandesa y a las opiniones mayoritarias de su poblaci\u00f3n, al tiempo que <\/span><strong><span class=\"goog-text-highlight\">recomendaba acciones para mejorar las infraestructuras de salud materna<\/span><\/strong><span class=\"goog-text-highlight\">\u00a0y proteger mejor la libertad religiosa, especialmente la de los conversos al cristianismo provenientes del islam.<\/span><\/p>\n<p><span class=\"\">En este caso, Uganda acab\u00f3 superando las presiones, pero este caso concreto demuestra con qu\u00e9 insistencia y hasta qu\u00e9 nivel de profundidad la ONU promueve una visi\u00f3n ideol\u00f3gica y sesgada de los derechos humanos.<\/span><\/p>\n<div id=\"polls-165\" class=\"wp-polls\">\n\t<form id=\"polls_form_165\" class=\"wp-polls-form\" action=\"\/index.php\" method=\"post\">\n\t\t<p style=\"display: none;\"><input type=\"hidden\" id=\"poll_165_nonce\" name=\"wp-polls-nonce\" value=\"55b5f8e61a\" \/><\/p>\n\t\t<p style=\"display: none;\"><input type=\"hidden\" name=\"poll_id\" value=\"165\" \/><\/p>\n\t\t<p style=\"text-align: center\"><strong>Et sembla b\u00e9 la proposta de la vicepresidenta Yolanda D\u00edaz de fer una cistella de la compra amb un preu limitat?<\/strong><\/p><div id=\"polls-165-ans\" class=\"wp-polls-ans\"><ul class=\"wp-polls-ul\">\n\t\t<li><input type=\"radio\" id=\"poll-answer-434\" name=\"poll_165\" value=\"434\" \/> <label for=\"poll-answer-434\">S\u00ed<\/label><\/li>\n\t\t<li><input type=\"radio\" id=\"poll-answer-435\" name=\"poll_165\" value=\"435\" \/> <label for=\"poll-answer-435\">No<\/label><\/li>\n\t\t<li><input type=\"radio\" id=\"poll-answer-436\" name=\"poll_165\" value=\"436\" \/> <label for=\"poll-answer-436\">No ho s\u00e9<\/label><\/li>\n\t\t<\/ul><p style=\"text-align: center\"><input type=\"button\" name=\"vote\" value=\"   Vota   \" class=\"Buttons\" onclick=\"poll_vote(165);\" \/><\/p><p style=\"text-align: center\"><a href=\"#ViewPollResults\" onclick=\"poll_result(165); return false;\" title=\"View Results Of This Poll\">Mira els resultats<\/a><\/p><\/div>\n\t<\/form>\n<\/div>\n<div id=\"polls-165-loading\" class=\"wp-polls-loading\"><img decoding=\"async\" data-src=\"https:\/\/conversesacatalunya.cat\/wp-content\/plugins\/wp-polls\/images\/loading.gif\" width=\"16\" height=\"16\" alt=\"Cargando ...\" title=\"Cargando ...\" class=\"wp-polls-image lazyload\" src=\"data:image\/svg+xml;base64,PHN2ZyB3aWR0aD0iMSIgaGVpZ2h0PSIxIiB4bWxucz0iaHR0cDovL3d3dy53My5vcmcvMjAwMC9zdmciPjwvc3ZnPg==\" style=\"--smush-placeholder-width: 16px; --smush-placeholder-aspect-ratio: 16\/16;\" \/>&nbsp;Cargando ...<\/div>\n\n","protected":false},"excerpt":{"rendered":"<p>En un mundo que, desde hace varios a\u00f1os no se puede decir que camine hacia la paz y la seguridad internacionales, resulta muy instructivo ver cu\u00e1les son las actividades que ocupan los organismos de Naciones Unidas. En el entramado complejo y variado de agencias y departamentos que conforman la ONU, existe una entidad que es un sujeto particular en materia de contradicciones.\u00a0Se trata del\u00a0Consejo de los Derechos Humanos, con sede en Ginebra y que, como indica su nombre, debe velar por el respeto y la promoci\u00f3n de los derechos humanos. Cuesta entender por qu\u00e9 este Consejo insiste en\u00a0manipular el lenguaje de los derechos humanos\u00a0tal y como figura en el texto que \u00e9l mismo toma como\u00a0referencia\u00a0en la materia, y que no es otra que la Declaraci\u00f3n Universal de los Derechos Humanos de 1948. Uno de los t\u00e9rminos m\u00e1s equ\u00edvocos que el Consejo de Derechos Humanos emplea es \u201cderechos reproductivos\u201d, que no es otra cosa que un eufemismo para promocionar el aborto en todo el mundo. El Consejo de Derechos Humanos utiliza regularmente el concepto de \u201cderechos reproductivos\u201d a pesar de que carece de todo fundamento jur\u00eddico en el derecho internacional. En concreto, lo utiliza para presionar a los estados que disponen de leyes y pol\u00edticas que protegen la vida del que todav\u00eda no ha nacido. M\u00e1s particularmente,\u00a0la presi\u00f3n se concentra sobre los gobiernos de los pa\u00edses con menos recursos y, por tanto, m\u00e1s necesidades de financiaci\u00f3n por parte de la comunidad internacional e instituciones como la ONU. Asimismo, una muchedumbre de\u00a0entidades p\u00fablicas\u00a0y organizaciones no-gubernamentales,\u00a0desde la Uni\u00f3n Europea hasta la Bill &amp; Melinda Gates Foundation o la Planned Parenthood, amplifican el mensaje de la ONU y llevan a cabo numerosos programas en el mismo sentido. Con el paso de los a\u00f1os, las Naciones Unidas, apoyadas y fuertemente influidas por estos actores, se han\u00a0apropiado del papel de \u00e1rbitros internacionales en numerosos \u00e1mbitos sociales extremadamente relevantes. Esto no ser\u00eda tan problem\u00e1tico si no fuera porque lo hacen desde una perspectiva sesgada de los derechos humanos tal y como los concibieron los redactores de la Declaraci\u00f3n de 1948, y que se corresponde con los postulados m\u00e1s\u00a0individualistas y subjetivistas del actual progresismo pol\u00edtico. Adem\u00e1s, las decisiones y presiones que ejerce el Consejo de los Derechos Humanos suelen situarse en los l\u00edmites del respeto a la\u00a0soberan\u00eda\u00a0de los Estados miembros, a pesar de que \u00e9sta es el principio fundador de la propia ONU (tal y como figura en el art\u00edculo 2.1 de la Carta de las Naciones Unidas). Un ejemplo reciente de esta postura del Consejo, que tan desapercibida pasa en los grandes medios de comunicaci\u00f3n, la encontramos en el caso de Uganda. Tal y como relata la ONG norteamericana\u00a0Alliance Defending Freedom\u00a0(ADF), este pa\u00eds africano fue objeto en enero de 2022 de una evaluaci\u00f3n del Consejo de Derechos Humanos llamada\u00a0Examen Peri\u00f3dico Universal, una revisi\u00f3n de los derechos humanos de cada pa\u00eds de la ONU llevada a cabo por otros Estados miembros. Sin sorpresas, en una mec\u00e1nica que es cada vez m\u00e1s frecuente, el informe apunt\u00f3 que Uganda deb\u00eda liberalizar sus leyes en materia de aborto y\u00a0establecer lo que llam\u00f3 \u00abservicios de salud y derechos de salud sexual y reproductiva\u00bb , incluyendo a los ni\u00f1os. ADF trabaj\u00f3 con el gobierno ugand\u00e9s para excluir todas las recomendaciones y medidas contrarias a la legislaci\u00f3n nacional ugandesa y a las opiniones mayoritarias de su poblaci\u00f3n, al tiempo que recomendaba acciones para mejorar las infraestructuras de salud materna\u00a0y proteger mejor la libertad religiosa, especialmente la de los conversos al cristianismo provenientes del islam. En este caso, Uganda acab\u00f3 superando las presiones, pero este caso concreto demuestra con qu\u00e9 insistencia y hasta qu\u00e9 nivel de profundidad la ONU promueve una visi\u00f3n ideol\u00f3gica y sesgada de los derechos humanos.<\/p>\n","protected":false},"author":75,"featured_media":60561,"comment_status":"open","ping_status":"open","sticky":false,"template":"","format":"standard","meta":{"_FSMCFIC_featured_image_caption":"","_FSMCFIC_featured_image_nocaption":"","_FSMCFIC_featured_image_hide":"","footnotes":""},"categories":[806],"tags":[2573,3536,1466,1463,4796,1465],"class_list":["post-60777","post","type-post","status-publish","format-standard","has-post-thumbnail","hentry","category-punts-claus-del-dia-es","tag-aborto","tag-avortament-es","tag-derechos-humanos","tag-drets-humans-es","tag-nacions-unides-es","tag-onu-es"],"yoast_head":"<!-- This site is optimized with the Yoast SEO plugin v26.8 - https:\/\/yoast.com\/product\/yoast-seo-wordpress\/ -->\n<title>\u00bfA qu\u00e9 se dedica el Consejo de Derechos Humanos de la ONU? El caso de Uganda y el aborto - Converses a Catalunya<\/title>\n<meta name=\"description\" content=\"Consejo de los Derechos Humanos, con sede Ginebra y como indica su nombre, debe velar por el respeto y la promoci\u00f3n de los derechos humanos\" \/>\n<meta name=\"robots\" content=\"noindex, nofollow\" \/>\n<meta property=\"og:locale\" content=\"es_ES\" \/>\n<meta property=\"og:type\" content=\"article\" \/>\n<meta property=\"og:title\" content=\"\u00bfA qu\u00e9 se dedica el Consejo de Derechos Humanos de la ONU? El caso de Uganda y el aborto - Converses a Catalunya\" \/>\n<meta property=\"og:description\" content=\"Consejo de los Derechos Humanos, con sede Ginebra y como indica su nombre, debe velar por el respeto y la promoci\u00f3n de los derechos humanos\" \/>\n<meta property=\"og:url\" content=\"https:\/\/conversesacatalunya.cat\/es\/consejo-derechos-humanos-onu-aborto\/\" \/>\n<meta property=\"og:site_name\" content=\"Converses a Catalunya\" \/>\n<meta property=\"article:published_time\" content=\"2022-09-15T09:21:28+00:00\" \/>\n<meta property=\"article:modified_time\" content=\"2022-09-16T08:11:20+00:00\" \/>\n<meta property=\"og:image\" content=\"https:\/\/conversesacatalunya.cat\/wp-content\/uploads\/2022\/09\/Captura-de-pantalla-2022-09-06-a-les-13.50.47.png\" \/>\n\t<meta property=\"og:image:width\" content=\"658\" \/>\n\t<meta property=\"og:image:height\" content=\"416\" \/>\n\t<meta property=\"og:image:type\" content=\"image\/png\" \/>\n<meta name=\"author\" content=\"Carles L\u00f3pez\" \/>\n<meta name=\"twitter:card\" content=\"summary_large_image\" \/>\n<meta name=\"twitter:label1\" content=\"Escrito por\" \/>\n\t<meta name=\"twitter:data1\" content=\"Carles L\u00f3pez\" \/>\n\t<meta name=\"twitter:label2\" content=\"Tiempo de lectura\" \/>\n\t<meta name=\"twitter:data2\" content=\"3 minutos\" \/>\n<script type=\"application\/ld+json\" class=\"yoast-schema-graph\">{\"@context\":\"https:\/\/schema.org\",\"@graph\":[{\"@type\":\"Article\",\"@id\":\"https:\/\/conversesacatalunya.cat\/es\/consejo-derechos-humanos-onu-aborto\/#article\",\"isPartOf\":{\"@id\":\"https:\/\/conversesacatalunya.cat\/es\/consejo-derechos-humanos-onu-aborto\/\"},\"author\":{\"name\":\"Carles L\u00f3pez\",\"@id\":\"https:\/\/conversesacatalunya.cat\/#\/schema\/person\/3ce2ab16c0a3803086d80722c7cad56a\"},\"headline\":\"\u00bfA qu\u00e9 se dedica el Consejo de Derechos Humanos de la ONU? El caso de Uganda y el aborto\",\"datePublished\":\"2022-09-15T09:21:28+00:00\",\"dateModified\":\"2022-09-16T08:11:20+00:00\",\"mainEntityOfPage\":{\"@id\":\"https:\/\/conversesacatalunya.cat\/es\/consejo-derechos-humanos-onu-aborto\/\"},\"wordCount\":691,\"commentCount\":0,\"image\":{\"@id\":\"https:\/\/conversesacatalunya.cat\/es\/consejo-derechos-humanos-onu-aborto\/#primaryimage\"},\"thumbnailUrl\":\"https:\/\/conversesacatalunya.cat\/wp-content\/uploads\/2022\/09\/Captura-de-pantalla-2022-09-06-a-les-13.50.47.png\",\"keywords\":[\"aborto\",\"avortament\",\"derechos humanos\",\"drets humans\",\"Nacions Unides\",\"ONU\"],\"articleSection\":[\"Punts clau del dia (ES)\"],\"inLanguage\":\"es\",\"potentialAction\":[{\"@type\":\"CommentAction\",\"name\":\"Comment\",\"target\":[\"https:\/\/conversesacatalunya.cat\/es\/consejo-derechos-humanos-onu-aborto\/#respond\"]}]},{\"@type\":\"WebPage\",\"@id\":\"https:\/\/conversesacatalunya.cat\/es\/consejo-derechos-humanos-onu-aborto\/\",\"url\":\"https:\/\/conversesacatalunya.cat\/es\/consejo-derechos-humanos-onu-aborto\/\",\"name\":\"\u00bfA qu\u00e9 se dedica el Consejo de Derechos Humanos de la ONU? El caso de Uganda y el aborto - Converses a Catalunya\",\"isPartOf\":{\"@id\":\"https:\/\/conversesacatalunya.cat\/#website\"},\"primaryImageOfPage\":{\"@id\":\"https:\/\/conversesacatalunya.cat\/es\/consejo-derechos-humanos-onu-aborto\/#primaryimage\"},\"image\":{\"@id\":\"https:\/\/conversesacatalunya.cat\/es\/consejo-derechos-humanos-onu-aborto\/#primaryimage\"},\"thumbnailUrl\":\"https:\/\/conversesacatalunya.cat\/wp-content\/uploads\/2022\/09\/Captura-de-pantalla-2022-09-06-a-les-13.50.47.png\",\"datePublished\":\"2022-09-15T09:21:28+00:00\",\"dateModified\":\"2022-09-16T08:11:20+00:00\",\"author\":{\"@id\":\"https:\/\/conversesacatalunya.cat\/#\/schema\/person\/3ce2ab16c0a3803086d80722c7cad56a\"},\"description\":\"Consejo de los Derechos Humanos, con sede Ginebra y como indica su nombre, debe velar por el respeto y la promoci\u00f3n de los derechos humanos\",\"breadcrumb\":{\"@id\":\"https:\/\/conversesacatalunya.cat\/es\/consejo-derechos-humanos-onu-aborto\/#breadcrumb\"},\"inLanguage\":\"es\",\"potentialAction\":[{\"@type\":\"ReadAction\",\"target\":[\"https:\/\/conversesacatalunya.cat\/es\/consejo-derechos-humanos-onu-aborto\/\"]}]},{\"@type\":\"ImageObject\",\"inLanguage\":\"es\",\"@id\":\"https:\/\/conversesacatalunya.cat\/es\/consejo-derechos-humanos-onu-aborto\/#primaryimage\",\"url\":\"https:\/\/conversesacatalunya.cat\/wp-content\/uploads\/2022\/09\/Captura-de-pantalla-2022-09-06-a-les-13.50.47.png\",\"contentUrl\":\"https:\/\/conversesacatalunya.cat\/wp-content\/uploads\/2022\/09\/Captura-de-pantalla-2022-09-06-a-les-13.50.47.png\",\"width\":658,\"height\":416,\"caption\":\"Consejo de los Derechos Humanos\"},{\"@type\":\"BreadcrumbList\",\"@id\":\"https:\/\/conversesacatalunya.cat\/es\/consejo-derechos-humanos-onu-aborto\/#breadcrumb\",\"itemListElement\":[{\"@type\":\"ListItem\",\"position\":1,\"name\":\"Inici\",\"item\":\"https:\/\/conversesacatalunya.cat\/es\/\"},{\"@type\":\"ListItem\",\"position\":2,\"name\":\"\u00bfA qu\u00e9 se dedica el Consejo de Derechos Humanos de la ONU? El caso de Uganda y el aborto\"}]},{\"@type\":\"WebSite\",\"@id\":\"https:\/\/conversesacatalunya.cat\/#website\",\"url\":\"https:\/\/conversesacatalunya.cat\/\",\"name\":\"Converses a Catalunya\",\"description\":\"\",\"potentialAction\":[{\"@type\":\"SearchAction\",\"target\":{\"@type\":\"EntryPoint\",\"urlTemplate\":\"https:\/\/conversesacatalunya.cat\/?s={search_term_string}\"},\"query-input\":{\"@type\":\"PropertyValueSpecification\",\"valueRequired\":true,\"valueName\":\"search_term_string\"}}],\"inLanguage\":\"es\"},{\"@type\":\"Person\",\"@id\":\"https:\/\/conversesacatalunya.cat\/#\/schema\/person\/3ce2ab16c0a3803086d80722c7cad56a\",\"name\":\"Carles L\u00f3pez\",\"image\":{\"@type\":\"ImageObject\",\"inLanguage\":\"es\",\"@id\":\"https:\/\/conversesacatalunya.cat\/#\/schema\/person\/image\/\",\"url\":\"https:\/\/conversesacatalunya.cat\/wp-content\/litespeed\/avatar\/4891585caf2896e97846ab77f06edcf2.jpg?ver=1777696043\",\"contentUrl\":\"https:\/\/conversesacatalunya.cat\/wp-content\/litespeed\/avatar\/4891585caf2896e97846ab77f06edcf2.jpg?ver=1777696043\",\"caption\":\"Carles L\u00f3pez\"},\"url\":\"https:\/\/conversesacatalunya.cat\/es\/author\/carles-lopez\/\"}]}<\/script>\n<!-- \/ Yoast SEO plugin. -->","yoast_head_json":{"title":"\u00bfA qu\u00e9 se dedica el Consejo de Derechos Humanos de la ONU? El caso de Uganda y el aborto - Converses a Catalunya","description":"Consejo de los Derechos Humanos, con sede Ginebra y como indica su nombre, debe velar por el respeto y la promoci\u00f3n de los derechos humanos","robots":{"index":"noindex","follow":"nofollow"},"og_locale":"es_ES","og_type":"article","og_title":"\u00bfA qu\u00e9 se dedica el Consejo de Derechos Humanos de la ONU? El caso de Uganda y el aborto - Converses a Catalunya","og_description":"Consejo de los Derechos Humanos, con sede Ginebra y como indica su nombre, debe velar por el respeto y la promoci\u00f3n de los derechos humanos","og_url":"https:\/\/conversesacatalunya.cat\/es\/consejo-derechos-humanos-onu-aborto\/","og_site_name":"Converses a Catalunya","article_published_time":"2022-09-15T09:21:28+00:00","article_modified_time":"2022-09-16T08:11:20+00:00","og_image":[{"width":658,"height":416,"url":"https:\/\/conversesacatalunya.cat\/wp-content\/uploads\/2022\/09\/Captura-de-pantalla-2022-09-06-a-les-13.50.47.png","type":"image\/png"}],"author":"Carles L\u00f3pez","twitter_card":"summary_large_image","twitter_misc":{"Escrito por":"Carles L\u00f3pez","Tiempo de lectura":"3 minutos"},"schema":{"@context":"https:\/\/schema.org","@graph":[{"@type":"Article","@id":"https:\/\/conversesacatalunya.cat\/es\/consejo-derechos-humanos-onu-aborto\/#article","isPartOf":{"@id":"https:\/\/conversesacatalunya.cat\/es\/consejo-derechos-humanos-onu-aborto\/"},"author":{"name":"Carles L\u00f3pez","@id":"https:\/\/conversesacatalunya.cat\/#\/schema\/person\/3ce2ab16c0a3803086d80722c7cad56a"},"headline":"\u00bfA qu\u00e9 se dedica el Consejo de Derechos Humanos de la ONU? El caso de Uganda y el aborto","datePublished":"2022-09-15T09:21:28+00:00","dateModified":"2022-09-16T08:11:20+00:00","mainEntityOfPage":{"@id":"https:\/\/conversesacatalunya.cat\/es\/consejo-derechos-humanos-onu-aborto\/"},"wordCount":691,"commentCount":0,"image":{"@id":"https:\/\/conversesacatalunya.cat\/es\/consejo-derechos-humanos-onu-aborto\/#primaryimage"},"thumbnailUrl":"https:\/\/conversesacatalunya.cat\/wp-content\/uploads\/2022\/09\/Captura-de-pantalla-2022-09-06-a-les-13.50.47.png","keywords":["aborto","avortament","derechos humanos","drets humans","Nacions Unides","ONU"],"articleSection":["Punts clau del dia (ES)"],"inLanguage":"es","potentialAction":[{"@type":"CommentAction","name":"Comment","target":["https:\/\/conversesacatalunya.cat\/es\/consejo-derechos-humanos-onu-aborto\/#respond"]}]},{"@type":"WebPage","@id":"https:\/\/conversesacatalunya.cat\/es\/consejo-derechos-humanos-onu-aborto\/","url":"https:\/\/conversesacatalunya.cat\/es\/consejo-derechos-humanos-onu-aborto\/","name":"\u00bfA qu\u00e9 se dedica el Consejo de Derechos Humanos de la ONU? El caso de Uganda y el aborto - Converses a Catalunya","isPartOf":{"@id":"https:\/\/conversesacatalunya.cat\/#website"},"primaryImageOfPage":{"@id":"https:\/\/conversesacatalunya.cat\/es\/consejo-derechos-humanos-onu-aborto\/#primaryimage"},"image":{"@id":"https:\/\/conversesacatalunya.cat\/es\/consejo-derechos-humanos-onu-aborto\/#primaryimage"},"thumbnailUrl":"https:\/\/conversesacatalunya.cat\/wp-content\/uploads\/2022\/09\/Captura-de-pantalla-2022-09-06-a-les-13.50.47.png","datePublished":"2022-09-15T09:21:28+00:00","dateModified":"2022-09-16T08:11:20+00:00","author":{"@id":"https:\/\/conversesacatalunya.cat\/#\/schema\/person\/3ce2ab16c0a3803086d80722c7cad56a"},"description":"Consejo de los Derechos Humanos, con sede Ginebra y como indica su nombre, debe velar por el respeto y la promoci\u00f3n de los derechos humanos","breadcrumb":{"@id":"https:\/\/conversesacatalunya.cat\/es\/consejo-derechos-humanos-onu-aborto\/#breadcrumb"},"inLanguage":"es","potentialAction":[{"@type":"ReadAction","target":["https:\/\/conversesacatalunya.cat\/es\/consejo-derechos-humanos-onu-aborto\/"]}]},{"@type":"ImageObject","inLanguage":"es","@id":"https:\/\/conversesacatalunya.cat\/es\/consejo-derechos-humanos-onu-aborto\/#primaryimage","url":"https:\/\/conversesacatalunya.cat\/wp-content\/uploads\/2022\/09\/Captura-de-pantalla-2022-09-06-a-les-13.50.47.png","contentUrl":"https:\/\/conversesacatalunya.cat\/wp-content\/uploads\/2022\/09\/Captura-de-pantalla-2022-09-06-a-les-13.50.47.png","width":658,"height":416,"caption":"Consejo de los Derechos Humanos"},{"@type":"BreadcrumbList","@id":"https:\/\/conversesacatalunya.cat\/es\/consejo-derechos-humanos-onu-aborto\/#breadcrumb","itemListElement":[{"@type":"ListItem","position":1,"name":"Inici","item":"https:\/\/conversesacatalunya.cat\/es\/"},{"@type":"ListItem","position":2,"name":"\u00bfA qu\u00e9 se dedica el Consejo de Derechos Humanos de la ONU? El caso de Uganda y el aborto"}]},{"@type":"WebSite","@id":"https:\/\/conversesacatalunya.cat\/#website","url":"https:\/\/conversesacatalunya.cat\/","name":"Converses a Catalunya","description":"","potentialAction":[{"@type":"SearchAction","target":{"@type":"EntryPoint","urlTemplate":"https:\/\/conversesacatalunya.cat\/?s={search_term_string}"},"query-input":{"@type":"PropertyValueSpecification","valueRequired":true,"valueName":"search_term_string"}}],"inLanguage":"es"},{"@type":"Person","@id":"https:\/\/conversesacatalunya.cat\/#\/schema\/person\/3ce2ab16c0a3803086d80722c7cad56a","name":"Carles L\u00f3pez","image":{"@type":"ImageObject","inLanguage":"es","@id":"https:\/\/conversesacatalunya.cat\/#\/schema\/person\/image\/","url":"https:\/\/conversesacatalunya.cat\/wp-content\/litespeed\/avatar\/4891585caf2896e97846ab77f06edcf2.jpg?ver=1777696043","contentUrl":"https:\/\/conversesacatalunya.cat\/wp-content\/litespeed\/avatar\/4891585caf2896e97846ab77f06edcf2.jpg?ver=1777696043","caption":"Carles L\u00f3pez"},"url":"https:\/\/conversesacatalunya.cat\/es\/author\/carles-lopez\/"}]}},"wps_subtitle":"Las Naciones Unidas, apoyadas y fuertemente influidas por actores que promueven postulados individualistas y subjetivistas, se han apropiado del papel de \u00e1rbitros internacionales en numerosos \u00e1mbitos sociales extremadamente relevantes","_links":{"self":[{"href":"https:\/\/conversesacatalunya.cat\/es\/wp-json\/wp\/v2\/posts\/60777","targetHints":{"allow":["GET"]}}],"collection":[{"href":"https:\/\/conversesacatalunya.cat\/es\/wp-json\/wp\/v2\/posts"}],"about":[{"href":"https:\/\/conversesacatalunya.cat\/es\/wp-json\/wp\/v2\/types\/post"}],"author":[{"embeddable":true,"href":"https:\/\/conversesacatalunya.cat\/es\/wp-json\/wp\/v2\/users\/75"}],"replies":[{"embeddable":true,"href":"https:\/\/conversesacatalunya.cat\/es\/wp-json\/wp\/v2\/comments?post=60777"}],"version-history":[{"count":3,"href":"https:\/\/conversesacatalunya.cat\/es\/wp-json\/wp\/v2\/posts\/60777\/revisions"}],"predecessor-version":[{"id":60798,"href":"https:\/\/conversesacatalunya.cat\/es\/wp-json\/wp\/v2\/posts\/60777\/revisions\/60798"}],"wp:featuredmedia":[{"embeddable":true,"href":"https:\/\/conversesacatalunya.cat\/es\/wp-json\/wp\/v2\/media\/60561"}],"wp:attachment":[{"href":"https:\/\/conversesacatalunya.cat\/es\/wp-json\/wp\/v2\/media?parent=60777"}],"wp:term":[{"taxonomy":"category","embeddable":true,"href":"https:\/\/conversesacatalunya.cat\/es\/wp-json\/wp\/v2\/categories?post=60777"},{"taxonomy":"post_tag","embeddable":true,"href":"https:\/\/conversesacatalunya.cat\/es\/wp-json\/wp\/v2\/tags?post=60777"}],"curies":[{"name":"wp","href":"https:\/\/api.w.org\/{rel}","templated":true}]}}