{"id":60770,"date":"2022-09-14T12:22:17","date_gmt":"2022-09-14T10:22:17","guid":{"rendered":"https:\/\/conversesacatalunya.cat\/noves-masculinitats-home\/"},"modified":"2022-09-14T15:20:14","modified_gmt":"2022-09-14T13:20:14","slug":"nuevas-masculinidades-hombre","status":"publish","type":"post","link":"https:\/\/conversesacatalunya.cat\/es\/nuevas-masculinidades-hombre\/","title":{"rendered":"Pol\u00edtica espa\u00f1ola: el gobierno practica la reeducaci\u00f3n masiva de la poblaci\u00f3n"},"content":{"rendered":"<p><span><span class=\"\">Cuando los gobiernos se adjetivan, en nuestro caso <\/span><\/span><strong><span><span class=\"\">feminista y progresista<\/span><\/span><\/strong><span><span class=\"\">, al igual que cuando se hace con la democracia, popular, org\u00e1nica, debemos ponernos a temblar porque quiere decir que aquellos que detentan el poder del Estado han decidido que nuestro bienestar pasa por cambiarnos, queriendo o no, la forma de pensar. <\/span><span class=\"goog-text-highlight\">Es la gran tentaci\u00f3n totalitaria, la que han aplicado sistem\u00e1ticamente todas las dictaduras, sobre todo de izquierdas, que saben de la importancia de\u00a0<\/span><\/span><strong><span><span class=\"goog-text-highlight\">orientar la mente de las personas<\/span><\/span><\/strong><span><span class=\"goog-text-highlight\">.\u00a0<\/span>No se trata solo de un exceso de propaganda alabando los logros gubernamentales. La cuesti\u00f3n va mucho m\u00e1s lejos y significa conseguir que la gente piense de la forma que el gobierno considera que debe pensar.<\/span><\/p>\n<p><span>\u00c9sta es una acci\u00f3n sistem\u00e1tica que, desde la \u00e9poca de Zapatero con la asignatura de educaci\u00f3n para la ciudadan\u00eda, se est\u00e1 llevando a cabo y cada vez m\u00e1s est\u00e1 centrada en la\u00a0<\/span><strong><span>masculinidad<\/span><\/strong><span>, por un lado, y\u00a0<\/span><strong><span>la sexualidad<\/span><\/strong><span>, por otra, que son dos verdaderas obsesiones de este gobierno.<\/span><\/p>\n<p><span>Ahora mismo el ministerio de la Igualdad, que es quien concentra los recursos para llevar a cabo este tipo de campa\u00f1as, ha iniciado una nueva que es modelo en este sentido.\u00a0Se trata de construir \u00ab<\/span><strong><span>nuevas masculinidades<\/span><\/strong><span>\u00ab.\u00a0Preste atenci\u00f3n: desde el gobierno nos quieren conducir a decidir c\u00f3mo deben ser y vivir los hombres.<\/span><\/p>\n<div class=\"code-block code-block-4\">\n<div class=\"a-single a-17\">\n<p>Esta campa\u00f1a, que lleva por t\u00edtulo \u00ab<strong>El hombre blandengue<\/strong>\u00ab, plantea una contraposici\u00f3n entre una canci\u00f3n que cantaba El Fary en una fecha tan lejana como 1984 con este t\u00edtulo, con im\u00e1genes de c\u00f3mo debe ser el hombre, \u00abblandengue\u00bb. Es aqu\u00e9l que va a comprar, que cuida de los ni\u00f1os y de las personas mayores y que tambi\u00e9n llora. Es lamentable que se gaste dinero con obviedades de este tipo porque es evidente que los hombres ya realizan todas estas funciones.<\/p>\n<p><span class=\"goog-text-highlight\">Lo que en realidad se quiere decir es que lo hacen en\u00a0<\/span><strong><span class=\"goog-text-highlight\">menor medida que las mujeres<\/span><\/strong><span class=\"goog-text-highlight\">, y eso es cierto, pero aqu\u00ed no s\u00f3lo hay una cuesti\u00f3n de caracteres\u00a0sino tambi\u00e9n de condiciones objetivas. <\/span>S\u00f3lo hace falta contabilizar a los voluntarios en las ONG que se dedican a los menores desatendidos, a las personas mayores, a las que ayuda a los bancos de los alimentos, para constatar que la gran mayor\u00eda son precisamente hombres.<\/p>\n<p>Lo que en realidad se pretende es un\u00a0<strong>hombre \u00abfeminista\u00bb,<\/strong>\u00a0y eso lo ha explicado claramente la n\u00famero dos de Montero, secretaria de estado porque por cargos que no sea, \u00c1ngela Rodr\u00edguez, que pide que los hombres sean feministas.\u00a0Es un problema que el Estado tenga una ideolog\u00eda concreta como es el feminismo y lo ser\u00eda exactamente igual si tuviera otros tipos porque este hecho rompe la necesaria\u00a0<strong>neutralidad de las instituciones<\/strong>\u00a0ante las distintas formas de pensar de la sociedad.<\/p>\n<p><span><span class=\"\">Puede que en este momento preciso una serie de personas consideren que el feminismo es la gran respuesta, y otros pueden pensar que es el veganismo o el animalismo, pero esto no da derecho a establecer leyes, campa\u00f1as educativas que empujen a la ciudadan\u00eda hacia ese \u00fanico camino. <\/span>Es todo lo contrario a una sociedad plural.\u00a0Por si fuera poco el ministerio de la Igualdad, exige que la polic\u00eda y las fuerzas armadas est\u00e9n formadas en \u201clas nuevas masculinidades\u201d.\u00a0Detr\u00e1s de todo este planteamiento est\u00e1 la idea de que\u00a0<\/span><strong><span>el hombre en su versi\u00f3n com\u00fan y corriente es machista<\/span><\/strong><span>.\u00a0Lo pone de relieve otro caso concreto del gobierno:<\/span><\/p>\n<p><span>Ahora aportar\u00e1n una \u00abnueva\u00bb estad\u00edstica de las\u00a0<\/span><strong><span>mujeres que son asesinadas<\/span><\/strong><span>.\u00a0En realidad, de nueva no tiene nada porque en las estad\u00edsticas actuales ya es posible diferenciar por sexos a las personas que han sufrido un homicidio. Pero as\u00ed se enfatiza e hincha m\u00e1s el globo de la violencia contra la mujer.\u00a0Es interesante ver la apostilla que acompa\u00f1a a estos asesinatos de \u201cmujeres, por serlo\u201d.\u00a0Claro, si se mata a una mujer, es que es una mujer.\u00a0Al igual que ocurre cuando la v\u00edctima es un hombre.<\/span><\/p>\n<p><span>Lo que se intenta presentar con estas estad\u00edsticas y con este calificativo de <strong>mujeres muertas por serlo<\/strong> es que el Hombre Actual, con may\u00fasculas, pertenece a la categor\u00eda machista y es en s\u00ed mismo peligroso, y por eso deben transformarlo dot\u00e1ndole de una nueva masculinidad. El razonamiento se basa en que la mayor\u00eda de agresores son hombres, lo que se da tanto si la v\u00edctima es femenina como masculina.\u00a0Y esto es incuestionable, pero evidentemente de ah\u00ed no se puede generalizar al conjunto de hombres. De la misma forma que ser\u00eda impresentable pretender que, dado que la mayor\u00eda de prostitutas son mujeres, todas las mujeres lo son.\u00a0Este tipo de silogismos deforman parte de la orientaci\u00f3n de las campa\u00f1as y de las pol\u00edticas del gobierno.<\/span><\/p>\n<p><span><span class=\"goog-text-highlight\">Para ilustrarlo, han presentado una primera estad\u00edstica que muchos diarios publican punto por punto sin el m\u00e1s m\u00ednimo esp\u00edritu cr\u00edtico. <\/span>Se trata de las mujeres muertas de enero a junio, que son 19 y, aparte de un n\u00famero tan escaso, construyen toda una teor\u00eda a partir de transformar los casos en porcentajes y as\u00ed puede decirse que la\u00a0<\/span><strong><span>mayor\u00eda de asesinatos son cometidos por familiares<\/span><\/strong><span>, por ejemplo.\u00a0Est\u00e1 claro que, practicando este juego, podr\u00eda llegarse a una conclusi\u00f3n a\u00fan m\u00e1s terrible porque el 50% de las mujeres muertas lo han sido en manos de sus hijos o nietos. Pero sobre 19 casos no es posible teorizar.<\/span><\/p>\n<p><span>Est\u00e1n construyendo una cultura que condena al hombre por el hecho de serlo y al ni\u00f1o por el hecho de serlo tambi\u00e9n, que transforma al padre en un eterno sospechoso.\u00a0<span class=\"\">Est\u00e1n construyendo una cultura en la que s\u00f3lo los hombres gais\u00a0o los que quieren transitar a la condici\u00f3n femenina estar\u00edan libres de ese pecado que es el machismo que todo hombre, por el hecho de serlo, lleva consigo como un pecado original, salvo aquellos que se declaran feministas y que normalmente suelen ocupar un cargo p\u00fablico.<\/span><\/span><\/p>\n<\/div>\n<\/div>\n<div id=\"polls-165\" class=\"wp-polls\">\n\t<form id=\"polls_form_165\" class=\"wp-polls-form\" action=\"\/index.php\" method=\"post\">\n\t\t<p style=\"display: none;\"><input type=\"hidden\" id=\"poll_165_nonce\" name=\"wp-polls-nonce\" value=\"b55681588e\" \/><\/p>\n\t\t<p style=\"display: none;\"><input type=\"hidden\" name=\"poll_id\" value=\"165\" \/><\/p>\n\t\t<p style=\"text-align: center\"><strong>Et sembla b\u00e9 la proposta de la vicepresidenta Yolanda D\u00edaz de fer una cistella de la compra amb un preu limitat?<\/strong><\/p><div id=\"polls-165-ans\" class=\"wp-polls-ans\"><ul class=\"wp-polls-ul\">\n\t\t<li><input type=\"radio\" id=\"poll-answer-434\" name=\"poll_165\" value=\"434\" \/> <label for=\"poll-answer-434\">S\u00ed<\/label><\/li>\n\t\t<li><input type=\"radio\" id=\"poll-answer-435\" name=\"poll_165\" value=\"435\" \/> <label for=\"poll-answer-435\">No<\/label><\/li>\n\t\t<li><input type=\"radio\" id=\"poll-answer-436\" name=\"poll_165\" value=\"436\" \/> <label for=\"poll-answer-436\">No ho s\u00e9<\/label><\/li>\n\t\t<\/ul><p style=\"text-align: center\"><input type=\"button\" name=\"vote\" value=\"   Vota   \" class=\"Buttons\" onclick=\"poll_vote(165);\" \/><\/p><p style=\"text-align: center\"><a href=\"#ViewPollResults\" onclick=\"poll_result(165); return false;\" title=\"View Results Of This Poll\">Mira els resultats<\/a><\/p><\/div>\n\t<\/form>\n<\/div>\n<div id=\"polls-165-loading\" class=\"wp-polls-loading\"><img decoding=\"async\" data-src=\"https:\/\/conversesacatalunya.cat\/wp-content\/plugins\/wp-polls\/images\/loading.gif\" width=\"16\" height=\"16\" alt=\"Cargando ...\" title=\"Cargando ...\" class=\"wp-polls-image lazyload\" src=\"data:image\/svg+xml;base64,PHN2ZyB3aWR0aD0iMSIgaGVpZ2h0PSIxIiB4bWxucz0iaHR0cDovL3d3dy53My5vcmcvMjAwMC9zdmciPjwvc3ZnPg==\" style=\"--smush-placeholder-width: 16px; --smush-placeholder-aspect-ratio: 16\/16;\" \/>&nbsp;Cargando ...<\/div>\n\n","protected":false},"excerpt":{"rendered":"<p>Cuando los gobiernos se adjetivan, en nuestro caso feminista y progresista, al igual que cuando se hace con la democracia, popular, org\u00e1nica, debemos ponernos a temblar porque quiere decir que aquellos que detentan el poder del Estado han decidido que nuestro bienestar pasa por cambiarnos, queriendo o no, la forma de pensar. Es la gran tentaci\u00f3n totalitaria, la que han aplicado sistem\u00e1ticamente todas las dictaduras, sobre todo de izquierdas, que saben de la importancia de\u00a0orientar la mente de las personas.\u00a0No se trata solo de un exceso de propaganda alabando los logros gubernamentales. La cuesti\u00f3n va mucho m\u00e1s lejos y significa conseguir que la gente piense de la forma que el gobierno considera que debe pensar. \u00c9sta es una acci\u00f3n sistem\u00e1tica que, desde la \u00e9poca de Zapatero con la asignatura de educaci\u00f3n para la ciudadan\u00eda, se est\u00e1 llevando a cabo y cada vez m\u00e1s est\u00e1 centrada en la\u00a0masculinidad, por un lado, y\u00a0la sexualidad, por otra, que son dos verdaderas obsesiones de este gobierno. Ahora mismo el ministerio de la Igualdad, que es quien concentra los recursos para llevar a cabo este tipo de campa\u00f1as, ha iniciado una nueva que es modelo en este sentido.\u00a0Se trata de construir \u00abnuevas masculinidades\u00ab.\u00a0Preste atenci\u00f3n: desde el gobierno nos quieren conducir a decidir c\u00f3mo deben ser y vivir los hombres. Esta campa\u00f1a, que lleva por t\u00edtulo \u00abEl hombre blandengue\u00ab, plantea una contraposici\u00f3n entre una canci\u00f3n que cantaba El Fary en una fecha tan lejana como 1984 con este t\u00edtulo, con im\u00e1genes de c\u00f3mo debe ser el hombre, \u00abblandengue\u00bb. Es aqu\u00e9l que va a comprar, que cuida de los ni\u00f1os y de las personas mayores y que tambi\u00e9n llora. Es lamentable que se gaste dinero con obviedades de este tipo porque es evidente que los hombres ya realizan todas estas funciones. Lo que en realidad se quiere decir es que lo hacen en\u00a0menor medida que las mujeres, y eso es cierto, pero aqu\u00ed no s\u00f3lo hay una cuesti\u00f3n de caracteres\u00a0sino tambi\u00e9n de condiciones objetivas. S\u00f3lo hace falta contabilizar a los voluntarios en las ONG que se dedican a los menores desatendidos, a las personas mayores, a las que ayuda a los bancos de los alimentos, para constatar que la gran mayor\u00eda son precisamente hombres. Lo que en realidad se pretende es un\u00a0hombre \u00abfeminista\u00bb,\u00a0y eso lo ha explicado claramente la n\u00famero dos de Montero, secretaria de estado porque por cargos que no sea, \u00c1ngela Rodr\u00edguez, que pide que los hombres sean feministas.\u00a0Es un problema que el Estado tenga una ideolog\u00eda concreta como es el feminismo y lo ser\u00eda exactamente igual si tuviera otros tipos porque este hecho rompe la necesaria\u00a0neutralidad de las instituciones\u00a0ante las distintas formas de pensar de la sociedad. Puede que en este momento preciso una serie de personas consideren que el feminismo es la gran respuesta, y otros pueden pensar que es el veganismo o el animalismo, pero esto no da derecho a establecer leyes, campa\u00f1as educativas que empujen a la ciudadan\u00eda hacia ese \u00fanico camino. Es todo lo contrario a una sociedad plural.\u00a0Por si fuera poco el ministerio de la Igualdad, exige que la polic\u00eda y las fuerzas armadas est\u00e9n formadas en \u201clas nuevas masculinidades\u201d.\u00a0Detr\u00e1s de todo este planteamiento est\u00e1 la idea de que\u00a0el hombre en su versi\u00f3n com\u00fan y corriente es machista.\u00a0Lo pone de relieve otro caso concreto del gobierno: Ahora aportar\u00e1n una \u00abnueva\u00bb estad\u00edstica de las\u00a0mujeres que son asesinadas.\u00a0En realidad, de nueva no tiene nada porque en las estad\u00edsticas actuales ya es posible diferenciar por sexos a las personas que han sufrido un homicidio. Pero as\u00ed se enfatiza e hincha m\u00e1s el globo de la violencia contra la mujer.\u00a0Es interesante ver la apostilla que acompa\u00f1a a estos asesinatos de \u201cmujeres, por serlo\u201d.\u00a0Claro, si se mata a una mujer, es que es una mujer.\u00a0Al igual que ocurre cuando la v\u00edctima es un hombre. Lo que se intenta presentar con estas estad\u00edsticas y con este calificativo de mujeres muertas por serlo es que el Hombre Actual, con may\u00fasculas, pertenece a la categor\u00eda machista y es en s\u00ed mismo peligroso, y por eso deben transformarlo dot\u00e1ndole de una nueva masculinidad. El razonamiento se basa en que la mayor\u00eda de agresores son hombres, lo que se da tanto si la v\u00edctima es femenina como masculina.\u00a0Y esto es incuestionable, pero evidentemente de ah\u00ed no se puede generalizar al conjunto de hombres. De la misma forma que ser\u00eda impresentable pretender que, dado que la mayor\u00eda de prostitutas son mujeres, todas las mujeres lo son.\u00a0Este tipo de silogismos deforman parte de la orientaci\u00f3n de las campa\u00f1as y de las pol\u00edticas del gobierno. Para ilustrarlo, han presentado una primera estad\u00edstica que muchos diarios publican punto por punto sin el m\u00e1s m\u00ednimo esp\u00edritu cr\u00edtico. Se trata de las mujeres muertas de enero a junio, que son 19 y, aparte de un n\u00famero tan escaso, construyen toda una teor\u00eda a partir de transformar los casos en porcentajes y as\u00ed puede decirse que la\u00a0mayor\u00eda de asesinatos son cometidos por familiares, por ejemplo.\u00a0Est\u00e1 claro que, practicando este juego, podr\u00eda llegarse a una conclusi\u00f3n a\u00fan m\u00e1s terrible porque el 50% de las mujeres muertas lo han sido en manos de sus hijos o nietos. Pero sobre 19 casos no es posible teorizar. Est\u00e1n construyendo una cultura que condena al hombre por el hecho de serlo y al ni\u00f1o por el hecho de serlo tambi\u00e9n, que transforma al padre en un eterno sospechoso.\u00a0Est\u00e1n construyendo una cultura en la que s\u00f3lo los hombres gais\u00a0o los que quieren transitar a la condici\u00f3n femenina estar\u00edan libres de ese pecado que es el machismo que todo hombre, por el hecho de serlo, lleva consigo como un pecado original, salvo aquellos que se declaran feministas y que normalmente suelen ocupar un cargo p\u00fablico.<\/p>\n","protected":false},"author":2,"featured_media":60766,"comment_status":"open","ping_status":"open","sticky":false,"template":"","format":"standard","meta":{"_FSMCFIC_featured_image_caption":"","_FSMCFIC_featured_image_nocaption":"","_FSMCFIC_featured_image_hide":"","footnotes":""},"categories":[806],"tags":[3477,4682],"class_list":["post-60770","post","type-post","status-publish","format-standard","has-post-thumbnail","hentry","category-punts-claus-del-dia-es","tag-feminismo","tag-nuevas-masculinidades"],"yoast_head":"<!-- This site is optimized with the Yoast SEO plugin v26.8 - https:\/\/yoast.com\/product\/yoast-seo-wordpress\/ -->\n<title>Pol\u00edtica espa\u00f1ola: el gobierno practica la reeducaci\u00f3n masiva de la poblaci\u00f3n - Converses a Catalunya<\/title>\n<meta name=\"description\" content=\"Est\u00e1n construyendo una cultura que condena al hombre por el hecho de serlo y al ni\u00f1o por el hecho de serlo tambi\u00e9n, que transforma al padre\" \/>\n<meta name=\"robots\" content=\"index, follow, max-snippet:-1, max-image-preview:large, max-video-preview:-1\" \/>\n<link rel=\"canonical\" href=\"https:\/\/conversesacatalunya.cat\/es\/nuevas-masculinidades-hombre\/\" \/>\n<meta property=\"og:locale\" content=\"es_ES\" \/>\n<meta property=\"og:type\" content=\"article\" \/>\n<meta property=\"og:title\" content=\"Pol\u00edtica espa\u00f1ola: el gobierno practica la reeducaci\u00f3n masiva de la poblaci\u00f3n - Converses a Catalunya\" \/>\n<meta property=\"og:description\" content=\"Est\u00e1n construyendo una cultura que condena al hombre por el hecho de serlo y al ni\u00f1o por el hecho de serlo tambi\u00e9n, que transforma al padre\" \/>\n<meta property=\"og:url\" content=\"https:\/\/conversesacatalunya.cat\/es\/nuevas-masculinidades-hombre\/\" \/>\n<meta property=\"og:site_name\" content=\"Converses a Catalunya\" \/>\n<meta property=\"article:published_time\" content=\"2022-09-14T10:22:17+00:00\" \/>\n<meta property=\"article:modified_time\" content=\"2022-09-14T13:20:14+00:00\" \/>\n<meta property=\"og:image\" content=\"https:\/\/conversesacatalunya.cat\/wp-content\/uploads\/2022\/09\/Noves-masculinitats-scaled-1.jpg\" \/>\n\t<meta property=\"og:image:width\" content=\"2560\" \/>\n\t<meta property=\"og:image:height\" content=\"1440\" \/>\n\t<meta property=\"og:image:type\" content=\"image\/jpeg\" \/>\n<meta name=\"author\" content=\"conversesacatalunya\" \/>\n<meta name=\"twitter:card\" content=\"summary_large_image\" \/>\n<meta name=\"twitter:label1\" content=\"Escrito por\" \/>\n\t<meta name=\"twitter:data1\" content=\"conversesacatalunya\" \/>\n\t<meta name=\"twitter:label2\" content=\"Tiempo de lectura\" \/>\n\t<meta name=\"twitter:data2\" content=\"5 minutos\" \/>\n<script type=\"application\/ld+json\" class=\"yoast-schema-graph\">{\"@context\":\"https:\/\/schema.org\",\"@graph\":[{\"@type\":\"Article\",\"@id\":\"https:\/\/conversesacatalunya.cat\/es\/nuevas-masculinidades-hombre\/#article\",\"isPartOf\":{\"@id\":\"https:\/\/conversesacatalunya.cat\/es\/nuevas-masculinidades-hombre\/\"},\"author\":{\"name\":\"conversesacatalunya\",\"@id\":\"https:\/\/conversesacatalunya.cat\/#\/schema\/person\/7e24d1e54a2785373ddcb275eae5ed99\"},\"headline\":\"Pol\u00edtica espa\u00f1ola: el gobierno practica la reeducaci\u00f3n masiva de la poblaci\u00f3n\",\"datePublished\":\"2022-09-14T10:22:17+00:00\",\"dateModified\":\"2022-09-14T13:20:14+00:00\",\"mainEntityOfPage\":{\"@id\":\"https:\/\/conversesacatalunya.cat\/es\/nuevas-masculinidades-hombre\/\"},\"wordCount\":1059,\"commentCount\":0,\"image\":{\"@id\":\"https:\/\/conversesacatalunya.cat\/es\/nuevas-masculinidades-hombre\/#primaryimage\"},\"thumbnailUrl\":\"https:\/\/conversesacatalunya.cat\/wp-content\/uploads\/2022\/09\/Noves-masculinitats-scaled-1.jpg\",\"keywords\":[\"Feminismo\",\"nuevas masculinidades\"],\"articleSection\":[\"Punts clau del dia (ES)\"],\"inLanguage\":\"es\",\"potentialAction\":[{\"@type\":\"CommentAction\",\"name\":\"Comment\",\"target\":[\"https:\/\/conversesacatalunya.cat\/es\/nuevas-masculinidades-hombre\/#respond\"]}]},{\"@type\":\"WebPage\",\"@id\":\"https:\/\/conversesacatalunya.cat\/es\/nuevas-masculinidades-hombre\/\",\"url\":\"https:\/\/conversesacatalunya.cat\/es\/nuevas-masculinidades-hombre\/\",\"name\":\"Pol\u00edtica espa\u00f1ola: el gobierno practica la reeducaci\u00f3n masiva de la poblaci\u00f3n - Converses a Catalunya\",\"isPartOf\":{\"@id\":\"https:\/\/conversesacatalunya.cat\/#website\"},\"primaryImageOfPage\":{\"@id\":\"https:\/\/conversesacatalunya.cat\/es\/nuevas-masculinidades-hombre\/#primaryimage\"},\"image\":{\"@id\":\"https:\/\/conversesacatalunya.cat\/es\/nuevas-masculinidades-hombre\/#primaryimage\"},\"thumbnailUrl\":\"https:\/\/conversesacatalunya.cat\/wp-content\/uploads\/2022\/09\/Noves-masculinitats-scaled-1.jpg\",\"datePublished\":\"2022-09-14T10:22:17+00:00\",\"dateModified\":\"2022-09-14T13:20:14+00:00\",\"author\":{\"@id\":\"https:\/\/conversesacatalunya.cat\/#\/schema\/person\/7e24d1e54a2785373ddcb275eae5ed99\"},\"description\":\"Est\u00e1n construyendo una cultura que condena al hombre por el hecho de serlo y al ni\u00f1o por el hecho de serlo tambi\u00e9n, que transforma al padre\",\"breadcrumb\":{\"@id\":\"https:\/\/conversesacatalunya.cat\/es\/nuevas-masculinidades-hombre\/#breadcrumb\"},\"inLanguage\":\"es\",\"potentialAction\":[{\"@type\":\"ReadAction\",\"target\":[\"https:\/\/conversesacatalunya.cat\/es\/nuevas-masculinidades-hombre\/\"]}]},{\"@type\":\"ImageObject\",\"inLanguage\":\"es\",\"@id\":\"https:\/\/conversesacatalunya.cat\/es\/nuevas-masculinidades-hombre\/#primaryimage\",\"url\":\"https:\/\/conversesacatalunya.cat\/wp-content\/uploads\/2022\/09\/Noves-masculinitats-scaled-1.jpg\",\"contentUrl\":\"https:\/\/conversesacatalunya.cat\/wp-content\/uploads\/2022\/09\/Noves-masculinitats-scaled-1.jpg\",\"width\":2560,\"height\":1440},{\"@type\":\"BreadcrumbList\",\"@id\":\"https:\/\/conversesacatalunya.cat\/es\/nuevas-masculinidades-hombre\/#breadcrumb\",\"itemListElement\":[{\"@type\":\"ListItem\",\"position\":1,\"name\":\"Inici\",\"item\":\"https:\/\/conversesacatalunya.cat\/es\/\"},{\"@type\":\"ListItem\",\"position\":2,\"name\":\"Pol\u00edtica espa\u00f1ola: el gobierno practica la reeducaci\u00f3n masiva de la poblaci\u00f3n\"}]},{\"@type\":\"WebSite\",\"@id\":\"https:\/\/conversesacatalunya.cat\/#website\",\"url\":\"https:\/\/conversesacatalunya.cat\/\",\"name\":\"Converses a Catalunya\",\"description\":\"\",\"potentialAction\":[{\"@type\":\"SearchAction\",\"target\":{\"@type\":\"EntryPoint\",\"urlTemplate\":\"https:\/\/conversesacatalunya.cat\/?s={search_term_string}\"},\"query-input\":{\"@type\":\"PropertyValueSpecification\",\"valueRequired\":true,\"valueName\":\"search_term_string\"}}],\"inLanguage\":\"es\"},{\"@type\":\"Person\",\"@id\":\"https:\/\/conversesacatalunya.cat\/#\/schema\/person\/7e24d1e54a2785373ddcb275eae5ed99\",\"name\":\"conversesacatalunya\",\"image\":{\"@type\":\"ImageObject\",\"inLanguage\":\"es\",\"@id\":\"https:\/\/conversesacatalunya.cat\/#\/schema\/person\/image\/\",\"url\":\"https:\/\/conversesacatalunya.cat\/wp-content\/litespeed\/avatar\/febdfeeec89d950f01c748045a981dd2.jpg?ver=1777314535\",\"contentUrl\":\"https:\/\/conversesacatalunya.cat\/wp-content\/litespeed\/avatar\/febdfeeec89d950f01c748045a981dd2.jpg?ver=1777314535\",\"caption\":\"conversesacatalunya\"},\"url\":\"https:\/\/conversesacatalunya.cat\/es\/author\/carme_catala\/\"}]}<\/script>\n<!-- \/ Yoast SEO plugin. -->","yoast_head_json":{"title":"Pol\u00edtica espa\u00f1ola: el gobierno practica la reeducaci\u00f3n masiva de la poblaci\u00f3n - Converses a Catalunya","description":"Est\u00e1n construyendo una cultura que condena al hombre por el hecho de serlo y al ni\u00f1o por el hecho de serlo tambi\u00e9n, que transforma al padre","robots":{"index":"index","follow":"follow","max-snippet":"max-snippet:-1","max-image-preview":"max-image-preview:large","max-video-preview":"max-video-preview:-1"},"canonical":"https:\/\/conversesacatalunya.cat\/es\/nuevas-masculinidades-hombre\/","og_locale":"es_ES","og_type":"article","og_title":"Pol\u00edtica espa\u00f1ola: el gobierno practica la reeducaci\u00f3n masiva de la poblaci\u00f3n - Converses a Catalunya","og_description":"Est\u00e1n construyendo una cultura que condena al hombre por el hecho de serlo y al ni\u00f1o por el hecho de serlo tambi\u00e9n, que transforma al padre","og_url":"https:\/\/conversesacatalunya.cat\/es\/nuevas-masculinidades-hombre\/","og_site_name":"Converses a Catalunya","article_published_time":"2022-09-14T10:22:17+00:00","article_modified_time":"2022-09-14T13:20:14+00:00","og_image":[{"width":2560,"height":1440,"url":"https:\/\/conversesacatalunya.cat\/wp-content\/uploads\/2022\/09\/Noves-masculinitats-scaled-1.jpg","type":"image\/jpeg"}],"author":"conversesacatalunya","twitter_card":"summary_large_image","twitter_misc":{"Escrito por":"conversesacatalunya","Tiempo de lectura":"5 minutos"},"schema":{"@context":"https:\/\/schema.org","@graph":[{"@type":"Article","@id":"https:\/\/conversesacatalunya.cat\/es\/nuevas-masculinidades-hombre\/#article","isPartOf":{"@id":"https:\/\/conversesacatalunya.cat\/es\/nuevas-masculinidades-hombre\/"},"author":{"name":"conversesacatalunya","@id":"https:\/\/conversesacatalunya.cat\/#\/schema\/person\/7e24d1e54a2785373ddcb275eae5ed99"},"headline":"Pol\u00edtica espa\u00f1ola: el gobierno practica la reeducaci\u00f3n masiva de la poblaci\u00f3n","datePublished":"2022-09-14T10:22:17+00:00","dateModified":"2022-09-14T13:20:14+00:00","mainEntityOfPage":{"@id":"https:\/\/conversesacatalunya.cat\/es\/nuevas-masculinidades-hombre\/"},"wordCount":1059,"commentCount":0,"image":{"@id":"https:\/\/conversesacatalunya.cat\/es\/nuevas-masculinidades-hombre\/#primaryimage"},"thumbnailUrl":"https:\/\/conversesacatalunya.cat\/wp-content\/uploads\/2022\/09\/Noves-masculinitats-scaled-1.jpg","keywords":["Feminismo","nuevas masculinidades"],"articleSection":["Punts clau del dia (ES)"],"inLanguage":"es","potentialAction":[{"@type":"CommentAction","name":"Comment","target":["https:\/\/conversesacatalunya.cat\/es\/nuevas-masculinidades-hombre\/#respond"]}]},{"@type":"WebPage","@id":"https:\/\/conversesacatalunya.cat\/es\/nuevas-masculinidades-hombre\/","url":"https:\/\/conversesacatalunya.cat\/es\/nuevas-masculinidades-hombre\/","name":"Pol\u00edtica espa\u00f1ola: el gobierno practica la reeducaci\u00f3n masiva de la poblaci\u00f3n - Converses a Catalunya","isPartOf":{"@id":"https:\/\/conversesacatalunya.cat\/#website"},"primaryImageOfPage":{"@id":"https:\/\/conversesacatalunya.cat\/es\/nuevas-masculinidades-hombre\/#primaryimage"},"image":{"@id":"https:\/\/conversesacatalunya.cat\/es\/nuevas-masculinidades-hombre\/#primaryimage"},"thumbnailUrl":"https:\/\/conversesacatalunya.cat\/wp-content\/uploads\/2022\/09\/Noves-masculinitats-scaled-1.jpg","datePublished":"2022-09-14T10:22:17+00:00","dateModified":"2022-09-14T13:20:14+00:00","author":{"@id":"https:\/\/conversesacatalunya.cat\/#\/schema\/person\/7e24d1e54a2785373ddcb275eae5ed99"},"description":"Est\u00e1n construyendo una cultura que condena al hombre por el hecho de serlo y al ni\u00f1o por el hecho de serlo tambi\u00e9n, que transforma al padre","breadcrumb":{"@id":"https:\/\/conversesacatalunya.cat\/es\/nuevas-masculinidades-hombre\/#breadcrumb"},"inLanguage":"es","potentialAction":[{"@type":"ReadAction","target":["https:\/\/conversesacatalunya.cat\/es\/nuevas-masculinidades-hombre\/"]}]},{"@type":"ImageObject","inLanguage":"es","@id":"https:\/\/conversesacatalunya.cat\/es\/nuevas-masculinidades-hombre\/#primaryimage","url":"https:\/\/conversesacatalunya.cat\/wp-content\/uploads\/2022\/09\/Noves-masculinitats-scaled-1.jpg","contentUrl":"https:\/\/conversesacatalunya.cat\/wp-content\/uploads\/2022\/09\/Noves-masculinitats-scaled-1.jpg","width":2560,"height":1440},{"@type":"BreadcrumbList","@id":"https:\/\/conversesacatalunya.cat\/es\/nuevas-masculinidades-hombre\/#breadcrumb","itemListElement":[{"@type":"ListItem","position":1,"name":"Inici","item":"https:\/\/conversesacatalunya.cat\/es\/"},{"@type":"ListItem","position":2,"name":"Pol\u00edtica espa\u00f1ola: el gobierno practica la reeducaci\u00f3n masiva de la poblaci\u00f3n"}]},{"@type":"WebSite","@id":"https:\/\/conversesacatalunya.cat\/#website","url":"https:\/\/conversesacatalunya.cat\/","name":"Converses a Catalunya","description":"","potentialAction":[{"@type":"SearchAction","target":{"@type":"EntryPoint","urlTemplate":"https:\/\/conversesacatalunya.cat\/?s={search_term_string}"},"query-input":{"@type":"PropertyValueSpecification","valueRequired":true,"valueName":"search_term_string"}}],"inLanguage":"es"},{"@type":"Person","@id":"https:\/\/conversesacatalunya.cat\/#\/schema\/person\/7e24d1e54a2785373ddcb275eae5ed99","name":"conversesacatalunya","image":{"@type":"ImageObject","inLanguage":"es","@id":"https:\/\/conversesacatalunya.cat\/#\/schema\/person\/image\/","url":"https:\/\/conversesacatalunya.cat\/wp-content\/litespeed\/avatar\/febdfeeec89d950f01c748045a981dd2.jpg?ver=1777314535","contentUrl":"https:\/\/conversesacatalunya.cat\/wp-content\/litespeed\/avatar\/febdfeeec89d950f01c748045a981dd2.jpg?ver=1777314535","caption":"conversesacatalunya"},"url":"https:\/\/conversesacatalunya.cat\/es\/author\/carme_catala\/"}]}},"wps_subtitle":"Est\u00e1n construyendo una cultura que condena al hombre por el hecho de serlo y al ni\u00f1o por el hecho de serlo tambi\u00e9n, que transforma al padre en un eterno sospechoso.","_links":{"self":[{"href":"https:\/\/conversesacatalunya.cat\/es\/wp-json\/wp\/v2\/posts\/60770","targetHints":{"allow":["GET"]}}],"collection":[{"href":"https:\/\/conversesacatalunya.cat\/es\/wp-json\/wp\/v2\/posts"}],"about":[{"href":"https:\/\/conversesacatalunya.cat\/es\/wp-json\/wp\/v2\/types\/post"}],"author":[{"embeddable":true,"href":"https:\/\/conversesacatalunya.cat\/es\/wp-json\/wp\/v2\/users\/2"}],"replies":[{"embeddable":true,"href":"https:\/\/conversesacatalunya.cat\/es\/wp-json\/wp\/v2\/comments?post=60770"}],"version-history":[{"count":2,"href":"https:\/\/conversesacatalunya.cat\/es\/wp-json\/wp\/v2\/posts\/60770\/revisions"}],"predecessor-version":[{"id":60772,"href":"https:\/\/conversesacatalunya.cat\/es\/wp-json\/wp\/v2\/posts\/60770\/revisions\/60772"}],"wp:featuredmedia":[{"embeddable":true,"href":"https:\/\/conversesacatalunya.cat\/es\/wp-json\/wp\/v2\/media\/60766"}],"wp:attachment":[{"href":"https:\/\/conversesacatalunya.cat\/es\/wp-json\/wp\/v2\/media?parent=60770"}],"wp:term":[{"taxonomy":"category","embeddable":true,"href":"https:\/\/conversesacatalunya.cat\/es\/wp-json\/wp\/v2\/categories?post=60770"},{"taxonomy":"post_tag","embeddable":true,"href":"https:\/\/conversesacatalunya.cat\/es\/wp-json\/wp\/v2\/tags?post=60770"}],"curies":[{"name":"wp","href":"https:\/\/api.w.org\/{rel}","templated":true}]}}