{"id":60660,"date":"2022-09-12T09:55:53","date_gmt":"2022-09-12T07:55:53","guid":{"rendered":"https:\/\/conversesacatalunya.cat\/?p=60660"},"modified":"2022-09-12T09:55:53","modified_gmt":"2022-09-12T07:55:53","slug":"catolicos-en-la-postmodernidad","status":"publish","type":"post","link":"https:\/\/conversesacatalunya.cat\/es\/catolicos-en-la-postmodernidad\/","title":{"rendered":"Cat\u00f3licos en la postmodernidad"},"content":{"rendered":"<p>Muchos cat\u00f3licos catalanes contin\u00faan hoy anclados en el posfranquismo, aunque la gran mayor\u00eda no vivieron el nacionalcatolicismo o lo vivieron en su versi\u00f3n m\u00e1s atenuada. Esto me lo comentaba este verano <strong>un destacado antrop\u00f3logo y sacerdote catal\u00e1n<\/strong>, poco sospechoso de conservadurismo, y que por su edad s\u00ed lleg\u00f3 a conocer la etapa m\u00e1s dura del franquismo. Mucha gente de iglesia est\u00e1 influenciada por la revisi\u00f3n poco objetiva del pasado que difunde el progresismo hoy dominante en el pa\u00eds. Lo hace tanto para tapar las carencias y deriva nihilista de su propio proyecto, como para deslegitimar socialmente la iglesia y as\u00ed intentar anular la cosmovisi\u00f3n cat\u00f3lica como gran alternativa. <strong>Este hombre sabio se quejaba de la gran incultura religiosa de la inmensa mayor\u00eda de nuestros j\u00f3venes.<\/strong><\/p>\n<p>Mientras nos entretienen con estas relecturas interesadas del pasado, en nuestra sociedad todo evoluciona r\u00e1pidamente. La falta de <em>auctoritas<\/em> de padres, mares, abuelos, abuelas, educadores y adultos en general, unida a la omnipresencia del mundo <em>online<\/em> en la vida de los m\u00e1s j\u00f3venes, es el caldo de cultivo de todo tipo de manipulaciones. M\u00e1s de una madre me ha comentado lo dif\u00edcil que es hoy comprar ropa con sus hijas. <strong>La moda para adolescentes y j\u00f3venes es cada vez m\u00e1s uniformemente minimalista,<\/strong> y resulta que cuando la chica ha entrado en la tienda ya sabe lo que quiere, porque lo ha encontrado antes por internet.<\/p>\n<p>Por si no fuera suficiente con la mala influencia de la publicidad comercial, sale la Conselleria d\u2019 Igualtat i Feminismes<strong> reivindicando el <em>toples<\/em>,<\/strong> y la ministra de Igualdad invitando a los adolescentes y j\u00f3venes a \u201chacer lo que quieras y con quien quieras\u201d cuando salen de noche. Mientras aqu\u00e9llos se sienten cada vez m\u00e1s amenazados por la crisis de sentido de la vida, nuestros gobernantes todav\u00eda les quieren hacer creer que la libertad sin l\u00edmites es el remedio que lo cura todo, cuando en realidad es un pozo sin fondo de problemas y causa de desorientaci\u00f3n y muchas depresiones. <strong>En 2019 el suicidio ya era la primera causa de muerte de los j\u00f3venes espa\u00f1oles de entre 14 y 19 a\u00f1os.<\/strong><\/p>\n<p>La adolescencia y la juventud siempre han tenido sus dificultades, la incertidumbre sobre qu\u00e9 decisiones tomar para tener una vida feliz: \u00bfqu\u00e9 voy a estudiar?, \u00bfde qu\u00e9 voy a trabajar?, \u00bfser\u00e9 capaz de ganarme bien la vida?, \u00bfencontrar\u00e9 a alguien que me ame de verdad?, \u00bfpodr\u00e9 formar una familia? \u00a0Pero ahora, adem\u00e1s, el relativismo moral, el \u201ctodo vale\u201d, castiga a los j\u00f3venes con otras cargas m\u00e1s duras y dif\u00edciles de soportar: \u00bfpor qu\u00e9 se han separado mis padres?, \u00bfesas discusiones entre pap\u00e1 y mam\u00e1 se resolver\u00e1n bien o acabar\u00e1n rompiendo como los padres de muchos amigos m\u00edos?, \u00bfestoy seguro de mi orientaci\u00f3n sexual?, <strong>esa persona de mi propio sexo que quiere mi amistad \u00bfbusca s\u00f3lo eso o algo m\u00e1s?<\/strong>, \u00bfel cristianismo sigue siendo v\u00e1lido para m\u00ed o es un gran montaje de la Iglesia como a menudo me cuentan?, \u00bfson mejores las espiritualidades orientales o simplemente el agnosticismo con pr\u00e1cticas de relajaci\u00f3n que no me obligan a nada?<\/p>\n<p><strong>\u00bfC\u00f3mo reacciona la Iglesia cat\u00f3lica, en toda su amplitud, frente a este panorama?<\/strong> Podemos resumirlo en <strong>tres formas<\/strong> diferentes. Una es la del <strong>camino sinodal alem\u00e1n<\/strong>, que propone asumir la ideolog\u00eda de g\u00e9nero con el caos antropol\u00f3gico y moral que supone. Esta posici\u00f3n es muy minoritaria a nivel mundial. En nuestro pa\u00eds no se da con la vehemencia de Alemania, pero s\u00ed hay cat\u00f3licos que querr\u00edan poner a la Iglesia en sinton\u00eda con las nuevas ideolog\u00edas hoy dominantes. Ignoran las palabras del arzobispo estadounidense Fulton Sheen: \u00abLa Iglesia nunca se ha adaptado a los tiempos y modas en que ha vivido porque de haberlo hecho habr\u00eda desaparecido con \u00e9stos\u00bb. O la sentencia de Chesterton: \u201cS\u00f3lo la Iglesia cat\u00f3lica puede salvar al hombre de la esclavitud destructora y humillante de ser hijo de su tiempo\u201d.<\/p>\n<p>Una segunda reacci\u00f3n cat\u00f3lica es <strong>el retraimiento y la pasividad<\/strong>. Debido a la tibieza que muestran hoy la mayor\u00eda de los fieles del mundo occidental, pero tambi\u00e9n por la presi\u00f3n que ejercen la ideolog\u00eda de g\u00e9nero y el agnosticismo dominantes. La forma en que se han tratado pol\u00edtica y medi\u00e1ticamente los casos de pederastia, focaliz\u00e1ndolos s\u00f3lo en la Iglesia cat\u00f3lica y con una lente de aumento (seg\u00fan el estudio de la Fundaci\u00f3n ANAR, los sacerdotes son responsables del 0,2% de los casos de abusos en Espa\u00f1a entre 2008 y 2019), o la inmatriculaci\u00f3n registral de propiedades eclesiales, son dos ejemplos de manipulaci\u00f3n para deslegitimar a la Iglesia desde el progresismo cancelador que tienen un gran impacto sobre la opini\u00f3n p\u00fablica, cat\u00f3licos incluidos.<\/p>\n<p>Por \u00faltimo, existe una<strong> forma de vivir la fe m\u00e1s militante y comprometida con la doctrina y espiritualidad de la Iglesia cat\u00f3lica<\/strong>. Esta tercera actitud no est\u00e1 libre de carencias y pecados. Se podr\u00e1 decir que en ocasiones es menos sensible a la justicia social. Puede ser, pero tambi\u00e9n debe considerarse, que hoy las administraciones p\u00fablicas han asumido gran parte la labor social y educativa que hab\u00eda hecho la Iglesia durante siglos. El hambre y la miseria material, siendo problemas muy graves, no son el principal peligro que afecta hoy a las sociedades occidentales. Es m\u00e1s bien la pobreza espiritual, que est\u00e1 dejando a muchas personas deprimidas o desorientadas por la falta de sentido y de esperanza, y amenaza con dejar as\u00ed a muchas m\u00e1s. Los cristianos hoy debemos mostrar a Jes\u00fas a \u201cquienes est\u00e1n cansados y agobiados\u201d, y hacerles ver que el supuesto yugo del cristianismo no es tal, sino \u201cuna carga suave y ligera\u201d. Hacerles ver que Jesucristo \u00abhace nuevas todas las cosas\u00bb, tambi\u00e9n nuestras vidas, si nos dejamos amar y habitar por \u00c9l.<\/p>\n<p><em><strong>Publicado el 2 de septiembre de 2022 en el Diari de Girona<\/strong><\/em><\/p>\n","protected":false},"excerpt":{"rendered":"<p>Muchos cat\u00f3licos catalanes contin\u00faan hoy anclados en el posfranquismo, aunque la gran mayor\u00eda no vivieron el nacionalcatolicismo o lo vivieron en su versi\u00f3n m\u00e1s atenuada. Esto me lo comentaba este verano un destacado antrop\u00f3logo y sacerdote catal\u00e1n, poco sospechoso de conservadurismo, y que por su edad s\u00ed lleg\u00f3 a conocer la etapa m\u00e1s dura del franquismo. Mucha gente de iglesia est\u00e1 influenciada por la revisi\u00f3n poco objetiva del pasado que difunde el progresismo hoy dominante en el pa\u00eds. Lo hace tanto para tapar las carencias y deriva nihilista de su propio proyecto, como para deslegitimar socialmente la iglesia y as\u00ed intentar anular la cosmovisi\u00f3n cat\u00f3lica como gran alternativa. Este hombre sabio se quejaba de la gran incultura religiosa de la inmensa mayor\u00eda de nuestros j\u00f3venes. Mientras nos entretienen con estas relecturas interesadas del pasado, en nuestra sociedad todo evoluciona r\u00e1pidamente. La falta de auctoritas de padres, mares, abuelos, abuelas, educadores y adultos en general, unida a la omnipresencia del mundo online en la vida de los m\u00e1s j\u00f3venes, es el caldo de cultivo de todo tipo de manipulaciones. M\u00e1s de una madre me ha comentado lo dif\u00edcil que es hoy comprar ropa con sus hijas. La moda para adolescentes y j\u00f3venes es cada vez m\u00e1s uniformemente minimalista, y resulta que cuando la chica ha entrado en la tienda ya sabe lo que quiere, porque lo ha encontrado antes por internet. Por si no fuera suficiente con la mala influencia de la publicidad comercial, sale la Conselleria d\u2019 Igualtat i Feminismes reivindicando el toples, y la ministra de Igualdad invitando a los adolescentes y j\u00f3venes a \u201chacer lo que quieras y con quien quieras\u201d cuando salen de noche. Mientras aqu\u00e9llos se sienten cada vez m\u00e1s amenazados por la crisis de sentido de la vida, nuestros gobernantes todav\u00eda les quieren hacer creer que la libertad sin l\u00edmites es el remedio que lo cura todo, cuando en realidad es un pozo sin fondo de problemas y causa de desorientaci\u00f3n y muchas depresiones. En 2019 el suicidio ya era la primera causa de muerte de los j\u00f3venes espa\u00f1oles de entre 14 y 19 a\u00f1os. La adolescencia y la juventud siempre han tenido sus dificultades, la incertidumbre sobre qu\u00e9 decisiones tomar para tener una vida feliz: \u00bfqu\u00e9 voy a estudiar?, \u00bfde qu\u00e9 voy a trabajar?, \u00bfser\u00e9 capaz de ganarme bien la vida?, \u00bfencontrar\u00e9 a alguien que me ame de verdad?, \u00bfpodr\u00e9 formar una familia? \u00a0Pero ahora, adem\u00e1s, el relativismo moral, el \u201ctodo vale\u201d, castiga a los j\u00f3venes con otras cargas m\u00e1s duras y dif\u00edciles de soportar: \u00bfpor qu\u00e9 se han separado mis padres?, \u00bfesas discusiones entre pap\u00e1 y mam\u00e1 se resolver\u00e1n bien o acabar\u00e1n rompiendo como los padres de muchos amigos m\u00edos?, \u00bfestoy seguro de mi orientaci\u00f3n sexual?, esa persona de mi propio sexo que quiere mi amistad \u00bfbusca s\u00f3lo eso o algo m\u00e1s?, \u00bfel cristianismo sigue siendo v\u00e1lido para m\u00ed o es un gran montaje de la Iglesia como a menudo me cuentan?, \u00bfson mejores las espiritualidades orientales o simplemente el agnosticismo con pr\u00e1cticas de relajaci\u00f3n que no me obligan a nada? \u00bfC\u00f3mo reacciona la Iglesia cat\u00f3lica, en toda su amplitud, frente a este panorama? Podemos resumirlo en tres formas diferentes. Una es la del camino sinodal alem\u00e1n, que propone asumir la ideolog\u00eda de g\u00e9nero con el caos antropol\u00f3gico y moral que supone. Esta posici\u00f3n es muy minoritaria a nivel mundial. En nuestro pa\u00eds no se da con la vehemencia de Alemania, pero s\u00ed hay cat\u00f3licos que querr\u00edan poner a la Iglesia en sinton\u00eda con las nuevas ideolog\u00edas hoy dominantes. Ignoran las palabras del arzobispo estadounidense Fulton Sheen: \u00abLa Iglesia nunca se ha adaptado a los tiempos y modas en que ha vivido porque de haberlo hecho habr\u00eda desaparecido con \u00e9stos\u00bb. O la sentencia de Chesterton: \u201cS\u00f3lo la Iglesia cat\u00f3lica puede salvar al hombre de la esclavitud destructora y humillante de ser hijo de su tiempo\u201d. Una segunda reacci\u00f3n cat\u00f3lica es el retraimiento y la pasividad. Debido a la tibieza que muestran hoy la mayor\u00eda de los fieles del mundo occidental, pero tambi\u00e9n por la presi\u00f3n que ejercen la ideolog\u00eda de g\u00e9nero y el agnosticismo dominantes. La forma en que se han tratado pol\u00edtica y medi\u00e1ticamente los casos de pederastia, focaliz\u00e1ndolos s\u00f3lo en la Iglesia cat\u00f3lica y con una lente de aumento (seg\u00fan el estudio de la Fundaci\u00f3n ANAR, los sacerdotes son responsables del 0,2% de los casos de abusos en Espa\u00f1a entre 2008 y 2019), o la inmatriculaci\u00f3n registral de propiedades eclesiales, son dos ejemplos de manipulaci\u00f3n para deslegitimar a la Iglesia desde el progresismo cancelador que tienen un gran impacto sobre la opini\u00f3n p\u00fablica, cat\u00f3licos incluidos. Por \u00faltimo, existe una forma de vivir la fe m\u00e1s militante y comprometida con la doctrina y espiritualidad de la Iglesia cat\u00f3lica. Esta tercera actitud no est\u00e1 libre de carencias y pecados. Se podr\u00e1 decir que en ocasiones es menos sensible a la justicia social. Puede ser, pero tambi\u00e9n debe considerarse, que hoy las administraciones p\u00fablicas han asumido gran parte la labor social y educativa que hab\u00eda hecho la Iglesia durante siglos. El hambre y la miseria material, siendo problemas muy graves, no son el principal peligro que afecta hoy a las sociedades occidentales. Es m\u00e1s bien la pobreza espiritual, que est\u00e1 dejando a muchas personas deprimidas o desorientadas por la falta de sentido y de esperanza, y amenaza con dejar as\u00ed a muchas m\u00e1s. Los cristianos hoy debemos mostrar a Jes\u00fas a \u201cquienes est\u00e1n cansados y agobiados\u201d, y hacerles ver que el supuesto yugo del cristianismo no es tal, sino \u201cuna carga suave y ligera\u201d. Hacerles ver que Jesucristo \u00abhace nuevas todas las cosas\u00bb, tambi\u00e9n nuestras vidas, si nos dejamos amar y habitar por \u00c9l. Publicado el 2 de septiembre de 2022 en el Diari de Girona<\/p>\n","protected":false},"author":6,"featured_media":60657,"comment_status":"open","ping_status":"open","sticky":false,"template":"","format":"standard","meta":{"_FSMCFIC_featured_image_caption":"","_FSMCFIC_featured_image_nocaption":"","_FSMCFIC_featured_image_hide":"","footnotes":""},"categories":[801],"tags":[3585],"class_list":["post-60660","post","type-post","status-publish","format-standard","has-post-thumbnail","hentry","category-veritas-in-caritate-es","tag-catolicos-es"],"yoast_head":"<!-- This site is optimized with the Yoast SEO plugin v26.8 - https:\/\/yoast.com\/product\/yoast-seo-wordpress\/ -->\n<title>Cat\u00f3licos en la postmodernidad - Converses a Catalunya<\/title>\n<meta name=\"description\" content=\"Muchos cat\u00f3licos catalanes contin\u00faan hoy anclados en el posfranquismo, aunque la gran mayor\u00eda no vivieron el nacionalcatolicismo\" \/>\n<meta name=\"robots\" content=\"noindex, nofollow\" \/>\n<meta property=\"og:locale\" content=\"es_ES\" \/>\n<meta property=\"og:type\" content=\"article\" \/>\n<meta property=\"og:title\" content=\"Cat\u00f3licos en la postmodernidad - Converses a Catalunya\" \/>\n<meta property=\"og:description\" content=\"Muchos cat\u00f3licos catalanes contin\u00faan hoy anclados en el posfranquismo, aunque la gran mayor\u00eda no vivieron el nacionalcatolicismo\" \/>\n<meta property=\"og:url\" content=\"https:\/\/conversesacatalunya.cat\/es\/catolicos-en-la-postmodernidad\/\" \/>\n<meta property=\"og:site_name\" content=\"Converses a Catalunya\" \/>\n<meta property=\"article:published_time\" content=\"2022-09-12T07:55:53+00:00\" \/>\n<meta property=\"og:image\" content=\"https:\/\/conversesacatalunya.cat\/wp-content\/uploads\/2022\/09\/postmodernitat.jpg\" \/>\n\t<meta property=\"og:image:width\" content=\"640\" \/>\n\t<meta property=\"og:image:height\" content=\"427\" \/>\n\t<meta property=\"og:image:type\" content=\"image\/jpeg\" \/>\n<meta name=\"author\" content=\"Carles Ros Arpa\" \/>\n<meta name=\"twitter:card\" content=\"summary_large_image\" \/>\n<meta name=\"twitter:label1\" content=\"Escrito por\" \/>\n\t<meta name=\"twitter:data1\" content=\"Carles Ros Arpa\" \/>\n\t<meta name=\"twitter:label2\" content=\"Tiempo de lectura\" \/>\n\t<meta name=\"twitter:data2\" content=\"5 minutos\" \/>\n<script type=\"application\/ld+json\" class=\"yoast-schema-graph\">{\"@context\":\"https:\/\/schema.org\",\"@graph\":[{\"@type\":\"Article\",\"@id\":\"https:\/\/conversesacatalunya.cat\/es\/catolicos-en-la-postmodernidad\/#article\",\"isPartOf\":{\"@id\":\"https:\/\/conversesacatalunya.cat\/es\/catolicos-en-la-postmodernidad\/\"},\"author\":{\"name\":\"Carles Ros Arpa\",\"@id\":\"https:\/\/conversesacatalunya.cat\/#\/schema\/person\/158977e8a6f4c10be20fb1e30375371b\"},\"headline\":\"Cat\u00f3licos en la postmodernidad\",\"datePublished\":\"2022-09-12T07:55:53+00:00\",\"mainEntityOfPage\":{\"@id\":\"https:\/\/conversesacatalunya.cat\/es\/catolicos-en-la-postmodernidad\/\"},\"wordCount\":1037,\"commentCount\":0,\"image\":{\"@id\":\"https:\/\/conversesacatalunya.cat\/es\/catolicos-en-la-postmodernidad\/#primaryimage\"},\"thumbnailUrl\":\"https:\/\/conversesacatalunya.cat\/wp-content\/uploads\/2022\/09\/postmodernitat.jpg\",\"keywords\":[\"cat\u00f3licos\"],\"articleSection\":[\"Veritas in caritate (ES)\"],\"inLanguage\":\"es\",\"potentialAction\":[{\"@type\":\"CommentAction\",\"name\":\"Comment\",\"target\":[\"https:\/\/conversesacatalunya.cat\/es\/catolicos-en-la-postmodernidad\/#respond\"]}]},{\"@type\":\"WebPage\",\"@id\":\"https:\/\/conversesacatalunya.cat\/es\/catolicos-en-la-postmodernidad\/\",\"url\":\"https:\/\/conversesacatalunya.cat\/es\/catolicos-en-la-postmodernidad\/\",\"name\":\"Cat\u00f3licos en la postmodernidad - Converses a Catalunya\",\"isPartOf\":{\"@id\":\"https:\/\/conversesacatalunya.cat\/#website\"},\"primaryImageOfPage\":{\"@id\":\"https:\/\/conversesacatalunya.cat\/es\/catolicos-en-la-postmodernidad\/#primaryimage\"},\"image\":{\"@id\":\"https:\/\/conversesacatalunya.cat\/es\/catolicos-en-la-postmodernidad\/#primaryimage\"},\"thumbnailUrl\":\"https:\/\/conversesacatalunya.cat\/wp-content\/uploads\/2022\/09\/postmodernitat.jpg\",\"datePublished\":\"2022-09-12T07:55:53+00:00\",\"author\":{\"@id\":\"https:\/\/conversesacatalunya.cat\/#\/schema\/person\/158977e8a6f4c10be20fb1e30375371b\"},\"description\":\"Muchos cat\u00f3licos catalanes contin\u00faan hoy anclados en el posfranquismo, aunque la gran mayor\u00eda no vivieron el nacionalcatolicismo\",\"breadcrumb\":{\"@id\":\"https:\/\/conversesacatalunya.cat\/es\/catolicos-en-la-postmodernidad\/#breadcrumb\"},\"inLanguage\":\"es\",\"potentialAction\":[{\"@type\":\"ReadAction\",\"target\":[\"https:\/\/conversesacatalunya.cat\/es\/catolicos-en-la-postmodernidad\/\"]}]},{\"@type\":\"ImageObject\",\"inLanguage\":\"es\",\"@id\":\"https:\/\/conversesacatalunya.cat\/es\/catolicos-en-la-postmodernidad\/#primaryimage\",\"url\":\"https:\/\/conversesacatalunya.cat\/wp-content\/uploads\/2022\/09\/postmodernitat.jpg\",\"contentUrl\":\"https:\/\/conversesacatalunya.cat\/wp-content\/uploads\/2022\/09\/postmodernitat.jpg\",\"width\":640,\"height\":427},{\"@type\":\"BreadcrumbList\",\"@id\":\"https:\/\/conversesacatalunya.cat\/es\/catolicos-en-la-postmodernidad\/#breadcrumb\",\"itemListElement\":[{\"@type\":\"ListItem\",\"position\":1,\"name\":\"Inici\",\"item\":\"https:\/\/conversesacatalunya.cat\/es\/\"},{\"@type\":\"ListItem\",\"position\":2,\"name\":\"Cat\u00f3licos en la postmodernidad\"}]},{\"@type\":\"WebSite\",\"@id\":\"https:\/\/conversesacatalunya.cat\/#website\",\"url\":\"https:\/\/conversesacatalunya.cat\/\",\"name\":\"Converses a Catalunya\",\"description\":\"\",\"potentialAction\":[{\"@type\":\"SearchAction\",\"target\":{\"@type\":\"EntryPoint\",\"urlTemplate\":\"https:\/\/conversesacatalunya.cat\/?s={search_term_string}\"},\"query-input\":{\"@type\":\"PropertyValueSpecification\",\"valueRequired\":true,\"valueName\":\"search_term_string\"}}],\"inLanguage\":\"es\"},{\"@type\":\"Person\",\"@id\":\"https:\/\/conversesacatalunya.cat\/#\/schema\/person\/158977e8a6f4c10be20fb1e30375371b\",\"name\":\"Carles Ros Arpa\",\"image\":{\"@type\":\"ImageObject\",\"inLanguage\":\"es\",\"@id\":\"https:\/\/conversesacatalunya.cat\/#\/schema\/person\/image\/\",\"url\":\"https:\/\/conversesacatalunya.cat\/wp-content\/litespeed\/avatar\/ba530fe068c88283940054d0b5ea1f09.jpg?ver=1777376928\",\"contentUrl\":\"https:\/\/conversesacatalunya.cat\/wp-content\/litespeed\/avatar\/ba530fe068c88283940054d0b5ea1f09.jpg?ver=1777376928\",\"caption\":\"Carles Ros Arpa\"},\"url\":\"https:\/\/conversesacatalunya.cat\/es\/author\/carles-ros-arpa\/\"}]}<\/script>\n<!-- \/ Yoast SEO plugin. -->","yoast_head_json":{"title":"Cat\u00f3licos en la postmodernidad - Converses a Catalunya","description":"Muchos cat\u00f3licos catalanes contin\u00faan hoy anclados en el posfranquismo, aunque la gran mayor\u00eda no vivieron el nacionalcatolicismo","robots":{"index":"noindex","follow":"nofollow"},"og_locale":"es_ES","og_type":"article","og_title":"Cat\u00f3licos en la postmodernidad - Converses a Catalunya","og_description":"Muchos cat\u00f3licos catalanes contin\u00faan hoy anclados en el posfranquismo, aunque la gran mayor\u00eda no vivieron el nacionalcatolicismo","og_url":"https:\/\/conversesacatalunya.cat\/es\/catolicos-en-la-postmodernidad\/","og_site_name":"Converses a Catalunya","article_published_time":"2022-09-12T07:55:53+00:00","og_image":[{"width":640,"height":427,"url":"https:\/\/conversesacatalunya.cat\/wp-content\/uploads\/2022\/09\/postmodernitat.jpg","type":"image\/jpeg"}],"author":"Carles Ros Arpa","twitter_card":"summary_large_image","twitter_misc":{"Escrito por":"Carles Ros Arpa","Tiempo de lectura":"5 minutos"},"schema":{"@context":"https:\/\/schema.org","@graph":[{"@type":"Article","@id":"https:\/\/conversesacatalunya.cat\/es\/catolicos-en-la-postmodernidad\/#article","isPartOf":{"@id":"https:\/\/conversesacatalunya.cat\/es\/catolicos-en-la-postmodernidad\/"},"author":{"name":"Carles Ros Arpa","@id":"https:\/\/conversesacatalunya.cat\/#\/schema\/person\/158977e8a6f4c10be20fb1e30375371b"},"headline":"Cat\u00f3licos en la postmodernidad","datePublished":"2022-09-12T07:55:53+00:00","mainEntityOfPage":{"@id":"https:\/\/conversesacatalunya.cat\/es\/catolicos-en-la-postmodernidad\/"},"wordCount":1037,"commentCount":0,"image":{"@id":"https:\/\/conversesacatalunya.cat\/es\/catolicos-en-la-postmodernidad\/#primaryimage"},"thumbnailUrl":"https:\/\/conversesacatalunya.cat\/wp-content\/uploads\/2022\/09\/postmodernitat.jpg","keywords":["cat\u00f3licos"],"articleSection":["Veritas in caritate (ES)"],"inLanguage":"es","potentialAction":[{"@type":"CommentAction","name":"Comment","target":["https:\/\/conversesacatalunya.cat\/es\/catolicos-en-la-postmodernidad\/#respond"]}]},{"@type":"WebPage","@id":"https:\/\/conversesacatalunya.cat\/es\/catolicos-en-la-postmodernidad\/","url":"https:\/\/conversesacatalunya.cat\/es\/catolicos-en-la-postmodernidad\/","name":"Cat\u00f3licos en la postmodernidad - Converses a Catalunya","isPartOf":{"@id":"https:\/\/conversesacatalunya.cat\/#website"},"primaryImageOfPage":{"@id":"https:\/\/conversesacatalunya.cat\/es\/catolicos-en-la-postmodernidad\/#primaryimage"},"image":{"@id":"https:\/\/conversesacatalunya.cat\/es\/catolicos-en-la-postmodernidad\/#primaryimage"},"thumbnailUrl":"https:\/\/conversesacatalunya.cat\/wp-content\/uploads\/2022\/09\/postmodernitat.jpg","datePublished":"2022-09-12T07:55:53+00:00","author":{"@id":"https:\/\/conversesacatalunya.cat\/#\/schema\/person\/158977e8a6f4c10be20fb1e30375371b"},"description":"Muchos cat\u00f3licos catalanes contin\u00faan hoy anclados en el posfranquismo, aunque la gran mayor\u00eda no vivieron el nacionalcatolicismo","breadcrumb":{"@id":"https:\/\/conversesacatalunya.cat\/es\/catolicos-en-la-postmodernidad\/#breadcrumb"},"inLanguage":"es","potentialAction":[{"@type":"ReadAction","target":["https:\/\/conversesacatalunya.cat\/es\/catolicos-en-la-postmodernidad\/"]}]},{"@type":"ImageObject","inLanguage":"es","@id":"https:\/\/conversesacatalunya.cat\/es\/catolicos-en-la-postmodernidad\/#primaryimage","url":"https:\/\/conversesacatalunya.cat\/wp-content\/uploads\/2022\/09\/postmodernitat.jpg","contentUrl":"https:\/\/conversesacatalunya.cat\/wp-content\/uploads\/2022\/09\/postmodernitat.jpg","width":640,"height":427},{"@type":"BreadcrumbList","@id":"https:\/\/conversesacatalunya.cat\/es\/catolicos-en-la-postmodernidad\/#breadcrumb","itemListElement":[{"@type":"ListItem","position":1,"name":"Inici","item":"https:\/\/conversesacatalunya.cat\/es\/"},{"@type":"ListItem","position":2,"name":"Cat\u00f3licos en la postmodernidad"}]},{"@type":"WebSite","@id":"https:\/\/conversesacatalunya.cat\/#website","url":"https:\/\/conversesacatalunya.cat\/","name":"Converses a Catalunya","description":"","potentialAction":[{"@type":"SearchAction","target":{"@type":"EntryPoint","urlTemplate":"https:\/\/conversesacatalunya.cat\/?s={search_term_string}"},"query-input":{"@type":"PropertyValueSpecification","valueRequired":true,"valueName":"search_term_string"}}],"inLanguage":"es"},{"@type":"Person","@id":"https:\/\/conversesacatalunya.cat\/#\/schema\/person\/158977e8a6f4c10be20fb1e30375371b","name":"Carles Ros Arpa","image":{"@type":"ImageObject","inLanguage":"es","@id":"https:\/\/conversesacatalunya.cat\/#\/schema\/person\/image\/","url":"https:\/\/conversesacatalunya.cat\/wp-content\/litespeed\/avatar\/ba530fe068c88283940054d0b5ea1f09.jpg?ver=1777376928","contentUrl":"https:\/\/conversesacatalunya.cat\/wp-content\/litespeed\/avatar\/ba530fe068c88283940054d0b5ea1f09.jpg?ver=1777376928","caption":"Carles Ros Arpa"},"url":"https:\/\/conversesacatalunya.cat\/es\/author\/carles-ros-arpa\/"}]}},"wps_subtitle":"","_links":{"self":[{"href":"https:\/\/conversesacatalunya.cat\/es\/wp-json\/wp\/v2\/posts\/60660","targetHints":{"allow":["GET"]}}],"collection":[{"href":"https:\/\/conversesacatalunya.cat\/es\/wp-json\/wp\/v2\/posts"}],"about":[{"href":"https:\/\/conversesacatalunya.cat\/es\/wp-json\/wp\/v2\/types\/post"}],"author":[{"embeddable":true,"href":"https:\/\/conversesacatalunya.cat\/es\/wp-json\/wp\/v2\/users\/6"}],"replies":[{"embeddable":true,"href":"https:\/\/conversesacatalunya.cat\/es\/wp-json\/wp\/v2\/comments?post=60660"}],"version-history":[{"count":3,"href":"https:\/\/conversesacatalunya.cat\/es\/wp-json\/wp\/v2\/posts\/60660\/revisions"}],"predecessor-version":[{"id":60664,"href":"https:\/\/conversesacatalunya.cat\/es\/wp-json\/wp\/v2\/posts\/60660\/revisions\/60664"}],"wp:featuredmedia":[{"embeddable":true,"href":"https:\/\/conversesacatalunya.cat\/es\/wp-json\/wp\/v2\/media\/60657"}],"wp:attachment":[{"href":"https:\/\/conversesacatalunya.cat\/es\/wp-json\/wp\/v2\/media?parent=60660"}],"wp:term":[{"taxonomy":"category","embeddable":true,"href":"https:\/\/conversesacatalunya.cat\/es\/wp-json\/wp\/v2\/categories?post=60660"},{"taxonomy":"post_tag","embeddable":true,"href":"https:\/\/conversesacatalunya.cat\/es\/wp-json\/wp\/v2\/tags?post=60660"}],"curies":[{"name":"wp","href":"https:\/\/api.w.org\/{rel}","templated":true}]}}