{"id":60425,"date":"2022-09-02T10:09:39","date_gmt":"2022-09-02T08:09:39","guid":{"rendered":"https:\/\/conversesacatalunya.cat\/?p=60425"},"modified":"2022-09-05T09:58:53","modified_gmt":"2022-09-05T07:58:53","slug":"la-espana-quemada-y-como-evitarlo-y-ii","status":"publish","type":"post","link":"https:\/\/conversesacatalunya.cat\/es\/la-espana-quemada-y-como-evitarlo-y-ii\/","title":{"rendered":"La Espa\u00f1a quemada y c\u00f3mo evitarlo (y II)"},"content":{"rendered":"<p>En el\u00a0<a href=\"https:\/\/conversesacatalunya.cat\/es\/la-espana-quemada-y-como-evitarlo-i\/\" target=\"_blank\" rel=\"noreferrer noopener\">primero de los art\u00edculos<\/a>\u00a0explicaba c\u00f3mo, en el caso de Catalunya, la estrategia de la lucha contra el foco se hab\u00eda mostrado eficaz en su adaptaci\u00f3n a los incendios forestales, pero tambi\u00e9n apuntaba que este enfoque no resuelve el\u00a0 supuesto de un gran incendio ya formado. Para abordar esta otra dimensi\u00f3n se requiere otro planteamiento: un programa de prevenci\u00f3n y extinci\u00f3n de grandes fuegos forestales.<\/p>\n<p>La l\u00f3gica de este nuevo enfoque es sustancialmente distinta a la aplicada en la lucha contra el foco.\u00a0 A lo que en este\u00a0 es su caracter\u00edstica esencial de anticipaci\u00f3n y velocidad de reacci\u00f3n, se le a\u00f1ade un sistema defensivo, y de prevenci\u00f3n, una acci\u00f3n estructural\u00a0 de control de territorio.<\/p>\n<p>La defensa de los grandes incendios tiene como principio b\u00e1sico\u00a0<strong>la ruptura de la continuidad forestal sin da\u00f1o ecol\u00f3gico<\/strong>, mediante caminos establecidos y franjas de protecci\u00f3n que ampl\u00edan su efecto, barreras de vegetaci\u00f3n de alto contenido en agua (plantas crasas, euforbi\u00e1ceas, etc.), franjas de determinados cultivos agr\u00edcolas que de manera natural detienen o minimizan el fuego (vi\u00f1a, almendro, olivo, praderas permanentes),\u00a0 reducci\u00f3n de la carga\u00a0 de energ\u00eda, modificaci\u00f3n de\u00a0 altura de los \u00e1rboles en los l\u00edmites de las zonas de protecci\u00f3n. El aclarado puede ser suficiente: franjas en las que se ha reducido la densidad de plantaci\u00f3n a menos de 150 \u00e1rboles por hect\u00e1rea, y de una anchura proporcionada a la altura y potencia de fuego del bosque con el que limita.<\/p>\n<p>Una condici\u00f3n b\u00e1sica es que todo n\u00facleo habitado y casas aisladas deben de disponer de una franja de protecci\u00f3n de no menos de 25 metros de ancho, en funci\u00f3n de la tipolog\u00eda del bosque colindante.<\/p>\n<p>A todo ello es necesario a\u00f1adir el aprovechamiento sostenible del bosque, que tiene en los distintos \u00f3rdenes de pastoreo un recurso b\u00e1sico, como lo posee, obviamente, una buena gesti\u00f3n forestal. Se trata de introducir la e<strong>conom\u00eda del bosque<\/strong>\u00a0en la prevenci\u00f3n del incendio: mejorar su rentabilidad sin merma del equilibrio ecol\u00f3gico, excepto en aquellos espacios protegidos, donde debe vetarse toda acci\u00f3n humana.<\/p>\n<p>La base de la organizaci\u00f3n es el\u00a0<strong>dise\u00f1o de m\u00f3dulos forestales<\/strong>\u00a0de una superficie determinada, que aprovechen al m\u00e1ximo las condiciones naturales mejoradas, para romper la continuidad forestal. Un plan espec\u00edfico para Catalunya en los a\u00f1os noventa y nunca aplicado, se fundamentaba en organizar el territorio en grandes m\u00f3dulos forestales, que a su vez se divid\u00edan en subm\u00f3dulos, que dimensionan el m\u00e1ximo te\u00f3rico que se puede quemar sin perder el control. En el caso de Catalunya y en funci\u00f3n de cada espacio geogr\u00e1fico, oscilaban entre\u00a0 1.000 y 5.000 hect\u00e1reas.<\/p>\n<p>Los m\u00f3dulos son gestionados por\u00a0<strong>Agrupaciones de Defensa Forestal<\/strong>, garantizando as\u00ed el\u00a0 control del territorio. Un m\u00f3dulo y sus subdivisiones, es el espacio forestal arbolado delimitado por una serie de barreras al fuego, naturales, mejoradas, o constituidas a tal efecto. Los m\u00f3dulos se articulan con la organizaci\u00f3n de la detecci\u00f3n anticipada y r\u00e1pida, y la intervenci\u00f3n inmediata, as\u00ed como con los aprovechamientos forestales. Cada uno de ellos dispone de una peque\u00f1a estaci\u00f3n meteorol\u00f3gica que trasmite los datos b\u00e1sicos en tiempo real. Los subm\u00f3dulos son el resultado de las rupturas forestales y todo ello configura un mosaico delimitado por las discontinuidades. En todo caso, es esencial minimizar el uso de barreras que originen erosi\u00f3n.<\/p>\n<p>Todo esto significa una i<strong>nversi\u00f3n<\/strong>, que mejora el territorio, ofrece m\u00e1s oportunidades de trabajo, y evita el da\u00f1o de los incendios. A largo plazo, la relaci\u00f3n coste beneficio resulta mejor, que concentrase solo en disponer de\u00a0 m\u00e1s medios de extinci\u00f3n. Es necesario recordar que, por ejemplo, la eficacia de los medios a\u00e9reos es limitada, puesto que el 50% de las descargas a\u00e9reas son ineficaces, lo que no cuestiona su gran utilidad; solo la cuantifica.<\/p>\n<p>Todo ello conduce a otra conclusi\u00f3n,\u00a0<strong>la introducci\u00f3n de los an\u00e1lisis coste beneficio<\/strong>\u00a0en los programas de prevenci\u00f3n y extinci\u00f3n, en los que necesariamente debe introducirse el coste del impacto ambiental del incendio, en t\u00e9rminos de los precios de mercado de las emisiones de CO<sub>2,\u00a0<\/sub>junto con los restantes costes. L<strong>a econom\u00eda del fuego forestal<\/strong> integrada en la econom\u00eda del medio forestal, es necesaria para un abordaje integral del problema de los grandes incendios, cuyo objeto es la preservaci\u00f3n del bosque y no la extinci\u00f3n, que es solo un medio.<\/p>\n<p><strong>La respuesta racional al crecimiento de los incendios explosivos<\/strong>\u00a0en Espa\u00f1a es doble. Por una parte, las autonom\u00edas, que a\u00fan no han establecido el modelo de la lucha contra el foco, deber\u00edan de disponer de\u00a0<strong>sistemas basados en la detecci\u00f3n anticipada, r\u00e1pida, intervenci\u00f3n inmediata y control del territorio.<\/strong>\u00a0Al mismo tiempo, todas las comunidades har\u00edan bien en\u00a0<strong>establecer\u00a0 programas de prevenci\u00f3n y lucha contra los grandes incendios<\/strong>. La financiaci\u00f3n de estos programas debe corresponder al Estado para que su realizaci\u00f3n no se dilate peligrosamente en el tiempo. Los fondos Next Generation lo hacen posible debido a una doble raz\u00f3n: la de la sostenibilidad del medio y la\u00a0 de la transici\u00f3n ecol\u00f3gica, porque evitar incendios es reducir la emisi\u00f3n de CO<sub>2\u00a0<\/sub>a la atm\u00f3sfera.<\/p>\n<p>Que el bosque se queme mucho y sistem\u00e1ticamente no es una fatalidad. Se puede evitar con la estrategia y los recursos adecuados.<\/p>\n<p><em>Art\u00edculo publicado en La Vanguardia<\/em><\/p>\n","protected":false},"excerpt":{"rendered":"<p>En el\u00a0primero de los art\u00edculos\u00a0explicaba c\u00f3mo, en el caso de Catalunya, la estrategia de la lucha contra el foco se hab\u00eda mostrado eficaz en su adaptaci\u00f3n a los incendios forestales, pero tambi\u00e9n apuntaba que este enfoque no resuelve el\u00a0 supuesto de un gran incendio ya formado. Para abordar esta otra dimensi\u00f3n se requiere otro planteamiento: un programa de prevenci\u00f3n y extinci\u00f3n de grandes fuegos forestales. La l\u00f3gica de este nuevo enfoque es sustancialmente distinta a la aplicada en la lucha contra el foco.\u00a0 A lo que en este\u00a0 es su caracter\u00edstica esencial de anticipaci\u00f3n y velocidad de reacci\u00f3n, se le a\u00f1ade un sistema defensivo, y de prevenci\u00f3n, una acci\u00f3n estructural\u00a0 de control de territorio. La defensa de los grandes incendios tiene como principio b\u00e1sico\u00a0la ruptura de la continuidad forestal sin da\u00f1o ecol\u00f3gico, mediante caminos establecidos y franjas de protecci\u00f3n que ampl\u00edan su efecto, barreras de vegetaci\u00f3n de alto contenido en agua (plantas crasas, euforbi\u00e1ceas, etc.), franjas de determinados cultivos agr\u00edcolas que de manera natural detienen o minimizan el fuego (vi\u00f1a, almendro, olivo, praderas permanentes),\u00a0 reducci\u00f3n de la carga\u00a0 de energ\u00eda, modificaci\u00f3n de\u00a0 altura de los \u00e1rboles en los l\u00edmites de las zonas de protecci\u00f3n. El aclarado puede ser suficiente: franjas en las que se ha reducido la densidad de plantaci\u00f3n a menos de 150 \u00e1rboles por hect\u00e1rea, y de una anchura proporcionada a la altura y potencia de fuego del bosque con el que limita. Una condici\u00f3n b\u00e1sica es que todo n\u00facleo habitado y casas aisladas deben de disponer de una franja de protecci\u00f3n de no menos de 25 metros de ancho, en funci\u00f3n de la tipolog\u00eda del bosque colindante. A todo ello es necesario a\u00f1adir el aprovechamiento sostenible del bosque, que tiene en los distintos \u00f3rdenes de pastoreo un recurso b\u00e1sico, como lo posee, obviamente, una buena gesti\u00f3n forestal. Se trata de introducir la econom\u00eda del bosque\u00a0en la prevenci\u00f3n del incendio: mejorar su rentabilidad sin merma del equilibrio ecol\u00f3gico, excepto en aquellos espacios protegidos, donde debe vetarse toda acci\u00f3n humana. La base de la organizaci\u00f3n es el\u00a0dise\u00f1o de m\u00f3dulos forestales\u00a0de una superficie determinada, que aprovechen al m\u00e1ximo las condiciones naturales mejoradas, para romper la continuidad forestal. Un plan espec\u00edfico para Catalunya en los a\u00f1os noventa y nunca aplicado, se fundamentaba en organizar el territorio en grandes m\u00f3dulos forestales, que a su vez se divid\u00edan en subm\u00f3dulos, que dimensionan el m\u00e1ximo te\u00f3rico que se puede quemar sin perder el control. En el caso de Catalunya y en funci\u00f3n de cada espacio geogr\u00e1fico, oscilaban entre\u00a0 1.000 y 5.000 hect\u00e1reas. Los m\u00f3dulos son gestionados por\u00a0Agrupaciones de Defensa Forestal, garantizando as\u00ed el\u00a0 control del territorio. Un m\u00f3dulo y sus subdivisiones, es el espacio forestal arbolado delimitado por una serie de barreras al fuego, naturales, mejoradas, o constituidas a tal efecto. Los m\u00f3dulos se articulan con la organizaci\u00f3n de la detecci\u00f3n anticipada y r\u00e1pida, y la intervenci\u00f3n inmediata, as\u00ed como con los aprovechamientos forestales. Cada uno de ellos dispone de una peque\u00f1a estaci\u00f3n meteorol\u00f3gica que trasmite los datos b\u00e1sicos en tiempo real. Los subm\u00f3dulos son el resultado de las rupturas forestales y todo ello configura un mosaico delimitado por las discontinuidades. En todo caso, es esencial minimizar el uso de barreras que originen erosi\u00f3n. Todo esto significa una inversi\u00f3n, que mejora el territorio, ofrece m\u00e1s oportunidades de trabajo, y evita el da\u00f1o de los incendios. A largo plazo, la relaci\u00f3n coste beneficio resulta mejor, que concentrase solo en disponer de\u00a0 m\u00e1s medios de extinci\u00f3n. Es necesario recordar que, por ejemplo, la eficacia de los medios a\u00e9reos es limitada, puesto que el 50% de las descargas a\u00e9reas son ineficaces, lo que no cuestiona su gran utilidad; solo la cuantifica. Todo ello conduce a otra conclusi\u00f3n,\u00a0la introducci\u00f3n de los an\u00e1lisis coste beneficio\u00a0en los programas de prevenci\u00f3n y extinci\u00f3n, en los que necesariamente debe introducirse el coste del impacto ambiental del incendio, en t\u00e9rminos de los precios de mercado de las emisiones de CO2,\u00a0junto con los restantes costes. La econom\u00eda del fuego forestal integrada en la econom\u00eda del medio forestal, es necesaria para un abordaje integral del problema de los grandes incendios, cuyo objeto es la preservaci\u00f3n del bosque y no la extinci\u00f3n, que es solo un medio. La respuesta racional al crecimiento de los incendios explosivos\u00a0en Espa\u00f1a es doble. Por una parte, las autonom\u00edas, que a\u00fan no han establecido el modelo de la lucha contra el foco, deber\u00edan de disponer de\u00a0sistemas basados en la detecci\u00f3n anticipada, r\u00e1pida, intervenci\u00f3n inmediata y control del territorio.\u00a0Al mismo tiempo, todas las comunidades har\u00edan bien en\u00a0establecer\u00a0 programas de prevenci\u00f3n y lucha contra los grandes incendios. La financiaci\u00f3n de estos programas debe corresponder al Estado para que su realizaci\u00f3n no se dilate peligrosamente en el tiempo. Los fondos Next Generation lo hacen posible debido a una doble raz\u00f3n: la de la sostenibilidad del medio y la\u00a0 de la transici\u00f3n ecol\u00f3gica, porque evitar incendios es reducir la emisi\u00f3n de CO2\u00a0a la atm\u00f3sfera. Que el bosque se queme mucho y sistem\u00e1ticamente no es una fatalidad. Se puede evitar con la estrategia y los recursos adecuados. Art\u00edculo publicado en La Vanguardia<\/p>\n","protected":false},"author":19,"featured_media":60426,"comment_status":"open","ping_status":"open","sticky":false,"template":"","format":"standard","meta":{"_FSMCFIC_featured_image_caption":"","_FSMCFIC_featured_image_nocaption":"","_FSMCFIC_featured_image_hide":"","footnotes":""},"categories":[796],"tags":[1429],"class_list":["post-60425","post","type-post","status-publish","format-standard","has-post-thumbnail","hentry","category-el-blog-de-josep-miro-i-ardevol-es","tag-incendios"],"yoast_head":"<!-- This site is optimized with the Yoast SEO plugin v26.8 - https:\/\/yoast.com\/product\/yoast-seo-wordpress\/ -->\n<title>La Espa\u00f1a quemada y c\u00f3mo evitarlo (y II) - Converses a Catalunya<\/title>\n<meta name=\"robots\" content=\"noindex, nofollow\" \/>\n<meta property=\"og:locale\" content=\"es_ES\" \/>\n<meta property=\"og:type\" content=\"article\" \/>\n<meta property=\"og:title\" content=\"La Espa\u00f1a quemada y c\u00f3mo evitarlo (y II) - Converses a Catalunya\" \/>\n<meta property=\"og:description\" content=\"En el\u00a0primero de los art\u00edculos\u00a0explicaba c\u00f3mo, en el caso de Catalunya, la estrategia de la lucha contra el foco se hab\u00eda mostrado eficaz en su adaptaci\u00f3n a los incendios forestales, pero tambi\u00e9n apuntaba que este enfoque no resuelve el\u00a0 supuesto de un gran incendio ya formado. Para abordar esta otra dimensi\u00f3n se requiere otro planteamiento: un programa de prevenci\u00f3n y extinci\u00f3n de grandes fuegos forestales. La l\u00f3gica de este nuevo enfoque es sustancialmente distinta a la aplicada en la lucha contra el foco.\u00a0 A lo que en este\u00a0 es su caracter\u00edstica esencial de anticipaci\u00f3n y velocidad de reacci\u00f3n, se le a\u00f1ade un sistema defensivo, y de prevenci\u00f3n, una acci\u00f3n estructural\u00a0 de control de territorio. La defensa de los grandes incendios tiene como principio b\u00e1sico\u00a0la ruptura de la continuidad forestal sin da\u00f1o ecol\u00f3gico, mediante caminos establecidos y franjas de protecci\u00f3n que ampl\u00edan su efecto, barreras de vegetaci\u00f3n de alto contenido en agua (plantas crasas, euforbi\u00e1ceas, etc.), franjas de determinados cultivos agr\u00edcolas que de manera natural detienen o minimizan el fuego (vi\u00f1a, almendro, olivo, praderas permanentes),\u00a0 reducci\u00f3n de la carga\u00a0 de energ\u00eda, modificaci\u00f3n de\u00a0 altura de los \u00e1rboles en los l\u00edmites de las zonas de protecci\u00f3n. El aclarado puede ser suficiente: franjas en las que se ha reducido la densidad de plantaci\u00f3n a menos de 150 \u00e1rboles por hect\u00e1rea, y de una anchura proporcionada a la altura y potencia de fuego del bosque con el que limita. Una condici\u00f3n b\u00e1sica es que todo n\u00facleo habitado y casas aisladas deben de disponer de una franja de protecci\u00f3n de no menos de 25 metros de ancho, en funci\u00f3n de la tipolog\u00eda del bosque colindante. A todo ello es necesario a\u00f1adir el aprovechamiento sostenible del bosque, que tiene en los distintos \u00f3rdenes de pastoreo un recurso b\u00e1sico, como lo posee, obviamente, una buena gesti\u00f3n forestal. Se trata de introducir la econom\u00eda del bosque\u00a0en la prevenci\u00f3n del incendio: mejorar su rentabilidad sin merma del equilibrio ecol\u00f3gico, excepto en aquellos espacios protegidos, donde debe vetarse toda acci\u00f3n humana. La base de la organizaci\u00f3n es el\u00a0dise\u00f1o de m\u00f3dulos forestales\u00a0de una superficie determinada, que aprovechen al m\u00e1ximo las condiciones naturales mejoradas, para romper la continuidad forestal. Un plan espec\u00edfico para Catalunya en los a\u00f1os noventa y nunca aplicado, se fundamentaba en organizar el territorio en grandes m\u00f3dulos forestales, que a su vez se divid\u00edan en subm\u00f3dulos, que dimensionan el m\u00e1ximo te\u00f3rico que se puede quemar sin perder el control. En el caso de Catalunya y en funci\u00f3n de cada espacio geogr\u00e1fico, oscilaban entre\u00a0 1.000 y 5.000 hect\u00e1reas. Los m\u00f3dulos son gestionados por\u00a0Agrupaciones de Defensa Forestal, garantizando as\u00ed el\u00a0 control del territorio. Un m\u00f3dulo y sus subdivisiones, es el espacio forestal arbolado delimitado por una serie de barreras al fuego, naturales, mejoradas, o constituidas a tal efecto. Los m\u00f3dulos se articulan con la organizaci\u00f3n de la detecci\u00f3n anticipada y r\u00e1pida, y la intervenci\u00f3n inmediata, as\u00ed como con los aprovechamientos forestales. Cada uno de ellos dispone de una peque\u00f1a estaci\u00f3n meteorol\u00f3gica que trasmite los datos b\u00e1sicos en tiempo real. Los subm\u00f3dulos son el resultado de las rupturas forestales y todo ello configura un mosaico delimitado por las discontinuidades. En todo caso, es esencial minimizar el uso de barreras que originen erosi\u00f3n. Todo esto significa una inversi\u00f3n, que mejora el territorio, ofrece m\u00e1s oportunidades de trabajo, y evita el da\u00f1o de los incendios. A largo plazo, la relaci\u00f3n coste beneficio resulta mejor, que concentrase solo en disponer de\u00a0 m\u00e1s medios de extinci\u00f3n. Es necesario recordar que, por ejemplo, la eficacia de los medios a\u00e9reos es limitada, puesto que el 50% de las descargas a\u00e9reas son ineficaces, lo que no cuestiona su gran utilidad; solo la cuantifica. Todo ello conduce a otra conclusi\u00f3n,\u00a0la introducci\u00f3n de los an\u00e1lisis coste beneficio\u00a0en los programas de prevenci\u00f3n y extinci\u00f3n, en los que necesariamente debe introducirse el coste del impacto ambiental del incendio, en t\u00e9rminos de los precios de mercado de las emisiones de CO2,\u00a0junto con los restantes costes. La econom\u00eda del fuego forestal integrada en la econom\u00eda del medio forestal, es necesaria para un abordaje integral del problema de los grandes incendios, cuyo objeto es la preservaci\u00f3n del bosque y no la extinci\u00f3n, que es solo un medio. La respuesta racional al crecimiento de los incendios explosivos\u00a0en Espa\u00f1a es doble. Por una parte, las autonom\u00edas, que a\u00fan no han establecido el modelo de la lucha contra el foco, deber\u00edan de disponer de\u00a0sistemas basados en la detecci\u00f3n anticipada, r\u00e1pida, intervenci\u00f3n inmediata y control del territorio.\u00a0Al mismo tiempo, todas las comunidades har\u00edan bien en\u00a0establecer\u00a0 programas de prevenci\u00f3n y lucha contra los grandes incendios. La financiaci\u00f3n de estos programas debe corresponder al Estado para que su realizaci\u00f3n no se dilate peligrosamente en el tiempo. Los fondos Next Generation lo hacen posible debido a una doble raz\u00f3n: la de la sostenibilidad del medio y la\u00a0 de la transici\u00f3n ecol\u00f3gica, porque evitar incendios es reducir la emisi\u00f3n de CO2\u00a0a la atm\u00f3sfera. Que el bosque se queme mucho y sistem\u00e1ticamente no es una fatalidad. Se puede evitar con la estrategia y los recursos adecuados. Art\u00edculo publicado en La Vanguardia\" \/>\n<meta property=\"og:url\" content=\"https:\/\/conversesacatalunya.cat\/es\/la-espana-quemada-y-como-evitarlo-y-ii\/\" \/>\n<meta property=\"og:site_name\" content=\"Converses a Catalunya\" \/>\n<meta property=\"article:published_time\" content=\"2022-09-02T08:09:39+00:00\" \/>\n<meta property=\"article:modified_time\" content=\"2022-09-05T07:58:53+00:00\" \/>\n<meta property=\"og:image\" content=\"https:\/\/conversesacatalunya.cat\/wp-content\/uploads\/2022\/09\/incendi1.jpg\" \/>\n\t<meta property=\"og:image:width\" content=\"1920\" \/>\n\t<meta property=\"og:image:height\" content=\"1080\" \/>\n\t<meta property=\"og:image:type\" content=\"image\/jpeg\" \/>\n<meta name=\"author\" content=\"Josep Mir\u00f3 i Ard\u00e8vol\" \/>\n<meta name=\"twitter:card\" content=\"summary_large_image\" \/>\n<meta name=\"twitter:label1\" content=\"Escrito por\" \/>\n\t<meta name=\"twitter:data1\" content=\"Josep Mir\u00f3 i Ard\u00e8vol\" \/>\n\t<meta name=\"twitter:label2\" content=\"Tiempo de lectura\" \/>\n\t<meta name=\"twitter:data2\" content=\"5 minutos\" \/>\n<script type=\"application\/ld+json\" class=\"yoast-schema-graph\">{\"@context\":\"https:\/\/schema.org\",\"@graph\":[{\"@type\":\"Article\",\"@id\":\"https:\/\/conversesacatalunya.cat\/es\/la-espana-quemada-y-como-evitarlo-y-ii\/#article\",\"isPartOf\":{\"@id\":\"https:\/\/conversesacatalunya.cat\/es\/la-espana-quemada-y-como-evitarlo-y-ii\/\"},\"author\":{\"name\":\"Josep Mir\u00f3 i Ard\u00e8vol\",\"@id\":\"https:\/\/conversesacatalunya.cat\/#\/schema\/person\/a9598a6786ba7d3d1c5e0de477b79370\"},\"headline\":\"La Espa\u00f1a quemada y c\u00f3mo evitarlo (y II)\",\"datePublished\":\"2022-09-02T08:09:39+00:00\",\"dateModified\":\"2022-09-05T07:58:53+00:00\",\"mainEntityOfPage\":{\"@id\":\"https:\/\/conversesacatalunya.cat\/es\/la-espana-quemada-y-como-evitarlo-y-ii\/\"},\"wordCount\":963,\"commentCount\":0,\"image\":{\"@id\":\"https:\/\/conversesacatalunya.cat\/es\/la-espana-quemada-y-como-evitarlo-y-ii\/#primaryimage\"},\"thumbnailUrl\":\"https:\/\/conversesacatalunya.cat\/wp-content\/uploads\/2022\/09\/incendi1.jpg\",\"keywords\":[\"incendios\"],\"articleSection\":[\"El Blog de Josep Mir\u00f3 i Ard\u00e8vol (ES)\"],\"inLanguage\":\"es\",\"potentialAction\":[{\"@type\":\"CommentAction\",\"name\":\"Comment\",\"target\":[\"https:\/\/conversesacatalunya.cat\/es\/la-espana-quemada-y-como-evitarlo-y-ii\/#respond\"]}]},{\"@type\":\"WebPage\",\"@id\":\"https:\/\/conversesacatalunya.cat\/es\/la-espana-quemada-y-como-evitarlo-y-ii\/\",\"url\":\"https:\/\/conversesacatalunya.cat\/es\/la-espana-quemada-y-como-evitarlo-y-ii\/\",\"name\":\"La Espa\u00f1a quemada y c\u00f3mo evitarlo (y II) - Converses a Catalunya\",\"isPartOf\":{\"@id\":\"https:\/\/conversesacatalunya.cat\/#website\"},\"primaryImageOfPage\":{\"@id\":\"https:\/\/conversesacatalunya.cat\/es\/la-espana-quemada-y-como-evitarlo-y-ii\/#primaryimage\"},\"image\":{\"@id\":\"https:\/\/conversesacatalunya.cat\/es\/la-espana-quemada-y-como-evitarlo-y-ii\/#primaryimage\"},\"thumbnailUrl\":\"https:\/\/conversesacatalunya.cat\/wp-content\/uploads\/2022\/09\/incendi1.jpg\",\"datePublished\":\"2022-09-02T08:09:39+00:00\",\"dateModified\":\"2022-09-05T07:58:53+00:00\",\"author\":{\"@id\":\"https:\/\/conversesacatalunya.cat\/#\/schema\/person\/a9598a6786ba7d3d1c5e0de477b79370\"},\"breadcrumb\":{\"@id\":\"https:\/\/conversesacatalunya.cat\/es\/la-espana-quemada-y-como-evitarlo-y-ii\/#breadcrumb\"},\"inLanguage\":\"es\",\"potentialAction\":[{\"@type\":\"ReadAction\",\"target\":[\"https:\/\/conversesacatalunya.cat\/es\/la-espana-quemada-y-como-evitarlo-y-ii\/\"]}]},{\"@type\":\"ImageObject\",\"inLanguage\":\"es\",\"@id\":\"https:\/\/conversesacatalunya.cat\/es\/la-espana-quemada-y-como-evitarlo-y-ii\/#primaryimage\",\"url\":\"https:\/\/conversesacatalunya.cat\/wp-content\/uploads\/2022\/09\/incendi1.jpg\",\"contentUrl\":\"https:\/\/conversesacatalunya.cat\/wp-content\/uploads\/2022\/09\/incendi1.jpg\",\"width\":1920,\"height\":1080},{\"@type\":\"BreadcrumbList\",\"@id\":\"https:\/\/conversesacatalunya.cat\/es\/la-espana-quemada-y-como-evitarlo-y-ii\/#breadcrumb\",\"itemListElement\":[{\"@type\":\"ListItem\",\"position\":1,\"name\":\"Inici\",\"item\":\"https:\/\/conversesacatalunya.cat\/es\/\"},{\"@type\":\"ListItem\",\"position\":2,\"name\":\"La Espa\u00f1a quemada y c\u00f3mo evitarlo (y II)\"}]},{\"@type\":\"WebSite\",\"@id\":\"https:\/\/conversesacatalunya.cat\/#website\",\"url\":\"https:\/\/conversesacatalunya.cat\/\",\"name\":\"Converses a Catalunya\",\"description\":\"\",\"potentialAction\":[{\"@type\":\"SearchAction\",\"target\":{\"@type\":\"EntryPoint\",\"urlTemplate\":\"https:\/\/conversesacatalunya.cat\/?s={search_term_string}\"},\"query-input\":{\"@type\":\"PropertyValueSpecification\",\"valueRequired\":true,\"valueName\":\"search_term_string\"}}],\"inLanguage\":\"es\"},{\"@type\":\"Person\",\"@id\":\"https:\/\/conversesacatalunya.cat\/#\/schema\/person\/a9598a6786ba7d3d1c5e0de477b79370\",\"name\":\"Josep Mir\u00f3 i Ard\u00e8vol\",\"image\":{\"@type\":\"ImageObject\",\"inLanguage\":\"es\",\"@id\":\"https:\/\/conversesacatalunya.cat\/#\/schema\/person\/image\/\",\"url\":\"https:\/\/conversesacatalunya.cat\/wp-content\/litespeed\/avatar\/c37e3dc881857483d6694cdf98fdedea.jpg?ver=1777270381\",\"contentUrl\":\"https:\/\/conversesacatalunya.cat\/wp-content\/litespeed\/avatar\/c37e3dc881857483d6694cdf98fdedea.jpg?ver=1777270381\",\"caption\":\"Josep Mir\u00f3 i Ard\u00e8vol\"},\"url\":\"https:\/\/conversesacatalunya.cat\/es\/author\/josep-miro-i-ardevol\/\"}]}<\/script>\n<!-- \/ Yoast SEO plugin. -->","yoast_head_json":{"title":"La Espa\u00f1a quemada y c\u00f3mo evitarlo (y II) - Converses a Catalunya","robots":{"index":"noindex","follow":"nofollow"},"og_locale":"es_ES","og_type":"article","og_title":"La Espa\u00f1a quemada y c\u00f3mo evitarlo (y II) - Converses a Catalunya","og_description":"En el\u00a0primero de los art\u00edculos\u00a0explicaba c\u00f3mo, en el caso de Catalunya, la estrategia de la lucha contra el foco se hab\u00eda mostrado eficaz en su adaptaci\u00f3n a los incendios forestales, pero tambi\u00e9n apuntaba que este enfoque no resuelve el\u00a0 supuesto de un gran incendio ya formado. Para abordar esta otra dimensi\u00f3n se requiere otro planteamiento: un programa de prevenci\u00f3n y extinci\u00f3n de grandes fuegos forestales. La l\u00f3gica de este nuevo enfoque es sustancialmente distinta a la aplicada en la lucha contra el foco.\u00a0 A lo que en este\u00a0 es su caracter\u00edstica esencial de anticipaci\u00f3n y velocidad de reacci\u00f3n, se le a\u00f1ade un sistema defensivo, y de prevenci\u00f3n, una acci\u00f3n estructural\u00a0 de control de territorio. La defensa de los grandes incendios tiene como principio b\u00e1sico\u00a0la ruptura de la continuidad forestal sin da\u00f1o ecol\u00f3gico, mediante caminos establecidos y franjas de protecci\u00f3n que ampl\u00edan su efecto, barreras de vegetaci\u00f3n de alto contenido en agua (plantas crasas, euforbi\u00e1ceas, etc.), franjas de determinados cultivos agr\u00edcolas que de manera natural detienen o minimizan el fuego (vi\u00f1a, almendro, olivo, praderas permanentes),\u00a0 reducci\u00f3n de la carga\u00a0 de energ\u00eda, modificaci\u00f3n de\u00a0 altura de los \u00e1rboles en los l\u00edmites de las zonas de protecci\u00f3n. El aclarado puede ser suficiente: franjas en las que se ha reducido la densidad de plantaci\u00f3n a menos de 150 \u00e1rboles por hect\u00e1rea, y de una anchura proporcionada a la altura y potencia de fuego del bosque con el que limita. Una condici\u00f3n b\u00e1sica es que todo n\u00facleo habitado y casas aisladas deben de disponer de una franja de protecci\u00f3n de no menos de 25 metros de ancho, en funci\u00f3n de la tipolog\u00eda del bosque colindante. A todo ello es necesario a\u00f1adir el aprovechamiento sostenible del bosque, que tiene en los distintos \u00f3rdenes de pastoreo un recurso b\u00e1sico, como lo posee, obviamente, una buena gesti\u00f3n forestal. Se trata de introducir la econom\u00eda del bosque\u00a0en la prevenci\u00f3n del incendio: mejorar su rentabilidad sin merma del equilibrio ecol\u00f3gico, excepto en aquellos espacios protegidos, donde debe vetarse toda acci\u00f3n humana. La base de la organizaci\u00f3n es el\u00a0dise\u00f1o de m\u00f3dulos forestales\u00a0de una superficie determinada, que aprovechen al m\u00e1ximo las condiciones naturales mejoradas, para romper la continuidad forestal. Un plan espec\u00edfico para Catalunya en los a\u00f1os noventa y nunca aplicado, se fundamentaba en organizar el territorio en grandes m\u00f3dulos forestales, que a su vez se divid\u00edan en subm\u00f3dulos, que dimensionan el m\u00e1ximo te\u00f3rico que se puede quemar sin perder el control. En el caso de Catalunya y en funci\u00f3n de cada espacio geogr\u00e1fico, oscilaban entre\u00a0 1.000 y 5.000 hect\u00e1reas. Los m\u00f3dulos son gestionados por\u00a0Agrupaciones de Defensa Forestal, garantizando as\u00ed el\u00a0 control del territorio. Un m\u00f3dulo y sus subdivisiones, es el espacio forestal arbolado delimitado por una serie de barreras al fuego, naturales, mejoradas, o constituidas a tal efecto. Los m\u00f3dulos se articulan con la organizaci\u00f3n de la detecci\u00f3n anticipada y r\u00e1pida, y la intervenci\u00f3n inmediata, as\u00ed como con los aprovechamientos forestales. Cada uno de ellos dispone de una peque\u00f1a estaci\u00f3n meteorol\u00f3gica que trasmite los datos b\u00e1sicos en tiempo real. Los subm\u00f3dulos son el resultado de las rupturas forestales y todo ello configura un mosaico delimitado por las discontinuidades. En todo caso, es esencial minimizar el uso de barreras que originen erosi\u00f3n. Todo esto significa una inversi\u00f3n, que mejora el territorio, ofrece m\u00e1s oportunidades de trabajo, y evita el da\u00f1o de los incendios. A largo plazo, la relaci\u00f3n coste beneficio resulta mejor, que concentrase solo en disponer de\u00a0 m\u00e1s medios de extinci\u00f3n. Es necesario recordar que, por ejemplo, la eficacia de los medios a\u00e9reos es limitada, puesto que el 50% de las descargas a\u00e9reas son ineficaces, lo que no cuestiona su gran utilidad; solo la cuantifica. Todo ello conduce a otra conclusi\u00f3n,\u00a0la introducci\u00f3n de los an\u00e1lisis coste beneficio\u00a0en los programas de prevenci\u00f3n y extinci\u00f3n, en los que necesariamente debe introducirse el coste del impacto ambiental del incendio, en t\u00e9rminos de los precios de mercado de las emisiones de CO2,\u00a0junto con los restantes costes. La econom\u00eda del fuego forestal integrada en la econom\u00eda del medio forestal, es necesaria para un abordaje integral del problema de los grandes incendios, cuyo objeto es la preservaci\u00f3n del bosque y no la extinci\u00f3n, que es solo un medio. La respuesta racional al crecimiento de los incendios explosivos\u00a0en Espa\u00f1a es doble. Por una parte, las autonom\u00edas, que a\u00fan no han establecido el modelo de la lucha contra el foco, deber\u00edan de disponer de\u00a0sistemas basados en la detecci\u00f3n anticipada, r\u00e1pida, intervenci\u00f3n inmediata y control del territorio.\u00a0Al mismo tiempo, todas las comunidades har\u00edan bien en\u00a0establecer\u00a0 programas de prevenci\u00f3n y lucha contra los grandes incendios. La financiaci\u00f3n de estos programas debe corresponder al Estado para que su realizaci\u00f3n no se dilate peligrosamente en el tiempo. Los fondos Next Generation lo hacen posible debido a una doble raz\u00f3n: la de la sostenibilidad del medio y la\u00a0 de la transici\u00f3n ecol\u00f3gica, porque evitar incendios es reducir la emisi\u00f3n de CO2\u00a0a la atm\u00f3sfera. Que el bosque se queme mucho y sistem\u00e1ticamente no es una fatalidad. Se puede evitar con la estrategia y los recursos adecuados. Art\u00edculo publicado en La Vanguardia","og_url":"https:\/\/conversesacatalunya.cat\/es\/la-espana-quemada-y-como-evitarlo-y-ii\/","og_site_name":"Converses a Catalunya","article_published_time":"2022-09-02T08:09:39+00:00","article_modified_time":"2022-09-05T07:58:53+00:00","og_image":[{"width":1920,"height":1080,"url":"https:\/\/conversesacatalunya.cat\/wp-content\/uploads\/2022\/09\/incendi1.jpg","type":"image\/jpeg"}],"author":"Josep Mir\u00f3 i Ard\u00e8vol","twitter_card":"summary_large_image","twitter_misc":{"Escrito por":"Josep Mir\u00f3 i Ard\u00e8vol","Tiempo de lectura":"5 minutos"},"schema":{"@context":"https:\/\/schema.org","@graph":[{"@type":"Article","@id":"https:\/\/conversesacatalunya.cat\/es\/la-espana-quemada-y-como-evitarlo-y-ii\/#article","isPartOf":{"@id":"https:\/\/conversesacatalunya.cat\/es\/la-espana-quemada-y-como-evitarlo-y-ii\/"},"author":{"name":"Josep Mir\u00f3 i Ard\u00e8vol","@id":"https:\/\/conversesacatalunya.cat\/#\/schema\/person\/a9598a6786ba7d3d1c5e0de477b79370"},"headline":"La Espa\u00f1a quemada y c\u00f3mo evitarlo (y II)","datePublished":"2022-09-02T08:09:39+00:00","dateModified":"2022-09-05T07:58:53+00:00","mainEntityOfPage":{"@id":"https:\/\/conversesacatalunya.cat\/es\/la-espana-quemada-y-como-evitarlo-y-ii\/"},"wordCount":963,"commentCount":0,"image":{"@id":"https:\/\/conversesacatalunya.cat\/es\/la-espana-quemada-y-como-evitarlo-y-ii\/#primaryimage"},"thumbnailUrl":"https:\/\/conversesacatalunya.cat\/wp-content\/uploads\/2022\/09\/incendi1.jpg","keywords":["incendios"],"articleSection":["El Blog de Josep Mir\u00f3 i Ard\u00e8vol (ES)"],"inLanguage":"es","potentialAction":[{"@type":"CommentAction","name":"Comment","target":["https:\/\/conversesacatalunya.cat\/es\/la-espana-quemada-y-como-evitarlo-y-ii\/#respond"]}]},{"@type":"WebPage","@id":"https:\/\/conversesacatalunya.cat\/es\/la-espana-quemada-y-como-evitarlo-y-ii\/","url":"https:\/\/conversesacatalunya.cat\/es\/la-espana-quemada-y-como-evitarlo-y-ii\/","name":"La Espa\u00f1a quemada y c\u00f3mo evitarlo (y II) - Converses a Catalunya","isPartOf":{"@id":"https:\/\/conversesacatalunya.cat\/#website"},"primaryImageOfPage":{"@id":"https:\/\/conversesacatalunya.cat\/es\/la-espana-quemada-y-como-evitarlo-y-ii\/#primaryimage"},"image":{"@id":"https:\/\/conversesacatalunya.cat\/es\/la-espana-quemada-y-como-evitarlo-y-ii\/#primaryimage"},"thumbnailUrl":"https:\/\/conversesacatalunya.cat\/wp-content\/uploads\/2022\/09\/incendi1.jpg","datePublished":"2022-09-02T08:09:39+00:00","dateModified":"2022-09-05T07:58:53+00:00","author":{"@id":"https:\/\/conversesacatalunya.cat\/#\/schema\/person\/a9598a6786ba7d3d1c5e0de477b79370"},"breadcrumb":{"@id":"https:\/\/conversesacatalunya.cat\/es\/la-espana-quemada-y-como-evitarlo-y-ii\/#breadcrumb"},"inLanguage":"es","potentialAction":[{"@type":"ReadAction","target":["https:\/\/conversesacatalunya.cat\/es\/la-espana-quemada-y-como-evitarlo-y-ii\/"]}]},{"@type":"ImageObject","inLanguage":"es","@id":"https:\/\/conversesacatalunya.cat\/es\/la-espana-quemada-y-como-evitarlo-y-ii\/#primaryimage","url":"https:\/\/conversesacatalunya.cat\/wp-content\/uploads\/2022\/09\/incendi1.jpg","contentUrl":"https:\/\/conversesacatalunya.cat\/wp-content\/uploads\/2022\/09\/incendi1.jpg","width":1920,"height":1080},{"@type":"BreadcrumbList","@id":"https:\/\/conversesacatalunya.cat\/es\/la-espana-quemada-y-como-evitarlo-y-ii\/#breadcrumb","itemListElement":[{"@type":"ListItem","position":1,"name":"Inici","item":"https:\/\/conversesacatalunya.cat\/es\/"},{"@type":"ListItem","position":2,"name":"La Espa\u00f1a quemada y c\u00f3mo evitarlo (y II)"}]},{"@type":"WebSite","@id":"https:\/\/conversesacatalunya.cat\/#website","url":"https:\/\/conversesacatalunya.cat\/","name":"Converses a Catalunya","description":"","potentialAction":[{"@type":"SearchAction","target":{"@type":"EntryPoint","urlTemplate":"https:\/\/conversesacatalunya.cat\/?s={search_term_string}"},"query-input":{"@type":"PropertyValueSpecification","valueRequired":true,"valueName":"search_term_string"}}],"inLanguage":"es"},{"@type":"Person","@id":"https:\/\/conversesacatalunya.cat\/#\/schema\/person\/a9598a6786ba7d3d1c5e0de477b79370","name":"Josep Mir\u00f3 i Ard\u00e8vol","image":{"@type":"ImageObject","inLanguage":"es","@id":"https:\/\/conversesacatalunya.cat\/#\/schema\/person\/image\/","url":"https:\/\/conversesacatalunya.cat\/wp-content\/litespeed\/avatar\/c37e3dc881857483d6694cdf98fdedea.jpg?ver=1777270381","contentUrl":"https:\/\/conversesacatalunya.cat\/wp-content\/litespeed\/avatar\/c37e3dc881857483d6694cdf98fdedea.jpg?ver=1777270381","caption":"Josep Mir\u00f3 i Ard\u00e8vol"},"url":"https:\/\/conversesacatalunya.cat\/es\/author\/josep-miro-i-ardevol\/"}]}},"wps_subtitle":"","_links":{"self":[{"href":"https:\/\/conversesacatalunya.cat\/es\/wp-json\/wp\/v2\/posts\/60425","targetHints":{"allow":["GET"]}}],"collection":[{"href":"https:\/\/conversesacatalunya.cat\/es\/wp-json\/wp\/v2\/posts"}],"about":[{"href":"https:\/\/conversesacatalunya.cat\/es\/wp-json\/wp\/v2\/types\/post"}],"author":[{"embeddable":true,"href":"https:\/\/conversesacatalunya.cat\/es\/wp-json\/wp\/v2\/users\/19"}],"replies":[{"embeddable":true,"href":"https:\/\/conversesacatalunya.cat\/es\/wp-json\/wp\/v2\/comments?post=60425"}],"version-history":[{"count":2,"href":"https:\/\/conversesacatalunya.cat\/es\/wp-json\/wp\/v2\/posts\/60425\/revisions"}],"predecessor-version":[{"id":60456,"href":"https:\/\/conversesacatalunya.cat\/es\/wp-json\/wp\/v2\/posts\/60425\/revisions\/60456"}],"wp:featuredmedia":[{"embeddable":true,"href":"https:\/\/conversesacatalunya.cat\/es\/wp-json\/wp\/v2\/media\/60426"}],"wp:attachment":[{"href":"https:\/\/conversesacatalunya.cat\/es\/wp-json\/wp\/v2\/media?parent=60425"}],"wp:term":[{"taxonomy":"category","embeddable":true,"href":"https:\/\/conversesacatalunya.cat\/es\/wp-json\/wp\/v2\/categories?post=60425"},{"taxonomy":"post_tag","embeddable":true,"href":"https:\/\/conversesacatalunya.cat\/es\/wp-json\/wp\/v2\/tags?post=60425"}],"curies":[{"name":"wp","href":"https:\/\/api.w.org\/{rel}","templated":true}]}}