{"id":60303,"date":"2022-08-30T11:58:07","date_gmt":"2022-08-30T09:58:07","guid":{"rendered":"https:\/\/conversesacatalunya.cat\/economia-guerra-ucraina\/"},"modified":"2022-08-30T13:20:36","modified_gmt":"2022-08-30T11:20:36","slug":"economia-guerra-ucrania","status":"publish","type":"post","link":"https:\/\/conversesacatalunya.cat\/es\/economia-guerra-ucrania\/","title":{"rendered":"Econom\u00eda: nos anuncian sufrimientos, pero \u00bfpor qu\u00e9?"},"content":{"rendered":"<p><span>El presidente de la Reserva Federal de EEUU, Jerome Powell, se\u00f1al\u00f3 el pasado 25 de agosto que detener la inflaci\u00f3n traer\u00e1 \u201cdolor a los hogares y a las empresas\u201d. Era un anunciado muy duro que presagia subidas sustanciales del tipo de inter\u00e9s por parte de la Reserva Federal a la que el Banco Central Europeo, m\u00e1s tarde que temprano, deber\u00e1 seguir.\u00a0Es evidente que se ha terminado la \u00e9poca del dinero f\u00e1cil.\u00a0En esa misma l\u00ednea, la vicepresidenta econ\u00f3mica del gobierno espa\u00f1ol, Nadia Calvi\u00f1o, ha anunciado tambi\u00e9n serias dificultades para oto\u00f1o, cambiando as\u00ed en 180 grados el relato del gobierno.<\/span><\/p>\n<p><span>La raz\u00f3n de este dolor anunciado para todos nosotros radica sobre todo en la\u00a0<\/span><strong><span>inflaci\u00f3n<\/span><\/strong><span>.\u00a0La pregunta obligada es: \u00bfy por qu\u00e9 sufrimos esa inflaci\u00f3n tan acentuada?\u00a0\u00bfNo hay otro camino que el que est\u00e1n emprendiendo los bancos centrales?\u00a0Hay que decir que los anuncios inflacionarios ya ven\u00edan de la \u00e9poca poscovid. El relanzamiento \u00fanico de la demanda y la ruptura de las cadenas de abastecimiento ya provocaron una primera ola de incremento de precios.\u00a0Pero el factor desencadenante, el que nos amenaza con inflaciones nunca vistas en las dos \u00faltimas d\u00e9cadas, es la\u00a0<\/span><strong><span>guerra de Ucrania<\/span><\/strong><span>.\u00a0Pero dicho as\u00ed, la descripci\u00f3n incorpora una falacia.\u00a0No es tanto la guerra como la\u00a0<\/span><strong><span>pol\u00edtica adoptada por la UE <\/span><\/strong><span>basada en un amplio abanico de sanciones en contra de la econom\u00eda rusa, cuya pieza central, pero no \u00fanica, es la reducci\u00f3n de la dependencia de gas y petr\u00f3leo de aquel pa\u00eds.\u00a0La idea de la Comisi\u00f3n seguida ciegamente por todos los gobiernos europeos era que las sanciones provocar\u00edan una grave ruptura de la econom\u00eda rusa que le obligar\u00eda a ponerse de rodillas haci\u00e9ndole pagar un elevado coste por su agresi\u00f3n del r\u00e9gimen de Kiev.<\/span><\/p>\n<p><span><span class=\"goog-text-highlight\">Recordemos que el pasado marzo el principal banco de inversiones JP Morgan previ\u00f3 que el PIB ruso caer\u00eda un 35% en el segundo trimestre respecto al anterior y Goldman Sachs pronostic\u00f3 que sufrir\u00eda la mayor contracci\u00f3n desde la implosi\u00f3n de la URSS en los inicios de la d\u00e9cada de los 90. La realidad ha sido muy diferente y <\/span><\/span><strong><span><span class=\"goog-text-highlight\">el PIB ruso ha ca\u00eddo un moderado 4%<\/span><\/span><\/strong><span><span class=\"goog-text-highlight\">\u00a0en t\u00e9rminos interanuales y en los tres \u00faltimos meses mucho menos que cuando el efecto del coronavirus, cuando se redujo en un 7,4% en el segundo trimestre de 2020.<\/span><\/span><\/p>\n<p><span><span class=\"\">La conclusi\u00f3n es ahora un\u00e1nime y clara, la\u00a0<\/span><\/span><strong><span><span class=\"\">econom\u00eda rusa ha resistido muy bien las sanciones<\/span><\/span><\/strong><span>.\u00a0Tanto es as\u00ed que el \u00edndice PMI, que es el \u00edndice de gestores de compra y constituye un indicador econ\u00f3mico a partir de los informes y encuestas mensuales de las empresas manufactureras del sector privado, considerado un buen indicador de la evoluci\u00f3n futura de la econom\u00eda. Pues bien este \u00edndice cay\u00f3 estrepitosamente en marzo, pasando del 50,8% al 37,7%.\u00a0Cabe recordar que cuando el \u00edndice supera los 50 puntos se\u00f1ala crecimiento, y si es inferior indica contracci\u00f3n.\u00a0La casta\u00f1a rusa de marzo fue clara, pero a partir de entonces todo ha cambiado a mejor.\u00a0En abril se hab\u00eda incrementado el 44,4, junio el 50 y julio el 52,2.\u00a0Parad\u00f3jicamente, el propio \u00edndice para la UE se\u00f1ala todo lo contrario.\u00a0Anuncia una contracci\u00f3n y la \u00fanica duda es si ser\u00e1 muy grave, es decir, una recesi\u00f3n o simplemente ser\u00e1 moderada.<\/span><\/p>\n<p><span>Por tanto, la crisis que sufrimos tiene su causa fundamental en un\u00a0<\/span><strong><span>error terrible de la UE<\/span><\/strong><span>\u00a0y sus estados miembro en relaci\u00f3n con la pol\u00edtica econ\u00f3mica hacia Rusia.\u00a0No solo no ha logrado da\u00f1arla, sino que en cierto modo la ha fortalecido, al tiempo que debilitaba el euro.<\/span><\/p>\n<p><span>Mientras, la actitud europea, la de los gobiernos y la CE, sigue siendo la de una\u00a0<\/span><strong><span>guerra no declarada con Rusia<\/span><\/strong><span>.\u00a0<span class=\"goog-text-highlight\">Se empez\u00f3 con ayuda humanitaria a Ucrania, se pas\u00f3 a facilitar armamento defensivo, para llegar al estadio actual donde continuamente se alimenta al ej\u00e9rcito ucraniano de armamento ofensivo de medio alcance y entrena a sus fuerzas fuera de Ucrania. <\/span>Reino Unido dio el primer paso, pero S\u00e1nchez ya ha anunciado la voluntad de entrenar a las fuerzas armadas ucranianas en terreno espa\u00f1ol.<\/span><\/p>\n<p><span>Al mismo tiempo, est\u00e1n sobre la mesa medidas draconianas como las de\u00a0<\/span><strong><span>negar el visado a los rusos <\/span><\/strong><span>que quieran entrar en la UE, y cada vez m\u00e1s las voces m\u00e1s radicales dominan el escenario.\u00a0La primera ministra de Estonia, Kaja Kallas, se\u00f1alaba que los rusos, no el gobierno, los rusos, deben pagar un precio por la guerra, el ministro de cultura de Ucrania, Oleksandr Tkachenko, ha propuesto elaborar listas negras de autores rusos y liquidar de hecho la presencia de la cultura rusa en el \u201cmundo libre\u201d.\u00a0El propio Papa se ha visto afectado por esta ola del radicalismo porque, al referirse al atentado de Daria Dugina, la calific\u00f3 de una pobre chica inocente.\u00a0La reacci\u00f3n del gobierno de Kiev ha sido dur\u00edsima, ha descalificado las palabras del Papa y ha llamado al nuncio, es decir, al embajador de la Santa Sede en ese pa\u00eds. De hecho, sectores de Europa guiados por el radicalismo ucraniano viven colgados de la rusofobia.<\/span><\/p>\n<p><span><span class=\"goog-text-highlight\">Pero al mismo tiempo se constata que la ayuda humanitaria a los refugiados ucranianos lleva meses desaparecido del mapa.\u00a0<\/span>La ciudadan\u00eda europea ya no da ni un euro para su ayuda, y este hecho, adem\u00e1s de las dificultades presentes, anuncia un invierno muy dif\u00edcil.<\/span><\/p>\n<p><span>En este contexto, es necesario volver a la pregunta inicial.\u00a0<\/span><strong><span>\u00bfPor qu\u00e9 se produce la inflaci\u00f3n y el dolor subsiguiente<\/span><\/strong><span>\u00a0?<\/span><\/p>\n<p><span>La respuesta clara es que la raz\u00f3n fundamental radica en una terriblemente\u00a0<\/span><strong><span>equivocada pol\u00edtica de la UE<\/span><\/strong><span>, que quiz\u00e1s sirve a los intereses de las \u00e9lites atl\u00e1nticas, pero que de mantenerse derrumbar\u00e1 a Europa.<\/span><\/p>\n<p><span>S\u00f3lo un replanteamiento radical de la pol\u00edtica en relaci\u00f3n con la URSS y la guerra de Ucrania dirigida a conseguir el armisticio, la paz y la colaboraci\u00f3n, constituyen la receta adecuada para volver al buen camino del bienestar.<\/span><\/p>\n<div id=\"polls-164\" class=\"wp-polls\">\n\t<form id=\"polls_form_164\" class=\"wp-polls-form\" action=\"\/index.php\" method=\"post\">\n\t\t<p style=\"display: none;\"><input type=\"hidden\" id=\"poll_164_nonce\" name=\"wp-polls-nonce\" value=\"e2582cd511\" \/><\/p>\n\t\t<p style=\"display: none;\"><input type=\"hidden\" name=\"poll_id\" value=\"164\" \/><\/p>\n\t\t<p style=\"text-align: center\"><strong>Consideres necess\u00e0ria una consulta ciutadana sobre la Superilla de Colau?<\/strong><\/p><div id=\"polls-164-ans\" class=\"wp-polls-ans\"><ul class=\"wp-polls-ul\">\n\t\t<li><input type=\"radio\" id=\"poll-answer-431\" name=\"poll_164\" value=\"431\" \/> <label for=\"poll-answer-431\">S\u00ed<\/label><\/li>\n\t\t<li><input type=\"radio\" id=\"poll-answer-432\" name=\"poll_164\" value=\"432\" \/> <label for=\"poll-answer-432\">No<\/label><\/li>\n\t\t<li><input type=\"radio\" id=\"poll-answer-433\" name=\"poll_164\" value=\"433\" \/> <label for=\"poll-answer-433\">No ho s\u00e9<\/label><\/li>\n\t\t<\/ul><p style=\"text-align: center\"><input type=\"button\" name=\"vote\" value=\"   Vota   \" class=\"Buttons\" onclick=\"poll_vote(164);\" \/><\/p><p style=\"text-align: center\"><a href=\"#ViewPollResults\" onclick=\"poll_result(164); return false;\" title=\"View Results Of This Poll\">Mira els resultats<\/a><\/p><\/div>\n\t<\/form>\n<\/div>\n<div id=\"polls-164-loading\" class=\"wp-polls-loading\"><img decoding=\"async\" data-src=\"https:\/\/conversesacatalunya.cat\/wp-content\/plugins\/wp-polls\/images\/loading.gif\" width=\"16\" height=\"16\" alt=\"Cargando ...\" title=\"Cargando ...\" class=\"wp-polls-image lazyload\" src=\"data:image\/svg+xml;base64,PHN2ZyB3aWR0aD0iMSIgaGVpZ2h0PSIxIiB4bWxucz0iaHR0cDovL3d3dy53My5vcmcvMjAwMC9zdmciPjwvc3ZnPg==\" style=\"--smush-placeholder-width: 16px; --smush-placeholder-aspect-ratio: 16\/16;\" \/>&nbsp;Cargando ...<\/div>\n\n","protected":false},"excerpt":{"rendered":"<p>El presidente de la Reserva Federal de EEUU, Jerome Powell, se\u00f1al\u00f3 el pasado 25 de agosto que detener la inflaci\u00f3n traer\u00e1 \u201cdolor a los hogares y a las empresas\u201d. Era un anunciado muy duro que presagia subidas sustanciales del tipo de inter\u00e9s por parte de la Reserva Federal a la que el Banco Central Europeo, m\u00e1s tarde que temprano, deber\u00e1 seguir.\u00a0Es evidente que se ha terminado la \u00e9poca del dinero f\u00e1cil.\u00a0En esa misma l\u00ednea, la vicepresidenta econ\u00f3mica del gobierno espa\u00f1ol, Nadia Calvi\u00f1o, ha anunciado tambi\u00e9n serias dificultades para oto\u00f1o, cambiando as\u00ed en 180 grados el relato del gobierno. La raz\u00f3n de este dolor anunciado para todos nosotros radica sobre todo en la\u00a0inflaci\u00f3n.\u00a0La pregunta obligada es: \u00bfy por qu\u00e9 sufrimos esa inflaci\u00f3n tan acentuada?\u00a0\u00bfNo hay otro camino que el que est\u00e1n emprendiendo los bancos centrales?\u00a0Hay que decir que los anuncios inflacionarios ya ven\u00edan de la \u00e9poca poscovid. El relanzamiento \u00fanico de la demanda y la ruptura de las cadenas de abastecimiento ya provocaron una primera ola de incremento de precios.\u00a0Pero el factor desencadenante, el que nos amenaza con inflaciones nunca vistas en las dos \u00faltimas d\u00e9cadas, es la\u00a0guerra de Ucrania.\u00a0Pero dicho as\u00ed, la descripci\u00f3n incorpora una falacia.\u00a0No es tanto la guerra como la\u00a0pol\u00edtica adoptada por la UE basada en un amplio abanico de sanciones en contra de la econom\u00eda rusa, cuya pieza central, pero no \u00fanica, es la reducci\u00f3n de la dependencia de gas y petr\u00f3leo de aquel pa\u00eds.\u00a0La idea de la Comisi\u00f3n seguida ciegamente por todos los gobiernos europeos era que las sanciones provocar\u00edan una grave ruptura de la econom\u00eda rusa que le obligar\u00eda a ponerse de rodillas haci\u00e9ndole pagar un elevado coste por su agresi\u00f3n del r\u00e9gimen de Kiev. Recordemos que el pasado marzo el principal banco de inversiones JP Morgan previ\u00f3 que el PIB ruso caer\u00eda un 35% en el segundo trimestre respecto al anterior y Goldman Sachs pronostic\u00f3 que sufrir\u00eda la mayor contracci\u00f3n desde la implosi\u00f3n de la URSS en los inicios de la d\u00e9cada de los 90. La realidad ha sido muy diferente y el PIB ruso ha ca\u00eddo un moderado 4%\u00a0en t\u00e9rminos interanuales y en los tres \u00faltimos meses mucho menos que cuando el efecto del coronavirus, cuando se redujo en un 7,4% en el segundo trimestre de 2020. La conclusi\u00f3n es ahora un\u00e1nime y clara, la\u00a0econom\u00eda rusa ha resistido muy bien las sanciones.\u00a0Tanto es as\u00ed que el \u00edndice PMI, que es el \u00edndice de gestores de compra y constituye un indicador econ\u00f3mico a partir de los informes y encuestas mensuales de las empresas manufactureras del sector privado, considerado un buen indicador de la evoluci\u00f3n futura de la econom\u00eda. Pues bien este \u00edndice cay\u00f3 estrepitosamente en marzo, pasando del 50,8% al 37,7%.\u00a0Cabe recordar que cuando el \u00edndice supera los 50 puntos se\u00f1ala crecimiento, y si es inferior indica contracci\u00f3n.\u00a0La casta\u00f1a rusa de marzo fue clara, pero a partir de entonces todo ha cambiado a mejor.\u00a0En abril se hab\u00eda incrementado el 44,4, junio el 50 y julio el 52,2.\u00a0Parad\u00f3jicamente, el propio \u00edndice para la UE se\u00f1ala todo lo contrario.\u00a0Anuncia una contracci\u00f3n y la \u00fanica duda es si ser\u00e1 muy grave, es decir, una recesi\u00f3n o simplemente ser\u00e1 moderada. Por tanto, la crisis que sufrimos tiene su causa fundamental en un\u00a0error terrible de la UE\u00a0y sus estados miembro en relaci\u00f3n con la pol\u00edtica econ\u00f3mica hacia Rusia.\u00a0No solo no ha logrado da\u00f1arla, sino que en cierto modo la ha fortalecido, al tiempo que debilitaba el euro. Mientras, la actitud europea, la de los gobiernos y la CE, sigue siendo la de una\u00a0guerra no declarada con Rusia.\u00a0Se empez\u00f3 con ayuda humanitaria a Ucrania, se pas\u00f3 a facilitar armamento defensivo, para llegar al estadio actual donde continuamente se alimenta al ej\u00e9rcito ucraniano de armamento ofensivo de medio alcance y entrena a sus fuerzas fuera de Ucrania. Reino Unido dio el primer paso, pero S\u00e1nchez ya ha anunciado la voluntad de entrenar a las fuerzas armadas ucranianas en terreno espa\u00f1ol. Al mismo tiempo, est\u00e1n sobre la mesa medidas draconianas como las de\u00a0negar el visado a los rusos que quieran entrar en la UE, y cada vez m\u00e1s las voces m\u00e1s radicales dominan el escenario.\u00a0La primera ministra de Estonia, Kaja Kallas, se\u00f1alaba que los rusos, no el gobierno, los rusos, deben pagar un precio por la guerra, el ministro de cultura de Ucrania, Oleksandr Tkachenko, ha propuesto elaborar listas negras de autores rusos y liquidar de hecho la presencia de la cultura rusa en el \u201cmundo libre\u201d.\u00a0El propio Papa se ha visto afectado por esta ola del radicalismo porque, al referirse al atentado de Daria Dugina, la calific\u00f3 de una pobre chica inocente.\u00a0La reacci\u00f3n del gobierno de Kiev ha sido dur\u00edsima, ha descalificado las palabras del Papa y ha llamado al nuncio, es decir, al embajador de la Santa Sede en ese pa\u00eds. De hecho, sectores de Europa guiados por el radicalismo ucraniano viven colgados de la rusofobia. Pero al mismo tiempo se constata que la ayuda humanitaria a los refugiados ucranianos lleva meses desaparecido del mapa.\u00a0La ciudadan\u00eda europea ya no da ni un euro para su ayuda, y este hecho, adem\u00e1s de las dificultades presentes, anuncia un invierno muy dif\u00edcil. En este contexto, es necesario volver a la pregunta inicial.\u00a0\u00bfPor qu\u00e9 se produce la inflaci\u00f3n y el dolor subsiguiente\u00a0? La respuesta clara es que la raz\u00f3n fundamental radica en una terriblemente\u00a0equivocada pol\u00edtica de la UE, que quiz\u00e1s sirve a los intereses de las \u00e9lites atl\u00e1nticas, pero que de mantenerse derrumbar\u00e1 a Europa. S\u00f3lo un replanteamiento radical de la pol\u00edtica en relaci\u00f3n con la URSS y la guerra de Ucrania dirigida a conseguir el armisticio, la paz y la colaboraci\u00f3n, constituyen la receta adecuada para volver al buen camino del bienestar.<\/p>\n","protected":false},"author":2,"featured_media":60248,"comment_status":"open","ping_status":"open","sticky":false,"template":"","format":"standard","meta":{"_FSMCFIC_featured_image_caption":"","_FSMCFIC_featured_image_nocaption":"","_FSMCFIC_featured_image_hide":"","footnotes":""},"categories":[806],"tags":[4594,1310],"class_list":["post-60303","post","type-post","status-publish","format-standard","has-post-thumbnail","hentry","category-punts-claus-del-dia-es","tag-crisis-economica-guerra-ucrania","tag-ucrania"],"yoast_head":"<!-- This site is optimized with the Yoast SEO plugin v26.8 - https:\/\/yoast.com\/product\/yoast-seo-wordpress\/ -->\n<title>Econom\u00eda: nos anuncian sufrimientos, pero \u00bfpor qu\u00e9? - Converses a Catalunya<\/title>\n<meta name=\"description\" content=\"Solo un replanteamiento radical de la pol\u00edtica en relaci\u00f3n con la URSS y la guerra de Ucrania dirigida a conseguir el armisticio, la paz y la colaboraci\u00f3n, constituyen la receta adecuada para volver al buen camino del bienestar\" \/>\n<meta name=\"robots\" content=\"index, follow, max-snippet:-1, max-image-preview:large, max-video-preview:-1\" \/>\n<link rel=\"canonical\" href=\"https:\/\/conversesacatalunya.cat\/es\/economia-guerra-ucrania\/\" \/>\n<meta property=\"og:locale\" content=\"es_ES\" \/>\n<meta property=\"og:type\" content=\"article\" \/>\n<meta property=\"og:title\" content=\"Econom\u00eda: nos anuncian sufrimientos, pero \u00bfpor qu\u00e9? - Converses a Catalunya\" \/>\n<meta property=\"og:description\" content=\"Solo un replanteamiento radical de la pol\u00edtica en relaci\u00f3n con la URSS y la guerra de Ucrania dirigida a conseguir el armisticio, la paz y la colaboraci\u00f3n, constituyen la receta adecuada para volver al buen camino del bienestar\" \/>\n<meta property=\"og:url\" content=\"https:\/\/conversesacatalunya.cat\/es\/economia-guerra-ucrania\/\" \/>\n<meta property=\"og:site_name\" content=\"Converses a Catalunya\" \/>\n<meta property=\"article:published_time\" content=\"2022-08-30T09:58:07+00:00\" \/>\n<meta property=\"article:modified_time\" content=\"2022-08-30T11:20:36+00:00\" \/>\n<meta property=\"og:image\" content=\"https:\/\/conversesacatalunya.cat\/wp-content\/uploads\/2022\/08\/grafico-la-inflacion-en-europa-interior.jpg\" \/>\n\t<meta property=\"og:image:width\" content=\"1800\" \/>\n\t<meta property=\"og:image:height\" content=\"1013\" \/>\n\t<meta property=\"og:image:type\" content=\"image\/jpeg\" \/>\n<meta name=\"author\" content=\"conversesacatalunya\" \/>\n<meta name=\"twitter:card\" content=\"summary_large_image\" \/>\n<meta name=\"twitter:label1\" content=\"Escrito por\" \/>\n\t<meta name=\"twitter:data1\" content=\"conversesacatalunya\" \/>\n\t<meta name=\"twitter:label2\" content=\"Tiempo de lectura\" \/>\n\t<meta name=\"twitter:data2\" content=\"5 minutos\" \/>\n<script type=\"application\/ld+json\" class=\"yoast-schema-graph\">{\"@context\":\"https:\/\/schema.org\",\"@graph\":[{\"@type\":\"Article\",\"@id\":\"https:\/\/conversesacatalunya.cat\/es\/economia-guerra-ucrania\/#article\",\"isPartOf\":{\"@id\":\"https:\/\/conversesacatalunya.cat\/es\/economia-guerra-ucrania\/\"},\"author\":{\"name\":\"conversesacatalunya\",\"@id\":\"https:\/\/conversesacatalunya.cat\/#\/schema\/person\/7e24d1e54a2785373ddcb275eae5ed99\"},\"headline\":\"Econom\u00eda: nos anuncian sufrimientos, pero \u00bfpor qu\u00e9?\",\"datePublished\":\"2022-08-30T09:58:07+00:00\",\"dateModified\":\"2022-08-30T11:20:36+00:00\",\"mainEntityOfPage\":{\"@id\":\"https:\/\/conversesacatalunya.cat\/es\/economia-guerra-ucrania\/\"},\"wordCount\":1045,\"commentCount\":0,\"image\":{\"@id\":\"https:\/\/conversesacatalunya.cat\/es\/economia-guerra-ucrania\/#primaryimage\"},\"thumbnailUrl\":\"https:\/\/conversesacatalunya.cat\/wp-content\/uploads\/2022\/08\/grafico-la-inflacion-en-europa-interior.jpg\",\"keywords\":[\"crisis econ\u00f3mica guerra Ucrania\",\"Ucrania\"],\"articleSection\":[\"Punts clau del dia (ES)\"],\"inLanguage\":\"es\",\"potentialAction\":[{\"@type\":\"CommentAction\",\"name\":\"Comment\",\"target\":[\"https:\/\/conversesacatalunya.cat\/es\/economia-guerra-ucrania\/#respond\"]}]},{\"@type\":\"WebPage\",\"@id\":\"https:\/\/conversesacatalunya.cat\/es\/economia-guerra-ucrania\/\",\"url\":\"https:\/\/conversesacatalunya.cat\/es\/economia-guerra-ucrania\/\",\"name\":\"Econom\u00eda: nos anuncian sufrimientos, pero \u00bfpor qu\u00e9? - Converses a Catalunya\",\"isPartOf\":{\"@id\":\"https:\/\/conversesacatalunya.cat\/#website\"},\"primaryImageOfPage\":{\"@id\":\"https:\/\/conversesacatalunya.cat\/es\/economia-guerra-ucrania\/#primaryimage\"},\"image\":{\"@id\":\"https:\/\/conversesacatalunya.cat\/es\/economia-guerra-ucrania\/#primaryimage\"},\"thumbnailUrl\":\"https:\/\/conversesacatalunya.cat\/wp-content\/uploads\/2022\/08\/grafico-la-inflacion-en-europa-interior.jpg\",\"datePublished\":\"2022-08-30T09:58:07+00:00\",\"dateModified\":\"2022-08-30T11:20:36+00:00\",\"author\":{\"@id\":\"https:\/\/conversesacatalunya.cat\/#\/schema\/person\/7e24d1e54a2785373ddcb275eae5ed99\"},\"description\":\"Solo un replanteamiento radical de la pol\u00edtica en relaci\u00f3n con la URSS y la guerra de Ucrania dirigida a conseguir el armisticio, la paz y la colaboraci\u00f3n, constituyen la receta adecuada para volver al buen camino del bienestar\",\"breadcrumb\":{\"@id\":\"https:\/\/conversesacatalunya.cat\/es\/economia-guerra-ucrania\/#breadcrumb\"},\"inLanguage\":\"es\",\"potentialAction\":[{\"@type\":\"ReadAction\",\"target\":[\"https:\/\/conversesacatalunya.cat\/es\/economia-guerra-ucrania\/\"]}]},{\"@type\":\"ImageObject\",\"inLanguage\":\"es\",\"@id\":\"https:\/\/conversesacatalunya.cat\/es\/economia-guerra-ucrania\/#primaryimage\",\"url\":\"https:\/\/conversesacatalunya.cat\/wp-content\/uploads\/2022\/08\/grafico-la-inflacion-en-europa-interior.jpg\",\"contentUrl\":\"https:\/\/conversesacatalunya.cat\/wp-content\/uploads\/2022\/08\/grafico-la-inflacion-en-europa-interior.jpg\",\"width\":1800,\"height\":1013},{\"@type\":\"BreadcrumbList\",\"@id\":\"https:\/\/conversesacatalunya.cat\/es\/economia-guerra-ucrania\/#breadcrumb\",\"itemListElement\":[{\"@type\":\"ListItem\",\"position\":1,\"name\":\"Inici\",\"item\":\"https:\/\/conversesacatalunya.cat\/es\/\"},{\"@type\":\"ListItem\",\"position\":2,\"name\":\"Econom\u00eda: nos anuncian sufrimientos, pero \u00bfpor qu\u00e9?\"}]},{\"@type\":\"WebSite\",\"@id\":\"https:\/\/conversesacatalunya.cat\/#website\",\"url\":\"https:\/\/conversesacatalunya.cat\/\",\"name\":\"Converses a Catalunya\",\"description\":\"\",\"potentialAction\":[{\"@type\":\"SearchAction\",\"target\":{\"@type\":\"EntryPoint\",\"urlTemplate\":\"https:\/\/conversesacatalunya.cat\/?s={search_term_string}\"},\"query-input\":{\"@type\":\"PropertyValueSpecification\",\"valueRequired\":true,\"valueName\":\"search_term_string\"}}],\"inLanguage\":\"es\"},{\"@type\":\"Person\",\"@id\":\"https:\/\/conversesacatalunya.cat\/#\/schema\/person\/7e24d1e54a2785373ddcb275eae5ed99\",\"name\":\"conversesacatalunya\",\"image\":{\"@type\":\"ImageObject\",\"inLanguage\":\"es\",\"@id\":\"https:\/\/conversesacatalunya.cat\/#\/schema\/person\/image\/\",\"url\":\"https:\/\/conversesacatalunya.cat\/wp-content\/litespeed\/avatar\/febdfeeec89d950f01c748045a981dd2.jpg?ver=1777314535\",\"contentUrl\":\"https:\/\/conversesacatalunya.cat\/wp-content\/litespeed\/avatar\/febdfeeec89d950f01c748045a981dd2.jpg?ver=1777314535\",\"caption\":\"conversesacatalunya\"},\"url\":\"https:\/\/conversesacatalunya.cat\/es\/author\/carme_catala\/\"}]}<\/script>\n<!-- \/ Yoast SEO plugin. -->","yoast_head_json":{"title":"Econom\u00eda: nos anuncian sufrimientos, pero \u00bfpor qu\u00e9? - Converses a Catalunya","description":"Solo un replanteamiento radical de la pol\u00edtica en relaci\u00f3n con la URSS y la guerra de Ucrania dirigida a conseguir el armisticio, la paz y la colaboraci\u00f3n, constituyen la receta adecuada para volver al buen camino del bienestar","robots":{"index":"index","follow":"follow","max-snippet":"max-snippet:-1","max-image-preview":"max-image-preview:large","max-video-preview":"max-video-preview:-1"},"canonical":"https:\/\/conversesacatalunya.cat\/es\/economia-guerra-ucrania\/","og_locale":"es_ES","og_type":"article","og_title":"Econom\u00eda: nos anuncian sufrimientos, pero \u00bfpor qu\u00e9? - Converses a Catalunya","og_description":"Solo un replanteamiento radical de la pol\u00edtica en relaci\u00f3n con la URSS y la guerra de Ucrania dirigida a conseguir el armisticio, la paz y la colaboraci\u00f3n, constituyen la receta adecuada para volver al buen camino del bienestar","og_url":"https:\/\/conversesacatalunya.cat\/es\/economia-guerra-ucrania\/","og_site_name":"Converses a Catalunya","article_published_time":"2022-08-30T09:58:07+00:00","article_modified_time":"2022-08-30T11:20:36+00:00","og_image":[{"width":1800,"height":1013,"url":"https:\/\/conversesacatalunya.cat\/wp-content\/uploads\/2022\/08\/grafico-la-inflacion-en-europa-interior.jpg","type":"image\/jpeg"}],"author":"conversesacatalunya","twitter_card":"summary_large_image","twitter_misc":{"Escrito por":"conversesacatalunya","Tiempo de lectura":"5 minutos"},"schema":{"@context":"https:\/\/schema.org","@graph":[{"@type":"Article","@id":"https:\/\/conversesacatalunya.cat\/es\/economia-guerra-ucrania\/#article","isPartOf":{"@id":"https:\/\/conversesacatalunya.cat\/es\/economia-guerra-ucrania\/"},"author":{"name":"conversesacatalunya","@id":"https:\/\/conversesacatalunya.cat\/#\/schema\/person\/7e24d1e54a2785373ddcb275eae5ed99"},"headline":"Econom\u00eda: nos anuncian sufrimientos, pero \u00bfpor qu\u00e9?","datePublished":"2022-08-30T09:58:07+00:00","dateModified":"2022-08-30T11:20:36+00:00","mainEntityOfPage":{"@id":"https:\/\/conversesacatalunya.cat\/es\/economia-guerra-ucrania\/"},"wordCount":1045,"commentCount":0,"image":{"@id":"https:\/\/conversesacatalunya.cat\/es\/economia-guerra-ucrania\/#primaryimage"},"thumbnailUrl":"https:\/\/conversesacatalunya.cat\/wp-content\/uploads\/2022\/08\/grafico-la-inflacion-en-europa-interior.jpg","keywords":["crisis econ\u00f3mica guerra Ucrania","Ucrania"],"articleSection":["Punts clau del dia (ES)"],"inLanguage":"es","potentialAction":[{"@type":"CommentAction","name":"Comment","target":["https:\/\/conversesacatalunya.cat\/es\/economia-guerra-ucrania\/#respond"]}]},{"@type":"WebPage","@id":"https:\/\/conversesacatalunya.cat\/es\/economia-guerra-ucrania\/","url":"https:\/\/conversesacatalunya.cat\/es\/economia-guerra-ucrania\/","name":"Econom\u00eda: nos anuncian sufrimientos, pero \u00bfpor qu\u00e9? - Converses a Catalunya","isPartOf":{"@id":"https:\/\/conversesacatalunya.cat\/#website"},"primaryImageOfPage":{"@id":"https:\/\/conversesacatalunya.cat\/es\/economia-guerra-ucrania\/#primaryimage"},"image":{"@id":"https:\/\/conversesacatalunya.cat\/es\/economia-guerra-ucrania\/#primaryimage"},"thumbnailUrl":"https:\/\/conversesacatalunya.cat\/wp-content\/uploads\/2022\/08\/grafico-la-inflacion-en-europa-interior.jpg","datePublished":"2022-08-30T09:58:07+00:00","dateModified":"2022-08-30T11:20:36+00:00","author":{"@id":"https:\/\/conversesacatalunya.cat\/#\/schema\/person\/7e24d1e54a2785373ddcb275eae5ed99"},"description":"Solo un replanteamiento radical de la pol\u00edtica en relaci\u00f3n con la URSS y la guerra de Ucrania dirigida a conseguir el armisticio, la paz y la colaboraci\u00f3n, constituyen la receta adecuada para volver al buen camino del bienestar","breadcrumb":{"@id":"https:\/\/conversesacatalunya.cat\/es\/economia-guerra-ucrania\/#breadcrumb"},"inLanguage":"es","potentialAction":[{"@type":"ReadAction","target":["https:\/\/conversesacatalunya.cat\/es\/economia-guerra-ucrania\/"]}]},{"@type":"ImageObject","inLanguage":"es","@id":"https:\/\/conversesacatalunya.cat\/es\/economia-guerra-ucrania\/#primaryimage","url":"https:\/\/conversesacatalunya.cat\/wp-content\/uploads\/2022\/08\/grafico-la-inflacion-en-europa-interior.jpg","contentUrl":"https:\/\/conversesacatalunya.cat\/wp-content\/uploads\/2022\/08\/grafico-la-inflacion-en-europa-interior.jpg","width":1800,"height":1013},{"@type":"BreadcrumbList","@id":"https:\/\/conversesacatalunya.cat\/es\/economia-guerra-ucrania\/#breadcrumb","itemListElement":[{"@type":"ListItem","position":1,"name":"Inici","item":"https:\/\/conversesacatalunya.cat\/es\/"},{"@type":"ListItem","position":2,"name":"Econom\u00eda: nos anuncian sufrimientos, pero \u00bfpor qu\u00e9?"}]},{"@type":"WebSite","@id":"https:\/\/conversesacatalunya.cat\/#website","url":"https:\/\/conversesacatalunya.cat\/","name":"Converses a Catalunya","description":"","potentialAction":[{"@type":"SearchAction","target":{"@type":"EntryPoint","urlTemplate":"https:\/\/conversesacatalunya.cat\/?s={search_term_string}"},"query-input":{"@type":"PropertyValueSpecification","valueRequired":true,"valueName":"search_term_string"}}],"inLanguage":"es"},{"@type":"Person","@id":"https:\/\/conversesacatalunya.cat\/#\/schema\/person\/7e24d1e54a2785373ddcb275eae5ed99","name":"conversesacatalunya","image":{"@type":"ImageObject","inLanguage":"es","@id":"https:\/\/conversesacatalunya.cat\/#\/schema\/person\/image\/","url":"https:\/\/conversesacatalunya.cat\/wp-content\/litespeed\/avatar\/febdfeeec89d950f01c748045a981dd2.jpg?ver=1777314535","contentUrl":"https:\/\/conversesacatalunya.cat\/wp-content\/litespeed\/avatar\/febdfeeec89d950f01c748045a981dd2.jpg?ver=1777314535","caption":"conversesacatalunya"},"url":"https:\/\/conversesacatalunya.cat\/es\/author\/carme_catala\/"}]}},"wps_subtitle":"Solo un replanteamiento radical de la pol\u00edtica en relaci\u00f3n con la URSS y la guerra de Ucrania dirigida a conseguir el armisticio, la paz y la colaboraci\u00f3n, constituyen la receta adecuada para volver al buen camino del bienestar","_links":{"self":[{"href":"https:\/\/conversesacatalunya.cat\/es\/wp-json\/wp\/v2\/posts\/60303","targetHints":{"allow":["GET"]}}],"collection":[{"href":"https:\/\/conversesacatalunya.cat\/es\/wp-json\/wp\/v2\/posts"}],"about":[{"href":"https:\/\/conversesacatalunya.cat\/es\/wp-json\/wp\/v2\/types\/post"}],"author":[{"embeddable":true,"href":"https:\/\/conversesacatalunya.cat\/es\/wp-json\/wp\/v2\/users\/2"}],"replies":[{"embeddable":true,"href":"https:\/\/conversesacatalunya.cat\/es\/wp-json\/wp\/v2\/comments?post=60303"}],"version-history":[{"count":2,"href":"https:\/\/conversesacatalunya.cat\/es\/wp-json\/wp\/v2\/posts\/60303\/revisions"}],"predecessor-version":[{"id":60305,"href":"https:\/\/conversesacatalunya.cat\/es\/wp-json\/wp\/v2\/posts\/60303\/revisions\/60305"}],"wp:featuredmedia":[{"embeddable":true,"href":"https:\/\/conversesacatalunya.cat\/es\/wp-json\/wp\/v2\/media\/60248"}],"wp:attachment":[{"href":"https:\/\/conversesacatalunya.cat\/es\/wp-json\/wp\/v2\/media?parent=60303"}],"wp:term":[{"taxonomy":"category","embeddable":true,"href":"https:\/\/conversesacatalunya.cat\/es\/wp-json\/wp\/v2\/categories?post=60303"},{"taxonomy":"post_tag","embeddable":true,"href":"https:\/\/conversesacatalunya.cat\/es\/wp-json\/wp\/v2\/tags?post=60303"}],"curies":[{"name":"wp","href":"https:\/\/api.w.org\/{rel}","templated":true}]}}