{"id":60060,"date":"2022-08-19T08:52:22","date_gmt":"2022-08-19T06:52:22","guid":{"rendered":"https:\/\/conversesacatalunya.cat\/107-objectius-per-regenerar-renovar-transformar-i-aixecar-catalunya-habitatge\/"},"modified":"2022-08-30T12:17:06","modified_gmt":"2022-08-30T10:17:06","slug":"107-objetivos-catalunya-vivienda","status":"publish","type":"post","link":"https:\/\/conversesacatalunya.cat\/es\/107-objetivos-catalunya-vivienda\/","title":{"rendered":"107 objetivos para regenerar, renovar, transformar y levantar Catalunya: VIVIENDA"},"content":{"rendered":"<p><span class=\"\">El objetivo es hacer presente lo necesario que es asumir y alcanzar por parte de la sociedad, las instituciones y los partidos pol\u00edticos unos\u00a0\u00a0<\/span><strong><span class=\"\">objetivos concretos<\/span><\/strong><span class=\"\">\u00a0\u00a0que permitan transformar Catalu\u00f1a en el m\u00e1ximo y mejor sentido de la palabra.<\/span><\/p>\n<p>Los 107 objetivos han sido fruto de reflexi\u00f3n y debate en el seno de\u00a0<em>Converses<\/em>\u00a0, pero no tienen ninguna pretensi\u00f3n dogm\u00e1tica.\u00a0Consideramos que son buenos, pero ni inamovibles o inmejorables.<\/p>\n<p>Por esta raz\u00f3n te llamamos a hacer llegar\u00a0\u00a0<strong>tu punto de vista<\/strong>\u00a0, a participar en este debate gradual y a distancia, y que una vez finalizado tendr\u00e1 un resultado m\u00e1s concreto en el\u00a0<strong>encuentro y conversaci\u00f3n de todo el mundo que haya participado<\/strong>, con el fin de disponer de un proyecto para Catalu\u00f1a suprapartidista y resultante de la m\u00e1s amplia participaci\u00f3n que pueda presentar cualquier otro proyecto.<\/p>\n<p>Si est\u00e1s interesado en participar en el debate o formular observaciones escribe a:<\/p>\n<h5 style=\"text-align: center;\"><a href=\"mailto:admin@concatconverses.cat\" target=\"_blank\" rel=\"noopener\"><span style=\"color: #0000ff;\"><b>admin@concatconverses.cat<\/b><\/span><\/a><\/h5>\n<p><strong>OBJETIVO 7: VIVIENDA<\/strong><\/p>\n<p><strong><span style=\"color: #0000ff;\">11<\/span><\/strong>. Hay un <strong>d\u00e9ficit cr\u00f3nico de vivienda social en Catalunya que debe ser corregido,<\/strong> y esto s\u00f3lo es posible con una inyecci\u00f3n masiva de recursos y una actuaci\u00f3n concertada con el sector social y privado. En este marco, es necesario establecer <strong>una serie de prioridades:<\/strong> atender a las 10.000 personas sin hogar que viven en la calle o en infraviviendas. Esa cifra asciende hasta los 18.000 de acuerdo con el documento presentado por una serie de asociaciones entre las que se encuentra C\u00e1ritas y Sant Joan de D\u00e9u en el Parlament de Catalunya. Los criterios de este documento deben servir para inspirar en este \u00e1mbito. Como ampliaci\u00f3n, dedicar 200 millones de euros a resolver el problema de los 60.000 catalanes que viven en condiciones indignas.<\/p>\n<p><strong><span style=\"color: #0000ff;\">12.<\/span><\/strong> Rehabilitaci\u00f3n. <strong>Ampliar el Plan de Rehabilitaci\u00f3n del AMB con Fondo Next Generation<\/strong> en toda Catalunya y hasta las 18.000 viviendas, que incorpor\u00f3 medidas de reducci\u00f3n de las emisiones, el ruido y la autogeneraci\u00f3n de energ\u00eda o agua caliente por medio de calefactores solares. Ampliar el plan de rehabilitaci\u00f3n en toda Catalunya.<\/p>\n<p><strong><span style=\"color: #0000ff;\">13.<\/span><\/strong> <strong>Revisi\u00f3n del plan de Vivienda Social de Alquiler de Catalunya<\/strong> y del Plan Territorial Sectorial de Vivienda con el objetivo de alcanzar el 10% del total (en la actualidad es del 7%, sin embargo ning\u00fan compromiso econ\u00f3mico de hacerlo posible) de las viviendas principales se destinen a alquiler social en un plazo de 15 a\u00f1os (ahora es de 20). El objetivo es pasar de los 54.066 (1,7%) actuales a 300.000.<\/p>\n<p class=\"w-post-elm post_title us_custom_e2aee182 entry-title color_link_inherit\" style=\"text-align: center;\"><a href=\"https:\/\/conversesacatalunya.cat\/es\/cataluna-servicios-sociales\/\" target=\"_blank\" rel=\"noopener\"><strong>107 objectivos para regenerar, renovar, transformar y levantar Catalu\u00f1a: SERVICIOS SOCIALES<\/strong><\/a><\/p>\n","protected":false},"excerpt":{"rendered":"<p>El objetivo es hacer presente lo necesario que es asumir y alcanzar por parte de la sociedad, las instituciones y los partidos pol\u00edticos unos\u00a0\u00a0objetivos concretos\u00a0\u00a0que permitan transformar Catalu\u00f1a en el m\u00e1ximo y mejor sentido de la palabra. Los 107 objetivos han sido fruto de reflexi\u00f3n y debate en el seno de\u00a0Converses\u00a0, pero no tienen ninguna pretensi\u00f3n dogm\u00e1tica.\u00a0Consideramos que son buenos, pero ni inamovibles o inmejorables. Por esta raz\u00f3n te llamamos a hacer llegar\u00a0\u00a0tu punto de vista\u00a0, a participar en este debate gradual y a distancia, y que una vez finalizado tendr\u00e1 un resultado m\u00e1s concreto en el\u00a0encuentro y conversaci\u00f3n de todo el mundo que haya participado, con el fin de disponer de un proyecto para Catalu\u00f1a suprapartidista y resultante de la m\u00e1s amplia participaci\u00f3n que pueda presentar cualquier otro proyecto. Si est\u00e1s interesado en participar en el debate o formular observaciones escribe a: admin@concatconverses.cat OBJETIVO 7: VIVIENDA 11. Hay un d\u00e9ficit cr\u00f3nico de vivienda social en Catalunya que debe ser corregido, y esto s\u00f3lo es posible con una inyecci\u00f3n masiva de recursos y una actuaci\u00f3n concertada con el sector social y privado. En este marco, es necesario establecer una serie de prioridades: atender a las 10.000 personas sin hogar que viven en la calle o en infraviviendas. Esa cifra asciende hasta los 18.000 de acuerdo con el documento presentado por una serie de asociaciones entre las que se encuentra C\u00e1ritas y Sant Joan de D\u00e9u en el Parlament de Catalunya. Los criterios de este documento deben servir para inspirar en este \u00e1mbito. Como ampliaci\u00f3n, dedicar 200 millones de euros a resolver el problema de los 60.000 catalanes que viven en condiciones indignas. 12. Rehabilitaci\u00f3n. Ampliar el Plan de Rehabilitaci\u00f3n del AMB con Fondo Next Generation en toda Catalunya y hasta las 18.000 viviendas, que incorpor\u00f3 medidas de reducci\u00f3n de las emisiones, el ruido y la autogeneraci\u00f3n de energ\u00eda o agua caliente por medio de calefactores solares. Ampliar el plan de rehabilitaci\u00f3n en toda Catalunya. 13. Revisi\u00f3n del plan de Vivienda Social de Alquiler de Catalunya y del Plan Territorial Sectorial de Vivienda con el objetivo de alcanzar el 10% del total (en la actualidad es del 7%, sin embargo ning\u00fan compromiso econ\u00f3mico de hacerlo posible) de las viviendas principales se destinen a alquiler social en un plazo de 15 a\u00f1os (ahora es de 20). El objetivo es pasar de los 54.066 (1,7%) actuales a 300.000. 107 objectivos para regenerar, renovar, transformar y levantar Catalu\u00f1a: SERVICIOS SOCIALES<\/p>\n","protected":false},"author":2,"featured_media":59987,"comment_status":"open","ping_status":"open","sticky":false,"template":"","format":"standard","meta":{"_FSMCFIC_featured_image_caption":"","_FSMCFIC_featured_image_nocaption":"","_FSMCFIC_featured_image_hide":"","footnotes":""},"categories":[806],"tags":[4821,4822],"class_list":["post-60060","post","type-post","status-publish","format-standard","has-post-thumbnail","hentry","category-punts-claus-del-dia-es","tag-objectius-catalunya-es","tag-objetivos-cataluna"],"yoast_head":"<!-- This site is optimized with the Yoast SEO plugin v26.8 - https:\/\/yoast.com\/product\/yoast-seo-wordpress\/ -->\n<title>107 objetivos para regenerar, renovar, transformar y levantar Catalunya: VIVIENDA - Converses a Catalunya<\/title>\n<meta name=\"robots\" content=\"index, follow, max-snippet:-1, max-image-preview:large, max-video-preview:-1\" \/>\n<link rel=\"canonical\" href=\"https:\/\/conversesacatalunya.cat\/es\/107-objetivos-catalunya-vivienda\/\" \/>\n<meta property=\"og:locale\" content=\"es_ES\" \/>\n<meta property=\"og:type\" content=\"article\" \/>\n<meta property=\"og:title\" content=\"107 objetivos para regenerar, renovar, transformar y levantar Catalunya: VIVIENDA - Converses a Catalunya\" \/>\n<meta property=\"og:description\" content=\"El objetivo es hacer presente lo necesario que es asumir y alcanzar por parte de la sociedad, las instituciones y los partidos pol\u00edticos unos\u00a0\u00a0objetivos concretos\u00a0\u00a0que permitan transformar Catalu\u00f1a en el m\u00e1ximo y mejor sentido de la palabra. Los 107 objetivos han sido fruto de reflexi\u00f3n y debate en el seno de\u00a0Converses\u00a0, pero no tienen ninguna pretensi\u00f3n dogm\u00e1tica.\u00a0Consideramos que son buenos, pero ni inamovibles o inmejorables. Por esta raz\u00f3n te llamamos a hacer llegar\u00a0\u00a0tu punto de vista\u00a0, a participar en este debate gradual y a distancia, y que una vez finalizado tendr\u00e1 un resultado m\u00e1s concreto en el\u00a0encuentro y conversaci\u00f3n de todo el mundo que haya participado, con el fin de disponer de un proyecto para Catalu\u00f1a suprapartidista y resultante de la m\u00e1s amplia participaci\u00f3n que pueda presentar cualquier otro proyecto. Si est\u00e1s interesado en participar en el debate o formular observaciones escribe a: admin@concatconverses.cat OBJETIVO 7: VIVIENDA 11. Hay un d\u00e9ficit cr\u00f3nico de vivienda social en Catalunya que debe ser corregido, y esto s\u00f3lo es posible con una inyecci\u00f3n masiva de recursos y una actuaci\u00f3n concertada con el sector social y privado. En este marco, es necesario establecer una serie de prioridades: atender a las 10.000 personas sin hogar que viven en la calle o en infraviviendas. Esa cifra asciende hasta los 18.000 de acuerdo con el documento presentado por una serie de asociaciones entre las que se encuentra C\u00e1ritas y Sant Joan de D\u00e9u en el Parlament de Catalunya. Los criterios de este documento deben servir para inspirar en este \u00e1mbito. Como ampliaci\u00f3n, dedicar 200 millones de euros a resolver el problema de los 60.000 catalanes que viven en condiciones indignas. 12. Rehabilitaci\u00f3n. Ampliar el Plan de Rehabilitaci\u00f3n del AMB con Fondo Next Generation en toda Catalunya y hasta las 18.000 viviendas, que incorpor\u00f3 medidas de reducci\u00f3n de las emisiones, el ruido y la autogeneraci\u00f3n de energ\u00eda o agua caliente por medio de calefactores solares. Ampliar el plan de rehabilitaci\u00f3n en toda Catalunya. 13. Revisi\u00f3n del plan de Vivienda Social de Alquiler de Catalunya y del Plan Territorial Sectorial de Vivienda con el objetivo de alcanzar el 10% del total (en la actualidad es del 7%, sin embargo ning\u00fan compromiso econ\u00f3mico de hacerlo posible) de las viviendas principales se destinen a alquiler social en un plazo de 15 a\u00f1os (ahora es de 20). El objetivo es pasar de los 54.066 (1,7%) actuales a 300.000. 107 objectivos para regenerar, renovar, transformar y levantar Catalu\u00f1a: SERVICIOS SOCIALES\" \/>\n<meta property=\"og:url\" content=\"https:\/\/conversesacatalunya.cat\/es\/107-objetivos-catalunya-vivienda\/\" \/>\n<meta property=\"og:site_name\" content=\"Converses a Catalunya\" \/>\n<meta property=\"article:published_time\" content=\"2022-08-19T06:52:22+00:00\" \/>\n<meta property=\"article:modified_time\" content=\"2022-08-30T10:17:06+00:00\" \/>\n<meta property=\"og:image\" content=\"https:\/\/conversesacatalunya.cat\/wp-content\/uploads\/2022\/08\/habitatge.jpg\" \/>\n\t<meta property=\"og:image:width\" content=\"1200\" \/>\n\t<meta property=\"og:image:height\" content=\"901\" \/>\n\t<meta property=\"og:image:type\" content=\"image\/jpeg\" \/>\n<meta name=\"author\" content=\"conversesacatalunya\" \/>\n<meta name=\"twitter:card\" content=\"summary_large_image\" \/>\n<meta name=\"twitter:label1\" content=\"Escrito por\" \/>\n\t<meta name=\"twitter:data1\" content=\"conversesacatalunya\" \/>\n\t<meta name=\"twitter:label2\" content=\"Tiempo de lectura\" \/>\n\t<meta name=\"twitter:data2\" content=\"2 minutos\" \/>\n<script type=\"application\/ld+json\" class=\"yoast-schema-graph\">{\"@context\":\"https:\/\/schema.org\",\"@graph\":[{\"@type\":\"Article\",\"@id\":\"https:\/\/conversesacatalunya.cat\/es\/107-objetivos-catalunya-vivienda\/#article\",\"isPartOf\":{\"@id\":\"https:\/\/conversesacatalunya.cat\/es\/107-objetivos-catalunya-vivienda\/\"},\"author\":{\"name\":\"conversesacatalunya\",\"@id\":\"https:\/\/conversesacatalunya.cat\/#\/schema\/person\/7e24d1e54a2785373ddcb275eae5ed99\"},\"headline\":\"107 objetivos para regenerar, renovar, transformar y levantar Catalunya: VIVIENDA\",\"datePublished\":\"2022-08-19T06:52:22+00:00\",\"dateModified\":\"2022-08-30T10:17:06+00:00\",\"mainEntityOfPage\":{\"@id\":\"https:\/\/conversesacatalunya.cat\/es\/107-objetivos-catalunya-vivienda\/\"},\"wordCount\":437,\"commentCount\":0,\"image\":{\"@id\":\"https:\/\/conversesacatalunya.cat\/es\/107-objetivos-catalunya-vivienda\/#primaryimage\"},\"thumbnailUrl\":\"https:\/\/conversesacatalunya.cat\/wp-content\/uploads\/2022\/08\/habitatge.jpg\",\"keywords\":[\"objectius Catalunya\",\"objetivos Catalu\u00f1a\"],\"articleSection\":[\"Punts clau del dia (ES)\"],\"inLanguage\":\"es\",\"potentialAction\":[{\"@type\":\"CommentAction\",\"name\":\"Comment\",\"target\":[\"https:\/\/conversesacatalunya.cat\/es\/107-objetivos-catalunya-vivienda\/#respond\"]}]},{\"@type\":\"WebPage\",\"@id\":\"https:\/\/conversesacatalunya.cat\/es\/107-objetivos-catalunya-vivienda\/\",\"url\":\"https:\/\/conversesacatalunya.cat\/es\/107-objetivos-catalunya-vivienda\/\",\"name\":\"107 objetivos para regenerar, renovar, transformar y levantar Catalunya: VIVIENDA - Converses a Catalunya\",\"isPartOf\":{\"@id\":\"https:\/\/conversesacatalunya.cat\/#website\"},\"primaryImageOfPage\":{\"@id\":\"https:\/\/conversesacatalunya.cat\/es\/107-objetivos-catalunya-vivienda\/#primaryimage\"},\"image\":{\"@id\":\"https:\/\/conversesacatalunya.cat\/es\/107-objetivos-catalunya-vivienda\/#primaryimage\"},\"thumbnailUrl\":\"https:\/\/conversesacatalunya.cat\/wp-content\/uploads\/2022\/08\/habitatge.jpg\",\"datePublished\":\"2022-08-19T06:52:22+00:00\",\"dateModified\":\"2022-08-30T10:17:06+00:00\",\"author\":{\"@id\":\"https:\/\/conversesacatalunya.cat\/#\/schema\/person\/7e24d1e54a2785373ddcb275eae5ed99\"},\"breadcrumb\":{\"@id\":\"https:\/\/conversesacatalunya.cat\/es\/107-objetivos-catalunya-vivienda\/#breadcrumb\"},\"inLanguage\":\"es\",\"potentialAction\":[{\"@type\":\"ReadAction\",\"target\":[\"https:\/\/conversesacatalunya.cat\/es\/107-objetivos-catalunya-vivienda\/\"]}]},{\"@type\":\"ImageObject\",\"inLanguage\":\"es\",\"@id\":\"https:\/\/conversesacatalunya.cat\/es\/107-objetivos-catalunya-vivienda\/#primaryimage\",\"url\":\"https:\/\/conversesacatalunya.cat\/wp-content\/uploads\/2022\/08\/habitatge.jpg\",\"contentUrl\":\"https:\/\/conversesacatalunya.cat\/wp-content\/uploads\/2022\/08\/habitatge.jpg\",\"width\":1200,\"height\":901},{\"@type\":\"BreadcrumbList\",\"@id\":\"https:\/\/conversesacatalunya.cat\/es\/107-objetivos-catalunya-vivienda\/#breadcrumb\",\"itemListElement\":[{\"@type\":\"ListItem\",\"position\":1,\"name\":\"Inici\",\"item\":\"https:\/\/conversesacatalunya.cat\/es\/\"},{\"@type\":\"ListItem\",\"position\":2,\"name\":\"107 objetivos para regenerar, renovar, transformar y levantar Catalunya: VIVIENDA\"}]},{\"@type\":\"WebSite\",\"@id\":\"https:\/\/conversesacatalunya.cat\/#website\",\"url\":\"https:\/\/conversesacatalunya.cat\/\",\"name\":\"Converses a Catalunya\",\"description\":\"\",\"potentialAction\":[{\"@type\":\"SearchAction\",\"target\":{\"@type\":\"EntryPoint\",\"urlTemplate\":\"https:\/\/conversesacatalunya.cat\/?s={search_term_string}\"},\"query-input\":{\"@type\":\"PropertyValueSpecification\",\"valueRequired\":true,\"valueName\":\"search_term_string\"}}],\"inLanguage\":\"es\"},{\"@type\":\"Person\",\"@id\":\"https:\/\/conversesacatalunya.cat\/#\/schema\/person\/7e24d1e54a2785373ddcb275eae5ed99\",\"name\":\"conversesacatalunya\",\"image\":{\"@type\":\"ImageObject\",\"inLanguage\":\"es\",\"@id\":\"https:\/\/conversesacatalunya.cat\/#\/schema\/person\/image\/\",\"url\":\"https:\/\/conversesacatalunya.cat\/wp-content\/litespeed\/avatar\/febdfeeec89d950f01c748045a981dd2.jpg?ver=1777314535\",\"contentUrl\":\"https:\/\/conversesacatalunya.cat\/wp-content\/litespeed\/avatar\/febdfeeec89d950f01c748045a981dd2.jpg?ver=1777314535\",\"caption\":\"conversesacatalunya\"},\"url\":\"https:\/\/conversesacatalunya.cat\/es\/author\/carme_catala\/\"}]}<\/script>\n<!-- \/ Yoast SEO plugin. -->","yoast_head_json":{"title":"107 objetivos para regenerar, renovar, transformar y levantar Catalunya: VIVIENDA - Converses a Catalunya","robots":{"index":"index","follow":"follow","max-snippet":"max-snippet:-1","max-image-preview":"max-image-preview:large","max-video-preview":"max-video-preview:-1"},"canonical":"https:\/\/conversesacatalunya.cat\/es\/107-objetivos-catalunya-vivienda\/","og_locale":"es_ES","og_type":"article","og_title":"107 objetivos para regenerar, renovar, transformar y levantar Catalunya: VIVIENDA - Converses a Catalunya","og_description":"El objetivo es hacer presente lo necesario que es asumir y alcanzar por parte de la sociedad, las instituciones y los partidos pol\u00edticos unos\u00a0\u00a0objetivos concretos\u00a0\u00a0que permitan transformar Catalu\u00f1a en el m\u00e1ximo y mejor sentido de la palabra. Los 107 objetivos han sido fruto de reflexi\u00f3n y debate en el seno de\u00a0Converses\u00a0, pero no tienen ninguna pretensi\u00f3n dogm\u00e1tica.\u00a0Consideramos que son buenos, pero ni inamovibles o inmejorables. Por esta raz\u00f3n te llamamos a hacer llegar\u00a0\u00a0tu punto de vista\u00a0, a participar en este debate gradual y a distancia, y que una vez finalizado tendr\u00e1 un resultado m\u00e1s concreto en el\u00a0encuentro y conversaci\u00f3n de todo el mundo que haya participado, con el fin de disponer de un proyecto para Catalu\u00f1a suprapartidista y resultante de la m\u00e1s amplia participaci\u00f3n que pueda presentar cualquier otro proyecto. Si est\u00e1s interesado en participar en el debate o formular observaciones escribe a: admin@concatconverses.cat OBJETIVO 7: VIVIENDA 11. Hay un d\u00e9ficit cr\u00f3nico de vivienda social en Catalunya que debe ser corregido, y esto s\u00f3lo es posible con una inyecci\u00f3n masiva de recursos y una actuaci\u00f3n concertada con el sector social y privado. En este marco, es necesario establecer una serie de prioridades: atender a las 10.000 personas sin hogar que viven en la calle o en infraviviendas. Esa cifra asciende hasta los 18.000 de acuerdo con el documento presentado por una serie de asociaciones entre las que se encuentra C\u00e1ritas y Sant Joan de D\u00e9u en el Parlament de Catalunya. Los criterios de este documento deben servir para inspirar en este \u00e1mbito. Como ampliaci\u00f3n, dedicar 200 millones de euros a resolver el problema de los 60.000 catalanes que viven en condiciones indignas. 12. Rehabilitaci\u00f3n. Ampliar el Plan de Rehabilitaci\u00f3n del AMB con Fondo Next Generation en toda Catalunya y hasta las 18.000 viviendas, que incorpor\u00f3 medidas de reducci\u00f3n de las emisiones, el ruido y la autogeneraci\u00f3n de energ\u00eda o agua caliente por medio de calefactores solares. Ampliar el plan de rehabilitaci\u00f3n en toda Catalunya. 13. Revisi\u00f3n del plan de Vivienda Social de Alquiler de Catalunya y del Plan Territorial Sectorial de Vivienda con el objetivo de alcanzar el 10% del total (en la actualidad es del 7%, sin embargo ning\u00fan compromiso econ\u00f3mico de hacerlo posible) de las viviendas principales se destinen a alquiler social en un plazo de 15 a\u00f1os (ahora es de 20). El objetivo es pasar de los 54.066 (1,7%) actuales a 300.000. 107 objectivos para regenerar, renovar, transformar y levantar Catalu\u00f1a: SERVICIOS SOCIALES","og_url":"https:\/\/conversesacatalunya.cat\/es\/107-objetivos-catalunya-vivienda\/","og_site_name":"Converses a Catalunya","article_published_time":"2022-08-19T06:52:22+00:00","article_modified_time":"2022-08-30T10:17:06+00:00","og_image":[{"width":1200,"height":901,"url":"https:\/\/conversesacatalunya.cat\/wp-content\/uploads\/2022\/08\/habitatge.jpg","type":"image\/jpeg"}],"author":"conversesacatalunya","twitter_card":"summary_large_image","twitter_misc":{"Escrito por":"conversesacatalunya","Tiempo de lectura":"2 minutos"},"schema":{"@context":"https:\/\/schema.org","@graph":[{"@type":"Article","@id":"https:\/\/conversesacatalunya.cat\/es\/107-objetivos-catalunya-vivienda\/#article","isPartOf":{"@id":"https:\/\/conversesacatalunya.cat\/es\/107-objetivos-catalunya-vivienda\/"},"author":{"name":"conversesacatalunya","@id":"https:\/\/conversesacatalunya.cat\/#\/schema\/person\/7e24d1e54a2785373ddcb275eae5ed99"},"headline":"107 objetivos para regenerar, renovar, transformar y levantar Catalunya: VIVIENDA","datePublished":"2022-08-19T06:52:22+00:00","dateModified":"2022-08-30T10:17:06+00:00","mainEntityOfPage":{"@id":"https:\/\/conversesacatalunya.cat\/es\/107-objetivos-catalunya-vivienda\/"},"wordCount":437,"commentCount":0,"image":{"@id":"https:\/\/conversesacatalunya.cat\/es\/107-objetivos-catalunya-vivienda\/#primaryimage"},"thumbnailUrl":"https:\/\/conversesacatalunya.cat\/wp-content\/uploads\/2022\/08\/habitatge.jpg","keywords":["objectius Catalunya","objetivos Catalu\u00f1a"],"articleSection":["Punts clau del dia (ES)"],"inLanguage":"es","potentialAction":[{"@type":"CommentAction","name":"Comment","target":["https:\/\/conversesacatalunya.cat\/es\/107-objetivos-catalunya-vivienda\/#respond"]}]},{"@type":"WebPage","@id":"https:\/\/conversesacatalunya.cat\/es\/107-objetivos-catalunya-vivienda\/","url":"https:\/\/conversesacatalunya.cat\/es\/107-objetivos-catalunya-vivienda\/","name":"107 objetivos para regenerar, renovar, transformar y levantar Catalunya: VIVIENDA - Converses a Catalunya","isPartOf":{"@id":"https:\/\/conversesacatalunya.cat\/#website"},"primaryImageOfPage":{"@id":"https:\/\/conversesacatalunya.cat\/es\/107-objetivos-catalunya-vivienda\/#primaryimage"},"image":{"@id":"https:\/\/conversesacatalunya.cat\/es\/107-objetivos-catalunya-vivienda\/#primaryimage"},"thumbnailUrl":"https:\/\/conversesacatalunya.cat\/wp-content\/uploads\/2022\/08\/habitatge.jpg","datePublished":"2022-08-19T06:52:22+00:00","dateModified":"2022-08-30T10:17:06+00:00","author":{"@id":"https:\/\/conversesacatalunya.cat\/#\/schema\/person\/7e24d1e54a2785373ddcb275eae5ed99"},"breadcrumb":{"@id":"https:\/\/conversesacatalunya.cat\/es\/107-objetivos-catalunya-vivienda\/#breadcrumb"},"inLanguage":"es","potentialAction":[{"@type":"ReadAction","target":["https:\/\/conversesacatalunya.cat\/es\/107-objetivos-catalunya-vivienda\/"]}]},{"@type":"ImageObject","inLanguage":"es","@id":"https:\/\/conversesacatalunya.cat\/es\/107-objetivos-catalunya-vivienda\/#primaryimage","url":"https:\/\/conversesacatalunya.cat\/wp-content\/uploads\/2022\/08\/habitatge.jpg","contentUrl":"https:\/\/conversesacatalunya.cat\/wp-content\/uploads\/2022\/08\/habitatge.jpg","width":1200,"height":901},{"@type":"BreadcrumbList","@id":"https:\/\/conversesacatalunya.cat\/es\/107-objetivos-catalunya-vivienda\/#breadcrumb","itemListElement":[{"@type":"ListItem","position":1,"name":"Inici","item":"https:\/\/conversesacatalunya.cat\/es\/"},{"@type":"ListItem","position":2,"name":"107 objetivos para regenerar, renovar, transformar y levantar Catalunya: VIVIENDA"}]},{"@type":"WebSite","@id":"https:\/\/conversesacatalunya.cat\/#website","url":"https:\/\/conversesacatalunya.cat\/","name":"Converses a Catalunya","description":"","potentialAction":[{"@type":"SearchAction","target":{"@type":"EntryPoint","urlTemplate":"https:\/\/conversesacatalunya.cat\/?s={search_term_string}"},"query-input":{"@type":"PropertyValueSpecification","valueRequired":true,"valueName":"search_term_string"}}],"inLanguage":"es"},{"@type":"Person","@id":"https:\/\/conversesacatalunya.cat\/#\/schema\/person\/7e24d1e54a2785373ddcb275eae5ed99","name":"conversesacatalunya","image":{"@type":"ImageObject","inLanguage":"es","@id":"https:\/\/conversesacatalunya.cat\/#\/schema\/person\/image\/","url":"https:\/\/conversesacatalunya.cat\/wp-content\/litespeed\/avatar\/febdfeeec89d950f01c748045a981dd2.jpg?ver=1777314535","contentUrl":"https:\/\/conversesacatalunya.cat\/wp-content\/litespeed\/avatar\/febdfeeec89d950f01c748045a981dd2.jpg?ver=1777314535","caption":"conversesacatalunya"},"url":"https:\/\/conversesacatalunya.cat\/es\/author\/carme_catala\/"}]}},"wps_subtitle":"","_links":{"self":[{"href":"https:\/\/conversesacatalunya.cat\/es\/wp-json\/wp\/v2\/posts\/60060","targetHints":{"allow":["GET"]}}],"collection":[{"href":"https:\/\/conversesacatalunya.cat\/es\/wp-json\/wp\/v2\/posts"}],"about":[{"href":"https:\/\/conversesacatalunya.cat\/es\/wp-json\/wp\/v2\/types\/post"}],"author":[{"embeddable":true,"href":"https:\/\/conversesacatalunya.cat\/es\/wp-json\/wp\/v2\/users\/2"}],"replies":[{"embeddable":true,"href":"https:\/\/conversesacatalunya.cat\/es\/wp-json\/wp\/v2\/comments?post=60060"}],"version-history":[{"count":6,"href":"https:\/\/conversesacatalunya.cat\/es\/wp-json\/wp\/v2\/posts\/60060\/revisions"}],"predecessor-version":[{"id":60264,"href":"https:\/\/conversesacatalunya.cat\/es\/wp-json\/wp\/v2\/posts\/60060\/revisions\/60264"}],"wp:featuredmedia":[{"embeddable":true,"href":"https:\/\/conversesacatalunya.cat\/es\/wp-json\/wp\/v2\/media\/59987"}],"wp:attachment":[{"href":"https:\/\/conversesacatalunya.cat\/es\/wp-json\/wp\/v2\/media?parent=60060"}],"wp:term":[{"taxonomy":"category","embeddable":true,"href":"https:\/\/conversesacatalunya.cat\/es\/wp-json\/wp\/v2\/categories?post=60060"},{"taxonomy":"post_tag","embeddable":true,"href":"https:\/\/conversesacatalunya.cat\/es\/wp-json\/wp\/v2\/tags?post=60060"}],"curies":[{"name":"wp","href":"https:\/\/api.w.org\/{rel}","templated":true}]}}