{"id":59917,"date":"2022-08-09T08:58:07","date_gmt":"2022-08-09T06:58:07","guid":{"rendered":"https:\/\/conversesacatalunya.cat\/107-objectius-per-regenerar-catalunya-pobresa\/"},"modified":"2022-08-30T12:25:08","modified_gmt":"2022-08-30T10:25:08","slug":"cataluna-erradicar-pobreza","status":"publish","type":"post","link":"https:\/\/conversesacatalunya.cat\/es\/cataluna-erradicar-pobreza\/","title":{"rendered":"107 objetivos para regenerar, renovar, transformar y levantar Catalunya: HAY QUE ERRADICAR LA POBREZA"},"content":{"rendered":"<p><span class=\"\">El objetivo es hacer presente lo necesario que es asumir y alcanzar por parte de la sociedad, las instituciones y los partidos pol\u00edticos unos\u00a0 <\/span><strong><span class=\"\">objetivos concretos<\/span><\/strong><span class=\"\">\u00a0\u00a0que permitan transformar Catalu\u00f1a en el m\u00e1ximo y mejor sentido de la palabra.<\/span><\/p>\n<p>Los 107 objetivos han sido fruto de reflexi\u00f3n y debate en el seno de <em>Converses<\/em>\u00a0, pero no tienen ninguna pretensi\u00f3n dogm\u00e1tica.\u00a0Consideramos que son buenos, pero ni inamovibles o inmejorables.<\/p>\n<p>Por esta raz\u00f3n te llamamos a hacer llegar\u00a0\u00a0<strong>tu punto de vista<\/strong> , a participar en este debate gradual y a distancia, y que una vez finalizado tendr\u00e1 un resultado m\u00e1s concreto en el <strong>encuentro y conversaci\u00f3n de todo el mundo que haya participado<\/strong>, con el fin de disponer de un proyecto para Catalu\u00f1a suprapartidista y resultante de la m\u00e1s amplia participaci\u00f3n que pueda presentar cualquier otro proyecto.<\/p>\n<p>Si est\u00e1s interesado en participar en el debate o formular observaciones escribe a:<\/p>\n<h5 style=\"text-align: center;\"><a href=\"mailto:admin@concatconverses.cat\" target=\"_blank\" rel=\"noopener\"><span style=\"color: #0000ff;\"><b>admin@concatconverses.cat<\/b><\/span><\/a><\/h5>\n<p><strong>OBJETIVO 5: BASTA DE GESTIONAR LA POBREZA, LO QUE HAY QUE HACER ES ERRADICARLA<\/strong><\/p>\n<p><strong><span style=\"color: #0000ff;\">5.<\/span> <\/strong>En Catalu\u00f1a viven 470.000 personas en situaci\u00f3n de\u00a0<strong>pobreza material severa<\/strong>.\u00a0Por su parte, un 21,7% vive por debajo del\u00a0<strong>umbral de pobreza<\/strong>, mientras la exclusi\u00f3n social alcanza el 29,1%, 6 puntos superior a la media espa\u00f1ola y mayor que Madrid (22,3%).\u00a0Catalu\u00f1a y Canarias son las comunidades aut\u00f3nomas con un mayor nivel de exclusi\u00f3n en 2021. Los factores m\u00e1s decisivos de la exclusi\u00f3n social son, por este orden: la pobreza grave, la ausencia de ingresos, la pobreza menos grave, la falta de trabajo, ser extranjero y\u00a0<strong>constituir una familia con hijos<\/strong>.\u00a0Es una situaci\u00f3n inaceptable que debe ser inmediatamente corregida.<\/p>\n<p><span style=\"color: #0000ff;\"><strong>6.<\/strong> <\/span>La\u00a0<strong>Renta Garantizada de la Generalitat <\/strong>tan s\u00f3lo llega al 7% de los catalanes en riesgo de pobreza y al 27,6% de los hogares en situaci\u00f3n de pobreza grave.\u00a0Es necesario actuar para 1-unificar esta ayuda con el Ingreso M\u00ednimo Vital del Gobierno espa\u00f1ol.\u00a0<span class=\"goog-text-highlight\">2- Alcanzar una cifra de protecci\u00f3n superior a la media espa\u00f1ola para la pobreza relativa (12%) y cubrir el 100% de la pobreza grave.<\/span><\/p>\n<p><strong><span style=\"color: #0000ff;\">7.<\/span><\/strong> 90.000 ni\u00f1os y j\u00f3venes est\u00e1n en situaci\u00f3n de pobreza en Catalu\u00f1a.\u00a0<span class=\"\">El Plan de la Generalitat para abordar este problema, que prev\u00e9 250 millones, es insuficiente:\u00a0<\/span><strong><span class=\"\">es necesario un nuevo plan integral<\/span><\/strong><span class=\"\">\u00a0dotado con 370 millones de euros, llevado a cabo con la participaci\u00f3n y cogesti\u00f3n de las entidades de la sociedad civil que trabajan en \u00e9ste \u00e1mbito.<\/span><\/p>\n<p class=\"w-post-elm post_title us_custom_e2aee182 entry-title color_link_inherit\" style=\"text-align: center;\"><a href=\"https:\/\/conversesacatalunya.cat\/es\/catalunya-natalidad-poblacion-envejecimiento\/\" target=\"_blank\" rel=\"noopener\"><span style=\"color: #0000ff;\"><strong>107 objetivos para regenerar, renovar, transformar y levantar Catalunya: NATALIDAD, POBLACI\u00d3N Y ENVEJECIMIENTO<\/strong><\/span><\/a><\/p>\n","protected":false},"excerpt":{"rendered":"<p>El objetivo es hacer presente lo necesario que es asumir y alcanzar por parte de la sociedad, las instituciones y los partidos pol\u00edticos unos\u00a0 objetivos concretos\u00a0\u00a0que permitan transformar Catalu\u00f1a en el m\u00e1ximo y mejor sentido de la palabra. Los 107 objetivos han sido fruto de reflexi\u00f3n y debate en el seno de Converses\u00a0, pero no tienen ninguna pretensi\u00f3n dogm\u00e1tica.\u00a0Consideramos que son buenos, pero ni inamovibles o inmejorables. Por esta raz\u00f3n te llamamos a hacer llegar\u00a0\u00a0tu punto de vista , a participar en este debate gradual y a distancia, y que una vez finalizado tendr\u00e1 un resultado m\u00e1s concreto en el encuentro y conversaci\u00f3n de todo el mundo que haya participado, con el fin de disponer de un proyecto para Catalu\u00f1a suprapartidista y resultante de la m\u00e1s amplia participaci\u00f3n que pueda presentar cualquier otro proyecto. Si est\u00e1s interesado en participar en el debate o formular observaciones escribe a: admin@concatconverses.cat OBJETIVO 5: BASTA DE GESTIONAR LA POBREZA, LO QUE HAY QUE HACER ES ERRADICARLA 5. En Catalu\u00f1a viven 470.000 personas en situaci\u00f3n de\u00a0pobreza material severa.\u00a0Por su parte, un 21,7% vive por debajo del\u00a0umbral de pobreza, mientras la exclusi\u00f3n social alcanza el 29,1%, 6 puntos superior a la media espa\u00f1ola y mayor que Madrid (22,3%).\u00a0Catalu\u00f1a y Canarias son las comunidades aut\u00f3nomas con un mayor nivel de exclusi\u00f3n en 2021. Los factores m\u00e1s decisivos de la exclusi\u00f3n social son, por este orden: la pobreza grave, la ausencia de ingresos, la pobreza menos grave, la falta de trabajo, ser extranjero y\u00a0constituir una familia con hijos.\u00a0Es una situaci\u00f3n inaceptable que debe ser inmediatamente corregida. 6. La\u00a0Renta Garantizada de la Generalitat tan s\u00f3lo llega al 7% de los catalanes en riesgo de pobreza y al 27,6% de los hogares en situaci\u00f3n de pobreza grave.\u00a0Es necesario actuar para 1-unificar esta ayuda con el Ingreso M\u00ednimo Vital del Gobierno espa\u00f1ol.\u00a02- Alcanzar una cifra de protecci\u00f3n superior a la media espa\u00f1ola para la pobreza relativa (12%) y cubrir el 100% de la pobreza grave. 7. 90.000 ni\u00f1os y j\u00f3venes est\u00e1n en situaci\u00f3n de pobreza en Catalu\u00f1a.\u00a0El Plan de la Generalitat para abordar este problema, que prev\u00e9 250 millones, es insuficiente:\u00a0es necesario un nuevo plan integral\u00a0dotado con 370 millones de euros, llevado a cabo con la participaci\u00f3n y cogesti\u00f3n de las entidades de la sociedad civil que trabajan en \u00e9ste \u00e1mbito. 107 objetivos para regenerar, renovar, transformar y levantar Catalunya: NATALIDAD, POBLACI\u00d3N Y ENVEJECIMIENTO<\/p>\n","protected":false},"author":2,"featured_media":59912,"comment_status":"open","ping_status":"open","sticky":false,"template":"","format":"standard","meta":{"_FSMCFIC_featured_image_caption":"","_FSMCFIC_featured_image_nocaption":"","_FSMCFIC_featured_image_hide":"","footnotes":""},"categories":[806,3918],"tags":[4821,4822],"class_list":["post-59917","post","type-post","status-publish","format-standard","has-post-thumbnail","hentry","category-punts-claus-del-dia-es","category-sin-publicidad","tag-objectius-catalunya-es","tag-objetivos-cataluna"],"yoast_head":"<!-- This site is optimized with the Yoast SEO plugin v26.8 - https:\/\/yoast.com\/product\/yoast-seo-wordpress\/ -->\n<title>107 objetivos para regenerar, renovar, transformar y levantar Catalunya: HAY QUE ERRADICAR LA POBREZA - Converses a Catalunya<\/title>\n<meta name=\"robots\" content=\"index, follow, max-snippet:-1, max-image-preview:large, max-video-preview:-1\" \/>\n<link rel=\"canonical\" href=\"https:\/\/conversesacatalunya.cat\/es\/cataluna-erradicar-pobreza\/\" \/>\n<meta property=\"og:locale\" content=\"es_ES\" \/>\n<meta property=\"og:type\" content=\"article\" \/>\n<meta property=\"og:title\" content=\"107 objetivos para regenerar, renovar, transformar y levantar Catalunya: HAY QUE ERRADICAR LA POBREZA - Converses a Catalunya\" \/>\n<meta property=\"og:description\" content=\"El objetivo es hacer presente lo necesario que es asumir y alcanzar por parte de la sociedad, las instituciones y los partidos pol\u00edticos unos\u00a0 objetivos concretos\u00a0\u00a0que permitan transformar Catalu\u00f1a en el m\u00e1ximo y mejor sentido de la palabra. Los 107 objetivos han sido fruto de reflexi\u00f3n y debate en el seno de Converses\u00a0, pero no tienen ninguna pretensi\u00f3n dogm\u00e1tica.\u00a0Consideramos que son buenos, pero ni inamovibles o inmejorables. Por esta raz\u00f3n te llamamos a hacer llegar\u00a0\u00a0tu punto de vista , a participar en este debate gradual y a distancia, y que una vez finalizado tendr\u00e1 un resultado m\u00e1s concreto en el encuentro y conversaci\u00f3n de todo el mundo que haya participado, con el fin de disponer de un proyecto para Catalu\u00f1a suprapartidista y resultante de la m\u00e1s amplia participaci\u00f3n que pueda presentar cualquier otro proyecto. Si est\u00e1s interesado en participar en el debate o formular observaciones escribe a: admin@concatconverses.cat OBJETIVO 5: BASTA DE GESTIONAR LA POBREZA, LO QUE HAY QUE HACER ES ERRADICARLA 5. En Catalu\u00f1a viven 470.000 personas en situaci\u00f3n de\u00a0pobreza material severa.\u00a0Por su parte, un 21,7% vive por debajo del\u00a0umbral de pobreza, mientras la exclusi\u00f3n social alcanza el 29,1%, 6 puntos superior a la media espa\u00f1ola y mayor que Madrid (22,3%).\u00a0Catalu\u00f1a y Canarias son las comunidades aut\u00f3nomas con un mayor nivel de exclusi\u00f3n en 2021. Los factores m\u00e1s decisivos de la exclusi\u00f3n social son, por este orden: la pobreza grave, la ausencia de ingresos, la pobreza menos grave, la falta de trabajo, ser extranjero y\u00a0constituir una familia con hijos.\u00a0Es una situaci\u00f3n inaceptable que debe ser inmediatamente corregida. 6. La\u00a0Renta Garantizada de la Generalitat tan s\u00f3lo llega al 7% de los catalanes en riesgo de pobreza y al 27,6% de los hogares en situaci\u00f3n de pobreza grave.\u00a0Es necesario actuar para 1-unificar esta ayuda con el Ingreso M\u00ednimo Vital del Gobierno espa\u00f1ol.\u00a02- Alcanzar una cifra de protecci\u00f3n superior a la media espa\u00f1ola para la pobreza relativa (12%) y cubrir el 100% de la pobreza grave. 7. 90.000 ni\u00f1os y j\u00f3venes est\u00e1n en situaci\u00f3n de pobreza en Catalu\u00f1a.\u00a0El Plan de la Generalitat para abordar este problema, que prev\u00e9 250 millones, es insuficiente:\u00a0es necesario un nuevo plan integral\u00a0dotado con 370 millones de euros, llevado a cabo con la participaci\u00f3n y cogesti\u00f3n de las entidades de la sociedad civil que trabajan en \u00e9ste \u00e1mbito. 107 objetivos para regenerar, renovar, transformar y levantar Catalunya: NATALIDAD, POBLACI\u00d3N Y ENVEJECIMIENTO\" \/>\n<meta property=\"og:url\" content=\"https:\/\/conversesacatalunya.cat\/es\/cataluna-erradicar-pobreza\/\" \/>\n<meta property=\"og:site_name\" content=\"Converses a Catalunya\" \/>\n<meta property=\"article:published_time\" content=\"2022-08-09T06:58:07+00:00\" \/>\n<meta property=\"article:modified_time\" content=\"2022-08-30T10:25:08+00:00\" \/>\n<meta property=\"og:image\" content=\"https:\/\/conversesacatalunya.cat\/wp-content\/uploads\/2022\/08\/POBRESA.jpeg\" \/>\n\t<meta property=\"og:image:width\" content=\"1200\" \/>\n\t<meta property=\"og:image:height\" content=\"674\" \/>\n\t<meta property=\"og:image:type\" content=\"image\/jpeg\" \/>\n<meta name=\"author\" content=\"conversesacatalunya\" \/>\n<meta name=\"twitter:card\" content=\"summary_large_image\" \/>\n<meta name=\"twitter:label1\" content=\"Escrito por\" \/>\n\t<meta name=\"twitter:data1\" content=\"conversesacatalunya\" \/>\n\t<meta name=\"twitter:label2\" content=\"Tiempo de lectura\" \/>\n\t<meta name=\"twitter:data2\" content=\"2 minutos\" \/>\n<script type=\"application\/ld+json\" class=\"yoast-schema-graph\">{\"@context\":\"https:\/\/schema.org\",\"@graph\":[{\"@type\":\"Article\",\"@id\":\"https:\/\/conversesacatalunya.cat\/es\/cataluna-erradicar-pobreza\/#article\",\"isPartOf\":{\"@id\":\"https:\/\/conversesacatalunya.cat\/es\/cataluna-erradicar-pobreza\/\"},\"author\":{\"name\":\"conversesacatalunya\",\"@id\":\"https:\/\/conversesacatalunya.cat\/#\/schema\/person\/7e24d1e54a2785373ddcb275eae5ed99\"},\"headline\":\"107 objetivos para regenerar, renovar, transformar y levantar Catalunya: HAY QUE ERRADICAR LA POBREZA\",\"datePublished\":\"2022-08-09T06:58:07+00:00\",\"dateModified\":\"2022-08-30T10:25:08+00:00\",\"mainEntityOfPage\":{\"@id\":\"https:\/\/conversesacatalunya.cat\/es\/cataluna-erradicar-pobreza\/\"},\"wordCount\":440,\"commentCount\":0,\"image\":{\"@id\":\"https:\/\/conversesacatalunya.cat\/es\/cataluna-erradicar-pobreza\/#primaryimage\"},\"thumbnailUrl\":\"https:\/\/conversesacatalunya.cat\/wp-content\/uploads\/2022\/08\/POBRESA.jpeg\",\"keywords\":[\"objectius Catalunya\",\"objetivos Catalu\u00f1a\"],\"articleSection\":[\"Punts clau del dia (ES)\",\"SIN PUBLICIDAD\"],\"inLanguage\":\"es\",\"potentialAction\":[{\"@type\":\"CommentAction\",\"name\":\"Comment\",\"target\":[\"https:\/\/conversesacatalunya.cat\/es\/cataluna-erradicar-pobreza\/#respond\"]}]},{\"@type\":\"WebPage\",\"@id\":\"https:\/\/conversesacatalunya.cat\/es\/cataluna-erradicar-pobreza\/\",\"url\":\"https:\/\/conversesacatalunya.cat\/es\/cataluna-erradicar-pobreza\/\",\"name\":\"107 objetivos para regenerar, renovar, transformar y levantar Catalunya: HAY QUE ERRADICAR LA POBREZA - Converses a Catalunya\",\"isPartOf\":{\"@id\":\"https:\/\/conversesacatalunya.cat\/#website\"},\"primaryImageOfPage\":{\"@id\":\"https:\/\/conversesacatalunya.cat\/es\/cataluna-erradicar-pobreza\/#primaryimage\"},\"image\":{\"@id\":\"https:\/\/conversesacatalunya.cat\/es\/cataluna-erradicar-pobreza\/#primaryimage\"},\"thumbnailUrl\":\"https:\/\/conversesacatalunya.cat\/wp-content\/uploads\/2022\/08\/POBRESA.jpeg\",\"datePublished\":\"2022-08-09T06:58:07+00:00\",\"dateModified\":\"2022-08-30T10:25:08+00:00\",\"author\":{\"@id\":\"https:\/\/conversesacatalunya.cat\/#\/schema\/person\/7e24d1e54a2785373ddcb275eae5ed99\"},\"breadcrumb\":{\"@id\":\"https:\/\/conversesacatalunya.cat\/es\/cataluna-erradicar-pobreza\/#breadcrumb\"},\"inLanguage\":\"es\",\"potentialAction\":[{\"@type\":\"ReadAction\",\"target\":[\"https:\/\/conversesacatalunya.cat\/es\/cataluna-erradicar-pobreza\/\"]}]},{\"@type\":\"ImageObject\",\"inLanguage\":\"es\",\"@id\":\"https:\/\/conversesacatalunya.cat\/es\/cataluna-erradicar-pobreza\/#primaryimage\",\"url\":\"https:\/\/conversesacatalunya.cat\/wp-content\/uploads\/2022\/08\/POBRESA.jpeg\",\"contentUrl\":\"https:\/\/conversesacatalunya.cat\/wp-content\/uploads\/2022\/08\/POBRESA.jpeg\",\"width\":1200,\"height\":674},{\"@type\":\"BreadcrumbList\",\"@id\":\"https:\/\/conversesacatalunya.cat\/es\/cataluna-erradicar-pobreza\/#breadcrumb\",\"itemListElement\":[{\"@type\":\"ListItem\",\"position\":1,\"name\":\"Inici\",\"item\":\"https:\/\/conversesacatalunya.cat\/es\/\"},{\"@type\":\"ListItem\",\"position\":2,\"name\":\"107 objetivos para regenerar, renovar, transformar y levantar Catalunya: HAY QUE ERRADICAR LA POBREZA\"}]},{\"@type\":\"WebSite\",\"@id\":\"https:\/\/conversesacatalunya.cat\/#website\",\"url\":\"https:\/\/conversesacatalunya.cat\/\",\"name\":\"Converses a Catalunya\",\"description\":\"\",\"potentialAction\":[{\"@type\":\"SearchAction\",\"target\":{\"@type\":\"EntryPoint\",\"urlTemplate\":\"https:\/\/conversesacatalunya.cat\/?s={search_term_string}\"},\"query-input\":{\"@type\":\"PropertyValueSpecification\",\"valueRequired\":true,\"valueName\":\"search_term_string\"}}],\"inLanguage\":\"es\"},{\"@type\":\"Person\",\"@id\":\"https:\/\/conversesacatalunya.cat\/#\/schema\/person\/7e24d1e54a2785373ddcb275eae5ed99\",\"name\":\"conversesacatalunya\",\"image\":{\"@type\":\"ImageObject\",\"inLanguage\":\"es\",\"@id\":\"https:\/\/conversesacatalunya.cat\/#\/schema\/person\/image\/\",\"url\":\"https:\/\/conversesacatalunya.cat\/wp-content\/litespeed\/avatar\/febdfeeec89d950f01c748045a981dd2.jpg?ver=1777314535\",\"contentUrl\":\"https:\/\/conversesacatalunya.cat\/wp-content\/litespeed\/avatar\/febdfeeec89d950f01c748045a981dd2.jpg?ver=1777314535\",\"caption\":\"conversesacatalunya\"},\"url\":\"https:\/\/conversesacatalunya.cat\/es\/author\/carme_catala\/\"}]}<\/script>\n<!-- \/ Yoast SEO plugin. -->","yoast_head_json":{"title":"107 objetivos para regenerar, renovar, transformar y levantar Catalunya: HAY QUE ERRADICAR LA POBREZA - Converses a Catalunya","robots":{"index":"index","follow":"follow","max-snippet":"max-snippet:-1","max-image-preview":"max-image-preview:large","max-video-preview":"max-video-preview:-1"},"canonical":"https:\/\/conversesacatalunya.cat\/es\/cataluna-erradicar-pobreza\/","og_locale":"es_ES","og_type":"article","og_title":"107 objetivos para regenerar, renovar, transformar y levantar Catalunya: HAY QUE ERRADICAR LA POBREZA - Converses a Catalunya","og_description":"El objetivo es hacer presente lo necesario que es asumir y alcanzar por parte de la sociedad, las instituciones y los partidos pol\u00edticos unos\u00a0 objetivos concretos\u00a0\u00a0que permitan transformar Catalu\u00f1a en el m\u00e1ximo y mejor sentido de la palabra. Los 107 objetivos han sido fruto de reflexi\u00f3n y debate en el seno de Converses\u00a0, pero no tienen ninguna pretensi\u00f3n dogm\u00e1tica.\u00a0Consideramos que son buenos, pero ni inamovibles o inmejorables. Por esta raz\u00f3n te llamamos a hacer llegar\u00a0\u00a0tu punto de vista , a participar en este debate gradual y a distancia, y que una vez finalizado tendr\u00e1 un resultado m\u00e1s concreto en el encuentro y conversaci\u00f3n de todo el mundo que haya participado, con el fin de disponer de un proyecto para Catalu\u00f1a suprapartidista y resultante de la m\u00e1s amplia participaci\u00f3n que pueda presentar cualquier otro proyecto. Si est\u00e1s interesado en participar en el debate o formular observaciones escribe a: admin@concatconverses.cat OBJETIVO 5: BASTA DE GESTIONAR LA POBREZA, LO QUE HAY QUE HACER ES ERRADICARLA 5. En Catalu\u00f1a viven 470.000 personas en situaci\u00f3n de\u00a0pobreza material severa.\u00a0Por su parte, un 21,7% vive por debajo del\u00a0umbral de pobreza, mientras la exclusi\u00f3n social alcanza el 29,1%, 6 puntos superior a la media espa\u00f1ola y mayor que Madrid (22,3%).\u00a0Catalu\u00f1a y Canarias son las comunidades aut\u00f3nomas con un mayor nivel de exclusi\u00f3n en 2021. Los factores m\u00e1s decisivos de la exclusi\u00f3n social son, por este orden: la pobreza grave, la ausencia de ingresos, la pobreza menos grave, la falta de trabajo, ser extranjero y\u00a0constituir una familia con hijos.\u00a0Es una situaci\u00f3n inaceptable que debe ser inmediatamente corregida. 6. La\u00a0Renta Garantizada de la Generalitat tan s\u00f3lo llega al 7% de los catalanes en riesgo de pobreza y al 27,6% de los hogares en situaci\u00f3n de pobreza grave.\u00a0Es necesario actuar para 1-unificar esta ayuda con el Ingreso M\u00ednimo Vital del Gobierno espa\u00f1ol.\u00a02- Alcanzar una cifra de protecci\u00f3n superior a la media espa\u00f1ola para la pobreza relativa (12%) y cubrir el 100% de la pobreza grave. 7. 90.000 ni\u00f1os y j\u00f3venes est\u00e1n en situaci\u00f3n de pobreza en Catalu\u00f1a.\u00a0El Plan de la Generalitat para abordar este problema, que prev\u00e9 250 millones, es insuficiente:\u00a0es necesario un nuevo plan integral\u00a0dotado con 370 millones de euros, llevado a cabo con la participaci\u00f3n y cogesti\u00f3n de las entidades de la sociedad civil que trabajan en \u00e9ste \u00e1mbito. 107 objetivos para regenerar, renovar, transformar y levantar Catalunya: NATALIDAD, POBLACI\u00d3N Y ENVEJECIMIENTO","og_url":"https:\/\/conversesacatalunya.cat\/es\/cataluna-erradicar-pobreza\/","og_site_name":"Converses a Catalunya","article_published_time":"2022-08-09T06:58:07+00:00","article_modified_time":"2022-08-30T10:25:08+00:00","og_image":[{"width":1200,"height":674,"url":"https:\/\/conversesacatalunya.cat\/wp-content\/uploads\/2022\/08\/POBRESA.jpeg","type":"image\/jpeg"}],"author":"conversesacatalunya","twitter_card":"summary_large_image","twitter_misc":{"Escrito por":"conversesacatalunya","Tiempo de lectura":"2 minutos"},"schema":{"@context":"https:\/\/schema.org","@graph":[{"@type":"Article","@id":"https:\/\/conversesacatalunya.cat\/es\/cataluna-erradicar-pobreza\/#article","isPartOf":{"@id":"https:\/\/conversesacatalunya.cat\/es\/cataluna-erradicar-pobreza\/"},"author":{"name":"conversesacatalunya","@id":"https:\/\/conversesacatalunya.cat\/#\/schema\/person\/7e24d1e54a2785373ddcb275eae5ed99"},"headline":"107 objetivos para regenerar, renovar, transformar y levantar Catalunya: HAY QUE ERRADICAR LA POBREZA","datePublished":"2022-08-09T06:58:07+00:00","dateModified":"2022-08-30T10:25:08+00:00","mainEntityOfPage":{"@id":"https:\/\/conversesacatalunya.cat\/es\/cataluna-erradicar-pobreza\/"},"wordCount":440,"commentCount":0,"image":{"@id":"https:\/\/conversesacatalunya.cat\/es\/cataluna-erradicar-pobreza\/#primaryimage"},"thumbnailUrl":"https:\/\/conversesacatalunya.cat\/wp-content\/uploads\/2022\/08\/POBRESA.jpeg","keywords":["objectius Catalunya","objetivos Catalu\u00f1a"],"articleSection":["Punts clau del dia (ES)","SIN PUBLICIDAD"],"inLanguage":"es","potentialAction":[{"@type":"CommentAction","name":"Comment","target":["https:\/\/conversesacatalunya.cat\/es\/cataluna-erradicar-pobreza\/#respond"]}]},{"@type":"WebPage","@id":"https:\/\/conversesacatalunya.cat\/es\/cataluna-erradicar-pobreza\/","url":"https:\/\/conversesacatalunya.cat\/es\/cataluna-erradicar-pobreza\/","name":"107 objetivos para regenerar, renovar, transformar y levantar Catalunya: HAY QUE ERRADICAR LA POBREZA - Converses a Catalunya","isPartOf":{"@id":"https:\/\/conversesacatalunya.cat\/#website"},"primaryImageOfPage":{"@id":"https:\/\/conversesacatalunya.cat\/es\/cataluna-erradicar-pobreza\/#primaryimage"},"image":{"@id":"https:\/\/conversesacatalunya.cat\/es\/cataluna-erradicar-pobreza\/#primaryimage"},"thumbnailUrl":"https:\/\/conversesacatalunya.cat\/wp-content\/uploads\/2022\/08\/POBRESA.jpeg","datePublished":"2022-08-09T06:58:07+00:00","dateModified":"2022-08-30T10:25:08+00:00","author":{"@id":"https:\/\/conversesacatalunya.cat\/#\/schema\/person\/7e24d1e54a2785373ddcb275eae5ed99"},"breadcrumb":{"@id":"https:\/\/conversesacatalunya.cat\/es\/cataluna-erradicar-pobreza\/#breadcrumb"},"inLanguage":"es","potentialAction":[{"@type":"ReadAction","target":["https:\/\/conversesacatalunya.cat\/es\/cataluna-erradicar-pobreza\/"]}]},{"@type":"ImageObject","inLanguage":"es","@id":"https:\/\/conversesacatalunya.cat\/es\/cataluna-erradicar-pobreza\/#primaryimage","url":"https:\/\/conversesacatalunya.cat\/wp-content\/uploads\/2022\/08\/POBRESA.jpeg","contentUrl":"https:\/\/conversesacatalunya.cat\/wp-content\/uploads\/2022\/08\/POBRESA.jpeg","width":1200,"height":674},{"@type":"BreadcrumbList","@id":"https:\/\/conversesacatalunya.cat\/es\/cataluna-erradicar-pobreza\/#breadcrumb","itemListElement":[{"@type":"ListItem","position":1,"name":"Inici","item":"https:\/\/conversesacatalunya.cat\/es\/"},{"@type":"ListItem","position":2,"name":"107 objetivos para regenerar, renovar, transformar y levantar Catalunya: HAY QUE ERRADICAR LA POBREZA"}]},{"@type":"WebSite","@id":"https:\/\/conversesacatalunya.cat\/#website","url":"https:\/\/conversesacatalunya.cat\/","name":"Converses a Catalunya","description":"","potentialAction":[{"@type":"SearchAction","target":{"@type":"EntryPoint","urlTemplate":"https:\/\/conversesacatalunya.cat\/?s={search_term_string}"},"query-input":{"@type":"PropertyValueSpecification","valueRequired":true,"valueName":"search_term_string"}}],"inLanguage":"es"},{"@type":"Person","@id":"https:\/\/conversesacatalunya.cat\/#\/schema\/person\/7e24d1e54a2785373ddcb275eae5ed99","name":"conversesacatalunya","image":{"@type":"ImageObject","inLanguage":"es","@id":"https:\/\/conversesacatalunya.cat\/#\/schema\/person\/image\/","url":"https:\/\/conversesacatalunya.cat\/wp-content\/litespeed\/avatar\/febdfeeec89d950f01c748045a981dd2.jpg?ver=1777314535","contentUrl":"https:\/\/conversesacatalunya.cat\/wp-content\/litespeed\/avatar\/febdfeeec89d950f01c748045a981dd2.jpg?ver=1777314535","caption":"conversesacatalunya"},"url":"https:\/\/conversesacatalunya.cat\/es\/author\/carme_catala\/"}]}},"wps_subtitle":"","_links":{"self":[{"href":"https:\/\/conversesacatalunya.cat\/es\/wp-json\/wp\/v2\/posts\/59917","targetHints":{"allow":["GET"]}}],"collection":[{"href":"https:\/\/conversesacatalunya.cat\/es\/wp-json\/wp\/v2\/posts"}],"about":[{"href":"https:\/\/conversesacatalunya.cat\/es\/wp-json\/wp\/v2\/types\/post"}],"author":[{"embeddable":true,"href":"https:\/\/conversesacatalunya.cat\/es\/wp-json\/wp\/v2\/users\/2"}],"replies":[{"embeddable":true,"href":"https:\/\/conversesacatalunya.cat\/es\/wp-json\/wp\/v2\/comments?post=59917"}],"version-history":[{"count":7,"href":"https:\/\/conversesacatalunya.cat\/es\/wp-json\/wp\/v2\/posts\/59917\/revisions"}],"predecessor-version":[{"id":60271,"href":"https:\/\/conversesacatalunya.cat\/es\/wp-json\/wp\/v2\/posts\/59917\/revisions\/60271"}],"wp:featuredmedia":[{"embeddable":true,"href":"https:\/\/conversesacatalunya.cat\/es\/wp-json\/wp\/v2\/media\/59912"}],"wp:attachment":[{"href":"https:\/\/conversesacatalunya.cat\/es\/wp-json\/wp\/v2\/media?parent=59917"}],"wp:term":[{"taxonomy":"category","embeddable":true,"href":"https:\/\/conversesacatalunya.cat\/es\/wp-json\/wp\/v2\/categories?post=59917"},{"taxonomy":"post_tag","embeddable":true,"href":"https:\/\/conversesacatalunya.cat\/es\/wp-json\/wp\/v2\/tags?post=59917"}],"curies":[{"name":"wp","href":"https:\/\/api.w.org\/{rel}","templated":true}]}}