{"id":59863,"date":"2022-08-04T09:08:04","date_gmt":"2022-08-04T07:08:04","guid":{"rendered":"https:\/\/conversesacatalunya.cat\/?p=59863"},"modified":"2022-08-30T12:54:55","modified_gmt":"2022-08-30T10:54:55","slug":"catalunya-dos-reformas-basicas","status":"publish","type":"post","link":"https:\/\/conversesacatalunya.cat\/es\/catalunya-dos-reformas-basicas\/","title":{"rendered":"107 objetivos para regenerar, renovar, transformar y levantar Catalunya: DOS REFORMAS B\u00c1SICAS"},"content":{"rendered":"<p>El objetivo es hacer presente lo necesario que es asumir y alcanzar por parte de la sociedad, las instituciones y los partidos pol\u00edticos unos\u00a0<strong>objetivos concretos<\/strong>\u00a0que permitan transformar Catalunya en el m\u00e1ximo y mejor sentido de la palabra.<\/p>\n<p>Los 107 objetivos han sido fruto de reflexi\u00f3n y debate en el seno de Converses, pero no tienen ninguna pretensi\u00f3n dogm\u00e1tica. Consideramos que son buenos, pero ni inamovibles o inmejorables.<\/p>\n<p>Por esta raz\u00f3n te llamamos a hacer llegar<strong>\u00a0tu punto de vista,<\/strong>\u00a0a participar en este debate paulatino y a distancia, y que una vez finalizado tendr\u00e1 un resultado m\u00e1s concreto en el\u00a0<strong>encuentro y conversaci\u00f3n de todo el mundo que haya participado<\/strong>, con el fin de disponer un proyecto para Catalunya suprapartidista y resultante de la m\u00e1s amplia participaci\u00f3n que pueda presentar cualquier otro proyecto.<\/p>\n<h5><strong>Si est\u00e1s interesado en participar en el debate o formular observaciones escribe en:<\/strong><\/h5>\n<h5 style=\"text-align: center;\"><a href=\"mailto:admin@concatconverses.cat\" target=\"_blank\" rel=\"noopener\"><span style=\"color: #0000ff;\"><b>admin@concatconverses.cat<\/b><\/span><\/a><\/h5>\n<h5><strong>OBJETIVO 2 y 3: DOS REFORMAS B\u00c1SICAS<\/strong><\/h5>\n<p><strong><span style=\"color: #0000ff;\">2.<\/span> Reforma de la fiscalidad catalana<\/strong> para hacerla m\u00e1s justa y racional. Comportar\u00e1 como m\u00ednimo: <span style=\"color: #1a1a1a;\"><strong>(1)<\/strong><\/span> la <strong>reducci\u00f3n del IRPF<\/strong> en los niveles m\u00e1s bajos de ingresos, de modo que tengan uno de los mejores tratos fiscales de toda Espa\u00f1a en lugar de ser de los peores, como hasta ahora.<span style=\"color: #1a1a1a;\"> <strong>(2)<\/strong><\/span> <strong>Reducci\u00f3n del impuesto por patrimonio<\/strong>. No puede ser que el 45% de los ingresos de todo el Estado del per\u00edodo 2014-2019 de este impuesto se haya pagado en Catalunya. Esta proporci\u00f3n debe reducirse al 20%, es decir, menos de la mitad.<span style=\"color: #1a1a1a;\"><strong> (3)<\/strong> <\/span><strong>Revisi\u00f3n, reducci\u00f3n y adecuaci\u00f3n de los impuestos especiales<\/strong> bajo criterios de rendimiento, racionalidad y no perjudicar a la econom\u00eda productiva. Es el caso del nuevo impuesto sobre el CO2, que tal y como est\u00e1 planteado viene a ser una doble imposici\u00f3n que puede provocar la deslocalizaci\u00f3n de industrias de Catalunya y la disuasi\u00f3n para nuevas instalaciones.<\/p>\n<p><strong><span style=\"color: #0000ff;\">3.<\/span> Reforma de la envejecida e ineficiente administraci\u00f3n catalana.<\/strong> Se llevar\u00e1 a cabo una importante reducci\u00f3n de los institutos y organismos aut\u00f3nomos, por supresi\u00f3n y fusi\u00f3n de los actuales. Efectuada esta racionalizaci\u00f3n, se proceder\u00e1 a la renovaci\u00f3n de todos los cargos p\u00fablicos de los organismos que contin\u00faen. Se definir\u00e1 un nuevo modelo de administraci\u00f3n para la Generalitat dirigido a conseguir una mayor eficiencia, eficacia y econom\u00eda de gesti\u00f3n y una mejor adaptaci\u00f3n a la complejidad de la realidad.<\/p>\n<p class=\"w-post-elm post_title us_custom_e2aee182 entry-title color_link_inherit\" style=\"text-align: center;\"><a href=\"https:\/\/conversesacatalunya.cat\/es\/catalunya-planificacion-y-concertacion\/\" target=\"_blank\" rel=\"noopener\"><strong><span style=\"color: #0000ff;\">107 objetivos para regenerar, renovar, transformar y levantar Catalunya: PLANIFICACI\u00d3N Y CONCERTACI\u00d3N<\/span><\/strong><\/a><\/p>\n","protected":false},"excerpt":{"rendered":"<p>El objetivo es hacer presente lo necesario que es asumir y alcanzar por parte de la sociedad, las instituciones y los partidos pol\u00edticos unos\u00a0objetivos concretos\u00a0que permitan transformar Catalunya en el m\u00e1ximo y mejor sentido de la palabra. Los 107 objetivos han sido fruto de reflexi\u00f3n y debate en el seno de Converses, pero no tienen ninguna pretensi\u00f3n dogm\u00e1tica. Consideramos que son buenos, pero ni inamovibles o inmejorables. Por esta raz\u00f3n te llamamos a hacer llegar\u00a0tu punto de vista,\u00a0a participar en este debate paulatino y a distancia, y que una vez finalizado tendr\u00e1 un resultado m\u00e1s concreto en el\u00a0encuentro y conversaci\u00f3n de todo el mundo que haya participado, con el fin de disponer un proyecto para Catalunya suprapartidista y resultante de la m\u00e1s amplia participaci\u00f3n que pueda presentar cualquier otro proyecto. Si est\u00e1s interesado en participar en el debate o formular observaciones escribe en: admin@concatconverses.cat OBJETIVO 2 y 3: DOS REFORMAS B\u00c1SICAS 2. Reforma de la fiscalidad catalana para hacerla m\u00e1s justa y racional. Comportar\u00e1 como m\u00ednimo: (1) la reducci\u00f3n del IRPF en los niveles m\u00e1s bajos de ingresos, de modo que tengan uno de los mejores tratos fiscales de toda Espa\u00f1a en lugar de ser de los peores, como hasta ahora. (2) Reducci\u00f3n del impuesto por patrimonio. No puede ser que el 45% de los ingresos de todo el Estado del per\u00edodo 2014-2019 de este impuesto se haya pagado en Catalunya. Esta proporci\u00f3n debe reducirse al 20%, es decir, menos de la mitad. (3) Revisi\u00f3n, reducci\u00f3n y adecuaci\u00f3n de los impuestos especiales bajo criterios de rendimiento, racionalidad y no perjudicar a la econom\u00eda productiva. Es el caso del nuevo impuesto sobre el CO2, que tal y como est\u00e1 planteado viene a ser una doble imposici\u00f3n que puede provocar la deslocalizaci\u00f3n de industrias de Catalunya y la disuasi\u00f3n para nuevas instalaciones. 3. Reforma de la envejecida e ineficiente administraci\u00f3n catalana. Se llevar\u00e1 a cabo una importante reducci\u00f3n de los institutos y organismos aut\u00f3nomos, por supresi\u00f3n y fusi\u00f3n de los actuales. Efectuada esta racionalizaci\u00f3n, se proceder\u00e1 a la renovaci\u00f3n de todos los cargos p\u00fablicos de los organismos que contin\u00faen. Se definir\u00e1 un nuevo modelo de administraci\u00f3n para la Generalitat dirigido a conseguir una mayor eficiencia, eficacia y econom\u00eda de gesti\u00f3n y una mejor adaptaci\u00f3n a la complejidad de la realidad. 107 objetivos para regenerar, renovar, transformar y levantar Catalunya: PLANIFICACI\u00d3N Y CONCERTACI\u00d3N<\/p>\n","protected":false},"author":2,"featured_media":59840,"comment_status":"open","ping_status":"open","sticky":false,"template":"","format":"standard","meta":{"_FSMCFIC_featured_image_caption":"","_FSMCFIC_featured_image_nocaption":"","_FSMCFIC_featured_image_hide":"","footnotes":""},"categories":[806],"tags":[4817,1199],"class_list":["post-59863","post","type-post","status-publish","format-standard","has-post-thumbnail","hentry","category-punts-claus-del-dia-es","tag-debat-catalunya-es","tag-fiscalidad"],"yoast_head":"<!-- This site is optimized with the Yoast SEO plugin v26.8 - https:\/\/yoast.com\/product\/yoast-seo-wordpress\/ -->\n<title>107 objetivos para regenerar, renovar, transformar y levantar Catalunya: DOS REFORMAS B\u00c1SICAS - Converses a Catalunya<\/title>\n<meta name=\"description\" content=\"Catalunya dos reformas b\u00e1sicas: fiscalidad catalana y reforma de la envejecida e ineficiente administraci\u00f3n catalana\" \/>\n<meta name=\"robots\" content=\"index, follow, max-snippet:-1, max-image-preview:large, max-video-preview:-1\" \/>\n<link rel=\"canonical\" href=\"https:\/\/conversesacatalunya.cat\/es\/catalunya-dos-reformas-basicas\/\" \/>\n<meta property=\"og:locale\" content=\"es_ES\" \/>\n<meta property=\"og:type\" content=\"article\" \/>\n<meta property=\"og:title\" content=\"107 objetivos para regenerar, renovar, transformar y levantar Catalunya: DOS REFORMAS B\u00c1SICAS - Converses a Catalunya\" \/>\n<meta property=\"og:description\" content=\"Catalunya dos reformas b\u00e1sicas: fiscalidad catalana y reforma de la envejecida e ineficiente administraci\u00f3n catalana\" \/>\n<meta property=\"og:url\" content=\"https:\/\/conversesacatalunya.cat\/es\/catalunya-dos-reformas-basicas\/\" \/>\n<meta property=\"og:site_name\" content=\"Converses a Catalunya\" \/>\n<meta property=\"article:published_time\" content=\"2022-08-04T07:08:04+00:00\" \/>\n<meta property=\"article:modified_time\" content=\"2022-08-30T10:54:55+00:00\" \/>\n<meta property=\"og:image\" content=\"https:\/\/conversesacatalunya.cat\/wp-content\/uploads\/2022\/08\/co2-gbdd4d1692_1280.jpg\" \/>\n\t<meta property=\"og:image:width\" content=\"1280\" \/>\n\t<meta property=\"og:image:height\" content=\"853\" \/>\n\t<meta property=\"og:image:type\" content=\"image\/jpeg\" \/>\n<meta name=\"author\" content=\"conversesacatalunya\" \/>\n<meta name=\"twitter:card\" content=\"summary_large_image\" \/>\n<meta name=\"twitter:label1\" content=\"Escrito por\" \/>\n\t<meta name=\"twitter:data1\" content=\"conversesacatalunya\" \/>\n\t<meta name=\"twitter:label2\" content=\"Tiempo de lectura\" \/>\n\t<meta name=\"twitter:data2\" content=\"2 minutos\" \/>\n<script type=\"application\/ld+json\" class=\"yoast-schema-graph\">{\"@context\":\"https:\/\/schema.org\",\"@graph\":[{\"@type\":\"Article\",\"@id\":\"https:\/\/conversesacatalunya.cat\/es\/catalunya-dos-reformas-basicas\/#article\",\"isPartOf\":{\"@id\":\"https:\/\/conversesacatalunya.cat\/es\/catalunya-dos-reformas-basicas\/\"},\"author\":{\"name\":\"conversesacatalunya\",\"@id\":\"https:\/\/conversesacatalunya.cat\/#\/schema\/person\/7e24d1e54a2785373ddcb275eae5ed99\"},\"headline\":\"107 objetivos para regenerar, renovar, transformar y levantar Catalunya: DOS REFORMAS B\u00c1SICAS\",\"datePublished\":\"2022-08-04T07:08:04+00:00\",\"dateModified\":\"2022-08-30T10:54:55+00:00\",\"mainEntityOfPage\":{\"@id\":\"https:\/\/conversesacatalunya.cat\/es\/catalunya-dos-reformas-basicas\/\"},\"wordCount\":440,\"commentCount\":0,\"image\":{\"@id\":\"https:\/\/conversesacatalunya.cat\/es\/catalunya-dos-reformas-basicas\/#primaryimage\"},\"thumbnailUrl\":\"https:\/\/conversesacatalunya.cat\/wp-content\/uploads\/2022\/08\/co2-gbdd4d1692_1280.jpg\",\"keywords\":[\"Debat Catalunya\",\"Fiscalidad\"],\"articleSection\":[\"Punts clau del dia (ES)\"],\"inLanguage\":\"es\",\"potentialAction\":[{\"@type\":\"CommentAction\",\"name\":\"Comment\",\"target\":[\"https:\/\/conversesacatalunya.cat\/es\/catalunya-dos-reformas-basicas\/#respond\"]}]},{\"@type\":\"WebPage\",\"@id\":\"https:\/\/conversesacatalunya.cat\/es\/catalunya-dos-reformas-basicas\/\",\"url\":\"https:\/\/conversesacatalunya.cat\/es\/catalunya-dos-reformas-basicas\/\",\"name\":\"107 objetivos para regenerar, renovar, transformar y levantar Catalunya: DOS REFORMAS B\u00c1SICAS - Converses a Catalunya\",\"isPartOf\":{\"@id\":\"https:\/\/conversesacatalunya.cat\/#website\"},\"primaryImageOfPage\":{\"@id\":\"https:\/\/conversesacatalunya.cat\/es\/catalunya-dos-reformas-basicas\/#primaryimage\"},\"image\":{\"@id\":\"https:\/\/conversesacatalunya.cat\/es\/catalunya-dos-reformas-basicas\/#primaryimage\"},\"thumbnailUrl\":\"https:\/\/conversesacatalunya.cat\/wp-content\/uploads\/2022\/08\/co2-gbdd4d1692_1280.jpg\",\"datePublished\":\"2022-08-04T07:08:04+00:00\",\"dateModified\":\"2022-08-30T10:54:55+00:00\",\"author\":{\"@id\":\"https:\/\/conversesacatalunya.cat\/#\/schema\/person\/7e24d1e54a2785373ddcb275eae5ed99\"},\"description\":\"Catalunya dos reformas b\u00e1sicas: fiscalidad catalana y reforma de la envejecida e ineficiente administraci\u00f3n catalana\",\"breadcrumb\":{\"@id\":\"https:\/\/conversesacatalunya.cat\/es\/catalunya-dos-reformas-basicas\/#breadcrumb\"},\"inLanguage\":\"es\",\"potentialAction\":[{\"@type\":\"ReadAction\",\"target\":[\"https:\/\/conversesacatalunya.cat\/es\/catalunya-dos-reformas-basicas\/\"]}]},{\"@type\":\"ImageObject\",\"inLanguage\":\"es\",\"@id\":\"https:\/\/conversesacatalunya.cat\/es\/catalunya-dos-reformas-basicas\/#primaryimage\",\"url\":\"https:\/\/conversesacatalunya.cat\/wp-content\/uploads\/2022\/08\/co2-gbdd4d1692_1280.jpg\",\"contentUrl\":\"https:\/\/conversesacatalunya.cat\/wp-content\/uploads\/2022\/08\/co2-gbdd4d1692_1280.jpg\",\"width\":1280,\"height\":853,\"caption\":\"Catalunya reformas\"},{\"@type\":\"BreadcrumbList\",\"@id\":\"https:\/\/conversesacatalunya.cat\/es\/catalunya-dos-reformas-basicas\/#breadcrumb\",\"itemListElement\":[{\"@type\":\"ListItem\",\"position\":1,\"name\":\"Inici\",\"item\":\"https:\/\/conversesacatalunya.cat\/es\/\"},{\"@type\":\"ListItem\",\"position\":2,\"name\":\"107 objetivos para regenerar, renovar, transformar y levantar Catalunya: DOS REFORMAS B\u00c1SICAS\"}]},{\"@type\":\"WebSite\",\"@id\":\"https:\/\/conversesacatalunya.cat\/#website\",\"url\":\"https:\/\/conversesacatalunya.cat\/\",\"name\":\"Converses a Catalunya\",\"description\":\"\",\"potentialAction\":[{\"@type\":\"SearchAction\",\"target\":{\"@type\":\"EntryPoint\",\"urlTemplate\":\"https:\/\/conversesacatalunya.cat\/?s={search_term_string}\"},\"query-input\":{\"@type\":\"PropertyValueSpecification\",\"valueRequired\":true,\"valueName\":\"search_term_string\"}}],\"inLanguage\":\"es\"},{\"@type\":\"Person\",\"@id\":\"https:\/\/conversesacatalunya.cat\/#\/schema\/person\/7e24d1e54a2785373ddcb275eae5ed99\",\"name\":\"conversesacatalunya\",\"image\":{\"@type\":\"ImageObject\",\"inLanguage\":\"es\",\"@id\":\"https:\/\/conversesacatalunya.cat\/#\/schema\/person\/image\/\",\"url\":\"https:\/\/conversesacatalunya.cat\/wp-content\/litespeed\/avatar\/febdfeeec89d950f01c748045a981dd2.jpg?ver=1777314535\",\"contentUrl\":\"https:\/\/conversesacatalunya.cat\/wp-content\/litespeed\/avatar\/febdfeeec89d950f01c748045a981dd2.jpg?ver=1777314535\",\"caption\":\"conversesacatalunya\"},\"url\":\"https:\/\/conversesacatalunya.cat\/es\/author\/carme_catala\/\"}]}<\/script>\n<!-- \/ Yoast SEO plugin. -->","yoast_head_json":{"title":"107 objetivos para regenerar, renovar, transformar y levantar Catalunya: DOS REFORMAS B\u00c1SICAS - Converses a Catalunya","description":"Catalunya dos reformas b\u00e1sicas: fiscalidad catalana y reforma de la envejecida e ineficiente administraci\u00f3n catalana","robots":{"index":"index","follow":"follow","max-snippet":"max-snippet:-1","max-image-preview":"max-image-preview:large","max-video-preview":"max-video-preview:-1"},"canonical":"https:\/\/conversesacatalunya.cat\/es\/catalunya-dos-reformas-basicas\/","og_locale":"es_ES","og_type":"article","og_title":"107 objetivos para regenerar, renovar, transformar y levantar Catalunya: DOS REFORMAS B\u00c1SICAS - Converses a Catalunya","og_description":"Catalunya dos reformas b\u00e1sicas: fiscalidad catalana y reforma de la envejecida e ineficiente administraci\u00f3n catalana","og_url":"https:\/\/conversesacatalunya.cat\/es\/catalunya-dos-reformas-basicas\/","og_site_name":"Converses a Catalunya","article_published_time":"2022-08-04T07:08:04+00:00","article_modified_time":"2022-08-30T10:54:55+00:00","og_image":[{"width":1280,"height":853,"url":"https:\/\/conversesacatalunya.cat\/wp-content\/uploads\/2022\/08\/co2-gbdd4d1692_1280.jpg","type":"image\/jpeg"}],"author":"conversesacatalunya","twitter_card":"summary_large_image","twitter_misc":{"Escrito por":"conversesacatalunya","Tiempo de lectura":"2 minutos"},"schema":{"@context":"https:\/\/schema.org","@graph":[{"@type":"Article","@id":"https:\/\/conversesacatalunya.cat\/es\/catalunya-dos-reformas-basicas\/#article","isPartOf":{"@id":"https:\/\/conversesacatalunya.cat\/es\/catalunya-dos-reformas-basicas\/"},"author":{"name":"conversesacatalunya","@id":"https:\/\/conversesacatalunya.cat\/#\/schema\/person\/7e24d1e54a2785373ddcb275eae5ed99"},"headline":"107 objetivos para regenerar, renovar, transformar y levantar Catalunya: DOS REFORMAS B\u00c1SICAS","datePublished":"2022-08-04T07:08:04+00:00","dateModified":"2022-08-30T10:54:55+00:00","mainEntityOfPage":{"@id":"https:\/\/conversesacatalunya.cat\/es\/catalunya-dos-reformas-basicas\/"},"wordCount":440,"commentCount":0,"image":{"@id":"https:\/\/conversesacatalunya.cat\/es\/catalunya-dos-reformas-basicas\/#primaryimage"},"thumbnailUrl":"https:\/\/conversesacatalunya.cat\/wp-content\/uploads\/2022\/08\/co2-gbdd4d1692_1280.jpg","keywords":["Debat Catalunya","Fiscalidad"],"articleSection":["Punts clau del dia (ES)"],"inLanguage":"es","potentialAction":[{"@type":"CommentAction","name":"Comment","target":["https:\/\/conversesacatalunya.cat\/es\/catalunya-dos-reformas-basicas\/#respond"]}]},{"@type":"WebPage","@id":"https:\/\/conversesacatalunya.cat\/es\/catalunya-dos-reformas-basicas\/","url":"https:\/\/conversesacatalunya.cat\/es\/catalunya-dos-reformas-basicas\/","name":"107 objetivos para regenerar, renovar, transformar y levantar Catalunya: DOS REFORMAS B\u00c1SICAS - Converses a Catalunya","isPartOf":{"@id":"https:\/\/conversesacatalunya.cat\/#website"},"primaryImageOfPage":{"@id":"https:\/\/conversesacatalunya.cat\/es\/catalunya-dos-reformas-basicas\/#primaryimage"},"image":{"@id":"https:\/\/conversesacatalunya.cat\/es\/catalunya-dos-reformas-basicas\/#primaryimage"},"thumbnailUrl":"https:\/\/conversesacatalunya.cat\/wp-content\/uploads\/2022\/08\/co2-gbdd4d1692_1280.jpg","datePublished":"2022-08-04T07:08:04+00:00","dateModified":"2022-08-30T10:54:55+00:00","author":{"@id":"https:\/\/conversesacatalunya.cat\/#\/schema\/person\/7e24d1e54a2785373ddcb275eae5ed99"},"description":"Catalunya dos reformas b\u00e1sicas: fiscalidad catalana y reforma de la envejecida e ineficiente administraci\u00f3n catalana","breadcrumb":{"@id":"https:\/\/conversesacatalunya.cat\/es\/catalunya-dos-reformas-basicas\/#breadcrumb"},"inLanguage":"es","potentialAction":[{"@type":"ReadAction","target":["https:\/\/conversesacatalunya.cat\/es\/catalunya-dos-reformas-basicas\/"]}]},{"@type":"ImageObject","inLanguage":"es","@id":"https:\/\/conversesacatalunya.cat\/es\/catalunya-dos-reformas-basicas\/#primaryimage","url":"https:\/\/conversesacatalunya.cat\/wp-content\/uploads\/2022\/08\/co2-gbdd4d1692_1280.jpg","contentUrl":"https:\/\/conversesacatalunya.cat\/wp-content\/uploads\/2022\/08\/co2-gbdd4d1692_1280.jpg","width":1280,"height":853,"caption":"Catalunya reformas"},{"@type":"BreadcrumbList","@id":"https:\/\/conversesacatalunya.cat\/es\/catalunya-dos-reformas-basicas\/#breadcrumb","itemListElement":[{"@type":"ListItem","position":1,"name":"Inici","item":"https:\/\/conversesacatalunya.cat\/es\/"},{"@type":"ListItem","position":2,"name":"107 objetivos para regenerar, renovar, transformar y levantar Catalunya: DOS REFORMAS B\u00c1SICAS"}]},{"@type":"WebSite","@id":"https:\/\/conversesacatalunya.cat\/#website","url":"https:\/\/conversesacatalunya.cat\/","name":"Converses a Catalunya","description":"","potentialAction":[{"@type":"SearchAction","target":{"@type":"EntryPoint","urlTemplate":"https:\/\/conversesacatalunya.cat\/?s={search_term_string}"},"query-input":{"@type":"PropertyValueSpecification","valueRequired":true,"valueName":"search_term_string"}}],"inLanguage":"es"},{"@type":"Person","@id":"https:\/\/conversesacatalunya.cat\/#\/schema\/person\/7e24d1e54a2785373ddcb275eae5ed99","name":"conversesacatalunya","image":{"@type":"ImageObject","inLanguage":"es","@id":"https:\/\/conversesacatalunya.cat\/#\/schema\/person\/image\/","url":"https:\/\/conversesacatalunya.cat\/wp-content\/litespeed\/avatar\/febdfeeec89d950f01c748045a981dd2.jpg?ver=1777314535","contentUrl":"https:\/\/conversesacatalunya.cat\/wp-content\/litespeed\/avatar\/febdfeeec89d950f01c748045a981dd2.jpg?ver=1777314535","caption":"conversesacatalunya"},"url":"https:\/\/conversesacatalunya.cat\/es\/author\/carme_catala\/"}]}},"wps_subtitle":"Segunda parte de la presentaci\u00f3n de los 107 objetivos para regenerar Catalunya ","_links":{"self":[{"href":"https:\/\/conversesacatalunya.cat\/es\/wp-json\/wp\/v2\/posts\/59863","targetHints":{"allow":["GET"]}}],"collection":[{"href":"https:\/\/conversesacatalunya.cat\/es\/wp-json\/wp\/v2\/posts"}],"about":[{"href":"https:\/\/conversesacatalunya.cat\/es\/wp-json\/wp\/v2\/types\/post"}],"author":[{"embeddable":true,"href":"https:\/\/conversesacatalunya.cat\/es\/wp-json\/wp\/v2\/users\/2"}],"replies":[{"embeddable":true,"href":"https:\/\/conversesacatalunya.cat\/es\/wp-json\/wp\/v2\/comments?post=59863"}],"version-history":[{"count":6,"href":"https:\/\/conversesacatalunya.cat\/es\/wp-json\/wp\/v2\/posts\/59863\/revisions"}],"predecessor-version":[{"id":60296,"href":"https:\/\/conversesacatalunya.cat\/es\/wp-json\/wp\/v2\/posts\/59863\/revisions\/60296"}],"wp:featuredmedia":[{"embeddable":true,"href":"https:\/\/conversesacatalunya.cat\/es\/wp-json\/wp\/v2\/media\/59840"}],"wp:attachment":[{"href":"https:\/\/conversesacatalunya.cat\/es\/wp-json\/wp\/v2\/media?parent=59863"}],"wp:term":[{"taxonomy":"category","embeddable":true,"href":"https:\/\/conversesacatalunya.cat\/es\/wp-json\/wp\/v2\/categories?post=59863"},{"taxonomy":"post_tag","embeddable":true,"href":"https:\/\/conversesacatalunya.cat\/es\/wp-json\/wp\/v2\/tags?post=59863"}],"curies":[{"name":"wp","href":"https:\/\/api.w.org\/{rel}","templated":true}]}}