{"id":59791,"date":"2022-08-02T09:00:44","date_gmt":"2022-08-02T07:00:44","guid":{"rendered":"https:\/\/conversesacatalunya.cat\/?p=59791"},"modified":"2022-08-01T11:43:44","modified_gmt":"2022-08-01T09:43:44","slug":"estados-unidos-entra-recesion","status":"publish","type":"post","link":"https:\/\/conversesacatalunya.cat\/es\/estados-unidos-entra-recesion\/","title":{"rendered":"Estados Unidos entra oficialmente en recesi\u00f3n mientras Espa\u00f1a lo f\u00eda todo al turismo"},"content":{"rendered":"<p>La econom\u00eda estadounidense ha sufrido un baj\u00f3n durante dos trimestres consecutivos, lo que la sit\u00faa <strong>oficialmente en situaci\u00f3n de recesi\u00f3n<\/strong>. En concreto, el PIB de Estados Unidos disminuy\u00f3 un 0,9% respecto al mismo per\u00edodo del a\u00f1o pasado, y un 0,2% respecto al trimestre anterior.<\/p>\n<p>El presidente Joe Biden afirm\u00f3 poco despu\u00e9s de que se conocieran los datos de que no era ninguna sorpresa que la econom\u00eda estuviera \u00abdesceler\u00e1ndose\u00bb ya que \u00abla Reserva Federal est\u00e1 actuando para controlar la inflaci\u00f3n\u00bb. En su intervenci\u00f3n, Biden tambi\u00e9n destac\u00f3 que el mercado laboral estadounidense segu\u00eda en niveles hist\u00f3ricamente elevados.<\/p>\n<p><strong>Efectivamente, la tasa de paro de Estados Unidos se sit\u00faa en torno al 3,6%.<\/strong> Este hecho hace que la mayor parte de las instituciones p\u00fablicas y analistas econ\u00f3micos consideren que el pa\u00eds no se encuentre verdaderamente en recesi\u00f3n, puesto que este fen\u00f3meno se caracteriza no s\u00f3lo por una contracci\u00f3n de la producci\u00f3n econ\u00f3mica sino que \u00e9sta debe ser suficientemente importante para ocasionar una destrucci\u00f3n masiva de puestos de trabajo.<\/p>\n<p>Sin embargo, el presidente de la \u00abFed\u00bb (el apodo por el que se conoce la Reserva Federal, el equivalente del Banco Central de Estados Unidos) Jay Powell, ha alertado de que<strong> para combatir la inflaci\u00f3n de forma efectiva, es necesario que el crecimiento y el mercado laboral \u00abse enfr\u00eden\u00bb.<\/strong><\/p>\n<p>Esto es lo que sucede en un pa\u00eds que dispone de un mercado de trabajo muy robusto y que adem\u00e1s se ha beneficiado de los efectos econ\u00f3micos de la guerra de Ucrania.<\/p>\n<p>Mientras, en Espa\u00f1a se han publicado datos econ\u00f3micos que a primera vista son m\u00e1s optimistas: en este mismo segundo trimestre del a\u00f1o, <strong>el PIB ha crecido un 1,1%<\/strong> respecto al trimestre anterior.<\/p>\n<p>Se trata de una cifra que es sensiblemente superior a la esperada, y que parece explicarse sobre todo por la<strong> reanudaci\u00f3n del sector tur\u00edstico entre los meses de abril y mayo<\/strong>, que fue m\u00e1s r\u00e1pida de lo esperado en un principio.<\/p>\n<p>Sin embargo, hay que tener en cuenta que<strong> la temporada tur\u00edstica tocar\u00e1 fin a partir de septiembre<\/strong>. Aunque sus efectos se sentir\u00e1n todav\u00eda durante unos meses m\u00e1s por la redistribuci\u00f3n de la renta generada en verano, Espa\u00f1a no puede vivir s\u00f3lo de turismo.<\/p>\n<p>De hecho, el d\u00e9ficit comercial espa\u00f1ol se ha incrementado de nuevo durante el \u00faltimo trimestre, lo que apunta que la reanudaci\u00f3n econ\u00f3mica no es uniforme, y que <strong>un sector clave como es el de la industria no tiene tan buena salud<\/strong> como cabr\u00eda esperar si se estuviera produciendo una recuperaci\u00f3n plena.<\/p>\n<h4><strong>En este contexto, la inflaci\u00f3n de julio ha registrado en Espa\u00f1a su mayor valor desde 1984, un 10,8%.<\/strong><\/h4>\n<p>Ante un incremento de precios que sigue desbocado en Europa, al<strong> Banco Central Europeo no le quedar\u00e1 otro remedio que <a href=\"https:\/\/conversesacatalunya.cat\/es\/cambio-de-ciclo-politica-monetaria-europea\/\" target=\"_blank\" rel=\"noopener\">volver a subir los tipos de inter\u00e9s<\/a><\/strong> tras la pausa de agosto.<\/p>\n<p>Cuando esto se produzca, es esperable que, a diferencia de lo que estamos observando en Estados Unidos,<strong> la situaci\u00f3n de Espa\u00f1a sufra un bache muy importante<\/strong> ya que nuestra econom\u00eda est\u00e1 distorsionada por el factor turismo y nuestro mercado laboral sigue siendo muy precario.<\/p>\n<span class='bctt-click-to-tweet'><span class='bctt-ctt-text'><a href='https:\/\/twitter.com\/intent\/tweet?url=https%3A%2F%2Fconversesacatalunya.cat%2Fes%2Festados-unidos-entra-recesion%2F&#038;text=Mientras%2C%20en%20Espa%C3%B1a%20se%20han%20publicado%20datos%20econ%C3%B3micos%20que%20a%20primera%20vista%20son%20m%C3%A1s%20optimistas%3A%20en%20este%20mismo%20segundo%20trimestre%20del%20a%C3%B1o%2C%20el%20PIB%20ha%20crecido%20un%201%2C1%25%20respecto%20al%20trimestre%20anterior&#038;via=conversesacat&#038;related=conversesacat' target='_blank'rel=\"noopener noreferrer\">Mientras, en Espa\u00f1a se han publicado datos econ\u00f3micos que a primera vista son m\u00e1s optimistas: en este mismo segundo trimestre del a\u00f1o, el PIB ha crecido un 1,1% respecto al trimestre anterior <\/a><\/span><a href='https:\/\/twitter.com\/intent\/tweet?url=https%3A%2F%2Fconversesacatalunya.cat%2Fes%2Festados-unidos-entra-recesion%2F&#038;text=Mientras%2C%20en%20Espa%C3%B1a%20se%20han%20publicado%20datos%20econ%C3%B3micos%20que%20a%20primera%20vista%20son%20m%C3%A1s%20optimistas%3A%20en%20este%20mismo%20segundo%20trimestre%20del%20a%C3%B1o%2C%20el%20PIB%20ha%20crecido%20un%201%2C1%25%20respecto%20al%20trimestre%20anterior&#038;via=conversesacat&#038;related=conversesacat' target='_blank' class='bctt-ctt-btn'rel=\"noopener noreferrer\">Compartir en X<\/a><\/span>\n","protected":false},"excerpt":{"rendered":"<p>La econom\u00eda estadounidense ha sufrido un baj\u00f3n durante dos trimestres consecutivos, lo que la sit\u00faa oficialmente en situaci\u00f3n de recesi\u00f3n. En concreto, el PIB de Estados Unidos disminuy\u00f3 un 0,9% respecto al mismo per\u00edodo del a\u00f1o pasado, y un 0,2% respecto al trimestre anterior. El presidente Joe Biden afirm\u00f3 poco despu\u00e9s de que se conocieran los datos de que no era ninguna sorpresa que la econom\u00eda estuviera \u00abdesceler\u00e1ndose\u00bb ya que \u00abla Reserva Federal est\u00e1 actuando para controlar la inflaci\u00f3n\u00bb. En su intervenci\u00f3n, Biden tambi\u00e9n destac\u00f3 que el mercado laboral estadounidense segu\u00eda en niveles hist\u00f3ricamente elevados. Efectivamente, la tasa de paro de Estados Unidos se sit\u00faa en torno al 3,6%. Este hecho hace que la mayor parte de las instituciones p\u00fablicas y analistas econ\u00f3micos consideren que el pa\u00eds no se encuentre verdaderamente en recesi\u00f3n, puesto que este fen\u00f3meno se caracteriza no s\u00f3lo por una contracci\u00f3n de la producci\u00f3n econ\u00f3mica sino que \u00e9sta debe ser suficientemente importante para ocasionar una destrucci\u00f3n masiva de puestos de trabajo. Sin embargo, el presidente de la \u00abFed\u00bb (el apodo por el que se conoce la Reserva Federal, el equivalente del Banco Central de Estados Unidos) Jay Powell, ha alertado de que para combatir la inflaci\u00f3n de forma efectiva, es necesario que el crecimiento y el mercado laboral \u00abse enfr\u00eden\u00bb. Esto es lo que sucede en un pa\u00eds que dispone de un mercado de trabajo muy robusto y que adem\u00e1s se ha beneficiado de los efectos econ\u00f3micos de la guerra de Ucrania. Mientras, en Espa\u00f1a se han publicado datos econ\u00f3micos que a primera vista son m\u00e1s optimistas: en este mismo segundo trimestre del a\u00f1o, el PIB ha crecido un 1,1% respecto al trimestre anterior. Se trata de una cifra que es sensiblemente superior a la esperada, y que parece explicarse sobre todo por la reanudaci\u00f3n del sector tur\u00edstico entre los meses de abril y mayo, que fue m\u00e1s r\u00e1pida de lo esperado en un principio. Sin embargo, hay que tener en cuenta que la temporada tur\u00edstica tocar\u00e1 fin a partir de septiembre. Aunque sus efectos se sentir\u00e1n todav\u00eda durante unos meses m\u00e1s por la redistribuci\u00f3n de la renta generada en verano, Espa\u00f1a no puede vivir s\u00f3lo de turismo. De hecho, el d\u00e9ficit comercial espa\u00f1ol se ha incrementado de nuevo durante el \u00faltimo trimestre, lo que apunta que la reanudaci\u00f3n econ\u00f3mica no es uniforme, y que un sector clave como es el de la industria no tiene tan buena salud como cabr\u00eda esperar si se estuviera produciendo una recuperaci\u00f3n plena. En este contexto, la inflaci\u00f3n de julio ha registrado en Espa\u00f1a su mayor valor desde 1984, un 10,8%. Ante un incremento de precios que sigue desbocado en Europa, al Banco Central Europeo no le quedar\u00e1 otro remedio que volver a subir los tipos de inter\u00e9s tras la pausa de agosto. Cuando esto se produzca, es esperable que, a diferencia de lo que estamos observando en Estados Unidos, la situaci\u00f3n de Espa\u00f1a sufra un bache muy importante ya que nuestra econom\u00eda est\u00e1 distorsionada por el factor turismo y nuestro mercado laboral sigue siendo muy precario.<\/p>\n","protected":false},"author":67,"featured_media":59780,"comment_status":"open","ping_status":"open","sticky":false,"template":"","format":"standard","meta":{"_FSMCFIC_featured_image_caption":"","_FSMCFIC_featured_image_nocaption":"","_FSMCFIC_featured_image_hide":"","footnotes":""},"categories":[806],"tags":[1837,934,1371,2033,4132,1571,1555,2231],"class_list":["post-59791","post","type-post","status-publish","format-standard","has-post-thumbnail","hentry","category-punts-claus-del-dia-es","tag-biden-es","tag-espana","tag-estados-unidos","tag-joe-biden-es","tag-la-fed-es","tag-recesion-es","tag-recessio","tag-turismo"],"yoast_head":"<!-- This site is optimized with the Yoast SEO plugin v26.8 - https:\/\/yoast.com\/product\/yoast-seo-wordpress\/ -->\n<title>Estados Unidos entra oficialmente en recesi\u00f3n mientras Espa\u00f1a lo f\u00eda todo al turismo - Converses a Catalunya<\/title>\n<meta name=\"description\" content=\"La econom\u00eda estadounidense ha sufrido un baj\u00f3n durante dos trimestres consecutivos, lo que la sit\u00faa oficialmente en situaci\u00f3n de recesi\u00f3n\" \/>\n<meta name=\"robots\" content=\"index, follow, max-snippet:-1, max-image-preview:large, max-video-preview:-1\" \/>\n<link rel=\"canonical\" href=\"https:\/\/conversesacatalunya.cat\/estats-units-entra-recessio\/\" \/>\n<meta property=\"og:locale\" content=\"es_ES\" \/>\n<meta property=\"og:type\" content=\"article\" \/>\n<meta property=\"og:title\" content=\"Estados Unidos entra oficialmente en recesi\u00f3n mientras Espa\u00f1a lo f\u00eda todo al turismo - Converses a Catalunya\" \/>\n<meta property=\"og:description\" content=\"La econom\u00eda estadounidense ha sufrido un baj\u00f3n durante dos trimestres consecutivos, lo que la sit\u00faa oficialmente en situaci\u00f3n de recesi\u00f3n\" \/>\n<meta property=\"og:url\" content=\"https:\/\/conversesacatalunya.cat\/estats-units-entra-recessio\/\" \/>\n<meta property=\"og:site_name\" content=\"Converses a Catalunya\" \/>\n<meta property=\"article:published_time\" content=\"2022-08-02T07:00:44+00:00\" \/>\n<meta property=\"og:image\" content=\"https:\/\/conversesacatalunya.cat\/wp-content\/uploads\/2022\/07\/las-ramblas-barcelona-turismo-masivo-45109.jpg\" \/>\n\t<meta property=\"og:image:width\" content=\"850\" \/>\n\t<meta property=\"og:image:height\" content=\"450\" \/>\n\t<meta property=\"og:image:type\" content=\"image\/jpeg\" \/>\n<meta name=\"author\" content=\"conversesacatalunya\" \/>\n<meta name=\"twitter:card\" content=\"summary_large_image\" \/>\n<meta name=\"twitter:label1\" content=\"Escrito por\" \/>\n\t<meta name=\"twitter:data1\" content=\"conversesacatalunya\" \/>\n\t<meta name=\"twitter:label2\" content=\"Tiempo de lectura\" \/>\n\t<meta name=\"twitter:data2\" content=\"3 minutos\" \/>\n<script type=\"application\/ld+json\" class=\"yoast-schema-graph\">{\"@context\":\"https:\/\/schema.org\",\"@graph\":[{\"@type\":\"Article\",\"@id\":\"https:\/\/conversesacatalunya.cat\/estats-units-entra-recessio\/#article\",\"isPartOf\":{\"@id\":\"https:\/\/conversesacatalunya.cat\/estats-units-entra-recessio\/\"},\"author\":{\"name\":\"conversesacatalunya\",\"@id\":\"https:\/\/conversesacatalunya.cat\/#\/schema\/person\/c5a8ffe796b1512764aeb6d6d6fa0fc7\"},\"headline\":\"Estados Unidos entra oficialmente en recesi\u00f3n mientras Espa\u00f1a lo f\u00eda todo al turismo\",\"datePublished\":\"2022-08-02T07:00:44+00:00\",\"mainEntityOfPage\":{\"@id\":\"https:\/\/conversesacatalunya.cat\/estats-units-entra-recessio\/\"},\"wordCount\":613,\"commentCount\":0,\"image\":{\"@id\":\"https:\/\/conversesacatalunya.cat\/estats-units-entra-recessio\/#primaryimage\"},\"thumbnailUrl\":\"https:\/\/conversesacatalunya.cat\/wp-content\/uploads\/2022\/07\/las-ramblas-barcelona-turismo-masivo-45109.jpg\",\"keywords\":[\"Biden\",\"Espa\u00f1a\",\"Estados Unidos\",\"Joe Biden\",\"la Fed\",\"recesi\u00f3n\",\"recessi\u00f3\",\"Turismo\"],\"articleSection\":[\"Punts clau del dia (ES)\"],\"inLanguage\":\"es\",\"potentialAction\":[{\"@type\":\"CommentAction\",\"name\":\"Comment\",\"target\":[\"https:\/\/conversesacatalunya.cat\/estats-units-entra-recessio\/#respond\"]}]},{\"@type\":\"WebPage\",\"@id\":\"https:\/\/conversesacatalunya.cat\/estats-units-entra-recessio\/\",\"url\":\"https:\/\/conversesacatalunya.cat\/estats-units-entra-recessio\/\",\"name\":\"Estados Unidos entra oficialmente en recesi\u00f3n mientras Espa\u00f1a lo f\u00eda todo al turismo - Converses a Catalunya\",\"isPartOf\":{\"@id\":\"https:\/\/conversesacatalunya.cat\/#website\"},\"primaryImageOfPage\":{\"@id\":\"https:\/\/conversesacatalunya.cat\/estats-units-entra-recessio\/#primaryimage\"},\"image\":{\"@id\":\"https:\/\/conversesacatalunya.cat\/estats-units-entra-recessio\/#primaryimage\"},\"thumbnailUrl\":\"https:\/\/conversesacatalunya.cat\/wp-content\/uploads\/2022\/07\/las-ramblas-barcelona-turismo-masivo-45109.jpg\",\"datePublished\":\"2022-08-02T07:00:44+00:00\",\"author\":{\"@id\":\"https:\/\/conversesacatalunya.cat\/#\/schema\/person\/c5a8ffe796b1512764aeb6d6d6fa0fc7\"},\"description\":\"La econom\u00eda estadounidense ha sufrido un baj\u00f3n durante dos trimestres consecutivos, lo que la sit\u00faa oficialmente en situaci\u00f3n de recesi\u00f3n\",\"breadcrumb\":{\"@id\":\"https:\/\/conversesacatalunya.cat\/estats-units-entra-recessio\/#breadcrumb\"},\"inLanguage\":\"es\",\"potentialAction\":[{\"@type\":\"ReadAction\",\"target\":[\"https:\/\/conversesacatalunya.cat\/estats-units-entra-recessio\/\"]}]},{\"@type\":\"ImageObject\",\"inLanguage\":\"es\",\"@id\":\"https:\/\/conversesacatalunya.cat\/estats-units-entra-recessio\/#primaryimage\",\"url\":\"https:\/\/conversesacatalunya.cat\/wp-content\/uploads\/2022\/07\/las-ramblas-barcelona-turismo-masivo-45109.jpg\",\"contentUrl\":\"https:\/\/conversesacatalunya.cat\/wp-content\/uploads\/2022\/07\/las-ramblas-barcelona-turismo-masivo-45109.jpg\",\"width\":850,\"height\":450,\"caption\":\"recesi\u00f3n\"},{\"@type\":\"BreadcrumbList\",\"@id\":\"https:\/\/conversesacatalunya.cat\/estats-units-entra-recessio\/#breadcrumb\",\"itemListElement\":[{\"@type\":\"ListItem\",\"position\":1,\"name\":\"Inici\",\"item\":\"https:\/\/conversesacatalunya.cat\/es\/\"},{\"@type\":\"ListItem\",\"position\":2,\"name\":\"Estados Unidos entra oficialmente en recesi\u00f3n mientras Espa\u00f1a lo f\u00eda todo al turismo\"}]},{\"@type\":\"WebSite\",\"@id\":\"https:\/\/conversesacatalunya.cat\/#website\",\"url\":\"https:\/\/conversesacatalunya.cat\/\",\"name\":\"Converses a Catalunya\",\"description\":\"\",\"potentialAction\":[{\"@type\":\"SearchAction\",\"target\":{\"@type\":\"EntryPoint\",\"urlTemplate\":\"https:\/\/conversesacatalunya.cat\/?s={search_term_string}\"},\"query-input\":{\"@type\":\"PropertyValueSpecification\",\"valueRequired\":true,\"valueName\":\"search_term_string\"}}],\"inLanguage\":\"es\"},{\"@type\":\"Person\",\"@id\":\"https:\/\/conversesacatalunya.cat\/#\/schema\/person\/c5a8ffe796b1512764aeb6d6d6fa0fc7\",\"name\":\"conversesacatalunya\",\"image\":{\"@type\":\"ImageObject\",\"inLanguage\":\"es\",\"@id\":\"https:\/\/conversesacatalunya.cat\/#\/schema\/person\/image\/\",\"url\":\"https:\/\/conversesacatalunya.cat\/wp-content\/litespeed\/avatar\/02659ee938034c59a151ae106ade943e.jpg?ver=1777051754\",\"contentUrl\":\"https:\/\/conversesacatalunya.cat\/wp-content\/litespeed\/avatar\/02659ee938034c59a151ae106ade943e.jpg?ver=1777051754\",\"caption\":\"conversesacatalunya\"},\"url\":\"https:\/\/conversesacatalunya.cat\/es\/author\/carles_lopez\/\"}]}<\/script>\n<!-- \/ Yoast SEO plugin. -->","yoast_head_json":{"title":"Estados Unidos entra oficialmente en recesi\u00f3n mientras Espa\u00f1a lo f\u00eda todo al turismo - Converses a Catalunya","description":"La econom\u00eda estadounidense ha sufrido un baj\u00f3n durante dos trimestres consecutivos, lo que la sit\u00faa oficialmente en situaci\u00f3n de recesi\u00f3n","robots":{"index":"index","follow":"follow","max-snippet":"max-snippet:-1","max-image-preview":"max-image-preview:large","max-video-preview":"max-video-preview:-1"},"canonical":"https:\/\/conversesacatalunya.cat\/estats-units-entra-recessio\/","og_locale":"es_ES","og_type":"article","og_title":"Estados Unidos entra oficialmente en recesi\u00f3n mientras Espa\u00f1a lo f\u00eda todo al turismo - Converses a Catalunya","og_description":"La econom\u00eda estadounidense ha sufrido un baj\u00f3n durante dos trimestres consecutivos, lo que la sit\u00faa oficialmente en situaci\u00f3n de recesi\u00f3n","og_url":"https:\/\/conversesacatalunya.cat\/estats-units-entra-recessio\/","og_site_name":"Converses a Catalunya","article_published_time":"2022-08-02T07:00:44+00:00","og_image":[{"width":850,"height":450,"url":"https:\/\/conversesacatalunya.cat\/wp-content\/uploads\/2022\/07\/las-ramblas-barcelona-turismo-masivo-45109.jpg","type":"image\/jpeg"}],"author":"conversesacatalunya","twitter_card":"summary_large_image","twitter_misc":{"Escrito por":"conversesacatalunya","Tiempo de lectura":"3 minutos"},"schema":{"@context":"https:\/\/schema.org","@graph":[{"@type":"Article","@id":"https:\/\/conversesacatalunya.cat\/estats-units-entra-recessio\/#article","isPartOf":{"@id":"https:\/\/conversesacatalunya.cat\/estats-units-entra-recessio\/"},"author":{"name":"conversesacatalunya","@id":"https:\/\/conversesacatalunya.cat\/#\/schema\/person\/c5a8ffe796b1512764aeb6d6d6fa0fc7"},"headline":"Estados Unidos entra oficialmente en recesi\u00f3n mientras Espa\u00f1a lo f\u00eda todo al turismo","datePublished":"2022-08-02T07:00:44+00:00","mainEntityOfPage":{"@id":"https:\/\/conversesacatalunya.cat\/estats-units-entra-recessio\/"},"wordCount":613,"commentCount":0,"image":{"@id":"https:\/\/conversesacatalunya.cat\/estats-units-entra-recessio\/#primaryimage"},"thumbnailUrl":"https:\/\/conversesacatalunya.cat\/wp-content\/uploads\/2022\/07\/las-ramblas-barcelona-turismo-masivo-45109.jpg","keywords":["Biden","Espa\u00f1a","Estados Unidos","Joe Biden","la Fed","recesi\u00f3n","recessi\u00f3","Turismo"],"articleSection":["Punts clau del dia (ES)"],"inLanguage":"es","potentialAction":[{"@type":"CommentAction","name":"Comment","target":["https:\/\/conversesacatalunya.cat\/estats-units-entra-recessio\/#respond"]}]},{"@type":"WebPage","@id":"https:\/\/conversesacatalunya.cat\/estats-units-entra-recessio\/","url":"https:\/\/conversesacatalunya.cat\/estats-units-entra-recessio\/","name":"Estados Unidos entra oficialmente en recesi\u00f3n mientras Espa\u00f1a lo f\u00eda todo al turismo - Converses a Catalunya","isPartOf":{"@id":"https:\/\/conversesacatalunya.cat\/#website"},"primaryImageOfPage":{"@id":"https:\/\/conversesacatalunya.cat\/estats-units-entra-recessio\/#primaryimage"},"image":{"@id":"https:\/\/conversesacatalunya.cat\/estats-units-entra-recessio\/#primaryimage"},"thumbnailUrl":"https:\/\/conversesacatalunya.cat\/wp-content\/uploads\/2022\/07\/las-ramblas-barcelona-turismo-masivo-45109.jpg","datePublished":"2022-08-02T07:00:44+00:00","author":{"@id":"https:\/\/conversesacatalunya.cat\/#\/schema\/person\/c5a8ffe796b1512764aeb6d6d6fa0fc7"},"description":"La econom\u00eda estadounidense ha sufrido un baj\u00f3n durante dos trimestres consecutivos, lo que la sit\u00faa oficialmente en situaci\u00f3n de recesi\u00f3n","breadcrumb":{"@id":"https:\/\/conversesacatalunya.cat\/estats-units-entra-recessio\/#breadcrumb"},"inLanguage":"es","potentialAction":[{"@type":"ReadAction","target":["https:\/\/conversesacatalunya.cat\/estats-units-entra-recessio\/"]}]},{"@type":"ImageObject","inLanguage":"es","@id":"https:\/\/conversesacatalunya.cat\/estats-units-entra-recessio\/#primaryimage","url":"https:\/\/conversesacatalunya.cat\/wp-content\/uploads\/2022\/07\/las-ramblas-barcelona-turismo-masivo-45109.jpg","contentUrl":"https:\/\/conversesacatalunya.cat\/wp-content\/uploads\/2022\/07\/las-ramblas-barcelona-turismo-masivo-45109.jpg","width":850,"height":450,"caption":"recesi\u00f3n"},{"@type":"BreadcrumbList","@id":"https:\/\/conversesacatalunya.cat\/estats-units-entra-recessio\/#breadcrumb","itemListElement":[{"@type":"ListItem","position":1,"name":"Inici","item":"https:\/\/conversesacatalunya.cat\/es\/"},{"@type":"ListItem","position":2,"name":"Estados Unidos entra oficialmente en recesi\u00f3n mientras Espa\u00f1a lo f\u00eda todo al turismo"}]},{"@type":"WebSite","@id":"https:\/\/conversesacatalunya.cat\/#website","url":"https:\/\/conversesacatalunya.cat\/","name":"Converses a Catalunya","description":"","potentialAction":[{"@type":"SearchAction","target":{"@type":"EntryPoint","urlTemplate":"https:\/\/conversesacatalunya.cat\/?s={search_term_string}"},"query-input":{"@type":"PropertyValueSpecification","valueRequired":true,"valueName":"search_term_string"}}],"inLanguage":"es"},{"@type":"Person","@id":"https:\/\/conversesacatalunya.cat\/#\/schema\/person\/c5a8ffe796b1512764aeb6d6d6fa0fc7","name":"conversesacatalunya","image":{"@type":"ImageObject","inLanguage":"es","@id":"https:\/\/conversesacatalunya.cat\/#\/schema\/person\/image\/","url":"https:\/\/conversesacatalunya.cat\/wp-content\/litespeed\/avatar\/02659ee938034c59a151ae106ade943e.jpg?ver=1777051754","contentUrl":"https:\/\/conversesacatalunya.cat\/wp-content\/litespeed\/avatar\/02659ee938034c59a151ae106ade943e.jpg?ver=1777051754","caption":"conversesacatalunya"},"url":"https:\/\/conversesacatalunya.cat\/es\/author\/carles_lopez\/"}]}},"wps_subtitle":"Aunque sus efectos se sentir\u00e1n todav\u00eda durante unos meses m\u00e1s por la redistribuci\u00f3n de la renta generada durante el verano, Espa\u00f1a no puede vivir s\u00f3lo de turismo","_links":{"self":[{"href":"https:\/\/conversesacatalunya.cat\/es\/wp-json\/wp\/v2\/posts\/59791","targetHints":{"allow":["GET"]}}],"collection":[{"href":"https:\/\/conversesacatalunya.cat\/es\/wp-json\/wp\/v2\/posts"}],"about":[{"href":"https:\/\/conversesacatalunya.cat\/es\/wp-json\/wp\/v2\/types\/post"}],"author":[{"embeddable":true,"href":"https:\/\/conversesacatalunya.cat\/es\/wp-json\/wp\/v2\/users\/67"}],"replies":[{"embeddable":true,"href":"https:\/\/conversesacatalunya.cat\/es\/wp-json\/wp\/v2\/comments?post=59791"}],"version-history":[{"count":10,"href":"https:\/\/conversesacatalunya.cat\/es\/wp-json\/wp\/v2\/posts\/59791\/revisions"}],"predecessor-version":[{"id":59805,"href":"https:\/\/conversesacatalunya.cat\/es\/wp-json\/wp\/v2\/posts\/59791\/revisions\/59805"}],"wp:featuredmedia":[{"embeddable":true,"href":"https:\/\/conversesacatalunya.cat\/es\/wp-json\/wp\/v2\/media\/59780"}],"wp:attachment":[{"href":"https:\/\/conversesacatalunya.cat\/es\/wp-json\/wp\/v2\/media?parent=59791"}],"wp:term":[{"taxonomy":"category","embeddable":true,"href":"https:\/\/conversesacatalunya.cat\/es\/wp-json\/wp\/v2\/categories?post=59791"},{"taxonomy":"post_tag","embeddable":true,"href":"https:\/\/conversesacatalunya.cat\/es\/wp-json\/wp\/v2\/tags?post=59791"}],"curies":[{"name":"wp","href":"https:\/\/api.w.org\/{rel}","templated":true}]}}