{"id":59627,"date":"2022-07-27T12:27:44","date_gmt":"2022-07-27T10:27:44","guid":{"rendered":"https:\/\/conversesacatalunya.cat\/poblacio-envellida-barcelona\/"},"modified":"2022-07-27T15:20:02","modified_gmt":"2022-07-27T13:20:02","slug":"poblacion-envejecida-barcelona","status":"publish","type":"post","link":"https:\/\/conversesacatalunya.cat\/es\/poblacion-envejecida-barcelona\/","title":{"rendered":"\u00bfCu\u00e1l es uno de los grandes puntos flacos de Barcelona sobre el que Colau no act\u00faa?"},"content":{"rendered":"<p><span>La capital de Catalu\u00f1a presenta muchas fortalezas, pero tambi\u00e9n algunas debilidades muy peligrosas como la\u00a0<\/span><strong><span>progresiva degradaci\u00f3n de la ciudad<\/span><\/strong><span>.\u00a0Pero hay una muy concreta que Colau rechaza contemplar y que no est\u00e1 en la agenda pol\u00edtica de ninguno de los partidos.\u00a0Son los aspectos relacionados con su\u00a0<\/span><strong><span>din\u00e1mica demogr\u00e1fica<\/span><\/strong><span>.<\/span><\/p>\n<p><span>Ahora que se conmemoran los\u00a0<\/span><span class=\"hiddengreenerror\"><span>30<\/span><\/span><span>\u00a0a\u00f1os de los Juegos Ol\u00edmpicos y se echa la vista atr\u00e1s, vale la pena fijarse en la poblaci\u00f3n.\u00a0En 1992 hab\u00eda 1.643.542 habitantes.\u00a0Ahora, en 2021, hay 1.660.314.\u00a0Es decir, s\u00f3lo ha crecido la ciudad en 17.000 habitantes;\u00a0y de hecho ha perdido 4.000 respecto al 2020;\u00a0es la tragedia de la covid.\u00a0Al mismo tiempo, la poblaci\u00f3n\u00a0<\/span><strong><span>ha envejecido<\/span><\/strong><span>\u00a0de forma muy notable.\u00a0Hay muchas m\u00e1s personas mayores de\u00a0\u00a0<\/span><span class=\"hiddengreenerror\"><span>65<\/span><\/span><span>\u00a0\u00a0a\u00f1os que de 0 a 15, concretamente 351.986 (2020) contra 218.273.\u00a0Barcelona sufre una fuerte pir\u00e1mide invertida.<\/span><\/p>\n<p><span>A medida que retrocedemos en la edad, cada vez encontramos a menos individuos, y a la inversa. <span class=\"goog-text-highlight\">\u00c9ste es un problema muy grave desde todos los puntos de vista y adem\u00e1s comporta exigencias diferentes que no est\u00e1n contempladas por Colau.\u00a0<\/span>Una mayor y mejor atenci\u00f3n para la gente mayor, que adem\u00e1s cada vez m\u00e1s vivir\u00e1 sola.\u00a0No s\u00f3lo porque su pareja ha fallecido, sino porque la abundancia de los divorcios en edades m\u00e1s prematuras se acabar\u00e1 notando. En Barcelona viven m\u00e1s de 70.000 personas de 85 a\u00f1os y m\u00e1s.\u00a0Es much\u00edsima gente.<\/span><\/p>\n<p><span><span class=\"\">El\u00a0<\/span><\/span><strong><span><span class=\"\">\u00edndice de envejecimiento,<\/span><\/span><\/strong><span><span class=\"\"> que relaciona el grupo de 0 a 15 a\u00f1os con los mayores, presenta un \u00edndice de 161,3 y es con diferencia el mayor del \u00c1rea Metropolitana, solo se acerca L&#8217;Hospitalet con 134 y Badalona con 115. El <\/span><\/span><strong><span><span class=\"\">\u00edndice de sobreenvejecimiento<\/span><\/span><\/strong><span><span class=\"\">, que es la relaci\u00f3n entre la poblaci\u00f3n de 85 y m\u00e1s y la de 65 y m\u00e1s, crece a un ritmo de 1,6 puntos porcentuales por a\u00f1o en los \u00faltimos\u00a0\u00a0<\/span><\/span><span class=\"hiddengreenerror\"><span><span class=\"\">4<\/span><\/span><\/span><span><span class=\"\">\u00a0\u00a0a\u00f1os;\u00a0<\/span>esto significa una multiplicaci\u00f3n de las personas de mayor edad m\u00e1s necesitadas de atenci\u00f3n.\u00a0La mediana de edad es muy alta, de 43,5 a\u00f1os, y la media es de 44,39 a\u00f1os, son cifras dif\u00edcilmente compatibles con la imagen de una ciudad abocada al boom tecnol\u00f3gico porque a medida que crece la mediana de edad en un conjunto humano, la capacidad de innovaci\u00f3n se reduce.<\/span><\/p>\n<p><span>Entre 2015 y 2019 Barcelona perdi\u00f3 a 10.400 personas porque murieron m\u00e1s de las que nacieron y esta cifra se vio compensada por el\u00a0<\/span><strong><span>saldo migratorio<\/span><\/strong><span>.\u00a0Y \u00e9sta es otra din\u00e1mica a considerar, porque, al igual que el envejecimiento, la falta de ni\u00f1os y j\u00f3venes tiene consecuencias de car\u00e1cter cultural, social y econ\u00f3mico.<\/span><\/p>\n<p><span>Cuando se realizaron los JJOO en 1992, la poblaci\u00f3n extranjera era solo el 1,4% del total. <span class=\"goog-text-highlight\">En 2021 se acerca a ser una cuarta parte (22,4%) y crece y sustituye a la poblaci\u00f3n aut\u00f3ctona de forma acelerada por el doble procedimiento del d\u00e9ficit vegetativo y la continua llegada de m\u00e1s inmigrantes. <\/span>Las consecuencias de este hecho son m\u00faltiples.\u00a0Se\u00f1alamos ahora solo una por su actualidad, <\/span><span class=\"hiddenspellerror\"><span>la del\u00a0<\/span><\/span>\u00a0<strong><span>debate sobre el catal\u00e1n<\/span><\/strong><span>\u00a0en la escuela.<\/span><\/p>\n<p><span><span class=\"\">Es evidente que existiendo el mismo esfuerzo y el mismo marco legal en 1992 que hoy en d\u00eda, el\u00a0<\/span><\/span><strong><span><span class=\"\">catal\u00e1n necesariamente retrocede <\/span><\/span><\/strong><span>porque no es lo mismo que haya 1,4% de poblaci\u00f3n inmigrada que un 22,4%.\u00a0Ni la procedencia de sus padres, ni sus entornos culturales, b\u00e1sicamente o latinoamericanos, magreb\u00edes, africanos o del lejano oriente, son propicios a contemplar el catal\u00e1n como una necesidad, al margen de las dificultades naturales que toda persona llegada a una nueva sociedad tiene para aprender la lengua de \u00e9sta, m\u00e1s en este caso que son dos. Pero una de las dos, el castellano, es la propia para la poblaci\u00f3n hispanoamericana o es la que permite trasladarse de Barcelona a otros puntos de Espa\u00f1a sin problemas.\u00a0Por tanto, la din\u00e1mica migratoria presiona en contra de la normalizaci\u00f3n ling\u00fc\u00edstica del catal\u00e1n, incluso en la escuela.\u00a0Su aprendizaje ser\u00e1 m\u00e1s dif\u00edcil, pero sobre todo la lengua de relaci\u00f3n ser\u00e1 fundamentalmente el castellano.<\/span><\/p>\n<blockquote><p><span>Carece de familias con hijos, poblaci\u00f3n envejecida cada vez m\u00e1s numerosa de mayor edad y viviendo sola y un continuado proceso de sustituci\u00f3n de poblaci\u00f3n aut\u00f3ctona por inmigrada.<\/span><\/p><\/blockquote>\n<p><span>\u00c9sta es una radiograf\u00eda b\u00e1sica que ni el gobierno municipal ni la propia Generalitat contemplan.\u00a0La raz\u00f3n fundamental no es que no represente\u00a0<\/span><span class=\"hiddengreenerror\"><span>problemas<\/span><\/span><span>\u00a0m\u00faltiples e importantes, sino que es\u00a0\u00a0<\/span><strong><span>ideol\u00f3gica<\/span><\/strong><span>.\u00a0<span class=\"goog-text-highlight\">No es pol\u00edticamente correcto abordar la cuesti\u00f3n de la descendencia en las familias, de la natalidad, de la soledad y del proceso de sustituci\u00f3n que se va operando, que en el caso de Barcelona es tan intenso que en\u00a0\u00a0<\/span><\/span><span class=\"hiddengreenerror\"><span><span class=\"goog-text-highlight\">30<\/span><\/span><\/span><span><span class=\"goog-text-highlight\">\u00a0\u00a0a\u00f1os la poblaci\u00f3n inmigrada ha crecido m\u00e1s de 21 puntos.<\/span><\/span><\/p>\n","protected":false},"excerpt":{"rendered":"<p>La capital de Catalu\u00f1a presenta muchas fortalezas, pero tambi\u00e9n algunas debilidades muy peligrosas como la\u00a0progresiva degradaci\u00f3n de la ciudad.\u00a0Pero hay una muy concreta que Colau rechaza contemplar y que no est\u00e1 en la agenda pol\u00edtica de ninguno de los partidos.\u00a0Son los aspectos relacionados con su\u00a0din\u00e1mica demogr\u00e1fica. Ahora que se conmemoran los\u00a030\u00a0a\u00f1os de los Juegos Ol\u00edmpicos y se echa la vista atr\u00e1s, vale la pena fijarse en la poblaci\u00f3n.\u00a0En 1992 hab\u00eda 1.643.542 habitantes.\u00a0Ahora, en 2021, hay 1.660.314.\u00a0Es decir, s\u00f3lo ha crecido la ciudad en 17.000 habitantes;\u00a0y de hecho ha perdido 4.000 respecto al 2020;\u00a0es la tragedia de la covid.\u00a0Al mismo tiempo, la poblaci\u00f3n\u00a0ha envejecido\u00a0de forma muy notable.\u00a0Hay muchas m\u00e1s personas mayores de\u00a0\u00a065\u00a0\u00a0a\u00f1os que de 0 a 15, concretamente 351.986 (2020) contra 218.273.\u00a0Barcelona sufre una fuerte pir\u00e1mide invertida. A medida que retrocedemos en la edad, cada vez encontramos a menos individuos, y a la inversa. \u00c9ste es un problema muy grave desde todos los puntos de vista y adem\u00e1s comporta exigencias diferentes que no est\u00e1n contempladas por Colau.\u00a0Una mayor y mejor atenci\u00f3n para la gente mayor, que adem\u00e1s cada vez m\u00e1s vivir\u00e1 sola.\u00a0No s\u00f3lo porque su pareja ha fallecido, sino porque la abundancia de los divorcios en edades m\u00e1s prematuras se acabar\u00e1 notando. En Barcelona viven m\u00e1s de 70.000 personas de 85 a\u00f1os y m\u00e1s.\u00a0Es much\u00edsima gente. El\u00a0\u00edndice de envejecimiento, que relaciona el grupo de 0 a 15 a\u00f1os con los mayores, presenta un \u00edndice de 161,3 y es con diferencia el mayor del \u00c1rea Metropolitana, solo se acerca L&#8217;Hospitalet con 134 y Badalona con 115. El \u00edndice de sobreenvejecimiento, que es la relaci\u00f3n entre la poblaci\u00f3n de 85 y m\u00e1s y la de 65 y m\u00e1s, crece a un ritmo de 1,6 puntos porcentuales por a\u00f1o en los \u00faltimos\u00a0\u00a04\u00a0\u00a0a\u00f1os;\u00a0esto significa una multiplicaci\u00f3n de las personas de mayor edad m\u00e1s necesitadas de atenci\u00f3n.\u00a0La mediana de edad es muy alta, de 43,5 a\u00f1os, y la media es de 44,39 a\u00f1os, son cifras dif\u00edcilmente compatibles con la imagen de una ciudad abocada al boom tecnol\u00f3gico porque a medida que crece la mediana de edad en un conjunto humano, la capacidad de innovaci\u00f3n se reduce. Entre 2015 y 2019 Barcelona perdi\u00f3 a 10.400 personas porque murieron m\u00e1s de las que nacieron y esta cifra se vio compensada por el\u00a0saldo migratorio.\u00a0Y \u00e9sta es otra din\u00e1mica a considerar, porque, al igual que el envejecimiento, la falta de ni\u00f1os y j\u00f3venes tiene consecuencias de car\u00e1cter cultural, social y econ\u00f3mico. Cuando se realizaron los JJOO en 1992, la poblaci\u00f3n extranjera era solo el 1,4% del total. En 2021 se acerca a ser una cuarta parte (22,4%) y crece y sustituye a la poblaci\u00f3n aut\u00f3ctona de forma acelerada por el doble procedimiento del d\u00e9ficit vegetativo y la continua llegada de m\u00e1s inmigrantes. Las consecuencias de este hecho son m\u00faltiples.\u00a0Se\u00f1alamos ahora solo una por su actualidad, la del\u00a0\u00a0debate sobre el catal\u00e1n\u00a0en la escuela. Es evidente que existiendo el mismo esfuerzo y el mismo marco legal en 1992 que hoy en d\u00eda, el\u00a0catal\u00e1n necesariamente retrocede porque no es lo mismo que haya 1,4% de poblaci\u00f3n inmigrada que un 22,4%.\u00a0Ni la procedencia de sus padres, ni sus entornos culturales, b\u00e1sicamente o latinoamericanos, magreb\u00edes, africanos o del lejano oriente, son propicios a contemplar el catal\u00e1n como una necesidad, al margen de las dificultades naturales que toda persona llegada a una nueva sociedad tiene para aprender la lengua de \u00e9sta, m\u00e1s en este caso que son dos. Pero una de las dos, el castellano, es la propia para la poblaci\u00f3n hispanoamericana o es la que permite trasladarse de Barcelona a otros puntos de Espa\u00f1a sin problemas.\u00a0Por tanto, la din\u00e1mica migratoria presiona en contra de la normalizaci\u00f3n ling\u00fc\u00edstica del catal\u00e1n, incluso en la escuela.\u00a0Su aprendizaje ser\u00e1 m\u00e1s dif\u00edcil, pero sobre todo la lengua de relaci\u00f3n ser\u00e1 fundamentalmente el castellano. Carece de familias con hijos, poblaci\u00f3n envejecida cada vez m\u00e1s numerosa de mayor edad y viviendo sola y un continuado proceso de sustituci\u00f3n de poblaci\u00f3n aut\u00f3ctona por inmigrada. \u00c9sta es una radiograf\u00eda b\u00e1sica que ni el gobierno municipal ni la propia Generalitat contemplan.\u00a0La raz\u00f3n fundamental no es que no represente\u00a0problemas\u00a0m\u00faltiples e importantes, sino que es\u00a0\u00a0ideol\u00f3gica.\u00a0No es pol\u00edticamente correcto abordar la cuesti\u00f3n de la descendencia en las familias, de la natalidad, de la soledad y del proceso de sustituci\u00f3n que se va operando, que en el caso de Barcelona es tan intenso que en\u00a0\u00a030\u00a0\u00a0a\u00f1os la poblaci\u00f3n inmigrada ha crecido m\u00e1s de 21 puntos.<\/p>\n","protected":false},"author":2,"featured_media":59611,"comment_status":"open","ping_status":"open","sticky":false,"template":"","format":"standard","meta":{"_FSMCFIC_featured_image_caption":"","_FSMCFIC_featured_image_nocaption":"","_FSMCFIC_featured_image_hide":"","footnotes":""},"categories":[3787,806],"tags":[1312,1315,1313],"class_list":["post-59627","post","type-post","status-publish","format-standard","has-post-thumbnail","hentry","category-expedient-barcelona-es","category-punts-claus-del-dia-es","tag-demografia-es","tag-natalidad","tag-natalitat-es"],"yoast_head":"<!-- This site is optimized with the Yoast SEO plugin v26.8 - https:\/\/yoast.com\/product\/yoast-seo-wordpress\/ -->\n<title>\u00bfCu\u00e1l es uno de los grandes puntos flacos de Barcelona sobre el que Colau no act\u00faa? - Converses a Catalunya<\/title>\n<meta name=\"description\" content=\"Carece de familias con hijos, poblaci\u00f3n envejecida cada vez m\u00e1s numerosa de mayor edad y viviendo sola y un continuado proceso de sustituci\u00f3n de poblaci\u00f3n aut\u00f3ctona por inmigrada.\" \/>\n<meta name=\"robots\" content=\"index, follow, max-snippet:-1, max-image-preview:large, max-video-preview:-1\" \/>\n<link rel=\"canonical\" href=\"https:\/\/conversesacatalunya.cat\/es\/poblacion-envejecida-barcelona\/\" \/>\n<meta property=\"og:locale\" content=\"es_ES\" \/>\n<meta property=\"og:type\" content=\"article\" \/>\n<meta property=\"og:title\" content=\"\u00bfCu\u00e1l es uno de los grandes puntos flacos de Barcelona sobre el que Colau no act\u00faa? - Converses a Catalunya\" \/>\n<meta property=\"og:description\" content=\"Carece de familias con hijos, poblaci\u00f3n envejecida cada vez m\u00e1s numerosa de mayor edad y viviendo sola y un continuado proceso de sustituci\u00f3n de poblaci\u00f3n aut\u00f3ctona por inmigrada.\" \/>\n<meta property=\"og:url\" content=\"https:\/\/conversesacatalunya.cat\/es\/poblacion-envejecida-barcelona\/\" \/>\n<meta property=\"og:site_name\" content=\"Converses a Catalunya\" \/>\n<meta property=\"article:published_time\" content=\"2022-07-27T10:27:44+00:00\" \/>\n<meta property=\"article:modified_time\" content=\"2022-07-27T13:20:02+00:00\" \/>\n<meta property=\"og:image\" content=\"https:\/\/conversesacatalunya.cat\/wp-content\/uploads\/2022\/07\/lagentgrandebarcelona_497x252.png\" \/>\n\t<meta property=\"og:image:width\" content=\"564\" \/>\n\t<meta property=\"og:image:height\" content=\"286\" \/>\n\t<meta property=\"og:image:type\" content=\"image\/png\" \/>\n<meta name=\"author\" content=\"conversesacatalunya\" \/>\n<meta name=\"twitter:card\" content=\"summary_large_image\" \/>\n<meta name=\"twitter:label1\" content=\"Escrito por\" \/>\n\t<meta name=\"twitter:data1\" content=\"conversesacatalunya\" \/>\n\t<meta name=\"twitter:label2\" content=\"Tiempo de lectura\" \/>\n\t<meta name=\"twitter:data2\" content=\"4 minutos\" \/>\n<script type=\"application\/ld+json\" class=\"yoast-schema-graph\">{\"@context\":\"https:\/\/schema.org\",\"@graph\":[{\"@type\":\"Article\",\"@id\":\"https:\/\/conversesacatalunya.cat\/es\/poblacion-envejecida-barcelona\/#article\",\"isPartOf\":{\"@id\":\"https:\/\/conversesacatalunya.cat\/es\/poblacion-envejecida-barcelona\/\"},\"author\":{\"name\":\"conversesacatalunya\",\"@id\":\"https:\/\/conversesacatalunya.cat\/#\/schema\/person\/7e24d1e54a2785373ddcb275eae5ed99\"},\"headline\":\"\u00bfCu\u00e1l es uno de los grandes puntos flacos de Barcelona sobre el que Colau no act\u00faa?\",\"datePublished\":\"2022-07-27T10:27:44+00:00\",\"dateModified\":\"2022-07-27T13:20:02+00:00\",\"mainEntityOfPage\":{\"@id\":\"https:\/\/conversesacatalunya.cat\/es\/poblacion-envejecida-barcelona\/\"},\"wordCount\":835,\"commentCount\":0,\"image\":{\"@id\":\"https:\/\/conversesacatalunya.cat\/es\/poblacion-envejecida-barcelona\/#primaryimage\"},\"thumbnailUrl\":\"https:\/\/conversesacatalunya.cat\/wp-content\/uploads\/2022\/07\/lagentgrandebarcelona_497x252.png\",\"keywords\":[\"Demografia\",\"Natalidad\",\"natalitat\"],\"articleSection\":[\"Expedient Barcelona (ES)\",\"Punts clau del dia (ES)\"],\"inLanguage\":\"es\",\"potentialAction\":[{\"@type\":\"CommentAction\",\"name\":\"Comment\",\"target\":[\"https:\/\/conversesacatalunya.cat\/es\/poblacion-envejecida-barcelona\/#respond\"]}]},{\"@type\":\"WebPage\",\"@id\":\"https:\/\/conversesacatalunya.cat\/es\/poblacion-envejecida-barcelona\/\",\"url\":\"https:\/\/conversesacatalunya.cat\/es\/poblacion-envejecida-barcelona\/\",\"name\":\"\u00bfCu\u00e1l es uno de los grandes puntos flacos de Barcelona sobre el que Colau no act\u00faa? - Converses a Catalunya\",\"isPartOf\":{\"@id\":\"https:\/\/conversesacatalunya.cat\/#website\"},\"primaryImageOfPage\":{\"@id\":\"https:\/\/conversesacatalunya.cat\/es\/poblacion-envejecida-barcelona\/#primaryimage\"},\"image\":{\"@id\":\"https:\/\/conversesacatalunya.cat\/es\/poblacion-envejecida-barcelona\/#primaryimage\"},\"thumbnailUrl\":\"https:\/\/conversesacatalunya.cat\/wp-content\/uploads\/2022\/07\/lagentgrandebarcelona_497x252.png\",\"datePublished\":\"2022-07-27T10:27:44+00:00\",\"dateModified\":\"2022-07-27T13:20:02+00:00\",\"author\":{\"@id\":\"https:\/\/conversesacatalunya.cat\/#\/schema\/person\/7e24d1e54a2785373ddcb275eae5ed99\"},\"description\":\"Carece de familias con hijos, poblaci\u00f3n envejecida cada vez m\u00e1s numerosa de mayor edad y viviendo sola y un continuado proceso de sustituci\u00f3n de poblaci\u00f3n aut\u00f3ctona por inmigrada.\",\"breadcrumb\":{\"@id\":\"https:\/\/conversesacatalunya.cat\/es\/poblacion-envejecida-barcelona\/#breadcrumb\"},\"inLanguage\":\"es\",\"potentialAction\":[{\"@type\":\"ReadAction\",\"target\":[\"https:\/\/conversesacatalunya.cat\/es\/poblacion-envejecida-barcelona\/\"]}]},{\"@type\":\"ImageObject\",\"inLanguage\":\"es\",\"@id\":\"https:\/\/conversesacatalunya.cat\/es\/poblacion-envejecida-barcelona\/#primaryimage\",\"url\":\"https:\/\/conversesacatalunya.cat\/wp-content\/uploads\/2022\/07\/lagentgrandebarcelona_497x252.png\",\"contentUrl\":\"https:\/\/conversesacatalunya.cat\/wp-content\/uploads\/2022\/07\/lagentgrandebarcelona_497x252.png\",\"width\":564,\"height\":286,\"caption\":\"poblaci\u00f3 Barcelona\"},{\"@type\":\"BreadcrumbList\",\"@id\":\"https:\/\/conversesacatalunya.cat\/es\/poblacion-envejecida-barcelona\/#breadcrumb\",\"itemListElement\":[{\"@type\":\"ListItem\",\"position\":1,\"name\":\"Inici\",\"item\":\"https:\/\/conversesacatalunya.cat\/es\/\"},{\"@type\":\"ListItem\",\"position\":2,\"name\":\"\u00bfCu\u00e1l es uno de los grandes puntos flacos de Barcelona sobre el que Colau no act\u00faa?\"}]},{\"@type\":\"WebSite\",\"@id\":\"https:\/\/conversesacatalunya.cat\/#website\",\"url\":\"https:\/\/conversesacatalunya.cat\/\",\"name\":\"Converses a Catalunya\",\"description\":\"\",\"potentialAction\":[{\"@type\":\"SearchAction\",\"target\":{\"@type\":\"EntryPoint\",\"urlTemplate\":\"https:\/\/conversesacatalunya.cat\/?s={search_term_string}\"},\"query-input\":{\"@type\":\"PropertyValueSpecification\",\"valueRequired\":true,\"valueName\":\"search_term_string\"}}],\"inLanguage\":\"es\"},{\"@type\":\"Person\",\"@id\":\"https:\/\/conversesacatalunya.cat\/#\/schema\/person\/7e24d1e54a2785373ddcb275eae5ed99\",\"name\":\"conversesacatalunya\",\"image\":{\"@type\":\"ImageObject\",\"inLanguage\":\"es\",\"@id\":\"https:\/\/conversesacatalunya.cat\/#\/schema\/person\/image\/\",\"url\":\"https:\/\/conversesacatalunya.cat\/wp-content\/litespeed\/avatar\/febdfeeec89d950f01c748045a981dd2.jpg?ver=1777314535\",\"contentUrl\":\"https:\/\/conversesacatalunya.cat\/wp-content\/litespeed\/avatar\/febdfeeec89d950f01c748045a981dd2.jpg?ver=1777314535\",\"caption\":\"conversesacatalunya\"},\"url\":\"https:\/\/conversesacatalunya.cat\/es\/author\/carme_catala\/\"}]}<\/script>\n<!-- \/ Yoast SEO plugin. -->","yoast_head_json":{"title":"\u00bfCu\u00e1l es uno de los grandes puntos flacos de Barcelona sobre el que Colau no act\u00faa? - Converses a Catalunya","description":"Carece de familias con hijos, poblaci\u00f3n envejecida cada vez m\u00e1s numerosa de mayor edad y viviendo sola y un continuado proceso de sustituci\u00f3n de poblaci\u00f3n aut\u00f3ctona por inmigrada.","robots":{"index":"index","follow":"follow","max-snippet":"max-snippet:-1","max-image-preview":"max-image-preview:large","max-video-preview":"max-video-preview:-1"},"canonical":"https:\/\/conversesacatalunya.cat\/es\/poblacion-envejecida-barcelona\/","og_locale":"es_ES","og_type":"article","og_title":"\u00bfCu\u00e1l es uno de los grandes puntos flacos de Barcelona sobre el que Colau no act\u00faa? - Converses a Catalunya","og_description":"Carece de familias con hijos, poblaci\u00f3n envejecida cada vez m\u00e1s numerosa de mayor edad y viviendo sola y un continuado proceso de sustituci\u00f3n de poblaci\u00f3n aut\u00f3ctona por inmigrada.","og_url":"https:\/\/conversesacatalunya.cat\/es\/poblacion-envejecida-barcelona\/","og_site_name":"Converses a Catalunya","article_published_time":"2022-07-27T10:27:44+00:00","article_modified_time":"2022-07-27T13:20:02+00:00","og_image":[{"width":564,"height":286,"url":"https:\/\/conversesacatalunya.cat\/wp-content\/uploads\/2022\/07\/lagentgrandebarcelona_497x252.png","type":"image\/png"}],"author":"conversesacatalunya","twitter_card":"summary_large_image","twitter_misc":{"Escrito por":"conversesacatalunya","Tiempo de lectura":"4 minutos"},"schema":{"@context":"https:\/\/schema.org","@graph":[{"@type":"Article","@id":"https:\/\/conversesacatalunya.cat\/es\/poblacion-envejecida-barcelona\/#article","isPartOf":{"@id":"https:\/\/conversesacatalunya.cat\/es\/poblacion-envejecida-barcelona\/"},"author":{"name":"conversesacatalunya","@id":"https:\/\/conversesacatalunya.cat\/#\/schema\/person\/7e24d1e54a2785373ddcb275eae5ed99"},"headline":"\u00bfCu\u00e1l es uno de los grandes puntos flacos de Barcelona sobre el que Colau no act\u00faa?","datePublished":"2022-07-27T10:27:44+00:00","dateModified":"2022-07-27T13:20:02+00:00","mainEntityOfPage":{"@id":"https:\/\/conversesacatalunya.cat\/es\/poblacion-envejecida-barcelona\/"},"wordCount":835,"commentCount":0,"image":{"@id":"https:\/\/conversesacatalunya.cat\/es\/poblacion-envejecida-barcelona\/#primaryimage"},"thumbnailUrl":"https:\/\/conversesacatalunya.cat\/wp-content\/uploads\/2022\/07\/lagentgrandebarcelona_497x252.png","keywords":["Demografia","Natalidad","natalitat"],"articleSection":["Expedient Barcelona (ES)","Punts clau del dia (ES)"],"inLanguage":"es","potentialAction":[{"@type":"CommentAction","name":"Comment","target":["https:\/\/conversesacatalunya.cat\/es\/poblacion-envejecida-barcelona\/#respond"]}]},{"@type":"WebPage","@id":"https:\/\/conversesacatalunya.cat\/es\/poblacion-envejecida-barcelona\/","url":"https:\/\/conversesacatalunya.cat\/es\/poblacion-envejecida-barcelona\/","name":"\u00bfCu\u00e1l es uno de los grandes puntos flacos de Barcelona sobre el que Colau no act\u00faa? - Converses a Catalunya","isPartOf":{"@id":"https:\/\/conversesacatalunya.cat\/#website"},"primaryImageOfPage":{"@id":"https:\/\/conversesacatalunya.cat\/es\/poblacion-envejecida-barcelona\/#primaryimage"},"image":{"@id":"https:\/\/conversesacatalunya.cat\/es\/poblacion-envejecida-barcelona\/#primaryimage"},"thumbnailUrl":"https:\/\/conversesacatalunya.cat\/wp-content\/uploads\/2022\/07\/lagentgrandebarcelona_497x252.png","datePublished":"2022-07-27T10:27:44+00:00","dateModified":"2022-07-27T13:20:02+00:00","author":{"@id":"https:\/\/conversesacatalunya.cat\/#\/schema\/person\/7e24d1e54a2785373ddcb275eae5ed99"},"description":"Carece de familias con hijos, poblaci\u00f3n envejecida cada vez m\u00e1s numerosa de mayor edad y viviendo sola y un continuado proceso de sustituci\u00f3n de poblaci\u00f3n aut\u00f3ctona por inmigrada.","breadcrumb":{"@id":"https:\/\/conversesacatalunya.cat\/es\/poblacion-envejecida-barcelona\/#breadcrumb"},"inLanguage":"es","potentialAction":[{"@type":"ReadAction","target":["https:\/\/conversesacatalunya.cat\/es\/poblacion-envejecida-barcelona\/"]}]},{"@type":"ImageObject","inLanguage":"es","@id":"https:\/\/conversesacatalunya.cat\/es\/poblacion-envejecida-barcelona\/#primaryimage","url":"https:\/\/conversesacatalunya.cat\/wp-content\/uploads\/2022\/07\/lagentgrandebarcelona_497x252.png","contentUrl":"https:\/\/conversesacatalunya.cat\/wp-content\/uploads\/2022\/07\/lagentgrandebarcelona_497x252.png","width":564,"height":286,"caption":"poblaci\u00f3 Barcelona"},{"@type":"BreadcrumbList","@id":"https:\/\/conversesacatalunya.cat\/es\/poblacion-envejecida-barcelona\/#breadcrumb","itemListElement":[{"@type":"ListItem","position":1,"name":"Inici","item":"https:\/\/conversesacatalunya.cat\/es\/"},{"@type":"ListItem","position":2,"name":"\u00bfCu\u00e1l es uno de los grandes puntos flacos de Barcelona sobre el que Colau no act\u00faa?"}]},{"@type":"WebSite","@id":"https:\/\/conversesacatalunya.cat\/#website","url":"https:\/\/conversesacatalunya.cat\/","name":"Converses a Catalunya","description":"","potentialAction":[{"@type":"SearchAction","target":{"@type":"EntryPoint","urlTemplate":"https:\/\/conversesacatalunya.cat\/?s={search_term_string}"},"query-input":{"@type":"PropertyValueSpecification","valueRequired":true,"valueName":"search_term_string"}}],"inLanguage":"es"},{"@type":"Person","@id":"https:\/\/conversesacatalunya.cat\/#\/schema\/person\/7e24d1e54a2785373ddcb275eae5ed99","name":"conversesacatalunya","image":{"@type":"ImageObject","inLanguage":"es","@id":"https:\/\/conversesacatalunya.cat\/#\/schema\/person\/image\/","url":"https:\/\/conversesacatalunya.cat\/wp-content\/litespeed\/avatar\/febdfeeec89d950f01c748045a981dd2.jpg?ver=1777314535","contentUrl":"https:\/\/conversesacatalunya.cat\/wp-content\/litespeed\/avatar\/febdfeeec89d950f01c748045a981dd2.jpg?ver=1777314535","caption":"conversesacatalunya"},"url":"https:\/\/conversesacatalunya.cat\/es\/author\/carme_catala\/"}]}},"wps_subtitle":"Carece de familias con hijos, poblaci\u00f3n envejecida cada vez m\u00e1s numerosa de mayor edad y viviendo sola y un continuado proceso de sustituci\u00f3n de poblaci\u00f3n aut\u00f3ctona por inmigrada.","_links":{"self":[{"href":"https:\/\/conversesacatalunya.cat\/es\/wp-json\/wp\/v2\/posts\/59627","targetHints":{"allow":["GET"]}}],"collection":[{"href":"https:\/\/conversesacatalunya.cat\/es\/wp-json\/wp\/v2\/posts"}],"about":[{"href":"https:\/\/conversesacatalunya.cat\/es\/wp-json\/wp\/v2\/types\/post"}],"author":[{"embeddable":true,"href":"https:\/\/conversesacatalunya.cat\/es\/wp-json\/wp\/v2\/users\/2"}],"replies":[{"embeddable":true,"href":"https:\/\/conversesacatalunya.cat\/es\/wp-json\/wp\/v2\/comments?post=59627"}],"version-history":[{"count":2,"href":"https:\/\/conversesacatalunya.cat\/es\/wp-json\/wp\/v2\/posts\/59627\/revisions"}],"predecessor-version":[{"id":59629,"href":"https:\/\/conversesacatalunya.cat\/es\/wp-json\/wp\/v2\/posts\/59627\/revisions\/59629"}],"wp:featuredmedia":[{"embeddable":true,"href":"https:\/\/conversesacatalunya.cat\/es\/wp-json\/wp\/v2\/media\/59611"}],"wp:attachment":[{"href":"https:\/\/conversesacatalunya.cat\/es\/wp-json\/wp\/v2\/media?parent=59627"}],"wp:term":[{"taxonomy":"category","embeddable":true,"href":"https:\/\/conversesacatalunya.cat\/es\/wp-json\/wp\/v2\/categories?post=59627"},{"taxonomy":"post_tag","embeddable":true,"href":"https:\/\/conversesacatalunya.cat\/es\/wp-json\/wp\/v2\/tags?post=59627"}],"curies":[{"name":"wp","href":"https:\/\/api.w.org\/{rel}","templated":true}]}}