{"id":59572,"date":"2022-07-25T11:51:07","date_gmt":"2022-07-25T09:51:07","guid":{"rendered":"https:\/\/conversesacatalunya.cat\/tots-els-mites-dada-colau-shan-desinflat\/"},"modified":"2022-07-25T12:31:21","modified_gmt":"2022-07-25T10:31:21","slug":"todos-los-mitos-de-ada-colau-se-han-deshinchado","status":"publish","type":"post","link":"https:\/\/conversesacatalunya.cat\/es\/todos-los-mitos-de-ada-colau-se-han-deshinchado\/","title":{"rendered":"Todos los mitos de Ada Colau se han deshinchado"},"content":{"rendered":"<p><span>Colau ha vivido, en parte lo hace a\u00fan, de las rentas de unos mitos.\u00a0Uno de ellos muy importante el de\u00a0<\/span><strong><span>defensora de la vivienda<\/span><\/strong><span>\u00a0al alcance de la gente.\u00a0Es p\u00fablico y notorio, es decir, ya no es noticia, que ha fracasado tajantemente en la construcci\u00f3n de nueva vivienda p\u00fablica, pero es que adem\u00e1s tambi\u00e9n lo ha hecho en toda la serie de pol\u00edticas dirigidas a que hubiera m\u00e1s viviendas sociales de alquiler, aunque \u00e9sta fuera de promoci\u00f3n privada.<\/span><\/p>\n<p><span>Sin embargo, el resultado es a\u00fan peor porque no es que en Barcelona el piso social vaya muy escaso, hasta el extremo de que Ada Colau utilice contenedores como sustituto, sino que es la oferta de pisos y el coste del alquiler lo que est\u00e1 asfixiando a la poblaci\u00f3n.<\/span><\/p>\n<p><span>Barcelona encabeza el\u00a0<\/span><strong><span>aumento del coste del alquiler <\/span><\/strong><span>de toda Espa\u00f1a y al mismo tiempo la reducci\u00f3n de la oferta.\u00a0Ambas magnitudes est\u00e1n relacionadas: a menor oferta m\u00e1s coste.\u00a0Tanto el portal Idealista como Fotocasa se\u00f1alan que el aumento del alquiler puede estar en torno al 18-20% y que la oferta de nuevos pisos ha ca\u00eddo el 60%.\u00a0<span class=\"\">Si a estos hechos, fruto de las pol\u00edticas equivocadas llevadas a cabo por Ada Colau, con la ayuda decisiva de la legislaci\u00f3n de la Generalitat de Pere Aragon\u00e8s, se le a\u00f1ade la vuelta de los turistas, los estudiantes y el final del teletrabajo, el resultado es que nunca como ahora, al final del mandato de Colau, la vivienda ha sido un bien tan escaso y caro en Barcelona. <\/span>Deber\u00edamos retroceder muchas d\u00e9cada en el tiempo para encontrar un escenario similar, con una diferencia radical, entonces, de mejor o peor calidad, hab\u00eda una importante producci\u00f3n de las denominadas viviendas protegidas,<\/span> las que hoy denominamos sociales, que ahora no existen.<\/p>\n<p><span><span class=\"\">La segunda caracter\u00edstica del mito de Colau ha sido que impulsaba la\u00a0<\/span><\/span><strong><span><span class=\"\">justicia social a escala de barrios,<\/span><\/span><\/strong><span><span class=\"\"> velando para que los que se encontraban con mayores dificultades pudieran emerger. <\/span>La estad\u00edstica se\u00f1ala que no es as\u00ed.\u00a0Las diferencias han crecido en lugar de reducirse, algo que evidentemente no es de la responsabilidad de Colau porque las crisis han castigado m\u00e1s a unos que a otros, pero lo que s\u00ed es responsabilidad suya es el olvido de los barrios peor situados y concretamente todos los del eje del Bes\u00f2s.<\/span><\/p>\n<p><span>Qu\u00e9 mayor contradicci\u00f3n, Colau fija su atenci\u00f3n y quiere situar sus elementos emblem\u00e1ticos y, por tanto el gasto, en el Eixample, con las manzanas y el tranv\u00eda, al tiempo que se ha olvidado del Bes\u00f2s. Ahora a toda prisa y en el \u00faltimo pleno, todas las fuerzas pol\u00edticas un\u00e1nimemente han establecido un programa de actuaciones a largo plazo en los barrios del Bes\u00f2s, el Maresme y Sant Mart\u00ed.\u00a0No es otra cosa que el gesto de quien se da cuenta del olvido cuando se avecinan las elecciones municipales, y se hace lo que resulta m\u00e1s f\u00e1cil: un\u00a0<\/span><strong><span>plan a largo plazo<\/span><\/strong><span>.<\/span><\/p>\n<p><span><span class=\"goog-text-highlight\">La realidad es que la situaci\u00f3n social de los barrios ha empeorado y no solo de los perif\u00e9ricos, basta con ver lo que ocurre en el Raval, en el G\u00f2tic, la Barceloneta, incluso en Gr\u00e0cia para constatar c\u00f3mo se degradan las concisiones ambientales que son las que en definitiva terminan determinando el bienestar, tambi\u00e9n econ\u00f3mico, de cada territorio. <\/span>Porque la degradaci\u00f3n ambiental comporta tambi\u00e9n deterioro econ\u00f3mico.<\/span><\/p>\n","protected":false},"excerpt":{"rendered":"<p>Colau ha vivido, en parte lo hace a\u00fan, de las rentas de unos mitos.\u00a0Uno de ellos muy importante el de\u00a0defensora de la vivienda\u00a0al alcance de la gente.\u00a0Es p\u00fablico y notorio, es decir, ya no es noticia, que ha fracasado tajantemente en la construcci\u00f3n de nueva vivienda p\u00fablica, pero es que adem\u00e1s tambi\u00e9n lo ha hecho en toda la serie de pol\u00edticas dirigidas a que hubiera m\u00e1s viviendas sociales de alquiler, aunque \u00e9sta fuera de promoci\u00f3n privada. Sin embargo, el resultado es a\u00fan peor porque no es que en Barcelona el piso social vaya muy escaso, hasta el extremo de que Ada Colau utilice contenedores como sustituto, sino que es la oferta de pisos y el coste del alquiler lo que est\u00e1 asfixiando a la poblaci\u00f3n. Barcelona encabeza el\u00a0aumento del coste del alquiler de toda Espa\u00f1a y al mismo tiempo la reducci\u00f3n de la oferta.\u00a0Ambas magnitudes est\u00e1n relacionadas: a menor oferta m\u00e1s coste.\u00a0Tanto el portal Idealista como Fotocasa se\u00f1alan que el aumento del alquiler puede estar en torno al 18-20% y que la oferta de nuevos pisos ha ca\u00eddo el 60%.\u00a0Si a estos hechos, fruto de las pol\u00edticas equivocadas llevadas a cabo por Ada Colau, con la ayuda decisiva de la legislaci\u00f3n de la Generalitat de Pere Aragon\u00e8s, se le a\u00f1ade la vuelta de los turistas, los estudiantes y el final del teletrabajo, el resultado es que nunca como ahora, al final del mandato de Colau, la vivienda ha sido un bien tan escaso y caro en Barcelona. Deber\u00edamos retroceder muchas d\u00e9cada en el tiempo para encontrar un escenario similar, con una diferencia radical, entonces, de mejor o peor calidad, hab\u00eda una importante producci\u00f3n de las denominadas viviendas protegidas, las que hoy denominamos sociales, que ahora no existen. La segunda caracter\u00edstica del mito de Colau ha sido que impulsaba la\u00a0justicia social a escala de barrios, velando para que los que se encontraban con mayores dificultades pudieran emerger. La estad\u00edstica se\u00f1ala que no es as\u00ed.\u00a0Las diferencias han crecido en lugar de reducirse, algo que evidentemente no es de la responsabilidad de Colau porque las crisis han castigado m\u00e1s a unos que a otros, pero lo que s\u00ed es responsabilidad suya es el olvido de los barrios peor situados y concretamente todos los del eje del Bes\u00f2s. Qu\u00e9 mayor contradicci\u00f3n, Colau fija su atenci\u00f3n y quiere situar sus elementos emblem\u00e1ticos y, por tanto el gasto, en el Eixample, con las manzanas y el tranv\u00eda, al tiempo que se ha olvidado del Bes\u00f2s. Ahora a toda prisa y en el \u00faltimo pleno, todas las fuerzas pol\u00edticas un\u00e1nimemente han establecido un programa de actuaciones a largo plazo en los barrios del Bes\u00f2s, el Maresme y Sant Mart\u00ed.\u00a0No es otra cosa que el gesto de quien se da cuenta del olvido cuando se avecinan las elecciones municipales, y se hace lo que resulta m\u00e1s f\u00e1cil: un\u00a0plan a largo plazo. La realidad es que la situaci\u00f3n social de los barrios ha empeorado y no solo de los perif\u00e9ricos, basta con ver lo que ocurre en el Raval, en el G\u00f2tic, la Barceloneta, incluso en Gr\u00e0cia para constatar c\u00f3mo se degradan las concisiones ambientales que son las que en definitiva terminan determinando el bienestar, tambi\u00e9n econ\u00f3mico, de cada territorio. Porque la degradaci\u00f3n ambiental comporta tambi\u00e9n deterioro econ\u00f3mico.<\/p>\n","protected":false},"author":2,"featured_media":59569,"comment_status":"open","ping_status":"open","sticky":false,"template":"","format":"standard","meta":{"_FSMCFIC_featured_image_caption":"","_FSMCFIC_featured_image_nocaption":"","_FSMCFIC_featured_image_hide":"","footnotes":""},"categories":[3787,806],"tags":[833,1035],"class_list":["post-59572","post","type-post","status-publish","format-standard","has-post-thumbnail","hentry","category-expedient-barcelona-es","category-punts-claus-del-dia-es","tag-ada-colau-es","tag-vivienda"],"yoast_head":"<!-- This site is optimized with the Yoast SEO plugin v26.8 - https:\/\/yoast.com\/product\/yoast-seo-wordpress\/ -->\n<title>Todos los mitos de Ada Colau se han deshinchado - Converses a Catalunya<\/title>\n<meta name=\"robots\" content=\"index, follow, max-snippet:-1, max-image-preview:large, max-video-preview:-1\" \/>\n<link rel=\"canonical\" href=\"https:\/\/conversesacatalunya.cat\/es\/todos-los-mitos-de-ada-colau-se-han-deshinchado\/\" \/>\n<meta property=\"og:locale\" content=\"es_ES\" \/>\n<meta property=\"og:type\" content=\"article\" \/>\n<meta property=\"og:title\" content=\"Todos los mitos de Ada Colau se han deshinchado - Converses a Catalunya\" \/>\n<meta property=\"og:description\" content=\"Colau ha vivido, en parte lo hace a\u00fan, de las rentas de unos mitos.\u00a0Uno de ellos muy importante el de\u00a0defensora de la vivienda\u00a0al alcance de la gente.\u00a0Es p\u00fablico y notorio, es decir, ya no es noticia, que ha fracasado tajantemente en la construcci\u00f3n de nueva vivienda p\u00fablica, pero es que adem\u00e1s tambi\u00e9n lo ha hecho en toda la serie de pol\u00edticas dirigidas a que hubiera m\u00e1s viviendas sociales de alquiler, aunque \u00e9sta fuera de promoci\u00f3n privada. Sin embargo, el resultado es a\u00fan peor porque no es que en Barcelona el piso social vaya muy escaso, hasta el extremo de que Ada Colau utilice contenedores como sustituto, sino que es la oferta de pisos y el coste del alquiler lo que est\u00e1 asfixiando a la poblaci\u00f3n. Barcelona encabeza el\u00a0aumento del coste del alquiler de toda Espa\u00f1a y al mismo tiempo la reducci\u00f3n de la oferta.\u00a0Ambas magnitudes est\u00e1n relacionadas: a menor oferta m\u00e1s coste.\u00a0Tanto el portal Idealista como Fotocasa se\u00f1alan que el aumento del alquiler puede estar en torno al 18-20% y que la oferta de nuevos pisos ha ca\u00eddo el 60%.\u00a0Si a estos hechos, fruto de las pol\u00edticas equivocadas llevadas a cabo por Ada Colau, con la ayuda decisiva de la legislaci\u00f3n de la Generalitat de Pere Aragon\u00e8s, se le a\u00f1ade la vuelta de los turistas, los estudiantes y el final del teletrabajo, el resultado es que nunca como ahora, al final del mandato de Colau, la vivienda ha sido un bien tan escaso y caro en Barcelona. Deber\u00edamos retroceder muchas d\u00e9cada en el tiempo para encontrar un escenario similar, con una diferencia radical, entonces, de mejor o peor calidad, hab\u00eda una importante producci\u00f3n de las denominadas viviendas protegidas, las que hoy denominamos sociales, que ahora no existen. La segunda caracter\u00edstica del mito de Colau ha sido que impulsaba la\u00a0justicia social a escala de barrios, velando para que los que se encontraban con mayores dificultades pudieran emerger. La estad\u00edstica se\u00f1ala que no es as\u00ed.\u00a0Las diferencias han crecido en lugar de reducirse, algo que evidentemente no es de la responsabilidad de Colau porque las crisis han castigado m\u00e1s a unos que a otros, pero lo que s\u00ed es responsabilidad suya es el olvido de los barrios peor situados y concretamente todos los del eje del Bes\u00f2s. Qu\u00e9 mayor contradicci\u00f3n, Colau fija su atenci\u00f3n y quiere situar sus elementos emblem\u00e1ticos y, por tanto el gasto, en el Eixample, con las manzanas y el tranv\u00eda, al tiempo que se ha olvidado del Bes\u00f2s. Ahora a toda prisa y en el \u00faltimo pleno, todas las fuerzas pol\u00edticas un\u00e1nimemente han establecido un programa de actuaciones a largo plazo en los barrios del Bes\u00f2s, el Maresme y Sant Mart\u00ed.\u00a0No es otra cosa que el gesto de quien se da cuenta del olvido cuando se avecinan las elecciones municipales, y se hace lo que resulta m\u00e1s f\u00e1cil: un\u00a0plan a largo plazo. La realidad es que la situaci\u00f3n social de los barrios ha empeorado y no solo de los perif\u00e9ricos, basta con ver lo que ocurre en el Raval, en el G\u00f2tic, la Barceloneta, incluso en Gr\u00e0cia para constatar c\u00f3mo se degradan las concisiones ambientales que son las que en definitiva terminan determinando el bienestar, tambi\u00e9n econ\u00f3mico, de cada territorio. Porque la degradaci\u00f3n ambiental comporta tambi\u00e9n deterioro econ\u00f3mico.\" \/>\n<meta property=\"og:url\" content=\"https:\/\/conversesacatalunya.cat\/es\/todos-los-mitos-de-ada-colau-se-han-deshinchado\/\" \/>\n<meta property=\"og:site_name\" content=\"Converses a Catalunya\" \/>\n<meta property=\"article:published_time\" content=\"2022-07-25T09:51:07+00:00\" \/>\n<meta property=\"article:modified_time\" content=\"2022-07-25T10:31:21+00:00\" \/>\n<meta property=\"og:image\" content=\"https:\/\/conversesacatalunya.cat\/wp-content\/uploads\/2022\/07\/pisos-pastera.jpg\" \/>\n\t<meta property=\"og:image:width\" content=\"1200\" \/>\n\t<meta property=\"og:image:height\" content=\"800\" \/>\n\t<meta property=\"og:image:type\" content=\"image\/jpeg\" \/>\n<meta name=\"author\" content=\"conversesacatalunya\" \/>\n<meta name=\"twitter:card\" content=\"summary_large_image\" \/>\n<meta name=\"twitter:label1\" content=\"Escrito por\" \/>\n\t<meta name=\"twitter:data1\" content=\"conversesacatalunya\" \/>\n\t<meta name=\"twitter:label2\" content=\"Tiempo de lectura\" \/>\n\t<meta name=\"twitter:data2\" content=\"3 minutos\" \/>\n<script type=\"application\/ld+json\" class=\"yoast-schema-graph\">{\"@context\":\"https:\/\/schema.org\",\"@graph\":[{\"@type\":\"Article\",\"@id\":\"https:\/\/conversesacatalunya.cat\/es\/todos-los-mitos-de-ada-colau-se-han-deshinchado\/#article\",\"isPartOf\":{\"@id\":\"https:\/\/conversesacatalunya.cat\/es\/todos-los-mitos-de-ada-colau-se-han-deshinchado\/\"},\"author\":{\"name\":\"conversesacatalunya\",\"@id\":\"https:\/\/conversesacatalunya.cat\/#\/schema\/person\/7e24d1e54a2785373ddcb275eae5ed99\"},\"headline\":\"Todos los mitos de Ada Colau se han deshinchado\",\"datePublished\":\"2022-07-25T09:51:07+00:00\",\"dateModified\":\"2022-07-25T10:31:21+00:00\",\"mainEntityOfPage\":{\"@id\":\"https:\/\/conversesacatalunya.cat\/es\/todos-los-mitos-de-ada-colau-se-han-deshinchado\/\"},\"wordCount\":609,\"commentCount\":0,\"image\":{\"@id\":\"https:\/\/conversesacatalunya.cat\/es\/todos-los-mitos-de-ada-colau-se-han-deshinchado\/#primaryimage\"},\"thumbnailUrl\":\"https:\/\/conversesacatalunya.cat\/wp-content\/uploads\/2022\/07\/pisos-pastera.jpg\",\"keywords\":[\"Ada Colau\",\"vivienda\"],\"articleSection\":[\"Expedient Barcelona (ES)\",\"Punts clau del dia (ES)\"],\"inLanguage\":\"es\",\"potentialAction\":[{\"@type\":\"CommentAction\",\"name\":\"Comment\",\"target\":[\"https:\/\/conversesacatalunya.cat\/es\/todos-los-mitos-de-ada-colau-se-han-deshinchado\/#respond\"]}]},{\"@type\":\"WebPage\",\"@id\":\"https:\/\/conversesacatalunya.cat\/es\/todos-los-mitos-de-ada-colau-se-han-deshinchado\/\",\"url\":\"https:\/\/conversesacatalunya.cat\/es\/todos-los-mitos-de-ada-colau-se-han-deshinchado\/\",\"name\":\"Todos los mitos de Ada Colau se han deshinchado - Converses a Catalunya\",\"isPartOf\":{\"@id\":\"https:\/\/conversesacatalunya.cat\/#website\"},\"primaryImageOfPage\":{\"@id\":\"https:\/\/conversesacatalunya.cat\/es\/todos-los-mitos-de-ada-colau-se-han-deshinchado\/#primaryimage\"},\"image\":{\"@id\":\"https:\/\/conversesacatalunya.cat\/es\/todos-los-mitos-de-ada-colau-se-han-deshinchado\/#primaryimage\"},\"thumbnailUrl\":\"https:\/\/conversesacatalunya.cat\/wp-content\/uploads\/2022\/07\/pisos-pastera.jpg\",\"datePublished\":\"2022-07-25T09:51:07+00:00\",\"dateModified\":\"2022-07-25T10:31:21+00:00\",\"author\":{\"@id\":\"https:\/\/conversesacatalunya.cat\/#\/schema\/person\/7e24d1e54a2785373ddcb275eae5ed99\"},\"breadcrumb\":{\"@id\":\"https:\/\/conversesacatalunya.cat\/es\/todos-los-mitos-de-ada-colau-se-han-deshinchado\/#breadcrumb\"},\"inLanguage\":\"es\",\"potentialAction\":[{\"@type\":\"ReadAction\",\"target\":[\"https:\/\/conversesacatalunya.cat\/es\/todos-los-mitos-de-ada-colau-se-han-deshinchado\/\"]}]},{\"@type\":\"ImageObject\",\"inLanguage\":\"es\",\"@id\":\"https:\/\/conversesacatalunya.cat\/es\/todos-los-mitos-de-ada-colau-se-han-deshinchado\/#primaryimage\",\"url\":\"https:\/\/conversesacatalunya.cat\/wp-content\/uploads\/2022\/07\/pisos-pastera.jpg\",\"contentUrl\":\"https:\/\/conversesacatalunya.cat\/wp-content\/uploads\/2022\/07\/pisos-pastera.jpg\",\"width\":1200,\"height\":800},{\"@type\":\"BreadcrumbList\",\"@id\":\"https:\/\/conversesacatalunya.cat\/es\/todos-los-mitos-de-ada-colau-se-han-deshinchado\/#breadcrumb\",\"itemListElement\":[{\"@type\":\"ListItem\",\"position\":1,\"name\":\"Inici\",\"item\":\"https:\/\/conversesacatalunya.cat\/es\/\"},{\"@type\":\"ListItem\",\"position\":2,\"name\":\"Todos los mitos de Ada Colau se han deshinchado\"}]},{\"@type\":\"WebSite\",\"@id\":\"https:\/\/conversesacatalunya.cat\/#website\",\"url\":\"https:\/\/conversesacatalunya.cat\/\",\"name\":\"Converses a Catalunya\",\"description\":\"\",\"potentialAction\":[{\"@type\":\"SearchAction\",\"target\":{\"@type\":\"EntryPoint\",\"urlTemplate\":\"https:\/\/conversesacatalunya.cat\/?s={search_term_string}\"},\"query-input\":{\"@type\":\"PropertyValueSpecification\",\"valueRequired\":true,\"valueName\":\"search_term_string\"}}],\"inLanguage\":\"es\"},{\"@type\":\"Person\",\"@id\":\"https:\/\/conversesacatalunya.cat\/#\/schema\/person\/7e24d1e54a2785373ddcb275eae5ed99\",\"name\":\"conversesacatalunya\",\"image\":{\"@type\":\"ImageObject\",\"inLanguage\":\"es\",\"@id\":\"https:\/\/conversesacatalunya.cat\/#\/schema\/person\/image\/\",\"url\":\"https:\/\/conversesacatalunya.cat\/wp-content\/litespeed\/avatar\/febdfeeec89d950f01c748045a981dd2.jpg?ver=1777314535\",\"contentUrl\":\"https:\/\/conversesacatalunya.cat\/wp-content\/litespeed\/avatar\/febdfeeec89d950f01c748045a981dd2.jpg?ver=1777314535\",\"caption\":\"conversesacatalunya\"},\"url\":\"https:\/\/conversesacatalunya.cat\/es\/author\/carme_catala\/\"}]}<\/script>\n<!-- \/ Yoast SEO plugin. -->","yoast_head_json":{"title":"Todos los mitos de Ada Colau se han deshinchado - Converses a Catalunya","robots":{"index":"index","follow":"follow","max-snippet":"max-snippet:-1","max-image-preview":"max-image-preview:large","max-video-preview":"max-video-preview:-1"},"canonical":"https:\/\/conversesacatalunya.cat\/es\/todos-los-mitos-de-ada-colau-se-han-deshinchado\/","og_locale":"es_ES","og_type":"article","og_title":"Todos los mitos de Ada Colau se han deshinchado - Converses a Catalunya","og_description":"Colau ha vivido, en parte lo hace a\u00fan, de las rentas de unos mitos.\u00a0Uno de ellos muy importante el de\u00a0defensora de la vivienda\u00a0al alcance de la gente.\u00a0Es p\u00fablico y notorio, es decir, ya no es noticia, que ha fracasado tajantemente en la construcci\u00f3n de nueva vivienda p\u00fablica, pero es que adem\u00e1s tambi\u00e9n lo ha hecho en toda la serie de pol\u00edticas dirigidas a que hubiera m\u00e1s viviendas sociales de alquiler, aunque \u00e9sta fuera de promoci\u00f3n privada. Sin embargo, el resultado es a\u00fan peor porque no es que en Barcelona el piso social vaya muy escaso, hasta el extremo de que Ada Colau utilice contenedores como sustituto, sino que es la oferta de pisos y el coste del alquiler lo que est\u00e1 asfixiando a la poblaci\u00f3n. Barcelona encabeza el\u00a0aumento del coste del alquiler de toda Espa\u00f1a y al mismo tiempo la reducci\u00f3n de la oferta.\u00a0Ambas magnitudes est\u00e1n relacionadas: a menor oferta m\u00e1s coste.\u00a0Tanto el portal Idealista como Fotocasa se\u00f1alan que el aumento del alquiler puede estar en torno al 18-20% y que la oferta de nuevos pisos ha ca\u00eddo el 60%.\u00a0Si a estos hechos, fruto de las pol\u00edticas equivocadas llevadas a cabo por Ada Colau, con la ayuda decisiva de la legislaci\u00f3n de la Generalitat de Pere Aragon\u00e8s, se le a\u00f1ade la vuelta de los turistas, los estudiantes y el final del teletrabajo, el resultado es que nunca como ahora, al final del mandato de Colau, la vivienda ha sido un bien tan escaso y caro en Barcelona. Deber\u00edamos retroceder muchas d\u00e9cada en el tiempo para encontrar un escenario similar, con una diferencia radical, entonces, de mejor o peor calidad, hab\u00eda una importante producci\u00f3n de las denominadas viviendas protegidas, las que hoy denominamos sociales, que ahora no existen. La segunda caracter\u00edstica del mito de Colau ha sido que impulsaba la\u00a0justicia social a escala de barrios, velando para que los que se encontraban con mayores dificultades pudieran emerger. La estad\u00edstica se\u00f1ala que no es as\u00ed.\u00a0Las diferencias han crecido en lugar de reducirse, algo que evidentemente no es de la responsabilidad de Colau porque las crisis han castigado m\u00e1s a unos que a otros, pero lo que s\u00ed es responsabilidad suya es el olvido de los barrios peor situados y concretamente todos los del eje del Bes\u00f2s. Qu\u00e9 mayor contradicci\u00f3n, Colau fija su atenci\u00f3n y quiere situar sus elementos emblem\u00e1ticos y, por tanto el gasto, en el Eixample, con las manzanas y el tranv\u00eda, al tiempo que se ha olvidado del Bes\u00f2s. Ahora a toda prisa y en el \u00faltimo pleno, todas las fuerzas pol\u00edticas un\u00e1nimemente han establecido un programa de actuaciones a largo plazo en los barrios del Bes\u00f2s, el Maresme y Sant Mart\u00ed.\u00a0No es otra cosa que el gesto de quien se da cuenta del olvido cuando se avecinan las elecciones municipales, y se hace lo que resulta m\u00e1s f\u00e1cil: un\u00a0plan a largo plazo. La realidad es que la situaci\u00f3n social de los barrios ha empeorado y no solo de los perif\u00e9ricos, basta con ver lo que ocurre en el Raval, en el G\u00f2tic, la Barceloneta, incluso en Gr\u00e0cia para constatar c\u00f3mo se degradan las concisiones ambientales que son las que en definitiva terminan determinando el bienestar, tambi\u00e9n econ\u00f3mico, de cada territorio. Porque la degradaci\u00f3n ambiental comporta tambi\u00e9n deterioro econ\u00f3mico.","og_url":"https:\/\/conversesacatalunya.cat\/es\/todos-los-mitos-de-ada-colau-se-han-deshinchado\/","og_site_name":"Converses a Catalunya","article_published_time":"2022-07-25T09:51:07+00:00","article_modified_time":"2022-07-25T10:31:21+00:00","og_image":[{"width":1200,"height":800,"url":"https:\/\/conversesacatalunya.cat\/wp-content\/uploads\/2022\/07\/pisos-pastera.jpg","type":"image\/jpeg"}],"author":"conversesacatalunya","twitter_card":"summary_large_image","twitter_misc":{"Escrito por":"conversesacatalunya","Tiempo de lectura":"3 minutos"},"schema":{"@context":"https:\/\/schema.org","@graph":[{"@type":"Article","@id":"https:\/\/conversesacatalunya.cat\/es\/todos-los-mitos-de-ada-colau-se-han-deshinchado\/#article","isPartOf":{"@id":"https:\/\/conversesacatalunya.cat\/es\/todos-los-mitos-de-ada-colau-se-han-deshinchado\/"},"author":{"name":"conversesacatalunya","@id":"https:\/\/conversesacatalunya.cat\/#\/schema\/person\/7e24d1e54a2785373ddcb275eae5ed99"},"headline":"Todos los mitos de Ada Colau se han deshinchado","datePublished":"2022-07-25T09:51:07+00:00","dateModified":"2022-07-25T10:31:21+00:00","mainEntityOfPage":{"@id":"https:\/\/conversesacatalunya.cat\/es\/todos-los-mitos-de-ada-colau-se-han-deshinchado\/"},"wordCount":609,"commentCount":0,"image":{"@id":"https:\/\/conversesacatalunya.cat\/es\/todos-los-mitos-de-ada-colau-se-han-deshinchado\/#primaryimage"},"thumbnailUrl":"https:\/\/conversesacatalunya.cat\/wp-content\/uploads\/2022\/07\/pisos-pastera.jpg","keywords":["Ada Colau","vivienda"],"articleSection":["Expedient Barcelona (ES)","Punts clau del dia (ES)"],"inLanguage":"es","potentialAction":[{"@type":"CommentAction","name":"Comment","target":["https:\/\/conversesacatalunya.cat\/es\/todos-los-mitos-de-ada-colau-se-han-deshinchado\/#respond"]}]},{"@type":"WebPage","@id":"https:\/\/conversesacatalunya.cat\/es\/todos-los-mitos-de-ada-colau-se-han-deshinchado\/","url":"https:\/\/conversesacatalunya.cat\/es\/todos-los-mitos-de-ada-colau-se-han-deshinchado\/","name":"Todos los mitos de Ada Colau se han deshinchado - Converses a Catalunya","isPartOf":{"@id":"https:\/\/conversesacatalunya.cat\/#website"},"primaryImageOfPage":{"@id":"https:\/\/conversesacatalunya.cat\/es\/todos-los-mitos-de-ada-colau-se-han-deshinchado\/#primaryimage"},"image":{"@id":"https:\/\/conversesacatalunya.cat\/es\/todos-los-mitos-de-ada-colau-se-han-deshinchado\/#primaryimage"},"thumbnailUrl":"https:\/\/conversesacatalunya.cat\/wp-content\/uploads\/2022\/07\/pisos-pastera.jpg","datePublished":"2022-07-25T09:51:07+00:00","dateModified":"2022-07-25T10:31:21+00:00","author":{"@id":"https:\/\/conversesacatalunya.cat\/#\/schema\/person\/7e24d1e54a2785373ddcb275eae5ed99"},"breadcrumb":{"@id":"https:\/\/conversesacatalunya.cat\/es\/todos-los-mitos-de-ada-colau-se-han-deshinchado\/#breadcrumb"},"inLanguage":"es","potentialAction":[{"@type":"ReadAction","target":["https:\/\/conversesacatalunya.cat\/es\/todos-los-mitos-de-ada-colau-se-han-deshinchado\/"]}]},{"@type":"ImageObject","inLanguage":"es","@id":"https:\/\/conversesacatalunya.cat\/es\/todos-los-mitos-de-ada-colau-se-han-deshinchado\/#primaryimage","url":"https:\/\/conversesacatalunya.cat\/wp-content\/uploads\/2022\/07\/pisos-pastera.jpg","contentUrl":"https:\/\/conversesacatalunya.cat\/wp-content\/uploads\/2022\/07\/pisos-pastera.jpg","width":1200,"height":800},{"@type":"BreadcrumbList","@id":"https:\/\/conversesacatalunya.cat\/es\/todos-los-mitos-de-ada-colau-se-han-deshinchado\/#breadcrumb","itemListElement":[{"@type":"ListItem","position":1,"name":"Inici","item":"https:\/\/conversesacatalunya.cat\/es\/"},{"@type":"ListItem","position":2,"name":"Todos los mitos de Ada Colau se han deshinchado"}]},{"@type":"WebSite","@id":"https:\/\/conversesacatalunya.cat\/#website","url":"https:\/\/conversesacatalunya.cat\/","name":"Converses a Catalunya","description":"","potentialAction":[{"@type":"SearchAction","target":{"@type":"EntryPoint","urlTemplate":"https:\/\/conversesacatalunya.cat\/?s={search_term_string}"},"query-input":{"@type":"PropertyValueSpecification","valueRequired":true,"valueName":"search_term_string"}}],"inLanguage":"es"},{"@type":"Person","@id":"https:\/\/conversesacatalunya.cat\/#\/schema\/person\/7e24d1e54a2785373ddcb275eae5ed99","name":"conversesacatalunya","image":{"@type":"ImageObject","inLanguage":"es","@id":"https:\/\/conversesacatalunya.cat\/#\/schema\/person\/image\/","url":"https:\/\/conversesacatalunya.cat\/wp-content\/litespeed\/avatar\/febdfeeec89d950f01c748045a981dd2.jpg?ver=1777314535","contentUrl":"https:\/\/conversesacatalunya.cat\/wp-content\/litespeed\/avatar\/febdfeeec89d950f01c748045a981dd2.jpg?ver=1777314535","caption":"conversesacatalunya"},"url":"https:\/\/conversesacatalunya.cat\/es\/author\/carme_catala\/"}]}},"wps_subtitle":"","_links":{"self":[{"href":"https:\/\/conversesacatalunya.cat\/es\/wp-json\/wp\/v2\/posts\/59572","targetHints":{"allow":["GET"]}}],"collection":[{"href":"https:\/\/conversesacatalunya.cat\/es\/wp-json\/wp\/v2\/posts"}],"about":[{"href":"https:\/\/conversesacatalunya.cat\/es\/wp-json\/wp\/v2\/types\/post"}],"author":[{"embeddable":true,"href":"https:\/\/conversesacatalunya.cat\/es\/wp-json\/wp\/v2\/users\/2"}],"replies":[{"embeddable":true,"href":"https:\/\/conversesacatalunya.cat\/es\/wp-json\/wp\/v2\/comments?post=59572"}],"version-history":[{"count":2,"href":"https:\/\/conversesacatalunya.cat\/es\/wp-json\/wp\/v2\/posts\/59572\/revisions"}],"predecessor-version":[{"id":59574,"href":"https:\/\/conversesacatalunya.cat\/es\/wp-json\/wp\/v2\/posts\/59572\/revisions\/59574"}],"wp:featuredmedia":[{"embeddable":true,"href":"https:\/\/conversesacatalunya.cat\/es\/wp-json\/wp\/v2\/media\/59569"}],"wp:attachment":[{"href":"https:\/\/conversesacatalunya.cat\/es\/wp-json\/wp\/v2\/media?parent=59572"}],"wp:term":[{"taxonomy":"category","embeddable":true,"href":"https:\/\/conversesacatalunya.cat\/es\/wp-json\/wp\/v2\/categories?post=59572"},{"taxonomy":"post_tag","embeddable":true,"href":"https:\/\/conversesacatalunya.cat\/es\/wp-json\/wp\/v2\/tags?post=59572"}],"curies":[{"name":"wp","href":"https:\/\/api.w.org\/{rel}","templated":true}]}}