{"id":59316,"date":"2022-07-15T12:08:56","date_gmt":"2022-07-15T10:08:56","guid":{"rendered":"https:\/\/conversesacatalunya.cat\/catalunya-la-gran-absent-de-la-politica-espanyola\/"},"modified":"2022-07-15T12:45:43","modified_gmt":"2022-07-15T10:45:43","slug":"cataluna-la-gran-ausente-de-la-politica-espanola","status":"publish","type":"post","link":"https:\/\/conversesacatalunya.cat\/es\/cataluna-la-gran-ausente-de-la-politica-espanola\/","title":{"rendered":"Catalu\u00f1a la gran ausente de la pol\u00edtica espa\u00f1ola"},"content":{"rendered":"<p><span>Detr\u00e1s de las gracias y desgracias de la\u00a0<\/span><strong><span>mesa de di\u00e1logo<\/span><\/strong><span>\u00a0y del futuro de Puigdemont, la realidad nos muestra que Catalu\u00f1a ha desaparecido de la agenda pol\u00edtica espa\u00f1ola.\u00a0De ser una cuesti\u00f3n crucial que sobrepasaba fronteras a la nada m\u00e1s absoluta.\u00a0\u00bfC\u00f3mo ha sido posible esa evoluci\u00f3n?\u00a0Sobre todo si la comparamos con lo que ocurre con el Pa\u00eds Vasco, que sin declaraciones de independencia, ni grandes rasgaduras de vestiduras, ni grandes griter\u00edos logra estar permanentemente con sus temas en la agenda del gobierno espa\u00f1ol. Y esto a pesar de su mucho m\u00e1s reducido peso econ\u00f3mico.<\/span><\/p>\n<p><span>Cabe recordar que econ\u00f3micamente el conjunto de Euskadi es poco m\u00e1s que el de la ciudad de Barcelona y es que no todo es econom\u00eda cruda y pelada, pese a su importancia, sino que resulta decisiva su eficacia pol\u00edtica.\u00a0Y aqu\u00ed el esc\u00e1ndalo es a\u00fan mayor, el PNV, que lleva el peso de la agenda pol\u00edtica vasca, tiene menos diputados que la mitad de los que configuran los dos partidos que gobiernan la Generalitat.\u00a0En el reciente debate de la naci\u00f3n el\u00a0<\/span><strong><span>papel de ERC<\/span><\/strong><span>, la fuerza pol\u00edtica del presidente de la Generalitat, super\u00f3 todos los l\u00edmites de la\u00a0<\/span><strong><span>inutilidad pol\u00edtica <\/span><\/strong><span>devorados por las actitudes istrig\u00e1micas de Rufi\u00e1n, que adem\u00e1s por su reiteraci\u00f3n ya no sorprenden a nadie.\u00a0La forma se come el contenido, y el contenido poco tiene que ver con lo que necesita, una voz que formule el punto de vista catal\u00e1n. \u00bfY qu\u00e9 decir de la debilidad de la voz de la representante de JxCat, L\u00eddia Noguera?<\/span><\/p>\n<p><span>Y no ser\u00e1 que no existan grandes cuestiones.\u00a0Aragon\u00e8s manifestaba a mediados de junio, o sea hace menos de un mes, su gran malestar por las <\/span><strong><span>inversiones del estado en Catalu\u00f1a<\/span><\/strong><span>.\u00a0Pero llegada la hora de la verdad esta cuesti\u00f3n desaparece del escenario del Congreso y de las exigencias del gobierno.\u00a0Porque de lo que se trataba era del \u201cestado de la naci\u00f3n\u201d no de las nuevas medidas para la crisis que a S\u00e1nchez se le hab\u00edan ocurrido.\u00a0<span class=\"goog-text-highlight\">Y en este estado de la naci\u00f3n era necesario recordar que Catalunya s\u00f3lo recibe 1 de cada 3 euros comprometidos presupuestariamente, mientras que Madrid ha recibido 6 de cada 3. O que tenemos un d\u00e9ficit estructural de 233 millones en el r\u00e9gimen tarifario del transporte.\u00a0<\/span>O m\u00e1s importante a\u00fan, el eterno traspaso de Cercan\u00edas.\u00a0Y si vamos a mayores cifras podemos se\u00f1alar los 12.000 millones que la propia Generalitat establec\u00eda como d\u00e9ficit de la inversi\u00f3n del estado desde el 2009. Y eso lo dec\u00eda hace 3 semanas.<\/span><\/p>\n<p><span>Pero al llegar al Congreso se les olvida.\u00a0Como se le olvida la larga lista de <\/span><strong><span>obras inacabadas <\/span><\/strong><span>que se extienden en el tiempo.\u00a0Es el caso del acceso al puerto que forma parte del Corredor Mediterr\u00e1neo, que deber\u00eda haber terminado en 2018 y que con la previsi\u00f3n actual no lo har\u00e1 hasta 2030. O la estaci\u00f3n de la Sagrera que no tiene fecha para su puesta a punto, pese a que los trenes ya pasan por all\u00ed.\u00a0O las obras de Sant Andreu Comtal que se han retrasado 14 a\u00f1os.\u00a0O el ferrocarril de Sant Feliu que se iniciaron en 2018, 3 a\u00f1os despu\u00e9s de redactar el proyecto.\u00a0O el gran handicap en el corredor ferroviario que son los tramos Vila-seca-Castellbisbal y Castell\u00f3-Vandell\u00f2s y Tortosa, que con suerte no estar\u00e1n listos hasta el 2024, despu\u00e9s de d\u00e9cadas de retraso.\u00a0O la eterna obra de la Ronda Litoral a la altura de Sant Boi que se inici\u00f3 en 2008 y que no tiene fecha de finalizaci\u00f3n.\u00a0Para m\u00e1s escarnio ahora que la autopista va saturada tras levantar los peajes,\u00a0tampoco tiene fecha de finalizaci\u00f3n la N-II de Ma\u00e7anet en La Jonquera;\u00a0es m\u00e1s, hay serias dudas de que se realice\u2026 precisamente porque la autopista ahora est\u00e1 libre de peaje.\u00a0O la autov\u00eda Valls-Montblanc que tambi\u00e9n lleva m\u00e1s de 10 a\u00f1os de retraso.\u00a0Y as\u00ed podr\u00edamos ir siguiendo y siguiendo, porque el desastre es extraordinario.<\/span><\/p>\n<p><span>Pero nada de todo esto forma parte del\u00a0<\/span><strong><span>debate pol\u00edtico espa\u00f1ol<\/span><\/strong><span>, como no forma parte la revisi\u00f3n del sistema fiscal pendiente desde 2014, y ni una palabra sobre el famoso\u00a0<\/span><strong><span>d\u00e9ficit fiscal catal\u00e1n<\/span><\/strong><span>\u00a0que gracias al esfuerzo del independentismo ha pasado a mejor vida.\u00a0Y no es s\u00f3lo en el terreno de la financiaci\u00f3n, la inversi\u00f3n y las infraestructuras, es que existen otras cuestiones que resultan inexplicables.\u00a0<span class=\"goog-text-highlight\">Por ejemplo, \u00bfc\u00f3mo es posible que Catalu\u00f1a sea, despu\u00e9s de la extens\u00edsima Castilla-Le\u00f3n, la segunda comunidad aut\u00f3noma que tiene m\u00e1s municipios, y sobre todo m\u00e1s personas, casi 100.000, que no tienen acceso a ning\u00fan servicio bancario presencial? <\/span>Andaluc\u00eda, mucho m\u00e1s rural y poblada que Catalu\u00f1a, s\u00f3lo tiene en estas condiciones a 14.000 personas.<\/span><\/p>\n<p><span>Se mire por donde se mire, la\u00a0<\/span><strong><span>pol\u00edtica espa\u00f1ola en Catalunya es un desastre,<\/span><\/strong><span>\u00a0fruto de la incapacidad e impotencia de los gobernantes catalanes, para situarla en la agenda pol\u00edtica espa\u00f1ola.\u00a0Ellos son la mejor expresi\u00f3n de lo que afirma Marx (y ustedes ya entender\u00e1n a cu\u00e1l de ellos me refiero) cuando define la pol\u00edtica como \u201cel arte de buscar problemas, encontrarlos, realizar un diagn\u00f3stico falso y aplicar despu\u00e9s medidas equivocadas \u201d.<\/span><\/p>\n<div class=\"code-block code-block-4\">\n<div class=\"a-single a-17\"><div id=\"polls-160\" class=\"wp-polls\">\n\t<form id=\"polls_form_160\" class=\"wp-polls-form\" action=\"\/index.php\" method=\"post\">\n\t\t<p style=\"display: none;\"><input type=\"hidden\" id=\"poll_160_nonce\" name=\"wp-polls-nonce\" value=\"743873bdb4\" \/><\/p>\n\t\t<p style=\"display: none;\"><input type=\"hidden\" name=\"poll_id\" value=\"160\" \/><\/p>\n\t\t<p style=\"text-align: center\"><strong>Creus que les mesures del govern S\u00e1nchez s\u00f3n eficaces per pal\u00b7liar l'impacte de la inflaci\u00f3?<\/strong><\/p><div id=\"polls-160-ans\" class=\"wp-polls-ans\"><ul class=\"wp-polls-ul\">\n\t\t<li><input type=\"radio\" id=\"poll-answer-419\" name=\"poll_160\" value=\"419\" \/> <label for=\"poll-answer-419\">S\u00ed<\/label><\/li>\n\t\t<li><input type=\"radio\" id=\"poll-answer-420\" name=\"poll_160\" value=\"420\" \/> <label for=\"poll-answer-420\">No<\/label><\/li>\n\t\t<li><input type=\"radio\" id=\"poll-answer-421\" name=\"poll_160\" value=\"421\" \/> <label for=\"poll-answer-421\">No ho s\u00e9<\/label><\/li>\n\t\t<\/ul><p style=\"text-align: center\"><input type=\"button\" name=\"vote\" value=\"   Vota   \" class=\"Buttons\" onclick=\"poll_vote(160);\" \/><\/p><p style=\"text-align: center\"><a href=\"#ViewPollResults\" onclick=\"poll_result(160); return false;\" title=\"View Results Of This Poll\">Mira els resultats<\/a><\/p><\/div>\n\t<\/form>\n<\/div>\n<div id=\"polls-160-loading\" class=\"wp-polls-loading\"><img decoding=\"async\" data-src=\"https:\/\/conversesacatalunya.cat\/wp-content\/plugins\/wp-polls\/images\/loading.gif\" width=\"16\" height=\"16\" alt=\"Cargando ...\" title=\"Cargando ...\" class=\"wp-polls-image lazyload\" src=\"data:image\/svg+xml;base64,PHN2ZyB3aWR0aD0iMSIgaGVpZ2h0PSIxIiB4bWxucz0iaHR0cDovL3d3dy53My5vcmcvMjAwMC9zdmciPjwvc3ZnPg==\" style=\"--smush-placeholder-width: 16px; --smush-placeholder-aspect-ratio: 16\/16;\" \/>&nbsp;Cargando ...<\/div>\n<\/div>\n<\/div>\n","protected":false},"excerpt":{"rendered":"<p>Detr\u00e1s de las gracias y desgracias de la\u00a0mesa de di\u00e1logo\u00a0y del futuro de Puigdemont, la realidad nos muestra que Catalu\u00f1a ha desaparecido de la agenda pol\u00edtica espa\u00f1ola.\u00a0De ser una cuesti\u00f3n crucial que sobrepasaba fronteras a la nada m\u00e1s absoluta.\u00a0\u00bfC\u00f3mo ha sido posible esa evoluci\u00f3n?\u00a0Sobre todo si la comparamos con lo que ocurre con el Pa\u00eds Vasco, que sin declaraciones de independencia, ni grandes rasgaduras de vestiduras, ni grandes griter\u00edos logra estar permanentemente con sus temas en la agenda del gobierno espa\u00f1ol. Y esto a pesar de su mucho m\u00e1s reducido peso econ\u00f3mico. Cabe recordar que econ\u00f3micamente el conjunto de Euskadi es poco m\u00e1s que el de la ciudad de Barcelona y es que no todo es econom\u00eda cruda y pelada, pese a su importancia, sino que resulta decisiva su eficacia pol\u00edtica.\u00a0Y aqu\u00ed el esc\u00e1ndalo es a\u00fan mayor, el PNV, que lleva el peso de la agenda pol\u00edtica vasca, tiene menos diputados que la mitad de los que configuran los dos partidos que gobiernan la Generalitat.\u00a0En el reciente debate de la naci\u00f3n el\u00a0papel de ERC, la fuerza pol\u00edtica del presidente de la Generalitat, super\u00f3 todos los l\u00edmites de la\u00a0inutilidad pol\u00edtica devorados por las actitudes istrig\u00e1micas de Rufi\u00e1n, que adem\u00e1s por su reiteraci\u00f3n ya no sorprenden a nadie.\u00a0La forma se come el contenido, y el contenido poco tiene que ver con lo que necesita, una voz que formule el punto de vista catal\u00e1n. \u00bfY qu\u00e9 decir de la debilidad de la voz de la representante de JxCat, L\u00eddia Noguera? Y no ser\u00e1 que no existan grandes cuestiones.\u00a0Aragon\u00e8s manifestaba a mediados de junio, o sea hace menos de un mes, su gran malestar por las inversiones del estado en Catalu\u00f1a.\u00a0Pero llegada la hora de la verdad esta cuesti\u00f3n desaparece del escenario del Congreso y de las exigencias del gobierno.\u00a0Porque de lo que se trataba era del \u201cestado de la naci\u00f3n\u201d no de las nuevas medidas para la crisis que a S\u00e1nchez se le hab\u00edan ocurrido.\u00a0Y en este estado de la naci\u00f3n era necesario recordar que Catalunya s\u00f3lo recibe 1 de cada 3 euros comprometidos presupuestariamente, mientras que Madrid ha recibido 6 de cada 3. O que tenemos un d\u00e9ficit estructural de 233 millones en el r\u00e9gimen tarifario del transporte.\u00a0O m\u00e1s importante a\u00fan, el eterno traspaso de Cercan\u00edas.\u00a0Y si vamos a mayores cifras podemos se\u00f1alar los 12.000 millones que la propia Generalitat establec\u00eda como d\u00e9ficit de la inversi\u00f3n del estado desde el 2009. Y eso lo dec\u00eda hace 3 semanas. Pero al llegar al Congreso se les olvida.\u00a0Como se le olvida la larga lista de obras inacabadas que se extienden en el tiempo.\u00a0Es el caso del acceso al puerto que forma parte del Corredor Mediterr\u00e1neo, que deber\u00eda haber terminado en 2018 y que con la previsi\u00f3n actual no lo har\u00e1 hasta 2030. O la estaci\u00f3n de la Sagrera que no tiene fecha para su puesta a punto, pese a que los trenes ya pasan por all\u00ed.\u00a0O las obras de Sant Andreu Comtal que se han retrasado 14 a\u00f1os.\u00a0O el ferrocarril de Sant Feliu que se iniciaron en 2018, 3 a\u00f1os despu\u00e9s de redactar el proyecto.\u00a0O el gran handicap en el corredor ferroviario que son los tramos Vila-seca-Castellbisbal y Castell\u00f3-Vandell\u00f2s y Tortosa, que con suerte no estar\u00e1n listos hasta el 2024, despu\u00e9s de d\u00e9cadas de retraso.\u00a0O la eterna obra de la Ronda Litoral a la altura de Sant Boi que se inici\u00f3 en 2008 y que no tiene fecha de finalizaci\u00f3n.\u00a0Para m\u00e1s escarnio ahora que la autopista va saturada tras levantar los peajes,\u00a0tampoco tiene fecha de finalizaci\u00f3n la N-II de Ma\u00e7anet en La Jonquera;\u00a0es m\u00e1s, hay serias dudas de que se realice\u2026 precisamente porque la autopista ahora est\u00e1 libre de peaje.\u00a0O la autov\u00eda Valls-Montblanc que tambi\u00e9n lleva m\u00e1s de 10 a\u00f1os de retraso.\u00a0Y as\u00ed podr\u00edamos ir siguiendo y siguiendo, porque el desastre es extraordinario. Pero nada de todo esto forma parte del\u00a0debate pol\u00edtico espa\u00f1ol, como no forma parte la revisi\u00f3n del sistema fiscal pendiente desde 2014, y ni una palabra sobre el famoso\u00a0d\u00e9ficit fiscal catal\u00e1n\u00a0que gracias al esfuerzo del independentismo ha pasado a mejor vida.\u00a0Y no es s\u00f3lo en el terreno de la financiaci\u00f3n, la inversi\u00f3n y las infraestructuras, es que existen otras cuestiones que resultan inexplicables.\u00a0Por ejemplo, \u00bfc\u00f3mo es posible que Catalu\u00f1a sea, despu\u00e9s de la extens\u00edsima Castilla-Le\u00f3n, la segunda comunidad aut\u00f3noma que tiene m\u00e1s municipios, y sobre todo m\u00e1s personas, casi 100.000, que no tienen acceso a ning\u00fan servicio bancario presencial? Andaluc\u00eda, mucho m\u00e1s rural y poblada que Catalu\u00f1a, s\u00f3lo tiene en estas condiciones a 14.000 personas. Se mire por donde se mire, la\u00a0pol\u00edtica espa\u00f1ola en Catalunya es un desastre,\u00a0fruto de la incapacidad e impotencia de los gobernantes catalanes, para situarla en la agenda pol\u00edtica espa\u00f1ola.\u00a0Ellos son la mejor expresi\u00f3n de lo que afirma Marx (y ustedes ya entender\u00e1n a cu\u00e1l de ellos me refiero) cuando define la pol\u00edtica como \u201cel arte de buscar problemas, encontrarlos, realizar un diagn\u00f3stico falso y aplicar despu\u00e9s medidas equivocadas \u201d.<\/p>\n","protected":false},"author":2,"featured_media":59306,"comment_status":"open","ping_status":"open","sticky":false,"template":"","format":"standard","meta":{"_FSMCFIC_featured_image_caption":"","_FSMCFIC_featured_image_nocaption":"","_FSMCFIC_featured_image_hide":"","footnotes":""},"categories":[806],"tags":[1156],"class_list":["post-59316","post","type-post","status-publish","format-standard","has-post-thumbnail","hentry","category-punts-claus-del-dia-es","tag-politica-catalana-es"],"yoast_head":"<!-- This site is optimized with the Yoast SEO plugin v26.8 - https:\/\/yoast.com\/product\/yoast-seo-wordpress\/ -->\n<title>Catalu\u00f1a la gran ausente de la pol\u00edtica espa\u00f1ola - Converses a Catalunya<\/title>\n<meta name=\"description\" content=\"Se mire por donde se mire, la pol\u00edtica espa\u00f1ola en Catalu\u00f1a es un desastre fruto de la incapacidad e impotencia de los gobernantes catalanes, para situarla en la agenda pol\u00edtica espa\u00f1ola\" \/>\n<meta name=\"robots\" content=\"index, follow, max-snippet:-1, max-image-preview:large, max-video-preview:-1\" \/>\n<link rel=\"canonical\" href=\"https:\/\/conversesacatalunya.cat\/es\/cataluna-la-gran-ausente-de-la-politica-espanola\/\" \/>\n<meta property=\"og:locale\" content=\"es_ES\" \/>\n<meta property=\"og:type\" content=\"article\" \/>\n<meta property=\"og:title\" content=\"Catalu\u00f1a la gran ausente de la pol\u00edtica espa\u00f1ola - Converses a Catalunya\" \/>\n<meta property=\"og:description\" content=\"Se mire por donde se mire, la pol\u00edtica espa\u00f1ola en Catalu\u00f1a es un desastre fruto de la incapacidad e impotencia de los gobernantes catalanes, para situarla en la agenda pol\u00edtica espa\u00f1ola\" \/>\n<meta property=\"og:url\" content=\"https:\/\/conversesacatalunya.cat\/es\/cataluna-la-gran-ausente-de-la-politica-espanola\/\" \/>\n<meta property=\"og:site_name\" content=\"Converses a Catalunya\" \/>\n<meta property=\"article:published_time\" content=\"2022-07-15T10:08:56+00:00\" \/>\n<meta property=\"article:modified_time\" content=\"2022-07-15T10:45:43+00:00\" \/>\n<meta property=\"og:image\" content=\"https:\/\/conversesacatalunya.cat\/wp-content\/uploads\/2022\/07\/debate-estado-nacion-1.jpg\" \/>\n\t<meta property=\"og:image:width\" content=\"1200\" \/>\n\t<meta property=\"og:image:height\" content=\"900\" \/>\n\t<meta property=\"og:image:type\" content=\"image\/jpeg\" \/>\n<meta name=\"author\" content=\"conversesacatalunya\" \/>\n<meta name=\"twitter:card\" content=\"summary_large_image\" \/>\n<meta name=\"twitter:label1\" content=\"Escrito por\" \/>\n\t<meta name=\"twitter:data1\" content=\"conversesacatalunya\" \/>\n\t<meta name=\"twitter:label2\" content=\"Tiempo de lectura\" \/>\n\t<meta name=\"twitter:data2\" content=\"5 minutos\" \/>\n<script type=\"application\/ld+json\" class=\"yoast-schema-graph\">{\"@context\":\"https:\/\/schema.org\",\"@graph\":[{\"@type\":\"Article\",\"@id\":\"https:\/\/conversesacatalunya.cat\/es\/cataluna-la-gran-ausente-de-la-politica-espanola\/#article\",\"isPartOf\":{\"@id\":\"https:\/\/conversesacatalunya.cat\/es\/cataluna-la-gran-ausente-de-la-politica-espanola\/\"},\"author\":{\"name\":\"conversesacatalunya\",\"@id\":\"https:\/\/conversesacatalunya.cat\/#\/schema\/person\/7e24d1e54a2785373ddcb275eae5ed99\"},\"headline\":\"Catalu\u00f1a la gran ausente de la pol\u00edtica espa\u00f1ola\",\"datePublished\":\"2022-07-15T10:08:56+00:00\",\"dateModified\":\"2022-07-15T10:45:43+00:00\",\"mainEntityOfPage\":{\"@id\":\"https:\/\/conversesacatalunya.cat\/es\/cataluna-la-gran-ausente-de-la-politica-espanola\/\"},\"wordCount\":943,\"commentCount\":0,\"image\":{\"@id\":\"https:\/\/conversesacatalunya.cat\/es\/cataluna-la-gran-ausente-de-la-politica-espanola\/#primaryimage\"},\"thumbnailUrl\":\"https:\/\/conversesacatalunya.cat\/wp-content\/uploads\/2022\/07\/debate-estado-nacion-1.jpg\",\"keywords\":[\"Pol\u00edtica catalana\"],\"articleSection\":[\"Punts clau del dia (ES)\"],\"inLanguage\":\"es\",\"potentialAction\":[{\"@type\":\"CommentAction\",\"name\":\"Comment\",\"target\":[\"https:\/\/conversesacatalunya.cat\/es\/cataluna-la-gran-ausente-de-la-politica-espanola\/#respond\"]}]},{\"@type\":\"WebPage\",\"@id\":\"https:\/\/conversesacatalunya.cat\/es\/cataluna-la-gran-ausente-de-la-politica-espanola\/\",\"url\":\"https:\/\/conversesacatalunya.cat\/es\/cataluna-la-gran-ausente-de-la-politica-espanola\/\",\"name\":\"Catalu\u00f1a la gran ausente de la pol\u00edtica espa\u00f1ola - Converses a Catalunya\",\"isPartOf\":{\"@id\":\"https:\/\/conversesacatalunya.cat\/#website\"},\"primaryImageOfPage\":{\"@id\":\"https:\/\/conversesacatalunya.cat\/es\/cataluna-la-gran-ausente-de-la-politica-espanola\/#primaryimage\"},\"image\":{\"@id\":\"https:\/\/conversesacatalunya.cat\/es\/cataluna-la-gran-ausente-de-la-politica-espanola\/#primaryimage\"},\"thumbnailUrl\":\"https:\/\/conversesacatalunya.cat\/wp-content\/uploads\/2022\/07\/debate-estado-nacion-1.jpg\",\"datePublished\":\"2022-07-15T10:08:56+00:00\",\"dateModified\":\"2022-07-15T10:45:43+00:00\",\"author\":{\"@id\":\"https:\/\/conversesacatalunya.cat\/#\/schema\/person\/7e24d1e54a2785373ddcb275eae5ed99\"},\"description\":\"Se mire por donde se mire, la pol\u00edtica espa\u00f1ola en Catalu\u00f1a es un desastre fruto de la incapacidad e impotencia de los gobernantes catalanes, para situarla en la agenda pol\u00edtica espa\u00f1ola\",\"breadcrumb\":{\"@id\":\"https:\/\/conversesacatalunya.cat\/es\/cataluna-la-gran-ausente-de-la-politica-espanola\/#breadcrumb\"},\"inLanguage\":\"es\",\"potentialAction\":[{\"@type\":\"ReadAction\",\"target\":[\"https:\/\/conversesacatalunya.cat\/es\/cataluna-la-gran-ausente-de-la-politica-espanola\/\"]}]},{\"@type\":\"ImageObject\",\"inLanguage\":\"es\",\"@id\":\"https:\/\/conversesacatalunya.cat\/es\/cataluna-la-gran-ausente-de-la-politica-espanola\/#primaryimage\",\"url\":\"https:\/\/conversesacatalunya.cat\/wp-content\/uploads\/2022\/07\/debate-estado-nacion-1.jpg\",\"contentUrl\":\"https:\/\/conversesacatalunya.cat\/wp-content\/uploads\/2022\/07\/debate-estado-nacion-1.jpg\",\"width\":1200,\"height\":900,\"caption\":\"pol\u00edtica espanyola a Catalunya\"},{\"@type\":\"BreadcrumbList\",\"@id\":\"https:\/\/conversesacatalunya.cat\/es\/cataluna-la-gran-ausente-de-la-politica-espanola\/#breadcrumb\",\"itemListElement\":[{\"@type\":\"ListItem\",\"position\":1,\"name\":\"Inici\",\"item\":\"https:\/\/conversesacatalunya.cat\/es\/\"},{\"@type\":\"ListItem\",\"position\":2,\"name\":\"Catalu\u00f1a la gran ausente de la pol\u00edtica espa\u00f1ola\"}]},{\"@type\":\"WebSite\",\"@id\":\"https:\/\/conversesacatalunya.cat\/#website\",\"url\":\"https:\/\/conversesacatalunya.cat\/\",\"name\":\"Converses a Catalunya\",\"description\":\"\",\"potentialAction\":[{\"@type\":\"SearchAction\",\"target\":{\"@type\":\"EntryPoint\",\"urlTemplate\":\"https:\/\/conversesacatalunya.cat\/?s={search_term_string}\"},\"query-input\":{\"@type\":\"PropertyValueSpecification\",\"valueRequired\":true,\"valueName\":\"search_term_string\"}}],\"inLanguage\":\"es\"},{\"@type\":\"Person\",\"@id\":\"https:\/\/conversesacatalunya.cat\/#\/schema\/person\/7e24d1e54a2785373ddcb275eae5ed99\",\"name\":\"conversesacatalunya\",\"image\":{\"@type\":\"ImageObject\",\"inLanguage\":\"es\",\"@id\":\"https:\/\/conversesacatalunya.cat\/#\/schema\/person\/image\/\",\"url\":\"https:\/\/conversesacatalunya.cat\/wp-content\/litespeed\/avatar\/febdfeeec89d950f01c748045a981dd2.jpg?ver=1777314535\",\"contentUrl\":\"https:\/\/conversesacatalunya.cat\/wp-content\/litespeed\/avatar\/febdfeeec89d950f01c748045a981dd2.jpg?ver=1777314535\",\"caption\":\"conversesacatalunya\"},\"url\":\"https:\/\/conversesacatalunya.cat\/es\/author\/carme_catala\/\"}]}<\/script>\n<!-- \/ Yoast SEO plugin. -->","yoast_head_json":{"title":"Catalu\u00f1a la gran ausente de la pol\u00edtica espa\u00f1ola - Converses a Catalunya","description":"Se mire por donde se mire, la pol\u00edtica espa\u00f1ola en Catalu\u00f1a es un desastre fruto de la incapacidad e impotencia de los gobernantes catalanes, para situarla en la agenda pol\u00edtica espa\u00f1ola","robots":{"index":"index","follow":"follow","max-snippet":"max-snippet:-1","max-image-preview":"max-image-preview:large","max-video-preview":"max-video-preview:-1"},"canonical":"https:\/\/conversesacatalunya.cat\/es\/cataluna-la-gran-ausente-de-la-politica-espanola\/","og_locale":"es_ES","og_type":"article","og_title":"Catalu\u00f1a la gran ausente de la pol\u00edtica espa\u00f1ola - Converses a Catalunya","og_description":"Se mire por donde se mire, la pol\u00edtica espa\u00f1ola en Catalu\u00f1a es un desastre fruto de la incapacidad e impotencia de los gobernantes catalanes, para situarla en la agenda pol\u00edtica espa\u00f1ola","og_url":"https:\/\/conversesacatalunya.cat\/es\/cataluna-la-gran-ausente-de-la-politica-espanola\/","og_site_name":"Converses a Catalunya","article_published_time":"2022-07-15T10:08:56+00:00","article_modified_time":"2022-07-15T10:45:43+00:00","og_image":[{"width":1200,"height":900,"url":"https:\/\/conversesacatalunya.cat\/wp-content\/uploads\/2022\/07\/debate-estado-nacion-1.jpg","type":"image\/jpeg"}],"author":"conversesacatalunya","twitter_card":"summary_large_image","twitter_misc":{"Escrito por":"conversesacatalunya","Tiempo de lectura":"5 minutos"},"schema":{"@context":"https:\/\/schema.org","@graph":[{"@type":"Article","@id":"https:\/\/conversesacatalunya.cat\/es\/cataluna-la-gran-ausente-de-la-politica-espanola\/#article","isPartOf":{"@id":"https:\/\/conversesacatalunya.cat\/es\/cataluna-la-gran-ausente-de-la-politica-espanola\/"},"author":{"name":"conversesacatalunya","@id":"https:\/\/conversesacatalunya.cat\/#\/schema\/person\/7e24d1e54a2785373ddcb275eae5ed99"},"headline":"Catalu\u00f1a la gran ausente de la pol\u00edtica espa\u00f1ola","datePublished":"2022-07-15T10:08:56+00:00","dateModified":"2022-07-15T10:45:43+00:00","mainEntityOfPage":{"@id":"https:\/\/conversesacatalunya.cat\/es\/cataluna-la-gran-ausente-de-la-politica-espanola\/"},"wordCount":943,"commentCount":0,"image":{"@id":"https:\/\/conversesacatalunya.cat\/es\/cataluna-la-gran-ausente-de-la-politica-espanola\/#primaryimage"},"thumbnailUrl":"https:\/\/conversesacatalunya.cat\/wp-content\/uploads\/2022\/07\/debate-estado-nacion-1.jpg","keywords":["Pol\u00edtica catalana"],"articleSection":["Punts clau del dia (ES)"],"inLanguage":"es","potentialAction":[{"@type":"CommentAction","name":"Comment","target":["https:\/\/conversesacatalunya.cat\/es\/cataluna-la-gran-ausente-de-la-politica-espanola\/#respond"]}]},{"@type":"WebPage","@id":"https:\/\/conversesacatalunya.cat\/es\/cataluna-la-gran-ausente-de-la-politica-espanola\/","url":"https:\/\/conversesacatalunya.cat\/es\/cataluna-la-gran-ausente-de-la-politica-espanola\/","name":"Catalu\u00f1a la gran ausente de la pol\u00edtica espa\u00f1ola - Converses a Catalunya","isPartOf":{"@id":"https:\/\/conversesacatalunya.cat\/#website"},"primaryImageOfPage":{"@id":"https:\/\/conversesacatalunya.cat\/es\/cataluna-la-gran-ausente-de-la-politica-espanola\/#primaryimage"},"image":{"@id":"https:\/\/conversesacatalunya.cat\/es\/cataluna-la-gran-ausente-de-la-politica-espanola\/#primaryimage"},"thumbnailUrl":"https:\/\/conversesacatalunya.cat\/wp-content\/uploads\/2022\/07\/debate-estado-nacion-1.jpg","datePublished":"2022-07-15T10:08:56+00:00","dateModified":"2022-07-15T10:45:43+00:00","author":{"@id":"https:\/\/conversesacatalunya.cat\/#\/schema\/person\/7e24d1e54a2785373ddcb275eae5ed99"},"description":"Se mire por donde se mire, la pol\u00edtica espa\u00f1ola en Catalu\u00f1a es un desastre fruto de la incapacidad e impotencia de los gobernantes catalanes, para situarla en la agenda pol\u00edtica espa\u00f1ola","breadcrumb":{"@id":"https:\/\/conversesacatalunya.cat\/es\/cataluna-la-gran-ausente-de-la-politica-espanola\/#breadcrumb"},"inLanguage":"es","potentialAction":[{"@type":"ReadAction","target":["https:\/\/conversesacatalunya.cat\/es\/cataluna-la-gran-ausente-de-la-politica-espanola\/"]}]},{"@type":"ImageObject","inLanguage":"es","@id":"https:\/\/conversesacatalunya.cat\/es\/cataluna-la-gran-ausente-de-la-politica-espanola\/#primaryimage","url":"https:\/\/conversesacatalunya.cat\/wp-content\/uploads\/2022\/07\/debate-estado-nacion-1.jpg","contentUrl":"https:\/\/conversesacatalunya.cat\/wp-content\/uploads\/2022\/07\/debate-estado-nacion-1.jpg","width":1200,"height":900,"caption":"pol\u00edtica espanyola a Catalunya"},{"@type":"BreadcrumbList","@id":"https:\/\/conversesacatalunya.cat\/es\/cataluna-la-gran-ausente-de-la-politica-espanola\/#breadcrumb","itemListElement":[{"@type":"ListItem","position":1,"name":"Inici","item":"https:\/\/conversesacatalunya.cat\/es\/"},{"@type":"ListItem","position":2,"name":"Catalu\u00f1a la gran ausente de la pol\u00edtica espa\u00f1ola"}]},{"@type":"WebSite","@id":"https:\/\/conversesacatalunya.cat\/#website","url":"https:\/\/conversesacatalunya.cat\/","name":"Converses a Catalunya","description":"","potentialAction":[{"@type":"SearchAction","target":{"@type":"EntryPoint","urlTemplate":"https:\/\/conversesacatalunya.cat\/?s={search_term_string}"},"query-input":{"@type":"PropertyValueSpecification","valueRequired":true,"valueName":"search_term_string"}}],"inLanguage":"es"},{"@type":"Person","@id":"https:\/\/conversesacatalunya.cat\/#\/schema\/person\/7e24d1e54a2785373ddcb275eae5ed99","name":"conversesacatalunya","image":{"@type":"ImageObject","inLanguage":"es","@id":"https:\/\/conversesacatalunya.cat\/#\/schema\/person\/image\/","url":"https:\/\/conversesacatalunya.cat\/wp-content\/litespeed\/avatar\/febdfeeec89d950f01c748045a981dd2.jpg?ver=1777314535","contentUrl":"https:\/\/conversesacatalunya.cat\/wp-content\/litespeed\/avatar\/febdfeeec89d950f01c748045a981dd2.jpg?ver=1777314535","caption":"conversesacatalunya"},"url":"https:\/\/conversesacatalunya.cat\/es\/author\/carme_catala\/"}]}},"wps_subtitle":"Se mire por donde se mire, la pol\u00edtica espa\u00f1ola en Catalu\u00f1a es un desastre fruto de la incapacidad e impotencia de los gobernantes catalanes, para situarla en la agenda pol\u00edtica espa\u00f1ola","_links":{"self":[{"href":"https:\/\/conversesacatalunya.cat\/es\/wp-json\/wp\/v2\/posts\/59316","targetHints":{"allow":["GET"]}}],"collection":[{"href":"https:\/\/conversesacatalunya.cat\/es\/wp-json\/wp\/v2\/posts"}],"about":[{"href":"https:\/\/conversesacatalunya.cat\/es\/wp-json\/wp\/v2\/types\/post"}],"author":[{"embeddable":true,"href":"https:\/\/conversesacatalunya.cat\/es\/wp-json\/wp\/v2\/users\/2"}],"replies":[{"embeddable":true,"href":"https:\/\/conversesacatalunya.cat\/es\/wp-json\/wp\/v2\/comments?post=59316"}],"version-history":[{"count":2,"href":"https:\/\/conversesacatalunya.cat\/es\/wp-json\/wp\/v2\/posts\/59316\/revisions"}],"predecessor-version":[{"id":59318,"href":"https:\/\/conversesacatalunya.cat\/es\/wp-json\/wp\/v2\/posts\/59316\/revisions\/59318"}],"wp:featuredmedia":[{"embeddable":true,"href":"https:\/\/conversesacatalunya.cat\/es\/wp-json\/wp\/v2\/media\/59306"}],"wp:attachment":[{"href":"https:\/\/conversesacatalunya.cat\/es\/wp-json\/wp\/v2\/media?parent=59316"}],"wp:term":[{"taxonomy":"category","embeddable":true,"href":"https:\/\/conversesacatalunya.cat\/es\/wp-json\/wp\/v2\/categories?post=59316"},{"taxonomy":"post_tag","embeddable":true,"href":"https:\/\/conversesacatalunya.cat\/es\/wp-json\/wp\/v2\/tags?post=59316"}],"curies":[{"name":"wp","href":"https:\/\/api.w.org\/{rel}","templated":true}]}}