{"id":59312,"date":"2022-07-15T12:15:32","date_gmt":"2022-07-15T10:15:32","guid":{"rendered":"https:\/\/conversesacatalunya.cat\/les-altres-pandemies\/"},"modified":"2022-07-15T13:11:20","modified_gmt":"2022-07-15T11:11:20","slug":"las-otras-pandemias","status":"publish","type":"post","link":"https:\/\/conversesacatalunya.cat\/es\/las-otras-pandemias\/","title":{"rendered":"Las otras pandemias"},"content":{"rendered":"<p>Al menos otras cinco \u201cpandemias\u201d est\u00e1n afectando a nuestra salud y perspectivas de calidad y esperanza de vida.<\/p>\n<p><strong><span style=\"color: #0000ff;\">La primera<\/span><\/strong> de ellas es el reiterado efecto, ahora ya en la 7\u00aa ola, de la covid en la atenci\u00f3n sanitaria a todas las <strong>dem\u00e1s patolog\u00edas<\/strong>.\u00a0Si a este hecho se le a\u00f1ade el per\u00edodo estival de vacaciones, el resultado es un empeoramiento de la atenci\u00f3n m\u00e9dica para los enfermos que necesitan cuidados continuados;\u00a0enfermedades cardiovasculares, c\u00e1nceres, distintos tipos de dolor y un largo etc\u00e9tera.<\/p>\n<p><strong><span style=\"color: #0000ff;\">La segunda,<\/span><\/strong> la\u00a0<strong>viruela del mono <\/strong>que sigue creciendo a pesar de su dificultad de contagio.\u00a0El 23 de mayo hab\u00eda en toda Espa\u00f1a 36 casos, a 4 de julio 1.256.\u00a0En poco m\u00e1s de un mes, la multiplicaci\u00f3n ha estado fulgurante en una enfermedad contagiosa que necesita un contacto estrecho entre las personas para que llegue a producirse el contagio y que, por tanto, poco tiene que ver con la transmisi\u00f3n a\u00e9rea que se produce con la covid. <span class=\"goog-text-highlight\">La curva de crecimiento fue ascendente, pero moderada hasta el 13 de junio que alcanz\u00f3 259 casos.\u00a0<\/span>A partir de ah\u00ed la curva de casos se dispar\u00f3 hasta alcanzar una pendiente extraordinaria pr\u00e1cticamente 45\u00b0.\u00a0A principios de julio parece que el crecimiento se ha ralentizado, pero hay que ver qu\u00e9 ocurre con las celebraciones del d\u00eda del Orgullo LGBTI,\u00a0porque la raz\u00f3n fundamental de que la viruela del mono se haya extendido con esta velocidad en Espa\u00f1a se debe a que los principales focos de contagio se han producido en las comunidades de hombres que tienen sexo con otros hombres.\u00a0Este hecho facilita la transmisi\u00f3n y dificulta adem\u00e1s el seguimiento porque la promiscuidad en las relaciones hace dif\u00edcil la posterior identificaci\u00f3n de los contactos.\u00a0Las fiestas del Orgullo gay, especialmente en Barcelona y sobre todo en Madrid, podr\u00edan representar un aumento del n\u00famero de casos.\u00a0Lo m\u00e1s problem\u00e1tico es que \u00e9stos ya se han extendido a otros \u00e1mbitos, y ya hay mujeres y ni\u00f1os contagiados.\u00a0Y \u00e9ste es un claro indicio de que esta enfermedad contagiosa sigue prosperando.\u00a0Es un ejemplo claro y no \u00fanico de c\u00f3mo el modo de vida es generador de determinados costes sociales.<\/p>\n<p><span class=\"\"><strong><span style=\"color: #0000ff;\">La tercera,<\/span><\/strong> las\u00a0\u00a0<\/span><strong><span class=\"\">superbacterias<\/span><\/strong>.\u00a0En Espa\u00f1a, y Catalu\u00f1a no es una excepci\u00f3n, las bacterias resistentes a los antibi\u00f3ticos se han convertido ya en una verdadera pandemia y constituyen un problema muy grave.\u00a0En el 2019 se calcula que causaron 30.000 muertes y de continuar as\u00ed se eval\u00faa que en 30 a\u00f1os ser\u00e1n la primera causa de muerte.\u00a0Los cient\u00edficos la califican ya de \u201cpandemia silenciosa\u201d.\u00a0Tambi\u00e9n en \u00e9ste, como en los dem\u00e1s casos (covid, viruela del mono), lo que se produce es un aumento de los costes generados por este tipo de agresi\u00f3n bacteriana porque cada paciente que debe ser tratado tiene un coste de unos 30.000 euros. El problema de fondo radica en que todav\u00eda no existen antibi\u00f3ticos de nueva generaci\u00f3n que les hagan frente y las grandes farmac\u00e9uticas tienen un inter\u00e9s m\u00e1s que relativo porque no ven clara la rentabilidad econ\u00f3mica.<\/p>\n<p><strong><span style=\"color: #0000ff;\">La cuarta<\/span><\/strong>, el problema del\u00a0<strong>consumo excesivo de alcohol<\/strong>.\u00a0Esta es otra enfermedad que se est\u00e1 extendiendo y que tiene la caracter\u00edstica que afecta en gran medida a la gente m\u00e1s joven.\u00a0De las urgencias hospitalarias por consumo de drogas en 2021, 18.338 casos, el 50% estuvieron relacionadas con el alcohol con un hecho llamativo: estas urgencias hospitalarias por consumo excesivo correspond\u00edan entre los 12 a 17 a\u00f1os, ten\u00eda como grupo predominante a las mujeres por encima de los hombres, cuya proporci\u00f3n oscilaba entre el 60 y el 51%. Cuanto m\u00e1s joven, mayor predominio de mujeres.\u00a0Contrastan estos datos con los de la poblaci\u00f3n mayor de 18 a\u00f1os en la que el 70% de los casos corresponden a hombres.\u00a0Existe aqu\u00ed un problema educativo que ser\u00eda necesario revisar a fondo.\u00a0Tambi\u00e9n el hecho de que cuanto menor es el nivel socioecon\u00f3mico, mayor tasa de adicciones en general, y al alcohol en particular, se produce.<\/p>\n<p><strong><span style=\"color: #0000ff;\">La quinta,<\/span><\/strong> la\u00a0<strong>depresi\u00f3n<\/strong>.\u00a0\u00c9sta es otra \u201cpandemia\u201d que se extiende sin freno y que tambi\u00e9n cada vez afecta a gente m\u00e1s joven.\u00a0<span class=\"goog-text-highlight\">Algo est\u00e1 mal encajado en nuestra cultura cuando adicciones, depresiones y suicidios crecen entre j\u00f3venes y adolescentes.\u00a0<\/span>M\u00e1s cuando \u00e9stos todav\u00eda no est\u00e1n sometidos a una de las principales causas de depresi\u00f3n: el estr\u00e9s laboral, que se considera que afecta al 20% del total de los casos.\u00a0Est\u00e1 claro que la forma en que funciona la sociedad y el modo de vida podr\u00eda reducir las patolog\u00edas mentales, pero en estos momentos la din\u00e1mica funciona en sentido contrario.<\/p>\n<div id=\"polls-160\" class=\"wp-polls\">\n\t<form id=\"polls_form_160\" class=\"wp-polls-form\" action=\"\/index.php\" method=\"post\">\n\t\t<p style=\"display: none;\"><input type=\"hidden\" id=\"poll_160_nonce\" name=\"wp-polls-nonce\" value=\"80852c9305\" \/><\/p>\n\t\t<p style=\"display: none;\"><input type=\"hidden\" name=\"poll_id\" value=\"160\" \/><\/p>\n\t\t<p style=\"text-align: center\"><strong>Creus que les mesures del govern S\u00e1nchez s\u00f3n eficaces per pal\u00b7liar l'impacte de la inflaci\u00f3?<\/strong><\/p><div id=\"polls-160-ans\" class=\"wp-polls-ans\"><ul class=\"wp-polls-ul\">\n\t\t<li><input type=\"radio\" id=\"poll-answer-419\" name=\"poll_160\" value=\"419\" \/> <label for=\"poll-answer-419\">S\u00ed<\/label><\/li>\n\t\t<li><input type=\"radio\" id=\"poll-answer-420\" name=\"poll_160\" value=\"420\" \/> <label for=\"poll-answer-420\">No<\/label><\/li>\n\t\t<li><input type=\"radio\" id=\"poll-answer-421\" name=\"poll_160\" value=\"421\" \/> <label for=\"poll-answer-421\">No ho s\u00e9<\/label><\/li>\n\t\t<\/ul><p style=\"text-align: center\"><input type=\"button\" name=\"vote\" value=\"   Vota   \" class=\"Buttons\" onclick=\"poll_vote(160);\" \/><\/p><p style=\"text-align: center\"><a href=\"#ViewPollResults\" onclick=\"poll_result(160); return false;\" title=\"View Results Of This Poll\">Mira els resultats<\/a><\/p><\/div>\n\t<\/form>\n<\/div>\n<div id=\"polls-160-loading\" class=\"wp-polls-loading\"><img decoding=\"async\" data-src=\"https:\/\/conversesacatalunya.cat\/wp-content\/plugins\/wp-polls\/images\/loading.gif\" width=\"16\" height=\"16\" alt=\"Cargando ...\" title=\"Cargando ...\" class=\"wp-polls-image lazyload\" src=\"data:image\/svg+xml;base64,PHN2ZyB3aWR0aD0iMSIgaGVpZ2h0PSIxIiB4bWxucz0iaHR0cDovL3d3dy53My5vcmcvMjAwMC9zdmciPjwvc3ZnPg==\" style=\"--smush-placeholder-width: 16px; --smush-placeholder-aspect-ratio: 16\/16;\" \/>&nbsp;Cargando ...<\/div>\n\n","protected":false},"excerpt":{"rendered":"<p>Al menos otras cinco \u201cpandemias\u201d est\u00e1n afectando a nuestra salud y perspectivas de calidad y esperanza de vida. La primera de ellas es el reiterado efecto, ahora ya en la 7\u00aa ola, de la covid en la atenci\u00f3n sanitaria a todas las dem\u00e1s patolog\u00edas.\u00a0Si a este hecho se le a\u00f1ade el per\u00edodo estival de vacaciones, el resultado es un empeoramiento de la atenci\u00f3n m\u00e9dica para los enfermos que necesitan cuidados continuados;\u00a0enfermedades cardiovasculares, c\u00e1nceres, distintos tipos de dolor y un largo etc\u00e9tera. La segunda, la\u00a0viruela del mono que sigue creciendo a pesar de su dificultad de contagio.\u00a0El 23 de mayo hab\u00eda en toda Espa\u00f1a 36 casos, a 4 de julio 1.256.\u00a0En poco m\u00e1s de un mes, la multiplicaci\u00f3n ha estado fulgurante en una enfermedad contagiosa que necesita un contacto estrecho entre las personas para que llegue a producirse el contagio y que, por tanto, poco tiene que ver con la transmisi\u00f3n a\u00e9rea que se produce con la covid. La curva de crecimiento fue ascendente, pero moderada hasta el 13 de junio que alcanz\u00f3 259 casos.\u00a0A partir de ah\u00ed la curva de casos se dispar\u00f3 hasta alcanzar una pendiente extraordinaria pr\u00e1cticamente 45\u00b0.\u00a0A principios de julio parece que el crecimiento se ha ralentizado, pero hay que ver qu\u00e9 ocurre con las celebraciones del d\u00eda del Orgullo LGBTI,\u00a0porque la raz\u00f3n fundamental de que la viruela del mono se haya extendido con esta velocidad en Espa\u00f1a se debe a que los principales focos de contagio se han producido en las comunidades de hombres que tienen sexo con otros hombres.\u00a0Este hecho facilita la transmisi\u00f3n y dificulta adem\u00e1s el seguimiento porque la promiscuidad en las relaciones hace dif\u00edcil la posterior identificaci\u00f3n de los contactos.\u00a0Las fiestas del Orgullo gay, especialmente en Barcelona y sobre todo en Madrid, podr\u00edan representar un aumento del n\u00famero de casos.\u00a0Lo m\u00e1s problem\u00e1tico es que \u00e9stos ya se han extendido a otros \u00e1mbitos, y ya hay mujeres y ni\u00f1os contagiados.\u00a0Y \u00e9ste es un claro indicio de que esta enfermedad contagiosa sigue prosperando.\u00a0Es un ejemplo claro y no \u00fanico de c\u00f3mo el modo de vida es generador de determinados costes sociales. La tercera, las\u00a0\u00a0superbacterias.\u00a0En Espa\u00f1a, y Catalu\u00f1a no es una excepci\u00f3n, las bacterias resistentes a los antibi\u00f3ticos se han convertido ya en una verdadera pandemia y constituyen un problema muy grave.\u00a0En el 2019 se calcula que causaron 30.000 muertes y de continuar as\u00ed se eval\u00faa que en 30 a\u00f1os ser\u00e1n la primera causa de muerte.\u00a0Los cient\u00edficos la califican ya de \u201cpandemia silenciosa\u201d.\u00a0Tambi\u00e9n en \u00e9ste, como en los dem\u00e1s casos (covid, viruela del mono), lo que se produce es un aumento de los costes generados por este tipo de agresi\u00f3n bacteriana porque cada paciente que debe ser tratado tiene un coste de unos 30.000 euros. El problema de fondo radica en que todav\u00eda no existen antibi\u00f3ticos de nueva generaci\u00f3n que les hagan frente y las grandes farmac\u00e9uticas tienen un inter\u00e9s m\u00e1s que relativo porque no ven clara la rentabilidad econ\u00f3mica. La cuarta, el problema del\u00a0consumo excesivo de alcohol.\u00a0Esta es otra enfermedad que se est\u00e1 extendiendo y que tiene la caracter\u00edstica que afecta en gran medida a la gente m\u00e1s joven.\u00a0De las urgencias hospitalarias por consumo de drogas en 2021, 18.338 casos, el 50% estuvieron relacionadas con el alcohol con un hecho llamativo: estas urgencias hospitalarias por consumo excesivo correspond\u00edan entre los 12 a 17 a\u00f1os, ten\u00eda como grupo predominante a las mujeres por encima de los hombres, cuya proporci\u00f3n oscilaba entre el 60 y el 51%. Cuanto m\u00e1s joven, mayor predominio de mujeres.\u00a0Contrastan estos datos con los de la poblaci\u00f3n mayor de 18 a\u00f1os en la que el 70% de los casos corresponden a hombres.\u00a0Existe aqu\u00ed un problema educativo que ser\u00eda necesario revisar a fondo.\u00a0Tambi\u00e9n el hecho de que cuanto menor es el nivel socioecon\u00f3mico, mayor tasa de adicciones en general, y al alcohol en particular, se produce. La quinta, la\u00a0depresi\u00f3n.\u00a0\u00c9sta es otra \u201cpandemia\u201d que se extiende sin freno y que tambi\u00e9n cada vez afecta a gente m\u00e1s joven.\u00a0Algo est\u00e1 mal encajado en nuestra cultura cuando adicciones, depresiones y suicidios crecen entre j\u00f3venes y adolescentes.\u00a0M\u00e1s cuando \u00e9stos todav\u00eda no est\u00e1n sometidos a una de las principales causas de depresi\u00f3n: el estr\u00e9s laboral, que se considera que afecta al 20% del total de los casos.\u00a0Est\u00e1 claro que la forma en que funciona la sociedad y el modo de vida podr\u00eda reducir las patolog\u00edas mentales, pero en estos momentos la din\u00e1mica funciona en sentido contrario.<\/p>\n","protected":false},"author":2,"featured_media":59309,"comment_status":"open","ping_status":"open","sticky":false,"template":"","format":"standard","meta":{"_FSMCFIC_featured_image_caption":"","_FSMCFIC_featured_image_nocaption":"","_FSMCFIC_featured_image_hide":"","footnotes":""},"categories":[806],"tags":[1013,2759],"class_list":["post-59312","post","type-post","status-publish","format-standard","has-post-thumbnail","hentry","category-punts-claus-del-dia-es","tag-joventut-es","tag-juventud"],"yoast_head":"<!-- This site is optimized with the Yoast SEO plugin v26.8 - https:\/\/yoast.com\/product\/yoast-seo-wordpress\/ -->\n<title>Las otras pandemias - Converses a Catalunya<\/title>\n<meta name=\"description\" content=\"Al menos otras cinco \u201cpandemias\u201d est\u00e1n afectando a nuestra salud y perspectivas de calidad y esperanza de vida\" \/>\n<meta name=\"robots\" content=\"index, follow, max-snippet:-1, max-image-preview:large, max-video-preview:-1\" \/>\n<link rel=\"canonical\" href=\"https:\/\/conversesacatalunya.cat\/es\/las-otras-pandemias\/\" \/>\n<meta property=\"og:locale\" content=\"es_ES\" \/>\n<meta property=\"og:type\" content=\"article\" \/>\n<meta property=\"og:title\" content=\"Las otras pandemias - Converses a Catalunya\" \/>\n<meta property=\"og:description\" content=\"Al menos otras cinco \u201cpandemias\u201d est\u00e1n afectando a nuestra salud y perspectivas de calidad y esperanza de vida\" \/>\n<meta property=\"og:url\" content=\"https:\/\/conversesacatalunya.cat\/es\/las-otras-pandemias\/\" \/>\n<meta property=\"og:site_name\" content=\"Converses a Catalunya\" \/>\n<meta property=\"article:published_time\" content=\"2022-07-15T10:15:32+00:00\" \/>\n<meta property=\"article:modified_time\" content=\"2022-07-15T11:11:20+00:00\" \/>\n<meta property=\"og:image\" content=\"https:\/\/conversesacatalunya.cat\/wp-content\/uploads\/2022\/07\/beber_alcohol_jovenes.jpg\" \/>\n\t<meta property=\"og:image:width\" content=\"480\" \/>\n\t<meta property=\"og:image:height\" content=\"320\" \/>\n\t<meta property=\"og:image:type\" content=\"image\/jpeg\" \/>\n<meta name=\"author\" content=\"conversesacatalunya\" \/>\n<meta name=\"twitter:card\" content=\"summary_large_image\" \/>\n<meta name=\"twitter:label1\" content=\"Escrito por\" \/>\n\t<meta name=\"twitter:data1\" content=\"conversesacatalunya\" \/>\n\t<meta name=\"twitter:label2\" content=\"Tiempo de lectura\" \/>\n\t<meta name=\"twitter:data2\" content=\"4 minutos\" \/>\n<script type=\"application\/ld+json\" class=\"yoast-schema-graph\">{\"@context\":\"https:\/\/schema.org\",\"@graph\":[{\"@type\":\"Article\",\"@id\":\"https:\/\/conversesacatalunya.cat\/es\/las-otras-pandemias\/#article\",\"isPartOf\":{\"@id\":\"https:\/\/conversesacatalunya.cat\/es\/las-otras-pandemias\/\"},\"author\":{\"name\":\"conversesacatalunya\",\"@id\":\"https:\/\/conversesacatalunya.cat\/#\/schema\/person\/7e24d1e54a2785373ddcb275eae5ed99\"},\"headline\":\"Las otras pandemias\",\"datePublished\":\"2022-07-15T10:15:32+00:00\",\"dateModified\":\"2022-07-15T11:11:20+00:00\",\"mainEntityOfPage\":{\"@id\":\"https:\/\/conversesacatalunya.cat\/es\/las-otras-pandemias\/\"},\"wordCount\":811,\"commentCount\":0,\"image\":{\"@id\":\"https:\/\/conversesacatalunya.cat\/es\/las-otras-pandemias\/#primaryimage\"},\"thumbnailUrl\":\"https:\/\/conversesacatalunya.cat\/wp-content\/uploads\/2022\/07\/beber_alcohol_jovenes.jpg\",\"keywords\":[\"joventut\",\"juventud\"],\"articleSection\":[\"Punts clau del dia (ES)\"],\"inLanguage\":\"es\",\"potentialAction\":[{\"@type\":\"CommentAction\",\"name\":\"Comment\",\"target\":[\"https:\/\/conversesacatalunya.cat\/es\/las-otras-pandemias\/#respond\"]}]},{\"@type\":\"WebPage\",\"@id\":\"https:\/\/conversesacatalunya.cat\/es\/las-otras-pandemias\/\",\"url\":\"https:\/\/conversesacatalunya.cat\/es\/las-otras-pandemias\/\",\"name\":\"Las otras pandemias - Converses a Catalunya\",\"isPartOf\":{\"@id\":\"https:\/\/conversesacatalunya.cat\/#website\"},\"primaryImageOfPage\":{\"@id\":\"https:\/\/conversesacatalunya.cat\/es\/las-otras-pandemias\/#primaryimage\"},\"image\":{\"@id\":\"https:\/\/conversesacatalunya.cat\/es\/las-otras-pandemias\/#primaryimage\"},\"thumbnailUrl\":\"https:\/\/conversesacatalunya.cat\/wp-content\/uploads\/2022\/07\/beber_alcohol_jovenes.jpg\",\"datePublished\":\"2022-07-15T10:15:32+00:00\",\"dateModified\":\"2022-07-15T11:11:20+00:00\",\"author\":{\"@id\":\"https:\/\/conversesacatalunya.cat\/#\/schema\/person\/7e24d1e54a2785373ddcb275eae5ed99\"},\"description\":\"Al menos otras cinco \u201cpandemias\u201d est\u00e1n afectando a nuestra salud y perspectivas de calidad y esperanza de vida\",\"breadcrumb\":{\"@id\":\"https:\/\/conversesacatalunya.cat\/es\/las-otras-pandemias\/#breadcrumb\"},\"inLanguage\":\"es\",\"potentialAction\":[{\"@type\":\"ReadAction\",\"target\":[\"https:\/\/conversesacatalunya.cat\/es\/las-otras-pandemias\/\"]}]},{\"@type\":\"ImageObject\",\"inLanguage\":\"es\",\"@id\":\"https:\/\/conversesacatalunya.cat\/es\/las-otras-pandemias\/#primaryimage\",\"url\":\"https:\/\/conversesacatalunya.cat\/wp-content\/uploads\/2022\/07\/beber_alcohol_jovenes.jpg\",\"contentUrl\":\"https:\/\/conversesacatalunya.cat\/wp-content\/uploads\/2022\/07\/beber_alcohol_jovenes.jpg\",\"width\":480,\"height\":320,\"caption\":\"pandemias\"},{\"@type\":\"BreadcrumbList\",\"@id\":\"https:\/\/conversesacatalunya.cat\/es\/las-otras-pandemias\/#breadcrumb\",\"itemListElement\":[{\"@type\":\"ListItem\",\"position\":1,\"name\":\"Inici\",\"item\":\"https:\/\/conversesacatalunya.cat\/es\/\"},{\"@type\":\"ListItem\",\"position\":2,\"name\":\"Las otras pandemias\"}]},{\"@type\":\"WebSite\",\"@id\":\"https:\/\/conversesacatalunya.cat\/#website\",\"url\":\"https:\/\/conversesacatalunya.cat\/\",\"name\":\"Converses a Catalunya\",\"description\":\"\",\"potentialAction\":[{\"@type\":\"SearchAction\",\"target\":{\"@type\":\"EntryPoint\",\"urlTemplate\":\"https:\/\/conversesacatalunya.cat\/?s={search_term_string}\"},\"query-input\":{\"@type\":\"PropertyValueSpecification\",\"valueRequired\":true,\"valueName\":\"search_term_string\"}}],\"inLanguage\":\"es\"},{\"@type\":\"Person\",\"@id\":\"https:\/\/conversesacatalunya.cat\/#\/schema\/person\/7e24d1e54a2785373ddcb275eae5ed99\",\"name\":\"conversesacatalunya\",\"image\":{\"@type\":\"ImageObject\",\"inLanguage\":\"es\",\"@id\":\"https:\/\/conversesacatalunya.cat\/#\/schema\/person\/image\/\",\"url\":\"https:\/\/conversesacatalunya.cat\/wp-content\/litespeed\/avatar\/febdfeeec89d950f01c748045a981dd2.jpg?ver=1777314535\",\"contentUrl\":\"https:\/\/conversesacatalunya.cat\/wp-content\/litespeed\/avatar\/febdfeeec89d950f01c748045a981dd2.jpg?ver=1777314535\",\"caption\":\"conversesacatalunya\"},\"url\":\"https:\/\/conversesacatalunya.cat\/es\/author\/carme_catala\/\"}]}<\/script>\n<!-- \/ Yoast SEO plugin. -->","yoast_head_json":{"title":"Las otras pandemias - Converses a Catalunya","description":"Al menos otras cinco \u201cpandemias\u201d est\u00e1n afectando a nuestra salud y perspectivas de calidad y esperanza de vida","robots":{"index":"index","follow":"follow","max-snippet":"max-snippet:-1","max-image-preview":"max-image-preview:large","max-video-preview":"max-video-preview:-1"},"canonical":"https:\/\/conversesacatalunya.cat\/es\/las-otras-pandemias\/","og_locale":"es_ES","og_type":"article","og_title":"Las otras pandemias - Converses a Catalunya","og_description":"Al menos otras cinco \u201cpandemias\u201d est\u00e1n afectando a nuestra salud y perspectivas de calidad y esperanza de vida","og_url":"https:\/\/conversesacatalunya.cat\/es\/las-otras-pandemias\/","og_site_name":"Converses a Catalunya","article_published_time":"2022-07-15T10:15:32+00:00","article_modified_time":"2022-07-15T11:11:20+00:00","og_image":[{"width":480,"height":320,"url":"https:\/\/conversesacatalunya.cat\/wp-content\/uploads\/2022\/07\/beber_alcohol_jovenes.jpg","type":"image\/jpeg"}],"author":"conversesacatalunya","twitter_card":"summary_large_image","twitter_misc":{"Escrito por":"conversesacatalunya","Tiempo de lectura":"4 minutos"},"schema":{"@context":"https:\/\/schema.org","@graph":[{"@type":"Article","@id":"https:\/\/conversesacatalunya.cat\/es\/las-otras-pandemias\/#article","isPartOf":{"@id":"https:\/\/conversesacatalunya.cat\/es\/las-otras-pandemias\/"},"author":{"name":"conversesacatalunya","@id":"https:\/\/conversesacatalunya.cat\/#\/schema\/person\/7e24d1e54a2785373ddcb275eae5ed99"},"headline":"Las otras pandemias","datePublished":"2022-07-15T10:15:32+00:00","dateModified":"2022-07-15T11:11:20+00:00","mainEntityOfPage":{"@id":"https:\/\/conversesacatalunya.cat\/es\/las-otras-pandemias\/"},"wordCount":811,"commentCount":0,"image":{"@id":"https:\/\/conversesacatalunya.cat\/es\/las-otras-pandemias\/#primaryimage"},"thumbnailUrl":"https:\/\/conversesacatalunya.cat\/wp-content\/uploads\/2022\/07\/beber_alcohol_jovenes.jpg","keywords":["joventut","juventud"],"articleSection":["Punts clau del dia (ES)"],"inLanguage":"es","potentialAction":[{"@type":"CommentAction","name":"Comment","target":["https:\/\/conversesacatalunya.cat\/es\/las-otras-pandemias\/#respond"]}]},{"@type":"WebPage","@id":"https:\/\/conversesacatalunya.cat\/es\/las-otras-pandemias\/","url":"https:\/\/conversesacatalunya.cat\/es\/las-otras-pandemias\/","name":"Las otras pandemias - Converses a Catalunya","isPartOf":{"@id":"https:\/\/conversesacatalunya.cat\/#website"},"primaryImageOfPage":{"@id":"https:\/\/conversesacatalunya.cat\/es\/las-otras-pandemias\/#primaryimage"},"image":{"@id":"https:\/\/conversesacatalunya.cat\/es\/las-otras-pandemias\/#primaryimage"},"thumbnailUrl":"https:\/\/conversesacatalunya.cat\/wp-content\/uploads\/2022\/07\/beber_alcohol_jovenes.jpg","datePublished":"2022-07-15T10:15:32+00:00","dateModified":"2022-07-15T11:11:20+00:00","author":{"@id":"https:\/\/conversesacatalunya.cat\/#\/schema\/person\/7e24d1e54a2785373ddcb275eae5ed99"},"description":"Al menos otras cinco \u201cpandemias\u201d est\u00e1n afectando a nuestra salud y perspectivas de calidad y esperanza de vida","breadcrumb":{"@id":"https:\/\/conversesacatalunya.cat\/es\/las-otras-pandemias\/#breadcrumb"},"inLanguage":"es","potentialAction":[{"@type":"ReadAction","target":["https:\/\/conversesacatalunya.cat\/es\/las-otras-pandemias\/"]}]},{"@type":"ImageObject","inLanguage":"es","@id":"https:\/\/conversesacatalunya.cat\/es\/las-otras-pandemias\/#primaryimage","url":"https:\/\/conversesacatalunya.cat\/wp-content\/uploads\/2022\/07\/beber_alcohol_jovenes.jpg","contentUrl":"https:\/\/conversesacatalunya.cat\/wp-content\/uploads\/2022\/07\/beber_alcohol_jovenes.jpg","width":480,"height":320,"caption":"pandemias"},{"@type":"BreadcrumbList","@id":"https:\/\/conversesacatalunya.cat\/es\/las-otras-pandemias\/#breadcrumb","itemListElement":[{"@type":"ListItem","position":1,"name":"Inici","item":"https:\/\/conversesacatalunya.cat\/es\/"},{"@type":"ListItem","position":2,"name":"Las otras pandemias"}]},{"@type":"WebSite","@id":"https:\/\/conversesacatalunya.cat\/#website","url":"https:\/\/conversesacatalunya.cat\/","name":"Converses a Catalunya","description":"","potentialAction":[{"@type":"SearchAction","target":{"@type":"EntryPoint","urlTemplate":"https:\/\/conversesacatalunya.cat\/?s={search_term_string}"},"query-input":{"@type":"PropertyValueSpecification","valueRequired":true,"valueName":"search_term_string"}}],"inLanguage":"es"},{"@type":"Person","@id":"https:\/\/conversesacatalunya.cat\/#\/schema\/person\/7e24d1e54a2785373ddcb275eae5ed99","name":"conversesacatalunya","image":{"@type":"ImageObject","inLanguage":"es","@id":"https:\/\/conversesacatalunya.cat\/#\/schema\/person\/image\/","url":"https:\/\/conversesacatalunya.cat\/wp-content\/litespeed\/avatar\/febdfeeec89d950f01c748045a981dd2.jpg?ver=1777314535","contentUrl":"https:\/\/conversesacatalunya.cat\/wp-content\/litespeed\/avatar\/febdfeeec89d950f01c748045a981dd2.jpg?ver=1777314535","caption":"conversesacatalunya"},"url":"https:\/\/conversesacatalunya.cat\/es\/author\/carme_catala\/"}]}},"wps_subtitle":"Al menos otras cinco \u201cpandemias\u201d est\u00e1n afectando a nuestra salud y perspectivas de calidad y esperanza de vida","_links":{"self":[{"href":"https:\/\/conversesacatalunya.cat\/es\/wp-json\/wp\/v2\/posts\/59312","targetHints":{"allow":["GET"]}}],"collection":[{"href":"https:\/\/conversesacatalunya.cat\/es\/wp-json\/wp\/v2\/posts"}],"about":[{"href":"https:\/\/conversesacatalunya.cat\/es\/wp-json\/wp\/v2\/types\/post"}],"author":[{"embeddable":true,"href":"https:\/\/conversesacatalunya.cat\/es\/wp-json\/wp\/v2\/users\/2"}],"replies":[{"embeddable":true,"href":"https:\/\/conversesacatalunya.cat\/es\/wp-json\/wp\/v2\/comments?post=59312"}],"version-history":[{"count":4,"href":"https:\/\/conversesacatalunya.cat\/es\/wp-json\/wp\/v2\/posts\/59312\/revisions"}],"predecessor-version":[{"id":59322,"href":"https:\/\/conversesacatalunya.cat\/es\/wp-json\/wp\/v2\/posts\/59312\/revisions\/59322"}],"wp:featuredmedia":[{"embeddable":true,"href":"https:\/\/conversesacatalunya.cat\/es\/wp-json\/wp\/v2\/media\/59309"}],"wp:attachment":[{"href":"https:\/\/conversesacatalunya.cat\/es\/wp-json\/wp\/v2\/media?parent=59312"}],"wp:term":[{"taxonomy":"category","embeddable":true,"href":"https:\/\/conversesacatalunya.cat\/es\/wp-json\/wp\/v2\/categories?post=59312"},{"taxonomy":"post_tag","embeddable":true,"href":"https:\/\/conversesacatalunya.cat\/es\/wp-json\/wp\/v2\/tags?post=59312"}],"curies":[{"name":"wp","href":"https:\/\/api.w.org\/{rel}","templated":true}]}}