{"id":59277,"date":"2022-07-14T12:41:16","date_gmt":"2022-07-14T10:41:16","guid":{"rendered":"https:\/\/conversesacatalunya.cat\/?p=59277"},"modified":"2022-07-14T12:41:16","modified_gmt":"2022-07-14T10:41:16","slug":"encuesta-municipal-colau-volvera-a-ganar-elecciones","status":"publish","type":"post","link":"https:\/\/conversesacatalunya.cat\/es\/encuesta-municipal-colau-volvera-a-ganar-elecciones\/","title":{"rendered":"Resultados de la encuesta anterior: Pese a lo que dice la encuesta municipal, \u00bfcrees que Colau volver\u00e1 a ganar las elecciones?"},"content":{"rendered":"<p>En la encuesta anterior: Pese a lo que dice la encuesta municipal, \u00bfcrees que Colau volver\u00e1 a ganar las elecciones? <strong>Nuestros lectores han votado: No 74%, S\u00ed 16% y No lo s\u00e9 10%.<\/strong><\/p>\n<p>Con estos resultados, queda claro que la mayor\u00eda de <strong>nuestros lectores piensan que Colau no va a ganar las pr\u00f3ximas elecciones<\/strong> municipales en Barcelona. Solo un 16% cree que s\u00ed.<\/p>\n<p>Seg\u00fan la \u00faltima <strong>encuesta municipal del Ayuntamiento de Barcelona<\/strong>, el partido de Ada Colau, Barcelona en Com\u00fa, ganar\u00eda las elecciones con una intenci\u00f3n de voto del 11,9%. Le seguir\u00eda ERC con un 10,9% y el PSC con un 7,5%. Los tres partidos descienden en intenci\u00f3n de voto desde las \u00faltimas elecciones del 2019.<\/p>\n<p>Respecto a la<strong> valoraci\u00f3n de los l\u00edderes de los grupos municipales<\/strong>, Colau queda en tercer lugar. Ernest Maragall es el m\u00e1s valorado, seguido de Jaume Collboni.<\/p>\n<p>En esta<a href=\"https:\/\/conversesacatalunya.cat\/es\/no-haga-mucho-caso-de-la-encuesta-del-ayuntamiento-de-barcelona\/\" target=\"_blank\" rel=\"noopener\"><strong> encuesta del Ayuntamiento<\/strong>,<\/a> de tan s\u00f3lo 800 entrevistados (anteriormente se hab\u00eda llegado a las 1.600 entrevistas), <strong>un 59% de los consultados no se posiciona.<\/strong><\/p>\n<p>Tambi\u00e9n se pregunta sobre<strong> las preocupaciones de los ciudadanos<\/strong> y los resultados de las seis primeras por orden de mayor a menor, son estos: (1) la inseguridad; (2) la limpieza; (3) la gesti\u00f3n pol\u00edtica municipal; (4) el acceso a la vivienda; (5) el turismo; (6) la congesti\u00f3n del tr\u00e1fico.<\/p>\n<p><strong>A\u00fan falta un a\u00f1o para las pr\u00f3ximas elecciones, habr\u00e1 que ir siguiendo todas las encuestas que se hagan, ya que los resultados son muy ajustados y todav\u00eda hay mucha gente que no sabe a qui\u00e9n votar\u00e1.<\/strong><\/p>\n<span class='bctt-click-to-tweet'><span class='bctt-ctt-text'><a href='https:\/\/twitter.com\/intent\/tweet?url=https%3A%2F%2Fconversesacatalunya.cat%2Fes%2Fencuesta-municipal-colau-volvera-a-ganar-elecciones%2F&#038;text=Seg%C3%BAn%20la%20%C3%BAltima%20encuesta%20municipal%20del%20Ayuntamiento%20de%20Barcelona%2C%20el%20partido%20de%20Ada%20Colau%2C%20Barcelona%20en%20Com%C3%BA%2C%20ganar%C3%ADa%20las%20elecciones%20con%20una%20intenci%C3%B3n%20de%20voto%20del%2011%2C9%25&#038;via=conversesacat&#038;related=conversesacat' target='_blank'rel=\"noopener noreferrer\">Seg\u00fan la \u00faltima encuesta municipal del Ayuntamiento de Barcelona, el partido de Ada Colau, Barcelona en Com\u00fa, ganar\u00eda las elecciones con una intenci\u00f3n de voto del 11,9% <\/a><\/span><a href='https:\/\/twitter.com\/intent\/tweet?url=https%3A%2F%2Fconversesacatalunya.cat%2Fes%2Fencuesta-municipal-colau-volvera-a-ganar-elecciones%2F&#038;text=Seg%C3%BAn%20la%20%C3%BAltima%20encuesta%20municipal%20del%20Ayuntamiento%20de%20Barcelona%2C%20el%20partido%20de%20Ada%20Colau%2C%20Barcelona%20en%20Com%C3%BA%2C%20ganar%C3%ADa%20las%20elecciones%20con%20una%20intenci%C3%B3n%20de%20voto%20del%2011%2C9%25&#038;via=conversesacat&#038;related=conversesacat' target='_blank' class='bctt-ctt-btn'rel=\"noopener noreferrer\">Compartir en X<\/a><\/span>\n<div id=\"polls-160\" class=\"wp-polls\">\n\t<form id=\"polls_form_160\" class=\"wp-polls-form\" action=\"\/index.php\" method=\"post\">\n\t\t<p style=\"display: none;\"><input type=\"hidden\" id=\"poll_160_nonce\" name=\"wp-polls-nonce\" value=\"80852c9305\" \/><\/p>\n\t\t<p style=\"display: none;\"><input type=\"hidden\" name=\"poll_id\" value=\"160\" \/><\/p>\n\t\t<p style=\"text-align: center\"><strong>Creus que les mesures del govern S\u00e1nchez s\u00f3n eficaces per pal\u00b7liar l'impacte de la inflaci\u00f3?<\/strong><\/p><div id=\"polls-160-ans\" class=\"wp-polls-ans\"><ul class=\"wp-polls-ul\">\n\t\t<li><input type=\"radio\" id=\"poll-answer-419\" name=\"poll_160\" value=\"419\" \/> <label for=\"poll-answer-419\">S\u00ed<\/label><\/li>\n\t\t<li><input type=\"radio\" id=\"poll-answer-420\" name=\"poll_160\" value=\"420\" \/> <label for=\"poll-answer-420\">No<\/label><\/li>\n\t\t<li><input type=\"radio\" id=\"poll-answer-421\" name=\"poll_160\" value=\"421\" \/> <label for=\"poll-answer-421\">No ho s\u00e9<\/label><\/li>\n\t\t<\/ul><p style=\"text-align: center\"><input type=\"button\" name=\"vote\" value=\"   Vota   \" class=\"Buttons\" onclick=\"poll_vote(160);\" \/><\/p><p style=\"text-align: center\"><a href=\"#ViewPollResults\" onclick=\"poll_result(160); return false;\" title=\"View Results Of This Poll\">Mira els resultats<\/a><\/p><\/div>\n\t<\/form>\n<\/div>\n<div id=\"polls-160-loading\" class=\"wp-polls-loading\"><img decoding=\"async\" data-src=\"https:\/\/conversesacatalunya.cat\/wp-content\/plugins\/wp-polls\/images\/loading.gif\" width=\"16\" height=\"16\" alt=\"Cargando ...\" title=\"Cargando ...\" class=\"wp-polls-image lazyload\" src=\"data:image\/svg+xml;base64,PHN2ZyB3aWR0aD0iMSIgaGVpZ2h0PSIxIiB4bWxucz0iaHR0cDovL3d3dy53My5vcmcvMjAwMC9zdmciPjwvc3ZnPg==\" style=\"--smush-placeholder-width: 16px; --smush-placeholder-aspect-ratio: 16\/16;\" \/>&nbsp;Cargando ...<\/div>\n\n<p>&nbsp;<\/p>\n<p>&nbsp;<\/p>\n<p>&nbsp;<\/p>\n<p>&nbsp;<\/p>\n","protected":false},"excerpt":{"rendered":"<p>En la encuesta anterior: Pese a lo que dice la encuesta municipal, \u00bfcrees que Colau volver\u00e1 a ganar las elecciones? Nuestros lectores han votado: No 74%, S\u00ed 16% y No lo s\u00e9 10%. Con estos resultados, queda claro que la mayor\u00eda de nuestros lectores piensan que Colau no va a ganar las pr\u00f3ximas elecciones municipales en Barcelona. Solo un 16% cree que s\u00ed. Seg\u00fan la \u00faltima encuesta municipal del Ayuntamiento de Barcelona, el partido de Ada Colau, Barcelona en Com\u00fa, ganar\u00eda las elecciones con una intenci\u00f3n de voto del 11,9%. Le seguir\u00eda ERC con un 10,9% y el PSC con un 7,5%. Los tres partidos descienden en intenci\u00f3n de voto desde las \u00faltimas elecciones del 2019. Respecto a la valoraci\u00f3n de los l\u00edderes de los grupos municipales, Colau queda en tercer lugar. Ernest Maragall es el m\u00e1s valorado, seguido de Jaume Collboni. En esta encuesta del Ayuntamiento, de tan s\u00f3lo 800 entrevistados (anteriormente se hab\u00eda llegado a las 1.600 entrevistas), un 59% de los consultados no se posiciona. Tambi\u00e9n se pregunta sobre las preocupaciones de los ciudadanos y los resultados de las seis primeras por orden de mayor a menor, son estos: (1) la inseguridad; (2) la limpieza; (3) la gesti\u00f3n pol\u00edtica municipal; (4) el acceso a la vivienda; (5) el turismo; (6) la congesti\u00f3n del tr\u00e1fico. A\u00fan falta un a\u00f1o para las pr\u00f3ximas elecciones, habr\u00e1 que ir siguiendo todas las encuestas que se hagan, ya que los resultados son muy ajustados y todav\u00eda hay mucha gente que no sabe a qui\u00e9n votar\u00e1. &nbsp; &nbsp; &nbsp; &nbsp;<\/p>\n","protected":false},"author":3,"featured_media":59275,"comment_status":"open","ping_status":"open","sticky":false,"template":"","format":"standard","meta":{"_FSMCFIC_featured_image_caption":"","_FSMCFIC_featured_image_nocaption":"","_FSMCFIC_featured_image_hide":"","footnotes":""},"categories":[789],"tags":[833,4649,4799,1065],"class_list":["post-59277","post","type-post","status-publish","format-standard","has-post-thumbnail","hentry","category-objectius-especifics-es","tag-ada-colau-es","tag-colau-es","tag-encuesta-municipal","tag-encuestas"],"yoast_head":"<!-- This site is optimized with the Yoast SEO plugin v26.8 - https:\/\/yoast.com\/product\/yoast-seo-wordpress\/ -->\n<title>Resultados de la encuesta anterior: Pese a lo que dice la encuesta municipal, \u00bfcrees que Colau volver\u00e1 a ganar las elecciones? - Converses a Catalunya<\/title>\n<meta name=\"description\" content=\"Seg\u00fan la \u00faltima encuesta municipal del Ayuntamiento de Barcelona, el partido de Ada Colau, Barcelona en Com\u00fa, ganar\u00eda las elecciones 11,9%\" \/>\n<meta name=\"robots\" content=\"index, follow, max-snippet:-1, max-image-preview:large, max-video-preview:-1\" \/>\n<link rel=\"canonical\" href=\"https:\/\/conversesacatalunya.cat\/es\/encuesta-municipal-colau-volvera-a-ganar-elecciones\/\" \/>\n<meta property=\"og:locale\" content=\"es_ES\" \/>\n<meta property=\"og:type\" content=\"article\" \/>\n<meta property=\"og:title\" content=\"Resultados de la encuesta anterior: Pese a lo que dice la encuesta municipal, \u00bfcrees que Colau volver\u00e1 a ganar las elecciones? - Converses a Catalunya\" \/>\n<meta property=\"og:description\" content=\"Seg\u00fan la \u00faltima encuesta municipal del Ayuntamiento de Barcelona, el partido de Ada Colau, Barcelona en Com\u00fa, ganar\u00eda las elecciones 11,9%\" \/>\n<meta property=\"og:url\" content=\"https:\/\/conversesacatalunya.cat\/es\/encuesta-municipal-colau-volvera-a-ganar-elecciones\/\" \/>\n<meta property=\"og:site_name\" content=\"Converses a Catalunya\" \/>\n<meta property=\"article:published_time\" content=\"2022-07-14T10:41:16+00:00\" \/>\n<meta property=\"og:image\" content=\"https:\/\/conversesacatalunya.cat\/wp-content\/uploads\/2022\/07\/Urgell-002.jpg\" \/>\n\t<meta property=\"og:image:width\" content=\"565\" \/>\n\t<meta property=\"og:image:height\" content=\"424\" \/>\n\t<meta property=\"og:image:type\" content=\"image\/jpeg\" \/>\n<meta name=\"author\" content=\"conversesacatalunya\" \/>\n<meta name=\"twitter:card\" content=\"summary_large_image\" \/>\n<meta name=\"twitter:label1\" content=\"Escrito por\" \/>\n\t<meta name=\"twitter:data1\" content=\"conversesacatalunya\" \/>\n\t<meta name=\"twitter:label2\" content=\"Tiempo de lectura\" \/>\n\t<meta name=\"twitter:data2\" content=\"1 minuto\" \/>\n<script type=\"application\/ld+json\" class=\"yoast-schema-graph\">{\"@context\":\"https:\/\/schema.org\",\"@graph\":[{\"@type\":\"Article\",\"@id\":\"https:\/\/conversesacatalunya.cat\/es\/encuesta-municipal-colau-volvera-a-ganar-elecciones\/#article\",\"isPartOf\":{\"@id\":\"https:\/\/conversesacatalunya.cat\/es\/encuesta-municipal-colau-volvera-a-ganar-elecciones\/\"},\"author\":{\"name\":\"conversesacatalunya\",\"@id\":\"https:\/\/conversesacatalunya.cat\/#\/schema\/person\/982274792508d804a0821b413c9ac076\"},\"headline\":\"Resultados de la encuesta anterior: Pese a lo que dice la encuesta municipal, \u00bfcrees que Colau volver\u00e1 a ganar las elecciones?\",\"datePublished\":\"2022-07-14T10:41:16+00:00\",\"mainEntityOfPage\":{\"@id\":\"https:\/\/conversesacatalunya.cat\/es\/encuesta-municipal-colau-volvera-a-ganar-elecciones\/\"},\"wordCount\":318,\"commentCount\":0,\"image\":{\"@id\":\"https:\/\/conversesacatalunya.cat\/es\/encuesta-municipal-colau-volvera-a-ganar-elecciones\/#primaryimage\"},\"thumbnailUrl\":\"https:\/\/conversesacatalunya.cat\/wp-content\/uploads\/2022\/07\/Urgell-002.jpg\",\"keywords\":[\"Ada Colau\",\"Colau\",\"encuesta municipal\",\"Encuestas\"],\"articleSection\":[\"Objectius espec\u00edfics (ES)\"],\"inLanguage\":\"es\",\"potentialAction\":[{\"@type\":\"CommentAction\",\"name\":\"Comment\",\"target\":[\"https:\/\/conversesacatalunya.cat\/es\/encuesta-municipal-colau-volvera-a-ganar-elecciones\/#respond\"]}]},{\"@type\":\"WebPage\",\"@id\":\"https:\/\/conversesacatalunya.cat\/es\/encuesta-municipal-colau-volvera-a-ganar-elecciones\/\",\"url\":\"https:\/\/conversesacatalunya.cat\/es\/encuesta-municipal-colau-volvera-a-ganar-elecciones\/\",\"name\":\"Resultados de la encuesta anterior: Pese a lo que dice la encuesta municipal, \u00bfcrees que Colau volver\u00e1 a ganar las elecciones? - Converses a Catalunya\",\"isPartOf\":{\"@id\":\"https:\/\/conversesacatalunya.cat\/#website\"},\"primaryImageOfPage\":{\"@id\":\"https:\/\/conversesacatalunya.cat\/es\/encuesta-municipal-colau-volvera-a-ganar-elecciones\/#primaryimage\"},\"image\":{\"@id\":\"https:\/\/conversesacatalunya.cat\/es\/encuesta-municipal-colau-volvera-a-ganar-elecciones\/#primaryimage\"},\"thumbnailUrl\":\"https:\/\/conversesacatalunya.cat\/wp-content\/uploads\/2022\/07\/Urgell-002.jpg\",\"datePublished\":\"2022-07-14T10:41:16+00:00\",\"author\":{\"@id\":\"https:\/\/conversesacatalunya.cat\/#\/schema\/person\/982274792508d804a0821b413c9ac076\"},\"description\":\"Seg\u00fan la \u00faltima encuesta municipal del Ayuntamiento de Barcelona, el partido de Ada Colau, Barcelona en Com\u00fa, ganar\u00eda las elecciones 11,9%\",\"breadcrumb\":{\"@id\":\"https:\/\/conversesacatalunya.cat\/es\/encuesta-municipal-colau-volvera-a-ganar-elecciones\/#breadcrumb\"},\"inLanguage\":\"es\",\"potentialAction\":[{\"@type\":\"ReadAction\",\"target\":[\"https:\/\/conversesacatalunya.cat\/es\/encuesta-municipal-colau-volvera-a-ganar-elecciones\/\"]}]},{\"@type\":\"ImageObject\",\"inLanguage\":\"es\",\"@id\":\"https:\/\/conversesacatalunya.cat\/es\/encuesta-municipal-colau-volvera-a-ganar-elecciones\/#primaryimage\",\"url\":\"https:\/\/conversesacatalunya.cat\/wp-content\/uploads\/2022\/07\/Urgell-002.jpg\",\"contentUrl\":\"https:\/\/conversesacatalunya.cat\/wp-content\/uploads\/2022\/07\/Urgell-002.jpg\",\"width\":565,\"height\":424,\"caption\":\"encuesta municipal\"},{\"@type\":\"BreadcrumbList\",\"@id\":\"https:\/\/conversesacatalunya.cat\/es\/encuesta-municipal-colau-volvera-a-ganar-elecciones\/#breadcrumb\",\"itemListElement\":[{\"@type\":\"ListItem\",\"position\":1,\"name\":\"Inici\",\"item\":\"https:\/\/conversesacatalunya.cat\/es\/\"},{\"@type\":\"ListItem\",\"position\":2,\"name\":\"Resultados de la encuesta anterior: Pese a lo que dice la encuesta municipal, \u00bfcrees que Colau volver\u00e1 a ganar las elecciones?\"}]},{\"@type\":\"WebSite\",\"@id\":\"https:\/\/conversesacatalunya.cat\/#website\",\"url\":\"https:\/\/conversesacatalunya.cat\/\",\"name\":\"Converses a Catalunya\",\"description\":\"\",\"potentialAction\":[{\"@type\":\"SearchAction\",\"target\":{\"@type\":\"EntryPoint\",\"urlTemplate\":\"https:\/\/conversesacatalunya.cat\/?s={search_term_string}\"},\"query-input\":{\"@type\":\"PropertyValueSpecification\",\"valueRequired\":true,\"valueName\":\"search_term_string\"}}],\"inLanguage\":\"es\"},{\"@type\":\"Person\",\"@id\":\"https:\/\/conversesacatalunya.cat\/#\/schema\/person\/982274792508d804a0821b413c9ac076\",\"name\":\"conversesacatalunya\",\"image\":{\"@type\":\"ImageObject\",\"inLanguage\":\"es\",\"@id\":\"https:\/\/conversesacatalunya.cat\/#\/schema\/person\/image\/\",\"url\":\"https:\/\/conversesacatalunya.cat\/wp-content\/litespeed\/avatar\/f04b47eeffd9637c7cf7869e217fb9ec.jpg?ver=1777370077\",\"contentUrl\":\"https:\/\/conversesacatalunya.cat\/wp-content\/litespeed\/avatar\/f04b47eeffd9637c7cf7869e217fb9ec.jpg?ver=1777370077\",\"caption\":\"conversesacatalunya\"},\"url\":\"https:\/\/conversesacatalunya.cat\/es\/author\/muntsa_escola\/\"}]}<\/script>\n<!-- \/ Yoast SEO plugin. -->","yoast_head_json":{"title":"Resultados de la encuesta anterior: Pese a lo que dice la encuesta municipal, \u00bfcrees que Colau volver\u00e1 a ganar las elecciones? - Converses a Catalunya","description":"Seg\u00fan la \u00faltima encuesta municipal del Ayuntamiento de Barcelona, el partido de Ada Colau, Barcelona en Com\u00fa, ganar\u00eda las elecciones 11,9%","robots":{"index":"index","follow":"follow","max-snippet":"max-snippet:-1","max-image-preview":"max-image-preview:large","max-video-preview":"max-video-preview:-1"},"canonical":"https:\/\/conversesacatalunya.cat\/es\/encuesta-municipal-colau-volvera-a-ganar-elecciones\/","og_locale":"es_ES","og_type":"article","og_title":"Resultados de la encuesta anterior: Pese a lo que dice la encuesta municipal, \u00bfcrees que Colau volver\u00e1 a ganar las elecciones? - Converses a Catalunya","og_description":"Seg\u00fan la \u00faltima encuesta municipal del Ayuntamiento de Barcelona, el partido de Ada Colau, Barcelona en Com\u00fa, ganar\u00eda las elecciones 11,9%","og_url":"https:\/\/conversesacatalunya.cat\/es\/encuesta-municipal-colau-volvera-a-ganar-elecciones\/","og_site_name":"Converses a Catalunya","article_published_time":"2022-07-14T10:41:16+00:00","og_image":[{"width":565,"height":424,"url":"https:\/\/conversesacatalunya.cat\/wp-content\/uploads\/2022\/07\/Urgell-002.jpg","type":"image\/jpeg"}],"author":"conversesacatalunya","twitter_card":"summary_large_image","twitter_misc":{"Escrito por":"conversesacatalunya","Tiempo de lectura":"1 minuto"},"schema":{"@context":"https:\/\/schema.org","@graph":[{"@type":"Article","@id":"https:\/\/conversesacatalunya.cat\/es\/encuesta-municipal-colau-volvera-a-ganar-elecciones\/#article","isPartOf":{"@id":"https:\/\/conversesacatalunya.cat\/es\/encuesta-municipal-colau-volvera-a-ganar-elecciones\/"},"author":{"name":"conversesacatalunya","@id":"https:\/\/conversesacatalunya.cat\/#\/schema\/person\/982274792508d804a0821b413c9ac076"},"headline":"Resultados de la encuesta anterior: Pese a lo que dice la encuesta municipal, \u00bfcrees que Colau volver\u00e1 a ganar las elecciones?","datePublished":"2022-07-14T10:41:16+00:00","mainEntityOfPage":{"@id":"https:\/\/conversesacatalunya.cat\/es\/encuesta-municipal-colau-volvera-a-ganar-elecciones\/"},"wordCount":318,"commentCount":0,"image":{"@id":"https:\/\/conversesacatalunya.cat\/es\/encuesta-municipal-colau-volvera-a-ganar-elecciones\/#primaryimage"},"thumbnailUrl":"https:\/\/conversesacatalunya.cat\/wp-content\/uploads\/2022\/07\/Urgell-002.jpg","keywords":["Ada Colau","Colau","encuesta municipal","Encuestas"],"articleSection":["Objectius espec\u00edfics (ES)"],"inLanguage":"es","potentialAction":[{"@type":"CommentAction","name":"Comment","target":["https:\/\/conversesacatalunya.cat\/es\/encuesta-municipal-colau-volvera-a-ganar-elecciones\/#respond"]}]},{"@type":"WebPage","@id":"https:\/\/conversesacatalunya.cat\/es\/encuesta-municipal-colau-volvera-a-ganar-elecciones\/","url":"https:\/\/conversesacatalunya.cat\/es\/encuesta-municipal-colau-volvera-a-ganar-elecciones\/","name":"Resultados de la encuesta anterior: Pese a lo que dice la encuesta municipal, \u00bfcrees que Colau volver\u00e1 a ganar las elecciones? - Converses a Catalunya","isPartOf":{"@id":"https:\/\/conversesacatalunya.cat\/#website"},"primaryImageOfPage":{"@id":"https:\/\/conversesacatalunya.cat\/es\/encuesta-municipal-colau-volvera-a-ganar-elecciones\/#primaryimage"},"image":{"@id":"https:\/\/conversesacatalunya.cat\/es\/encuesta-municipal-colau-volvera-a-ganar-elecciones\/#primaryimage"},"thumbnailUrl":"https:\/\/conversesacatalunya.cat\/wp-content\/uploads\/2022\/07\/Urgell-002.jpg","datePublished":"2022-07-14T10:41:16+00:00","author":{"@id":"https:\/\/conversesacatalunya.cat\/#\/schema\/person\/982274792508d804a0821b413c9ac076"},"description":"Seg\u00fan la \u00faltima encuesta municipal del Ayuntamiento de Barcelona, el partido de Ada Colau, Barcelona en Com\u00fa, ganar\u00eda las elecciones 11,9%","breadcrumb":{"@id":"https:\/\/conversesacatalunya.cat\/es\/encuesta-municipal-colau-volvera-a-ganar-elecciones\/#breadcrumb"},"inLanguage":"es","potentialAction":[{"@type":"ReadAction","target":["https:\/\/conversesacatalunya.cat\/es\/encuesta-municipal-colau-volvera-a-ganar-elecciones\/"]}]},{"@type":"ImageObject","inLanguage":"es","@id":"https:\/\/conversesacatalunya.cat\/es\/encuesta-municipal-colau-volvera-a-ganar-elecciones\/#primaryimage","url":"https:\/\/conversesacatalunya.cat\/wp-content\/uploads\/2022\/07\/Urgell-002.jpg","contentUrl":"https:\/\/conversesacatalunya.cat\/wp-content\/uploads\/2022\/07\/Urgell-002.jpg","width":565,"height":424,"caption":"encuesta municipal"},{"@type":"BreadcrumbList","@id":"https:\/\/conversesacatalunya.cat\/es\/encuesta-municipal-colau-volvera-a-ganar-elecciones\/#breadcrumb","itemListElement":[{"@type":"ListItem","position":1,"name":"Inici","item":"https:\/\/conversesacatalunya.cat\/es\/"},{"@type":"ListItem","position":2,"name":"Resultados de la encuesta anterior: Pese a lo que dice la encuesta municipal, \u00bfcrees que Colau volver\u00e1 a ganar las elecciones?"}]},{"@type":"WebSite","@id":"https:\/\/conversesacatalunya.cat\/#website","url":"https:\/\/conversesacatalunya.cat\/","name":"Converses a Catalunya","description":"","potentialAction":[{"@type":"SearchAction","target":{"@type":"EntryPoint","urlTemplate":"https:\/\/conversesacatalunya.cat\/?s={search_term_string}"},"query-input":{"@type":"PropertyValueSpecification","valueRequired":true,"valueName":"search_term_string"}}],"inLanguage":"es"},{"@type":"Person","@id":"https:\/\/conversesacatalunya.cat\/#\/schema\/person\/982274792508d804a0821b413c9ac076","name":"conversesacatalunya","image":{"@type":"ImageObject","inLanguage":"es","@id":"https:\/\/conversesacatalunya.cat\/#\/schema\/person\/image\/","url":"https:\/\/conversesacatalunya.cat\/wp-content\/litespeed\/avatar\/f04b47eeffd9637c7cf7869e217fb9ec.jpg?ver=1777370077","contentUrl":"https:\/\/conversesacatalunya.cat\/wp-content\/litespeed\/avatar\/f04b47eeffd9637c7cf7869e217fb9ec.jpg?ver=1777370077","caption":"conversesacatalunya"},"url":"https:\/\/conversesacatalunya.cat\/es\/author\/muntsa_escola\/"}]}},"wps_subtitle":"","_links":{"self":[{"href":"https:\/\/conversesacatalunya.cat\/es\/wp-json\/wp\/v2\/posts\/59277","targetHints":{"allow":["GET"]}}],"collection":[{"href":"https:\/\/conversesacatalunya.cat\/es\/wp-json\/wp\/v2\/posts"}],"about":[{"href":"https:\/\/conversesacatalunya.cat\/es\/wp-json\/wp\/v2\/types\/post"}],"author":[{"embeddable":true,"href":"https:\/\/conversesacatalunya.cat\/es\/wp-json\/wp\/v2\/users\/3"}],"replies":[{"embeddable":true,"href":"https:\/\/conversesacatalunya.cat\/es\/wp-json\/wp\/v2\/comments?post=59277"}],"version-history":[{"count":2,"href":"https:\/\/conversesacatalunya.cat\/es\/wp-json\/wp\/v2\/posts\/59277\/revisions"}],"predecessor-version":[{"id":59283,"href":"https:\/\/conversesacatalunya.cat\/es\/wp-json\/wp\/v2\/posts\/59277\/revisions\/59283"}],"wp:featuredmedia":[{"embeddable":true,"href":"https:\/\/conversesacatalunya.cat\/es\/wp-json\/wp\/v2\/media\/59275"}],"wp:attachment":[{"href":"https:\/\/conversesacatalunya.cat\/es\/wp-json\/wp\/v2\/media?parent=59277"}],"wp:term":[{"taxonomy":"category","embeddable":true,"href":"https:\/\/conversesacatalunya.cat\/es\/wp-json\/wp\/v2\/categories?post=59277"},{"taxonomy":"post_tag","embeddable":true,"href":"https:\/\/conversesacatalunya.cat\/es\/wp-json\/wp\/v2\/tags?post=59277"}],"curies":[{"name":"wp","href":"https:\/\/api.w.org\/{rel}","templated":true}]}}