{"id":59259,"date":"2022-07-14T11:16:34","date_gmt":"2022-07-14T09:16:34","guid":{"rendered":"https:\/\/conversesacatalunya.cat\/?p=59259"},"modified":"2022-07-14T11:16:34","modified_gmt":"2022-07-14T09:16:34","slug":"cine-y-moda-por-jean-paul-gaultier","status":"publish","type":"post","link":"https:\/\/conversesacatalunya.cat\/es\/cine-y-moda-por-jean-paul-gaultier\/","title":{"rendered":"Cine y moda. Por Jean Paul Gaultier"},"content":{"rendered":"<p><a href=\"https:\/\/caixaforum.org\/es\/barcelona\/p\/cine-y-moda_a33088745\" target=\"_blank\" rel=\"noopener\"><em>Cine y moda. Por Jean Paul Gaultier<\/em>,<\/a>\u00a0coorganizada por la\u00a0<strong>Fundaci\u00f3n \u201dla Caixa\u201d<\/strong>\u00a0y\u00a0<a href=\"https:\/\/www.cinematheque.fr\/\" target=\"_blank\" rel=\"noopener\">La Cin\u00e9math\u00e8que fran\u00e7aise,<\/a>\u00a0propone un viaje ecl\u00e9ctico que entrelaza cine y moda con grandes creadores y artistas, desde la \u00f3ptica personal del\u00a0<em>enfant terrible,<\/em>\u00a0como dise\u00f1ador de vestuario y como cin\u00e9filo.<\/p>\n<p>Desde un enfoque sociol\u00f3gico y m\u00e1s all\u00e1 de la mitoman\u00eda, la muestra ahonda en\u00a0<strong>el contexto de creaci\u00f3n del vestuario para filmes<\/strong>\u00a0y pone el acento en aspectos clave como el\u00a0<strong>empoderamiento femenino<\/strong>, y su reflejo en la moda y en la filmograf\u00eda del siglo XX.<\/p>\n<p><img fetchpriority=\"high\" decoding=\"async\" class=\"alignnone size-medium wp-image-59250\" src=\"https:\/\/conversesacatalunya.cat\/wp-content\/uploads\/2022\/07\/desfilades-300x184.jpg\" alt=\"\" width=\"300\" height=\"184\" srcset=\"https:\/\/conversesacatalunya.cat\/wp-content\/uploads\/2022\/07\/desfilades-300x184.jpg 300w, https:\/\/conversesacatalunya.cat\/wp-content\/uploads\/2022\/07\/desfilades-1024x627.jpg 1024w\" sizes=\"(max-width: 300px) 100vw, 300px\" \/><\/p>\n<p>La exposici\u00f3n re\u00fane obras de dise\u00f1adores de la talla de\u00a0<strong>Coco Chanel, Balenciaga, Pierre Cardin y Sybilla<\/strong>, as\u00ed como cerca de 70\u00a0<em>looks<\/em>\u00a0ic\u00f3nicos del cine con vestidos de\u00a0<strong>Sharon Stone, Graces Jones, Grace Kelly, Catherine Deneuve o Madonna<\/strong>; los trajes de<strong>\u00a0Superman,\u00a0<em>La m\u00e1scara del Zorro<\/em>\u00a0o\u00a0<em>Rocky<\/em><\/strong>, adem\u00e1s de proyecciones audiovisuales, carteles originales y fotograf\u00edas.<\/p>\n<p><img decoding=\"async\" class=\"alignnone size-medium wp-image-59252 lazyload\" data-src=\"https:\/\/conversesacatalunya.cat\/wp-content\/uploads\/2022\/07\/superman-300x192.jpg\" alt=\"\" width=\"300\" height=\"192\" data-srcset=\"https:\/\/conversesacatalunya.cat\/wp-content\/uploads\/2022\/07\/superman-300x192.jpg 300w, https:\/\/conversesacatalunya.cat\/wp-content\/uploads\/2022\/07\/superman-1024x655.jpg 1024w\" data-sizes=\"(max-width: 300px) 100vw, 300px\" src=\"data:image\/svg+xml;base64,PHN2ZyB3aWR0aD0iMSIgaGVpZ2h0PSIxIiB4bWxucz0iaHR0cDovL3d3dy53My5vcmcvMjAwMC9zdmciPjwvc3ZnPg==\" style=\"--smush-placeholder-width: 300px; --smush-placeholder-aspect-ratio: 300\/192;\" \/><\/p>\n<div id=\"hidden_content\">\n<p>Para Gaultier, el ecosistema del cine y la moda en Espa\u00f1a ha sido siempre una inspiraci\u00f3n. Su estrecha relaci\u00f3n se remonta a su ni\u00f1ez, cuando empez\u00f3 a veranear con su familia en el Pa\u00eds Vasco. Conoce de primera mano una gran parte de Espa\u00f1a, las costumbres, el idioma y reconoce que ciertos aspectos de la est\u00e9tica tradicional de los a\u00f1os sesenta forman parte de su universo creativo.<\/p>\n<p>Es por ello que, para esta ocasi\u00f3n<strong>,<\/strong>\u00a0Gaultier ha rendido homenaje al cine y la moda espa\u00f1oles con gui\u00f1os a figuras de referencia para \u00e9l como\u00a0<strong>Pedro Almod\u00f3var, Rossy de Palma, Sara Montiel, Balenciaga, Paco Rabanne e incluso Don Quijote.<\/strong><\/p>\n<p><strong><em>Cine y Moda. Por Jean Paul Gaultier<\/em>\u00a0se podr\u00e1 visitar hasta el 23 de octubre de 2022 en CaixaForum Barcelona (Av. de Francesc Ferrer i Gu\u00e0rdia, 6-8).<\/strong><\/p>\n<span class='bctt-click-to-tweet'><span class='bctt-ctt-text'><a href='https:\/\/twitter.com\/intent\/tweet?url=https%3A%2F%2Fconversesacatalunya.cat%2Fes%2Fcine-y-moda-por-jean-paul-gaultier%2F&#038;text=Jean%20Paul%20Gaultier%20plasma%20su%20mirada%20sobre%20el%20cine%20y%20la%20moda%20en%20CaixaForum%20Barcelona%20&#038;via=conversesacat&#038;related=conversesacat' target='_blank'rel=\"noopener noreferrer\">Jean Paul Gaultier plasma su mirada sobre el cine y la moda en CaixaForum Barcelona  <\/a><\/span><a href='https:\/\/twitter.com\/intent\/tweet?url=https%3A%2F%2Fconversesacatalunya.cat%2Fes%2Fcine-y-moda-por-jean-paul-gaultier%2F&#038;text=Jean%20Paul%20Gaultier%20plasma%20su%20mirada%20sobre%20el%20cine%20y%20la%20moda%20en%20CaixaForum%20Barcelona%20&#038;via=conversesacat&#038;related=conversesacat' target='_blank' class='bctt-ctt-btn'rel=\"noopener noreferrer\">Compartir en X<\/a><\/span>\n<div id=\"polls-160\" class=\"wp-polls\">\n\t<form id=\"polls_form_160\" class=\"wp-polls-form\" action=\"\/index.php\" method=\"post\">\n\t\t<p style=\"display: none;\"><input type=\"hidden\" id=\"poll_160_nonce\" name=\"wp-polls-nonce\" value=\"80852c9305\" \/><\/p>\n\t\t<p style=\"display: none;\"><input type=\"hidden\" name=\"poll_id\" value=\"160\" \/><\/p>\n\t\t<p style=\"text-align: center\"><strong>Creus que les mesures del govern S\u00e1nchez s\u00f3n eficaces per pal\u00b7liar l'impacte de la inflaci\u00f3?<\/strong><\/p><div id=\"polls-160-ans\" class=\"wp-polls-ans\"><ul class=\"wp-polls-ul\">\n\t\t<li><input type=\"radio\" id=\"poll-answer-419\" name=\"poll_160\" value=\"419\" \/> <label for=\"poll-answer-419\">S\u00ed<\/label><\/li>\n\t\t<li><input type=\"radio\" id=\"poll-answer-420\" name=\"poll_160\" value=\"420\" \/> <label for=\"poll-answer-420\">No<\/label><\/li>\n\t\t<li><input type=\"radio\" id=\"poll-answer-421\" name=\"poll_160\" value=\"421\" \/> <label for=\"poll-answer-421\">No ho s\u00e9<\/label><\/li>\n\t\t<\/ul><p style=\"text-align: center\"><input type=\"button\" name=\"vote\" value=\"   Vota   \" class=\"Buttons\" onclick=\"poll_vote(160);\" \/><\/p><p style=\"text-align: center\"><a href=\"#ViewPollResults\" onclick=\"poll_result(160); return false;\" title=\"View Results Of This Poll\">Mira els resultats<\/a><\/p><\/div>\n\t<\/form>\n<\/div>\n<div id=\"polls-160-loading\" class=\"wp-polls-loading\"><img decoding=\"async\" data-src=\"https:\/\/conversesacatalunya.cat\/wp-content\/plugins\/wp-polls\/images\/loading.gif\" width=\"16\" height=\"16\" alt=\"Cargando ...\" title=\"Cargando ...\" class=\"wp-polls-image lazyload\" src=\"data:image\/svg+xml;base64,PHN2ZyB3aWR0aD0iMSIgaGVpZ2h0PSIxIiB4bWxucz0iaHR0cDovL3d3dy53My5vcmcvMjAwMC9zdmciPjwvc3ZnPg==\" style=\"--smush-placeholder-width: 16px; --smush-placeholder-aspect-ratio: 16\/16;\" \/>&nbsp;Cargando ...<\/div>\n\n<\/div>\n","protected":false},"excerpt":{"rendered":"<p>Cine y moda. Por Jean Paul Gaultier,\u00a0coorganizada por la\u00a0Fundaci\u00f3n \u201dla Caixa\u201d\u00a0y\u00a0La Cin\u00e9math\u00e8que fran\u00e7aise,\u00a0propone un viaje ecl\u00e9ctico que entrelaza cine y moda con grandes creadores y artistas, desde la \u00f3ptica personal del\u00a0enfant terrible,\u00a0como dise\u00f1ador de vestuario y como cin\u00e9filo. Desde un enfoque sociol\u00f3gico y m\u00e1s all\u00e1 de la mitoman\u00eda, la muestra ahonda en\u00a0el contexto de creaci\u00f3n del vestuario para filmes\u00a0y pone el acento en aspectos clave como el\u00a0empoderamiento femenino, y su reflejo en la moda y en la filmograf\u00eda del siglo XX. La exposici\u00f3n re\u00fane obras de dise\u00f1adores de la talla de\u00a0Coco Chanel, Balenciaga, Pierre Cardin y Sybilla, as\u00ed como cerca de 70\u00a0looks\u00a0ic\u00f3nicos del cine con vestidos de\u00a0Sharon Stone, Graces Jones, Grace Kelly, Catherine Deneuve o Madonna; los trajes de\u00a0Superman,\u00a0La m\u00e1scara del Zorro\u00a0o\u00a0Rocky, adem\u00e1s de proyecciones audiovisuales, carteles originales y fotograf\u00edas. Para Gaultier, el ecosistema del cine y la moda en Espa\u00f1a ha sido siempre una inspiraci\u00f3n. Su estrecha relaci\u00f3n se remonta a su ni\u00f1ez, cuando empez\u00f3 a veranear con su familia en el Pa\u00eds Vasco. Conoce de primera mano una gran parte de Espa\u00f1a, las costumbres, el idioma y reconoce que ciertos aspectos de la est\u00e9tica tradicional de los a\u00f1os sesenta forman parte de su universo creativo. Es por ello que, para esta ocasi\u00f3n,\u00a0Gaultier ha rendido homenaje al cine y la moda espa\u00f1oles con gui\u00f1os a figuras de referencia para \u00e9l como\u00a0Pedro Almod\u00f3var, Rossy de Palma, Sara Montiel, Balenciaga, Paco Rabanne e incluso Don Quijote. Cine y Moda. Por Jean Paul Gaultier\u00a0se podr\u00e1 visitar hasta el 23 de octubre de 2022 en CaixaForum Barcelona (Av. de Francesc Ferrer i Gu\u00e0rdia, 6-8).<\/p>\n","protected":false},"author":3,"featured_media":59248,"comment_status":"open","ping_status":"open","sticky":false,"template":"","format":"standard","meta":{"_FSMCFIC_featured_image_caption":"","_FSMCFIC_featured_image_nocaption":"","_FSMCFIC_featured_image_hide":"","footnotes":""},"categories":[805],"tags":[2156,2439,2703,2702,2704],"class_list":["post-59259","post","type-post","status-publish","format-standard","has-post-thumbnail","hentry","category-projecte-cultural-es","tag-caixaforum","tag-caixaforum-2-es","tag-fundacio-la-caixa-es-2","tag-fundacio-la-caixa-es","tag-fundacion-la-caixa"],"yoast_head":"<!-- This site is optimized with the Yoast SEO plugin v26.8 - https:\/\/yoast.com\/product\/yoast-seo-wordpress\/ -->\n<title>Cine y moda. Por Jean Paul Gaultier - Converses a Catalunya<\/title>\n<meta name=\"robots\" content=\"noindex, nofollow\" \/>\n<meta property=\"og:locale\" content=\"es_ES\" \/>\n<meta property=\"og:type\" content=\"article\" \/>\n<meta property=\"og:title\" content=\"Cine y moda. Por Jean Paul Gaultier - Converses a Catalunya\" \/>\n<meta property=\"og:description\" content=\"Cine y moda. Por Jean Paul Gaultier,\u00a0coorganizada por la\u00a0Fundaci\u00f3n \u201dla Caixa\u201d\u00a0y\u00a0La Cin\u00e9math\u00e8que fran\u00e7aise,\u00a0propone un viaje ecl\u00e9ctico que entrelaza cine y moda con grandes creadores y artistas, desde la \u00f3ptica personal del\u00a0enfant terrible,\u00a0como dise\u00f1ador de vestuario y como cin\u00e9filo. Desde un enfoque sociol\u00f3gico y m\u00e1s all\u00e1 de la mitoman\u00eda, la muestra ahonda en\u00a0el contexto de creaci\u00f3n del vestuario para filmes\u00a0y pone el acento en aspectos clave como el\u00a0empoderamiento femenino, y su reflejo en la moda y en la filmograf\u00eda del siglo XX. La exposici\u00f3n re\u00fane obras de dise\u00f1adores de la talla de\u00a0Coco Chanel, Balenciaga, Pierre Cardin y Sybilla, as\u00ed como cerca de 70\u00a0looks\u00a0ic\u00f3nicos del cine con vestidos de\u00a0Sharon Stone, Graces Jones, Grace Kelly, Catherine Deneuve o Madonna; los trajes de\u00a0Superman,\u00a0La m\u00e1scara del Zorro\u00a0o\u00a0Rocky, adem\u00e1s de proyecciones audiovisuales, carteles originales y fotograf\u00edas. Para Gaultier, el ecosistema del cine y la moda en Espa\u00f1a ha sido siempre una inspiraci\u00f3n. Su estrecha relaci\u00f3n se remonta a su ni\u00f1ez, cuando empez\u00f3 a veranear con su familia en el Pa\u00eds Vasco. Conoce de primera mano una gran parte de Espa\u00f1a, las costumbres, el idioma y reconoce que ciertos aspectos de la est\u00e9tica tradicional de los a\u00f1os sesenta forman parte de su universo creativo. Es por ello que, para esta ocasi\u00f3n,\u00a0Gaultier ha rendido homenaje al cine y la moda espa\u00f1oles con gui\u00f1os a figuras de referencia para \u00e9l como\u00a0Pedro Almod\u00f3var, Rossy de Palma, Sara Montiel, Balenciaga, Paco Rabanne e incluso Don Quijote. Cine y Moda. Por Jean Paul Gaultier\u00a0se podr\u00e1 visitar hasta el 23 de octubre de 2022 en CaixaForum Barcelona (Av. de Francesc Ferrer i Gu\u00e0rdia, 6-8).\" \/>\n<meta property=\"og:url\" content=\"https:\/\/conversesacatalunya.cat\/es\/cine-y-moda-por-jean-paul-gaultier\/\" \/>\n<meta property=\"og:site_name\" content=\"Converses a Catalunya\" \/>\n<meta property=\"article:published_time\" content=\"2022-07-14T09:16:34+00:00\" \/>\n<meta property=\"og:image\" content=\"https:\/\/conversesacatalunya.cat\/wp-content\/uploads\/2022\/07\/Gautier022-scaled.jpg\" \/>\n\t<meta property=\"og:image:width\" content=\"2560\" \/>\n\t<meta property=\"og:image:height\" content=\"1704\" \/>\n\t<meta property=\"og:image:type\" content=\"image\/jpeg\" \/>\n<meta name=\"author\" content=\"conversesacatalunya\" \/>\n<meta name=\"twitter:card\" content=\"summary_large_image\" \/>\n<meta name=\"twitter:label1\" content=\"Escrito por\" \/>\n\t<meta name=\"twitter:data1\" content=\"conversesacatalunya\" \/>\n\t<meta name=\"twitter:label2\" content=\"Tiempo de lectura\" \/>\n\t<meta name=\"twitter:data2\" content=\"2 minutos\" \/>\n<script type=\"application\/ld+json\" class=\"yoast-schema-graph\">{\"@context\":\"https:\/\/schema.org\",\"@graph\":[{\"@type\":\"Article\",\"@id\":\"https:\/\/conversesacatalunya.cat\/es\/cine-y-moda-por-jean-paul-gaultier\/#article\",\"isPartOf\":{\"@id\":\"https:\/\/conversesacatalunya.cat\/es\/cine-y-moda-por-jean-paul-gaultier\/\"},\"author\":{\"name\":\"conversesacatalunya\",\"@id\":\"https:\/\/conversesacatalunya.cat\/#\/schema\/person\/982274792508d804a0821b413c9ac076\"},\"headline\":\"Cine y moda. Por Jean Paul Gaultier\",\"datePublished\":\"2022-07-14T09:16:34+00:00\",\"mainEntityOfPage\":{\"@id\":\"https:\/\/conversesacatalunya.cat\/es\/cine-y-moda-por-jean-paul-gaultier\/\"},\"wordCount\":339,\"commentCount\":0,\"image\":{\"@id\":\"https:\/\/conversesacatalunya.cat\/es\/cine-y-moda-por-jean-paul-gaultier\/#primaryimage\"},\"thumbnailUrl\":\"https:\/\/conversesacatalunya.cat\/wp-content\/uploads\/2022\/07\/Gautier022-scaled.jpg\",\"keywords\":[\"CaixaForum\",\"CaixaForum\",\"Fundaci\u00f3 \\\"la Caixa\\\"\",\"Fundaci\u00f3 &#8220;la Caixa&#8221;\",\"Fundaci\u00f3n \\\"la Caixa\\\"\"],\"articleSection\":[\"Projecte cultural (ES)\"],\"inLanguage\":\"es\",\"potentialAction\":[{\"@type\":\"CommentAction\",\"name\":\"Comment\",\"target\":[\"https:\/\/conversesacatalunya.cat\/es\/cine-y-moda-por-jean-paul-gaultier\/#respond\"]}]},{\"@type\":\"WebPage\",\"@id\":\"https:\/\/conversesacatalunya.cat\/es\/cine-y-moda-por-jean-paul-gaultier\/\",\"url\":\"https:\/\/conversesacatalunya.cat\/es\/cine-y-moda-por-jean-paul-gaultier\/\",\"name\":\"Cine y moda. Por Jean Paul Gaultier - Converses a Catalunya\",\"isPartOf\":{\"@id\":\"https:\/\/conversesacatalunya.cat\/#website\"},\"primaryImageOfPage\":{\"@id\":\"https:\/\/conversesacatalunya.cat\/es\/cine-y-moda-por-jean-paul-gaultier\/#primaryimage\"},\"image\":{\"@id\":\"https:\/\/conversesacatalunya.cat\/es\/cine-y-moda-por-jean-paul-gaultier\/#primaryimage\"},\"thumbnailUrl\":\"https:\/\/conversesacatalunya.cat\/wp-content\/uploads\/2022\/07\/Gautier022-scaled.jpg\",\"datePublished\":\"2022-07-14T09:16:34+00:00\",\"author\":{\"@id\":\"https:\/\/conversesacatalunya.cat\/#\/schema\/person\/982274792508d804a0821b413c9ac076\"},\"breadcrumb\":{\"@id\":\"https:\/\/conversesacatalunya.cat\/es\/cine-y-moda-por-jean-paul-gaultier\/#breadcrumb\"},\"inLanguage\":\"es\",\"potentialAction\":[{\"@type\":\"ReadAction\",\"target\":[\"https:\/\/conversesacatalunya.cat\/es\/cine-y-moda-por-jean-paul-gaultier\/\"]}]},{\"@type\":\"ImageObject\",\"inLanguage\":\"es\",\"@id\":\"https:\/\/conversesacatalunya.cat\/es\/cine-y-moda-por-jean-paul-gaultier\/#primaryimage\",\"url\":\"https:\/\/conversesacatalunya.cat\/wp-content\/uploads\/2022\/07\/Gautier022-scaled.jpg\",\"contentUrl\":\"https:\/\/conversesacatalunya.cat\/wp-content\/uploads\/2022\/07\/Gautier022-scaled.jpg\",\"width\":2560,\"height\":1704},{\"@type\":\"BreadcrumbList\",\"@id\":\"https:\/\/conversesacatalunya.cat\/es\/cine-y-moda-por-jean-paul-gaultier\/#breadcrumb\",\"itemListElement\":[{\"@type\":\"ListItem\",\"position\":1,\"name\":\"Inici\",\"item\":\"https:\/\/conversesacatalunya.cat\/es\/\"},{\"@type\":\"ListItem\",\"position\":2,\"name\":\"Cine y moda. Por Jean Paul Gaultier\"}]},{\"@type\":\"WebSite\",\"@id\":\"https:\/\/conversesacatalunya.cat\/#website\",\"url\":\"https:\/\/conversesacatalunya.cat\/\",\"name\":\"Converses a Catalunya\",\"description\":\"\",\"potentialAction\":[{\"@type\":\"SearchAction\",\"target\":{\"@type\":\"EntryPoint\",\"urlTemplate\":\"https:\/\/conversesacatalunya.cat\/?s={search_term_string}\"},\"query-input\":{\"@type\":\"PropertyValueSpecification\",\"valueRequired\":true,\"valueName\":\"search_term_string\"}}],\"inLanguage\":\"es\"},{\"@type\":\"Person\",\"@id\":\"https:\/\/conversesacatalunya.cat\/#\/schema\/person\/982274792508d804a0821b413c9ac076\",\"name\":\"conversesacatalunya\",\"image\":{\"@type\":\"ImageObject\",\"inLanguage\":\"es\",\"@id\":\"https:\/\/conversesacatalunya.cat\/#\/schema\/person\/image\/\",\"url\":\"https:\/\/conversesacatalunya.cat\/wp-content\/litespeed\/avatar\/f04b47eeffd9637c7cf7869e217fb9ec.jpg?ver=1777370077\",\"contentUrl\":\"https:\/\/conversesacatalunya.cat\/wp-content\/litespeed\/avatar\/f04b47eeffd9637c7cf7869e217fb9ec.jpg?ver=1777370077\",\"caption\":\"conversesacatalunya\"},\"url\":\"https:\/\/conversesacatalunya.cat\/es\/author\/muntsa_escola\/\"}]}<\/script>\n<!-- \/ Yoast SEO plugin. -->","yoast_head_json":{"title":"Cine y moda. Por Jean Paul Gaultier - Converses a Catalunya","robots":{"index":"noindex","follow":"nofollow"},"og_locale":"es_ES","og_type":"article","og_title":"Cine y moda. Por Jean Paul Gaultier - Converses a Catalunya","og_description":"Cine y moda. Por Jean Paul Gaultier,\u00a0coorganizada por la\u00a0Fundaci\u00f3n \u201dla Caixa\u201d\u00a0y\u00a0La Cin\u00e9math\u00e8que fran\u00e7aise,\u00a0propone un viaje ecl\u00e9ctico que entrelaza cine y moda con grandes creadores y artistas, desde la \u00f3ptica personal del\u00a0enfant terrible,\u00a0como dise\u00f1ador de vestuario y como cin\u00e9filo. Desde un enfoque sociol\u00f3gico y m\u00e1s all\u00e1 de la mitoman\u00eda, la muestra ahonda en\u00a0el contexto de creaci\u00f3n del vestuario para filmes\u00a0y pone el acento en aspectos clave como el\u00a0empoderamiento femenino, y su reflejo en la moda y en la filmograf\u00eda del siglo XX. La exposici\u00f3n re\u00fane obras de dise\u00f1adores de la talla de\u00a0Coco Chanel, Balenciaga, Pierre Cardin y Sybilla, as\u00ed como cerca de 70\u00a0looks\u00a0ic\u00f3nicos del cine con vestidos de\u00a0Sharon Stone, Graces Jones, Grace Kelly, Catherine Deneuve o Madonna; los trajes de\u00a0Superman,\u00a0La m\u00e1scara del Zorro\u00a0o\u00a0Rocky, adem\u00e1s de proyecciones audiovisuales, carteles originales y fotograf\u00edas. Para Gaultier, el ecosistema del cine y la moda en Espa\u00f1a ha sido siempre una inspiraci\u00f3n. Su estrecha relaci\u00f3n se remonta a su ni\u00f1ez, cuando empez\u00f3 a veranear con su familia en el Pa\u00eds Vasco. Conoce de primera mano una gran parte de Espa\u00f1a, las costumbres, el idioma y reconoce que ciertos aspectos de la est\u00e9tica tradicional de los a\u00f1os sesenta forman parte de su universo creativo. Es por ello que, para esta ocasi\u00f3n,\u00a0Gaultier ha rendido homenaje al cine y la moda espa\u00f1oles con gui\u00f1os a figuras de referencia para \u00e9l como\u00a0Pedro Almod\u00f3var, Rossy de Palma, Sara Montiel, Balenciaga, Paco Rabanne e incluso Don Quijote. Cine y Moda. Por Jean Paul Gaultier\u00a0se podr\u00e1 visitar hasta el 23 de octubre de 2022 en CaixaForum Barcelona (Av. de Francesc Ferrer i Gu\u00e0rdia, 6-8).","og_url":"https:\/\/conversesacatalunya.cat\/es\/cine-y-moda-por-jean-paul-gaultier\/","og_site_name":"Converses a Catalunya","article_published_time":"2022-07-14T09:16:34+00:00","og_image":[{"width":2560,"height":1704,"url":"https:\/\/conversesacatalunya.cat\/wp-content\/uploads\/2022\/07\/Gautier022-scaled.jpg","type":"image\/jpeg"}],"author":"conversesacatalunya","twitter_card":"summary_large_image","twitter_misc":{"Escrito por":"conversesacatalunya","Tiempo de lectura":"2 minutos"},"schema":{"@context":"https:\/\/schema.org","@graph":[{"@type":"Article","@id":"https:\/\/conversesacatalunya.cat\/es\/cine-y-moda-por-jean-paul-gaultier\/#article","isPartOf":{"@id":"https:\/\/conversesacatalunya.cat\/es\/cine-y-moda-por-jean-paul-gaultier\/"},"author":{"name":"conversesacatalunya","@id":"https:\/\/conversesacatalunya.cat\/#\/schema\/person\/982274792508d804a0821b413c9ac076"},"headline":"Cine y moda. Por Jean Paul Gaultier","datePublished":"2022-07-14T09:16:34+00:00","mainEntityOfPage":{"@id":"https:\/\/conversesacatalunya.cat\/es\/cine-y-moda-por-jean-paul-gaultier\/"},"wordCount":339,"commentCount":0,"image":{"@id":"https:\/\/conversesacatalunya.cat\/es\/cine-y-moda-por-jean-paul-gaultier\/#primaryimage"},"thumbnailUrl":"https:\/\/conversesacatalunya.cat\/wp-content\/uploads\/2022\/07\/Gautier022-scaled.jpg","keywords":["CaixaForum","CaixaForum","Fundaci\u00f3 \"la Caixa\"","Fundaci\u00f3 &#8220;la Caixa&#8221;","Fundaci\u00f3n \"la Caixa\""],"articleSection":["Projecte cultural (ES)"],"inLanguage":"es","potentialAction":[{"@type":"CommentAction","name":"Comment","target":["https:\/\/conversesacatalunya.cat\/es\/cine-y-moda-por-jean-paul-gaultier\/#respond"]}]},{"@type":"WebPage","@id":"https:\/\/conversesacatalunya.cat\/es\/cine-y-moda-por-jean-paul-gaultier\/","url":"https:\/\/conversesacatalunya.cat\/es\/cine-y-moda-por-jean-paul-gaultier\/","name":"Cine y moda. Por Jean Paul Gaultier - Converses a Catalunya","isPartOf":{"@id":"https:\/\/conversesacatalunya.cat\/#website"},"primaryImageOfPage":{"@id":"https:\/\/conversesacatalunya.cat\/es\/cine-y-moda-por-jean-paul-gaultier\/#primaryimage"},"image":{"@id":"https:\/\/conversesacatalunya.cat\/es\/cine-y-moda-por-jean-paul-gaultier\/#primaryimage"},"thumbnailUrl":"https:\/\/conversesacatalunya.cat\/wp-content\/uploads\/2022\/07\/Gautier022-scaled.jpg","datePublished":"2022-07-14T09:16:34+00:00","author":{"@id":"https:\/\/conversesacatalunya.cat\/#\/schema\/person\/982274792508d804a0821b413c9ac076"},"breadcrumb":{"@id":"https:\/\/conversesacatalunya.cat\/es\/cine-y-moda-por-jean-paul-gaultier\/#breadcrumb"},"inLanguage":"es","potentialAction":[{"@type":"ReadAction","target":["https:\/\/conversesacatalunya.cat\/es\/cine-y-moda-por-jean-paul-gaultier\/"]}]},{"@type":"ImageObject","inLanguage":"es","@id":"https:\/\/conversesacatalunya.cat\/es\/cine-y-moda-por-jean-paul-gaultier\/#primaryimage","url":"https:\/\/conversesacatalunya.cat\/wp-content\/uploads\/2022\/07\/Gautier022-scaled.jpg","contentUrl":"https:\/\/conversesacatalunya.cat\/wp-content\/uploads\/2022\/07\/Gautier022-scaled.jpg","width":2560,"height":1704},{"@type":"BreadcrumbList","@id":"https:\/\/conversesacatalunya.cat\/es\/cine-y-moda-por-jean-paul-gaultier\/#breadcrumb","itemListElement":[{"@type":"ListItem","position":1,"name":"Inici","item":"https:\/\/conversesacatalunya.cat\/es\/"},{"@type":"ListItem","position":2,"name":"Cine y moda. Por Jean Paul Gaultier"}]},{"@type":"WebSite","@id":"https:\/\/conversesacatalunya.cat\/#website","url":"https:\/\/conversesacatalunya.cat\/","name":"Converses a Catalunya","description":"","potentialAction":[{"@type":"SearchAction","target":{"@type":"EntryPoint","urlTemplate":"https:\/\/conversesacatalunya.cat\/?s={search_term_string}"},"query-input":{"@type":"PropertyValueSpecification","valueRequired":true,"valueName":"search_term_string"}}],"inLanguage":"es"},{"@type":"Person","@id":"https:\/\/conversesacatalunya.cat\/#\/schema\/person\/982274792508d804a0821b413c9ac076","name":"conversesacatalunya","image":{"@type":"ImageObject","inLanguage":"es","@id":"https:\/\/conversesacatalunya.cat\/#\/schema\/person\/image\/","url":"https:\/\/conversesacatalunya.cat\/wp-content\/litespeed\/avatar\/f04b47eeffd9637c7cf7869e217fb9ec.jpg?ver=1777370077","contentUrl":"https:\/\/conversesacatalunya.cat\/wp-content\/litespeed\/avatar\/f04b47eeffd9637c7cf7869e217fb9ec.jpg?ver=1777370077","caption":"conversesacatalunya"},"url":"https:\/\/conversesacatalunya.cat\/es\/author\/muntsa_escola\/"}]}},"wps_subtitle":"\u00d3ptica personal del\u00a0enfant terrible,\u00a0como dise\u00f1ador de vestuario y como cin\u00e9filo ","_links":{"self":[{"href":"https:\/\/conversesacatalunya.cat\/es\/wp-json\/wp\/v2\/posts\/59259","targetHints":{"allow":["GET"]}}],"collection":[{"href":"https:\/\/conversesacatalunya.cat\/es\/wp-json\/wp\/v2\/posts"}],"about":[{"href":"https:\/\/conversesacatalunya.cat\/es\/wp-json\/wp\/v2\/types\/post"}],"author":[{"embeddable":true,"href":"https:\/\/conversesacatalunya.cat\/es\/wp-json\/wp\/v2\/users\/3"}],"replies":[{"embeddable":true,"href":"https:\/\/conversesacatalunya.cat\/es\/wp-json\/wp\/v2\/comments?post=59259"}],"version-history":[{"count":2,"href":"https:\/\/conversesacatalunya.cat\/es\/wp-json\/wp\/v2\/posts\/59259\/revisions"}],"predecessor-version":[{"id":59263,"href":"https:\/\/conversesacatalunya.cat\/es\/wp-json\/wp\/v2\/posts\/59259\/revisions\/59263"}],"wp:featuredmedia":[{"embeddable":true,"href":"https:\/\/conversesacatalunya.cat\/es\/wp-json\/wp\/v2\/media\/59248"}],"wp:attachment":[{"href":"https:\/\/conversesacatalunya.cat\/es\/wp-json\/wp\/v2\/media?parent=59259"}],"wp:term":[{"taxonomy":"category","embeddable":true,"href":"https:\/\/conversesacatalunya.cat\/es\/wp-json\/wp\/v2\/categories?post=59259"},{"taxonomy":"post_tag","embeddable":true,"href":"https:\/\/conversesacatalunya.cat\/es\/wp-json\/wp\/v2\/tags?post=59259"}],"curies":[{"name":"wp","href":"https:\/\/api.w.org\/{rel}","templated":true}]}}