{"id":59238,"date":"2022-07-13T12:49:05","date_gmt":"2022-07-13T10:49:05","guid":{"rendered":"https:\/\/conversesacatalunya.cat\/quins-punts-forts-li-queden-a-barcelona\/"},"modified":"2022-07-13T13:44:34","modified_gmt":"2022-07-13T11:44:34","slug":"que-puntos-fuertes-le-quedan-en-barcelona","status":"publish","type":"post","link":"https:\/\/conversesacatalunya.cat\/es\/que-puntos-fuertes-le-quedan-en-barcelona\/","title":{"rendered":"\u00bfQu\u00e9 puntos fuertes le quedan en Barcelona?"},"content":{"rendered":"<p><span><span class=\"\">El grupo de Harvard, que nuclea a Pedro Nueno, ha celebrado su reuni\u00f3n anual en Madrid y tuvo como centro de atenci\u00f3n la situaci\u00f3n de Barcelona, \u200b\u200bpero m\u00e1s centrada en buscar lo que mantiene positivo que en se\u00f1alar problemas.\u00a0<\/span>Un prop\u00f3sito encomiable, que vista la rese\u00f1a del encuentro cabe concluir que dio poco de s\u00ed por lo que se refiere al balance positivo del momento que vive la capital de Catalunya.<\/span><\/p>\n<p><span>De entrada hay que decir que casi toda la actividad econ\u00f3mica que no es turismo est\u00e1 concentrada y se reduce al <\/span><strong><span>distrito 22@<\/span><\/strong><span>.\u00a0Y pese a mostrar la din\u00e1mica de una parte de la ciudad, la conclusi\u00f3n no puede ser la de echar cohetes.<\/span><\/p>\n<p><span>Se se\u00f1alaron como m\u00e1s positivas la Copa Am\u00e9rica, el festival de m\u00fasica Primavera Sound, aspectos que no son definitorios de una ciudad de primer nivel, que Intel la haya escogido como la sede para fabricar sus chips y tambi\u00e9n el Hospital de Sant Joan de D\u00e9u que pone en marcha un centro de oncolog\u00eda pedi\u00e1trica de nivel mundial. Con car\u00e1cter m\u00e1s general, el entorno tecnol\u00f3gico de Barcelona, \u200b\u200bel biom\u00e9dico y la muy gen\u00e9rica capacidad para atraer talento tambi\u00e9n forman parte del balance positivo.<\/span><\/p>\n<p><span><span class=\"\">Visto el funcionamiento de la ciudad no puede decirse que sea mucho, m\u00e1s si se considera que en esta conversaci\u00f3n sobre Barcelona apenas aparecieron los factores negativos. <\/span>As\u00ed se se\u00f1al\u00f3 que muchos inversores inmobiliarios prefieren evitarla y consideran que Madrid y M\u00e1laga tienen mayor inter\u00e9s.\u00a0Las razones principales son la escasez de terreno, el movimiento okupa, muy extendido y protegido, hasta el extremo de que el\u00a0<\/span><strong><span>42% de las okupaciones de toda Espa\u00f1a se producen en Catalu\u00f1a<\/span><\/strong><span>, la regulaci\u00f3n de los alquileres por parte de las administraciones y el recargo de vivienda social en toda obra nueva.\u00a0El resultado ha sido que la inversi\u00f3n en alquiler en 2021 en Barcelona s\u00f3lo ha supuesto un 8% del total.\u00a0Este escenario si se mantiene significar\u00eda que Barcelona ver\u00e1 multiplicado su problema de vivienda por lo que al final de los dos mandatos de Colau, esta cuesti\u00f3n presentar\u00e1 una situaci\u00f3n mucho m\u00e1s grave que cuando lleg\u00f3 a la alcald\u00eda.<\/span><\/p>\n<p><span>Sobre el talento y capacidad tecnol\u00f3gica de Barcelona, \u200b\u200bcabe decir que es un hecho innegable, pero al mismo tiempo deber\u00eda despertar, si no a alarma, s\u00ed inter\u00e9s los datos que se\u00f1alan que M\u00e1laga ha registrado en el \u00faltimo a\u00f1o 600 empresas gacela, que son aquellas Pymes que logran crecer r\u00e1pidamente.\u00a0<span class=\"goog-text-highlight\">En Catalunya fueron 613 y en Madrid, que ya ocupaba la delantera, 900. Es evidente que no somos los reyes del mambo en este campo, pero es que ni siquiera ocupamos un segundo lugar destacado en las din\u00e1micas actuales.<\/span><\/span><\/p>\n<p><span>En la perspectiva de la precampa\u00f1a electoral, el an\u00e1lisis de la\u00a0<\/span><strong><span>base econ\u00f3mica de Barcelona<\/span><\/strong><span> deber\u00eda estar al orden del d\u00eda y ser un elemento com\u00fan de todas las candidaturas electorales, porque sin examinar este hecho, su din\u00e1mica y perspectivas, mal se podr\u00e1n abordar los problemas y necesidades de la ciudad.<\/span><\/p>\n<p><span>Y no podemos olvidar en el otro extremo del impulso econ\u00f3mico <strong>la pobreza<\/strong>, que en Barcelona ha continuado creciendo sin que el gobierno municipal haya adoptado medidas extraordinarias.\u00a0<\/span><span>En 2008 hab\u00eda 658 personas durmiendo en la calle.\u00a0<\/span><span>Hoy, seg\u00fan el \u00faltimo balance de Arrels, son 1.231, pr\u00e1cticamente el doble, y otros 167 que hace un a\u00f1o.\u00a0<\/span><span>Esa otra cara de la moneda unida a la situaci\u00f3n de la infravivienda, deber\u00eda ser otro gran tema de obligado abordaje en el preludio electoral junto a la base econ\u00f3mica.<\/span><\/p>\n<div id=\"polls-160\" class=\"wp-polls\">\n\t<form id=\"polls_form_160\" class=\"wp-polls-form\" action=\"\/index.php\" method=\"post\">\n\t\t<p style=\"display: none;\"><input type=\"hidden\" id=\"poll_160_nonce\" name=\"wp-polls-nonce\" value=\"743873bdb4\" \/><\/p>\n\t\t<p style=\"display: none;\"><input type=\"hidden\" name=\"poll_id\" value=\"160\" \/><\/p>\n\t\t<p style=\"text-align: center\"><strong>Creus que les mesures del govern S\u00e1nchez s\u00f3n eficaces per pal\u00b7liar l'impacte de la inflaci\u00f3?<\/strong><\/p><div id=\"polls-160-ans\" class=\"wp-polls-ans\"><ul class=\"wp-polls-ul\">\n\t\t<li><input type=\"radio\" id=\"poll-answer-419\" name=\"poll_160\" value=\"419\" \/> <label for=\"poll-answer-419\">S\u00ed<\/label><\/li>\n\t\t<li><input type=\"radio\" id=\"poll-answer-420\" name=\"poll_160\" value=\"420\" \/> <label for=\"poll-answer-420\">No<\/label><\/li>\n\t\t<li><input type=\"radio\" id=\"poll-answer-421\" name=\"poll_160\" value=\"421\" \/> <label for=\"poll-answer-421\">No ho s\u00e9<\/label><\/li>\n\t\t<\/ul><p style=\"text-align: center\"><input type=\"button\" name=\"vote\" value=\"   Vota   \" class=\"Buttons\" onclick=\"poll_vote(160);\" \/><\/p><p style=\"text-align: center\"><a href=\"#ViewPollResults\" onclick=\"poll_result(160); return false;\" title=\"View Results Of This Poll\">Mira els resultats<\/a><\/p><\/div>\n\t<\/form>\n<\/div>\n<div id=\"polls-160-loading\" class=\"wp-polls-loading\"><img decoding=\"async\" data-src=\"https:\/\/conversesacatalunya.cat\/wp-content\/plugins\/wp-polls\/images\/loading.gif\" width=\"16\" height=\"16\" alt=\"Cargando ...\" title=\"Cargando ...\" class=\"wp-polls-image lazyload\" src=\"data:image\/svg+xml;base64,PHN2ZyB3aWR0aD0iMSIgaGVpZ2h0PSIxIiB4bWxucz0iaHR0cDovL3d3dy53My5vcmcvMjAwMC9zdmciPjwvc3ZnPg==\" style=\"--smush-placeholder-width: 16px; --smush-placeholder-aspect-ratio: 16\/16;\" \/>&nbsp;Cargando ...<\/div>\n\n","protected":false},"excerpt":{"rendered":"<p>El grupo de Harvard, que nuclea a Pedro Nueno, ha celebrado su reuni\u00f3n anual en Madrid y tuvo como centro de atenci\u00f3n la situaci\u00f3n de Barcelona, \u200b\u200bpero m\u00e1s centrada en buscar lo que mantiene positivo que en se\u00f1alar problemas.\u00a0Un prop\u00f3sito encomiable, que vista la rese\u00f1a del encuentro cabe concluir que dio poco de s\u00ed por lo que se refiere al balance positivo del momento que vive la capital de Catalunya. De entrada hay que decir que casi toda la actividad econ\u00f3mica que no es turismo est\u00e1 concentrada y se reduce al distrito 22@.\u00a0Y pese a mostrar la din\u00e1mica de una parte de la ciudad, la conclusi\u00f3n no puede ser la de echar cohetes. Se se\u00f1alaron como m\u00e1s positivas la Copa Am\u00e9rica, el festival de m\u00fasica Primavera Sound, aspectos que no son definitorios de una ciudad de primer nivel, que Intel la haya escogido como la sede para fabricar sus chips y tambi\u00e9n el Hospital de Sant Joan de D\u00e9u que pone en marcha un centro de oncolog\u00eda pedi\u00e1trica de nivel mundial. Con car\u00e1cter m\u00e1s general, el entorno tecnol\u00f3gico de Barcelona, \u200b\u200bel biom\u00e9dico y la muy gen\u00e9rica capacidad para atraer talento tambi\u00e9n forman parte del balance positivo. Visto el funcionamiento de la ciudad no puede decirse que sea mucho, m\u00e1s si se considera que en esta conversaci\u00f3n sobre Barcelona apenas aparecieron los factores negativos. As\u00ed se se\u00f1al\u00f3 que muchos inversores inmobiliarios prefieren evitarla y consideran que Madrid y M\u00e1laga tienen mayor inter\u00e9s.\u00a0Las razones principales son la escasez de terreno, el movimiento okupa, muy extendido y protegido, hasta el extremo de que el\u00a042% de las okupaciones de toda Espa\u00f1a se producen en Catalu\u00f1a, la regulaci\u00f3n de los alquileres por parte de las administraciones y el recargo de vivienda social en toda obra nueva.\u00a0El resultado ha sido que la inversi\u00f3n en alquiler en 2021 en Barcelona s\u00f3lo ha supuesto un 8% del total.\u00a0Este escenario si se mantiene significar\u00eda que Barcelona ver\u00e1 multiplicado su problema de vivienda por lo que al final de los dos mandatos de Colau, esta cuesti\u00f3n presentar\u00e1 una situaci\u00f3n mucho m\u00e1s grave que cuando lleg\u00f3 a la alcald\u00eda. Sobre el talento y capacidad tecnol\u00f3gica de Barcelona, \u200b\u200bcabe decir que es un hecho innegable, pero al mismo tiempo deber\u00eda despertar, si no a alarma, s\u00ed inter\u00e9s los datos que se\u00f1alan que M\u00e1laga ha registrado en el \u00faltimo a\u00f1o 600 empresas gacela, que son aquellas Pymes que logran crecer r\u00e1pidamente.\u00a0En Catalunya fueron 613 y en Madrid, que ya ocupaba la delantera, 900. Es evidente que no somos los reyes del mambo en este campo, pero es que ni siquiera ocupamos un segundo lugar destacado en las din\u00e1micas actuales. En la perspectiva de la precampa\u00f1a electoral, el an\u00e1lisis de la\u00a0base econ\u00f3mica de Barcelona deber\u00eda estar al orden del d\u00eda y ser un elemento com\u00fan de todas las candidaturas electorales, porque sin examinar este hecho, su din\u00e1mica y perspectivas, mal se podr\u00e1n abordar los problemas y necesidades de la ciudad. Y no podemos olvidar en el otro extremo del impulso econ\u00f3mico la pobreza, que en Barcelona ha continuado creciendo sin que el gobierno municipal haya adoptado medidas extraordinarias.\u00a0En 2008 hab\u00eda 658 personas durmiendo en la calle.\u00a0Hoy, seg\u00fan el \u00faltimo balance de Arrels, son 1.231, pr\u00e1cticamente el doble, y otros 167 que hace un a\u00f1o.\u00a0Esa otra cara de la moneda unida a la situaci\u00f3n de la infravivienda, deber\u00eda ser otro gran tema de obligado abordaje en el preludio electoral junto a la base econ\u00f3mica.<\/p>\n","protected":false},"author":2,"featured_media":59231,"comment_status":"open","ping_status":"open","sticky":false,"template":"","format":"standard","meta":{"_FSMCFIC_featured_image_caption":"","_FSMCFIC_featured_image_nocaption":"","_FSMCFIC_featured_image_hide":"","footnotes":""},"categories":[3787,806],"tags":[4686,4615,1035],"class_list":["post-59238","post","type-post","status-publish","format-standard","has-post-thumbnail","hentry","category-expedient-barcelona-es","category-punts-claus-del-dia-es","tag-decadencia-cataluna","tag-municipales-2023","tag-vivienda"],"yoast_head":"<!-- This site is optimized with the Yoast SEO plugin v26.8 - https:\/\/yoast.com\/product\/yoast-seo-wordpress\/ -->\n<title>\u00bfQu\u00e9 puntos fuertes le quedan en Barcelona? - Converses a Catalunya<\/title>\n<meta name=\"robots\" content=\"index, follow, max-snippet:-1, max-image-preview:large, max-video-preview:-1\" \/>\n<link rel=\"canonical\" href=\"https:\/\/conversesacatalunya.cat\/es\/que-puntos-fuertes-le-quedan-en-barcelona\/\" \/>\n<meta property=\"og:locale\" content=\"es_ES\" \/>\n<meta property=\"og:type\" content=\"article\" \/>\n<meta property=\"og:title\" content=\"\u00bfQu\u00e9 puntos fuertes le quedan en Barcelona? - Converses a Catalunya\" \/>\n<meta property=\"og:description\" content=\"El grupo de Harvard, que nuclea a Pedro Nueno, ha celebrado su reuni\u00f3n anual en Madrid y tuvo como centro de atenci\u00f3n la situaci\u00f3n de Barcelona, \u200b\u200bpero m\u00e1s centrada en buscar lo que mantiene positivo que en se\u00f1alar problemas.\u00a0Un prop\u00f3sito encomiable, que vista la rese\u00f1a del encuentro cabe concluir que dio poco de s\u00ed por lo que se refiere al balance positivo del momento que vive la capital de Catalunya. De entrada hay que decir que casi toda la actividad econ\u00f3mica que no es turismo est\u00e1 concentrada y se reduce al distrito 22@.\u00a0Y pese a mostrar la din\u00e1mica de una parte de la ciudad, la conclusi\u00f3n no puede ser la de echar cohetes. Se se\u00f1alaron como m\u00e1s positivas la Copa Am\u00e9rica, el festival de m\u00fasica Primavera Sound, aspectos que no son definitorios de una ciudad de primer nivel, que Intel la haya escogido como la sede para fabricar sus chips y tambi\u00e9n el Hospital de Sant Joan de D\u00e9u que pone en marcha un centro de oncolog\u00eda pedi\u00e1trica de nivel mundial. Con car\u00e1cter m\u00e1s general, el entorno tecnol\u00f3gico de Barcelona, \u200b\u200bel biom\u00e9dico y la muy gen\u00e9rica capacidad para atraer talento tambi\u00e9n forman parte del balance positivo. Visto el funcionamiento de la ciudad no puede decirse que sea mucho, m\u00e1s si se considera que en esta conversaci\u00f3n sobre Barcelona apenas aparecieron los factores negativos. As\u00ed se se\u00f1al\u00f3 que muchos inversores inmobiliarios prefieren evitarla y consideran que Madrid y M\u00e1laga tienen mayor inter\u00e9s.\u00a0Las razones principales son la escasez de terreno, el movimiento okupa, muy extendido y protegido, hasta el extremo de que el\u00a042% de las okupaciones de toda Espa\u00f1a se producen en Catalu\u00f1a, la regulaci\u00f3n de los alquileres por parte de las administraciones y el recargo de vivienda social en toda obra nueva.\u00a0El resultado ha sido que la inversi\u00f3n en alquiler en 2021 en Barcelona s\u00f3lo ha supuesto un 8% del total.\u00a0Este escenario si se mantiene significar\u00eda que Barcelona ver\u00e1 multiplicado su problema de vivienda por lo que al final de los dos mandatos de Colau, esta cuesti\u00f3n presentar\u00e1 una situaci\u00f3n mucho m\u00e1s grave que cuando lleg\u00f3 a la alcald\u00eda. Sobre el talento y capacidad tecnol\u00f3gica de Barcelona, \u200b\u200bcabe decir que es un hecho innegable, pero al mismo tiempo deber\u00eda despertar, si no a alarma, s\u00ed inter\u00e9s los datos que se\u00f1alan que M\u00e1laga ha registrado en el \u00faltimo a\u00f1o 600 empresas gacela, que son aquellas Pymes que logran crecer r\u00e1pidamente.\u00a0En Catalunya fueron 613 y en Madrid, que ya ocupaba la delantera, 900. Es evidente que no somos los reyes del mambo en este campo, pero es que ni siquiera ocupamos un segundo lugar destacado en las din\u00e1micas actuales. En la perspectiva de la precampa\u00f1a electoral, el an\u00e1lisis de la\u00a0base econ\u00f3mica de Barcelona deber\u00eda estar al orden del d\u00eda y ser un elemento com\u00fan de todas las candidaturas electorales, porque sin examinar este hecho, su din\u00e1mica y perspectivas, mal se podr\u00e1n abordar los problemas y necesidades de la ciudad. Y no podemos olvidar en el otro extremo del impulso econ\u00f3mico la pobreza, que en Barcelona ha continuado creciendo sin que el gobierno municipal haya adoptado medidas extraordinarias.\u00a0En 2008 hab\u00eda 658 personas durmiendo en la calle.\u00a0Hoy, seg\u00fan el \u00faltimo balance de Arrels, son 1.231, pr\u00e1cticamente el doble, y otros 167 que hace un a\u00f1o.\u00a0Esa otra cara de la moneda unida a la situaci\u00f3n de la infravivienda, deber\u00eda ser otro gran tema de obligado abordaje en el preludio electoral junto a la base econ\u00f3mica.\" \/>\n<meta property=\"og:url\" content=\"https:\/\/conversesacatalunya.cat\/es\/que-puntos-fuertes-le-quedan-en-barcelona\/\" \/>\n<meta property=\"og:site_name\" content=\"Converses a Catalunya\" \/>\n<meta property=\"article:published_time\" content=\"2022-07-13T10:49:05+00:00\" \/>\n<meta property=\"article:modified_time\" content=\"2022-07-13T11:44:34+00:00\" \/>\n<meta property=\"og:image\" content=\"https:\/\/conversesacatalunya.cat\/wp-content\/uploads\/2022\/07\/barcelona-decadence_0.jpg\" \/>\n\t<meta property=\"og:image:width\" content=\"490\" \/>\n\t<meta property=\"og:image:height\" content=\"225\" \/>\n\t<meta property=\"og:image:type\" content=\"image\/jpeg\" \/>\n<meta name=\"author\" content=\"conversesacatalunya\" \/>\n<meta name=\"twitter:card\" content=\"summary_large_image\" \/>\n<meta name=\"twitter:label1\" content=\"Escrito por\" \/>\n\t<meta name=\"twitter:data1\" content=\"conversesacatalunya\" \/>\n\t<meta name=\"twitter:label2\" content=\"Tiempo de lectura\" \/>\n\t<meta name=\"twitter:data2\" content=\"3 minutos\" \/>\n<script type=\"application\/ld+json\" class=\"yoast-schema-graph\">{\"@context\":\"https:\/\/schema.org\",\"@graph\":[{\"@type\":\"Article\",\"@id\":\"https:\/\/conversesacatalunya.cat\/es\/que-puntos-fuertes-le-quedan-en-barcelona\/#article\",\"isPartOf\":{\"@id\":\"https:\/\/conversesacatalunya.cat\/es\/que-puntos-fuertes-le-quedan-en-barcelona\/\"},\"author\":{\"name\":\"conversesacatalunya\",\"@id\":\"https:\/\/conversesacatalunya.cat\/#\/schema\/person\/7e24d1e54a2785373ddcb275eae5ed99\"},\"headline\":\"\u00bfQu\u00e9 puntos fuertes le quedan en Barcelona?\",\"datePublished\":\"2022-07-13T10:49:05+00:00\",\"dateModified\":\"2022-07-13T11:44:34+00:00\",\"mainEntityOfPage\":{\"@id\":\"https:\/\/conversesacatalunya.cat\/es\/que-puntos-fuertes-le-quedan-en-barcelona\/\"},\"wordCount\":641,\"commentCount\":0,\"image\":{\"@id\":\"https:\/\/conversesacatalunya.cat\/es\/que-puntos-fuertes-le-quedan-en-barcelona\/#primaryimage\"},\"thumbnailUrl\":\"https:\/\/conversesacatalunya.cat\/wp-content\/uploads\/2022\/07\/barcelona-decadence_0.jpg\",\"keywords\":[\"decadencia catalu\u00f1a\",\"municipales 2023\",\"vivienda\"],\"articleSection\":[\"Expedient Barcelona (ES)\",\"Punts clau del dia (ES)\"],\"inLanguage\":\"es\",\"potentialAction\":[{\"@type\":\"CommentAction\",\"name\":\"Comment\",\"target\":[\"https:\/\/conversesacatalunya.cat\/es\/que-puntos-fuertes-le-quedan-en-barcelona\/#respond\"]}]},{\"@type\":\"WebPage\",\"@id\":\"https:\/\/conversesacatalunya.cat\/es\/que-puntos-fuertes-le-quedan-en-barcelona\/\",\"url\":\"https:\/\/conversesacatalunya.cat\/es\/que-puntos-fuertes-le-quedan-en-barcelona\/\",\"name\":\"\u00bfQu\u00e9 puntos fuertes le quedan en Barcelona? - Converses a Catalunya\",\"isPartOf\":{\"@id\":\"https:\/\/conversesacatalunya.cat\/#website\"},\"primaryImageOfPage\":{\"@id\":\"https:\/\/conversesacatalunya.cat\/es\/que-puntos-fuertes-le-quedan-en-barcelona\/#primaryimage\"},\"image\":{\"@id\":\"https:\/\/conversesacatalunya.cat\/es\/que-puntos-fuertes-le-quedan-en-barcelona\/#primaryimage\"},\"thumbnailUrl\":\"https:\/\/conversesacatalunya.cat\/wp-content\/uploads\/2022\/07\/barcelona-decadence_0.jpg\",\"datePublished\":\"2022-07-13T10:49:05+00:00\",\"dateModified\":\"2022-07-13T11:44:34+00:00\",\"author\":{\"@id\":\"https:\/\/conversesacatalunya.cat\/#\/schema\/person\/7e24d1e54a2785373ddcb275eae5ed99\"},\"breadcrumb\":{\"@id\":\"https:\/\/conversesacatalunya.cat\/es\/que-puntos-fuertes-le-quedan-en-barcelona\/#breadcrumb\"},\"inLanguage\":\"es\",\"potentialAction\":[{\"@type\":\"ReadAction\",\"target\":[\"https:\/\/conversesacatalunya.cat\/es\/que-puntos-fuertes-le-quedan-en-barcelona\/\"]}]},{\"@type\":\"ImageObject\",\"inLanguage\":\"es\",\"@id\":\"https:\/\/conversesacatalunya.cat\/es\/que-puntos-fuertes-le-quedan-en-barcelona\/#primaryimage\",\"url\":\"https:\/\/conversesacatalunya.cat\/wp-content\/uploads\/2022\/07\/barcelona-decadence_0.jpg\",\"contentUrl\":\"https:\/\/conversesacatalunya.cat\/wp-content\/uploads\/2022\/07\/barcelona-decadence_0.jpg\",\"width\":490,\"height\":225},{\"@type\":\"BreadcrumbList\",\"@id\":\"https:\/\/conversesacatalunya.cat\/es\/que-puntos-fuertes-le-quedan-en-barcelona\/#breadcrumb\",\"itemListElement\":[{\"@type\":\"ListItem\",\"position\":1,\"name\":\"Inici\",\"item\":\"https:\/\/conversesacatalunya.cat\/es\/\"},{\"@type\":\"ListItem\",\"position\":2,\"name\":\"\u00bfQu\u00e9 puntos fuertes le quedan en Barcelona?\"}]},{\"@type\":\"WebSite\",\"@id\":\"https:\/\/conversesacatalunya.cat\/#website\",\"url\":\"https:\/\/conversesacatalunya.cat\/\",\"name\":\"Converses a Catalunya\",\"description\":\"\",\"potentialAction\":[{\"@type\":\"SearchAction\",\"target\":{\"@type\":\"EntryPoint\",\"urlTemplate\":\"https:\/\/conversesacatalunya.cat\/?s={search_term_string}\"},\"query-input\":{\"@type\":\"PropertyValueSpecification\",\"valueRequired\":true,\"valueName\":\"search_term_string\"}}],\"inLanguage\":\"es\"},{\"@type\":\"Person\",\"@id\":\"https:\/\/conversesacatalunya.cat\/#\/schema\/person\/7e24d1e54a2785373ddcb275eae5ed99\",\"name\":\"conversesacatalunya\",\"image\":{\"@type\":\"ImageObject\",\"inLanguage\":\"es\",\"@id\":\"https:\/\/conversesacatalunya.cat\/#\/schema\/person\/image\/\",\"url\":\"https:\/\/conversesacatalunya.cat\/wp-content\/litespeed\/avatar\/febdfeeec89d950f01c748045a981dd2.jpg?ver=1777314535\",\"contentUrl\":\"https:\/\/conversesacatalunya.cat\/wp-content\/litespeed\/avatar\/febdfeeec89d950f01c748045a981dd2.jpg?ver=1777314535\",\"caption\":\"conversesacatalunya\"},\"url\":\"https:\/\/conversesacatalunya.cat\/es\/author\/carme_catala\/\"}]}<\/script>\n<!-- \/ Yoast SEO plugin. -->","yoast_head_json":{"title":"\u00bfQu\u00e9 puntos fuertes le quedan en Barcelona? - Converses a Catalunya","robots":{"index":"index","follow":"follow","max-snippet":"max-snippet:-1","max-image-preview":"max-image-preview:large","max-video-preview":"max-video-preview:-1"},"canonical":"https:\/\/conversesacatalunya.cat\/es\/que-puntos-fuertes-le-quedan-en-barcelona\/","og_locale":"es_ES","og_type":"article","og_title":"\u00bfQu\u00e9 puntos fuertes le quedan en Barcelona? - Converses a Catalunya","og_description":"El grupo de Harvard, que nuclea a Pedro Nueno, ha celebrado su reuni\u00f3n anual en Madrid y tuvo como centro de atenci\u00f3n la situaci\u00f3n de Barcelona, \u200b\u200bpero m\u00e1s centrada en buscar lo que mantiene positivo que en se\u00f1alar problemas.\u00a0Un prop\u00f3sito encomiable, que vista la rese\u00f1a del encuentro cabe concluir que dio poco de s\u00ed por lo que se refiere al balance positivo del momento que vive la capital de Catalunya. De entrada hay que decir que casi toda la actividad econ\u00f3mica que no es turismo est\u00e1 concentrada y se reduce al distrito 22@.\u00a0Y pese a mostrar la din\u00e1mica de una parte de la ciudad, la conclusi\u00f3n no puede ser la de echar cohetes. Se se\u00f1alaron como m\u00e1s positivas la Copa Am\u00e9rica, el festival de m\u00fasica Primavera Sound, aspectos que no son definitorios de una ciudad de primer nivel, que Intel la haya escogido como la sede para fabricar sus chips y tambi\u00e9n el Hospital de Sant Joan de D\u00e9u que pone en marcha un centro de oncolog\u00eda pedi\u00e1trica de nivel mundial. Con car\u00e1cter m\u00e1s general, el entorno tecnol\u00f3gico de Barcelona, \u200b\u200bel biom\u00e9dico y la muy gen\u00e9rica capacidad para atraer talento tambi\u00e9n forman parte del balance positivo. Visto el funcionamiento de la ciudad no puede decirse que sea mucho, m\u00e1s si se considera que en esta conversaci\u00f3n sobre Barcelona apenas aparecieron los factores negativos. As\u00ed se se\u00f1al\u00f3 que muchos inversores inmobiliarios prefieren evitarla y consideran que Madrid y M\u00e1laga tienen mayor inter\u00e9s.\u00a0Las razones principales son la escasez de terreno, el movimiento okupa, muy extendido y protegido, hasta el extremo de que el\u00a042% de las okupaciones de toda Espa\u00f1a se producen en Catalu\u00f1a, la regulaci\u00f3n de los alquileres por parte de las administraciones y el recargo de vivienda social en toda obra nueva.\u00a0El resultado ha sido que la inversi\u00f3n en alquiler en 2021 en Barcelona s\u00f3lo ha supuesto un 8% del total.\u00a0Este escenario si se mantiene significar\u00eda que Barcelona ver\u00e1 multiplicado su problema de vivienda por lo que al final de los dos mandatos de Colau, esta cuesti\u00f3n presentar\u00e1 una situaci\u00f3n mucho m\u00e1s grave que cuando lleg\u00f3 a la alcald\u00eda. Sobre el talento y capacidad tecnol\u00f3gica de Barcelona, \u200b\u200bcabe decir que es un hecho innegable, pero al mismo tiempo deber\u00eda despertar, si no a alarma, s\u00ed inter\u00e9s los datos que se\u00f1alan que M\u00e1laga ha registrado en el \u00faltimo a\u00f1o 600 empresas gacela, que son aquellas Pymes que logran crecer r\u00e1pidamente.\u00a0En Catalunya fueron 613 y en Madrid, que ya ocupaba la delantera, 900. Es evidente que no somos los reyes del mambo en este campo, pero es que ni siquiera ocupamos un segundo lugar destacado en las din\u00e1micas actuales. En la perspectiva de la precampa\u00f1a electoral, el an\u00e1lisis de la\u00a0base econ\u00f3mica de Barcelona deber\u00eda estar al orden del d\u00eda y ser un elemento com\u00fan de todas las candidaturas electorales, porque sin examinar este hecho, su din\u00e1mica y perspectivas, mal se podr\u00e1n abordar los problemas y necesidades de la ciudad. Y no podemos olvidar en el otro extremo del impulso econ\u00f3mico la pobreza, que en Barcelona ha continuado creciendo sin que el gobierno municipal haya adoptado medidas extraordinarias.\u00a0En 2008 hab\u00eda 658 personas durmiendo en la calle.\u00a0Hoy, seg\u00fan el \u00faltimo balance de Arrels, son 1.231, pr\u00e1cticamente el doble, y otros 167 que hace un a\u00f1o.\u00a0Esa otra cara de la moneda unida a la situaci\u00f3n de la infravivienda, deber\u00eda ser otro gran tema de obligado abordaje en el preludio electoral junto a la base econ\u00f3mica.","og_url":"https:\/\/conversesacatalunya.cat\/es\/que-puntos-fuertes-le-quedan-en-barcelona\/","og_site_name":"Converses a Catalunya","article_published_time":"2022-07-13T10:49:05+00:00","article_modified_time":"2022-07-13T11:44:34+00:00","og_image":[{"width":490,"height":225,"url":"https:\/\/conversesacatalunya.cat\/wp-content\/uploads\/2022\/07\/barcelona-decadence_0.jpg","type":"image\/jpeg"}],"author":"conversesacatalunya","twitter_card":"summary_large_image","twitter_misc":{"Escrito por":"conversesacatalunya","Tiempo de lectura":"3 minutos"},"schema":{"@context":"https:\/\/schema.org","@graph":[{"@type":"Article","@id":"https:\/\/conversesacatalunya.cat\/es\/que-puntos-fuertes-le-quedan-en-barcelona\/#article","isPartOf":{"@id":"https:\/\/conversesacatalunya.cat\/es\/que-puntos-fuertes-le-quedan-en-barcelona\/"},"author":{"name":"conversesacatalunya","@id":"https:\/\/conversesacatalunya.cat\/#\/schema\/person\/7e24d1e54a2785373ddcb275eae5ed99"},"headline":"\u00bfQu\u00e9 puntos fuertes le quedan en Barcelona?","datePublished":"2022-07-13T10:49:05+00:00","dateModified":"2022-07-13T11:44:34+00:00","mainEntityOfPage":{"@id":"https:\/\/conversesacatalunya.cat\/es\/que-puntos-fuertes-le-quedan-en-barcelona\/"},"wordCount":641,"commentCount":0,"image":{"@id":"https:\/\/conversesacatalunya.cat\/es\/que-puntos-fuertes-le-quedan-en-barcelona\/#primaryimage"},"thumbnailUrl":"https:\/\/conversesacatalunya.cat\/wp-content\/uploads\/2022\/07\/barcelona-decadence_0.jpg","keywords":["decadencia catalu\u00f1a","municipales 2023","vivienda"],"articleSection":["Expedient Barcelona (ES)","Punts clau del dia (ES)"],"inLanguage":"es","potentialAction":[{"@type":"CommentAction","name":"Comment","target":["https:\/\/conversesacatalunya.cat\/es\/que-puntos-fuertes-le-quedan-en-barcelona\/#respond"]}]},{"@type":"WebPage","@id":"https:\/\/conversesacatalunya.cat\/es\/que-puntos-fuertes-le-quedan-en-barcelona\/","url":"https:\/\/conversesacatalunya.cat\/es\/que-puntos-fuertes-le-quedan-en-barcelona\/","name":"\u00bfQu\u00e9 puntos fuertes le quedan en Barcelona? - Converses a Catalunya","isPartOf":{"@id":"https:\/\/conversesacatalunya.cat\/#website"},"primaryImageOfPage":{"@id":"https:\/\/conversesacatalunya.cat\/es\/que-puntos-fuertes-le-quedan-en-barcelona\/#primaryimage"},"image":{"@id":"https:\/\/conversesacatalunya.cat\/es\/que-puntos-fuertes-le-quedan-en-barcelona\/#primaryimage"},"thumbnailUrl":"https:\/\/conversesacatalunya.cat\/wp-content\/uploads\/2022\/07\/barcelona-decadence_0.jpg","datePublished":"2022-07-13T10:49:05+00:00","dateModified":"2022-07-13T11:44:34+00:00","author":{"@id":"https:\/\/conversesacatalunya.cat\/#\/schema\/person\/7e24d1e54a2785373ddcb275eae5ed99"},"breadcrumb":{"@id":"https:\/\/conversesacatalunya.cat\/es\/que-puntos-fuertes-le-quedan-en-barcelona\/#breadcrumb"},"inLanguage":"es","potentialAction":[{"@type":"ReadAction","target":["https:\/\/conversesacatalunya.cat\/es\/que-puntos-fuertes-le-quedan-en-barcelona\/"]}]},{"@type":"ImageObject","inLanguage":"es","@id":"https:\/\/conversesacatalunya.cat\/es\/que-puntos-fuertes-le-quedan-en-barcelona\/#primaryimage","url":"https:\/\/conversesacatalunya.cat\/wp-content\/uploads\/2022\/07\/barcelona-decadence_0.jpg","contentUrl":"https:\/\/conversesacatalunya.cat\/wp-content\/uploads\/2022\/07\/barcelona-decadence_0.jpg","width":490,"height":225},{"@type":"BreadcrumbList","@id":"https:\/\/conversesacatalunya.cat\/es\/que-puntos-fuertes-le-quedan-en-barcelona\/#breadcrumb","itemListElement":[{"@type":"ListItem","position":1,"name":"Inici","item":"https:\/\/conversesacatalunya.cat\/es\/"},{"@type":"ListItem","position":2,"name":"\u00bfQu\u00e9 puntos fuertes le quedan en Barcelona?"}]},{"@type":"WebSite","@id":"https:\/\/conversesacatalunya.cat\/#website","url":"https:\/\/conversesacatalunya.cat\/","name":"Converses a Catalunya","description":"","potentialAction":[{"@type":"SearchAction","target":{"@type":"EntryPoint","urlTemplate":"https:\/\/conversesacatalunya.cat\/?s={search_term_string}"},"query-input":{"@type":"PropertyValueSpecification","valueRequired":true,"valueName":"search_term_string"}}],"inLanguage":"es"},{"@type":"Person","@id":"https:\/\/conversesacatalunya.cat\/#\/schema\/person\/7e24d1e54a2785373ddcb275eae5ed99","name":"conversesacatalunya","image":{"@type":"ImageObject","inLanguage":"es","@id":"https:\/\/conversesacatalunya.cat\/#\/schema\/person\/image\/","url":"https:\/\/conversesacatalunya.cat\/wp-content\/litespeed\/avatar\/febdfeeec89d950f01c748045a981dd2.jpg?ver=1777314535","contentUrl":"https:\/\/conversesacatalunya.cat\/wp-content\/litespeed\/avatar\/febdfeeec89d950f01c748045a981dd2.jpg?ver=1777314535","caption":"conversesacatalunya"},"url":"https:\/\/conversesacatalunya.cat\/es\/author\/carme_catala\/"}]}},"wps_subtitle":"","_links":{"self":[{"href":"https:\/\/conversesacatalunya.cat\/es\/wp-json\/wp\/v2\/posts\/59238","targetHints":{"allow":["GET"]}}],"collection":[{"href":"https:\/\/conversesacatalunya.cat\/es\/wp-json\/wp\/v2\/posts"}],"about":[{"href":"https:\/\/conversesacatalunya.cat\/es\/wp-json\/wp\/v2\/types\/post"}],"author":[{"embeddable":true,"href":"https:\/\/conversesacatalunya.cat\/es\/wp-json\/wp\/v2\/users\/2"}],"replies":[{"embeddable":true,"href":"https:\/\/conversesacatalunya.cat\/es\/wp-json\/wp\/v2\/comments?post=59238"}],"version-history":[{"count":2,"href":"https:\/\/conversesacatalunya.cat\/es\/wp-json\/wp\/v2\/posts\/59238\/revisions"}],"predecessor-version":[{"id":59240,"href":"https:\/\/conversesacatalunya.cat\/es\/wp-json\/wp\/v2\/posts\/59238\/revisions\/59240"}],"wp:featuredmedia":[{"embeddable":true,"href":"https:\/\/conversesacatalunya.cat\/es\/wp-json\/wp\/v2\/media\/59231"}],"wp:attachment":[{"href":"https:\/\/conversesacatalunya.cat\/es\/wp-json\/wp\/v2\/media?parent=59238"}],"wp:term":[{"taxonomy":"category","embeddable":true,"href":"https:\/\/conversesacatalunya.cat\/es\/wp-json\/wp\/v2\/categories?post=59238"},{"taxonomy":"post_tag","embeddable":true,"href":"https:\/\/conversesacatalunya.cat\/es\/wp-json\/wp\/v2\/tags?post=59238"}],"curies":[{"name":"wp","href":"https:\/\/api.w.org\/{rel}","templated":true}]}}