{"id":59008,"date":"2022-07-05T12:08:55","date_gmt":"2022-07-05T10:08:55","guid":{"rendered":"https:\/\/conversesacatalunya.cat\/6-claus-fi-de-regim\/"},"modified":"2022-07-05T13:02:03","modified_gmt":"2022-07-05T11:02:03","slug":"6-claves-fin-de-regimen","status":"publish","type":"post","link":"https:\/\/conversesacatalunya.cat\/es\/6-claves-fin-de-regimen\/","title":{"rendered":"Las 6 claves que se\u00f1alan un final de \u201cr\u00e9gimen\u201d"},"content":{"rendered":"<p><span class=\"\">La atm\u00f3sfera pol\u00edtica transmite aromas de final de \u201cr\u00e9gimen\u201d, de terminaci\u00f3n de lo que ha sido el\u00a0 <\/span><strong><span class=\"\">sanchismo.<\/span><\/strong><\/p>\n<p><strong>Una serie de hechos lo se\u00f1alan:<\/strong><\/p>\n<p><span style=\"color: #0000ff;\"><strong>1.<\/strong><\/span>\u00a0<strong>Las encuestas.\u00a0<\/strong>Ya hace tiempo que el te\u00f3rico blog formado por PP y Vox es ganador en unas elecciones, llegando o no a la mayor\u00eda absoluta.\u00a0<span class=\"goog-text-highlight\">Tampoco es ninguna novedad que el PP supere al PSOE y que UP mantenga una l\u00e1nguida trayectoria descendente.\u00a0<\/span>La novedad de las \u00faltimas encuestas, como la de Data10 (de 4 de julio) y la de Sigmados (de 3 de julio), radica en que el PP alcanzar\u00eda un nivel m\u00e1ximo de esca\u00f1os, entre 133 y 134, y el PSOE quedar\u00eda lejos de los 100 esca\u00f1os, entre 95 y 86. La tendencia en ese sentido parece clara.<\/p>\n<p><strong><span style=\"color: #0000ff;\"><span class=\"goog-text-highlight\">2.<\/span><\/span>\u00a0<\/strong><span class=\"goog-text-highlight\">S\u00e1nchez, como al final hizo Rodr\u00edguez Zapatero, acaba de reconocer que<\/span><strong><span class=\"goog-text-highlight\"> \u00abestamos a las puertas de una crisis\u00bb<\/span><\/strong><span class=\"goog-text-highlight\">.\u00a0<\/span>Este reconocimiento obligado por la fuerza de los hechos es un preludio m\u00e1s de un vuelco electoral.<\/p>\n<p><strong><span style=\"color: #0000ff;\">3.<\/span>\u00a0La violencia de las cifras sobre el paro.\u00a0<\/strong>El presidente del gobierno las esgrime como resultado de su buena gesti\u00f3n.\u00a0Tienen una lectura positiva: 20 millones de ocupados es una cifra r\u00e9cord y en junio ha vuelto a mejorar su afiliaci\u00f3n a la Seguridad Social.\u00a0Pero las sombras son poderosas.\u00a0Son los peores datos de empleo de un mes de junio en los \u00faltimos 15 a\u00f1os.\u00a0<strong>La buena evoluci\u00f3n del empleo no se traduce en el crecimiento del PIB y esto puede deberse a tres razones<\/strong>: una estad\u00edstica deficiente, algo improbable, unos salarios muy bajos y, especialmente, menos horas trabajadas;\u00a0en otras palabras, el panorama ser\u00eda mucho m\u00e1s claro si en lugar de contar ocupados cont\u00e1ramos horas realmente trabajadas, porque este factor explicar\u00eda las discrepancias entre la perspectiva desde el paro o la lectura del PIB.<\/p>\n<p><span style=\"color: #0000ff;\"><strong>4.<\/strong><\/span>\u00a0<strong>El gobierno espa\u00f1ol siempre ha jugado a la polarizaci\u00f3n como arma electoral.\u00a0<\/strong>La de \u00abvotar a PP es abrir la puerta del gobierno a Vox\u00bb ha sido la m\u00e1s utilizada hasta que ha demostrado, caso de Andaluc\u00eda, su inutilidad.\u00a0Ahora el gobierno ha incrementado sensiblemente la descalificaci\u00f3n y es la ministra portavoz la que acusa al PP de \u00abuna estrategia de la conspiraci\u00f3n\u00bb que \u00able recuerda aquella del 11-M de otros tiempos\u00bb. Es evidente que en esos t\u00e9rminos el juego democr\u00e1tico es imposible y cuando un gobierno se ve obligado a jugar esa carta extrema es que tiene plena conciencia de que las cosas van mal para \u00e9l.<\/p>\n<p><strong><span style=\"color: #0000ff;\">5.<\/span><span style=\"color: #0000ff;\">\u00a0<\/span>La necesidad desesperada de conseguir logros.\u00a0<\/strong>Es lo que ha llevado a S\u00e1nchez a dar la exclusiva en una entrevista en El Pa\u00eds, que har\u00eda fijos a 67.300 empleados de la sanidad p\u00fablica.\u00a0Gran noticia de entrada.\u00a0<span class=\"goog-text-highlight\">Pero que toma otra dimensi\u00f3n cuando se conoce o recuerda que acabar con los eventuales en la Sanidad es una obligaci\u00f3n dictada por la Comisi\u00f3n Europea y, tema no menor, que la administraci\u00f3n a quien le corresponde realizarlo no est\u00e1 en el gobierno central, que no tiene competencias, sino en las comunidades aut\u00f3nomas. <\/span>Es una forma como otra de manipular los hechos.<\/p>\n<p><span style=\"color: #0000ff;\"><strong>6.<\/strong><\/span><span style=\"color: #0000ff;\">\u00a0<\/span>Y coronando todos estos elementos de peso, otro hecho que oscila entre la frivolidad y el esc\u00e1ndalo.\u00a0<strong>La excursi\u00f3n a EEUU de Irene Montero y otras tres mujeres de su equipo. <\/strong><span class=\"goog-text-highlight\">Concretamente, la n\u00famero dos, \u00c1ngeles Rodr\u00edguez, la directora del gabinete, Lidia Rubio, e Isabel Serra que fue fichada como asesora de Igualdad despu\u00e9s de una sentencia de 19 meses de c\u00e1rcel por un delito de atentado a la autoridad con lesiones leves en el 2014 y que le hizo perder su condici\u00f3n de diputada auton\u00f3mica por UP en Madrid. <\/span>Ahora, en su nuevo cargo cobra 65.000 euros anuales.\u00a0Un factor adicional en el caso Serra es que para entrar en EE.UU. hay que justificar en una declaraci\u00f3n jurada que no se tienen cuentas pendientes con la justicia.\u00a0No est\u00e1 nada claro, y ya hay demandas en el Congreso de aclaraci\u00f3n de c\u00f3mo el gobierno ha resuelto esta exigencia de la administraci\u00f3n de EEUU.<\/p>\n<p>Pero lo m\u00e1s grave de todo es el motivo del viaje, del que de momento se\u00a0<strong>desconoce el coste<\/strong>.\u00a0<span class=\"goog-text-highlight\">El desplazamiento se realiz\u00f3 con el avi\u00f3n oficial del Estado, el famoso Falc\u00f3n, y se eval\u00faa que el vuelo a Nueva York tiene un coste solo de 95.200 euros.\u00a0<\/span>La visita consisti\u00f3 en una entrevista con la directora ejecutiva de pol\u00edticas de g\u00e9nero del gobierno Biden, es decir, una representante de tercera fila.\u00a0No es habitual que un ministro espa\u00f1ol lleve a cabo un desplazamiento espec\u00edfico s\u00f3lo para una reuni\u00f3n de ese nivel y menos con tanto acompa\u00f1amiento.\u00a0<strong>El resto, el viaje de 3 d\u00edas, ha consistido en una ida a Nueva York de la que hay constancia por las selfies que las propias interesadas han colgado en sus cuentas en las redes<\/strong>.\u00a0Todo ello una frivolidad y un gasto que parece impropio de un tiempo de crisis.\u00a0Claro que siempre podr\u00e1 decirse que el viaje ha servido para que Montero diera la gran noticia de que ya no est\u00e1 emparejada con Pablo Iglesias, el padre de sus tres hijos.<\/p>\n<span class='bctt-click-to-tweet'><span class='bctt-ctt-text'><a href='https:\/\/twitter.com\/intent\/tweet?url=https%3A%2F%2Fconversesacatalunya.cat%2Fes%2F6-claves-fin-de-regimen%2F&#038;text=S%C3%A1nchez%2C%20como%20al%20final%20hizo%20Rodr%C3%ADguez%20Zapatero%2C%20acaba%20de%20reconocer%20que%20estamos%20a%20las%20puertas%20de%20una%20crisis.%20Es%20un%20preludio%20m%C3%A1s%20de%20un%20vuelco%20electoral&#038;via=conversesacat&#038;related=conversesacat' target='_blank'rel=\"noopener noreferrer\">S\u00e1nchez, como al final hizo Rodr\u00edguez Zapatero, acaba de reconocer que estamos a las puertas de una crisis. Es un preludio m\u00e1s de un vuelco electoral <\/a><\/span><a href='https:\/\/twitter.com\/intent\/tweet?url=https%3A%2F%2Fconversesacatalunya.cat%2Fes%2F6-claves-fin-de-regimen%2F&#038;text=S%C3%A1nchez%2C%20como%20al%20final%20hizo%20Rodr%C3%ADguez%20Zapatero%2C%20acaba%20de%20reconocer%20que%20estamos%20a%20las%20puertas%20de%20una%20crisis.%20Es%20un%20preludio%20m%C3%A1s%20de%20un%20vuelco%20electoral&#038;via=conversesacat&#038;related=conversesacat' target='_blank' class='bctt-ctt-btn'rel=\"noopener noreferrer\">Compartir en X<\/a><\/span>\n<div id=\"polls-159\" class=\"wp-polls\">\n\t<form id=\"polls_form_159\" class=\"wp-polls-form\" action=\"\/index.php\" method=\"post\">\n\t\t<p style=\"display: none;\"><input type=\"hidden\" id=\"poll_159_nonce\" name=\"wp-polls-nonce\" value=\"e037cd0121\" \/><\/p>\n\t\t<p style=\"display: none;\"><input type=\"hidden\" name=\"poll_id\" value=\"159\" \/><\/p>\n\t\t<p style=\"text-align: center\"><strong>Malgrat el que diu l'enquesta municipal, creus que Colau tornar\u00e0 a guanyar les eleccions?<\/strong><\/p><div id=\"polls-159-ans\" class=\"wp-polls-ans\"><ul class=\"wp-polls-ul\">\n\t\t<li><input type=\"radio\" id=\"poll-answer-416\" name=\"poll_159\" value=\"416\" \/> <label for=\"poll-answer-416\">S\u00ed<\/label><\/li>\n\t\t<li><input type=\"radio\" id=\"poll-answer-417\" name=\"poll_159\" value=\"417\" \/> <label for=\"poll-answer-417\">No<\/label><\/li>\n\t\t<li><input type=\"radio\" id=\"poll-answer-418\" name=\"poll_159\" value=\"418\" \/> <label for=\"poll-answer-418\">No ho s\u00e9<\/label><\/li>\n\t\t<\/ul><p style=\"text-align: center\"><input type=\"button\" name=\"vote\" value=\"   Vota   \" class=\"Buttons\" onclick=\"poll_vote(159);\" \/><\/p><p style=\"text-align: center\"><a href=\"#ViewPollResults\" onclick=\"poll_result(159); return false;\" title=\"View Results Of This Poll\">Mira els resultats<\/a><\/p><\/div>\n\t<\/form>\n<\/div>\n<div id=\"polls-159-loading\" class=\"wp-polls-loading\"><img decoding=\"async\" data-src=\"https:\/\/conversesacatalunya.cat\/wp-content\/plugins\/wp-polls\/images\/loading.gif\" width=\"16\" height=\"16\" alt=\"Cargando ...\" title=\"Cargando ...\" class=\"wp-polls-image lazyload\" src=\"data:image\/svg+xml;base64,PHN2ZyB3aWR0aD0iMSIgaGVpZ2h0PSIxIiB4bWxucz0iaHR0cDovL3d3dy53My5vcmcvMjAwMC9zdmciPjwvc3ZnPg==\" style=\"--smush-placeholder-width: 16px; --smush-placeholder-aspect-ratio: 16\/16;\" \/>&nbsp;Cargando ...<\/div>\n\n<p>&nbsp;<\/p>\n","protected":false},"excerpt":{"rendered":"<p>La atm\u00f3sfera pol\u00edtica transmite aromas de final de \u201cr\u00e9gimen\u201d, de terminaci\u00f3n de lo que ha sido el\u00a0 sanchismo. Una serie de hechos lo se\u00f1alan: 1.\u00a0Las encuestas.\u00a0Ya hace tiempo que el te\u00f3rico blog formado por PP y Vox es ganador en unas elecciones, llegando o no a la mayor\u00eda absoluta.\u00a0Tampoco es ninguna novedad que el PP supere al PSOE y que UP mantenga una l\u00e1nguida trayectoria descendente.\u00a0La novedad de las \u00faltimas encuestas, como la de Data10 (de 4 de julio) y la de Sigmados (de 3 de julio), radica en que el PP alcanzar\u00eda un nivel m\u00e1ximo de esca\u00f1os, entre 133 y 134, y el PSOE quedar\u00eda lejos de los 100 esca\u00f1os, entre 95 y 86. La tendencia en ese sentido parece clara. 2.\u00a0S\u00e1nchez, como al final hizo Rodr\u00edguez Zapatero, acaba de reconocer que \u00abestamos a las puertas de una crisis\u00bb.\u00a0Este reconocimiento obligado por la fuerza de los hechos es un preludio m\u00e1s de un vuelco electoral. 3.\u00a0La violencia de las cifras sobre el paro.\u00a0El presidente del gobierno las esgrime como resultado de su buena gesti\u00f3n.\u00a0Tienen una lectura positiva: 20 millones de ocupados es una cifra r\u00e9cord y en junio ha vuelto a mejorar su afiliaci\u00f3n a la Seguridad Social.\u00a0Pero las sombras son poderosas.\u00a0Son los peores datos de empleo de un mes de junio en los \u00faltimos 15 a\u00f1os.\u00a0La buena evoluci\u00f3n del empleo no se traduce en el crecimiento del PIB y esto puede deberse a tres razones: una estad\u00edstica deficiente, algo improbable, unos salarios muy bajos y, especialmente, menos horas trabajadas;\u00a0en otras palabras, el panorama ser\u00eda mucho m\u00e1s claro si en lugar de contar ocupados cont\u00e1ramos horas realmente trabajadas, porque este factor explicar\u00eda las discrepancias entre la perspectiva desde el paro o la lectura del PIB. 4.\u00a0El gobierno espa\u00f1ol siempre ha jugado a la polarizaci\u00f3n como arma electoral.\u00a0La de \u00abvotar a PP es abrir la puerta del gobierno a Vox\u00bb ha sido la m\u00e1s utilizada hasta que ha demostrado, caso de Andaluc\u00eda, su inutilidad.\u00a0Ahora el gobierno ha incrementado sensiblemente la descalificaci\u00f3n y es la ministra portavoz la que acusa al PP de \u00abuna estrategia de la conspiraci\u00f3n\u00bb que \u00able recuerda aquella del 11-M de otros tiempos\u00bb. Es evidente que en esos t\u00e9rminos el juego democr\u00e1tico es imposible y cuando un gobierno se ve obligado a jugar esa carta extrema es que tiene plena conciencia de que las cosas van mal para \u00e9l. 5.\u00a0La necesidad desesperada de conseguir logros.\u00a0Es lo que ha llevado a S\u00e1nchez a dar la exclusiva en una entrevista en El Pa\u00eds, que har\u00eda fijos a 67.300 empleados de la sanidad p\u00fablica.\u00a0Gran noticia de entrada.\u00a0Pero que toma otra dimensi\u00f3n cuando se conoce o recuerda que acabar con los eventuales en la Sanidad es una obligaci\u00f3n dictada por la Comisi\u00f3n Europea y, tema no menor, que la administraci\u00f3n a quien le corresponde realizarlo no est\u00e1 en el gobierno central, que no tiene competencias, sino en las comunidades aut\u00f3nomas. Es una forma como otra de manipular los hechos. 6.\u00a0Y coronando todos estos elementos de peso, otro hecho que oscila entre la frivolidad y el esc\u00e1ndalo.\u00a0La excursi\u00f3n a EEUU de Irene Montero y otras tres mujeres de su equipo. Concretamente, la n\u00famero dos, \u00c1ngeles Rodr\u00edguez, la directora del gabinete, Lidia Rubio, e Isabel Serra que fue fichada como asesora de Igualdad despu\u00e9s de una sentencia de 19 meses de c\u00e1rcel por un delito de atentado a la autoridad con lesiones leves en el 2014 y que le hizo perder su condici\u00f3n de diputada auton\u00f3mica por UP en Madrid. Ahora, en su nuevo cargo cobra 65.000 euros anuales.\u00a0Un factor adicional en el caso Serra es que para entrar en EE.UU. hay que justificar en una declaraci\u00f3n jurada que no se tienen cuentas pendientes con la justicia.\u00a0No est\u00e1 nada claro, y ya hay demandas en el Congreso de aclaraci\u00f3n de c\u00f3mo el gobierno ha resuelto esta exigencia de la administraci\u00f3n de EEUU. Pero lo m\u00e1s grave de todo es el motivo del viaje, del que de momento se\u00a0desconoce el coste.\u00a0El desplazamiento se realiz\u00f3 con el avi\u00f3n oficial del Estado, el famoso Falc\u00f3n, y se eval\u00faa que el vuelo a Nueva York tiene un coste solo de 95.200 euros.\u00a0La visita consisti\u00f3 en una entrevista con la directora ejecutiva de pol\u00edticas de g\u00e9nero del gobierno Biden, es decir, una representante de tercera fila.\u00a0No es habitual que un ministro espa\u00f1ol lleve a cabo un desplazamiento espec\u00edfico s\u00f3lo para una reuni\u00f3n de ese nivel y menos con tanto acompa\u00f1amiento.\u00a0El resto, el viaje de 3 d\u00edas, ha consistido en una ida a Nueva York de la que hay constancia por las selfies que las propias interesadas han colgado en sus cuentas en las redes.\u00a0Todo ello una frivolidad y un gasto que parece impropio de un tiempo de crisis.\u00a0Claro que siempre podr\u00e1 decirse que el viaje ha servido para que Montero diera la gran noticia de que ya no est\u00e1 emparejada con Pablo Iglesias, el padre de sus tres hijos. &nbsp;<\/p>\n","protected":false},"author":3,"featured_media":59002,"comment_status":"open","ping_status":"open","sticky":false,"template":"","format":"standard","meta":{"_FSMCFIC_featured_image_caption":"","_FSMCFIC_featured_image_nocaption":"","_FSMCFIC_featured_image_hide":"","footnotes":""},"categories":[806],"tags":[3915,1375,1117],"class_list":["post-59008","post","type-post","status-publish","format-standard","has-post-thumbnail","hentry","category-punts-claus-del-dia-es","tag-gobierno-espanol","tag-gobierno-sanchez","tag-sanchez-es"],"yoast_head":"<!-- This site is optimized with the Yoast SEO plugin v26.8 - https:\/\/yoast.com\/product\/yoast-seo-wordpress\/ -->\n<title>Las 6 claves que se\u00f1alan un final de \u201cr\u00e9gimen\u201d - Converses a Catalunya<\/title>\n<meta name=\"description\" content=\"La atm\u00f3sfera pol\u00edtica transmite aromas de fin de \u201cr\u00e9gimen\u201d, de terminaci\u00f3n de lo que ha sido el\u00a0\u00a0sanchismo.Una serie de hechos lo se\u00f1alan\" \/>\n<meta name=\"robots\" content=\"index, follow, max-snippet:-1, max-image-preview:large, max-video-preview:-1\" \/>\n<link rel=\"canonical\" href=\"https:\/\/conversesacatalunya.cat\/es\/6-claves-fin-de-regimen\/\" \/>\n<meta property=\"og:locale\" content=\"es_ES\" \/>\n<meta property=\"og:type\" content=\"article\" \/>\n<meta property=\"og:title\" content=\"Las 6 claves que se\u00f1alan un final de \u201cr\u00e9gimen\u201d - Converses a Catalunya\" \/>\n<meta property=\"og:description\" content=\"La atm\u00f3sfera pol\u00edtica transmite aromas de fin de \u201cr\u00e9gimen\u201d, de terminaci\u00f3n de lo que ha sido el\u00a0\u00a0sanchismo.Una serie de hechos lo se\u00f1alan\" \/>\n<meta property=\"og:url\" content=\"https:\/\/conversesacatalunya.cat\/es\/6-claves-fin-de-regimen\/\" \/>\n<meta property=\"og:site_name\" content=\"Converses a Catalunya\" \/>\n<meta property=\"article:published_time\" content=\"2022-07-05T10:08:55+00:00\" \/>\n<meta property=\"article:modified_time\" content=\"2022-07-05T11:02:03+00:00\" \/>\n<meta property=\"og:image\" content=\"https:\/\/conversesacatalunya.cat\/wp-content\/uploads\/2022\/07\/Fi-de-regim.jpg\" \/>\n\t<meta property=\"og:image:width\" content=\"640\" \/>\n\t<meta property=\"og:image:height\" content=\"480\" \/>\n\t<meta property=\"og:image:type\" content=\"image\/jpeg\" \/>\n<meta name=\"author\" content=\"conversesacatalunya\" \/>\n<meta name=\"twitter:card\" content=\"summary_large_image\" \/>\n<meta name=\"twitter:label1\" content=\"Escrito por\" \/>\n\t<meta name=\"twitter:data1\" content=\"conversesacatalunya\" \/>\n\t<meta name=\"twitter:label2\" content=\"Tiempo de lectura\" \/>\n\t<meta name=\"twitter:data2\" content=\"5 minutos\" \/>\n<script type=\"application\/ld+json\" class=\"yoast-schema-graph\">{\"@context\":\"https:\/\/schema.org\",\"@graph\":[{\"@type\":\"Article\",\"@id\":\"https:\/\/conversesacatalunya.cat\/es\/6-claves-fin-de-regimen\/#article\",\"isPartOf\":{\"@id\":\"https:\/\/conversesacatalunya.cat\/es\/6-claves-fin-de-regimen\/\"},\"author\":{\"name\":\"conversesacatalunya\",\"@id\":\"https:\/\/conversesacatalunya.cat\/#\/schema\/person\/982274792508d804a0821b413c9ac076\"},\"headline\":\"Las 6 claves que se\u00f1alan un final de \u201cr\u00e9gimen\u201d\",\"datePublished\":\"2022-07-05T10:08:55+00:00\",\"dateModified\":\"2022-07-05T11:02:03+00:00\",\"mainEntityOfPage\":{\"@id\":\"https:\/\/conversesacatalunya.cat\/es\/6-claves-fin-de-regimen\/\"},\"wordCount\":935,\"commentCount\":0,\"image\":{\"@id\":\"https:\/\/conversesacatalunya.cat\/es\/6-claves-fin-de-regimen\/#primaryimage\"},\"thumbnailUrl\":\"https:\/\/conversesacatalunya.cat\/wp-content\/uploads\/2022\/07\/Fi-de-regim.jpg\",\"keywords\":[\"gobierno espa\u00f1ol\",\"Gobierno S\u00e1nchez\",\"S\u00e1nchez\"],\"articleSection\":[\"Punts clau del dia (ES)\"],\"inLanguage\":\"es\",\"potentialAction\":[{\"@type\":\"CommentAction\",\"name\":\"Comment\",\"target\":[\"https:\/\/conversesacatalunya.cat\/es\/6-claves-fin-de-regimen\/#respond\"]}]},{\"@type\":\"WebPage\",\"@id\":\"https:\/\/conversesacatalunya.cat\/es\/6-claves-fin-de-regimen\/\",\"url\":\"https:\/\/conversesacatalunya.cat\/es\/6-claves-fin-de-regimen\/\",\"name\":\"Las 6 claves que se\u00f1alan un final de \u201cr\u00e9gimen\u201d - Converses a Catalunya\",\"isPartOf\":{\"@id\":\"https:\/\/conversesacatalunya.cat\/#website\"},\"primaryImageOfPage\":{\"@id\":\"https:\/\/conversesacatalunya.cat\/es\/6-claves-fin-de-regimen\/#primaryimage\"},\"image\":{\"@id\":\"https:\/\/conversesacatalunya.cat\/es\/6-claves-fin-de-regimen\/#primaryimage\"},\"thumbnailUrl\":\"https:\/\/conversesacatalunya.cat\/wp-content\/uploads\/2022\/07\/Fi-de-regim.jpg\",\"datePublished\":\"2022-07-05T10:08:55+00:00\",\"dateModified\":\"2022-07-05T11:02:03+00:00\",\"author\":{\"@id\":\"https:\/\/conversesacatalunya.cat\/#\/schema\/person\/982274792508d804a0821b413c9ac076\"},\"description\":\"La atm\u00f3sfera pol\u00edtica transmite aromas de fin de \u201cr\u00e9gimen\u201d, de terminaci\u00f3n de lo que ha sido el\u00a0\u00a0sanchismo.Una serie de hechos lo se\u00f1alan\",\"breadcrumb\":{\"@id\":\"https:\/\/conversesacatalunya.cat\/es\/6-claves-fin-de-regimen\/#breadcrumb\"},\"inLanguage\":\"es\",\"potentialAction\":[{\"@type\":\"ReadAction\",\"target\":[\"https:\/\/conversesacatalunya.cat\/es\/6-claves-fin-de-regimen\/\"]}]},{\"@type\":\"ImageObject\",\"inLanguage\":\"es\",\"@id\":\"https:\/\/conversesacatalunya.cat\/es\/6-claves-fin-de-regimen\/#primaryimage\",\"url\":\"https:\/\/conversesacatalunya.cat\/wp-content\/uploads\/2022\/07\/Fi-de-regim.jpg\",\"contentUrl\":\"https:\/\/conversesacatalunya.cat\/wp-content\/uploads\/2022\/07\/Fi-de-regim.jpg\",\"width\":640,\"height\":480,\"caption\":\"fi de r\u00e8gim\"},{\"@type\":\"BreadcrumbList\",\"@id\":\"https:\/\/conversesacatalunya.cat\/es\/6-claves-fin-de-regimen\/#breadcrumb\",\"itemListElement\":[{\"@type\":\"ListItem\",\"position\":1,\"name\":\"Inici\",\"item\":\"https:\/\/conversesacatalunya.cat\/es\/\"},{\"@type\":\"ListItem\",\"position\":2,\"name\":\"Las 6 claves que se\u00f1alan un final de \u201cr\u00e9gimen\u201d\"}]},{\"@type\":\"WebSite\",\"@id\":\"https:\/\/conversesacatalunya.cat\/#website\",\"url\":\"https:\/\/conversesacatalunya.cat\/\",\"name\":\"Converses a Catalunya\",\"description\":\"\",\"potentialAction\":[{\"@type\":\"SearchAction\",\"target\":{\"@type\":\"EntryPoint\",\"urlTemplate\":\"https:\/\/conversesacatalunya.cat\/?s={search_term_string}\"},\"query-input\":{\"@type\":\"PropertyValueSpecification\",\"valueRequired\":true,\"valueName\":\"search_term_string\"}}],\"inLanguage\":\"es\"},{\"@type\":\"Person\",\"@id\":\"https:\/\/conversesacatalunya.cat\/#\/schema\/person\/982274792508d804a0821b413c9ac076\",\"name\":\"conversesacatalunya\",\"image\":{\"@type\":\"ImageObject\",\"inLanguage\":\"es\",\"@id\":\"https:\/\/conversesacatalunya.cat\/#\/schema\/person\/image\/\",\"url\":\"https:\/\/conversesacatalunya.cat\/wp-content\/litespeed\/avatar\/f04b47eeffd9637c7cf7869e217fb9ec.jpg?ver=1777370077\",\"contentUrl\":\"https:\/\/conversesacatalunya.cat\/wp-content\/litespeed\/avatar\/f04b47eeffd9637c7cf7869e217fb9ec.jpg?ver=1777370077\",\"caption\":\"conversesacatalunya\"},\"url\":\"https:\/\/conversesacatalunya.cat\/es\/author\/muntsa_escola\/\"}]}<\/script>\n<!-- \/ Yoast SEO plugin. -->","yoast_head_json":{"title":"Las 6 claves que se\u00f1alan un final de \u201cr\u00e9gimen\u201d - Converses a Catalunya","description":"La atm\u00f3sfera pol\u00edtica transmite aromas de fin de \u201cr\u00e9gimen\u201d, de terminaci\u00f3n de lo que ha sido el\u00a0\u00a0sanchismo.Una serie de hechos lo se\u00f1alan","robots":{"index":"index","follow":"follow","max-snippet":"max-snippet:-1","max-image-preview":"max-image-preview:large","max-video-preview":"max-video-preview:-1"},"canonical":"https:\/\/conversesacatalunya.cat\/es\/6-claves-fin-de-regimen\/","og_locale":"es_ES","og_type":"article","og_title":"Las 6 claves que se\u00f1alan un final de \u201cr\u00e9gimen\u201d - Converses a Catalunya","og_description":"La atm\u00f3sfera pol\u00edtica transmite aromas de fin de \u201cr\u00e9gimen\u201d, de terminaci\u00f3n de lo que ha sido el\u00a0\u00a0sanchismo.Una serie de hechos lo se\u00f1alan","og_url":"https:\/\/conversesacatalunya.cat\/es\/6-claves-fin-de-regimen\/","og_site_name":"Converses a Catalunya","article_published_time":"2022-07-05T10:08:55+00:00","article_modified_time":"2022-07-05T11:02:03+00:00","og_image":[{"width":640,"height":480,"url":"https:\/\/conversesacatalunya.cat\/wp-content\/uploads\/2022\/07\/Fi-de-regim.jpg","type":"image\/jpeg"}],"author":"conversesacatalunya","twitter_card":"summary_large_image","twitter_misc":{"Escrito por":"conversesacatalunya","Tiempo de lectura":"5 minutos"},"schema":{"@context":"https:\/\/schema.org","@graph":[{"@type":"Article","@id":"https:\/\/conversesacatalunya.cat\/es\/6-claves-fin-de-regimen\/#article","isPartOf":{"@id":"https:\/\/conversesacatalunya.cat\/es\/6-claves-fin-de-regimen\/"},"author":{"name":"conversesacatalunya","@id":"https:\/\/conversesacatalunya.cat\/#\/schema\/person\/982274792508d804a0821b413c9ac076"},"headline":"Las 6 claves que se\u00f1alan un final de \u201cr\u00e9gimen\u201d","datePublished":"2022-07-05T10:08:55+00:00","dateModified":"2022-07-05T11:02:03+00:00","mainEntityOfPage":{"@id":"https:\/\/conversesacatalunya.cat\/es\/6-claves-fin-de-regimen\/"},"wordCount":935,"commentCount":0,"image":{"@id":"https:\/\/conversesacatalunya.cat\/es\/6-claves-fin-de-regimen\/#primaryimage"},"thumbnailUrl":"https:\/\/conversesacatalunya.cat\/wp-content\/uploads\/2022\/07\/Fi-de-regim.jpg","keywords":["gobierno espa\u00f1ol","Gobierno S\u00e1nchez","S\u00e1nchez"],"articleSection":["Punts clau del dia (ES)"],"inLanguage":"es","potentialAction":[{"@type":"CommentAction","name":"Comment","target":["https:\/\/conversesacatalunya.cat\/es\/6-claves-fin-de-regimen\/#respond"]}]},{"@type":"WebPage","@id":"https:\/\/conversesacatalunya.cat\/es\/6-claves-fin-de-regimen\/","url":"https:\/\/conversesacatalunya.cat\/es\/6-claves-fin-de-regimen\/","name":"Las 6 claves que se\u00f1alan un final de \u201cr\u00e9gimen\u201d - Converses a Catalunya","isPartOf":{"@id":"https:\/\/conversesacatalunya.cat\/#website"},"primaryImageOfPage":{"@id":"https:\/\/conversesacatalunya.cat\/es\/6-claves-fin-de-regimen\/#primaryimage"},"image":{"@id":"https:\/\/conversesacatalunya.cat\/es\/6-claves-fin-de-regimen\/#primaryimage"},"thumbnailUrl":"https:\/\/conversesacatalunya.cat\/wp-content\/uploads\/2022\/07\/Fi-de-regim.jpg","datePublished":"2022-07-05T10:08:55+00:00","dateModified":"2022-07-05T11:02:03+00:00","author":{"@id":"https:\/\/conversesacatalunya.cat\/#\/schema\/person\/982274792508d804a0821b413c9ac076"},"description":"La atm\u00f3sfera pol\u00edtica transmite aromas de fin de \u201cr\u00e9gimen\u201d, de terminaci\u00f3n de lo que ha sido el\u00a0\u00a0sanchismo.Una serie de hechos lo se\u00f1alan","breadcrumb":{"@id":"https:\/\/conversesacatalunya.cat\/es\/6-claves-fin-de-regimen\/#breadcrumb"},"inLanguage":"es","potentialAction":[{"@type":"ReadAction","target":["https:\/\/conversesacatalunya.cat\/es\/6-claves-fin-de-regimen\/"]}]},{"@type":"ImageObject","inLanguage":"es","@id":"https:\/\/conversesacatalunya.cat\/es\/6-claves-fin-de-regimen\/#primaryimage","url":"https:\/\/conversesacatalunya.cat\/wp-content\/uploads\/2022\/07\/Fi-de-regim.jpg","contentUrl":"https:\/\/conversesacatalunya.cat\/wp-content\/uploads\/2022\/07\/Fi-de-regim.jpg","width":640,"height":480,"caption":"fi de r\u00e8gim"},{"@type":"BreadcrumbList","@id":"https:\/\/conversesacatalunya.cat\/es\/6-claves-fin-de-regimen\/#breadcrumb","itemListElement":[{"@type":"ListItem","position":1,"name":"Inici","item":"https:\/\/conversesacatalunya.cat\/es\/"},{"@type":"ListItem","position":2,"name":"Las 6 claves que se\u00f1alan un final de \u201cr\u00e9gimen\u201d"}]},{"@type":"WebSite","@id":"https:\/\/conversesacatalunya.cat\/#website","url":"https:\/\/conversesacatalunya.cat\/","name":"Converses a Catalunya","description":"","potentialAction":[{"@type":"SearchAction","target":{"@type":"EntryPoint","urlTemplate":"https:\/\/conversesacatalunya.cat\/?s={search_term_string}"},"query-input":{"@type":"PropertyValueSpecification","valueRequired":true,"valueName":"search_term_string"}}],"inLanguage":"es"},{"@type":"Person","@id":"https:\/\/conversesacatalunya.cat\/#\/schema\/person\/982274792508d804a0821b413c9ac076","name":"conversesacatalunya","image":{"@type":"ImageObject","inLanguage":"es","@id":"https:\/\/conversesacatalunya.cat\/#\/schema\/person\/image\/","url":"https:\/\/conversesacatalunya.cat\/wp-content\/litespeed\/avatar\/f04b47eeffd9637c7cf7869e217fb9ec.jpg?ver=1777370077","contentUrl":"https:\/\/conversesacatalunya.cat\/wp-content\/litespeed\/avatar\/f04b47eeffd9637c7cf7869e217fb9ec.jpg?ver=1777370077","caption":"conversesacatalunya"},"url":"https:\/\/conversesacatalunya.cat\/es\/author\/muntsa_escola\/"}]}},"wps_subtitle":"La atm\u00f3sfera pol\u00edtica transmite aromas de fin de \u201cr\u00e9gimen\u201d, de finalizaci\u00f3n de lo que ha sido el sanchismo","_links":{"self":[{"href":"https:\/\/conversesacatalunya.cat\/es\/wp-json\/wp\/v2\/posts\/59008","targetHints":{"allow":["GET"]}}],"collection":[{"href":"https:\/\/conversesacatalunya.cat\/es\/wp-json\/wp\/v2\/posts"}],"about":[{"href":"https:\/\/conversesacatalunya.cat\/es\/wp-json\/wp\/v2\/types\/post"}],"author":[{"embeddable":true,"href":"https:\/\/conversesacatalunya.cat\/es\/wp-json\/wp\/v2\/users\/3"}],"replies":[{"embeddable":true,"href":"https:\/\/conversesacatalunya.cat\/es\/wp-json\/wp\/v2\/comments?post=59008"}],"version-history":[{"count":5,"href":"https:\/\/conversesacatalunya.cat\/es\/wp-json\/wp\/v2\/posts\/59008\/revisions"}],"predecessor-version":[{"id":59013,"href":"https:\/\/conversesacatalunya.cat\/es\/wp-json\/wp\/v2\/posts\/59008\/revisions\/59013"}],"wp:featuredmedia":[{"embeddable":true,"href":"https:\/\/conversesacatalunya.cat\/es\/wp-json\/wp\/v2\/media\/59002"}],"wp:attachment":[{"href":"https:\/\/conversesacatalunya.cat\/es\/wp-json\/wp\/v2\/media?parent=59008"}],"wp:term":[{"taxonomy":"category","embeddable":true,"href":"https:\/\/conversesacatalunya.cat\/es\/wp-json\/wp\/v2\/categories?post=59008"},{"taxonomy":"post_tag","embeddable":true,"href":"https:\/\/conversesacatalunya.cat\/es\/wp-json\/wp\/v2\/tags?post=59008"}],"curies":[{"name":"wp","href":"https:\/\/api.w.org\/{rel}","templated":true}]}}