{"id":58965,"date":"2022-07-04T12:47:46","date_gmt":"2022-07-04T10:47:46","guid":{"rendered":"https:\/\/conversesacatalunya.cat\/?p=58965"},"modified":"2022-07-04T13:45:42","modified_gmt":"2022-07-04T11:45:42","slug":"biden-covid-viruela-del-mono","status":"publish","type":"post","link":"https:\/\/conversesacatalunya.cat\/es\/biden-covid-viruela-del-mono\/","title":{"rendered":"Biden triunfa, la covid y la viruela del mono tambi\u00e9n"},"content":{"rendered":"<p>La cumbre de la OTAN ha sido un \u00e9xito para el gobierno y para S\u00e1nchez. Su organizaci\u00f3n ha sido elogiada y contribuye a la buena imagen de Espa\u00f1a, pero sin duda<strong> el gran triunfador es Biden que ha logrado todos sus objetivos<\/strong>, incluso que Turqu\u00eda aceptara sobre la marcha la incorporaci\u00f3n de Finlandia y Suecia a la que se opon\u00eda. Est\u00e1 claro que el precio pagado es caro<\/p>\n<p>EEUU vender\u00e1 finalmente los aviones de combate de \u00faltima generaci\u00f3n que hab\u00eda vetado al r\u00e9gimen de Ankara y sin esperar al fin de la cumbre de la OTAN, ha tramitado ya la petici\u00f3n de extradici\u00f3n a aquellos pa\u00edses n\u00f3rdicos de 13 personas mayoritariamente vinculadas al movimiento independentista kurdo. Suecia ya se ha apresurado a se\u00f1alar que las extradiciones son cosa de los jueces y todo ello es un hilo que hay que ver c\u00f3mo acaba desarroll\u00e1ndose, pero en todo caso el \u00e9xito de entrada est\u00e1 ah\u00ed<\/p>\n<p><strong>Pero \u00e9ste no era el objetivo fundamental de Biden, sino la implicaci\u00f3n de Europa a trav\u00e9s de la OTAN en la defensa militar del Pac\u00edfico<\/strong>, porque la preocupaci\u00f3n de EE.UU. hoy es China, porque antes del 2050 se habr\u00e1 convertido en una potencia hegem\u00f3nica. <strong>Ucrania y Rusia es un tema secundario, una excusa para implicar a la OTAN en una posible acci\u00f3n militar lejana<\/strong>. No ser\u00eda la primera, basta recordar el precedente de Afganist\u00e1n, tambi\u00e9n de la mano de EEUU. Es un \u00e9xito tambi\u00e9n de Biden, si bien \u00e9ste estaba muy anunciado de antes, la <strong>ampliaci\u00f3n en Rota del n\u00famero de barcos con dotaciones antimisiles de la defensa europea<\/strong>. Este hecho ha servido para mejorar las relaciones con EE.UU., pero, atenci\u00f3n, porque al mismo tiempo convierte al sur de Espa\u00f1a en un objetivo prioritario de las armas nucleares rusas porque es all\u00ed donde radica la capacidad de llegar con los cohetes antimisiles de las fragatas de un posible ataque ruso.<\/p>\n<p>Pero al final de la cumbre, cuando todo el mundo vuelve a casa, la realidad se hace evidente con fuerza. De hecho, ya lo hizo a lo largo de la misma, con los<strong> fallecidos en la valla de Melilla y la inflaci\u00f3n al 10,2%. <\/strong><\/p>\n<h5><strong>Y ahora emergen con fuerza otras dos amenazas relacionadas con la salud p\u00fablica: la expansi\u00f3n de la covid y la viruela del mono.<\/strong><\/h5>\n<p>Una es <strong>la expansi\u00f3n de la covid<\/strong> que est\u00e1 resultando mucho m\u00e1s r\u00e1pida de lo previsto y que puede llegar a afectar a la situaci\u00f3n de los hospitales en pleno periodo vacacional del personal sanitario. El principal problema radica en las personas de mayor edad, a partir de los 75-80 a\u00f1os, que adem\u00e1s, con un porcentaje importante, sufren ya otras patolog\u00edas. La infecci\u00f3n por covid desequilibra su estado de salud y hace necesario su ingreso hospitalario. Hay que tener presente que <strong>Catalunya presenta un riesgo de rebote de 599 a finales de junio y la RT, que valora la transmisi\u00f3n, es de 1,33,<\/strong> por lo que cada persona transmite la enfermedad por un factor multiplicador de aquella magnitud. Este indicador ha evolucionado a principios de junio cuando se situaba a 1,07, mientras que el riesgo de rebote en el mismo per\u00edodo era de 322. Ya se ve la velocidad de crecimiento. Todo ello considerando que los expertos sostienen que estos valores son mucho mayores porque ahora no existen ni controles masivos ni necesidad de declarar obligatoriamente los casos que se producen. Todo ello lleva a la petici\u00f3n por parte de la comisi\u00f3n de expertos de la Generalitat a <strong>empezar a vacunar con urgencia a toda la poblaci\u00f3n mayor de 80 a\u00f1os. <\/strong><\/p>\n<p>Pero la ministra de Sanidad, <strong>Carolina Darias<\/strong>, afirma que hasta el oto\u00f1o no se proceder\u00e1 a iniciar la cuarta vacunaci\u00f3n. Parece un grave error y una irresponsabilidad por parte de S\u00e1nchez, m\u00e1s cuando todas las medidas de prevenci\u00f3n, salvo en el uso del transporte p\u00fablico, han desaparecido. No es gratuito que <strong>el conseller Argimon<\/strong> pida que las personas mayores recuperen la mascarilla en los espacios interiores. Estamos viviendo en una fase de expansi\u00f3n de la covid sin que haya ni las medidas, ni la conciencia de la gravedad del momento.<\/p>\n<p>Y por si fuera poco, <a href=\"https:\/\/conversesacatalunya.cat\/es\/todo-lo-que-hay-que-saber-sobre-la-viruela-del-mono\/\" target=\"_blank\" rel=\"noopener\"><strong>la viruela del mono<\/strong><\/a> se extiende tambi\u00e9n r\u00e1pidamente a Catalunya. En este momento la cifra de afectados en nuestro pa\u00eds es de 380 y en pocos d\u00edas se han detectado otros 230 casos. La mayor\u00eda afectan a hombres de entre 19 y 66 a\u00f1os que han iniciado los s\u00edntomas entre el 5 de mayo y el 23 de junio, y seg\u00fan el departamento de Sanidad el mecanismo de transmisi\u00f3n fundamental es el contacto estrecho generalmente ligado a las relaciones sexuales.<\/p>\n<p>Lo que explica esta r\u00e1pida difusi\u00f3n de una enfermedad ex\u00f3tica y de dif\u00edcil transmisi\u00f3n es que su inicio y propagaci\u00f3n <strong>est\u00e1n conectados a la colectividad homosexual<\/strong>. Los medios de comunicaci\u00f3n, guiados por la causa de lo pol\u00edticamente correcto, han difuminado esta realidad y han ocasionado un mal servicio a los miembros de la misma y al conjunto de la sociedad. Todo empez\u00f3 con una fiesta gay en Canarias, seguida de otra celebraci\u00f3n en una sauna de Madrid. Y a partir de ah\u00ed empez\u00f3 la propagaci\u00f3n que <strong>situ\u00f3 a Espa\u00f1a en el primer puesto mundial en n\u00famero de afectaciones.<\/strong><\/p>\n<p>Posteriormente, las celebraciones del Orgullo han acentuado, como se est\u00e1 viendo, la difusi\u00f3n de esta enfermedad que <strong>es sobre todo horrorosa e incapacitante pero no letal<\/strong>, en el colectivo gay. Lo que ocurre es que cuanto m\u00e1s crezca el n\u00famero de contactos, m\u00e1s f\u00e1cil es que se vaya extendiendo al resto de la poblaci\u00f3n, a pesar de la dificultad de la transmisi\u00f3n. Si no se detiene, y ah\u00ed existe un d\u00e9ficit de vacunaci\u00f3n y que los afectados declaren que son portadores, el problema de fondo es que <strong>acabemos incorporando esta nueva enfermedad contagiosa como end\u00e9mica.<\/strong><\/p>\n<p>Todo ello a\u00fan tensa m\u00e1s el sistema sanitario porque las personas que deben ser atendidas por sus caracter\u00edsticas requieren un circuito distinto al resto de enfermos. <strong>Se prepara un p\u00e9simo verano para la sanidad p\u00fablica<\/strong>. Y, por tanto, para todos los que tengamos la desdicha de necesitarla.<\/p>\n<span class='bctt-click-to-tweet'><span class='bctt-ctt-text'><a href='https:\/\/twitter.com\/intent\/tweet?url=https%3A%2F%2Fconversesacatalunya.cat%2Fes%2Fbiden-covid-viruela-del-mono%2F&#038;text=Y%20ahora%20emergen%20con%20fuerza%20otras%20dos%20amenazas%20relacionadas%20con%20la%20salud%20p%C3%BAblica%3A%20la%20expansi%C3%B3n%20de%20la%20covid%20y%20la%20viruela%20del%20mono&#038;via=conversesacat&#038;related=conversesacat' target='_blank'rel=\"noopener noreferrer\">Y ahora emergen con fuerza otras dos amenazas relacionadas con la salud p\u00fablica: la expansi\u00f3n de la covid y la viruela del mono <\/a><\/span><a href='https:\/\/twitter.com\/intent\/tweet?url=https%3A%2F%2Fconversesacatalunya.cat%2Fes%2Fbiden-covid-viruela-del-mono%2F&#038;text=Y%20ahora%20emergen%20con%20fuerza%20otras%20dos%20amenazas%20relacionadas%20con%20la%20salud%20p%C3%BAblica%3A%20la%20expansi%C3%B3n%20de%20la%20covid%20y%20la%20viruela%20del%20mono&#038;via=conversesacat&#038;related=conversesacat' target='_blank' class='bctt-ctt-btn'rel=\"noopener noreferrer\">Compartir en X<\/a><\/span>\n","protected":false},"excerpt":{"rendered":"<p>La cumbre de la OTAN ha sido un \u00e9xito para el gobierno y para S\u00e1nchez. Su organizaci\u00f3n ha sido elogiada y contribuye a la buena imagen de Espa\u00f1a, pero sin duda el gran triunfador es Biden que ha logrado todos sus objetivos, incluso que Turqu\u00eda aceptara sobre la marcha la incorporaci\u00f3n de Finlandia y Suecia a la que se opon\u00eda. Est\u00e1 claro que el precio pagado es caro EEUU vender\u00e1 finalmente los aviones de combate de \u00faltima generaci\u00f3n que hab\u00eda vetado al r\u00e9gimen de Ankara y sin esperar al fin de la cumbre de la OTAN, ha tramitado ya la petici\u00f3n de extradici\u00f3n a aquellos pa\u00edses n\u00f3rdicos de 13 personas mayoritariamente vinculadas al movimiento independentista kurdo. Suecia ya se ha apresurado a se\u00f1alar que las extradiciones son cosa de los jueces y todo ello es un hilo que hay que ver c\u00f3mo acaba desarroll\u00e1ndose, pero en todo caso el \u00e9xito de entrada est\u00e1 ah\u00ed Pero \u00e9ste no era el objetivo fundamental de Biden, sino la implicaci\u00f3n de Europa a trav\u00e9s de la OTAN en la defensa militar del Pac\u00edfico, porque la preocupaci\u00f3n de EE.UU. hoy es China, porque antes del 2050 se habr\u00e1 convertido en una potencia hegem\u00f3nica. Ucrania y Rusia es un tema secundario, una excusa para implicar a la OTAN en una posible acci\u00f3n militar lejana. No ser\u00eda la primera, basta recordar el precedente de Afganist\u00e1n, tambi\u00e9n de la mano de EEUU. Es un \u00e9xito tambi\u00e9n de Biden, si bien \u00e9ste estaba muy anunciado de antes, la ampliaci\u00f3n en Rota del n\u00famero de barcos con dotaciones antimisiles de la defensa europea. Este hecho ha servido para mejorar las relaciones con EE.UU., pero, atenci\u00f3n, porque al mismo tiempo convierte al sur de Espa\u00f1a en un objetivo prioritario de las armas nucleares rusas porque es all\u00ed donde radica la capacidad de llegar con los cohetes antimisiles de las fragatas de un posible ataque ruso. Pero al final de la cumbre, cuando todo el mundo vuelve a casa, la realidad se hace evidente con fuerza. De hecho, ya lo hizo a lo largo de la misma, con los fallecidos en la valla de Melilla y la inflaci\u00f3n al 10,2%. Y ahora emergen con fuerza otras dos amenazas relacionadas con la salud p\u00fablica: la expansi\u00f3n de la covid y la viruela del mono. Una es la expansi\u00f3n de la covid que est\u00e1 resultando mucho m\u00e1s r\u00e1pida de lo previsto y que puede llegar a afectar a la situaci\u00f3n de los hospitales en pleno periodo vacacional del personal sanitario. El principal problema radica en las personas de mayor edad, a partir de los 75-80 a\u00f1os, que adem\u00e1s, con un porcentaje importante, sufren ya otras patolog\u00edas. La infecci\u00f3n por covid desequilibra su estado de salud y hace necesario su ingreso hospitalario. Hay que tener presente que Catalunya presenta un riesgo de rebote de 599 a finales de junio y la RT, que valora la transmisi\u00f3n, es de 1,33, por lo que cada persona transmite la enfermedad por un factor multiplicador de aquella magnitud. Este indicador ha evolucionado a principios de junio cuando se situaba a 1,07, mientras que el riesgo de rebote en el mismo per\u00edodo era de 322. Ya se ve la velocidad de crecimiento. Todo ello considerando que los expertos sostienen que estos valores son mucho mayores porque ahora no existen ni controles masivos ni necesidad de declarar obligatoriamente los casos que se producen. Todo ello lleva a la petici\u00f3n por parte de la comisi\u00f3n de expertos de la Generalitat a empezar a vacunar con urgencia a toda la poblaci\u00f3n mayor de 80 a\u00f1os. Pero la ministra de Sanidad, Carolina Darias, afirma que hasta el oto\u00f1o no se proceder\u00e1 a iniciar la cuarta vacunaci\u00f3n. Parece un grave error y una irresponsabilidad por parte de S\u00e1nchez, m\u00e1s cuando todas las medidas de prevenci\u00f3n, salvo en el uso del transporte p\u00fablico, han desaparecido. No es gratuito que el conseller Argimon pida que las personas mayores recuperen la mascarilla en los espacios interiores. Estamos viviendo en una fase de expansi\u00f3n de la covid sin que haya ni las medidas, ni la conciencia de la gravedad del momento. Y por si fuera poco, la viruela del mono se extiende tambi\u00e9n r\u00e1pidamente a Catalunya. En este momento la cifra de afectados en nuestro pa\u00eds es de 380 y en pocos d\u00edas se han detectado otros 230 casos. La mayor\u00eda afectan a hombres de entre 19 y 66 a\u00f1os que han iniciado los s\u00edntomas entre el 5 de mayo y el 23 de junio, y seg\u00fan el departamento de Sanidad el mecanismo de transmisi\u00f3n fundamental es el contacto estrecho generalmente ligado a las relaciones sexuales. Lo que explica esta r\u00e1pida difusi\u00f3n de una enfermedad ex\u00f3tica y de dif\u00edcil transmisi\u00f3n es que su inicio y propagaci\u00f3n est\u00e1n conectados a la colectividad homosexual. Los medios de comunicaci\u00f3n, guiados por la causa de lo pol\u00edticamente correcto, han difuminado esta realidad y han ocasionado un mal servicio a los miembros de la misma y al conjunto de la sociedad. Todo empez\u00f3 con una fiesta gay en Canarias, seguida de otra celebraci\u00f3n en una sauna de Madrid. Y a partir de ah\u00ed empez\u00f3 la propagaci\u00f3n que situ\u00f3 a Espa\u00f1a en el primer puesto mundial en n\u00famero de afectaciones. Posteriormente, las celebraciones del Orgullo han acentuado, como se est\u00e1 viendo, la difusi\u00f3n de esta enfermedad que es sobre todo horrorosa e incapacitante pero no letal, en el colectivo gay. Lo que ocurre es que cuanto m\u00e1s crezca el n\u00famero de contactos, m\u00e1s f\u00e1cil es que se vaya extendiendo al resto de la poblaci\u00f3n, a pesar de la dificultad de la transmisi\u00f3n. Si no se detiene, y ah\u00ed existe un d\u00e9ficit de vacunaci\u00f3n y que los afectados declaren que son portadores, el problema de fondo es que acabemos incorporando esta nueva enfermedad contagiosa como end\u00e9mica. Todo ello a\u00fan tensa m\u00e1s el sistema sanitario porque las personas que deben ser atendidas por sus caracter\u00edsticas requieren un circuito distinto al resto de enfermos. Se prepara un p\u00e9simo verano para la sanidad p\u00fablica. Y, por tanto, para&#8230;<\/p>\n","protected":false},"author":3,"featured_media":58954,"comment_status":"open","ping_status":"open","sticky":false,"template":"","format":"standard","meta":{"_FSMCFIC_featured_image_caption":"","_FSMCFIC_featured_image_nocaption":"","_FSMCFIC_featured_image_hide":"","footnotes":""},"categories":[806],"tags":[1837,1959,2033,1059,4700,4701],"class_list":["post-58965","post","type-post","status-publish","format-standard","has-post-thumbnail","hentry","category-punts-claus-del-dia-es","tag-biden-es","tag-covid-es","tag-joe-biden-es","tag-otan-es","tag-verola-del-mico-es","tag-viruela-del-mono"],"yoast_head":"<!-- This site is optimized with the Yoast SEO plugin v26.8 - https:\/\/yoast.com\/product\/yoast-seo-wordpress\/ -->\n<title>Biden triunfa, la covid y la viruela del mono tambi\u00e9n - Converses a Catalunya<\/title>\n<meta name=\"description\" content=\"Y ahora emergen con fuerza otras dos amenazas relacionadas con la salud p\u00fablica: la expansi\u00f3n de la covid y la viruela del mono\" \/>\n<meta name=\"robots\" content=\"index, follow, max-snippet:-1, max-image-preview:large, max-video-preview:-1\" \/>\n<link rel=\"canonical\" href=\"https:\/\/conversesacatalunya.cat\/es\/biden-covid-viruela-del-mono\/\" \/>\n<meta property=\"og:locale\" content=\"es_ES\" \/>\n<meta property=\"og:type\" content=\"article\" \/>\n<meta property=\"og:title\" content=\"Biden triunfa, la covid y la viruela del mono tambi\u00e9n - Converses a Catalunya\" \/>\n<meta property=\"og:description\" content=\"Y ahora emergen con fuerza otras dos amenazas relacionadas con la salud p\u00fablica: la expansi\u00f3n de la covid y la viruela del mono\" \/>\n<meta property=\"og:url\" content=\"https:\/\/conversesacatalunya.cat\/es\/biden-covid-viruela-del-mono\/\" \/>\n<meta property=\"og:site_name\" content=\"Converses a Catalunya\" \/>\n<meta property=\"article:published_time\" content=\"2022-07-04T10:47:46+00:00\" \/>\n<meta property=\"article:modified_time\" content=\"2022-07-04T11:45:42+00:00\" \/>\n<meta property=\"og:image\" content=\"https:\/\/conversesacatalunya.cat\/wp-content\/uploads\/2022\/07\/Salut.jpg\" \/>\n\t<meta property=\"og:image:width\" content=\"640\" \/>\n\t<meta property=\"og:image:height\" content=\"426\" \/>\n\t<meta property=\"og:image:type\" content=\"image\/jpeg\" \/>\n<meta name=\"author\" content=\"conversesacatalunya\" \/>\n<meta name=\"twitter:card\" content=\"summary_large_image\" \/>\n<meta name=\"twitter:label1\" content=\"Escrito por\" \/>\n\t<meta name=\"twitter:data1\" content=\"conversesacatalunya\" \/>\n\t<meta name=\"twitter:label2\" content=\"Tiempo de lectura\" \/>\n\t<meta name=\"twitter:data2\" content=\"6 minutos\" \/>\n<script type=\"application\/ld+json\" class=\"yoast-schema-graph\">{\"@context\":\"https:\/\/schema.org\",\"@graph\":[{\"@type\":\"Article\",\"@id\":\"https:\/\/conversesacatalunya.cat\/es\/biden-covid-viruela-del-mono\/#article\",\"isPartOf\":{\"@id\":\"https:\/\/conversesacatalunya.cat\/es\/biden-covid-viruela-del-mono\/\"},\"author\":{\"name\":\"conversesacatalunya\",\"@id\":\"https:\/\/conversesacatalunya.cat\/#\/schema\/person\/982274792508d804a0821b413c9ac076\"},\"headline\":\"Biden triunfa, la covid y la viruela del mono tambi\u00e9n\",\"datePublished\":\"2022-07-04T10:47:46+00:00\",\"dateModified\":\"2022-07-04T11:45:42+00:00\",\"mainEntityOfPage\":{\"@id\":\"https:\/\/conversesacatalunya.cat\/es\/biden-covid-viruela-del-mono\/\"},\"wordCount\":1126,\"commentCount\":0,\"image\":{\"@id\":\"https:\/\/conversesacatalunya.cat\/es\/biden-covid-viruela-del-mono\/#primaryimage\"},\"thumbnailUrl\":\"https:\/\/conversesacatalunya.cat\/wp-content\/uploads\/2022\/07\/Salut.jpg\",\"keywords\":[\"Biden\",\"COVID\",\"Joe Biden\",\"OTAN\",\"verola del mico\",\"viruela del mono\"],\"articleSection\":[\"Punts clau del dia (ES)\"],\"inLanguage\":\"es\",\"potentialAction\":[{\"@type\":\"CommentAction\",\"name\":\"Comment\",\"target\":[\"https:\/\/conversesacatalunya.cat\/es\/biden-covid-viruela-del-mono\/#respond\"]}]},{\"@type\":\"WebPage\",\"@id\":\"https:\/\/conversesacatalunya.cat\/es\/biden-covid-viruela-del-mono\/\",\"url\":\"https:\/\/conversesacatalunya.cat\/es\/biden-covid-viruela-del-mono\/\",\"name\":\"Biden triunfa, la covid y la viruela del mono tambi\u00e9n - Converses a Catalunya\",\"isPartOf\":{\"@id\":\"https:\/\/conversesacatalunya.cat\/#website\"},\"primaryImageOfPage\":{\"@id\":\"https:\/\/conversesacatalunya.cat\/es\/biden-covid-viruela-del-mono\/#primaryimage\"},\"image\":{\"@id\":\"https:\/\/conversesacatalunya.cat\/es\/biden-covid-viruela-del-mono\/#primaryimage\"},\"thumbnailUrl\":\"https:\/\/conversesacatalunya.cat\/wp-content\/uploads\/2022\/07\/Salut.jpg\",\"datePublished\":\"2022-07-04T10:47:46+00:00\",\"dateModified\":\"2022-07-04T11:45:42+00:00\",\"author\":{\"@id\":\"https:\/\/conversesacatalunya.cat\/#\/schema\/person\/982274792508d804a0821b413c9ac076\"},\"description\":\"Y ahora emergen con fuerza otras dos amenazas relacionadas con la salud p\u00fablica: la expansi\u00f3n de la covid y la viruela del mono\",\"breadcrumb\":{\"@id\":\"https:\/\/conversesacatalunya.cat\/es\/biden-covid-viruela-del-mono\/#breadcrumb\"},\"inLanguage\":\"es\",\"potentialAction\":[{\"@type\":\"ReadAction\",\"target\":[\"https:\/\/conversesacatalunya.cat\/es\/biden-covid-viruela-del-mono\/\"]}]},{\"@type\":\"ImageObject\",\"inLanguage\":\"es\",\"@id\":\"https:\/\/conversesacatalunya.cat\/es\/biden-covid-viruela-del-mono\/#primaryimage\",\"url\":\"https:\/\/conversesacatalunya.cat\/wp-content\/uploads\/2022\/07\/Salut.jpg\",\"contentUrl\":\"https:\/\/conversesacatalunya.cat\/wp-content\/uploads\/2022\/07\/Salut.jpg\",\"width\":640,\"height\":426,\"caption\":\"covid viruela del mono\"},{\"@type\":\"BreadcrumbList\",\"@id\":\"https:\/\/conversesacatalunya.cat\/es\/biden-covid-viruela-del-mono\/#breadcrumb\",\"itemListElement\":[{\"@type\":\"ListItem\",\"position\":1,\"name\":\"Inici\",\"item\":\"https:\/\/conversesacatalunya.cat\/es\/\"},{\"@type\":\"ListItem\",\"position\":2,\"name\":\"Biden triunfa, la covid y la viruela del mono tambi\u00e9n\"}]},{\"@type\":\"WebSite\",\"@id\":\"https:\/\/conversesacatalunya.cat\/#website\",\"url\":\"https:\/\/conversesacatalunya.cat\/\",\"name\":\"Converses a Catalunya\",\"description\":\"\",\"potentialAction\":[{\"@type\":\"SearchAction\",\"target\":{\"@type\":\"EntryPoint\",\"urlTemplate\":\"https:\/\/conversesacatalunya.cat\/?s={search_term_string}\"},\"query-input\":{\"@type\":\"PropertyValueSpecification\",\"valueRequired\":true,\"valueName\":\"search_term_string\"}}],\"inLanguage\":\"es\"},{\"@type\":\"Person\",\"@id\":\"https:\/\/conversesacatalunya.cat\/#\/schema\/person\/982274792508d804a0821b413c9ac076\",\"name\":\"conversesacatalunya\",\"image\":{\"@type\":\"ImageObject\",\"inLanguage\":\"es\",\"@id\":\"https:\/\/conversesacatalunya.cat\/#\/schema\/person\/image\/\",\"url\":\"https:\/\/conversesacatalunya.cat\/wp-content\/litespeed\/avatar\/f04b47eeffd9637c7cf7869e217fb9ec.jpg?ver=1777370077\",\"contentUrl\":\"https:\/\/conversesacatalunya.cat\/wp-content\/litespeed\/avatar\/f04b47eeffd9637c7cf7869e217fb9ec.jpg?ver=1777370077\",\"caption\":\"conversesacatalunya\"},\"url\":\"https:\/\/conversesacatalunya.cat\/es\/author\/muntsa_escola\/\"}]}<\/script>\n<!-- \/ Yoast SEO plugin. -->","yoast_head_json":{"title":"Biden triunfa, la covid y la viruela del mono tambi\u00e9n - Converses a Catalunya","description":"Y ahora emergen con fuerza otras dos amenazas relacionadas con la salud p\u00fablica: la expansi\u00f3n de la covid y la viruela del mono","robots":{"index":"index","follow":"follow","max-snippet":"max-snippet:-1","max-image-preview":"max-image-preview:large","max-video-preview":"max-video-preview:-1"},"canonical":"https:\/\/conversesacatalunya.cat\/es\/biden-covid-viruela-del-mono\/","og_locale":"es_ES","og_type":"article","og_title":"Biden triunfa, la covid y la viruela del mono tambi\u00e9n - Converses a Catalunya","og_description":"Y ahora emergen con fuerza otras dos amenazas relacionadas con la salud p\u00fablica: la expansi\u00f3n de la covid y la viruela del mono","og_url":"https:\/\/conversesacatalunya.cat\/es\/biden-covid-viruela-del-mono\/","og_site_name":"Converses a Catalunya","article_published_time":"2022-07-04T10:47:46+00:00","article_modified_time":"2022-07-04T11:45:42+00:00","og_image":[{"width":640,"height":426,"url":"https:\/\/conversesacatalunya.cat\/wp-content\/uploads\/2022\/07\/Salut.jpg","type":"image\/jpeg"}],"author":"conversesacatalunya","twitter_card":"summary_large_image","twitter_misc":{"Escrito por":"conversesacatalunya","Tiempo de lectura":"6 minutos"},"schema":{"@context":"https:\/\/schema.org","@graph":[{"@type":"Article","@id":"https:\/\/conversesacatalunya.cat\/es\/biden-covid-viruela-del-mono\/#article","isPartOf":{"@id":"https:\/\/conversesacatalunya.cat\/es\/biden-covid-viruela-del-mono\/"},"author":{"name":"conversesacatalunya","@id":"https:\/\/conversesacatalunya.cat\/#\/schema\/person\/982274792508d804a0821b413c9ac076"},"headline":"Biden triunfa, la covid y la viruela del mono tambi\u00e9n","datePublished":"2022-07-04T10:47:46+00:00","dateModified":"2022-07-04T11:45:42+00:00","mainEntityOfPage":{"@id":"https:\/\/conversesacatalunya.cat\/es\/biden-covid-viruela-del-mono\/"},"wordCount":1126,"commentCount":0,"image":{"@id":"https:\/\/conversesacatalunya.cat\/es\/biden-covid-viruela-del-mono\/#primaryimage"},"thumbnailUrl":"https:\/\/conversesacatalunya.cat\/wp-content\/uploads\/2022\/07\/Salut.jpg","keywords":["Biden","COVID","Joe Biden","OTAN","verola del mico","viruela del mono"],"articleSection":["Punts clau del dia (ES)"],"inLanguage":"es","potentialAction":[{"@type":"CommentAction","name":"Comment","target":["https:\/\/conversesacatalunya.cat\/es\/biden-covid-viruela-del-mono\/#respond"]}]},{"@type":"WebPage","@id":"https:\/\/conversesacatalunya.cat\/es\/biden-covid-viruela-del-mono\/","url":"https:\/\/conversesacatalunya.cat\/es\/biden-covid-viruela-del-mono\/","name":"Biden triunfa, la covid y la viruela del mono tambi\u00e9n - Converses a Catalunya","isPartOf":{"@id":"https:\/\/conversesacatalunya.cat\/#website"},"primaryImageOfPage":{"@id":"https:\/\/conversesacatalunya.cat\/es\/biden-covid-viruela-del-mono\/#primaryimage"},"image":{"@id":"https:\/\/conversesacatalunya.cat\/es\/biden-covid-viruela-del-mono\/#primaryimage"},"thumbnailUrl":"https:\/\/conversesacatalunya.cat\/wp-content\/uploads\/2022\/07\/Salut.jpg","datePublished":"2022-07-04T10:47:46+00:00","dateModified":"2022-07-04T11:45:42+00:00","author":{"@id":"https:\/\/conversesacatalunya.cat\/#\/schema\/person\/982274792508d804a0821b413c9ac076"},"description":"Y ahora emergen con fuerza otras dos amenazas relacionadas con la salud p\u00fablica: la expansi\u00f3n de la covid y la viruela del mono","breadcrumb":{"@id":"https:\/\/conversesacatalunya.cat\/es\/biden-covid-viruela-del-mono\/#breadcrumb"},"inLanguage":"es","potentialAction":[{"@type":"ReadAction","target":["https:\/\/conversesacatalunya.cat\/es\/biden-covid-viruela-del-mono\/"]}]},{"@type":"ImageObject","inLanguage":"es","@id":"https:\/\/conversesacatalunya.cat\/es\/biden-covid-viruela-del-mono\/#primaryimage","url":"https:\/\/conversesacatalunya.cat\/wp-content\/uploads\/2022\/07\/Salut.jpg","contentUrl":"https:\/\/conversesacatalunya.cat\/wp-content\/uploads\/2022\/07\/Salut.jpg","width":640,"height":426,"caption":"covid viruela del mono"},{"@type":"BreadcrumbList","@id":"https:\/\/conversesacatalunya.cat\/es\/biden-covid-viruela-del-mono\/#breadcrumb","itemListElement":[{"@type":"ListItem","position":1,"name":"Inici","item":"https:\/\/conversesacatalunya.cat\/es\/"},{"@type":"ListItem","position":2,"name":"Biden triunfa, la covid y la viruela del mono tambi\u00e9n"}]},{"@type":"WebSite","@id":"https:\/\/conversesacatalunya.cat\/#website","url":"https:\/\/conversesacatalunya.cat\/","name":"Converses a Catalunya","description":"","potentialAction":[{"@type":"SearchAction","target":{"@type":"EntryPoint","urlTemplate":"https:\/\/conversesacatalunya.cat\/?s={search_term_string}"},"query-input":{"@type":"PropertyValueSpecification","valueRequired":true,"valueName":"search_term_string"}}],"inLanguage":"es"},{"@type":"Person","@id":"https:\/\/conversesacatalunya.cat\/#\/schema\/person\/982274792508d804a0821b413c9ac076","name":"conversesacatalunya","image":{"@type":"ImageObject","inLanguage":"es","@id":"https:\/\/conversesacatalunya.cat\/#\/schema\/person\/image\/","url":"https:\/\/conversesacatalunya.cat\/wp-content\/litespeed\/avatar\/f04b47eeffd9637c7cf7869e217fb9ec.jpg?ver=1777370077","contentUrl":"https:\/\/conversesacatalunya.cat\/wp-content\/litespeed\/avatar\/f04b47eeffd9637c7cf7869e217fb9ec.jpg?ver=1777370077","caption":"conversesacatalunya"},"url":"https:\/\/conversesacatalunya.cat\/es\/author\/muntsa_escola\/"}]}},"wps_subtitle":"Se prepara un p\u00e9simo verano para la sanidad p\u00fablica","_links":{"self":[{"href":"https:\/\/conversesacatalunya.cat\/es\/wp-json\/wp\/v2\/posts\/58965","targetHints":{"allow":["GET"]}}],"collection":[{"href":"https:\/\/conversesacatalunya.cat\/es\/wp-json\/wp\/v2\/posts"}],"about":[{"href":"https:\/\/conversesacatalunya.cat\/es\/wp-json\/wp\/v2\/types\/post"}],"author":[{"embeddable":true,"href":"https:\/\/conversesacatalunya.cat\/es\/wp-json\/wp\/v2\/users\/3"}],"replies":[{"embeddable":true,"href":"https:\/\/conversesacatalunya.cat\/es\/wp-json\/wp\/v2\/comments?post=58965"}],"version-history":[{"count":4,"href":"https:\/\/conversesacatalunya.cat\/es\/wp-json\/wp\/v2\/posts\/58965\/revisions"}],"predecessor-version":[{"id":58979,"href":"https:\/\/conversesacatalunya.cat\/es\/wp-json\/wp\/v2\/posts\/58965\/revisions\/58979"}],"wp:featuredmedia":[{"embeddable":true,"href":"https:\/\/conversesacatalunya.cat\/es\/wp-json\/wp\/v2\/media\/58954"}],"wp:attachment":[{"href":"https:\/\/conversesacatalunya.cat\/es\/wp-json\/wp\/v2\/media?parent=58965"}],"wp:term":[{"taxonomy":"category","embeddable":true,"href":"https:\/\/conversesacatalunya.cat\/es\/wp-json\/wp\/v2\/categories?post=58965"},{"taxonomy":"post_tag","embeddable":true,"href":"https:\/\/conversesacatalunya.cat\/es\/wp-json\/wp\/v2\/tags?post=58965"}],"curies":[{"name":"wp","href":"https:\/\/api.w.org\/{rel}","templated":true}]}}