{"id":58714,"date":"2022-06-23T12:35:03","date_gmt":"2022-06-23T10:35:03","guid":{"rendered":"https:\/\/conversesacatalunya.cat\/les-5-accions-fake-de-colau-al-llarg-daquesta-primavera-que-sacaba-ii\/"},"modified":"2022-06-23T13:44:21","modified_gmt":"2022-06-23T11:44:21","slug":"las-5-acciones-fake-de-colau-a-lo-largo-de-esta-primavera-que-termina-ii","status":"publish","type":"post","link":"https:\/\/conversesacatalunya.cat\/es\/las-5-acciones-fake-de-colau-a-lo-largo-de-esta-primavera-que-termina-ii\/","title":{"rendered":"Las 5 acciones fake de Colau a lo largo de esta primavera que termina (II)"},"content":{"rendered":"<p><span>Contin\u00faa de\u00a0<\/span><a href=\"https:\/\/conversesacatalunya.cat\/es\/las-5-acciones-fake-de-colau-a-lo-largo-de-esta-primavera-que-termina-i\/\"><span>Las 5 acciones fake de Colau a lo largo de esta primavera que termina (I)<\/span><\/a><\/p>\n<p><span><span class=\"goog-text-highlight\">Uno de los grandes ejes del programa de Colau es la\u00a0<\/span><\/span><strong><span><span class=\"goog-text-highlight\">sostenibilidad<\/span><\/span><\/strong><span><span class=\"goog-text-highlight\">.\u00a0<\/span>Los resultados no se ven por ninguna parte y lo que s\u00ed se percibe es que las decisiones que adopta son exactamente las que van en sentido contrario a ese proyecto.<\/span><\/p>\n<p><span>Olvid\u00e9monos por un momento de la evidencia, del tr\u00e1fico congestionado por las medidas municipales y que por esta causa contamina m\u00e1s que nunca, y recordemos otros hechos recientes:<\/span><\/p>\n<p><span>Primavera Sound, 85.000 espectadores diarios.\u00a0Sonar 122.000.\u00a0\u00bfQui\u00e9n puede pensar que con estas cifras tan brutales de asistentes a festivales musicales insertados de lleno en la misma trama urbana, la sostenibilidad es posible?<\/span><\/p>\n<p><span>Movimientos de esa dimensi\u00f3n son incompatibles en el caso de la estructura urbana de Barcelona en una ciudad sostenible.<\/span><\/p>\n<p><span>En la misma l\u00ednea hay que situar los\u00a0<\/span><strong><span>refugios clim\u00e1ticos de ficci\u00f3n<\/span><\/strong><span>.\u00a0Distribuir carteles por parques, escuelas y bibliotecas declar\u00e1ndolos refugios clim\u00e1ticos no resuelve absolutamente nada, porque ya exist\u00edan antes del cartelito y es evidente que cualquier ciudadano puede saber que en ese lugar pod\u00eda encontrar cierto alivio a la agresi\u00f3n de las elevadas temperaturas. Pero, si somos sinceros, debemos reconocer que los mejores y de mayor capacidad de Barcelona no est\u00e1n identificados por el ayuntamiento. Son las grandes tiendas, los grandes almacenes, que disponen de una refrigeraci\u00f3n brutal, que digamos de paso no es demasiado sostenible.<\/span><\/p>\n<p><span>Pero, \u00bfc\u00f3mo frenar las olas de calor como la \u00faltima que hemos sufrido? Hay dos respuestas que Colau no ha puesto en marcha y que s\u00ed tienen que ver con esta sostenibilidad ante el cambio clim\u00e1tico.\u00a0Una de ellas es la r\u00e1pida transformaci\u00f3n, pues no requiere grandes operaciones de ingenier\u00eda, de las\u00a0<\/span><strong><span>plazas duras en plazas verdes<\/span><\/strong><span>.\u00a0Estos puntos de la ciudad en la medida en que se multiplican constituyen nuevos oasis que atemperan el entorno.\u00a0El mejor ejemplo de lo que no debe ser es la pervivencia de la plaza de los Pa\u00efsos Catalans que a\u00fan espera transformarse en una gran zona verde.\u00a0Es que por la capacidad realizadora de Colau es m\u00e1s f\u00e1cil hacer colgar cartelitos que hacer plazas verdes.\u00a0Mientras, se entretienen en plantar macetas con peque\u00f1as arborescencias y pintar rayas de colores en el suelo, como si esto resolviera algo.<\/span><\/p>\n<p><span>La otra gran medida pr\u00e1cticamente in\u00e9dita es la de\u00a0<\/span><strong><span>mejorar el aislamiento t\u00e9rmico de los edificios<\/span><\/strong><span>\u00a0de Barcelona, \u200b\u200bsobre todo el de aquellos sectores de poblaci\u00f3n con menor capacidad econ\u00f3mica.\u00a0El mejor refugio clim\u00e1tico deber\u00eda ser el hogar de cada uno, que pudiera disponer de un buen aislamiento que abaratar\u00eda notablemente calentar en invierno y refrigerar en verano.\u00a0Esta transformaci\u00f3n y la instalaci\u00f3n masiva de placas solares para la autoproducci\u00f3n de energ\u00eda es el gran instrumento de Barcelona para conseguir la sostenibilidad frente al cambio clim\u00e1tico.\u00a0Pero, sobre esto nada se ha hecho, a pesar de que cada a\u00f1o los indicadores de que viviremos veranos anticipados y t\u00f3rridos es toda una evidencia.<\/span><\/p>\n<p><span>La sostenibilidad de la ciudad es todo lo contrario de lo que Colau est\u00e1 haciendo en el parque de la Oreneta. <span class=\"goog-text-highlight\">En lugar de mantener sus condiciones naturales en buen estado y garantizar el car\u00e1cter silvestre del sitio, lo que hace es\u00a0<\/span><\/span><strong><span><span class=\"goog-text-highlight\">pavimentar caminos<\/span><\/span><\/strong><span><span class=\"goog-text-highlight\"> y a consecuencia de esta acci\u00f3n abrir pozos de drenaje para que estos caminos cuando llueva se conviertan en peque\u00f1as rieras que erosionar\u00edan el parque si no se llevan a cabo estos pozos. <\/span>Sin embargo, todo lo que hace es destruir uno de los pocos espacios que ten\u00edan un car\u00e1cter m\u00e1s naturalizado de Barcelona.<\/span><\/p>\n<p><span>En la Barcelona verde y ecologista de Colau resulta ahora, por si no acumulara ya suficientes contradicciones, que le encanta pavimentar caminos en la naturaleza.\u00a0El motivo de esta chapuza es desconocido y explica en un grado suficiente que 14 entidades vecinales, mayoritariamente dedicadas a la protecci\u00f3n del patrimonio, pidan a la alcaldesa que detenga las obras de pavimentaci\u00f3n de este parque. No es la primera vez que ocurre.\u00a0<span class=\"\">Ya hubo un intento anterior que logr\u00f3 ser frenado, pero ahora el consistorio vuelve al asalto del\u00a0<\/span><\/span><strong><span><span class=\"\">parque de la Oreneta<\/span><\/span><\/strong><span><span class=\"\">.<\/span><\/span><\/p>\n<div id=\"polls-157\" class=\"wp-polls\">\n\t<form id=\"polls_form_157\" class=\"wp-polls-form\" action=\"\/index.php\" method=\"post\">\n\t\t<p style=\"display: none;\"><input type=\"hidden\" id=\"poll_157_nonce\" name=\"wp-polls-nonce\" value=\"4f442a3583\" \/><\/p>\n\t\t<p style=\"display: none;\"><input type=\"hidden\" name=\"poll_id\" value=\"157\" \/><\/p>\n\t\t<p style=\"text-align: center\"><strong>Has utilitzat algun dia de l'onada de calor algun dels refugis clim\u00e0tics del govern municipal d'Ada Colau?<\/strong><\/p><div id=\"polls-157-ans\" class=\"wp-polls-ans\"><ul class=\"wp-polls-ul\">\n\t\t<li><input type=\"radio\" id=\"poll-answer-409\" name=\"poll_157\" value=\"409\" \/> <label for=\"poll-answer-409\">S\u00ed<\/label><\/li>\n\t\t<li><input type=\"radio\" id=\"poll-answer-410\" name=\"poll_157\" value=\"410\" \/> <label for=\"poll-answer-410\">No<\/label><\/li>\n\t\t<li><input type=\"radio\" id=\"poll-answer-411\" name=\"poll_157\" value=\"411\" \/> <label for=\"poll-answer-411\">No s\u00e9 que \u00e9s<\/label><\/li>\n\t\t<li><input type=\"radio\" id=\"poll-answer-412\" name=\"poll_157\" value=\"412\" \/> <label for=\"poll-answer-412\">No s\u00e9 on s\u00f3n<\/label><\/li>\n\t\t<\/ul><p style=\"text-align: center\"><input type=\"button\" name=\"vote\" value=\"   Vota   \" class=\"Buttons\" onclick=\"poll_vote(157);\" \/><\/p><p style=\"text-align: center\"><a href=\"#ViewPollResults\" onclick=\"poll_result(157); return false;\" title=\"View Results Of This Poll\">Mira els resultats<\/a><\/p><\/div>\n\t<\/form>\n<\/div>\n<div id=\"polls-157-loading\" class=\"wp-polls-loading\"><img decoding=\"async\" data-src=\"https:\/\/conversesacatalunya.cat\/wp-content\/plugins\/wp-polls\/images\/loading.gif\" width=\"16\" height=\"16\" alt=\"Cargando ...\" title=\"Cargando ...\" class=\"wp-polls-image lazyload\" src=\"data:image\/svg+xml;base64,PHN2ZyB3aWR0aD0iMSIgaGVpZ2h0PSIxIiB4bWxucz0iaHR0cDovL3d3dy53My5vcmcvMjAwMC9zdmciPjwvc3ZnPg==\" style=\"--smush-placeholder-width: 16px; --smush-placeholder-aspect-ratio: 16\/16;\" \/>&nbsp;Cargando ...<\/div>\n\n","protected":false},"excerpt":{"rendered":"<p>Contin\u00faa de\u00a0Las 5 acciones fake de Colau a lo largo de esta primavera que termina (I) Uno de los grandes ejes del programa de Colau es la\u00a0sostenibilidad.\u00a0Los resultados no se ven por ninguna parte y lo que s\u00ed se percibe es que las decisiones que adopta son exactamente las que van en sentido contrario a ese proyecto. Olvid\u00e9monos por un momento de la evidencia, del tr\u00e1fico congestionado por las medidas municipales y que por esta causa contamina m\u00e1s que nunca, y recordemos otros hechos recientes: Primavera Sound, 85.000 espectadores diarios.\u00a0Sonar 122.000.\u00a0\u00bfQui\u00e9n puede pensar que con estas cifras tan brutales de asistentes a festivales musicales insertados de lleno en la misma trama urbana, la sostenibilidad es posible? Movimientos de esa dimensi\u00f3n son incompatibles en el caso de la estructura urbana de Barcelona en una ciudad sostenible. En la misma l\u00ednea hay que situar los\u00a0refugios clim\u00e1ticos de ficci\u00f3n.\u00a0Distribuir carteles por parques, escuelas y bibliotecas declar\u00e1ndolos refugios clim\u00e1ticos no resuelve absolutamente nada, porque ya exist\u00edan antes del cartelito y es evidente que cualquier ciudadano puede saber que en ese lugar pod\u00eda encontrar cierto alivio a la agresi\u00f3n de las elevadas temperaturas. Pero, si somos sinceros, debemos reconocer que los mejores y de mayor capacidad de Barcelona no est\u00e1n identificados por el ayuntamiento. Son las grandes tiendas, los grandes almacenes, que disponen de una refrigeraci\u00f3n brutal, que digamos de paso no es demasiado sostenible. Pero, \u00bfc\u00f3mo frenar las olas de calor como la \u00faltima que hemos sufrido? Hay dos respuestas que Colau no ha puesto en marcha y que s\u00ed tienen que ver con esta sostenibilidad ante el cambio clim\u00e1tico.\u00a0Una de ellas es la r\u00e1pida transformaci\u00f3n, pues no requiere grandes operaciones de ingenier\u00eda, de las\u00a0plazas duras en plazas verdes.\u00a0Estos puntos de la ciudad en la medida en que se multiplican constituyen nuevos oasis que atemperan el entorno.\u00a0El mejor ejemplo de lo que no debe ser es la pervivencia de la plaza de los Pa\u00efsos Catalans que a\u00fan espera transformarse en una gran zona verde.\u00a0Es que por la capacidad realizadora de Colau es m\u00e1s f\u00e1cil hacer colgar cartelitos que hacer plazas verdes.\u00a0Mientras, se entretienen en plantar macetas con peque\u00f1as arborescencias y pintar rayas de colores en el suelo, como si esto resolviera algo. La otra gran medida pr\u00e1cticamente in\u00e9dita es la de\u00a0mejorar el aislamiento t\u00e9rmico de los edificios\u00a0de Barcelona, \u200b\u200bsobre todo el de aquellos sectores de poblaci\u00f3n con menor capacidad econ\u00f3mica.\u00a0El mejor refugio clim\u00e1tico deber\u00eda ser el hogar de cada uno, que pudiera disponer de un buen aislamiento que abaratar\u00eda notablemente calentar en invierno y refrigerar en verano.\u00a0Esta transformaci\u00f3n y la instalaci\u00f3n masiva de placas solares para la autoproducci\u00f3n de energ\u00eda es el gran instrumento de Barcelona para conseguir la sostenibilidad frente al cambio clim\u00e1tico.\u00a0Pero, sobre esto nada se ha hecho, a pesar de que cada a\u00f1o los indicadores de que viviremos veranos anticipados y t\u00f3rridos es toda una evidencia. La sostenibilidad de la ciudad es todo lo contrario de lo que Colau est\u00e1 haciendo en el parque de la Oreneta. En lugar de mantener sus condiciones naturales en buen estado y garantizar el car\u00e1cter silvestre del sitio, lo que hace es\u00a0pavimentar caminos y a consecuencia de esta acci\u00f3n abrir pozos de drenaje para que estos caminos cuando llueva se conviertan en peque\u00f1as rieras que erosionar\u00edan el parque si no se llevan a cabo estos pozos. Sin embargo, todo lo que hace es destruir uno de los pocos espacios que ten\u00edan un car\u00e1cter m\u00e1s naturalizado de Barcelona. En la Barcelona verde y ecologista de Colau resulta ahora, por si no acumulara ya suficientes contradicciones, que le encanta pavimentar caminos en la naturaleza.\u00a0El motivo de esta chapuza es desconocido y explica en un grado suficiente que 14 entidades vecinales, mayoritariamente dedicadas a la protecci\u00f3n del patrimonio, pidan a la alcaldesa que detenga las obras de pavimentaci\u00f3n de este parque. No es la primera vez que ocurre.\u00a0Ya hubo un intento anterior que logr\u00f3 ser frenado, pero ahora el consistorio vuelve al asalto del\u00a0parque de la Oreneta.<\/p>\n","protected":false},"author":2,"featured_media":58695,"comment_status":"open","ping_status":"open","sticky":false,"template":"","format":"standard","meta":{"_FSMCFIC_featured_image_caption":"","_FSMCFIC_featured_image_nocaption":"","_FSMCFIC_featured_image_hide":"","footnotes":""},"categories":[3787,806],"tags":[],"class_list":["post-58714","post","type-post","status-publish","format-standard","has-post-thumbnail","hentry","category-expedient-barcelona-es","category-punts-claus-del-dia-es"],"yoast_head":"<!-- This site is optimized with the Yoast SEO plugin v26.8 - https:\/\/yoast.com\/product\/yoast-seo-wordpress\/ -->\n<title>Las 5 acciones fake de Colau a lo largo de esta primavera que termina (II) - Converses a Catalunya<\/title>\n<meta name=\"robots\" content=\"index, follow, max-snippet:-1, max-image-preview:large, max-video-preview:-1\" \/>\n<link rel=\"canonical\" href=\"https:\/\/conversesacatalunya.cat\/es\/las-5-acciones-fake-de-colau-a-lo-largo-de-esta-primavera-que-termina-ii\/\" \/>\n<meta property=\"og:locale\" content=\"es_ES\" \/>\n<meta property=\"og:type\" content=\"article\" \/>\n<meta property=\"og:title\" content=\"Las 5 acciones fake de Colau a lo largo de esta primavera que termina (II) - Converses a Catalunya\" \/>\n<meta property=\"og:description\" content=\"Contin\u00faa de\u00a0Las 5 acciones fake de Colau a lo largo de esta primavera que termina (I) Uno de los grandes ejes del programa de Colau es la\u00a0sostenibilidad.\u00a0Los resultados no se ven por ninguna parte y lo que s\u00ed se percibe es que las decisiones que adopta son exactamente las que van en sentido contrario a ese proyecto. Olvid\u00e9monos por un momento de la evidencia, del tr\u00e1fico congestionado por las medidas municipales y que por esta causa contamina m\u00e1s que nunca, y recordemos otros hechos recientes: Primavera Sound, 85.000 espectadores diarios.\u00a0Sonar 122.000.\u00a0\u00bfQui\u00e9n puede pensar que con estas cifras tan brutales de asistentes a festivales musicales insertados de lleno en la misma trama urbana, la sostenibilidad es posible? Movimientos de esa dimensi\u00f3n son incompatibles en el caso de la estructura urbana de Barcelona en una ciudad sostenible. En la misma l\u00ednea hay que situar los\u00a0refugios clim\u00e1ticos de ficci\u00f3n.\u00a0Distribuir carteles por parques, escuelas y bibliotecas declar\u00e1ndolos refugios clim\u00e1ticos no resuelve absolutamente nada, porque ya exist\u00edan antes del cartelito y es evidente que cualquier ciudadano puede saber que en ese lugar pod\u00eda encontrar cierto alivio a la agresi\u00f3n de las elevadas temperaturas. Pero, si somos sinceros, debemos reconocer que los mejores y de mayor capacidad de Barcelona no est\u00e1n identificados por el ayuntamiento. Son las grandes tiendas, los grandes almacenes, que disponen de una refrigeraci\u00f3n brutal, que digamos de paso no es demasiado sostenible. Pero, \u00bfc\u00f3mo frenar las olas de calor como la \u00faltima que hemos sufrido? Hay dos respuestas que Colau no ha puesto en marcha y que s\u00ed tienen que ver con esta sostenibilidad ante el cambio clim\u00e1tico.\u00a0Una de ellas es la r\u00e1pida transformaci\u00f3n, pues no requiere grandes operaciones de ingenier\u00eda, de las\u00a0plazas duras en plazas verdes.\u00a0Estos puntos de la ciudad en la medida en que se multiplican constituyen nuevos oasis que atemperan el entorno.\u00a0El mejor ejemplo de lo que no debe ser es la pervivencia de la plaza de los Pa\u00efsos Catalans que a\u00fan espera transformarse en una gran zona verde.\u00a0Es que por la capacidad realizadora de Colau es m\u00e1s f\u00e1cil hacer colgar cartelitos que hacer plazas verdes.\u00a0Mientras, se entretienen en plantar macetas con peque\u00f1as arborescencias y pintar rayas de colores en el suelo, como si esto resolviera algo. La otra gran medida pr\u00e1cticamente in\u00e9dita es la de\u00a0mejorar el aislamiento t\u00e9rmico de los edificios\u00a0de Barcelona, \u200b\u200bsobre todo el de aquellos sectores de poblaci\u00f3n con menor capacidad econ\u00f3mica.\u00a0El mejor refugio clim\u00e1tico deber\u00eda ser el hogar de cada uno, que pudiera disponer de un buen aislamiento que abaratar\u00eda notablemente calentar en invierno y refrigerar en verano.\u00a0Esta transformaci\u00f3n y la instalaci\u00f3n masiva de placas solares para la autoproducci\u00f3n de energ\u00eda es el gran instrumento de Barcelona para conseguir la sostenibilidad frente al cambio clim\u00e1tico.\u00a0Pero, sobre esto nada se ha hecho, a pesar de que cada a\u00f1o los indicadores de que viviremos veranos anticipados y t\u00f3rridos es toda una evidencia. La sostenibilidad de la ciudad es todo lo contrario de lo que Colau est\u00e1 haciendo en el parque de la Oreneta. En lugar de mantener sus condiciones naturales en buen estado y garantizar el car\u00e1cter silvestre del sitio, lo que hace es\u00a0pavimentar caminos y a consecuencia de esta acci\u00f3n abrir pozos de drenaje para que estos caminos cuando llueva se conviertan en peque\u00f1as rieras que erosionar\u00edan el parque si no se llevan a cabo estos pozos. Sin embargo, todo lo que hace es destruir uno de los pocos espacios que ten\u00edan un car\u00e1cter m\u00e1s naturalizado de Barcelona. En la Barcelona verde y ecologista de Colau resulta ahora, por si no acumulara ya suficientes contradicciones, que le encanta pavimentar caminos en la naturaleza.\u00a0El motivo de esta chapuza es desconocido y explica en un grado suficiente que 14 entidades vecinales, mayoritariamente dedicadas a la protecci\u00f3n del patrimonio, pidan a la alcaldesa que detenga las obras de pavimentaci\u00f3n de este parque. No es la primera vez que ocurre.\u00a0Ya hubo un intento anterior que logr\u00f3 ser frenado, pero ahora el consistorio vuelve al asalto del\u00a0parque de la Oreneta.\" \/>\n<meta property=\"og:url\" content=\"https:\/\/conversesacatalunya.cat\/es\/las-5-acciones-fake-de-colau-a-lo-largo-de-esta-primavera-que-termina-ii\/\" \/>\n<meta property=\"og:site_name\" content=\"Converses a Catalunya\" \/>\n<meta property=\"article:published_time\" content=\"2022-06-23T10:35:03+00:00\" \/>\n<meta property=\"article:modified_time\" content=\"2022-06-23T11:44:21+00:00\" \/>\n<meta property=\"og:image\" content=\"https:\/\/conversesacatalunya.cat\/wp-content\/uploads\/2022\/06\/refugi-climatic.jpg\" \/>\n\t<meta property=\"og:image:width\" content=\"768\" \/>\n\t<meta property=\"og:image:height\" content=\"1024\" \/>\n\t<meta property=\"og:image:type\" content=\"image\/jpeg\" \/>\n<meta name=\"author\" content=\"conversesacatalunya\" \/>\n<meta name=\"twitter:card\" content=\"summary_large_image\" \/>\n<meta name=\"twitter:label1\" content=\"Escrito por\" \/>\n\t<meta name=\"twitter:data1\" content=\"conversesacatalunya\" \/>\n\t<meta name=\"twitter:label2\" content=\"Tiempo de lectura\" \/>\n\t<meta name=\"twitter:data2\" content=\"4 minutos\" \/>\n<script type=\"application\/ld+json\" class=\"yoast-schema-graph\">{\"@context\":\"https:\/\/schema.org\",\"@graph\":[{\"@type\":\"Article\",\"@id\":\"https:\/\/conversesacatalunya.cat\/es\/las-5-acciones-fake-de-colau-a-lo-largo-de-esta-primavera-que-termina-ii\/#article\",\"isPartOf\":{\"@id\":\"https:\/\/conversesacatalunya.cat\/es\/las-5-acciones-fake-de-colau-a-lo-largo-de-esta-primavera-que-termina-ii\/\"},\"author\":{\"name\":\"conversesacatalunya\",\"@id\":\"https:\/\/conversesacatalunya.cat\/#\/schema\/person\/7e24d1e54a2785373ddcb275eae5ed99\"},\"headline\":\"Las 5 acciones fake de Colau a lo largo de esta primavera que termina (II)\",\"datePublished\":\"2022-06-23T10:35:03+00:00\",\"dateModified\":\"2022-06-23T11:44:21+00:00\",\"mainEntityOfPage\":{\"@id\":\"https:\/\/conversesacatalunya.cat\/es\/las-5-acciones-fake-de-colau-a-lo-largo-de-esta-primavera-que-termina-ii\/\"},\"wordCount\":743,\"commentCount\":0,\"image\":{\"@id\":\"https:\/\/conversesacatalunya.cat\/es\/las-5-acciones-fake-de-colau-a-lo-largo-de-esta-primavera-que-termina-ii\/#primaryimage\"},\"thumbnailUrl\":\"https:\/\/conversesacatalunya.cat\/wp-content\/uploads\/2022\/06\/refugi-climatic.jpg\",\"articleSection\":[\"Expedient Barcelona (ES)\",\"Punts clau del dia (ES)\"],\"inLanguage\":\"es\",\"potentialAction\":[{\"@type\":\"CommentAction\",\"name\":\"Comment\",\"target\":[\"https:\/\/conversesacatalunya.cat\/es\/las-5-acciones-fake-de-colau-a-lo-largo-de-esta-primavera-que-termina-ii\/#respond\"]}]},{\"@type\":\"WebPage\",\"@id\":\"https:\/\/conversesacatalunya.cat\/es\/las-5-acciones-fake-de-colau-a-lo-largo-de-esta-primavera-que-termina-ii\/\",\"url\":\"https:\/\/conversesacatalunya.cat\/es\/las-5-acciones-fake-de-colau-a-lo-largo-de-esta-primavera-que-termina-ii\/\",\"name\":\"Las 5 acciones fake de Colau a lo largo de esta primavera que termina (II) - Converses a Catalunya\",\"isPartOf\":{\"@id\":\"https:\/\/conversesacatalunya.cat\/#website\"},\"primaryImageOfPage\":{\"@id\":\"https:\/\/conversesacatalunya.cat\/es\/las-5-acciones-fake-de-colau-a-lo-largo-de-esta-primavera-que-termina-ii\/#primaryimage\"},\"image\":{\"@id\":\"https:\/\/conversesacatalunya.cat\/es\/las-5-acciones-fake-de-colau-a-lo-largo-de-esta-primavera-que-termina-ii\/#primaryimage\"},\"thumbnailUrl\":\"https:\/\/conversesacatalunya.cat\/wp-content\/uploads\/2022\/06\/refugi-climatic.jpg\",\"datePublished\":\"2022-06-23T10:35:03+00:00\",\"dateModified\":\"2022-06-23T11:44:21+00:00\",\"author\":{\"@id\":\"https:\/\/conversesacatalunya.cat\/#\/schema\/person\/7e24d1e54a2785373ddcb275eae5ed99\"},\"breadcrumb\":{\"@id\":\"https:\/\/conversesacatalunya.cat\/es\/las-5-acciones-fake-de-colau-a-lo-largo-de-esta-primavera-que-termina-ii\/#breadcrumb\"},\"inLanguage\":\"es\",\"potentialAction\":[{\"@type\":\"ReadAction\",\"target\":[\"https:\/\/conversesacatalunya.cat\/es\/las-5-acciones-fake-de-colau-a-lo-largo-de-esta-primavera-que-termina-ii\/\"]}]},{\"@type\":\"ImageObject\",\"inLanguage\":\"es\",\"@id\":\"https:\/\/conversesacatalunya.cat\/es\/las-5-acciones-fake-de-colau-a-lo-largo-de-esta-primavera-que-termina-ii\/#primaryimage\",\"url\":\"https:\/\/conversesacatalunya.cat\/wp-content\/uploads\/2022\/06\/refugi-climatic.jpg\",\"contentUrl\":\"https:\/\/conversesacatalunya.cat\/wp-content\/uploads\/2022\/06\/refugi-climatic.jpg\",\"width\":768,\"height\":1024},{\"@type\":\"BreadcrumbList\",\"@id\":\"https:\/\/conversesacatalunya.cat\/es\/las-5-acciones-fake-de-colau-a-lo-largo-de-esta-primavera-que-termina-ii\/#breadcrumb\",\"itemListElement\":[{\"@type\":\"ListItem\",\"position\":1,\"name\":\"Inici\",\"item\":\"https:\/\/conversesacatalunya.cat\/es\/\"},{\"@type\":\"ListItem\",\"position\":2,\"name\":\"Las 5 acciones fake de Colau a lo largo de esta primavera que termina (II)\"}]},{\"@type\":\"WebSite\",\"@id\":\"https:\/\/conversesacatalunya.cat\/#website\",\"url\":\"https:\/\/conversesacatalunya.cat\/\",\"name\":\"Converses a Catalunya\",\"description\":\"\",\"potentialAction\":[{\"@type\":\"SearchAction\",\"target\":{\"@type\":\"EntryPoint\",\"urlTemplate\":\"https:\/\/conversesacatalunya.cat\/?s={search_term_string}\"},\"query-input\":{\"@type\":\"PropertyValueSpecification\",\"valueRequired\":true,\"valueName\":\"search_term_string\"}}],\"inLanguage\":\"es\"},{\"@type\":\"Person\",\"@id\":\"https:\/\/conversesacatalunya.cat\/#\/schema\/person\/7e24d1e54a2785373ddcb275eae5ed99\",\"name\":\"conversesacatalunya\",\"image\":{\"@type\":\"ImageObject\",\"inLanguage\":\"es\",\"@id\":\"https:\/\/conversesacatalunya.cat\/#\/schema\/person\/image\/\",\"url\":\"https:\/\/conversesacatalunya.cat\/wp-content\/litespeed\/avatar\/febdfeeec89d950f01c748045a981dd2.jpg?ver=1777314535\",\"contentUrl\":\"https:\/\/conversesacatalunya.cat\/wp-content\/litespeed\/avatar\/febdfeeec89d950f01c748045a981dd2.jpg?ver=1777314535\",\"caption\":\"conversesacatalunya\"},\"url\":\"https:\/\/conversesacatalunya.cat\/es\/author\/carme_catala\/\"}]}<\/script>\n<!-- \/ Yoast SEO plugin. -->","yoast_head_json":{"title":"Las 5 acciones fake de Colau a lo largo de esta primavera que termina (II) - Converses a Catalunya","robots":{"index":"index","follow":"follow","max-snippet":"max-snippet:-1","max-image-preview":"max-image-preview:large","max-video-preview":"max-video-preview:-1"},"canonical":"https:\/\/conversesacatalunya.cat\/es\/las-5-acciones-fake-de-colau-a-lo-largo-de-esta-primavera-que-termina-ii\/","og_locale":"es_ES","og_type":"article","og_title":"Las 5 acciones fake de Colau a lo largo de esta primavera que termina (II) - Converses a Catalunya","og_description":"Contin\u00faa de\u00a0Las 5 acciones fake de Colau a lo largo de esta primavera que termina (I) Uno de los grandes ejes del programa de Colau es la\u00a0sostenibilidad.\u00a0Los resultados no se ven por ninguna parte y lo que s\u00ed se percibe es que las decisiones que adopta son exactamente las que van en sentido contrario a ese proyecto. Olvid\u00e9monos por un momento de la evidencia, del tr\u00e1fico congestionado por las medidas municipales y que por esta causa contamina m\u00e1s que nunca, y recordemos otros hechos recientes: Primavera Sound, 85.000 espectadores diarios.\u00a0Sonar 122.000.\u00a0\u00bfQui\u00e9n puede pensar que con estas cifras tan brutales de asistentes a festivales musicales insertados de lleno en la misma trama urbana, la sostenibilidad es posible? Movimientos de esa dimensi\u00f3n son incompatibles en el caso de la estructura urbana de Barcelona en una ciudad sostenible. En la misma l\u00ednea hay que situar los\u00a0refugios clim\u00e1ticos de ficci\u00f3n.\u00a0Distribuir carteles por parques, escuelas y bibliotecas declar\u00e1ndolos refugios clim\u00e1ticos no resuelve absolutamente nada, porque ya exist\u00edan antes del cartelito y es evidente que cualquier ciudadano puede saber que en ese lugar pod\u00eda encontrar cierto alivio a la agresi\u00f3n de las elevadas temperaturas. Pero, si somos sinceros, debemos reconocer que los mejores y de mayor capacidad de Barcelona no est\u00e1n identificados por el ayuntamiento. Son las grandes tiendas, los grandes almacenes, que disponen de una refrigeraci\u00f3n brutal, que digamos de paso no es demasiado sostenible. Pero, \u00bfc\u00f3mo frenar las olas de calor como la \u00faltima que hemos sufrido? Hay dos respuestas que Colau no ha puesto en marcha y que s\u00ed tienen que ver con esta sostenibilidad ante el cambio clim\u00e1tico.\u00a0Una de ellas es la r\u00e1pida transformaci\u00f3n, pues no requiere grandes operaciones de ingenier\u00eda, de las\u00a0plazas duras en plazas verdes.\u00a0Estos puntos de la ciudad en la medida en que se multiplican constituyen nuevos oasis que atemperan el entorno.\u00a0El mejor ejemplo de lo que no debe ser es la pervivencia de la plaza de los Pa\u00efsos Catalans que a\u00fan espera transformarse en una gran zona verde.\u00a0Es que por la capacidad realizadora de Colau es m\u00e1s f\u00e1cil hacer colgar cartelitos que hacer plazas verdes.\u00a0Mientras, se entretienen en plantar macetas con peque\u00f1as arborescencias y pintar rayas de colores en el suelo, como si esto resolviera algo. La otra gran medida pr\u00e1cticamente in\u00e9dita es la de\u00a0mejorar el aislamiento t\u00e9rmico de los edificios\u00a0de Barcelona, \u200b\u200bsobre todo el de aquellos sectores de poblaci\u00f3n con menor capacidad econ\u00f3mica.\u00a0El mejor refugio clim\u00e1tico deber\u00eda ser el hogar de cada uno, que pudiera disponer de un buen aislamiento que abaratar\u00eda notablemente calentar en invierno y refrigerar en verano.\u00a0Esta transformaci\u00f3n y la instalaci\u00f3n masiva de placas solares para la autoproducci\u00f3n de energ\u00eda es el gran instrumento de Barcelona para conseguir la sostenibilidad frente al cambio clim\u00e1tico.\u00a0Pero, sobre esto nada se ha hecho, a pesar de que cada a\u00f1o los indicadores de que viviremos veranos anticipados y t\u00f3rridos es toda una evidencia. La sostenibilidad de la ciudad es todo lo contrario de lo que Colau est\u00e1 haciendo en el parque de la Oreneta. En lugar de mantener sus condiciones naturales en buen estado y garantizar el car\u00e1cter silvestre del sitio, lo que hace es\u00a0pavimentar caminos y a consecuencia de esta acci\u00f3n abrir pozos de drenaje para que estos caminos cuando llueva se conviertan en peque\u00f1as rieras que erosionar\u00edan el parque si no se llevan a cabo estos pozos. Sin embargo, todo lo que hace es destruir uno de los pocos espacios que ten\u00edan un car\u00e1cter m\u00e1s naturalizado de Barcelona. En la Barcelona verde y ecologista de Colau resulta ahora, por si no acumulara ya suficientes contradicciones, que le encanta pavimentar caminos en la naturaleza.\u00a0El motivo de esta chapuza es desconocido y explica en un grado suficiente que 14 entidades vecinales, mayoritariamente dedicadas a la protecci\u00f3n del patrimonio, pidan a la alcaldesa que detenga las obras de pavimentaci\u00f3n de este parque. No es la primera vez que ocurre.\u00a0Ya hubo un intento anterior que logr\u00f3 ser frenado, pero ahora el consistorio vuelve al asalto del\u00a0parque de la Oreneta.","og_url":"https:\/\/conversesacatalunya.cat\/es\/las-5-acciones-fake-de-colau-a-lo-largo-de-esta-primavera-que-termina-ii\/","og_site_name":"Converses a Catalunya","article_published_time":"2022-06-23T10:35:03+00:00","article_modified_time":"2022-06-23T11:44:21+00:00","og_image":[{"width":768,"height":1024,"url":"https:\/\/conversesacatalunya.cat\/wp-content\/uploads\/2022\/06\/refugi-climatic.jpg","type":"image\/jpeg"}],"author":"conversesacatalunya","twitter_card":"summary_large_image","twitter_misc":{"Escrito por":"conversesacatalunya","Tiempo de lectura":"4 minutos"},"schema":{"@context":"https:\/\/schema.org","@graph":[{"@type":"Article","@id":"https:\/\/conversesacatalunya.cat\/es\/las-5-acciones-fake-de-colau-a-lo-largo-de-esta-primavera-que-termina-ii\/#article","isPartOf":{"@id":"https:\/\/conversesacatalunya.cat\/es\/las-5-acciones-fake-de-colau-a-lo-largo-de-esta-primavera-que-termina-ii\/"},"author":{"name":"conversesacatalunya","@id":"https:\/\/conversesacatalunya.cat\/#\/schema\/person\/7e24d1e54a2785373ddcb275eae5ed99"},"headline":"Las 5 acciones fake de Colau a lo largo de esta primavera que termina (II)","datePublished":"2022-06-23T10:35:03+00:00","dateModified":"2022-06-23T11:44:21+00:00","mainEntityOfPage":{"@id":"https:\/\/conversesacatalunya.cat\/es\/las-5-acciones-fake-de-colau-a-lo-largo-de-esta-primavera-que-termina-ii\/"},"wordCount":743,"commentCount":0,"image":{"@id":"https:\/\/conversesacatalunya.cat\/es\/las-5-acciones-fake-de-colau-a-lo-largo-de-esta-primavera-que-termina-ii\/#primaryimage"},"thumbnailUrl":"https:\/\/conversesacatalunya.cat\/wp-content\/uploads\/2022\/06\/refugi-climatic.jpg","articleSection":["Expedient Barcelona (ES)","Punts clau del dia (ES)"],"inLanguage":"es","potentialAction":[{"@type":"CommentAction","name":"Comment","target":["https:\/\/conversesacatalunya.cat\/es\/las-5-acciones-fake-de-colau-a-lo-largo-de-esta-primavera-que-termina-ii\/#respond"]}]},{"@type":"WebPage","@id":"https:\/\/conversesacatalunya.cat\/es\/las-5-acciones-fake-de-colau-a-lo-largo-de-esta-primavera-que-termina-ii\/","url":"https:\/\/conversesacatalunya.cat\/es\/las-5-acciones-fake-de-colau-a-lo-largo-de-esta-primavera-que-termina-ii\/","name":"Las 5 acciones fake de Colau a lo largo de esta primavera que termina (II) - Converses a Catalunya","isPartOf":{"@id":"https:\/\/conversesacatalunya.cat\/#website"},"primaryImageOfPage":{"@id":"https:\/\/conversesacatalunya.cat\/es\/las-5-acciones-fake-de-colau-a-lo-largo-de-esta-primavera-que-termina-ii\/#primaryimage"},"image":{"@id":"https:\/\/conversesacatalunya.cat\/es\/las-5-acciones-fake-de-colau-a-lo-largo-de-esta-primavera-que-termina-ii\/#primaryimage"},"thumbnailUrl":"https:\/\/conversesacatalunya.cat\/wp-content\/uploads\/2022\/06\/refugi-climatic.jpg","datePublished":"2022-06-23T10:35:03+00:00","dateModified":"2022-06-23T11:44:21+00:00","author":{"@id":"https:\/\/conversesacatalunya.cat\/#\/schema\/person\/7e24d1e54a2785373ddcb275eae5ed99"},"breadcrumb":{"@id":"https:\/\/conversesacatalunya.cat\/es\/las-5-acciones-fake-de-colau-a-lo-largo-de-esta-primavera-que-termina-ii\/#breadcrumb"},"inLanguage":"es","potentialAction":[{"@type":"ReadAction","target":["https:\/\/conversesacatalunya.cat\/es\/las-5-acciones-fake-de-colau-a-lo-largo-de-esta-primavera-que-termina-ii\/"]}]},{"@type":"ImageObject","inLanguage":"es","@id":"https:\/\/conversesacatalunya.cat\/es\/las-5-acciones-fake-de-colau-a-lo-largo-de-esta-primavera-que-termina-ii\/#primaryimage","url":"https:\/\/conversesacatalunya.cat\/wp-content\/uploads\/2022\/06\/refugi-climatic.jpg","contentUrl":"https:\/\/conversesacatalunya.cat\/wp-content\/uploads\/2022\/06\/refugi-climatic.jpg","width":768,"height":1024},{"@type":"BreadcrumbList","@id":"https:\/\/conversesacatalunya.cat\/es\/las-5-acciones-fake-de-colau-a-lo-largo-de-esta-primavera-que-termina-ii\/#breadcrumb","itemListElement":[{"@type":"ListItem","position":1,"name":"Inici","item":"https:\/\/conversesacatalunya.cat\/es\/"},{"@type":"ListItem","position":2,"name":"Las 5 acciones fake de Colau a lo largo de esta primavera que termina (II)"}]},{"@type":"WebSite","@id":"https:\/\/conversesacatalunya.cat\/#website","url":"https:\/\/conversesacatalunya.cat\/","name":"Converses a Catalunya","description":"","potentialAction":[{"@type":"SearchAction","target":{"@type":"EntryPoint","urlTemplate":"https:\/\/conversesacatalunya.cat\/?s={search_term_string}"},"query-input":{"@type":"PropertyValueSpecification","valueRequired":true,"valueName":"search_term_string"}}],"inLanguage":"es"},{"@type":"Person","@id":"https:\/\/conversesacatalunya.cat\/#\/schema\/person\/7e24d1e54a2785373ddcb275eae5ed99","name":"conversesacatalunya","image":{"@type":"ImageObject","inLanguage":"es","@id":"https:\/\/conversesacatalunya.cat\/#\/schema\/person\/image\/","url":"https:\/\/conversesacatalunya.cat\/wp-content\/litespeed\/avatar\/febdfeeec89d950f01c748045a981dd2.jpg?ver=1777314535","contentUrl":"https:\/\/conversesacatalunya.cat\/wp-content\/litespeed\/avatar\/febdfeeec89d950f01c748045a981dd2.jpg?ver=1777314535","caption":"conversesacatalunya"},"url":"https:\/\/conversesacatalunya.cat\/es\/author\/carme_catala\/"}]}},"wps_subtitle":"De las olas de calor a la falsa sostenibilidad ambiental","_links":{"self":[{"href":"https:\/\/conversesacatalunya.cat\/es\/wp-json\/wp\/v2\/posts\/58714","targetHints":{"allow":["GET"]}}],"collection":[{"href":"https:\/\/conversesacatalunya.cat\/es\/wp-json\/wp\/v2\/posts"}],"about":[{"href":"https:\/\/conversesacatalunya.cat\/es\/wp-json\/wp\/v2\/types\/post"}],"author":[{"embeddable":true,"href":"https:\/\/conversesacatalunya.cat\/es\/wp-json\/wp\/v2\/users\/2"}],"replies":[{"embeddable":true,"href":"https:\/\/conversesacatalunya.cat\/es\/wp-json\/wp\/v2\/comments?post=58714"}],"version-history":[{"count":2,"href":"https:\/\/conversesacatalunya.cat\/es\/wp-json\/wp\/v2\/posts\/58714\/revisions"}],"predecessor-version":[{"id":58716,"href":"https:\/\/conversesacatalunya.cat\/es\/wp-json\/wp\/v2\/posts\/58714\/revisions\/58716"}],"wp:featuredmedia":[{"embeddable":true,"href":"https:\/\/conversesacatalunya.cat\/es\/wp-json\/wp\/v2\/media\/58695"}],"wp:attachment":[{"href":"https:\/\/conversesacatalunya.cat\/es\/wp-json\/wp\/v2\/media?parent=58714"}],"wp:term":[{"taxonomy":"category","embeddable":true,"href":"https:\/\/conversesacatalunya.cat\/es\/wp-json\/wp\/v2\/categories?post=58714"},{"taxonomy":"post_tag","embeddable":true,"href":"https:\/\/conversesacatalunya.cat\/es\/wp-json\/wp\/v2\/tags?post=58714"}],"curies":[{"name":"wp","href":"https:\/\/api.w.org\/{rel}","templated":true}]}}