{"id":58529,"date":"2022-06-17T09:06:29","date_gmt":"2022-06-17T07:06:29","guid":{"rendered":"https:\/\/conversesacatalunya.cat\/?p=58529"},"modified":"2022-06-17T09:06:29","modified_gmt":"2022-06-17T07:06:29","slug":"generalitat-colapsos-ap-7","status":"publish","type":"post","link":"https:\/\/conversesacatalunya.cat\/es\/generalitat-colapsos-ap-7\/","title":{"rendered":"Resultados de la encuesta anterior: \u00bfCrees que la Generalitat deber\u00eda abordar con urgencia los colapsos de la AP-7?"},"content":{"rendered":"<p>En la encuesta anterior: \u00bfCrees que la Generalitat deber\u00eda abordar con urgencia los colapsos de la AP-7?, <strong>nuestros lectores han votado: S\u00ed 96% y No 4%.<\/strong><\/p>\n<p>Si se entra en el<strong> Twitter de Tr\u00e1fico AP-7<\/strong>, las frases m\u00e1s comunes son:<\/p>\n<p>Circulaci\u00f3n intensa, circulaci\u00f3n con congesti\u00f3n, circulaci\u00f3n con retenciones, calzada restringida por obras, calzada cortada, incendio de veh\u00edculo, retirada de veh\u00edculo, etc.<\/p>\n<p>Con este panorama, no es de extra\u00f1ar, que el ejecutivo catal\u00e1n haya reclamado al gobierno espa\u00f1ol un compromiso claro con las infraestructuras en Catalunya, puesto que se trata de un problema estructural en la AP-7 agravado con la retirada de los peajes y una falta de previsi\u00f3n por este hecho.<\/p>\n<p><strong>El gobierno catal\u00e1n ha anunciado nuevas medidas<\/strong> para reducir el tr\u00e1fico en esta v\u00eda, a partir del puente largo de Sant Joan:<\/p>\n<ul>\n<li>Carriles adicionales en algunos puntos<\/li>\n<li>Limitar la circulaci\u00f3n de camiones los viernes y d\u00edas previos a festivos (los camioneros ya se han quejado).<\/li>\n<li>Un sistema de gruas para sacar con celeridad los veh\u00edculos accidentados.<\/li>\n<li>Reducir la velocidad a 110 km\/h y en algunos tramos a 100 km\/h.<\/li>\n<\/ul>\n<p>Veremos si todas estas medidas ayudar\u00e1n a<strong><a href=\"https:\/\/conversesacatalunya.cat\/es\/de-las-estructuras-de-estado-a-la-pifia-de-la-ap-7\/\" target=\"_blank\" rel=\"noopener\"> descongestionar la AP-7<\/a><\/strong>, aunque quiz\u00e1s lleguen un poco tarde.<\/p>\n<div id=\"polls-156\" class=\"wp-polls\">\n\t<form id=\"polls_form_156\" class=\"wp-polls-form\" action=\"\/index.php\" method=\"post\">\n\t\t<p style=\"display: none;\"><input type=\"hidden\" id=\"poll_156_nonce\" name=\"wp-polls-nonce\" value=\"3bf7749984\" \/><\/p>\n\t\t<p style=\"display: none;\"><input type=\"hidden\" name=\"poll_id\" value=\"156\" \/><\/p>\n\t\t<p style=\"text-align: center\"><strong>Es presentar\u00e0 Sandro Rosell a les pr\u00f2ximes eleccions municipals a l'Ajuntament de Barcelona?<\/strong><\/p><div id=\"polls-156-ans\" class=\"wp-polls-ans\"><ul class=\"wp-polls-ul\">\n\t\t<li><input type=\"radio\" id=\"poll-answer-406\" name=\"poll_156\" value=\"406\" \/> <label for=\"poll-answer-406\">S\u00ed<\/label><\/li>\n\t\t<li><input type=\"radio\" id=\"poll-answer-407\" name=\"poll_156\" value=\"407\" \/> <label for=\"poll-answer-407\">No<\/label><\/li>\n\t\t<li><input type=\"radio\" id=\"poll-answer-408\" name=\"poll_156\" value=\"408\" \/> <label for=\"poll-answer-408\">No ho s\u00e9<\/label><\/li>\n\t\t<\/ul><p style=\"text-align: center\"><input type=\"button\" name=\"vote\" value=\"   Vota   \" class=\"Buttons\" onclick=\"poll_vote(156);\" \/><\/p><p style=\"text-align: center\"><a href=\"#ViewPollResults\" onclick=\"poll_result(156); return false;\" title=\"View Results Of This Poll\">Mira els resultats<\/a><\/p><\/div>\n\t<\/form>\n<\/div>\n<div id=\"polls-156-loading\" class=\"wp-polls-loading\"><img decoding=\"async\" data-src=\"https:\/\/conversesacatalunya.cat\/wp-content\/plugins\/wp-polls\/images\/loading.gif\" width=\"16\" height=\"16\" alt=\"Cargando ...\" title=\"Cargando ...\" class=\"wp-polls-image lazyload\" src=\"data:image\/svg+xml;base64,PHN2ZyB3aWR0aD0iMSIgaGVpZ2h0PSIxIiB4bWxucz0iaHR0cDovL3d3dy53My5vcmcvMjAwMC9zdmciPjwvc3ZnPg==\" style=\"--smush-placeholder-width: 16px; --smush-placeholder-aspect-ratio: 16\/16;\" \/>&nbsp;Cargando ...<\/div>\n\n<p>&nbsp;<\/p>\n<p>&nbsp;<\/p>\n<p>&nbsp;<\/p>\n","protected":false},"excerpt":{"rendered":"<p>En la encuesta anterior: \u00bfCrees que la Generalitat deber\u00eda abordar con urgencia los colapsos de la AP-7?, nuestros lectores han votado: S\u00ed 96% y No 4%. Si se entra en el Twitter de Tr\u00e1fico AP-7, las frases m\u00e1s comunes son: Circulaci\u00f3n intensa, circulaci\u00f3n con congesti\u00f3n, circulaci\u00f3n con retenciones, calzada restringida por obras, calzada cortada, incendio de veh\u00edculo, retirada de veh\u00edculo, etc. Con este panorama, no es de extra\u00f1ar, que el ejecutivo catal\u00e1n haya reclamado al gobierno espa\u00f1ol un compromiso claro con las infraestructuras en Catalunya, puesto que se trata de un problema estructural en la AP-7 agravado con la retirada de los peajes y una falta de previsi\u00f3n por este hecho. El gobierno catal\u00e1n ha anunciado nuevas medidas para reducir el tr\u00e1fico en esta v\u00eda, a partir del puente largo de Sant Joan: Carriles adicionales en algunos puntos Limitar la circulaci\u00f3n de camiones los viernes y d\u00edas previos a festivos (los camioneros ya se han quejado). Un sistema de gruas para sacar con celeridad los veh\u00edculos accidentados. Reducir la velocidad a 110 km\/h y en algunos tramos a 100 km\/h. Veremos si todas estas medidas ayudar\u00e1n a descongestionar la AP-7, aunque quiz\u00e1s lleguen un poco tarde. &nbsp; &nbsp; &nbsp;<\/p>\n","protected":false},"author":3,"featured_media":58511,"comment_status":"open","ping_status":"open","sticky":false,"template":"","format":"standard","meta":{"_FSMCFIC_featured_image_caption":"","_FSMCFIC_featured_image_nocaption":"","_FSMCFIC_featured_image_hide":"","footnotes":""},"categories":[789],"tags":[3763],"class_list":["post-58529","post","type-post","status-publish","format-standard","has-post-thumbnail","hentry","category-objectius-especifics-es","tag-circulacio-es"],"yoast_head":"<!-- This site is optimized with the Yoast SEO plugin v26.8 - https:\/\/yoast.com\/product\/yoast-seo-wordpress\/ -->\n<title>Resultados de la encuesta anterior: \u00bfCrees que la Generalitat deber\u00eda abordar con urgencia los colapsos de la AP-7? - Converses a Catalunya<\/title>\n<meta name=\"description\" content=\"Circulaci\u00f3n intensa, circulaci\u00f3n con congesti\u00f3n, circulaci\u00f3n con retenciones, calzada restringida por obras, calzada cortada, retirar veh\u00edcu\" \/>\n<meta name=\"robots\" content=\"noindex, nofollow\" \/>\n<meta property=\"og:locale\" content=\"es_ES\" \/>\n<meta property=\"og:type\" content=\"article\" \/>\n<meta property=\"og:title\" content=\"Resultados de la encuesta anterior: \u00bfCrees que la Generalitat deber\u00eda abordar con urgencia los colapsos de la AP-7? - Converses a Catalunya\" \/>\n<meta property=\"og:description\" content=\"Circulaci\u00f3n intensa, circulaci\u00f3n con congesti\u00f3n, circulaci\u00f3n con retenciones, calzada restringida por obras, calzada cortada, retirar veh\u00edcu\" \/>\n<meta property=\"og:url\" content=\"https:\/\/conversesacatalunya.cat\/es\/generalitat-colapsos-ap-7\/\" \/>\n<meta property=\"og:site_name\" content=\"Converses a Catalunya\" \/>\n<meta property=\"article:published_time\" content=\"2022-06-17T07:06:29+00:00\" \/>\n<meta property=\"og:image\" content=\"https:\/\/conversesacatalunya.cat\/wp-content\/uploads\/2022\/06\/AP7.jpg\" \/>\n\t<meta property=\"og:image:width\" content=\"640\" \/>\n\t<meta property=\"og:image:height\" content=\"426\" \/>\n\t<meta property=\"og:image:type\" content=\"image\/jpeg\" \/>\n<meta name=\"author\" content=\"conversesacatalunya\" \/>\n<meta name=\"twitter:card\" content=\"summary_large_image\" \/>\n<meta name=\"twitter:label1\" content=\"Escrito por\" \/>\n\t<meta name=\"twitter:data1\" content=\"conversesacatalunya\" \/>\n\t<meta name=\"twitter:label2\" content=\"Tiempo de lectura\" \/>\n\t<meta name=\"twitter:data2\" content=\"2 minutos\" \/>\n<script type=\"application\/ld+json\" class=\"yoast-schema-graph\">{\"@context\":\"https:\/\/schema.org\",\"@graph\":[{\"@type\":\"Article\",\"@id\":\"https:\/\/conversesacatalunya.cat\/es\/generalitat-colapsos-ap-7\/#article\",\"isPartOf\":{\"@id\":\"https:\/\/conversesacatalunya.cat\/es\/generalitat-colapsos-ap-7\/\"},\"author\":{\"name\":\"conversesacatalunya\",\"@id\":\"https:\/\/conversesacatalunya.cat\/#\/schema\/person\/982274792508d804a0821b413c9ac076\"},\"headline\":\"Resultados de la encuesta anterior: \u00bfCrees que la Generalitat deber\u00eda abordar con urgencia los colapsos de la AP-7?\",\"datePublished\":\"2022-06-17T07:06:29+00:00\",\"mainEntityOfPage\":{\"@id\":\"https:\/\/conversesacatalunya.cat\/es\/generalitat-colapsos-ap-7\/\"},\"wordCount\":239,\"commentCount\":0,\"image\":{\"@id\":\"https:\/\/conversesacatalunya.cat\/es\/generalitat-colapsos-ap-7\/#primaryimage\"},\"thumbnailUrl\":\"https:\/\/conversesacatalunya.cat\/wp-content\/uploads\/2022\/06\/AP7.jpg\",\"keywords\":[\"circulaci\u00f3\"],\"articleSection\":[\"Objectius espec\u00edfics (ES)\"],\"inLanguage\":\"es\",\"potentialAction\":[{\"@type\":\"CommentAction\",\"name\":\"Comment\",\"target\":[\"https:\/\/conversesacatalunya.cat\/es\/generalitat-colapsos-ap-7\/#respond\"]}]},{\"@type\":\"WebPage\",\"@id\":\"https:\/\/conversesacatalunya.cat\/es\/generalitat-colapsos-ap-7\/\",\"url\":\"https:\/\/conversesacatalunya.cat\/es\/generalitat-colapsos-ap-7\/\",\"name\":\"Resultados de la encuesta anterior: \u00bfCrees que la Generalitat deber\u00eda abordar con urgencia los colapsos de la AP-7? - Converses a Catalunya\",\"isPartOf\":{\"@id\":\"https:\/\/conversesacatalunya.cat\/#website\"},\"primaryImageOfPage\":{\"@id\":\"https:\/\/conversesacatalunya.cat\/es\/generalitat-colapsos-ap-7\/#primaryimage\"},\"image\":{\"@id\":\"https:\/\/conversesacatalunya.cat\/es\/generalitat-colapsos-ap-7\/#primaryimage\"},\"thumbnailUrl\":\"https:\/\/conversesacatalunya.cat\/wp-content\/uploads\/2022\/06\/AP7.jpg\",\"datePublished\":\"2022-06-17T07:06:29+00:00\",\"author\":{\"@id\":\"https:\/\/conversesacatalunya.cat\/#\/schema\/person\/982274792508d804a0821b413c9ac076\"},\"description\":\"Circulaci\u00f3n intensa, circulaci\u00f3n con congesti\u00f3n, circulaci\u00f3n con retenciones, calzada restringida por obras, calzada cortada, retirar veh\u00edcu\",\"breadcrumb\":{\"@id\":\"https:\/\/conversesacatalunya.cat\/es\/generalitat-colapsos-ap-7\/#breadcrumb\"},\"inLanguage\":\"es\",\"potentialAction\":[{\"@type\":\"ReadAction\",\"target\":[\"https:\/\/conversesacatalunya.cat\/es\/generalitat-colapsos-ap-7\/\"]}]},{\"@type\":\"ImageObject\",\"inLanguage\":\"es\",\"@id\":\"https:\/\/conversesacatalunya.cat\/es\/generalitat-colapsos-ap-7\/#primaryimage\",\"url\":\"https:\/\/conversesacatalunya.cat\/wp-content\/uploads\/2022\/06\/AP7.jpg\",\"contentUrl\":\"https:\/\/conversesacatalunya.cat\/wp-content\/uploads\/2022\/06\/AP7.jpg\",\"width\":640,\"height\":426},{\"@type\":\"BreadcrumbList\",\"@id\":\"https:\/\/conversesacatalunya.cat\/es\/generalitat-colapsos-ap-7\/#breadcrumb\",\"itemListElement\":[{\"@type\":\"ListItem\",\"position\":1,\"name\":\"Inici\",\"item\":\"https:\/\/conversesacatalunya.cat\/es\/\"},{\"@type\":\"ListItem\",\"position\":2,\"name\":\"Resultados de la encuesta anterior: \u00bfCrees que la Generalitat deber\u00eda abordar con urgencia los colapsos de la AP-7?\"}]},{\"@type\":\"WebSite\",\"@id\":\"https:\/\/conversesacatalunya.cat\/#website\",\"url\":\"https:\/\/conversesacatalunya.cat\/\",\"name\":\"Converses a Catalunya\",\"description\":\"\",\"potentialAction\":[{\"@type\":\"SearchAction\",\"target\":{\"@type\":\"EntryPoint\",\"urlTemplate\":\"https:\/\/conversesacatalunya.cat\/?s={search_term_string}\"},\"query-input\":{\"@type\":\"PropertyValueSpecification\",\"valueRequired\":true,\"valueName\":\"search_term_string\"}}],\"inLanguage\":\"es\"},{\"@type\":\"Person\",\"@id\":\"https:\/\/conversesacatalunya.cat\/#\/schema\/person\/982274792508d804a0821b413c9ac076\",\"name\":\"conversesacatalunya\",\"image\":{\"@type\":\"ImageObject\",\"inLanguage\":\"es\",\"@id\":\"https:\/\/conversesacatalunya.cat\/#\/schema\/person\/image\/\",\"url\":\"https:\/\/conversesacatalunya.cat\/wp-content\/litespeed\/avatar\/f04b47eeffd9637c7cf7869e217fb9ec.jpg?ver=1777370077\",\"contentUrl\":\"https:\/\/conversesacatalunya.cat\/wp-content\/litespeed\/avatar\/f04b47eeffd9637c7cf7869e217fb9ec.jpg?ver=1777370077\",\"caption\":\"conversesacatalunya\"},\"url\":\"https:\/\/conversesacatalunya.cat\/es\/author\/muntsa_escola\/\"}]}<\/script>\n<!-- \/ Yoast SEO plugin. -->","yoast_head_json":{"title":"Resultados de la encuesta anterior: \u00bfCrees que la Generalitat deber\u00eda abordar con urgencia los colapsos de la AP-7? - Converses a Catalunya","description":"Circulaci\u00f3n intensa, circulaci\u00f3n con congesti\u00f3n, circulaci\u00f3n con retenciones, calzada restringida por obras, calzada cortada, retirar veh\u00edcu","robots":{"index":"noindex","follow":"nofollow"},"og_locale":"es_ES","og_type":"article","og_title":"Resultados de la encuesta anterior: \u00bfCrees que la Generalitat deber\u00eda abordar con urgencia los colapsos de la AP-7? - Converses a Catalunya","og_description":"Circulaci\u00f3n intensa, circulaci\u00f3n con congesti\u00f3n, circulaci\u00f3n con retenciones, calzada restringida por obras, calzada cortada, retirar veh\u00edcu","og_url":"https:\/\/conversesacatalunya.cat\/es\/generalitat-colapsos-ap-7\/","og_site_name":"Converses a Catalunya","article_published_time":"2022-06-17T07:06:29+00:00","og_image":[{"width":640,"height":426,"url":"https:\/\/conversesacatalunya.cat\/wp-content\/uploads\/2022\/06\/AP7.jpg","type":"image\/jpeg"}],"author":"conversesacatalunya","twitter_card":"summary_large_image","twitter_misc":{"Escrito por":"conversesacatalunya","Tiempo de lectura":"2 minutos"},"schema":{"@context":"https:\/\/schema.org","@graph":[{"@type":"Article","@id":"https:\/\/conversesacatalunya.cat\/es\/generalitat-colapsos-ap-7\/#article","isPartOf":{"@id":"https:\/\/conversesacatalunya.cat\/es\/generalitat-colapsos-ap-7\/"},"author":{"name":"conversesacatalunya","@id":"https:\/\/conversesacatalunya.cat\/#\/schema\/person\/982274792508d804a0821b413c9ac076"},"headline":"Resultados de la encuesta anterior: \u00bfCrees que la Generalitat deber\u00eda abordar con urgencia los colapsos de la AP-7?","datePublished":"2022-06-17T07:06:29+00:00","mainEntityOfPage":{"@id":"https:\/\/conversesacatalunya.cat\/es\/generalitat-colapsos-ap-7\/"},"wordCount":239,"commentCount":0,"image":{"@id":"https:\/\/conversesacatalunya.cat\/es\/generalitat-colapsos-ap-7\/#primaryimage"},"thumbnailUrl":"https:\/\/conversesacatalunya.cat\/wp-content\/uploads\/2022\/06\/AP7.jpg","keywords":["circulaci\u00f3"],"articleSection":["Objectius espec\u00edfics (ES)"],"inLanguage":"es","potentialAction":[{"@type":"CommentAction","name":"Comment","target":["https:\/\/conversesacatalunya.cat\/es\/generalitat-colapsos-ap-7\/#respond"]}]},{"@type":"WebPage","@id":"https:\/\/conversesacatalunya.cat\/es\/generalitat-colapsos-ap-7\/","url":"https:\/\/conversesacatalunya.cat\/es\/generalitat-colapsos-ap-7\/","name":"Resultados de la encuesta anterior: \u00bfCrees que la Generalitat deber\u00eda abordar con urgencia los colapsos de la AP-7? - Converses a Catalunya","isPartOf":{"@id":"https:\/\/conversesacatalunya.cat\/#website"},"primaryImageOfPage":{"@id":"https:\/\/conversesacatalunya.cat\/es\/generalitat-colapsos-ap-7\/#primaryimage"},"image":{"@id":"https:\/\/conversesacatalunya.cat\/es\/generalitat-colapsos-ap-7\/#primaryimage"},"thumbnailUrl":"https:\/\/conversesacatalunya.cat\/wp-content\/uploads\/2022\/06\/AP7.jpg","datePublished":"2022-06-17T07:06:29+00:00","author":{"@id":"https:\/\/conversesacatalunya.cat\/#\/schema\/person\/982274792508d804a0821b413c9ac076"},"description":"Circulaci\u00f3n intensa, circulaci\u00f3n con congesti\u00f3n, circulaci\u00f3n con retenciones, calzada restringida por obras, calzada cortada, retirar veh\u00edcu","breadcrumb":{"@id":"https:\/\/conversesacatalunya.cat\/es\/generalitat-colapsos-ap-7\/#breadcrumb"},"inLanguage":"es","potentialAction":[{"@type":"ReadAction","target":["https:\/\/conversesacatalunya.cat\/es\/generalitat-colapsos-ap-7\/"]}]},{"@type":"ImageObject","inLanguage":"es","@id":"https:\/\/conversesacatalunya.cat\/es\/generalitat-colapsos-ap-7\/#primaryimage","url":"https:\/\/conversesacatalunya.cat\/wp-content\/uploads\/2022\/06\/AP7.jpg","contentUrl":"https:\/\/conversesacatalunya.cat\/wp-content\/uploads\/2022\/06\/AP7.jpg","width":640,"height":426},{"@type":"BreadcrumbList","@id":"https:\/\/conversesacatalunya.cat\/es\/generalitat-colapsos-ap-7\/#breadcrumb","itemListElement":[{"@type":"ListItem","position":1,"name":"Inici","item":"https:\/\/conversesacatalunya.cat\/es\/"},{"@type":"ListItem","position":2,"name":"Resultados de la encuesta anterior: \u00bfCrees que la Generalitat deber\u00eda abordar con urgencia los colapsos de la AP-7?"}]},{"@type":"WebSite","@id":"https:\/\/conversesacatalunya.cat\/#website","url":"https:\/\/conversesacatalunya.cat\/","name":"Converses a Catalunya","description":"","potentialAction":[{"@type":"SearchAction","target":{"@type":"EntryPoint","urlTemplate":"https:\/\/conversesacatalunya.cat\/?s={search_term_string}"},"query-input":{"@type":"PropertyValueSpecification","valueRequired":true,"valueName":"search_term_string"}}],"inLanguage":"es"},{"@type":"Person","@id":"https:\/\/conversesacatalunya.cat\/#\/schema\/person\/982274792508d804a0821b413c9ac076","name":"conversesacatalunya","image":{"@type":"ImageObject","inLanguage":"es","@id":"https:\/\/conversesacatalunya.cat\/#\/schema\/person\/image\/","url":"https:\/\/conversesacatalunya.cat\/wp-content\/litespeed\/avatar\/f04b47eeffd9637c7cf7869e217fb9ec.jpg?ver=1777370077","contentUrl":"https:\/\/conversesacatalunya.cat\/wp-content\/litespeed\/avatar\/f04b47eeffd9637c7cf7869e217fb9ec.jpg?ver=1777370077","caption":"conversesacatalunya"},"url":"https:\/\/conversesacatalunya.cat\/es\/author\/muntsa_escola\/"}]}},"wps_subtitle":"","_links":{"self":[{"href":"https:\/\/conversesacatalunya.cat\/es\/wp-json\/wp\/v2\/posts\/58529","targetHints":{"allow":["GET"]}}],"collection":[{"href":"https:\/\/conversesacatalunya.cat\/es\/wp-json\/wp\/v2\/posts"}],"about":[{"href":"https:\/\/conversesacatalunya.cat\/es\/wp-json\/wp\/v2\/types\/post"}],"author":[{"embeddable":true,"href":"https:\/\/conversesacatalunya.cat\/es\/wp-json\/wp\/v2\/users\/3"}],"replies":[{"embeddable":true,"href":"https:\/\/conversesacatalunya.cat\/es\/wp-json\/wp\/v2\/comments?post=58529"}],"version-history":[{"count":2,"href":"https:\/\/conversesacatalunya.cat\/es\/wp-json\/wp\/v2\/posts\/58529\/revisions"}],"predecessor-version":[{"id":58531,"href":"https:\/\/conversesacatalunya.cat\/es\/wp-json\/wp\/v2\/posts\/58529\/revisions\/58531"}],"wp:featuredmedia":[{"embeddable":true,"href":"https:\/\/conversesacatalunya.cat\/es\/wp-json\/wp\/v2\/media\/58511"}],"wp:attachment":[{"href":"https:\/\/conversesacatalunya.cat\/es\/wp-json\/wp\/v2\/media?parent=58529"}],"wp:term":[{"taxonomy":"category","embeddable":true,"href":"https:\/\/conversesacatalunya.cat\/es\/wp-json\/wp\/v2\/categories?post=58529"},{"taxonomy":"post_tag","embeddable":true,"href":"https:\/\/conversesacatalunya.cat\/es\/wp-json\/wp\/v2\/tags?post=58529"}],"curies":[{"name":"wp","href":"https:\/\/api.w.org\/{rel}","templated":true}]}}