{"id":58524,"date":"2022-06-16T12:00:27","date_gmt":"2022-06-16T10:00:27","guid":{"rendered":"https:\/\/conversesacatalunya.cat\/lembolic-davant-els-preus-de-lelectricitat-i-la-tomba-de-la-inflacio\/"},"modified":"2022-06-16T15:15:12","modified_gmt":"2022-06-16T13:15:12","slug":"el-lio-frente-a-los-precios-de-la-electricidad-y-la-tumba-de-la-inflacion","status":"publish","type":"post","link":"https:\/\/conversesacatalunya.cat\/es\/el-lio-frente-a-los-precios-de-la-electricidad-y-la-tumba-de-la-inflacion\/","title":{"rendered":"El l\u00edo frente a los precios de la electricidad, y la tumba de la inflaci\u00f3n"},"content":{"rendered":"<p><span>El gobierno nos asegur\u00f3 que hab\u00eda logrado un \u00e9xito con \u00ab<\/span><strong><span>la isla ib\u00e9rica<\/span><\/strong><span>\u00bb \u200b\u200bdesde el punto de vista de la energ\u00eda;\u00a0en otros t\u00e9rminos, permitir a Espa\u00f1a y Portugal un tratamiento excepcional en el mercado que configura el precio final de la electricidad.\u00a0Para ello se adopt\u00f3 la medida de situar un tope al precio del gas, que en la forma del mercado marginalista que tiene en la actualidad es la componente que dispara los costes.\u00a0Se presupon\u00eda que al situar ese l\u00edmite los precios bajar\u00edan.\u00a0La ministra del ramo, Ribera, nos explic\u00f3 reiteradamente que se producir\u00eda\u00a0<\/span><strong><span>una reducci\u00f3n del 30%<\/span><\/strong><span>, si bien despu\u00e9s lo redujo a entre el 15 y el 20%.\u00a0La medida se ha aplicado meses m\u00e1s tarde de lo que Ribera anunci\u00f3, debido a la lentitud del acuerdo entre el gobierno espa\u00f1ol y la Comisi\u00f3n en relaci\u00f3n a la letra peque\u00f1a.<\/span><\/p>\n<p><span>Este martes fue el primer d\u00eda que se inaugur\u00f3 el sistema, el precio del megavatio hora se situ\u00f3 en los 240 euros. Pero se redujo en 49 euros que era el tope del gas y qued\u00f3 situado en 165. Es evidente que en relaci\u00f3n a los precios de la normalidad sigue siendo una cifra inflacionaria, pero es obvio, como dice el gobierno, que es mejor que la que saldr\u00eda sin ayuda.\u00a0\u00abmenos da una piedra\u00bb.<\/span><\/p>\n<p><span>Pero, atenci\u00f3n, porque este tope al afectar negativamente a las empresas gas\u00edsticas,\u00a0<\/span><strong><span>debe ser compensado<\/span><\/strong><span>.\u00a0Y la letra peque\u00f1a del acuerdo dice que quien paga esta compensaci\u00f3n somos nosotros, los\u00a0<\/span><strong><span>mismos consumidores<\/span><\/strong><span>;\u00a0es decir, lo que nos rebajan por un lado, lo aumentan por otro. En esto ya hay un poco o mucha trampa en el solitario, de maquillaje pol\u00edtico.\u00a0Pero la cosa se hace m\u00e1s gruesa cuando resulta que este mi\u00e9rcoles la compensaci\u00f3n fue de 59 euros y, por tanto, se increment\u00f3 hasta los 224 euros megavatio\/hora al precio resultante, es decir,\u00a0<\/span><strong><span>se increment\u00f3 un 5%<\/span><\/strong><span> en lugar de reducirse el 15% anunciado.<\/span><\/p>\n<p><span>Es un fracaso que se repiti\u00f3 ayer:\u00a0<\/span><strong><span>reducci\u00f3n por el tope, aumento por la compensaci\u00f3n<\/span><\/strong><span>\u00a0y precio de la electricidad m\u00e1s cara que la del d\u00eda anterior.\u00a0La inversa de la medalla del amor sigue siendo verdad lo de \u201cm\u00e1s que ayer y menos que ma\u00f1ana\u201d. Naturalmente, esta situaci\u00f3n tiene que ver con factores extraordinarios, como es la ola de calor que obliga a un uso masivo de las plantas generadoras de uso combinado, lo que significa m\u00e1s gas (tambi\u00e9n alerta sobre las limitaciones de un sistema basado s\u00f3lo en las energ\u00edas renovables).\u00a0Pero, sumado y restado, el hecho es que el precio quiz\u00e1 se reduzca, pero en todo caso si lo hace, algo que todav\u00eda no ha ocurrido, ser\u00e1 en cifras muy reducidas.<\/span><\/p>\n<p><span>Vivimos una carrera desmedida de los precios de la energ\u00eda y no s\u00f3lo de la electricidad, en materia de carburantes ya hemos superado la incre\u00edble cifra de los 2 euros por litro, 2,057 para el di\u00e9sel, 2.147 para la gasolina con fecha de este mi\u00e9rcoles. Los\u00a0<\/span><strong><span>20 c\u00e9ntimos de subvenci\u00f3n <\/span><\/strong><span>han quedado absolutamente superados, al tiempo que se multiplican los ingresos del estado, porque al subir el precio crece el ingreso de los impuestos sobre el carburante que son un determinado porcentaje sobre ese precio.\u00a0El gobierno podr\u00eda hacer mucho m\u00e1s y adem\u00e1s deber\u00eda hacerlo con finura, es decir no subvencionando el consumo de la gasolina de manera indiscriminada, sino all\u00ed donde m\u00e1s duele porque las rentas son bajas y tambi\u00e9n a la actividad productiva, porque para transportistas y pescadores la situaci\u00f3n ya es insoportable y en el horizonte vuelve a aparecer el fantasma de las huelgas de camioneros y pescadores que podr\u00edan alterar a\u00fan m\u00e1s la fr\u00e1gil situaci\u00f3n actual, empeorar los precios y rematar el mal estado en el que vive la agricultura que, paradojas de nuestra gobernanza, en \u00e9poca de crisis y precios de los alimentos muy altos,<\/span><\/p>\n<p><span>Y en este contexto aflora la\u00a0<\/span><strong><span>inflaci\u00f3n<\/span><\/strong><span>.\u00a0El Banco Central Europeo ya se ha apresurado a anunciar medidas para evitar que la prima de riesgo se dispare como est\u00e1 en Grecia, Italia y Espa\u00f1a, por este orden.\u00a0Pero todo se vuelve m\u00e1s complicado porque al mismo tiempo la Reserva Federal Americana ha decidido incrementar sustancialmente el inter\u00e9s del dinero en un 0,75, el mayor aumento en mucho tiempo, porque la amenaza de inflaci\u00f3n se considera demoledora.\u00a0\u00bfPuede compaginarse una situaci\u00f3n tan contradictoria entre estos dos grandes bancos centrales?\u00a0La respuesta es que no y el resultado apunta hacia una nueva\u00a0<\/span><strong><span>crisis del euro <\/span><\/strong><span>que complicar\u00eda m\u00e1s la vida de los europeos.\u00a0Mientras, la presidenta de la Comisi\u00f3n Europea, Ursula von der Leyen, contin\u00faa su pol\u00edtica, que est\u00e1 derrumbando Europa, de profundizar los compromisos y el futuro de la UE lig\u00e1ndolo a la suerte de Ucrania. Ahora ya quieren plantear la candidatura de ese pa\u00eds a la UE.\u00a0Es lo que tratar\u00e1 en la comisi\u00f3n ma\u00f1ana. El resultado seguramente ser\u00e1 ni carne ni pescado, pero contribuir\u00e1 a alimentar las expectativas de una guerra prolongada, que es todo lo contrario a lo que interesa a Europa.<\/span><\/p>\n<p><span><span class=\"goog-text-highlight\">S\u00f3lo existe una forma racional de controlar el creciente laberinto en el que est\u00e1 situada la econom\u00eda europea por decisiones equivocadas de los gobernantes, de la comisi\u00f3n en primer t\u00e9rmino y de aquellos que apoyan decididamente a la presidenta.\u00a0<\/span>Esta v\u00eda se concreta en dos objetivos.\u00a0<\/span><strong><span>Alcanzar la paz <\/span><\/strong><span>en la guerra de Ucrania, restablecer las buenas relaciones con Rusia, normalizar el mercado del gas y de los hidrocarburos poniendo fin a las exclusiones que se han aplicado en ese pa\u00eds, porque el disparo de precios viene fundamentalmente de aqu\u00ed, recuperar de este modo tambi\u00e9n el flujo de productos de alimentos en el mercado internacional procedentes de esos dos pa\u00edses.\u00a0Y por \u00faltimo, es inevitable que el BCE <strong>restrinja el dinero en curso<\/strong>.\u00a0Por muchos juegos de manos que hagan no puede olvidarse que la causa \u00fanica de toda inflaci\u00f3n es un aumento desmedido de la masa monetaria, que es lo que ahora existe.\u00a0Si esta situaci\u00f3n no se\u00a0<\/span><strong><span>reduce de forma sistem\u00e1tica<\/span><\/strong><span>, aunque prudente y progresivamente, la inflaci\u00f3n no nos abandonar\u00e1 durante a\u00f1os.<\/span><\/p>\n<div id=\"polls-156\" class=\"wp-polls\">\n\t<form id=\"polls_form_156\" class=\"wp-polls-form\" action=\"\/index.php\" method=\"post\">\n\t\t<p style=\"display: none;\"><input type=\"hidden\" id=\"poll_156_nonce\" name=\"wp-polls-nonce\" value=\"930a9c7988\" \/><\/p>\n\t\t<p style=\"display: none;\"><input type=\"hidden\" name=\"poll_id\" value=\"156\" \/><\/p>\n\t\t<p style=\"text-align: center\"><strong>Es presentar\u00e0 Sandro Rosell a les pr\u00f2ximes eleccions municipals a l'Ajuntament de Barcelona?<\/strong><\/p><div id=\"polls-156-ans\" class=\"wp-polls-ans\"><ul class=\"wp-polls-ul\">\n\t\t<li><input type=\"radio\" id=\"poll-answer-406\" name=\"poll_156\" value=\"406\" \/> <label for=\"poll-answer-406\">S\u00ed<\/label><\/li>\n\t\t<li><input type=\"radio\" id=\"poll-answer-407\" name=\"poll_156\" value=\"407\" \/> <label for=\"poll-answer-407\">No<\/label><\/li>\n\t\t<li><input type=\"radio\" id=\"poll-answer-408\" name=\"poll_156\" value=\"408\" \/> <label for=\"poll-answer-408\">No ho s\u00e9<\/label><\/li>\n\t\t<\/ul><p style=\"text-align: center\"><input type=\"button\" name=\"vote\" value=\"   Vota   \" class=\"Buttons\" onclick=\"poll_vote(156);\" \/><\/p><p style=\"text-align: center\"><a href=\"#ViewPollResults\" onclick=\"poll_result(156); return false;\" title=\"View Results Of This Poll\">Mira els resultats<\/a><\/p><\/div>\n\t<\/form>\n<\/div>\n<div id=\"polls-156-loading\" class=\"wp-polls-loading\"><img decoding=\"async\" data-src=\"https:\/\/conversesacatalunya.cat\/wp-content\/plugins\/wp-polls\/images\/loading.gif\" width=\"16\" height=\"16\" alt=\"Cargando ...\" title=\"Cargando ...\" class=\"wp-polls-image lazyload\" src=\"data:image\/svg+xml;base64,PHN2ZyB3aWR0aD0iMSIgaGVpZ2h0PSIxIiB4bWxucz0iaHR0cDovL3d3dy53My5vcmcvMjAwMC9zdmciPjwvc3ZnPg==\" style=\"--smush-placeholder-width: 16px; --smush-placeholder-aspect-ratio: 16\/16;\" \/>&nbsp;Cargando ...<\/div>\n\n","protected":false},"excerpt":{"rendered":"<p>El gobierno nos asegur\u00f3 que hab\u00eda logrado un \u00e9xito con \u00abla isla ib\u00e9rica\u00bb \u200b\u200bdesde el punto de vista de la energ\u00eda;\u00a0en otros t\u00e9rminos, permitir a Espa\u00f1a y Portugal un tratamiento excepcional en el mercado que configura el precio final de la electricidad.\u00a0Para ello se adopt\u00f3 la medida de situar un tope al precio del gas, que en la forma del mercado marginalista que tiene en la actualidad es la componente que dispara los costes.\u00a0Se presupon\u00eda que al situar ese l\u00edmite los precios bajar\u00edan.\u00a0La ministra del ramo, Ribera, nos explic\u00f3 reiteradamente que se producir\u00eda\u00a0una reducci\u00f3n del 30%, si bien despu\u00e9s lo redujo a entre el 15 y el 20%.\u00a0La medida se ha aplicado meses m\u00e1s tarde de lo que Ribera anunci\u00f3, debido a la lentitud del acuerdo entre el gobierno espa\u00f1ol y la Comisi\u00f3n en relaci\u00f3n a la letra peque\u00f1a. Este martes fue el primer d\u00eda que se inaugur\u00f3 el sistema, el precio del megavatio hora se situ\u00f3 en los 240 euros. Pero se redujo en 49 euros que era el tope del gas y qued\u00f3 situado en 165. Es evidente que en relaci\u00f3n a los precios de la normalidad sigue siendo una cifra inflacionaria, pero es obvio, como dice el gobierno, que es mejor que la que saldr\u00eda sin ayuda.\u00a0\u00abmenos da una piedra\u00bb. Pero, atenci\u00f3n, porque este tope al afectar negativamente a las empresas gas\u00edsticas,\u00a0debe ser compensado.\u00a0Y la letra peque\u00f1a del acuerdo dice que quien paga esta compensaci\u00f3n somos nosotros, los\u00a0mismos consumidores;\u00a0es decir, lo que nos rebajan por un lado, lo aumentan por otro. En esto ya hay un poco o mucha trampa en el solitario, de maquillaje pol\u00edtico.\u00a0Pero la cosa se hace m\u00e1s gruesa cuando resulta que este mi\u00e9rcoles la compensaci\u00f3n fue de 59 euros y, por tanto, se increment\u00f3 hasta los 224 euros megavatio\/hora al precio resultante, es decir,\u00a0se increment\u00f3 un 5% en lugar de reducirse el 15% anunciado. Es un fracaso que se repiti\u00f3 ayer:\u00a0reducci\u00f3n por el tope, aumento por la compensaci\u00f3n\u00a0y precio de la electricidad m\u00e1s cara que la del d\u00eda anterior.\u00a0La inversa de la medalla del amor sigue siendo verdad lo de \u201cm\u00e1s que ayer y menos que ma\u00f1ana\u201d. Naturalmente, esta situaci\u00f3n tiene que ver con factores extraordinarios, como es la ola de calor que obliga a un uso masivo de las plantas generadoras de uso combinado, lo que significa m\u00e1s gas (tambi\u00e9n alerta sobre las limitaciones de un sistema basado s\u00f3lo en las energ\u00edas renovables).\u00a0Pero, sumado y restado, el hecho es que el precio quiz\u00e1 se reduzca, pero en todo caso si lo hace, algo que todav\u00eda no ha ocurrido, ser\u00e1 en cifras muy reducidas. Vivimos una carrera desmedida de los precios de la energ\u00eda y no s\u00f3lo de la electricidad, en materia de carburantes ya hemos superado la incre\u00edble cifra de los 2 euros por litro, 2,057 para el di\u00e9sel, 2.147 para la gasolina con fecha de este mi\u00e9rcoles. Los\u00a020 c\u00e9ntimos de subvenci\u00f3n han quedado absolutamente superados, al tiempo que se multiplican los ingresos del estado, porque al subir el precio crece el ingreso de los impuestos sobre el carburante que son un determinado porcentaje sobre ese precio.\u00a0El gobierno podr\u00eda hacer mucho m\u00e1s y adem\u00e1s deber\u00eda hacerlo con finura, es decir no subvencionando el consumo de la gasolina de manera indiscriminada, sino all\u00ed donde m\u00e1s duele porque las rentas son bajas y tambi\u00e9n a la actividad productiva, porque para transportistas y pescadores la situaci\u00f3n ya es insoportable y en el horizonte vuelve a aparecer el fantasma de las huelgas de camioneros y pescadores que podr\u00edan alterar a\u00fan m\u00e1s la fr\u00e1gil situaci\u00f3n actual, empeorar los precios y rematar el mal estado en el que vive la agricultura que, paradojas de nuestra gobernanza, en \u00e9poca de crisis y precios de los alimentos muy altos, Y en este contexto aflora la\u00a0inflaci\u00f3n.\u00a0El Banco Central Europeo ya se ha apresurado a anunciar medidas para evitar que la prima de riesgo se dispare como est\u00e1 en Grecia, Italia y Espa\u00f1a, por este orden.\u00a0Pero todo se vuelve m\u00e1s complicado porque al mismo tiempo la Reserva Federal Americana ha decidido incrementar sustancialmente el inter\u00e9s del dinero en un 0,75, el mayor aumento en mucho tiempo, porque la amenaza de inflaci\u00f3n se considera demoledora.\u00a0\u00bfPuede compaginarse una situaci\u00f3n tan contradictoria entre estos dos grandes bancos centrales?\u00a0La respuesta es que no y el resultado apunta hacia una nueva\u00a0crisis del euro que complicar\u00eda m\u00e1s la vida de los europeos.\u00a0Mientras, la presidenta de la Comisi\u00f3n Europea, Ursula von der Leyen, contin\u00faa su pol\u00edtica, que est\u00e1 derrumbando Europa, de profundizar los compromisos y el futuro de la UE lig\u00e1ndolo a la suerte de Ucrania. Ahora ya quieren plantear la candidatura de ese pa\u00eds a la UE.\u00a0Es lo que tratar\u00e1 en la comisi\u00f3n ma\u00f1ana. El resultado seguramente ser\u00e1 ni carne ni pescado, pero contribuir\u00e1 a alimentar las expectativas de una guerra prolongada, que es todo lo contrario a lo que interesa a Europa. S\u00f3lo existe una forma racional de controlar el creciente laberinto en el que est\u00e1 situada la econom\u00eda europea por decisiones equivocadas de los gobernantes, de la comisi\u00f3n en primer t\u00e9rmino y de aquellos que apoyan decididamente a la presidenta.\u00a0Esta v\u00eda se concreta en dos objetivos.\u00a0Alcanzar la paz en la guerra de Ucrania, restablecer las buenas relaciones con Rusia, normalizar el mercado del gas y de los hidrocarburos poniendo fin a las exclusiones que se han aplicado en ese pa\u00eds, porque el disparo de precios viene fundamentalmente de aqu\u00ed, recuperar de este modo tambi\u00e9n el flujo de productos de alimentos en el mercado internacional procedentes de esos dos pa\u00edses.\u00a0Y por \u00faltimo, es inevitable que el BCE restrinja el dinero en curso.\u00a0Por muchos juegos de manos que hagan no puede olvidarse que la causa \u00fanica de toda inflaci\u00f3n es un aumento desmedido de la masa monetaria, que es lo que ahora existe.\u00a0Si esta situaci\u00f3n no se\u00a0reduce de forma sistem\u00e1tica, aunque prudente y progresivamente, la inflaci\u00f3n no nos abandonar\u00e1 durante a\u00f1os.<\/p>\n","protected":false},"author":2,"featured_media":58505,"comment_status":"open","ping_status":"open","sticky":false,"template":"","format":"standard","meta":{"_FSMCFIC_featured_image_caption":"","_FSMCFIC_featured_image_nocaption":"","_FSMCFIC_featured_image_hide":"","footnotes":""},"categories":[806],"tags":[3372,3838],"class_list":["post-58524","post","type-post","status-publish","format-standard","has-post-thumbnail","hentry","category-punts-claus-del-dia-es","tag-electricidad","tag-factura-electricidad"],"yoast_head":"<!-- This site is optimized with the Yoast SEO plugin v26.8 - https:\/\/yoast.com\/product\/yoast-seo-wordpress\/ -->\n<title>El l\u00edo frente a los precios de la electricidad, y la tumba de la inflaci\u00f3n - Converses a Catalunya<\/title>\n<meta name=\"robots\" content=\"index, follow, max-snippet:-1, max-image-preview:large, max-video-preview:-1\" \/>\n<link rel=\"canonical\" href=\"https:\/\/conversesacatalunya.cat\/es\/el-lio-frente-a-los-precios-de-la-electricidad-y-la-tumba-de-la-inflacion\/\" \/>\n<meta property=\"og:locale\" content=\"es_ES\" \/>\n<meta property=\"og:type\" content=\"article\" \/>\n<meta property=\"og:title\" content=\"El l\u00edo frente a los precios de la electricidad, y la tumba de la inflaci\u00f3n - Converses a Catalunya\" \/>\n<meta property=\"og:description\" content=\"El gobierno nos asegur\u00f3 que hab\u00eda logrado un \u00e9xito con \u00abla isla ib\u00e9rica\u00bb \u200b\u200bdesde el punto de vista de la energ\u00eda;\u00a0en otros t\u00e9rminos, permitir a Espa\u00f1a y Portugal un tratamiento excepcional en el mercado que configura el precio final de la electricidad.\u00a0Para ello se adopt\u00f3 la medida de situar un tope al precio del gas, que en la forma del mercado marginalista que tiene en la actualidad es la componente que dispara los costes.\u00a0Se presupon\u00eda que al situar ese l\u00edmite los precios bajar\u00edan.\u00a0La ministra del ramo, Ribera, nos explic\u00f3 reiteradamente que se producir\u00eda\u00a0una reducci\u00f3n del 30%, si bien despu\u00e9s lo redujo a entre el 15 y el 20%.\u00a0La medida se ha aplicado meses m\u00e1s tarde de lo que Ribera anunci\u00f3, debido a la lentitud del acuerdo entre el gobierno espa\u00f1ol y la Comisi\u00f3n en relaci\u00f3n a la letra peque\u00f1a. Este martes fue el primer d\u00eda que se inaugur\u00f3 el sistema, el precio del megavatio hora se situ\u00f3 en los 240 euros. Pero se redujo en 49 euros que era el tope del gas y qued\u00f3 situado en 165. Es evidente que en relaci\u00f3n a los precios de la normalidad sigue siendo una cifra inflacionaria, pero es obvio, como dice el gobierno, que es mejor que la que saldr\u00eda sin ayuda.\u00a0\u00abmenos da una piedra\u00bb. Pero, atenci\u00f3n, porque este tope al afectar negativamente a las empresas gas\u00edsticas,\u00a0debe ser compensado.\u00a0Y la letra peque\u00f1a del acuerdo dice que quien paga esta compensaci\u00f3n somos nosotros, los\u00a0mismos consumidores;\u00a0es decir, lo que nos rebajan por un lado, lo aumentan por otro. En esto ya hay un poco o mucha trampa en el solitario, de maquillaje pol\u00edtico.\u00a0Pero la cosa se hace m\u00e1s gruesa cuando resulta que este mi\u00e9rcoles la compensaci\u00f3n fue de 59 euros y, por tanto, se increment\u00f3 hasta los 224 euros megavatio\/hora al precio resultante, es decir,\u00a0se increment\u00f3 un 5% en lugar de reducirse el 15% anunciado. Es un fracaso que se repiti\u00f3 ayer:\u00a0reducci\u00f3n por el tope, aumento por la compensaci\u00f3n\u00a0y precio de la electricidad m\u00e1s cara que la del d\u00eda anterior.\u00a0La inversa de la medalla del amor sigue siendo verdad lo de \u201cm\u00e1s que ayer y menos que ma\u00f1ana\u201d. Naturalmente, esta situaci\u00f3n tiene que ver con factores extraordinarios, como es la ola de calor que obliga a un uso masivo de las plantas generadoras de uso combinado, lo que significa m\u00e1s gas (tambi\u00e9n alerta sobre las limitaciones de un sistema basado s\u00f3lo en las energ\u00edas renovables).\u00a0Pero, sumado y restado, el hecho es que el precio quiz\u00e1 se reduzca, pero en todo caso si lo hace, algo que todav\u00eda no ha ocurrido, ser\u00e1 en cifras muy reducidas. Vivimos una carrera desmedida de los precios de la energ\u00eda y no s\u00f3lo de la electricidad, en materia de carburantes ya hemos superado la incre\u00edble cifra de los 2 euros por litro, 2,057 para el di\u00e9sel, 2.147 para la gasolina con fecha de este mi\u00e9rcoles. Los\u00a020 c\u00e9ntimos de subvenci\u00f3n han quedado absolutamente superados, al tiempo que se multiplican los ingresos del estado, porque al subir el precio crece el ingreso de los impuestos sobre el carburante que son un determinado porcentaje sobre ese precio.\u00a0El gobierno podr\u00eda hacer mucho m\u00e1s y adem\u00e1s deber\u00eda hacerlo con finura, es decir no subvencionando el consumo de la gasolina de manera indiscriminada, sino all\u00ed donde m\u00e1s duele porque las rentas son bajas y tambi\u00e9n a la actividad productiva, porque para transportistas y pescadores la situaci\u00f3n ya es insoportable y en el horizonte vuelve a aparecer el fantasma de las huelgas de camioneros y pescadores que podr\u00edan alterar a\u00fan m\u00e1s la fr\u00e1gil situaci\u00f3n actual, empeorar los precios y rematar el mal estado en el que vive la agricultura que, paradojas de nuestra gobernanza, en \u00e9poca de crisis y precios de los alimentos muy altos, Y en este contexto aflora la\u00a0inflaci\u00f3n.\u00a0El Banco Central Europeo ya se ha apresurado a anunciar medidas para evitar que la prima de riesgo se dispare como est\u00e1 en Grecia, Italia y Espa\u00f1a, por este orden.\u00a0Pero todo se vuelve m\u00e1s complicado porque al mismo tiempo la Reserva Federal Americana ha decidido incrementar sustancialmente el inter\u00e9s del dinero en un 0,75, el mayor aumento en mucho tiempo, porque la amenaza de inflaci\u00f3n se considera demoledora.\u00a0\u00bfPuede compaginarse una situaci\u00f3n tan contradictoria entre estos dos grandes bancos centrales?\u00a0La respuesta es que no y el resultado apunta hacia una nueva\u00a0crisis del euro que complicar\u00eda m\u00e1s la vida de los europeos.\u00a0Mientras, la presidenta de la Comisi\u00f3n Europea, Ursula von der Leyen, contin\u00faa su pol\u00edtica, que est\u00e1 derrumbando Europa, de profundizar los compromisos y el futuro de la UE lig\u00e1ndolo a la suerte de Ucrania. Ahora ya quieren plantear la candidatura de ese pa\u00eds a la UE.\u00a0Es lo que tratar\u00e1 en la comisi\u00f3n ma\u00f1ana. El resultado seguramente ser\u00e1 ni carne ni pescado, pero contribuir\u00e1 a alimentar las expectativas de una guerra prolongada, que es todo lo contrario a lo que interesa a Europa. S\u00f3lo existe una forma racional de controlar el creciente laberinto en el que est\u00e1 situada la econom\u00eda europea por decisiones equivocadas de los gobernantes, de la comisi\u00f3n en primer t\u00e9rmino y de aquellos que apoyan decididamente a la presidenta.\u00a0Esta v\u00eda se concreta en dos objetivos.\u00a0Alcanzar la paz en la guerra de Ucrania, restablecer las buenas relaciones con Rusia, normalizar el mercado del gas y de los hidrocarburos poniendo fin a las exclusiones que se han aplicado en ese pa\u00eds, porque el disparo de precios viene fundamentalmente de aqu\u00ed, recuperar de este modo tambi\u00e9n el flujo de productos de alimentos en el mercado internacional procedentes de esos dos pa\u00edses.\u00a0Y por \u00faltimo, es inevitable que el BCE restrinja el dinero en curso.\u00a0Por muchos juegos de manos que hagan no puede olvidarse que la causa \u00fanica de toda inflaci\u00f3n es un aumento desmedido de la masa monetaria, que es lo que ahora existe.\u00a0Si esta situaci\u00f3n no se\u00a0reduce de forma sistem\u00e1tica, aunque prudente y progresivamente, la inflaci\u00f3n no nos abandonar\u00e1 durante a\u00f1os.\" \/>\n<meta property=\"og:url\" content=\"https:\/\/conversesacatalunya.cat\/es\/el-lio-frente-a-los-precios-de-la-electricidad-y-la-tumba-de-la-inflacion\/\" \/>\n<meta property=\"og:site_name\" content=\"Converses a Catalunya\" \/>\n<meta property=\"article:published_time\" content=\"2022-06-16T10:00:27+00:00\" \/>\n<meta property=\"article:modified_time\" content=\"2022-06-16T13:15:12+00:00\" \/>\n<meta property=\"og:image\" content=\"https:\/\/conversesacatalunya.cat\/wp-content\/uploads\/2022\/06\/490x_factura-luz-electricidad-recibo-ep.jpg\" \/>\n\t<meta property=\"og:image:width\" content=\"489\" \/>\n\t<meta property=\"og:image:height\" content=\"267\" \/>\n\t<meta property=\"og:image:type\" content=\"image\/jpeg\" \/>\n<meta name=\"author\" content=\"conversesacatalunya\" \/>\n<meta name=\"twitter:card\" content=\"summary_large_image\" \/>\n<meta name=\"twitter:label1\" content=\"Escrito por\" \/>\n\t<meta name=\"twitter:data1\" content=\"conversesacatalunya\" \/>\n\t<meta name=\"twitter:label2\" content=\"Tiempo de lectura\" \/>\n\t<meta name=\"twitter:data2\" content=\"5 minutos\" \/>\n<script type=\"application\/ld+json\" class=\"yoast-schema-graph\">{\"@context\":\"https:\/\/schema.org\",\"@graph\":[{\"@type\":\"Article\",\"@id\":\"https:\/\/conversesacatalunya.cat\/es\/el-lio-frente-a-los-precios-de-la-electricidad-y-la-tumba-de-la-inflacion\/#article\",\"isPartOf\":{\"@id\":\"https:\/\/conversesacatalunya.cat\/es\/el-lio-frente-a-los-precios-de-la-electricidad-y-la-tumba-de-la-inflacion\/\"},\"author\":{\"name\":\"conversesacatalunya\",\"@id\":\"https:\/\/conversesacatalunya.cat\/#\/schema\/person\/7e24d1e54a2785373ddcb275eae5ed99\"},\"headline\":\"El l\u00edo frente a los precios de la electricidad, y la tumba de la inflaci\u00f3n\",\"datePublished\":\"2022-06-16T10:00:27+00:00\",\"dateModified\":\"2022-06-16T13:15:12+00:00\",\"mainEntityOfPage\":{\"@id\":\"https:\/\/conversesacatalunya.cat\/es\/el-lio-frente-a-los-precios-de-la-electricidad-y-la-tumba-de-la-inflacion\/\"},\"wordCount\":1097,\"commentCount\":0,\"image\":{\"@id\":\"https:\/\/conversesacatalunya.cat\/es\/el-lio-frente-a-los-precios-de-la-electricidad-y-la-tumba-de-la-inflacion\/#primaryimage\"},\"thumbnailUrl\":\"https:\/\/conversesacatalunya.cat\/wp-content\/uploads\/2022\/06\/490x_factura-luz-electricidad-recibo-ep.jpg\",\"keywords\":[\"Electricidad\",\"Factura electricidad\"],\"articleSection\":[\"Punts clau del dia (ES)\"],\"inLanguage\":\"es\",\"potentialAction\":[{\"@type\":\"CommentAction\",\"name\":\"Comment\",\"target\":[\"https:\/\/conversesacatalunya.cat\/es\/el-lio-frente-a-los-precios-de-la-electricidad-y-la-tumba-de-la-inflacion\/#respond\"]}]},{\"@type\":\"WebPage\",\"@id\":\"https:\/\/conversesacatalunya.cat\/es\/el-lio-frente-a-los-precios-de-la-electricidad-y-la-tumba-de-la-inflacion\/\",\"url\":\"https:\/\/conversesacatalunya.cat\/es\/el-lio-frente-a-los-precios-de-la-electricidad-y-la-tumba-de-la-inflacion\/\",\"name\":\"El l\u00edo frente a los precios de la electricidad, y la tumba de la inflaci\u00f3n - Converses a Catalunya\",\"isPartOf\":{\"@id\":\"https:\/\/conversesacatalunya.cat\/#website\"},\"primaryImageOfPage\":{\"@id\":\"https:\/\/conversesacatalunya.cat\/es\/el-lio-frente-a-los-precios-de-la-electricidad-y-la-tumba-de-la-inflacion\/#primaryimage\"},\"image\":{\"@id\":\"https:\/\/conversesacatalunya.cat\/es\/el-lio-frente-a-los-precios-de-la-electricidad-y-la-tumba-de-la-inflacion\/#primaryimage\"},\"thumbnailUrl\":\"https:\/\/conversesacatalunya.cat\/wp-content\/uploads\/2022\/06\/490x_factura-luz-electricidad-recibo-ep.jpg\",\"datePublished\":\"2022-06-16T10:00:27+00:00\",\"dateModified\":\"2022-06-16T13:15:12+00:00\",\"author\":{\"@id\":\"https:\/\/conversesacatalunya.cat\/#\/schema\/person\/7e24d1e54a2785373ddcb275eae5ed99\"},\"breadcrumb\":{\"@id\":\"https:\/\/conversesacatalunya.cat\/es\/el-lio-frente-a-los-precios-de-la-electricidad-y-la-tumba-de-la-inflacion\/#breadcrumb\"},\"inLanguage\":\"es\",\"potentialAction\":[{\"@type\":\"ReadAction\",\"target\":[\"https:\/\/conversesacatalunya.cat\/es\/el-lio-frente-a-los-precios-de-la-electricidad-y-la-tumba-de-la-inflacion\/\"]}]},{\"@type\":\"ImageObject\",\"inLanguage\":\"es\",\"@id\":\"https:\/\/conversesacatalunya.cat\/es\/el-lio-frente-a-los-precios-de-la-electricidad-y-la-tumba-de-la-inflacion\/#primaryimage\",\"url\":\"https:\/\/conversesacatalunya.cat\/wp-content\/uploads\/2022\/06\/490x_factura-luz-electricidad-recibo-ep.jpg\",\"contentUrl\":\"https:\/\/conversesacatalunya.cat\/wp-content\/uploads\/2022\/06\/490x_factura-luz-electricidad-recibo-ep.jpg\",\"width\":489,\"height\":267,\"caption\":\"electricitat\"},{\"@type\":\"BreadcrumbList\",\"@id\":\"https:\/\/conversesacatalunya.cat\/es\/el-lio-frente-a-los-precios-de-la-electricidad-y-la-tumba-de-la-inflacion\/#breadcrumb\",\"itemListElement\":[{\"@type\":\"ListItem\",\"position\":1,\"name\":\"Inici\",\"item\":\"https:\/\/conversesacatalunya.cat\/es\/\"},{\"@type\":\"ListItem\",\"position\":2,\"name\":\"El l\u00edo frente a los precios de la electricidad, y la tumba de la inflaci\u00f3n\"}]},{\"@type\":\"WebSite\",\"@id\":\"https:\/\/conversesacatalunya.cat\/#website\",\"url\":\"https:\/\/conversesacatalunya.cat\/\",\"name\":\"Converses a Catalunya\",\"description\":\"\",\"potentialAction\":[{\"@type\":\"SearchAction\",\"target\":{\"@type\":\"EntryPoint\",\"urlTemplate\":\"https:\/\/conversesacatalunya.cat\/?s={search_term_string}\"},\"query-input\":{\"@type\":\"PropertyValueSpecification\",\"valueRequired\":true,\"valueName\":\"search_term_string\"}}],\"inLanguage\":\"es\"},{\"@type\":\"Person\",\"@id\":\"https:\/\/conversesacatalunya.cat\/#\/schema\/person\/7e24d1e54a2785373ddcb275eae5ed99\",\"name\":\"conversesacatalunya\",\"image\":{\"@type\":\"ImageObject\",\"inLanguage\":\"es\",\"@id\":\"https:\/\/conversesacatalunya.cat\/#\/schema\/person\/image\/\",\"url\":\"https:\/\/conversesacatalunya.cat\/wp-content\/litespeed\/avatar\/febdfeeec89d950f01c748045a981dd2.jpg?ver=1777314535\",\"contentUrl\":\"https:\/\/conversesacatalunya.cat\/wp-content\/litespeed\/avatar\/febdfeeec89d950f01c748045a981dd2.jpg?ver=1777314535\",\"caption\":\"conversesacatalunya\"},\"url\":\"https:\/\/conversesacatalunya.cat\/es\/author\/carme_catala\/\"}]}<\/script>\n<!-- \/ Yoast SEO plugin. -->","yoast_head_json":{"title":"El l\u00edo frente a los precios de la electricidad, y la tumba de la inflaci\u00f3n - Converses a Catalunya","robots":{"index":"index","follow":"follow","max-snippet":"max-snippet:-1","max-image-preview":"max-image-preview:large","max-video-preview":"max-video-preview:-1"},"canonical":"https:\/\/conversesacatalunya.cat\/es\/el-lio-frente-a-los-precios-de-la-electricidad-y-la-tumba-de-la-inflacion\/","og_locale":"es_ES","og_type":"article","og_title":"El l\u00edo frente a los precios de la electricidad, y la tumba de la inflaci\u00f3n - Converses a Catalunya","og_description":"El gobierno nos asegur\u00f3 que hab\u00eda logrado un \u00e9xito con \u00abla isla ib\u00e9rica\u00bb \u200b\u200bdesde el punto de vista de la energ\u00eda;\u00a0en otros t\u00e9rminos, permitir a Espa\u00f1a y Portugal un tratamiento excepcional en el mercado que configura el precio final de la electricidad.\u00a0Para ello se adopt\u00f3 la medida de situar un tope al precio del gas, que en la forma del mercado marginalista que tiene en la actualidad es la componente que dispara los costes.\u00a0Se presupon\u00eda que al situar ese l\u00edmite los precios bajar\u00edan.\u00a0La ministra del ramo, Ribera, nos explic\u00f3 reiteradamente que se producir\u00eda\u00a0una reducci\u00f3n del 30%, si bien despu\u00e9s lo redujo a entre el 15 y el 20%.\u00a0La medida se ha aplicado meses m\u00e1s tarde de lo que Ribera anunci\u00f3, debido a la lentitud del acuerdo entre el gobierno espa\u00f1ol y la Comisi\u00f3n en relaci\u00f3n a la letra peque\u00f1a. Este martes fue el primer d\u00eda que se inaugur\u00f3 el sistema, el precio del megavatio hora se situ\u00f3 en los 240 euros. Pero se redujo en 49 euros que era el tope del gas y qued\u00f3 situado en 165. Es evidente que en relaci\u00f3n a los precios de la normalidad sigue siendo una cifra inflacionaria, pero es obvio, como dice el gobierno, que es mejor que la que saldr\u00eda sin ayuda.\u00a0\u00abmenos da una piedra\u00bb. Pero, atenci\u00f3n, porque este tope al afectar negativamente a las empresas gas\u00edsticas,\u00a0debe ser compensado.\u00a0Y la letra peque\u00f1a del acuerdo dice que quien paga esta compensaci\u00f3n somos nosotros, los\u00a0mismos consumidores;\u00a0es decir, lo que nos rebajan por un lado, lo aumentan por otro. En esto ya hay un poco o mucha trampa en el solitario, de maquillaje pol\u00edtico.\u00a0Pero la cosa se hace m\u00e1s gruesa cuando resulta que este mi\u00e9rcoles la compensaci\u00f3n fue de 59 euros y, por tanto, se increment\u00f3 hasta los 224 euros megavatio\/hora al precio resultante, es decir,\u00a0se increment\u00f3 un 5% en lugar de reducirse el 15% anunciado. Es un fracaso que se repiti\u00f3 ayer:\u00a0reducci\u00f3n por el tope, aumento por la compensaci\u00f3n\u00a0y precio de la electricidad m\u00e1s cara que la del d\u00eda anterior.\u00a0La inversa de la medalla del amor sigue siendo verdad lo de \u201cm\u00e1s que ayer y menos que ma\u00f1ana\u201d. Naturalmente, esta situaci\u00f3n tiene que ver con factores extraordinarios, como es la ola de calor que obliga a un uso masivo de las plantas generadoras de uso combinado, lo que significa m\u00e1s gas (tambi\u00e9n alerta sobre las limitaciones de un sistema basado s\u00f3lo en las energ\u00edas renovables).\u00a0Pero, sumado y restado, el hecho es que el precio quiz\u00e1 se reduzca, pero en todo caso si lo hace, algo que todav\u00eda no ha ocurrido, ser\u00e1 en cifras muy reducidas. Vivimos una carrera desmedida de los precios de la energ\u00eda y no s\u00f3lo de la electricidad, en materia de carburantes ya hemos superado la incre\u00edble cifra de los 2 euros por litro, 2,057 para el di\u00e9sel, 2.147 para la gasolina con fecha de este mi\u00e9rcoles. Los\u00a020 c\u00e9ntimos de subvenci\u00f3n han quedado absolutamente superados, al tiempo que se multiplican los ingresos del estado, porque al subir el precio crece el ingreso de los impuestos sobre el carburante que son un determinado porcentaje sobre ese precio.\u00a0El gobierno podr\u00eda hacer mucho m\u00e1s y adem\u00e1s deber\u00eda hacerlo con finura, es decir no subvencionando el consumo de la gasolina de manera indiscriminada, sino all\u00ed donde m\u00e1s duele porque las rentas son bajas y tambi\u00e9n a la actividad productiva, porque para transportistas y pescadores la situaci\u00f3n ya es insoportable y en el horizonte vuelve a aparecer el fantasma de las huelgas de camioneros y pescadores que podr\u00edan alterar a\u00fan m\u00e1s la fr\u00e1gil situaci\u00f3n actual, empeorar los precios y rematar el mal estado en el que vive la agricultura que, paradojas de nuestra gobernanza, en \u00e9poca de crisis y precios de los alimentos muy altos, Y en este contexto aflora la\u00a0inflaci\u00f3n.\u00a0El Banco Central Europeo ya se ha apresurado a anunciar medidas para evitar que la prima de riesgo se dispare como est\u00e1 en Grecia, Italia y Espa\u00f1a, por este orden.\u00a0Pero todo se vuelve m\u00e1s complicado porque al mismo tiempo la Reserva Federal Americana ha decidido incrementar sustancialmente el inter\u00e9s del dinero en un 0,75, el mayor aumento en mucho tiempo, porque la amenaza de inflaci\u00f3n se considera demoledora.\u00a0\u00bfPuede compaginarse una situaci\u00f3n tan contradictoria entre estos dos grandes bancos centrales?\u00a0La respuesta es que no y el resultado apunta hacia una nueva\u00a0crisis del euro que complicar\u00eda m\u00e1s la vida de los europeos.\u00a0Mientras, la presidenta de la Comisi\u00f3n Europea, Ursula von der Leyen, contin\u00faa su pol\u00edtica, que est\u00e1 derrumbando Europa, de profundizar los compromisos y el futuro de la UE lig\u00e1ndolo a la suerte de Ucrania. Ahora ya quieren plantear la candidatura de ese pa\u00eds a la UE.\u00a0Es lo que tratar\u00e1 en la comisi\u00f3n ma\u00f1ana. El resultado seguramente ser\u00e1 ni carne ni pescado, pero contribuir\u00e1 a alimentar las expectativas de una guerra prolongada, que es todo lo contrario a lo que interesa a Europa. S\u00f3lo existe una forma racional de controlar el creciente laberinto en el que est\u00e1 situada la econom\u00eda europea por decisiones equivocadas de los gobernantes, de la comisi\u00f3n en primer t\u00e9rmino y de aquellos que apoyan decididamente a la presidenta.\u00a0Esta v\u00eda se concreta en dos objetivos.\u00a0Alcanzar la paz en la guerra de Ucrania, restablecer las buenas relaciones con Rusia, normalizar el mercado del gas y de los hidrocarburos poniendo fin a las exclusiones que se han aplicado en ese pa\u00eds, porque el disparo de precios viene fundamentalmente de aqu\u00ed, recuperar de este modo tambi\u00e9n el flujo de productos de alimentos en el mercado internacional procedentes de esos dos pa\u00edses.\u00a0Y por \u00faltimo, es inevitable que el BCE restrinja el dinero en curso.\u00a0Por muchos juegos de manos que hagan no puede olvidarse que la causa \u00fanica de toda inflaci\u00f3n es un aumento desmedido de la masa monetaria, que es lo que ahora existe.\u00a0Si esta situaci\u00f3n no se\u00a0reduce de forma sistem\u00e1tica, aunque prudente y progresivamente, la inflaci\u00f3n no nos abandonar\u00e1 durante a\u00f1os.","og_url":"https:\/\/conversesacatalunya.cat\/es\/el-lio-frente-a-los-precios-de-la-electricidad-y-la-tumba-de-la-inflacion\/","og_site_name":"Converses a Catalunya","article_published_time":"2022-06-16T10:00:27+00:00","article_modified_time":"2022-06-16T13:15:12+00:00","og_image":[{"width":489,"height":267,"url":"https:\/\/conversesacatalunya.cat\/wp-content\/uploads\/2022\/06\/490x_factura-luz-electricidad-recibo-ep.jpg","type":"image\/jpeg"}],"author":"conversesacatalunya","twitter_card":"summary_large_image","twitter_misc":{"Escrito por":"conversesacatalunya","Tiempo de lectura":"5 minutos"},"schema":{"@context":"https:\/\/schema.org","@graph":[{"@type":"Article","@id":"https:\/\/conversesacatalunya.cat\/es\/el-lio-frente-a-los-precios-de-la-electricidad-y-la-tumba-de-la-inflacion\/#article","isPartOf":{"@id":"https:\/\/conversesacatalunya.cat\/es\/el-lio-frente-a-los-precios-de-la-electricidad-y-la-tumba-de-la-inflacion\/"},"author":{"name":"conversesacatalunya","@id":"https:\/\/conversesacatalunya.cat\/#\/schema\/person\/7e24d1e54a2785373ddcb275eae5ed99"},"headline":"El l\u00edo frente a los precios de la electricidad, y la tumba de la inflaci\u00f3n","datePublished":"2022-06-16T10:00:27+00:00","dateModified":"2022-06-16T13:15:12+00:00","mainEntityOfPage":{"@id":"https:\/\/conversesacatalunya.cat\/es\/el-lio-frente-a-los-precios-de-la-electricidad-y-la-tumba-de-la-inflacion\/"},"wordCount":1097,"commentCount":0,"image":{"@id":"https:\/\/conversesacatalunya.cat\/es\/el-lio-frente-a-los-precios-de-la-electricidad-y-la-tumba-de-la-inflacion\/#primaryimage"},"thumbnailUrl":"https:\/\/conversesacatalunya.cat\/wp-content\/uploads\/2022\/06\/490x_factura-luz-electricidad-recibo-ep.jpg","keywords":["Electricidad","Factura electricidad"],"articleSection":["Punts clau del dia (ES)"],"inLanguage":"es","potentialAction":[{"@type":"CommentAction","name":"Comment","target":["https:\/\/conversesacatalunya.cat\/es\/el-lio-frente-a-los-precios-de-la-electricidad-y-la-tumba-de-la-inflacion\/#respond"]}]},{"@type":"WebPage","@id":"https:\/\/conversesacatalunya.cat\/es\/el-lio-frente-a-los-precios-de-la-electricidad-y-la-tumba-de-la-inflacion\/","url":"https:\/\/conversesacatalunya.cat\/es\/el-lio-frente-a-los-precios-de-la-electricidad-y-la-tumba-de-la-inflacion\/","name":"El l\u00edo frente a los precios de la electricidad, y la tumba de la inflaci\u00f3n - Converses a Catalunya","isPartOf":{"@id":"https:\/\/conversesacatalunya.cat\/#website"},"primaryImageOfPage":{"@id":"https:\/\/conversesacatalunya.cat\/es\/el-lio-frente-a-los-precios-de-la-electricidad-y-la-tumba-de-la-inflacion\/#primaryimage"},"image":{"@id":"https:\/\/conversesacatalunya.cat\/es\/el-lio-frente-a-los-precios-de-la-electricidad-y-la-tumba-de-la-inflacion\/#primaryimage"},"thumbnailUrl":"https:\/\/conversesacatalunya.cat\/wp-content\/uploads\/2022\/06\/490x_factura-luz-electricidad-recibo-ep.jpg","datePublished":"2022-06-16T10:00:27+00:00","dateModified":"2022-06-16T13:15:12+00:00","author":{"@id":"https:\/\/conversesacatalunya.cat\/#\/schema\/person\/7e24d1e54a2785373ddcb275eae5ed99"},"breadcrumb":{"@id":"https:\/\/conversesacatalunya.cat\/es\/el-lio-frente-a-los-precios-de-la-electricidad-y-la-tumba-de-la-inflacion\/#breadcrumb"},"inLanguage":"es","potentialAction":[{"@type":"ReadAction","target":["https:\/\/conversesacatalunya.cat\/es\/el-lio-frente-a-los-precios-de-la-electricidad-y-la-tumba-de-la-inflacion\/"]}]},{"@type":"ImageObject","inLanguage":"es","@id":"https:\/\/conversesacatalunya.cat\/es\/el-lio-frente-a-los-precios-de-la-electricidad-y-la-tumba-de-la-inflacion\/#primaryimage","url":"https:\/\/conversesacatalunya.cat\/wp-content\/uploads\/2022\/06\/490x_factura-luz-electricidad-recibo-ep.jpg","contentUrl":"https:\/\/conversesacatalunya.cat\/wp-content\/uploads\/2022\/06\/490x_factura-luz-electricidad-recibo-ep.jpg","width":489,"height":267,"caption":"electricitat"},{"@type":"BreadcrumbList","@id":"https:\/\/conversesacatalunya.cat\/es\/el-lio-frente-a-los-precios-de-la-electricidad-y-la-tumba-de-la-inflacion\/#breadcrumb","itemListElement":[{"@type":"ListItem","position":1,"name":"Inici","item":"https:\/\/conversesacatalunya.cat\/es\/"},{"@type":"ListItem","position":2,"name":"El l\u00edo frente a los precios de la electricidad, y la tumba de la inflaci\u00f3n"}]},{"@type":"WebSite","@id":"https:\/\/conversesacatalunya.cat\/#website","url":"https:\/\/conversesacatalunya.cat\/","name":"Converses a Catalunya","description":"","potentialAction":[{"@type":"SearchAction","target":{"@type":"EntryPoint","urlTemplate":"https:\/\/conversesacatalunya.cat\/?s={search_term_string}"},"query-input":{"@type":"PropertyValueSpecification","valueRequired":true,"valueName":"search_term_string"}}],"inLanguage":"es"},{"@type":"Person","@id":"https:\/\/conversesacatalunya.cat\/#\/schema\/person\/7e24d1e54a2785373ddcb275eae5ed99","name":"conversesacatalunya","image":{"@type":"ImageObject","inLanguage":"es","@id":"https:\/\/conversesacatalunya.cat\/#\/schema\/person\/image\/","url":"https:\/\/conversesacatalunya.cat\/wp-content\/litespeed\/avatar\/febdfeeec89d950f01c748045a981dd2.jpg?ver=1777314535","contentUrl":"https:\/\/conversesacatalunya.cat\/wp-content\/litespeed\/avatar\/febdfeeec89d950f01c748045a981dd2.jpg?ver=1777314535","caption":"conversesacatalunya"},"url":"https:\/\/conversesacatalunya.cat\/es\/author\/carme_catala\/"}]}},"wps_subtitle":"","_links":{"self":[{"href":"https:\/\/conversesacatalunya.cat\/es\/wp-json\/wp\/v2\/posts\/58524","targetHints":{"allow":["GET"]}}],"collection":[{"href":"https:\/\/conversesacatalunya.cat\/es\/wp-json\/wp\/v2\/posts"}],"about":[{"href":"https:\/\/conversesacatalunya.cat\/es\/wp-json\/wp\/v2\/types\/post"}],"author":[{"embeddable":true,"href":"https:\/\/conversesacatalunya.cat\/es\/wp-json\/wp\/v2\/users\/2"}],"replies":[{"embeddable":true,"href":"https:\/\/conversesacatalunya.cat\/es\/wp-json\/wp\/v2\/comments?post=58524"}],"version-history":[{"count":2,"href":"https:\/\/conversesacatalunya.cat\/es\/wp-json\/wp\/v2\/posts\/58524\/revisions"}],"predecessor-version":[{"id":58526,"href":"https:\/\/conversesacatalunya.cat\/es\/wp-json\/wp\/v2\/posts\/58524\/revisions\/58526"}],"wp:featuredmedia":[{"embeddable":true,"href":"https:\/\/conversesacatalunya.cat\/es\/wp-json\/wp\/v2\/media\/58505"}],"wp:attachment":[{"href":"https:\/\/conversesacatalunya.cat\/es\/wp-json\/wp\/v2\/media?parent=58524"}],"wp:term":[{"taxonomy":"category","embeddable":true,"href":"https:\/\/conversesacatalunya.cat\/es\/wp-json\/wp\/v2\/categories?post=58524"},{"taxonomy":"post_tag","embeddable":true,"href":"https:\/\/conversesacatalunya.cat\/es\/wp-json\/wp\/v2\/tags?post=58524"}],"curies":[{"name":"wp","href":"https:\/\/api.w.org\/{rel}","templated":true}]}}