{"id":58321,"date":"2022-06-09T12:16:55","date_gmt":"2022-06-09T10:16:55","guid":{"rendered":"https:\/\/conversesacatalunya.cat\/els-comptes-de-la-vella-de-sanchez\/"},"modified":"2022-06-09T15:06:07","modified_gmt":"2022-06-09T13:06:07","slug":"las-cuentas-de-la-vieja-de-sanchez-que-nos-devuelva-el-dinero","status":"publish","type":"post","link":"https:\/\/conversesacatalunya.cat\/es\/las-cuentas-de-la-vieja-de-sanchez-que-nos-devuelva-el-dinero\/","title":{"rendered":"Las cuentas de la vieja de S\u00e1nchez: que nos devuelva el dinero. 10.000 millones!"},"content":{"rendered":"<p><span>El presidente del gobierno espa\u00f1ol habla y no para de sus logros en nuestro beneficio, pero la realidad es que para nuestros bolsillos pintan bastos.\u00a0Las palabras pueden enga\u00f1ar, los datos, si responden a la realidad, no.\u00a0Y los datos nos dicen lo siguiente: en relaci\u00f3n al 2019, los asalariados de este pa\u00eds considerados en su conjunto ingresan 2.200 millones de euros menos. Es el camino que nos falta recorrer para volver a la situaci\u00f3n precovid, y que la mayor\u00eda de pa\u00edses de Europa ya han hecho. Pero, pese a ser mala esta situaci\u00f3n, no es lo peor, porque resulta que encima de ingresar menos, pagamos\u00a0<\/span><strong><span>7.700 millones de euros m\u00e1s por IRPF <\/span><\/strong><span>al Estado, es decir al gobierno espa\u00f1ol y a la Generalitat. Son los efectos de la inflaci\u00f3n, un impuesto invisible para nuestros bolsillos y un gran negocio para el Estado.\u00a0Todo suma, casi, la astron\u00f3mica cifra de <\/span><strong><span>10.000 millones de euros<\/span><\/strong><span>\u00a0que salen de la renta personal y de nuestras familias.<\/span><\/p>\n<p><span>Si a esta realidad pelada se le a\u00f1ade lo que se llama\u00a0<\/span><strong><span>cu\u00f1a fiscal<\/span><\/strong><span>, que incorpora lo que pagamos a la Seguridad Social, resulta que nuestro sistema impositivo es de los m\u00e1s exigentes de la OCDE.\u00a0El hecho de que paguemos pocos impuestos es un mito como tantos otros que se han inventado a medias entre la progres\u00eda y los que viven de las rentas del Estado.<\/span><\/p>\n<p><span>Por si no fuera suficientemente desdichado todo esto para nuestras econom\u00edas personales, resulta que al menos para la OCDE la <\/span><strong><span>inflaci\u00f3n<\/span><\/strong><span>, en contra de lo que nos van explicando, no se acabar\u00e1 r\u00e1pidamente.\u00a0De entrada, ya tenemos garantizado que durar\u00e1 6 meses m\u00e1s y llegaremos a un fin de a\u00f1o en el que todo habr\u00e1 subido entre un 7 y un 8% como promedio.\u00a0Pero es que ahora la Organizaci\u00f3n para el Desarrollo Econ\u00f3mico anuncia en su \u00faltima previsi\u00f3n que en 2023 tendremos una inflaci\u00f3n media anual del 5%, es decir, todo lo que vayamos a comprar\u00a0<\/span><strong><span>seguir\u00e1 subiendo <\/span><\/strong><span>y adem\u00e1s proseguiremos la ruta de que los impuestos, por esa raz\u00f3n inflacionaria, nos vac\u00eden los bolsillos. Si esta previsi\u00f3n la combinamos con que no recuperaremos la situaci\u00f3n de ingresos hasta finales del pr\u00f3ximo a\u00f1o o principios del siguiente, es muy dif\u00edcil creer al presidente del gobierno cuando nos explica sus continuas pel\u00edculas.<\/span><\/p>\n<p><span>Este hecho perjudica, adem\u00e1s, de manera especial a los catalanes.\u00a0La raz\u00f3n es muy sencilla, pagamos los impuestos que nos toca, que, como hemos visto, son muchos. Pero al mismo tiempo, dada la falta de atenci\u00f3n y eficiencia de la administraci\u00f3n central, ayudada por los enredos de la Generalitat, sabemos de forma fehaciente, porque ha sido el esc\u00e1ndalo de la semana pasada, que lo que\u00a0<\/span><strong><span>realmente se invierte en Catalu\u00f1a es muy poco,<\/span><\/strong><span>\u00a0incluso en relaci\u00f3n a lo presupuestado.<\/span><\/p>\n<p><span>Pero, como el estado es rico, S\u00e1nchez ya ha anunciado, como buen anfitri\u00f3n que ser\u00e1 de la OTAN en la pr\u00f3xima reuni\u00f3n que se celebrar\u00e1 en Madrid, que aumentar\u00e1 el\u00a0<\/span><strong><span>gasto militar<\/span><\/strong><span>\u00a0hasta alcanzar el 2% del PIB.\u00a0Lo que no cuenta es de d\u00f3nde saldr\u00e1 tanto dinero.\u00a0La respuesta afortunadamente es muy sencilla: de nuestros bolsillos.\u00a0De momento Margarita Robles ha pedido ya un anticipo de 3.000 millones para ir haciendo camino.\u00a0Est\u00e1 claro que parte de ese dinero es necesario porque con sus donaciones a Ucrania, Espa\u00f1a, por ejemplo, se ha quedado con las reservas de munici\u00f3n muy reducidas, que es necesario recuperar r\u00e1pidamente. Y es que como preguntaba Josep Pla \u201ctodo esto \u00bfqui\u00e9n lo paga?\u201d.<\/span><\/p>\n<p><span><span class=\"goog-text-highlight\">Por \u00faltimo, una buena noticia que habr\u00e1 que matizar: finalmente se ha aprobado por parte de Bruselas\u00a0<\/span><\/span><strong><span><span class=\"goog-text-highlight\">limitar el precio del gas<\/span><\/span><\/strong><span><span class=\"goog-text-highlight\">.\u00a0<\/span>Y esto es bueno porque reducir\u00e1 nuestra factura del hogar.\u00a0En contra de lo anunciado por parte del gobierno, sin embargo, la reducci\u00f3n no ser\u00e1 del 30% sino de m\u00e1s o menos la mitad.\u00a0Lo que hay que aclarar, y no es un tema menor, es qui\u00e9n va a pagar los <\/span><strong><span>6.300 millones<\/span><\/strong><span> que representa este l\u00edmite del precio del gas. No sea malpensado.<\/span><\/p>\n<div id=\"polls-155\" class=\"wp-polls\">\n\t<form id=\"polls_form_155\" class=\"wp-polls-form\" action=\"\/index.php\" method=\"post\">\n\t\t<p style=\"display: none;\"><input type=\"hidden\" id=\"poll_155_nonce\" name=\"wp-polls-nonce\" value=\"9df3c4562b\" \/><\/p>\n\t\t<p style=\"display: none;\"><input type=\"hidden\" name=\"poll_id\" value=\"155\" \/><\/p>\n\t\t<p style=\"text-align: center\"><strong>Creus que la Generalitat hauria d'abordar amb urg\u00e8ncia els col\u00b7lapses de l'AP-7?<\/strong><\/p><div id=\"polls-155-ans\" class=\"wp-polls-ans\"><ul class=\"wp-polls-ul\">\n\t\t<li><input type=\"radio\" id=\"poll-answer-403\" name=\"poll_155\" value=\"403\" \/> <label for=\"poll-answer-403\">S\u00ed<\/label><\/li>\n\t\t<li><input type=\"radio\" id=\"poll-answer-404\" name=\"poll_155\" value=\"404\" \/> <label for=\"poll-answer-404\">No<\/label><\/li>\n\t\t<li><input type=\"radio\" id=\"poll-answer-405\" name=\"poll_155\" value=\"405\" \/> <label for=\"poll-answer-405\">No ho s\u00e9<\/label><\/li>\n\t\t<\/ul><p style=\"text-align: center\"><input type=\"button\" name=\"vote\" value=\"   Vota   \" class=\"Buttons\" onclick=\"poll_vote(155);\" \/><\/p><p style=\"text-align: center\"><a href=\"#ViewPollResults\" onclick=\"poll_result(155); return false;\" title=\"View Results Of This Poll\">Mira els resultats<\/a><\/p><\/div>\n\t<\/form>\n<\/div>\n<div id=\"polls-155-loading\" class=\"wp-polls-loading\"><img decoding=\"async\" data-src=\"https:\/\/conversesacatalunya.cat\/wp-content\/plugins\/wp-polls\/images\/loading.gif\" width=\"16\" height=\"16\" alt=\"Cargando ...\" title=\"Cargando ...\" class=\"wp-polls-image lazyload\" src=\"data:image\/svg+xml;base64,PHN2ZyB3aWR0aD0iMSIgaGVpZ2h0PSIxIiB4bWxucz0iaHR0cDovL3d3dy53My5vcmcvMjAwMC9zdmciPjwvc3ZnPg==\" style=\"--smush-placeholder-width: 16px; --smush-placeholder-aspect-ratio: 16\/16;\" \/>&nbsp;Cargando ...<\/div>\n\n","protected":false},"excerpt":{"rendered":"<p>El presidente del gobierno espa\u00f1ol habla y no para de sus logros en nuestro beneficio, pero la realidad es que para nuestros bolsillos pintan bastos.\u00a0Las palabras pueden enga\u00f1ar, los datos, si responden a la realidad, no.\u00a0Y los datos nos dicen lo siguiente: en relaci\u00f3n al 2019, los asalariados de este pa\u00eds considerados en su conjunto ingresan 2.200 millones de euros menos. Es el camino que nos falta recorrer para volver a la situaci\u00f3n precovid, y que la mayor\u00eda de pa\u00edses de Europa ya han hecho. Pero, pese a ser mala esta situaci\u00f3n, no es lo peor, porque resulta que encima de ingresar menos, pagamos\u00a07.700 millones de euros m\u00e1s por IRPF al Estado, es decir al gobierno espa\u00f1ol y a la Generalitat. Son los efectos de la inflaci\u00f3n, un impuesto invisible para nuestros bolsillos y un gran negocio para el Estado.\u00a0Todo suma, casi, la astron\u00f3mica cifra de 10.000 millones de euros\u00a0que salen de la renta personal y de nuestras familias. Si a esta realidad pelada se le a\u00f1ade lo que se llama\u00a0cu\u00f1a fiscal, que incorpora lo que pagamos a la Seguridad Social, resulta que nuestro sistema impositivo es de los m\u00e1s exigentes de la OCDE.\u00a0El hecho de que paguemos pocos impuestos es un mito como tantos otros que se han inventado a medias entre la progres\u00eda y los que viven de las rentas del Estado. Por si no fuera suficientemente desdichado todo esto para nuestras econom\u00edas personales, resulta que al menos para la OCDE la inflaci\u00f3n, en contra de lo que nos van explicando, no se acabar\u00e1 r\u00e1pidamente.\u00a0De entrada, ya tenemos garantizado que durar\u00e1 6 meses m\u00e1s y llegaremos a un fin de a\u00f1o en el que todo habr\u00e1 subido entre un 7 y un 8% como promedio.\u00a0Pero es que ahora la Organizaci\u00f3n para el Desarrollo Econ\u00f3mico anuncia en su \u00faltima previsi\u00f3n que en 2023 tendremos una inflaci\u00f3n media anual del 5%, es decir, todo lo que vayamos a comprar\u00a0seguir\u00e1 subiendo y adem\u00e1s proseguiremos la ruta de que los impuestos, por esa raz\u00f3n inflacionaria, nos vac\u00eden los bolsillos. Si esta previsi\u00f3n la combinamos con que no recuperaremos la situaci\u00f3n de ingresos hasta finales del pr\u00f3ximo a\u00f1o o principios del siguiente, es muy dif\u00edcil creer al presidente del gobierno cuando nos explica sus continuas pel\u00edculas. Este hecho perjudica, adem\u00e1s, de manera especial a los catalanes.\u00a0La raz\u00f3n es muy sencilla, pagamos los impuestos que nos toca, que, como hemos visto, son muchos. Pero al mismo tiempo, dada la falta de atenci\u00f3n y eficiencia de la administraci\u00f3n central, ayudada por los enredos de la Generalitat, sabemos de forma fehaciente, porque ha sido el esc\u00e1ndalo de la semana pasada, que lo que\u00a0realmente se invierte en Catalu\u00f1a es muy poco,\u00a0incluso en relaci\u00f3n a lo presupuestado. Pero, como el estado es rico, S\u00e1nchez ya ha anunciado, como buen anfitri\u00f3n que ser\u00e1 de la OTAN en la pr\u00f3xima reuni\u00f3n que se celebrar\u00e1 en Madrid, que aumentar\u00e1 el\u00a0gasto militar\u00a0hasta alcanzar el 2% del PIB.\u00a0Lo que no cuenta es de d\u00f3nde saldr\u00e1 tanto dinero.\u00a0La respuesta afortunadamente es muy sencilla: de nuestros bolsillos.\u00a0De momento Margarita Robles ha pedido ya un anticipo de 3.000 millones para ir haciendo camino.\u00a0Est\u00e1 claro que parte de ese dinero es necesario porque con sus donaciones a Ucrania, Espa\u00f1a, por ejemplo, se ha quedado con las reservas de munici\u00f3n muy reducidas, que es necesario recuperar r\u00e1pidamente. Y es que como preguntaba Josep Pla \u201ctodo esto \u00bfqui\u00e9n lo paga?\u201d. Por \u00faltimo, una buena noticia que habr\u00e1 que matizar: finalmente se ha aprobado por parte de Bruselas\u00a0limitar el precio del gas.\u00a0Y esto es bueno porque reducir\u00e1 nuestra factura del hogar.\u00a0En contra de lo anunciado por parte del gobierno, sin embargo, la reducci\u00f3n no ser\u00e1 del 30% sino de m\u00e1s o menos la mitad.\u00a0Lo que hay que aclarar, y no es un tema menor, es qui\u00e9n va a pagar los 6.300 millones que representa este l\u00edmite del precio del gas. No sea malpensado.<\/p>\n","protected":false},"author":2,"featured_media":58305,"comment_status":"open","ping_status":"open","sticky":false,"template":"","format":"standard","meta":{"_FSMCFIC_featured_image_caption":"","_FSMCFIC_featured_image_nocaption":"","_FSMCFIC_featured_image_hide":"","footnotes":""},"categories":[806],"tags":[4593,4594,3097,3242,1157],"class_list":["post-58321","post","type-post","status-publish","format-standard","has-post-thumbnail","hentry","category-punts-claus-del-dia-es","tag-crisi-economica-guerra-ucraina-es","tag-crisis-economica-guerra-ucrania","tag-inflacio-es","tag-inflacion","tag-pedro-sanchez-es"],"yoast_head":"<!-- This site is optimized with the Yoast SEO plugin v26.8 - https:\/\/yoast.com\/product\/yoast-seo-wordpress\/ -->\n<title>Las cuentas de la vieja de S\u00e1nchez: que nos devuelva el dinero. 10.000 millones! - Converses a Catalunya<\/title>\n<meta name=\"robots\" content=\"index, follow, max-snippet:-1, max-image-preview:large, max-video-preview:-1\" \/>\n<link rel=\"canonical\" href=\"https:\/\/conversesacatalunya.cat\/es\/las-cuentas-de-la-vieja-de-sanchez-que-nos-devuelva-el-dinero\/\" \/>\n<meta property=\"og:locale\" content=\"es_ES\" \/>\n<meta property=\"og:type\" content=\"article\" \/>\n<meta property=\"og:title\" content=\"Las cuentas de la vieja de S\u00e1nchez: que nos devuelva el dinero. 10.000 millones! - Converses a Catalunya\" \/>\n<meta property=\"og:description\" content=\"El presidente del gobierno espa\u00f1ol habla y no para de sus logros en nuestro beneficio, pero la realidad es que para nuestros bolsillos pintan bastos.\u00a0Las palabras pueden enga\u00f1ar, los datos, si responden a la realidad, no.\u00a0Y los datos nos dicen lo siguiente: en relaci\u00f3n al 2019, los asalariados de este pa\u00eds considerados en su conjunto ingresan 2.200 millones de euros menos. Es el camino que nos falta recorrer para volver a la situaci\u00f3n precovid, y que la mayor\u00eda de pa\u00edses de Europa ya han hecho. Pero, pese a ser mala esta situaci\u00f3n, no es lo peor, porque resulta que encima de ingresar menos, pagamos\u00a07.700 millones de euros m\u00e1s por IRPF al Estado, es decir al gobierno espa\u00f1ol y a la Generalitat. Son los efectos de la inflaci\u00f3n, un impuesto invisible para nuestros bolsillos y un gran negocio para el Estado.\u00a0Todo suma, casi, la astron\u00f3mica cifra de 10.000 millones de euros\u00a0que salen de la renta personal y de nuestras familias. Si a esta realidad pelada se le a\u00f1ade lo que se llama\u00a0cu\u00f1a fiscal, que incorpora lo que pagamos a la Seguridad Social, resulta que nuestro sistema impositivo es de los m\u00e1s exigentes de la OCDE.\u00a0El hecho de que paguemos pocos impuestos es un mito como tantos otros que se han inventado a medias entre la progres\u00eda y los que viven de las rentas del Estado. Por si no fuera suficientemente desdichado todo esto para nuestras econom\u00edas personales, resulta que al menos para la OCDE la inflaci\u00f3n, en contra de lo que nos van explicando, no se acabar\u00e1 r\u00e1pidamente.\u00a0De entrada, ya tenemos garantizado que durar\u00e1 6 meses m\u00e1s y llegaremos a un fin de a\u00f1o en el que todo habr\u00e1 subido entre un 7 y un 8% como promedio.\u00a0Pero es que ahora la Organizaci\u00f3n para el Desarrollo Econ\u00f3mico anuncia en su \u00faltima previsi\u00f3n que en 2023 tendremos una inflaci\u00f3n media anual del 5%, es decir, todo lo que vayamos a comprar\u00a0seguir\u00e1 subiendo y adem\u00e1s proseguiremos la ruta de que los impuestos, por esa raz\u00f3n inflacionaria, nos vac\u00eden los bolsillos. Si esta previsi\u00f3n la combinamos con que no recuperaremos la situaci\u00f3n de ingresos hasta finales del pr\u00f3ximo a\u00f1o o principios del siguiente, es muy dif\u00edcil creer al presidente del gobierno cuando nos explica sus continuas pel\u00edculas. Este hecho perjudica, adem\u00e1s, de manera especial a los catalanes.\u00a0La raz\u00f3n es muy sencilla, pagamos los impuestos que nos toca, que, como hemos visto, son muchos. Pero al mismo tiempo, dada la falta de atenci\u00f3n y eficiencia de la administraci\u00f3n central, ayudada por los enredos de la Generalitat, sabemos de forma fehaciente, porque ha sido el esc\u00e1ndalo de la semana pasada, que lo que\u00a0realmente se invierte en Catalu\u00f1a es muy poco,\u00a0incluso en relaci\u00f3n a lo presupuestado. Pero, como el estado es rico, S\u00e1nchez ya ha anunciado, como buen anfitri\u00f3n que ser\u00e1 de la OTAN en la pr\u00f3xima reuni\u00f3n que se celebrar\u00e1 en Madrid, que aumentar\u00e1 el\u00a0gasto militar\u00a0hasta alcanzar el 2% del PIB.\u00a0Lo que no cuenta es de d\u00f3nde saldr\u00e1 tanto dinero.\u00a0La respuesta afortunadamente es muy sencilla: de nuestros bolsillos.\u00a0De momento Margarita Robles ha pedido ya un anticipo de 3.000 millones para ir haciendo camino.\u00a0Est\u00e1 claro que parte de ese dinero es necesario porque con sus donaciones a Ucrania, Espa\u00f1a, por ejemplo, se ha quedado con las reservas de munici\u00f3n muy reducidas, que es necesario recuperar r\u00e1pidamente. Y es que como preguntaba Josep Pla \u201ctodo esto \u00bfqui\u00e9n lo paga?\u201d. Por \u00faltimo, una buena noticia que habr\u00e1 que matizar: finalmente se ha aprobado por parte de Bruselas\u00a0limitar el precio del gas.\u00a0Y esto es bueno porque reducir\u00e1 nuestra factura del hogar.\u00a0En contra de lo anunciado por parte del gobierno, sin embargo, la reducci\u00f3n no ser\u00e1 del 30% sino de m\u00e1s o menos la mitad.\u00a0Lo que hay que aclarar, y no es un tema menor, es qui\u00e9n va a pagar los 6.300 millones que representa este l\u00edmite del precio del gas. No sea malpensado.\" \/>\n<meta property=\"og:url\" content=\"https:\/\/conversesacatalunya.cat\/es\/las-cuentas-de-la-vieja-de-sanchez-que-nos-devuelva-el-dinero\/\" \/>\n<meta property=\"og:site_name\" content=\"Converses a Catalunya\" \/>\n<meta property=\"article:published_time\" content=\"2022-06-09T10:16:55+00:00\" \/>\n<meta property=\"article:modified_time\" content=\"2022-06-09T13:06:07+00:00\" \/>\n<meta property=\"og:image\" content=\"https:\/\/conversesacatalunya.cat\/wp-content\/uploads\/2022\/06\/sanchez-sin-play-655x368-1.jpg\" \/>\n\t<meta property=\"og:image:width\" content=\"655\" \/>\n\t<meta property=\"og:image:height\" content=\"368\" \/>\n\t<meta property=\"og:image:type\" content=\"image\/jpeg\" \/>\n<meta name=\"author\" content=\"conversesacatalunya\" \/>\n<meta name=\"twitter:card\" content=\"summary_large_image\" \/>\n<meta name=\"twitter:label1\" content=\"Escrito por\" \/>\n\t<meta name=\"twitter:data1\" content=\"conversesacatalunya\" \/>\n\t<meta name=\"twitter:label2\" content=\"Tiempo de lectura\" \/>\n\t<meta name=\"twitter:data2\" content=\"4 minutos\" \/>\n<script type=\"application\/ld+json\" class=\"yoast-schema-graph\">{\"@context\":\"https:\/\/schema.org\",\"@graph\":[{\"@type\":\"Article\",\"@id\":\"https:\/\/conversesacatalunya.cat\/es\/las-cuentas-de-la-vieja-de-sanchez-que-nos-devuelva-el-dinero\/#article\",\"isPartOf\":{\"@id\":\"https:\/\/conversesacatalunya.cat\/es\/las-cuentas-de-la-vieja-de-sanchez-que-nos-devuelva-el-dinero\/\"},\"author\":{\"name\":\"conversesacatalunya\",\"@id\":\"https:\/\/conversesacatalunya.cat\/#\/schema\/person\/7e24d1e54a2785373ddcb275eae5ed99\"},\"headline\":\"Las cuentas de la vieja de S\u00e1nchez: que nos devuelva el dinero. 10.000 millones!\",\"datePublished\":\"2022-06-09T10:16:55+00:00\",\"dateModified\":\"2022-06-09T13:06:07+00:00\",\"mainEntityOfPage\":{\"@id\":\"https:\/\/conversesacatalunya.cat\/es\/las-cuentas-de-la-vieja-de-sanchez-que-nos-devuelva-el-dinero\/\"},\"wordCount\":723,\"commentCount\":0,\"image\":{\"@id\":\"https:\/\/conversesacatalunya.cat\/es\/las-cuentas-de-la-vieja-de-sanchez-que-nos-devuelva-el-dinero\/#primaryimage\"},\"thumbnailUrl\":\"https:\/\/conversesacatalunya.cat\/wp-content\/uploads\/2022\/06\/sanchez-sin-play-655x368-1.jpg\",\"keywords\":[\"Crisi econ\u00f2mica guerra ucra\u00efna\",\"crisis econ\u00f3mica guerra Ucrania\",\"Inflaci\u00f3\",\"inflaci\u00f3n\",\"Pedro S\u00e1nchez\"],\"articleSection\":[\"Punts clau del dia (ES)\"],\"inLanguage\":\"es\",\"potentialAction\":[{\"@type\":\"CommentAction\",\"name\":\"Comment\",\"target\":[\"https:\/\/conversesacatalunya.cat\/es\/las-cuentas-de-la-vieja-de-sanchez-que-nos-devuelva-el-dinero\/#respond\"]}]},{\"@type\":\"WebPage\",\"@id\":\"https:\/\/conversesacatalunya.cat\/es\/las-cuentas-de-la-vieja-de-sanchez-que-nos-devuelva-el-dinero\/\",\"url\":\"https:\/\/conversesacatalunya.cat\/es\/las-cuentas-de-la-vieja-de-sanchez-que-nos-devuelva-el-dinero\/\",\"name\":\"Las cuentas de la vieja de S\u00e1nchez: que nos devuelva el dinero. 10.000 millones! - Converses a Catalunya\",\"isPartOf\":{\"@id\":\"https:\/\/conversesacatalunya.cat\/#website\"},\"primaryImageOfPage\":{\"@id\":\"https:\/\/conversesacatalunya.cat\/es\/las-cuentas-de-la-vieja-de-sanchez-que-nos-devuelva-el-dinero\/#primaryimage\"},\"image\":{\"@id\":\"https:\/\/conversesacatalunya.cat\/es\/las-cuentas-de-la-vieja-de-sanchez-que-nos-devuelva-el-dinero\/#primaryimage\"},\"thumbnailUrl\":\"https:\/\/conversesacatalunya.cat\/wp-content\/uploads\/2022\/06\/sanchez-sin-play-655x368-1.jpg\",\"datePublished\":\"2022-06-09T10:16:55+00:00\",\"dateModified\":\"2022-06-09T13:06:07+00:00\",\"author\":{\"@id\":\"https:\/\/conversesacatalunya.cat\/#\/schema\/person\/7e24d1e54a2785373ddcb275eae5ed99\"},\"breadcrumb\":{\"@id\":\"https:\/\/conversesacatalunya.cat\/es\/las-cuentas-de-la-vieja-de-sanchez-que-nos-devuelva-el-dinero\/#breadcrumb\"},\"inLanguage\":\"es\",\"potentialAction\":[{\"@type\":\"ReadAction\",\"target\":[\"https:\/\/conversesacatalunya.cat\/es\/las-cuentas-de-la-vieja-de-sanchez-que-nos-devuelva-el-dinero\/\"]}]},{\"@type\":\"ImageObject\",\"inLanguage\":\"es\",\"@id\":\"https:\/\/conversesacatalunya.cat\/es\/las-cuentas-de-la-vieja-de-sanchez-que-nos-devuelva-el-dinero\/#primaryimage\",\"url\":\"https:\/\/conversesacatalunya.cat\/wp-content\/uploads\/2022\/06\/sanchez-sin-play-655x368-1.jpg\",\"contentUrl\":\"https:\/\/conversesacatalunya.cat\/wp-content\/uploads\/2022\/06\/sanchez-sin-play-655x368-1.jpg\",\"width\":655,\"height\":368},{\"@type\":\"BreadcrumbList\",\"@id\":\"https:\/\/conversesacatalunya.cat\/es\/las-cuentas-de-la-vieja-de-sanchez-que-nos-devuelva-el-dinero\/#breadcrumb\",\"itemListElement\":[{\"@type\":\"ListItem\",\"position\":1,\"name\":\"Inici\",\"item\":\"https:\/\/conversesacatalunya.cat\/es\/\"},{\"@type\":\"ListItem\",\"position\":2,\"name\":\"Las cuentas de la vieja de S\u00e1nchez: que nos devuelva el dinero. 10.000 millones!\"}]},{\"@type\":\"WebSite\",\"@id\":\"https:\/\/conversesacatalunya.cat\/#website\",\"url\":\"https:\/\/conversesacatalunya.cat\/\",\"name\":\"Converses a Catalunya\",\"description\":\"\",\"potentialAction\":[{\"@type\":\"SearchAction\",\"target\":{\"@type\":\"EntryPoint\",\"urlTemplate\":\"https:\/\/conversesacatalunya.cat\/?s={search_term_string}\"},\"query-input\":{\"@type\":\"PropertyValueSpecification\",\"valueRequired\":true,\"valueName\":\"search_term_string\"}}],\"inLanguage\":\"es\"},{\"@type\":\"Person\",\"@id\":\"https:\/\/conversesacatalunya.cat\/#\/schema\/person\/7e24d1e54a2785373ddcb275eae5ed99\",\"name\":\"conversesacatalunya\",\"image\":{\"@type\":\"ImageObject\",\"inLanguage\":\"es\",\"@id\":\"https:\/\/conversesacatalunya.cat\/#\/schema\/person\/image\/\",\"url\":\"https:\/\/conversesacatalunya.cat\/wp-content\/litespeed\/avatar\/febdfeeec89d950f01c748045a981dd2.jpg?ver=1777314535\",\"contentUrl\":\"https:\/\/conversesacatalunya.cat\/wp-content\/litespeed\/avatar\/febdfeeec89d950f01c748045a981dd2.jpg?ver=1777314535\",\"caption\":\"conversesacatalunya\"},\"url\":\"https:\/\/conversesacatalunya.cat\/es\/author\/carme_catala\/\"}]}<\/script>\n<!-- \/ Yoast SEO plugin. -->","yoast_head_json":{"title":"Las cuentas de la vieja de S\u00e1nchez: que nos devuelva el dinero. 10.000 millones! - Converses a Catalunya","robots":{"index":"index","follow":"follow","max-snippet":"max-snippet:-1","max-image-preview":"max-image-preview:large","max-video-preview":"max-video-preview:-1"},"canonical":"https:\/\/conversesacatalunya.cat\/es\/las-cuentas-de-la-vieja-de-sanchez-que-nos-devuelva-el-dinero\/","og_locale":"es_ES","og_type":"article","og_title":"Las cuentas de la vieja de S\u00e1nchez: que nos devuelva el dinero. 10.000 millones! - Converses a Catalunya","og_description":"El presidente del gobierno espa\u00f1ol habla y no para de sus logros en nuestro beneficio, pero la realidad es que para nuestros bolsillos pintan bastos.\u00a0Las palabras pueden enga\u00f1ar, los datos, si responden a la realidad, no.\u00a0Y los datos nos dicen lo siguiente: en relaci\u00f3n al 2019, los asalariados de este pa\u00eds considerados en su conjunto ingresan 2.200 millones de euros menos. Es el camino que nos falta recorrer para volver a la situaci\u00f3n precovid, y que la mayor\u00eda de pa\u00edses de Europa ya han hecho. Pero, pese a ser mala esta situaci\u00f3n, no es lo peor, porque resulta que encima de ingresar menos, pagamos\u00a07.700 millones de euros m\u00e1s por IRPF al Estado, es decir al gobierno espa\u00f1ol y a la Generalitat. Son los efectos de la inflaci\u00f3n, un impuesto invisible para nuestros bolsillos y un gran negocio para el Estado.\u00a0Todo suma, casi, la astron\u00f3mica cifra de 10.000 millones de euros\u00a0que salen de la renta personal y de nuestras familias. Si a esta realidad pelada se le a\u00f1ade lo que se llama\u00a0cu\u00f1a fiscal, que incorpora lo que pagamos a la Seguridad Social, resulta que nuestro sistema impositivo es de los m\u00e1s exigentes de la OCDE.\u00a0El hecho de que paguemos pocos impuestos es un mito como tantos otros que se han inventado a medias entre la progres\u00eda y los que viven de las rentas del Estado. Por si no fuera suficientemente desdichado todo esto para nuestras econom\u00edas personales, resulta que al menos para la OCDE la inflaci\u00f3n, en contra de lo que nos van explicando, no se acabar\u00e1 r\u00e1pidamente.\u00a0De entrada, ya tenemos garantizado que durar\u00e1 6 meses m\u00e1s y llegaremos a un fin de a\u00f1o en el que todo habr\u00e1 subido entre un 7 y un 8% como promedio.\u00a0Pero es que ahora la Organizaci\u00f3n para el Desarrollo Econ\u00f3mico anuncia en su \u00faltima previsi\u00f3n que en 2023 tendremos una inflaci\u00f3n media anual del 5%, es decir, todo lo que vayamos a comprar\u00a0seguir\u00e1 subiendo y adem\u00e1s proseguiremos la ruta de que los impuestos, por esa raz\u00f3n inflacionaria, nos vac\u00eden los bolsillos. Si esta previsi\u00f3n la combinamos con que no recuperaremos la situaci\u00f3n de ingresos hasta finales del pr\u00f3ximo a\u00f1o o principios del siguiente, es muy dif\u00edcil creer al presidente del gobierno cuando nos explica sus continuas pel\u00edculas. Este hecho perjudica, adem\u00e1s, de manera especial a los catalanes.\u00a0La raz\u00f3n es muy sencilla, pagamos los impuestos que nos toca, que, como hemos visto, son muchos. Pero al mismo tiempo, dada la falta de atenci\u00f3n y eficiencia de la administraci\u00f3n central, ayudada por los enredos de la Generalitat, sabemos de forma fehaciente, porque ha sido el esc\u00e1ndalo de la semana pasada, que lo que\u00a0realmente se invierte en Catalu\u00f1a es muy poco,\u00a0incluso en relaci\u00f3n a lo presupuestado. Pero, como el estado es rico, S\u00e1nchez ya ha anunciado, como buen anfitri\u00f3n que ser\u00e1 de la OTAN en la pr\u00f3xima reuni\u00f3n que se celebrar\u00e1 en Madrid, que aumentar\u00e1 el\u00a0gasto militar\u00a0hasta alcanzar el 2% del PIB.\u00a0Lo que no cuenta es de d\u00f3nde saldr\u00e1 tanto dinero.\u00a0La respuesta afortunadamente es muy sencilla: de nuestros bolsillos.\u00a0De momento Margarita Robles ha pedido ya un anticipo de 3.000 millones para ir haciendo camino.\u00a0Est\u00e1 claro que parte de ese dinero es necesario porque con sus donaciones a Ucrania, Espa\u00f1a, por ejemplo, se ha quedado con las reservas de munici\u00f3n muy reducidas, que es necesario recuperar r\u00e1pidamente. Y es que como preguntaba Josep Pla \u201ctodo esto \u00bfqui\u00e9n lo paga?\u201d. Por \u00faltimo, una buena noticia que habr\u00e1 que matizar: finalmente se ha aprobado por parte de Bruselas\u00a0limitar el precio del gas.\u00a0Y esto es bueno porque reducir\u00e1 nuestra factura del hogar.\u00a0En contra de lo anunciado por parte del gobierno, sin embargo, la reducci\u00f3n no ser\u00e1 del 30% sino de m\u00e1s o menos la mitad.\u00a0Lo que hay que aclarar, y no es un tema menor, es qui\u00e9n va a pagar los 6.300 millones que representa este l\u00edmite del precio del gas. No sea malpensado.","og_url":"https:\/\/conversesacatalunya.cat\/es\/las-cuentas-de-la-vieja-de-sanchez-que-nos-devuelva-el-dinero\/","og_site_name":"Converses a Catalunya","article_published_time":"2022-06-09T10:16:55+00:00","article_modified_time":"2022-06-09T13:06:07+00:00","og_image":[{"width":655,"height":368,"url":"https:\/\/conversesacatalunya.cat\/wp-content\/uploads\/2022\/06\/sanchez-sin-play-655x368-1.jpg","type":"image\/jpeg"}],"author":"conversesacatalunya","twitter_card":"summary_large_image","twitter_misc":{"Escrito por":"conversesacatalunya","Tiempo de lectura":"4 minutos"},"schema":{"@context":"https:\/\/schema.org","@graph":[{"@type":"Article","@id":"https:\/\/conversesacatalunya.cat\/es\/las-cuentas-de-la-vieja-de-sanchez-que-nos-devuelva-el-dinero\/#article","isPartOf":{"@id":"https:\/\/conversesacatalunya.cat\/es\/las-cuentas-de-la-vieja-de-sanchez-que-nos-devuelva-el-dinero\/"},"author":{"name":"conversesacatalunya","@id":"https:\/\/conversesacatalunya.cat\/#\/schema\/person\/7e24d1e54a2785373ddcb275eae5ed99"},"headline":"Las cuentas de la vieja de S\u00e1nchez: que nos devuelva el dinero. 10.000 millones!","datePublished":"2022-06-09T10:16:55+00:00","dateModified":"2022-06-09T13:06:07+00:00","mainEntityOfPage":{"@id":"https:\/\/conversesacatalunya.cat\/es\/las-cuentas-de-la-vieja-de-sanchez-que-nos-devuelva-el-dinero\/"},"wordCount":723,"commentCount":0,"image":{"@id":"https:\/\/conversesacatalunya.cat\/es\/las-cuentas-de-la-vieja-de-sanchez-que-nos-devuelva-el-dinero\/#primaryimage"},"thumbnailUrl":"https:\/\/conversesacatalunya.cat\/wp-content\/uploads\/2022\/06\/sanchez-sin-play-655x368-1.jpg","keywords":["Crisi econ\u00f2mica guerra ucra\u00efna","crisis econ\u00f3mica guerra Ucrania","Inflaci\u00f3","inflaci\u00f3n","Pedro S\u00e1nchez"],"articleSection":["Punts clau del dia (ES)"],"inLanguage":"es","potentialAction":[{"@type":"CommentAction","name":"Comment","target":["https:\/\/conversesacatalunya.cat\/es\/las-cuentas-de-la-vieja-de-sanchez-que-nos-devuelva-el-dinero\/#respond"]}]},{"@type":"WebPage","@id":"https:\/\/conversesacatalunya.cat\/es\/las-cuentas-de-la-vieja-de-sanchez-que-nos-devuelva-el-dinero\/","url":"https:\/\/conversesacatalunya.cat\/es\/las-cuentas-de-la-vieja-de-sanchez-que-nos-devuelva-el-dinero\/","name":"Las cuentas de la vieja de S\u00e1nchez: que nos devuelva el dinero. 10.000 millones! - Converses a Catalunya","isPartOf":{"@id":"https:\/\/conversesacatalunya.cat\/#website"},"primaryImageOfPage":{"@id":"https:\/\/conversesacatalunya.cat\/es\/las-cuentas-de-la-vieja-de-sanchez-que-nos-devuelva-el-dinero\/#primaryimage"},"image":{"@id":"https:\/\/conversesacatalunya.cat\/es\/las-cuentas-de-la-vieja-de-sanchez-que-nos-devuelva-el-dinero\/#primaryimage"},"thumbnailUrl":"https:\/\/conversesacatalunya.cat\/wp-content\/uploads\/2022\/06\/sanchez-sin-play-655x368-1.jpg","datePublished":"2022-06-09T10:16:55+00:00","dateModified":"2022-06-09T13:06:07+00:00","author":{"@id":"https:\/\/conversesacatalunya.cat\/#\/schema\/person\/7e24d1e54a2785373ddcb275eae5ed99"},"breadcrumb":{"@id":"https:\/\/conversesacatalunya.cat\/es\/las-cuentas-de-la-vieja-de-sanchez-que-nos-devuelva-el-dinero\/#breadcrumb"},"inLanguage":"es","potentialAction":[{"@type":"ReadAction","target":["https:\/\/conversesacatalunya.cat\/es\/las-cuentas-de-la-vieja-de-sanchez-que-nos-devuelva-el-dinero\/"]}]},{"@type":"ImageObject","inLanguage":"es","@id":"https:\/\/conversesacatalunya.cat\/es\/las-cuentas-de-la-vieja-de-sanchez-que-nos-devuelva-el-dinero\/#primaryimage","url":"https:\/\/conversesacatalunya.cat\/wp-content\/uploads\/2022\/06\/sanchez-sin-play-655x368-1.jpg","contentUrl":"https:\/\/conversesacatalunya.cat\/wp-content\/uploads\/2022\/06\/sanchez-sin-play-655x368-1.jpg","width":655,"height":368},{"@type":"BreadcrumbList","@id":"https:\/\/conversesacatalunya.cat\/es\/las-cuentas-de-la-vieja-de-sanchez-que-nos-devuelva-el-dinero\/#breadcrumb","itemListElement":[{"@type":"ListItem","position":1,"name":"Inici","item":"https:\/\/conversesacatalunya.cat\/es\/"},{"@type":"ListItem","position":2,"name":"Las cuentas de la vieja de S\u00e1nchez: que nos devuelva el dinero. 10.000 millones!"}]},{"@type":"WebSite","@id":"https:\/\/conversesacatalunya.cat\/#website","url":"https:\/\/conversesacatalunya.cat\/","name":"Converses a Catalunya","description":"","potentialAction":[{"@type":"SearchAction","target":{"@type":"EntryPoint","urlTemplate":"https:\/\/conversesacatalunya.cat\/?s={search_term_string}"},"query-input":{"@type":"PropertyValueSpecification","valueRequired":true,"valueName":"search_term_string"}}],"inLanguage":"es"},{"@type":"Person","@id":"https:\/\/conversesacatalunya.cat\/#\/schema\/person\/7e24d1e54a2785373ddcb275eae5ed99","name":"conversesacatalunya","image":{"@type":"ImageObject","inLanguage":"es","@id":"https:\/\/conversesacatalunya.cat\/#\/schema\/person\/image\/","url":"https:\/\/conversesacatalunya.cat\/wp-content\/litespeed\/avatar\/febdfeeec89d950f01c748045a981dd2.jpg?ver=1777314535","contentUrl":"https:\/\/conversesacatalunya.cat\/wp-content\/litespeed\/avatar\/febdfeeec89d950f01c748045a981dd2.jpg?ver=1777314535","caption":"conversesacatalunya"},"url":"https:\/\/conversesacatalunya.cat\/es\/author\/carme_catala\/"}]}},"wps_subtitle":"","_links":{"self":[{"href":"https:\/\/conversesacatalunya.cat\/es\/wp-json\/wp\/v2\/posts\/58321","targetHints":{"allow":["GET"]}}],"collection":[{"href":"https:\/\/conversesacatalunya.cat\/es\/wp-json\/wp\/v2\/posts"}],"about":[{"href":"https:\/\/conversesacatalunya.cat\/es\/wp-json\/wp\/v2\/types\/post"}],"author":[{"embeddable":true,"href":"https:\/\/conversesacatalunya.cat\/es\/wp-json\/wp\/v2\/users\/2"}],"replies":[{"embeddable":true,"href":"https:\/\/conversesacatalunya.cat\/es\/wp-json\/wp\/v2\/comments?post=58321"}],"version-history":[{"count":2,"href":"https:\/\/conversesacatalunya.cat\/es\/wp-json\/wp\/v2\/posts\/58321\/revisions"}],"predecessor-version":[{"id":58323,"href":"https:\/\/conversesacatalunya.cat\/es\/wp-json\/wp\/v2\/posts\/58321\/revisions\/58323"}],"wp:featuredmedia":[{"embeddable":true,"href":"https:\/\/conversesacatalunya.cat\/es\/wp-json\/wp\/v2\/media\/58305"}],"wp:attachment":[{"href":"https:\/\/conversesacatalunya.cat\/es\/wp-json\/wp\/v2\/media?parent=58321"}],"wp:term":[{"taxonomy":"category","embeddable":true,"href":"https:\/\/conversesacatalunya.cat\/es\/wp-json\/wp\/v2\/categories?post=58321"},{"taxonomy":"post_tag","embeddable":true,"href":"https:\/\/conversesacatalunya.cat\/es\/wp-json\/wp\/v2\/tags?post=58321"}],"curies":[{"name":"wp","href":"https:\/\/api.w.org\/{rel}","templated":true}]}}