{"id":58175,"date":"2022-06-03T12:24:04","date_gmt":"2022-06-03T10:24:04","guid":{"rendered":"https:\/\/conversesacatalunya.cat\/6-degradacio-del-debat-public\/"},"modified":"2022-06-03T12:49:58","modified_gmt":"2022-06-03T10:49:58","slug":"6-degradacion-del-debate-publico","status":"publish","type":"post","link":"https:\/\/conversesacatalunya.cat\/es\/6-degradacion-del-debate-publico\/","title":{"rendered":"6 fundaciones \u201cprogres\u201d se quejan de la degradaci\u00f3n del debate p\u00fablico, pero contribuyen decididamente a \u00e9l"},"content":{"rendered":"<p><span>Seis fundaciones, que en realidad corresponden a tres opciones electorales, socialistas, comunes, ERC, m\u00e1s la a\u00f1adida de una fundaci\u00f3n de CCOO, la Fundaci\u00f3n Cipriano Garc\u00eda, han hecho un documento que quiere ser un toque de atenci\u00f3n.\u00a0Se titula \u00bb\u00a0<\/span><strong><span>Mejorar el debate p\u00fablico es fortalecer la calidad de la democracia<\/span><\/strong><span>\u00ab.\u00a0Lo firman la Fundaci\u00f3n Catalunya Europa, del presidente Maragall, la Fundaci\u00f3n Rafael Campalans (PSC), la Fundaci\u00f3n Josep Irla (ERC), la Fundaci\u00f3n Nous Horitzons (ICV) y la Fundaci\u00f3n Sentido Com\u00fan (ECP).<\/span><\/p>\n<p><span>Ante el nuevo ciclo electoral hacen un llamamiento para evitar que contin\u00fae la\u00a0<\/span><strong><span>degradaci\u00f3n del debate p\u00fablico,<\/span><\/strong><span>\u00a0que es evidente.\u00a0Hasta aqu\u00ed todo es muy adecuado porque responde a una necesidad c\u00edvica.\u00a0El problema es que su enfoque es el propio que est\u00e1 en la ra\u00edz de la degradaci\u00f3n del debate, otorga toda la culpa y\u00a0<\/span><strong><span>toda la responsabilidad a los dem\u00e1s<\/span><\/strong><span>.\u00a0Y en concreto a los que llaman populismo, que es un caj\u00f3n de sastre que les permite meter a quien convenga.<\/span><\/p>\n<p><span>Si estas fundaciones realmente quisieran ejercer su funci\u00f3n c\u00edvica y no ser sencillamente unos instrumentos m\u00e1s de la pugna partidista deber\u00edan empezar por reconocer su gran parte de responsabilidad en la degradaci\u00f3n, porque uno es tanto o m\u00e1s responsable en funci\u00f3n del poder que controla, y las fundaciones de los citados partidos corresponden a los partidos de gobierno en Catalu\u00f1a y Espa\u00f1a.<\/span><\/p>\n<p><span>Son ellos quienes se\u00f1alan las condiciones del debate p\u00fablico porque en definitiva la oposici\u00f3n no deja de ser una funci\u00f3n subalterna y condicionada por el discurso de quien gobierna.\u00a0Basta con observar la l\u00f3gica de las sesiones de ruegos y preguntas en el Congreso de los Diputados.\u00a0El gobierno, empezando por Pedro S\u00e1nchez, se ha acostumbrado a utilizar lo que deber\u00eda ser dar cuentas de lo que le plantean para, a su vez, atacar y descalificar sistem\u00e1ticamente al opositor que pregunta.\u00a0\u00c9sta es una perversi\u00f3n para la\u00a0<\/span><strong><span>pr\u00e1ctica democr\u00e1tica <\/span><\/strong><span>que s\u00f3lo la puede provocar quien gobierna.\u00a0Como ha sido una profunda perversi\u00f3n el conjunto de revueltas que el Tribunal Constitucional ha hecho de las grandes medidas gubernamentales contra la covid. Por tres veces, referidas a los dos confinamientos y a la suspensi\u00f3n del Parlamento, el TC ha sentenciado que <\/span><strong><span>el gobierno hab\u00eda actuado inconstitucionalmente<\/span><\/strong><span> y a estas alturas todav\u00eda se le a\u00f1ade una cuarta bien reciente, que anula otra norma del gobierno que establec\u00eda que los jueces deb\u00edan autorizar previamente las restricciones que establec\u00edan las autonom\u00edas durante esa fase de la pandemia.\u00a0Ahora queda claro, gracias al recurso presentado por Arag\u00f3n, que los jueces s\u00f3lo pueden actuar despu\u00e9s de que se hayan dictado las medidas y no como tribunal examinador previo. A esa forma de actuar S\u00e1nchez la llama cogobernanza.<\/span><\/p>\n<p><span>No se puede pacificar el debate p\u00fablico cuando se llevan a cabo normas tan brutales como las que pueden permitir el aborto a menores de edad sin conocimiento de los padres, suprimir el per\u00edodo de reflexi\u00f3n y la informaci\u00f3n sobre otras alternativas.\u00a0No es tranquilizador que los m\u00e9dicos que trabajen en la sanidad p\u00fablica deban formar parte de listas negras si se niegan a practicar la eutanasia o el aborto. El debate p\u00fablico se degrada a partir del momento en que la fiscal\u00eda hace nombramientos absolutamente arbitrarios de fiscales conocidos por su orientaci\u00f3n pol\u00edtica, que no re\u00fanen el curr\u00edculo b\u00e1sico necesario, como se ha puesto de manifiesto por decisiones judiciales y por la opini\u00f3n de la mayor\u00eda de fiscales.\u00a0Es degradar las condiciones del pa\u00eds introducir la ideol\u00f3gica en la ense\u00f1anza forzando la doctrina de g\u00e9nero, liquidando la historia y situ\u00e1ndola b\u00e1sicamente a partir de la Primera Constituci\u00f3n, la de 1812, conocida como la \u201cPepa\u201d.\u00a0De la historia que se ense\u00f1ar\u00e1 habr\u00e1n desaparecido o quedado reducidos a la m\u00ednima expresi\u00f3n la romanizaci\u00f3n, la cristianizaci\u00f3n, la ocupaci\u00f3n musulmana, la reconquista, la conquista y expansi\u00f3n americana, el imperio europeo de la corona de los Austrias, el Siglo de Oro, y bastantes cosas m\u00e1s. Eso s\u00ed, los libros, en su mayor\u00eda, con independencia de la editorial, se ver\u00e1n ilustrados con carteles electorales del PSOE. Todo esto s\u00ed que es <\/span><strong><span>populismo<\/span><\/strong><span>, como lo es condenar en los libros de filosof\u00eda a Plat\u00f3n, Arist\u00f3teles y Santo Tom\u00e1s como machistas.<\/span><\/p>\n<p><span>Lo que erosiona la democracia son cosas como el problema cr\u00f3nico de las\u00a0<\/span><strong><span>bajas inversiones en Catalunya<\/span><\/strong><span>, la duraci\u00f3n eterna de las obras, las inversiones que se prometen y despu\u00e9s no se ejecutan.\u00a0<span class=\"goog-text-highlight\">No es necesario continuar porque la lista es enorme.\u00a0<\/span>Este grupo de partidos que gobiernan, del que Colau en Barcelona es un magn\u00edfico ejemplo, practican sistem\u00e1ticamente la\u00a0<\/span><strong><span>deformaci\u00f3n de la realidad<\/span><\/strong><span>, el enga\u00f1o, la atribuci\u00f3n de todas las culpas y responsabilidades a los dem\u00e1s, se pasan por el forro el funcionamiento de los mecanismos institucionales de nuestro sistema democr\u00e1tico.\u00a0Nunca practican la cr\u00edtica ni piden disculpas por lo que han hecho mal e invierten dinero e influencia para propagar su autoelogio.\u00a0En estas condiciones est\u00e1 claro que est\u00e1 degradado el debate p\u00fablico, pero la principal responsabilidad es de quienes mandan, de los poderosos.<\/span><\/p>\n<div id=\"polls-154\" class=\"wp-polls\">\n\t<form id=\"polls_form_154\" class=\"wp-polls-form\" action=\"\/index.php\" method=\"post\">\n\t\t<p style=\"display: none;\"><input type=\"hidden\" id=\"poll_154_nonce\" name=\"wp-polls-nonce\" value=\"e21ffee2dc\" \/><\/p>\n\t\t<p style=\"display: none;\"><input type=\"hidden\" name=\"poll_id\" value=\"154\" \/><\/p>\n\t\t<p style=\"text-align: center\"><strong>Creus que Catalunya viu una decad\u00e8ncia?<\/strong><\/p><div id=\"polls-154-ans\" class=\"wp-polls-ans\"><ul class=\"wp-polls-ul\">\n\t\t<li><input type=\"radio\" id=\"poll-answer-400\" name=\"poll_154\" value=\"400\" \/> <label for=\"poll-answer-400\">S\u00ed<\/label><\/li>\n\t\t<li><input type=\"radio\" id=\"poll-answer-401\" name=\"poll_154\" value=\"401\" \/> <label for=\"poll-answer-401\">No<\/label><\/li>\n\t\t<li><input type=\"radio\" id=\"poll-answer-402\" name=\"poll_154\" value=\"402\" \/> <label for=\"poll-answer-402\">No ho s\u00e9<\/label><\/li>\n\t\t<\/ul><p style=\"text-align: center\"><input type=\"button\" name=\"vote\" value=\"   Vota   \" class=\"Buttons\" onclick=\"poll_vote(154);\" \/><\/p><p style=\"text-align: center\"><a href=\"#ViewPollResults\" onclick=\"poll_result(154); return false;\" title=\"View Results Of This Poll\">Mira els resultats<\/a><\/p><\/div>\n\t<\/form>\n<\/div>\n<div id=\"polls-154-loading\" class=\"wp-polls-loading\"><img decoding=\"async\" data-src=\"https:\/\/conversesacatalunya.cat\/wp-content\/plugins\/wp-polls\/images\/loading.gif\" width=\"16\" height=\"16\" alt=\"Cargando ...\" title=\"Cargando ...\" class=\"wp-polls-image lazyload\" src=\"data:image\/svg+xml;base64,PHN2ZyB3aWR0aD0iMSIgaGVpZ2h0PSIxIiB4bWxucz0iaHR0cDovL3d3dy53My5vcmcvMjAwMC9zdmciPjwvc3ZnPg==\" style=\"--smush-placeholder-width: 16px; --smush-placeholder-aspect-ratio: 16\/16;\" \/>&nbsp;Cargando ...<\/div>\n\n","protected":false},"excerpt":{"rendered":"<p>Seis fundaciones, que en realidad corresponden a tres opciones electorales, socialistas, comunes, ERC, m\u00e1s la a\u00f1adida de una fundaci\u00f3n de CCOO, la Fundaci\u00f3n Cipriano Garc\u00eda, han hecho un documento que quiere ser un toque de atenci\u00f3n.\u00a0Se titula \u00bb\u00a0Mejorar el debate p\u00fablico es fortalecer la calidad de la democracia\u00ab.\u00a0Lo firman la Fundaci\u00f3n Catalunya Europa, del presidente Maragall, la Fundaci\u00f3n Rafael Campalans (PSC), la Fundaci\u00f3n Josep Irla (ERC), la Fundaci\u00f3n Nous Horitzons (ICV) y la Fundaci\u00f3n Sentido Com\u00fan (ECP). Ante el nuevo ciclo electoral hacen un llamamiento para evitar que contin\u00fae la\u00a0degradaci\u00f3n del debate p\u00fablico,\u00a0que es evidente.\u00a0Hasta aqu\u00ed todo es muy adecuado porque responde a una necesidad c\u00edvica.\u00a0El problema es que su enfoque es el propio que est\u00e1 en la ra\u00edz de la degradaci\u00f3n del debate, otorga toda la culpa y\u00a0toda la responsabilidad a los dem\u00e1s.\u00a0Y en concreto a los que llaman populismo, que es un caj\u00f3n de sastre que les permite meter a quien convenga. Si estas fundaciones realmente quisieran ejercer su funci\u00f3n c\u00edvica y no ser sencillamente unos instrumentos m\u00e1s de la pugna partidista deber\u00edan empezar por reconocer su gran parte de responsabilidad en la degradaci\u00f3n, porque uno es tanto o m\u00e1s responsable en funci\u00f3n del poder que controla, y las fundaciones de los citados partidos corresponden a los partidos de gobierno en Catalu\u00f1a y Espa\u00f1a. Son ellos quienes se\u00f1alan las condiciones del debate p\u00fablico porque en definitiva la oposici\u00f3n no deja de ser una funci\u00f3n subalterna y condicionada por el discurso de quien gobierna.\u00a0Basta con observar la l\u00f3gica de las sesiones de ruegos y preguntas en el Congreso de los Diputados.\u00a0El gobierno, empezando por Pedro S\u00e1nchez, se ha acostumbrado a utilizar lo que deber\u00eda ser dar cuentas de lo que le plantean para, a su vez, atacar y descalificar sistem\u00e1ticamente al opositor que pregunta.\u00a0\u00c9sta es una perversi\u00f3n para la\u00a0pr\u00e1ctica democr\u00e1tica que s\u00f3lo la puede provocar quien gobierna.\u00a0Como ha sido una profunda perversi\u00f3n el conjunto de revueltas que el Tribunal Constitucional ha hecho de las grandes medidas gubernamentales contra la covid. Por tres veces, referidas a los dos confinamientos y a la suspensi\u00f3n del Parlamento, el TC ha sentenciado que el gobierno hab\u00eda actuado inconstitucionalmente y a estas alturas todav\u00eda se le a\u00f1ade una cuarta bien reciente, que anula otra norma del gobierno que establec\u00eda que los jueces deb\u00edan autorizar previamente las restricciones que establec\u00edan las autonom\u00edas durante esa fase de la pandemia.\u00a0Ahora queda claro, gracias al recurso presentado por Arag\u00f3n, que los jueces s\u00f3lo pueden actuar despu\u00e9s de que se hayan dictado las medidas y no como tribunal examinador previo. A esa forma de actuar S\u00e1nchez la llama cogobernanza. No se puede pacificar el debate p\u00fablico cuando se llevan a cabo normas tan brutales como las que pueden permitir el aborto a menores de edad sin conocimiento de los padres, suprimir el per\u00edodo de reflexi\u00f3n y la informaci\u00f3n sobre otras alternativas.\u00a0No es tranquilizador que los m\u00e9dicos que trabajen en la sanidad p\u00fablica deban formar parte de listas negras si se niegan a practicar la eutanasia o el aborto. El debate p\u00fablico se degrada a partir del momento en que la fiscal\u00eda hace nombramientos absolutamente arbitrarios de fiscales conocidos por su orientaci\u00f3n pol\u00edtica, que no re\u00fanen el curr\u00edculo b\u00e1sico necesario, como se ha puesto de manifiesto por decisiones judiciales y por la opini\u00f3n de la mayor\u00eda de fiscales.\u00a0Es degradar las condiciones del pa\u00eds introducir la ideol\u00f3gica en la ense\u00f1anza forzando la doctrina de g\u00e9nero, liquidando la historia y situ\u00e1ndola b\u00e1sicamente a partir de la Primera Constituci\u00f3n, la de 1812, conocida como la \u201cPepa\u201d.\u00a0De la historia que se ense\u00f1ar\u00e1 habr\u00e1n desaparecido o quedado reducidos a la m\u00ednima expresi\u00f3n la romanizaci\u00f3n, la cristianizaci\u00f3n, la ocupaci\u00f3n musulmana, la reconquista, la conquista y expansi\u00f3n americana, el imperio europeo de la corona de los Austrias, el Siglo de Oro, y bastantes cosas m\u00e1s. Eso s\u00ed, los libros, en su mayor\u00eda, con independencia de la editorial, se ver\u00e1n ilustrados con carteles electorales del PSOE. Todo esto s\u00ed que es populismo, como lo es condenar en los libros de filosof\u00eda a Plat\u00f3n, Arist\u00f3teles y Santo Tom\u00e1s como machistas. Lo que erosiona la democracia son cosas como el problema cr\u00f3nico de las\u00a0bajas inversiones en Catalunya, la duraci\u00f3n eterna de las obras, las inversiones que se prometen y despu\u00e9s no se ejecutan.\u00a0No es necesario continuar porque la lista es enorme.\u00a0Este grupo de partidos que gobiernan, del que Colau en Barcelona es un magn\u00edfico ejemplo, practican sistem\u00e1ticamente la\u00a0deformaci\u00f3n de la realidad, el enga\u00f1o, la atribuci\u00f3n de todas las culpas y responsabilidades a los dem\u00e1s, se pasan por el forro el funcionamiento de los mecanismos institucionales de nuestro sistema democr\u00e1tico.\u00a0Nunca practican la cr\u00edtica ni piden disculpas por lo que han hecho mal e invierten dinero e influencia para propagar su autoelogio.\u00a0En estas condiciones est\u00e1 claro que est\u00e1 degradado el debate p\u00fablico, pero la principal responsabilidad es de quienes mandan, de los poderosos.<\/p>\n","protected":false},"author":2,"featured_media":58172,"comment_status":"open","ping_status":"open","sticky":false,"template":"","format":"standard","meta":{"_FSMCFIC_featured_image_caption":"","_FSMCFIC_featured_image_nocaption":"","_FSMCFIC_featured_image_hide":"","footnotes":""},"categories":[806],"tags":[4719,4368,4720],"class_list":["post-58175","post","type-post","status-publish","format-standard","has-post-thumbnail","hentry","category-punts-claus-del-dia-es","tag-debate-publico","tag-populisme-es","tag-populismo"],"yoast_head":"<!-- This site is optimized with the Yoast SEO plugin v26.8 - https:\/\/yoast.com\/product\/yoast-seo-wordpress\/ -->\n<title>6 fundaciones \u201cprogres\u201d se quejan de la degradaci\u00f3n del debate p\u00fablico, pero contribuyen decididamente a \u00e9l - Converses a Catalunya<\/title>\n<meta name=\"robots\" content=\"index, follow, max-snippet:-1, max-image-preview:large, max-video-preview:-1\" \/>\n<link rel=\"canonical\" href=\"https:\/\/conversesacatalunya.cat\/es\/6-degradacion-del-debate-publico\/\" \/>\n<meta property=\"og:locale\" content=\"es_ES\" \/>\n<meta property=\"og:type\" content=\"article\" \/>\n<meta property=\"og:title\" content=\"6 fundaciones \u201cprogres\u201d se quejan de la degradaci\u00f3n del debate p\u00fablico, pero contribuyen decididamente a \u00e9l - Converses a Catalunya\" \/>\n<meta property=\"og:description\" content=\"Seis fundaciones, que en realidad corresponden a tres opciones electorales, socialistas, comunes, ERC, m\u00e1s la a\u00f1adida de una fundaci\u00f3n de CCOO, la Fundaci\u00f3n Cipriano Garc\u00eda, han hecho un documento que quiere ser un toque de atenci\u00f3n.\u00a0Se titula \u00bb\u00a0Mejorar el debate p\u00fablico es fortalecer la calidad de la democracia\u00ab.\u00a0Lo firman la Fundaci\u00f3n Catalunya Europa, del presidente Maragall, la Fundaci\u00f3n Rafael Campalans (PSC), la Fundaci\u00f3n Josep Irla (ERC), la Fundaci\u00f3n Nous Horitzons (ICV) y la Fundaci\u00f3n Sentido Com\u00fan (ECP). Ante el nuevo ciclo electoral hacen un llamamiento para evitar que contin\u00fae la\u00a0degradaci\u00f3n del debate p\u00fablico,\u00a0que es evidente.\u00a0Hasta aqu\u00ed todo es muy adecuado porque responde a una necesidad c\u00edvica.\u00a0El problema es que su enfoque es el propio que est\u00e1 en la ra\u00edz de la degradaci\u00f3n del debate, otorga toda la culpa y\u00a0toda la responsabilidad a los dem\u00e1s.\u00a0Y en concreto a los que llaman populismo, que es un caj\u00f3n de sastre que les permite meter a quien convenga. Si estas fundaciones realmente quisieran ejercer su funci\u00f3n c\u00edvica y no ser sencillamente unos instrumentos m\u00e1s de la pugna partidista deber\u00edan empezar por reconocer su gran parte de responsabilidad en la degradaci\u00f3n, porque uno es tanto o m\u00e1s responsable en funci\u00f3n del poder que controla, y las fundaciones de los citados partidos corresponden a los partidos de gobierno en Catalu\u00f1a y Espa\u00f1a. Son ellos quienes se\u00f1alan las condiciones del debate p\u00fablico porque en definitiva la oposici\u00f3n no deja de ser una funci\u00f3n subalterna y condicionada por el discurso de quien gobierna.\u00a0Basta con observar la l\u00f3gica de las sesiones de ruegos y preguntas en el Congreso de los Diputados.\u00a0El gobierno, empezando por Pedro S\u00e1nchez, se ha acostumbrado a utilizar lo que deber\u00eda ser dar cuentas de lo que le plantean para, a su vez, atacar y descalificar sistem\u00e1ticamente al opositor que pregunta.\u00a0\u00c9sta es una perversi\u00f3n para la\u00a0pr\u00e1ctica democr\u00e1tica que s\u00f3lo la puede provocar quien gobierna.\u00a0Como ha sido una profunda perversi\u00f3n el conjunto de revueltas que el Tribunal Constitucional ha hecho de las grandes medidas gubernamentales contra la covid. Por tres veces, referidas a los dos confinamientos y a la suspensi\u00f3n del Parlamento, el TC ha sentenciado que el gobierno hab\u00eda actuado inconstitucionalmente y a estas alturas todav\u00eda se le a\u00f1ade una cuarta bien reciente, que anula otra norma del gobierno que establec\u00eda que los jueces deb\u00edan autorizar previamente las restricciones que establec\u00edan las autonom\u00edas durante esa fase de la pandemia.\u00a0Ahora queda claro, gracias al recurso presentado por Arag\u00f3n, que los jueces s\u00f3lo pueden actuar despu\u00e9s de que se hayan dictado las medidas y no como tribunal examinador previo. A esa forma de actuar S\u00e1nchez la llama cogobernanza. No se puede pacificar el debate p\u00fablico cuando se llevan a cabo normas tan brutales como las que pueden permitir el aborto a menores de edad sin conocimiento de los padres, suprimir el per\u00edodo de reflexi\u00f3n y la informaci\u00f3n sobre otras alternativas.\u00a0No es tranquilizador que los m\u00e9dicos que trabajen en la sanidad p\u00fablica deban formar parte de listas negras si se niegan a practicar la eutanasia o el aborto. El debate p\u00fablico se degrada a partir del momento en que la fiscal\u00eda hace nombramientos absolutamente arbitrarios de fiscales conocidos por su orientaci\u00f3n pol\u00edtica, que no re\u00fanen el curr\u00edculo b\u00e1sico necesario, como se ha puesto de manifiesto por decisiones judiciales y por la opini\u00f3n de la mayor\u00eda de fiscales.\u00a0Es degradar las condiciones del pa\u00eds introducir la ideol\u00f3gica en la ense\u00f1anza forzando la doctrina de g\u00e9nero, liquidando la historia y situ\u00e1ndola b\u00e1sicamente a partir de la Primera Constituci\u00f3n, la de 1812, conocida como la \u201cPepa\u201d.\u00a0De la historia que se ense\u00f1ar\u00e1 habr\u00e1n desaparecido o quedado reducidos a la m\u00ednima expresi\u00f3n la romanizaci\u00f3n, la cristianizaci\u00f3n, la ocupaci\u00f3n musulmana, la reconquista, la conquista y expansi\u00f3n americana, el imperio europeo de la corona de los Austrias, el Siglo de Oro, y bastantes cosas m\u00e1s. Eso s\u00ed, los libros, en su mayor\u00eda, con independencia de la editorial, se ver\u00e1n ilustrados con carteles electorales del PSOE. Todo esto s\u00ed que es populismo, como lo es condenar en los libros de filosof\u00eda a Plat\u00f3n, Arist\u00f3teles y Santo Tom\u00e1s como machistas. Lo que erosiona la democracia son cosas como el problema cr\u00f3nico de las\u00a0bajas inversiones en Catalunya, la duraci\u00f3n eterna de las obras, las inversiones que se prometen y despu\u00e9s no se ejecutan.\u00a0No es necesario continuar porque la lista es enorme.\u00a0Este grupo de partidos que gobiernan, del que Colau en Barcelona es un magn\u00edfico ejemplo, practican sistem\u00e1ticamente la\u00a0deformaci\u00f3n de la realidad, el enga\u00f1o, la atribuci\u00f3n de todas las culpas y responsabilidades a los dem\u00e1s, se pasan por el forro el funcionamiento de los mecanismos institucionales de nuestro sistema democr\u00e1tico.\u00a0Nunca practican la cr\u00edtica ni piden disculpas por lo que han hecho mal e invierten dinero e influencia para propagar su autoelogio.\u00a0En estas condiciones est\u00e1 claro que est\u00e1 degradado el debate p\u00fablico, pero la principal responsabilidad es de quienes mandan, de los poderosos.\" \/>\n<meta property=\"og:url\" content=\"https:\/\/conversesacatalunya.cat\/es\/6-degradacion-del-debate-publico\/\" \/>\n<meta property=\"og:site_name\" content=\"Converses a Catalunya\" \/>\n<meta property=\"article:published_time\" content=\"2022-06-03T10:24:04+00:00\" \/>\n<meta property=\"article:modified_time\" content=\"2022-06-03T10:49:58+00:00\" \/>\n<meta property=\"og:image\" content=\"https:\/\/conversesacatalunya.cat\/wp-content\/uploads\/2022\/06\/debat-public.jpg\" \/>\n\t<meta property=\"og:image:width\" content=\"1280\" \/>\n\t<meta property=\"og:image:height\" content=\"720\" \/>\n\t<meta property=\"og:image:type\" content=\"image\/jpeg\" \/>\n<meta name=\"author\" content=\"conversesacatalunya\" \/>\n<meta name=\"twitter:card\" content=\"summary_large_image\" \/>\n<meta name=\"twitter:label1\" content=\"Escrito por\" \/>\n\t<meta name=\"twitter:data1\" content=\"conversesacatalunya\" \/>\n\t<meta name=\"twitter:label2\" content=\"Tiempo de lectura\" \/>\n\t<meta name=\"twitter:data2\" content=\"5 minutos\" \/>\n<script type=\"application\/ld+json\" class=\"yoast-schema-graph\">{\"@context\":\"https:\/\/schema.org\",\"@graph\":[{\"@type\":\"Article\",\"@id\":\"https:\/\/conversesacatalunya.cat\/es\/6-degradacion-del-debate-publico\/#article\",\"isPartOf\":{\"@id\":\"https:\/\/conversesacatalunya.cat\/es\/6-degradacion-del-debate-publico\/\"},\"author\":{\"name\":\"conversesacatalunya\",\"@id\":\"https:\/\/conversesacatalunya.cat\/#\/schema\/person\/7e24d1e54a2785373ddcb275eae5ed99\"},\"headline\":\"6 fundaciones \u201cprogres\u201d se quejan de la degradaci\u00f3n del debate p\u00fablico, pero contribuyen decididamente a \u00e9l\",\"datePublished\":\"2022-06-03T10:24:04+00:00\",\"dateModified\":\"2022-06-03T10:49:58+00:00\",\"mainEntityOfPage\":{\"@id\":\"https:\/\/conversesacatalunya.cat\/es\/6-degradacion-del-debate-publico\/\"},\"wordCount\":946,\"commentCount\":0,\"image\":{\"@id\":\"https:\/\/conversesacatalunya.cat\/es\/6-degradacion-del-debate-publico\/#primaryimage\"},\"thumbnailUrl\":\"https:\/\/conversesacatalunya.cat\/wp-content\/uploads\/2022\/06\/debat-public.jpg\",\"keywords\":[\"debate p\u00fablico\",\"populisme\",\"populismo\"],\"articleSection\":[\"Punts clau del dia (ES)\"],\"inLanguage\":\"es\",\"potentialAction\":[{\"@type\":\"CommentAction\",\"name\":\"Comment\",\"target\":[\"https:\/\/conversesacatalunya.cat\/es\/6-degradacion-del-debate-publico\/#respond\"]}]},{\"@type\":\"WebPage\",\"@id\":\"https:\/\/conversesacatalunya.cat\/es\/6-degradacion-del-debate-publico\/\",\"url\":\"https:\/\/conversesacatalunya.cat\/es\/6-degradacion-del-debate-publico\/\",\"name\":\"6 fundaciones \u201cprogres\u201d se quejan de la degradaci\u00f3n del debate p\u00fablico, pero contribuyen decididamente a \u00e9l - Converses a Catalunya\",\"isPartOf\":{\"@id\":\"https:\/\/conversesacatalunya.cat\/#website\"},\"primaryImageOfPage\":{\"@id\":\"https:\/\/conversesacatalunya.cat\/es\/6-degradacion-del-debate-publico\/#primaryimage\"},\"image\":{\"@id\":\"https:\/\/conversesacatalunya.cat\/es\/6-degradacion-del-debate-publico\/#primaryimage\"},\"thumbnailUrl\":\"https:\/\/conversesacatalunya.cat\/wp-content\/uploads\/2022\/06\/debat-public.jpg\",\"datePublished\":\"2022-06-03T10:24:04+00:00\",\"dateModified\":\"2022-06-03T10:49:58+00:00\",\"author\":{\"@id\":\"https:\/\/conversesacatalunya.cat\/#\/schema\/person\/7e24d1e54a2785373ddcb275eae5ed99\"},\"breadcrumb\":{\"@id\":\"https:\/\/conversesacatalunya.cat\/es\/6-degradacion-del-debate-publico\/#breadcrumb\"},\"inLanguage\":\"es\",\"potentialAction\":[{\"@type\":\"ReadAction\",\"target\":[\"https:\/\/conversesacatalunya.cat\/es\/6-degradacion-del-debate-publico\/\"]}]},{\"@type\":\"ImageObject\",\"inLanguage\":\"es\",\"@id\":\"https:\/\/conversesacatalunya.cat\/es\/6-degradacion-del-debate-publico\/#primaryimage\",\"url\":\"https:\/\/conversesacatalunya.cat\/wp-content\/uploads\/2022\/06\/debat-public.jpg\",\"contentUrl\":\"https:\/\/conversesacatalunya.cat\/wp-content\/uploads\/2022\/06\/debat-public.jpg\",\"width\":1280,\"height\":720,\"caption\":\"debat p\u00fablic\"},{\"@type\":\"BreadcrumbList\",\"@id\":\"https:\/\/conversesacatalunya.cat\/es\/6-degradacion-del-debate-publico\/#breadcrumb\",\"itemListElement\":[{\"@type\":\"ListItem\",\"position\":1,\"name\":\"Inici\",\"item\":\"https:\/\/conversesacatalunya.cat\/es\/\"},{\"@type\":\"ListItem\",\"position\":2,\"name\":\"6 fundaciones \u201cprogres\u201d se quejan de la degradaci\u00f3n del debate p\u00fablico, pero contribuyen decididamente a \u00e9l\"}]},{\"@type\":\"WebSite\",\"@id\":\"https:\/\/conversesacatalunya.cat\/#website\",\"url\":\"https:\/\/conversesacatalunya.cat\/\",\"name\":\"Converses a Catalunya\",\"description\":\"\",\"potentialAction\":[{\"@type\":\"SearchAction\",\"target\":{\"@type\":\"EntryPoint\",\"urlTemplate\":\"https:\/\/conversesacatalunya.cat\/?s={search_term_string}\"},\"query-input\":{\"@type\":\"PropertyValueSpecification\",\"valueRequired\":true,\"valueName\":\"search_term_string\"}}],\"inLanguage\":\"es\"},{\"@type\":\"Person\",\"@id\":\"https:\/\/conversesacatalunya.cat\/#\/schema\/person\/7e24d1e54a2785373ddcb275eae5ed99\",\"name\":\"conversesacatalunya\",\"image\":{\"@type\":\"ImageObject\",\"inLanguage\":\"es\",\"@id\":\"https:\/\/conversesacatalunya.cat\/#\/schema\/person\/image\/\",\"url\":\"https:\/\/conversesacatalunya.cat\/wp-content\/litespeed\/avatar\/febdfeeec89d950f01c748045a981dd2.jpg?ver=1777314535\",\"contentUrl\":\"https:\/\/conversesacatalunya.cat\/wp-content\/litespeed\/avatar\/febdfeeec89d950f01c748045a981dd2.jpg?ver=1777314535\",\"caption\":\"conversesacatalunya\"},\"url\":\"https:\/\/conversesacatalunya.cat\/es\/author\/carme_catala\/\"}]}<\/script>\n<!-- \/ Yoast SEO plugin. -->","yoast_head_json":{"title":"6 fundaciones \u201cprogres\u201d se quejan de la degradaci\u00f3n del debate p\u00fablico, pero contribuyen decididamente a \u00e9l - Converses a Catalunya","robots":{"index":"index","follow":"follow","max-snippet":"max-snippet:-1","max-image-preview":"max-image-preview:large","max-video-preview":"max-video-preview:-1"},"canonical":"https:\/\/conversesacatalunya.cat\/es\/6-degradacion-del-debate-publico\/","og_locale":"es_ES","og_type":"article","og_title":"6 fundaciones \u201cprogres\u201d se quejan de la degradaci\u00f3n del debate p\u00fablico, pero contribuyen decididamente a \u00e9l - Converses a Catalunya","og_description":"Seis fundaciones, que en realidad corresponden a tres opciones electorales, socialistas, comunes, ERC, m\u00e1s la a\u00f1adida de una fundaci\u00f3n de CCOO, la Fundaci\u00f3n Cipriano Garc\u00eda, han hecho un documento que quiere ser un toque de atenci\u00f3n.\u00a0Se titula \u00bb\u00a0Mejorar el debate p\u00fablico es fortalecer la calidad de la democracia\u00ab.\u00a0Lo firman la Fundaci\u00f3n Catalunya Europa, del presidente Maragall, la Fundaci\u00f3n Rafael Campalans (PSC), la Fundaci\u00f3n Josep Irla (ERC), la Fundaci\u00f3n Nous Horitzons (ICV) y la Fundaci\u00f3n Sentido Com\u00fan (ECP). Ante el nuevo ciclo electoral hacen un llamamiento para evitar que contin\u00fae la\u00a0degradaci\u00f3n del debate p\u00fablico,\u00a0que es evidente.\u00a0Hasta aqu\u00ed todo es muy adecuado porque responde a una necesidad c\u00edvica.\u00a0El problema es que su enfoque es el propio que est\u00e1 en la ra\u00edz de la degradaci\u00f3n del debate, otorga toda la culpa y\u00a0toda la responsabilidad a los dem\u00e1s.\u00a0Y en concreto a los que llaman populismo, que es un caj\u00f3n de sastre que les permite meter a quien convenga. Si estas fundaciones realmente quisieran ejercer su funci\u00f3n c\u00edvica y no ser sencillamente unos instrumentos m\u00e1s de la pugna partidista deber\u00edan empezar por reconocer su gran parte de responsabilidad en la degradaci\u00f3n, porque uno es tanto o m\u00e1s responsable en funci\u00f3n del poder que controla, y las fundaciones de los citados partidos corresponden a los partidos de gobierno en Catalu\u00f1a y Espa\u00f1a. Son ellos quienes se\u00f1alan las condiciones del debate p\u00fablico porque en definitiva la oposici\u00f3n no deja de ser una funci\u00f3n subalterna y condicionada por el discurso de quien gobierna.\u00a0Basta con observar la l\u00f3gica de las sesiones de ruegos y preguntas en el Congreso de los Diputados.\u00a0El gobierno, empezando por Pedro S\u00e1nchez, se ha acostumbrado a utilizar lo que deber\u00eda ser dar cuentas de lo que le plantean para, a su vez, atacar y descalificar sistem\u00e1ticamente al opositor que pregunta.\u00a0\u00c9sta es una perversi\u00f3n para la\u00a0pr\u00e1ctica democr\u00e1tica que s\u00f3lo la puede provocar quien gobierna.\u00a0Como ha sido una profunda perversi\u00f3n el conjunto de revueltas que el Tribunal Constitucional ha hecho de las grandes medidas gubernamentales contra la covid. Por tres veces, referidas a los dos confinamientos y a la suspensi\u00f3n del Parlamento, el TC ha sentenciado que el gobierno hab\u00eda actuado inconstitucionalmente y a estas alturas todav\u00eda se le a\u00f1ade una cuarta bien reciente, que anula otra norma del gobierno que establec\u00eda que los jueces deb\u00edan autorizar previamente las restricciones que establec\u00edan las autonom\u00edas durante esa fase de la pandemia.\u00a0Ahora queda claro, gracias al recurso presentado por Arag\u00f3n, que los jueces s\u00f3lo pueden actuar despu\u00e9s de que se hayan dictado las medidas y no como tribunal examinador previo. A esa forma de actuar S\u00e1nchez la llama cogobernanza. No se puede pacificar el debate p\u00fablico cuando se llevan a cabo normas tan brutales como las que pueden permitir el aborto a menores de edad sin conocimiento de los padres, suprimir el per\u00edodo de reflexi\u00f3n y la informaci\u00f3n sobre otras alternativas.\u00a0No es tranquilizador que los m\u00e9dicos que trabajen en la sanidad p\u00fablica deban formar parte de listas negras si se niegan a practicar la eutanasia o el aborto. El debate p\u00fablico se degrada a partir del momento en que la fiscal\u00eda hace nombramientos absolutamente arbitrarios de fiscales conocidos por su orientaci\u00f3n pol\u00edtica, que no re\u00fanen el curr\u00edculo b\u00e1sico necesario, como se ha puesto de manifiesto por decisiones judiciales y por la opini\u00f3n de la mayor\u00eda de fiscales.\u00a0Es degradar las condiciones del pa\u00eds introducir la ideol\u00f3gica en la ense\u00f1anza forzando la doctrina de g\u00e9nero, liquidando la historia y situ\u00e1ndola b\u00e1sicamente a partir de la Primera Constituci\u00f3n, la de 1812, conocida como la \u201cPepa\u201d.\u00a0De la historia que se ense\u00f1ar\u00e1 habr\u00e1n desaparecido o quedado reducidos a la m\u00ednima expresi\u00f3n la romanizaci\u00f3n, la cristianizaci\u00f3n, la ocupaci\u00f3n musulmana, la reconquista, la conquista y expansi\u00f3n americana, el imperio europeo de la corona de los Austrias, el Siglo de Oro, y bastantes cosas m\u00e1s. Eso s\u00ed, los libros, en su mayor\u00eda, con independencia de la editorial, se ver\u00e1n ilustrados con carteles electorales del PSOE. Todo esto s\u00ed que es populismo, como lo es condenar en los libros de filosof\u00eda a Plat\u00f3n, Arist\u00f3teles y Santo Tom\u00e1s como machistas. Lo que erosiona la democracia son cosas como el problema cr\u00f3nico de las\u00a0bajas inversiones en Catalunya, la duraci\u00f3n eterna de las obras, las inversiones que se prometen y despu\u00e9s no se ejecutan.\u00a0No es necesario continuar porque la lista es enorme.\u00a0Este grupo de partidos que gobiernan, del que Colau en Barcelona es un magn\u00edfico ejemplo, practican sistem\u00e1ticamente la\u00a0deformaci\u00f3n de la realidad, el enga\u00f1o, la atribuci\u00f3n de todas las culpas y responsabilidades a los dem\u00e1s, se pasan por el forro el funcionamiento de los mecanismos institucionales de nuestro sistema democr\u00e1tico.\u00a0Nunca practican la cr\u00edtica ni piden disculpas por lo que han hecho mal e invierten dinero e influencia para propagar su autoelogio.\u00a0En estas condiciones est\u00e1 claro que est\u00e1 degradado el debate p\u00fablico, pero la principal responsabilidad es de quienes mandan, de los poderosos.","og_url":"https:\/\/conversesacatalunya.cat\/es\/6-degradacion-del-debate-publico\/","og_site_name":"Converses a Catalunya","article_published_time":"2022-06-03T10:24:04+00:00","article_modified_time":"2022-06-03T10:49:58+00:00","og_image":[{"width":1280,"height":720,"url":"https:\/\/conversesacatalunya.cat\/wp-content\/uploads\/2022\/06\/debat-public.jpg","type":"image\/jpeg"}],"author":"conversesacatalunya","twitter_card":"summary_large_image","twitter_misc":{"Escrito por":"conversesacatalunya","Tiempo de lectura":"5 minutos"},"schema":{"@context":"https:\/\/schema.org","@graph":[{"@type":"Article","@id":"https:\/\/conversesacatalunya.cat\/es\/6-degradacion-del-debate-publico\/#article","isPartOf":{"@id":"https:\/\/conversesacatalunya.cat\/es\/6-degradacion-del-debate-publico\/"},"author":{"name":"conversesacatalunya","@id":"https:\/\/conversesacatalunya.cat\/#\/schema\/person\/7e24d1e54a2785373ddcb275eae5ed99"},"headline":"6 fundaciones \u201cprogres\u201d se quejan de la degradaci\u00f3n del debate p\u00fablico, pero contribuyen decididamente a \u00e9l","datePublished":"2022-06-03T10:24:04+00:00","dateModified":"2022-06-03T10:49:58+00:00","mainEntityOfPage":{"@id":"https:\/\/conversesacatalunya.cat\/es\/6-degradacion-del-debate-publico\/"},"wordCount":946,"commentCount":0,"image":{"@id":"https:\/\/conversesacatalunya.cat\/es\/6-degradacion-del-debate-publico\/#primaryimage"},"thumbnailUrl":"https:\/\/conversesacatalunya.cat\/wp-content\/uploads\/2022\/06\/debat-public.jpg","keywords":["debate p\u00fablico","populisme","populismo"],"articleSection":["Punts clau del dia (ES)"],"inLanguage":"es","potentialAction":[{"@type":"CommentAction","name":"Comment","target":["https:\/\/conversesacatalunya.cat\/es\/6-degradacion-del-debate-publico\/#respond"]}]},{"@type":"WebPage","@id":"https:\/\/conversesacatalunya.cat\/es\/6-degradacion-del-debate-publico\/","url":"https:\/\/conversesacatalunya.cat\/es\/6-degradacion-del-debate-publico\/","name":"6 fundaciones \u201cprogres\u201d se quejan de la degradaci\u00f3n del debate p\u00fablico, pero contribuyen decididamente a \u00e9l - Converses a Catalunya","isPartOf":{"@id":"https:\/\/conversesacatalunya.cat\/#website"},"primaryImageOfPage":{"@id":"https:\/\/conversesacatalunya.cat\/es\/6-degradacion-del-debate-publico\/#primaryimage"},"image":{"@id":"https:\/\/conversesacatalunya.cat\/es\/6-degradacion-del-debate-publico\/#primaryimage"},"thumbnailUrl":"https:\/\/conversesacatalunya.cat\/wp-content\/uploads\/2022\/06\/debat-public.jpg","datePublished":"2022-06-03T10:24:04+00:00","dateModified":"2022-06-03T10:49:58+00:00","author":{"@id":"https:\/\/conversesacatalunya.cat\/#\/schema\/person\/7e24d1e54a2785373ddcb275eae5ed99"},"breadcrumb":{"@id":"https:\/\/conversesacatalunya.cat\/es\/6-degradacion-del-debate-publico\/#breadcrumb"},"inLanguage":"es","potentialAction":[{"@type":"ReadAction","target":["https:\/\/conversesacatalunya.cat\/es\/6-degradacion-del-debate-publico\/"]}]},{"@type":"ImageObject","inLanguage":"es","@id":"https:\/\/conversesacatalunya.cat\/es\/6-degradacion-del-debate-publico\/#primaryimage","url":"https:\/\/conversesacatalunya.cat\/wp-content\/uploads\/2022\/06\/debat-public.jpg","contentUrl":"https:\/\/conversesacatalunya.cat\/wp-content\/uploads\/2022\/06\/debat-public.jpg","width":1280,"height":720,"caption":"debat p\u00fablic"},{"@type":"BreadcrumbList","@id":"https:\/\/conversesacatalunya.cat\/es\/6-degradacion-del-debate-publico\/#breadcrumb","itemListElement":[{"@type":"ListItem","position":1,"name":"Inici","item":"https:\/\/conversesacatalunya.cat\/es\/"},{"@type":"ListItem","position":2,"name":"6 fundaciones \u201cprogres\u201d se quejan de la degradaci\u00f3n del debate p\u00fablico, pero contribuyen decididamente a \u00e9l"}]},{"@type":"WebSite","@id":"https:\/\/conversesacatalunya.cat\/#website","url":"https:\/\/conversesacatalunya.cat\/","name":"Converses a Catalunya","description":"","potentialAction":[{"@type":"SearchAction","target":{"@type":"EntryPoint","urlTemplate":"https:\/\/conversesacatalunya.cat\/?s={search_term_string}"},"query-input":{"@type":"PropertyValueSpecification","valueRequired":true,"valueName":"search_term_string"}}],"inLanguage":"es"},{"@type":"Person","@id":"https:\/\/conversesacatalunya.cat\/#\/schema\/person\/7e24d1e54a2785373ddcb275eae5ed99","name":"conversesacatalunya","image":{"@type":"ImageObject","inLanguage":"es","@id":"https:\/\/conversesacatalunya.cat\/#\/schema\/person\/image\/","url":"https:\/\/conversesacatalunya.cat\/wp-content\/litespeed\/avatar\/febdfeeec89d950f01c748045a981dd2.jpg?ver=1777314535","contentUrl":"https:\/\/conversesacatalunya.cat\/wp-content\/litespeed\/avatar\/febdfeeec89d950f01c748045a981dd2.jpg?ver=1777314535","caption":"conversesacatalunya"},"url":"https:\/\/conversesacatalunya.cat\/es\/author\/carme_catala\/"}]}},"wps_subtitle":"","_links":{"self":[{"href":"https:\/\/conversesacatalunya.cat\/es\/wp-json\/wp\/v2\/posts\/58175","targetHints":{"allow":["GET"]}}],"collection":[{"href":"https:\/\/conversesacatalunya.cat\/es\/wp-json\/wp\/v2\/posts"}],"about":[{"href":"https:\/\/conversesacatalunya.cat\/es\/wp-json\/wp\/v2\/types\/post"}],"author":[{"embeddable":true,"href":"https:\/\/conversesacatalunya.cat\/es\/wp-json\/wp\/v2\/users\/2"}],"replies":[{"embeddable":true,"href":"https:\/\/conversesacatalunya.cat\/es\/wp-json\/wp\/v2\/comments?post=58175"}],"version-history":[{"count":2,"href":"https:\/\/conversesacatalunya.cat\/es\/wp-json\/wp\/v2\/posts\/58175\/revisions"}],"predecessor-version":[{"id":58177,"href":"https:\/\/conversesacatalunya.cat\/es\/wp-json\/wp\/v2\/posts\/58175\/revisions\/58177"}],"wp:featuredmedia":[{"embeddable":true,"href":"https:\/\/conversesacatalunya.cat\/es\/wp-json\/wp\/v2\/media\/58172"}],"wp:attachment":[{"href":"https:\/\/conversesacatalunya.cat\/es\/wp-json\/wp\/v2\/media?parent=58175"}],"wp:term":[{"taxonomy":"category","embeddable":true,"href":"https:\/\/conversesacatalunya.cat\/es\/wp-json\/wp\/v2\/categories?post=58175"},{"taxonomy":"post_tag","embeddable":true,"href":"https:\/\/conversesacatalunya.cat\/es\/wp-json\/wp\/v2\/tags?post=58175"}],"curies":[{"name":"wp","href":"https:\/\/api.w.org\/{rel}","templated":true}]}}