{"id":58007,"date":"2022-06-02T11:00:50","date_gmt":"2022-06-02T09:00:50","guid":{"rendered":"https:\/\/conversesacatalunya.cat\/?p=58007"},"modified":"2022-06-06T06:37:16","modified_gmt":"2022-06-06T04:37:16","slug":"aspectos-economia-guerra-ucrania","status":"publish","type":"post","link":"https:\/\/conversesacatalunya.cat\/es\/aspectos-economia-guerra-ucrania\/","title":{"rendered":"Aspectos econ\u00f3micos de la guerra de Ucrania"},"content":{"rendered":"<p>Se mire como se mire, en la guerra de Ucrania hay un agresor, Rusia, y un agredido, Ucrania. El agresor es mucho m\u00e1s poderoso que el agredido. <strong>El PIB (producto interior bruto) de Rusia (1,7 billones de d\u00f3lares) es diez o m\u00e1s veces superior al de Ucrania.<\/strong> Pero, aunque Rusia sea un pa\u00eds territorialmente enorme, su producci\u00f3n de riqueza es muy peque\u00f1a comparada con la de las grandes potencias. Se sit\u00faa entre el PIB de Espa\u00f1a (1,3 billones de d\u00f3lares) y el de Italia (2,3 billones de d\u00f3lares). A pesar de sus \u00a017 millones de kil\u00f3metros cuadrados (34 veces el territorio de Espa\u00f1a),<\/p>\n<p><strong>Rusia presenta una econom\u00eda y una sociedad atrasadas,<\/strong> herederas de la URSS, que hizo implosi\u00f3n en 1991 debido precisamente a su p\u00e9simo funcionamiento econ\u00f3mico. <strong>La Rusia actual ha podido ser calificada como \u201ccalifato energ\u00e9tico\u201d<\/strong>, una autocracia principalmente productora y exportadora de petr\u00f3leo, gas y materias primas.<\/p>\n<p><strong>Putin nunca habla de guerra de invasi\u00f3n, sino de una \u201coperaci\u00f3n militar especial\u201d para \u201cdesnazificar\u201d a Ucrania.<\/strong> Cuenta con un aliado principal, <strong>China<\/strong>, pero esta es un aliado reticente, pese a la Declaraci\u00f3n Conjunta firmada en Pek\u00edn el 4 de febrero por las dos autocracias, veinte d\u00edas antes de la invasi\u00f3n, que establec\u00eda entre ellas una relaci\u00f3n de cooperaci\u00f3n \u201csin l\u00edmites\u201d.<\/p>\n<p><strong>China no ve con claridad donde puede conducir la aventura de Putin.<\/strong> Observa y saca conclusiones sobre su posible invasi\u00f3n de Taiw\u00e1n. \u201cLa operaci\u00f3n militar especial\u201d de Putin no le sirve en modo alguno de modelo. China va lanzada hacia convertirse en la primera potencia del mundo, no le gustan las aventuras, no quiere sustos innecesarios.<\/p>\n<p><strong>El PIB de China es de 18,3 billones de d\u00f3lares, m\u00e1s de diez veces el\u00a0 de Rusia<\/strong>. Ambos suman 20 billones de d\u00f3lares. Los aliados de Ucrania suman una cifra mucho mayor: 54 billones de d\u00f3lares. Son Estados Unidos (20 billones), la UE (18 billones), Canad\u00e1 (2,2), Reino Unido (3,4), Jap\u00f3n (5,4), Corea del Sur (1,9), Australia\u00a0 (1,7)), Taiw\u00e1n (0,7) y Singapur (0,34).<\/p>\n<blockquote><p><strong>China no puede permitirse prescindir del engranaje econ\u00f3mico que la liga con Occidente<\/strong><\/p><\/blockquote>\n<p>La UE supone el 37% del comercio exterior ruso, mientras que con China es s\u00f3lo el 11% del total. Las exportaciones de China fueron en 2021 de 3,3 billones de d\u00f3lares, de los cuales 506.366 millones de d\u00f3lares fueron a Estados Unidos y 472.000 a la UE, sus dos principales mercados. Las exportaciones chinas a Rusia fueron s\u00f3lo de 68.000 millones de d\u00f3lares. La econom\u00eda china est\u00e1 muy vinculada a la econom\u00eda de Occidente. A partir de los a\u00f1os noventa del pasado siglo, las cadenas de producci\u00f3n y distribuci\u00f3n globales est\u00e1n muy interrelacionadas. Incluyen tanto materias primas como productos intermedios y atraviesan muchas fronteras. China no puede permitirse prescindir del engranaje econ\u00f3mico que la liga con Occidente. <strong>Pek\u00edn no puede reorientar f\u00e1cilmente sus flujos comerciales a corto plazo.<\/strong> Entre Rusia y China hay poco comercio y s\u00f3lo funciona un gasoducto. China no se puede arriesgar a recibir sanciones como las que est\u00e1 recibiendo Rusia.<\/p>\n<p>Los <strong><a href=\"https:\/\/conversesacatalunya.cat\/es\/la-escasez-de-chips-amenaza-a-la-industria\/\" target=\"_blank\" rel=\"noopener\">semiconductores<\/a><\/strong> o chips son un elemento clave de la econom\u00eda digital. Son esenciales para la fabricaci\u00f3n de veh\u00edculos, m\u00f3viles y bienes electr\u00f3nicos de consumo. Tambi\u00e9n para tecnolog\u00edas punta como la rob\u00f3tica, energ\u00edas renovables, telecomunicaciones, inteligencia artificial y otros sectores en los que China aspira a superar a Occidente pronto. \u00danicamente la multinacional taiwanesa TSMC y la surcoreana Samsung hacen semiconductores de alta gama (chips de menos de diez nan\u00f3metros). Taiw\u00e1n produce el 60% de los semiconductores del mundo, China s\u00f3lo el 6%. <strong>El 90% de los chips empleados en China son importados por empresas extranjeras implantadas all\u00ed.<\/strong><\/p>\n<p><strong>El d\u00f3lar domina el mercado mundial de divisas (88%)<\/strong>, mientras que la moneda china (yuan o renminbi) s\u00f3lo representa el 4,3% y el rublo ruso es insignificante. La cuota del d\u00f3lar es estable desde hace dos d\u00e9cadas. El 59% de las reservas en divisas de los bancos centrales son en d\u00f3lares y el 21% en euros.<\/p>\n<p><strong>Las repercusiones negativas de la guerra de Ucrania en la econom\u00eda y la sociedad europea son evidentes.<\/strong> Pueden se\u00f1alarse como ejemplos el freno a la recuperaci\u00f3n de la crisis de la Covid-19, el repunte de precios de la energ\u00eda, el aumento de la inflaci\u00f3n o las disrupciones continuadas en las cadenas de producci\u00f3n. La crisis provocada por la guerra de Ucrania se acumula a las consecuencias de la crisis financiera global de 2007-2009, en la posterior crisis de la deuda soberana en Europa y en la crisis de la pandemia. El problema es que todav\u00eda no nos hab\u00edamos recuperado de estas dificultades y empobrecimiento que afectaron de forma importante a los segmentos m\u00e1s desfavorecidos de la poblaci\u00f3n, as\u00ed como a regiones vulnerables.<\/p>\n<p>Sin embargo, la guerra ha fortalecido la unidad de prop\u00f3sito en la UE, que finalmente avanza en materia energ\u00e9tica, de entrada para librarse de la dependencia de Rusia, coordinando pol\u00edticas de compra de gas licuado, principalmente en Estados Unidos, y complementando interconexiones.<strong> Estados Unidos se ha convertido en el primer productor mundial de petr\u00f3leo y gas licuado<\/strong>. El problema de suministro de energ\u00eda -petr\u00f3leo y, sobre todo, gas- puede ser dram\u00e1tico el pr\u00f3ximo invierno en Europa si se consuma el cierre o restricciones importantes de energ\u00eda procedente de Rusia. Lo que es seguro es que la sustituci\u00f3n del gas ruso por el gas licuado supondr\u00e1 un <strong>incremento de costes.<\/strong><\/p>\n<p><strong>La pen\u00ednsula Ib\u00e9rica puede convertirse en una isla energ\u00e9tica estrat\u00e9gica,<\/strong> gracias a su potente capacidad de almacenamiento de gas natural licuado y las expectativas de desarrollo del hidr\u00f3geno verde, combustible por el que apuesta la gran industria alemana, cuya fabricaci\u00f3n exige un intenso aporte de electricidad renovable. Se habla de un <strong>gasoducto submarino entre los puertos de Barcelona y Livorno<\/strong> y de activar la tercera conexi\u00f3n transpirenaica que, siguiendo el trazado del Midcat, gasoducto paralizado en 2018 que, adem\u00e1s de gas, transportar\u00eda hidr\u00f3geno verde hacia el centro de Europa .<\/p>\n<p><strong>La UE tambi\u00e9n avanza en defensa, en busca de su \u201cautonom\u00eda estrat\u00e9gica\u201d.<\/strong> Sus pa\u00edses miembros aumentan sus presupuestos de defensa. Rusia se quejaba de la penetraci\u00f3n de la OTAN en Ucrania. Con su invasi\u00f3n, la OTAN, que<strong> seg\u00fan Macron se encontraba en estado de \u00abmuerte cerebral\u00bb<\/strong>, se ha fortalecido. Suecia y Finlandia acaban de solicitar la entrada.<\/p>\n<blockquote><p><strong>declaraciones recientes \u00a0del secretario general de la OTAN, Jens Stoltenberg: \u00abla guerra puede durar tiempo y debemos estar preparados\u00bb<\/strong><\/p><\/blockquote>\n<p>La guerra significa deterioro de la globalizaci\u00f3n, decrecimiento del comercio internacional y aumento del gasto en defensa. La incertidumbre de su duraci\u00f3n tiene un fuerte impacto sobre la econom\u00eda. Seg\u00fan declaraciones recientes del secretario general de la OTAN, Jens Stoltenberg, \u201cla guerra puede durar tiempo y debemos estar preparados\u201d.<strong> La inc\u00f3gnita de fondo es si esta guerra puede conducir la econom\u00eda mundial a un nuevo crack o si, por el contrario, se supera y la revoluci\u00f3n tecnol\u00f3gica nos lleva a un nuevo ciclo de crecimiento<\/strong>.<\/p>\n<p>La guerra est\u00e1 perjudicando enormemente al sistema alimentario internacional. La mayor parte de exportaciones ucranianas de cereales y simientes oleaginosas se han frenado en seco y las de Rusia est\u00e1n amenazadas. Ambos pa\u00edses suponen el 12% de calor\u00edas comercializadas. Los precios del trigo han subido un 59% en lo que va de a\u00f1o. El <strong>secretario general de la ONU, Antonio Guterres<\/strong>, ha advertido que los meses venideros conocer\u00e1n probablemente \u201cel espectro de una carencia global de alimentos\u201d que puede durar a\u00f1os. La subida de alimentos de primera necesidad ha aumentado el n\u00famero de personas en riesgo de no poder alimentarse de 440 millones a 1.600 millones.<\/p>\n<p>Rusia y Ucrania suministran el 28% del trigo comercializado, el 29% de la cebada, el 15% del ma\u00edz y el 75% del aceite de girasol. Suponen la mitad de los cereales importados por L\u00edbano y T\u00fanez, y dos tercios de los importados por Libia y Egipto. La guerra est\u00e1 perturbando gravemente a los suministros. Ucrania ha minado sus aguas territoriales <strong>para evitar un asalto ruso y Rusia est\u00e1 bloqueando el puerto de Odessa.<\/strong><\/p>\n<p>La presidenta de la Comisi\u00f3n Europea, <strong>\u00darsula von der Leyen,<\/strong> ha asegurado que \u201cla artiller\u00eda rusa est\u00e1 bombardeando almacenes de cereales en toda Ucrania deliberadamente, y los buques de guerra rusos en el Mar Negro est\u00e1n bloqueando los buques ucranianos llenos de trigo y semillas de girasol\u201c.<\/p>\n<p>La crisis alimentaria ya est\u00e1 presente ahora en muchos pa\u00edses, si bien el incremento de precios viene de m\u00e1s lejos y es anterior a la guerra. <strong>Puede hacer una eclosi\u00f3n con fuerza a partir del verano y de cara al pr\u00f3ximo a\u00f1o.<\/strong> Las consecuencias de todo ello son devastadoras para las poblaciones m\u00e1s desfavorecidas del planeta. La amenaza es grave para los pa\u00edses \u00e1rabes y en \u00c1frica.<\/p>\n<blockquote><p><strong>Putin puede dejar a Rusia muy mal colocada en el escenario internacional de las pr\u00f3ximas d\u00e9cadas<\/strong><\/p><\/blockquote>\n<p>La Rusia de Putin ha comenzado una guerra que pretende restaurar por la fuerza su edificio imperial, pero Rusia no tiene la capacidad econ\u00f3mica, ni militar, para conseguirlo. Putin puede dejar a Rusia muy mal colocada en el escenario internacional de las pr\u00f3ximas d\u00e9cadas. \u00c9l <strong>pudo elegir el camino de la modernizaci\u00f3n de la econom\u00eda rusa y de la democratizaci\u00f3n de su sociedad.<\/strong> Era el camino deseado y esperado por la UE. Alemania esperaba de Rusia un Wechsel durch Handel, un cambio a trav\u00e9s de las relaciones comerciales. Esto se ha truncado. A partir de 2000, Putin tom\u00f3 el control absoluto de la pol\u00edtica, de las instituciones y de la econom\u00eda rusas. Todav\u00eda lo tiene y piensa conservarlo muchos a\u00f1os m\u00e1s. Estaba en sus manos la posibilidad de elegir el camino de la modernizaci\u00f3n y del progreso econ\u00f3mico y pol\u00edtico. <strong>En los primeros a\u00f1os de mandato parec\u00eda que quer\u00eda hacerlo, pero despu\u00e9s desisti\u00f3 y eligi\u00f3 el enfrentamiento con Occidente<\/strong>, tal y como declar\u00f3 formalmente en la Conferencia de Seguridad de M\u00fanich en 2007, ante la incredulidad de Angela Merkel y Javier Solana que se sentaban en primera fila.<\/p>\n<p>A lo largo de su historia, Rusia ha sido siempre un Estado patrimonial y clientelar donde <strong>una \u00e9lite extractiva y depredadora ha gobernado el imperio digas zarista, comunista y ahora putinista.<\/strong> La \u00fanica diferencia del r\u00e9gimen actual respecto al pasado es la composici\u00f3n de la clase dirigente: los viejos gestores del aparato de seguridad y represi\u00f3n de la URSS y los mafiosos.<\/p>\n<p><strong>El sue\u00f1o de reconstruir la esfera imperial rusa despu\u00e9s del derrumbe de la URSS es y ha sido siempre el eje estrat\u00e9gico, el leit motiv de la acci\u00f3n de Putin.<\/strong> Rusia, como ha ocurrido con otras potencias imperiales, deber\u00eda adaptarse a la realidad y ajustar la identidad a las exigencias de un mundo post imperial. La alternativa es consolidar un escenario de guerra fr\u00eda que conducir\u00e1 a Rusia a alejarse cada vez m\u00e1s de los niveles de vida avanzados y a una frustraci\u00f3n creciente.<\/p>\n<p>El presidente ucraniano, <strong>Volodimir Zelenski,<\/strong> ha pronunciado el 21 de mayo el <strong>discurso inaugural del Foro Mundial de Davos,<\/strong> el primero presencial despu\u00e9s de la pandemia, que re\u00fane a la \u00e9lite econ\u00f3mica y empresarial mundial. Ha recibido un gran aplauso al final de su presentaci\u00f3n, todo el mundo de pie. Este a\u00f1o\u00a0 el Foro no ha contado con ninguna representaci\u00f3n de Rusia, una muestra m\u00e1s de su aislamiento internacional.<\/p>\n<p><strong>Davos ha sido el s\u00edmbolo de la globalizaci\u00f3n satisfecha.<\/strong> Sin embargo, este a\u00f1o, a consecuencia de la guerra de Ucrania, es el lugar de todas las dudas sobre el futuro del orden mundial y de la globalizaci\u00f3n. Zelenski ha pedido que <strong>se apartara a Rusia del mundo econ\u00f3mico y comercial,<\/strong> un embargo total de su petr\u00f3leo, el bloqueo absoluto de propiedades y activos bancarios, la retirada de empresas tecnol\u00f3gicas y el boicot total en el comercio con Rusia Tambi\u00e9n ha conminado a los empresarios que se vayan de Rusia para que sus marcas no queden asociadas a los cr\u00edmenes de guerra rusos. No se trata s\u00f3lo de una represalia por la invasi\u00f3n de Ucrania, sino tambi\u00e9n de una <strong>advertencia para futuros proyectos de utilizaci\u00f3n de la fuerza<\/strong> a la resoluci\u00f3n de contenciosos internacionales, una cuesti\u00f3n que interpela especialmente a China en su relaci\u00f3n con Taiw\u00e1n.<\/p>\n<p><strong>China<\/strong> ha estado presente en Davos y ha tenido un papel discreto. En estos momentos confronta <strong>tres problemas importantes:<\/strong> la inc\u00f3gnita de la guerra de Ucrania, los costes de la pol\u00edtica covid cero (todav\u00eda confinamientos masivos) y el crecimiento de la deuda. Y la reelecci\u00f3n de Xi Jinping est\u00e1 a seis meses vista.<\/p>\n<p><strong>El secretario general de la OTAN, Soltenberg, ha declarado en Davos<\/strong> que \u201cla guerra de Ucrania demuestra c\u00f3mo las relaciones econ\u00f3micas con los reg\u00edmenes autoritarios pueden crear vulnerabilidades; excesiva dependencia en las importaciones de materias primas esenciales, como la energ\u00eda; riesgos ligados a las exportaciones de tecnolog\u00edas avanzadas, como la inteligencia artificial; resistencia debilitada por el control de infraestructuras cr\u00edticas como el 5G; esto va sobre Rusia; pero tambi\u00e9n va sobre China\u201c.<\/p>\n<p><strong>En Davos ha habido \u00a0consenso sobre el error de creer<\/strong> que la progresiva incorporaci\u00f3n de Rusia, y de China, en el orden econ\u00f3mico internacional llevar\u00eda a estos dos pa\u00edses \u00a0a una mayor convergencia pol\u00edtica y finalmente a la democracia. No ha sido as\u00ed, y hoy la confrontaci\u00f3n geopol\u00edtica es la que determina las relaciones econ\u00f3micas entre las grandes potencias y las divide entre autocracias y democracias.<\/p>\n<p>A medio plazo, cuando la guerra haya quedado atr\u00e1s, <strong>habr\u00e1 que volver a preguntarse por el papel de la UE<\/strong>. La OTAN y Estados Unidos la necesitar\u00e1n como componente pol\u00edtico adicional de sus capacidades militares y de defensa. Tambi\u00e9n deber\u00e1 protagonizar las tareas de mantenimiento de la paz y de reconstrucci\u00f3n, as\u00ed como construir su pretendida autonom\u00eda estrat\u00e9gica, que ser\u00e1 cooperativa y colaborativa con la OTAN.<\/p>\n<p>La UE tendr\u00e1 que emprender el camino de su reforma para convertirse en una uni\u00f3n m\u00e1s flexible, con instituciones y decisiones m\u00e1s funcionales. Su pretendida autonom\u00eda estrat\u00e9gica no s\u00f3lo ser\u00e1 sobre seguridad y defensa, sino que deber\u00e1 sustentarse en elementos como el poder digital, verde y comercial. <strong>Y no podr\u00e1 quedar a medias en sus prop\u00f3sitos, como ha ocurrido tantas veces en la historia de la UE,<\/strong> porque nada volver\u00e1 a ser igual despu\u00e9s de la guerra de Ucrania.<\/p>\n<span class='bctt-click-to-tweet'><span class='bctt-ctt-text'><a href='https:\/\/twitter.com\/intent\/tweet?url=https%3A%2F%2Fconversesacatalunya.cat%2Fes%2Faspectos-economia-guerra-ucrania%2F&#038;text=La%20UE%20tendr%C3%A1%20que%20emprender%20el%20camino%20de%20su%20reforma%20para%20convertirse%20en%20una%20uni%C3%B3n%20m%C3%A1s%20flexible%2C%20con%20instituciones%20y%20decisiones%20m%C3%A1s%20funcionales.&#038;via=conversesacat&#038;related=conversesacat' target='_blank'rel=\"noopener noreferrer\">La UE tendr\u00e1 que emprender el camino de su reforma para convertirse en una uni\u00f3n m\u00e1s flexible, con instituciones y decisiones m\u00e1s funcionales. <\/a><\/span><a href='https:\/\/twitter.com\/intent\/tweet?url=https%3A%2F%2Fconversesacatalunya.cat%2Fes%2Faspectos-economia-guerra-ucrania%2F&#038;text=La%20UE%20tendr%C3%A1%20que%20emprender%20el%20camino%20de%20su%20reforma%20para%20convertirse%20en%20una%20uni%C3%B3n%20m%C3%A1s%20flexible%2C%20con%20instituciones%20y%20decisiones%20m%C3%A1s%20funcionales.&#038;via=conversesacat&#038;related=conversesacat' target='_blank' class='bctt-ctt-btn'rel=\"noopener noreferrer\">Compartir en X<\/a><\/span>\n<div id=\"polls-154\" class=\"wp-polls\">\n\t<form id=\"polls_form_154\" class=\"wp-polls-form\" action=\"\/index.php\" method=\"post\">\n\t\t<p style=\"display: none;\"><input type=\"hidden\" id=\"poll_154_nonce\" name=\"wp-polls-nonce\" value=\"eb8f30da2e\" \/><\/p>\n\t\t<p style=\"display: none;\"><input type=\"hidden\" name=\"poll_id\" value=\"154\" \/><\/p>\n\t\t<p style=\"text-align: center\"><strong>Creus que Catalunya viu una decad\u00e8ncia?<\/strong><\/p><div id=\"polls-154-ans\" class=\"wp-polls-ans\"><ul class=\"wp-polls-ul\">\n\t\t<li><input type=\"radio\" id=\"poll-answer-400\" name=\"poll_154\" value=\"400\" \/> <label for=\"poll-answer-400\">S\u00ed<\/label><\/li>\n\t\t<li><input type=\"radio\" id=\"poll-answer-401\" name=\"poll_154\" value=\"401\" \/> <label for=\"poll-answer-401\">No<\/label><\/li>\n\t\t<li><input type=\"radio\" id=\"poll-answer-402\" name=\"poll_154\" value=\"402\" \/> <label for=\"poll-answer-402\">No ho s\u00e9<\/label><\/li>\n\t\t<\/ul><p style=\"text-align: center\"><input type=\"button\" name=\"vote\" value=\"   Vota   \" class=\"Buttons\" onclick=\"poll_vote(154);\" \/><\/p><p style=\"text-align: center\"><a href=\"#ViewPollResults\" onclick=\"poll_result(154); return false;\" title=\"View Results Of This Poll\">Mira els resultats<\/a><\/p><\/div>\n\t<\/form>\n<\/div>\n<div id=\"polls-154-loading\" class=\"wp-polls-loading\"><img decoding=\"async\" data-src=\"https:\/\/conversesacatalunya.cat\/wp-content\/plugins\/wp-polls\/images\/loading.gif\" width=\"16\" height=\"16\" alt=\"Cargando ...\" title=\"Cargando ...\" class=\"wp-polls-image lazyload\" src=\"data:image\/svg+xml;base64,PHN2ZyB3aWR0aD0iMSIgaGVpZ2h0PSIxIiB4bWxucz0iaHR0cDovL3d3dy53My5vcmcvMjAwMC9zdmciPjwvc3ZnPg==\" style=\"--smush-placeholder-width: 16px; --smush-placeholder-aspect-ratio: 16\/16;\" \/>&nbsp;Cargando ...<\/div>\n\n","protected":false},"excerpt":{"rendered":"<p>Se mire como se mire, en la guerra de Ucrania hay un agresor, Rusia, y un agredido, Ucrania. El agresor es mucho m\u00e1s poderoso que el agredido. El PIB (producto interior bruto) de Rusia (1,7 billones de d\u00f3lares) es diez o m\u00e1s veces superior al de Ucrania. Pero, aunque Rusia sea un pa\u00eds territorialmente enorme, su producci\u00f3n de riqueza es muy peque\u00f1a comparada con la de las grandes potencias. Se sit\u00faa entre el PIB de Espa\u00f1a (1,3 billones de d\u00f3lares) y el de Italia (2,3 billones de d\u00f3lares). A pesar de sus \u00a017 millones de kil\u00f3metros cuadrados (34 veces el territorio de Espa\u00f1a), Rusia presenta una econom\u00eda y una sociedad atrasadas, herederas de la URSS, que hizo implosi\u00f3n en 1991 debido precisamente a su p\u00e9simo funcionamiento econ\u00f3mico. La Rusia actual ha podido ser calificada como \u201ccalifato energ\u00e9tico\u201d, una autocracia principalmente productora y exportadora de petr\u00f3leo, gas y materias primas. Putin nunca habla de guerra de invasi\u00f3n, sino de una \u201coperaci\u00f3n militar especial\u201d para \u201cdesnazificar\u201d a Ucrania. Cuenta con un aliado principal, China, pero esta es un aliado reticente, pese a la Declaraci\u00f3n Conjunta firmada en Pek\u00edn el 4 de febrero por las dos autocracias, veinte d\u00edas antes de la invasi\u00f3n, que establec\u00eda entre ellas una relaci\u00f3n de cooperaci\u00f3n \u201csin l\u00edmites\u201d. China no ve con claridad donde puede conducir la aventura de Putin. Observa y saca conclusiones sobre su posible invasi\u00f3n de Taiw\u00e1n. \u201cLa operaci\u00f3n militar especial\u201d de Putin no le sirve en modo alguno de modelo. China va lanzada hacia convertirse en la primera potencia del mundo, no le gustan las aventuras, no quiere sustos innecesarios. El PIB de China es de 18,3 billones de d\u00f3lares, m\u00e1s de diez veces el\u00a0 de Rusia. Ambos suman 20 billones de d\u00f3lares. Los aliados de Ucrania suman una cifra mucho mayor: 54 billones de d\u00f3lares. Son Estados Unidos (20 billones), la UE (18 billones), Canad\u00e1 (2,2), Reino Unido (3,4), Jap\u00f3n (5,4), Corea del Sur (1,9), Australia\u00a0 (1,7)), Taiw\u00e1n (0,7) y Singapur (0,34). China no puede permitirse prescindir del engranaje econ\u00f3mico que la liga con Occidente La UE supone el 37% del comercio exterior ruso, mientras que con China es s\u00f3lo el 11% del total. Las exportaciones de China fueron en 2021 de 3,3 billones de d\u00f3lares, de los cuales 506.366 millones de d\u00f3lares fueron a Estados Unidos y 472.000 a la UE, sus dos principales mercados. Las exportaciones chinas a Rusia fueron s\u00f3lo de 68.000 millones de d\u00f3lares. La econom\u00eda china est\u00e1 muy vinculada a la econom\u00eda de Occidente. A partir de los a\u00f1os noventa del pasado siglo, las cadenas de producci\u00f3n y distribuci\u00f3n globales est\u00e1n muy interrelacionadas. Incluyen tanto materias primas como productos intermedios y atraviesan muchas fronteras. China no puede permitirse prescindir del engranaje econ\u00f3mico que la liga con Occidente. Pek\u00edn no puede reorientar f\u00e1cilmente sus flujos comerciales a corto plazo. Entre Rusia y China hay poco comercio y s\u00f3lo funciona un gasoducto. China no se puede arriesgar a recibir sanciones como las que est\u00e1 recibiendo Rusia. Los semiconductores o chips son un elemento clave de la econom\u00eda digital. Son esenciales para la fabricaci\u00f3n de veh\u00edculos, m\u00f3viles y bienes electr\u00f3nicos de consumo. Tambi\u00e9n para tecnolog\u00edas punta como la rob\u00f3tica, energ\u00edas renovables, telecomunicaciones, inteligencia artificial y otros sectores en los que China aspira a superar a Occidente pronto. \u00danicamente la multinacional taiwanesa TSMC y la surcoreana Samsung hacen semiconductores de alta gama (chips de menos de diez nan\u00f3metros). Taiw\u00e1n produce el 60% de los semiconductores del mundo, China s\u00f3lo el 6%. El 90% de los chips empleados en China son importados por empresas extranjeras implantadas all\u00ed. El d\u00f3lar domina el mercado mundial de divisas (88%), mientras que la moneda china (yuan o renminbi) s\u00f3lo representa el 4,3% y el rublo ruso es insignificante. La cuota del d\u00f3lar es estable desde hace dos d\u00e9cadas. El 59% de las reservas en divisas de los bancos centrales son en d\u00f3lares y el 21% en euros. Las repercusiones negativas de la guerra de Ucrania en la econom\u00eda y la sociedad europea son evidentes. Pueden se\u00f1alarse como ejemplos el freno a la recuperaci\u00f3n de la crisis de la Covid-19, el repunte de precios de la energ\u00eda, el aumento de la inflaci\u00f3n o las disrupciones continuadas en las cadenas de producci\u00f3n. La crisis provocada por la guerra de Ucrania se acumula a las consecuencias de la crisis financiera global de 2007-2009, en la posterior crisis de la deuda soberana en Europa y en la crisis de la pandemia. El problema es que todav\u00eda no nos hab\u00edamos recuperado de estas dificultades y empobrecimiento que afectaron de forma importante a los segmentos m\u00e1s desfavorecidos de la poblaci\u00f3n, as\u00ed como a regiones vulnerables. Sin embargo, la guerra ha fortalecido la unidad de prop\u00f3sito en la UE, que finalmente avanza en materia energ\u00e9tica, de entrada para librarse de la dependencia de Rusia, coordinando pol\u00edticas de compra de gas licuado, principalmente en Estados Unidos, y complementando interconexiones. Estados Unidos se ha convertido en el primer productor mundial de petr\u00f3leo y gas licuado. El problema de suministro de energ\u00eda -petr\u00f3leo y, sobre todo, gas- puede ser dram\u00e1tico el pr\u00f3ximo invierno en Europa si se consuma el cierre o restricciones importantes de energ\u00eda procedente de Rusia. Lo que es seguro es que la sustituci\u00f3n del gas ruso por el gas licuado supondr\u00e1 un incremento de costes. La pen\u00ednsula Ib\u00e9rica puede convertirse en una isla energ\u00e9tica estrat\u00e9gica, gracias a su potente capacidad de almacenamiento de gas natural licuado y las expectativas de desarrollo del hidr\u00f3geno verde, combustible por el que apuesta la gran industria alemana, cuya fabricaci\u00f3n exige un intenso aporte de electricidad renovable. Se habla de un gasoducto submarino entre los puertos de Barcelona y Livorno y de activar la tercera conexi\u00f3n transpirenaica que, siguiendo el trazado del Midcat, gasoducto paralizado en 2018 que, adem\u00e1s de gas, transportar\u00eda hidr\u00f3geno verde hacia el centro de Europa . La UE tambi\u00e9n avanza en defensa, en busca de su \u201cautonom\u00eda estrat\u00e9gica\u201d. Sus pa\u00edses miembros aumentan sus presupuestos de defensa. Rusia se quejaba de la penetraci\u00f3n de la&#8230;<\/p>\n","protected":false},"author":38,"featured_media":58005,"comment_status":"open","ping_status":"open","sticky":false,"template":"","format":"standard","meta":{"_FSMCFIC_featured_image_caption":"","_FSMCFIC_featured_image_nocaption":"","_FSMCFIC_featured_image_hide":"","footnotes":""},"categories":[798],"tags":[4705,1346,4593,4594,2844,2649,3169,4545],"class_list":["post-58007","post","type-post","status-publish","format-standard","has-post-thumbnail","hentry","category-pro-europa-es","tag-cereales","tag-china","tag-crisi-economica-guerra-ucraina-es","tag-crisis-economica-guerra-ucrania","tag-la-xina-es","tag-putin-es","tag-vladimir-putin-es","tag-zelenski"],"yoast_head":"<!-- This site is optimized with the Yoast SEO plugin v26.8 - https:\/\/yoast.com\/product\/yoast-seo-wordpress\/ -->\n<title>Aspectos econ\u00f3micos de la guerra de Ucrania - Converses a Catalunya<\/title>\n<meta name=\"description\" content=\"Las repercusiones negativas de la guerra de Ucrania en la econom\u00eda y la sociedad europea son evidentes. freno a la recuperaci\u00f3n crisis covid\" \/>\n<meta name=\"robots\" content=\"noindex, nofollow\" \/>\n<meta property=\"og:locale\" content=\"es_ES\" \/>\n<meta property=\"og:type\" content=\"article\" \/>\n<meta property=\"og:title\" content=\"Aspectos econ\u00f3micos de la guerra de Ucrania - Converses a Catalunya\" \/>\n<meta property=\"og:description\" content=\"Las repercusiones negativas de la guerra de Ucrania en la econom\u00eda y la sociedad europea son evidentes. freno a la recuperaci\u00f3n crisis covid\" \/>\n<meta property=\"og:url\" content=\"https:\/\/conversesacatalunya.cat\/es\/aspectos-economia-guerra-ucrania\/\" \/>\n<meta property=\"og:site_name\" content=\"Converses a Catalunya\" \/>\n<meta property=\"article:published_time\" content=\"2022-06-02T09:00:50+00:00\" \/>\n<meta property=\"article:modified_time\" content=\"2022-06-06T04:37:16+00:00\" \/>\n<meta property=\"og:image\" content=\"https:\/\/conversesacatalunya.cat\/wp-content\/uploads\/2022\/05\/ukraine-gfb173699a_640.jpg\" \/>\n\t<meta property=\"og:image:width\" content=\"640\" \/>\n\t<meta property=\"og:image:height\" content=\"427\" \/>\n\t<meta property=\"og:image:type\" content=\"image\/jpeg\" \/>\n<meta name=\"author\" content=\"Victor Pou\" \/>\n<meta name=\"twitter:card\" content=\"summary_large_image\" \/>\n<meta name=\"twitter:label1\" content=\"Escrito por\" \/>\n\t<meta name=\"twitter:data1\" content=\"Victor Pou\" \/>\n\t<meta name=\"twitter:label2\" content=\"Tiempo de lectura\" \/>\n\t<meta name=\"twitter:data2\" content=\"13 minutos\" \/>\n<script type=\"application\/ld+json\" class=\"yoast-schema-graph\">{\"@context\":\"https:\/\/schema.org\",\"@graph\":[{\"@type\":\"Article\",\"@id\":\"https:\/\/conversesacatalunya.cat\/es\/aspectos-economia-guerra-ucrania\/#article\",\"isPartOf\":{\"@id\":\"https:\/\/conversesacatalunya.cat\/es\/aspectos-economia-guerra-ucrania\/\"},\"author\":{\"name\":\"Victor Pou\",\"@id\":\"https:\/\/conversesacatalunya.cat\/#\/schema\/person\/1b0082ee920b837be791bee630d460b2\"},\"headline\":\"Aspectos econ\u00f3micos de la guerra de Ucrania\",\"datePublished\":\"2022-06-02T09:00:50+00:00\",\"dateModified\":\"2022-06-06T04:37:16+00:00\",\"mainEntityOfPage\":{\"@id\":\"https:\/\/conversesacatalunya.cat\/es\/aspectos-economia-guerra-ucrania\/\"},\"wordCount\":2545,\"commentCount\":1,\"image\":{\"@id\":\"https:\/\/conversesacatalunya.cat\/es\/aspectos-economia-guerra-ucrania\/#primaryimage\"},\"thumbnailUrl\":\"https:\/\/conversesacatalunya.cat\/wp-content\/uploads\/2022\/05\/ukraine-gfb173699a_640.jpg\",\"keywords\":[\"cereales\",\"China\",\"Crisi econ\u00f2mica guerra ucra\u00efna\",\"crisis econ\u00f3mica guerra Ucrania\",\"la Xina\",\"Putin\",\"Vladimir Putin\",\"Zelenski\"],\"articleSection\":[\"Pro Europa (ES)\"],\"inLanguage\":\"es\",\"potentialAction\":[{\"@type\":\"CommentAction\",\"name\":\"Comment\",\"target\":[\"https:\/\/conversesacatalunya.cat\/es\/aspectos-economia-guerra-ucrania\/#respond\"]}]},{\"@type\":\"WebPage\",\"@id\":\"https:\/\/conversesacatalunya.cat\/es\/aspectos-economia-guerra-ucrania\/\",\"url\":\"https:\/\/conversesacatalunya.cat\/es\/aspectos-economia-guerra-ucrania\/\",\"name\":\"Aspectos econ\u00f3micos de la guerra de Ucrania - Converses a Catalunya\",\"isPartOf\":{\"@id\":\"https:\/\/conversesacatalunya.cat\/#website\"},\"primaryImageOfPage\":{\"@id\":\"https:\/\/conversesacatalunya.cat\/es\/aspectos-economia-guerra-ucrania\/#primaryimage\"},\"image\":{\"@id\":\"https:\/\/conversesacatalunya.cat\/es\/aspectos-economia-guerra-ucrania\/#primaryimage\"},\"thumbnailUrl\":\"https:\/\/conversesacatalunya.cat\/wp-content\/uploads\/2022\/05\/ukraine-gfb173699a_640.jpg\",\"datePublished\":\"2022-06-02T09:00:50+00:00\",\"dateModified\":\"2022-06-06T04:37:16+00:00\",\"author\":{\"@id\":\"https:\/\/conversesacatalunya.cat\/#\/schema\/person\/1b0082ee920b837be791bee630d460b2\"},\"description\":\"Las repercusiones negativas de la guerra de Ucrania en la econom\u00eda y la sociedad europea son evidentes. freno a la recuperaci\u00f3n crisis covid\",\"breadcrumb\":{\"@id\":\"https:\/\/conversesacatalunya.cat\/es\/aspectos-economia-guerra-ucrania\/#breadcrumb\"},\"inLanguage\":\"es\",\"potentialAction\":[{\"@type\":\"ReadAction\",\"target\":[\"https:\/\/conversesacatalunya.cat\/es\/aspectos-economia-guerra-ucrania\/\"]}]},{\"@type\":\"ImageObject\",\"inLanguage\":\"es\",\"@id\":\"https:\/\/conversesacatalunya.cat\/es\/aspectos-economia-guerra-ucrania\/#primaryimage\",\"url\":\"https:\/\/conversesacatalunya.cat\/wp-content\/uploads\/2022\/05\/ukraine-gfb173699a_640.jpg\",\"contentUrl\":\"https:\/\/conversesacatalunya.cat\/wp-content\/uploads\/2022\/05\/ukraine-gfb173699a_640.jpg\",\"width\":640,\"height\":427,\"caption\":\"guerra de Ucrania econom\u00eda\"},{\"@type\":\"BreadcrumbList\",\"@id\":\"https:\/\/conversesacatalunya.cat\/es\/aspectos-economia-guerra-ucrania\/#breadcrumb\",\"itemListElement\":[{\"@type\":\"ListItem\",\"position\":1,\"name\":\"Inici\",\"item\":\"https:\/\/conversesacatalunya.cat\/es\/\"},{\"@type\":\"ListItem\",\"position\":2,\"name\":\"Aspectos econ\u00f3micos de la guerra de Ucrania\"}]},{\"@type\":\"WebSite\",\"@id\":\"https:\/\/conversesacatalunya.cat\/#website\",\"url\":\"https:\/\/conversesacatalunya.cat\/\",\"name\":\"Converses a Catalunya\",\"description\":\"\",\"potentialAction\":[{\"@type\":\"SearchAction\",\"target\":{\"@type\":\"EntryPoint\",\"urlTemplate\":\"https:\/\/conversesacatalunya.cat\/?s={search_term_string}\"},\"query-input\":{\"@type\":\"PropertyValueSpecification\",\"valueRequired\":true,\"valueName\":\"search_term_string\"}}],\"inLanguage\":\"es\"},{\"@type\":\"Person\",\"@id\":\"https:\/\/conversesacatalunya.cat\/#\/schema\/person\/1b0082ee920b837be791bee630d460b2\",\"name\":\"Victor Pou\",\"image\":{\"@type\":\"ImageObject\",\"inLanguage\":\"es\",\"@id\":\"https:\/\/conversesacatalunya.cat\/#\/schema\/person\/image\/\",\"url\":\"https:\/\/conversesacatalunya.cat\/wp-content\/litespeed\/avatar\/b9b32a5f987117ce72836d050f735d2b.jpg?ver=1777366285\",\"contentUrl\":\"https:\/\/conversesacatalunya.cat\/wp-content\/litespeed\/avatar\/b9b32a5f987117ce72836d050f735d2b.jpg?ver=1777366285\",\"caption\":\"Victor Pou\"},\"url\":\"https:\/\/conversesacatalunya.cat\/es\/author\/victor_pou\/\"}]}<\/script>\n<!-- \/ Yoast SEO plugin. -->","yoast_head_json":{"title":"Aspectos econ\u00f3micos de la guerra de Ucrania - Converses a Catalunya","description":"Las repercusiones negativas de la guerra de Ucrania en la econom\u00eda y la sociedad europea son evidentes. freno a la recuperaci\u00f3n crisis covid","robots":{"index":"noindex","follow":"nofollow"},"og_locale":"es_ES","og_type":"article","og_title":"Aspectos econ\u00f3micos de la guerra de Ucrania - Converses a Catalunya","og_description":"Las repercusiones negativas de la guerra de Ucrania en la econom\u00eda y la sociedad europea son evidentes. freno a la recuperaci\u00f3n crisis covid","og_url":"https:\/\/conversesacatalunya.cat\/es\/aspectos-economia-guerra-ucrania\/","og_site_name":"Converses a Catalunya","article_published_time":"2022-06-02T09:00:50+00:00","article_modified_time":"2022-06-06T04:37:16+00:00","og_image":[{"width":640,"height":427,"url":"https:\/\/conversesacatalunya.cat\/wp-content\/uploads\/2022\/05\/ukraine-gfb173699a_640.jpg","type":"image\/jpeg"}],"author":"Victor Pou","twitter_card":"summary_large_image","twitter_misc":{"Escrito por":"Victor Pou","Tiempo de lectura":"13 minutos"},"schema":{"@context":"https:\/\/schema.org","@graph":[{"@type":"Article","@id":"https:\/\/conversesacatalunya.cat\/es\/aspectos-economia-guerra-ucrania\/#article","isPartOf":{"@id":"https:\/\/conversesacatalunya.cat\/es\/aspectos-economia-guerra-ucrania\/"},"author":{"name":"Victor Pou","@id":"https:\/\/conversesacatalunya.cat\/#\/schema\/person\/1b0082ee920b837be791bee630d460b2"},"headline":"Aspectos econ\u00f3micos de la guerra de Ucrania","datePublished":"2022-06-02T09:00:50+00:00","dateModified":"2022-06-06T04:37:16+00:00","mainEntityOfPage":{"@id":"https:\/\/conversesacatalunya.cat\/es\/aspectos-economia-guerra-ucrania\/"},"wordCount":2545,"commentCount":1,"image":{"@id":"https:\/\/conversesacatalunya.cat\/es\/aspectos-economia-guerra-ucrania\/#primaryimage"},"thumbnailUrl":"https:\/\/conversesacatalunya.cat\/wp-content\/uploads\/2022\/05\/ukraine-gfb173699a_640.jpg","keywords":["cereales","China","Crisi econ\u00f2mica guerra ucra\u00efna","crisis econ\u00f3mica guerra Ucrania","la Xina","Putin","Vladimir Putin","Zelenski"],"articleSection":["Pro Europa (ES)"],"inLanguage":"es","potentialAction":[{"@type":"CommentAction","name":"Comment","target":["https:\/\/conversesacatalunya.cat\/es\/aspectos-economia-guerra-ucrania\/#respond"]}]},{"@type":"WebPage","@id":"https:\/\/conversesacatalunya.cat\/es\/aspectos-economia-guerra-ucrania\/","url":"https:\/\/conversesacatalunya.cat\/es\/aspectos-economia-guerra-ucrania\/","name":"Aspectos econ\u00f3micos de la guerra de Ucrania - Converses a Catalunya","isPartOf":{"@id":"https:\/\/conversesacatalunya.cat\/#website"},"primaryImageOfPage":{"@id":"https:\/\/conversesacatalunya.cat\/es\/aspectos-economia-guerra-ucrania\/#primaryimage"},"image":{"@id":"https:\/\/conversesacatalunya.cat\/es\/aspectos-economia-guerra-ucrania\/#primaryimage"},"thumbnailUrl":"https:\/\/conversesacatalunya.cat\/wp-content\/uploads\/2022\/05\/ukraine-gfb173699a_640.jpg","datePublished":"2022-06-02T09:00:50+00:00","dateModified":"2022-06-06T04:37:16+00:00","author":{"@id":"https:\/\/conversesacatalunya.cat\/#\/schema\/person\/1b0082ee920b837be791bee630d460b2"},"description":"Las repercusiones negativas de la guerra de Ucrania en la econom\u00eda y la sociedad europea son evidentes. freno a la recuperaci\u00f3n crisis covid","breadcrumb":{"@id":"https:\/\/conversesacatalunya.cat\/es\/aspectos-economia-guerra-ucrania\/#breadcrumb"},"inLanguage":"es","potentialAction":[{"@type":"ReadAction","target":["https:\/\/conversesacatalunya.cat\/es\/aspectos-economia-guerra-ucrania\/"]}]},{"@type":"ImageObject","inLanguage":"es","@id":"https:\/\/conversesacatalunya.cat\/es\/aspectos-economia-guerra-ucrania\/#primaryimage","url":"https:\/\/conversesacatalunya.cat\/wp-content\/uploads\/2022\/05\/ukraine-gfb173699a_640.jpg","contentUrl":"https:\/\/conversesacatalunya.cat\/wp-content\/uploads\/2022\/05\/ukraine-gfb173699a_640.jpg","width":640,"height":427,"caption":"guerra de Ucrania econom\u00eda"},{"@type":"BreadcrumbList","@id":"https:\/\/conversesacatalunya.cat\/es\/aspectos-economia-guerra-ucrania\/#breadcrumb","itemListElement":[{"@type":"ListItem","position":1,"name":"Inici","item":"https:\/\/conversesacatalunya.cat\/es\/"},{"@type":"ListItem","position":2,"name":"Aspectos econ\u00f3micos de la guerra de Ucrania"}]},{"@type":"WebSite","@id":"https:\/\/conversesacatalunya.cat\/#website","url":"https:\/\/conversesacatalunya.cat\/","name":"Converses a Catalunya","description":"","potentialAction":[{"@type":"SearchAction","target":{"@type":"EntryPoint","urlTemplate":"https:\/\/conversesacatalunya.cat\/?s={search_term_string}"},"query-input":{"@type":"PropertyValueSpecification","valueRequired":true,"valueName":"search_term_string"}}],"inLanguage":"es"},{"@type":"Person","@id":"https:\/\/conversesacatalunya.cat\/#\/schema\/person\/1b0082ee920b837be791bee630d460b2","name":"Victor Pou","image":{"@type":"ImageObject","inLanguage":"es","@id":"https:\/\/conversesacatalunya.cat\/#\/schema\/person\/image\/","url":"https:\/\/conversesacatalunya.cat\/wp-content\/litespeed\/avatar\/b9b32a5f987117ce72836d050f735d2b.jpg?ver=1777366285","contentUrl":"https:\/\/conversesacatalunya.cat\/wp-content\/litespeed\/avatar\/b9b32a5f987117ce72836d050f735d2b.jpg?ver=1777366285","caption":"Victor Pou"},"url":"https:\/\/conversesacatalunya.cat\/es\/author\/victor_pou\/"}]}},"wps_subtitle":"La inc\u00f3gnita de fondo es si esta guerra puede conducir a la econom\u00eda mundial a un nuevo crack o si, por el contrario, se supera y la revoluci\u00f3n tecnol\u00f3gica nos lleva a un nuevo ciclo de crecimiento","_links":{"self":[{"href":"https:\/\/conversesacatalunya.cat\/es\/wp-json\/wp\/v2\/posts\/58007","targetHints":{"allow":["GET"]}}],"collection":[{"href":"https:\/\/conversesacatalunya.cat\/es\/wp-json\/wp\/v2\/posts"}],"about":[{"href":"https:\/\/conversesacatalunya.cat\/es\/wp-json\/wp\/v2\/types\/post"}],"author":[{"embeddable":true,"href":"https:\/\/conversesacatalunya.cat\/es\/wp-json\/wp\/v2\/users\/38"}],"replies":[{"embeddable":true,"href":"https:\/\/conversesacatalunya.cat\/es\/wp-json\/wp\/v2\/comments?post=58007"}],"version-history":[{"count":7,"href":"https:\/\/conversesacatalunya.cat\/es\/wp-json\/wp\/v2\/posts\/58007\/revisions"}],"predecessor-version":[{"id":58066,"href":"https:\/\/conversesacatalunya.cat\/es\/wp-json\/wp\/v2\/posts\/58007\/revisions\/58066"}],"wp:featuredmedia":[{"embeddable":true,"href":"https:\/\/conversesacatalunya.cat\/es\/wp-json\/wp\/v2\/media\/58005"}],"wp:attachment":[{"href":"https:\/\/conversesacatalunya.cat\/es\/wp-json\/wp\/v2\/media?parent=58007"}],"wp:term":[{"taxonomy":"category","embeddable":true,"href":"https:\/\/conversesacatalunya.cat\/es\/wp-json\/wp\/v2\/categories?post=58007"},{"taxonomy":"post_tag","embeddable":true,"href":"https:\/\/conversesacatalunya.cat\/es\/wp-json\/wp\/v2\/tags?post=58007"}],"curies":[{"name":"wp","href":"https:\/\/api.w.org\/{rel}","templated":true}]}}