{"id":57783,"date":"2022-05-20T10:56:16","date_gmt":"2022-05-20T08:56:16","guid":{"rendered":"https:\/\/conversesacatalunya.cat\/el-independentismo-del-proces-o-la-retirada-de-la-brigada-ligera\/"},"modified":"2022-05-20T11:27:33","modified_gmt":"2022-05-20T09:27:33","slug":"el-independentismo-del-proces-o-la-retirada-de-la-brigada-ligera","status":"publish","type":"post","link":"https:\/\/conversesacatalunya.cat\/es\/el-independentismo-del-proces-o-la-retirada-de-la-brigada-ligera\/","title":{"rendered":"El independentismo del proc\u00e9s o la retirada de la Brigada Ligera"},"content":{"rendered":"<p>Es como si la tr\u00e1gica y heroica consumaci\u00f3n final de la carga de la Brigada Ligera a lo largo del \u201cValle de la Muerte\u201d se hubiera transformado en una parada y vuelta atr\u00e1s al ver el rostro del enemigo. El desastre hubiera sido incluso peor al ir y volver bajo su fuego graneado, pero el final ya no ser\u00eda recordado como una locura heroica, como el Alzamiento del Viernes Santo irland\u00e9s, sino como una patochada mortal.<\/p>\n<p>Pues bien, el <strong>independentismo que empez\u00f3 en tono presuntamente heroico<\/strong> en sus grandes palabras, no como tragedia, s\u00ed como drama, la carga de la Brigada Ligera se transform\u00f3 cuando la caballer\u00eda lleg\u00f3 cerca de las l\u00edneas, en una vuelta atr\u00e1s, en una retirada, desandando el dif\u00edcil camino realizado y m\u00e1s que doblando los riesgos de destrucci\u00f3n. En realidad, la carga hist\u00f3rica de la Brigada Ligera fue considerada como irresponsable y a la vez heroica, quiz\u00e1s porque todo gesto de este tipo conlleve necesariamente audacia que descalifica cuando el final no est\u00e1 acompa\u00f1ado por el \u00e9xito.<\/p>\n<p>Pero si decides lanzarte, detenerte de pronto es peor. Si ya sabes de buen inicio que tus posibilidades son escasas, puedes decidir no llevar a cabo la intentona. Pero, si al final decides asumir el riesgo, ha de ser con todas sus consecuencias. <strong>No puedes emprender la v\u00eda heroica y despu\u00e9s retroceder<\/strong>.<\/p>\n<p>Y esto es lo que hizo el Proc\u00e9s y lo hizo en dos ocasiones. La primera en 2017 cuando en el Parlament declar\u00f3 -que no proclamo- la independencia, para inmediatamente despu\u00e9s anunciar que la dejaba sin efecto. Era la retirada escandalosa de la Brigada Ligera, dejando a todo el mundo en un sinsentido absoluto. Significaba el <strong>reconocimiento de un fracaso<\/strong>, con el agravante de que el enemigo era una sombra, una amenaza, pero no una realidad f\u00edsica presente en el campo de batalla. Se lo imaginaban en sus cerebros entrando impetuosamente en el Parlament, pero no estaba all\u00ed y posiblemente nunca habr\u00eda llegado. M\u00e1s tarde s\u00ed, como lleg\u00f3 igualmente despu\u00e9s de la retirada, con el inconveniente que antes ya hab\u00eda quedado destruida la Brigada.<\/p>\n<p>Pero por si fuera poco volvieron a <strong>repetirlo en el 2019<\/strong>, cuando los serios incidentes ocasionados por las protestas por la sentencia de los dirigentes del Proc\u00e9s, ocuparon portadas en el mundo entero.<\/p>\n<p>El resultado de todo esto es que el <strong>proceso independentista en Catalu\u00f1a no existe,<\/strong> porque las fuerzas que lo impulsaron han sido destruidas por una combinaci\u00f3n que, en primer lugar, aparece en los propios errores, y despu\u00e9s, como es l\u00f3gico, la respuesta del Estado al intento de separar a una parte de este.<\/p>\n<p>Sucintamente referido el escenario es este: <strong>no existe horizonte temporal ni estrategia para alcanzar la independencia,<\/strong> por consiguiente, no hay proyecto independentista. Los sujetos colectivos que deber\u00edan impulsarlo est\u00e1n destruidos o han huido. Esquerra pertenece a este \u00faltimo grupo. Despu\u00e9s de empujar a Puigdemont a realizar la carga sobre la que dudaba, su experiencia le ha llevado a la conclusi\u00f3n de que lo que mejor que puede hacer es hacer de Esquerra Republicana Espa\u00f1ola, y no de Esquerra Nacional Catalana, y por consiguiente, la <strong>prioridad es mantener a S\u00e1nchez y a Podemos en el Gobierno<\/strong>. Es como si el Sinn F\u00e9in hubiera apoyado a los gobiernos laboristas en Londres, o que el independentismo escoc\u00e9s actuara en t\u00e9rminos parecidos. Naturalmente nunca se les ha pasado por la cabeza tal cosa, porque hay una contradicci\u00f3n en dotar de gobernabilidad e intentar mejorar el estado del cual se intenta separar y supeditar la separaci\u00f3n al buen funcionamiento de dicho estado.<\/p>\n<p>Junts per Catalunya es, en estos momentos, un conglomerado heterog\u00e9neo, por un lado, de intereses personales muy ligados al cargo, proclives a la grandilocuencia en sus declaraciones y terriblemente escaso en su pr\u00e1ctica en el camino independentista. Son radicales en sus posiciones y sobre aspectos sensibles, como el catal\u00e1n, pero se desconoce c\u00f3mo pueden alcanzar la independencia. Lo peor es que no lo conocen ni ellos mismos. Solo un cambio radical de escenario podr\u00eda significar una cierta recuperaci\u00f3n de una organizaci\u00f3n que en buena medida se destruye a s\u00ed misma.<\/p>\n<p>Ser\u00eda el <strong>regreso \u201ctriunfal\u201d de Puigdemont<\/strong> para someterse al \u201cmartirio\u201d de la detenci\u00f3n, juicio y, previsiblemente durante un tiempo, encarcelamiento. As\u00ed podr\u00eda comenzar un ep\u00edgono real de Mandela que insuflara fuerza al independentismo y pusiera ante una contradicci\u00f3n inasimilable a Esquerra Republicana. Pero, hoy por hoy, Puigdemont ni va a volver, ni se le espera, dedicado a su inofensivo juego del Consejo para la Rep\u00fablica y determinadas escenificaciones internacionales, que nada cambian y se agotan en su propia realizaci\u00f3n.<\/p>\n<p>En el \u00e1mbito de la sociedad civil, la fuerza m\u00e1s numerosa y dotada de una mayor capacidad de movilizaci\u00f3n, la <strong>Asamblea Nacional Catalana<\/strong>, que consigui\u00f3 reunir a cientos de miles de catalanes, ha quedado reducida a piel y huesos y consigue poco m\u00e1s que reunir\u00e1 a unos cientos. El papel de <strong>Omnium<\/strong> siempre ha sido m\u00e1s de acompa\u00f1amiento, pero claro ahora hay poco que acompa\u00f1ar. Lo que ten\u00eda de ser la punta de lanza del independentismo, los <strong>CDR<\/strong>, est\u00e1n desaparecidos en combate. Seguramente algunos de sus componentes si vieron demasiado cerca como blanco de los ojos de las l\u00edneas enemigas, y prefirieron dejarlo todo para mejor ocasi\u00f3n. Algo parecido y en mayor medida es lo que ha sucedido con el <strong>Tsunami Democr\u00e0tic<\/strong>, que despu\u00e9s de unos inicios y espectaculares \u00e9xitos se esfumaron<\/p>\n<p>Resultado: el independentismo del proc\u00e9s es una v\u00eda pol\u00edticamente muerta que lo \u00fanico que consigue, para perjuicio de los catalanes, es justificar el mal Gobierno, hacer perder el tiempo y la ilusi\u00f3n a muchas personas.<\/p>\n","protected":false},"excerpt":{"rendered":"<p>Es como si la tr\u00e1gica y heroica consumaci\u00f3n final de la carga de la Brigada Ligera a lo largo del \u201cValle de la Muerte\u201d se hubiera transformado en una parada y vuelta atr\u00e1s al ver el rostro del enemigo. El desastre hubiera sido incluso peor al ir y volver bajo su fuego graneado, pero el final ya no ser\u00eda recordado como una locura heroica, como el Alzamiento del Viernes Santo irland\u00e9s, sino como una patochada mortal. Pues bien, el independentismo que empez\u00f3 en tono presuntamente heroico en sus grandes palabras, no como tragedia, s\u00ed como drama, la carga de la Brigada Ligera se transform\u00f3 cuando la caballer\u00eda lleg\u00f3 cerca de las l\u00edneas, en una vuelta atr\u00e1s, en una retirada, desandando el dif\u00edcil camino realizado y m\u00e1s que doblando los riesgos de destrucci\u00f3n. En realidad, la carga hist\u00f3rica de la Brigada Ligera fue considerada como irresponsable y a la vez heroica, quiz\u00e1s porque todo gesto de este tipo conlleve necesariamente audacia que descalifica cuando el final no est\u00e1 acompa\u00f1ado por el \u00e9xito. Pero si decides lanzarte, detenerte de pronto es peor. Si ya sabes de buen inicio que tus posibilidades son escasas, puedes decidir no llevar a cabo la intentona. Pero, si al final decides asumir el riesgo, ha de ser con todas sus consecuencias. No puedes emprender la v\u00eda heroica y despu\u00e9s retroceder. Y esto es lo que hizo el Proc\u00e9s y lo hizo en dos ocasiones. La primera en 2017 cuando en el Parlament declar\u00f3 -que no proclamo- la independencia, para inmediatamente despu\u00e9s anunciar que la dejaba sin efecto. Era la retirada escandalosa de la Brigada Ligera, dejando a todo el mundo en un sinsentido absoluto. Significaba el reconocimiento de un fracaso, con el agravante de que el enemigo era una sombra, una amenaza, pero no una realidad f\u00edsica presente en el campo de batalla. Se lo imaginaban en sus cerebros entrando impetuosamente en el Parlament, pero no estaba all\u00ed y posiblemente nunca habr\u00eda llegado. M\u00e1s tarde s\u00ed, como lleg\u00f3 igualmente despu\u00e9s de la retirada, con el inconveniente que antes ya hab\u00eda quedado destruida la Brigada. Pero por si fuera poco volvieron a repetirlo en el 2019, cuando los serios incidentes ocasionados por las protestas por la sentencia de los dirigentes del Proc\u00e9s, ocuparon portadas en el mundo entero. El resultado de todo esto es que el proceso independentista en Catalu\u00f1a no existe, porque las fuerzas que lo impulsaron han sido destruidas por una combinaci\u00f3n que, en primer lugar, aparece en los propios errores, y despu\u00e9s, como es l\u00f3gico, la respuesta del Estado al intento de separar a una parte de este. Sucintamente referido el escenario es este: no existe horizonte temporal ni estrategia para alcanzar la independencia, por consiguiente, no hay proyecto independentista. Los sujetos colectivos que deber\u00edan impulsarlo est\u00e1n destruidos o han huido. Esquerra pertenece a este \u00faltimo grupo. Despu\u00e9s de empujar a Puigdemont a realizar la carga sobre la que dudaba, su experiencia le ha llevado a la conclusi\u00f3n de que lo que mejor que puede hacer es hacer de Esquerra Republicana Espa\u00f1ola, y no de Esquerra Nacional Catalana, y por consiguiente, la prioridad es mantener a S\u00e1nchez y a Podemos en el Gobierno. Es como si el Sinn F\u00e9in hubiera apoyado a los gobiernos laboristas en Londres, o que el independentismo escoc\u00e9s actuara en t\u00e9rminos parecidos. Naturalmente nunca se les ha pasado por la cabeza tal cosa, porque hay una contradicci\u00f3n en dotar de gobernabilidad e intentar mejorar el estado del cual se intenta separar y supeditar la separaci\u00f3n al buen funcionamiento de dicho estado. Junts per Catalunya es, en estos momentos, un conglomerado heterog\u00e9neo, por un lado, de intereses personales muy ligados al cargo, proclives a la grandilocuencia en sus declaraciones y terriblemente escaso en su pr\u00e1ctica en el camino independentista. Son radicales en sus posiciones y sobre aspectos sensibles, como el catal\u00e1n, pero se desconoce c\u00f3mo pueden alcanzar la independencia. Lo peor es que no lo conocen ni ellos mismos. Solo un cambio radical de escenario podr\u00eda significar una cierta recuperaci\u00f3n de una organizaci\u00f3n que en buena medida se destruye a s\u00ed misma. Ser\u00eda el regreso \u201ctriunfal\u201d de Puigdemont para someterse al \u201cmartirio\u201d de la detenci\u00f3n, juicio y, previsiblemente durante un tiempo, encarcelamiento. As\u00ed podr\u00eda comenzar un ep\u00edgono real de Mandela que insuflara fuerza al independentismo y pusiera ante una contradicci\u00f3n inasimilable a Esquerra Republicana. Pero, hoy por hoy, Puigdemont ni va a volver, ni se le espera, dedicado a su inofensivo juego del Consejo para la Rep\u00fablica y determinadas escenificaciones internacionales, que nada cambian y se agotan en su propia realizaci\u00f3n. En el \u00e1mbito de la sociedad civil, la fuerza m\u00e1s numerosa y dotada de una mayor capacidad de movilizaci\u00f3n, la Asamblea Nacional Catalana, que consigui\u00f3 reunir a cientos de miles de catalanes, ha quedado reducida a piel y huesos y consigue poco m\u00e1s que reunir\u00e1 a unos cientos. El papel de Omnium siempre ha sido m\u00e1s de acompa\u00f1amiento, pero claro ahora hay poco que acompa\u00f1ar. Lo que ten\u00eda de ser la punta de lanza del independentismo, los CDR, est\u00e1n desaparecidos en combate. Seguramente algunos de sus componentes si vieron demasiado cerca como blanco de los ojos de las l\u00edneas enemigas, y prefirieron dejarlo todo para mejor ocasi\u00f3n. Algo parecido y en mayor medida es lo que ha sucedido con el Tsunami Democr\u00e0tic, que despu\u00e9s de unos inicios y espectaculares \u00e9xitos se esfumaron Resultado: el independentismo del proc\u00e9s es una v\u00eda pol\u00edticamente muerta que lo \u00fanico que consigue, para perjuicio de los catalanes, es justificar el mal Gobierno, hacer perder el tiempo y la ilusi\u00f3n a muchas personas.<\/p>\n","protected":false},"author":19,"featured_media":57773,"comment_status":"open","ping_status":"open","sticky":false,"template":"","format":"standard","meta":{"_FSMCFIC_featured_image_caption":"","_FSMCFIC_featured_image_nocaption":"","_FSMCFIC_featured_image_hide":"","footnotes":""},"categories":[796],"tags":[951,986,2535],"class_list":["post-57783","post","type-post","status-publish","format-standard","has-post-thumbnail","hentry","category-el-blog-de-josep-miro-i-ardevol-es","tag-independentisme-es","tag-independentismo-es","tag-proces-es"],"yoast_head":"<!-- This site is optimized with the Yoast SEO plugin v26.8 - https:\/\/yoast.com\/product\/yoast-seo-wordpress\/ -->\n<title>El independentismo del proc\u00e9s o la retirada de la Brigada Ligera - Converses a Catalunya<\/title>\n<meta name=\"description\" content=\"El independentismo del proc\u00e9s es una v\u00eda pol\u00edticamente muerta que lo \u00fanico que consigue hacer perder el tiempo y la ilusi\u00f3n a muchas personas\" \/>\n<meta name=\"robots\" content=\"index, follow, max-snippet:-1, max-image-preview:large, max-video-preview:-1\" \/>\n<link rel=\"canonical\" href=\"https:\/\/conversesacatalunya.cat\/es\/el-independentismo-del-proces-o-la-retirada-de-la-brigada-ligera\/\" \/>\n<meta property=\"og:locale\" content=\"es_ES\" \/>\n<meta property=\"og:type\" content=\"article\" \/>\n<meta property=\"og:title\" content=\"El independentismo del proc\u00e9s o la retirada de la Brigada Ligera - Converses a Catalunya\" \/>\n<meta property=\"og:description\" content=\"El independentismo del proc\u00e9s es una v\u00eda pol\u00edticamente muerta que lo \u00fanico que consigue hacer perder el tiempo y la ilusi\u00f3n a muchas personas\" \/>\n<meta property=\"og:url\" content=\"https:\/\/conversesacatalunya.cat\/es\/el-independentismo-del-proces-o-la-retirada-de-la-brigada-ligera\/\" \/>\n<meta property=\"og:site_name\" content=\"Converses a Catalunya\" \/>\n<meta property=\"article:published_time\" content=\"2022-05-20T08:56:16+00:00\" \/>\n<meta property=\"article:modified_time\" content=\"2022-05-20T09:27:33+00:00\" \/>\n<meta property=\"og:image\" content=\"https:\/\/conversesacatalunya.cat\/wp-content\/uploads\/2022\/05\/independentisme.jpg\" \/>\n\t<meta property=\"og:image:width\" content=\"800\" \/>\n\t<meta property=\"og:image:height\" content=\"538\" \/>\n\t<meta property=\"og:image:type\" content=\"image\/jpeg\" \/>\n<meta name=\"author\" content=\"Josep Mir\u00f3 i Ard\u00e8vol\" \/>\n<meta name=\"twitter:card\" content=\"summary_large_image\" \/>\n<meta name=\"twitter:label1\" content=\"Escrito por\" \/>\n\t<meta name=\"twitter:data1\" content=\"Josep Mir\u00f3 i Ard\u00e8vol\" \/>\n\t<meta name=\"twitter:label2\" content=\"Tiempo de lectura\" \/>\n\t<meta name=\"twitter:data2\" content=\"5 minutos\" \/>\n<script type=\"application\/ld+json\" class=\"yoast-schema-graph\">{\"@context\":\"https:\/\/schema.org\",\"@graph\":[{\"@type\":\"Article\",\"@id\":\"https:\/\/conversesacatalunya.cat\/es\/el-independentismo-del-proces-o-la-retirada-de-la-brigada-ligera\/#article\",\"isPartOf\":{\"@id\":\"https:\/\/conversesacatalunya.cat\/es\/el-independentismo-del-proces-o-la-retirada-de-la-brigada-ligera\/\"},\"author\":{\"name\":\"Josep Mir\u00f3 i Ard\u00e8vol\",\"@id\":\"https:\/\/conversesacatalunya.cat\/#\/schema\/person\/a9598a6786ba7d3d1c5e0de477b79370\"},\"headline\":\"El independentismo del proc\u00e9s o la retirada de la Brigada Ligera\",\"datePublished\":\"2022-05-20T08:56:16+00:00\",\"dateModified\":\"2022-05-20T09:27:33+00:00\",\"mainEntityOfPage\":{\"@id\":\"https:\/\/conversesacatalunya.cat\/es\/el-independentismo-del-proces-o-la-retirada-de-la-brigada-ligera\/\"},\"wordCount\":1005,\"commentCount\":0,\"image\":{\"@id\":\"https:\/\/conversesacatalunya.cat\/es\/el-independentismo-del-proces-o-la-retirada-de-la-brigada-ligera\/#primaryimage\"},\"thumbnailUrl\":\"https:\/\/conversesacatalunya.cat\/wp-content\/uploads\/2022\/05\/independentisme.jpg\",\"keywords\":[\"Independentisme\",\"Independentismo\",\"Proc\u00e9s\"],\"articleSection\":[\"El Blog de Josep Mir\u00f3 i Ard\u00e8vol (ES)\"],\"inLanguage\":\"es\",\"potentialAction\":[{\"@type\":\"CommentAction\",\"name\":\"Comment\",\"target\":[\"https:\/\/conversesacatalunya.cat\/es\/el-independentismo-del-proces-o-la-retirada-de-la-brigada-ligera\/#respond\"]}]},{\"@type\":\"WebPage\",\"@id\":\"https:\/\/conversesacatalunya.cat\/es\/el-independentismo-del-proces-o-la-retirada-de-la-brigada-ligera\/\",\"url\":\"https:\/\/conversesacatalunya.cat\/es\/el-independentismo-del-proces-o-la-retirada-de-la-brigada-ligera\/\",\"name\":\"El independentismo del proc\u00e9s o la retirada de la Brigada Ligera - Converses a Catalunya\",\"isPartOf\":{\"@id\":\"https:\/\/conversesacatalunya.cat\/#website\"},\"primaryImageOfPage\":{\"@id\":\"https:\/\/conversesacatalunya.cat\/es\/el-independentismo-del-proces-o-la-retirada-de-la-brigada-ligera\/#primaryimage\"},\"image\":{\"@id\":\"https:\/\/conversesacatalunya.cat\/es\/el-independentismo-del-proces-o-la-retirada-de-la-brigada-ligera\/#primaryimage\"},\"thumbnailUrl\":\"https:\/\/conversesacatalunya.cat\/wp-content\/uploads\/2022\/05\/independentisme.jpg\",\"datePublished\":\"2022-05-20T08:56:16+00:00\",\"dateModified\":\"2022-05-20T09:27:33+00:00\",\"author\":{\"@id\":\"https:\/\/conversesacatalunya.cat\/#\/schema\/person\/a9598a6786ba7d3d1c5e0de477b79370\"},\"description\":\"El independentismo del proc\u00e9s es una v\u00eda pol\u00edticamente muerta que lo \u00fanico que consigue hacer perder el tiempo y la ilusi\u00f3n a muchas personas\",\"breadcrumb\":{\"@id\":\"https:\/\/conversesacatalunya.cat\/es\/el-independentismo-del-proces-o-la-retirada-de-la-brigada-ligera\/#breadcrumb\"},\"inLanguage\":\"es\",\"potentialAction\":[{\"@type\":\"ReadAction\",\"target\":[\"https:\/\/conversesacatalunya.cat\/es\/el-independentismo-del-proces-o-la-retirada-de-la-brigada-ligera\/\"]}]},{\"@type\":\"ImageObject\",\"inLanguage\":\"es\",\"@id\":\"https:\/\/conversesacatalunya.cat\/es\/el-independentismo-del-proces-o-la-retirada-de-la-brigada-ligera\/#primaryimage\",\"url\":\"https:\/\/conversesacatalunya.cat\/wp-content\/uploads\/2022\/05\/independentisme.jpg\",\"contentUrl\":\"https:\/\/conversesacatalunya.cat\/wp-content\/uploads\/2022\/05\/independentisme.jpg\",\"width\":800,\"height\":538,\"caption\":\"Imatge a\u00e8ria de la manifestaci\u00f3 de la Diada a la Diagonal de Barcelona on es llegeix \\\"independ\u00e8ncia\\\" aquest 11 de setembre del 2018. Pla curt. (Vertical) 4640#Agencia ACN\"},{\"@type\":\"BreadcrumbList\",\"@id\":\"https:\/\/conversesacatalunya.cat\/es\/el-independentismo-del-proces-o-la-retirada-de-la-brigada-ligera\/#breadcrumb\",\"itemListElement\":[{\"@type\":\"ListItem\",\"position\":1,\"name\":\"Inici\",\"item\":\"https:\/\/conversesacatalunya.cat\/es\/\"},{\"@type\":\"ListItem\",\"position\":2,\"name\":\"El independentismo del proc\u00e9s o la retirada de la Brigada Ligera\"}]},{\"@type\":\"WebSite\",\"@id\":\"https:\/\/conversesacatalunya.cat\/#website\",\"url\":\"https:\/\/conversesacatalunya.cat\/\",\"name\":\"Converses a Catalunya\",\"description\":\"\",\"potentialAction\":[{\"@type\":\"SearchAction\",\"target\":{\"@type\":\"EntryPoint\",\"urlTemplate\":\"https:\/\/conversesacatalunya.cat\/?s={search_term_string}\"},\"query-input\":{\"@type\":\"PropertyValueSpecification\",\"valueRequired\":true,\"valueName\":\"search_term_string\"}}],\"inLanguage\":\"es\"},{\"@type\":\"Person\",\"@id\":\"https:\/\/conversesacatalunya.cat\/#\/schema\/person\/a9598a6786ba7d3d1c5e0de477b79370\",\"name\":\"Josep Mir\u00f3 i Ard\u00e8vol\",\"image\":{\"@type\":\"ImageObject\",\"inLanguage\":\"es\",\"@id\":\"https:\/\/conversesacatalunya.cat\/#\/schema\/person\/image\/\",\"url\":\"https:\/\/conversesacatalunya.cat\/wp-content\/litespeed\/avatar\/c37e3dc881857483d6694cdf98fdedea.jpg?ver=1777270381\",\"contentUrl\":\"https:\/\/conversesacatalunya.cat\/wp-content\/litespeed\/avatar\/c37e3dc881857483d6694cdf98fdedea.jpg?ver=1777270381\",\"caption\":\"Josep Mir\u00f3 i Ard\u00e8vol\"},\"url\":\"https:\/\/conversesacatalunya.cat\/es\/author\/josep-miro-i-ardevol\/\"}]}<\/script>\n<!-- \/ Yoast SEO plugin. -->","yoast_head_json":{"title":"El independentismo del proc\u00e9s o la retirada de la Brigada Ligera - Converses a Catalunya","description":"El independentismo del proc\u00e9s es una v\u00eda pol\u00edticamente muerta que lo \u00fanico que consigue hacer perder el tiempo y la ilusi\u00f3n a muchas personas","robots":{"index":"index","follow":"follow","max-snippet":"max-snippet:-1","max-image-preview":"max-image-preview:large","max-video-preview":"max-video-preview:-1"},"canonical":"https:\/\/conversesacatalunya.cat\/es\/el-independentismo-del-proces-o-la-retirada-de-la-brigada-ligera\/","og_locale":"es_ES","og_type":"article","og_title":"El independentismo del proc\u00e9s o la retirada de la Brigada Ligera - Converses a Catalunya","og_description":"El independentismo del proc\u00e9s es una v\u00eda pol\u00edticamente muerta que lo \u00fanico que consigue hacer perder el tiempo y la ilusi\u00f3n a muchas personas","og_url":"https:\/\/conversesacatalunya.cat\/es\/el-independentismo-del-proces-o-la-retirada-de-la-brigada-ligera\/","og_site_name":"Converses a Catalunya","article_published_time":"2022-05-20T08:56:16+00:00","article_modified_time":"2022-05-20T09:27:33+00:00","og_image":[{"width":800,"height":538,"url":"https:\/\/conversesacatalunya.cat\/wp-content\/uploads\/2022\/05\/independentisme.jpg","type":"image\/jpeg"}],"author":"Josep Mir\u00f3 i Ard\u00e8vol","twitter_card":"summary_large_image","twitter_misc":{"Escrito por":"Josep Mir\u00f3 i Ard\u00e8vol","Tiempo de lectura":"5 minutos"},"schema":{"@context":"https:\/\/schema.org","@graph":[{"@type":"Article","@id":"https:\/\/conversesacatalunya.cat\/es\/el-independentismo-del-proces-o-la-retirada-de-la-brigada-ligera\/#article","isPartOf":{"@id":"https:\/\/conversesacatalunya.cat\/es\/el-independentismo-del-proces-o-la-retirada-de-la-brigada-ligera\/"},"author":{"name":"Josep Mir\u00f3 i Ard\u00e8vol","@id":"https:\/\/conversesacatalunya.cat\/#\/schema\/person\/a9598a6786ba7d3d1c5e0de477b79370"},"headline":"El independentismo del proc\u00e9s o la retirada de la Brigada Ligera","datePublished":"2022-05-20T08:56:16+00:00","dateModified":"2022-05-20T09:27:33+00:00","mainEntityOfPage":{"@id":"https:\/\/conversesacatalunya.cat\/es\/el-independentismo-del-proces-o-la-retirada-de-la-brigada-ligera\/"},"wordCount":1005,"commentCount":0,"image":{"@id":"https:\/\/conversesacatalunya.cat\/es\/el-independentismo-del-proces-o-la-retirada-de-la-brigada-ligera\/#primaryimage"},"thumbnailUrl":"https:\/\/conversesacatalunya.cat\/wp-content\/uploads\/2022\/05\/independentisme.jpg","keywords":["Independentisme","Independentismo","Proc\u00e9s"],"articleSection":["El Blog de Josep Mir\u00f3 i Ard\u00e8vol (ES)"],"inLanguage":"es","potentialAction":[{"@type":"CommentAction","name":"Comment","target":["https:\/\/conversesacatalunya.cat\/es\/el-independentismo-del-proces-o-la-retirada-de-la-brigada-ligera\/#respond"]}]},{"@type":"WebPage","@id":"https:\/\/conversesacatalunya.cat\/es\/el-independentismo-del-proces-o-la-retirada-de-la-brigada-ligera\/","url":"https:\/\/conversesacatalunya.cat\/es\/el-independentismo-del-proces-o-la-retirada-de-la-brigada-ligera\/","name":"El independentismo del proc\u00e9s o la retirada de la Brigada Ligera - Converses a Catalunya","isPartOf":{"@id":"https:\/\/conversesacatalunya.cat\/#website"},"primaryImageOfPage":{"@id":"https:\/\/conversesacatalunya.cat\/es\/el-independentismo-del-proces-o-la-retirada-de-la-brigada-ligera\/#primaryimage"},"image":{"@id":"https:\/\/conversesacatalunya.cat\/es\/el-independentismo-del-proces-o-la-retirada-de-la-brigada-ligera\/#primaryimage"},"thumbnailUrl":"https:\/\/conversesacatalunya.cat\/wp-content\/uploads\/2022\/05\/independentisme.jpg","datePublished":"2022-05-20T08:56:16+00:00","dateModified":"2022-05-20T09:27:33+00:00","author":{"@id":"https:\/\/conversesacatalunya.cat\/#\/schema\/person\/a9598a6786ba7d3d1c5e0de477b79370"},"description":"El independentismo del proc\u00e9s es una v\u00eda pol\u00edticamente muerta que lo \u00fanico que consigue hacer perder el tiempo y la ilusi\u00f3n a muchas personas","breadcrumb":{"@id":"https:\/\/conversesacatalunya.cat\/es\/el-independentismo-del-proces-o-la-retirada-de-la-brigada-ligera\/#breadcrumb"},"inLanguage":"es","potentialAction":[{"@type":"ReadAction","target":["https:\/\/conversesacatalunya.cat\/es\/el-independentismo-del-proces-o-la-retirada-de-la-brigada-ligera\/"]}]},{"@type":"ImageObject","inLanguage":"es","@id":"https:\/\/conversesacatalunya.cat\/es\/el-independentismo-del-proces-o-la-retirada-de-la-brigada-ligera\/#primaryimage","url":"https:\/\/conversesacatalunya.cat\/wp-content\/uploads\/2022\/05\/independentisme.jpg","contentUrl":"https:\/\/conversesacatalunya.cat\/wp-content\/uploads\/2022\/05\/independentisme.jpg","width":800,"height":538,"caption":"Imatge a\u00e8ria de la manifestaci\u00f3 de la Diada a la Diagonal de Barcelona on es llegeix \"independ\u00e8ncia\" aquest 11 de setembre del 2018. Pla curt. (Vertical) 4640#Agencia ACN"},{"@type":"BreadcrumbList","@id":"https:\/\/conversesacatalunya.cat\/es\/el-independentismo-del-proces-o-la-retirada-de-la-brigada-ligera\/#breadcrumb","itemListElement":[{"@type":"ListItem","position":1,"name":"Inici","item":"https:\/\/conversesacatalunya.cat\/es\/"},{"@type":"ListItem","position":2,"name":"El independentismo del proc\u00e9s o la retirada de la Brigada Ligera"}]},{"@type":"WebSite","@id":"https:\/\/conversesacatalunya.cat\/#website","url":"https:\/\/conversesacatalunya.cat\/","name":"Converses a Catalunya","description":"","potentialAction":[{"@type":"SearchAction","target":{"@type":"EntryPoint","urlTemplate":"https:\/\/conversesacatalunya.cat\/?s={search_term_string}"},"query-input":{"@type":"PropertyValueSpecification","valueRequired":true,"valueName":"search_term_string"}}],"inLanguage":"es"},{"@type":"Person","@id":"https:\/\/conversesacatalunya.cat\/#\/schema\/person\/a9598a6786ba7d3d1c5e0de477b79370","name":"Josep Mir\u00f3 i Ard\u00e8vol","image":{"@type":"ImageObject","inLanguage":"es","@id":"https:\/\/conversesacatalunya.cat\/#\/schema\/person\/image\/","url":"https:\/\/conversesacatalunya.cat\/wp-content\/litespeed\/avatar\/c37e3dc881857483d6694cdf98fdedea.jpg?ver=1777270381","contentUrl":"https:\/\/conversesacatalunya.cat\/wp-content\/litespeed\/avatar\/c37e3dc881857483d6694cdf98fdedea.jpg?ver=1777270381","caption":"Josep Mir\u00f3 i Ard\u00e8vol"},"url":"https:\/\/conversesacatalunya.cat\/es\/author\/josep-miro-i-ardevol\/"}]}},"wps_subtitle":"el independentismo del proc\u00e9s es una v\u00eda pol\u00edticamente muerta que lo \u00fanico que consigue, para perjuicio de los catalanes, es justificar el mal Gobierno, hacer perder el tiempo y la ilusi\u00f3n a muchas personas","_links":{"self":[{"href":"https:\/\/conversesacatalunya.cat\/es\/wp-json\/wp\/v2\/posts\/57783","targetHints":{"allow":["GET"]}}],"collection":[{"href":"https:\/\/conversesacatalunya.cat\/es\/wp-json\/wp\/v2\/posts"}],"about":[{"href":"https:\/\/conversesacatalunya.cat\/es\/wp-json\/wp\/v2\/types\/post"}],"author":[{"embeddable":true,"href":"https:\/\/conversesacatalunya.cat\/es\/wp-json\/wp\/v2\/users\/19"}],"replies":[{"embeddable":true,"href":"https:\/\/conversesacatalunya.cat\/es\/wp-json\/wp\/v2\/comments?post=57783"}],"version-history":[{"count":3,"href":"https:\/\/conversesacatalunya.cat\/es\/wp-json\/wp\/v2\/posts\/57783\/revisions"}],"predecessor-version":[{"id":57792,"href":"https:\/\/conversesacatalunya.cat\/es\/wp-json\/wp\/v2\/posts\/57783\/revisions\/57792"}],"wp:featuredmedia":[{"embeddable":true,"href":"https:\/\/conversesacatalunya.cat\/es\/wp-json\/wp\/v2\/media\/57773"}],"wp:attachment":[{"href":"https:\/\/conversesacatalunya.cat\/es\/wp-json\/wp\/v2\/media?parent=57783"}],"wp:term":[{"taxonomy":"category","embeddable":true,"href":"https:\/\/conversesacatalunya.cat\/es\/wp-json\/wp\/v2\/categories?post=57783"},{"taxonomy":"post_tag","embeddable":true,"href":"https:\/\/conversesacatalunya.cat\/es\/wp-json\/wp\/v2\/tags?post=57783"}],"curies":[{"name":"wp","href":"https:\/\/api.w.org\/{rel}","templated":true}]}}