{"id":57590,"date":"2022-05-13T11:57:16","date_gmt":"2022-05-13T09:57:16","guid":{"rendered":"https:\/\/conversesacatalunya.cat\/joves-suicidis-i-violencia-un-fracas-collectiu\/"},"modified":"2022-05-13T12:03:10","modified_gmt":"2022-05-13T10:03:10","slug":"jovenes-suicidios-y-violencia-un-fracaso-colectivo","status":"publish","type":"post","link":"https:\/\/conversesacatalunya.cat\/es\/jovenes-suicidios-y-violencia-un-fracaso-colectivo\/","title":{"rendered":"J\u00f3venes, suicidios y violencia: un fracaso colectivo"},"content":{"rendered":"<p><span>Hay que decirlo de entrada: hablamos de j\u00f3venes, pero ni mucho menos de todos, sino de la existencia de tendencias dentro de su grupo, preocupantes por negativas, y que afectan a un grueso limitado de sus miembros. Por tanto, no es una caracterizaci\u00f3n de la juventud como tal, sino la\u00a0<\/span><strong><span>identificaci\u00f3n\u00a0<\/span><\/strong><strong><span> de comportamientos muy adversos que se dan en algunos de ellos<\/span><\/strong><span>.<\/span><\/p>\n<p><span>Uno de estos comportamientos es la\u00a0<\/span><strong><span>conducta suicida<\/span><\/strong><span>.\u00a0Seg\u00fan el INE, en 2020 se suicidaron 3.941 personas, de las cuales 300 eran j\u00f3venes.\u00a0Cada vez son m\u00e1s los adolescentes que expresan deseos de morir, lo comunican o hacen un intento de suicidio.<\/span><\/p>\n<p><span>En un estudio\u00a0<\/span><em><a href=\"https:\/\/scielo.isciii.es\/scielo.php?script%3Dsci_arttext%26pid%3DS0214-78232020000200106\" target=\"_blank\" rel=\"noopener\"><span>Evaluaci\u00f3n de la conducta suicida en adolescentes: a prop\u00f3sito de la Escala Paykel del suicidio<\/span><\/a><\/em><span> se puede decir que cerca de 18% de la muestra hab\u00eda pensado en quitarse la vida, considerando que muchos de estos no ten\u00edan ning\u00fan plan y era solo una idea que seguramente nunca van a llevar a cabo.\u00a0Pero el problema es evidente que est\u00e1 ah\u00ed y que expresa un hecho que s\u00ed debe llamar la atenci\u00f3n.\u00a0Es la existencia de la sensaci\u00f3n de frustraci\u00f3n o, m\u00e1s a\u00fan, de gran dolor entre una parte de la poblaci\u00f3n joven, cuyo consecuencia es estos pensamientos o conductas suicidas.<\/span><\/p>\n<p><span>Asimismo, los datos del INE reflejan que la\u00a0<\/span><strong><span>violencia en general y la violencia sexual crece entre la gente joven<\/span><\/strong><span>.\u00a0Se ha convertido en un episodio ya integrado en la normalidad, cuando no deber\u00eda ser as\u00ed, las peleas que se producen en las discotecas y sobre todo a la salida de \u00e9stas los viernes y fines de semana. Y tambi\u00e9n crece la violencia de los j\u00f3venes en relaci\u00f3n a las chicas.\u00a0La comparaci\u00f3n de 2020 con 2021 se\u00f1ala que all\u00ed donde ha crecido m\u00e1s es en los j\u00f3venes menores de 18 a\u00f1os y de 18 a 19, si bien cabe decir que el grueso de afectados es de los menos numerosos.<\/span><\/p>\n<p><span>Pero, atenci\u00f3n, porque en 2021, la violencia sexual y de agresi\u00f3n a la mujer por parte de j\u00f3venes menores de 18 a\u00f1os, con 661 casos, es significativamente mayor que la de los mayores de 60 a 64, que es de 447 casos. Y algo parecido ocurre entre los j\u00f3venes de 18 a 19 a\u00f1os (995 casos) y los de 55 a 59 a\u00f1os (872 casos), con el agravante de que estamos comparando el per\u00edodo de 1 a\u00f1o de edad en el caso de los j\u00f3venes, con 5 a\u00f1os en el caso de los mayores. Aqu\u00ed habr\u00eda un punto de reflexi\u00f3n porque todos estos j\u00f3venes y quienes les siguen en edad han sido educados en las\u00a0<\/span><strong><span>pol\u00edticas de g\u00e9nero<\/span><\/strong><span>\u00a0hasta momentos asfixiantes.\u00a0<span class=\"goog-text-highlight\">Mientras que a la gente de m\u00e1s de 50 a\u00f1os todo esto les ha cogido con una cultura y unos comportamientos muy solidificados por la edad y, por tanto, menos moldeables por la nueva ideolog\u00eda del estado y de la Generalitat.<\/span><\/span><\/p>\n<p><span>El grosor donde se concentran estas violencias en cantidad se sit\u00faa en la franja de 35 a 39, donde se produjeron m\u00e1s de 5.000 casos, seguido por el grupo de edad precedente de 30 a 34 a\u00f1os (4.671) y el subsiguiente de 40 a 44 a\u00f1os (4.516).\u00a0La gr\u00e1fica que describe el n\u00famero de delitos es muy clara, se inicia con fuerza desde los 18 a\u00f1os, va creciendo hasta llegar al m\u00e1ximo en el grupo de 35 a 39 y experimenta una radical disminuci\u00f3n a partir de los varones de 50 a\u00f1os, es es decir, los m\u00e1s alejados del adoctrinamiento de g\u00e9nero.<\/span><\/p>\n<p><span>Todo esto deber\u00eda hacer reflexionar y mucho a los gobiernos, a los partidos pol\u00edticos y a las instituciones de la sociedad porque lo que hacen es se\u00f1alar que las pol\u00edticas y culturas que hoy en d\u00eda mandan est\u00e1n creando un serio <\/span><strong><span>destrozo en la juventud<\/span><\/strong><span>.\u00a0Basta con ver los datos y su evoluci\u00f3n.<\/span><\/p>\n<div id=\"polls-151\" class=\"wp-polls\">\n\t<form id=\"polls_form_151\" class=\"wp-polls-form\" action=\"\/index.php\" method=\"post\">\n\t\t<p style=\"display: none;\"><input type=\"hidden\" id=\"poll_151_nonce\" name=\"wp-polls-nonce\" value=\"643340e0d9\" \/><\/p>\n\t\t<p style=\"display: none;\"><input type=\"hidden\" name=\"poll_id\" value=\"151\" \/><\/p>\n\t\t<p style=\"text-align: center\"><strong>Aguantar\u00e0 el govern de S\u00e1nchez fins al final del seu mandat?<\/strong><\/p><div id=\"polls-151-ans\" class=\"wp-polls-ans\"><ul class=\"wp-polls-ul\">\n\t\t<li><input type=\"radio\" id=\"poll-answer-392\" name=\"poll_151\" value=\"392\" \/> <label for=\"poll-answer-392\">S\u00ed<\/label><\/li>\n\t\t<li><input type=\"radio\" id=\"poll-answer-393\" name=\"poll_151\" value=\"393\" \/> <label for=\"poll-answer-393\">No<\/label><\/li>\n\t\t<li><input type=\"radio\" id=\"poll-answer-394\" name=\"poll_151\" value=\"394\" \/> <label for=\"poll-answer-394\">No ho s\u00e9<\/label><\/li>\n\t\t<\/ul><p style=\"text-align: center\"><input type=\"button\" name=\"vote\" value=\"   Vota   \" class=\"Buttons\" onclick=\"poll_vote(151);\" \/><\/p><p style=\"text-align: center\"><a href=\"#ViewPollResults\" onclick=\"poll_result(151); return false;\" title=\"View Results Of This Poll\">Mira els resultats<\/a><\/p><\/div>\n\t<\/form>\n<\/div>\n<div id=\"polls-151-loading\" class=\"wp-polls-loading\"><img decoding=\"async\" data-src=\"https:\/\/conversesacatalunya.cat\/wp-content\/plugins\/wp-polls\/images\/loading.gif\" width=\"16\" height=\"16\" alt=\"Cargando ...\" title=\"Cargando ...\" class=\"wp-polls-image lazyload\" src=\"data:image\/svg+xml;base64,PHN2ZyB3aWR0aD0iMSIgaGVpZ2h0PSIxIiB4bWxucz0iaHR0cDovL3d3dy53My5vcmcvMjAwMC9zdmciPjwvc3ZnPg==\" style=\"--smush-placeholder-width: 16px; --smush-placeholder-aspect-ratio: 16\/16;\" \/>&nbsp;Cargando ...<\/div>\n\n","protected":false},"excerpt":{"rendered":"<p>Hay que decirlo de entrada: hablamos de j\u00f3venes, pero ni mucho menos de todos, sino de la existencia de tendencias dentro de su grupo, preocupantes por negativas, y que afectan a un grueso limitado de sus miembros. Por tanto, no es una caracterizaci\u00f3n de la juventud como tal, sino la\u00a0identificaci\u00f3n\u00a0 de comportamientos muy adversos que se dan en algunos de ellos. Uno de estos comportamientos es la\u00a0conducta suicida.\u00a0Seg\u00fan el INE, en 2020 se suicidaron 3.941 personas, de las cuales 300 eran j\u00f3venes.\u00a0Cada vez son m\u00e1s los adolescentes que expresan deseos de morir, lo comunican o hacen un intento de suicidio. En un estudio\u00a0Evaluaci\u00f3n de la conducta suicida en adolescentes: a prop\u00f3sito de la Escala Paykel del suicidio se puede decir que cerca de 18% de la muestra hab\u00eda pensado en quitarse la vida, considerando que muchos de estos no ten\u00edan ning\u00fan plan y era solo una idea que seguramente nunca van a llevar a cabo.\u00a0Pero el problema es evidente que est\u00e1 ah\u00ed y que expresa un hecho que s\u00ed debe llamar la atenci\u00f3n.\u00a0Es la existencia de la sensaci\u00f3n de frustraci\u00f3n o, m\u00e1s a\u00fan, de gran dolor entre una parte de la poblaci\u00f3n joven, cuyo consecuencia es estos pensamientos o conductas suicidas. Asimismo, los datos del INE reflejan que la\u00a0violencia en general y la violencia sexual crece entre la gente joven.\u00a0Se ha convertido en un episodio ya integrado en la normalidad, cuando no deber\u00eda ser as\u00ed, las peleas que se producen en las discotecas y sobre todo a la salida de \u00e9stas los viernes y fines de semana. Y tambi\u00e9n crece la violencia de los j\u00f3venes en relaci\u00f3n a las chicas.\u00a0La comparaci\u00f3n de 2020 con 2021 se\u00f1ala que all\u00ed donde ha crecido m\u00e1s es en los j\u00f3venes menores de 18 a\u00f1os y de 18 a 19, si bien cabe decir que el grueso de afectados es de los menos numerosos. Pero, atenci\u00f3n, porque en 2021, la violencia sexual y de agresi\u00f3n a la mujer por parte de j\u00f3venes menores de 18 a\u00f1os, con 661 casos, es significativamente mayor que la de los mayores de 60 a 64, que es de 447 casos. Y algo parecido ocurre entre los j\u00f3venes de 18 a 19 a\u00f1os (995 casos) y los de 55 a 59 a\u00f1os (872 casos), con el agravante de que estamos comparando el per\u00edodo de 1 a\u00f1o de edad en el caso de los j\u00f3venes, con 5 a\u00f1os en el caso de los mayores. Aqu\u00ed habr\u00eda un punto de reflexi\u00f3n porque todos estos j\u00f3venes y quienes les siguen en edad han sido educados en las\u00a0pol\u00edticas de g\u00e9nero\u00a0hasta momentos asfixiantes.\u00a0Mientras que a la gente de m\u00e1s de 50 a\u00f1os todo esto les ha cogido con una cultura y unos comportamientos muy solidificados por la edad y, por tanto, menos moldeables por la nueva ideolog\u00eda del estado y de la Generalitat. El grosor donde se concentran estas violencias en cantidad se sit\u00faa en la franja de 35 a 39, donde se produjeron m\u00e1s de 5.000 casos, seguido por el grupo de edad precedente de 30 a 34 a\u00f1os (4.671) y el subsiguiente de 40 a 44 a\u00f1os (4.516).\u00a0La gr\u00e1fica que describe el n\u00famero de delitos es muy clara, se inicia con fuerza desde los 18 a\u00f1os, va creciendo hasta llegar al m\u00e1ximo en el grupo de 35 a 39 y experimenta una radical disminuci\u00f3n a partir de los varones de 50 a\u00f1os, es es decir, los m\u00e1s alejados del adoctrinamiento de g\u00e9nero. Todo esto deber\u00eda hacer reflexionar y mucho a los gobiernos, a los partidos pol\u00edticos y a las instituciones de la sociedad porque lo que hacen es se\u00f1alar que las pol\u00edticas y culturas que hoy en d\u00eda mandan est\u00e1n creando un serio destrozo en la juventud.\u00a0Basta con ver los datos y su evoluci\u00f3n.<\/p>\n","protected":false},"author":2,"featured_media":57587,"comment_status":"open","ping_status":"open","sticky":false,"template":"","format":"standard","meta":{"_FSMCFIC_featured_image_caption":"","_FSMCFIC_featured_image_nocaption":"","_FSMCFIC_featured_image_hide":"","footnotes":""},"categories":[806],"tags":[1013,2759,4500,1609],"class_list":["post-57590","post","type-post","status-publish","format-standard","has-post-thumbnail","hentry","category-punts-claus-del-dia-es","tag-joventut-es","tag-juventud","tag-suicidi-es","tag-suicidios"],"yoast_head":"<!-- This site is optimized with the Yoast SEO plugin v26.8 - https:\/\/yoast.com\/product\/yoast-seo-wordpress\/ -->\n<title>J\u00f3venes, suicidios y violencia: un fracaso colectivo - Converses a Catalunya<\/title>\n<meta name=\"robots\" content=\"index, follow, max-snippet:-1, max-image-preview:large, max-video-preview:-1\" \/>\n<link rel=\"canonical\" href=\"https:\/\/conversesacatalunya.cat\/es\/jovenes-suicidios-y-violencia-un-fracaso-colectivo\/\" \/>\n<meta property=\"og:locale\" content=\"es_ES\" \/>\n<meta property=\"og:type\" content=\"article\" \/>\n<meta property=\"og:title\" content=\"J\u00f3venes, suicidios y violencia: un fracaso colectivo - Converses a Catalunya\" \/>\n<meta property=\"og:description\" content=\"Hay que decirlo de entrada: hablamos de j\u00f3venes, pero ni mucho menos de todos, sino de la existencia de tendencias dentro de su grupo, preocupantes por negativas, y que afectan a un grueso limitado de sus miembros. Por tanto, no es una caracterizaci\u00f3n de la juventud como tal, sino la\u00a0identificaci\u00f3n\u00a0 de comportamientos muy adversos que se dan en algunos de ellos. Uno de estos comportamientos es la\u00a0conducta suicida.\u00a0Seg\u00fan el INE, en 2020 se suicidaron 3.941 personas, de las cuales 300 eran j\u00f3venes.\u00a0Cada vez son m\u00e1s los adolescentes que expresan deseos de morir, lo comunican o hacen un intento de suicidio. En un estudio\u00a0Evaluaci\u00f3n de la conducta suicida en adolescentes: a prop\u00f3sito de la Escala Paykel del suicidio se puede decir que cerca de 18% de la muestra hab\u00eda pensado en quitarse la vida, considerando que muchos de estos no ten\u00edan ning\u00fan plan y era solo una idea que seguramente nunca van a llevar a cabo.\u00a0Pero el problema es evidente que est\u00e1 ah\u00ed y que expresa un hecho que s\u00ed debe llamar la atenci\u00f3n.\u00a0Es la existencia de la sensaci\u00f3n de frustraci\u00f3n o, m\u00e1s a\u00fan, de gran dolor entre una parte de la poblaci\u00f3n joven, cuyo consecuencia es estos pensamientos o conductas suicidas. Asimismo, los datos del INE reflejan que la\u00a0violencia en general y la violencia sexual crece entre la gente joven.\u00a0Se ha convertido en un episodio ya integrado en la normalidad, cuando no deber\u00eda ser as\u00ed, las peleas que se producen en las discotecas y sobre todo a la salida de \u00e9stas los viernes y fines de semana. Y tambi\u00e9n crece la violencia de los j\u00f3venes en relaci\u00f3n a las chicas.\u00a0La comparaci\u00f3n de 2020 con 2021 se\u00f1ala que all\u00ed donde ha crecido m\u00e1s es en los j\u00f3venes menores de 18 a\u00f1os y de 18 a 19, si bien cabe decir que el grueso de afectados es de los menos numerosos. Pero, atenci\u00f3n, porque en 2021, la violencia sexual y de agresi\u00f3n a la mujer por parte de j\u00f3venes menores de 18 a\u00f1os, con 661 casos, es significativamente mayor que la de los mayores de 60 a 64, que es de 447 casos. Y algo parecido ocurre entre los j\u00f3venes de 18 a 19 a\u00f1os (995 casos) y los de 55 a 59 a\u00f1os (872 casos), con el agravante de que estamos comparando el per\u00edodo de 1 a\u00f1o de edad en el caso de los j\u00f3venes, con 5 a\u00f1os en el caso de los mayores. Aqu\u00ed habr\u00eda un punto de reflexi\u00f3n porque todos estos j\u00f3venes y quienes les siguen en edad han sido educados en las\u00a0pol\u00edticas de g\u00e9nero\u00a0hasta momentos asfixiantes.\u00a0Mientras que a la gente de m\u00e1s de 50 a\u00f1os todo esto les ha cogido con una cultura y unos comportamientos muy solidificados por la edad y, por tanto, menos moldeables por la nueva ideolog\u00eda del estado y de la Generalitat. El grosor donde se concentran estas violencias en cantidad se sit\u00faa en la franja de 35 a 39, donde se produjeron m\u00e1s de 5.000 casos, seguido por el grupo de edad precedente de 30 a 34 a\u00f1os (4.671) y el subsiguiente de 40 a 44 a\u00f1os (4.516).\u00a0La gr\u00e1fica que describe el n\u00famero de delitos es muy clara, se inicia con fuerza desde los 18 a\u00f1os, va creciendo hasta llegar al m\u00e1ximo en el grupo de 35 a 39 y experimenta una radical disminuci\u00f3n a partir de los varones de 50 a\u00f1os, es es decir, los m\u00e1s alejados del adoctrinamiento de g\u00e9nero. Todo esto deber\u00eda hacer reflexionar y mucho a los gobiernos, a los partidos pol\u00edticos y a las instituciones de la sociedad porque lo que hacen es se\u00f1alar que las pol\u00edticas y culturas que hoy en d\u00eda mandan est\u00e1n creando un serio destrozo en la juventud.\u00a0Basta con ver los datos y su evoluci\u00f3n.\" \/>\n<meta property=\"og:url\" content=\"https:\/\/conversesacatalunya.cat\/es\/jovenes-suicidios-y-violencia-un-fracaso-colectivo\/\" \/>\n<meta property=\"og:site_name\" content=\"Converses a Catalunya\" \/>\n<meta property=\"article:published_time\" content=\"2022-05-13T09:57:16+00:00\" \/>\n<meta property=\"article:modified_time\" content=\"2022-05-13T10:03:10+00:00\" \/>\n<meta property=\"og:image\" content=\"https:\/\/conversesacatalunya.cat\/wp-content\/uploads\/2022\/05\/suicidio.jpg\" \/>\n\t<meta property=\"og:image:width\" content=\"736\" \/>\n\t<meta property=\"og:image:height\" content=\"414\" \/>\n\t<meta property=\"og:image:type\" content=\"image\/jpeg\" \/>\n<meta name=\"author\" content=\"conversesacatalunya\" \/>\n<meta name=\"twitter:card\" content=\"summary_large_image\" \/>\n<meta name=\"twitter:label1\" content=\"Escrito por\" \/>\n\t<meta name=\"twitter:data1\" content=\"conversesacatalunya\" \/>\n\t<meta name=\"twitter:label2\" content=\"Tiempo de lectura\" \/>\n\t<meta name=\"twitter:data2\" content=\"3 minutos\" \/>\n<script type=\"application\/ld+json\" class=\"yoast-schema-graph\">{\"@context\":\"https:\/\/schema.org\",\"@graph\":[{\"@type\":\"Article\",\"@id\":\"https:\/\/conversesacatalunya.cat\/es\/jovenes-suicidios-y-violencia-un-fracaso-colectivo\/#article\",\"isPartOf\":{\"@id\":\"https:\/\/conversesacatalunya.cat\/es\/jovenes-suicidios-y-violencia-un-fracaso-colectivo\/\"},\"author\":{\"name\":\"conversesacatalunya\",\"@id\":\"https:\/\/conversesacatalunya.cat\/#\/schema\/person\/7e24d1e54a2785373ddcb275eae5ed99\"},\"headline\":\"J\u00f3venes, suicidios y violencia: un fracaso colectivo\",\"datePublished\":\"2022-05-13T09:57:16+00:00\",\"dateModified\":\"2022-05-13T10:03:10+00:00\",\"mainEntityOfPage\":{\"@id\":\"https:\/\/conversesacatalunya.cat\/es\/jovenes-suicidios-y-violencia-un-fracaso-colectivo\/\"},\"wordCount\":673,\"commentCount\":0,\"image\":{\"@id\":\"https:\/\/conversesacatalunya.cat\/es\/jovenes-suicidios-y-violencia-un-fracaso-colectivo\/#primaryimage\"},\"thumbnailUrl\":\"https:\/\/conversesacatalunya.cat\/wp-content\/uploads\/2022\/05\/suicidio.jpg\",\"keywords\":[\"joventut\",\"juventud\",\"Su\u00efcidi\",\"suicidios\"],\"articleSection\":[\"Punts clau del dia (ES)\"],\"inLanguage\":\"es\",\"potentialAction\":[{\"@type\":\"CommentAction\",\"name\":\"Comment\",\"target\":[\"https:\/\/conversesacatalunya.cat\/es\/jovenes-suicidios-y-violencia-un-fracaso-colectivo\/#respond\"]}]},{\"@type\":\"WebPage\",\"@id\":\"https:\/\/conversesacatalunya.cat\/es\/jovenes-suicidios-y-violencia-un-fracaso-colectivo\/\",\"url\":\"https:\/\/conversesacatalunya.cat\/es\/jovenes-suicidios-y-violencia-un-fracaso-colectivo\/\",\"name\":\"J\u00f3venes, suicidios y violencia: un fracaso colectivo - Converses a Catalunya\",\"isPartOf\":{\"@id\":\"https:\/\/conversesacatalunya.cat\/#website\"},\"primaryImageOfPage\":{\"@id\":\"https:\/\/conversesacatalunya.cat\/es\/jovenes-suicidios-y-violencia-un-fracaso-colectivo\/#primaryimage\"},\"image\":{\"@id\":\"https:\/\/conversesacatalunya.cat\/es\/jovenes-suicidios-y-violencia-un-fracaso-colectivo\/#primaryimage\"},\"thumbnailUrl\":\"https:\/\/conversesacatalunya.cat\/wp-content\/uploads\/2022\/05\/suicidio.jpg\",\"datePublished\":\"2022-05-13T09:57:16+00:00\",\"dateModified\":\"2022-05-13T10:03:10+00:00\",\"author\":{\"@id\":\"https:\/\/conversesacatalunya.cat\/#\/schema\/person\/7e24d1e54a2785373ddcb275eae5ed99\"},\"breadcrumb\":{\"@id\":\"https:\/\/conversesacatalunya.cat\/es\/jovenes-suicidios-y-violencia-un-fracaso-colectivo\/#breadcrumb\"},\"inLanguage\":\"es\",\"potentialAction\":[{\"@type\":\"ReadAction\",\"target\":[\"https:\/\/conversesacatalunya.cat\/es\/jovenes-suicidios-y-violencia-un-fracaso-colectivo\/\"]}]},{\"@type\":\"ImageObject\",\"inLanguage\":\"es\",\"@id\":\"https:\/\/conversesacatalunya.cat\/es\/jovenes-suicidios-y-violencia-un-fracaso-colectivo\/#primaryimage\",\"url\":\"https:\/\/conversesacatalunya.cat\/wp-content\/uploads\/2022\/05\/suicidio.jpg\",\"contentUrl\":\"https:\/\/conversesacatalunya.cat\/wp-content\/uploads\/2022\/05\/suicidio.jpg\",\"width\":736,\"height\":414,\"caption\":\"Su\u00efcidis joves\"},{\"@type\":\"BreadcrumbList\",\"@id\":\"https:\/\/conversesacatalunya.cat\/es\/jovenes-suicidios-y-violencia-un-fracaso-colectivo\/#breadcrumb\",\"itemListElement\":[{\"@type\":\"ListItem\",\"position\":1,\"name\":\"Inici\",\"item\":\"https:\/\/conversesacatalunya.cat\/es\/\"},{\"@type\":\"ListItem\",\"position\":2,\"name\":\"J\u00f3venes, suicidios y violencia: un fracaso colectivo\"}]},{\"@type\":\"WebSite\",\"@id\":\"https:\/\/conversesacatalunya.cat\/#website\",\"url\":\"https:\/\/conversesacatalunya.cat\/\",\"name\":\"Converses a Catalunya\",\"description\":\"\",\"potentialAction\":[{\"@type\":\"SearchAction\",\"target\":{\"@type\":\"EntryPoint\",\"urlTemplate\":\"https:\/\/conversesacatalunya.cat\/?s={search_term_string}\"},\"query-input\":{\"@type\":\"PropertyValueSpecification\",\"valueRequired\":true,\"valueName\":\"search_term_string\"}}],\"inLanguage\":\"es\"},{\"@type\":\"Person\",\"@id\":\"https:\/\/conversesacatalunya.cat\/#\/schema\/person\/7e24d1e54a2785373ddcb275eae5ed99\",\"name\":\"conversesacatalunya\",\"image\":{\"@type\":\"ImageObject\",\"inLanguage\":\"es\",\"@id\":\"https:\/\/conversesacatalunya.cat\/#\/schema\/person\/image\/\",\"url\":\"https:\/\/conversesacatalunya.cat\/wp-content\/litespeed\/avatar\/febdfeeec89d950f01c748045a981dd2.jpg?ver=1777314535\",\"contentUrl\":\"https:\/\/conversesacatalunya.cat\/wp-content\/litespeed\/avatar\/febdfeeec89d950f01c748045a981dd2.jpg?ver=1777314535\",\"caption\":\"conversesacatalunya\"},\"url\":\"https:\/\/conversesacatalunya.cat\/es\/author\/carme_catala\/\"}]}<\/script>\n<!-- \/ Yoast SEO plugin. -->","yoast_head_json":{"title":"J\u00f3venes, suicidios y violencia: un fracaso colectivo - Converses a Catalunya","robots":{"index":"index","follow":"follow","max-snippet":"max-snippet:-1","max-image-preview":"max-image-preview:large","max-video-preview":"max-video-preview:-1"},"canonical":"https:\/\/conversesacatalunya.cat\/es\/jovenes-suicidios-y-violencia-un-fracaso-colectivo\/","og_locale":"es_ES","og_type":"article","og_title":"J\u00f3venes, suicidios y violencia: un fracaso colectivo - Converses a Catalunya","og_description":"Hay que decirlo de entrada: hablamos de j\u00f3venes, pero ni mucho menos de todos, sino de la existencia de tendencias dentro de su grupo, preocupantes por negativas, y que afectan a un grueso limitado de sus miembros. Por tanto, no es una caracterizaci\u00f3n de la juventud como tal, sino la\u00a0identificaci\u00f3n\u00a0 de comportamientos muy adversos que se dan en algunos de ellos. Uno de estos comportamientos es la\u00a0conducta suicida.\u00a0Seg\u00fan el INE, en 2020 se suicidaron 3.941 personas, de las cuales 300 eran j\u00f3venes.\u00a0Cada vez son m\u00e1s los adolescentes que expresan deseos de morir, lo comunican o hacen un intento de suicidio. En un estudio\u00a0Evaluaci\u00f3n de la conducta suicida en adolescentes: a prop\u00f3sito de la Escala Paykel del suicidio se puede decir que cerca de 18% de la muestra hab\u00eda pensado en quitarse la vida, considerando que muchos de estos no ten\u00edan ning\u00fan plan y era solo una idea que seguramente nunca van a llevar a cabo.\u00a0Pero el problema es evidente que est\u00e1 ah\u00ed y que expresa un hecho que s\u00ed debe llamar la atenci\u00f3n.\u00a0Es la existencia de la sensaci\u00f3n de frustraci\u00f3n o, m\u00e1s a\u00fan, de gran dolor entre una parte de la poblaci\u00f3n joven, cuyo consecuencia es estos pensamientos o conductas suicidas. Asimismo, los datos del INE reflejan que la\u00a0violencia en general y la violencia sexual crece entre la gente joven.\u00a0Se ha convertido en un episodio ya integrado en la normalidad, cuando no deber\u00eda ser as\u00ed, las peleas que se producen en las discotecas y sobre todo a la salida de \u00e9stas los viernes y fines de semana. Y tambi\u00e9n crece la violencia de los j\u00f3venes en relaci\u00f3n a las chicas.\u00a0La comparaci\u00f3n de 2020 con 2021 se\u00f1ala que all\u00ed donde ha crecido m\u00e1s es en los j\u00f3venes menores de 18 a\u00f1os y de 18 a 19, si bien cabe decir que el grueso de afectados es de los menos numerosos. Pero, atenci\u00f3n, porque en 2021, la violencia sexual y de agresi\u00f3n a la mujer por parte de j\u00f3venes menores de 18 a\u00f1os, con 661 casos, es significativamente mayor que la de los mayores de 60 a 64, que es de 447 casos. Y algo parecido ocurre entre los j\u00f3venes de 18 a 19 a\u00f1os (995 casos) y los de 55 a 59 a\u00f1os (872 casos), con el agravante de que estamos comparando el per\u00edodo de 1 a\u00f1o de edad en el caso de los j\u00f3venes, con 5 a\u00f1os en el caso de los mayores. Aqu\u00ed habr\u00eda un punto de reflexi\u00f3n porque todos estos j\u00f3venes y quienes les siguen en edad han sido educados en las\u00a0pol\u00edticas de g\u00e9nero\u00a0hasta momentos asfixiantes.\u00a0Mientras que a la gente de m\u00e1s de 50 a\u00f1os todo esto les ha cogido con una cultura y unos comportamientos muy solidificados por la edad y, por tanto, menos moldeables por la nueva ideolog\u00eda del estado y de la Generalitat. El grosor donde se concentran estas violencias en cantidad se sit\u00faa en la franja de 35 a 39, donde se produjeron m\u00e1s de 5.000 casos, seguido por el grupo de edad precedente de 30 a 34 a\u00f1os (4.671) y el subsiguiente de 40 a 44 a\u00f1os (4.516).\u00a0La gr\u00e1fica que describe el n\u00famero de delitos es muy clara, se inicia con fuerza desde los 18 a\u00f1os, va creciendo hasta llegar al m\u00e1ximo en el grupo de 35 a 39 y experimenta una radical disminuci\u00f3n a partir de los varones de 50 a\u00f1os, es es decir, los m\u00e1s alejados del adoctrinamiento de g\u00e9nero. Todo esto deber\u00eda hacer reflexionar y mucho a los gobiernos, a los partidos pol\u00edticos y a las instituciones de la sociedad porque lo que hacen es se\u00f1alar que las pol\u00edticas y culturas que hoy en d\u00eda mandan est\u00e1n creando un serio destrozo en la juventud.\u00a0Basta con ver los datos y su evoluci\u00f3n.","og_url":"https:\/\/conversesacatalunya.cat\/es\/jovenes-suicidios-y-violencia-un-fracaso-colectivo\/","og_site_name":"Converses a Catalunya","article_published_time":"2022-05-13T09:57:16+00:00","article_modified_time":"2022-05-13T10:03:10+00:00","og_image":[{"width":736,"height":414,"url":"https:\/\/conversesacatalunya.cat\/wp-content\/uploads\/2022\/05\/suicidio.jpg","type":"image\/jpeg"}],"author":"conversesacatalunya","twitter_card":"summary_large_image","twitter_misc":{"Escrito por":"conversesacatalunya","Tiempo de lectura":"3 minutos"},"schema":{"@context":"https:\/\/schema.org","@graph":[{"@type":"Article","@id":"https:\/\/conversesacatalunya.cat\/es\/jovenes-suicidios-y-violencia-un-fracaso-colectivo\/#article","isPartOf":{"@id":"https:\/\/conversesacatalunya.cat\/es\/jovenes-suicidios-y-violencia-un-fracaso-colectivo\/"},"author":{"name":"conversesacatalunya","@id":"https:\/\/conversesacatalunya.cat\/#\/schema\/person\/7e24d1e54a2785373ddcb275eae5ed99"},"headline":"J\u00f3venes, suicidios y violencia: un fracaso colectivo","datePublished":"2022-05-13T09:57:16+00:00","dateModified":"2022-05-13T10:03:10+00:00","mainEntityOfPage":{"@id":"https:\/\/conversesacatalunya.cat\/es\/jovenes-suicidios-y-violencia-un-fracaso-colectivo\/"},"wordCount":673,"commentCount":0,"image":{"@id":"https:\/\/conversesacatalunya.cat\/es\/jovenes-suicidios-y-violencia-un-fracaso-colectivo\/#primaryimage"},"thumbnailUrl":"https:\/\/conversesacatalunya.cat\/wp-content\/uploads\/2022\/05\/suicidio.jpg","keywords":["joventut","juventud","Su\u00efcidi","suicidios"],"articleSection":["Punts clau del dia (ES)"],"inLanguage":"es","potentialAction":[{"@type":"CommentAction","name":"Comment","target":["https:\/\/conversesacatalunya.cat\/es\/jovenes-suicidios-y-violencia-un-fracaso-colectivo\/#respond"]}]},{"@type":"WebPage","@id":"https:\/\/conversesacatalunya.cat\/es\/jovenes-suicidios-y-violencia-un-fracaso-colectivo\/","url":"https:\/\/conversesacatalunya.cat\/es\/jovenes-suicidios-y-violencia-un-fracaso-colectivo\/","name":"J\u00f3venes, suicidios y violencia: un fracaso colectivo - Converses a Catalunya","isPartOf":{"@id":"https:\/\/conversesacatalunya.cat\/#website"},"primaryImageOfPage":{"@id":"https:\/\/conversesacatalunya.cat\/es\/jovenes-suicidios-y-violencia-un-fracaso-colectivo\/#primaryimage"},"image":{"@id":"https:\/\/conversesacatalunya.cat\/es\/jovenes-suicidios-y-violencia-un-fracaso-colectivo\/#primaryimage"},"thumbnailUrl":"https:\/\/conversesacatalunya.cat\/wp-content\/uploads\/2022\/05\/suicidio.jpg","datePublished":"2022-05-13T09:57:16+00:00","dateModified":"2022-05-13T10:03:10+00:00","author":{"@id":"https:\/\/conversesacatalunya.cat\/#\/schema\/person\/7e24d1e54a2785373ddcb275eae5ed99"},"breadcrumb":{"@id":"https:\/\/conversesacatalunya.cat\/es\/jovenes-suicidios-y-violencia-un-fracaso-colectivo\/#breadcrumb"},"inLanguage":"es","potentialAction":[{"@type":"ReadAction","target":["https:\/\/conversesacatalunya.cat\/es\/jovenes-suicidios-y-violencia-un-fracaso-colectivo\/"]}]},{"@type":"ImageObject","inLanguage":"es","@id":"https:\/\/conversesacatalunya.cat\/es\/jovenes-suicidios-y-violencia-un-fracaso-colectivo\/#primaryimage","url":"https:\/\/conversesacatalunya.cat\/wp-content\/uploads\/2022\/05\/suicidio.jpg","contentUrl":"https:\/\/conversesacatalunya.cat\/wp-content\/uploads\/2022\/05\/suicidio.jpg","width":736,"height":414,"caption":"Su\u00efcidis joves"},{"@type":"BreadcrumbList","@id":"https:\/\/conversesacatalunya.cat\/es\/jovenes-suicidios-y-violencia-un-fracaso-colectivo\/#breadcrumb","itemListElement":[{"@type":"ListItem","position":1,"name":"Inici","item":"https:\/\/conversesacatalunya.cat\/es\/"},{"@type":"ListItem","position":2,"name":"J\u00f3venes, suicidios y violencia: un fracaso colectivo"}]},{"@type":"WebSite","@id":"https:\/\/conversesacatalunya.cat\/#website","url":"https:\/\/conversesacatalunya.cat\/","name":"Converses a Catalunya","description":"","potentialAction":[{"@type":"SearchAction","target":{"@type":"EntryPoint","urlTemplate":"https:\/\/conversesacatalunya.cat\/?s={search_term_string}"},"query-input":{"@type":"PropertyValueSpecification","valueRequired":true,"valueName":"search_term_string"}}],"inLanguage":"es"},{"@type":"Person","@id":"https:\/\/conversesacatalunya.cat\/#\/schema\/person\/7e24d1e54a2785373ddcb275eae5ed99","name":"conversesacatalunya","image":{"@type":"ImageObject","inLanguage":"es","@id":"https:\/\/conversesacatalunya.cat\/#\/schema\/person\/image\/","url":"https:\/\/conversesacatalunya.cat\/wp-content\/litespeed\/avatar\/febdfeeec89d950f01c748045a981dd2.jpg?ver=1777314535","contentUrl":"https:\/\/conversesacatalunya.cat\/wp-content\/litespeed\/avatar\/febdfeeec89d950f01c748045a981dd2.jpg?ver=1777314535","caption":"conversesacatalunya"},"url":"https:\/\/conversesacatalunya.cat\/es\/author\/carme_catala\/"}]}},"wps_subtitle":"","_links":{"self":[{"href":"https:\/\/conversesacatalunya.cat\/es\/wp-json\/wp\/v2\/posts\/57590","targetHints":{"allow":["GET"]}}],"collection":[{"href":"https:\/\/conversesacatalunya.cat\/es\/wp-json\/wp\/v2\/posts"}],"about":[{"href":"https:\/\/conversesacatalunya.cat\/es\/wp-json\/wp\/v2\/types\/post"}],"author":[{"embeddable":true,"href":"https:\/\/conversesacatalunya.cat\/es\/wp-json\/wp\/v2\/users\/2"}],"replies":[{"embeddable":true,"href":"https:\/\/conversesacatalunya.cat\/es\/wp-json\/wp\/v2\/comments?post=57590"}],"version-history":[{"count":2,"href":"https:\/\/conversesacatalunya.cat\/es\/wp-json\/wp\/v2\/posts\/57590\/revisions"}],"predecessor-version":[{"id":57592,"href":"https:\/\/conversesacatalunya.cat\/es\/wp-json\/wp\/v2\/posts\/57590\/revisions\/57592"}],"wp:featuredmedia":[{"embeddable":true,"href":"https:\/\/conversesacatalunya.cat\/es\/wp-json\/wp\/v2\/media\/57587"}],"wp:attachment":[{"href":"https:\/\/conversesacatalunya.cat\/es\/wp-json\/wp\/v2\/media?parent=57590"}],"wp:term":[{"taxonomy":"category","embeddable":true,"href":"https:\/\/conversesacatalunya.cat\/es\/wp-json\/wp\/v2\/categories?post=57590"},{"taxonomy":"post_tag","embeddable":true,"href":"https:\/\/conversesacatalunya.cat\/es\/wp-json\/wp\/v2\/tags?post=57590"}],"curies":[{"name":"wp","href":"https:\/\/api.w.org\/{rel}","templated":true}]}}